{"id":15481,"date":"2018-04-28T15:12:39","date_gmt":"2018-04-28T13:12:39","guid":{"rendered":"http:\/\/www.romaoggi.eu\/?p=15481"},"modified":"2018-04-28T15:29:29","modified_gmt":"2018-04-28T13:29:29","slug":"non-e-una-tragedia-teatro-delle-muse","status":"publish","type":"post","link":"https:\/\/www.romaoggi.eu\/index.php\/2018\/04\/28\/non-e-una-tragedia-teatro-delle-muse\/","title":{"rendered":"Ironica e travolgente-Non \u00e8 una tragedia- al Teatro delle Muse"},"content":{"rendered":"<p style=\"text-align: justify;\"><strong>Non \u00e8 una tragedia<\/strong> la travolgente commedia in scena al <a href=\"http:\/\/www.teatromuse.it\">Teatro delle Muse<\/a>, <strong>dal 26 aprile al 6 maggio 2018<\/strong>, testo e regia di <strong>Geppi di Stasio<\/strong>, con <strong>Wanda Pirol, Rino Santoro<\/strong> e <a href=\"https:\/\/www.romaoggi.eu\/index.php\/2017\/02\/19\/voi-non-siete-napoletani-teatro-delle-muse\/\"><strong>Geppi di Stasio<\/strong><\/a>, \u00e8 una ironica piec\u00e8 da non perdere per briosit\u00e0 e sano umorismo.<\/p>\n<figure id=\"attachment_15484\" aria-describedby=\"caption-attachment-15484\" style=\"width: 300px\" class=\"wp-caption alignleft\"><img loading=\"lazy\" decoding=\"async\" class=\"size-medium wp-image-15484\" src=\"https:\/\/www.romaoggi.eu\/wp-content\/uploads\/2018\/04\/31440073_1840123782686204_5877581007053389824_n-300x225.jpg\" alt=\"alt tag non \u00e8 una commedia\" width=\"300\" height=\"225\" srcset=\"https:\/\/www.romaoggi.eu\/wp-content\/uploads\/2018\/04\/31440073_1840123782686204_5877581007053389824_n-300x225.jpg 300w, https:\/\/www.romaoggi.eu\/wp-content\/uploads\/2018\/04\/31440073_1840123782686204_5877581007053389824_n-326x245.jpg 326w, https:\/\/www.romaoggi.eu\/wp-content\/uploads\/2018\/04\/31440073_1840123782686204_5877581007053389824_n-80x60.jpg 80w, https:\/\/www.romaoggi.eu\/wp-content\/uploads\/2018\/04\/31440073_1840123782686204_5877581007053389824_n.jpg 960w\" sizes=\"auto, (max-width: 300px) 100vw, 300px\" \/><figcaption id=\"caption-attachment-15484\" class=\"wp-caption-text\">Geppi di Stasio e Wanda Pirol<\/figcaption><\/figure>\n<p style=\"text-align: justify;\">Davvero\u00a0 bravissimi gli attori in scena, talmente bravi da far pensare al pubblico &#8220;<em>Meno male che sono venuto a teatro stasera e non sono rimasto a vedere la Tv<\/em>&#8220;. Sempre incantevole Wanda Pirol, che nel tempo conserva fascino e maestria, altro pilastro in scena l&#8217;intramontabile Rino Santoro ed infine il camaleontico e sempre pi\u00f9 bravo, Geppi di Stasio.<\/p>\n<p style=\"text-align: justify;\">Geppi che ha curato testo e regia \u00e8 il vero fulcro di questo spettacolo,\u00a0 in continua crescita e trasformazione, perfetto nei panni di personaggi sempre nuovi tutti perfettamente interpretati nel corso di questa stagione teatrale, come quest&#8217;ultimo in\u00a0<strong>Non \u00e8 una Tragedia<\/strong>, ovvero un cinquantenne in cerca di appuntamenti hard sul web, dal nickname\u00a0<strong>ATTILA 35<\/strong>, con un fallimento matrimoniale alle spalle e una figlia adolescente che non lo vuole vedere.<\/p>\n<p style=\"text-align: justify;\">Ironica e moderna <strong>Non \u00e8 una tragedia<\/strong>\u00a0\u00e8 una commedia napoletana fatta di doppisensi e di malintesi, per raccontare con un filo di tristezza il dolore del fallimento familiare e della insoddisfazione professionale degli uomini e donne del terzo millennio.<\/p>\n<p style=\"text-align: justify;\">Due ore di spettacolo davvero brillanti, una commedia non particolarmente fortunata come programmazione dal 26 aprile al 6 maggio 2018, visto che ci sono feste e ponti e che la capitale \u00e8 praticamente svuotata, ma sicuramente\u00a0 il teatro delle Muse con questo spettacolo si\u00a0 conferma un posto dove passare una serata esilarante, in compagnia di professionisti veri ed indiscussi del teatro italiano.<\/p>\n<p><img loading=\"lazy\" decoding=\"async\" class=\"aligncenter wp-image-15485 size-mh-magazine-content\" src=\"https:\/\/www.romaoggi.eu\/wp-content\/uploads\/2018\/04\/31417172_1840123402686242_4461297347715923968_n-678x381.jpg\" alt=\"alt tag tragedia\" width=\"678\" height=\"381\" \/><\/p>\n<p>Antonietta Di Vizia<\/p>\n","protected":false},"excerpt":{"rendered":"<div class=\"mh-excerpt\"><p>Non \u00e8 una tragedia la travolgente commedia in scena al Teatro delle Muse, dal 26 aprile al 6 maggio 2018, testo e regia di Geppi di Stasio, con Wanda Pirol, Rino Santoro e Geppi di <a class=\"mh-excerpt-more\" href=\"https:\/\/www.romaoggi.eu\/index.php\/2018\/04\/28\/non-e-una-tragedia-teatro-delle-muse\/\" title=\"Ironica e travolgente-Non \u00e8 una tragedia- al Teatro delle Muse\">[&#8230;]<\/a><\/p>\n<\/div>","protected":false},"author":3,"featured_media":15483,"comment_status":"open","ping_status":"open","sticky":false,"template":"","format":"standard","meta":{"_sitemap_exclude":false,"_sitemap_priority":"","_sitemap_frequency":"","footnotes":""},"categories":[4281],"tags":[566,752,746,85,741,4261,10288,745],"class_list":["post-15481","post","type-post","status-publish","format-standard","has-post-thumbnail","hentry","category-teatro","tag-commedia","tag-geppi-di-stasio","tag-rino-santoro","tag-teatro","tag-teatro-delle-muse","tag-tragedia","tag-umorismo","tag-wanda-pirol"],"yoast_head":"<!-- This site is optimized with the Yoast SEO plugin v27.5 - https:\/\/yoast.com\/product\/yoast-seo-wordpress\/ -->\n<title>Ironica e travolgente-Non \u00e8 una tragedia- al Teatro delle Muse<\/title>\n<meta name=\"description\" content=\"Non \u00e8 una tragedia- la travolgente commedia in scena al Teatro delle Muse, dal 26 aprile al 6 maggio 2018, testo e regia di Geppi di Stasio, con Wanda Pirol, Rino Santoro e Geppi di Stasio, \u00e8 una ironica piec\u00e8 da non perdere per briosit\u00e0 e sano umorismo.\" \/>\n<meta name=\"robots\" content=\"index, follow, max-snippet:-1, max-image-preview:large, max-video-preview:-1\" \/>\n<link rel=\"canonical\" href=\"https:\/\/www.romaoggi.eu\/index.php\/2018\/04\/28\/non-e-una-tragedia-teatro-delle-muse\/\" \/>\n<meta property=\"og:locale\" content=\"it_IT\" \/>\n<meta property=\"og:type\" content=\"article\" \/>\n<meta property=\"og:title\" content=\"Ironica e travolgente-Non \u00e8 una tragedia- al Teatro delle Muse\" \/>\n<meta property=\"og:description\" content=\"Non \u00e8 una tragedia- la travolgente commedia in scena al Teatro delle Muse, dal 26 aprile al 6 maggio 2018, testo e regia di Geppi di Stasio, con Wanda Pirol, Rino Santoro e Geppi di Stasio, \u00e8 una ironica piec\u00e8 da non perdere per briosit\u00e0 e sano umorismo.\" \/>\n<meta property=\"og:url\" content=\"https:\/\/www.romaoggi.eu\/index.php\/2018\/04\/28\/non-e-una-tragedia-teatro-delle-muse\/\" \/>\n<meta property=\"og:site_name\" content=\"roma oggi\" \/>\n<meta property=\"article:publisher\" content=\"https:\/\/www.facebook.com\/RomaOggi-841544845954114\" \/>\n<meta property=\"article:published_time\" content=\"2018-04-28T13:12:39+00:00\" \/>\n<meta property=\"article:modified_time\" content=\"2018-04-28T13:29:29+00:00\" \/>\n<meta property=\"og:image\" content=\"https:\/\/www.romaoggi.eu\/wp-content\/uploads\/2018\/04\/31416746_1840122949352954_1247682325836201984_n.jpg\" \/>\n\t<meta property=\"og:image:width\" content=\"960\" \/>\n\t<meta property=\"og:image:height\" content=\"720\" \/>\n\t<meta property=\"og:image:type\" content=\"image\/jpeg\" \/>\n<meta name=\"author\" content=\"Antonietta Di Vizia\" \/>\n<meta name=\"twitter:card\" content=\"summary_large_image\" \/>\n<meta name=\"twitter:creator\" content=\"@romaoggi_eu\" \/>\n<meta name=\"twitter:site\" content=\"@romaoggi_eu\" \/>\n<meta name=\"twitter:label1\" content=\"Scritto da\" \/>\n\t<meta name=\"twitter:data1\" content=\"Antonietta Di Vizia\" \/>\n\t<meta name=\"twitter:label2\" content=\"Tempo di lettura stimato\" \/>\n\t<meta name=\"twitter:data2\" content=\"1 minuto\" \/>\n<script type=\"application\/ld+json\" class=\"yoast-schema-graph\">{\"@context\":\"https:\\\/\\\/schema.org\",\"@graph\":[{\"@type\":\"Article\",\"@id\":\"https:\\\/\\\/www.romaoggi.eu\\\/index.php\\\/2018\\\/04\\\/28\\\/non-e-una-tragedia-teatro-delle-muse\\\/#article\",\"isPartOf\":{\"@id\":\"https:\\\/\\\/www.romaoggi.eu\\\/index.php\\\/2018\\\/04\\\/28\\\/non-e-una-tragedia-teatro-delle-muse\\\/\"},\"author\":{\"name\":\"Antonietta Di Vizia\",\"@id\":\"https:\\\/\\\/www.romaoggi.eu\\\/#\\\/schema\\\/person\\\/c8ca1fb64b5506391fff5f822a866c23\"},\"headline\":\"Ironica e travolgente-Non \u00e8 una tragedia- al Teatro delle Muse\",\"datePublished\":\"2018-04-28T13:12:39+00:00\",\"dateModified\":\"2018-04-28T13:29:29+00:00\",\"mainEntityOfPage\":{\"@id\":\"https:\\\/\\\/www.romaoggi.eu\\\/index.php\\\/2018\\\/04\\\/28\\\/non-e-una-tragedia-teatro-delle-muse\\\/\"},\"wordCount\":292,\"commentCount\":0,\"publisher\":{\"@id\":\"https:\\\/\\\/www.romaoggi.eu\\\/#organization\"},\"image\":{\"@id\":\"https:\\\/\\\/www.romaoggi.eu\\\/index.php\\\/2018\\\/04\\\/28\\\/non-e-una-tragedia-teatro-delle-muse\\\/#primaryimage\"},\"thumbnailUrl\":\"https:\\\/\\\/www.romaoggi.eu\\\/wp-content\\\/uploads\\\/2018\\\/04\\\/31416746_1840122949352954_1247682325836201984_n.jpg\",\"keywords\":[\"commedia\",\"geppi di stasio\",\"rino santoro\",\"teatro\",\"teatro delle muse\",\"Tragedia\",\"umorismo\",\"wanda pirol\"],\"articleSection\":[\"teatro\"],\"inLanguage\":\"it-IT\",\"potentialAction\":[{\"@type\":\"CommentAction\",\"name\":\"Comment\",\"target\":[\"https:\\\/\\\/www.romaoggi.eu\\\/index.php\\\/2018\\\/04\\\/28\\\/non-e-una-tragedia-teatro-delle-muse\\\/#respond\"]}]},{\"@type\":\"WebPage\",\"@id\":\"https:\\\/\\\/www.romaoggi.eu\\\/index.php\\\/2018\\\/04\\\/28\\\/non-e-una-tragedia-teatro-delle-muse\\\/\",\"url\":\"https:\\\/\\\/www.romaoggi.eu\\\/index.php\\\/2018\\\/04\\\/28\\\/non-e-una-tragedia-teatro-delle-muse\\\/\",\"name\":\"Ironica e travolgente-Non \u00e8 una tragedia- al Teatro delle Muse\",\"isPartOf\":{\"@id\":\"https:\\\/\\\/www.romaoggi.eu\\\/#website\"},\"primaryImageOfPage\":{\"@id\":\"https:\\\/\\\/www.romaoggi.eu\\\/index.php\\\/2018\\\/04\\\/28\\\/non-e-una-tragedia-teatro-delle-muse\\\/#primaryimage\"},\"image\":{\"@id\":\"https:\\\/\\\/www.romaoggi.eu\\\/index.php\\\/2018\\\/04\\\/28\\\/non-e-una-tragedia-teatro-delle-muse\\\/#primaryimage\"},\"thumbnailUrl\":\"https:\\\/\\\/www.romaoggi.eu\\\/wp-content\\\/uploads\\\/2018\\\/04\\\/31416746_1840122949352954_1247682325836201984_n.jpg\",\"datePublished\":\"2018-04-28T13:12:39+00:00\",\"dateModified\":\"2018-04-28T13:29:29+00:00\",\"description\":\"Non \u00e8 una tragedia- la travolgente commedia in scena al Teatro delle Muse, dal 26 aprile al 6 maggio 2018, testo e regia di Geppi di Stasio, con Wanda Pirol, Rino Santoro e Geppi di Stasio, \u00e8 una ironica piec\u00e8 da non perdere per briosit\u00e0 e sano umorismo.\",\"breadcrumb\":{\"@id\":\"https:\\\/\\\/www.romaoggi.eu\\\/index.php\\\/2018\\\/04\\\/28\\\/non-e-una-tragedia-teatro-delle-muse\\\/#breadcrumb\"},\"inLanguage\":\"it-IT\",\"potentialAction\":[{\"@type\":\"ReadAction\",\"target\":[\"https:\\\/\\\/www.romaoggi.eu\\\/index.php\\\/2018\\\/04\\\/28\\\/non-e-una-tragedia-teatro-delle-muse\\\/\"]}]},{\"@type\":\"ImageObject\",\"inLanguage\":\"it-IT\",\"@id\":\"https:\\\/\\\/www.romaoggi.eu\\\/index.php\\\/2018\\\/04\\\/28\\\/non-e-una-tragedia-teatro-delle-muse\\\/#primaryimage\",\"url\":\"https:\\\/\\\/www.romaoggi.eu\\\/wp-content\\\/uploads\\\/2018\\\/04\\\/31416746_1840122949352954_1247682325836201984_n.jpg\",\"contentUrl\":\"https:\\\/\\\/www.romaoggi.eu\\\/wp-content\\\/uploads\\\/2018\\\/04\\\/31416746_1840122949352954_1247682325836201984_n.jpg\",\"width\":960,\"height\":720,\"caption\":\"Geppi di Stasio, Wanda Pirol e Rino Santoro.\"},{\"@type\":\"BreadcrumbList\",\"@id\":\"https:\\\/\\\/www.romaoggi.eu\\\/index.php\\\/2018\\\/04\\\/28\\\/non-e-una-tragedia-teatro-delle-muse\\\/#breadcrumb\",\"itemListElement\":[{\"@type\":\"ListItem\",\"position\":1,\"name\":\"Home\",\"item\":\"https:\\\/\\\/www.romaoggi.eu\\\/\"},{\"@type\":\"ListItem\",\"position\":2,\"name\":\"Ironica e travolgente-Non \u00e8 una tragedia- al Teatro delle Muse\"}]},{\"@type\":\"WebSite\",\"@id\":\"https:\\\/\\\/www.romaoggi.eu\\\/#website\",\"url\":\"https:\\\/\\\/www.romaoggi.eu\\\/\",\"name\":\"roma oggi\",\"description\":\"Interesting News for Interesting people\",\"publisher\":{\"@id\":\"https:\\\/\\\/www.romaoggi.eu\\\/#organization\"},\"potentialAction\":[{\"@type\":\"SearchAction\",\"target\":{\"@type\":\"EntryPoint\",\"urlTemplate\":\"https:\\\/\\\/www.romaoggi.eu\\\/?s={search_term_string}\"},\"query-input\":{\"@type\":\"PropertyValueSpecification\",\"valueRequired\":true,\"valueName\":\"search_term_string\"}}],\"inLanguage\":\"it-IT\"},{\"@type\":\"Organization\",\"@id\":\"https:\\\/\\\/www.romaoggi.eu\\\/#organization\",\"name\":\"RomaOggi\",\"url\":\"https:\\\/\\\/www.romaoggi.eu\\\/\",\"logo\":{\"@type\":\"ImageObject\",\"inLanguage\":\"it-IT\",\"@id\":\"https:\\\/\\\/www.romaoggi.eu\\\/#\\\/schema\\\/logo\\\/image\\\/\",\"url\":\"https:\\\/\\\/www.romaoggi.eu\\\/wp-content\\\/uploads\\\/2017\\\/04\\\/logowp.jpg\",\"contentUrl\":\"https:\\\/\\\/www.romaoggi.eu\\\/wp-content\\\/uploads\\\/2017\\\/04\\\/logowp.jpg\",\"width\":300,\"height\":133,\"caption\":\"RomaOggi\"},\"image\":{\"@id\":\"https:\\\/\\\/www.romaoggi.eu\\\/#\\\/schema\\\/logo\\\/image\\\/\"},\"sameAs\":[\"https:\\\/\\\/www.facebook.com\\\/RomaOggi-841544845954114\",\"https:\\\/\\\/x.com\\\/romaoggi_eu\"]},{\"@type\":\"Person\",\"@id\":\"https:\\\/\\\/www.romaoggi.eu\\\/#\\\/schema\\\/person\\\/c8ca1fb64b5506391fff5f822a866c23\",\"name\":\"Antonietta Di Vizia\",\"image\":{\"@type\":\"ImageObject\",\"inLanguage\":\"it-IT\",\"@id\":\"https:\\\/\\\/secure.gravatar.com\\\/avatar\\\/2ad571aa3fbfe3089b06ed5617adf58717b9359c0c97cf9b52804fb2dac293f2?s=96&d=mm&r=g\",\"url\":\"https:\\\/\\\/secure.gravatar.com\\\/avatar\\\/2ad571aa3fbfe3089b06ed5617adf58717b9359c0c97cf9b52804fb2dac293f2?s=96&d=mm&r=g\",\"contentUrl\":\"https:\\\/\\\/secure.gravatar.com\\\/avatar\\\/2ad571aa3fbfe3089b06ed5617adf58717b9359c0c97cf9b52804fb2dac293f2?s=96&d=mm&r=g\",\"caption\":\"Antonietta Di Vizia\"},\"url\":\"https:\\\/\\\/www.romaoggi.eu\\\/index.php\\\/author\\\/antonietta\\\/\"}]}<\/script>\n<!-- \/ Yoast SEO plugin. -->","yoast_head_json":{"title":"Ironica e travolgente-Non \u00e8 una tragedia- al Teatro delle Muse","description":"Non \u00e8 una tragedia- la travolgente commedia in scena al Teatro delle Muse, dal 26 aprile al 6 maggio 2018, testo e regia di Geppi di Stasio, con Wanda Pirol, Rino Santoro e Geppi di Stasio, \u00e8 una ironica piec\u00e8 da non perdere per briosit\u00e0 e sano umorismo.","robots":{"index":"index","follow":"follow","max-snippet":"max-snippet:-1","max-image-preview":"max-image-preview:large","max-video-preview":"max-video-preview:-1"},"canonical":"https:\/\/www.romaoggi.eu\/index.php\/2018\/04\/28\/non-e-una-tragedia-teatro-delle-muse\/","og_locale":"it_IT","og_type":"article","og_title":"Ironica e travolgente-Non \u00e8 una tragedia- al Teatro delle Muse","og_description":"Non \u00e8 una tragedia- la travolgente commedia in scena al Teatro delle Muse, dal 26 aprile al 6 maggio 2018, testo e regia di Geppi di Stasio, con Wanda Pirol, Rino Santoro e Geppi di Stasio, \u00e8 una ironica piec\u00e8 da non perdere per briosit\u00e0 e sano umorismo.","og_url":"https:\/\/www.romaoggi.eu\/index.php\/2018\/04\/28\/non-e-una-tragedia-teatro-delle-muse\/","og_site_name":"roma oggi","article_publisher":"https:\/\/www.facebook.com\/RomaOggi-841544845954114","article_published_time":"2018-04-28T13:12:39+00:00","article_modified_time":"2018-04-28T13:29:29+00:00","og_image":[{"width":960,"height":720,"url":"https:\/\/www.romaoggi.eu\/wp-content\/uploads\/2018\/04\/31416746_1840122949352954_1247682325836201984_n.jpg","type":"image\/jpeg"}],"author":"Antonietta Di Vizia","twitter_card":"summary_large_image","twitter_creator":"@romaoggi_eu","twitter_site":"@romaoggi_eu","twitter_misc":{"Scritto da":"Antonietta Di Vizia","Tempo di lettura stimato":"1 minuto"},"schema":{"@context":"https:\/\/schema.org","@graph":[{"@type":"Article","@id":"https:\/\/www.romaoggi.eu\/index.php\/2018\/04\/28\/non-e-una-tragedia-teatro-delle-muse\/#article","isPartOf":{"@id":"https:\/\/www.romaoggi.eu\/index.php\/2018\/04\/28\/non-e-una-tragedia-teatro-delle-muse\/"},"author":{"name":"Antonietta Di Vizia","@id":"https:\/\/www.romaoggi.eu\/#\/schema\/person\/c8ca1fb64b5506391fff5f822a866c23"},"headline":"Ironica e travolgente-Non \u00e8 una tragedia- al Teatro delle Muse","datePublished":"2018-04-28T13:12:39+00:00","dateModified":"2018-04-28T13:29:29+00:00","mainEntityOfPage":{"@id":"https:\/\/www.romaoggi.eu\/index.php\/2018\/04\/28\/non-e-una-tragedia-teatro-delle-muse\/"},"wordCount":292,"commentCount":0,"publisher":{"@id":"https:\/\/www.romaoggi.eu\/#organization"},"image":{"@id":"https:\/\/www.romaoggi.eu\/index.php\/2018\/04\/28\/non-e-una-tragedia-teatro-delle-muse\/#primaryimage"},"thumbnailUrl":"https:\/\/www.romaoggi.eu\/wp-content\/uploads\/2018\/04\/31416746_1840122949352954_1247682325836201984_n.jpg","keywords":["commedia","geppi di stasio","rino santoro","teatro","teatro delle muse","Tragedia","umorismo","wanda pirol"],"articleSection":["teatro"],"inLanguage":"it-IT","potentialAction":[{"@type":"CommentAction","name":"Comment","target":["https:\/\/www.romaoggi.eu\/index.php\/2018\/04\/28\/non-e-una-tragedia-teatro-delle-muse\/#respond"]}]},{"@type":"WebPage","@id":"https:\/\/www.romaoggi.eu\/index.php\/2018\/04\/28\/non-e-una-tragedia-teatro-delle-muse\/","url":"https:\/\/www.romaoggi.eu\/index.php\/2018\/04\/28\/non-e-una-tragedia-teatro-delle-muse\/","name":"Ironica e travolgente-Non \u00e8 una tragedia- al Teatro delle Muse","isPartOf":{"@id":"https:\/\/www.romaoggi.eu\/#website"},"primaryImageOfPage":{"@id":"https:\/\/www.romaoggi.eu\/index.php\/2018\/04\/28\/non-e-una-tragedia-teatro-delle-muse\/#primaryimage"},"image":{"@id":"https:\/\/www.romaoggi.eu\/index.php\/2018\/04\/28\/non-e-una-tragedia-teatro-delle-muse\/#primaryimage"},"thumbnailUrl":"https:\/\/www.romaoggi.eu\/wp-content\/uploads\/2018\/04\/31416746_1840122949352954_1247682325836201984_n.jpg","datePublished":"2018-04-28T13:12:39+00:00","dateModified":"2018-04-28T13:29:29+00:00","description":"Non \u00e8 una tragedia- la travolgente commedia in scena al Teatro delle Muse, dal 26 aprile al 6 maggio 2018, testo e regia di Geppi di Stasio, con Wanda Pirol, Rino Santoro e Geppi di Stasio, \u00e8 una ironica piec\u00e8 da non perdere per briosit\u00e0 e sano umorismo.","breadcrumb":{"@id":"https:\/\/www.romaoggi.eu\/index.php\/2018\/04\/28\/non-e-una-tragedia-teatro-delle-muse\/#breadcrumb"},"inLanguage":"it-IT","potentialAction":[{"@type":"ReadAction","target":["https:\/\/www.romaoggi.eu\/index.php\/2018\/04\/28\/non-e-una-tragedia-teatro-delle-muse\/"]}]},{"@type":"ImageObject","inLanguage":"it-IT","@id":"https:\/\/www.romaoggi.eu\/index.php\/2018\/04\/28\/non-e-una-tragedia-teatro-delle-muse\/#primaryimage","url":"https:\/\/www.romaoggi.eu\/wp-content\/uploads\/2018\/04\/31416746_1840122949352954_1247682325836201984_n.jpg","contentUrl":"https:\/\/www.romaoggi.eu\/wp-content\/uploads\/2018\/04\/31416746_1840122949352954_1247682325836201984_n.jpg","width":960,"height":720,"caption":"Geppi di Stasio, Wanda Pirol e Rino Santoro."},{"@type":"BreadcrumbList","@id":"https:\/\/www.romaoggi.eu\/index.php\/2018\/04\/28\/non-e-una-tragedia-teatro-delle-muse\/#breadcrumb","itemListElement":[{"@type":"ListItem","position":1,"name":"Home","item":"https:\/\/www.romaoggi.eu\/"},{"@type":"ListItem","position":2,"name":"Ironica e travolgente-Non \u00e8 una tragedia- al Teatro delle Muse"}]},{"@type":"WebSite","@id":"https:\/\/www.romaoggi.eu\/#website","url":"https:\/\/www.romaoggi.eu\/","name":"roma oggi","description":"Interesting News for Interesting people","publisher":{"@id":"https:\/\/www.romaoggi.eu\/#organization"},"potentialAction":[{"@type":"SearchAction","target":{"@type":"EntryPoint","urlTemplate":"https:\/\/www.romaoggi.eu\/?s={search_term_string}"},"query-input":{"@type":"PropertyValueSpecification","valueRequired":true,"valueName":"search_term_string"}}],"inLanguage":"it-IT"},{"@type":"Organization","@id":"https:\/\/www.romaoggi.eu\/#organization","name":"RomaOggi","url":"https:\/\/www.romaoggi.eu\/","logo":{"@type":"ImageObject","inLanguage":"it-IT","@id":"https:\/\/www.romaoggi.eu\/#\/schema\/logo\/image\/","url":"https:\/\/www.romaoggi.eu\/wp-content\/uploads\/2017\/04\/logowp.jpg","contentUrl":"https:\/\/www.romaoggi.eu\/wp-content\/uploads\/2017\/04\/logowp.jpg","width":300,"height":133,"caption":"RomaOggi"},"image":{"@id":"https:\/\/www.romaoggi.eu\/#\/schema\/logo\/image\/"},"sameAs":["https:\/\/www.facebook.com\/RomaOggi-841544845954114","https:\/\/x.com\/romaoggi_eu"]},{"@type":"Person","@id":"https:\/\/www.romaoggi.eu\/#\/schema\/person\/c8ca1fb64b5506391fff5f822a866c23","name":"Antonietta Di Vizia","image":{"@type":"ImageObject","inLanguage":"it-IT","@id":"https:\/\/secure.gravatar.com\/avatar\/2ad571aa3fbfe3089b06ed5617adf58717b9359c0c97cf9b52804fb2dac293f2?s=96&d=mm&r=g","url":"https:\/\/secure.gravatar.com\/avatar\/2ad571aa3fbfe3089b06ed5617adf58717b9359c0c97cf9b52804fb2dac293f2?s=96&d=mm&r=g","contentUrl":"https:\/\/secure.gravatar.com\/avatar\/2ad571aa3fbfe3089b06ed5617adf58717b9359c0c97cf9b52804fb2dac293f2?s=96&d=mm&r=g","caption":"Antonietta Di Vizia"},"url":"https:\/\/www.romaoggi.eu\/index.php\/author\/antonietta\/"}]}},"_links":{"self":[{"href":"https:\/\/www.romaoggi.eu\/index.php\/wp-json\/wp\/v2\/posts\/15481","targetHints":{"allow":["GET"]}}],"collection":[{"href":"https:\/\/www.romaoggi.eu\/index.php\/wp-json\/wp\/v2\/posts"}],"about":[{"href":"https:\/\/www.romaoggi.eu\/index.php\/wp-json\/wp\/v2\/types\/post"}],"author":[{"embeddable":true,"href":"https:\/\/www.romaoggi.eu\/index.php\/wp-json\/wp\/v2\/users\/3"}],"replies":[{"embeddable":true,"href":"https:\/\/www.romaoggi.eu\/index.php\/wp-json\/wp\/v2\/comments?post=15481"}],"version-history":[{"count":8,"href":"https:\/\/www.romaoggi.eu\/index.php\/wp-json\/wp\/v2\/posts\/15481\/revisions"}],"predecessor-version":[{"id":15492,"href":"https:\/\/www.romaoggi.eu\/index.php\/wp-json\/wp\/v2\/posts\/15481\/revisions\/15492"}],"wp:featuredmedia":[{"embeddable":true,"href":"https:\/\/www.romaoggi.eu\/index.php\/wp-json\/wp\/v2\/media\/15483"}],"wp:attachment":[{"href":"https:\/\/www.romaoggi.eu\/index.php\/wp-json\/wp\/v2\/media?parent=15481"}],"wp:term":[{"taxonomy":"category","embeddable":true,"href":"https:\/\/www.romaoggi.eu\/index.php\/wp-json\/wp\/v2\/categories?post=15481"},{"taxonomy":"post_tag","embeddable":true,"href":"https:\/\/www.romaoggi.eu\/index.php\/wp-json\/wp\/v2\/tags?post=15481"}],"curies":[{"name":"wp","href":"https:\/\/api.w.org\/{rel}","templated":true}]}}