{"id":15787,"date":"2018-05-13T18:05:26","date_gmt":"2018-05-13T16:05:26","guid":{"rendered":"http:\/\/www.romaoggi.eu\/?p=15787"},"modified":"2018-05-13T18:05:26","modified_gmt":"2018-05-13T16:05:26","slug":"sei-sindaci","status":"publish","type":"post","link":"https:\/\/www.romaoggi.eu\/index.php\/2018\/05\/13\/sei-sindaci\/","title":{"rendered":"Sei sindaci a confronto  per la conquista del Palazzo Comunale di Aprilia."},"content":{"rendered":"<p style=\"text-align: justify;\">Sei sindaci a confronto. Ieri la prima uscita pubblica dei candidati scesi in campo per la conquista del Palazzo Comunale di Aprilia con le elezioni amministrative del 10 giugno.\u00a0 Il dibattito si \u00e8 svolto presso il <a href=\"http:\/\/www.teatroeuropadiaprilia.com\/\">Teatro Europa<\/a>, si \u00e8 articolato su tre domande : priorit\u00e0 del programma elettorale; formazione della giunta ( caso mai vincessero) e la prima cosa che ciascuno di loro farebbe in caso di vittoria. Moderati dal direttore del Giornale del Lazio Bruno Iorillo, i sei sindaci aspiranti : Antonio Terra, sindaco uscente, Domenico Vulcano per il centro destra, Giorgio Giusfredi per il centro sinistra, Carmen Porcelli con 4 liste civiche, Angelo Casciano con la lista della Democrazia Cristiana, e Roberto D&#8217;Agostini con Potere al Popolo,\u00a0 hanno risposto in maniera pi\u00f9 o meno esaustiva,\u00a0 avendo a disposizione solo 3 minuti ciascuno.\u00a0 Sei sindaci, sei modalit\u00e0 differenti ma tutti con lo stesso denominatore comune; aspirare al governo di una citt\u00e0 che dovrebbe risorgere dalle sue ceneri, esattamente come un Araba fenice. Pochi di loro sono entrati nel dettaglio del proprio programma, tuttavia interessanti i propositi e serie le intenzioni per quella che si presenta un&#8217;agguerrita campagna elettorale.\u00a0 Una platea non troppo numerosa, \u00e8 stato il neo dell&#8217;iniziativa, si auspicava ad un interessamento molto pi\u00f9 importante considerando che tra poco meno di un mese, la collettivit\u00e0 \u00e8 chiamata a scegliere il primo Cittadino, e tra questi sei candidati, alcuni sono volti nuovi che sicuramente varrebbe la pena conoscere.<\/p>\n<p><a href=\"https:\/\/www.romaoggi.eu\/index.php\/2018\/05\/09\/il-16-maggio\/\">lorella iaci<\/a><\/p>\n","protected":false},"excerpt":{"rendered":"<div class=\"mh-excerpt\"><p>Sei sindaci a confronto. Ieri la prima uscita pubblica dei candidati scesi in campo per la conquista del Palazzo Comunale di Aprilia con le elezioni amministrative del 10 giugno.\u00a0 Il dibattito si \u00e8 svolto presso <a class=\"mh-excerpt-more\" href=\"https:\/\/www.romaoggi.eu\/index.php\/2018\/05\/13\/sei-sindaci\/\" title=\"Sei sindaci a confronto  per la conquista del Palazzo Comunale di Aprilia.\">[&#8230;]<\/a><\/p>\n<\/div>","protected":false},"author":8,"featured_media":15791,"comment_status":"open","ping_status":"open","sticky":false,"template":"","format":"standard","meta":{"_sitemap_exclude":false,"_sitemap_priority":"","_sitemap_frequency":"","footnotes":""},"categories":[5273,1],"tags":[5378,10399,10180,2336,10398,10349,9640],"class_list":["post-15787","post","type-post","status-publish","format-standard","has-post-thumbnail","hentry","category-oltre-roma","category-senza-categoria","tag-aprilia","tag-araba-fenice","tag-candidato-a-sindaco","tag-elezioni-amministrative","tag-primo-cittadino","tag-programma-elettorale","tag-teatro-europa-di-aprilia"],"yoast_head":"<!-- This site is optimized with the Yoast SEO plugin v27.5 - https:\/\/yoast.com\/product\/yoast-seo-wordpress\/ -->\n<title>Sei sindaci a confronto per la conquista del Palazzo Comunale di Aprilia.<\/title>\n<meta name=\"description\" content=\"Sei sindaci a confronto, ieri la prima uscita pubblica dei candidati scesi in campo per la conquista del Palazzo Comunale di Aprilia.\" \/>\n<meta name=\"robots\" content=\"index, follow, max-snippet:-1, max-image-preview:large, max-video-preview:-1\" \/>\n<link rel=\"canonical\" href=\"https:\/\/www.romaoggi.eu\/index.php\/2018\/05\/13\/sei-sindaci\/\" \/>\n<meta property=\"og:locale\" content=\"it_IT\" \/>\n<meta property=\"og:type\" content=\"article\" \/>\n<meta property=\"og:title\" content=\"Sei sindaci a confronto per la conquista del Palazzo Comunale di Aprilia.\" \/>\n<meta property=\"og:description\" content=\"Sei sindaci a confronto, ieri la prima uscita pubblica dei candidati scesi in campo per la conquista del Palazzo Comunale di Aprilia.\" \/>\n<meta property=\"og:url\" content=\"https:\/\/www.romaoggi.eu\/index.php\/2018\/05\/13\/sei-sindaci\/\" \/>\n<meta property=\"og:site_name\" content=\"roma oggi\" \/>\n<meta property=\"article:publisher\" content=\"https:\/\/www.facebook.com\/RomaOggi-841544845954114\" \/>\n<meta property=\"article:published_time\" content=\"2018-05-13T16:05:26+00:00\" \/>\n<meta property=\"og:image\" content=\"https:\/\/www.romaoggi.eu\/wp-content\/uploads\/2018\/05\/dibattito.jpg\" \/>\n\t<meta property=\"og:image:width\" content=\"960\" \/>\n\t<meta property=\"og:image:height\" content=\"720\" \/>\n\t<meta property=\"og:image:type\" content=\"image\/jpeg\" \/>\n<meta name=\"author\" content=\"Lorella Iaci\" \/>\n<meta name=\"twitter:card\" content=\"summary_large_image\" \/>\n<meta name=\"twitter:creator\" content=\"@romaoggi_eu\" \/>\n<meta name=\"twitter:site\" content=\"@romaoggi_eu\" \/>\n<meta name=\"twitter:label1\" content=\"Scritto da\" \/>\n\t<meta name=\"twitter:data1\" content=\"Lorella Iaci\" \/>\n\t<meta name=\"twitter:label2\" content=\"Tempo di lettura stimato\" \/>\n\t<meta name=\"twitter:data2\" content=\"1 minuto\" \/>\n<script type=\"application\/ld+json\" class=\"yoast-schema-graph\">{\"@context\":\"https:\\\/\\\/schema.org\",\"@graph\":[{\"@type\":\"Article\",\"@id\":\"https:\\\/\\\/www.romaoggi.eu\\\/index.php\\\/2018\\\/05\\\/13\\\/sei-sindaci\\\/#article\",\"isPartOf\":{\"@id\":\"https:\\\/\\\/www.romaoggi.eu\\\/index.php\\\/2018\\\/05\\\/13\\\/sei-sindaci\\\/\"},\"author\":{\"name\":\"Lorella Iaci\",\"@id\":\"https:\\\/\\\/www.romaoggi.eu\\\/#\\\/schema\\\/person\\\/ad7b70148e60a0d338e73d0565829be4\"},\"headline\":\"Sei sindaci a confronto per la conquista del Palazzo Comunale di Aprilia.\",\"datePublished\":\"2018-05-13T16:05:26+00:00\",\"mainEntityOfPage\":{\"@id\":\"https:\\\/\\\/www.romaoggi.eu\\\/index.php\\\/2018\\\/05\\\/13\\\/sei-sindaci\\\/\"},\"wordCount\":247,\"commentCount\":0,\"publisher\":{\"@id\":\"https:\\\/\\\/www.romaoggi.eu\\\/#organization\"},\"image\":{\"@id\":\"https:\\\/\\\/www.romaoggi.eu\\\/index.php\\\/2018\\\/05\\\/13\\\/sei-sindaci\\\/#primaryimage\"},\"thumbnailUrl\":\"https:\\\/\\\/www.romaoggi.eu\\\/wp-content\\\/uploads\\\/2018\\\/05\\\/dibattito.jpg\",\"keywords\":[\"Aprilia\",\"araba fenice\",\"candidato a sindaco\",\"Elezioni Amministrative\",\"primo cittadino\",\"programma elettorale\",\"Teatro Europa di Aprilia\"],\"articleSection\":[\"oltre Roma\"],\"inLanguage\":\"it-IT\",\"potentialAction\":[{\"@type\":\"CommentAction\",\"name\":\"Comment\",\"target\":[\"https:\\\/\\\/www.romaoggi.eu\\\/index.php\\\/2018\\\/05\\\/13\\\/sei-sindaci\\\/#respond\"]}]},{\"@type\":\"WebPage\",\"@id\":\"https:\\\/\\\/www.romaoggi.eu\\\/index.php\\\/2018\\\/05\\\/13\\\/sei-sindaci\\\/\",\"url\":\"https:\\\/\\\/www.romaoggi.eu\\\/index.php\\\/2018\\\/05\\\/13\\\/sei-sindaci\\\/\",\"name\":\"Sei sindaci a confronto per la conquista del Palazzo Comunale di Aprilia.\",\"isPartOf\":{\"@id\":\"https:\\\/\\\/www.romaoggi.eu\\\/#website\"},\"primaryImageOfPage\":{\"@id\":\"https:\\\/\\\/www.romaoggi.eu\\\/index.php\\\/2018\\\/05\\\/13\\\/sei-sindaci\\\/#primaryimage\"},\"image\":{\"@id\":\"https:\\\/\\\/www.romaoggi.eu\\\/index.php\\\/2018\\\/05\\\/13\\\/sei-sindaci\\\/#primaryimage\"},\"thumbnailUrl\":\"https:\\\/\\\/www.romaoggi.eu\\\/wp-content\\\/uploads\\\/2018\\\/05\\\/dibattito.jpg\",\"datePublished\":\"2018-05-13T16:05:26+00:00\",\"description\":\"Sei sindaci a confronto, ieri la prima uscita pubblica dei candidati scesi in campo per la conquista del Palazzo Comunale di Aprilia.\",\"breadcrumb\":{\"@id\":\"https:\\\/\\\/www.romaoggi.eu\\\/index.php\\\/2018\\\/05\\\/13\\\/sei-sindaci\\\/#breadcrumb\"},\"inLanguage\":\"it-IT\",\"potentialAction\":[{\"@type\":\"ReadAction\",\"target\":[\"https:\\\/\\\/www.romaoggi.eu\\\/index.php\\\/2018\\\/05\\\/13\\\/sei-sindaci\\\/\"]}]},{\"@type\":\"ImageObject\",\"inLanguage\":\"it-IT\",\"@id\":\"https:\\\/\\\/www.romaoggi.eu\\\/index.php\\\/2018\\\/05\\\/13\\\/sei-sindaci\\\/#primaryimage\",\"url\":\"https:\\\/\\\/www.romaoggi.eu\\\/wp-content\\\/uploads\\\/2018\\\/05\\\/dibattito.jpg\",\"contentUrl\":\"https:\\\/\\\/www.romaoggi.eu\\\/wp-content\\\/uploads\\\/2018\\\/05\\\/dibattito.jpg\",\"width\":960,\"height\":720,\"caption\":\"alt tag sei sindaci\"},{\"@type\":\"BreadcrumbList\",\"@id\":\"https:\\\/\\\/www.romaoggi.eu\\\/index.php\\\/2018\\\/05\\\/13\\\/sei-sindaci\\\/#breadcrumb\",\"itemListElement\":[{\"@type\":\"ListItem\",\"position\":1,\"name\":\"Home\",\"item\":\"https:\\\/\\\/www.romaoggi.eu\\\/\"},{\"@type\":\"ListItem\",\"position\":2,\"name\":\"Sei sindaci a confronto per la conquista del Palazzo Comunale di Aprilia.\"}]},{\"@type\":\"WebSite\",\"@id\":\"https:\\\/\\\/www.romaoggi.eu\\\/#website\",\"url\":\"https:\\\/\\\/www.romaoggi.eu\\\/\",\"name\":\"roma oggi\",\"description\":\"Interesting News for Interesting people\",\"publisher\":{\"@id\":\"https:\\\/\\\/www.romaoggi.eu\\\/#organization\"},\"potentialAction\":[{\"@type\":\"SearchAction\",\"target\":{\"@type\":\"EntryPoint\",\"urlTemplate\":\"https:\\\/\\\/www.romaoggi.eu\\\/?s={search_term_string}\"},\"query-input\":{\"@type\":\"PropertyValueSpecification\",\"valueRequired\":true,\"valueName\":\"search_term_string\"}}],\"inLanguage\":\"it-IT\"},{\"@type\":\"Organization\",\"@id\":\"https:\\\/\\\/www.romaoggi.eu\\\/#organization\",\"name\":\"RomaOggi\",\"url\":\"https:\\\/\\\/www.romaoggi.eu\\\/\",\"logo\":{\"@type\":\"ImageObject\",\"inLanguage\":\"it-IT\",\"@id\":\"https:\\\/\\\/www.romaoggi.eu\\\/#\\\/schema\\\/logo\\\/image\\\/\",\"url\":\"https:\\\/\\\/www.romaoggi.eu\\\/wp-content\\\/uploads\\\/2017\\\/04\\\/logowp.jpg\",\"contentUrl\":\"https:\\\/\\\/www.romaoggi.eu\\\/wp-content\\\/uploads\\\/2017\\\/04\\\/logowp.jpg\",\"width\":300,\"height\":133,\"caption\":\"RomaOggi\"},\"image\":{\"@id\":\"https:\\\/\\\/www.romaoggi.eu\\\/#\\\/schema\\\/logo\\\/image\\\/\"},\"sameAs\":[\"https:\\\/\\\/www.facebook.com\\\/RomaOggi-841544845954114\",\"https:\\\/\\\/x.com\\\/romaoggi_eu\"]},{\"@type\":\"Person\",\"@id\":\"https:\\\/\\\/www.romaoggi.eu\\\/#\\\/schema\\\/person\\\/ad7b70148e60a0d338e73d0565829be4\",\"name\":\"Lorella Iaci\",\"image\":{\"@type\":\"ImageObject\",\"inLanguage\":\"it-IT\",\"@id\":\"https:\\\/\\\/secure.gravatar.com\\\/avatar\\\/2e8016efed3d5fbee04daf254a3494924254701903584f9c0cb2504f0cdc20eb?s=96&d=mm&r=g\",\"url\":\"https:\\\/\\\/secure.gravatar.com\\\/avatar\\\/2e8016efed3d5fbee04daf254a3494924254701903584f9c0cb2504f0cdc20eb?s=96&d=mm&r=g\",\"contentUrl\":\"https:\\\/\\\/secure.gravatar.com\\\/avatar\\\/2e8016efed3d5fbee04daf254a3494924254701903584f9c0cb2504f0cdc20eb?s=96&d=mm&r=g\",\"caption\":\"Lorella Iaci\"},\"url\":\"https:\\\/\\\/www.romaoggi.eu\\\/index.php\\\/author\\\/lorella\\\/\"}]}<\/script>\n<!-- \/ Yoast SEO plugin. -->","yoast_head_json":{"title":"Sei sindaci a confronto per la conquista del Palazzo Comunale di Aprilia.","description":"Sei sindaci a confronto, ieri la prima uscita pubblica dei candidati scesi in campo per la conquista del Palazzo Comunale di Aprilia.","robots":{"index":"index","follow":"follow","max-snippet":"max-snippet:-1","max-image-preview":"max-image-preview:large","max-video-preview":"max-video-preview:-1"},"canonical":"https:\/\/www.romaoggi.eu\/index.php\/2018\/05\/13\/sei-sindaci\/","og_locale":"it_IT","og_type":"article","og_title":"Sei sindaci a confronto per la conquista del Palazzo Comunale di Aprilia.","og_description":"Sei sindaci a confronto, ieri la prima uscita pubblica dei candidati scesi in campo per la conquista del Palazzo Comunale di Aprilia.","og_url":"https:\/\/www.romaoggi.eu\/index.php\/2018\/05\/13\/sei-sindaci\/","og_site_name":"roma oggi","article_publisher":"https:\/\/www.facebook.com\/RomaOggi-841544845954114","article_published_time":"2018-05-13T16:05:26+00:00","og_image":[{"width":960,"height":720,"url":"https:\/\/www.romaoggi.eu\/wp-content\/uploads\/2018\/05\/dibattito.jpg","type":"image\/jpeg"}],"author":"Lorella Iaci","twitter_card":"summary_large_image","twitter_creator":"@romaoggi_eu","twitter_site":"@romaoggi_eu","twitter_misc":{"Scritto da":"Lorella Iaci","Tempo di lettura stimato":"1 minuto"},"schema":{"@context":"https:\/\/schema.org","@graph":[{"@type":"Article","@id":"https:\/\/www.romaoggi.eu\/index.php\/2018\/05\/13\/sei-sindaci\/#article","isPartOf":{"@id":"https:\/\/www.romaoggi.eu\/index.php\/2018\/05\/13\/sei-sindaci\/"},"author":{"name":"Lorella Iaci","@id":"https:\/\/www.romaoggi.eu\/#\/schema\/person\/ad7b70148e60a0d338e73d0565829be4"},"headline":"Sei sindaci a confronto per la conquista del Palazzo Comunale di Aprilia.","datePublished":"2018-05-13T16:05:26+00:00","mainEntityOfPage":{"@id":"https:\/\/www.romaoggi.eu\/index.php\/2018\/05\/13\/sei-sindaci\/"},"wordCount":247,"commentCount":0,"publisher":{"@id":"https:\/\/www.romaoggi.eu\/#organization"},"image":{"@id":"https:\/\/www.romaoggi.eu\/index.php\/2018\/05\/13\/sei-sindaci\/#primaryimage"},"thumbnailUrl":"https:\/\/www.romaoggi.eu\/wp-content\/uploads\/2018\/05\/dibattito.jpg","keywords":["Aprilia","araba fenice","candidato a sindaco","Elezioni Amministrative","primo cittadino","programma elettorale","Teatro Europa di Aprilia"],"articleSection":["oltre Roma"],"inLanguage":"it-IT","potentialAction":[{"@type":"CommentAction","name":"Comment","target":["https:\/\/www.romaoggi.eu\/index.php\/2018\/05\/13\/sei-sindaci\/#respond"]}]},{"@type":"WebPage","@id":"https:\/\/www.romaoggi.eu\/index.php\/2018\/05\/13\/sei-sindaci\/","url":"https:\/\/www.romaoggi.eu\/index.php\/2018\/05\/13\/sei-sindaci\/","name":"Sei sindaci a confronto per la conquista del Palazzo Comunale di Aprilia.","isPartOf":{"@id":"https:\/\/www.romaoggi.eu\/#website"},"primaryImageOfPage":{"@id":"https:\/\/www.romaoggi.eu\/index.php\/2018\/05\/13\/sei-sindaci\/#primaryimage"},"image":{"@id":"https:\/\/www.romaoggi.eu\/index.php\/2018\/05\/13\/sei-sindaci\/#primaryimage"},"thumbnailUrl":"https:\/\/www.romaoggi.eu\/wp-content\/uploads\/2018\/05\/dibattito.jpg","datePublished":"2018-05-13T16:05:26+00:00","description":"Sei sindaci a confronto, ieri la prima uscita pubblica dei candidati scesi in campo per la conquista del Palazzo Comunale di Aprilia.","breadcrumb":{"@id":"https:\/\/www.romaoggi.eu\/index.php\/2018\/05\/13\/sei-sindaci\/#breadcrumb"},"inLanguage":"it-IT","potentialAction":[{"@type":"ReadAction","target":["https:\/\/www.romaoggi.eu\/index.php\/2018\/05\/13\/sei-sindaci\/"]}]},{"@type":"ImageObject","inLanguage":"it-IT","@id":"https:\/\/www.romaoggi.eu\/index.php\/2018\/05\/13\/sei-sindaci\/#primaryimage","url":"https:\/\/www.romaoggi.eu\/wp-content\/uploads\/2018\/05\/dibattito.jpg","contentUrl":"https:\/\/www.romaoggi.eu\/wp-content\/uploads\/2018\/05\/dibattito.jpg","width":960,"height":720,"caption":"alt tag sei sindaci"},{"@type":"BreadcrumbList","@id":"https:\/\/www.romaoggi.eu\/index.php\/2018\/05\/13\/sei-sindaci\/#breadcrumb","itemListElement":[{"@type":"ListItem","position":1,"name":"Home","item":"https:\/\/www.romaoggi.eu\/"},{"@type":"ListItem","position":2,"name":"Sei sindaci a confronto per la conquista del Palazzo Comunale di Aprilia."}]},{"@type":"WebSite","@id":"https:\/\/www.romaoggi.eu\/#website","url":"https:\/\/www.romaoggi.eu\/","name":"roma oggi","description":"Interesting News for Interesting people","publisher":{"@id":"https:\/\/www.romaoggi.eu\/#organization"},"potentialAction":[{"@type":"SearchAction","target":{"@type":"EntryPoint","urlTemplate":"https:\/\/www.romaoggi.eu\/?s={search_term_string}"},"query-input":{"@type":"PropertyValueSpecification","valueRequired":true,"valueName":"search_term_string"}}],"inLanguage":"it-IT"},{"@type":"Organization","@id":"https:\/\/www.romaoggi.eu\/#organization","name":"RomaOggi","url":"https:\/\/www.romaoggi.eu\/","logo":{"@type":"ImageObject","inLanguage":"it-IT","@id":"https:\/\/www.romaoggi.eu\/#\/schema\/logo\/image\/","url":"https:\/\/www.romaoggi.eu\/wp-content\/uploads\/2017\/04\/logowp.jpg","contentUrl":"https:\/\/www.romaoggi.eu\/wp-content\/uploads\/2017\/04\/logowp.jpg","width":300,"height":133,"caption":"RomaOggi"},"image":{"@id":"https:\/\/www.romaoggi.eu\/#\/schema\/logo\/image\/"},"sameAs":["https:\/\/www.facebook.com\/RomaOggi-841544845954114","https:\/\/x.com\/romaoggi_eu"]},{"@type":"Person","@id":"https:\/\/www.romaoggi.eu\/#\/schema\/person\/ad7b70148e60a0d338e73d0565829be4","name":"Lorella Iaci","image":{"@type":"ImageObject","inLanguage":"it-IT","@id":"https:\/\/secure.gravatar.com\/avatar\/2e8016efed3d5fbee04daf254a3494924254701903584f9c0cb2504f0cdc20eb?s=96&d=mm&r=g","url":"https:\/\/secure.gravatar.com\/avatar\/2e8016efed3d5fbee04daf254a3494924254701903584f9c0cb2504f0cdc20eb?s=96&d=mm&r=g","contentUrl":"https:\/\/secure.gravatar.com\/avatar\/2e8016efed3d5fbee04daf254a3494924254701903584f9c0cb2504f0cdc20eb?s=96&d=mm&r=g","caption":"Lorella Iaci"},"url":"https:\/\/www.romaoggi.eu\/index.php\/author\/lorella\/"}]}},"_links":{"self":[{"href":"https:\/\/www.romaoggi.eu\/index.php\/wp-json\/wp\/v2\/posts\/15787","targetHints":{"allow":["GET"]}}],"collection":[{"href":"https:\/\/www.romaoggi.eu\/index.php\/wp-json\/wp\/v2\/posts"}],"about":[{"href":"https:\/\/www.romaoggi.eu\/index.php\/wp-json\/wp\/v2\/types\/post"}],"author":[{"embeddable":true,"href":"https:\/\/www.romaoggi.eu\/index.php\/wp-json\/wp\/v2\/users\/8"}],"replies":[{"embeddable":true,"href":"https:\/\/www.romaoggi.eu\/index.php\/wp-json\/wp\/v2\/comments?post=15787"}],"version-history":[{"count":7,"href":"https:\/\/www.romaoggi.eu\/index.php\/wp-json\/wp\/v2\/posts\/15787\/revisions"}],"predecessor-version":[{"id":15796,"href":"https:\/\/www.romaoggi.eu\/index.php\/wp-json\/wp\/v2\/posts\/15787\/revisions\/15796"}],"wp:featuredmedia":[{"embeddable":true,"href":"https:\/\/www.romaoggi.eu\/index.php\/wp-json\/wp\/v2\/media\/15791"}],"wp:attachment":[{"href":"https:\/\/www.romaoggi.eu\/index.php\/wp-json\/wp\/v2\/media?parent=15787"}],"wp:term":[{"taxonomy":"category","embeddable":true,"href":"https:\/\/www.romaoggi.eu\/index.php\/wp-json\/wp\/v2\/categories?post=15787"},{"taxonomy":"post_tag","embeddable":true,"href":"https:\/\/www.romaoggi.eu\/index.php\/wp-json\/wp\/v2\/tags?post=15787"}],"curies":[{"name":"wp","href":"https:\/\/api.w.org\/{rel}","templated":true}]}}