{"id":15859,"date":"2018-05-18T07:20:03","date_gmt":"2018-05-18T05:20:03","guid":{"rendered":"http:\/\/www.romaoggi.eu\/?p=15859"},"modified":"2018-05-18T07:50:23","modified_gmt":"2018-05-18T05:50:23","slug":"15859","status":"publish","type":"post","link":"https:\/\/www.romaoggi.eu\/index.php\/2018\/05\/18\/15859\/","title":{"rendered":"L&#8217;oblio della follia non abbandona il Santa Maria della Piet\u00e0"},"content":{"rendered":"<p class=\"p1\"><span class=\"s1\">Venerd\u00ec 18 maggio 2018. Foto scattata all&#8217;interno del parco Santa Maria della Piet\u00e0 ossia l&#8217;Ex manicomio provinciale che si trova a Monte Mario.<\/span><\/p>\n<p class=\"p1\"><span class=\"s1\">Questo \u00e8 uno dei locali-magazzino attualmente usato come discarica per vecchia documentazione.<\/span><\/p>\n<p class=\"p1\"><span class=\"s1\">dalla nostra lettrice Angela Petruccioli<\/span><\/p>\n<p><img loading=\"lazy\" decoding=\"async\" class=\"alignnone wp-image-15860\" src=\"https:\/\/www.romaoggi.eu\/wp-content\/uploads\/2018\/05\/Photo006-angela-petruccioli-17-maggio-2015-marchio-low-300x202.jpg\" alt=\"\" width=\"652\" height=\"439\" srcset=\"https:\/\/www.romaoggi.eu\/wp-content\/uploads\/2018\/05\/Photo006-angela-petruccioli-17-maggio-2015-marchio-low-300x202.jpg 300w, https:\/\/www.romaoggi.eu\/wp-content\/uploads\/2018\/05\/Photo006-angela-petruccioli-17-maggio-2015-marchio-low.jpg 695w\" sizes=\"auto, (max-width: 652px) 100vw, 652px\" \/><\/p>\n<p class=\"p1\"><span class=\"s1\">Foto del giorno. La rubrica su\u00a0<a href=\"https:\/\/www.romaoggi.eu\/\"><span class=\"s2\">www.Romaoggi.eu<\/span><\/a>\u00a0a cura del fotoreporter\u00a0 Alessandro Lisci. Invia la tua foto del giorno ad alessandrolisci@yahoo.it con un titolo ed un breve testo. Infoline 3316379346<\/span><\/p>\n<p>&nbsp;<\/p>\n<p>&nbsp;<\/p>\n","protected":false},"excerpt":{"rendered":"<div class=\"mh-excerpt\"><p>Venerd\u00ec 18 maggio 2018. Foto scattata all&#8217;interno del parco Santa Maria della Piet\u00e0 ossia l&#8217;Ex manicomio provinciale che si trova a Monte Mario. Questo \u00e8 uno dei locali-magazzino attualmente usato come discarica per vecchia documentazione. <a class=\"mh-excerpt-more\" href=\"https:\/\/www.romaoggi.eu\/index.php\/2018\/05\/18\/15859\/\" title=\"L&#8217;oblio della follia non abbandona il Santa Maria della Piet\u00e0\">[&#8230;]<\/a><\/p>\n<\/div>","protected":false},"author":10,"featured_media":15860,"comment_status":"open","ping_status":"open","sticky":false,"template":"","format":"standard","meta":{"_sitemap_exclude":false,"_sitemap_priority":"","_sitemap_frequency":"","footnotes":""},"categories":[8934],"tags":[6418,10434,4137,10431,10435,10433,10486,10420,10485,8061,109,1738,10432,10394],"class_list":["post-15859","post","type-post","status-publish","format-standard","has-post-thumbnail","hentry","category-lafotodelgiorno","tag-6418","tag-abbandono","tag-alessandro-lisci","tag-angela-petruccioli","tag-basaglia","tag-degrado","tag-ex-manicomio-santa-maria-della-pieta","tag-la-foto-del-giorno","tag-legge-basaglia","tag-monte-mario","tag-roma","tag-romaoggi-eu","tag-santa-maria-della-pieta","tag-street-photography"],"yoast_head":"<!-- This site is optimized with the Yoast SEO plugin v27.4 - https:\/\/yoast.com\/product\/yoast-seo-wordpress\/ -->\n<title>parco Santa Maria della Piet\u00e0 ossia l&#039;Ex manicomio provinciale<\/title>\n<meta name=\"description\" content=\"Venerd\u00ec 18 maggio 2018. Foto scattata all&#039;interno del parco Santa Maria della Piet\u00e0 ossia l&#039;Ex manicomio provinciale che si trova a Monte Mario. Questo \u00e8\" \/>\n<meta name=\"robots\" content=\"index, follow, max-snippet:-1, max-image-preview:large, max-video-preview:-1\" \/>\n<link rel=\"canonical\" href=\"https:\/\/www.romaoggi.eu\/index.php\/2018\/05\/18\/15859\/\" \/>\n<meta property=\"og:locale\" content=\"it_IT\" \/>\n<meta property=\"og:type\" content=\"article\" \/>\n<meta property=\"og:title\" content=\"parco Santa Maria della Piet\u00e0 ossia l&#039;Ex manicomio provinciale\" \/>\n<meta property=\"og:description\" content=\"Venerd\u00ec 18 maggio 2018. Foto scattata all&#039;interno del parco Santa Maria della Piet\u00e0 ossia l&#039;Ex manicomio provinciale che si trova a Monte Mario. Questo \u00e8\" \/>\n<meta property=\"og:url\" content=\"https:\/\/www.romaoggi.eu\/index.php\/2018\/05\/18\/15859\/\" \/>\n<meta property=\"og:site_name\" content=\"roma oggi\" \/>\n<meta property=\"article:publisher\" content=\"https:\/\/www.facebook.com\/RomaOggi-841544845954114\" \/>\n<meta property=\"article:author\" content=\"https:\/\/www.facebook.com\/alessandro.lisci.5\" \/>\n<meta property=\"article:published_time\" content=\"2018-05-18T05:20:03+00:00\" \/>\n<meta property=\"article:modified_time\" content=\"2018-05-18T05:50:23+00:00\" \/>\n<meta property=\"og:image\" content=\"https:\/\/www.romaoggi.eu\/wp-content\/uploads\/2018\/05\/Photo006-angela-petruccioli-17-maggio-2015-marchio-low.jpg\" \/>\n\t<meta property=\"og:image:width\" content=\"695\" \/>\n\t<meta property=\"og:image:height\" content=\"467\" \/>\n\t<meta property=\"og:image:type\" content=\"image\/jpeg\" \/>\n<meta name=\"author\" content=\"Alessandro Lisci\" \/>\n<meta name=\"twitter:card\" content=\"summary_large_image\" \/>\n<meta name=\"twitter:creator\" content=\"@https:\/\/twitter.com\/alessandrolisci\" \/>\n<meta name=\"twitter:site\" content=\"@romaoggi_eu\" \/>\n<meta name=\"twitter:label1\" content=\"Scritto da\" \/>\n\t<meta name=\"twitter:data1\" content=\"Alessandro Lisci\" \/>\n<script type=\"application\/ld+json\" class=\"yoast-schema-graph\">{\"@context\":\"https:\\\/\\\/schema.org\",\"@graph\":[{\"@type\":\"Article\",\"@id\":\"https:\\\/\\\/www.romaoggi.eu\\\/index.php\\\/2018\\\/05\\\/18\\\/15859\\\/#article\",\"isPartOf\":{\"@id\":\"https:\\\/\\\/www.romaoggi.eu\\\/index.php\\\/2018\\\/05\\\/18\\\/15859\\\/\"},\"author\":{\"name\":\"Alessandro Lisci\",\"@id\":\"https:\\\/\\\/www.romaoggi.eu\\\/#\\\/schema\\\/person\\\/30ada62b3bd510c45a781b7e3bf65e69\"},\"headline\":\"L&#8217;oblio della follia non abbandona il Santa Maria della Piet\u00e0\",\"datePublished\":\"2018-05-18T05:20:03+00:00\",\"dateModified\":\"2018-05-18T05:50:23+00:00\",\"mainEntityOfPage\":{\"@id\":\"https:\\\/\\\/www.romaoggi.eu\\\/index.php\\\/2018\\\/05\\\/18\\\/15859\\\/\"},\"wordCount\":85,\"commentCount\":0,\"publisher\":{\"@id\":\"https:\\\/\\\/www.romaoggi.eu\\\/#organization\"},\"image\":{\"@id\":\"https:\\\/\\\/www.romaoggi.eu\\\/index.php\\\/2018\\\/05\\\/18\\\/15859\\\/#primaryimage\"},\"thumbnailUrl\":\"https:\\\/\\\/www.romaoggi.eu\\\/wp-content\\\/uploads\\\/2018\\\/05\\\/Photo006-angela-petruccioli-17-maggio-2015-marchio-low.jpg\",\"keywords\":[\"2018\",\"abbandono\",\"alessandro lisci\",\"Angela Petruccioli\",\"Basaglia\",\"degrado\",\"Ex Manicomio Santa Maria della Piet\u00e0\",\"La foto del giorno\",\"Legge Basaglia\",\"Monte Mario\",\"roma\",\"RomaOggi.eu\",\"Santa Maria della Piet\u00e0\",\"Street Photography\"],\"articleSection\":[\"La foto del giorno\"],\"inLanguage\":\"it-IT\",\"potentialAction\":[{\"@type\":\"CommentAction\",\"name\":\"Comment\",\"target\":[\"https:\\\/\\\/www.romaoggi.eu\\\/index.php\\\/2018\\\/05\\\/18\\\/15859\\\/#respond\"]}]},{\"@type\":\"WebPage\",\"@id\":\"https:\\\/\\\/www.romaoggi.eu\\\/index.php\\\/2018\\\/05\\\/18\\\/15859\\\/\",\"url\":\"https:\\\/\\\/www.romaoggi.eu\\\/index.php\\\/2018\\\/05\\\/18\\\/15859\\\/\",\"name\":\"parco Santa Maria della Piet\u00e0 ossia l'Ex manicomio provinciale\",\"isPartOf\":{\"@id\":\"https:\\\/\\\/www.romaoggi.eu\\\/#website\"},\"primaryImageOfPage\":{\"@id\":\"https:\\\/\\\/www.romaoggi.eu\\\/index.php\\\/2018\\\/05\\\/18\\\/15859\\\/#primaryimage\"},\"image\":{\"@id\":\"https:\\\/\\\/www.romaoggi.eu\\\/index.php\\\/2018\\\/05\\\/18\\\/15859\\\/#primaryimage\"},\"thumbnailUrl\":\"https:\\\/\\\/www.romaoggi.eu\\\/wp-content\\\/uploads\\\/2018\\\/05\\\/Photo006-angela-petruccioli-17-maggio-2015-marchio-low.jpg\",\"datePublished\":\"2018-05-18T05:20:03+00:00\",\"dateModified\":\"2018-05-18T05:50:23+00:00\",\"description\":\"Venerd\u00ec 18 maggio 2018. Foto scattata all'interno del parco Santa Maria della Piet\u00e0 ossia l'Ex manicomio provinciale che si trova a Monte Mario. Questo \u00e8\",\"breadcrumb\":{\"@id\":\"https:\\\/\\\/www.romaoggi.eu\\\/index.php\\\/2018\\\/05\\\/18\\\/15859\\\/#breadcrumb\"},\"inLanguage\":\"it-IT\",\"potentialAction\":[{\"@type\":\"ReadAction\",\"target\":[\"https:\\\/\\\/www.romaoggi.eu\\\/index.php\\\/2018\\\/05\\\/18\\\/15859\\\/\"]}]},{\"@type\":\"ImageObject\",\"inLanguage\":\"it-IT\",\"@id\":\"https:\\\/\\\/www.romaoggi.eu\\\/index.php\\\/2018\\\/05\\\/18\\\/15859\\\/#primaryimage\",\"url\":\"https:\\\/\\\/www.romaoggi.eu\\\/wp-content\\\/uploads\\\/2018\\\/05\\\/Photo006-angela-petruccioli-17-maggio-2015-marchio-low.jpg\",\"contentUrl\":\"https:\\\/\\\/www.romaoggi.eu\\\/wp-content\\\/uploads\\\/2018\\\/05\\\/Photo006-angela-petruccioli-17-maggio-2015-marchio-low.jpg\",\"width\":695,\"height\":467,\"caption\":\"Foto di Angela Petruccioli\"},{\"@type\":\"BreadcrumbList\",\"@id\":\"https:\\\/\\\/www.romaoggi.eu\\\/index.php\\\/2018\\\/05\\\/18\\\/15859\\\/#breadcrumb\",\"itemListElement\":[{\"@type\":\"ListItem\",\"position\":1,\"name\":\"Home\",\"item\":\"https:\\\/\\\/www.romaoggi.eu\\\/\"},{\"@type\":\"ListItem\",\"position\":2,\"name\":\"L&#8217;oblio della follia non abbandona il Santa Maria della Piet\u00e0\"}]},{\"@type\":\"WebSite\",\"@id\":\"https:\\\/\\\/www.romaoggi.eu\\\/#website\",\"url\":\"https:\\\/\\\/www.romaoggi.eu\\\/\",\"name\":\"roma oggi\",\"description\":\"Interesting News for Interesting people\",\"publisher\":{\"@id\":\"https:\\\/\\\/www.romaoggi.eu\\\/#organization\"},\"potentialAction\":[{\"@type\":\"SearchAction\",\"target\":{\"@type\":\"EntryPoint\",\"urlTemplate\":\"https:\\\/\\\/www.romaoggi.eu\\\/?s={search_term_string}\"},\"query-input\":{\"@type\":\"PropertyValueSpecification\",\"valueRequired\":true,\"valueName\":\"search_term_string\"}}],\"inLanguage\":\"it-IT\"},{\"@type\":\"Organization\",\"@id\":\"https:\\\/\\\/www.romaoggi.eu\\\/#organization\",\"name\":\"RomaOggi\",\"url\":\"https:\\\/\\\/www.romaoggi.eu\\\/\",\"logo\":{\"@type\":\"ImageObject\",\"inLanguage\":\"it-IT\",\"@id\":\"https:\\\/\\\/www.romaoggi.eu\\\/#\\\/schema\\\/logo\\\/image\\\/\",\"url\":\"https:\\\/\\\/www.romaoggi.eu\\\/wp-content\\\/uploads\\\/2017\\\/04\\\/logowp.jpg\",\"contentUrl\":\"https:\\\/\\\/www.romaoggi.eu\\\/wp-content\\\/uploads\\\/2017\\\/04\\\/logowp.jpg\",\"width\":300,\"height\":133,\"caption\":\"RomaOggi\"},\"image\":{\"@id\":\"https:\\\/\\\/www.romaoggi.eu\\\/#\\\/schema\\\/logo\\\/image\\\/\"},\"sameAs\":[\"https:\\\/\\\/www.facebook.com\\\/RomaOggi-841544845954114\",\"https:\\\/\\\/x.com\\\/romaoggi_eu\"]},{\"@type\":\"Person\",\"@id\":\"https:\\\/\\\/www.romaoggi.eu\\\/#\\\/schema\\\/person\\\/30ada62b3bd510c45a781b7e3bf65e69\",\"name\":\"Alessandro Lisci\",\"image\":{\"@type\":\"ImageObject\",\"inLanguage\":\"it-IT\",\"@id\":\"https:\\\/\\\/secure.gravatar.com\\\/avatar\\\/9b9712162b2ac404aa0d7d978185f203808e7bd02856a449b19868b2eb80cf12?s=96&d=mm&r=g\",\"url\":\"https:\\\/\\\/secure.gravatar.com\\\/avatar\\\/9b9712162b2ac404aa0d7d978185f203808e7bd02856a449b19868b2eb80cf12?s=96&d=mm&r=g\",\"contentUrl\":\"https:\\\/\\\/secure.gravatar.com\\\/avatar\\\/9b9712162b2ac404aa0d7d978185f203808e7bd02856a449b19868b2eb80cf12?s=96&d=mm&r=g\",\"caption\":\"Alessandro Lisci\"},\"sameAs\":[\"http:\\\/\\\/www.alessandrolisci.com\",\"https:\\\/\\\/www.facebook.com\\\/alessandro.lisci.5\",\"https:\\\/\\\/x.com\\\/https:\\\/\\\/twitter.com\\\/alessandrolisci\",\"https:\\\/\\\/www.youtube.com\\\/user\\\/alessandrolisci\"],\"url\":\"https:\\\/\\\/www.romaoggi.eu\\\/index.php\\\/author\\\/alessandro\\\/\"}]}<\/script>\n<!-- \/ Yoast SEO plugin. -->","yoast_head_json":{"title":"parco Santa Maria della Piet\u00e0 ossia l'Ex manicomio provinciale","description":"Venerd\u00ec 18 maggio 2018. Foto scattata all'interno del parco Santa Maria della Piet\u00e0 ossia l'Ex manicomio provinciale che si trova a Monte Mario. Questo \u00e8","robots":{"index":"index","follow":"follow","max-snippet":"max-snippet:-1","max-image-preview":"max-image-preview:large","max-video-preview":"max-video-preview:-1"},"canonical":"https:\/\/www.romaoggi.eu\/index.php\/2018\/05\/18\/15859\/","og_locale":"it_IT","og_type":"article","og_title":"parco Santa Maria della Piet\u00e0 ossia l'Ex manicomio provinciale","og_description":"Venerd\u00ec 18 maggio 2018. Foto scattata all'interno del parco Santa Maria della Piet\u00e0 ossia l'Ex manicomio provinciale che si trova a Monte Mario. Questo \u00e8","og_url":"https:\/\/www.romaoggi.eu\/index.php\/2018\/05\/18\/15859\/","og_site_name":"roma oggi","article_publisher":"https:\/\/www.facebook.com\/RomaOggi-841544845954114","article_author":"https:\/\/www.facebook.com\/alessandro.lisci.5","article_published_time":"2018-05-18T05:20:03+00:00","article_modified_time":"2018-05-18T05:50:23+00:00","og_image":[{"width":695,"height":467,"url":"https:\/\/www.romaoggi.eu\/wp-content\/uploads\/2018\/05\/Photo006-angela-petruccioli-17-maggio-2015-marchio-low.jpg","type":"image\/jpeg"}],"author":"Alessandro Lisci","twitter_card":"summary_large_image","twitter_creator":"@https:\/\/twitter.com\/alessandrolisci","twitter_site":"@romaoggi_eu","twitter_misc":{"Scritto da":"Alessandro Lisci"},"schema":{"@context":"https:\/\/schema.org","@graph":[{"@type":"Article","@id":"https:\/\/www.romaoggi.eu\/index.php\/2018\/05\/18\/15859\/#article","isPartOf":{"@id":"https:\/\/www.romaoggi.eu\/index.php\/2018\/05\/18\/15859\/"},"author":{"name":"Alessandro Lisci","@id":"https:\/\/www.romaoggi.eu\/#\/schema\/person\/30ada62b3bd510c45a781b7e3bf65e69"},"headline":"L&#8217;oblio della follia non abbandona il Santa Maria della Piet\u00e0","datePublished":"2018-05-18T05:20:03+00:00","dateModified":"2018-05-18T05:50:23+00:00","mainEntityOfPage":{"@id":"https:\/\/www.romaoggi.eu\/index.php\/2018\/05\/18\/15859\/"},"wordCount":85,"commentCount":0,"publisher":{"@id":"https:\/\/www.romaoggi.eu\/#organization"},"image":{"@id":"https:\/\/www.romaoggi.eu\/index.php\/2018\/05\/18\/15859\/#primaryimage"},"thumbnailUrl":"https:\/\/www.romaoggi.eu\/wp-content\/uploads\/2018\/05\/Photo006-angela-petruccioli-17-maggio-2015-marchio-low.jpg","keywords":["2018","abbandono","alessandro lisci","Angela Petruccioli","Basaglia","degrado","Ex Manicomio Santa Maria della Piet\u00e0","La foto del giorno","Legge Basaglia","Monte Mario","roma","RomaOggi.eu","Santa Maria della Piet\u00e0","Street Photography"],"articleSection":["La foto del giorno"],"inLanguage":"it-IT","potentialAction":[{"@type":"CommentAction","name":"Comment","target":["https:\/\/www.romaoggi.eu\/index.php\/2018\/05\/18\/15859\/#respond"]}]},{"@type":"WebPage","@id":"https:\/\/www.romaoggi.eu\/index.php\/2018\/05\/18\/15859\/","url":"https:\/\/www.romaoggi.eu\/index.php\/2018\/05\/18\/15859\/","name":"parco Santa Maria della Piet\u00e0 ossia l'Ex manicomio provinciale","isPartOf":{"@id":"https:\/\/www.romaoggi.eu\/#website"},"primaryImageOfPage":{"@id":"https:\/\/www.romaoggi.eu\/index.php\/2018\/05\/18\/15859\/#primaryimage"},"image":{"@id":"https:\/\/www.romaoggi.eu\/index.php\/2018\/05\/18\/15859\/#primaryimage"},"thumbnailUrl":"https:\/\/www.romaoggi.eu\/wp-content\/uploads\/2018\/05\/Photo006-angela-petruccioli-17-maggio-2015-marchio-low.jpg","datePublished":"2018-05-18T05:20:03+00:00","dateModified":"2018-05-18T05:50:23+00:00","description":"Venerd\u00ec 18 maggio 2018. Foto scattata all'interno del parco Santa Maria della Piet\u00e0 ossia l'Ex manicomio provinciale che si trova a Monte Mario. Questo \u00e8","breadcrumb":{"@id":"https:\/\/www.romaoggi.eu\/index.php\/2018\/05\/18\/15859\/#breadcrumb"},"inLanguage":"it-IT","potentialAction":[{"@type":"ReadAction","target":["https:\/\/www.romaoggi.eu\/index.php\/2018\/05\/18\/15859\/"]}]},{"@type":"ImageObject","inLanguage":"it-IT","@id":"https:\/\/www.romaoggi.eu\/index.php\/2018\/05\/18\/15859\/#primaryimage","url":"https:\/\/www.romaoggi.eu\/wp-content\/uploads\/2018\/05\/Photo006-angela-petruccioli-17-maggio-2015-marchio-low.jpg","contentUrl":"https:\/\/www.romaoggi.eu\/wp-content\/uploads\/2018\/05\/Photo006-angela-petruccioli-17-maggio-2015-marchio-low.jpg","width":695,"height":467,"caption":"Foto di Angela Petruccioli"},{"@type":"BreadcrumbList","@id":"https:\/\/www.romaoggi.eu\/index.php\/2018\/05\/18\/15859\/#breadcrumb","itemListElement":[{"@type":"ListItem","position":1,"name":"Home","item":"https:\/\/www.romaoggi.eu\/"},{"@type":"ListItem","position":2,"name":"L&#8217;oblio della follia non abbandona il Santa Maria della Piet\u00e0"}]},{"@type":"WebSite","@id":"https:\/\/www.romaoggi.eu\/#website","url":"https:\/\/www.romaoggi.eu\/","name":"roma oggi","description":"Interesting News for Interesting people","publisher":{"@id":"https:\/\/www.romaoggi.eu\/#organization"},"potentialAction":[{"@type":"SearchAction","target":{"@type":"EntryPoint","urlTemplate":"https:\/\/www.romaoggi.eu\/?s={search_term_string}"},"query-input":{"@type":"PropertyValueSpecification","valueRequired":true,"valueName":"search_term_string"}}],"inLanguage":"it-IT"},{"@type":"Organization","@id":"https:\/\/www.romaoggi.eu\/#organization","name":"RomaOggi","url":"https:\/\/www.romaoggi.eu\/","logo":{"@type":"ImageObject","inLanguage":"it-IT","@id":"https:\/\/www.romaoggi.eu\/#\/schema\/logo\/image\/","url":"https:\/\/www.romaoggi.eu\/wp-content\/uploads\/2017\/04\/logowp.jpg","contentUrl":"https:\/\/www.romaoggi.eu\/wp-content\/uploads\/2017\/04\/logowp.jpg","width":300,"height":133,"caption":"RomaOggi"},"image":{"@id":"https:\/\/www.romaoggi.eu\/#\/schema\/logo\/image\/"},"sameAs":["https:\/\/www.facebook.com\/RomaOggi-841544845954114","https:\/\/x.com\/romaoggi_eu"]},{"@type":"Person","@id":"https:\/\/www.romaoggi.eu\/#\/schema\/person\/30ada62b3bd510c45a781b7e3bf65e69","name":"Alessandro Lisci","image":{"@type":"ImageObject","inLanguage":"it-IT","@id":"https:\/\/secure.gravatar.com\/avatar\/9b9712162b2ac404aa0d7d978185f203808e7bd02856a449b19868b2eb80cf12?s=96&d=mm&r=g","url":"https:\/\/secure.gravatar.com\/avatar\/9b9712162b2ac404aa0d7d978185f203808e7bd02856a449b19868b2eb80cf12?s=96&d=mm&r=g","contentUrl":"https:\/\/secure.gravatar.com\/avatar\/9b9712162b2ac404aa0d7d978185f203808e7bd02856a449b19868b2eb80cf12?s=96&d=mm&r=g","caption":"Alessandro Lisci"},"sameAs":["http:\/\/www.alessandrolisci.com","https:\/\/www.facebook.com\/alessandro.lisci.5","https:\/\/x.com\/https:\/\/twitter.com\/alessandrolisci","https:\/\/www.youtube.com\/user\/alessandrolisci"],"url":"https:\/\/www.romaoggi.eu\/index.php\/author\/alessandro\/"}]}},"_links":{"self":[{"href":"https:\/\/www.romaoggi.eu\/index.php\/wp-json\/wp\/v2\/posts\/15859","targetHints":{"allow":["GET"]}}],"collection":[{"href":"https:\/\/www.romaoggi.eu\/index.php\/wp-json\/wp\/v2\/posts"}],"about":[{"href":"https:\/\/www.romaoggi.eu\/index.php\/wp-json\/wp\/v2\/types\/post"}],"author":[{"embeddable":true,"href":"https:\/\/www.romaoggi.eu\/index.php\/wp-json\/wp\/v2\/users\/10"}],"replies":[{"embeddable":true,"href":"https:\/\/www.romaoggi.eu\/index.php\/wp-json\/wp\/v2\/comments?post=15859"}],"version-history":[{"count":4,"href":"https:\/\/www.romaoggi.eu\/index.php\/wp-json\/wp\/v2\/posts\/15859\/revisions"}],"predecessor-version":[{"id":15995,"href":"https:\/\/www.romaoggi.eu\/index.php\/wp-json\/wp\/v2\/posts\/15859\/revisions\/15995"}],"wp:featuredmedia":[{"embeddable":true,"href":"https:\/\/www.romaoggi.eu\/index.php\/wp-json\/wp\/v2\/media\/15860"}],"wp:attachment":[{"href":"https:\/\/www.romaoggi.eu\/index.php\/wp-json\/wp\/v2\/media?parent=15859"}],"wp:term":[{"taxonomy":"category","embeddable":true,"href":"https:\/\/www.romaoggi.eu\/index.php\/wp-json\/wp\/v2\/categories?post=15859"},{"taxonomy":"post_tag","embeddable":true,"href":"https:\/\/www.romaoggi.eu\/index.php\/wp-json\/wp\/v2\/tags?post=15859"}],"curies":[{"name":"wp","href":"https:\/\/api.w.org\/{rel}","templated":true}]}}