{"id":16019,"date":"2018-05-19T11:27:19","date_gmt":"2018-05-19T09:27:19","guid":{"rendered":"http:\/\/www.romaoggi.eu\/?p=16019"},"modified":"2018-05-19T11:27:19","modified_gmt":"2018-05-19T09:27:19","slug":"lassinarch","status":"publish","type":"post","link":"https:\/\/www.romaoggi.eu\/index.php\/2018\/05\/19\/lassinarch\/","title":{"rendered":"L&#8217;Assinarch di Aprilia,  competenze e professionalit\u00e0, per i candidati sindaci"},"content":{"rendered":"<div style=\"text-align: justify;\" data-canvas-width=\"641.5239999999997\">L&#8217;Assinarch di Aprilia ha mostrato competenze e professionalit\u00e0 per l&#8217;eccellente iniziativa\u00a0 che ha organizzato\u00a0 nel mettere a confronto le visioni sul futuro della citt\u00e0 dei sei candidati a sindaco in corsa per questa tornata elettorale. Gli architetti, del l&#8217;Assinarch,\u00a0 Elisabetta Casoni, Sonia Lodo, Maurizio Consolandi, il Presidente del l&#8217; Assinarch, hanno aperto la tavola rotonda moderati dalla giornalista Raffaella Patricelli, affrontando i temi pi\u00f9 importanti per la citt\u00e0.\u00a0 Tre argomenti illustrati ampiamente, tra cui la riqualificazione del centro storico. proposte, progetti e prospettivee,\u00a0 su cui i candidati a sindaco erano chiamati a rispondere. Antonio Terra, Carmen Porcelli, Roberto D&#8217;Agostini, Domenico Vulcano, Giorgio Giusfredi e Angelo Cascioni, con un tempo a disposizione di circa tre minuti, hanno cercato di fare la sintesi sull&#8217;esigenze del territorio e sulle modalit\u00e0 di intervento, ognuno sulla base del proprio programma, per un Aprilia migliore partendo dalle periferie. Pi\u00f9 coinvolgimento della popolazione sul da farsi, ricostruire un identit\u00e0 cittadina con una programmazione ad ampio raggio e non macchia di leopardo, procedure concursuali per coinvolgere figure molto competenti, insomma un tavolo che si \u00e8 potuto dire pi\u00f9 politico che tecnico, comunque funzionale. L\u2019appuntamento \u00e8 stato presso i locali del CulturAprilia sulla via Pontina (l\u2019ex Claudia), nel padiglione dove attualmente \u00e8 collocata una mostra sulla storia del territorio:<\/div>\n<div style=\"text-align: justify;\" data-canvas-width=\"162.6906666666667\">\u201cSatricum e il Latium Vetus, il passato che aiuta a crescere il futuro\u201d,<\/div>\n<div style=\"text-align: justify;\" data-canvas-width=\"233.77466666666663\">realizzata nel 2011 proprio dall\u2019Assinarch con il contributo dell\u2019Archeoclub d\u2019Italia sezione di Aprilia.<\/div>\n<div style=\"text-align: justify;\" data-canvas-width=\"641.6626666666667\">Ospite d&#8217;onore il professor <a href=\"http:\/\/www.dsdra.it\/drupaluni\/ribichini-luca\">Luca Ribichini<\/a>, vicepreside della Facolt\u00e0 di Architettura <a href=\"ttps:\/\/www.uniroma1.it\/it\/pagina-strutturale\/home\">\u201cLa Sapienza\u201d di Roma.<\/a> Il professor Ribichini \u00e8 intervenuto in merito al tema della riqualificazione urbana. Una presenza illustre quella del vicepreside della Facolt\u00e0 di Architettura che ha dato un tocco in pi\u00f9 allo svolgimento del dibattito incentrato, per la maggior parte, su temi urbanistici.<\/div>\n<div style=\"text-align: justify;\" data-canvas-width=\"642.512\"><\/div>\n<div data-canvas-width=\"642.512\"><a href=\"https:\/\/www.romaoggi.eu\/index.php\/2018\/05\/18\/al-quadrato\/\">lorella Iaci<\/a><\/div>\n","protected":false},"excerpt":{"rendered":"<div class=\"mh-excerpt\"><p>L&#8217;Assinarch di Aprilia ha mostrato competenze e professionalit\u00e0 per l&#8217;eccellente iniziativa\u00a0 che ha organizzato\u00a0 nel mettere a confronto le visioni sul futuro della citt\u00e0 dei sei candidati a sindaco in corsa per questa tornata elettorale. <a class=\"mh-excerpt-more\" href=\"https:\/\/www.romaoggi.eu\/index.php\/2018\/05\/19\/lassinarch\/\" title=\"L&#8217;Assinarch di Aprilia,  competenze e professionalit\u00e0, per i candidati sindaci\">[&#8230;]<\/a><\/p>\n<\/div>","protected":false},"author":8,"featured_media":16036,"comment_status":"open","ping_status":"open","sticky":false,"template":"","format":"standard","meta":{"_sitemap_exclude":false,"_sitemap_priority":"","_sitemap_frequency":"","footnotes":""},"categories":[5273,1],"tags":[5378,10180,10488,6678,4138,10490,10489],"class_list":["post-16019","post","type-post","status-publish","format-standard","has-post-thumbnail","hentry","category-oltre-roma","category-senza-categoria","tag-aprilia","tag-candidato-a-sindaco","tag-lassinarch","tag-la-sapienza","tag-presidente","tag-riqualificazione","tag-tavola-rotinda"],"yoast_head":"<!-- This site is optimized with the Yoast SEO plugin v27.5 - https:\/\/yoast.com\/product\/yoast-seo-wordpress\/ -->\n<title>L&#039;Assinarch di Aprilia, competenze e professionalit\u00e0, per i candidati sindaci<\/title>\n<meta name=\"description\" content=\"L&#039;Assinarch di Aprilia ha mostrato competenze e professionalit\u00e0, nel convegno che ha organizzato per mettere a confronto le visioni sul futuro della citt\u00e0 dei sei candidati a sindaco\" \/>\n<meta name=\"robots\" content=\"index, follow, max-snippet:-1, max-image-preview:large, max-video-preview:-1\" \/>\n<link rel=\"canonical\" href=\"https:\/\/www.romaoggi.eu\/index.php\/2018\/05\/19\/lassinarch\/\" \/>\n<meta property=\"og:locale\" content=\"it_IT\" \/>\n<meta property=\"og:type\" content=\"article\" \/>\n<meta property=\"og:title\" content=\"L&#039;Assinarch di Aprilia, competenze e professionalit\u00e0, per i candidati sindaci\" \/>\n<meta property=\"og:description\" content=\"L&#039;Assinarch di Aprilia ha mostrato competenze e professionalit\u00e0, nel convegno che ha organizzato per mettere a confronto le visioni sul futuro della citt\u00e0 dei sei candidati a sindaco\" \/>\n<meta property=\"og:url\" content=\"https:\/\/www.romaoggi.eu\/index.php\/2018\/05\/19\/lassinarch\/\" \/>\n<meta property=\"og:site_name\" content=\"roma oggi\" \/>\n<meta property=\"article:publisher\" content=\"https:\/\/www.facebook.com\/RomaOggi-841544845954114\" \/>\n<meta property=\"article:published_time\" content=\"2018-05-19T09:27:19+00:00\" \/>\n<meta property=\"og:image\" content=\"https:\/\/www.romaoggi.eu\/wp-content\/uploads\/2018\/05\/assinarc.jpg\" \/>\n\t<meta property=\"og:image:width\" content=\"960\" \/>\n\t<meta property=\"og:image:height\" content=\"720\" \/>\n\t<meta property=\"og:image:type\" content=\"image\/jpeg\" \/>\n<meta name=\"author\" content=\"Lorella Iaci\" \/>\n<meta name=\"twitter:card\" content=\"summary_large_image\" \/>\n<meta name=\"twitter:creator\" content=\"@romaoggi_eu\" \/>\n<meta name=\"twitter:site\" content=\"@romaoggi_eu\" \/>\n<meta name=\"twitter:label1\" content=\"Scritto da\" \/>\n\t<meta name=\"twitter:data1\" content=\"Lorella Iaci\" \/>\n\t<meta name=\"twitter:label2\" content=\"Tempo di lettura stimato\" \/>\n\t<meta name=\"twitter:data2\" content=\"1 minuto\" \/>\n<script type=\"application\/ld+json\" class=\"yoast-schema-graph\">{\"@context\":\"https:\\\/\\\/schema.org\",\"@graph\":[{\"@type\":\"Article\",\"@id\":\"https:\\\/\\\/www.romaoggi.eu\\\/index.php\\\/2018\\\/05\\\/19\\\/lassinarch\\\/#article\",\"isPartOf\":{\"@id\":\"https:\\\/\\\/www.romaoggi.eu\\\/index.php\\\/2018\\\/05\\\/19\\\/lassinarch\\\/\"},\"author\":{\"name\":\"Lorella Iaci\",\"@id\":\"https:\\\/\\\/www.romaoggi.eu\\\/#\\\/schema\\\/person\\\/ad7b70148e60a0d338e73d0565829be4\"},\"headline\":\"L&#8217;Assinarch di Aprilia, competenze e professionalit\u00e0, per i candidati sindaci\",\"datePublished\":\"2018-05-19T09:27:19+00:00\",\"mainEntityOfPage\":{\"@id\":\"https:\\\/\\\/www.romaoggi.eu\\\/index.php\\\/2018\\\/05\\\/19\\\/lassinarch\\\/\"},\"wordCount\":311,\"commentCount\":0,\"publisher\":{\"@id\":\"https:\\\/\\\/www.romaoggi.eu\\\/#organization\"},\"image\":{\"@id\":\"https:\\\/\\\/www.romaoggi.eu\\\/index.php\\\/2018\\\/05\\\/19\\\/lassinarch\\\/#primaryimage\"},\"thumbnailUrl\":\"https:\\\/\\\/www.romaoggi.eu\\\/wp-content\\\/uploads\\\/2018\\\/05\\\/assinarc.jpg\",\"keywords\":[\"Aprilia\",\"candidato a sindaco\",\"l'assinarch\",\"La Sapienza\",\"presidente\",\"riqualificazione\",\"tavola rotinda\"],\"articleSection\":[\"oltre Roma\"],\"inLanguage\":\"it-IT\",\"potentialAction\":[{\"@type\":\"CommentAction\",\"name\":\"Comment\",\"target\":[\"https:\\\/\\\/www.romaoggi.eu\\\/index.php\\\/2018\\\/05\\\/19\\\/lassinarch\\\/#respond\"]}]},{\"@type\":\"WebPage\",\"@id\":\"https:\\\/\\\/www.romaoggi.eu\\\/index.php\\\/2018\\\/05\\\/19\\\/lassinarch\\\/\",\"url\":\"https:\\\/\\\/www.romaoggi.eu\\\/index.php\\\/2018\\\/05\\\/19\\\/lassinarch\\\/\",\"name\":\"L'Assinarch di Aprilia, competenze e professionalit\u00e0, per i candidati sindaci\",\"isPartOf\":{\"@id\":\"https:\\\/\\\/www.romaoggi.eu\\\/#website\"},\"primaryImageOfPage\":{\"@id\":\"https:\\\/\\\/www.romaoggi.eu\\\/index.php\\\/2018\\\/05\\\/19\\\/lassinarch\\\/#primaryimage\"},\"image\":{\"@id\":\"https:\\\/\\\/www.romaoggi.eu\\\/index.php\\\/2018\\\/05\\\/19\\\/lassinarch\\\/#primaryimage\"},\"thumbnailUrl\":\"https:\\\/\\\/www.romaoggi.eu\\\/wp-content\\\/uploads\\\/2018\\\/05\\\/assinarc.jpg\",\"datePublished\":\"2018-05-19T09:27:19+00:00\",\"description\":\"L'Assinarch di Aprilia ha mostrato competenze e professionalit\u00e0, nel convegno che ha organizzato per mettere a confronto le visioni sul futuro della citt\u00e0 dei sei candidati a sindaco\",\"breadcrumb\":{\"@id\":\"https:\\\/\\\/www.romaoggi.eu\\\/index.php\\\/2018\\\/05\\\/19\\\/lassinarch\\\/#breadcrumb\"},\"inLanguage\":\"it-IT\",\"potentialAction\":[{\"@type\":\"ReadAction\",\"target\":[\"https:\\\/\\\/www.romaoggi.eu\\\/index.php\\\/2018\\\/05\\\/19\\\/lassinarch\\\/\"]}]},{\"@type\":\"ImageObject\",\"inLanguage\":\"it-IT\",\"@id\":\"https:\\\/\\\/www.romaoggi.eu\\\/index.php\\\/2018\\\/05\\\/19\\\/lassinarch\\\/#primaryimage\",\"url\":\"https:\\\/\\\/www.romaoggi.eu\\\/wp-content\\\/uploads\\\/2018\\\/05\\\/assinarc.jpg\",\"contentUrl\":\"https:\\\/\\\/www.romaoggi.eu\\\/wp-content\\\/uploads\\\/2018\\\/05\\\/assinarc.jpg\",\"width\":960,\"height\":720,\"caption\":\"alt tag l'assinarch\"},{\"@type\":\"BreadcrumbList\",\"@id\":\"https:\\\/\\\/www.romaoggi.eu\\\/index.php\\\/2018\\\/05\\\/19\\\/lassinarch\\\/#breadcrumb\",\"itemListElement\":[{\"@type\":\"ListItem\",\"position\":1,\"name\":\"Home\",\"item\":\"https:\\\/\\\/www.romaoggi.eu\\\/\"},{\"@type\":\"ListItem\",\"position\":2,\"name\":\"L&#8217;Assinarch di Aprilia, competenze e professionalit\u00e0, per i candidati sindaci\"}]},{\"@type\":\"WebSite\",\"@id\":\"https:\\\/\\\/www.romaoggi.eu\\\/#website\",\"url\":\"https:\\\/\\\/www.romaoggi.eu\\\/\",\"name\":\"roma oggi\",\"description\":\"Interesting News for Interesting people\",\"publisher\":{\"@id\":\"https:\\\/\\\/www.romaoggi.eu\\\/#organization\"},\"potentialAction\":[{\"@type\":\"SearchAction\",\"target\":{\"@type\":\"EntryPoint\",\"urlTemplate\":\"https:\\\/\\\/www.romaoggi.eu\\\/?s={search_term_string}\"},\"query-input\":{\"@type\":\"PropertyValueSpecification\",\"valueRequired\":true,\"valueName\":\"search_term_string\"}}],\"inLanguage\":\"it-IT\"},{\"@type\":\"Organization\",\"@id\":\"https:\\\/\\\/www.romaoggi.eu\\\/#organization\",\"name\":\"RomaOggi\",\"url\":\"https:\\\/\\\/www.romaoggi.eu\\\/\",\"logo\":{\"@type\":\"ImageObject\",\"inLanguage\":\"it-IT\",\"@id\":\"https:\\\/\\\/www.romaoggi.eu\\\/#\\\/schema\\\/logo\\\/image\\\/\",\"url\":\"https:\\\/\\\/www.romaoggi.eu\\\/wp-content\\\/uploads\\\/2017\\\/04\\\/logowp.jpg\",\"contentUrl\":\"https:\\\/\\\/www.romaoggi.eu\\\/wp-content\\\/uploads\\\/2017\\\/04\\\/logowp.jpg\",\"width\":300,\"height\":133,\"caption\":\"RomaOggi\"},\"image\":{\"@id\":\"https:\\\/\\\/www.romaoggi.eu\\\/#\\\/schema\\\/logo\\\/image\\\/\"},\"sameAs\":[\"https:\\\/\\\/www.facebook.com\\\/RomaOggi-841544845954114\",\"https:\\\/\\\/x.com\\\/romaoggi_eu\"]},{\"@type\":\"Person\",\"@id\":\"https:\\\/\\\/www.romaoggi.eu\\\/#\\\/schema\\\/person\\\/ad7b70148e60a0d338e73d0565829be4\",\"name\":\"Lorella Iaci\",\"image\":{\"@type\":\"ImageObject\",\"inLanguage\":\"it-IT\",\"@id\":\"https:\\\/\\\/secure.gravatar.com\\\/avatar\\\/2e8016efed3d5fbee04daf254a3494924254701903584f9c0cb2504f0cdc20eb?s=96&d=mm&r=g\",\"url\":\"https:\\\/\\\/secure.gravatar.com\\\/avatar\\\/2e8016efed3d5fbee04daf254a3494924254701903584f9c0cb2504f0cdc20eb?s=96&d=mm&r=g\",\"contentUrl\":\"https:\\\/\\\/secure.gravatar.com\\\/avatar\\\/2e8016efed3d5fbee04daf254a3494924254701903584f9c0cb2504f0cdc20eb?s=96&d=mm&r=g\",\"caption\":\"Lorella Iaci\"},\"url\":\"https:\\\/\\\/www.romaoggi.eu\\\/index.php\\\/author\\\/lorella\\\/\"}]}<\/script>\n<!-- \/ Yoast SEO plugin. -->","yoast_head_json":{"title":"L'Assinarch di Aprilia, competenze e professionalit\u00e0, per i candidati sindaci","description":"L'Assinarch di Aprilia ha mostrato competenze e professionalit\u00e0, nel convegno che ha organizzato per mettere a confronto le visioni sul futuro della citt\u00e0 dei sei candidati a sindaco","robots":{"index":"index","follow":"follow","max-snippet":"max-snippet:-1","max-image-preview":"max-image-preview:large","max-video-preview":"max-video-preview:-1"},"canonical":"https:\/\/www.romaoggi.eu\/index.php\/2018\/05\/19\/lassinarch\/","og_locale":"it_IT","og_type":"article","og_title":"L'Assinarch di Aprilia, competenze e professionalit\u00e0, per i candidati sindaci","og_description":"L'Assinarch di Aprilia ha mostrato competenze e professionalit\u00e0, nel convegno che ha organizzato per mettere a confronto le visioni sul futuro della citt\u00e0 dei sei candidati a sindaco","og_url":"https:\/\/www.romaoggi.eu\/index.php\/2018\/05\/19\/lassinarch\/","og_site_name":"roma oggi","article_publisher":"https:\/\/www.facebook.com\/RomaOggi-841544845954114","article_published_time":"2018-05-19T09:27:19+00:00","og_image":[{"width":960,"height":720,"url":"https:\/\/www.romaoggi.eu\/wp-content\/uploads\/2018\/05\/assinarc.jpg","type":"image\/jpeg"}],"author":"Lorella Iaci","twitter_card":"summary_large_image","twitter_creator":"@romaoggi_eu","twitter_site":"@romaoggi_eu","twitter_misc":{"Scritto da":"Lorella Iaci","Tempo di lettura stimato":"1 minuto"},"schema":{"@context":"https:\/\/schema.org","@graph":[{"@type":"Article","@id":"https:\/\/www.romaoggi.eu\/index.php\/2018\/05\/19\/lassinarch\/#article","isPartOf":{"@id":"https:\/\/www.romaoggi.eu\/index.php\/2018\/05\/19\/lassinarch\/"},"author":{"name":"Lorella Iaci","@id":"https:\/\/www.romaoggi.eu\/#\/schema\/person\/ad7b70148e60a0d338e73d0565829be4"},"headline":"L&#8217;Assinarch di Aprilia, competenze e professionalit\u00e0, per i candidati sindaci","datePublished":"2018-05-19T09:27:19+00:00","mainEntityOfPage":{"@id":"https:\/\/www.romaoggi.eu\/index.php\/2018\/05\/19\/lassinarch\/"},"wordCount":311,"commentCount":0,"publisher":{"@id":"https:\/\/www.romaoggi.eu\/#organization"},"image":{"@id":"https:\/\/www.romaoggi.eu\/index.php\/2018\/05\/19\/lassinarch\/#primaryimage"},"thumbnailUrl":"https:\/\/www.romaoggi.eu\/wp-content\/uploads\/2018\/05\/assinarc.jpg","keywords":["Aprilia","candidato a sindaco","l'assinarch","La Sapienza","presidente","riqualificazione","tavola rotinda"],"articleSection":["oltre Roma"],"inLanguage":"it-IT","potentialAction":[{"@type":"CommentAction","name":"Comment","target":["https:\/\/www.romaoggi.eu\/index.php\/2018\/05\/19\/lassinarch\/#respond"]}]},{"@type":"WebPage","@id":"https:\/\/www.romaoggi.eu\/index.php\/2018\/05\/19\/lassinarch\/","url":"https:\/\/www.romaoggi.eu\/index.php\/2018\/05\/19\/lassinarch\/","name":"L'Assinarch di Aprilia, competenze e professionalit\u00e0, per i candidati sindaci","isPartOf":{"@id":"https:\/\/www.romaoggi.eu\/#website"},"primaryImageOfPage":{"@id":"https:\/\/www.romaoggi.eu\/index.php\/2018\/05\/19\/lassinarch\/#primaryimage"},"image":{"@id":"https:\/\/www.romaoggi.eu\/index.php\/2018\/05\/19\/lassinarch\/#primaryimage"},"thumbnailUrl":"https:\/\/www.romaoggi.eu\/wp-content\/uploads\/2018\/05\/assinarc.jpg","datePublished":"2018-05-19T09:27:19+00:00","description":"L'Assinarch di Aprilia ha mostrato competenze e professionalit\u00e0, nel convegno che ha organizzato per mettere a confronto le visioni sul futuro della citt\u00e0 dei sei candidati a sindaco","breadcrumb":{"@id":"https:\/\/www.romaoggi.eu\/index.php\/2018\/05\/19\/lassinarch\/#breadcrumb"},"inLanguage":"it-IT","potentialAction":[{"@type":"ReadAction","target":["https:\/\/www.romaoggi.eu\/index.php\/2018\/05\/19\/lassinarch\/"]}]},{"@type":"ImageObject","inLanguage":"it-IT","@id":"https:\/\/www.romaoggi.eu\/index.php\/2018\/05\/19\/lassinarch\/#primaryimage","url":"https:\/\/www.romaoggi.eu\/wp-content\/uploads\/2018\/05\/assinarc.jpg","contentUrl":"https:\/\/www.romaoggi.eu\/wp-content\/uploads\/2018\/05\/assinarc.jpg","width":960,"height":720,"caption":"alt tag l'assinarch"},{"@type":"BreadcrumbList","@id":"https:\/\/www.romaoggi.eu\/index.php\/2018\/05\/19\/lassinarch\/#breadcrumb","itemListElement":[{"@type":"ListItem","position":1,"name":"Home","item":"https:\/\/www.romaoggi.eu\/"},{"@type":"ListItem","position":2,"name":"L&#8217;Assinarch di Aprilia, competenze e professionalit\u00e0, per i candidati sindaci"}]},{"@type":"WebSite","@id":"https:\/\/www.romaoggi.eu\/#website","url":"https:\/\/www.romaoggi.eu\/","name":"roma oggi","description":"Interesting News for Interesting people","publisher":{"@id":"https:\/\/www.romaoggi.eu\/#organization"},"potentialAction":[{"@type":"SearchAction","target":{"@type":"EntryPoint","urlTemplate":"https:\/\/www.romaoggi.eu\/?s={search_term_string}"},"query-input":{"@type":"PropertyValueSpecification","valueRequired":true,"valueName":"search_term_string"}}],"inLanguage":"it-IT"},{"@type":"Organization","@id":"https:\/\/www.romaoggi.eu\/#organization","name":"RomaOggi","url":"https:\/\/www.romaoggi.eu\/","logo":{"@type":"ImageObject","inLanguage":"it-IT","@id":"https:\/\/www.romaoggi.eu\/#\/schema\/logo\/image\/","url":"https:\/\/www.romaoggi.eu\/wp-content\/uploads\/2017\/04\/logowp.jpg","contentUrl":"https:\/\/www.romaoggi.eu\/wp-content\/uploads\/2017\/04\/logowp.jpg","width":300,"height":133,"caption":"RomaOggi"},"image":{"@id":"https:\/\/www.romaoggi.eu\/#\/schema\/logo\/image\/"},"sameAs":["https:\/\/www.facebook.com\/RomaOggi-841544845954114","https:\/\/x.com\/romaoggi_eu"]},{"@type":"Person","@id":"https:\/\/www.romaoggi.eu\/#\/schema\/person\/ad7b70148e60a0d338e73d0565829be4","name":"Lorella Iaci","image":{"@type":"ImageObject","inLanguage":"it-IT","@id":"https:\/\/secure.gravatar.com\/avatar\/2e8016efed3d5fbee04daf254a3494924254701903584f9c0cb2504f0cdc20eb?s=96&d=mm&r=g","url":"https:\/\/secure.gravatar.com\/avatar\/2e8016efed3d5fbee04daf254a3494924254701903584f9c0cb2504f0cdc20eb?s=96&d=mm&r=g","contentUrl":"https:\/\/secure.gravatar.com\/avatar\/2e8016efed3d5fbee04daf254a3494924254701903584f9c0cb2504f0cdc20eb?s=96&d=mm&r=g","caption":"Lorella Iaci"},"url":"https:\/\/www.romaoggi.eu\/index.php\/author\/lorella\/"}]}},"_links":{"self":[{"href":"https:\/\/www.romaoggi.eu\/index.php\/wp-json\/wp\/v2\/posts\/16019","targetHints":{"allow":["GET"]}}],"collection":[{"href":"https:\/\/www.romaoggi.eu\/index.php\/wp-json\/wp\/v2\/posts"}],"about":[{"href":"https:\/\/www.romaoggi.eu\/index.php\/wp-json\/wp\/v2\/types\/post"}],"author":[{"embeddable":true,"href":"https:\/\/www.romaoggi.eu\/index.php\/wp-json\/wp\/v2\/users\/8"}],"replies":[{"embeddable":true,"href":"https:\/\/www.romaoggi.eu\/index.php\/wp-json\/wp\/v2\/comments?post=16019"}],"version-history":[{"count":14,"href":"https:\/\/www.romaoggi.eu\/index.php\/wp-json\/wp\/v2\/posts\/16019\/revisions"}],"predecessor-version":[{"id":16035,"href":"https:\/\/www.romaoggi.eu\/index.php\/wp-json\/wp\/v2\/posts\/16019\/revisions\/16035"}],"wp:featuredmedia":[{"embeddable":true,"href":"https:\/\/www.romaoggi.eu\/index.php\/wp-json\/wp\/v2\/media\/16036"}],"wp:attachment":[{"href":"https:\/\/www.romaoggi.eu\/index.php\/wp-json\/wp\/v2\/media?parent=16019"}],"wp:term":[{"taxonomy":"category","embeddable":true,"href":"https:\/\/www.romaoggi.eu\/index.php\/wp-json\/wp\/v2\/categories?post=16019"},{"taxonomy":"post_tag","embeddable":true,"href":"https:\/\/www.romaoggi.eu\/index.php\/wp-json\/wp\/v2\/tags?post=16019"}],"curies":[{"name":"wp","href":"https:\/\/api.w.org\/{rel}","templated":true}]}}