{"id":16087,"date":"2018-05-23T07:38:53","date_gmt":"2018-05-23T05:38:53","guid":{"rendered":"http:\/\/www.romaoggi.eu\/?p=16087"},"modified":"2018-05-23T07:49:58","modified_gmt":"2018-05-23T05:49:58","slug":"16087","status":"publish","type":"post","link":"https:\/\/www.romaoggi.eu\/index.php\/2018\/05\/23\/16087\/","title":{"rendered":"Nella pineta di Castel Fusano non solo fiori ma&#8230;rifiuti"},"content":{"rendered":"<p class=\"p1\"><span class=\"s1\">Foto del giorno di mercoled\u00ec 23 Maggio 2018&#8230;..dalla nostro lettore Fabrizio Gambetti.<\/span><\/p>\n<p class=\"p1\"><span class=\"s1\">La Pineta di Castelfusano, ha dei nuovi fiori, in realt\u00e0 camminando per la pineta\u00a0 ci si imbatte sempre pi\u00f9 spesso in rifiuti da lavori effettuati nelle abitazioni. La pineta come del resto tutta la citt\u00e0 di Roma, non \u00e8 rispettata dai cittadini, l\u2019incapacit\u00e0 a gestire tecnicamente il problema dei rifiuti aumenta i problemi e generando una situazione di degrado ed inquinamento ulteriori.<\/span><\/p>\n<figure id=\"attachment_16088\" aria-describedby=\"caption-attachment-16088\" style=\"width: 1110px\" class=\"wp-caption alignnone\"><img loading=\"lazy\" decoding=\"async\" class=\" wp-image-16088\" src=\"https:\/\/www.romaoggi.eu\/wp-content\/uploads\/2018\/05\/Photo012\u00a9-2018-Fabrizio-Gambetti-Castelfusano-copia-low-marchio-300x200.jpg\" alt=\"\" width=\"1110\" height=\"740\" srcset=\"https:\/\/www.romaoggi.eu\/wp-content\/uploads\/2018\/05\/Photo012\u00a9-2018-Fabrizio-Gambetti-Castelfusano-copia-low-marchio-300x200.jpg 300w, https:\/\/www.romaoggi.eu\/wp-content\/uploads\/2018\/05\/Photo012\u00a9-2018-Fabrizio-Gambetti-Castelfusano-copia-low-marchio.jpg 1020w\" sizes=\"auto, (max-width: 1110px) 100vw, 1110px\" \/><figcaption id=\"caption-attachment-16088\" class=\"wp-caption-text\">Rifiuti nella pineta di Castel Fusano Photo \u00a9 2018\u00a0Fabrizio Gambetti<\/figcaption><\/figure>\n<p>&nbsp;<\/p>\n<p class=\"p1\"><span class=\"s1\">Foto del giorno. La rubrica dei lettori di\u00a0<a href=\"https:\/\/www.romaoggi.eu\/\"><span class=\"s2\">www.Romaoggi.eu<\/span><\/a>\u00a0a cura del fotoreporter\u00a0 Alessandro Lisci. Invia la tua foto del giorno ad alessandrolisci@yahoo.it con un titolo ed un breve testo. Infoline 3316379346<\/span><\/p>\n","protected":false},"excerpt":{"rendered":"<div class=\"mh-excerpt\"><p>Foto del giorno di mercoled\u00ec 23 Maggio 2018&#8230;..dalla nostro lettore Fabrizio Gambetti. La Pineta di Castelfusano, ha dei nuovi fiori, in realt\u00e0 camminando per la pineta\u00a0 ci si imbatte sempre pi\u00f9 spesso in rifiuti da <a class=\"mh-excerpt-more\" href=\"https:\/\/www.romaoggi.eu\/index.php\/2018\/05\/23\/16087\/\" title=\"Nella pineta di Castel Fusano non solo fiori ma&#8230;rifiuti\">[&#8230;]<\/a><\/p>\n<\/div>","protected":false},"author":10,"featured_media":16088,"comment_status":"open","ping_status":"open","sticky":false,"template":"","format":"standard","meta":{"_sitemap_exclude":false,"_sitemap_priority":"","_sitemap_frequency":"","footnotes":""},"categories":[8934],"tags":[4137,10433,10525,10524,10420,7856,1738],"class_list":["post-16087","post","type-post","status-publish","format-standard","has-post-thumbnail","hentry","category-lafotodelgiorno","tag-alessandro-lisci","tag-degrado","tag-discarica","tag-fabrizio-gambetti","tag-la-foto-del-giorno","tag-rifiuti","tag-romaoggi-eu"],"yoast_head":"<!-- This site is optimized with the Yoast SEO plugin v27.5 - https:\/\/yoast.com\/product\/yoast-seo-wordpress\/ -->\n<title>Nella pineta di Castel Fusano non solo fiori ma...rifiuti<\/title>\n<meta name=\"description\" content=\"La foto del giorno di Fabrizio Gambetti Alessandro Lisci Pineta di Catsel Fusano\" \/>\n<meta name=\"robots\" content=\"index, follow, max-snippet:-1, max-image-preview:large, max-video-preview:-1\" \/>\n<link rel=\"canonical\" href=\"https:\/\/www.romaoggi.eu\/index.php\/2018\/05\/23\/16087\/\" \/>\n<meta property=\"og:locale\" content=\"it_IT\" \/>\n<meta property=\"og:type\" content=\"article\" \/>\n<meta property=\"og:title\" content=\"Nella pineta di Castel Fusano non solo fiori ma...rifiuti\" \/>\n<meta property=\"og:description\" content=\"La foto del giorno di Fabrizio Gambetti Alessandro Lisci Pineta di Catsel Fusano\" \/>\n<meta property=\"og:url\" content=\"https:\/\/www.romaoggi.eu\/index.php\/2018\/05\/23\/16087\/\" \/>\n<meta property=\"og:site_name\" content=\"roma oggi\" \/>\n<meta property=\"article:publisher\" content=\"https:\/\/www.facebook.com\/RomaOggi-841544845954114\" \/>\n<meta property=\"article:author\" content=\"https:\/\/www.facebook.com\/alessandro.lisci.5\" \/>\n<meta property=\"article:published_time\" content=\"2018-05-23T05:38:53+00:00\" \/>\n<meta property=\"article:modified_time\" content=\"2018-05-23T05:49:58+00:00\" \/>\n<meta property=\"og:image\" content=\"https:\/\/www.romaoggi.eu\/wp-content\/uploads\/2018\/05\/Photo012\u00a9-2018-Fabrizio-Gambetti-Castelfusano-copia-low-marchio.jpg\" \/>\n\t<meta property=\"og:image:width\" content=\"1020\" \/>\n\t<meta property=\"og:image:height\" content=\"680\" \/>\n\t<meta property=\"og:image:type\" content=\"image\/jpeg\" \/>\n<meta name=\"author\" content=\"Alessandro Lisci\" \/>\n<meta name=\"twitter:card\" content=\"summary_large_image\" \/>\n<meta name=\"twitter:creator\" content=\"@https:\/\/twitter.com\/alessandrolisci\" \/>\n<meta name=\"twitter:site\" content=\"@romaoggi_eu\" \/>\n<meta name=\"twitter:label1\" content=\"Scritto da\" \/>\n\t<meta name=\"twitter:data1\" content=\"Alessandro Lisci\" \/>\n\t<meta name=\"twitter:label2\" content=\"Tempo di lettura stimato\" \/>\n\t<meta name=\"twitter:data2\" content=\"1 minuto\" \/>\n<script type=\"application\/ld+json\" class=\"yoast-schema-graph\">{\"@context\":\"https:\\\/\\\/schema.org\",\"@graph\":[{\"@type\":\"Article\",\"@id\":\"https:\\\/\\\/www.romaoggi.eu\\\/index.php\\\/2018\\\/05\\\/23\\\/16087\\\/#article\",\"isPartOf\":{\"@id\":\"https:\\\/\\\/www.romaoggi.eu\\\/index.php\\\/2018\\\/05\\\/23\\\/16087\\\/\"},\"author\":{\"name\":\"Alessandro Lisci\",\"@id\":\"https:\\\/\\\/www.romaoggi.eu\\\/#\\\/schema\\\/person\\\/30ada62b3bd510c45a781b7e3bf65e69\"},\"headline\":\"Nella pineta di Castel Fusano non solo fiori ma&#8230;rifiuti\",\"datePublished\":\"2018-05-23T05:38:53+00:00\",\"dateModified\":\"2018-05-23T05:49:58+00:00\",\"mainEntityOfPage\":{\"@id\":\"https:\\\/\\\/www.romaoggi.eu\\\/index.php\\\/2018\\\/05\\\/23\\\/16087\\\/\"},\"wordCount\":135,\"commentCount\":0,\"publisher\":{\"@id\":\"https:\\\/\\\/www.romaoggi.eu\\\/#organization\"},\"image\":{\"@id\":\"https:\\\/\\\/www.romaoggi.eu\\\/index.php\\\/2018\\\/05\\\/23\\\/16087\\\/#primaryimage\"},\"thumbnailUrl\":\"https:\\\/\\\/www.romaoggi.eu\\\/wp-content\\\/uploads\\\/2018\\\/05\\\/Photo012\u00a9-2018-Fabrizio-Gambetti-Castelfusano-copia-low-marchio.jpg\",\"keywords\":[\"alessandro lisci\",\"degrado\",\"Discarica\",\"Fabrizio Gambetti\",\"La foto del giorno\",\"rifiuti\",\"RomaOggi.eu\"],\"articleSection\":[\"La foto del giorno\"],\"inLanguage\":\"it-IT\",\"potentialAction\":[{\"@type\":\"CommentAction\",\"name\":\"Comment\",\"target\":[\"https:\\\/\\\/www.romaoggi.eu\\\/index.php\\\/2018\\\/05\\\/23\\\/16087\\\/#respond\"]}]},{\"@type\":\"WebPage\",\"@id\":\"https:\\\/\\\/www.romaoggi.eu\\\/index.php\\\/2018\\\/05\\\/23\\\/16087\\\/\",\"url\":\"https:\\\/\\\/www.romaoggi.eu\\\/index.php\\\/2018\\\/05\\\/23\\\/16087\\\/\",\"name\":\"Nella pineta di Castel Fusano non solo fiori ma...rifiuti\",\"isPartOf\":{\"@id\":\"https:\\\/\\\/www.romaoggi.eu\\\/#website\"},\"primaryImageOfPage\":{\"@id\":\"https:\\\/\\\/www.romaoggi.eu\\\/index.php\\\/2018\\\/05\\\/23\\\/16087\\\/#primaryimage\"},\"image\":{\"@id\":\"https:\\\/\\\/www.romaoggi.eu\\\/index.php\\\/2018\\\/05\\\/23\\\/16087\\\/#primaryimage\"},\"thumbnailUrl\":\"https:\\\/\\\/www.romaoggi.eu\\\/wp-content\\\/uploads\\\/2018\\\/05\\\/Photo012\u00a9-2018-Fabrizio-Gambetti-Castelfusano-copia-low-marchio.jpg\",\"datePublished\":\"2018-05-23T05:38:53+00:00\",\"dateModified\":\"2018-05-23T05:49:58+00:00\",\"description\":\"La foto del giorno di Fabrizio Gambetti Alessandro Lisci Pineta di Catsel Fusano\",\"breadcrumb\":{\"@id\":\"https:\\\/\\\/www.romaoggi.eu\\\/index.php\\\/2018\\\/05\\\/23\\\/16087\\\/#breadcrumb\"},\"inLanguage\":\"it-IT\",\"potentialAction\":[{\"@type\":\"ReadAction\",\"target\":[\"https:\\\/\\\/www.romaoggi.eu\\\/index.php\\\/2018\\\/05\\\/23\\\/16087\\\/\"]}]},{\"@type\":\"ImageObject\",\"inLanguage\":\"it-IT\",\"@id\":\"https:\\\/\\\/www.romaoggi.eu\\\/index.php\\\/2018\\\/05\\\/23\\\/16087\\\/#primaryimage\",\"url\":\"https:\\\/\\\/www.romaoggi.eu\\\/wp-content\\\/uploads\\\/2018\\\/05\\\/Photo012\u00a9-2018-Fabrizio-Gambetti-Castelfusano-copia-low-marchio.jpg\",\"contentUrl\":\"https:\\\/\\\/www.romaoggi.eu\\\/wp-content\\\/uploads\\\/2018\\\/05\\\/Photo012\u00a9-2018-Fabrizio-Gambetti-Castelfusano-copia-low-marchio.jpg\",\"width\":1020,\"height\":680,\"caption\":\"Rifiuti nella pineta di Castel Fusano Photo \u00a9 2018\u00a0Fabrizio Gambetti\"},{\"@type\":\"BreadcrumbList\",\"@id\":\"https:\\\/\\\/www.romaoggi.eu\\\/index.php\\\/2018\\\/05\\\/23\\\/16087\\\/#breadcrumb\",\"itemListElement\":[{\"@type\":\"ListItem\",\"position\":1,\"name\":\"Home\",\"item\":\"https:\\\/\\\/www.romaoggi.eu\\\/\"},{\"@type\":\"ListItem\",\"position\":2,\"name\":\"Nella pineta di Castel Fusano non solo fiori ma&#8230;rifiuti\"}]},{\"@type\":\"WebSite\",\"@id\":\"https:\\\/\\\/www.romaoggi.eu\\\/#website\",\"url\":\"https:\\\/\\\/www.romaoggi.eu\\\/\",\"name\":\"roma oggi\",\"description\":\"Interesting News for Interesting people\",\"publisher\":{\"@id\":\"https:\\\/\\\/www.romaoggi.eu\\\/#organization\"},\"potentialAction\":[{\"@type\":\"SearchAction\",\"target\":{\"@type\":\"EntryPoint\",\"urlTemplate\":\"https:\\\/\\\/www.romaoggi.eu\\\/?s={search_term_string}\"},\"query-input\":{\"@type\":\"PropertyValueSpecification\",\"valueRequired\":true,\"valueName\":\"search_term_string\"}}],\"inLanguage\":\"it-IT\"},{\"@type\":\"Organization\",\"@id\":\"https:\\\/\\\/www.romaoggi.eu\\\/#organization\",\"name\":\"RomaOggi\",\"url\":\"https:\\\/\\\/www.romaoggi.eu\\\/\",\"logo\":{\"@type\":\"ImageObject\",\"inLanguage\":\"it-IT\",\"@id\":\"https:\\\/\\\/www.romaoggi.eu\\\/#\\\/schema\\\/logo\\\/image\\\/\",\"url\":\"https:\\\/\\\/www.romaoggi.eu\\\/wp-content\\\/uploads\\\/2017\\\/04\\\/logowp.jpg\",\"contentUrl\":\"https:\\\/\\\/www.romaoggi.eu\\\/wp-content\\\/uploads\\\/2017\\\/04\\\/logowp.jpg\",\"width\":300,\"height\":133,\"caption\":\"RomaOggi\"},\"image\":{\"@id\":\"https:\\\/\\\/www.romaoggi.eu\\\/#\\\/schema\\\/logo\\\/image\\\/\"},\"sameAs\":[\"https:\\\/\\\/www.facebook.com\\\/RomaOggi-841544845954114\",\"https:\\\/\\\/x.com\\\/romaoggi_eu\"]},{\"@type\":\"Person\",\"@id\":\"https:\\\/\\\/www.romaoggi.eu\\\/#\\\/schema\\\/person\\\/30ada62b3bd510c45a781b7e3bf65e69\",\"name\":\"Alessandro Lisci\",\"image\":{\"@type\":\"ImageObject\",\"inLanguage\":\"it-IT\",\"@id\":\"https:\\\/\\\/secure.gravatar.com\\\/avatar\\\/9b9712162b2ac404aa0d7d978185f203808e7bd02856a449b19868b2eb80cf12?s=96&d=mm&r=g\",\"url\":\"https:\\\/\\\/secure.gravatar.com\\\/avatar\\\/9b9712162b2ac404aa0d7d978185f203808e7bd02856a449b19868b2eb80cf12?s=96&d=mm&r=g\",\"contentUrl\":\"https:\\\/\\\/secure.gravatar.com\\\/avatar\\\/9b9712162b2ac404aa0d7d978185f203808e7bd02856a449b19868b2eb80cf12?s=96&d=mm&r=g\",\"caption\":\"Alessandro Lisci\"},\"sameAs\":[\"http:\\\/\\\/www.alessandrolisci.com\",\"https:\\\/\\\/www.facebook.com\\\/alessandro.lisci.5\",\"https:\\\/\\\/x.com\\\/https:\\\/\\\/twitter.com\\\/alessandrolisci\",\"https:\\\/\\\/www.youtube.com\\\/user\\\/alessandrolisci\"],\"url\":\"https:\\\/\\\/www.romaoggi.eu\\\/index.php\\\/author\\\/alessandro\\\/\"}]}<\/script>\n<!-- \/ Yoast SEO plugin. -->","yoast_head_json":{"title":"Nella pineta di Castel Fusano non solo fiori ma...rifiuti","description":"La foto del giorno di Fabrizio Gambetti Alessandro Lisci Pineta di Catsel Fusano","robots":{"index":"index","follow":"follow","max-snippet":"max-snippet:-1","max-image-preview":"max-image-preview:large","max-video-preview":"max-video-preview:-1"},"canonical":"https:\/\/www.romaoggi.eu\/index.php\/2018\/05\/23\/16087\/","og_locale":"it_IT","og_type":"article","og_title":"Nella pineta di Castel Fusano non solo fiori ma...rifiuti","og_description":"La foto del giorno di Fabrizio Gambetti Alessandro Lisci Pineta di Catsel Fusano","og_url":"https:\/\/www.romaoggi.eu\/index.php\/2018\/05\/23\/16087\/","og_site_name":"roma oggi","article_publisher":"https:\/\/www.facebook.com\/RomaOggi-841544845954114","article_author":"https:\/\/www.facebook.com\/alessandro.lisci.5","article_published_time":"2018-05-23T05:38:53+00:00","article_modified_time":"2018-05-23T05:49:58+00:00","og_image":[{"width":1020,"height":680,"url":"https:\/\/www.romaoggi.eu\/wp-content\/uploads\/2018\/05\/Photo012\u00a9-2018-Fabrizio-Gambetti-Castelfusano-copia-low-marchio.jpg","type":"image\/jpeg"}],"author":"Alessandro Lisci","twitter_card":"summary_large_image","twitter_creator":"@https:\/\/twitter.com\/alessandrolisci","twitter_site":"@romaoggi_eu","twitter_misc":{"Scritto da":"Alessandro Lisci","Tempo di lettura stimato":"1 minuto"},"schema":{"@context":"https:\/\/schema.org","@graph":[{"@type":"Article","@id":"https:\/\/www.romaoggi.eu\/index.php\/2018\/05\/23\/16087\/#article","isPartOf":{"@id":"https:\/\/www.romaoggi.eu\/index.php\/2018\/05\/23\/16087\/"},"author":{"name":"Alessandro Lisci","@id":"https:\/\/www.romaoggi.eu\/#\/schema\/person\/30ada62b3bd510c45a781b7e3bf65e69"},"headline":"Nella pineta di Castel Fusano non solo fiori ma&#8230;rifiuti","datePublished":"2018-05-23T05:38:53+00:00","dateModified":"2018-05-23T05:49:58+00:00","mainEntityOfPage":{"@id":"https:\/\/www.romaoggi.eu\/index.php\/2018\/05\/23\/16087\/"},"wordCount":135,"commentCount":0,"publisher":{"@id":"https:\/\/www.romaoggi.eu\/#organization"},"image":{"@id":"https:\/\/www.romaoggi.eu\/index.php\/2018\/05\/23\/16087\/#primaryimage"},"thumbnailUrl":"https:\/\/www.romaoggi.eu\/wp-content\/uploads\/2018\/05\/Photo012\u00a9-2018-Fabrizio-Gambetti-Castelfusano-copia-low-marchio.jpg","keywords":["alessandro lisci","degrado","Discarica","Fabrizio Gambetti","La foto del giorno","rifiuti","RomaOggi.eu"],"articleSection":["La foto del giorno"],"inLanguage":"it-IT","potentialAction":[{"@type":"CommentAction","name":"Comment","target":["https:\/\/www.romaoggi.eu\/index.php\/2018\/05\/23\/16087\/#respond"]}]},{"@type":"WebPage","@id":"https:\/\/www.romaoggi.eu\/index.php\/2018\/05\/23\/16087\/","url":"https:\/\/www.romaoggi.eu\/index.php\/2018\/05\/23\/16087\/","name":"Nella pineta di Castel Fusano non solo fiori ma...rifiuti","isPartOf":{"@id":"https:\/\/www.romaoggi.eu\/#website"},"primaryImageOfPage":{"@id":"https:\/\/www.romaoggi.eu\/index.php\/2018\/05\/23\/16087\/#primaryimage"},"image":{"@id":"https:\/\/www.romaoggi.eu\/index.php\/2018\/05\/23\/16087\/#primaryimage"},"thumbnailUrl":"https:\/\/www.romaoggi.eu\/wp-content\/uploads\/2018\/05\/Photo012\u00a9-2018-Fabrizio-Gambetti-Castelfusano-copia-low-marchio.jpg","datePublished":"2018-05-23T05:38:53+00:00","dateModified":"2018-05-23T05:49:58+00:00","description":"La foto del giorno di Fabrizio Gambetti Alessandro Lisci Pineta di Catsel Fusano","breadcrumb":{"@id":"https:\/\/www.romaoggi.eu\/index.php\/2018\/05\/23\/16087\/#breadcrumb"},"inLanguage":"it-IT","potentialAction":[{"@type":"ReadAction","target":["https:\/\/www.romaoggi.eu\/index.php\/2018\/05\/23\/16087\/"]}]},{"@type":"ImageObject","inLanguage":"it-IT","@id":"https:\/\/www.romaoggi.eu\/index.php\/2018\/05\/23\/16087\/#primaryimage","url":"https:\/\/www.romaoggi.eu\/wp-content\/uploads\/2018\/05\/Photo012\u00a9-2018-Fabrizio-Gambetti-Castelfusano-copia-low-marchio.jpg","contentUrl":"https:\/\/www.romaoggi.eu\/wp-content\/uploads\/2018\/05\/Photo012\u00a9-2018-Fabrizio-Gambetti-Castelfusano-copia-low-marchio.jpg","width":1020,"height":680,"caption":"Rifiuti nella pineta di Castel Fusano Photo \u00a9 2018\u00a0Fabrizio Gambetti"},{"@type":"BreadcrumbList","@id":"https:\/\/www.romaoggi.eu\/index.php\/2018\/05\/23\/16087\/#breadcrumb","itemListElement":[{"@type":"ListItem","position":1,"name":"Home","item":"https:\/\/www.romaoggi.eu\/"},{"@type":"ListItem","position":2,"name":"Nella pineta di Castel Fusano non solo fiori ma&#8230;rifiuti"}]},{"@type":"WebSite","@id":"https:\/\/www.romaoggi.eu\/#website","url":"https:\/\/www.romaoggi.eu\/","name":"roma oggi","description":"Interesting News for Interesting people","publisher":{"@id":"https:\/\/www.romaoggi.eu\/#organization"},"potentialAction":[{"@type":"SearchAction","target":{"@type":"EntryPoint","urlTemplate":"https:\/\/www.romaoggi.eu\/?s={search_term_string}"},"query-input":{"@type":"PropertyValueSpecification","valueRequired":true,"valueName":"search_term_string"}}],"inLanguage":"it-IT"},{"@type":"Organization","@id":"https:\/\/www.romaoggi.eu\/#organization","name":"RomaOggi","url":"https:\/\/www.romaoggi.eu\/","logo":{"@type":"ImageObject","inLanguage":"it-IT","@id":"https:\/\/www.romaoggi.eu\/#\/schema\/logo\/image\/","url":"https:\/\/www.romaoggi.eu\/wp-content\/uploads\/2017\/04\/logowp.jpg","contentUrl":"https:\/\/www.romaoggi.eu\/wp-content\/uploads\/2017\/04\/logowp.jpg","width":300,"height":133,"caption":"RomaOggi"},"image":{"@id":"https:\/\/www.romaoggi.eu\/#\/schema\/logo\/image\/"},"sameAs":["https:\/\/www.facebook.com\/RomaOggi-841544845954114","https:\/\/x.com\/romaoggi_eu"]},{"@type":"Person","@id":"https:\/\/www.romaoggi.eu\/#\/schema\/person\/30ada62b3bd510c45a781b7e3bf65e69","name":"Alessandro Lisci","image":{"@type":"ImageObject","inLanguage":"it-IT","@id":"https:\/\/secure.gravatar.com\/avatar\/9b9712162b2ac404aa0d7d978185f203808e7bd02856a449b19868b2eb80cf12?s=96&d=mm&r=g","url":"https:\/\/secure.gravatar.com\/avatar\/9b9712162b2ac404aa0d7d978185f203808e7bd02856a449b19868b2eb80cf12?s=96&d=mm&r=g","contentUrl":"https:\/\/secure.gravatar.com\/avatar\/9b9712162b2ac404aa0d7d978185f203808e7bd02856a449b19868b2eb80cf12?s=96&d=mm&r=g","caption":"Alessandro Lisci"},"sameAs":["http:\/\/www.alessandrolisci.com","https:\/\/www.facebook.com\/alessandro.lisci.5","https:\/\/x.com\/https:\/\/twitter.com\/alessandrolisci","https:\/\/www.youtube.com\/user\/alessandrolisci"],"url":"https:\/\/www.romaoggi.eu\/index.php\/author\/alessandro\/"}]}},"_links":{"self":[{"href":"https:\/\/www.romaoggi.eu\/index.php\/wp-json\/wp\/v2\/posts\/16087","targetHints":{"allow":["GET"]}}],"collection":[{"href":"https:\/\/www.romaoggi.eu\/index.php\/wp-json\/wp\/v2\/posts"}],"about":[{"href":"https:\/\/www.romaoggi.eu\/index.php\/wp-json\/wp\/v2\/types\/post"}],"author":[{"embeddable":true,"href":"https:\/\/www.romaoggi.eu\/index.php\/wp-json\/wp\/v2\/users\/10"}],"replies":[{"embeddable":true,"href":"https:\/\/www.romaoggi.eu\/index.php\/wp-json\/wp\/v2\/comments?post=16087"}],"version-history":[{"count":1,"href":"https:\/\/www.romaoggi.eu\/index.php\/wp-json\/wp\/v2\/posts\/16087\/revisions"}],"predecessor-version":[{"id":16089,"href":"https:\/\/www.romaoggi.eu\/index.php\/wp-json\/wp\/v2\/posts\/16087\/revisions\/16089"}],"wp:featuredmedia":[{"embeddable":true,"href":"https:\/\/www.romaoggi.eu\/index.php\/wp-json\/wp\/v2\/media\/16088"}],"wp:attachment":[{"href":"https:\/\/www.romaoggi.eu\/index.php\/wp-json\/wp\/v2\/media?parent=16087"}],"wp:term":[{"taxonomy":"category","embeddable":true,"href":"https:\/\/www.romaoggi.eu\/index.php\/wp-json\/wp\/v2\/categories?post=16087"},{"taxonomy":"post_tag","embeddable":true,"href":"https:\/\/www.romaoggi.eu\/index.php\/wp-json\/wp\/v2\/tags?post=16087"}],"curies":[{"name":"wp","href":"https:\/\/api.w.org\/{rel}","templated":true}]}}