{"id":16128,"date":"2018-05-22T19:35:27","date_gmt":"2018-05-22T17:35:27","guid":{"rendered":"http:\/\/www.romaoggi.eu\/?p=16128"},"modified":"2018-05-22T19:35:27","modified_gmt":"2018-05-22T17:35:27","slug":"cimitero","status":"publish","type":"post","link":"https:\/\/www.romaoggi.eu\/index.php\/2018\/05\/22\/cimitero\/","title":{"rendered":"Cimitero lasciato nel degrado,  Andrea Morandini : &#8221; Servono interventi immediati&#8221;"},"content":{"rendered":"<p style=\"text-align: justify;\">Cimitero e degrado, un tema sentito da tutta la cittadinanza, \u00e8 l&#8217;argomento trattato dal candidato al consiglio comunale della lega, Andrea Morandini. <span style=\"font-family: Times New Roman, serif;\"><span style=\"font-size: large;\">Lasciato nel degrado, senza manutenzione e senza un\u2019idea di futuro, Andrea Morandini commenta l&#8217;abbandono del\u00a0<\/span><\/span><span style=\"font-family: Times New Roman, serif;\"><span style=\"font-size: large;\"> Cimitero di via dei Cipressi ad Aprilia. &#8221; Servono interventi immediati, non si pu\u00f2 lasciare in queste condizioni una struttura cos\u00ec importante per la citt\u00e0 \u2013 dice il candidato \u2013 ci sono cavi elettrici scoperti, strutture fatiscenti ed infiltrazioni d\u2019acqua ovunque. Appena si entra ci si trova di fronte un comparto di loculi vuoti che sembrano abbandonati e lasciati nel completo degrado. Non certo una buona accoglienza per chi arriva al Cimitero per far visita ai propri cari. Si tratta di loculi provvisori che per\u00f2 vengono gestiti nel modo sbagliato. L\u2019amministrazione comunale aveva annunciato l\u2019apertura dell\u2019obitorio, ma cos\u00ec non \u00e8 stato, le salme vengono continuamente spostate altrove, con attese estenuanti per le eventuali autopsie e con famiglie lasciate in lunghe attese solo per decidere la data di un funerale, evento di per s\u00e9 gi\u00e0 doloroso. La sala adiacente alla chiesa \u2013 aggiunge Morandini \u2013 quella utilizzata per lasciare le bare in sosta in attesa della sepoltura, \u00e8 in condizioni pessime. Non ci si pu\u00f2 neanche avvicinare, si viene invasi da un odore terribile. In quella stessa stanza doveva essere installato un condizionatore, cos\u00ec non \u00e8 stato. Nel frattempo, dopo anni di incuria e incapacit\u00e0, non si \u00e8 pensato ad un serio ampliamento della struttura: i loculi sono ormai quasi terminati. L\u2019amministrazione non si \u00e8 preoccupata di risolvere la questione dei loculi ed ora si rischia di nuovo il collasso. Lasciare il Cimitero comunale in queste condizioni significa mancare di rispetto ai cittadini e ai loro cari defunti. E\u2019 una situazione inaccettabile\u201d.<\/span><\/span><\/p>\n<ul>\n<li style=\"text-align: justify;\">Messaggio elettorale<\/li>\n<\/ul>\n","protected":false},"excerpt":{"rendered":"<div class=\"mh-excerpt\"><p>Cimitero e degrado, un tema sentito da tutta la cittadinanza, \u00e8 l&#8217;argomento trattato dal candidato al consiglio comunale della lega, Andrea Morandini. Lasciato nel degrado, senza manutenzione e senza un\u2019idea di futuro, Andrea Morandini commenta <a class=\"mh-excerpt-more\" href=\"https:\/\/www.romaoggi.eu\/index.php\/2018\/05\/22\/cimitero\/\" title=\"Cimitero lasciato nel degrado,  Andrea Morandini : &#8221; Servono interventi immediati&#8221;\">[&#8230;]<\/a><\/p>\n<\/div>","protected":false},"author":8,"featured_media":16134,"comment_status":"closed","ping_status":"open","sticky":false,"template":"","format":"standard","meta":{"_sitemap_exclude":false,"_sitemap_priority":"","_sitemap_frequency":"","footnotes":""},"categories":[5273,1],"tags":[6269,8842,10544,10545,10433,10546],"class_list":["post-16128","post","type-post","status-publish","format-standard","has-post-thumbnail","hentry","category-oltre-roma","category-senza-categoria","tag-amministrazione-comunale","tag-candidato","tag-cimitero","tag-defunti","tag-degrado","tag-loculi"],"yoast_head":"<!-- This site is optimized with the Yoast SEO plugin v27.5 - https:\/\/yoast.com\/product\/yoast-seo-wordpress\/ -->\n<title>Cimitero lasciato nel degrado, Andrea Morandini : &quot; Servono interventi immediati&quot;<\/title>\n<meta name=\"description\" content=\"Cimitero e degrado, un tema sentito da tutta la cittadinanza, \u00e8 l&#039;argomento trattato dal candidato al consiglio comunale della lega, Andrea Morandini. &quot; Lasciato nel degrado, senza manutenzione e senza un\u2019idea di futuro,\" \/>\n<meta name=\"robots\" content=\"index, follow, max-snippet:-1, max-image-preview:large, max-video-preview:-1\" \/>\n<link rel=\"canonical\" href=\"https:\/\/www.romaoggi.eu\/index.php\/2018\/05\/22\/cimitero\/\" \/>\n<meta property=\"og:locale\" content=\"it_IT\" \/>\n<meta property=\"og:type\" content=\"article\" \/>\n<meta property=\"og:title\" content=\"Cimitero lasciato nel degrado, Andrea Morandini : &quot; Servono interventi immediati&quot;\" \/>\n<meta property=\"og:description\" content=\"Cimitero e degrado, un tema sentito da tutta la cittadinanza, \u00e8 l&#039;argomento trattato dal candidato al consiglio comunale della lega, Andrea Morandini. &quot; Lasciato nel degrado, senza manutenzione e senza un\u2019idea di futuro,\" \/>\n<meta property=\"og:url\" content=\"https:\/\/www.romaoggi.eu\/index.php\/2018\/05\/22\/cimitero\/\" \/>\n<meta property=\"og:site_name\" content=\"roma oggi\" \/>\n<meta property=\"article:publisher\" content=\"https:\/\/www.facebook.com\/RomaOggi-841544845954114\" \/>\n<meta property=\"article:published_time\" content=\"2018-05-22T17:35:27+00:00\" \/>\n<meta property=\"og:image\" content=\"https:\/\/www.romaoggi.eu\/wp-content\/uploads\/2018\/05\/Loculi-degrado.jpg\" \/>\n\t<meta property=\"og:image:width\" content=\"720\" \/>\n\t<meta property=\"og:image:height\" content=\"960\" \/>\n\t<meta property=\"og:image:type\" content=\"image\/jpeg\" \/>\n<meta name=\"author\" content=\"Lorella Iaci\" \/>\n<meta name=\"twitter:card\" content=\"summary_large_image\" \/>\n<meta name=\"twitter:creator\" content=\"@romaoggi_eu\" \/>\n<meta name=\"twitter:site\" content=\"@romaoggi_eu\" \/>\n<meta name=\"twitter:label1\" content=\"Scritto da\" \/>\n\t<meta name=\"twitter:data1\" content=\"Lorella Iaci\" \/>\n\t<meta name=\"twitter:label2\" content=\"Tempo di lettura stimato\" \/>\n\t<meta name=\"twitter:data2\" content=\"1 minuto\" \/>\n<script type=\"application\/ld+json\" class=\"yoast-schema-graph\">{\"@context\":\"https:\\\/\\\/schema.org\",\"@graph\":[{\"@type\":\"Article\",\"@id\":\"https:\\\/\\\/www.romaoggi.eu\\\/index.php\\\/2018\\\/05\\\/22\\\/cimitero\\\/#article\",\"isPartOf\":{\"@id\":\"https:\\\/\\\/www.romaoggi.eu\\\/index.php\\\/2018\\\/05\\\/22\\\/cimitero\\\/\"},\"author\":{\"name\":\"Lorella Iaci\",\"@id\":\"https:\\\/\\\/www.romaoggi.eu\\\/#\\\/schema\\\/person\\\/ad7b70148e60a0d338e73d0565829be4\"},\"headline\":\"Cimitero lasciato nel degrado, Andrea Morandini : &#8221; Servono interventi immediati&#8221;\",\"datePublished\":\"2018-05-22T17:35:27+00:00\",\"mainEntityOfPage\":{\"@id\":\"https:\\\/\\\/www.romaoggi.eu\\\/index.php\\\/2018\\\/05\\\/22\\\/cimitero\\\/\"},\"wordCount\":296,\"publisher\":{\"@id\":\"https:\\\/\\\/www.romaoggi.eu\\\/#organization\"},\"image\":{\"@id\":\"https:\\\/\\\/www.romaoggi.eu\\\/index.php\\\/2018\\\/05\\\/22\\\/cimitero\\\/#primaryimage\"},\"thumbnailUrl\":\"https:\\\/\\\/www.romaoggi.eu\\\/wp-content\\\/uploads\\\/2018\\\/05\\\/Loculi-degrado.jpg\",\"keywords\":[\"Amministrazione comunale\",\"candidato\",\"cimitero\",\"defunti\",\"degrado\",\"loculi\"],\"articleSection\":[\"oltre Roma\"],\"inLanguage\":\"it-IT\"},{\"@type\":\"WebPage\",\"@id\":\"https:\\\/\\\/www.romaoggi.eu\\\/index.php\\\/2018\\\/05\\\/22\\\/cimitero\\\/\",\"url\":\"https:\\\/\\\/www.romaoggi.eu\\\/index.php\\\/2018\\\/05\\\/22\\\/cimitero\\\/\",\"name\":\"Cimitero lasciato nel degrado, Andrea Morandini : \\\" Servono interventi immediati\\\"\",\"isPartOf\":{\"@id\":\"https:\\\/\\\/www.romaoggi.eu\\\/#website\"},\"primaryImageOfPage\":{\"@id\":\"https:\\\/\\\/www.romaoggi.eu\\\/index.php\\\/2018\\\/05\\\/22\\\/cimitero\\\/#primaryimage\"},\"image\":{\"@id\":\"https:\\\/\\\/www.romaoggi.eu\\\/index.php\\\/2018\\\/05\\\/22\\\/cimitero\\\/#primaryimage\"},\"thumbnailUrl\":\"https:\\\/\\\/www.romaoggi.eu\\\/wp-content\\\/uploads\\\/2018\\\/05\\\/Loculi-degrado.jpg\",\"datePublished\":\"2018-05-22T17:35:27+00:00\",\"description\":\"Cimitero e degrado, un tema sentito da tutta la cittadinanza, \u00e8 l'argomento trattato dal candidato al consiglio comunale della lega, Andrea Morandini. \\\" Lasciato nel degrado, senza manutenzione e senza un\u2019idea di futuro,\",\"breadcrumb\":{\"@id\":\"https:\\\/\\\/www.romaoggi.eu\\\/index.php\\\/2018\\\/05\\\/22\\\/cimitero\\\/#breadcrumb\"},\"inLanguage\":\"it-IT\",\"potentialAction\":[{\"@type\":\"ReadAction\",\"target\":[\"https:\\\/\\\/www.romaoggi.eu\\\/index.php\\\/2018\\\/05\\\/22\\\/cimitero\\\/\"]}]},{\"@type\":\"ImageObject\",\"inLanguage\":\"it-IT\",\"@id\":\"https:\\\/\\\/www.romaoggi.eu\\\/index.php\\\/2018\\\/05\\\/22\\\/cimitero\\\/#primaryimage\",\"url\":\"https:\\\/\\\/www.romaoggi.eu\\\/wp-content\\\/uploads\\\/2018\\\/05\\\/Loculi-degrado.jpg\",\"contentUrl\":\"https:\\\/\\\/www.romaoggi.eu\\\/wp-content\\\/uploads\\\/2018\\\/05\\\/Loculi-degrado.jpg\",\"width\":720,\"height\":960,\"caption\":\"alt tag cimitero\"},{\"@type\":\"BreadcrumbList\",\"@id\":\"https:\\\/\\\/www.romaoggi.eu\\\/index.php\\\/2018\\\/05\\\/22\\\/cimitero\\\/#breadcrumb\",\"itemListElement\":[{\"@type\":\"ListItem\",\"position\":1,\"name\":\"Home\",\"item\":\"https:\\\/\\\/www.romaoggi.eu\\\/\"},{\"@type\":\"ListItem\",\"position\":2,\"name\":\"Cimitero lasciato nel degrado, Andrea Morandini : &#8221; Servono interventi immediati&#8221;\"}]},{\"@type\":\"WebSite\",\"@id\":\"https:\\\/\\\/www.romaoggi.eu\\\/#website\",\"url\":\"https:\\\/\\\/www.romaoggi.eu\\\/\",\"name\":\"roma oggi\",\"description\":\"Interesting News for Interesting people\",\"publisher\":{\"@id\":\"https:\\\/\\\/www.romaoggi.eu\\\/#organization\"},\"potentialAction\":[{\"@type\":\"SearchAction\",\"target\":{\"@type\":\"EntryPoint\",\"urlTemplate\":\"https:\\\/\\\/www.romaoggi.eu\\\/?s={search_term_string}\"},\"query-input\":{\"@type\":\"PropertyValueSpecification\",\"valueRequired\":true,\"valueName\":\"search_term_string\"}}],\"inLanguage\":\"it-IT\"},{\"@type\":\"Organization\",\"@id\":\"https:\\\/\\\/www.romaoggi.eu\\\/#organization\",\"name\":\"RomaOggi\",\"url\":\"https:\\\/\\\/www.romaoggi.eu\\\/\",\"logo\":{\"@type\":\"ImageObject\",\"inLanguage\":\"it-IT\",\"@id\":\"https:\\\/\\\/www.romaoggi.eu\\\/#\\\/schema\\\/logo\\\/image\\\/\",\"url\":\"https:\\\/\\\/www.romaoggi.eu\\\/wp-content\\\/uploads\\\/2017\\\/04\\\/logowp.jpg\",\"contentUrl\":\"https:\\\/\\\/www.romaoggi.eu\\\/wp-content\\\/uploads\\\/2017\\\/04\\\/logowp.jpg\",\"width\":300,\"height\":133,\"caption\":\"RomaOggi\"},\"image\":{\"@id\":\"https:\\\/\\\/www.romaoggi.eu\\\/#\\\/schema\\\/logo\\\/image\\\/\"},\"sameAs\":[\"https:\\\/\\\/www.facebook.com\\\/RomaOggi-841544845954114\",\"https:\\\/\\\/x.com\\\/romaoggi_eu\"]},{\"@type\":\"Person\",\"@id\":\"https:\\\/\\\/www.romaoggi.eu\\\/#\\\/schema\\\/person\\\/ad7b70148e60a0d338e73d0565829be4\",\"name\":\"Lorella Iaci\",\"image\":{\"@type\":\"ImageObject\",\"inLanguage\":\"it-IT\",\"@id\":\"https:\\\/\\\/secure.gravatar.com\\\/avatar\\\/2e8016efed3d5fbee04daf254a3494924254701903584f9c0cb2504f0cdc20eb?s=96&d=mm&r=g\",\"url\":\"https:\\\/\\\/secure.gravatar.com\\\/avatar\\\/2e8016efed3d5fbee04daf254a3494924254701903584f9c0cb2504f0cdc20eb?s=96&d=mm&r=g\",\"contentUrl\":\"https:\\\/\\\/secure.gravatar.com\\\/avatar\\\/2e8016efed3d5fbee04daf254a3494924254701903584f9c0cb2504f0cdc20eb?s=96&d=mm&r=g\",\"caption\":\"Lorella Iaci\"},\"url\":\"https:\\\/\\\/www.romaoggi.eu\\\/index.php\\\/author\\\/lorella\\\/\"}]}<\/script>\n<!-- \/ Yoast SEO plugin. -->","yoast_head_json":{"title":"Cimitero lasciato nel degrado, Andrea Morandini : \" Servono interventi immediati\"","description":"Cimitero e degrado, un tema sentito da tutta la cittadinanza, \u00e8 l'argomento trattato dal candidato al consiglio comunale della lega, Andrea Morandini. \" Lasciato nel degrado, senza manutenzione e senza un\u2019idea di futuro,","robots":{"index":"index","follow":"follow","max-snippet":"max-snippet:-1","max-image-preview":"max-image-preview:large","max-video-preview":"max-video-preview:-1"},"canonical":"https:\/\/www.romaoggi.eu\/index.php\/2018\/05\/22\/cimitero\/","og_locale":"it_IT","og_type":"article","og_title":"Cimitero lasciato nel degrado, Andrea Morandini : \" Servono interventi immediati\"","og_description":"Cimitero e degrado, un tema sentito da tutta la cittadinanza, \u00e8 l'argomento trattato dal candidato al consiglio comunale della lega, Andrea Morandini. \" Lasciato nel degrado, senza manutenzione e senza un\u2019idea di futuro,","og_url":"https:\/\/www.romaoggi.eu\/index.php\/2018\/05\/22\/cimitero\/","og_site_name":"roma oggi","article_publisher":"https:\/\/www.facebook.com\/RomaOggi-841544845954114","article_published_time":"2018-05-22T17:35:27+00:00","og_image":[{"width":720,"height":960,"url":"https:\/\/www.romaoggi.eu\/wp-content\/uploads\/2018\/05\/Loculi-degrado.jpg","type":"image\/jpeg"}],"author":"Lorella Iaci","twitter_card":"summary_large_image","twitter_creator":"@romaoggi_eu","twitter_site":"@romaoggi_eu","twitter_misc":{"Scritto da":"Lorella Iaci","Tempo di lettura stimato":"1 minuto"},"schema":{"@context":"https:\/\/schema.org","@graph":[{"@type":"Article","@id":"https:\/\/www.romaoggi.eu\/index.php\/2018\/05\/22\/cimitero\/#article","isPartOf":{"@id":"https:\/\/www.romaoggi.eu\/index.php\/2018\/05\/22\/cimitero\/"},"author":{"name":"Lorella Iaci","@id":"https:\/\/www.romaoggi.eu\/#\/schema\/person\/ad7b70148e60a0d338e73d0565829be4"},"headline":"Cimitero lasciato nel degrado, Andrea Morandini : &#8221; Servono interventi immediati&#8221;","datePublished":"2018-05-22T17:35:27+00:00","mainEntityOfPage":{"@id":"https:\/\/www.romaoggi.eu\/index.php\/2018\/05\/22\/cimitero\/"},"wordCount":296,"publisher":{"@id":"https:\/\/www.romaoggi.eu\/#organization"},"image":{"@id":"https:\/\/www.romaoggi.eu\/index.php\/2018\/05\/22\/cimitero\/#primaryimage"},"thumbnailUrl":"https:\/\/www.romaoggi.eu\/wp-content\/uploads\/2018\/05\/Loculi-degrado.jpg","keywords":["Amministrazione comunale","candidato","cimitero","defunti","degrado","loculi"],"articleSection":["oltre Roma"],"inLanguage":"it-IT"},{"@type":"WebPage","@id":"https:\/\/www.romaoggi.eu\/index.php\/2018\/05\/22\/cimitero\/","url":"https:\/\/www.romaoggi.eu\/index.php\/2018\/05\/22\/cimitero\/","name":"Cimitero lasciato nel degrado, Andrea Morandini : \" Servono interventi immediati\"","isPartOf":{"@id":"https:\/\/www.romaoggi.eu\/#website"},"primaryImageOfPage":{"@id":"https:\/\/www.romaoggi.eu\/index.php\/2018\/05\/22\/cimitero\/#primaryimage"},"image":{"@id":"https:\/\/www.romaoggi.eu\/index.php\/2018\/05\/22\/cimitero\/#primaryimage"},"thumbnailUrl":"https:\/\/www.romaoggi.eu\/wp-content\/uploads\/2018\/05\/Loculi-degrado.jpg","datePublished":"2018-05-22T17:35:27+00:00","description":"Cimitero e degrado, un tema sentito da tutta la cittadinanza, \u00e8 l'argomento trattato dal candidato al consiglio comunale della lega, Andrea Morandini. \" Lasciato nel degrado, senza manutenzione e senza un\u2019idea di futuro,","breadcrumb":{"@id":"https:\/\/www.romaoggi.eu\/index.php\/2018\/05\/22\/cimitero\/#breadcrumb"},"inLanguage":"it-IT","potentialAction":[{"@type":"ReadAction","target":["https:\/\/www.romaoggi.eu\/index.php\/2018\/05\/22\/cimitero\/"]}]},{"@type":"ImageObject","inLanguage":"it-IT","@id":"https:\/\/www.romaoggi.eu\/index.php\/2018\/05\/22\/cimitero\/#primaryimage","url":"https:\/\/www.romaoggi.eu\/wp-content\/uploads\/2018\/05\/Loculi-degrado.jpg","contentUrl":"https:\/\/www.romaoggi.eu\/wp-content\/uploads\/2018\/05\/Loculi-degrado.jpg","width":720,"height":960,"caption":"alt tag cimitero"},{"@type":"BreadcrumbList","@id":"https:\/\/www.romaoggi.eu\/index.php\/2018\/05\/22\/cimitero\/#breadcrumb","itemListElement":[{"@type":"ListItem","position":1,"name":"Home","item":"https:\/\/www.romaoggi.eu\/"},{"@type":"ListItem","position":2,"name":"Cimitero lasciato nel degrado, Andrea Morandini : &#8221; Servono interventi immediati&#8221;"}]},{"@type":"WebSite","@id":"https:\/\/www.romaoggi.eu\/#website","url":"https:\/\/www.romaoggi.eu\/","name":"roma oggi","description":"Interesting News for Interesting people","publisher":{"@id":"https:\/\/www.romaoggi.eu\/#organization"},"potentialAction":[{"@type":"SearchAction","target":{"@type":"EntryPoint","urlTemplate":"https:\/\/www.romaoggi.eu\/?s={search_term_string}"},"query-input":{"@type":"PropertyValueSpecification","valueRequired":true,"valueName":"search_term_string"}}],"inLanguage":"it-IT"},{"@type":"Organization","@id":"https:\/\/www.romaoggi.eu\/#organization","name":"RomaOggi","url":"https:\/\/www.romaoggi.eu\/","logo":{"@type":"ImageObject","inLanguage":"it-IT","@id":"https:\/\/www.romaoggi.eu\/#\/schema\/logo\/image\/","url":"https:\/\/www.romaoggi.eu\/wp-content\/uploads\/2017\/04\/logowp.jpg","contentUrl":"https:\/\/www.romaoggi.eu\/wp-content\/uploads\/2017\/04\/logowp.jpg","width":300,"height":133,"caption":"RomaOggi"},"image":{"@id":"https:\/\/www.romaoggi.eu\/#\/schema\/logo\/image\/"},"sameAs":["https:\/\/www.facebook.com\/RomaOggi-841544845954114","https:\/\/x.com\/romaoggi_eu"]},{"@type":"Person","@id":"https:\/\/www.romaoggi.eu\/#\/schema\/person\/ad7b70148e60a0d338e73d0565829be4","name":"Lorella Iaci","image":{"@type":"ImageObject","inLanguage":"it-IT","@id":"https:\/\/secure.gravatar.com\/avatar\/2e8016efed3d5fbee04daf254a3494924254701903584f9c0cb2504f0cdc20eb?s=96&d=mm&r=g","url":"https:\/\/secure.gravatar.com\/avatar\/2e8016efed3d5fbee04daf254a3494924254701903584f9c0cb2504f0cdc20eb?s=96&d=mm&r=g","contentUrl":"https:\/\/secure.gravatar.com\/avatar\/2e8016efed3d5fbee04daf254a3494924254701903584f9c0cb2504f0cdc20eb?s=96&d=mm&r=g","caption":"Lorella Iaci"},"url":"https:\/\/www.romaoggi.eu\/index.php\/author\/lorella\/"}]}},"_links":{"self":[{"href":"https:\/\/www.romaoggi.eu\/index.php\/wp-json\/wp\/v2\/posts\/16128","targetHints":{"allow":["GET"]}}],"collection":[{"href":"https:\/\/www.romaoggi.eu\/index.php\/wp-json\/wp\/v2\/posts"}],"about":[{"href":"https:\/\/www.romaoggi.eu\/index.php\/wp-json\/wp\/v2\/types\/post"}],"author":[{"embeddable":true,"href":"https:\/\/www.romaoggi.eu\/index.php\/wp-json\/wp\/v2\/users\/8"}],"replies":[{"embeddable":true,"href":"https:\/\/www.romaoggi.eu\/index.php\/wp-json\/wp\/v2\/comments?post=16128"}],"version-history":[{"count":3,"href":"https:\/\/www.romaoggi.eu\/index.php\/wp-json\/wp\/v2\/posts\/16128\/revisions"}],"predecessor-version":[{"id":16135,"href":"https:\/\/www.romaoggi.eu\/index.php\/wp-json\/wp\/v2\/posts\/16128\/revisions\/16135"}],"wp:featuredmedia":[{"embeddable":true,"href":"https:\/\/www.romaoggi.eu\/index.php\/wp-json\/wp\/v2\/media\/16134"}],"wp:attachment":[{"href":"https:\/\/www.romaoggi.eu\/index.php\/wp-json\/wp\/v2\/media?parent=16128"}],"wp:term":[{"taxonomy":"category","embeddable":true,"href":"https:\/\/www.romaoggi.eu\/index.php\/wp-json\/wp\/v2\/categories?post=16128"},{"taxonomy":"post_tag","embeddable":true,"href":"https:\/\/www.romaoggi.eu\/index.php\/wp-json\/wp\/v2\/tags?post=16128"}],"curies":[{"name":"wp","href":"https:\/\/api.w.org\/{rel}","templated":true}]}}