{"id":16205,"date":"2018-05-25T17:12:47","date_gmt":"2018-05-25T15:12:47","guid":{"rendered":"http:\/\/www.romaoggi.eu\/?p=16205"},"modified":"2018-05-25T17:13:16","modified_gmt":"2018-05-25T15:13:16","slug":"capanna-murata-2","status":"publish","type":"post","link":"https:\/\/www.romaoggi.eu\/index.php\/2018\/05\/25\/capanna-murata-2\/","title":{"rendered":"Capanna Murata, va valorizzata. Imprese e Giovani per  Domenico Vulcano"},"content":{"rendered":"<div class=\"document-page\" data-page=\"1\">\n<div class=\"pdf-page\">\n<div class=\"text-wrapper user-select-text\">\n<p>Capanna Murata, va rivalorizzata. Imprese e Giovani per\u00a0 Domenico Vulcano<\/p>\n<div data-canvas-width=\"641.8533333333332\">Si ritorna a parlare anche di capanna Murata con il Candidato Domenio Vulcano.\u00a0 Per i nostri giovani vogliamo realizzare un centro di addestramento e di formazione al lavoro presso la struttura di Capanna Murata di campoverde.\u00a0\u00a0 \u201cTuteleremo e sosterremo le aziende di Aprilia abbassando le aliquote comunali di Tari e Imu.<\/div>\n<div data-canvas-width=\"641.7413333333332\">Il candidato sindaco della coalizione di centrodestra Domenico Vulcano spiega le proposte contenute all\u2019interno del programma dello schieramento in merito a temi fondamentali come lavoro e giovani, due questioni che negli ultimi anni sono state dimenticate da chi \u00e8 al governo della citt\u00e0.<\/div>\n<div data-canvas-width=\"641.2373333333333\">\u201cServono tutele per le nostre aziende \u2013 spiega Domenico Vulcano \u2013 soprattutto oggi che ci stiamo riprendendo dalla gravissima crisi economica che ha messo in ginocchio, purtroppo, molte attivit\u00e0 del territorio apriliano. Serve un vero piano di rilancio e di sostegno concertato con chi ogni mattina sfida le regole del mercato. Per questo stiamo pensando che, una volta alla guida della citt\u00e0, abbasseremo le tasse per commercianti ed imprese. Le aliquote comunali Tari e Imu devono essere alleggerite per dare respiro agli imprenditori apriliani che sono il motore pulsante di Aprilia. Per anni ci \u00e8 stato raccontato che le amministrazioni comunali sono impotenti al cospetto delle logiche commerciali, finanziarie e imprenditoriali, invece, vogliamo sforzarci di credere che un ruolo gli enti locali lo possono ancora giocare nell&#8217;interesse della nostra comunit\u00e0.<\/div>\n<div data-canvas-width=\"641.6293333333331\">Abbiamo grandissime eccellenze in tutti i settori, da quello industriale a quello agricolo, fino a quello manifatturiero. Una brava amministrazione deve saper capire quali sono le esigenze di chi fa impresa per poi tutelarlo e sostenerlo<\/div>\n<div data-canvas-width=\"641.5173333333331\">concretamente. Penso alle aziende situate all\u2019interno della zona artigianale e della zona industriale, imprese di spesso nazionale e internazionale che attendono da anni un aiuto fattivo da parte del Comune di Aprilia. Serve investire sulle infrastrutture e sul decoro urbano. Spesso queste realt\u00e0 devono fare i conti con strade impossibili, marciapiedi inesistenti e illuminazione pubblica carente.<\/div>\n<div>\u200b<\/div>\n<\/div>\n<\/div>\n<\/div>\n<div class=\"document-page\" data-page=\"2\">\n<div class=\"pdf-page\">\n<div class=\"text-wrapper user-select-text\">\n<div data-canvas-width=\"641.4986666666664\">Di certo non un bel biglietto da visita per chi vuole promuovere il proprio marchio fuori dai confini apriliani e per chi vuole investire nelle nostre zone. Il nostro pensiero va anche ai commercianti del centro storico. Insieme a loro<\/div>\n<div data-canvas-width=\"641.853333333333\">vogliamo realizzare il centro commerciale naturale, finora rimasto solo un sogno nel cassetto. La nostra idea \u00e8 quella di mettere in rete i commercianti del Centro Storico e per valorizzarne e promuoverne le attivit\u00e0.<\/div>\n<div data-canvas-width=\"229.31999999999996\">Pensiamo, altres\u00ec, anche alla tutela dei nostri prodotti tipici e alla promozione dei relativi marchi di qualit\u00e0<\/div>\n<div data-canvas-width=\"640.8826666666666\">anche attraverso nuovi canali di commercializzazione come il \u201cKm 0\u201d e la filiera corta. Vogliamo poi istituire anche percorsi enogastronomici con itinerari che incentivino il turismo e le stesse attivit\u00e0 commerciali\u201d.<\/div>\n<div data-canvas-width=\"641.144\">Ma al centro del programma dello schieramento di centrodestra ci sono anche i giovani di Aprilia troppo spesso dimenticati dalla politica locale. Per loro la coalizione del candidato sindaco Domenico Vulcano sta pensando di realizzare un centro di addestramento e di formazione presso la struttura di Capanna Murata. \u201cCapanna Murata \u2013 conclude Domenico Vulcano \u2013 \u00e8 costata miliardi senza mai essere utilizzata dal comune di Aprilia. Doveva diventare uno ostello della giovent\u00f9 ma \u00e8 rimasta una cattedrale nel deserto. Noi vogliamo rilanciarla creando al suo interno un centro di formazione e di addestramento al lavoro per i nostri ragazzi. Faremo percorsi di formazione per tutti i settori: agricolo, artigianale e industriale. Non possiamo pi\u00f9 permetterci di dimenticare i nostri ragazzi, dobbiamo investire su di loro e sul loro futuro. Perch\u00e9 sono i nostri giovani il futuro di Aprilia. Allora sostegno totale alle nuove generazioni sia per quanto riguarda il diritto allo studio, sia per quanto riguarda il mondo del lavoro ma anche e soprattutto verso le attivit\u00e0 socio-ricreative. Spazi dove poter coltivare e realizzare le proprie attitudini. Vogliamo che Aprilia diventi una citt\u00e0 moderna a misura d&#8217;uomo ed in particolar modo a misura di giovane\u201d.<\/div>\n<div data-canvas-width=\"143.09866666666667\"><\/div>\n<\/div>\n<\/div>\n<\/div>\n<div class=\"swiper-slide scrollable swiper-slide-document swiper-slide-active swiper-no-swiping\" tabindex=\"-1\" role=\"option\" aria-selected=\"false\" data-index=\"0\" data-swiper-slide-index=\"0\">\n<div class=\"document-container io-ox-core-pdf\">\n<div class=\"document-page\" data-page=\"3\">\n<div class=\"pdf-page\">\n<div class=\"text-wrapper user-select-text\">\n<div>\u200b-Messaggio elettorale-<\/div>\n<\/div>\n<\/div>\n<\/div>\n<\/div>\n<\/div>\n","protected":false},"excerpt":{"rendered":"<div class=\"mh-excerpt\"><p>Capanna Murata, va rivalorizzata. Imprese e Giovani per\u00a0 Domenico Vulcano Si ritorna a parlare anche di capanna Murata con il Candidato Domenio Vulcano.\u00a0 Per i nostri giovani vogliamo realizzare un centro di addestramento e di <a class=\"mh-excerpt-more\" href=\"https:\/\/www.romaoggi.eu\/index.php\/2018\/05\/25\/capanna-murata-2\/\" title=\"Capanna Murata, va valorizzata. Imprese e Giovani per  Domenico Vulcano\">[&#8230;]<\/a><\/p>\n<\/div>","protected":false},"author":8,"featured_media":16208,"comment_status":"closed","ping_status":"open","sticky":false,"template":"","format":"standard","meta":{"_sitemap_exclude":false,"_sitemap_priority":"","_sitemap_frequency":"","footnotes":""},"categories":[5273,1],"tags":[5378,10295,10180,10564,10018,936,10565,5330],"class_list":["post-16205","post","type-post","status-publish","format-standard","has-post-thumbnail","hentry","category-oltre-roma","category-senza-categoria","tag-aprilia","tag-campoverde","tag-candidato-a-sindaco","tag-capanna-murata","tag-domenico-vulcano","tag-giovani","tag-imprese","tag-lavoro"],"yoast_head":"<!-- This site is optimized with the Yoast SEO plugin v27.4 - https:\/\/yoast.com\/product\/yoast-seo-wordpress\/ -->\n<title>Capanna Murata, va valorizzata. Imprese e Giovani per Domenico Vulcano<\/title>\n<meta name=\"description\" content=\"Capanna Murata, va rivalorizzata. Imperse e Giovani per Domenico Vulcano Si ritorna a parlare anche di capanna Murata con il Candidato Domenio Vulcano. Per i nostri giovani vogliamo realizzare un centro di addestramento e di formazione al lavoro presso la struttura di Capanna Murata di campoverde.\" \/>\n<meta name=\"robots\" content=\"index, follow, max-snippet:-1, max-image-preview:large, max-video-preview:-1\" \/>\n<link rel=\"canonical\" href=\"https:\/\/www.romaoggi.eu\/index.php\/2018\/05\/25\/capanna-murata-2\/\" \/>\n<meta property=\"og:locale\" content=\"it_IT\" \/>\n<meta property=\"og:type\" content=\"article\" \/>\n<meta property=\"og:title\" content=\"Capanna Murata, va valorizzata. Imprese e Giovani per Domenico Vulcano\" \/>\n<meta property=\"og:description\" content=\"Capanna Murata, va rivalorizzata. Imperse e Giovani per Domenico Vulcano Si ritorna a parlare anche di capanna Murata con il Candidato Domenio Vulcano. Per i nostri giovani vogliamo realizzare un centro di addestramento e di formazione al lavoro presso la struttura di Capanna Murata di campoverde.\" \/>\n<meta property=\"og:url\" content=\"https:\/\/www.romaoggi.eu\/index.php\/2018\/05\/25\/capanna-murata-2\/\" \/>\n<meta property=\"og:site_name\" content=\"roma oggi\" \/>\n<meta property=\"article:publisher\" content=\"https:\/\/www.facebook.com\/RomaOggi-841544845954114\" \/>\n<meta property=\"article:published_time\" content=\"2018-05-25T15:12:47+00:00\" \/>\n<meta property=\"article:modified_time\" content=\"2018-05-25T15:13:16+00:00\" \/>\n<meta property=\"og:image\" content=\"https:\/\/www.romaoggi.eu\/wp-content\/uploads\/2018\/05\/domenico-vulcano-6.jpg\" \/>\n\t<meta property=\"og:image:width\" content=\"610\" \/>\n\t<meta property=\"og:image:height\" content=\"458\" \/>\n\t<meta property=\"og:image:type\" content=\"image\/jpeg\" \/>\n<meta name=\"author\" content=\"Lorella Iaci\" \/>\n<meta name=\"twitter:card\" content=\"summary_large_image\" \/>\n<meta name=\"twitter:creator\" content=\"@romaoggi_eu\" \/>\n<meta name=\"twitter:site\" content=\"@romaoggi_eu\" \/>\n<meta name=\"twitter:label1\" content=\"Scritto da\" \/>\n\t<meta name=\"twitter:data1\" content=\"Lorella Iaci\" \/>\n\t<meta name=\"twitter:label2\" content=\"Tempo di lettura stimato\" \/>\n\t<meta name=\"twitter:data2\" content=\"3 minuti\" \/>\n<script type=\"application\/ld+json\" class=\"yoast-schema-graph\">{\"@context\":\"https:\\\/\\\/schema.org\",\"@graph\":[{\"@type\":\"Article\",\"@id\":\"https:\\\/\\\/www.romaoggi.eu\\\/index.php\\\/2018\\\/05\\\/25\\\/capanna-murata-2\\\/#article\",\"isPartOf\":{\"@id\":\"https:\\\/\\\/www.romaoggi.eu\\\/index.php\\\/2018\\\/05\\\/25\\\/capanna-murata-2\\\/\"},\"author\":{\"name\":\"Lorella Iaci\",\"@id\":\"https:\\\/\\\/www.romaoggi.eu\\\/#\\\/schema\\\/person\\\/ad7b70148e60a0d338e73d0565829be4\"},\"headline\":\"Capanna Murata, va valorizzata. Imprese e Giovani per Domenico Vulcano\",\"datePublished\":\"2018-05-25T15:12:47+00:00\",\"dateModified\":\"2018-05-25T15:13:16+00:00\",\"mainEntityOfPage\":{\"@id\":\"https:\\\/\\\/www.romaoggi.eu\\\/index.php\\\/2018\\\/05\\\/25\\\/capanna-murata-2\\\/\"},\"wordCount\":649,\"publisher\":{\"@id\":\"https:\\\/\\\/www.romaoggi.eu\\\/#organization\"},\"image\":{\"@id\":\"https:\\\/\\\/www.romaoggi.eu\\\/index.php\\\/2018\\\/05\\\/25\\\/capanna-murata-2\\\/#primaryimage\"},\"thumbnailUrl\":\"https:\\\/\\\/www.romaoggi.eu\\\/wp-content\\\/uploads\\\/2018\\\/05\\\/domenico-vulcano-6.jpg\",\"keywords\":[\"Aprilia\",\"Campoverde\",\"candidato a sindaco\",\"capanna murata\",\"Domenico Vulcano\",\"giovani\",\"imprese\",\"lavoro\"],\"articleSection\":[\"oltre Roma\"],\"inLanguage\":\"it-IT\"},{\"@type\":\"WebPage\",\"@id\":\"https:\\\/\\\/www.romaoggi.eu\\\/index.php\\\/2018\\\/05\\\/25\\\/capanna-murata-2\\\/\",\"url\":\"https:\\\/\\\/www.romaoggi.eu\\\/index.php\\\/2018\\\/05\\\/25\\\/capanna-murata-2\\\/\",\"name\":\"Capanna Murata, va valorizzata. Imprese e Giovani per Domenico Vulcano\",\"isPartOf\":{\"@id\":\"https:\\\/\\\/www.romaoggi.eu\\\/#website\"},\"primaryImageOfPage\":{\"@id\":\"https:\\\/\\\/www.romaoggi.eu\\\/index.php\\\/2018\\\/05\\\/25\\\/capanna-murata-2\\\/#primaryimage\"},\"image\":{\"@id\":\"https:\\\/\\\/www.romaoggi.eu\\\/index.php\\\/2018\\\/05\\\/25\\\/capanna-murata-2\\\/#primaryimage\"},\"thumbnailUrl\":\"https:\\\/\\\/www.romaoggi.eu\\\/wp-content\\\/uploads\\\/2018\\\/05\\\/domenico-vulcano-6.jpg\",\"datePublished\":\"2018-05-25T15:12:47+00:00\",\"dateModified\":\"2018-05-25T15:13:16+00:00\",\"description\":\"Capanna Murata, va rivalorizzata. Imperse e Giovani per Domenico Vulcano Si ritorna a parlare anche di capanna Murata con il Candidato Domenio Vulcano. Per i nostri giovani vogliamo realizzare un centro di addestramento e di formazione al lavoro presso la struttura di Capanna Murata di campoverde.\",\"breadcrumb\":{\"@id\":\"https:\\\/\\\/www.romaoggi.eu\\\/index.php\\\/2018\\\/05\\\/25\\\/capanna-murata-2\\\/#breadcrumb\"},\"inLanguage\":\"it-IT\",\"potentialAction\":[{\"@type\":\"ReadAction\",\"target\":[\"https:\\\/\\\/www.romaoggi.eu\\\/index.php\\\/2018\\\/05\\\/25\\\/capanna-murata-2\\\/\"]}]},{\"@type\":\"ImageObject\",\"inLanguage\":\"it-IT\",\"@id\":\"https:\\\/\\\/www.romaoggi.eu\\\/index.php\\\/2018\\\/05\\\/25\\\/capanna-murata-2\\\/#primaryimage\",\"url\":\"https:\\\/\\\/www.romaoggi.eu\\\/wp-content\\\/uploads\\\/2018\\\/05\\\/domenico-vulcano-6.jpg\",\"contentUrl\":\"https:\\\/\\\/www.romaoggi.eu\\\/wp-content\\\/uploads\\\/2018\\\/05\\\/domenico-vulcano-6.jpg\",\"width\":610,\"height\":458,\"caption\":\"alt tag capanna murata\"},{\"@type\":\"BreadcrumbList\",\"@id\":\"https:\\\/\\\/www.romaoggi.eu\\\/index.php\\\/2018\\\/05\\\/25\\\/capanna-murata-2\\\/#breadcrumb\",\"itemListElement\":[{\"@type\":\"ListItem\",\"position\":1,\"name\":\"Home\",\"item\":\"https:\\\/\\\/www.romaoggi.eu\\\/\"},{\"@type\":\"ListItem\",\"position\":2,\"name\":\"Capanna Murata, va valorizzata. Imprese e Giovani per Domenico Vulcano\"}]},{\"@type\":\"WebSite\",\"@id\":\"https:\\\/\\\/www.romaoggi.eu\\\/#website\",\"url\":\"https:\\\/\\\/www.romaoggi.eu\\\/\",\"name\":\"roma oggi\",\"description\":\"Interesting News for Interesting people\",\"publisher\":{\"@id\":\"https:\\\/\\\/www.romaoggi.eu\\\/#organization\"},\"potentialAction\":[{\"@type\":\"SearchAction\",\"target\":{\"@type\":\"EntryPoint\",\"urlTemplate\":\"https:\\\/\\\/www.romaoggi.eu\\\/?s={search_term_string}\"},\"query-input\":{\"@type\":\"PropertyValueSpecification\",\"valueRequired\":true,\"valueName\":\"search_term_string\"}}],\"inLanguage\":\"it-IT\"},{\"@type\":\"Organization\",\"@id\":\"https:\\\/\\\/www.romaoggi.eu\\\/#organization\",\"name\":\"RomaOggi\",\"url\":\"https:\\\/\\\/www.romaoggi.eu\\\/\",\"logo\":{\"@type\":\"ImageObject\",\"inLanguage\":\"it-IT\",\"@id\":\"https:\\\/\\\/www.romaoggi.eu\\\/#\\\/schema\\\/logo\\\/image\\\/\",\"url\":\"https:\\\/\\\/www.romaoggi.eu\\\/wp-content\\\/uploads\\\/2017\\\/04\\\/logowp.jpg\",\"contentUrl\":\"https:\\\/\\\/www.romaoggi.eu\\\/wp-content\\\/uploads\\\/2017\\\/04\\\/logowp.jpg\",\"width\":300,\"height\":133,\"caption\":\"RomaOggi\"},\"image\":{\"@id\":\"https:\\\/\\\/www.romaoggi.eu\\\/#\\\/schema\\\/logo\\\/image\\\/\"},\"sameAs\":[\"https:\\\/\\\/www.facebook.com\\\/RomaOggi-841544845954114\",\"https:\\\/\\\/x.com\\\/romaoggi_eu\"]},{\"@type\":\"Person\",\"@id\":\"https:\\\/\\\/www.romaoggi.eu\\\/#\\\/schema\\\/person\\\/ad7b70148e60a0d338e73d0565829be4\",\"name\":\"Lorella Iaci\",\"image\":{\"@type\":\"ImageObject\",\"inLanguage\":\"it-IT\",\"@id\":\"https:\\\/\\\/secure.gravatar.com\\\/avatar\\\/2e8016efed3d5fbee04daf254a3494924254701903584f9c0cb2504f0cdc20eb?s=96&d=mm&r=g\",\"url\":\"https:\\\/\\\/secure.gravatar.com\\\/avatar\\\/2e8016efed3d5fbee04daf254a3494924254701903584f9c0cb2504f0cdc20eb?s=96&d=mm&r=g\",\"contentUrl\":\"https:\\\/\\\/secure.gravatar.com\\\/avatar\\\/2e8016efed3d5fbee04daf254a3494924254701903584f9c0cb2504f0cdc20eb?s=96&d=mm&r=g\",\"caption\":\"Lorella Iaci\"},\"url\":\"https:\\\/\\\/www.romaoggi.eu\\\/index.php\\\/author\\\/lorella\\\/\"}]}<\/script>\n<!-- \/ Yoast SEO plugin. -->","yoast_head_json":{"title":"Capanna Murata, va valorizzata. Imprese e Giovani per Domenico Vulcano","description":"Capanna Murata, va rivalorizzata. Imperse e Giovani per Domenico Vulcano Si ritorna a parlare anche di capanna Murata con il Candidato Domenio Vulcano. Per i nostri giovani vogliamo realizzare un centro di addestramento e di formazione al lavoro presso la struttura di Capanna Murata di campoverde.","robots":{"index":"index","follow":"follow","max-snippet":"max-snippet:-1","max-image-preview":"max-image-preview:large","max-video-preview":"max-video-preview:-1"},"canonical":"https:\/\/www.romaoggi.eu\/index.php\/2018\/05\/25\/capanna-murata-2\/","og_locale":"it_IT","og_type":"article","og_title":"Capanna Murata, va valorizzata. Imprese e Giovani per Domenico Vulcano","og_description":"Capanna Murata, va rivalorizzata. Imperse e Giovani per Domenico Vulcano Si ritorna a parlare anche di capanna Murata con il Candidato Domenio Vulcano. Per i nostri giovani vogliamo realizzare un centro di addestramento e di formazione al lavoro presso la struttura di Capanna Murata di campoverde.","og_url":"https:\/\/www.romaoggi.eu\/index.php\/2018\/05\/25\/capanna-murata-2\/","og_site_name":"roma oggi","article_publisher":"https:\/\/www.facebook.com\/RomaOggi-841544845954114","article_published_time":"2018-05-25T15:12:47+00:00","article_modified_time":"2018-05-25T15:13:16+00:00","og_image":[{"width":610,"height":458,"url":"https:\/\/www.romaoggi.eu\/wp-content\/uploads\/2018\/05\/domenico-vulcano-6.jpg","type":"image\/jpeg"}],"author":"Lorella Iaci","twitter_card":"summary_large_image","twitter_creator":"@romaoggi_eu","twitter_site":"@romaoggi_eu","twitter_misc":{"Scritto da":"Lorella Iaci","Tempo di lettura stimato":"3 minuti"},"schema":{"@context":"https:\/\/schema.org","@graph":[{"@type":"Article","@id":"https:\/\/www.romaoggi.eu\/index.php\/2018\/05\/25\/capanna-murata-2\/#article","isPartOf":{"@id":"https:\/\/www.romaoggi.eu\/index.php\/2018\/05\/25\/capanna-murata-2\/"},"author":{"name":"Lorella Iaci","@id":"https:\/\/www.romaoggi.eu\/#\/schema\/person\/ad7b70148e60a0d338e73d0565829be4"},"headline":"Capanna Murata, va valorizzata. Imprese e Giovani per Domenico Vulcano","datePublished":"2018-05-25T15:12:47+00:00","dateModified":"2018-05-25T15:13:16+00:00","mainEntityOfPage":{"@id":"https:\/\/www.romaoggi.eu\/index.php\/2018\/05\/25\/capanna-murata-2\/"},"wordCount":649,"publisher":{"@id":"https:\/\/www.romaoggi.eu\/#organization"},"image":{"@id":"https:\/\/www.romaoggi.eu\/index.php\/2018\/05\/25\/capanna-murata-2\/#primaryimage"},"thumbnailUrl":"https:\/\/www.romaoggi.eu\/wp-content\/uploads\/2018\/05\/domenico-vulcano-6.jpg","keywords":["Aprilia","Campoverde","candidato a sindaco","capanna murata","Domenico Vulcano","giovani","imprese","lavoro"],"articleSection":["oltre Roma"],"inLanguage":"it-IT"},{"@type":"WebPage","@id":"https:\/\/www.romaoggi.eu\/index.php\/2018\/05\/25\/capanna-murata-2\/","url":"https:\/\/www.romaoggi.eu\/index.php\/2018\/05\/25\/capanna-murata-2\/","name":"Capanna Murata, va valorizzata. Imprese e Giovani per Domenico Vulcano","isPartOf":{"@id":"https:\/\/www.romaoggi.eu\/#website"},"primaryImageOfPage":{"@id":"https:\/\/www.romaoggi.eu\/index.php\/2018\/05\/25\/capanna-murata-2\/#primaryimage"},"image":{"@id":"https:\/\/www.romaoggi.eu\/index.php\/2018\/05\/25\/capanna-murata-2\/#primaryimage"},"thumbnailUrl":"https:\/\/www.romaoggi.eu\/wp-content\/uploads\/2018\/05\/domenico-vulcano-6.jpg","datePublished":"2018-05-25T15:12:47+00:00","dateModified":"2018-05-25T15:13:16+00:00","description":"Capanna Murata, va rivalorizzata. Imperse e Giovani per Domenico Vulcano Si ritorna a parlare anche di capanna Murata con il Candidato Domenio Vulcano. Per i nostri giovani vogliamo realizzare un centro di addestramento e di formazione al lavoro presso la struttura di Capanna Murata di campoverde.","breadcrumb":{"@id":"https:\/\/www.romaoggi.eu\/index.php\/2018\/05\/25\/capanna-murata-2\/#breadcrumb"},"inLanguage":"it-IT","potentialAction":[{"@type":"ReadAction","target":["https:\/\/www.romaoggi.eu\/index.php\/2018\/05\/25\/capanna-murata-2\/"]}]},{"@type":"ImageObject","inLanguage":"it-IT","@id":"https:\/\/www.romaoggi.eu\/index.php\/2018\/05\/25\/capanna-murata-2\/#primaryimage","url":"https:\/\/www.romaoggi.eu\/wp-content\/uploads\/2018\/05\/domenico-vulcano-6.jpg","contentUrl":"https:\/\/www.romaoggi.eu\/wp-content\/uploads\/2018\/05\/domenico-vulcano-6.jpg","width":610,"height":458,"caption":"alt tag capanna murata"},{"@type":"BreadcrumbList","@id":"https:\/\/www.romaoggi.eu\/index.php\/2018\/05\/25\/capanna-murata-2\/#breadcrumb","itemListElement":[{"@type":"ListItem","position":1,"name":"Home","item":"https:\/\/www.romaoggi.eu\/"},{"@type":"ListItem","position":2,"name":"Capanna Murata, va valorizzata. Imprese e Giovani per Domenico Vulcano"}]},{"@type":"WebSite","@id":"https:\/\/www.romaoggi.eu\/#website","url":"https:\/\/www.romaoggi.eu\/","name":"roma oggi","description":"Interesting News for Interesting people","publisher":{"@id":"https:\/\/www.romaoggi.eu\/#organization"},"potentialAction":[{"@type":"SearchAction","target":{"@type":"EntryPoint","urlTemplate":"https:\/\/www.romaoggi.eu\/?s={search_term_string}"},"query-input":{"@type":"PropertyValueSpecification","valueRequired":true,"valueName":"search_term_string"}}],"inLanguage":"it-IT"},{"@type":"Organization","@id":"https:\/\/www.romaoggi.eu\/#organization","name":"RomaOggi","url":"https:\/\/www.romaoggi.eu\/","logo":{"@type":"ImageObject","inLanguage":"it-IT","@id":"https:\/\/www.romaoggi.eu\/#\/schema\/logo\/image\/","url":"https:\/\/www.romaoggi.eu\/wp-content\/uploads\/2017\/04\/logowp.jpg","contentUrl":"https:\/\/www.romaoggi.eu\/wp-content\/uploads\/2017\/04\/logowp.jpg","width":300,"height":133,"caption":"RomaOggi"},"image":{"@id":"https:\/\/www.romaoggi.eu\/#\/schema\/logo\/image\/"},"sameAs":["https:\/\/www.facebook.com\/RomaOggi-841544845954114","https:\/\/x.com\/romaoggi_eu"]},{"@type":"Person","@id":"https:\/\/www.romaoggi.eu\/#\/schema\/person\/ad7b70148e60a0d338e73d0565829be4","name":"Lorella Iaci","image":{"@type":"ImageObject","inLanguage":"it-IT","@id":"https:\/\/secure.gravatar.com\/avatar\/2e8016efed3d5fbee04daf254a3494924254701903584f9c0cb2504f0cdc20eb?s=96&d=mm&r=g","url":"https:\/\/secure.gravatar.com\/avatar\/2e8016efed3d5fbee04daf254a3494924254701903584f9c0cb2504f0cdc20eb?s=96&d=mm&r=g","contentUrl":"https:\/\/secure.gravatar.com\/avatar\/2e8016efed3d5fbee04daf254a3494924254701903584f9c0cb2504f0cdc20eb?s=96&d=mm&r=g","caption":"Lorella Iaci"},"url":"https:\/\/www.romaoggi.eu\/index.php\/author\/lorella\/"}]}},"_links":{"self":[{"href":"https:\/\/www.romaoggi.eu\/index.php\/wp-json\/wp\/v2\/posts\/16205","targetHints":{"allow":["GET"]}}],"collection":[{"href":"https:\/\/www.romaoggi.eu\/index.php\/wp-json\/wp\/v2\/posts"}],"about":[{"href":"https:\/\/www.romaoggi.eu\/index.php\/wp-json\/wp\/v2\/types\/post"}],"author":[{"embeddable":true,"href":"https:\/\/www.romaoggi.eu\/index.php\/wp-json\/wp\/v2\/users\/8"}],"replies":[{"embeddable":true,"href":"https:\/\/www.romaoggi.eu\/index.php\/wp-json\/wp\/v2\/comments?post=16205"}],"version-history":[{"count":3,"href":"https:\/\/www.romaoggi.eu\/index.php\/wp-json\/wp\/v2\/posts\/16205\/revisions"}],"predecessor-version":[{"id":16209,"href":"https:\/\/www.romaoggi.eu\/index.php\/wp-json\/wp\/v2\/posts\/16205\/revisions\/16209"}],"wp:featuredmedia":[{"embeddable":true,"href":"https:\/\/www.romaoggi.eu\/index.php\/wp-json\/wp\/v2\/media\/16208"}],"wp:attachment":[{"href":"https:\/\/www.romaoggi.eu\/index.php\/wp-json\/wp\/v2\/media?parent=16205"}],"wp:term":[{"taxonomy":"category","embeddable":true,"href":"https:\/\/www.romaoggi.eu\/index.php\/wp-json\/wp\/v2\/categories?post=16205"},{"taxonomy":"post_tag","embeddable":true,"href":"https:\/\/www.romaoggi.eu\/index.php\/wp-json\/wp\/v2\/tags?post=16205"}],"curies":[{"name":"wp","href":"https:\/\/api.w.org\/{rel}","templated":true}]}}