{"id":16531,"date":"2018-06-03T03:42:26","date_gmt":"2018-06-03T01:42:26","guid":{"rendered":"http:\/\/www.romaoggi.eu\/?p=16531"},"modified":"2018-06-03T03:42:26","modified_gmt":"2018-06-03T01:42:26","slug":"canaletto-1697-1768-le-opere-in-mostra-al-museo-di-roma-palazzo-braschi","status":"publish","type":"post","link":"https:\/\/www.romaoggi.eu\/index.php\/2018\/06\/03\/canaletto-1697-1768-le-opere-in-mostra-al-museo-di-roma-palazzo-braschi\/","title":{"rendered":"\u201cCanaletto 1697-1768\u201d: le opere in mostra al Museo di Roma Palazzo Braschi"},"content":{"rendered":"<figure id=\"attachment_14149\" aria-describedby=\"caption-attachment-14149\" style=\"width: 678px\" class=\"wp-caption aligncenter\"><img loading=\"lazy\" decoding=\"async\" class=\"wp-image-14149 size-mh-magazine-content\" src=\"https:\/\/www.romaoggi.eu\/wp-content\/uploads\/2018\/03\/img-001-1-678x381.jpg\" alt=\"Alt text il mistero del cronovisore\" width=\"678\" height=\"381\" \/><figcaption id=\"caption-attachment-14149\" class=\"wp-caption-text\"><a href=\"https:\/\/stores.streetlib.com\/it\/cristiano-morelli\/il-mistero-del-cronovisore\"><strong>CLICCA QUI PER COMPRARE IL MIO NUOVO EBOOK A SOLI \u20ac 0,49!<\/strong><\/a><\/figcaption><\/figure>\n<p align=\"JUSTIFY\"><span style=\"color: #000000;\"><span style=\"font-family: Times New Roman, serif;\"><span style=\"font-size: medium;\">G<\/span><\/span><\/span><span style=\"color: #000000;\"><span style=\"font-family: Times New Roman, serif;\"><span style=\"font-size: medium;\">iovanni Antonio Canal (Venezia 1697 -1768) noto come Canaletto, viene celebrato con una grande retrospettiva negli spazi espositivi del\u00a0<\/span><\/span><\/span><strong><span style=\"color: #000000;\"><span style=\"font-family: Times New Roman, serif;\"><span style=\"font-size: medium;\"><b>Museo di Roma Palazzo Braschi<\/b><\/span><\/span><\/span><\/strong><span style=\"color: #000000;\"><span style=\"font-family: Times New Roman, serif;\"><span style=\"font-size: medium;\">\u00a0a Piazza Navona dall\u201911 aprile al 19 agosto 2018. La mostra\u00a0<\/span><\/span><\/span><strong><span style=\"color: #000000;\"><span style=\"font-family: Times New Roman, serif;\"><span style=\"font-size: medium;\">\u201c<\/span><\/span><\/span><\/strong><strong><span style=\"color: #000000;\"><span style=\"font-family: Times New Roman, serif;\"><span style=\"font-size: medium;\"><b>Canaletto 1697-1768\u201d<\/b><\/span><\/span><\/span><\/strong><span style=\"color: #000000;\"><span style=\"font-family: Times New Roman, serif;\"><span style=\"font-size: medium;\">, promossa dall\u2019Assessorato alla Crescita culturale di Roma Capitale &#8211; Sovrintendenza Capitolina con l\u2019organizzazione dell\u2019Associazione Culturale MetaMorfosi in collaborazione con Z\u00e8tema Progetto Cultura e a cura di Bo\u017cena Anna Kowalczyk, intende celebrare il\u00a0<\/span><\/span><\/span><strong><span style=\"color: #000000;\"><span style=\"font-family: Times New Roman, serif;\"><span style=\"font-size: medium;\"><b>250\u00b0 anniversario della morte<\/b><\/span><\/span><\/span><\/strong><span style=\"color: #000000;\"><span style=\"font-family: Times New Roman, serif;\"><span style=\"font-size: medium;\">\u00a0del grande pittore veneziano presentando il pi\u00f9 grande nucleo di opere di sua mano mai esposto in Italia: 42 dipinti, inclusi alcuni celebri capolavori, 9 disegni e 16 libri e documenti d\u2019archivio. <\/span><\/span><\/span><\/p>\n<h2 class=\"western\" align=\"JUSTIFY\"><span style=\"color: #000000;\">\u201c<span style=\"font-family: Times New Roman, serif;\"><span style=\"font-size: medium;\"><b>Canaletto 1697-1768\u201d: le opere in mostra\u00a0 Roma<\/b><\/span><\/span><\/span><\/h2>\n<p align=\"JUSTIFY\"><span style=\"color: #000000;\"><span style=\"font-family: Times New Roman, serif;\"><span style=\"font-size: medium;\">Canaletto \u00e8 uno dei pi\u00f9 noti artisti del Settecento europeo. Con il suo genio pittorico ha rivoluzionato il genere della veduta \u2012 ritenuto fino ad allora secondario \u2012 mettendolo alla pari con la pittura di storia e di figura, anzi, innalzandolo a emblema degli ideali scientifici e artistici dell\u2019Illuminismo.<\/span><\/span><\/span><\/p>\n<p align=\"JUSTIFY\"><span style=\"color: #000000;\"><span style=\"font-family: Times New Roman, serif;\"><span style=\"font-size: medium;\">Il suo percorso affascina e coinvolge. Dalla<\/span><\/span><\/span><strong><span style=\"color: #000000;\"><span style=\"font-family: Times New Roman, serif;\"><span style=\"font-size: medium;\">\u00a0<\/span><\/span><\/span><\/strong><strong><span style=\"color: #000000;\"><span style=\"font-family: Times New Roman, serif;\"><span style=\"font-size: medium;\"><b>giovinezza tra Venezia e Roma<\/b><\/span><\/span><\/span><\/strong><span style=\"color: #000000;\"><span style=\"font-family: Times New Roman, serif;\"><span style=\"font-size: medium;\">\u00a0come uomo di teatro e impetuoso pittore di rovine romane, al suo ritorno da Roma come stella nascente sulla scena delle vedute veneziane. Prosegue poi arrivando al successo internazionale, con le commissioni degli ambasciatori stranieri per le ampie tele che rappresentano le feste della Serenissima in loro onore \u2013 in mostra si pu\u00f2 ammirare il magnifico Bucintoro di ritorno al Molo il giorno dell\u2019Ascensione del Museo Pushkin \u2013 e l\u2019entusiasmo dei turisti inglesi del Grand Tour. Per loro le luminose vedute di Venezia, cos\u00ec ricche di dettagli architettonici e di vita quotidiana, rappresentano i pi\u00f9 incantevoli souvenir del viaggio. Non mancano, per\u00f2, imprevisti e sfortune: a Londra deve pubblicare annunci sulla stampa per rispondere ad alcune voci denigratorie e, tornato a Venezia, viene eletto accademico delle Belle Arti con difficolt\u00e0. Infine, come accade a molti geni, la morte lo coglie in povert\u00e0.<\/span><\/span><\/span><\/p>\n<p align=\"JUSTIFY\"><span style=\"color: #000000;\"><span style=\"font-family: Times New Roman, serif;\"><span style=\"font-size: medium;\">Le opere in mostra provengono da alcuni tra i\u00a0<\/span><\/span><\/span><strong><span style=\"color: #000000;\"><span style=\"font-family: Times New Roman, serif;\"><span style=\"font-size: medium;\"><b>pi\u00f9 importanti musei del mondo<\/b><\/span><\/span><\/span><\/strong><span style=\"color: #000000;\"><span style=\"font-family: Times New Roman, serif;\"><span style=\"font-size: medium;\">, tra cui il Museo Pushkin di Mosca, il Jacquemart-Andr\u00e9 di Parigi, il Museo delle Belle Arti di Budapest, la National Gallery di Londra e il Kunsthistorisches Museum di Vienna. Presenti anche alcune opere conservate nelle collezioni britanniche per le quali sono state appositamente create e altre provenienti dai musei statunitensi di Boston, Kansas City e Cincinnati. Tra le istituzioni museali italiane presenti in mostra con le loro opere: il Castello Sforzesco di Milano; i Musei Reali di Torino; la Fondazione Giorgio Cini. Istituto per il Teatro e il Melodramma e le Gallerie dell&#8217;Accademia di Venezia; la Galleria Borghese e le Gallerie Nazionali d&#8217;arte Antica Palazzo Barberini di Roma.<\/span><\/span><\/span><\/p>\n<p align=\"JUSTIFY\"><img loading=\"lazy\" decoding=\"async\" class=\"aligncenter wp-image-16533 size-full\" src=\"https:\/\/www.romaoggi.eu\/wp-content\/uploads\/2018\/06\/big_176-860x450_c.jpg\" alt=\"Alt text Palazzo Braschi\" width=\"860\" height=\"450\" srcset=\"https:\/\/www.romaoggi.eu\/wp-content\/uploads\/2018\/06\/big_176-860x450_c.jpg 860w, https:\/\/www.romaoggi.eu\/wp-content\/uploads\/2018\/06\/big_176-860x450_c-300x157.jpg 300w\" sizes=\"auto, (max-width: 860px) 100vw, 860px\" \/><\/p>\n<h2 class=\"western\" align=\"JUSTIFY\"><span style=\"color: #000000;\"><span style=\"font-family: Times New Roman, serif;\"><span style=\"font-size: medium;\"><b>I capolavori di Canaletto a Palazzo Braschi<\/b><\/span><\/span><\/span><\/h2>\n<p align=\"JUSTIFY\"><span style=\"color: #000000;\"><span style=\"font-family: Times New Roman, serif;\"><span style=\"font-size: medium;\">Tra i capolavori in mostra, oltre al gi\u00e0 menzionato dipinto del Museo Pushkin, spiccano due opere della Pinacoteca Gianni e Marella Agnelli di Torino: Il Canal Grande da nord, verso il ponte di Rialto, e\u00a0<\/span><\/span><\/span><strong><span style=\"color: #000000;\"><span style=\"font-family: Times New Roman, serif;\"><span style=\"font-size: medium;\"><b>Il Canal Grande<\/b><\/span><\/span><\/span><\/strong><span style=\"color: #000000;\"><span style=\"font-family: Times New Roman, serif;\"><span style=\"font-size: medium;\">\u00a0con Santa Maria della Carit\u00e0, esposti per la prima volta assieme al manoscritto della Biblioteca Statale di Lucca che ne illustra le circostanze della commissione e della realizzazione.<\/span><\/span><\/span><\/p>\n<p align=\"JUSTIFY\"><span style=\"color: #000000;\"><span style=\"font-family: Times New Roman, serif;\"><span style=\"font-size: medium;\">Una sala ricca di prestiti eccezionali \u2013 dal museo di Cincinnati e da collezioni private &#8211; \u00e8 dedicata alle vedute di Roma che Canaletto realizza negli anni della maturit\u00e0, sulla base dei propri disegni o delle stampe di Desgodets, Falda, Specchi e Du P\u00e9rac, alcune delle quali sono raccolte negli album provenienti dal Museo di Roma.<\/span><\/span><\/span><\/p>\n<p align=\"JUSTIFY\"><span style=\"color: #000000;\"><span style=\"font-family: Times New Roman, serif;\"><span style=\"font-size: medium;\">Tra i dipinti, alcuni dei quali esposti per la prima volta in Italia, vanno menzionate le due parti di un\u2019unica, ampia tela, raffigurante Chelsea da Battersea Reach, tagliata prima del 1802 e riunita in questa mostra per la prima volta. La parte sinistra proviene da Blickling Hall, National Trust, Regno Unito, quella destra dal Museo Nacional De Bellas Artes de la Habana, eccezionalmente concessa in prestito dal governo cubano.<\/span><\/span><\/span><\/p>\n<p align=\"JUSTIFY\"><img loading=\"lazy\" decoding=\"async\" class=\"aligncenter wp-image-16534 size-full\" src=\"https:\/\/www.romaoggi.eu\/wp-content\/uploads\/2018\/06\/2.-Collezione-privata_600.jpg\" alt=\"Alt text Palazzo Braschi\" width=\"600\" height=\"335\" srcset=\"https:\/\/www.romaoggi.eu\/wp-content\/uploads\/2018\/06\/2.-Collezione-privata_600.jpg 600w, https:\/\/www.romaoggi.eu\/wp-content\/uploads\/2018\/06\/2.-Collezione-privata_600-300x168.jpg 300w\" sizes=\"auto, (max-width: 600px) 100vw, 600px\" \/><\/p>\n<h2 class=\"western\" align=\"JUSTIFY\"><span style=\"color: #000000;\"><span style=\"font-family: Times New Roman, serif;\"><span style=\"font-size: medium;\"><b>I disegni preparatori esposti al Museo di Roma<\/b><\/span><\/span><\/span><\/h2>\n<p align=\"JUSTIFY\"><span style=\"color: #000000;\"><span style=\"font-family: Times New Roman, serif;\"><span style=\"font-size: medium;\">Accanto ai dipinti sono esposti 9 disegni, dai piccoli studi preparatori ai magnifici fogli di ampie dimensioni accuratamente rifiniti e destinati ai pi\u00f9 raffinati collezionisti o a essere incisi, come L\u2019incoronazione del doge sulla Scala dei Giganti, della serie delle Solennit\u00e0 dogali, concesso in prestito da Jean-Luc Baroni Ltd. di Londra.<\/span><\/span><\/span><\/p>\n<p align=\"JUSTIFY\"><span style=\"color: #000000;\"><span style=\"font-family: Times New Roman, serif;\"><span style=\"font-size: medium;\">La scelta \u00e8 intesa a illustrare la genesi delle creazioni dell\u2019artista, svelando il lavoro \u201cdietro le quinte\u201d, la sua capacit\u00e0 di catturare la realt\u00e0 e di trasformarla con la fantasia, facendo cos\u00ec dissolvere l\u2019immagine stereotipata di \u201cCanaletto fotografo\u201d. Viene presentata la sua intera parabola come pittore e disegnatore per definirne le diverse fasi tecniche e stilistiche: dalla maniera libera e drammatica delle prime opere \u2013 sulle quali si \u00e8 posto un accento particolare \u2013 alle immagini pi\u00f9 affascinanti di Venezia e a quelle eleganti del soggiorno di nove anni in Inghilterra, fino ai tardi, sofisticati capricci. Altro tema ricorrente in mostra \u00e8 l\u2019indagine sul collezionismo delle sue opere.<\/span><\/span><\/span><\/p>\n<p align=\"JUSTIFY\"><span style=\"color: #000000;\"><span style=\"font-family: Times New Roman, serif;\"><span style=\"font-size: medium;\">Il percorso, concepito come un vero e proprio dossier sulla personalit\u00e0 e la creativit\u00e0 di Canaletto, si snoda attraverso otto sezioni che raccontano il suo rapporto con il teatro, il capriccio archeologico ispirato alle rovine dell\u2019antica Roma, i primi successi a Venezia, gli anni d\u2019oro, il rapporto con i suoi collaboratori e l\u2019atelier e la presenza del nipote Bernardo Bellotto (con alcuni precisi confronti tra le versioni del maestro e dell\u2019allievo della stessa veduta), le vedute di Roma e dell\u2019Inghilterra, gli ultimi fuochi d\u2019artificio al ritorno a Venezia. Completano il percorso espositivo alcuni documenti dell\u2019Archivio di Stato di Venezia.<\/span><\/span><\/span><\/p>\n<p align=\"JUSTIFY\"><span style=\"font-family: Times New Roman, serif;\"><span style=\"font-size: medium;\"><span style=\"color: #000000;\">In occasione dell\u2019esposizione viene pubblicato un ricco ed esaustivo catalogo, edito da Silvana Editoriale e a cura di Bo\u017cena Anna Kowalczyk, che include alcuni saggi sull&#8217;artista e la sua opera, presentando al pubblico e agli studiosi gli esiti delle pi\u00f9 recenti ricerche storiche e archivistiche, cos\u00ec come i risultati degli studi sulla sua tecnica e il suo metodo di lavoro.<\/span><\/span><\/span><\/p>\n<p align=\"JUSTIFY\"><span style=\"font-family: Times New Roman, serif;\"><span style=\"font-size: medium;\"><span style=\"color: #000000;\">Per leggere la fonte <\/span><a href=\"http:\/\/www.romatoday.it\/eventi\/canaletto-1697-1768-le-opere-in-mostra-al-museo-di-roma-palazzo-braschi.html\"><span style=\"color: #000000;\"><b>clicca qui<\/b><\/span><\/a><\/span><\/span><\/p>\n<p align=\"JUSTIFY\"><a href=\"https:\/\/www.romaoggi.eu\/index.php\/2018\/03\/15\/il-mistero-del-cronovisore\/\"><span style=\"font-family: Times New Roman, serif;\"><span style=\"font-size: medium;\"><b>RomaOggi.eu \u2192 Leggi il prossimo articolo <\/b><\/span><\/span><\/a><\/p>\n<p align=\"JUSTIFY\"><span style=\"font-family: Times New Roman, serif;\"><span style=\"font-size: medium;\">La Redazione <\/span><\/span><\/p>\n<p align=\"JUSTIFY\"><span style=\"font-family: Times New Roman, serif;\"><span style=\"font-size: medium;\">RomaOggi.eu \u201cInteresting news for interesting people\u201d<\/span><\/span><\/p>\n<figure id=\"attachment_14622\" aria-describedby=\"caption-attachment-14622\" style=\"width: 300px\" class=\"wp-caption aligncenter\"><img loading=\"lazy\" decoding=\"async\" class=\"wp-image-14622 size-medium\" src=\"https:\/\/www.romaoggi.eu\/wp-content\/uploads\/2018\/03\/CCW-300x250-1-300x250.jpg\" alt=\"Alt text cinecitt\u00e0 world\" width=\"300\" height=\"250\" \/><figcaption id=\"caption-attachment-14622\" class=\"wp-caption-text\"><a href=\"https:\/\/www.cinecittaworld.it\/Vendita\/Biglietti-e-prezzi?Coupon=ROMAOGGI&amp;Adulti=2&amp;Ridotti=0\"><strong>Ottieni uno sconto sull&#8217;acquisto dei biglietti! CLICCA QUI<\/strong><\/a><\/figcaption><\/figure>\n","protected":false},"excerpt":{"rendered":"<div class=\"mh-excerpt\"><p>Giovanni Antonio Canal (Venezia 1697 -1768) noto come Canaletto, viene celebrato con una grande retrospettiva negli spazi espositivi del\u00a0Museo di Roma Palazzo Braschi\u00a0a Piazza Navona dall\u201911 aprile al 19 agosto 2018. La mostra\u00a0\u201cCanaletto 1697-1768\u201d, promossa <a class=\"mh-excerpt-more\" href=\"https:\/\/www.romaoggi.eu\/index.php\/2018\/06\/03\/canaletto-1697-1768-le-opere-in-mostra-al-museo-di-roma-palazzo-braschi\/\" title=\"\u201cCanaletto 1697-1768\u201d: le opere in mostra al Museo di Roma Palazzo Braschi\">[&#8230;]<\/a><\/p>\n<\/div>","protected":false},"author":5,"featured_media":16532,"comment_status":"closed","ping_status":"open","sticky":false,"template":"","format":"standard","meta":{"_sitemap_exclude":false,"_sitemap_priority":"","_sitemap_frequency":"","footnotes":""},"categories":[2],"tags":[6418,1610,10671,8088,9526,740,76,4869,1644,109,1738,634],"class_list":["post-16531","post","type-post","status-publish","format-standard","has-post-thumbnail","hentry","category-arte","tag-6418","tag-arte","tag-canaletto-1697-1768","tag-cinecitta-world","tag-il-mistero-del-cronovisore","tag-made-in-italy","tag-mostra","tag-palazzo-braschi","tag-regione-lazio","tag-roma","tag-romaoggi-eu","tag-rome"],"yoast_head":"<!-- This site is optimized with the Yoast SEO plugin v27.5 - https:\/\/yoast.com\/product\/yoast-seo-wordpress\/ -->\n<title>\u201cCanaletto 1697-1768\u201d: le opere in mostra al Museo di Roma Palazzo Braschi<\/title>\n<meta name=\"description\" content=\"Giovanni Antonio Canal (Venezia 1697 -1768) noto come Canaletto, viene celebrato con una grande retrospettiva negli spazi espositivi del\u00a0Museo di Roma Palazzo Braschi\u00a0a Piazza Navona dall\u201911 aprile al 19 agosto 2018.\" \/>\n<meta name=\"robots\" content=\"index, follow, max-snippet:-1, max-image-preview:large, max-video-preview:-1\" \/>\n<link rel=\"canonical\" href=\"https:\/\/www.romaoggi.eu\/index.php\/2018\/06\/03\/canaletto-1697-1768-le-opere-in-mostra-al-museo-di-roma-palazzo-braschi\/\" \/>\n<meta property=\"og:locale\" content=\"it_IT\" \/>\n<meta property=\"og:type\" content=\"article\" \/>\n<meta property=\"og:title\" content=\"\u201cCanaletto 1697-1768\u201d: le opere in mostra al Museo di Roma Palazzo Braschi\" \/>\n<meta property=\"og:description\" content=\"Giovanni Antonio Canal (Venezia 1697 -1768) noto come Canaletto, viene celebrato con una grande retrospettiva negli spazi espositivi del\u00a0Museo di Roma Palazzo Braschi\u00a0a Piazza Navona dall\u201911 aprile al 19 agosto 2018.\" \/>\n<meta property=\"og:url\" content=\"https:\/\/www.romaoggi.eu\/index.php\/2018\/06\/03\/canaletto-1697-1768-le-opere-in-mostra-al-museo-di-roma-palazzo-braschi\/\" \/>\n<meta property=\"og:site_name\" content=\"roma oggi\" \/>\n<meta property=\"article:publisher\" content=\"https:\/\/www.facebook.com\/RomaOggi-841544845954114\" \/>\n<meta property=\"article:published_time\" content=\"2018-06-03T01:42:26+00:00\" \/>\n<meta property=\"og:image\" content=\"https:\/\/www.romaoggi.eu\/wp-content\/uploads\/2018\/06\/Canaletto1050x545_0.jpg\" \/>\n\t<meta property=\"og:image:width\" content=\"1050\" \/>\n\t<meta property=\"og:image:height\" content=\"545\" \/>\n\t<meta property=\"og:image:type\" content=\"image\/jpeg\" \/>\n<meta name=\"author\" content=\"Flavio\" \/>\n<meta name=\"twitter:card\" content=\"summary_large_image\" \/>\n<meta name=\"twitter:creator\" content=\"@romaoggi_eu\" \/>\n<meta name=\"twitter:site\" content=\"@romaoggi_eu\" \/>\n<meta name=\"twitter:label1\" content=\"Scritto da\" \/>\n\t<meta name=\"twitter:data1\" content=\"Flavio\" \/>\n\t<meta name=\"twitter:label2\" content=\"Tempo di lettura stimato\" \/>\n\t<meta name=\"twitter:data2\" content=\"5 minuti\" \/>\n<script type=\"application\/ld+json\" class=\"yoast-schema-graph\">{\"@context\":\"https:\\\/\\\/schema.org\",\"@graph\":[{\"@type\":\"Article\",\"@id\":\"https:\\\/\\\/www.romaoggi.eu\\\/index.php\\\/2018\\\/06\\\/03\\\/canaletto-1697-1768-le-opere-in-mostra-al-museo-di-roma-palazzo-braschi\\\/#article\",\"isPartOf\":{\"@id\":\"https:\\\/\\\/www.romaoggi.eu\\\/index.php\\\/2018\\\/06\\\/03\\\/canaletto-1697-1768-le-opere-in-mostra-al-museo-di-roma-palazzo-braschi\\\/\"},\"author\":{\"name\":\"Flavio\",\"@id\":\"https:\\\/\\\/www.romaoggi.eu\\\/#\\\/schema\\\/person\\\/cc12bfd93370392d7e41d243e47e6681\"},\"headline\":\"\u201cCanaletto 1697-1768\u201d: le opere in mostra al Museo di Roma Palazzo Braschi\",\"datePublished\":\"2018-06-03T01:42:26+00:00\",\"mainEntityOfPage\":{\"@id\":\"https:\\\/\\\/www.romaoggi.eu\\\/index.php\\\/2018\\\/06\\\/03\\\/canaletto-1697-1768-le-opere-in-mostra-al-museo-di-roma-palazzo-braschi\\\/\"},\"wordCount\":1034,\"publisher\":{\"@id\":\"https:\\\/\\\/www.romaoggi.eu\\\/#organization\"},\"image\":{\"@id\":\"https:\\\/\\\/www.romaoggi.eu\\\/index.php\\\/2018\\\/06\\\/03\\\/canaletto-1697-1768-le-opere-in-mostra-al-museo-di-roma-palazzo-braschi\\\/#primaryimage\"},\"thumbnailUrl\":\"https:\\\/\\\/www.romaoggi.eu\\\/wp-content\\\/uploads\\\/2018\\\/06\\\/Canaletto1050x545_0.jpg\",\"keywords\":[\"2018\",\"arte\",\"Canaletto 1697-1768\",\"Cinecitt\u00e0 World\",\"Il mistero del cronovisore\",\"made in italy\",\"mostra\",\"palazzo Braschi\",\"Regione Lazio\",\"roma\",\"RomaOggi.eu\",\"rome\"],\"articleSection\":[\"Arte\"],\"inLanguage\":\"it-IT\"},{\"@type\":\"WebPage\",\"@id\":\"https:\\\/\\\/www.romaoggi.eu\\\/index.php\\\/2018\\\/06\\\/03\\\/canaletto-1697-1768-le-opere-in-mostra-al-museo-di-roma-palazzo-braschi\\\/\",\"url\":\"https:\\\/\\\/www.romaoggi.eu\\\/index.php\\\/2018\\\/06\\\/03\\\/canaletto-1697-1768-le-opere-in-mostra-al-museo-di-roma-palazzo-braschi\\\/\",\"name\":\"\u201cCanaletto 1697-1768\u201d: le opere in mostra al Museo di Roma Palazzo Braschi\",\"isPartOf\":{\"@id\":\"https:\\\/\\\/www.romaoggi.eu\\\/#website\"},\"primaryImageOfPage\":{\"@id\":\"https:\\\/\\\/www.romaoggi.eu\\\/index.php\\\/2018\\\/06\\\/03\\\/canaletto-1697-1768-le-opere-in-mostra-al-museo-di-roma-palazzo-braschi\\\/#primaryimage\"},\"image\":{\"@id\":\"https:\\\/\\\/www.romaoggi.eu\\\/index.php\\\/2018\\\/06\\\/03\\\/canaletto-1697-1768-le-opere-in-mostra-al-museo-di-roma-palazzo-braschi\\\/#primaryimage\"},\"thumbnailUrl\":\"https:\\\/\\\/www.romaoggi.eu\\\/wp-content\\\/uploads\\\/2018\\\/06\\\/Canaletto1050x545_0.jpg\",\"datePublished\":\"2018-06-03T01:42:26+00:00\",\"description\":\"Giovanni Antonio Canal (Venezia 1697 -1768) noto come Canaletto, viene celebrato con una grande retrospettiva negli spazi espositivi del\u00a0Museo di Roma Palazzo Braschi\u00a0a Piazza Navona dall\u201911 aprile al 19 agosto 2018.\",\"breadcrumb\":{\"@id\":\"https:\\\/\\\/www.romaoggi.eu\\\/index.php\\\/2018\\\/06\\\/03\\\/canaletto-1697-1768-le-opere-in-mostra-al-museo-di-roma-palazzo-braschi\\\/#breadcrumb\"},\"inLanguage\":\"it-IT\",\"potentialAction\":[{\"@type\":\"ReadAction\",\"target\":[\"https:\\\/\\\/www.romaoggi.eu\\\/index.php\\\/2018\\\/06\\\/03\\\/canaletto-1697-1768-le-opere-in-mostra-al-museo-di-roma-palazzo-braschi\\\/\"]}]},{\"@type\":\"ImageObject\",\"inLanguage\":\"it-IT\",\"@id\":\"https:\\\/\\\/www.romaoggi.eu\\\/index.php\\\/2018\\\/06\\\/03\\\/canaletto-1697-1768-le-opere-in-mostra-al-museo-di-roma-palazzo-braschi\\\/#primaryimage\",\"url\":\"https:\\\/\\\/www.romaoggi.eu\\\/wp-content\\\/uploads\\\/2018\\\/06\\\/Canaletto1050x545_0.jpg\",\"contentUrl\":\"https:\\\/\\\/www.romaoggi.eu\\\/wp-content\\\/uploads\\\/2018\\\/06\\\/Canaletto1050x545_0.jpg\",\"width\":1050,\"height\":545},{\"@type\":\"BreadcrumbList\",\"@id\":\"https:\\\/\\\/www.romaoggi.eu\\\/index.php\\\/2018\\\/06\\\/03\\\/canaletto-1697-1768-le-opere-in-mostra-al-museo-di-roma-palazzo-braschi\\\/#breadcrumb\",\"itemListElement\":[{\"@type\":\"ListItem\",\"position\":1,\"name\":\"Home\",\"item\":\"https:\\\/\\\/www.romaoggi.eu\\\/\"},{\"@type\":\"ListItem\",\"position\":2,\"name\":\"\u201cCanaletto 1697-1768\u201d: le opere in mostra al Museo di Roma Palazzo Braschi\"}]},{\"@type\":\"WebSite\",\"@id\":\"https:\\\/\\\/www.romaoggi.eu\\\/#website\",\"url\":\"https:\\\/\\\/www.romaoggi.eu\\\/\",\"name\":\"roma oggi\",\"description\":\"Interesting News for Interesting people\",\"publisher\":{\"@id\":\"https:\\\/\\\/www.romaoggi.eu\\\/#organization\"},\"potentialAction\":[{\"@type\":\"SearchAction\",\"target\":{\"@type\":\"EntryPoint\",\"urlTemplate\":\"https:\\\/\\\/www.romaoggi.eu\\\/?s={search_term_string}\"},\"query-input\":{\"@type\":\"PropertyValueSpecification\",\"valueRequired\":true,\"valueName\":\"search_term_string\"}}],\"inLanguage\":\"it-IT\"},{\"@type\":\"Organization\",\"@id\":\"https:\\\/\\\/www.romaoggi.eu\\\/#organization\",\"name\":\"RomaOggi\",\"url\":\"https:\\\/\\\/www.romaoggi.eu\\\/\",\"logo\":{\"@type\":\"ImageObject\",\"inLanguage\":\"it-IT\",\"@id\":\"https:\\\/\\\/www.romaoggi.eu\\\/#\\\/schema\\\/logo\\\/image\\\/\",\"url\":\"https:\\\/\\\/www.romaoggi.eu\\\/wp-content\\\/uploads\\\/2017\\\/04\\\/logowp.jpg\",\"contentUrl\":\"https:\\\/\\\/www.romaoggi.eu\\\/wp-content\\\/uploads\\\/2017\\\/04\\\/logowp.jpg\",\"width\":300,\"height\":133,\"caption\":\"RomaOggi\"},\"image\":{\"@id\":\"https:\\\/\\\/www.romaoggi.eu\\\/#\\\/schema\\\/logo\\\/image\\\/\"},\"sameAs\":[\"https:\\\/\\\/www.facebook.com\\\/RomaOggi-841544845954114\",\"https:\\\/\\\/x.com\\\/romaoggi_eu\"]},{\"@type\":\"Person\",\"@id\":\"https:\\\/\\\/www.romaoggi.eu\\\/#\\\/schema\\\/person\\\/cc12bfd93370392d7e41d243e47e6681\",\"name\":\"Flavio\",\"image\":{\"@type\":\"ImageObject\",\"inLanguage\":\"it-IT\",\"@id\":\"https:\\\/\\\/secure.gravatar.com\\\/avatar\\\/7e044ce830ea97853e01500437b37dff4a622b20a194e4d0efe9b67e918f19e5?s=96&d=mm&r=g\",\"url\":\"https:\\\/\\\/secure.gravatar.com\\\/avatar\\\/7e044ce830ea97853e01500437b37dff4a622b20a194e4d0efe9b67e918f19e5?s=96&d=mm&r=g\",\"contentUrl\":\"https:\\\/\\\/secure.gravatar.com\\\/avatar\\\/7e044ce830ea97853e01500437b37dff4a622b20a194e4d0efe9b67e918f19e5?s=96&d=mm&r=g\",\"caption\":\"Flavio\"},\"url\":\"https:\\\/\\\/www.romaoggi.eu\\\/index.php\\\/author\\\/cristiano\\\/\"}]}<\/script>\n<!-- \/ Yoast SEO plugin. -->","yoast_head_json":{"title":"\u201cCanaletto 1697-1768\u201d: le opere in mostra al Museo di Roma Palazzo Braschi","description":"Giovanni Antonio Canal (Venezia 1697 -1768) noto come Canaletto, viene celebrato con una grande retrospettiva negli spazi espositivi del\u00a0Museo di Roma Palazzo Braschi\u00a0a Piazza Navona dall\u201911 aprile al 19 agosto 2018.","robots":{"index":"index","follow":"follow","max-snippet":"max-snippet:-1","max-image-preview":"max-image-preview:large","max-video-preview":"max-video-preview:-1"},"canonical":"https:\/\/www.romaoggi.eu\/index.php\/2018\/06\/03\/canaletto-1697-1768-le-opere-in-mostra-al-museo-di-roma-palazzo-braschi\/","og_locale":"it_IT","og_type":"article","og_title":"\u201cCanaletto 1697-1768\u201d: le opere in mostra al Museo di Roma Palazzo Braschi","og_description":"Giovanni Antonio Canal (Venezia 1697 -1768) noto come Canaletto, viene celebrato con una grande retrospettiva negli spazi espositivi del\u00a0Museo di Roma Palazzo Braschi\u00a0a Piazza Navona dall\u201911 aprile al 19 agosto 2018.","og_url":"https:\/\/www.romaoggi.eu\/index.php\/2018\/06\/03\/canaletto-1697-1768-le-opere-in-mostra-al-museo-di-roma-palazzo-braschi\/","og_site_name":"roma oggi","article_publisher":"https:\/\/www.facebook.com\/RomaOggi-841544845954114","article_published_time":"2018-06-03T01:42:26+00:00","og_image":[{"width":1050,"height":545,"url":"https:\/\/www.romaoggi.eu\/wp-content\/uploads\/2018\/06\/Canaletto1050x545_0.jpg","type":"image\/jpeg"}],"author":"Flavio","twitter_card":"summary_large_image","twitter_creator":"@romaoggi_eu","twitter_site":"@romaoggi_eu","twitter_misc":{"Scritto da":"Flavio","Tempo di lettura stimato":"5 minuti"},"schema":{"@context":"https:\/\/schema.org","@graph":[{"@type":"Article","@id":"https:\/\/www.romaoggi.eu\/index.php\/2018\/06\/03\/canaletto-1697-1768-le-opere-in-mostra-al-museo-di-roma-palazzo-braschi\/#article","isPartOf":{"@id":"https:\/\/www.romaoggi.eu\/index.php\/2018\/06\/03\/canaletto-1697-1768-le-opere-in-mostra-al-museo-di-roma-palazzo-braschi\/"},"author":{"name":"Flavio","@id":"https:\/\/www.romaoggi.eu\/#\/schema\/person\/cc12bfd93370392d7e41d243e47e6681"},"headline":"\u201cCanaletto 1697-1768\u201d: le opere in mostra al Museo di Roma Palazzo Braschi","datePublished":"2018-06-03T01:42:26+00:00","mainEntityOfPage":{"@id":"https:\/\/www.romaoggi.eu\/index.php\/2018\/06\/03\/canaletto-1697-1768-le-opere-in-mostra-al-museo-di-roma-palazzo-braschi\/"},"wordCount":1034,"publisher":{"@id":"https:\/\/www.romaoggi.eu\/#organization"},"image":{"@id":"https:\/\/www.romaoggi.eu\/index.php\/2018\/06\/03\/canaletto-1697-1768-le-opere-in-mostra-al-museo-di-roma-palazzo-braschi\/#primaryimage"},"thumbnailUrl":"https:\/\/www.romaoggi.eu\/wp-content\/uploads\/2018\/06\/Canaletto1050x545_0.jpg","keywords":["2018","arte","Canaletto 1697-1768","Cinecitt\u00e0 World","Il mistero del cronovisore","made in italy","mostra","palazzo Braschi","Regione Lazio","roma","RomaOggi.eu","rome"],"articleSection":["Arte"],"inLanguage":"it-IT"},{"@type":"WebPage","@id":"https:\/\/www.romaoggi.eu\/index.php\/2018\/06\/03\/canaletto-1697-1768-le-opere-in-mostra-al-museo-di-roma-palazzo-braschi\/","url":"https:\/\/www.romaoggi.eu\/index.php\/2018\/06\/03\/canaletto-1697-1768-le-opere-in-mostra-al-museo-di-roma-palazzo-braschi\/","name":"\u201cCanaletto 1697-1768\u201d: le opere in mostra al Museo di Roma Palazzo Braschi","isPartOf":{"@id":"https:\/\/www.romaoggi.eu\/#website"},"primaryImageOfPage":{"@id":"https:\/\/www.romaoggi.eu\/index.php\/2018\/06\/03\/canaletto-1697-1768-le-opere-in-mostra-al-museo-di-roma-palazzo-braschi\/#primaryimage"},"image":{"@id":"https:\/\/www.romaoggi.eu\/index.php\/2018\/06\/03\/canaletto-1697-1768-le-opere-in-mostra-al-museo-di-roma-palazzo-braschi\/#primaryimage"},"thumbnailUrl":"https:\/\/www.romaoggi.eu\/wp-content\/uploads\/2018\/06\/Canaletto1050x545_0.jpg","datePublished":"2018-06-03T01:42:26+00:00","description":"Giovanni Antonio Canal (Venezia 1697 -1768) noto come Canaletto, viene celebrato con una grande retrospettiva negli spazi espositivi del\u00a0Museo di Roma Palazzo Braschi\u00a0a Piazza Navona dall\u201911 aprile al 19 agosto 2018.","breadcrumb":{"@id":"https:\/\/www.romaoggi.eu\/index.php\/2018\/06\/03\/canaletto-1697-1768-le-opere-in-mostra-al-museo-di-roma-palazzo-braschi\/#breadcrumb"},"inLanguage":"it-IT","potentialAction":[{"@type":"ReadAction","target":["https:\/\/www.romaoggi.eu\/index.php\/2018\/06\/03\/canaletto-1697-1768-le-opere-in-mostra-al-museo-di-roma-palazzo-braschi\/"]}]},{"@type":"ImageObject","inLanguage":"it-IT","@id":"https:\/\/www.romaoggi.eu\/index.php\/2018\/06\/03\/canaletto-1697-1768-le-opere-in-mostra-al-museo-di-roma-palazzo-braschi\/#primaryimage","url":"https:\/\/www.romaoggi.eu\/wp-content\/uploads\/2018\/06\/Canaletto1050x545_0.jpg","contentUrl":"https:\/\/www.romaoggi.eu\/wp-content\/uploads\/2018\/06\/Canaletto1050x545_0.jpg","width":1050,"height":545},{"@type":"BreadcrumbList","@id":"https:\/\/www.romaoggi.eu\/index.php\/2018\/06\/03\/canaletto-1697-1768-le-opere-in-mostra-al-museo-di-roma-palazzo-braschi\/#breadcrumb","itemListElement":[{"@type":"ListItem","position":1,"name":"Home","item":"https:\/\/www.romaoggi.eu\/"},{"@type":"ListItem","position":2,"name":"\u201cCanaletto 1697-1768\u201d: le opere in mostra al Museo di Roma Palazzo Braschi"}]},{"@type":"WebSite","@id":"https:\/\/www.romaoggi.eu\/#website","url":"https:\/\/www.romaoggi.eu\/","name":"roma oggi","description":"Interesting News for Interesting people","publisher":{"@id":"https:\/\/www.romaoggi.eu\/#organization"},"potentialAction":[{"@type":"SearchAction","target":{"@type":"EntryPoint","urlTemplate":"https:\/\/www.romaoggi.eu\/?s={search_term_string}"},"query-input":{"@type":"PropertyValueSpecification","valueRequired":true,"valueName":"search_term_string"}}],"inLanguage":"it-IT"},{"@type":"Organization","@id":"https:\/\/www.romaoggi.eu\/#organization","name":"RomaOggi","url":"https:\/\/www.romaoggi.eu\/","logo":{"@type":"ImageObject","inLanguage":"it-IT","@id":"https:\/\/www.romaoggi.eu\/#\/schema\/logo\/image\/","url":"https:\/\/www.romaoggi.eu\/wp-content\/uploads\/2017\/04\/logowp.jpg","contentUrl":"https:\/\/www.romaoggi.eu\/wp-content\/uploads\/2017\/04\/logowp.jpg","width":300,"height":133,"caption":"RomaOggi"},"image":{"@id":"https:\/\/www.romaoggi.eu\/#\/schema\/logo\/image\/"},"sameAs":["https:\/\/www.facebook.com\/RomaOggi-841544845954114","https:\/\/x.com\/romaoggi_eu"]},{"@type":"Person","@id":"https:\/\/www.romaoggi.eu\/#\/schema\/person\/cc12bfd93370392d7e41d243e47e6681","name":"Flavio","image":{"@type":"ImageObject","inLanguage":"it-IT","@id":"https:\/\/secure.gravatar.com\/avatar\/7e044ce830ea97853e01500437b37dff4a622b20a194e4d0efe9b67e918f19e5?s=96&d=mm&r=g","url":"https:\/\/secure.gravatar.com\/avatar\/7e044ce830ea97853e01500437b37dff4a622b20a194e4d0efe9b67e918f19e5?s=96&d=mm&r=g","contentUrl":"https:\/\/secure.gravatar.com\/avatar\/7e044ce830ea97853e01500437b37dff4a622b20a194e4d0efe9b67e918f19e5?s=96&d=mm&r=g","caption":"Flavio"},"url":"https:\/\/www.romaoggi.eu\/index.php\/author\/cristiano\/"}]}},"_links":{"self":[{"href":"https:\/\/www.romaoggi.eu\/index.php\/wp-json\/wp\/v2\/posts\/16531","targetHints":{"allow":["GET"]}}],"collection":[{"href":"https:\/\/www.romaoggi.eu\/index.php\/wp-json\/wp\/v2\/posts"}],"about":[{"href":"https:\/\/www.romaoggi.eu\/index.php\/wp-json\/wp\/v2\/types\/post"}],"author":[{"embeddable":true,"href":"https:\/\/www.romaoggi.eu\/index.php\/wp-json\/wp\/v2\/users\/5"}],"replies":[{"embeddable":true,"href":"https:\/\/www.romaoggi.eu\/index.php\/wp-json\/wp\/v2\/comments?post=16531"}],"version-history":[{"count":1,"href":"https:\/\/www.romaoggi.eu\/index.php\/wp-json\/wp\/v2\/posts\/16531\/revisions"}],"predecessor-version":[{"id":16535,"href":"https:\/\/www.romaoggi.eu\/index.php\/wp-json\/wp\/v2\/posts\/16531\/revisions\/16535"}],"wp:featuredmedia":[{"embeddable":true,"href":"https:\/\/www.romaoggi.eu\/index.php\/wp-json\/wp\/v2\/media\/16532"}],"wp:attachment":[{"href":"https:\/\/www.romaoggi.eu\/index.php\/wp-json\/wp\/v2\/media?parent=16531"}],"wp:term":[{"taxonomy":"category","embeddable":true,"href":"https:\/\/www.romaoggi.eu\/index.php\/wp-json\/wp\/v2\/categories?post=16531"},{"taxonomy":"post_tag","embeddable":true,"href":"https:\/\/www.romaoggi.eu\/index.php\/wp-json\/wp\/v2\/tags?post=16531"}],"curies":[{"name":"wp","href":"https:\/\/api.w.org\/{rel}","templated":true}]}}