{"id":16588,"date":"2018-06-03T14:59:09","date_gmt":"2018-06-03T12:59:09","guid":{"rendered":"http:\/\/www.romaoggi.eu\/?p=16588"},"modified":"2018-06-03T16:07:12","modified_gmt":"2018-06-03T14:07:12","slug":"l-autoparco-comunale","status":"publish","type":"post","link":"https:\/\/www.romaoggi.eu\/index.php\/2018\/06\/03\/l-autoparco-comunale\/","title":{"rendered":"Autoparco comunale, una vera e discarica a cielo aperto. La denuncia di Giorgio Giusfredi"},"content":{"rendered":"<div data-canvas-width=\"604.8386666666668\">\n<figure id=\"attachment_14149\" aria-describedby=\"caption-attachment-14149\" style=\"width: 678px\" class=\"wp-caption aligncenter\"><img loading=\"lazy\" decoding=\"async\" class=\"wp-image-14149 size-mh-magazine-content\" src=\"https:\/\/www.romaoggi.eu\/wp-content\/uploads\/2018\/03\/img-001-1-678x381.jpg\" alt=\"Alt text il mistero del cronovisore\" width=\"678\" height=\"381\" \/><figcaption id=\"caption-attachment-14149\" class=\"wp-caption-text\"><a href=\"https:\/\/stores.streetlib.com\/it\/cristiano-morelli\/il-mistero-del-cronovisore\"><strong>CLICCA QUI PER COMPRARE IL MIO NUOVO EBOOK A SOLI \u20ac 0,49!<\/strong><\/a><\/figcaption><\/figure>\n<p>&nbsp;<\/p>\n<\/div>\n<div style=\"text-align: justify;\" data-canvas-width=\"604.8386666666668\">Autoparco comunale, una vera e propria discarica a cielo aperto. La denuncia parte dal candidato a sindaco Giorgio Giusfredi. &#8220;Si chiama autoparco perch\u00e9 al suo interno dovrebbero essere parcheggiate le vetture comunali ed \u00e8 di propriet\u00e0 del Comune di Aprilia. Si legge nel comunicato del candidato a sindaco della coalizione del centro sinistra, nell\u2019area di viale Europa, l\u2019autoparco confina con il parco Europa, uno dei polmoni verdi del quartiere.<\/div>\n<div data-canvas-width=\"604.8386666666668\"><\/div>\n<div style=\"text-align: justify;\" data-canvas-width=\"639.5106666666663\">All\u2019interno dell\u2019autoparco c\u2019\u00e8 la palazzina della Polizia Municipale, l\u2019area coperta dove vengono parcheggiate le vetture comunali, i capannoni dove le botteghe del Carnevale costruiscono i loro carri. E poi, c\u2019\u00e8 di tutto e di pi\u00f9. Le foto parlano da sole. Ogni cosa viene \u201cparcheggiata\u201d nell\u2019autoparco: dall\u2019asfalto ai calcinacci, dai fusti forse tossici, ai frigoriferi e altri metalli pericolosissimi, dall\u2019immondizia ai furgoni dismessi della Progetto Ambiente e persino scheletri di ambulanze. L\u2019autoparco comunale si \u00e8 trasformato in una vera e propria discarica comunale a cielo aperto pericolosa per l\u2019ambiente e per la salute dei cittadini. Bell\u2019esempio che si d\u00e0 ai cittadini sul rispetto dell\u2019ambiente e della legalit\u00e0! Cosa dice l\u2019assessore all\u2019ambiente Alessandra Lombardi di questo scempio ambientale? Successe lo stesso nel 2009, quindi non \u00e8 la prima volta che il fatto si ripete.<\/div>\n<div data-canvas-width=\"639.5106666666663\"><\/div>\n<div style=\"text-align: justify;\" data-canvas-width=\"639.5106666666663\">Tanto che venne presentata un\u2019interrogazione regionale da parte dell\u2019allora esponente di Sel Filiberto Zaratti che chiedeva al presidente della Regione Lazio di \u201cverificare immediatamente la consistenza e la qualit\u00e0 dei rifiuti accatastati illegalmente nell\u2019autoparco comunale di Aprilia e accertare le responsabilit\u00e0 dell\u2019illecito ambientale\u201d. All\u2019epoca i rifiuti furono tolti, ma evidentemente il \u201cvizio\u201d \u00e8 rimasto e la situazione dell\u2019autoparco oggi \u00e8 sicuramente peggiore rispetto al 2009. Sempre nell\u2019autoparco ci sono le famose \u201crastrelliere\u201d, quelle che furono comprate dall\u2019amministrazione a seguito dell\u2019accesso al finanziamento del Ministero dell\u2019Ambiente per 20 prototipi di bicicletta a pedalata assistita. Sono ferme l\u00ec da circa due anni. 24 mila euro di fondi ministeriali anch\u2019essi gettati in \u201cdiscarica\u201d.<\/div>\n<div data-canvas-width=\"639.5106666666663\"><\/div>\n<div data-canvas-width=\"639.5106666666663\">\n<figure id=\"attachment_14622\" aria-describedby=\"caption-attachment-14622\" style=\"width: 300px\" class=\"wp-caption aligncenter\"><img loading=\"lazy\" decoding=\"async\" class=\"wp-image-14622 size-medium\" src=\"https:\/\/www.romaoggi.eu\/wp-content\/uploads\/2018\/03\/CCW-300x250-1-300x250.jpg\" alt=\"Alt text cinecitt\u00e0 world\" width=\"300\" height=\"250\" \/><figcaption id=\"caption-attachment-14622\" class=\"wp-caption-text\"><a href=\"https:\/\/www.cinecittaworld.it\/Vendita\/Biglietti-e-prezzi?Coupon=ROMAOGGI&amp;Adulti=2&amp;Ridotti=0\"><strong>Ottieni uno sconto sull&#8217;acquisto dei biglietti! CLICCA QUI<\/strong><\/a><\/figcaption><\/figure>\n<\/div>\n<div style=\"text-align: justify;\"><\/div>\n","protected":false},"excerpt":{"rendered":"<div class=\"mh-excerpt\"><p>&nbsp; Autoparco comunale, una vera e propria discarica a cielo aperto. La denuncia parte dal candidato a sindaco Giorgio Giusfredi. &#8220;Si chiama autoparco perch\u00e9 al suo interno dovrebbero essere parcheggiate le vetture comunali ed \u00e8 <a class=\"mh-excerpt-more\" href=\"https:\/\/www.romaoggi.eu\/index.php\/2018\/06\/03\/l-autoparco-comunale\/\" title=\"Autoparco comunale, una vera e discarica a cielo aperto. La denuncia di Giorgio Giusfredi\">[&#8230;]<\/a><\/p>\n<\/div>","protected":false},"author":8,"featured_media":16595,"comment_status":"closed","ping_status":"open","sticky":false,"template":"","format":"standard","meta":{"_sitemap_exclude":false,"_sitemap_priority":"","_sitemap_frequency":"","footnotes":""},"categories":[5273],"tags":[6418,5378,10681,8088,6240,877,1644,109,1738,634],"class_list":["post-16588","post","type-post","status-publish","format-standard","has-post-thumbnail","hentry","category-oltre-roma","tag-6418","tag-aprilia","tag-autoparco-comunale","tag-cinecitta-world","tag-giorgio-giusfredi","tag-italia","tag-regione-lazio","tag-roma","tag-romaoggi-eu","tag-rome"],"yoast_head":"<!-- This site is optimized with the Yoast SEO plugin v27.5 - https:\/\/yoast.com\/product\/yoast-seo-wordpress\/ -->\n<title>Autoparco comunale, una vera e discarica a cielo aperto. La denuncia di Giorgio Giusfredi<\/title>\n<meta name=\"description\" content=\"Autoparco comunale, una vera e propria discarica a cielo aperto. La denuncia parte dal candidato a sindaco Giorgio Giusfredi. &quot;Si chiama autoparco perch\u00e9 al suo interno dovrebbero essere parcheggiate le vetture comunali ed \u00e8 di propriet\u00e0 del Comune di Aprilia.\" \/>\n<meta name=\"robots\" content=\"index, follow, max-snippet:-1, max-image-preview:large, max-video-preview:-1\" \/>\n<link rel=\"canonical\" href=\"https:\/\/www.romaoggi.eu\/index.php\/2018\/06\/03\/l-autoparco-comunale\/\" \/>\n<meta property=\"og:locale\" content=\"it_IT\" \/>\n<meta property=\"og:type\" content=\"article\" \/>\n<meta property=\"og:title\" content=\"Autoparco comunale, una vera e discarica a cielo aperto. La denuncia di Giorgio Giusfredi\" \/>\n<meta property=\"og:description\" content=\"Autoparco comunale, una vera e propria discarica a cielo aperto. La denuncia parte dal candidato a sindaco Giorgio Giusfredi. &quot;Si chiama autoparco perch\u00e9 al suo interno dovrebbero essere parcheggiate le vetture comunali ed \u00e8 di propriet\u00e0 del Comune di Aprilia.\" \/>\n<meta property=\"og:url\" content=\"https:\/\/www.romaoggi.eu\/index.php\/2018\/06\/03\/l-autoparco-comunale\/\" \/>\n<meta property=\"og:site_name\" content=\"roma oggi\" \/>\n<meta property=\"article:publisher\" content=\"https:\/\/www.facebook.com\/RomaOggi-841544845954114\" \/>\n<meta property=\"article:published_time\" content=\"2018-06-03T12:59:09+00:00\" \/>\n<meta property=\"article:modified_time\" content=\"2018-06-03T14:07:12+00:00\" \/>\n<meta property=\"og:image\" content=\"https:\/\/www.romaoggi.eu\/wp-content\/uploads\/2018\/06\/foto-dicarica1.jpg\" \/>\n\t<meta property=\"og:image:width\" content=\"1160\" \/>\n\t<meta property=\"og:image:height\" content=\"668\" \/>\n\t<meta property=\"og:image:type\" content=\"image\/jpeg\" \/>\n<meta name=\"author\" content=\"Lorella Iaci\" \/>\n<meta name=\"twitter:card\" content=\"summary_large_image\" \/>\n<meta name=\"twitter:creator\" content=\"@romaoggi_eu\" \/>\n<meta name=\"twitter:site\" content=\"@romaoggi_eu\" \/>\n<meta name=\"twitter:label1\" content=\"Scritto da\" \/>\n\t<meta name=\"twitter:data1\" content=\"Lorella Iaci\" \/>\n\t<meta name=\"twitter:label2\" content=\"Tempo di lettura stimato\" \/>\n\t<meta name=\"twitter:data2\" content=\"2 minuti\" \/>\n<script type=\"application\/ld+json\" class=\"yoast-schema-graph\">{\"@context\":\"https:\\\/\\\/schema.org\",\"@graph\":[{\"@type\":\"Article\",\"@id\":\"https:\\\/\\\/www.romaoggi.eu\\\/index.php\\\/2018\\\/06\\\/03\\\/l-autoparco-comunale\\\/#article\",\"isPartOf\":{\"@id\":\"https:\\\/\\\/www.romaoggi.eu\\\/index.php\\\/2018\\\/06\\\/03\\\/l-autoparco-comunale\\\/\"},\"author\":{\"name\":\"Lorella Iaci\",\"@id\":\"https:\\\/\\\/www.romaoggi.eu\\\/#\\\/schema\\\/person\\\/ad7b70148e60a0d338e73d0565829be4\"},\"headline\":\"Autoparco comunale, una vera e discarica a cielo aperto. La denuncia di Giorgio Giusfredi\",\"datePublished\":\"2018-06-03T12:59:09+00:00\",\"dateModified\":\"2018-06-03T14:07:12+00:00\",\"mainEntityOfPage\":{\"@id\":\"https:\\\/\\\/www.romaoggi.eu\\\/index.php\\\/2018\\\/06\\\/03\\\/l-autoparco-comunale\\\/\"},\"wordCount\":375,\"publisher\":{\"@id\":\"https:\\\/\\\/www.romaoggi.eu\\\/#organization\"},\"image\":{\"@id\":\"https:\\\/\\\/www.romaoggi.eu\\\/index.php\\\/2018\\\/06\\\/03\\\/l-autoparco-comunale\\\/#primaryimage\"},\"thumbnailUrl\":\"https:\\\/\\\/www.romaoggi.eu\\\/wp-content\\\/uploads\\\/2018\\\/06\\\/foto-dicarica1.jpg\",\"keywords\":[\"2018\",\"Aprilia\",\"Autoparco comunale\",\"Cinecitt\u00e0 World\",\"Giorgio Giusfredi\",\"italia\",\"Regione Lazio\",\"roma\",\"RomaOggi.eu\",\"rome\"],\"articleSection\":[\"oltre Roma\"],\"inLanguage\":\"it-IT\"},{\"@type\":\"WebPage\",\"@id\":\"https:\\\/\\\/www.romaoggi.eu\\\/index.php\\\/2018\\\/06\\\/03\\\/l-autoparco-comunale\\\/\",\"url\":\"https:\\\/\\\/www.romaoggi.eu\\\/index.php\\\/2018\\\/06\\\/03\\\/l-autoparco-comunale\\\/\",\"name\":\"Autoparco comunale, una vera e discarica a cielo aperto. La denuncia di Giorgio Giusfredi\",\"isPartOf\":{\"@id\":\"https:\\\/\\\/www.romaoggi.eu\\\/#website\"},\"primaryImageOfPage\":{\"@id\":\"https:\\\/\\\/www.romaoggi.eu\\\/index.php\\\/2018\\\/06\\\/03\\\/l-autoparco-comunale\\\/#primaryimage\"},\"image\":{\"@id\":\"https:\\\/\\\/www.romaoggi.eu\\\/index.php\\\/2018\\\/06\\\/03\\\/l-autoparco-comunale\\\/#primaryimage\"},\"thumbnailUrl\":\"https:\\\/\\\/www.romaoggi.eu\\\/wp-content\\\/uploads\\\/2018\\\/06\\\/foto-dicarica1.jpg\",\"datePublished\":\"2018-06-03T12:59:09+00:00\",\"dateModified\":\"2018-06-03T14:07:12+00:00\",\"description\":\"Autoparco comunale, una vera e propria discarica a cielo aperto. La denuncia parte dal candidato a sindaco Giorgio Giusfredi. \\\"Si chiama autoparco perch\u00e9 al suo interno dovrebbero essere parcheggiate le vetture comunali ed \u00e8 di propriet\u00e0 del Comune di Aprilia.\",\"breadcrumb\":{\"@id\":\"https:\\\/\\\/www.romaoggi.eu\\\/index.php\\\/2018\\\/06\\\/03\\\/l-autoparco-comunale\\\/#breadcrumb\"},\"inLanguage\":\"it-IT\",\"potentialAction\":[{\"@type\":\"ReadAction\",\"target\":[\"https:\\\/\\\/www.romaoggi.eu\\\/index.php\\\/2018\\\/06\\\/03\\\/l-autoparco-comunale\\\/\"]}]},{\"@type\":\"ImageObject\",\"inLanguage\":\"it-IT\",\"@id\":\"https:\\\/\\\/www.romaoggi.eu\\\/index.php\\\/2018\\\/06\\\/03\\\/l-autoparco-comunale\\\/#primaryimage\",\"url\":\"https:\\\/\\\/www.romaoggi.eu\\\/wp-content\\\/uploads\\\/2018\\\/06\\\/foto-dicarica1.jpg\",\"contentUrl\":\"https:\\\/\\\/www.romaoggi.eu\\\/wp-content\\\/uploads\\\/2018\\\/06\\\/foto-dicarica1.jpg\",\"width\":1160,\"height\":668,\"caption\":\"alt tag autoparco comunale\"},{\"@type\":\"BreadcrumbList\",\"@id\":\"https:\\\/\\\/www.romaoggi.eu\\\/index.php\\\/2018\\\/06\\\/03\\\/l-autoparco-comunale\\\/#breadcrumb\",\"itemListElement\":[{\"@type\":\"ListItem\",\"position\":1,\"name\":\"Home\",\"item\":\"https:\\\/\\\/www.romaoggi.eu\\\/\"},{\"@type\":\"ListItem\",\"position\":2,\"name\":\"Autoparco comunale, una vera e discarica a cielo aperto. La denuncia di Giorgio Giusfredi\"}]},{\"@type\":\"WebSite\",\"@id\":\"https:\\\/\\\/www.romaoggi.eu\\\/#website\",\"url\":\"https:\\\/\\\/www.romaoggi.eu\\\/\",\"name\":\"roma oggi\",\"description\":\"Interesting News for Interesting people\",\"publisher\":{\"@id\":\"https:\\\/\\\/www.romaoggi.eu\\\/#organization\"},\"potentialAction\":[{\"@type\":\"SearchAction\",\"target\":{\"@type\":\"EntryPoint\",\"urlTemplate\":\"https:\\\/\\\/www.romaoggi.eu\\\/?s={search_term_string}\"},\"query-input\":{\"@type\":\"PropertyValueSpecification\",\"valueRequired\":true,\"valueName\":\"search_term_string\"}}],\"inLanguage\":\"it-IT\"},{\"@type\":\"Organization\",\"@id\":\"https:\\\/\\\/www.romaoggi.eu\\\/#organization\",\"name\":\"RomaOggi\",\"url\":\"https:\\\/\\\/www.romaoggi.eu\\\/\",\"logo\":{\"@type\":\"ImageObject\",\"inLanguage\":\"it-IT\",\"@id\":\"https:\\\/\\\/www.romaoggi.eu\\\/#\\\/schema\\\/logo\\\/image\\\/\",\"url\":\"https:\\\/\\\/www.romaoggi.eu\\\/wp-content\\\/uploads\\\/2017\\\/04\\\/logowp.jpg\",\"contentUrl\":\"https:\\\/\\\/www.romaoggi.eu\\\/wp-content\\\/uploads\\\/2017\\\/04\\\/logowp.jpg\",\"width\":300,\"height\":133,\"caption\":\"RomaOggi\"},\"image\":{\"@id\":\"https:\\\/\\\/www.romaoggi.eu\\\/#\\\/schema\\\/logo\\\/image\\\/\"},\"sameAs\":[\"https:\\\/\\\/www.facebook.com\\\/RomaOggi-841544845954114\",\"https:\\\/\\\/x.com\\\/romaoggi_eu\"]},{\"@type\":\"Person\",\"@id\":\"https:\\\/\\\/www.romaoggi.eu\\\/#\\\/schema\\\/person\\\/ad7b70148e60a0d338e73d0565829be4\",\"name\":\"Lorella Iaci\",\"image\":{\"@type\":\"ImageObject\",\"inLanguage\":\"it-IT\",\"@id\":\"https:\\\/\\\/secure.gravatar.com\\\/avatar\\\/2e8016efed3d5fbee04daf254a3494924254701903584f9c0cb2504f0cdc20eb?s=96&d=mm&r=g\",\"url\":\"https:\\\/\\\/secure.gravatar.com\\\/avatar\\\/2e8016efed3d5fbee04daf254a3494924254701903584f9c0cb2504f0cdc20eb?s=96&d=mm&r=g\",\"contentUrl\":\"https:\\\/\\\/secure.gravatar.com\\\/avatar\\\/2e8016efed3d5fbee04daf254a3494924254701903584f9c0cb2504f0cdc20eb?s=96&d=mm&r=g\",\"caption\":\"Lorella Iaci\"},\"url\":\"https:\\\/\\\/www.romaoggi.eu\\\/index.php\\\/author\\\/lorella\\\/\"}]}<\/script>\n<!-- \/ Yoast SEO plugin. -->","yoast_head_json":{"title":"Autoparco comunale, una vera e discarica a cielo aperto. La denuncia di Giorgio Giusfredi","description":"Autoparco comunale, una vera e propria discarica a cielo aperto. La denuncia parte dal candidato a sindaco Giorgio Giusfredi. \"Si chiama autoparco perch\u00e9 al suo interno dovrebbero essere parcheggiate le vetture comunali ed \u00e8 di propriet\u00e0 del Comune di Aprilia.","robots":{"index":"index","follow":"follow","max-snippet":"max-snippet:-1","max-image-preview":"max-image-preview:large","max-video-preview":"max-video-preview:-1"},"canonical":"https:\/\/www.romaoggi.eu\/index.php\/2018\/06\/03\/l-autoparco-comunale\/","og_locale":"it_IT","og_type":"article","og_title":"Autoparco comunale, una vera e discarica a cielo aperto. La denuncia di Giorgio Giusfredi","og_description":"Autoparco comunale, una vera e propria discarica a cielo aperto. La denuncia parte dal candidato a sindaco Giorgio Giusfredi. \"Si chiama autoparco perch\u00e9 al suo interno dovrebbero essere parcheggiate le vetture comunali ed \u00e8 di propriet\u00e0 del Comune di Aprilia.","og_url":"https:\/\/www.romaoggi.eu\/index.php\/2018\/06\/03\/l-autoparco-comunale\/","og_site_name":"roma oggi","article_publisher":"https:\/\/www.facebook.com\/RomaOggi-841544845954114","article_published_time":"2018-06-03T12:59:09+00:00","article_modified_time":"2018-06-03T14:07:12+00:00","og_image":[{"width":1160,"height":668,"url":"https:\/\/www.romaoggi.eu\/wp-content\/uploads\/2018\/06\/foto-dicarica1.jpg","type":"image\/jpeg"}],"author":"Lorella Iaci","twitter_card":"summary_large_image","twitter_creator":"@romaoggi_eu","twitter_site":"@romaoggi_eu","twitter_misc":{"Scritto da":"Lorella Iaci","Tempo di lettura stimato":"2 minuti"},"schema":{"@context":"https:\/\/schema.org","@graph":[{"@type":"Article","@id":"https:\/\/www.romaoggi.eu\/index.php\/2018\/06\/03\/l-autoparco-comunale\/#article","isPartOf":{"@id":"https:\/\/www.romaoggi.eu\/index.php\/2018\/06\/03\/l-autoparco-comunale\/"},"author":{"name":"Lorella Iaci","@id":"https:\/\/www.romaoggi.eu\/#\/schema\/person\/ad7b70148e60a0d338e73d0565829be4"},"headline":"Autoparco comunale, una vera e discarica a cielo aperto. La denuncia di Giorgio Giusfredi","datePublished":"2018-06-03T12:59:09+00:00","dateModified":"2018-06-03T14:07:12+00:00","mainEntityOfPage":{"@id":"https:\/\/www.romaoggi.eu\/index.php\/2018\/06\/03\/l-autoparco-comunale\/"},"wordCount":375,"publisher":{"@id":"https:\/\/www.romaoggi.eu\/#organization"},"image":{"@id":"https:\/\/www.romaoggi.eu\/index.php\/2018\/06\/03\/l-autoparco-comunale\/#primaryimage"},"thumbnailUrl":"https:\/\/www.romaoggi.eu\/wp-content\/uploads\/2018\/06\/foto-dicarica1.jpg","keywords":["2018","Aprilia","Autoparco comunale","Cinecitt\u00e0 World","Giorgio Giusfredi","italia","Regione Lazio","roma","RomaOggi.eu","rome"],"articleSection":["oltre Roma"],"inLanguage":"it-IT"},{"@type":"WebPage","@id":"https:\/\/www.romaoggi.eu\/index.php\/2018\/06\/03\/l-autoparco-comunale\/","url":"https:\/\/www.romaoggi.eu\/index.php\/2018\/06\/03\/l-autoparco-comunale\/","name":"Autoparco comunale, una vera e discarica a cielo aperto. La denuncia di Giorgio Giusfredi","isPartOf":{"@id":"https:\/\/www.romaoggi.eu\/#website"},"primaryImageOfPage":{"@id":"https:\/\/www.romaoggi.eu\/index.php\/2018\/06\/03\/l-autoparco-comunale\/#primaryimage"},"image":{"@id":"https:\/\/www.romaoggi.eu\/index.php\/2018\/06\/03\/l-autoparco-comunale\/#primaryimage"},"thumbnailUrl":"https:\/\/www.romaoggi.eu\/wp-content\/uploads\/2018\/06\/foto-dicarica1.jpg","datePublished":"2018-06-03T12:59:09+00:00","dateModified":"2018-06-03T14:07:12+00:00","description":"Autoparco comunale, una vera e propria discarica a cielo aperto. La denuncia parte dal candidato a sindaco Giorgio Giusfredi. \"Si chiama autoparco perch\u00e9 al suo interno dovrebbero essere parcheggiate le vetture comunali ed \u00e8 di propriet\u00e0 del Comune di Aprilia.","breadcrumb":{"@id":"https:\/\/www.romaoggi.eu\/index.php\/2018\/06\/03\/l-autoparco-comunale\/#breadcrumb"},"inLanguage":"it-IT","potentialAction":[{"@type":"ReadAction","target":["https:\/\/www.romaoggi.eu\/index.php\/2018\/06\/03\/l-autoparco-comunale\/"]}]},{"@type":"ImageObject","inLanguage":"it-IT","@id":"https:\/\/www.romaoggi.eu\/index.php\/2018\/06\/03\/l-autoparco-comunale\/#primaryimage","url":"https:\/\/www.romaoggi.eu\/wp-content\/uploads\/2018\/06\/foto-dicarica1.jpg","contentUrl":"https:\/\/www.romaoggi.eu\/wp-content\/uploads\/2018\/06\/foto-dicarica1.jpg","width":1160,"height":668,"caption":"alt tag autoparco comunale"},{"@type":"BreadcrumbList","@id":"https:\/\/www.romaoggi.eu\/index.php\/2018\/06\/03\/l-autoparco-comunale\/#breadcrumb","itemListElement":[{"@type":"ListItem","position":1,"name":"Home","item":"https:\/\/www.romaoggi.eu\/"},{"@type":"ListItem","position":2,"name":"Autoparco comunale, una vera e discarica a cielo aperto. La denuncia di Giorgio Giusfredi"}]},{"@type":"WebSite","@id":"https:\/\/www.romaoggi.eu\/#website","url":"https:\/\/www.romaoggi.eu\/","name":"roma oggi","description":"Interesting News for Interesting people","publisher":{"@id":"https:\/\/www.romaoggi.eu\/#organization"},"potentialAction":[{"@type":"SearchAction","target":{"@type":"EntryPoint","urlTemplate":"https:\/\/www.romaoggi.eu\/?s={search_term_string}"},"query-input":{"@type":"PropertyValueSpecification","valueRequired":true,"valueName":"search_term_string"}}],"inLanguage":"it-IT"},{"@type":"Organization","@id":"https:\/\/www.romaoggi.eu\/#organization","name":"RomaOggi","url":"https:\/\/www.romaoggi.eu\/","logo":{"@type":"ImageObject","inLanguage":"it-IT","@id":"https:\/\/www.romaoggi.eu\/#\/schema\/logo\/image\/","url":"https:\/\/www.romaoggi.eu\/wp-content\/uploads\/2017\/04\/logowp.jpg","contentUrl":"https:\/\/www.romaoggi.eu\/wp-content\/uploads\/2017\/04\/logowp.jpg","width":300,"height":133,"caption":"RomaOggi"},"image":{"@id":"https:\/\/www.romaoggi.eu\/#\/schema\/logo\/image\/"},"sameAs":["https:\/\/www.facebook.com\/RomaOggi-841544845954114","https:\/\/x.com\/romaoggi_eu"]},{"@type":"Person","@id":"https:\/\/www.romaoggi.eu\/#\/schema\/person\/ad7b70148e60a0d338e73d0565829be4","name":"Lorella Iaci","image":{"@type":"ImageObject","inLanguage":"it-IT","@id":"https:\/\/secure.gravatar.com\/avatar\/2e8016efed3d5fbee04daf254a3494924254701903584f9c0cb2504f0cdc20eb?s=96&d=mm&r=g","url":"https:\/\/secure.gravatar.com\/avatar\/2e8016efed3d5fbee04daf254a3494924254701903584f9c0cb2504f0cdc20eb?s=96&d=mm&r=g","contentUrl":"https:\/\/secure.gravatar.com\/avatar\/2e8016efed3d5fbee04daf254a3494924254701903584f9c0cb2504f0cdc20eb?s=96&d=mm&r=g","caption":"Lorella Iaci"},"url":"https:\/\/www.romaoggi.eu\/index.php\/author\/lorella\/"}]}},"_links":{"self":[{"href":"https:\/\/www.romaoggi.eu\/index.php\/wp-json\/wp\/v2\/posts\/16588","targetHints":{"allow":["GET"]}}],"collection":[{"href":"https:\/\/www.romaoggi.eu\/index.php\/wp-json\/wp\/v2\/posts"}],"about":[{"href":"https:\/\/www.romaoggi.eu\/index.php\/wp-json\/wp\/v2\/types\/post"}],"author":[{"embeddable":true,"href":"https:\/\/www.romaoggi.eu\/index.php\/wp-json\/wp\/v2\/users\/8"}],"replies":[{"embeddable":true,"href":"https:\/\/www.romaoggi.eu\/index.php\/wp-json\/wp\/v2\/comments?post=16588"}],"version-history":[{"count":7,"href":"https:\/\/www.romaoggi.eu\/index.php\/wp-json\/wp\/v2\/posts\/16588\/revisions"}],"predecessor-version":[{"id":16597,"href":"https:\/\/www.romaoggi.eu\/index.php\/wp-json\/wp\/v2\/posts\/16588\/revisions\/16597"}],"wp:featuredmedia":[{"embeddable":true,"href":"https:\/\/www.romaoggi.eu\/index.php\/wp-json\/wp\/v2\/media\/16595"}],"wp:attachment":[{"href":"https:\/\/www.romaoggi.eu\/index.php\/wp-json\/wp\/v2\/media?parent=16588"}],"wp:term":[{"taxonomy":"category","embeddable":true,"href":"https:\/\/www.romaoggi.eu\/index.php\/wp-json\/wp\/v2\/categories?post=16588"},{"taxonomy":"post_tag","embeddable":true,"href":"https:\/\/www.romaoggi.eu\/index.php\/wp-json\/wp\/v2\/tags?post=16588"}],"curies":[{"name":"wp","href":"https:\/\/api.w.org\/{rel}","templated":true}]}}