{"id":16652,"date":"2018-06-04T21:12:41","date_gmt":"2018-06-04T19:12:41","guid":{"rendered":"http:\/\/www.romaoggi.eu\/?p=16652"},"modified":"2018-06-04T21:12:41","modified_gmt":"2018-06-04T19:12:41","slug":"teatri-di-pietra","status":"publish","type":"post","link":"https:\/\/www.romaoggi.eu\/index.php\/2018\/06\/04\/teatri-di-pietra\/","title":{"rendered":"Teatri di Pietra: DIMMI TIRESIA di e con Luisa Stagni"},"content":{"rendered":"<figure id=\"attachment_14149\" aria-describedby=\"caption-attachment-14149\" style=\"width: 678px\" class=\"wp-caption aligncenter\"><img loading=\"lazy\" decoding=\"async\" class=\"wp-image-14149 size-mh-magazine-content\" src=\"https:\/\/www.romaoggi.eu\/wp-content\/uploads\/2018\/03\/img-001-1-678x381.jpg\" alt=\"Alt text il mistero del cronovisore\" width=\"678\" height=\"381\" \/><figcaption id=\"caption-attachment-14149\" class=\"wp-caption-text\"><a href=\"https:\/\/stores.streetlib.com\/it\/cristiano-morelli\/il-mistero-del-cronovisore\"><strong>CLICCA QUI PER COMPRARE IL MIO NUOVO EBOOK A SOLI \u20ac 0,49!<\/strong><\/a><\/figcaption><\/figure>\n<p align=\"CENTER\"><span style=\"color: #000000;\"><span style=\"font-family: Times New Roman, serif;\"><span style=\"font-size: x-large;\"><b>TEATRI DI PIETRA 2018<\/b><\/span><\/span><\/span><\/p>\n<p><span style=\"color: #000000;\">\u00a0<\/span><\/p>\n<p align=\"CENTER\"><span style=\"color: #17365d;\"><span style=\"font-family: Times New Roman, serif;\"><span style=\"font-size: x-large;\"><b>Antiquarium &#8211; Arco di Malborghetto<\/b><\/span><\/span><\/span><span style=\"color: #17365d;\">\u00a0<\/span><\/p>\n<p align=\"CENTER\"><span style=\"color: #17365d;\"><span style=\"font-family: Times New Roman, serif;\"><span style=\"font-size: x-large;\"><b>7 &#8211; 8 Giugno 2018<\/b><\/span><\/span><\/span><\/p>\n<p align=\"CENTER\"><span style=\"color: #17365d;\">\u00a0<\/span><span style=\"color: #000000;\"><span style=\"font-family: Times New Roman, serif;\"><span style=\"font-size: medium;\"><b>MDA Produzioni danza<\/b><\/span><\/span><\/span><\/p>\n<p align=\"CENTER\"><span style=\"color: #000000;\"><span style=\"font-family: Times New Roman, serif;\"><span style=\"font-size: small;\"><span style=\"font-size: medium;\"><b><br \/>\n<\/b><\/span><span style=\"color: #ce181e;\"><span style=\"font-size: xx-large;\"><b>DIMMI, TIRESIA<\/b><\/span><\/span><\/span><\/span><\/span><span style=\"color: #000000;\">\u00a0<\/span><\/p>\n<p align=\"CENTER\"><span style=\"color: #000000;\"><span style=\"font-family: Times New Roman, serif;\"><span style=\"font-size: large;\"><b>di e regia Luisa Stagni<\/b><\/span><\/span><\/span><\/p>\n<p align=\"CENTER\"><span style=\"color: #000000;\"><span style=\"font-family: Times New Roman, serif;\"><span style=\"font-size: large;\"><b>coreografia Luca Piomponi<\/b><\/span><\/span><\/span><\/p>\n<p align=\"CENTER\"><span style=\"color: #000000;\"><span style=\"font-family: Times New Roman, serif;\"><span style=\"font-size: large;\"><b>con Lucrezia Serafini, Luca Piomponi, Massimo Carrano e\u00a0 Luisa Stagni<\/b><\/span><\/span><\/span><\/p>\n<p align=\"CENTER\"><span style=\"color: #000000;\"><span style=\"font-family: Times New Roman, serif;\"><span style=\"font-size: large;\"><b>costumi Marina Sciarelli<\/b><\/span><\/span><\/span><\/p>\n<p align=\"JUSTIFY\"><span style=\"color: #000000;\"><span style=\"font-family: Times New Roman, serif;\"><span style=\"font-size: medium;\">Il vecchio Tiresia ci narra dei miti dai quali nasce il\u00a0 suo bizzarro, tragico destino; di quando fu donna e di quando fu uomo, e\u00a0 dell\u2019incontro con gli dei e dell\u2019eterna, ingiusta,\u00a0 punizione: sette generazioni da viver sulla terra e la Veggenza a lui concessa dagli dei, \u00e8 un grande peso, una insostenibile condizione umana, un conflitto reso eterno. Destino e punizione: vedere e sapere ci\u00f2 che accadr\u00e0 e non desiderarlo; Lui, il\u00a0 cieco, non pu\u00f2 evitare di \u201cvedere\u201d l\u2019umano destino.<\/span><\/span><\/span><\/p>\n<p align=\"JUSTIFY\"><span style=\"color: #000000;\"><span style=\"font-family: Times New Roman, serif;\"><span style=\"font-size: medium;\">Quel sapere\u00a0 sconforta e opprime il suo impotente\u00a0 essere.<\/span><\/span><\/span><\/p>\n<p align=\"JUSTIFY\"><span style=\"color: #000000;\"><span style=\"font-family: Times New Roman, serif;\"><span style=\"font-size: medium;\">Il suo dire, le sue parole prendono corpo, come fiammelle danzanti, evocate dal suo narrare, esse\u00a0 son coro, son donna e giovane uomo, son desiderio e son\u00a0 il kronos destinato a fermarsi. Sono passato e futuro, son madre e figlio, son voce del refrattario veggente, alter ego ribelle.<\/span><\/span><\/span><\/p>\n<p align=\"JUSTIFY\"><img loading=\"lazy\" decoding=\"async\" class=\"aligncenter wp-image-16654 size-full\" src=\"https:\/\/www.romaoggi.eu\/wp-content\/uploads\/2018\/06\/Dimmi-Tirsia-01-_ph-Boccali.jpg\" alt=\"Alt text Teatri di Pietra\" width=\"1575\" height=\"1050\" srcset=\"https:\/\/www.romaoggi.eu\/wp-content\/uploads\/2018\/06\/Dimmi-Tirsia-01-_ph-Boccali.jpg 1575w, https:\/\/www.romaoggi.eu\/wp-content\/uploads\/2018\/06\/Dimmi-Tirsia-01-_ph-Boccali-300x200.jpg 300w, https:\/\/www.romaoggi.eu\/wp-content\/uploads\/2018\/06\/Dimmi-Tirsia-01-_ph-Boccali-1024x683.jpg 1024w\" sizes=\"auto, (max-width: 1575px) 100vw, 1575px\" \/><\/p>\n<p align=\"JUSTIFY\"><span style=\"color: #000000;\"><span style=\"font-family: Times New Roman, serif;\"><span style=\"font-size: medium;\">Tiresia attraversa numerosi stati, passa da un piano di conoscenza a un altro.: la notte scende sui suoi occhi\u00a0 perch\u00e9 folgorati da una visione insopportabile, in cui oltrepassa\u00a0 il limite rigidamente fissato per l&#8217;essere umano &#8230;\u00a0 Le sue capacit\u00e0 profetiche non sono una compensazione per la perdita subita , ma il superamento di una conoscenza empirica a favore di un \u201cmodo altro\u201d di sapere le cose e di comprendere la realt\u00e0, conoscere lo spazio-tempo.<\/span><\/span><\/span><\/p>\n<p align=\"JUSTIFY\"><span style=\"color: #000000;\"><span style=\"font-family: Times New Roman, serif;\"><span style=\"font-size: medium;\">Una grande suggestione\u00a0 per una ricerca\u00a0 sull\u2019elaborazione cognitiva dello spazio. Infatti, in assenza della vista, i due sistemi percettivi, udito e tatto,\u00a0 prendono in carico la conoscenza dello spazio, utilizzando strategie differenti, perch\u00e8\u00a0 udito e tatto dipendono dalla successione sequenziale, mentre la visione ha il dominio della simultaneit\u00e0 . Ricerca possibile anche grazie al contributo di Luisa Stagni, drammaturga e interprete non vedente.<\/span><\/span><\/span><\/p>\n<p align=\"JUSTIFY\"><span style=\"color: #000000;\">\u00a0<\/span><\/p>\n<p align=\"CENTER\"><span style=\"color: #000000;\"><span style=\"font-family: Times New Roman, serif;\"><span style=\"font-size: small;\"><span style=\"font-size: medium;\"><b>Orario<\/b><\/span>\u00a0<span style=\"font-size: medium;\">: 21,00<\/span><\/span><\/span><\/span><span style=\"color: #000000;\">\u00a0<\/span><\/p>\n<p align=\"CENTER\"><span style=\"color: #000000;\"><span style=\"font-family: Times New Roman, serif;\"><span style=\"font-size: small;\"><span style=\"font-size: medium;\"><b>Ingresso<\/b><\/span>\u00a0<span style=\"font-size: medium;\">12 euro intero\u00a0 \u2013 10 euro ridotto \u2013 5 euro convenzionati \/ associazioni \/ studenti<\/span><\/span><\/span><\/span><\/p>\n<p align=\"CENTER\"><span style=\"color: #000000;\"><span style=\"font-family: Times New Roman, serif;\"><span style=\"font-size: medium;\">biglietti online :\u00a0<\/span><\/span><\/span><a href=\"http:\/\/www.liveticket.it\/\" target=\"_blank\" rel=\"noopener\"><span style=\"color: #000080;\"><span style=\"font-family: Times New Roman, serif;\"><span style=\"font-size: medium;\"><u>www.liveticket.it<\/u><\/span><\/span><\/span><\/a><span style=\"color: #000000;\">\u00a0<\/span><\/p>\n<p align=\"CENTER\"><span style=\"color: #000000;\"><span style=\"font-family: Times New Roman, serif;\"><span style=\"font-size: medium;\"><b>Info &amp; prenotazioni<\/b><\/span><\/span><\/span><span style=\"color: #000000;\"><span style=\"font-family: Times New Roman, serif;\"><span style=\"font-size: medium;\">:\u00a0<\/span><\/span><\/span><a href=\"mailto:teatridipietra@gmail.com\/\" target=\"_blank\" rel=\"noopener\"><span style=\"color: #800080;\"><span style=\"font-family: Times New Roman, serif;\"><span style=\"font-size: medium;\"><u>teatridipietra@gmail.com\/<\/u><\/span><\/span><\/span><\/a><span style=\"color: #000000;\"><span style=\"font-family: Times New Roman, serif;\"><span style=\"font-size: medium;\">\u00a0whatsapp 333 709 7449<\/span><\/span><\/span><\/p>\n<p align=\"CENTER\"><span style=\"color: #000000;\"><span style=\"font-family: Times New Roman, serif;\"><span style=\"font-size: medium;\">\/teatridipietra.blogspot.it \/\/\/<\/span><\/span><\/span><span style=\"color: #000000;\">\u00a0<\/span><\/p>\n<p align=\"CENTER\"><span style=\"color: #000000;\">\u00a0<\/span><\/p>\n<p align=\"CENTER\"><span style=\"color: #000000;\"><span style=\"font-family: Times New Roman, serif;\"><span style=\"font-size: small;\"><span style=\"font-size: medium;\"><b>ARCO di MALBORGHETTO<\/b><\/span>\u00a0<span style=\"font-size: medium;\">: Via Malborghetto , 3 &#8211;\u00a0 ROMA<\/span><\/span><\/span><\/span><\/p>\n<p align=\"CENTER\"><span style=\"color: #000000;\"><span style=\"font-family: Times New Roman, serif;\"><span style=\"font-size: medium;\">sulla Via Flaminia , altezza\u00a0 Stazione Sacrofano<\/span><\/span><\/span><\/p>\n<p><span style=\"color: #000000;\">\u00a0<\/span><\/p>\n<p align=\"JUSTIFY\"><a href=\"https:\/\/www.romaoggi.eu\/index.php\/2018\/03\/15\/il-mistero-del-cronovisore\/\"><span style=\"font-family: Times New Roman, serif;\"><span style=\"font-size: medium;\"><b>RomaOggi.eu \u2192 Leggi il prossimo articolo <\/b><\/span><\/span><\/a><\/p>\n<p align=\"JUSTIFY\"><span style=\"font-family: Times New Roman, serif;\"><span style=\"font-size: medium;\">La Redazione <\/span><\/span><\/p>\n<p align=\"JUSTIFY\"><span style=\"font-family: Times New Roman, serif;\"><span style=\"font-size: medium;\">RomaOggi.eu \u201cInteresting news for interesting people\u201d<\/span><\/span><\/p>\n<figure id=\"attachment_14622\" aria-describedby=\"caption-attachment-14622\" style=\"width: 300px\" class=\"wp-caption aligncenter\"><img loading=\"lazy\" decoding=\"async\" class=\"wp-image-14622 size-medium\" src=\"https:\/\/www.romaoggi.eu\/wp-content\/uploads\/2018\/03\/CCW-300x250-1-300x250.jpg\" alt=\"Alt text cinecitt\u00e0 world\" width=\"300\" height=\"250\" \/><figcaption id=\"caption-attachment-14622\" class=\"wp-caption-text\"><a href=\"https:\/\/www.cinecittaworld.it\/Vendita\/Biglietti-e-prezzi?Coupon=ROMAOGGI&amp;Adulti=2&amp;Ridotti=0\"><strong>Ottieni uno sconto sull&#8217;acquisto dei biglietti! CLICCA QUI<\/strong><\/a><\/figcaption><\/figure>\n","protected":false},"excerpt":{"rendered":"<div class=\"mh-excerpt\"><p>TEATRI DI PIETRA 2018 \u00a0 Antiquarium &#8211; Arco di Malborghetto\u00a0 7 &#8211; 8 Giugno 2018 \u00a0MDA Produzioni danza DIMMI, TIRESIA\u00a0 di e regia Luisa Stagni coreografia Luca Piomponi con Lucrezia Serafini, Luca Piomponi, Massimo Carrano <a class=\"mh-excerpt-more\" href=\"https:\/\/www.romaoggi.eu\/index.php\/2018\/06\/04\/teatri-di-pietra\/\" title=\"Teatri di Pietra: DIMMI TIRESIA di e con Luisa Stagni\">[&#8230;]<\/a><\/p>\n<\/div>","protected":false},"author":5,"featured_media":16653,"comment_status":"closed","ping_status":"open","sticky":false,"template":"","format":"standard","meta":{"_sitemap_exclude":false,"_sitemap_priority":"","_sitemap_frequency":"","footnotes":""},"categories":[4281],"tags":[6418,8088,26,10693,9526,877,159,10696,10695,10694,10698,10697,1644,109,817,1738,634,6733,85],"class_list":["post-16652","post","type-post","status-publish","format-standard","has-post-thumbnail","hentry","category-teatro","tag-6418","tag-cinecitta-world","tag-cristiano-morelli","tag-dimmi-tiresia","tag-il-mistero-del-cronovisore","tag-italia","tag-lazio","tag-luca-piomponi","tag-lucrezia-serafini","tag-luisa-stagni","tag-marina-sciarelli","tag-massimo-carrano","tag-regione-lazio","tag-roma","tag-romaoggi","tag-romaoggi-eu","tag-rome","tag-teatri-di-pietra","tag-teatro"],"yoast_head":"<!-- This site is optimized with the Yoast SEO plugin v27.5 - https:\/\/yoast.com\/product\/yoast-seo-wordpress\/ -->\n<title>Teatri di Pietra: DIMMI TIRESIA di e con Luisa Stagni<\/title>\n<meta name=\"description\" content=\"Il vecchio Tiresia ci narra dei miti dai quali nasce il\u00a0 suo bizzarro, tragico destino; di quando fu donna e di quando fu uomo, e\u00a0 dell\u2019incontro con gli dei e dell\u2019eterna, ingiusta,\u00a0 punizione: sette generazioni da viver sulla terra e la Veggenza a lui concessa dagli dei, ...\" \/>\n<meta name=\"robots\" content=\"index, follow, max-snippet:-1, max-image-preview:large, max-video-preview:-1\" \/>\n<link rel=\"canonical\" href=\"https:\/\/www.romaoggi.eu\/index.php\/2018\/06\/04\/teatri-di-pietra\/\" \/>\n<meta property=\"og:locale\" content=\"it_IT\" \/>\n<meta property=\"og:type\" content=\"article\" \/>\n<meta property=\"og:title\" content=\"Teatri di Pietra: DIMMI TIRESIA di e con Luisa Stagni\" \/>\n<meta property=\"og:description\" content=\"Il vecchio Tiresia ci narra dei miti dai quali nasce il\u00a0 suo bizzarro, tragico destino; di quando fu donna e di quando fu uomo, e\u00a0 dell\u2019incontro con gli dei e dell\u2019eterna, ingiusta,\u00a0 punizione: sette generazioni da viver sulla terra e la Veggenza a lui concessa dagli dei, ...\" \/>\n<meta property=\"og:url\" content=\"https:\/\/www.romaoggi.eu\/index.php\/2018\/06\/04\/teatri-di-pietra\/\" \/>\n<meta property=\"og:site_name\" content=\"roma oggi\" \/>\n<meta property=\"article:publisher\" content=\"https:\/\/www.facebook.com\/RomaOggi-841544845954114\" \/>\n<meta property=\"article:published_time\" content=\"2018-06-04T19:12:41+00:00\" \/>\n<meta property=\"og:image\" content=\"https:\/\/www.romaoggi.eu\/wp-content\/uploads\/2018\/06\/Dimmi-Tirsia-06-_ph-Boccali.jpg\" \/>\n\t<meta property=\"og:image:width\" content=\"1091\" \/>\n\t<meta property=\"og:image:height\" content=\"1050\" \/>\n\t<meta property=\"og:image:type\" content=\"image\/jpeg\" \/>\n<meta name=\"author\" content=\"Flavio\" \/>\n<meta name=\"twitter:card\" content=\"summary_large_image\" \/>\n<meta name=\"twitter:creator\" content=\"@romaoggi_eu\" \/>\n<meta name=\"twitter:site\" content=\"@romaoggi_eu\" \/>\n<meta name=\"twitter:label1\" content=\"Scritto da\" \/>\n\t<meta name=\"twitter:data1\" content=\"Flavio\" \/>\n\t<meta name=\"twitter:label2\" content=\"Tempo di lettura stimato\" \/>\n\t<meta name=\"twitter:data2\" content=\"2 minuti\" \/>\n<script type=\"application\/ld+json\" class=\"yoast-schema-graph\">{\"@context\":\"https:\\\/\\\/schema.org\",\"@graph\":[{\"@type\":\"Article\",\"@id\":\"https:\\\/\\\/www.romaoggi.eu\\\/index.php\\\/2018\\\/06\\\/04\\\/teatri-di-pietra\\\/#article\",\"isPartOf\":{\"@id\":\"https:\\\/\\\/www.romaoggi.eu\\\/index.php\\\/2018\\\/06\\\/04\\\/teatri-di-pietra\\\/\"},\"author\":{\"name\":\"Flavio\",\"@id\":\"https:\\\/\\\/www.romaoggi.eu\\\/#\\\/schema\\\/person\\\/cc12bfd93370392d7e41d243e47e6681\"},\"headline\":\"Teatri di Pietra: DIMMI TIRESIA di e con Luisa Stagni\",\"datePublished\":\"2018-06-04T19:12:41+00:00\",\"mainEntityOfPage\":{\"@id\":\"https:\\\/\\\/www.romaoggi.eu\\\/index.php\\\/2018\\\/06\\\/04\\\/teatri-di-pietra\\\/\"},\"wordCount\":408,\"publisher\":{\"@id\":\"https:\\\/\\\/www.romaoggi.eu\\\/#organization\"},\"image\":{\"@id\":\"https:\\\/\\\/www.romaoggi.eu\\\/index.php\\\/2018\\\/06\\\/04\\\/teatri-di-pietra\\\/#primaryimage\"},\"thumbnailUrl\":\"https:\\\/\\\/www.romaoggi.eu\\\/wp-content\\\/uploads\\\/2018\\\/06\\\/Dimmi-Tirsia-06-_ph-Boccali.jpg\",\"keywords\":[\"2018\",\"Cinecitt\u00e0 World\",\"cristiano morelli\",\"DIMMI TIRESIA\",\"Il mistero del cronovisore\",\"italia\",\"lazio\",\"Luca Piomponi\",\"Lucrezia Serafini\",\"Luisa Stagni\",\"Marina Sciarelli\",\"Massimo Carrano\",\"Regione Lazio\",\"roma\",\"romaoggi\",\"RomaOggi.eu\",\"rome\",\"Teatri di Pietra\",\"teatro\"],\"articleSection\":[\"teatro\"],\"inLanguage\":\"it-IT\"},{\"@type\":\"WebPage\",\"@id\":\"https:\\\/\\\/www.romaoggi.eu\\\/index.php\\\/2018\\\/06\\\/04\\\/teatri-di-pietra\\\/\",\"url\":\"https:\\\/\\\/www.romaoggi.eu\\\/index.php\\\/2018\\\/06\\\/04\\\/teatri-di-pietra\\\/\",\"name\":\"Teatri di Pietra: DIMMI TIRESIA di e con Luisa Stagni\",\"isPartOf\":{\"@id\":\"https:\\\/\\\/www.romaoggi.eu\\\/#website\"},\"primaryImageOfPage\":{\"@id\":\"https:\\\/\\\/www.romaoggi.eu\\\/index.php\\\/2018\\\/06\\\/04\\\/teatri-di-pietra\\\/#primaryimage\"},\"image\":{\"@id\":\"https:\\\/\\\/www.romaoggi.eu\\\/index.php\\\/2018\\\/06\\\/04\\\/teatri-di-pietra\\\/#primaryimage\"},\"thumbnailUrl\":\"https:\\\/\\\/www.romaoggi.eu\\\/wp-content\\\/uploads\\\/2018\\\/06\\\/Dimmi-Tirsia-06-_ph-Boccali.jpg\",\"datePublished\":\"2018-06-04T19:12:41+00:00\",\"description\":\"Il vecchio Tiresia ci narra dei miti dai quali nasce il\u00a0 suo bizzarro, tragico destino; di quando fu donna e di quando fu uomo, e\u00a0 dell\u2019incontro con gli dei e dell\u2019eterna, ingiusta,\u00a0 punizione: sette generazioni da viver sulla terra e la Veggenza a lui concessa dagli dei, ...\",\"breadcrumb\":{\"@id\":\"https:\\\/\\\/www.romaoggi.eu\\\/index.php\\\/2018\\\/06\\\/04\\\/teatri-di-pietra\\\/#breadcrumb\"},\"inLanguage\":\"it-IT\",\"potentialAction\":[{\"@type\":\"ReadAction\",\"target\":[\"https:\\\/\\\/www.romaoggi.eu\\\/index.php\\\/2018\\\/06\\\/04\\\/teatri-di-pietra\\\/\"]}]},{\"@type\":\"ImageObject\",\"inLanguage\":\"it-IT\",\"@id\":\"https:\\\/\\\/www.romaoggi.eu\\\/index.php\\\/2018\\\/06\\\/04\\\/teatri-di-pietra\\\/#primaryimage\",\"url\":\"https:\\\/\\\/www.romaoggi.eu\\\/wp-content\\\/uploads\\\/2018\\\/06\\\/Dimmi-Tirsia-06-_ph-Boccali.jpg\",\"contentUrl\":\"https:\\\/\\\/www.romaoggi.eu\\\/wp-content\\\/uploads\\\/2018\\\/06\\\/Dimmi-Tirsia-06-_ph-Boccali.jpg\",\"width\":1091,\"height\":1050,\"caption\":\"Alt text Teatri di Pietra\"},{\"@type\":\"BreadcrumbList\",\"@id\":\"https:\\\/\\\/www.romaoggi.eu\\\/index.php\\\/2018\\\/06\\\/04\\\/teatri-di-pietra\\\/#breadcrumb\",\"itemListElement\":[{\"@type\":\"ListItem\",\"position\":1,\"name\":\"Home\",\"item\":\"https:\\\/\\\/www.romaoggi.eu\\\/\"},{\"@type\":\"ListItem\",\"position\":2,\"name\":\"Teatri di Pietra: DIMMI TIRESIA di e con Luisa Stagni\"}]},{\"@type\":\"WebSite\",\"@id\":\"https:\\\/\\\/www.romaoggi.eu\\\/#website\",\"url\":\"https:\\\/\\\/www.romaoggi.eu\\\/\",\"name\":\"roma oggi\",\"description\":\"Interesting News for Interesting people\",\"publisher\":{\"@id\":\"https:\\\/\\\/www.romaoggi.eu\\\/#organization\"},\"potentialAction\":[{\"@type\":\"SearchAction\",\"target\":{\"@type\":\"EntryPoint\",\"urlTemplate\":\"https:\\\/\\\/www.romaoggi.eu\\\/?s={search_term_string}\"},\"query-input\":{\"@type\":\"PropertyValueSpecification\",\"valueRequired\":true,\"valueName\":\"search_term_string\"}}],\"inLanguage\":\"it-IT\"},{\"@type\":\"Organization\",\"@id\":\"https:\\\/\\\/www.romaoggi.eu\\\/#organization\",\"name\":\"RomaOggi\",\"url\":\"https:\\\/\\\/www.romaoggi.eu\\\/\",\"logo\":{\"@type\":\"ImageObject\",\"inLanguage\":\"it-IT\",\"@id\":\"https:\\\/\\\/www.romaoggi.eu\\\/#\\\/schema\\\/logo\\\/image\\\/\",\"url\":\"https:\\\/\\\/www.romaoggi.eu\\\/wp-content\\\/uploads\\\/2017\\\/04\\\/logowp.jpg\",\"contentUrl\":\"https:\\\/\\\/www.romaoggi.eu\\\/wp-content\\\/uploads\\\/2017\\\/04\\\/logowp.jpg\",\"width\":300,\"height\":133,\"caption\":\"RomaOggi\"},\"image\":{\"@id\":\"https:\\\/\\\/www.romaoggi.eu\\\/#\\\/schema\\\/logo\\\/image\\\/\"},\"sameAs\":[\"https:\\\/\\\/www.facebook.com\\\/RomaOggi-841544845954114\",\"https:\\\/\\\/x.com\\\/romaoggi_eu\"]},{\"@type\":\"Person\",\"@id\":\"https:\\\/\\\/www.romaoggi.eu\\\/#\\\/schema\\\/person\\\/cc12bfd93370392d7e41d243e47e6681\",\"name\":\"Flavio\",\"image\":{\"@type\":\"ImageObject\",\"inLanguage\":\"it-IT\",\"@id\":\"https:\\\/\\\/secure.gravatar.com\\\/avatar\\\/7e044ce830ea97853e01500437b37dff4a622b20a194e4d0efe9b67e918f19e5?s=96&d=mm&r=g\",\"url\":\"https:\\\/\\\/secure.gravatar.com\\\/avatar\\\/7e044ce830ea97853e01500437b37dff4a622b20a194e4d0efe9b67e918f19e5?s=96&d=mm&r=g\",\"contentUrl\":\"https:\\\/\\\/secure.gravatar.com\\\/avatar\\\/7e044ce830ea97853e01500437b37dff4a622b20a194e4d0efe9b67e918f19e5?s=96&d=mm&r=g\",\"caption\":\"Flavio\"},\"url\":\"https:\\\/\\\/www.romaoggi.eu\\\/index.php\\\/author\\\/cristiano\\\/\"}]}<\/script>\n<!-- \/ Yoast SEO plugin. -->","yoast_head_json":{"title":"Teatri di Pietra: DIMMI TIRESIA di e con Luisa Stagni","description":"Il vecchio Tiresia ci narra dei miti dai quali nasce il\u00a0 suo bizzarro, tragico destino; di quando fu donna e di quando fu uomo, e\u00a0 dell\u2019incontro con gli dei e dell\u2019eterna, ingiusta,\u00a0 punizione: sette generazioni da viver sulla terra e la Veggenza a lui concessa dagli dei, ...","robots":{"index":"index","follow":"follow","max-snippet":"max-snippet:-1","max-image-preview":"max-image-preview:large","max-video-preview":"max-video-preview:-1"},"canonical":"https:\/\/www.romaoggi.eu\/index.php\/2018\/06\/04\/teatri-di-pietra\/","og_locale":"it_IT","og_type":"article","og_title":"Teatri di Pietra: DIMMI TIRESIA di e con Luisa Stagni","og_description":"Il vecchio Tiresia ci narra dei miti dai quali nasce il\u00a0 suo bizzarro, tragico destino; di quando fu donna e di quando fu uomo, e\u00a0 dell\u2019incontro con gli dei e dell\u2019eterna, ingiusta,\u00a0 punizione: sette generazioni da viver sulla terra e la Veggenza a lui concessa dagli dei, ...","og_url":"https:\/\/www.romaoggi.eu\/index.php\/2018\/06\/04\/teatri-di-pietra\/","og_site_name":"roma oggi","article_publisher":"https:\/\/www.facebook.com\/RomaOggi-841544845954114","article_published_time":"2018-06-04T19:12:41+00:00","og_image":[{"width":1091,"height":1050,"url":"https:\/\/www.romaoggi.eu\/wp-content\/uploads\/2018\/06\/Dimmi-Tirsia-06-_ph-Boccali.jpg","type":"image\/jpeg"}],"author":"Flavio","twitter_card":"summary_large_image","twitter_creator":"@romaoggi_eu","twitter_site":"@romaoggi_eu","twitter_misc":{"Scritto da":"Flavio","Tempo di lettura stimato":"2 minuti"},"schema":{"@context":"https:\/\/schema.org","@graph":[{"@type":"Article","@id":"https:\/\/www.romaoggi.eu\/index.php\/2018\/06\/04\/teatri-di-pietra\/#article","isPartOf":{"@id":"https:\/\/www.romaoggi.eu\/index.php\/2018\/06\/04\/teatri-di-pietra\/"},"author":{"name":"Flavio","@id":"https:\/\/www.romaoggi.eu\/#\/schema\/person\/cc12bfd93370392d7e41d243e47e6681"},"headline":"Teatri di Pietra: DIMMI TIRESIA di e con Luisa Stagni","datePublished":"2018-06-04T19:12:41+00:00","mainEntityOfPage":{"@id":"https:\/\/www.romaoggi.eu\/index.php\/2018\/06\/04\/teatri-di-pietra\/"},"wordCount":408,"publisher":{"@id":"https:\/\/www.romaoggi.eu\/#organization"},"image":{"@id":"https:\/\/www.romaoggi.eu\/index.php\/2018\/06\/04\/teatri-di-pietra\/#primaryimage"},"thumbnailUrl":"https:\/\/www.romaoggi.eu\/wp-content\/uploads\/2018\/06\/Dimmi-Tirsia-06-_ph-Boccali.jpg","keywords":["2018","Cinecitt\u00e0 World","cristiano morelli","DIMMI TIRESIA","Il mistero del cronovisore","italia","lazio","Luca Piomponi","Lucrezia Serafini","Luisa Stagni","Marina Sciarelli","Massimo Carrano","Regione Lazio","roma","romaoggi","RomaOggi.eu","rome","Teatri di Pietra","teatro"],"articleSection":["teatro"],"inLanguage":"it-IT"},{"@type":"WebPage","@id":"https:\/\/www.romaoggi.eu\/index.php\/2018\/06\/04\/teatri-di-pietra\/","url":"https:\/\/www.romaoggi.eu\/index.php\/2018\/06\/04\/teatri-di-pietra\/","name":"Teatri di Pietra: DIMMI TIRESIA di e con Luisa Stagni","isPartOf":{"@id":"https:\/\/www.romaoggi.eu\/#website"},"primaryImageOfPage":{"@id":"https:\/\/www.romaoggi.eu\/index.php\/2018\/06\/04\/teatri-di-pietra\/#primaryimage"},"image":{"@id":"https:\/\/www.romaoggi.eu\/index.php\/2018\/06\/04\/teatri-di-pietra\/#primaryimage"},"thumbnailUrl":"https:\/\/www.romaoggi.eu\/wp-content\/uploads\/2018\/06\/Dimmi-Tirsia-06-_ph-Boccali.jpg","datePublished":"2018-06-04T19:12:41+00:00","description":"Il vecchio Tiresia ci narra dei miti dai quali nasce il\u00a0 suo bizzarro, tragico destino; di quando fu donna e di quando fu uomo, e\u00a0 dell\u2019incontro con gli dei e dell\u2019eterna, ingiusta,\u00a0 punizione: sette generazioni da viver sulla terra e la Veggenza a lui concessa dagli dei, ...","breadcrumb":{"@id":"https:\/\/www.romaoggi.eu\/index.php\/2018\/06\/04\/teatri-di-pietra\/#breadcrumb"},"inLanguage":"it-IT","potentialAction":[{"@type":"ReadAction","target":["https:\/\/www.romaoggi.eu\/index.php\/2018\/06\/04\/teatri-di-pietra\/"]}]},{"@type":"ImageObject","inLanguage":"it-IT","@id":"https:\/\/www.romaoggi.eu\/index.php\/2018\/06\/04\/teatri-di-pietra\/#primaryimage","url":"https:\/\/www.romaoggi.eu\/wp-content\/uploads\/2018\/06\/Dimmi-Tirsia-06-_ph-Boccali.jpg","contentUrl":"https:\/\/www.romaoggi.eu\/wp-content\/uploads\/2018\/06\/Dimmi-Tirsia-06-_ph-Boccali.jpg","width":1091,"height":1050,"caption":"Alt text Teatri di Pietra"},{"@type":"BreadcrumbList","@id":"https:\/\/www.romaoggi.eu\/index.php\/2018\/06\/04\/teatri-di-pietra\/#breadcrumb","itemListElement":[{"@type":"ListItem","position":1,"name":"Home","item":"https:\/\/www.romaoggi.eu\/"},{"@type":"ListItem","position":2,"name":"Teatri di Pietra: DIMMI TIRESIA di e con Luisa Stagni"}]},{"@type":"WebSite","@id":"https:\/\/www.romaoggi.eu\/#website","url":"https:\/\/www.romaoggi.eu\/","name":"roma oggi","description":"Interesting News for Interesting people","publisher":{"@id":"https:\/\/www.romaoggi.eu\/#organization"},"potentialAction":[{"@type":"SearchAction","target":{"@type":"EntryPoint","urlTemplate":"https:\/\/www.romaoggi.eu\/?s={search_term_string}"},"query-input":{"@type":"PropertyValueSpecification","valueRequired":true,"valueName":"search_term_string"}}],"inLanguage":"it-IT"},{"@type":"Organization","@id":"https:\/\/www.romaoggi.eu\/#organization","name":"RomaOggi","url":"https:\/\/www.romaoggi.eu\/","logo":{"@type":"ImageObject","inLanguage":"it-IT","@id":"https:\/\/www.romaoggi.eu\/#\/schema\/logo\/image\/","url":"https:\/\/www.romaoggi.eu\/wp-content\/uploads\/2017\/04\/logowp.jpg","contentUrl":"https:\/\/www.romaoggi.eu\/wp-content\/uploads\/2017\/04\/logowp.jpg","width":300,"height":133,"caption":"RomaOggi"},"image":{"@id":"https:\/\/www.romaoggi.eu\/#\/schema\/logo\/image\/"},"sameAs":["https:\/\/www.facebook.com\/RomaOggi-841544845954114","https:\/\/x.com\/romaoggi_eu"]},{"@type":"Person","@id":"https:\/\/www.romaoggi.eu\/#\/schema\/person\/cc12bfd93370392d7e41d243e47e6681","name":"Flavio","image":{"@type":"ImageObject","inLanguage":"it-IT","@id":"https:\/\/secure.gravatar.com\/avatar\/7e044ce830ea97853e01500437b37dff4a622b20a194e4d0efe9b67e918f19e5?s=96&d=mm&r=g","url":"https:\/\/secure.gravatar.com\/avatar\/7e044ce830ea97853e01500437b37dff4a622b20a194e4d0efe9b67e918f19e5?s=96&d=mm&r=g","contentUrl":"https:\/\/secure.gravatar.com\/avatar\/7e044ce830ea97853e01500437b37dff4a622b20a194e4d0efe9b67e918f19e5?s=96&d=mm&r=g","caption":"Flavio"},"url":"https:\/\/www.romaoggi.eu\/index.php\/author\/cristiano\/"}]}},"_links":{"self":[{"href":"https:\/\/www.romaoggi.eu\/index.php\/wp-json\/wp\/v2\/posts\/16652","targetHints":{"allow":["GET"]}}],"collection":[{"href":"https:\/\/www.romaoggi.eu\/index.php\/wp-json\/wp\/v2\/posts"}],"about":[{"href":"https:\/\/www.romaoggi.eu\/index.php\/wp-json\/wp\/v2\/types\/post"}],"author":[{"embeddable":true,"href":"https:\/\/www.romaoggi.eu\/index.php\/wp-json\/wp\/v2\/users\/5"}],"replies":[{"embeddable":true,"href":"https:\/\/www.romaoggi.eu\/index.php\/wp-json\/wp\/v2\/comments?post=16652"}],"version-history":[{"count":1,"href":"https:\/\/www.romaoggi.eu\/index.php\/wp-json\/wp\/v2\/posts\/16652\/revisions"}],"predecessor-version":[{"id":16655,"href":"https:\/\/www.romaoggi.eu\/index.php\/wp-json\/wp\/v2\/posts\/16652\/revisions\/16655"}],"wp:featuredmedia":[{"embeddable":true,"href":"https:\/\/www.romaoggi.eu\/index.php\/wp-json\/wp\/v2\/media\/16653"}],"wp:attachment":[{"href":"https:\/\/www.romaoggi.eu\/index.php\/wp-json\/wp\/v2\/media?parent=16652"}],"wp:term":[{"taxonomy":"category","embeddable":true,"href":"https:\/\/www.romaoggi.eu\/index.php\/wp-json\/wp\/v2\/categories?post=16652"},{"taxonomy":"post_tag","embeddable":true,"href":"https:\/\/www.romaoggi.eu\/index.php\/wp-json\/wp\/v2\/tags?post=16652"}],"curies":[{"name":"wp","href":"https:\/\/api.w.org\/{rel}","templated":true}]}}