{"id":16845,"date":"2018-06-08T13:09:59","date_gmt":"2018-06-08T11:09:59","guid":{"rendered":"http:\/\/www.romaoggi.eu\/?p=16845"},"modified":"2018-06-08T13:09:59","modified_gmt":"2018-06-08T11:09:59","slug":"norwegian","status":"publish","type":"post","link":"https:\/\/www.romaoggi.eu\/index.php\/2018\/06\/08\/norwegian\/","title":{"rendered":"NORWEGIAN: IL PROSSIMO INVERNO SI VOLA DA ROMA A MIAMI\/FORT LAUDERDALE"},"content":{"rendered":"<figure id=\"attachment_14149\" aria-describedby=\"caption-attachment-14149\" style=\"width: 678px\" class=\"wp-caption aligncenter\"><img loading=\"lazy\" decoding=\"async\" class=\"wp-image-14149 size-mh-magazine-content\" src=\"https:\/\/www.romaoggi.eu\/wp-content\/uploads\/2018\/03\/img-001-1-678x381.jpg\" alt=\"Alt text il mistero del cronovisore\" width=\"678\" height=\"381\" \/><figcaption id=\"caption-attachment-14149\" class=\"wp-caption-text\"><a href=\"https:\/\/stores.streetlib.com\/it\/cristiano-morelli\/il-mistero-del-cronovisore\"><strong>CLICCA QUI PER COMPRARE IL MIO NUOVO EBOOK A SOLI \u20ac 0,49!<\/strong><\/a><\/figcaption><\/figure>\n<p align=\"JUSTIFY\"><span style=\"font-family: Times New Roman, serif;\"><span style=\"font-size: medium;\"><b>Roma, 8 giugno 2018<\/b> \u2013 <b>Norwegian<\/b>, miglior compagnia aerea low-cost lungo raggio al mondo e miglior compagnia aerea low-cost in Europa secondo Skytrax, annuncia l\u2019avvio della <b>nuova rotta da Roma Fiumicino verso Miami\/Fort Lauderdale per l\u2019inverno 2018\/2019<\/b>.<\/span><\/span><\/p>\n<p align=\"JUSTIFY\"><span style=\"font-family: Times New Roman, serif;\"><span style=\"font-size: medium;\">Dal 30 ottobre, il vettore collegher\u00e0 la capitale italiana alla Florida <b>due volte alla settimana, ogni marted\u00ec e venerd\u00ec, con tariffe a partire da 189,90 euro, tasse incluse. <\/b>I biglietti sono in vendita a partire da oggi, venerd\u00ec 8 giugno. <\/span><\/span><\/p>\n<p align=\"JUSTIFY\"><span style=\"font-family: Times New Roman, serif;\"><span style=\"font-size: medium;\">Durante la stagione invernale 2018\/2019 sar\u00e0 quindi possibile decollare a bordo degli aeromobili Norwegian da Roma Fiumicino verso tre destinazioni negli Stati Uniti: New York\/Newark, Los Angeles e Miami\/Fort Lauderdale. La nuova rotta sostituisce, nel periodo invernale, i voli da Roma Fiumicino verso San Francisco\/Oakland, operativi durante l\u2019estate.<\/span><\/span><\/p>\n<figure id=\"attachment_16847\" aria-describedby=\"caption-attachment-16847\" style=\"width: 678px\" class=\"wp-caption aligncenter\"><img loading=\"lazy\" decoding=\"async\" class=\"wp-image-16847 size-mh-magazine-content\" src=\"https:\/\/www.romaoggi.eu\/wp-content\/uploads\/2018\/06\/Thomas-Ramdahl_LOW-678x381.jpg\" alt=\"Alt text Norwegian\" width=\"678\" height=\"381\" \/><figcaption id=\"caption-attachment-16847\" class=\"wp-caption-text\">Thomas Ramdahl<\/figcaption><\/figure>\n<p align=\"JUSTIFY\">\u201c<span style=\"font-family: Times New Roman, serif;\"><span style=\"font-size: medium;\">\u00c8 con grande piacere che annunciamo i nuovi collegamenti da Roma Fiumicino verso Miami\/Fort Lauderdale &#8211; ha dichiarato<i> Thomas Ramdahl, Chief Commercial Officer di Norwegian -. <\/i>Dopo l\u2019avvio dei voli intercontinentali verso la Grande Mela e la California, <b>dal prossimo inverno sar\u00e0 possibile volare low cost, a bordo dei nostri aeromobili, anche alla volta della Florida<\/b>. La nuova rotta, infatti, ci permette di ampliare ulteriormente le opportunit\u00e0 di viaggio dei nostri passeggeri, rendendo ancora pi\u00f9 semplici gli spostamenti tra l\u2019Italia ed entrambe le coste degli Stati Uniti\u201d.<\/span><\/span><\/p>\n<p align=\"JUSTIFY\"><span style=\"font-family: Times New Roman, serif;\"><span style=\"font-size: medium;\">Ma le novit\u00e0 per la prossima stagione invernale non sono finite qui! <b>Norwegian, infatti, ha da poco annunciato l\u2019avvio di due nuove rotte da Roma Fiumicino verso Tel Aviv e Reykjavik<\/b>, (entrambe attive dal prossimo 28 ottobre e operative tutto l\u2019anno) che si aggiungono alle 5 destinazioni a corto raggio gi\u00e0 disponibili da Roma: Copenaghen, Stoccolma, Oslo, Helsinki e Tenerife Sud. Inoltre, <b>Norwegian incrementer\u00e0 le frequenze dei voli <\/b>verso Oslo e Stoccolma (tutti i giorni anzich\u00e9 sei volta a settimana) e verso Helsinki (quattro volte a settimana anzich\u00e9 tre).<\/span><\/span><\/p>\n<p align=\"JUSTIFY\"><span style=\"font-family: Times New Roman, serif;\"><span style=\"font-size: medium;\"><b>Salgono cos\u00ec a 291.000 i posti disponibili sulle tratte a corto raggio<\/b> durante l\u2019inverno 2018\/2019, <b>pari a un incremento del +38%<\/b> rispetto allo stesso periodo dell\u2019anno precedente. <b>Sul lungo raggio, invece, i posti disponibili saranno 152.000, pari a un incremento del +54% <\/b>rispetto all\u2019inverno 2017\/2018.<\/span><\/span><\/p>\n<p align=\"JUSTIFY\">\n<p align=\"JUSTIFY\"><span style=\"font-family: Times New Roman, serif;\"><span style=\"font-size: medium;\"><u><b>PIANO VOLI INTERCONTINENTALI:<\/b><\/u><\/span><\/span><\/p>\n<table border=\"1\" width=\"686\" cellspacing=\"0\" cellpadding=\"7\">\n<colgroup>\n<col width=\"145\" \/>\n<col width=\"194\" \/>\n<col width=\"194\" \/>\n<col width=\"95\" \/> <\/colgroup>\n<tbody>\n<tr>\n<td width=\"145\" height=\"9\">\n<p align=\"JUSTIFY\"><span style=\"font-family: Times New Roman, serif;\"><span style=\"font-size: medium;\"><span lang=\"it-IT\"><b>Da Roma verso:<\/b><\/span><\/span><\/span><\/p>\n<\/td>\n<td width=\"194\">\n<p align=\"JUSTIFY\"><span style=\"font-family: Times New Roman, serif;\"><span style=\"font-size: medium;\"><span lang=\"es-ES\"><b>Summer 2018<\/b><\/span><\/span><\/span><\/p>\n<\/td>\n<td width=\"194\">\n<p align=\"JUSTIFY\"><span style=\"font-family: Times New Roman, serif;\"><span style=\"font-size: medium;\"><span lang=\"es-ES\"><b>Winter 2018\/2019<\/b><\/span><\/span><\/span><\/p>\n<\/td>\n<td width=\"95\">\n<p align=\"JUSTIFY\"><span style=\"font-family: Times New Roman, serif;\"><span style=\"font-size: medium;\"><span lang=\"es-ES\"><b>Tariffa a partire da<\/b><\/span><\/span><\/span><\/p>\n<\/td>\n<\/tr>\n<tr>\n<td width=\"145\" height=\"37\">\n<p align=\"JUSTIFY\"><span style=\"font-family: Times New Roman, serif;\"><span style=\"font-size: medium;\"><span lang=\"it-IT\">New York\/Newark<\/span><\/span><\/span><\/p>\n<\/td>\n<td width=\"194\">\n<p align=\"JUSTIFY\"><span style=\"font-family: Times New Roman, serif;\"><span style=\"font-size: medium;\"><span lang=\"it-IT\">7 voli\/settimana:<\/span><\/span><\/span><\/p>\n<p align=\"JUSTIFY\"><span style=\"font-family: Times New Roman, serif;\"><span style=\"font-size: medium;\"><span lang=\"it-IT\">tutti i giorni<\/span><\/span><\/span><\/p>\n<\/td>\n<td width=\"194\">\n<p align=\"JUSTIFY\"><span style=\"font-family: Times New Roman, serif;\"><span style=\"font-size: medium;\"><span lang=\"it-IT\">7 voli\/settimana:<\/span><\/span><\/span><\/p>\n<p align=\"JUSTIFY\"><span style=\"font-family: Times New Roman, serif;\"><span style=\"font-size: medium;\"><span lang=\"it-IT\">tutti i giorni<\/span><\/span><\/span><\/p>\n<\/td>\n<td width=\"95\">\n<p align=\"JUSTIFY\">\u20ac<span style=\"font-family: Times New Roman, serif;\"><span style=\"font-size: medium;\"><span lang=\"en-US\">179<\/span><\/span><\/span><\/p>\n<\/td>\n<\/tr>\n<tr>\n<td width=\"145\" height=\"37\">\n<p align=\"JUSTIFY\"><span style=\"font-family: Times New Roman, serif;\"><span style=\"font-size: medium;\"><span lang=\"es-ES\">Los Angeles<\/span><\/span><\/span><\/p>\n<\/td>\n<td width=\"194\">\n<p align=\"JUSTIFY\"><span style=\"font-family: Times New Roman, serif;\"><span style=\"font-size: medium;\"><span lang=\"it-IT\">3 voli\/settimana:<\/span><\/span><\/span><\/p>\n<p align=\"JUSTIFY\"><span style=\"font-family: Times New Roman, serif;\"><span style=\"font-size: medium;\"><span lang=\"it-IT\">luned\u00ec, mercoled\u00ec e venerd\u00ec<\/span><\/span><\/span><\/p>\n<\/td>\n<td width=\"194\">\n<p align=\"JUSTIFY\"><span style=\"font-family: Times New Roman, serif;\"><span style=\"font-size: medium;\"><span lang=\"it-IT\">3 voli\/settimana:<\/span><\/span><\/span><\/p>\n<p align=\"JUSTIFY\"><span style=\"font-family: Times New Roman, serif;\"><span style=\"font-size: medium;\"><span lang=\"it-IT\">luned\u00ec, mercoled\u00ec e sabato<\/span><\/span><\/span><\/p>\n<\/td>\n<td width=\"95\">\n<p align=\"JUSTIFY\">\u20ac<span style=\"font-family: Times New Roman, serif;\"><span style=\"font-size: medium;\"><span lang=\"en-US\">199<\/span><\/span><\/span><\/p>\n<\/td>\n<\/tr>\n<tr>\n<td width=\"145\" height=\"37\">\n<p align=\"JUSTIFY\"><span style=\"font-family: Times New Roman, serif;\"><span style=\"font-size: medium;\"><span lang=\"en-US\">San Francisco\/Oakland<\/span><\/span><\/span><\/p>\n<\/td>\n<td width=\"194\">\n<p align=\"JUSTIFY\"><span style=\"font-family: Times New Roman, serif;\"><span style=\"font-size: medium;\"><span lang=\"it-IT\">2 voli\/settimana:<\/span><\/span><\/span><\/p>\n<p align=\"JUSTIFY\"><span style=\"font-family: Times New Roman, serif;\"><span style=\"font-size: medium;\"><span lang=\"it-IT\">marted\u00ec e sabato<\/span><\/span><\/span><\/p>\n<\/td>\n<td width=\"194\">\n<p align=\"JUSTIFY\"><span style=\"font-family: Times New Roman, serif;\"><span style=\"font-size: medium;\"><span lang=\"it-IT\">\/\/<\/span><\/span><\/span><\/p>\n<\/td>\n<td width=\"95\">\n<p align=\"JUSTIFY\">\u20ac<span style=\"font-family: Times New Roman, serif;\"><span style=\"font-size: medium;\"><span lang=\"en-US\">199<\/span><\/span><\/span><\/p>\n<\/td>\n<\/tr>\n<tr>\n<td width=\"145\" height=\"36\">\n<p align=\"JUSTIFY\"><span style=\"font-family: Times New Roman, serif;\"><span style=\"font-size: medium;\"><span lang=\"en-US\">Miami\/Fort Lauderdale<\/span><\/span><\/span><\/p>\n<\/td>\n<td width=\"194\">\n<p align=\"JUSTIFY\"><span style=\"font-family: Times New Roman, serif;\"><span style=\"font-size: medium;\"><span lang=\"en-GB\">\/\/<\/span><\/span><\/span><\/p>\n<\/td>\n<td width=\"194\">\n<p align=\"JUSTIFY\"><span style=\"font-family: Times New Roman, serif;\"><span style=\"font-size: medium;\"><span lang=\"it-IT\">2 voli\/settimana:<\/span><\/span><\/span><\/p>\n<p align=\"JUSTIFY\"><span style=\"font-family: Times New Roman, serif;\"><span style=\"font-size: medium;\"><span lang=\"it-IT\">marted\u00ec e venerd\u00ec<\/span><\/span><\/span><\/p>\n<\/td>\n<td width=\"95\">\n<p align=\"JUSTIFY\">\u20ac<span style=\"font-family: Times New Roman, serif;\"><span style=\"font-size: medium;\"><span lang=\"en-US\">189<\/span><\/span><\/span><\/p>\n<\/td>\n<\/tr>\n<\/tbody>\n<\/table>\n<p align=\"JUSTIFY\"><span style=\"font-family: Times New Roman, serif;\"><span style=\"font-size: medium;\"><span style=\"color: #000000;\">Tutte le rotte da Roma sono disponibili sul sito www.norwegian.com\/it e tramite le agenzie di viaggio.<\/span><\/span><\/span><\/p>\n<p align=\"JUSTIFY\">\n<p align=\"JUSTIFY\"><a href=\"https:\/\/www.romaoggi.eu\/index.php\/2018\/03\/15\/il-mistero-del-cronovisore\/\"><span style=\"font-family: Times New Roman, serif;\"><span style=\"font-size: medium;\"><b>RomaOggi.eu \u2192 Leggi il prossimo articolo <\/b><\/span><\/span><\/a><\/p>\n<p align=\"JUSTIFY\"><span style=\"font-family: Times New Roman, serif;\"><span style=\"font-size: medium;\">La Redazione <\/span><\/span><\/p>\n<p align=\"JUSTIFY\"><span style=\"font-family: Times New Roman, serif;\"><span style=\"font-size: medium;\">RomaOggi.eu \u201cInteresting news for interesting people\u201d<\/span><\/span><\/p>\n<p align=\"JUSTIFY\">\n<figure id=\"attachment_14622\" aria-describedby=\"caption-attachment-14622\" style=\"width: 300px\" class=\"wp-caption aligncenter\"><img loading=\"lazy\" decoding=\"async\" class=\"wp-image-14622 size-medium\" src=\"https:\/\/www.romaoggi.eu\/wp-content\/uploads\/2018\/03\/CCW-300x250-1-300x250.jpg\" alt=\"Alt text cinecitt\u00e0 world\" width=\"300\" height=\"250\" \/><figcaption id=\"caption-attachment-14622\" class=\"wp-caption-text\"><a href=\"https:\/\/www.cinecittaworld.it\/Vendita\/Biglietti-e-prezzi?Coupon=ROMAOGGI&amp;Adulti=2&amp;Ridotti=0\"><strong>Ottieni uno sconto sull&#8217;acquisto dei biglietti! CLICCA QUI<\/strong><\/a><\/figcaption><\/figure>\n","protected":false},"excerpt":{"rendered":"<div class=\"mh-excerpt\"><p>Roma, 8 giugno 2018 \u2013 Norwegian, miglior compagnia aerea low-cost lungo raggio al mondo e miglior compagnia aerea low-cost in Europa secondo Skytrax, annuncia l\u2019avvio della nuova rotta da Roma Fiumicino verso Miami\/Fort Lauderdale per <a class=\"mh-excerpt-more\" href=\"https:\/\/www.romaoggi.eu\/index.php\/2018\/06\/08\/norwegian\/\" title=\"NORWEGIAN: IL PROSSIMO INVERNO SI VOLA DA ROMA A MIAMI\/FORT LAUDERDALE\">[&#8230;]<\/a><\/p>\n<\/div>","protected":false},"author":5,"featured_media":16846,"comment_status":"closed","ping_status":"open","sticky":false,"template":"","format":"standard","meta":{"_sitemap_exclude":false,"_sitemap_priority":"","_sitemap_frequency":"","footnotes":""},"categories":[522],"tags":[6418,8088,26,9526,877,159,10773,10774,10775,9255,1644,109,9256,10772,817,1738,634],"class_list":["post-16845","post","type-post","status-publish","format-standard","has-post-thumbnail","hentry","category-attualita","tag-6418","tag-cinecitta-world","tag-cristiano-morelli","tag-il-mistero-del-cronovisore","tag-italia","tag-lazio","tag-low-cost","tag-miami","tag-miami-fort-lauderdale","tag-norwegian","tag-regione-lazio","tag-roma","tag-roma-fiumicino","tag-roma-fiumicino-verso-miami-fort-lauderdale","tag-romaoggi","tag-romaoggi-eu","tag-rome"],"yoast_head":"<!-- This site is optimized with the Yoast SEO plugin v27.5 - https:\/\/yoast.com\/product\/yoast-seo-wordpress\/ -->\n<title>NORWEGIAN: IL PROSSIMO INVERNO SI VOLA DA ROMA A MIAMI\/FORT LAUDERDALENORWEGIAN: IL PROSSIMO INVERNO SI VOLA DA ROMA A MIAMI\/FORT LAUDERDALE<\/title>\n<meta name=\"description\" content=\"Roma, 8 giugno 2018 \u2013 Norwegian, miglior compagnia aerea low-cost lungo raggio al mondo e miglior compagnia aerea low-cost in Europa secondo Skytrax....\" \/>\n<meta name=\"robots\" content=\"index, follow, max-snippet:-1, max-image-preview:large, max-video-preview:-1\" \/>\n<link rel=\"canonical\" href=\"https:\/\/www.romaoggi.eu\/index.php\/2018\/06\/08\/norwegian\/\" \/>\n<meta property=\"og:locale\" content=\"it_IT\" \/>\n<meta property=\"og:type\" content=\"article\" \/>\n<meta property=\"og:title\" content=\"NORWEGIAN: IL PROSSIMO INVERNO SI VOLA DA ROMA A MIAMI\/FORT LAUDERDALENORWEGIAN: IL PROSSIMO INVERNO SI VOLA DA ROMA A MIAMI\/FORT LAUDERDALE\" \/>\n<meta property=\"og:description\" content=\"Roma, 8 giugno 2018 \u2013 Norwegian, miglior compagnia aerea low-cost lungo raggio al mondo e miglior compagnia aerea low-cost in Europa secondo Skytrax....\" \/>\n<meta property=\"og:url\" content=\"https:\/\/www.romaoggi.eu\/index.php\/2018\/06\/08\/norwegian\/\" \/>\n<meta property=\"og:site_name\" content=\"roma oggi\" \/>\n<meta property=\"article:publisher\" content=\"https:\/\/www.facebook.com\/RomaOggi-841544845954114\" \/>\n<meta property=\"article:published_time\" content=\"2018-06-08T11:09:59+00:00\" \/>\n<meta property=\"og:image\" content=\"https:\/\/www.romaoggi.eu\/wp-content\/uploads\/2018\/06\/Norwegian.jpg\" \/>\n\t<meta property=\"og:image:width\" content=\"1467\" \/>\n\t<meta property=\"og:image:height\" content=\"1103\" \/>\n\t<meta property=\"og:image:type\" content=\"image\/jpeg\" \/>\n<meta name=\"author\" content=\"Flavio\" \/>\n<meta name=\"twitter:card\" content=\"summary_large_image\" \/>\n<meta name=\"twitter:creator\" content=\"@romaoggi_eu\" \/>\n<meta name=\"twitter:site\" content=\"@romaoggi_eu\" \/>\n<meta name=\"twitter:label1\" content=\"Scritto da\" \/>\n\t<meta name=\"twitter:data1\" content=\"Flavio\" \/>\n\t<meta name=\"twitter:label2\" content=\"Tempo di lettura stimato\" \/>\n\t<meta name=\"twitter:data2\" content=\"2 minuti\" \/>\n<script type=\"application\/ld+json\" class=\"yoast-schema-graph\">{\"@context\":\"https:\\\/\\\/schema.org\",\"@graph\":[{\"@type\":\"Article\",\"@id\":\"https:\\\/\\\/www.romaoggi.eu\\\/index.php\\\/2018\\\/06\\\/08\\\/norwegian\\\/#article\",\"isPartOf\":{\"@id\":\"https:\\\/\\\/www.romaoggi.eu\\\/index.php\\\/2018\\\/06\\\/08\\\/norwegian\\\/\"},\"author\":{\"name\":\"Flavio\",\"@id\":\"https:\\\/\\\/www.romaoggi.eu\\\/#\\\/schema\\\/person\\\/cc12bfd93370392d7e41d243e47e6681\"},\"headline\":\"NORWEGIAN: IL PROSSIMO INVERNO SI VOLA DA ROMA A MIAMI\\\/FORT LAUDERDALE\",\"datePublished\":\"2018-06-08T11:09:59+00:00\",\"mainEntityOfPage\":{\"@id\":\"https:\\\/\\\/www.romaoggi.eu\\\/index.php\\\/2018\\\/06\\\/08\\\/norwegian\\\/\"},\"wordCount\":487,\"publisher\":{\"@id\":\"https:\\\/\\\/www.romaoggi.eu\\\/#organization\"},\"image\":{\"@id\":\"https:\\\/\\\/www.romaoggi.eu\\\/index.php\\\/2018\\\/06\\\/08\\\/norwegian\\\/#primaryimage\"},\"thumbnailUrl\":\"https:\\\/\\\/www.romaoggi.eu\\\/wp-content\\\/uploads\\\/2018\\\/06\\\/Norwegian.jpg\",\"keywords\":[\"2018\",\"Cinecitt\u00e0 World\",\"cristiano morelli\",\"Il mistero del cronovisore\",\"italia\",\"lazio\",\"low-cost\",\"Miami\",\"Miami\\\/Fort Lauderdale\",\"Norwegian\",\"Regione Lazio\",\"roma\",\"Roma Fiumicino\",\"Roma Fiumicino verso Miami\\\/Fort Lauderdale\",\"romaoggi\",\"RomaOggi.eu\",\"rome\"],\"articleSection\":[\"attualit\u00e0\"],\"inLanguage\":\"it-IT\"},{\"@type\":\"WebPage\",\"@id\":\"https:\\\/\\\/www.romaoggi.eu\\\/index.php\\\/2018\\\/06\\\/08\\\/norwegian\\\/\",\"url\":\"https:\\\/\\\/www.romaoggi.eu\\\/index.php\\\/2018\\\/06\\\/08\\\/norwegian\\\/\",\"name\":\"NORWEGIAN: IL PROSSIMO INVERNO SI VOLA DA ROMA A MIAMI\\\/FORT LAUDERDALENORWEGIAN: IL PROSSIMO INVERNO SI VOLA DA ROMA A MIAMI\\\/FORT LAUDERDALE\",\"isPartOf\":{\"@id\":\"https:\\\/\\\/www.romaoggi.eu\\\/#website\"},\"primaryImageOfPage\":{\"@id\":\"https:\\\/\\\/www.romaoggi.eu\\\/index.php\\\/2018\\\/06\\\/08\\\/norwegian\\\/#primaryimage\"},\"image\":{\"@id\":\"https:\\\/\\\/www.romaoggi.eu\\\/index.php\\\/2018\\\/06\\\/08\\\/norwegian\\\/#primaryimage\"},\"thumbnailUrl\":\"https:\\\/\\\/www.romaoggi.eu\\\/wp-content\\\/uploads\\\/2018\\\/06\\\/Norwegian.jpg\",\"datePublished\":\"2018-06-08T11:09:59+00:00\",\"description\":\"Roma, 8 giugno 2018 \u2013 Norwegian, miglior compagnia aerea low-cost lungo raggio al mondo e miglior compagnia aerea low-cost in Europa secondo Skytrax....\",\"breadcrumb\":{\"@id\":\"https:\\\/\\\/www.romaoggi.eu\\\/index.php\\\/2018\\\/06\\\/08\\\/norwegian\\\/#breadcrumb\"},\"inLanguage\":\"it-IT\",\"potentialAction\":[{\"@type\":\"ReadAction\",\"target\":[\"https:\\\/\\\/www.romaoggi.eu\\\/index.php\\\/2018\\\/06\\\/08\\\/norwegian\\\/\"]}]},{\"@type\":\"ImageObject\",\"inLanguage\":\"it-IT\",\"@id\":\"https:\\\/\\\/www.romaoggi.eu\\\/index.php\\\/2018\\\/06\\\/08\\\/norwegian\\\/#primaryimage\",\"url\":\"https:\\\/\\\/www.romaoggi.eu\\\/wp-content\\\/uploads\\\/2018\\\/06\\\/Norwegian.jpg\",\"contentUrl\":\"https:\\\/\\\/www.romaoggi.eu\\\/wp-content\\\/uploads\\\/2018\\\/06\\\/Norwegian.jpg\",\"width\":1467,\"height\":1103,\"caption\":\"Alt text Norwegian\"},{\"@type\":\"BreadcrumbList\",\"@id\":\"https:\\\/\\\/www.romaoggi.eu\\\/index.php\\\/2018\\\/06\\\/08\\\/norwegian\\\/#breadcrumb\",\"itemListElement\":[{\"@type\":\"ListItem\",\"position\":1,\"name\":\"Home\",\"item\":\"https:\\\/\\\/www.romaoggi.eu\\\/\"},{\"@type\":\"ListItem\",\"position\":2,\"name\":\"NORWEGIAN: IL PROSSIMO INVERNO SI VOLA DA ROMA A MIAMI\\\/FORT LAUDERDALE\"}]},{\"@type\":\"WebSite\",\"@id\":\"https:\\\/\\\/www.romaoggi.eu\\\/#website\",\"url\":\"https:\\\/\\\/www.romaoggi.eu\\\/\",\"name\":\"roma oggi\",\"description\":\"Interesting News for Interesting people\",\"publisher\":{\"@id\":\"https:\\\/\\\/www.romaoggi.eu\\\/#organization\"},\"potentialAction\":[{\"@type\":\"SearchAction\",\"target\":{\"@type\":\"EntryPoint\",\"urlTemplate\":\"https:\\\/\\\/www.romaoggi.eu\\\/?s={search_term_string}\"},\"query-input\":{\"@type\":\"PropertyValueSpecification\",\"valueRequired\":true,\"valueName\":\"search_term_string\"}}],\"inLanguage\":\"it-IT\"},{\"@type\":\"Organization\",\"@id\":\"https:\\\/\\\/www.romaoggi.eu\\\/#organization\",\"name\":\"RomaOggi\",\"url\":\"https:\\\/\\\/www.romaoggi.eu\\\/\",\"logo\":{\"@type\":\"ImageObject\",\"inLanguage\":\"it-IT\",\"@id\":\"https:\\\/\\\/www.romaoggi.eu\\\/#\\\/schema\\\/logo\\\/image\\\/\",\"url\":\"https:\\\/\\\/www.romaoggi.eu\\\/wp-content\\\/uploads\\\/2017\\\/04\\\/logowp.jpg\",\"contentUrl\":\"https:\\\/\\\/www.romaoggi.eu\\\/wp-content\\\/uploads\\\/2017\\\/04\\\/logowp.jpg\",\"width\":300,\"height\":133,\"caption\":\"RomaOggi\"},\"image\":{\"@id\":\"https:\\\/\\\/www.romaoggi.eu\\\/#\\\/schema\\\/logo\\\/image\\\/\"},\"sameAs\":[\"https:\\\/\\\/www.facebook.com\\\/RomaOggi-841544845954114\",\"https:\\\/\\\/x.com\\\/romaoggi_eu\"]},{\"@type\":\"Person\",\"@id\":\"https:\\\/\\\/www.romaoggi.eu\\\/#\\\/schema\\\/person\\\/cc12bfd93370392d7e41d243e47e6681\",\"name\":\"Flavio\",\"image\":{\"@type\":\"ImageObject\",\"inLanguage\":\"it-IT\",\"@id\":\"https:\\\/\\\/secure.gravatar.com\\\/avatar\\\/7e044ce830ea97853e01500437b37dff4a622b20a194e4d0efe9b67e918f19e5?s=96&d=mm&r=g\",\"url\":\"https:\\\/\\\/secure.gravatar.com\\\/avatar\\\/7e044ce830ea97853e01500437b37dff4a622b20a194e4d0efe9b67e918f19e5?s=96&d=mm&r=g\",\"contentUrl\":\"https:\\\/\\\/secure.gravatar.com\\\/avatar\\\/7e044ce830ea97853e01500437b37dff4a622b20a194e4d0efe9b67e918f19e5?s=96&d=mm&r=g\",\"caption\":\"Flavio\"},\"url\":\"https:\\\/\\\/www.romaoggi.eu\\\/index.php\\\/author\\\/cristiano\\\/\"}]}<\/script>\n<!-- \/ Yoast SEO plugin. -->","yoast_head_json":{"title":"NORWEGIAN: IL PROSSIMO INVERNO SI VOLA DA ROMA A MIAMI\/FORT LAUDERDALENORWEGIAN: IL PROSSIMO INVERNO SI VOLA DA ROMA A MIAMI\/FORT LAUDERDALE","description":"Roma, 8 giugno 2018 \u2013 Norwegian, miglior compagnia aerea low-cost lungo raggio al mondo e miglior compagnia aerea low-cost in Europa secondo Skytrax....","robots":{"index":"index","follow":"follow","max-snippet":"max-snippet:-1","max-image-preview":"max-image-preview:large","max-video-preview":"max-video-preview:-1"},"canonical":"https:\/\/www.romaoggi.eu\/index.php\/2018\/06\/08\/norwegian\/","og_locale":"it_IT","og_type":"article","og_title":"NORWEGIAN: IL PROSSIMO INVERNO SI VOLA DA ROMA A MIAMI\/FORT LAUDERDALENORWEGIAN: IL PROSSIMO INVERNO SI VOLA DA ROMA A MIAMI\/FORT LAUDERDALE","og_description":"Roma, 8 giugno 2018 \u2013 Norwegian, miglior compagnia aerea low-cost lungo raggio al mondo e miglior compagnia aerea low-cost in Europa secondo Skytrax....","og_url":"https:\/\/www.romaoggi.eu\/index.php\/2018\/06\/08\/norwegian\/","og_site_name":"roma oggi","article_publisher":"https:\/\/www.facebook.com\/RomaOggi-841544845954114","article_published_time":"2018-06-08T11:09:59+00:00","og_image":[{"width":1467,"height":1103,"url":"https:\/\/www.romaoggi.eu\/wp-content\/uploads\/2018\/06\/Norwegian.jpg","type":"image\/jpeg"}],"author":"Flavio","twitter_card":"summary_large_image","twitter_creator":"@romaoggi_eu","twitter_site":"@romaoggi_eu","twitter_misc":{"Scritto da":"Flavio","Tempo di lettura stimato":"2 minuti"},"schema":{"@context":"https:\/\/schema.org","@graph":[{"@type":"Article","@id":"https:\/\/www.romaoggi.eu\/index.php\/2018\/06\/08\/norwegian\/#article","isPartOf":{"@id":"https:\/\/www.romaoggi.eu\/index.php\/2018\/06\/08\/norwegian\/"},"author":{"name":"Flavio","@id":"https:\/\/www.romaoggi.eu\/#\/schema\/person\/cc12bfd93370392d7e41d243e47e6681"},"headline":"NORWEGIAN: IL PROSSIMO INVERNO SI VOLA DA ROMA A MIAMI\/FORT LAUDERDALE","datePublished":"2018-06-08T11:09:59+00:00","mainEntityOfPage":{"@id":"https:\/\/www.romaoggi.eu\/index.php\/2018\/06\/08\/norwegian\/"},"wordCount":487,"publisher":{"@id":"https:\/\/www.romaoggi.eu\/#organization"},"image":{"@id":"https:\/\/www.romaoggi.eu\/index.php\/2018\/06\/08\/norwegian\/#primaryimage"},"thumbnailUrl":"https:\/\/www.romaoggi.eu\/wp-content\/uploads\/2018\/06\/Norwegian.jpg","keywords":["2018","Cinecitt\u00e0 World","cristiano morelli","Il mistero del cronovisore","italia","lazio","low-cost","Miami","Miami\/Fort Lauderdale","Norwegian","Regione Lazio","roma","Roma Fiumicino","Roma Fiumicino verso Miami\/Fort Lauderdale","romaoggi","RomaOggi.eu","rome"],"articleSection":["attualit\u00e0"],"inLanguage":"it-IT"},{"@type":"WebPage","@id":"https:\/\/www.romaoggi.eu\/index.php\/2018\/06\/08\/norwegian\/","url":"https:\/\/www.romaoggi.eu\/index.php\/2018\/06\/08\/norwegian\/","name":"NORWEGIAN: IL PROSSIMO INVERNO SI VOLA DA ROMA A MIAMI\/FORT LAUDERDALENORWEGIAN: IL PROSSIMO INVERNO SI VOLA DA ROMA A MIAMI\/FORT LAUDERDALE","isPartOf":{"@id":"https:\/\/www.romaoggi.eu\/#website"},"primaryImageOfPage":{"@id":"https:\/\/www.romaoggi.eu\/index.php\/2018\/06\/08\/norwegian\/#primaryimage"},"image":{"@id":"https:\/\/www.romaoggi.eu\/index.php\/2018\/06\/08\/norwegian\/#primaryimage"},"thumbnailUrl":"https:\/\/www.romaoggi.eu\/wp-content\/uploads\/2018\/06\/Norwegian.jpg","datePublished":"2018-06-08T11:09:59+00:00","description":"Roma, 8 giugno 2018 \u2013 Norwegian, miglior compagnia aerea low-cost lungo raggio al mondo e miglior compagnia aerea low-cost in Europa secondo Skytrax....","breadcrumb":{"@id":"https:\/\/www.romaoggi.eu\/index.php\/2018\/06\/08\/norwegian\/#breadcrumb"},"inLanguage":"it-IT","potentialAction":[{"@type":"ReadAction","target":["https:\/\/www.romaoggi.eu\/index.php\/2018\/06\/08\/norwegian\/"]}]},{"@type":"ImageObject","inLanguage":"it-IT","@id":"https:\/\/www.romaoggi.eu\/index.php\/2018\/06\/08\/norwegian\/#primaryimage","url":"https:\/\/www.romaoggi.eu\/wp-content\/uploads\/2018\/06\/Norwegian.jpg","contentUrl":"https:\/\/www.romaoggi.eu\/wp-content\/uploads\/2018\/06\/Norwegian.jpg","width":1467,"height":1103,"caption":"Alt text Norwegian"},{"@type":"BreadcrumbList","@id":"https:\/\/www.romaoggi.eu\/index.php\/2018\/06\/08\/norwegian\/#breadcrumb","itemListElement":[{"@type":"ListItem","position":1,"name":"Home","item":"https:\/\/www.romaoggi.eu\/"},{"@type":"ListItem","position":2,"name":"NORWEGIAN: IL PROSSIMO INVERNO SI VOLA DA ROMA A MIAMI\/FORT LAUDERDALE"}]},{"@type":"WebSite","@id":"https:\/\/www.romaoggi.eu\/#website","url":"https:\/\/www.romaoggi.eu\/","name":"roma oggi","description":"Interesting News for Interesting people","publisher":{"@id":"https:\/\/www.romaoggi.eu\/#organization"},"potentialAction":[{"@type":"SearchAction","target":{"@type":"EntryPoint","urlTemplate":"https:\/\/www.romaoggi.eu\/?s={search_term_string}"},"query-input":{"@type":"PropertyValueSpecification","valueRequired":true,"valueName":"search_term_string"}}],"inLanguage":"it-IT"},{"@type":"Organization","@id":"https:\/\/www.romaoggi.eu\/#organization","name":"RomaOggi","url":"https:\/\/www.romaoggi.eu\/","logo":{"@type":"ImageObject","inLanguage":"it-IT","@id":"https:\/\/www.romaoggi.eu\/#\/schema\/logo\/image\/","url":"https:\/\/www.romaoggi.eu\/wp-content\/uploads\/2017\/04\/logowp.jpg","contentUrl":"https:\/\/www.romaoggi.eu\/wp-content\/uploads\/2017\/04\/logowp.jpg","width":300,"height":133,"caption":"RomaOggi"},"image":{"@id":"https:\/\/www.romaoggi.eu\/#\/schema\/logo\/image\/"},"sameAs":["https:\/\/www.facebook.com\/RomaOggi-841544845954114","https:\/\/x.com\/romaoggi_eu"]},{"@type":"Person","@id":"https:\/\/www.romaoggi.eu\/#\/schema\/person\/cc12bfd93370392d7e41d243e47e6681","name":"Flavio","image":{"@type":"ImageObject","inLanguage":"it-IT","@id":"https:\/\/secure.gravatar.com\/avatar\/7e044ce830ea97853e01500437b37dff4a622b20a194e4d0efe9b67e918f19e5?s=96&d=mm&r=g","url":"https:\/\/secure.gravatar.com\/avatar\/7e044ce830ea97853e01500437b37dff4a622b20a194e4d0efe9b67e918f19e5?s=96&d=mm&r=g","contentUrl":"https:\/\/secure.gravatar.com\/avatar\/7e044ce830ea97853e01500437b37dff4a622b20a194e4d0efe9b67e918f19e5?s=96&d=mm&r=g","caption":"Flavio"},"url":"https:\/\/www.romaoggi.eu\/index.php\/author\/cristiano\/"}]}},"_links":{"self":[{"href":"https:\/\/www.romaoggi.eu\/index.php\/wp-json\/wp\/v2\/posts\/16845","targetHints":{"allow":["GET"]}}],"collection":[{"href":"https:\/\/www.romaoggi.eu\/index.php\/wp-json\/wp\/v2\/posts"}],"about":[{"href":"https:\/\/www.romaoggi.eu\/index.php\/wp-json\/wp\/v2\/types\/post"}],"author":[{"embeddable":true,"href":"https:\/\/www.romaoggi.eu\/index.php\/wp-json\/wp\/v2\/users\/5"}],"replies":[{"embeddable":true,"href":"https:\/\/www.romaoggi.eu\/index.php\/wp-json\/wp\/v2\/comments?post=16845"}],"version-history":[{"count":1,"href":"https:\/\/www.romaoggi.eu\/index.php\/wp-json\/wp\/v2\/posts\/16845\/revisions"}],"predecessor-version":[{"id":16848,"href":"https:\/\/www.romaoggi.eu\/index.php\/wp-json\/wp\/v2\/posts\/16845\/revisions\/16848"}],"wp:featuredmedia":[{"embeddable":true,"href":"https:\/\/www.romaoggi.eu\/index.php\/wp-json\/wp\/v2\/media\/16846"}],"wp:attachment":[{"href":"https:\/\/www.romaoggi.eu\/index.php\/wp-json\/wp\/v2\/media?parent=16845"}],"wp:term":[{"taxonomy":"category","embeddable":true,"href":"https:\/\/www.romaoggi.eu\/index.php\/wp-json\/wp\/v2\/categories?post=16845"},{"taxonomy":"post_tag","embeddable":true,"href":"https:\/\/www.romaoggi.eu\/index.php\/wp-json\/wp\/v2\/tags?post=16845"}],"curies":[{"name":"wp","href":"https:\/\/api.w.org\/{rel}","templated":true}]}}