{"id":17115,"date":"2018-06-18T08:43:15","date_gmt":"2018-06-18T06:43:15","guid":{"rendered":"http:\/\/www.romaoggi.eu\/?p=17115"},"modified":"2018-06-18T08:43:15","modified_gmt":"2018-06-18T06:43:15","slug":"un-flash-mob","status":"publish","type":"post","link":"https:\/\/www.romaoggi.eu\/index.php\/2018\/06\/18\/un-flash-mob\/","title":{"rendered":"Un Flash Mob, per  celebrare la Giornata Mondiale del Rifugiato, il 20 giugno dalle ore 19 in Piazza Roma ad Aprilia."},"content":{"rendered":"<p style=\"text-align: justify;\">Un Flash Mob,\u00a0per\u00a0 celebrare la Giornata Mondiale del Rifugiato, il <strong>20 giugno, dalle ore 19 in Piazza Roma ad Aprilia. <\/strong><\/p>\n<p style=\"text-align: justify;\">In occasione della giornata mondiale del rifugiato 2018, il Laboratorio Sperimentale Teatro Finestra organizza un flash mob in Piazza Roma ad Aprilia.<br \/>\nSI INVITA TUTTA LA CITTADINANZA a portare una barchetta di carta da posare sul Sagrato della Chiesa di San Michele in piazza Roma MERCOLEDI 20 GIUGNO ALLE ORE 19:00.<\/p>\n<p style=\"text-align: justify;\">Si celebra in tutto il mondo la <strong>Giornata Mondiale del Rifugiato<\/strong>, appuntamento annuale voluto dall\u2019Assemblea Generale delle Nazioni Unite, che ha come obiettivo la sensibilizzazione dell\u2019opinione pubblica sulla condizione di milioni di rifugiati e richiedenti asilo che, costretti a fuggire da guerre e violenze, lasciano i propri affetti, la propria casa e tutto ci\u00f2 che un tempo era parte della loro vita. E soprattutto invita a non dimenticare mai che dietro ognuno di loro c\u2019\u00e8 una storia che merita di essere ascoltata. Storie di sofferenze, di umiliazioni ma anche di chi \u00e8 riuscito a ricostruire il proprio futuro, portando il proprio contributo alla societ\u00e0 che lo ha accolto.<\/p>\n<p style=\"text-align: justify;\">&#8220;A qualunque latitudine facciamo parte della stessa comunit\u00e0. Ogni uomo, ogni donna, ogni piccolo di questo pianeta, ovunque nasca e viva, ha diritto alla vita e alla dignit\u00e0. Gli stessi diritti che rivendichiamo per noi appartengono anche a tutti gli altri e le altre senza eccezione alcuna.<br \/>\nRestiamo umani, anche quando intorno a noi l&#8217;umanit\u00e0 pare si perda.&#8221;<\/p>\n<p style=\"text-align: justify;\">In queste parole di Vittorio Arrigoni \u00e8 racchiuso il senso dello spettacolo MARE NOSTRO che stiamo replicando dal 2016 e ci piacerebbe che le stesse parole siano il senso di questa performance.<br \/>\nPer questo ci rivolgiamo alle associazioni, alle scuole, alle organizzazioni della zona e a tutti i cittadini affinch\u00e8 non ci lascino soli.<br \/>\nAIUTATECI A RIEMPIRE DI BARCHETTE LA PIAZZA DI APRILIA.<\/p>\n<p><a href=\"https:\/\/www.romaoggi.eu\/index.php\/2018\/06\/13\/sbraciami\/\">Lorella Iaci<\/a><\/p>\n","protected":false},"excerpt":{"rendered":"<div class=\"mh-excerpt\"><p>Un Flash Mob,\u00a0per\u00a0 celebrare la Giornata Mondiale del Rifugiato, il 20 giugno, dalle ore 19 in Piazza Roma ad Aprilia. In occasione della giornata mondiale del rifugiato 2018, il Laboratorio Sperimentale Teatro Finestra organizza un <a class=\"mh-excerpt-more\" href=\"https:\/\/www.romaoggi.eu\/index.php\/2018\/06\/18\/un-flash-mob\/\" title=\"Un Flash Mob, per  celebrare la Giornata Mondiale del Rifugiato, il 20 giugno dalle ore 19 in Piazza Roma ad Aprilia.\">[&#8230;]<\/a><\/p>\n<\/div>","protected":false},"author":8,"featured_media":17120,"comment_status":"closed","ping_status":"open","sticky":false,"template":"","format":"standard","meta":{"_sitemap_exclude":false,"_sitemap_priority":"","_sitemap_frequency":"","footnotes":""},"categories":[3,1],"tags":[5378,10869,3823,10870,10871],"class_list":["post-17115","post","type-post","status-publish","format-standard","has-post-thumbnail","hentry","category-eventi","category-senza-categoria","tag-aprilia","tag-flash-mob","tag-giornata-mondiale","tag-piazza-roma","tag-rifugiato"],"yoast_head":"<!-- This site is optimized with the Yoast SEO plugin v27.5 - https:\/\/yoast.com\/product\/yoast-seo-wordpress\/ -->\n<title>Un Flash Mob, per celebrare la Giornata Mondiale del Rifugiato, il 20 giugno dalle ore 19 in Piazza Roma ad Aprilia.<\/title>\n<meta name=\"description\" content=\"Un Flash Mob, per celebrare la Giornata Mondiale del Rifugiato, il 20 giugno, dalle ore 19 in Piazza Roma ad Aprilia, organizzato dal teatro Finestra\" \/>\n<meta name=\"robots\" content=\"index, follow, max-snippet:-1, max-image-preview:large, max-video-preview:-1\" \/>\n<link rel=\"canonical\" href=\"https:\/\/www.romaoggi.eu\/index.php\/2018\/06\/18\/un-flash-mob\/\" \/>\n<meta property=\"og:locale\" content=\"it_IT\" \/>\n<meta property=\"og:type\" content=\"article\" \/>\n<meta property=\"og:title\" content=\"Un Flash Mob, per celebrare la Giornata Mondiale del Rifugiato, il 20 giugno dalle ore 19 in Piazza Roma ad Aprilia.\" \/>\n<meta property=\"og:description\" content=\"Un Flash Mob, per celebrare la Giornata Mondiale del Rifugiato, il 20 giugno, dalle ore 19 in Piazza Roma ad Aprilia, organizzato dal teatro Finestra\" \/>\n<meta property=\"og:url\" content=\"https:\/\/www.romaoggi.eu\/index.php\/2018\/06\/18\/un-flash-mob\/\" \/>\n<meta property=\"og:site_name\" content=\"roma oggi\" \/>\n<meta property=\"article:publisher\" content=\"https:\/\/www.facebook.com\/RomaOggi-841544845954114\" \/>\n<meta property=\"article:published_time\" content=\"2018-06-18T06:43:15+00:00\" \/>\n<meta property=\"og:image\" content=\"https:\/\/www.romaoggi.eu\/wp-content\/uploads\/2018\/06\/foto-flash-mob.jpg\" \/>\n\t<meta property=\"og:image:width\" content=\"960\" \/>\n\t<meta property=\"og:image:height\" content=\"640\" \/>\n\t<meta property=\"og:image:type\" content=\"image\/jpeg\" \/>\n<meta name=\"author\" content=\"Lorella Iaci\" \/>\n<meta name=\"twitter:card\" content=\"summary_large_image\" \/>\n<meta name=\"twitter:creator\" content=\"@romaoggi_eu\" \/>\n<meta name=\"twitter:site\" content=\"@romaoggi_eu\" \/>\n<meta name=\"twitter:label1\" content=\"Scritto da\" \/>\n\t<meta name=\"twitter:data1\" content=\"Lorella Iaci\" \/>\n\t<meta name=\"twitter:label2\" content=\"Tempo di lettura stimato\" \/>\n\t<meta name=\"twitter:data2\" content=\"1 minuto\" \/>\n<script type=\"application\/ld+json\" class=\"yoast-schema-graph\">{\"@context\":\"https:\\\/\\\/schema.org\",\"@graph\":[{\"@type\":\"Article\",\"@id\":\"https:\\\/\\\/www.romaoggi.eu\\\/index.php\\\/2018\\\/06\\\/18\\\/un-flash-mob\\\/#article\",\"isPartOf\":{\"@id\":\"https:\\\/\\\/www.romaoggi.eu\\\/index.php\\\/2018\\\/06\\\/18\\\/un-flash-mob\\\/\"},\"author\":{\"name\":\"Lorella Iaci\",\"@id\":\"https:\\\/\\\/www.romaoggi.eu\\\/#\\\/schema\\\/person\\\/ad7b70148e60a0d338e73d0565829be4\"},\"headline\":\"Un Flash Mob, per celebrare la Giornata Mondiale del Rifugiato, il 20 giugno dalle ore 19 in Piazza Roma ad Aprilia.\",\"datePublished\":\"2018-06-18T06:43:15+00:00\",\"mainEntityOfPage\":{\"@id\":\"https:\\\/\\\/www.romaoggi.eu\\\/index.php\\\/2018\\\/06\\\/18\\\/un-flash-mob\\\/\"},\"wordCount\":317,\"publisher\":{\"@id\":\"https:\\\/\\\/www.romaoggi.eu\\\/#organization\"},\"image\":{\"@id\":\"https:\\\/\\\/www.romaoggi.eu\\\/index.php\\\/2018\\\/06\\\/18\\\/un-flash-mob\\\/#primaryimage\"},\"thumbnailUrl\":\"https:\\\/\\\/www.romaoggi.eu\\\/wp-content\\\/uploads\\\/2018\\\/06\\\/foto-flash-mob.jpg\",\"keywords\":[\"Aprilia\",\"flash mob\",\"giornata mondiale\",\"piazza roma\",\"rifugiato\"],\"articleSection\":[\"Eventi\"],\"inLanguage\":\"it-IT\"},{\"@type\":\"WebPage\",\"@id\":\"https:\\\/\\\/www.romaoggi.eu\\\/index.php\\\/2018\\\/06\\\/18\\\/un-flash-mob\\\/\",\"url\":\"https:\\\/\\\/www.romaoggi.eu\\\/index.php\\\/2018\\\/06\\\/18\\\/un-flash-mob\\\/\",\"name\":\"Un Flash Mob, per celebrare la Giornata Mondiale del Rifugiato, il 20 giugno dalle ore 19 in Piazza Roma ad Aprilia.\",\"isPartOf\":{\"@id\":\"https:\\\/\\\/www.romaoggi.eu\\\/#website\"},\"primaryImageOfPage\":{\"@id\":\"https:\\\/\\\/www.romaoggi.eu\\\/index.php\\\/2018\\\/06\\\/18\\\/un-flash-mob\\\/#primaryimage\"},\"image\":{\"@id\":\"https:\\\/\\\/www.romaoggi.eu\\\/index.php\\\/2018\\\/06\\\/18\\\/un-flash-mob\\\/#primaryimage\"},\"thumbnailUrl\":\"https:\\\/\\\/www.romaoggi.eu\\\/wp-content\\\/uploads\\\/2018\\\/06\\\/foto-flash-mob.jpg\",\"datePublished\":\"2018-06-18T06:43:15+00:00\",\"description\":\"Un Flash Mob, per celebrare la Giornata Mondiale del Rifugiato, il 20 giugno, dalle ore 19 in Piazza Roma ad Aprilia, organizzato dal teatro Finestra\",\"breadcrumb\":{\"@id\":\"https:\\\/\\\/www.romaoggi.eu\\\/index.php\\\/2018\\\/06\\\/18\\\/un-flash-mob\\\/#breadcrumb\"},\"inLanguage\":\"it-IT\",\"potentialAction\":[{\"@type\":\"ReadAction\",\"target\":[\"https:\\\/\\\/www.romaoggi.eu\\\/index.php\\\/2018\\\/06\\\/18\\\/un-flash-mob\\\/\"]}]},{\"@type\":\"ImageObject\",\"inLanguage\":\"it-IT\",\"@id\":\"https:\\\/\\\/www.romaoggi.eu\\\/index.php\\\/2018\\\/06\\\/18\\\/un-flash-mob\\\/#primaryimage\",\"url\":\"https:\\\/\\\/www.romaoggi.eu\\\/wp-content\\\/uploads\\\/2018\\\/06\\\/foto-flash-mob.jpg\",\"contentUrl\":\"https:\\\/\\\/www.romaoggi.eu\\\/wp-content\\\/uploads\\\/2018\\\/06\\\/foto-flash-mob.jpg\",\"width\":960,\"height\":640,\"caption\":\"alt tag un flash mob\"},{\"@type\":\"BreadcrumbList\",\"@id\":\"https:\\\/\\\/www.romaoggi.eu\\\/index.php\\\/2018\\\/06\\\/18\\\/un-flash-mob\\\/#breadcrumb\",\"itemListElement\":[{\"@type\":\"ListItem\",\"position\":1,\"name\":\"Home\",\"item\":\"https:\\\/\\\/www.romaoggi.eu\\\/\"},{\"@type\":\"ListItem\",\"position\":2,\"name\":\"Un Flash Mob, per celebrare la Giornata Mondiale del Rifugiato, il 20 giugno dalle ore 19 in Piazza Roma ad Aprilia.\"}]},{\"@type\":\"WebSite\",\"@id\":\"https:\\\/\\\/www.romaoggi.eu\\\/#website\",\"url\":\"https:\\\/\\\/www.romaoggi.eu\\\/\",\"name\":\"roma oggi\",\"description\":\"Interesting News for Interesting people\",\"publisher\":{\"@id\":\"https:\\\/\\\/www.romaoggi.eu\\\/#organization\"},\"potentialAction\":[{\"@type\":\"SearchAction\",\"target\":{\"@type\":\"EntryPoint\",\"urlTemplate\":\"https:\\\/\\\/www.romaoggi.eu\\\/?s={search_term_string}\"},\"query-input\":{\"@type\":\"PropertyValueSpecification\",\"valueRequired\":true,\"valueName\":\"search_term_string\"}}],\"inLanguage\":\"it-IT\"},{\"@type\":\"Organization\",\"@id\":\"https:\\\/\\\/www.romaoggi.eu\\\/#organization\",\"name\":\"RomaOggi\",\"url\":\"https:\\\/\\\/www.romaoggi.eu\\\/\",\"logo\":{\"@type\":\"ImageObject\",\"inLanguage\":\"it-IT\",\"@id\":\"https:\\\/\\\/www.romaoggi.eu\\\/#\\\/schema\\\/logo\\\/image\\\/\",\"url\":\"https:\\\/\\\/www.romaoggi.eu\\\/wp-content\\\/uploads\\\/2017\\\/04\\\/logowp.jpg\",\"contentUrl\":\"https:\\\/\\\/www.romaoggi.eu\\\/wp-content\\\/uploads\\\/2017\\\/04\\\/logowp.jpg\",\"width\":300,\"height\":133,\"caption\":\"RomaOggi\"},\"image\":{\"@id\":\"https:\\\/\\\/www.romaoggi.eu\\\/#\\\/schema\\\/logo\\\/image\\\/\"},\"sameAs\":[\"https:\\\/\\\/www.facebook.com\\\/RomaOggi-841544845954114\",\"https:\\\/\\\/x.com\\\/romaoggi_eu\"]},{\"@type\":\"Person\",\"@id\":\"https:\\\/\\\/www.romaoggi.eu\\\/#\\\/schema\\\/person\\\/ad7b70148e60a0d338e73d0565829be4\",\"name\":\"Lorella Iaci\",\"image\":{\"@type\":\"ImageObject\",\"inLanguage\":\"it-IT\",\"@id\":\"https:\\\/\\\/secure.gravatar.com\\\/avatar\\\/2e8016efed3d5fbee04daf254a3494924254701903584f9c0cb2504f0cdc20eb?s=96&d=mm&r=g\",\"url\":\"https:\\\/\\\/secure.gravatar.com\\\/avatar\\\/2e8016efed3d5fbee04daf254a3494924254701903584f9c0cb2504f0cdc20eb?s=96&d=mm&r=g\",\"contentUrl\":\"https:\\\/\\\/secure.gravatar.com\\\/avatar\\\/2e8016efed3d5fbee04daf254a3494924254701903584f9c0cb2504f0cdc20eb?s=96&d=mm&r=g\",\"caption\":\"Lorella Iaci\"},\"url\":\"https:\\\/\\\/www.romaoggi.eu\\\/index.php\\\/author\\\/lorella\\\/\"}]}<\/script>\n<!-- \/ Yoast SEO plugin. -->","yoast_head_json":{"title":"Un Flash Mob, per celebrare la Giornata Mondiale del Rifugiato, il 20 giugno dalle ore 19 in Piazza Roma ad Aprilia.","description":"Un Flash Mob, per celebrare la Giornata Mondiale del Rifugiato, il 20 giugno, dalle ore 19 in Piazza Roma ad Aprilia, organizzato dal teatro Finestra","robots":{"index":"index","follow":"follow","max-snippet":"max-snippet:-1","max-image-preview":"max-image-preview:large","max-video-preview":"max-video-preview:-1"},"canonical":"https:\/\/www.romaoggi.eu\/index.php\/2018\/06\/18\/un-flash-mob\/","og_locale":"it_IT","og_type":"article","og_title":"Un Flash Mob, per celebrare la Giornata Mondiale del Rifugiato, il 20 giugno dalle ore 19 in Piazza Roma ad Aprilia.","og_description":"Un Flash Mob, per celebrare la Giornata Mondiale del Rifugiato, il 20 giugno, dalle ore 19 in Piazza Roma ad Aprilia, organizzato dal teatro Finestra","og_url":"https:\/\/www.romaoggi.eu\/index.php\/2018\/06\/18\/un-flash-mob\/","og_site_name":"roma oggi","article_publisher":"https:\/\/www.facebook.com\/RomaOggi-841544845954114","article_published_time":"2018-06-18T06:43:15+00:00","og_image":[{"width":960,"height":640,"url":"https:\/\/www.romaoggi.eu\/wp-content\/uploads\/2018\/06\/foto-flash-mob.jpg","type":"image\/jpeg"}],"author":"Lorella Iaci","twitter_card":"summary_large_image","twitter_creator":"@romaoggi_eu","twitter_site":"@romaoggi_eu","twitter_misc":{"Scritto da":"Lorella Iaci","Tempo di lettura stimato":"1 minuto"},"schema":{"@context":"https:\/\/schema.org","@graph":[{"@type":"Article","@id":"https:\/\/www.romaoggi.eu\/index.php\/2018\/06\/18\/un-flash-mob\/#article","isPartOf":{"@id":"https:\/\/www.romaoggi.eu\/index.php\/2018\/06\/18\/un-flash-mob\/"},"author":{"name":"Lorella Iaci","@id":"https:\/\/www.romaoggi.eu\/#\/schema\/person\/ad7b70148e60a0d338e73d0565829be4"},"headline":"Un Flash Mob, per celebrare la Giornata Mondiale del Rifugiato, il 20 giugno dalle ore 19 in Piazza Roma ad Aprilia.","datePublished":"2018-06-18T06:43:15+00:00","mainEntityOfPage":{"@id":"https:\/\/www.romaoggi.eu\/index.php\/2018\/06\/18\/un-flash-mob\/"},"wordCount":317,"publisher":{"@id":"https:\/\/www.romaoggi.eu\/#organization"},"image":{"@id":"https:\/\/www.romaoggi.eu\/index.php\/2018\/06\/18\/un-flash-mob\/#primaryimage"},"thumbnailUrl":"https:\/\/www.romaoggi.eu\/wp-content\/uploads\/2018\/06\/foto-flash-mob.jpg","keywords":["Aprilia","flash mob","giornata mondiale","piazza roma","rifugiato"],"articleSection":["Eventi"],"inLanguage":"it-IT"},{"@type":"WebPage","@id":"https:\/\/www.romaoggi.eu\/index.php\/2018\/06\/18\/un-flash-mob\/","url":"https:\/\/www.romaoggi.eu\/index.php\/2018\/06\/18\/un-flash-mob\/","name":"Un Flash Mob, per celebrare la Giornata Mondiale del Rifugiato, il 20 giugno dalle ore 19 in Piazza Roma ad Aprilia.","isPartOf":{"@id":"https:\/\/www.romaoggi.eu\/#website"},"primaryImageOfPage":{"@id":"https:\/\/www.romaoggi.eu\/index.php\/2018\/06\/18\/un-flash-mob\/#primaryimage"},"image":{"@id":"https:\/\/www.romaoggi.eu\/index.php\/2018\/06\/18\/un-flash-mob\/#primaryimage"},"thumbnailUrl":"https:\/\/www.romaoggi.eu\/wp-content\/uploads\/2018\/06\/foto-flash-mob.jpg","datePublished":"2018-06-18T06:43:15+00:00","description":"Un Flash Mob, per celebrare la Giornata Mondiale del Rifugiato, il 20 giugno, dalle ore 19 in Piazza Roma ad Aprilia, organizzato dal teatro Finestra","breadcrumb":{"@id":"https:\/\/www.romaoggi.eu\/index.php\/2018\/06\/18\/un-flash-mob\/#breadcrumb"},"inLanguage":"it-IT","potentialAction":[{"@type":"ReadAction","target":["https:\/\/www.romaoggi.eu\/index.php\/2018\/06\/18\/un-flash-mob\/"]}]},{"@type":"ImageObject","inLanguage":"it-IT","@id":"https:\/\/www.romaoggi.eu\/index.php\/2018\/06\/18\/un-flash-mob\/#primaryimage","url":"https:\/\/www.romaoggi.eu\/wp-content\/uploads\/2018\/06\/foto-flash-mob.jpg","contentUrl":"https:\/\/www.romaoggi.eu\/wp-content\/uploads\/2018\/06\/foto-flash-mob.jpg","width":960,"height":640,"caption":"alt tag un flash mob"},{"@type":"BreadcrumbList","@id":"https:\/\/www.romaoggi.eu\/index.php\/2018\/06\/18\/un-flash-mob\/#breadcrumb","itemListElement":[{"@type":"ListItem","position":1,"name":"Home","item":"https:\/\/www.romaoggi.eu\/"},{"@type":"ListItem","position":2,"name":"Un Flash Mob, per celebrare la Giornata Mondiale del Rifugiato, il 20 giugno dalle ore 19 in Piazza Roma ad Aprilia."}]},{"@type":"WebSite","@id":"https:\/\/www.romaoggi.eu\/#website","url":"https:\/\/www.romaoggi.eu\/","name":"roma oggi","description":"Interesting News for Interesting people","publisher":{"@id":"https:\/\/www.romaoggi.eu\/#organization"},"potentialAction":[{"@type":"SearchAction","target":{"@type":"EntryPoint","urlTemplate":"https:\/\/www.romaoggi.eu\/?s={search_term_string}"},"query-input":{"@type":"PropertyValueSpecification","valueRequired":true,"valueName":"search_term_string"}}],"inLanguage":"it-IT"},{"@type":"Organization","@id":"https:\/\/www.romaoggi.eu\/#organization","name":"RomaOggi","url":"https:\/\/www.romaoggi.eu\/","logo":{"@type":"ImageObject","inLanguage":"it-IT","@id":"https:\/\/www.romaoggi.eu\/#\/schema\/logo\/image\/","url":"https:\/\/www.romaoggi.eu\/wp-content\/uploads\/2017\/04\/logowp.jpg","contentUrl":"https:\/\/www.romaoggi.eu\/wp-content\/uploads\/2017\/04\/logowp.jpg","width":300,"height":133,"caption":"RomaOggi"},"image":{"@id":"https:\/\/www.romaoggi.eu\/#\/schema\/logo\/image\/"},"sameAs":["https:\/\/www.facebook.com\/RomaOggi-841544845954114","https:\/\/x.com\/romaoggi_eu"]},{"@type":"Person","@id":"https:\/\/www.romaoggi.eu\/#\/schema\/person\/ad7b70148e60a0d338e73d0565829be4","name":"Lorella Iaci","image":{"@type":"ImageObject","inLanguage":"it-IT","@id":"https:\/\/secure.gravatar.com\/avatar\/2e8016efed3d5fbee04daf254a3494924254701903584f9c0cb2504f0cdc20eb?s=96&d=mm&r=g","url":"https:\/\/secure.gravatar.com\/avatar\/2e8016efed3d5fbee04daf254a3494924254701903584f9c0cb2504f0cdc20eb?s=96&d=mm&r=g","contentUrl":"https:\/\/secure.gravatar.com\/avatar\/2e8016efed3d5fbee04daf254a3494924254701903584f9c0cb2504f0cdc20eb?s=96&d=mm&r=g","caption":"Lorella Iaci"},"url":"https:\/\/www.romaoggi.eu\/index.php\/author\/lorella\/"}]}},"_links":{"self":[{"href":"https:\/\/www.romaoggi.eu\/index.php\/wp-json\/wp\/v2\/posts\/17115","targetHints":{"allow":["GET"]}}],"collection":[{"href":"https:\/\/www.romaoggi.eu\/index.php\/wp-json\/wp\/v2\/posts"}],"about":[{"href":"https:\/\/www.romaoggi.eu\/index.php\/wp-json\/wp\/v2\/types\/post"}],"author":[{"embeddable":true,"href":"https:\/\/www.romaoggi.eu\/index.php\/wp-json\/wp\/v2\/users\/8"}],"replies":[{"embeddable":true,"href":"https:\/\/www.romaoggi.eu\/index.php\/wp-json\/wp\/v2\/comments?post=17115"}],"version-history":[{"count":5,"href":"https:\/\/www.romaoggi.eu\/index.php\/wp-json\/wp\/v2\/posts\/17115\/revisions"}],"predecessor-version":[{"id":17121,"href":"https:\/\/www.romaoggi.eu\/index.php\/wp-json\/wp\/v2\/posts\/17115\/revisions\/17121"}],"wp:featuredmedia":[{"embeddable":true,"href":"https:\/\/www.romaoggi.eu\/index.php\/wp-json\/wp\/v2\/media\/17120"}],"wp:attachment":[{"href":"https:\/\/www.romaoggi.eu\/index.php\/wp-json\/wp\/v2\/media?parent=17115"}],"wp:term":[{"taxonomy":"category","embeddable":true,"href":"https:\/\/www.romaoggi.eu\/index.php\/wp-json\/wp\/v2\/categories?post=17115"},{"taxonomy":"post_tag","embeddable":true,"href":"https:\/\/www.romaoggi.eu\/index.php\/wp-json\/wp\/v2\/tags?post=17115"}],"curies":[{"name":"wp","href":"https:\/\/api.w.org\/{rel}","templated":true}]}}