{"id":17123,"date":"2018-06-18T14:18:20","date_gmt":"2018-06-18T12:18:20","guid":{"rendered":"http:\/\/www.romaoggi.eu\/?p=17123"},"modified":"2018-06-18T15:53:45","modified_gmt":"2018-06-18T13:53:45","slug":"vinoforum-fino-al-24-giugno","status":"publish","type":"post","link":"https:\/\/www.romaoggi.eu\/index.php\/2018\/06\/18\/vinoforum-fino-al-24-giugno\/","title":{"rendered":"VINOFORUM FINO AL 24 GIUGNO LO SPAZIO DEL GUSTO A ROMA"},"content":{"rendered":"<p style=\"text-align: justify;\">Partita con successo la quindicesima edizione di\u00a0\u00a0<a href=\"http:\/\/www.vinoforum.it\/spazio-del-gusto\/2018\/\"><strong>Vinoforum Lo Spazio del Gusto<\/strong><\/a>\u00a0 2018, davvero tanti gli appuntamenti in calendario, sempre pi\u00f9 bello e meglio strutturato anche il villaggio che vede tante novit\u00e0 ma anche alcuni punti fermi come all&#8217; ingresso a destra,\u00a0 dove tutti fanno la prima tappa obbligata per cordialit\u00e0 e attrattivit\u00e0 ovvero\u00a0 il\u00a0 <a href=\"http:\/\/www.teamsagenziamacoratti.it\/\">Team&#8217;s Agenzia Macoratti.\u00a0<\/a><\/p>\n<figure id=\"attachment_17135\" aria-describedby=\"caption-attachment-17135\" style=\"width: 300px\" class=\"wp-caption alignleft\"><img loading=\"lazy\" decoding=\"async\" class=\"size-medium wp-image-17135\" src=\"https:\/\/www.romaoggi.eu\/wp-content\/uploads\/2018\/06\/35489433_1896405947057987_5111728908714115072_n-300x225.jpg\" alt=\"alt tag VINOFORUM \" width=\"300\" height=\"225\" srcset=\"https:\/\/www.romaoggi.eu\/wp-content\/uploads\/2018\/06\/35489433_1896405947057987_5111728908714115072_n-300x225.jpg 300w, https:\/\/www.romaoggi.eu\/wp-content\/uploads\/2018\/06\/35489433_1896405947057987_5111728908714115072_n-326x245.jpg 326w, https:\/\/www.romaoggi.eu\/wp-content\/uploads\/2018\/06\/35489433_1896405947057987_5111728908714115072_n-80x60.jpg 80w, https:\/\/www.romaoggi.eu\/wp-content\/uploads\/2018\/06\/35489433_1896405947057987_5111728908714115072_n.jpg 960w\" sizes=\"auto, (max-width: 300px) 100vw, 300px\" \/><figcaption id=\"caption-attachment-17135\" class=\"wp-caption-text\">Armando Caprara e Alessio Macoratti<\/figcaption><\/figure>\n<p style=\"text-align: justify;\">Abbiamo incontrato <a href=\"https:\/\/www.romaoggi.eu\/index.php\/2018\/03\/06\/team-agenzia-macoratti-al-maxxi\/\"><strong>Alessio Macoratti<\/strong>\u00a0,\u00a0<\/a>dell&#8217; Agenzia Macoratti:<\/p>\n<p style=\"text-align: justify;\"><strong>Un appuntamento importante Vinoforum al quale non potete mancare?\u00a0<\/strong>&#8220;<em>Si per noi \u00e8 un appuntamento fisso un momento di grande visibilit\u00e0, quest&#8217;anno siamo pi\u00f9 attivi delle scorse edizioni con due\/tre eventi a sera, abbiamo invitato ristoratori che sono nostri clienti ai quali abbiamo abbinato produttori di vino che rappresentiamo per le nostre cene speciali&#8221;<\/em>.<\/p>\n<p style=\"text-align: justify;\"><strong>Quali gli eventi pi\u00f9 gettonati del vostro stand? &#8220;<\/strong><em>Tutti direi, i nostri clienti apprezzano molto questa kermesse e vengono anche pi\u00f9 volte durante la dieci giorni, stasera abbiamo il pieno di prenotazioni per una cena africana alla quale abbiamo abbinato un produttore del Sud Africa, quindi un appuntamento esotico di grande appeal&#8221;.<\/em><\/p>\n<p><img loading=\"lazy\" decoding=\"async\" class=\"aligncenter wp-image-17137 size-full\" src=\"https:\/\/www.romaoggi.eu\/wp-content\/uploads\/2018\/06\/35493906_1896404387058143_2319550672216784896_n.jpg\" alt=\"alt tag VINOFORUM \" width=\"540\" height=\"960\" srcset=\"https:\/\/www.romaoggi.eu\/wp-content\/uploads\/2018\/06\/35493906_1896404387058143_2319550672216784896_n.jpg 540w, https:\/\/www.romaoggi.eu\/wp-content\/uploads\/2018\/06\/35493906_1896404387058143_2319550672216784896_n-169x300.jpg 169w\" sizes=\"auto, (max-width: 540px) 100vw, 540px\" \/><\/p>\n<p style=\"text-align: justify;\"><strong>Qual \u00e8 il vino di punta dal Team&#8217;s Agenzia Macoratti?\u00a0<\/strong>&#8220;<em>Il vino da noi pi\u00f9 venduto in assoluto il prosecco, rappresentiamo <a href=\"http:\/\/www.astoria.it\/\"><strong>Astoria<\/strong><\/a> la pi\u00f9 grande azienda di prosecco privata, poi fa caldo e quindi molto venduti sono i vini bianchi\u00a0 come <strong>Vermentino, Ribolla Gialla, Pecorino Fantini, Sauvignon dell&#8217;Alto Adige,<\/strong>\u00a0<strong>Sauvignon Blanc Mandrarossa<\/strong>, vanno molto anche i vini laziali come la <a href=\"http:\/\/www.larasenna.it\/\">Rasenna di Ladispoli<\/a><\/em>&#8220;.<\/p>\n<p style=\"text-align: justify;\"><strong>Forte la presenza delle donne in questa edizione di Vinoforum, che vino avete pensato per le signore?<\/strong> &#8220;<em>Le donne sempre di pi\u00f9 si sono avvicinate al mondo del vino, sono appassionate e sono anche intenditrici, per loro questa sera abbiamo pensato al <strong>Chenin Blanc<\/strong>\u00a0un vino del Sud Africa, per restare in tema un vino bianco amabilissimo estivo, per le donne \u00e8 perfetto!&#8221;.\u00a0<\/em><\/p>\n<figure id=\"attachment_17138\" aria-describedby=\"caption-attachment-17138\" style=\"width: 678px\" class=\"wp-caption aligncenter\"><img loading=\"lazy\" decoding=\"async\" class=\"wp-image-17138 size-mh-magazine-content\" src=\"https:\/\/www.romaoggi.eu\/wp-content\/uploads\/2018\/06\/35539445_1896476407050941_2007011554263826432_n-678x381.jpg\" alt=\"alt tag VINOFORUM \" width=\"678\" height=\"381\" \/><figcaption id=\"caption-attachment-17138\" class=\"wp-caption-text\">la blogger Elenia Scarsella<\/figcaption><\/figure>\n<p style=\"text-align: justify;\">Da segnalare in questa edizione anche il format di\u00a0<em><strong>Cucine a Vista,<\/strong><\/em> spazi in cui\u00a0grandi cuochi abbineranno i propri piatti agli <strong>Champagne<\/strong> di cinque importanti maison:\u00a0<strong>Dom P\u00e9rignon<\/strong>,\u00a0<strong>Krug<\/strong>,\u00a0<strong>Veuve Clicquot<\/strong>,\u00a0<strong>Mo\u00ebt &amp; Chandon<\/strong>,\u00a0<strong>Ruinart<\/strong>. Ad alternarsi ai fornelli delle Cucine a Vista, saranno chef come\u00a0<strong>Maurizio e Sandro Serva<\/strong>\u00a0(La Trota),\u00a0<strong>Roy Caceres<\/strong>\u00a0(Metamorfosi),\u00a0<strong>Giuseppe Di Iorio<\/strong>\u00a0(Aroma),\u00a0<strong>Gianfranco Pascucci<\/strong>\u00a0(Pascucci al Porticciolo),\u00a0<strong>Massimo Viglietti<\/strong>\u00a0(Enoteca Achilli al Parlamento),\u00a0<strong>Adriano Baldassare<\/strong>\u00a0(Tordomatto),\u00a0<strong>Riccardo Di Giacinto<\/strong>\u00a0(All\u2019Oro),\u00a0<strong>Daniele Usai<\/strong>\u00a0(Il Tino),\u00a0<strong>Kotaro Noda\u00a0<\/strong>(Bistrot 64),\u00a0<strong>Alessandro Narducci<\/strong>\u00a0(Acquolina),\u00a0<strong>Davide Pezzuto<\/strong>\u00a0(D.One),\u00a0<strong>Marco Casshai<\/strong>\u00a0(Atman a Villa Rospigliosi),\u00a0<strong>Roberto Rossi<\/strong>\u00a0(Il Silene),\u00a0<strong>Marco Bottega<\/strong>\u00a0(Aminta Resort) e\u00a0<strong>Nicola Damiani<\/strong>\u00a0(Osteria di Passignano).<\/p>\n<p><img loading=\"lazy\" decoding=\"async\" class=\"aligncenter wp-image-17139 size-mh-magazine-content\" src=\"https:\/\/www.romaoggi.eu\/wp-content\/uploads\/2018\/06\/Vin\u00f2forum_particolare-678x381.jpg\" alt=\"\" width=\"678\" height=\"381\" \/><\/p>\n<p style=\"text-align: justify;\">Infine una novit\u00e0 di questa edizione sar\u00e0 la\u00a0<strong><em>Wine &amp; Gourmet Arena<\/em>,<\/strong> ovvero un palco centrale dove si terranno diversi tipi di show, come degustazioni, talking e presentazioni, organizzazioni e testate giornalistiche del settore, e l&#8217;attenzione verter\u00e0 soprattutto sulle produzioni agroalimentari nazionali e internazionali di qualit\u00e0.<\/p>\n<p><a href=\"https:\/\/www.romaoggi.eu\/index.php\/2017\/06\/05\/vinoforum-2017-lo-spazio-del-gusto\/\">Vinoforum<\/a>, un appuntamento con il gusto assolutamente da non perdere!<\/p>\n<p>&nbsp;<\/p>\n<p>Redazione<\/p>\n","protected":false},"excerpt":{"rendered":"<div class=\"mh-excerpt\"><p>Partita con successo la quindicesima edizione di\u00a0\u00a0Vinoforum Lo Spazio del Gusto\u00a0 2018, davvero tanti gli appuntamenti in calendario, sempre pi\u00f9 bello e meglio strutturato anche il villaggio che vede tante novit\u00e0 ma anche alcuni punti <a class=\"mh-excerpt-more\" href=\"https:\/\/www.romaoggi.eu\/index.php\/2018\/06\/18\/vinoforum-fino-al-24-giugno\/\" title=\"VINOFORUM FINO AL 24 GIUGNO LO SPAZIO DEL GUSTO A ROMA\">[&#8230;]<\/a><\/p>\n<\/div>","protected":false},"author":3,"featured_media":17134,"comment_status":"closed","ping_status":"open","sticky":false,"template":"","format":"standard","meta":{"_sitemap_exclude":false,"_sitemap_priority":"","_sitemap_frequency":"","footnotes":""},"categories":[8],"tags":[10874,10877,10876,7040,10878,6429,10879,10875,10873,10880,415,6423,10872],"class_list":["post-17123","post","type-post","status-publish","format-standard","has-post-thumbnail","hentry","category-enogastronomia","tag-alessio-macoratti","tag-astoria","tag-cucinau","tag-degustazioni","tag-dom-perignon","tag-emiliano-de-venuti","tag-krug","tag-mixology","tag-team-macoratti","tag-veuve-clicquot","tag-vino","tag-vinoforum","tag-wine"],"yoast_head":"<!-- This site is optimized with the Yoast SEO plugin v27.5 - https:\/\/yoast.com\/product\/yoast-seo-wordpress\/ -->\n<title>VINOFORUM FINO AL 24 GIUGNO LO SPAZIO DEL GUSTO A ROMA<\/title>\n<meta name=\"description\" content=\"Partita con successo la quindicesima edizione di\u00a0\u00a0Vinoforum. Lo Spazio del Gusto\u00a0 2018, davvero tanti gli appuntamenti in calendario.\" \/>\n<meta name=\"robots\" content=\"index, follow, max-snippet:-1, max-image-preview:large, max-video-preview:-1\" \/>\n<link rel=\"canonical\" href=\"https:\/\/www.romaoggi.eu\/index.php\/2018\/06\/18\/vinoforum-fino-al-24-giugno\/\" \/>\n<meta property=\"og:locale\" content=\"it_IT\" \/>\n<meta property=\"og:type\" content=\"article\" \/>\n<meta property=\"og:title\" content=\"VINOFORUM FINO AL 24 GIUGNO LO SPAZIO DEL GUSTO A ROMA\" \/>\n<meta property=\"og:description\" content=\"Partita con successo la quindicesima edizione di\u00a0\u00a0Vinoforum. Lo Spazio del Gusto\u00a0 2018, davvero tanti gli appuntamenti in calendario.\" \/>\n<meta property=\"og:url\" content=\"https:\/\/www.romaoggi.eu\/index.php\/2018\/06\/18\/vinoforum-fino-al-24-giugno\/\" \/>\n<meta property=\"og:site_name\" content=\"roma oggi\" \/>\n<meta property=\"article:publisher\" content=\"https:\/\/www.facebook.com\/RomaOggi-841544845954114\" \/>\n<meta property=\"article:published_time\" content=\"2018-06-18T12:18:20+00:00\" \/>\n<meta property=\"article:modified_time\" content=\"2018-06-18T13:53:45+00:00\" \/>\n<meta property=\"og:image\" content=\"https:\/\/www.romaoggi.eu\/wp-content\/uploads\/2018\/06\/FOTO_VINOFORUM-26.jpg\" \/>\n\t<meta property=\"og:image:width\" content=\"960\" \/>\n\t<meta property=\"og:image:height\" content=\"638\" \/>\n\t<meta property=\"og:image:type\" content=\"image\/jpeg\" \/>\n<meta name=\"author\" content=\"Antonietta Di Vizia\" \/>\n<meta name=\"twitter:card\" content=\"summary_large_image\" \/>\n<meta name=\"twitter:creator\" content=\"@romaoggi_eu\" \/>\n<meta name=\"twitter:site\" content=\"@romaoggi_eu\" \/>\n<meta name=\"twitter:label1\" content=\"Scritto da\" \/>\n\t<meta name=\"twitter:data1\" content=\"Antonietta Di Vizia\" \/>\n\t<meta name=\"twitter:label2\" content=\"Tempo di lettura stimato\" \/>\n\t<meta name=\"twitter:data2\" content=\"2 minuti\" \/>\n<script type=\"application\/ld+json\" class=\"yoast-schema-graph\">{\"@context\":\"https:\\\/\\\/schema.org\",\"@graph\":[{\"@type\":\"Article\",\"@id\":\"https:\\\/\\\/www.romaoggi.eu\\\/index.php\\\/2018\\\/06\\\/18\\\/vinoforum-fino-al-24-giugno\\\/#article\",\"isPartOf\":{\"@id\":\"https:\\\/\\\/www.romaoggi.eu\\\/index.php\\\/2018\\\/06\\\/18\\\/vinoforum-fino-al-24-giugno\\\/\"},\"author\":{\"name\":\"Antonietta Di Vizia\",\"@id\":\"https:\\\/\\\/www.romaoggi.eu\\\/#\\\/schema\\\/person\\\/c8ca1fb64b5506391fff5f822a866c23\"},\"headline\":\"VINOFORUM FINO AL 24 GIUGNO LO SPAZIO DEL GUSTO A ROMA\",\"datePublished\":\"2018-06-18T12:18:20+00:00\",\"dateModified\":\"2018-06-18T13:53:45+00:00\",\"mainEntityOfPage\":{\"@id\":\"https:\\\/\\\/www.romaoggi.eu\\\/index.php\\\/2018\\\/06\\\/18\\\/vinoforum-fino-al-24-giugno\\\/\"},\"wordCount\":505,\"publisher\":{\"@id\":\"https:\\\/\\\/www.romaoggi.eu\\\/#organization\"},\"image\":{\"@id\":\"https:\\\/\\\/www.romaoggi.eu\\\/index.php\\\/2018\\\/06\\\/18\\\/vinoforum-fino-al-24-giugno\\\/#primaryimage\"},\"thumbnailUrl\":\"https:\\\/\\\/www.romaoggi.eu\\\/wp-content\\\/uploads\\\/2018\\\/06\\\/FOTO_VINOFORUM-26.jpg\",\"keywords\":[\"alessio macoratti\",\"astoria\",\"cucina\u00f9\",\"degustazioni\",\"Dom perignon\",\"emiliano de venuti\",\"Krug\",\"mixology\",\"team macoratti\",\"Veuve Clicquot\",\"vino\",\"Vin\u00f2forum\",\"wine\"],\"articleSection\":[\"Enogastronomia\"],\"inLanguage\":\"it-IT\"},{\"@type\":\"WebPage\",\"@id\":\"https:\\\/\\\/www.romaoggi.eu\\\/index.php\\\/2018\\\/06\\\/18\\\/vinoforum-fino-al-24-giugno\\\/\",\"url\":\"https:\\\/\\\/www.romaoggi.eu\\\/index.php\\\/2018\\\/06\\\/18\\\/vinoforum-fino-al-24-giugno\\\/\",\"name\":\"VINOFORUM FINO AL 24 GIUGNO LO SPAZIO DEL GUSTO A ROMA\",\"isPartOf\":{\"@id\":\"https:\\\/\\\/www.romaoggi.eu\\\/#website\"},\"primaryImageOfPage\":{\"@id\":\"https:\\\/\\\/www.romaoggi.eu\\\/index.php\\\/2018\\\/06\\\/18\\\/vinoforum-fino-al-24-giugno\\\/#primaryimage\"},\"image\":{\"@id\":\"https:\\\/\\\/www.romaoggi.eu\\\/index.php\\\/2018\\\/06\\\/18\\\/vinoforum-fino-al-24-giugno\\\/#primaryimage\"},\"thumbnailUrl\":\"https:\\\/\\\/www.romaoggi.eu\\\/wp-content\\\/uploads\\\/2018\\\/06\\\/FOTO_VINOFORUM-26.jpg\",\"datePublished\":\"2018-06-18T12:18:20+00:00\",\"dateModified\":\"2018-06-18T13:53:45+00:00\",\"description\":\"Partita con successo la quindicesima edizione di\u00a0\u00a0Vinoforum. Lo Spazio del Gusto\u00a0 2018, davvero tanti gli appuntamenti in calendario.\",\"breadcrumb\":{\"@id\":\"https:\\\/\\\/www.romaoggi.eu\\\/index.php\\\/2018\\\/06\\\/18\\\/vinoforum-fino-al-24-giugno\\\/#breadcrumb\"},\"inLanguage\":\"it-IT\",\"potentialAction\":[{\"@type\":\"ReadAction\",\"target\":[\"https:\\\/\\\/www.romaoggi.eu\\\/index.php\\\/2018\\\/06\\\/18\\\/vinoforum-fino-al-24-giugno\\\/\"]}]},{\"@type\":\"ImageObject\",\"inLanguage\":\"it-IT\",\"@id\":\"https:\\\/\\\/www.romaoggi.eu\\\/index.php\\\/2018\\\/06\\\/18\\\/vinoforum-fino-al-24-giugno\\\/#primaryimage\",\"url\":\"https:\\\/\\\/www.romaoggi.eu\\\/wp-content\\\/uploads\\\/2018\\\/06\\\/FOTO_VINOFORUM-26.jpg\",\"contentUrl\":\"https:\\\/\\\/www.romaoggi.eu\\\/wp-content\\\/uploads\\\/2018\\\/06\\\/FOTO_VINOFORUM-26.jpg\",\"width\":960,\"height\":638,\"caption\":\"alt tag VINOFORUM\"},{\"@type\":\"BreadcrumbList\",\"@id\":\"https:\\\/\\\/www.romaoggi.eu\\\/index.php\\\/2018\\\/06\\\/18\\\/vinoforum-fino-al-24-giugno\\\/#breadcrumb\",\"itemListElement\":[{\"@type\":\"ListItem\",\"position\":1,\"name\":\"Home\",\"item\":\"https:\\\/\\\/www.romaoggi.eu\\\/\"},{\"@type\":\"ListItem\",\"position\":2,\"name\":\"VINOFORUM FINO AL 24 GIUGNO LO SPAZIO DEL GUSTO A ROMA\"}]},{\"@type\":\"WebSite\",\"@id\":\"https:\\\/\\\/www.romaoggi.eu\\\/#website\",\"url\":\"https:\\\/\\\/www.romaoggi.eu\\\/\",\"name\":\"roma oggi\",\"description\":\"Interesting News for Interesting people\",\"publisher\":{\"@id\":\"https:\\\/\\\/www.romaoggi.eu\\\/#organization\"},\"potentialAction\":[{\"@type\":\"SearchAction\",\"target\":{\"@type\":\"EntryPoint\",\"urlTemplate\":\"https:\\\/\\\/www.romaoggi.eu\\\/?s={search_term_string}\"},\"query-input\":{\"@type\":\"PropertyValueSpecification\",\"valueRequired\":true,\"valueName\":\"search_term_string\"}}],\"inLanguage\":\"it-IT\"},{\"@type\":\"Organization\",\"@id\":\"https:\\\/\\\/www.romaoggi.eu\\\/#organization\",\"name\":\"RomaOggi\",\"url\":\"https:\\\/\\\/www.romaoggi.eu\\\/\",\"logo\":{\"@type\":\"ImageObject\",\"inLanguage\":\"it-IT\",\"@id\":\"https:\\\/\\\/www.romaoggi.eu\\\/#\\\/schema\\\/logo\\\/image\\\/\",\"url\":\"https:\\\/\\\/www.romaoggi.eu\\\/wp-content\\\/uploads\\\/2017\\\/04\\\/logowp.jpg\",\"contentUrl\":\"https:\\\/\\\/www.romaoggi.eu\\\/wp-content\\\/uploads\\\/2017\\\/04\\\/logowp.jpg\",\"width\":300,\"height\":133,\"caption\":\"RomaOggi\"},\"image\":{\"@id\":\"https:\\\/\\\/www.romaoggi.eu\\\/#\\\/schema\\\/logo\\\/image\\\/\"},\"sameAs\":[\"https:\\\/\\\/www.facebook.com\\\/RomaOggi-841544845954114\",\"https:\\\/\\\/x.com\\\/romaoggi_eu\"]},{\"@type\":\"Person\",\"@id\":\"https:\\\/\\\/www.romaoggi.eu\\\/#\\\/schema\\\/person\\\/c8ca1fb64b5506391fff5f822a866c23\",\"name\":\"Antonietta Di Vizia\",\"image\":{\"@type\":\"ImageObject\",\"inLanguage\":\"it-IT\",\"@id\":\"https:\\\/\\\/secure.gravatar.com\\\/avatar\\\/2ad571aa3fbfe3089b06ed5617adf58717b9359c0c97cf9b52804fb2dac293f2?s=96&d=mm&r=g\",\"url\":\"https:\\\/\\\/secure.gravatar.com\\\/avatar\\\/2ad571aa3fbfe3089b06ed5617adf58717b9359c0c97cf9b52804fb2dac293f2?s=96&d=mm&r=g\",\"contentUrl\":\"https:\\\/\\\/secure.gravatar.com\\\/avatar\\\/2ad571aa3fbfe3089b06ed5617adf58717b9359c0c97cf9b52804fb2dac293f2?s=96&d=mm&r=g\",\"caption\":\"Antonietta Di Vizia\"},\"url\":\"https:\\\/\\\/www.romaoggi.eu\\\/index.php\\\/author\\\/antonietta\\\/\"}]}<\/script>\n<!-- \/ Yoast SEO plugin. -->","yoast_head_json":{"title":"VINOFORUM FINO AL 24 GIUGNO LO SPAZIO DEL GUSTO A ROMA","description":"Partita con successo la quindicesima edizione di\u00a0\u00a0Vinoforum. Lo Spazio del Gusto\u00a0 2018, davvero tanti gli appuntamenti in calendario.","robots":{"index":"index","follow":"follow","max-snippet":"max-snippet:-1","max-image-preview":"max-image-preview:large","max-video-preview":"max-video-preview:-1"},"canonical":"https:\/\/www.romaoggi.eu\/index.php\/2018\/06\/18\/vinoforum-fino-al-24-giugno\/","og_locale":"it_IT","og_type":"article","og_title":"VINOFORUM FINO AL 24 GIUGNO LO SPAZIO DEL GUSTO A ROMA","og_description":"Partita con successo la quindicesima edizione di\u00a0\u00a0Vinoforum. Lo Spazio del Gusto\u00a0 2018, davvero tanti gli appuntamenti in calendario.","og_url":"https:\/\/www.romaoggi.eu\/index.php\/2018\/06\/18\/vinoforum-fino-al-24-giugno\/","og_site_name":"roma oggi","article_publisher":"https:\/\/www.facebook.com\/RomaOggi-841544845954114","article_published_time":"2018-06-18T12:18:20+00:00","article_modified_time":"2018-06-18T13:53:45+00:00","og_image":[{"width":960,"height":638,"url":"https:\/\/www.romaoggi.eu\/wp-content\/uploads\/2018\/06\/FOTO_VINOFORUM-26.jpg","type":"image\/jpeg"}],"author":"Antonietta Di Vizia","twitter_card":"summary_large_image","twitter_creator":"@romaoggi_eu","twitter_site":"@romaoggi_eu","twitter_misc":{"Scritto da":"Antonietta Di Vizia","Tempo di lettura stimato":"2 minuti"},"schema":{"@context":"https:\/\/schema.org","@graph":[{"@type":"Article","@id":"https:\/\/www.romaoggi.eu\/index.php\/2018\/06\/18\/vinoforum-fino-al-24-giugno\/#article","isPartOf":{"@id":"https:\/\/www.romaoggi.eu\/index.php\/2018\/06\/18\/vinoforum-fino-al-24-giugno\/"},"author":{"name":"Antonietta Di Vizia","@id":"https:\/\/www.romaoggi.eu\/#\/schema\/person\/c8ca1fb64b5506391fff5f822a866c23"},"headline":"VINOFORUM FINO AL 24 GIUGNO LO SPAZIO DEL GUSTO A ROMA","datePublished":"2018-06-18T12:18:20+00:00","dateModified":"2018-06-18T13:53:45+00:00","mainEntityOfPage":{"@id":"https:\/\/www.romaoggi.eu\/index.php\/2018\/06\/18\/vinoforum-fino-al-24-giugno\/"},"wordCount":505,"publisher":{"@id":"https:\/\/www.romaoggi.eu\/#organization"},"image":{"@id":"https:\/\/www.romaoggi.eu\/index.php\/2018\/06\/18\/vinoforum-fino-al-24-giugno\/#primaryimage"},"thumbnailUrl":"https:\/\/www.romaoggi.eu\/wp-content\/uploads\/2018\/06\/FOTO_VINOFORUM-26.jpg","keywords":["alessio macoratti","astoria","cucina\u00f9","degustazioni","Dom perignon","emiliano de venuti","Krug","mixology","team macoratti","Veuve Clicquot","vino","Vin\u00f2forum","wine"],"articleSection":["Enogastronomia"],"inLanguage":"it-IT"},{"@type":"WebPage","@id":"https:\/\/www.romaoggi.eu\/index.php\/2018\/06\/18\/vinoforum-fino-al-24-giugno\/","url":"https:\/\/www.romaoggi.eu\/index.php\/2018\/06\/18\/vinoforum-fino-al-24-giugno\/","name":"VINOFORUM FINO AL 24 GIUGNO LO SPAZIO DEL GUSTO A ROMA","isPartOf":{"@id":"https:\/\/www.romaoggi.eu\/#website"},"primaryImageOfPage":{"@id":"https:\/\/www.romaoggi.eu\/index.php\/2018\/06\/18\/vinoforum-fino-al-24-giugno\/#primaryimage"},"image":{"@id":"https:\/\/www.romaoggi.eu\/index.php\/2018\/06\/18\/vinoforum-fino-al-24-giugno\/#primaryimage"},"thumbnailUrl":"https:\/\/www.romaoggi.eu\/wp-content\/uploads\/2018\/06\/FOTO_VINOFORUM-26.jpg","datePublished":"2018-06-18T12:18:20+00:00","dateModified":"2018-06-18T13:53:45+00:00","description":"Partita con successo la quindicesima edizione di\u00a0\u00a0Vinoforum. Lo Spazio del Gusto\u00a0 2018, davvero tanti gli appuntamenti in calendario.","breadcrumb":{"@id":"https:\/\/www.romaoggi.eu\/index.php\/2018\/06\/18\/vinoforum-fino-al-24-giugno\/#breadcrumb"},"inLanguage":"it-IT","potentialAction":[{"@type":"ReadAction","target":["https:\/\/www.romaoggi.eu\/index.php\/2018\/06\/18\/vinoforum-fino-al-24-giugno\/"]}]},{"@type":"ImageObject","inLanguage":"it-IT","@id":"https:\/\/www.romaoggi.eu\/index.php\/2018\/06\/18\/vinoforum-fino-al-24-giugno\/#primaryimage","url":"https:\/\/www.romaoggi.eu\/wp-content\/uploads\/2018\/06\/FOTO_VINOFORUM-26.jpg","contentUrl":"https:\/\/www.romaoggi.eu\/wp-content\/uploads\/2018\/06\/FOTO_VINOFORUM-26.jpg","width":960,"height":638,"caption":"alt tag VINOFORUM"},{"@type":"BreadcrumbList","@id":"https:\/\/www.romaoggi.eu\/index.php\/2018\/06\/18\/vinoforum-fino-al-24-giugno\/#breadcrumb","itemListElement":[{"@type":"ListItem","position":1,"name":"Home","item":"https:\/\/www.romaoggi.eu\/"},{"@type":"ListItem","position":2,"name":"VINOFORUM FINO AL 24 GIUGNO LO SPAZIO DEL GUSTO A ROMA"}]},{"@type":"WebSite","@id":"https:\/\/www.romaoggi.eu\/#website","url":"https:\/\/www.romaoggi.eu\/","name":"roma oggi","description":"Interesting News for Interesting people","publisher":{"@id":"https:\/\/www.romaoggi.eu\/#organization"},"potentialAction":[{"@type":"SearchAction","target":{"@type":"EntryPoint","urlTemplate":"https:\/\/www.romaoggi.eu\/?s={search_term_string}"},"query-input":{"@type":"PropertyValueSpecification","valueRequired":true,"valueName":"search_term_string"}}],"inLanguage":"it-IT"},{"@type":"Organization","@id":"https:\/\/www.romaoggi.eu\/#organization","name":"RomaOggi","url":"https:\/\/www.romaoggi.eu\/","logo":{"@type":"ImageObject","inLanguage":"it-IT","@id":"https:\/\/www.romaoggi.eu\/#\/schema\/logo\/image\/","url":"https:\/\/www.romaoggi.eu\/wp-content\/uploads\/2017\/04\/logowp.jpg","contentUrl":"https:\/\/www.romaoggi.eu\/wp-content\/uploads\/2017\/04\/logowp.jpg","width":300,"height":133,"caption":"RomaOggi"},"image":{"@id":"https:\/\/www.romaoggi.eu\/#\/schema\/logo\/image\/"},"sameAs":["https:\/\/www.facebook.com\/RomaOggi-841544845954114","https:\/\/x.com\/romaoggi_eu"]},{"@type":"Person","@id":"https:\/\/www.romaoggi.eu\/#\/schema\/person\/c8ca1fb64b5506391fff5f822a866c23","name":"Antonietta Di Vizia","image":{"@type":"ImageObject","inLanguage":"it-IT","@id":"https:\/\/secure.gravatar.com\/avatar\/2ad571aa3fbfe3089b06ed5617adf58717b9359c0c97cf9b52804fb2dac293f2?s=96&d=mm&r=g","url":"https:\/\/secure.gravatar.com\/avatar\/2ad571aa3fbfe3089b06ed5617adf58717b9359c0c97cf9b52804fb2dac293f2?s=96&d=mm&r=g","contentUrl":"https:\/\/secure.gravatar.com\/avatar\/2ad571aa3fbfe3089b06ed5617adf58717b9359c0c97cf9b52804fb2dac293f2?s=96&d=mm&r=g","caption":"Antonietta Di Vizia"},"url":"https:\/\/www.romaoggi.eu\/index.php\/author\/antonietta\/"}]}},"_links":{"self":[{"href":"https:\/\/www.romaoggi.eu\/index.php\/wp-json\/wp\/v2\/posts\/17123","targetHints":{"allow":["GET"]}}],"collection":[{"href":"https:\/\/www.romaoggi.eu\/index.php\/wp-json\/wp\/v2\/posts"}],"about":[{"href":"https:\/\/www.romaoggi.eu\/index.php\/wp-json\/wp\/v2\/types\/post"}],"author":[{"embeddable":true,"href":"https:\/\/www.romaoggi.eu\/index.php\/wp-json\/wp\/v2\/users\/3"}],"replies":[{"embeddable":true,"href":"https:\/\/www.romaoggi.eu\/index.php\/wp-json\/wp\/v2\/comments?post=17123"}],"version-history":[{"count":12,"href":"https:\/\/www.romaoggi.eu\/index.php\/wp-json\/wp\/v2\/posts\/17123\/revisions"}],"predecessor-version":[{"id":17147,"href":"https:\/\/www.romaoggi.eu\/index.php\/wp-json\/wp\/v2\/posts\/17123\/revisions\/17147"}],"wp:featuredmedia":[{"embeddable":true,"href":"https:\/\/www.romaoggi.eu\/index.php\/wp-json\/wp\/v2\/media\/17134"}],"wp:attachment":[{"href":"https:\/\/www.romaoggi.eu\/index.php\/wp-json\/wp\/v2\/media?parent=17123"}],"wp:term":[{"taxonomy":"category","embeddable":true,"href":"https:\/\/www.romaoggi.eu\/index.php\/wp-json\/wp\/v2\/categories?post=17123"},{"taxonomy":"post_tag","embeddable":true,"href":"https:\/\/www.romaoggi.eu\/index.php\/wp-json\/wp\/v2\/tags?post=17123"}],"curies":[{"name":"wp","href":"https:\/\/api.w.org\/{rel}","templated":true}]}}