{"id":17175,"date":"2018-06-19T11:49:02","date_gmt":"2018-06-19T09:49:02","guid":{"rendered":"http:\/\/www.romaoggi.eu\/?p=17175"},"modified":"2018-06-19T11:49:02","modified_gmt":"2018-06-19T09:49:02","slug":"laffondo","status":"publish","type":"post","link":"https:\/\/www.romaoggi.eu\/index.php\/2018\/06\/19\/laffondo\/","title":{"rendered":"L&#8217;Affondo del Candidato consigliere della lista Vulcano, Patricia Renzi, all&#8217;ex preside Giorgio Giusfredi"},"content":{"rendered":"<p style=\"text-align: justify;\">L&#8217;Affondo del Candidato consigliere della lista Vulcano, Patricia Renzi, all&#8217;ex preside Giorgio Giusfredi.\u00a0\u00a0Il Candidato consigliere della lista Vulcano, Patricia Renzi, esprime la sua sorpresa e il suo disappunto\u00a0sulla nota pubblicata dal candidato sindaco sostenuto dalla coalizione del centro sinistra , Giorgio Giusfredi, circa il rifiuto a qualsiasi tipo di apparentamento in sede di ballottaggio previsto domenica 24 giugno, il Candidato consigliere della lista Vulcano, Patricia Renzi, esprime la sua sorpresa e il suo disappunto:<\/p>\n<div style=\"text-align: justify;\">\u201c Non posso esimermi dal definire la posizione assunta dall\u2019ex preside , Giorgio Giusfredi, una vera e propria caduta di stile; seppur, in apparenza, voglia sembrare neutrale, in realt\u00e0 l\u2019invito a votare per il sindaco uscente Antonio Terra, \u00e8 abbastanza palese &#8230;.<\/div>\n<div style=\"text-align: justify;\">Spero di aver capito male le parole del gi\u00e0 preside candidato sindaco, professor Giorgio Giusfredi , visto che ha sostenuto una intera campagna elettorale, concentrandosi sull\u2019immobilismo del sindaco uscente, cercando di convincere l\u2019elettorato sulla necessit\u00e0 di aggregare e condividere attraverso i valori fondamentali che riguardano la crescita e la distanza dai Lacci dei partiti.<\/div>\n<div style=\"text-align: justify;\">Io sostengo Vulcano dalla prima ora convinta che si debba pretendere, attraverso i partiti, lo spazio che la nostra realt\u00e0 merita. Domenico Vulcano, uomo sensibile, intelligente e capace, dar\u00e0 l&#8217;importanza dovuta a questo ambito da sempre bistrattato dalla politica. Ritengo doveroso sottolineare, l\u00ec dove ce ne fosse bisogno, che a coloro che hanno voluto rappresentare, seppure in schieramenti diversi dal mio, le istanze della cultura, della scuola, della formazione, dell&#8217;innovazione, dei giovani, del sociale in genere, va tutta la mia stima e il mio rispetto. A loro e all&#8217;elettorato che hanno desiderato rappresentare lancio l&#8217;appello al voto, affinch\u00e9 votino e facciano votare Domenico Vulcano. Ritengo che solo Vulcano, qualora venisse eletto, possa rappresentare il riscatto della Citt\u00e0. Auspico, infatti, che per la prima volta nella storia politica di Aprilia, lo scatto in avanti passi attraverso la creativit\u00e0 e le azioni forti, in contrapposizione alla politica taglia-nastri nella quale siamo ripiombati, negli ultimi 5 anni. Rivolgo un appello sentito a coloro che, attraverso il loro voto, possono lasciare intravedere la possibilit\u00e0 di tornare a condividere l&#8217;ampio obiettivo di dar vita a delle linee programmatiche della cultura, nell&#8217;unico interesse di Aprilia.<\/div>\n<div><\/div>\n<div><\/div>\n<div><\/div>\n","protected":false},"excerpt":{"rendered":"<div class=\"mh-excerpt\"><p>L&#8217;Affondo del Candidato consigliere della lista Vulcano, Patricia Renzi, all&#8217;ex preside Giorgio Giusfredi.\u00a0\u00a0Il Candidato consigliere della lista Vulcano, Patricia Renzi, esprime la sua sorpresa e il suo disappunto\u00a0sulla nota pubblicata dal candidato sindaco sostenuto dalla <a class=\"mh-excerpt-more\" href=\"https:\/\/www.romaoggi.eu\/index.php\/2018\/06\/19\/laffondo\/\" title=\"L&#8217;Affondo del Candidato consigliere della lista Vulcano, Patricia Renzi, all&#8217;ex preside Giorgio Giusfredi\">[&#8230;]<\/a><\/p>\n<\/div>","protected":false},"author":8,"featured_media":17177,"comment_status":"closed","ping_status":"open","sticky":false,"template":"","format":"standard","meta":{"_sitemap_exclude":false,"_sitemap_priority":"","_sitemap_frequency":"","footnotes":""},"categories":[5273,1],"tags":[10894,5378,10881,10018,872,10895],"class_list":["post-17175","post","type-post","status-publish","format-standard","has-post-thumbnail","hentry","category-oltre-roma","category-senza-categoria","tag-affondo","tag-aprilia","tag-consigliere-comunale","tag-domenico-vulcano","tag-partiti","tag-storia-politica"],"yoast_head":"<!-- This site is optimized with the Yoast SEO plugin v27.5 - https:\/\/yoast.com\/product\/yoast-seo-wordpress\/ -->\n<title>L&#039;Affondo del Candidato consigliere della lista Vulcano, Patricia Renzi, all&#039;ex preside Giorgio Giusfredi<\/title>\n<meta name=\"description\" content=\"L&#039;Affondo del Candidato consigliere della lista Vulcano, Patricia Renzi, all&#039;ex preside Giorgio Giusfredi. circa il rifiuto all&#039;apparentamento\" \/>\n<meta name=\"robots\" content=\"index, follow, max-snippet:-1, max-image-preview:large, max-video-preview:-1\" \/>\n<link rel=\"canonical\" href=\"https:\/\/www.romaoggi.eu\/index.php\/2018\/06\/19\/laffondo\/\" \/>\n<meta property=\"og:locale\" content=\"it_IT\" \/>\n<meta property=\"og:type\" content=\"article\" \/>\n<meta property=\"og:title\" content=\"L&#039;Affondo del Candidato consigliere della lista Vulcano, Patricia Renzi, all&#039;ex preside Giorgio Giusfredi\" \/>\n<meta property=\"og:description\" content=\"L&#039;Affondo del Candidato consigliere della lista Vulcano, Patricia Renzi, all&#039;ex preside Giorgio Giusfredi. circa il rifiuto all&#039;apparentamento\" \/>\n<meta property=\"og:url\" content=\"https:\/\/www.romaoggi.eu\/index.php\/2018\/06\/19\/laffondo\/\" \/>\n<meta property=\"og:site_name\" content=\"roma oggi\" \/>\n<meta property=\"article:publisher\" content=\"https:\/\/www.facebook.com\/RomaOggi-841544845954114\" \/>\n<meta property=\"article:published_time\" content=\"2018-06-19T09:49:02+00:00\" \/>\n<meta property=\"og:image\" content=\"https:\/\/www.romaoggi.eu\/wp-content\/uploads\/2018\/06\/patricia-renzi.jpg\" \/>\n\t<meta property=\"og:image:width\" content=\"254\" \/>\n\t<meta property=\"og:image:height\" content=\"234\" \/>\n\t<meta property=\"og:image:type\" content=\"image\/jpeg\" \/>\n<meta name=\"author\" content=\"Lorella Iaci\" \/>\n<meta name=\"twitter:card\" content=\"summary_large_image\" \/>\n<meta name=\"twitter:creator\" content=\"@romaoggi_eu\" \/>\n<meta name=\"twitter:site\" content=\"@romaoggi_eu\" \/>\n<meta name=\"twitter:label1\" content=\"Scritto da\" \/>\n\t<meta name=\"twitter:data1\" content=\"Lorella Iaci\" \/>\n\t<meta name=\"twitter:label2\" content=\"Tempo di lettura stimato\" \/>\n\t<meta name=\"twitter:data2\" content=\"2 minuti\" \/>\n<script type=\"application\/ld+json\" class=\"yoast-schema-graph\">{\"@context\":\"https:\\\/\\\/schema.org\",\"@graph\":[{\"@type\":\"Article\",\"@id\":\"https:\\\/\\\/www.romaoggi.eu\\\/index.php\\\/2018\\\/06\\\/19\\\/laffondo\\\/#article\",\"isPartOf\":{\"@id\":\"https:\\\/\\\/www.romaoggi.eu\\\/index.php\\\/2018\\\/06\\\/19\\\/laffondo\\\/\"},\"author\":{\"name\":\"Lorella Iaci\",\"@id\":\"https:\\\/\\\/www.romaoggi.eu\\\/#\\\/schema\\\/person\\\/ad7b70148e60a0d338e73d0565829be4\"},\"headline\":\"L&#8217;Affondo del Candidato consigliere della lista Vulcano, Patricia Renzi, all&#8217;ex preside Giorgio Giusfredi\",\"datePublished\":\"2018-06-19T09:49:02+00:00\",\"mainEntityOfPage\":{\"@id\":\"https:\\\/\\\/www.romaoggi.eu\\\/index.php\\\/2018\\\/06\\\/19\\\/laffondo\\\/\"},\"wordCount\":380,\"publisher\":{\"@id\":\"https:\\\/\\\/www.romaoggi.eu\\\/#organization\"},\"image\":{\"@id\":\"https:\\\/\\\/www.romaoggi.eu\\\/index.php\\\/2018\\\/06\\\/19\\\/laffondo\\\/#primaryimage\"},\"thumbnailUrl\":\"https:\\\/\\\/www.romaoggi.eu\\\/wp-content\\\/uploads\\\/2018\\\/06\\\/patricia-renzi.jpg\",\"keywords\":[\"affondo\",\"Aprilia\",\"consigliere comunale\",\"Domenico Vulcano\",\"partiti\",\"storia politica\"],\"articleSection\":[\"oltre Roma\"],\"inLanguage\":\"it-IT\"},{\"@type\":\"WebPage\",\"@id\":\"https:\\\/\\\/www.romaoggi.eu\\\/index.php\\\/2018\\\/06\\\/19\\\/laffondo\\\/\",\"url\":\"https:\\\/\\\/www.romaoggi.eu\\\/index.php\\\/2018\\\/06\\\/19\\\/laffondo\\\/\",\"name\":\"L'Affondo del Candidato consigliere della lista Vulcano, Patricia Renzi, all'ex preside Giorgio Giusfredi\",\"isPartOf\":{\"@id\":\"https:\\\/\\\/www.romaoggi.eu\\\/#website\"},\"primaryImageOfPage\":{\"@id\":\"https:\\\/\\\/www.romaoggi.eu\\\/index.php\\\/2018\\\/06\\\/19\\\/laffondo\\\/#primaryimage\"},\"image\":{\"@id\":\"https:\\\/\\\/www.romaoggi.eu\\\/index.php\\\/2018\\\/06\\\/19\\\/laffondo\\\/#primaryimage\"},\"thumbnailUrl\":\"https:\\\/\\\/www.romaoggi.eu\\\/wp-content\\\/uploads\\\/2018\\\/06\\\/patricia-renzi.jpg\",\"datePublished\":\"2018-06-19T09:49:02+00:00\",\"description\":\"L'Affondo del Candidato consigliere della lista Vulcano, Patricia Renzi, all'ex preside Giorgio Giusfredi. circa il rifiuto all'apparentamento\",\"breadcrumb\":{\"@id\":\"https:\\\/\\\/www.romaoggi.eu\\\/index.php\\\/2018\\\/06\\\/19\\\/laffondo\\\/#breadcrumb\"},\"inLanguage\":\"it-IT\",\"potentialAction\":[{\"@type\":\"ReadAction\",\"target\":[\"https:\\\/\\\/www.romaoggi.eu\\\/index.php\\\/2018\\\/06\\\/19\\\/laffondo\\\/\"]}]},{\"@type\":\"ImageObject\",\"inLanguage\":\"it-IT\",\"@id\":\"https:\\\/\\\/www.romaoggi.eu\\\/index.php\\\/2018\\\/06\\\/19\\\/laffondo\\\/#primaryimage\",\"url\":\"https:\\\/\\\/www.romaoggi.eu\\\/wp-content\\\/uploads\\\/2018\\\/06\\\/patricia-renzi.jpg\",\"contentUrl\":\"https:\\\/\\\/www.romaoggi.eu\\\/wp-content\\\/uploads\\\/2018\\\/06\\\/patricia-renzi.jpg\",\"width\":254,\"height\":234,\"caption\":\"alt tag l'affondo\"},{\"@type\":\"BreadcrumbList\",\"@id\":\"https:\\\/\\\/www.romaoggi.eu\\\/index.php\\\/2018\\\/06\\\/19\\\/laffondo\\\/#breadcrumb\",\"itemListElement\":[{\"@type\":\"ListItem\",\"position\":1,\"name\":\"Home\",\"item\":\"https:\\\/\\\/www.romaoggi.eu\\\/\"},{\"@type\":\"ListItem\",\"position\":2,\"name\":\"L&#8217;Affondo del Candidato consigliere della lista Vulcano, Patricia Renzi, all&#8217;ex preside Giorgio Giusfredi\"}]},{\"@type\":\"WebSite\",\"@id\":\"https:\\\/\\\/www.romaoggi.eu\\\/#website\",\"url\":\"https:\\\/\\\/www.romaoggi.eu\\\/\",\"name\":\"roma oggi\",\"description\":\"Interesting News for Interesting people\",\"publisher\":{\"@id\":\"https:\\\/\\\/www.romaoggi.eu\\\/#organization\"},\"potentialAction\":[{\"@type\":\"SearchAction\",\"target\":{\"@type\":\"EntryPoint\",\"urlTemplate\":\"https:\\\/\\\/www.romaoggi.eu\\\/?s={search_term_string}\"},\"query-input\":{\"@type\":\"PropertyValueSpecification\",\"valueRequired\":true,\"valueName\":\"search_term_string\"}}],\"inLanguage\":\"it-IT\"},{\"@type\":\"Organization\",\"@id\":\"https:\\\/\\\/www.romaoggi.eu\\\/#organization\",\"name\":\"RomaOggi\",\"url\":\"https:\\\/\\\/www.romaoggi.eu\\\/\",\"logo\":{\"@type\":\"ImageObject\",\"inLanguage\":\"it-IT\",\"@id\":\"https:\\\/\\\/www.romaoggi.eu\\\/#\\\/schema\\\/logo\\\/image\\\/\",\"url\":\"https:\\\/\\\/www.romaoggi.eu\\\/wp-content\\\/uploads\\\/2017\\\/04\\\/logowp.jpg\",\"contentUrl\":\"https:\\\/\\\/www.romaoggi.eu\\\/wp-content\\\/uploads\\\/2017\\\/04\\\/logowp.jpg\",\"width\":300,\"height\":133,\"caption\":\"RomaOggi\"},\"image\":{\"@id\":\"https:\\\/\\\/www.romaoggi.eu\\\/#\\\/schema\\\/logo\\\/image\\\/\"},\"sameAs\":[\"https:\\\/\\\/www.facebook.com\\\/RomaOggi-841544845954114\",\"https:\\\/\\\/x.com\\\/romaoggi_eu\"]},{\"@type\":\"Person\",\"@id\":\"https:\\\/\\\/www.romaoggi.eu\\\/#\\\/schema\\\/person\\\/ad7b70148e60a0d338e73d0565829be4\",\"name\":\"Lorella Iaci\",\"image\":{\"@type\":\"ImageObject\",\"inLanguage\":\"it-IT\",\"@id\":\"https:\\\/\\\/secure.gravatar.com\\\/avatar\\\/2e8016efed3d5fbee04daf254a3494924254701903584f9c0cb2504f0cdc20eb?s=96&d=mm&r=g\",\"url\":\"https:\\\/\\\/secure.gravatar.com\\\/avatar\\\/2e8016efed3d5fbee04daf254a3494924254701903584f9c0cb2504f0cdc20eb?s=96&d=mm&r=g\",\"contentUrl\":\"https:\\\/\\\/secure.gravatar.com\\\/avatar\\\/2e8016efed3d5fbee04daf254a3494924254701903584f9c0cb2504f0cdc20eb?s=96&d=mm&r=g\",\"caption\":\"Lorella Iaci\"},\"url\":\"https:\\\/\\\/www.romaoggi.eu\\\/index.php\\\/author\\\/lorella\\\/\"}]}<\/script>\n<!-- \/ Yoast SEO plugin. -->","yoast_head_json":{"title":"L'Affondo del Candidato consigliere della lista Vulcano, Patricia Renzi, all'ex preside Giorgio Giusfredi","description":"L'Affondo del Candidato consigliere della lista Vulcano, Patricia Renzi, all'ex preside Giorgio Giusfredi. circa il rifiuto all'apparentamento","robots":{"index":"index","follow":"follow","max-snippet":"max-snippet:-1","max-image-preview":"max-image-preview:large","max-video-preview":"max-video-preview:-1"},"canonical":"https:\/\/www.romaoggi.eu\/index.php\/2018\/06\/19\/laffondo\/","og_locale":"it_IT","og_type":"article","og_title":"L'Affondo del Candidato consigliere della lista Vulcano, Patricia Renzi, all'ex preside Giorgio Giusfredi","og_description":"L'Affondo del Candidato consigliere della lista Vulcano, Patricia Renzi, all'ex preside Giorgio Giusfredi. circa il rifiuto all'apparentamento","og_url":"https:\/\/www.romaoggi.eu\/index.php\/2018\/06\/19\/laffondo\/","og_site_name":"roma oggi","article_publisher":"https:\/\/www.facebook.com\/RomaOggi-841544845954114","article_published_time":"2018-06-19T09:49:02+00:00","og_image":[{"width":254,"height":234,"url":"https:\/\/www.romaoggi.eu\/wp-content\/uploads\/2018\/06\/patricia-renzi.jpg","type":"image\/jpeg"}],"author":"Lorella Iaci","twitter_card":"summary_large_image","twitter_creator":"@romaoggi_eu","twitter_site":"@romaoggi_eu","twitter_misc":{"Scritto da":"Lorella Iaci","Tempo di lettura stimato":"2 minuti"},"schema":{"@context":"https:\/\/schema.org","@graph":[{"@type":"Article","@id":"https:\/\/www.romaoggi.eu\/index.php\/2018\/06\/19\/laffondo\/#article","isPartOf":{"@id":"https:\/\/www.romaoggi.eu\/index.php\/2018\/06\/19\/laffondo\/"},"author":{"name":"Lorella Iaci","@id":"https:\/\/www.romaoggi.eu\/#\/schema\/person\/ad7b70148e60a0d338e73d0565829be4"},"headline":"L&#8217;Affondo del Candidato consigliere della lista Vulcano, Patricia Renzi, all&#8217;ex preside Giorgio Giusfredi","datePublished":"2018-06-19T09:49:02+00:00","mainEntityOfPage":{"@id":"https:\/\/www.romaoggi.eu\/index.php\/2018\/06\/19\/laffondo\/"},"wordCount":380,"publisher":{"@id":"https:\/\/www.romaoggi.eu\/#organization"},"image":{"@id":"https:\/\/www.romaoggi.eu\/index.php\/2018\/06\/19\/laffondo\/#primaryimage"},"thumbnailUrl":"https:\/\/www.romaoggi.eu\/wp-content\/uploads\/2018\/06\/patricia-renzi.jpg","keywords":["affondo","Aprilia","consigliere comunale","Domenico Vulcano","partiti","storia politica"],"articleSection":["oltre Roma"],"inLanguage":"it-IT"},{"@type":"WebPage","@id":"https:\/\/www.romaoggi.eu\/index.php\/2018\/06\/19\/laffondo\/","url":"https:\/\/www.romaoggi.eu\/index.php\/2018\/06\/19\/laffondo\/","name":"L'Affondo del Candidato consigliere della lista Vulcano, Patricia Renzi, all'ex preside Giorgio Giusfredi","isPartOf":{"@id":"https:\/\/www.romaoggi.eu\/#website"},"primaryImageOfPage":{"@id":"https:\/\/www.romaoggi.eu\/index.php\/2018\/06\/19\/laffondo\/#primaryimage"},"image":{"@id":"https:\/\/www.romaoggi.eu\/index.php\/2018\/06\/19\/laffondo\/#primaryimage"},"thumbnailUrl":"https:\/\/www.romaoggi.eu\/wp-content\/uploads\/2018\/06\/patricia-renzi.jpg","datePublished":"2018-06-19T09:49:02+00:00","description":"L'Affondo del Candidato consigliere della lista Vulcano, Patricia Renzi, all'ex preside Giorgio Giusfredi. circa il rifiuto all'apparentamento","breadcrumb":{"@id":"https:\/\/www.romaoggi.eu\/index.php\/2018\/06\/19\/laffondo\/#breadcrumb"},"inLanguage":"it-IT","potentialAction":[{"@type":"ReadAction","target":["https:\/\/www.romaoggi.eu\/index.php\/2018\/06\/19\/laffondo\/"]}]},{"@type":"ImageObject","inLanguage":"it-IT","@id":"https:\/\/www.romaoggi.eu\/index.php\/2018\/06\/19\/laffondo\/#primaryimage","url":"https:\/\/www.romaoggi.eu\/wp-content\/uploads\/2018\/06\/patricia-renzi.jpg","contentUrl":"https:\/\/www.romaoggi.eu\/wp-content\/uploads\/2018\/06\/patricia-renzi.jpg","width":254,"height":234,"caption":"alt tag l'affondo"},{"@type":"BreadcrumbList","@id":"https:\/\/www.romaoggi.eu\/index.php\/2018\/06\/19\/laffondo\/#breadcrumb","itemListElement":[{"@type":"ListItem","position":1,"name":"Home","item":"https:\/\/www.romaoggi.eu\/"},{"@type":"ListItem","position":2,"name":"L&#8217;Affondo del Candidato consigliere della lista Vulcano, Patricia Renzi, all&#8217;ex preside Giorgio Giusfredi"}]},{"@type":"WebSite","@id":"https:\/\/www.romaoggi.eu\/#website","url":"https:\/\/www.romaoggi.eu\/","name":"roma oggi","description":"Interesting News for Interesting people","publisher":{"@id":"https:\/\/www.romaoggi.eu\/#organization"},"potentialAction":[{"@type":"SearchAction","target":{"@type":"EntryPoint","urlTemplate":"https:\/\/www.romaoggi.eu\/?s={search_term_string}"},"query-input":{"@type":"PropertyValueSpecification","valueRequired":true,"valueName":"search_term_string"}}],"inLanguage":"it-IT"},{"@type":"Organization","@id":"https:\/\/www.romaoggi.eu\/#organization","name":"RomaOggi","url":"https:\/\/www.romaoggi.eu\/","logo":{"@type":"ImageObject","inLanguage":"it-IT","@id":"https:\/\/www.romaoggi.eu\/#\/schema\/logo\/image\/","url":"https:\/\/www.romaoggi.eu\/wp-content\/uploads\/2017\/04\/logowp.jpg","contentUrl":"https:\/\/www.romaoggi.eu\/wp-content\/uploads\/2017\/04\/logowp.jpg","width":300,"height":133,"caption":"RomaOggi"},"image":{"@id":"https:\/\/www.romaoggi.eu\/#\/schema\/logo\/image\/"},"sameAs":["https:\/\/www.facebook.com\/RomaOggi-841544845954114","https:\/\/x.com\/romaoggi_eu"]},{"@type":"Person","@id":"https:\/\/www.romaoggi.eu\/#\/schema\/person\/ad7b70148e60a0d338e73d0565829be4","name":"Lorella Iaci","image":{"@type":"ImageObject","inLanguage":"it-IT","@id":"https:\/\/secure.gravatar.com\/avatar\/2e8016efed3d5fbee04daf254a3494924254701903584f9c0cb2504f0cdc20eb?s=96&d=mm&r=g","url":"https:\/\/secure.gravatar.com\/avatar\/2e8016efed3d5fbee04daf254a3494924254701903584f9c0cb2504f0cdc20eb?s=96&d=mm&r=g","contentUrl":"https:\/\/secure.gravatar.com\/avatar\/2e8016efed3d5fbee04daf254a3494924254701903584f9c0cb2504f0cdc20eb?s=96&d=mm&r=g","caption":"Lorella Iaci"},"url":"https:\/\/www.romaoggi.eu\/index.php\/author\/lorella\/"}]}},"_links":{"self":[{"href":"https:\/\/www.romaoggi.eu\/index.php\/wp-json\/wp\/v2\/posts\/17175","targetHints":{"allow":["GET"]}}],"collection":[{"href":"https:\/\/www.romaoggi.eu\/index.php\/wp-json\/wp\/v2\/posts"}],"about":[{"href":"https:\/\/www.romaoggi.eu\/index.php\/wp-json\/wp\/v2\/types\/post"}],"author":[{"embeddable":true,"href":"https:\/\/www.romaoggi.eu\/index.php\/wp-json\/wp\/v2\/users\/8"}],"replies":[{"embeddable":true,"href":"https:\/\/www.romaoggi.eu\/index.php\/wp-json\/wp\/v2\/comments?post=17175"}],"version-history":[{"count":2,"href":"https:\/\/www.romaoggi.eu\/index.php\/wp-json\/wp\/v2\/posts\/17175\/revisions"}],"predecessor-version":[{"id":17178,"href":"https:\/\/www.romaoggi.eu\/index.php\/wp-json\/wp\/v2\/posts\/17175\/revisions\/17178"}],"wp:featuredmedia":[{"embeddable":true,"href":"https:\/\/www.romaoggi.eu\/index.php\/wp-json\/wp\/v2\/media\/17177"}],"wp:attachment":[{"href":"https:\/\/www.romaoggi.eu\/index.php\/wp-json\/wp\/v2\/media?parent=17175"}],"wp:term":[{"taxonomy":"category","embeddable":true,"href":"https:\/\/www.romaoggi.eu\/index.php\/wp-json\/wp\/v2\/categories?post=17175"},{"taxonomy":"post_tag","embeddable":true,"href":"https:\/\/www.romaoggi.eu\/index.php\/wp-json\/wp\/v2\/tags?post=17175"}],"curies":[{"name":"wp","href":"https:\/\/api.w.org\/{rel}","templated":true}]}}