{"id":17760,"date":"2018-07-14T09:37:20","date_gmt":"2018-07-14T07:37:20","guid":{"rendered":"http:\/\/www.romaoggi.eu\/?p=17760"},"modified":"2018-07-14T09:37:20","modified_gmt":"2018-07-14T07:37:20","slug":"borse-alviero-rodriguez-altaroma","status":"publish","type":"post","link":"https:\/\/www.romaoggi.eu\/index.php\/2018\/07\/14\/borse-alviero-rodriguez-altaroma\/","title":{"rendered":"Conquistano le borse a Km 0 di Alviero Rodriguez ad AltaRoma"},"content":{"rendered":"<p style=\"text-align: justify;\">Belle le borse di <a href=\"https:\/\/alvierorodriguez.com\/\"><strong>Alviero Rodriguez<\/strong><\/a>\u00a0realizzate in pelle, con cuciture a mano e tracolla in metallo, un accessorio chic adatto per ogni situazione.<\/p>\n<p><img loading=\"lazy\" decoding=\"async\" class=\"aligncenter wp-image-17769 size-large\" src=\"https:\/\/www.romaoggi.eu\/wp-content\/uploads\/2018\/07\/3147-1024x684.jpg\" alt=\"alt tag alviero rodrighez\" width=\"1024\" height=\"684\" srcset=\"https:\/\/www.romaoggi.eu\/wp-content\/uploads\/2018\/07\/3147-1024x684.jpg 1024w, https:\/\/www.romaoggi.eu\/wp-content\/uploads\/2018\/07\/3147-300x200.jpg 300w, https:\/\/www.romaoggi.eu\/wp-content\/uploads\/2018\/07\/3147.jpg 1417w\" sizes=\"auto, (max-width: 1024px) 100vw, 1024px\" \/><\/p>\n<p style=\"text-align: justify;\">Grande successo per la prima presentazione nel <em>mondo fashion<\/em><strong>\u00a0per le borse di Alviero Rodriguez<\/strong>\u00a0che per l&#8217;occasione ha scelto il progetto \u201c<strong>Bijou &amp; Gioielli \u2026 KM 0 KILOMETROITALY<\/strong>\u201d creato per\u00a0 <a href=\"https:\/\/www.romaoggi.eu\/index.php\/2018\/07\/04\/equilibrio-versus-follia-gaia\/\"><strong>AltaRoma<\/strong><\/a> in sinergia con le <em><strong>Officine di Talenti Preziosi (OTP).\u00a0<\/strong><\/em><\/p>\n<p style=\"text-align: justify;\">Per l\u2019occasione il designer Rodriguez ha creato una <em><strong>special edition<\/strong><\/em><strong> <em>bag<\/em><\/strong> con il marchio <strong>KM 0<\/strong>, per esaltare la <em>rete<\/em>\u00a0del territorio italiano che, frutto della storia e delle pi\u00f9 antiche tradizioni, viene qui a valorizzare anche l\u2019innovazione tecnologica.<\/p>\n<figure id=\"attachment_17772\" aria-describedby=\"caption-attachment-17772\" style=\"width: 946px\" class=\"wp-caption aligncenter\"><img loading=\"lazy\" decoding=\"async\" class=\"wp-image-17772 size-full\" src=\"https:\/\/www.romaoggi.eu\/wp-content\/uploads\/2018\/07\/3162.jpg\" alt=\"\" width=\"946\" height=\"1417\" srcset=\"https:\/\/www.romaoggi.eu\/wp-content\/uploads\/2018\/07\/3162.jpg 946w, https:\/\/www.romaoggi.eu\/wp-content\/uploads\/2018\/07\/3162-200x300.jpg 200w, https:\/\/www.romaoggi.eu\/wp-content\/uploads\/2018\/07\/3162-684x1024.jpg 684w\" sizes=\"auto, (max-width: 946px) 100vw, 946px\" \/><figcaption id=\"caption-attachment-17772\" class=\"wp-caption-text\">Janet De Nardis<\/figcaption><\/figure>\n<p style=\"text-align: justify;\"><strong>Alviero Rodriguez<\/strong>\u00a0nasce nelle Filippine e fin da giovanissimo sviluppa una forte curiosit\u00e0 per lo studio delle nuove tecnologie che, unita ad una vasta cultura internazionale, lo hanno portato a studiare tecniche innovative che sfociano nel progetto dell\u2019 \u201cinstant fashion\u201d. Da qui nasce con passione l\u2019avventura di creare e produrre queste borse che portano il suo nome. L\u2019Italia, Napoli in particolare, rivestono una grande importanza nel suo percorso artistico; infatti \u00e8 il luogo\u00a0 dove Rodriguez sceglie di vivere e lavorare, dove recupera l\u2019arte manifatturiera e la tradizione artigianale locale che arricchisce con la sua creativit\u00e0 e capacit\u00e0 imprenditoriale.<\/p>\n<p style=\"text-align: justify;\">Per i pi\u00f9 curiosi \u00e8 bene sapere che <strong>Alviero\u00a0Rodriguez<\/strong> \u00e8 un brand fondato su un modello di business modernissimo basato sull\u2019analisi dei dati dei social media attraverso un set proprietario di algoritmi predittivi. Parte da uno schema produttivo innovativo che permette una grande flessibilit\u00e0 e velocit\u00e0 di realizzazione senza dover seguire i tempi tradizionali delle collezioni. Ideato, creato e prodotto totalmente in Italia, la vera innovazione \u00e8 rappresentata dalla capacit\u00e0 di mantenere un ottimo rapporto qualit\u00e0\/prezzo, per la soddisfazione dei pi\u00f9 diversi target. Evidente che la creativit\u00e0 grafica e gli effetti cromatici giocano un ruolo importante nell\u2019immagine del prodotto e nel suo successo nell\u2019universo femminile.<\/p>\n<p><a href=\"https:\/\/www.romaoggi.eu\/index.php\/2018\/07\/06\/sabrina-persechino-conquista-altaroma\/\">Redazione<\/a><\/p>\n<p>&nbsp;<\/p>\n<p>&nbsp;<\/p>\n<p>&nbsp;<\/p>\n","protected":false},"excerpt":{"rendered":"<div class=\"mh-excerpt\"><p>Belle le borse di Alviero Rodriguez\u00a0realizzate in pelle, con cuciture a mano e tracolla in metallo, un accessorio chic adatto per ogni situazione. Grande successo per la prima presentazione nel mondo fashion\u00a0per le borse di <a class=\"mh-excerpt-more\" href=\"https:\/\/www.romaoggi.eu\/index.php\/2018\/07\/14\/borse-alviero-rodriguez-altaroma\/\" title=\"Conquistano le borse a Km 0 di Alviero Rodriguez ad AltaRoma\">[&#8230;]<\/a><\/p>\n<\/div>","protected":false},"author":3,"featured_media":17767,"comment_status":"closed","ping_status":"open","sticky":false,"template":"","format":"standard","meta":{"_sitemap_exclude":false,"_sitemap_priority":"","_sitemap_frequency":"","footnotes":""},"categories":[3416],"tags":[11118,200,11114,247,7406,11116,11115,740,201,2468,7532,817,1325,11117],"class_list":["post-17760","post","type-post","status-publish","format-standard","has-post-thumbnail","hentry","category-moda","tag-accessorio","tag-altaroma","tag-alviero-rodriguez","tag-borse","tag-chic","tag-fatte-a-mano","tag-km-0","tag-made-in-italy","tag-moda","tag-pelle","tag-redazione","tag-romaoggi","tag-sfilata","tag-tracolla"],"yoast_head":"<!-- This site is optimized with the Yoast SEO plugin v27.5 - https:\/\/yoast.com\/product\/yoast-seo-wordpress\/ -->\n<title>Conquistano le borse a Km 0 di Alviero Rodriguez ad AltaRoma<\/title>\n<meta name=\"description\" content=\"Belle le borse di Alviero Rodriguez di pelle, cuciture fatte a mano, tracolla in metallo, un accessorio chic adatto per ogni situazione.\" \/>\n<meta name=\"robots\" content=\"index, follow, max-snippet:-1, max-image-preview:large, max-video-preview:-1\" \/>\n<link rel=\"canonical\" href=\"https:\/\/www.romaoggi.eu\/index.php\/2018\/07\/14\/borse-alviero-rodriguez-altaroma\/\" \/>\n<meta property=\"og:locale\" content=\"it_IT\" \/>\n<meta property=\"og:type\" content=\"article\" \/>\n<meta property=\"og:title\" content=\"Conquistano le borse a Km 0 di Alviero Rodriguez ad AltaRoma\" \/>\n<meta property=\"og:description\" content=\"Belle le borse di Alviero Rodriguez di pelle, cuciture fatte a mano, tracolla in metallo, un accessorio chic adatto per ogni situazione.\" \/>\n<meta property=\"og:url\" content=\"https:\/\/www.romaoggi.eu\/index.php\/2018\/07\/14\/borse-alviero-rodriguez-altaroma\/\" \/>\n<meta property=\"og:site_name\" content=\"roma oggi\" \/>\n<meta property=\"article:publisher\" content=\"https:\/\/www.facebook.com\/RomaOggi-841544845954114\" \/>\n<meta property=\"article:published_time\" content=\"2018-07-14T07:37:20+00:00\" \/>\n<meta property=\"og:image\" content=\"https:\/\/www.romaoggi.eu\/wp-content\/uploads\/2018\/07\/3039.jpg\" \/>\n\t<meta property=\"og:image:width\" content=\"1417\" \/>\n\t<meta property=\"og:image:height\" content=\"946\" \/>\n\t<meta property=\"og:image:type\" content=\"image\/jpeg\" \/>\n<meta name=\"author\" content=\"Antonietta Di Vizia\" \/>\n<meta name=\"twitter:card\" content=\"summary_large_image\" \/>\n<meta name=\"twitter:creator\" content=\"@romaoggi_eu\" \/>\n<meta name=\"twitter:site\" content=\"@romaoggi_eu\" \/>\n<meta name=\"twitter:label1\" content=\"Scritto da\" \/>\n\t<meta name=\"twitter:data1\" content=\"Antonietta Di Vizia\" \/>\n\t<meta name=\"twitter:label2\" content=\"Tempo di lettura stimato\" \/>\n\t<meta name=\"twitter:data2\" content=\"2 minuti\" \/>\n<script type=\"application\/ld+json\" class=\"yoast-schema-graph\">{\"@context\":\"https:\\\/\\\/schema.org\",\"@graph\":[{\"@type\":\"Article\",\"@id\":\"https:\\\/\\\/www.romaoggi.eu\\\/index.php\\\/2018\\\/07\\\/14\\\/borse-alviero-rodriguez-altaroma\\\/#article\",\"isPartOf\":{\"@id\":\"https:\\\/\\\/www.romaoggi.eu\\\/index.php\\\/2018\\\/07\\\/14\\\/borse-alviero-rodriguez-altaroma\\\/\"},\"author\":{\"name\":\"Antonietta Di Vizia\",\"@id\":\"https:\\\/\\\/www.romaoggi.eu\\\/#\\\/schema\\\/person\\\/c8ca1fb64b5506391fff5f822a866c23\"},\"headline\":\"Conquistano le borse a Km 0 di Alviero Rodriguez ad AltaRoma\",\"datePublished\":\"2018-07-14T07:37:20+00:00\",\"mainEntityOfPage\":{\"@id\":\"https:\\\/\\\/www.romaoggi.eu\\\/index.php\\\/2018\\\/07\\\/14\\\/borse-alviero-rodriguez-altaroma\\\/\"},\"wordCount\":335,\"publisher\":{\"@id\":\"https:\\\/\\\/www.romaoggi.eu\\\/#organization\"},\"image\":{\"@id\":\"https:\\\/\\\/www.romaoggi.eu\\\/index.php\\\/2018\\\/07\\\/14\\\/borse-alviero-rodriguez-altaroma\\\/#primaryimage\"},\"thumbnailUrl\":\"https:\\\/\\\/www.romaoggi.eu\\\/wp-content\\\/uploads\\\/2018\\\/07\\\/3039.jpg\",\"keywords\":[\"accessorio\",\"altaroma\",\"Alviero Rodriguez\",\"borse\",\"chic\",\"fatte a mano\",\"km 0\",\"made in italy\",\"moda\",\"Pell\u00e8\",\"redazione\",\"romaoggi\",\"sfilata\",\"tracolla\"],\"articleSection\":[\"Moda\"],\"inLanguage\":\"it-IT\"},{\"@type\":\"WebPage\",\"@id\":\"https:\\\/\\\/www.romaoggi.eu\\\/index.php\\\/2018\\\/07\\\/14\\\/borse-alviero-rodriguez-altaroma\\\/\",\"url\":\"https:\\\/\\\/www.romaoggi.eu\\\/index.php\\\/2018\\\/07\\\/14\\\/borse-alviero-rodriguez-altaroma\\\/\",\"name\":\"Conquistano le borse a Km 0 di Alviero Rodriguez ad AltaRoma\",\"isPartOf\":{\"@id\":\"https:\\\/\\\/www.romaoggi.eu\\\/#website\"},\"primaryImageOfPage\":{\"@id\":\"https:\\\/\\\/www.romaoggi.eu\\\/index.php\\\/2018\\\/07\\\/14\\\/borse-alviero-rodriguez-altaroma\\\/#primaryimage\"},\"image\":{\"@id\":\"https:\\\/\\\/www.romaoggi.eu\\\/index.php\\\/2018\\\/07\\\/14\\\/borse-alviero-rodriguez-altaroma\\\/#primaryimage\"},\"thumbnailUrl\":\"https:\\\/\\\/www.romaoggi.eu\\\/wp-content\\\/uploads\\\/2018\\\/07\\\/3039.jpg\",\"datePublished\":\"2018-07-14T07:37:20+00:00\",\"description\":\"Belle le borse di Alviero Rodriguez di pelle, cuciture fatte a mano, tracolla in metallo, un accessorio chic adatto per ogni situazione.\",\"breadcrumb\":{\"@id\":\"https:\\\/\\\/www.romaoggi.eu\\\/index.php\\\/2018\\\/07\\\/14\\\/borse-alviero-rodriguez-altaroma\\\/#breadcrumb\"},\"inLanguage\":\"it-IT\",\"potentialAction\":[{\"@type\":\"ReadAction\",\"target\":[\"https:\\\/\\\/www.romaoggi.eu\\\/index.php\\\/2018\\\/07\\\/14\\\/borse-alviero-rodriguez-altaroma\\\/\"]}]},{\"@type\":\"ImageObject\",\"inLanguage\":\"it-IT\",\"@id\":\"https:\\\/\\\/www.romaoggi.eu\\\/index.php\\\/2018\\\/07\\\/14\\\/borse-alviero-rodriguez-altaroma\\\/#primaryimage\",\"url\":\"https:\\\/\\\/www.romaoggi.eu\\\/wp-content\\\/uploads\\\/2018\\\/07\\\/3039.jpg\",\"contentUrl\":\"https:\\\/\\\/www.romaoggi.eu\\\/wp-content\\\/uploads\\\/2018\\\/07\\\/3039.jpg\",\"width\":1417,\"height\":946,\"caption\":\"alt tag alviero rodrighez\"},{\"@type\":\"BreadcrumbList\",\"@id\":\"https:\\\/\\\/www.romaoggi.eu\\\/index.php\\\/2018\\\/07\\\/14\\\/borse-alviero-rodriguez-altaroma\\\/#breadcrumb\",\"itemListElement\":[{\"@type\":\"ListItem\",\"position\":1,\"name\":\"Home\",\"item\":\"https:\\\/\\\/www.romaoggi.eu\\\/\"},{\"@type\":\"ListItem\",\"position\":2,\"name\":\"Conquistano le borse a Km 0 di Alviero Rodriguez ad AltaRoma\"}]},{\"@type\":\"WebSite\",\"@id\":\"https:\\\/\\\/www.romaoggi.eu\\\/#website\",\"url\":\"https:\\\/\\\/www.romaoggi.eu\\\/\",\"name\":\"roma oggi\",\"description\":\"Interesting News for Interesting people\",\"publisher\":{\"@id\":\"https:\\\/\\\/www.romaoggi.eu\\\/#organization\"},\"potentialAction\":[{\"@type\":\"SearchAction\",\"target\":{\"@type\":\"EntryPoint\",\"urlTemplate\":\"https:\\\/\\\/www.romaoggi.eu\\\/?s={search_term_string}\"},\"query-input\":{\"@type\":\"PropertyValueSpecification\",\"valueRequired\":true,\"valueName\":\"search_term_string\"}}],\"inLanguage\":\"it-IT\"},{\"@type\":\"Organization\",\"@id\":\"https:\\\/\\\/www.romaoggi.eu\\\/#organization\",\"name\":\"RomaOggi\",\"url\":\"https:\\\/\\\/www.romaoggi.eu\\\/\",\"logo\":{\"@type\":\"ImageObject\",\"inLanguage\":\"it-IT\",\"@id\":\"https:\\\/\\\/www.romaoggi.eu\\\/#\\\/schema\\\/logo\\\/image\\\/\",\"url\":\"https:\\\/\\\/www.romaoggi.eu\\\/wp-content\\\/uploads\\\/2017\\\/04\\\/logowp.jpg\",\"contentUrl\":\"https:\\\/\\\/www.romaoggi.eu\\\/wp-content\\\/uploads\\\/2017\\\/04\\\/logowp.jpg\",\"width\":300,\"height\":133,\"caption\":\"RomaOggi\"},\"image\":{\"@id\":\"https:\\\/\\\/www.romaoggi.eu\\\/#\\\/schema\\\/logo\\\/image\\\/\"},\"sameAs\":[\"https:\\\/\\\/www.facebook.com\\\/RomaOggi-841544845954114\",\"https:\\\/\\\/x.com\\\/romaoggi_eu\"]},{\"@type\":\"Person\",\"@id\":\"https:\\\/\\\/www.romaoggi.eu\\\/#\\\/schema\\\/person\\\/c8ca1fb64b5506391fff5f822a866c23\",\"name\":\"Antonietta Di Vizia\",\"image\":{\"@type\":\"ImageObject\",\"inLanguage\":\"it-IT\",\"@id\":\"https:\\\/\\\/secure.gravatar.com\\\/avatar\\\/2ad571aa3fbfe3089b06ed5617adf58717b9359c0c97cf9b52804fb2dac293f2?s=96&d=mm&r=g\",\"url\":\"https:\\\/\\\/secure.gravatar.com\\\/avatar\\\/2ad571aa3fbfe3089b06ed5617adf58717b9359c0c97cf9b52804fb2dac293f2?s=96&d=mm&r=g\",\"contentUrl\":\"https:\\\/\\\/secure.gravatar.com\\\/avatar\\\/2ad571aa3fbfe3089b06ed5617adf58717b9359c0c97cf9b52804fb2dac293f2?s=96&d=mm&r=g\",\"caption\":\"Antonietta Di Vizia\"},\"url\":\"https:\\\/\\\/www.romaoggi.eu\\\/index.php\\\/author\\\/antonietta\\\/\"}]}<\/script>\n<!-- \/ Yoast SEO plugin. -->","yoast_head_json":{"title":"Conquistano le borse a Km 0 di Alviero Rodriguez ad AltaRoma","description":"Belle le borse di Alviero Rodriguez di pelle, cuciture fatte a mano, tracolla in metallo, un accessorio chic adatto per ogni situazione.","robots":{"index":"index","follow":"follow","max-snippet":"max-snippet:-1","max-image-preview":"max-image-preview:large","max-video-preview":"max-video-preview:-1"},"canonical":"https:\/\/www.romaoggi.eu\/index.php\/2018\/07\/14\/borse-alviero-rodriguez-altaroma\/","og_locale":"it_IT","og_type":"article","og_title":"Conquistano le borse a Km 0 di Alviero Rodriguez ad AltaRoma","og_description":"Belle le borse di Alviero Rodriguez di pelle, cuciture fatte a mano, tracolla in metallo, un accessorio chic adatto per ogni situazione.","og_url":"https:\/\/www.romaoggi.eu\/index.php\/2018\/07\/14\/borse-alviero-rodriguez-altaroma\/","og_site_name":"roma oggi","article_publisher":"https:\/\/www.facebook.com\/RomaOggi-841544845954114","article_published_time":"2018-07-14T07:37:20+00:00","og_image":[{"width":1417,"height":946,"url":"https:\/\/www.romaoggi.eu\/wp-content\/uploads\/2018\/07\/3039.jpg","type":"image\/jpeg"}],"author":"Antonietta Di Vizia","twitter_card":"summary_large_image","twitter_creator":"@romaoggi_eu","twitter_site":"@romaoggi_eu","twitter_misc":{"Scritto da":"Antonietta Di Vizia","Tempo di lettura stimato":"2 minuti"},"schema":{"@context":"https:\/\/schema.org","@graph":[{"@type":"Article","@id":"https:\/\/www.romaoggi.eu\/index.php\/2018\/07\/14\/borse-alviero-rodriguez-altaroma\/#article","isPartOf":{"@id":"https:\/\/www.romaoggi.eu\/index.php\/2018\/07\/14\/borse-alviero-rodriguez-altaroma\/"},"author":{"name":"Antonietta Di Vizia","@id":"https:\/\/www.romaoggi.eu\/#\/schema\/person\/c8ca1fb64b5506391fff5f822a866c23"},"headline":"Conquistano le borse a Km 0 di Alviero Rodriguez ad AltaRoma","datePublished":"2018-07-14T07:37:20+00:00","mainEntityOfPage":{"@id":"https:\/\/www.romaoggi.eu\/index.php\/2018\/07\/14\/borse-alviero-rodriguez-altaroma\/"},"wordCount":335,"publisher":{"@id":"https:\/\/www.romaoggi.eu\/#organization"},"image":{"@id":"https:\/\/www.romaoggi.eu\/index.php\/2018\/07\/14\/borse-alviero-rodriguez-altaroma\/#primaryimage"},"thumbnailUrl":"https:\/\/www.romaoggi.eu\/wp-content\/uploads\/2018\/07\/3039.jpg","keywords":["accessorio","altaroma","Alviero Rodriguez","borse","chic","fatte a mano","km 0","made in italy","moda","Pell\u00e8","redazione","romaoggi","sfilata","tracolla"],"articleSection":["Moda"],"inLanguage":"it-IT"},{"@type":"WebPage","@id":"https:\/\/www.romaoggi.eu\/index.php\/2018\/07\/14\/borse-alviero-rodriguez-altaroma\/","url":"https:\/\/www.romaoggi.eu\/index.php\/2018\/07\/14\/borse-alviero-rodriguez-altaroma\/","name":"Conquistano le borse a Km 0 di Alviero Rodriguez ad AltaRoma","isPartOf":{"@id":"https:\/\/www.romaoggi.eu\/#website"},"primaryImageOfPage":{"@id":"https:\/\/www.romaoggi.eu\/index.php\/2018\/07\/14\/borse-alviero-rodriguez-altaroma\/#primaryimage"},"image":{"@id":"https:\/\/www.romaoggi.eu\/index.php\/2018\/07\/14\/borse-alviero-rodriguez-altaroma\/#primaryimage"},"thumbnailUrl":"https:\/\/www.romaoggi.eu\/wp-content\/uploads\/2018\/07\/3039.jpg","datePublished":"2018-07-14T07:37:20+00:00","description":"Belle le borse di Alviero Rodriguez di pelle, cuciture fatte a mano, tracolla in metallo, un accessorio chic adatto per ogni situazione.","breadcrumb":{"@id":"https:\/\/www.romaoggi.eu\/index.php\/2018\/07\/14\/borse-alviero-rodriguez-altaroma\/#breadcrumb"},"inLanguage":"it-IT","potentialAction":[{"@type":"ReadAction","target":["https:\/\/www.romaoggi.eu\/index.php\/2018\/07\/14\/borse-alviero-rodriguez-altaroma\/"]}]},{"@type":"ImageObject","inLanguage":"it-IT","@id":"https:\/\/www.romaoggi.eu\/index.php\/2018\/07\/14\/borse-alviero-rodriguez-altaroma\/#primaryimage","url":"https:\/\/www.romaoggi.eu\/wp-content\/uploads\/2018\/07\/3039.jpg","contentUrl":"https:\/\/www.romaoggi.eu\/wp-content\/uploads\/2018\/07\/3039.jpg","width":1417,"height":946,"caption":"alt tag alviero rodrighez"},{"@type":"BreadcrumbList","@id":"https:\/\/www.romaoggi.eu\/index.php\/2018\/07\/14\/borse-alviero-rodriguez-altaroma\/#breadcrumb","itemListElement":[{"@type":"ListItem","position":1,"name":"Home","item":"https:\/\/www.romaoggi.eu\/"},{"@type":"ListItem","position":2,"name":"Conquistano le borse a Km 0 di Alviero Rodriguez ad AltaRoma"}]},{"@type":"WebSite","@id":"https:\/\/www.romaoggi.eu\/#website","url":"https:\/\/www.romaoggi.eu\/","name":"roma oggi","description":"Interesting News for Interesting people","publisher":{"@id":"https:\/\/www.romaoggi.eu\/#organization"},"potentialAction":[{"@type":"SearchAction","target":{"@type":"EntryPoint","urlTemplate":"https:\/\/www.romaoggi.eu\/?s={search_term_string}"},"query-input":{"@type":"PropertyValueSpecification","valueRequired":true,"valueName":"search_term_string"}}],"inLanguage":"it-IT"},{"@type":"Organization","@id":"https:\/\/www.romaoggi.eu\/#organization","name":"RomaOggi","url":"https:\/\/www.romaoggi.eu\/","logo":{"@type":"ImageObject","inLanguage":"it-IT","@id":"https:\/\/www.romaoggi.eu\/#\/schema\/logo\/image\/","url":"https:\/\/www.romaoggi.eu\/wp-content\/uploads\/2017\/04\/logowp.jpg","contentUrl":"https:\/\/www.romaoggi.eu\/wp-content\/uploads\/2017\/04\/logowp.jpg","width":300,"height":133,"caption":"RomaOggi"},"image":{"@id":"https:\/\/www.romaoggi.eu\/#\/schema\/logo\/image\/"},"sameAs":["https:\/\/www.facebook.com\/RomaOggi-841544845954114","https:\/\/x.com\/romaoggi_eu"]},{"@type":"Person","@id":"https:\/\/www.romaoggi.eu\/#\/schema\/person\/c8ca1fb64b5506391fff5f822a866c23","name":"Antonietta Di Vizia","image":{"@type":"ImageObject","inLanguage":"it-IT","@id":"https:\/\/secure.gravatar.com\/avatar\/2ad571aa3fbfe3089b06ed5617adf58717b9359c0c97cf9b52804fb2dac293f2?s=96&d=mm&r=g","url":"https:\/\/secure.gravatar.com\/avatar\/2ad571aa3fbfe3089b06ed5617adf58717b9359c0c97cf9b52804fb2dac293f2?s=96&d=mm&r=g","contentUrl":"https:\/\/secure.gravatar.com\/avatar\/2ad571aa3fbfe3089b06ed5617adf58717b9359c0c97cf9b52804fb2dac293f2?s=96&d=mm&r=g","caption":"Antonietta Di Vizia"},"url":"https:\/\/www.romaoggi.eu\/index.php\/author\/antonietta\/"}]}},"_links":{"self":[{"href":"https:\/\/www.romaoggi.eu\/index.php\/wp-json\/wp\/v2\/posts\/17760","targetHints":{"allow":["GET"]}}],"collection":[{"href":"https:\/\/www.romaoggi.eu\/index.php\/wp-json\/wp\/v2\/posts"}],"about":[{"href":"https:\/\/www.romaoggi.eu\/index.php\/wp-json\/wp\/v2\/types\/post"}],"author":[{"embeddable":true,"href":"https:\/\/www.romaoggi.eu\/index.php\/wp-json\/wp\/v2\/users\/3"}],"replies":[{"embeddable":true,"href":"https:\/\/www.romaoggi.eu\/index.php\/wp-json\/wp\/v2\/comments?post=17760"}],"version-history":[{"count":12,"href":"https:\/\/www.romaoggi.eu\/index.php\/wp-json\/wp\/v2\/posts\/17760\/revisions"}],"predecessor-version":[{"id":17775,"href":"https:\/\/www.romaoggi.eu\/index.php\/wp-json\/wp\/v2\/posts\/17760\/revisions\/17775"}],"wp:featuredmedia":[{"embeddable":true,"href":"https:\/\/www.romaoggi.eu\/index.php\/wp-json\/wp\/v2\/media\/17767"}],"wp:attachment":[{"href":"https:\/\/www.romaoggi.eu\/index.php\/wp-json\/wp\/v2\/media?parent=17760"}],"wp:term":[{"taxonomy":"category","embeddable":true,"href":"https:\/\/www.romaoggi.eu\/index.php\/wp-json\/wp\/v2\/categories?post=17760"},{"taxonomy":"post_tag","embeddable":true,"href":"https:\/\/www.romaoggi.eu\/index.php\/wp-json\/wp\/v2\/tags?post=17760"}],"curies":[{"name":"wp","href":"https:\/\/api.w.org\/{rel}","templated":true}]}}