{"id":1844,"date":"2016-04-10T12:44:38","date_gmt":"2016-04-10T10:44:38","guid":{"rendered":"http:\/\/www.romaoggi.eu\/?p=1844"},"modified":"2016-04-10T12:44:38","modified_gmt":"2016-04-10T10:44:38","slug":"youtubers-al-centro-commerciale-roma-est","status":"publish","type":"post","link":"https:\/\/www.romaoggi.eu\/index.php\/2016\/04\/10\/youtubers-al-centro-commerciale-roma-est\/","title":{"rendered":"Youtubers famosi al Centro Commerciale Roma Est"},"content":{"rendered":"<h2>Bagno di folla per Youtubers famosi: Riccardo Dose, The Frenchmole, Giulia Penna e Damiano Er Faina<\/h2>\n<p style=\"text-align: justify;\">Sabato 9 Aprile 2016, protagonisti del palco del Centro Commerciale Roma Est,\u00a0<a href=\"http:\/\/www.romaest.cc\/\">http:\/\/www.romaest.cc\/<\/a>, uno dei pi\u00f9 famosi della Capitale, famosi \u00a0youtubers \u00a0come: <strong>Riccardo Dose<\/strong>, <strong>The Frenchmole<\/strong>, <strong>Giulia Penna<\/strong> e <strong>Damiano Er Fain<\/strong>a, ragazzo romano che ha conquistato il pubblico con la sua accentuata romanit\u00e0. L&#8217;appuntamento, fissato per le ore 16.00, ha permesso ai nuovi idoli dei teenagers di passare del tempo con i loro fans. Grazie allo spazio messo a disposizione dal centro commerciale, sono stati centinaia i giovani che si sono ritrovati a passare una giornata speciale insieme ai \u00a0loro pi\u00f9 grandi idoli. Durante il pomeriggio sono state molte le richieste da parte dei teenegers nei confronti dei loro youtubers preferiti. <strong>Damiano Er Faina<\/strong> si \u00e8 cimentato in una simpatica esibizione canora dopo aver raccontato, come al suo solito, un aneddoto; I <strong>Frenchmole<\/strong> e <strong>Riccardo Dose<\/strong> hanno risposto alle domande da parte del pubblico con un tocco d&#8217;innata ironia ed infine <strong>Giulia Penna<\/strong> , giovane cantante emergente nel mondo dello spettacolo, \u00e8 riuscita ad intrattenere i suoi fans con la sua voce, esibendosi con due brani molto conosciuti.<br \/>\nL&#8217;evento si \u00e8 concluso alle ore 19, dopo aver svolto la sessione foto, momento nel quale ogni persona \u00e8 riuscita a realizzare anche un piccolo sogno nel cassetto: baciare o abbracciare il proprio idolo.<br \/>\nTra gli artisti presenti all&#8217;evento di Sabato 9 Aprile ci ha particolarmente colpito <strong>Riccardo Dose<\/strong>. Riccardo nasce il 21 Settembre 1994 in Friuli Venezia Giulia, inizia la sua carriera solamente un anno e mezzo fa, cimentandosi per gioco, nel commentare le diverse tendenze del momento. Lo youtuber fa di questa sua momentanea passione un vero e proprio obiettivo, arrivando cos\u00ec a postare sul proprio profilo Facebook, un video diverso ogni settimana. Il giovane friulano apre un canale Youtube,\u00a0<a href=\"https:\/\/www.youtube.com\/user\/RichiEsod\">https:\/\/www.youtube.com\/user\/RichiEsod<\/a>, accogliendo moltissime approvazioni da parte del pubblico e grazie alla sua creativit\u00e0, Riccardo riesce a spaziare su qualsiasi argomento, realizzando parodie e raccontando, sempre attraverso l&#8217;ironia, piccole situazione nelle quali almeno una volta nella vita ci siamo imbattuti. Per conoscerlo meglio abbiamo chiesto a <strong>Riccardo Dose<\/strong>:<\/p>\n<figure id=\"attachment_1847\" aria-describedby=\"caption-attachment-1847\" style=\"width: 402px\" class=\"wp-caption alignleft\"><img loading=\"lazy\" decoding=\"async\" class=\"wp-image-1847\" src=\"https:\/\/www.romaoggi.eu\/wp-content\/uploads\/2016\/04\/IMG_5840-300x225.jpg\" alt=\"youtubers\" width=\"402\" height=\"302\" srcset=\"https:\/\/www.romaoggi.eu\/wp-content\/uploads\/2016\/04\/IMG_5840-300x225.jpg 300w, https:\/\/www.romaoggi.eu\/wp-content\/uploads\/2016\/04\/IMG_5840-326x245.jpg 326w, https:\/\/www.romaoggi.eu\/wp-content\/uploads\/2016\/04\/IMG_5840-80x60.jpg 80w, https:\/\/www.romaoggi.eu\/wp-content\/uploads\/2016\/04\/IMG_5840.jpg 640w\" sizes=\"auto, (max-width: 402px) 100vw, 402px\" \/><figcaption id=\"caption-attachment-1847\" class=\"wp-caption-text\">Riccardo Dose<\/figcaption><\/figure>\n<p style=\"text-align: justify;\"><b>Ti sei catapultato da cos\u00ec poco in questo mondo, com&#8217;\u00e8 per te ritrovarsi di fronte a cos\u00ec tanti giovani che ti considerano un modello da seguire?<br \/>\n<\/b>&#8220;<em>Non mi sarei mai aspettato tutto ci\u00f2, \u00e8 da circa due anni che ho iniziato a fare video ma solamente nell&#8217;ultimo periodo ho cominciato anch&#8217;io a partecipare a degli eventi. Ritrovarmi di fronte a cos\u00ec tanti giovani mi fa sentire &#8220;whoa&#8221;! Fino a pochi mesi fa tutto ci\u00f2 sarebbe stato impensabile per me. Mi fa molto piacere che ci siano cos\u00ec tanti ragazzi che mi seguono, oggi ne ho avuto la prova, sono state centinaia le persone che mi hanno chiesto di fare una foto con loro, ancora non riesco a metabolizzare il tutto<\/em>&#8220;.<\/p>\n<p style=\"text-align: justify;\"><b>E&#8217; la prima volta che ti capita di fare un evento nella Capitale?<br \/>\n<\/b>&#8220;<em>Si \u00e8 la prima volta che mi capita di fare un evento a Roma, anche se ne avevo svolto qualche tempo fa uno a Latina, proprio con Damiano Er Faina. Spero di ritornare al pi\u00f9 presto in questa meravigliosa citt\u00e0<\/em>&#8220;.<\/p>\n<p style=\"text-align: justify;\"><b>Quello che si nota di pi\u00f9 nei tuoi video \u00e8 la tua naturale ironia, come riesci ad essere cos\u00ec spontaneo?<br \/>\n<\/b>&#8220;<em>Devo dire che l&#8217;ironia \u00e8 un qualcosa che fa parte del mio essere, anche prima di iniziare a fare video. Quello che ho fatto da circa due anni a questa parte \u00e8 stato mettere in pratica, di fronte ad una telecamera, ci\u00f2 che mi riusciva meglio , ovvero l&#8217;essere cos\u00ec spontaneo&#8221;.<\/em><\/p>\n<p style=\"text-align: justify;\"><b>Essendo approdato nel mondo del web pi\u00f9 tardi di alcuni tuoi &#8220;colleghi&#8221;, cosa pensi di loro? Pensi di fare con loro qualche collaborazione?<br \/>\n<\/b>&#8220;<em>Seguo alcuni miei colleghi, come ad esempio Simone Paciello, e altri youtubers con i quali sono amico. Proprio con lui ho fatto in passato una collaborazione, in futuro mi piacerebbe svolgerne delle altre, soprattutto con Leonardo Decarli&#8221;.<\/em><\/p>\n<p style=\"text-align: justify;\"><b>Sappiamo che oltre a fare video, studi, come ti vedi proiettato nel futuro?<br \/>\n<\/b>&#8220;<em>Detto con tutta la sincerit\u00e0, non so ancora cosa far\u00f2 nel mio futuro. Per ora ci\u00f2 che desidero \u00e8 laurearmi, successivamente decider\u00f2 che strada prendere<\/em>&#8220;.<\/p>\n<p>Articolo di Clarissa Galassi<\/p>\n","protected":false},"excerpt":{"rendered":"<div class=\"mh-excerpt\"><p>Bagno di folla per Youtubers famosi: Riccardo Dose, The Frenchmole, Giulia Penna e Damiano Er Faina Sabato 9 Aprile 2016, protagonisti del palco del Centro Commerciale Roma Est,\u00a0http:\/\/www.romaest.cc\/, uno dei pi\u00f9 famosi della Capitale, famosi <a class=\"mh-excerpt-more\" href=\"https:\/\/www.romaoggi.eu\/index.php\/2016\/04\/10\/youtubers-al-centro-commerciale-roma-est\/\" title=\"Youtubers famosi al Centro Commerciale Roma Est\">[&#8230;]<\/a><\/p>\n<\/div>","protected":false},"author":3,"featured_media":1846,"comment_status":"open","ping_status":"open","sticky":false,"template":"","format":"standard","meta":{"_sitemap_exclude":false,"_sitemap_priority":"","_sitemap_frequency":"","footnotes":""},"categories":[3],"tags":[934,1705,721,1702,933,1701,1704,1699,1703,1700,1706,1639],"class_list":["post-1844","post","type-post","status-publish","format-standard","has-post-thumbnail","hentry","category-eventi","tag-canale-youtube","tag-centro-commerciale-roma-est","tag-clarissa-galassi","tag-damiano-er-faina","tag-facebook","tag-giulia-penna","tag-leonardo-decarli","tag-riccardo-dose","tag-simone-paciello","tag-the-frenchmole","tag-web","tag-youtuber"],"yoast_head":"<!-- This site is optimized with the Yoast SEO plugin v27.5 - https:\/\/yoast.com\/product\/yoast-seo-wordpress\/ -->\n<title>Youtubers famosi al Centro Commerciale Roma Est<\/title>\n<meta name=\"description\" content=\"Successo per youtubers famosi: Riccardo Dose, The Frenchmole, Giulia Penna e Damiano Er Faina, al Centro commerciale Roma Est.\" \/>\n<meta name=\"robots\" content=\"index, follow, max-snippet:-1, max-image-preview:large, max-video-preview:-1\" \/>\n<link rel=\"canonical\" href=\"https:\/\/www.romaoggi.eu\/index.php\/2016\/04\/10\/youtubers-al-centro-commerciale-roma-est\/\" \/>\n<meta property=\"og:locale\" content=\"it_IT\" \/>\n<meta property=\"og:type\" content=\"article\" \/>\n<meta property=\"og:title\" content=\"Youtubers famosi al Centro Commerciale Roma Est\" \/>\n<meta property=\"og:description\" content=\"Successo per youtubers famosi: Riccardo Dose, The Frenchmole, Giulia Penna e Damiano Er Faina, al Centro commerciale Roma Est.\" \/>\n<meta property=\"og:url\" content=\"https:\/\/www.romaoggi.eu\/index.php\/2016\/04\/10\/youtubers-al-centro-commerciale-roma-est\/\" \/>\n<meta property=\"og:site_name\" content=\"roma oggi\" \/>\n<meta property=\"article:publisher\" content=\"https:\/\/www.facebook.com\/RomaOggi-841544845954114\" \/>\n<meta property=\"article:published_time\" content=\"2016-04-10T10:44:38+00:00\" \/>\n<meta property=\"og:image\" content=\"https:\/\/www.romaoggi.eu\/wp-content\/uploads\/2016\/04\/FullSizeRender-1.jpg\" \/>\n\t<meta property=\"og:image:width\" content=\"640\" \/>\n\t<meta property=\"og:image:height\" content=\"442\" \/>\n\t<meta property=\"og:image:type\" content=\"image\/jpeg\" \/>\n<meta name=\"author\" content=\"Antonietta Di Vizia\" \/>\n<meta name=\"twitter:card\" content=\"summary_large_image\" \/>\n<meta name=\"twitter:creator\" content=\"@romaoggi_eu\" \/>\n<meta name=\"twitter:site\" content=\"@romaoggi_eu\" \/>\n<meta name=\"twitter:label1\" content=\"Scritto da\" \/>\n\t<meta name=\"twitter:data1\" content=\"Antonietta Di Vizia\" \/>\n\t<meta name=\"twitter:label2\" content=\"Tempo di lettura stimato\" \/>\n\t<meta name=\"twitter:data2\" content=\"3 minuti\" \/>\n<script type=\"application\/ld+json\" class=\"yoast-schema-graph\">{\"@context\":\"https:\\\/\\\/schema.org\",\"@graph\":[{\"@type\":\"Article\",\"@id\":\"https:\\\/\\\/www.romaoggi.eu\\\/index.php\\\/2016\\\/04\\\/10\\\/youtubers-al-centro-commerciale-roma-est\\\/#article\",\"isPartOf\":{\"@id\":\"https:\\\/\\\/www.romaoggi.eu\\\/index.php\\\/2016\\\/04\\\/10\\\/youtubers-al-centro-commerciale-roma-est\\\/\"},\"author\":{\"name\":\"Antonietta Di Vizia\",\"@id\":\"https:\\\/\\\/www.romaoggi.eu\\\/#\\\/schema\\\/person\\\/c8ca1fb64b5506391fff5f822a866c23\"},\"headline\":\"Youtubers famosi al Centro Commerciale Roma Est\",\"datePublished\":\"2016-04-10T10:44:38+00:00\",\"mainEntityOfPage\":{\"@id\":\"https:\\\/\\\/www.romaoggi.eu\\\/index.php\\\/2016\\\/04\\\/10\\\/youtubers-al-centro-commerciale-roma-est\\\/\"},\"wordCount\":714,\"commentCount\":0,\"publisher\":{\"@id\":\"https:\\\/\\\/www.romaoggi.eu\\\/#organization\"},\"image\":{\"@id\":\"https:\\\/\\\/www.romaoggi.eu\\\/index.php\\\/2016\\\/04\\\/10\\\/youtubers-al-centro-commerciale-roma-est\\\/#primaryimage\"},\"thumbnailUrl\":\"https:\\\/\\\/www.romaoggi.eu\\\/wp-content\\\/uploads\\\/2016\\\/04\\\/FullSizeRender-1.jpg\",\"keywords\":[\"canale youtube\",\"Centro commerciale Roma Est\",\"Clarissa Galassi\",\"Damiano er Faina\",\"facebook\",\"Giulia Penna\",\"Leonardo Decarli\",\"Riccardo Dose\",\"Simone Paciello\",\"The Frenchmole\",\"web\",\"youtuber\"],\"articleSection\":[\"Eventi\"],\"inLanguage\":\"it-IT\",\"potentialAction\":[{\"@type\":\"CommentAction\",\"name\":\"Comment\",\"target\":[\"https:\\\/\\\/www.romaoggi.eu\\\/index.php\\\/2016\\\/04\\\/10\\\/youtubers-al-centro-commerciale-roma-est\\\/#respond\"]}]},{\"@type\":\"WebPage\",\"@id\":\"https:\\\/\\\/www.romaoggi.eu\\\/index.php\\\/2016\\\/04\\\/10\\\/youtubers-al-centro-commerciale-roma-est\\\/\",\"url\":\"https:\\\/\\\/www.romaoggi.eu\\\/index.php\\\/2016\\\/04\\\/10\\\/youtubers-al-centro-commerciale-roma-est\\\/\",\"name\":\"Youtubers famosi al Centro Commerciale Roma Est\",\"isPartOf\":{\"@id\":\"https:\\\/\\\/www.romaoggi.eu\\\/#website\"},\"primaryImageOfPage\":{\"@id\":\"https:\\\/\\\/www.romaoggi.eu\\\/index.php\\\/2016\\\/04\\\/10\\\/youtubers-al-centro-commerciale-roma-est\\\/#primaryimage\"},\"image\":{\"@id\":\"https:\\\/\\\/www.romaoggi.eu\\\/index.php\\\/2016\\\/04\\\/10\\\/youtubers-al-centro-commerciale-roma-est\\\/#primaryimage\"},\"thumbnailUrl\":\"https:\\\/\\\/www.romaoggi.eu\\\/wp-content\\\/uploads\\\/2016\\\/04\\\/FullSizeRender-1.jpg\",\"datePublished\":\"2016-04-10T10:44:38+00:00\",\"description\":\"Successo per youtubers famosi: Riccardo Dose, The Frenchmole, Giulia Penna e Damiano Er Faina, al Centro commerciale Roma Est.\",\"breadcrumb\":{\"@id\":\"https:\\\/\\\/www.romaoggi.eu\\\/index.php\\\/2016\\\/04\\\/10\\\/youtubers-al-centro-commerciale-roma-est\\\/#breadcrumb\"},\"inLanguage\":\"it-IT\",\"potentialAction\":[{\"@type\":\"ReadAction\",\"target\":[\"https:\\\/\\\/www.romaoggi.eu\\\/index.php\\\/2016\\\/04\\\/10\\\/youtubers-al-centro-commerciale-roma-est\\\/\"]}]},{\"@type\":\"ImageObject\",\"inLanguage\":\"it-IT\",\"@id\":\"https:\\\/\\\/www.romaoggi.eu\\\/index.php\\\/2016\\\/04\\\/10\\\/youtubers-al-centro-commerciale-roma-est\\\/#primaryimage\",\"url\":\"https:\\\/\\\/www.romaoggi.eu\\\/wp-content\\\/uploads\\\/2016\\\/04\\\/FullSizeRender-1.jpg\",\"contentUrl\":\"https:\\\/\\\/www.romaoggi.eu\\\/wp-content\\\/uploads\\\/2016\\\/04\\\/FullSizeRender-1.jpg\",\"width\":640,\"height\":442},{\"@type\":\"BreadcrumbList\",\"@id\":\"https:\\\/\\\/www.romaoggi.eu\\\/index.php\\\/2016\\\/04\\\/10\\\/youtubers-al-centro-commerciale-roma-est\\\/#breadcrumb\",\"itemListElement\":[{\"@type\":\"ListItem\",\"position\":1,\"name\":\"Home\",\"item\":\"https:\\\/\\\/www.romaoggi.eu\\\/\"},{\"@type\":\"ListItem\",\"position\":2,\"name\":\"Youtubers famosi al Centro Commerciale Roma Est\"}]},{\"@type\":\"WebSite\",\"@id\":\"https:\\\/\\\/www.romaoggi.eu\\\/#website\",\"url\":\"https:\\\/\\\/www.romaoggi.eu\\\/\",\"name\":\"roma oggi\",\"description\":\"Interesting News for Interesting people\",\"publisher\":{\"@id\":\"https:\\\/\\\/www.romaoggi.eu\\\/#organization\"},\"potentialAction\":[{\"@type\":\"SearchAction\",\"target\":{\"@type\":\"EntryPoint\",\"urlTemplate\":\"https:\\\/\\\/www.romaoggi.eu\\\/?s={search_term_string}\"},\"query-input\":{\"@type\":\"PropertyValueSpecification\",\"valueRequired\":true,\"valueName\":\"search_term_string\"}}],\"inLanguage\":\"it-IT\"},{\"@type\":\"Organization\",\"@id\":\"https:\\\/\\\/www.romaoggi.eu\\\/#organization\",\"name\":\"RomaOggi\",\"url\":\"https:\\\/\\\/www.romaoggi.eu\\\/\",\"logo\":{\"@type\":\"ImageObject\",\"inLanguage\":\"it-IT\",\"@id\":\"https:\\\/\\\/www.romaoggi.eu\\\/#\\\/schema\\\/logo\\\/image\\\/\",\"url\":\"https:\\\/\\\/www.romaoggi.eu\\\/wp-content\\\/uploads\\\/2017\\\/04\\\/logowp.jpg\",\"contentUrl\":\"https:\\\/\\\/www.romaoggi.eu\\\/wp-content\\\/uploads\\\/2017\\\/04\\\/logowp.jpg\",\"width\":300,\"height\":133,\"caption\":\"RomaOggi\"},\"image\":{\"@id\":\"https:\\\/\\\/www.romaoggi.eu\\\/#\\\/schema\\\/logo\\\/image\\\/\"},\"sameAs\":[\"https:\\\/\\\/www.facebook.com\\\/RomaOggi-841544845954114\",\"https:\\\/\\\/x.com\\\/romaoggi_eu\"]},{\"@type\":\"Person\",\"@id\":\"https:\\\/\\\/www.romaoggi.eu\\\/#\\\/schema\\\/person\\\/c8ca1fb64b5506391fff5f822a866c23\",\"name\":\"Antonietta Di Vizia\",\"image\":{\"@type\":\"ImageObject\",\"inLanguage\":\"it-IT\",\"@id\":\"https:\\\/\\\/secure.gravatar.com\\\/avatar\\\/2ad571aa3fbfe3089b06ed5617adf58717b9359c0c97cf9b52804fb2dac293f2?s=96&d=mm&r=g\",\"url\":\"https:\\\/\\\/secure.gravatar.com\\\/avatar\\\/2ad571aa3fbfe3089b06ed5617adf58717b9359c0c97cf9b52804fb2dac293f2?s=96&d=mm&r=g\",\"contentUrl\":\"https:\\\/\\\/secure.gravatar.com\\\/avatar\\\/2ad571aa3fbfe3089b06ed5617adf58717b9359c0c97cf9b52804fb2dac293f2?s=96&d=mm&r=g\",\"caption\":\"Antonietta Di Vizia\"},\"url\":\"https:\\\/\\\/www.romaoggi.eu\\\/index.php\\\/author\\\/antonietta\\\/\"}]}<\/script>\n<!-- \/ Yoast SEO plugin. -->","yoast_head_json":{"title":"Youtubers famosi al Centro Commerciale Roma Est","description":"Successo per youtubers famosi: Riccardo Dose, The Frenchmole, Giulia Penna e Damiano Er Faina, al Centro commerciale Roma Est.","robots":{"index":"index","follow":"follow","max-snippet":"max-snippet:-1","max-image-preview":"max-image-preview:large","max-video-preview":"max-video-preview:-1"},"canonical":"https:\/\/www.romaoggi.eu\/index.php\/2016\/04\/10\/youtubers-al-centro-commerciale-roma-est\/","og_locale":"it_IT","og_type":"article","og_title":"Youtubers famosi al Centro Commerciale Roma Est","og_description":"Successo per youtubers famosi: Riccardo Dose, The Frenchmole, Giulia Penna e Damiano Er Faina, al Centro commerciale Roma Est.","og_url":"https:\/\/www.romaoggi.eu\/index.php\/2016\/04\/10\/youtubers-al-centro-commerciale-roma-est\/","og_site_name":"roma oggi","article_publisher":"https:\/\/www.facebook.com\/RomaOggi-841544845954114","article_published_time":"2016-04-10T10:44:38+00:00","og_image":[{"width":640,"height":442,"url":"https:\/\/www.romaoggi.eu\/wp-content\/uploads\/2016\/04\/FullSizeRender-1.jpg","type":"image\/jpeg"}],"author":"Antonietta Di Vizia","twitter_card":"summary_large_image","twitter_creator":"@romaoggi_eu","twitter_site":"@romaoggi_eu","twitter_misc":{"Scritto da":"Antonietta Di Vizia","Tempo di lettura stimato":"3 minuti"},"schema":{"@context":"https:\/\/schema.org","@graph":[{"@type":"Article","@id":"https:\/\/www.romaoggi.eu\/index.php\/2016\/04\/10\/youtubers-al-centro-commerciale-roma-est\/#article","isPartOf":{"@id":"https:\/\/www.romaoggi.eu\/index.php\/2016\/04\/10\/youtubers-al-centro-commerciale-roma-est\/"},"author":{"name":"Antonietta Di Vizia","@id":"https:\/\/www.romaoggi.eu\/#\/schema\/person\/c8ca1fb64b5506391fff5f822a866c23"},"headline":"Youtubers famosi al Centro Commerciale Roma Est","datePublished":"2016-04-10T10:44:38+00:00","mainEntityOfPage":{"@id":"https:\/\/www.romaoggi.eu\/index.php\/2016\/04\/10\/youtubers-al-centro-commerciale-roma-est\/"},"wordCount":714,"commentCount":0,"publisher":{"@id":"https:\/\/www.romaoggi.eu\/#organization"},"image":{"@id":"https:\/\/www.romaoggi.eu\/index.php\/2016\/04\/10\/youtubers-al-centro-commerciale-roma-est\/#primaryimage"},"thumbnailUrl":"https:\/\/www.romaoggi.eu\/wp-content\/uploads\/2016\/04\/FullSizeRender-1.jpg","keywords":["canale youtube","Centro commerciale Roma Est","Clarissa Galassi","Damiano er Faina","facebook","Giulia Penna","Leonardo Decarli","Riccardo Dose","Simone Paciello","The Frenchmole","web","youtuber"],"articleSection":["Eventi"],"inLanguage":"it-IT","potentialAction":[{"@type":"CommentAction","name":"Comment","target":["https:\/\/www.romaoggi.eu\/index.php\/2016\/04\/10\/youtubers-al-centro-commerciale-roma-est\/#respond"]}]},{"@type":"WebPage","@id":"https:\/\/www.romaoggi.eu\/index.php\/2016\/04\/10\/youtubers-al-centro-commerciale-roma-est\/","url":"https:\/\/www.romaoggi.eu\/index.php\/2016\/04\/10\/youtubers-al-centro-commerciale-roma-est\/","name":"Youtubers famosi al Centro Commerciale Roma Est","isPartOf":{"@id":"https:\/\/www.romaoggi.eu\/#website"},"primaryImageOfPage":{"@id":"https:\/\/www.romaoggi.eu\/index.php\/2016\/04\/10\/youtubers-al-centro-commerciale-roma-est\/#primaryimage"},"image":{"@id":"https:\/\/www.romaoggi.eu\/index.php\/2016\/04\/10\/youtubers-al-centro-commerciale-roma-est\/#primaryimage"},"thumbnailUrl":"https:\/\/www.romaoggi.eu\/wp-content\/uploads\/2016\/04\/FullSizeRender-1.jpg","datePublished":"2016-04-10T10:44:38+00:00","description":"Successo per youtubers famosi: Riccardo Dose, The Frenchmole, Giulia Penna e Damiano Er Faina, al Centro commerciale Roma Est.","breadcrumb":{"@id":"https:\/\/www.romaoggi.eu\/index.php\/2016\/04\/10\/youtubers-al-centro-commerciale-roma-est\/#breadcrumb"},"inLanguage":"it-IT","potentialAction":[{"@type":"ReadAction","target":["https:\/\/www.romaoggi.eu\/index.php\/2016\/04\/10\/youtubers-al-centro-commerciale-roma-est\/"]}]},{"@type":"ImageObject","inLanguage":"it-IT","@id":"https:\/\/www.romaoggi.eu\/index.php\/2016\/04\/10\/youtubers-al-centro-commerciale-roma-est\/#primaryimage","url":"https:\/\/www.romaoggi.eu\/wp-content\/uploads\/2016\/04\/FullSizeRender-1.jpg","contentUrl":"https:\/\/www.romaoggi.eu\/wp-content\/uploads\/2016\/04\/FullSizeRender-1.jpg","width":640,"height":442},{"@type":"BreadcrumbList","@id":"https:\/\/www.romaoggi.eu\/index.php\/2016\/04\/10\/youtubers-al-centro-commerciale-roma-est\/#breadcrumb","itemListElement":[{"@type":"ListItem","position":1,"name":"Home","item":"https:\/\/www.romaoggi.eu\/"},{"@type":"ListItem","position":2,"name":"Youtubers famosi al Centro Commerciale Roma Est"}]},{"@type":"WebSite","@id":"https:\/\/www.romaoggi.eu\/#website","url":"https:\/\/www.romaoggi.eu\/","name":"roma oggi","description":"Interesting News for Interesting people","publisher":{"@id":"https:\/\/www.romaoggi.eu\/#organization"},"potentialAction":[{"@type":"SearchAction","target":{"@type":"EntryPoint","urlTemplate":"https:\/\/www.romaoggi.eu\/?s={search_term_string}"},"query-input":{"@type":"PropertyValueSpecification","valueRequired":true,"valueName":"search_term_string"}}],"inLanguage":"it-IT"},{"@type":"Organization","@id":"https:\/\/www.romaoggi.eu\/#organization","name":"RomaOggi","url":"https:\/\/www.romaoggi.eu\/","logo":{"@type":"ImageObject","inLanguage":"it-IT","@id":"https:\/\/www.romaoggi.eu\/#\/schema\/logo\/image\/","url":"https:\/\/www.romaoggi.eu\/wp-content\/uploads\/2017\/04\/logowp.jpg","contentUrl":"https:\/\/www.romaoggi.eu\/wp-content\/uploads\/2017\/04\/logowp.jpg","width":300,"height":133,"caption":"RomaOggi"},"image":{"@id":"https:\/\/www.romaoggi.eu\/#\/schema\/logo\/image\/"},"sameAs":["https:\/\/www.facebook.com\/RomaOggi-841544845954114","https:\/\/x.com\/romaoggi_eu"]},{"@type":"Person","@id":"https:\/\/www.romaoggi.eu\/#\/schema\/person\/c8ca1fb64b5506391fff5f822a866c23","name":"Antonietta Di Vizia","image":{"@type":"ImageObject","inLanguage":"it-IT","@id":"https:\/\/secure.gravatar.com\/avatar\/2ad571aa3fbfe3089b06ed5617adf58717b9359c0c97cf9b52804fb2dac293f2?s=96&d=mm&r=g","url":"https:\/\/secure.gravatar.com\/avatar\/2ad571aa3fbfe3089b06ed5617adf58717b9359c0c97cf9b52804fb2dac293f2?s=96&d=mm&r=g","contentUrl":"https:\/\/secure.gravatar.com\/avatar\/2ad571aa3fbfe3089b06ed5617adf58717b9359c0c97cf9b52804fb2dac293f2?s=96&d=mm&r=g","caption":"Antonietta Di Vizia"},"url":"https:\/\/www.romaoggi.eu\/index.php\/author\/antonietta\/"}]}},"_links":{"self":[{"href":"https:\/\/www.romaoggi.eu\/index.php\/wp-json\/wp\/v2\/posts\/1844","targetHints":{"allow":["GET"]}}],"collection":[{"href":"https:\/\/www.romaoggi.eu\/index.php\/wp-json\/wp\/v2\/posts"}],"about":[{"href":"https:\/\/www.romaoggi.eu\/index.php\/wp-json\/wp\/v2\/types\/post"}],"author":[{"embeddable":true,"href":"https:\/\/www.romaoggi.eu\/index.php\/wp-json\/wp\/v2\/users\/3"}],"replies":[{"embeddable":true,"href":"https:\/\/www.romaoggi.eu\/index.php\/wp-json\/wp\/v2\/comments?post=1844"}],"version-history":[{"count":5,"href":"https:\/\/www.romaoggi.eu\/index.php\/wp-json\/wp\/v2\/posts\/1844\/revisions"}],"predecessor-version":[{"id":1851,"href":"https:\/\/www.romaoggi.eu\/index.php\/wp-json\/wp\/v2\/posts\/1844\/revisions\/1851"}],"wp:featuredmedia":[{"embeddable":true,"href":"https:\/\/www.romaoggi.eu\/index.php\/wp-json\/wp\/v2\/media\/1846"}],"wp:attachment":[{"href":"https:\/\/www.romaoggi.eu\/index.php\/wp-json\/wp\/v2\/media?parent=1844"}],"wp:term":[{"taxonomy":"category","embeddable":true,"href":"https:\/\/www.romaoggi.eu\/index.php\/wp-json\/wp\/v2\/categories?post=1844"},{"taxonomy":"post_tag","embeddable":true,"href":"https:\/\/www.romaoggi.eu\/index.php\/wp-json\/wp\/v2\/tags?post=1844"}],"curies":[{"name":"wp","href":"https:\/\/api.w.org\/{rel}","templated":true}]}}