{"id":1852,"date":"2016-04-10T18:06:09","date_gmt":"2016-04-10T16:06:09","guid":{"rendered":"http:\/\/www.romaoggi.eu\/?p=1852"},"modified":"2016-04-10T18:06:09","modified_gmt":"2016-04-10T16:06:09","slug":"maria-veronica-leon-veintemilla","status":"publish","type":"post","link":"https:\/\/www.romaoggi.eu\/index.php\/2016\/04\/10\/maria-veronica-leon-veintemilla\/","title":{"rendered":"Mar\u00eda Ver\u00f3nica Le\u00f3n Veintemilla dalla Biennale al Macro"},"content":{"rendered":"<h2>Mar\u00eda Ver\u00f3nica Le\u00f3n Veintemilla una artista dell&#8217;Ecuador a Roma<\/h2>\n<p style=\"text-align: justify;\">Fino al 17 aprile 2016 al <strong>MACRO<\/strong> &#8211; Museo d\u2019Arte Contemporanea Roma nella MACRO Hall, Via Nizza 138, le opere della talentuosa <strong>Mar\u00eda Ver\u00f3nica Le\u00f3n Veintemilla<\/strong> provenienti dalla Biennale di Venezia, un nuovo progetto espositivo, ideato e curato da <strong>Paolo De Grandis<\/strong> e<strong> Claudio Crescentini<\/strong>, dedicato alla presentazione presso gli spazi del MACRO di alcune installazioni internazionali.<br \/>\nPromosso da Roma Capitale &#8211; Sovrintendenza Capitolina ai Beni Culturali, e organizzato in collaborazione con PDG Arte Communications, il progetto vede convergere insieme le \u201cprospettive\u201d d\u2019arte di due citt\u00e0 che lavorano per far viaggiare le esperienze dell\u2019arte internazionale sul territorio nazionale.<br \/>\nIl progetto inaugurato dalla mostra<strong> Gold Water: Apocalyptic Black Mirrors II<\/strong> di Mar\u00eda Ver\u00f3nica Le\u00f3n Veintemilla, curata da <strong>David Rosenberg<\/strong>, artista fra le pi\u00f9 interessanti dell\u2019attuale scena artistica internazionale, recentemente premiata in Ecuador come \u201cDonna dell\u2019Anno\u201d. Mar\u00eda Ver\u00f3nica Le\u00f3n Veintemilla rilegge al <strong>MACRO<\/strong> quella esplorazione concettuale della sua arte tenutasi appunto alla 56\u00b0 Esposizione Internazionale d\u2019Arte nel 2015 presso il Padiglione dell\u2019Ecuador, presente per la prima volta alla Biennale di Venezia.<\/p>\n<p style=\"text-align: justify;\"><img loading=\"lazy\" decoding=\"async\" class=\" wp-image-1855 alignright\" src=\"https:\/\/www.romaoggi.eu\/wp-content\/uploads\/2016\/04\/1-GOLD-POWDER-MASK-HEALING-LA-CURA-DE-LA-MASCARA-DEL-POLVO-DE-ORO-200x300.png\" alt=\"Mar\u00eda Ver\u00f3nica Le\u00f3n Veintemilla\" width=\"270\" height=\"404\" srcset=\"https:\/\/www.romaoggi.eu\/wp-content\/uploads\/2016\/04\/1-GOLD-POWDER-MASK-HEALING-LA-CURA-DE-LA-MASCARA-DEL-POLVO-DE-ORO-200x300.png 200w, https:\/\/www.romaoggi.eu\/wp-content\/uploads\/2016\/04\/1-GOLD-POWDER-MASK-HEALING-LA-CURA-DE-LA-MASCARA-DEL-POLVO-DE-ORO-683x1024.png 683w, https:\/\/www.romaoggi.eu\/wp-content\/uploads\/2016\/04\/1-GOLD-POWDER-MASK-HEALING-LA-CURA-DE-LA-MASCARA-DEL-POLVO-DE-ORO.png 863w\" sizes=\"auto, (max-width: 270px) 100vw, 270px\" \/><\/p>\n<p style=\"text-align: justify;\">Con il lavoro <strong>Gold Water: Apocalyptic Black Mirrors II<\/strong> l\u2019artista ha portato nella MACRO Hall due grandi container contenenti fotografie e installazioni di video arte. L\u2019opera si ispira a due delle primarie fonti naturali di salute e due degli elementi fondamentali per la vita dell\u2019uomo e dell\u2019economia globale: <strong>acqua<\/strong> e <strong>oro<\/strong>. Strappati dal loro contesto originale, vengono riesaminati criticamente attraverso la storia, la societ\u00e0, l\u2019economia e la cultura in relazione ai valori economici globali. Entrambi gli elementi, chiave del futuro dell\u2019umanit\u00e0, sono sostentamento di vita, fisicamente ed economicamente, eppure esiste un paradosso: per estrarre l\u2019oro spesso le fonti di acqua vengono distrutte. Nel progetto artistico e concettuale di Mar\u00eda Ver\u00f3nica Le\u00f3n Veintemilla, la convergenza di Arte e Scienza esprime un concetto profetico in cui l\u2019uomo plasma la natura e la sottomette in una sorta di cieca obbedienza al consumismo.<\/p>\n<p style=\"text-align: justify;\"><strong>Che cosa ha rappresenta per lei essere con le sue opere a Roma?<\/strong><br \/>\n&#8220;<em>E&#8217; la mia prima volta a Roma, dopo la Biennale di Venezia,\u00a0<a href=\"http:\/\/www.labiennale.org\/\">http:\/\/www.labiennale.org\/<\/a>, una delle esperienze pi\u00f9 importanti della mia vita, un laboratorio grande non solo dal punto di vista artistico ma anche per l&#8217;organizzazione delle mie idee e opere. La biennale ha rappresentato per me un lavoro enorme, di grande sofferenza per arrivare alla perfezione, per\u00f2 al tempo stesso straordinariamente interessante e proficuo&#8221;<\/em>.<\/p>\n<p style=\"text-align: justify;\"><img loading=\"lazy\" decoding=\"async\" class=\" wp-image-1854 alignleft\" src=\"https:\/\/www.romaoggi.eu\/wp-content\/uploads\/2016\/04\/13.-THE-STAR-TEETH-AND-THE-8-MOUNTAINSLOS-DIENTES-DE-LA-ESTRELLA-Y-LAS-DIEZ-MONTANAS-300x168.jpg\" alt=\"Mar\u00eda Ver\u00f3nica Le\u00f3n Veintemilla\" width=\"402\" height=\"225\" srcset=\"https:\/\/www.romaoggi.eu\/wp-content\/uploads\/2016\/04\/13.-THE-STAR-TEETH-AND-THE-8-MOUNTAINSLOS-DIENTES-DE-LA-ESTRELLA-Y-LAS-DIEZ-MONTANAS-300x168.jpg 300w, https:\/\/www.romaoggi.eu\/wp-content\/uploads\/2016\/04\/13.-THE-STAR-TEETH-AND-THE-8-MOUNTAINSLOS-DIENTES-DE-LA-ESTRELLA-Y-LAS-DIEZ-MONTANAS-1024x574.jpg 1024w, https:\/\/www.romaoggi.eu\/wp-content\/uploads\/2016\/04\/13.-THE-STAR-TEETH-AND-THE-8-MOUNTAINSLOS-DIENTES-DE-LA-ESTRELLA-Y-LAS-DIEZ-MONTANAS-678x381.jpg 678w, https:\/\/www.romaoggi.eu\/wp-content\/uploads\/2016\/04\/13.-THE-STAR-TEETH-AND-THE-8-MOUNTAINSLOS-DIENTES-DE-LA-ESTRELLA-Y-LAS-DIEZ-MONTANAS.jpg 1280w\" sizes=\"auto, (max-width: 402px) 100vw, 402px\" \/><strong>Acqua e Oro i due soggetti di questa mostra?<\/strong><br \/>\n&#8220;<em>L&#8217;acqua \u00e8 stata sempre molto presente nelle mie opere e ho deciso di inserirla come elemento per la mia seconda volta alla biennale, la prima nel 2007 nel padiglione latino americano dove avevo realizzato un video dove ancora l&#8217;acqua era l&#8217;elemento protagonista, questa seconda volta come rappresentante dell&#8217;Ecuador alla Biennale. Era importante posizionare gli artisti dell&#8217;Ecuador in un altra maniera, perch\u00e9 volevo parlare non dei problemi della povert\u00e0 del mio paese ma invece di una fonte di ricchezza ovvero l&#8217;acqua, elemento anche di simbologia, elemento importante per i processi dell&#8217;industria, e ho realizzato per raccontare tutto questo un opera in tre atti, in tre colori: Azzurro, Verde e Nero&#8221;<\/em>.<br \/>\n<strong>Che cosa significa essere la rappresentate dell&#8217;arte moderna dell&#8217;Ecuador in Italia?<\/strong><br \/>\n&#8220;<em>Io oggi vivo a Dubai da due anni e sono molto attratta dalla ricerca visuale che da&#8217; al mio lavoro una astrazione maggiore, un momento di rivelazione, che ho trasformato in questa iconografia geometrica. La mia produzione e creativit\u00e0 sono il frutto del mio stretto rapporto con l&#8217;Europa, ha vissuto quindici anni a Parigi, e anche in Italia a Venezia, le mie opere sono il frutto della mia cultura di origine ma anche di una vita di intense relazioni con la<\/em> <em>cultura internazionale&#8221;<\/em>.<\/p>\n<p style=\"text-align: justify;\">Articolo di Antonietta Di Vizia<\/p>\n<p style=\"text-align: justify;\"><img loading=\"lazy\" decoding=\"async\" class=\"aligncenter wp-image-1856 size-large\" src=\"https:\/\/www.romaoggi.eu\/wp-content\/uploads\/2016\/04\/8.-BLACK-HOLES-DEVOURING-INDUSTRIAL-NETAGUJEROS-NEGROS-DEVORANDO-LA-NET-INDUSTRIAL-1024x574.jpg\" alt=\"Mar\u00eda Ver\u00f3nica Le\u00f3n Veintemilla\" width=\"1024\" height=\"574\" srcset=\"https:\/\/www.romaoggi.eu\/wp-content\/uploads\/2016\/04\/8.-BLACK-HOLES-DEVOURING-INDUSTRIAL-NETAGUJEROS-NEGROS-DEVORANDO-LA-NET-INDUSTRIAL-1024x574.jpg 1024w, https:\/\/www.romaoggi.eu\/wp-content\/uploads\/2016\/04\/8.-BLACK-HOLES-DEVOURING-INDUSTRIAL-NETAGUJEROS-NEGROS-DEVORANDO-LA-NET-INDUSTRIAL-300x168.jpg 300w, https:\/\/www.romaoggi.eu\/wp-content\/uploads\/2016\/04\/8.-BLACK-HOLES-DEVOURING-INDUSTRIAL-NETAGUJEROS-NEGROS-DEVORANDO-LA-NET-INDUSTRIAL-678x381.jpg 678w, https:\/\/www.romaoggi.eu\/wp-content\/uploads\/2016\/04\/8.-BLACK-HOLES-DEVOURING-INDUSTRIAL-NETAGUJEROS-NEGROS-DEVORANDO-LA-NET-INDUSTRIAL.jpg 1280w\" sizes=\"auto, (max-width: 1024px) 100vw, 1024px\" \/><\/p>\n","protected":false},"excerpt":{"rendered":"<div class=\"mh-excerpt\"><p>Mar\u00eda Ver\u00f3nica Le\u00f3n Veintemilla una artista dell&#8217;Ecuador a Roma Fino al 17 aprile 2016 al MACRO &#8211; Museo d\u2019Arte Contemporanea Roma nella MACRO Hall, Via Nizza 138, le opere della talentuosa Mar\u00eda Ver\u00f3nica Le\u00f3n Veintemilla <a class=\"mh-excerpt-more\" href=\"https:\/\/www.romaoggi.eu\/index.php\/2016\/04\/10\/maria-veronica-leon-veintemilla\/\" title=\"Mar\u00eda Ver\u00f3nica Le\u00f3n Veintemilla dalla Biennale al Macro\">[&#8230;]<\/a><\/p>\n<\/div>","protected":false},"author":3,"featured_media":1853,"comment_status":"open","ping_status":"open","sticky":false,"template":"","format":"standard","meta":{"_sitemap_exclude":false,"_sitemap_priority":"","_sitemap_frequency":"","footnotes":""},"categories":[74],"tags":[520,1713,1610,1709,1708,1711,1715,1714,1712,112,1707,1710],"class_list":["post-1852","post","type-post","status-publish","format-standard","has-post-thumbnail","hentry","category-mostre","tag-antonietta-di-vizia","tag-apocalypitic-black-mirror-ii","tag-arte","tag-arte-contemporanea","tag-biennale-di-venezia","tag-claudio-crescentini","tag-david-rosenberg","tag-ecuador","tag-gold-water","tag-macro","tag-maria-veronica-leon-veintemilla","tag-paolo-de-grandis"],"yoast_head":"<!-- This site is optimized with the Yoast SEO plugin v27.5 - https:\/\/yoast.com\/product\/yoast-seo-wordpress\/ -->\n<title>Mar\u00eda Ver\u00f3nica Le\u00f3n Veintemilla dalla Biennale al Macro<\/title>\n<meta name=\"description\" content=\"Fino al 17 aprile 2016 al MACRO - Museo d\u2019Arte Contemporanea Roma, le opere di Mar\u00eda Ver\u00f3nica Le\u00f3n Veintemilla provenienti dalla Biennale di Venezia\" \/>\n<meta name=\"robots\" content=\"index, follow, max-snippet:-1, max-image-preview:large, max-video-preview:-1\" \/>\n<link rel=\"canonical\" href=\"https:\/\/www.romaoggi.eu\/index.php\/2016\/04\/10\/maria-veronica-leon-veintemilla\/\" \/>\n<meta property=\"og:locale\" content=\"it_IT\" \/>\n<meta property=\"og:type\" content=\"article\" \/>\n<meta property=\"og:title\" content=\"Mar\u00eda Ver\u00f3nica Le\u00f3n Veintemilla dalla Biennale al Macro\" \/>\n<meta property=\"og:description\" content=\"Fino al 17 aprile 2016 al MACRO - Museo d\u2019Arte Contemporanea Roma, le opere di Mar\u00eda Ver\u00f3nica Le\u00f3n Veintemilla provenienti dalla Biennale di Venezia\" \/>\n<meta property=\"og:url\" content=\"https:\/\/www.romaoggi.eu\/index.php\/2016\/04\/10\/maria-veronica-leon-veintemilla\/\" \/>\n<meta property=\"og:site_name\" content=\"roma oggi\" \/>\n<meta property=\"article:publisher\" content=\"https:\/\/www.facebook.com\/RomaOggi-841544845954114\" \/>\n<meta property=\"article:published_time\" content=\"2016-04-10T16:06:09+00:00\" \/>\n<meta property=\"og:image\" content=\"https:\/\/www.romaoggi.eu\/wp-content\/uploads\/2016\/04\/20160330_185845.jpg\" \/>\n\t<meta property=\"og:image:width\" content=\"3264\" \/>\n\t<meta property=\"og:image:height\" content=\"1836\" \/>\n\t<meta property=\"og:image:type\" content=\"image\/jpeg\" \/>\n<meta name=\"author\" content=\"Antonietta Di Vizia\" \/>\n<meta name=\"twitter:card\" content=\"summary_large_image\" \/>\n<meta name=\"twitter:creator\" content=\"@romaoggi_eu\" \/>\n<meta name=\"twitter:site\" content=\"@romaoggi_eu\" \/>\n<meta name=\"twitter:label1\" content=\"Scritto da\" \/>\n\t<meta name=\"twitter:data1\" content=\"Antonietta Di Vizia\" \/>\n\t<meta name=\"twitter:label2\" content=\"Tempo di lettura stimato\" \/>\n\t<meta name=\"twitter:data2\" content=\"3 minuti\" \/>\n<script type=\"application\/ld+json\" class=\"yoast-schema-graph\">{\"@context\":\"https:\\\/\\\/schema.org\",\"@graph\":[{\"@type\":\"Article\",\"@id\":\"https:\\\/\\\/www.romaoggi.eu\\\/index.php\\\/2016\\\/04\\\/10\\\/maria-veronica-leon-veintemilla\\\/#article\",\"isPartOf\":{\"@id\":\"https:\\\/\\\/www.romaoggi.eu\\\/index.php\\\/2016\\\/04\\\/10\\\/maria-veronica-leon-veintemilla\\\/\"},\"author\":{\"name\":\"Antonietta Di Vizia\",\"@id\":\"https:\\\/\\\/www.romaoggi.eu\\\/#\\\/schema\\\/person\\\/c8ca1fb64b5506391fff5f822a866c23\"},\"headline\":\"Mar\u00eda Ver\u00f3nica Le\u00f3n Veintemilla dalla Biennale al Macro\",\"datePublished\":\"2016-04-10T16:06:09+00:00\",\"mainEntityOfPage\":{\"@id\":\"https:\\\/\\\/www.romaoggi.eu\\\/index.php\\\/2016\\\/04\\\/10\\\/maria-veronica-leon-veintemilla\\\/\"},\"wordCount\":660,\"commentCount\":0,\"publisher\":{\"@id\":\"https:\\\/\\\/www.romaoggi.eu\\\/#organization\"},\"image\":{\"@id\":\"https:\\\/\\\/www.romaoggi.eu\\\/index.php\\\/2016\\\/04\\\/10\\\/maria-veronica-leon-veintemilla\\\/#primaryimage\"},\"thumbnailUrl\":\"https:\\\/\\\/www.romaoggi.eu\\\/wp-content\\\/uploads\\\/2016\\\/04\\\/20160330_185845.jpg\",\"keywords\":[\"Antonietta Di Vizia\",\"Apocalypitic Black MIrror II\",\"arte\",\"Arte Contemporanea\",\"Biennale di Venezia\",\"Claudio Crescentini\",\"David Rosenberg\",\"Ecuador\",\"Gold water\",\"macro\",\"Mar\u00eda Ver\u00f3nica Le\u00f3n Veintemilla\",\"Paolo De Grandis\"],\"articleSection\":[\"Mostre\"],\"inLanguage\":\"it-IT\",\"potentialAction\":[{\"@type\":\"CommentAction\",\"name\":\"Comment\",\"target\":[\"https:\\\/\\\/www.romaoggi.eu\\\/index.php\\\/2016\\\/04\\\/10\\\/maria-veronica-leon-veintemilla\\\/#respond\"]}]},{\"@type\":\"WebPage\",\"@id\":\"https:\\\/\\\/www.romaoggi.eu\\\/index.php\\\/2016\\\/04\\\/10\\\/maria-veronica-leon-veintemilla\\\/\",\"url\":\"https:\\\/\\\/www.romaoggi.eu\\\/index.php\\\/2016\\\/04\\\/10\\\/maria-veronica-leon-veintemilla\\\/\",\"name\":\"Mar\u00eda Ver\u00f3nica Le\u00f3n Veintemilla dalla Biennale al Macro\",\"isPartOf\":{\"@id\":\"https:\\\/\\\/www.romaoggi.eu\\\/#website\"},\"primaryImageOfPage\":{\"@id\":\"https:\\\/\\\/www.romaoggi.eu\\\/index.php\\\/2016\\\/04\\\/10\\\/maria-veronica-leon-veintemilla\\\/#primaryimage\"},\"image\":{\"@id\":\"https:\\\/\\\/www.romaoggi.eu\\\/index.php\\\/2016\\\/04\\\/10\\\/maria-veronica-leon-veintemilla\\\/#primaryimage\"},\"thumbnailUrl\":\"https:\\\/\\\/www.romaoggi.eu\\\/wp-content\\\/uploads\\\/2016\\\/04\\\/20160330_185845.jpg\",\"datePublished\":\"2016-04-10T16:06:09+00:00\",\"description\":\"Fino al 17 aprile 2016 al MACRO - Museo d\u2019Arte Contemporanea Roma, le opere di Mar\u00eda Ver\u00f3nica Le\u00f3n Veintemilla provenienti dalla Biennale di Venezia\",\"breadcrumb\":{\"@id\":\"https:\\\/\\\/www.romaoggi.eu\\\/index.php\\\/2016\\\/04\\\/10\\\/maria-veronica-leon-veintemilla\\\/#breadcrumb\"},\"inLanguage\":\"it-IT\",\"potentialAction\":[{\"@type\":\"ReadAction\",\"target\":[\"https:\\\/\\\/www.romaoggi.eu\\\/index.php\\\/2016\\\/04\\\/10\\\/maria-veronica-leon-veintemilla\\\/\"]}]},{\"@type\":\"ImageObject\",\"inLanguage\":\"it-IT\",\"@id\":\"https:\\\/\\\/www.romaoggi.eu\\\/index.php\\\/2016\\\/04\\\/10\\\/maria-veronica-leon-veintemilla\\\/#primaryimage\",\"url\":\"https:\\\/\\\/www.romaoggi.eu\\\/wp-content\\\/uploads\\\/2016\\\/04\\\/20160330_185845.jpg\",\"contentUrl\":\"https:\\\/\\\/www.romaoggi.eu\\\/wp-content\\\/uploads\\\/2016\\\/04\\\/20160330_185845.jpg\",\"width\":3264,\"height\":1836},{\"@type\":\"BreadcrumbList\",\"@id\":\"https:\\\/\\\/www.romaoggi.eu\\\/index.php\\\/2016\\\/04\\\/10\\\/maria-veronica-leon-veintemilla\\\/#breadcrumb\",\"itemListElement\":[{\"@type\":\"ListItem\",\"position\":1,\"name\":\"Home\",\"item\":\"https:\\\/\\\/www.romaoggi.eu\\\/\"},{\"@type\":\"ListItem\",\"position\":2,\"name\":\"Mar\u00eda Ver\u00f3nica Le\u00f3n Veintemilla dalla Biennale al Macro\"}]},{\"@type\":\"WebSite\",\"@id\":\"https:\\\/\\\/www.romaoggi.eu\\\/#website\",\"url\":\"https:\\\/\\\/www.romaoggi.eu\\\/\",\"name\":\"roma oggi\",\"description\":\"Interesting News for Interesting people\",\"publisher\":{\"@id\":\"https:\\\/\\\/www.romaoggi.eu\\\/#organization\"},\"potentialAction\":[{\"@type\":\"SearchAction\",\"target\":{\"@type\":\"EntryPoint\",\"urlTemplate\":\"https:\\\/\\\/www.romaoggi.eu\\\/?s={search_term_string}\"},\"query-input\":{\"@type\":\"PropertyValueSpecification\",\"valueRequired\":true,\"valueName\":\"search_term_string\"}}],\"inLanguage\":\"it-IT\"},{\"@type\":\"Organization\",\"@id\":\"https:\\\/\\\/www.romaoggi.eu\\\/#organization\",\"name\":\"RomaOggi\",\"url\":\"https:\\\/\\\/www.romaoggi.eu\\\/\",\"logo\":{\"@type\":\"ImageObject\",\"inLanguage\":\"it-IT\",\"@id\":\"https:\\\/\\\/www.romaoggi.eu\\\/#\\\/schema\\\/logo\\\/image\\\/\",\"url\":\"https:\\\/\\\/www.romaoggi.eu\\\/wp-content\\\/uploads\\\/2017\\\/04\\\/logowp.jpg\",\"contentUrl\":\"https:\\\/\\\/www.romaoggi.eu\\\/wp-content\\\/uploads\\\/2017\\\/04\\\/logowp.jpg\",\"width\":300,\"height\":133,\"caption\":\"RomaOggi\"},\"image\":{\"@id\":\"https:\\\/\\\/www.romaoggi.eu\\\/#\\\/schema\\\/logo\\\/image\\\/\"},\"sameAs\":[\"https:\\\/\\\/www.facebook.com\\\/RomaOggi-841544845954114\",\"https:\\\/\\\/x.com\\\/romaoggi_eu\"]},{\"@type\":\"Person\",\"@id\":\"https:\\\/\\\/www.romaoggi.eu\\\/#\\\/schema\\\/person\\\/c8ca1fb64b5506391fff5f822a866c23\",\"name\":\"Antonietta Di Vizia\",\"image\":{\"@type\":\"ImageObject\",\"inLanguage\":\"it-IT\",\"@id\":\"https:\\\/\\\/secure.gravatar.com\\\/avatar\\\/2ad571aa3fbfe3089b06ed5617adf58717b9359c0c97cf9b52804fb2dac293f2?s=96&d=mm&r=g\",\"url\":\"https:\\\/\\\/secure.gravatar.com\\\/avatar\\\/2ad571aa3fbfe3089b06ed5617adf58717b9359c0c97cf9b52804fb2dac293f2?s=96&d=mm&r=g\",\"contentUrl\":\"https:\\\/\\\/secure.gravatar.com\\\/avatar\\\/2ad571aa3fbfe3089b06ed5617adf58717b9359c0c97cf9b52804fb2dac293f2?s=96&d=mm&r=g\",\"caption\":\"Antonietta Di Vizia\"},\"url\":\"https:\\\/\\\/www.romaoggi.eu\\\/index.php\\\/author\\\/antonietta\\\/\"}]}<\/script>\n<!-- \/ Yoast SEO plugin. -->","yoast_head_json":{"title":"Mar\u00eda Ver\u00f3nica Le\u00f3n Veintemilla dalla Biennale al Macro","description":"Fino al 17 aprile 2016 al MACRO - Museo d\u2019Arte Contemporanea Roma, le opere di Mar\u00eda Ver\u00f3nica Le\u00f3n Veintemilla provenienti dalla Biennale di Venezia","robots":{"index":"index","follow":"follow","max-snippet":"max-snippet:-1","max-image-preview":"max-image-preview:large","max-video-preview":"max-video-preview:-1"},"canonical":"https:\/\/www.romaoggi.eu\/index.php\/2016\/04\/10\/maria-veronica-leon-veintemilla\/","og_locale":"it_IT","og_type":"article","og_title":"Mar\u00eda Ver\u00f3nica Le\u00f3n Veintemilla dalla Biennale al Macro","og_description":"Fino al 17 aprile 2016 al MACRO - Museo d\u2019Arte Contemporanea Roma, le opere di Mar\u00eda Ver\u00f3nica Le\u00f3n Veintemilla provenienti dalla Biennale di Venezia","og_url":"https:\/\/www.romaoggi.eu\/index.php\/2016\/04\/10\/maria-veronica-leon-veintemilla\/","og_site_name":"roma oggi","article_publisher":"https:\/\/www.facebook.com\/RomaOggi-841544845954114","article_published_time":"2016-04-10T16:06:09+00:00","og_image":[{"width":3264,"height":1836,"url":"https:\/\/www.romaoggi.eu\/wp-content\/uploads\/2016\/04\/20160330_185845.jpg","type":"image\/jpeg"}],"author":"Antonietta Di Vizia","twitter_card":"summary_large_image","twitter_creator":"@romaoggi_eu","twitter_site":"@romaoggi_eu","twitter_misc":{"Scritto da":"Antonietta Di Vizia","Tempo di lettura stimato":"3 minuti"},"schema":{"@context":"https:\/\/schema.org","@graph":[{"@type":"Article","@id":"https:\/\/www.romaoggi.eu\/index.php\/2016\/04\/10\/maria-veronica-leon-veintemilla\/#article","isPartOf":{"@id":"https:\/\/www.romaoggi.eu\/index.php\/2016\/04\/10\/maria-veronica-leon-veintemilla\/"},"author":{"name":"Antonietta Di Vizia","@id":"https:\/\/www.romaoggi.eu\/#\/schema\/person\/c8ca1fb64b5506391fff5f822a866c23"},"headline":"Mar\u00eda Ver\u00f3nica Le\u00f3n Veintemilla dalla Biennale al Macro","datePublished":"2016-04-10T16:06:09+00:00","mainEntityOfPage":{"@id":"https:\/\/www.romaoggi.eu\/index.php\/2016\/04\/10\/maria-veronica-leon-veintemilla\/"},"wordCount":660,"commentCount":0,"publisher":{"@id":"https:\/\/www.romaoggi.eu\/#organization"},"image":{"@id":"https:\/\/www.romaoggi.eu\/index.php\/2016\/04\/10\/maria-veronica-leon-veintemilla\/#primaryimage"},"thumbnailUrl":"https:\/\/www.romaoggi.eu\/wp-content\/uploads\/2016\/04\/20160330_185845.jpg","keywords":["Antonietta Di Vizia","Apocalypitic Black MIrror II","arte","Arte Contemporanea","Biennale di Venezia","Claudio Crescentini","David Rosenberg","Ecuador","Gold water","macro","Mar\u00eda Ver\u00f3nica Le\u00f3n Veintemilla","Paolo De Grandis"],"articleSection":["Mostre"],"inLanguage":"it-IT","potentialAction":[{"@type":"CommentAction","name":"Comment","target":["https:\/\/www.romaoggi.eu\/index.php\/2016\/04\/10\/maria-veronica-leon-veintemilla\/#respond"]}]},{"@type":"WebPage","@id":"https:\/\/www.romaoggi.eu\/index.php\/2016\/04\/10\/maria-veronica-leon-veintemilla\/","url":"https:\/\/www.romaoggi.eu\/index.php\/2016\/04\/10\/maria-veronica-leon-veintemilla\/","name":"Mar\u00eda Ver\u00f3nica Le\u00f3n Veintemilla dalla Biennale al Macro","isPartOf":{"@id":"https:\/\/www.romaoggi.eu\/#website"},"primaryImageOfPage":{"@id":"https:\/\/www.romaoggi.eu\/index.php\/2016\/04\/10\/maria-veronica-leon-veintemilla\/#primaryimage"},"image":{"@id":"https:\/\/www.romaoggi.eu\/index.php\/2016\/04\/10\/maria-veronica-leon-veintemilla\/#primaryimage"},"thumbnailUrl":"https:\/\/www.romaoggi.eu\/wp-content\/uploads\/2016\/04\/20160330_185845.jpg","datePublished":"2016-04-10T16:06:09+00:00","description":"Fino al 17 aprile 2016 al MACRO - Museo d\u2019Arte Contemporanea Roma, le opere di Mar\u00eda Ver\u00f3nica Le\u00f3n Veintemilla provenienti dalla Biennale di Venezia","breadcrumb":{"@id":"https:\/\/www.romaoggi.eu\/index.php\/2016\/04\/10\/maria-veronica-leon-veintemilla\/#breadcrumb"},"inLanguage":"it-IT","potentialAction":[{"@type":"ReadAction","target":["https:\/\/www.romaoggi.eu\/index.php\/2016\/04\/10\/maria-veronica-leon-veintemilla\/"]}]},{"@type":"ImageObject","inLanguage":"it-IT","@id":"https:\/\/www.romaoggi.eu\/index.php\/2016\/04\/10\/maria-veronica-leon-veintemilla\/#primaryimage","url":"https:\/\/www.romaoggi.eu\/wp-content\/uploads\/2016\/04\/20160330_185845.jpg","contentUrl":"https:\/\/www.romaoggi.eu\/wp-content\/uploads\/2016\/04\/20160330_185845.jpg","width":3264,"height":1836},{"@type":"BreadcrumbList","@id":"https:\/\/www.romaoggi.eu\/index.php\/2016\/04\/10\/maria-veronica-leon-veintemilla\/#breadcrumb","itemListElement":[{"@type":"ListItem","position":1,"name":"Home","item":"https:\/\/www.romaoggi.eu\/"},{"@type":"ListItem","position":2,"name":"Mar\u00eda Ver\u00f3nica Le\u00f3n Veintemilla dalla Biennale al Macro"}]},{"@type":"WebSite","@id":"https:\/\/www.romaoggi.eu\/#website","url":"https:\/\/www.romaoggi.eu\/","name":"roma oggi","description":"Interesting News for Interesting people","publisher":{"@id":"https:\/\/www.romaoggi.eu\/#organization"},"potentialAction":[{"@type":"SearchAction","target":{"@type":"EntryPoint","urlTemplate":"https:\/\/www.romaoggi.eu\/?s={search_term_string}"},"query-input":{"@type":"PropertyValueSpecification","valueRequired":true,"valueName":"search_term_string"}}],"inLanguage":"it-IT"},{"@type":"Organization","@id":"https:\/\/www.romaoggi.eu\/#organization","name":"RomaOggi","url":"https:\/\/www.romaoggi.eu\/","logo":{"@type":"ImageObject","inLanguage":"it-IT","@id":"https:\/\/www.romaoggi.eu\/#\/schema\/logo\/image\/","url":"https:\/\/www.romaoggi.eu\/wp-content\/uploads\/2017\/04\/logowp.jpg","contentUrl":"https:\/\/www.romaoggi.eu\/wp-content\/uploads\/2017\/04\/logowp.jpg","width":300,"height":133,"caption":"RomaOggi"},"image":{"@id":"https:\/\/www.romaoggi.eu\/#\/schema\/logo\/image\/"},"sameAs":["https:\/\/www.facebook.com\/RomaOggi-841544845954114","https:\/\/x.com\/romaoggi_eu"]},{"@type":"Person","@id":"https:\/\/www.romaoggi.eu\/#\/schema\/person\/c8ca1fb64b5506391fff5f822a866c23","name":"Antonietta Di Vizia","image":{"@type":"ImageObject","inLanguage":"it-IT","@id":"https:\/\/secure.gravatar.com\/avatar\/2ad571aa3fbfe3089b06ed5617adf58717b9359c0c97cf9b52804fb2dac293f2?s=96&d=mm&r=g","url":"https:\/\/secure.gravatar.com\/avatar\/2ad571aa3fbfe3089b06ed5617adf58717b9359c0c97cf9b52804fb2dac293f2?s=96&d=mm&r=g","contentUrl":"https:\/\/secure.gravatar.com\/avatar\/2ad571aa3fbfe3089b06ed5617adf58717b9359c0c97cf9b52804fb2dac293f2?s=96&d=mm&r=g","caption":"Antonietta Di Vizia"},"url":"https:\/\/www.romaoggi.eu\/index.php\/author\/antonietta\/"}]}},"_links":{"self":[{"href":"https:\/\/www.romaoggi.eu\/index.php\/wp-json\/wp\/v2\/posts\/1852","targetHints":{"allow":["GET"]}}],"collection":[{"href":"https:\/\/www.romaoggi.eu\/index.php\/wp-json\/wp\/v2\/posts"}],"about":[{"href":"https:\/\/www.romaoggi.eu\/index.php\/wp-json\/wp\/v2\/types\/post"}],"author":[{"embeddable":true,"href":"https:\/\/www.romaoggi.eu\/index.php\/wp-json\/wp\/v2\/users\/3"}],"replies":[{"embeddable":true,"href":"https:\/\/www.romaoggi.eu\/index.php\/wp-json\/wp\/v2\/comments?post=1852"}],"version-history":[{"count":2,"href":"https:\/\/www.romaoggi.eu\/index.php\/wp-json\/wp\/v2\/posts\/1852\/revisions"}],"predecessor-version":[{"id":1858,"href":"https:\/\/www.romaoggi.eu\/index.php\/wp-json\/wp\/v2\/posts\/1852\/revisions\/1858"}],"wp:featuredmedia":[{"embeddable":true,"href":"https:\/\/www.romaoggi.eu\/index.php\/wp-json\/wp\/v2\/media\/1853"}],"wp:attachment":[{"href":"https:\/\/www.romaoggi.eu\/index.php\/wp-json\/wp\/v2\/media?parent=1852"}],"wp:term":[{"taxonomy":"category","embeddable":true,"href":"https:\/\/www.romaoggi.eu\/index.php\/wp-json\/wp\/v2\/categories?post=1852"},{"taxonomy":"post_tag","embeddable":true,"href":"https:\/\/www.romaoggi.eu\/index.php\/wp-json\/wp\/v2\/tags?post=1852"}],"curies":[{"name":"wp","href":"https:\/\/api.w.org\/{rel}","templated":true}]}}