{"id":18585,"date":"2018-09-02T11:04:08","date_gmt":"2018-09-02T09:04:08","guid":{"rendered":"http:\/\/www.romaoggi.eu\/?p=18585"},"modified":"2018-09-02T11:04:08","modified_gmt":"2018-09-02T09:04:08","slug":"roma-luci-e-ombre-tra-antico-e-moderno","status":"publish","type":"post","link":"https:\/\/www.romaoggi.eu\/index.php\/2018\/09\/02\/roma-luci-e-ombre-tra-antico-e-moderno\/","title":{"rendered":"Roma: luci e ombre tra antico e moderno"},"content":{"rendered":"<div><\/div>\n<div>\n<p align=\"JUSTIFY\"><strong><span style=\"color: #000000;\"><span style=\"font-family: Helvetica Neue;\"><span style=\"font-size: medium;\">&#8220;La foto del giorno&#8221; di domenica 2 settembre 2018 \u00e8 stata inviata dalla nostra lettrice Fabiana Cambiaso con un bel primo piano delle rovine del Circo Massimo sovrastate dal palazzo della FAO.<\/span><\/span><\/span><\/strong><\/p>\n<p align=\"JUSTIFY\"><span class=\"yiv4563038613\">Italo Calvino diceva \u201cLa\u00a0<a href=\"https:\/\/www.frasicelebri.it\/argomento\/citt%C3%A0\/\" target=\"_blank\" rel=\"nofollow noopener\">citt\u00e0<\/a>\u00a0non dice il suo\u00a0<a href=\"https:\/\/www.frasicelebri.it\/argomento\/passato\/\" target=\"_blank\" rel=\"nofollow noopener\">passato<\/a>, lo contiene come le linee d\u2019una\u00a0<a href=\"https:\/\/www.frasicelebri.it\/argomento\/mani\/\" target=\"_blank\" rel=\"nofollow noopener\">mano<\/a>,\u00a0<a href=\"https:\/\/www.frasicelebri.it\/argomento\/scrivere\/\" target=\"_blank\" rel=\"nofollow noopener\">scritto<\/a>\u00a0negli spigoli delle vie, nelle griglie delle finestre, negli scorrimano delle\u00a0<a href=\"https:\/\/www.frasicelebri.it\/argomento\/casa\/\" target=\"_blank\" rel=\"nofollow noopener\">scale<\/a>, nelle antenne dei parafulmini, nelle aste delle bandiere, ogni segmento rigato a sua volta di graffi, seghettature, intagli, svirgole.\u201d\u00a0<\/span>Ogni citt\u00e0 parla sempre del nostro oggi, del nostro presente.\u00a0Per questo intrinseco senso della continuit\u00e0 in base al quale tutto ci\u00f2 che \u00e8 stato realizzato nel passato si possa proiettare nel futuro, la citt\u00e0 rappresenta la possibilit\u00e0 di raccontare molte epoche, farsi essa stessa\u00a0sito espositivo, spazio in cui si innesta antico, moderno e contemporaneo creando connubi e dialoghi con le rovine e luoghi sorti da millenni, ogni giorno attraversati da turisti e flussi urbani.<\/p>\n<\/div>\n<div>La semplice visione di pochi frammenti urbani consente di capire le stratificazioni e il passaggio della storia. In poche parole, consente di leggere quella che noi chiamiamo\u00a0<em>memoria<\/em>, ma anche\u00a0inevitabile confronto col passato,\u00a0fra le vestigia di un mondo che non c\u2019\u00e8 pi\u00f9 e le riflessioni, contraddittorie, di un mondo attuale che c\u2019\u00e8 ma fatica ad affermare una propria identit\u00e0 storica.<\/div>\n<div><\/div>\n<div>Fabiana Cambiaso<\/div>\n<div><\/div>\n<div>\n<figure id=\"attachment_18586\" aria-describedby=\"caption-attachment-18586\" style=\"width: 818px\" class=\"wp-caption alignnone\"><img loading=\"lazy\" decoding=\"async\" class=\" wp-image-18586\" src=\"https:\/\/www.romaoggi.eu\/wp-content\/uploads\/2018\/09\/Photo038\u00a92018-IMG_5216-Fabiana-Cambiaso-domenica-2-settembre-2018-low-marchio-300x228.jpg\" alt=\"alt tag Roma Circo Massimo\" width=\"818\" height=\"622\" srcset=\"https:\/\/www.romaoggi.eu\/wp-content\/uploads\/2018\/09\/Photo038\u00a92018-IMG_5216-Fabiana-Cambiaso-domenica-2-settembre-2018-low-marchio-300x228.jpg 300w, https:\/\/www.romaoggi.eu\/wp-content\/uploads\/2018\/09\/Photo038\u00a92018-IMG_5216-Fabiana-Cambiaso-domenica-2-settembre-2018-low-marchio-80x60.jpg 80w, https:\/\/www.romaoggi.eu\/wp-content\/uploads\/2018\/09\/Photo038\u00a92018-IMG_5216-Fabiana-Cambiaso-domenica-2-settembre-2018-low-marchio.jpg 850w\" sizes=\"auto, (max-width: 818px) 100vw, 818px\" \/><figcaption id=\"caption-attachment-18586\" class=\"wp-caption-text\">Circo Massimo \u00a92018 Fabiana Cambiaso<\/figcaption><\/figure>\n<\/div>\n<div><\/div>\n<div><span style=\"color: #000000;\">\u201c<span style=\"font-family: Helvetica Neue;\"><span style=\"font-size: medium;\">La foto del giorno\u201d \u00e8 la rubrica dei lettori di\u00a0<\/span><\/span><\/span><a href=\"https:\/\/www.romaoggi.eu\/\"><span style=\"color: #dd3137;\"><span style=\"font-family: Helvetica Neue;\"><span style=\"font-size: medium;\"><b>www.Romaoggi.eu<\/b><\/span><\/span><\/span><\/a><span style=\"color: #000000;\"><span style=\"font-family: Helvetica Neue;\"><span style=\"font-size: medium;\">\u00a0a cura del fotoreporter\u00a0 Alessandro Lisci. Invia la tua foto del giorno ad alessandrolisci@yahoo.it con un titolo ed un breve testo. Infoline 3316379346<\/span><\/span><\/span><\/div>\n","protected":false},"excerpt":{"rendered":"<div class=\"mh-excerpt\"><p>&#8220;La foto del giorno&#8221; di domenica 2 settembre 2018 \u00e8 stata inviata dalla nostra lettrice Fabiana Cambiaso con un bel primo piano delle rovine del Circo Massimo sovrastate dal palazzo della FAO. Italo Calvino diceva <a class=\"mh-excerpt-more\" href=\"https:\/\/www.romaoggi.eu\/index.php\/2018\/09\/02\/roma-luci-e-ombre-tra-antico-e-moderno\/\" title=\"Roma: luci e ombre tra antico e moderno\">[&#8230;]<\/a><\/p>\n<\/div>","protected":false},"author":10,"featured_media":18586,"comment_status":"closed","ping_status":"open","sticky":false,"template":"","format":"standard","meta":{"_sitemap_exclude":false,"_sitemap_priority":"","_sitemap_frequency":"","footnotes":""},"categories":[8934],"tags":[4137,534,11465,10742,536,11463,274,109,1738,11464],"class_list":["post-18585","post","type-post","status-publish","format-standard","has-post-thumbnail","hentry","category-lafotodelgiorno","tag-alessandro-lisci","tag-archeologia","tag-area-archeologica","tag-bianco-e-nero","tag-circo-massimo","tag-fabiana-cambiaso","tag-fotografia","tag-roma","tag-romaoggi-eu","tag-rovine"],"yoast_head":"<!-- This site is optimized with the Yoast SEO plugin v27.4 - https:\/\/yoast.com\/product\/yoast-seo-wordpress\/ -->\n<title>Roma: luci e ombre tra antico e moderno<\/title>\n<meta name=\"description\" content=\"Italo Calvino diceva \u201cLa\u00a0citt\u00e0\u00a0non dice il suo\u00a0passato, lo contiene come le linee d\u2019una\u00a0mano,\" \/>\n<meta name=\"robots\" content=\"index, follow, max-snippet:-1, max-image-preview:large, max-video-preview:-1\" \/>\n<link rel=\"canonical\" href=\"https:\/\/www.romaoggi.eu\/index.php\/2018\/09\/02\/roma-luci-e-ombre-tra-antico-e-moderno\/\" \/>\n<meta property=\"og:locale\" content=\"it_IT\" \/>\n<meta property=\"og:type\" content=\"article\" \/>\n<meta property=\"og:title\" content=\"Roma: luci e ombre tra antico e moderno\" \/>\n<meta property=\"og:description\" content=\"Italo Calvino diceva \u201cLa\u00a0citt\u00e0\u00a0non dice il suo\u00a0passato, lo contiene come le linee d\u2019una\u00a0mano,\" \/>\n<meta property=\"og:url\" content=\"https:\/\/www.romaoggi.eu\/index.php\/2018\/09\/02\/roma-luci-e-ombre-tra-antico-e-moderno\/\" \/>\n<meta property=\"og:site_name\" content=\"roma oggi\" \/>\n<meta property=\"article:publisher\" content=\"https:\/\/www.facebook.com\/RomaOggi-841544845954114\" \/>\n<meta property=\"article:author\" content=\"https:\/\/www.facebook.com\/alessandro.lisci.5\" \/>\n<meta property=\"article:published_time\" content=\"2018-09-02T09:04:08+00:00\" \/>\n<meta property=\"og:image\" content=\"https:\/\/www.romaoggi.eu\/wp-content\/uploads\/2018\/09\/Photo038\u00a92018-IMG_5216-Fabiana-Cambiaso-domenica-2-settembre-2018-low-marchio.jpg\" \/>\n\t<meta property=\"og:image:width\" content=\"850\" \/>\n\t<meta property=\"og:image:height\" content=\"647\" \/>\n\t<meta property=\"og:image:type\" content=\"image\/jpeg\" \/>\n<meta name=\"author\" content=\"Alessandro Lisci\" \/>\n<meta name=\"twitter:card\" content=\"summary_large_image\" \/>\n<meta name=\"twitter:creator\" content=\"@https:\/\/twitter.com\/alessandrolisci\" \/>\n<meta name=\"twitter:site\" content=\"@romaoggi_eu\" \/>\n<meta name=\"twitter:label1\" content=\"Scritto da\" \/>\n\t<meta name=\"twitter:data1\" content=\"Alessandro Lisci\" \/>\n\t<meta name=\"twitter:label2\" content=\"Tempo di lettura stimato\" \/>\n\t<meta name=\"twitter:data2\" content=\"1 minuto\" \/>\n<script type=\"application\/ld+json\" class=\"yoast-schema-graph\">{\"@context\":\"https:\\\/\\\/schema.org\",\"@graph\":[{\"@type\":\"Article\",\"@id\":\"https:\\\/\\\/www.romaoggi.eu\\\/index.php\\\/2018\\\/09\\\/02\\\/roma-luci-e-ombre-tra-antico-e-moderno\\\/#article\",\"isPartOf\":{\"@id\":\"https:\\\/\\\/www.romaoggi.eu\\\/index.php\\\/2018\\\/09\\\/02\\\/roma-luci-e-ombre-tra-antico-e-moderno\\\/\"},\"author\":{\"name\":\"Alessandro Lisci\",\"@id\":\"https:\\\/\\\/www.romaoggi.eu\\\/#\\\/schema\\\/person\\\/30ada62b3bd510c45a781b7e3bf65e69\"},\"headline\":\"Roma: luci e ombre tra antico e moderno\",\"datePublished\":\"2018-09-02T09:04:08+00:00\",\"mainEntityOfPage\":{\"@id\":\"https:\\\/\\\/www.romaoggi.eu\\\/index.php\\\/2018\\\/09\\\/02\\\/roma-luci-e-ombre-tra-antico-e-moderno\\\/\"},\"wordCount\":273,\"publisher\":{\"@id\":\"https:\\\/\\\/www.romaoggi.eu\\\/#organization\"},\"image\":{\"@id\":\"https:\\\/\\\/www.romaoggi.eu\\\/index.php\\\/2018\\\/09\\\/02\\\/roma-luci-e-ombre-tra-antico-e-moderno\\\/#primaryimage\"},\"thumbnailUrl\":\"https:\\\/\\\/www.romaoggi.eu\\\/wp-content\\\/uploads\\\/2018\\\/09\\\/Photo038\u00a92018-IMG_5216-Fabiana-Cambiaso-domenica-2-settembre-2018-low-marchio.jpg\",\"keywords\":[\"alessandro lisci\",\"Archeologia\",\"area archeologica\",\"bianco e nero\",\"Circo Massimo\",\"fabiana cambiaso\",\"fotografia\",\"roma\",\"RomaOggi.eu\",\"rovine\"],\"articleSection\":[\"La foto del giorno\"],\"inLanguage\":\"it-IT\"},{\"@type\":\"WebPage\",\"@id\":\"https:\\\/\\\/www.romaoggi.eu\\\/index.php\\\/2018\\\/09\\\/02\\\/roma-luci-e-ombre-tra-antico-e-moderno\\\/\",\"url\":\"https:\\\/\\\/www.romaoggi.eu\\\/index.php\\\/2018\\\/09\\\/02\\\/roma-luci-e-ombre-tra-antico-e-moderno\\\/\",\"name\":\"Roma: luci e ombre tra antico e moderno\",\"isPartOf\":{\"@id\":\"https:\\\/\\\/www.romaoggi.eu\\\/#website\"},\"primaryImageOfPage\":{\"@id\":\"https:\\\/\\\/www.romaoggi.eu\\\/index.php\\\/2018\\\/09\\\/02\\\/roma-luci-e-ombre-tra-antico-e-moderno\\\/#primaryimage\"},\"image\":{\"@id\":\"https:\\\/\\\/www.romaoggi.eu\\\/index.php\\\/2018\\\/09\\\/02\\\/roma-luci-e-ombre-tra-antico-e-moderno\\\/#primaryimage\"},\"thumbnailUrl\":\"https:\\\/\\\/www.romaoggi.eu\\\/wp-content\\\/uploads\\\/2018\\\/09\\\/Photo038\u00a92018-IMG_5216-Fabiana-Cambiaso-domenica-2-settembre-2018-low-marchio.jpg\",\"datePublished\":\"2018-09-02T09:04:08+00:00\",\"description\":\"Italo Calvino diceva \u201cLa\u00a0citt\u00e0\u00a0non dice il suo\u00a0passato, lo contiene come le linee d\u2019una\u00a0mano,\",\"breadcrumb\":{\"@id\":\"https:\\\/\\\/www.romaoggi.eu\\\/index.php\\\/2018\\\/09\\\/02\\\/roma-luci-e-ombre-tra-antico-e-moderno\\\/#breadcrumb\"},\"inLanguage\":\"it-IT\",\"potentialAction\":[{\"@type\":\"ReadAction\",\"target\":[\"https:\\\/\\\/www.romaoggi.eu\\\/index.php\\\/2018\\\/09\\\/02\\\/roma-luci-e-ombre-tra-antico-e-moderno\\\/\"]}]},{\"@type\":\"ImageObject\",\"inLanguage\":\"it-IT\",\"@id\":\"https:\\\/\\\/www.romaoggi.eu\\\/index.php\\\/2018\\\/09\\\/02\\\/roma-luci-e-ombre-tra-antico-e-moderno\\\/#primaryimage\",\"url\":\"https:\\\/\\\/www.romaoggi.eu\\\/wp-content\\\/uploads\\\/2018\\\/09\\\/Photo038\u00a92018-IMG_5216-Fabiana-Cambiaso-domenica-2-settembre-2018-low-marchio.jpg\",\"contentUrl\":\"https:\\\/\\\/www.romaoggi.eu\\\/wp-content\\\/uploads\\\/2018\\\/09\\\/Photo038\u00a92018-IMG_5216-Fabiana-Cambiaso-domenica-2-settembre-2018-low-marchio.jpg\",\"width\":850,\"height\":647,\"caption\":\"Circo Massimo \u00a92018 Fabiana Cambiaso\"},{\"@type\":\"BreadcrumbList\",\"@id\":\"https:\\\/\\\/www.romaoggi.eu\\\/index.php\\\/2018\\\/09\\\/02\\\/roma-luci-e-ombre-tra-antico-e-moderno\\\/#breadcrumb\",\"itemListElement\":[{\"@type\":\"ListItem\",\"position\":1,\"name\":\"Home\",\"item\":\"https:\\\/\\\/www.romaoggi.eu\\\/\"},{\"@type\":\"ListItem\",\"position\":2,\"name\":\"Roma: luci e ombre tra antico e moderno\"}]},{\"@type\":\"WebSite\",\"@id\":\"https:\\\/\\\/www.romaoggi.eu\\\/#website\",\"url\":\"https:\\\/\\\/www.romaoggi.eu\\\/\",\"name\":\"roma oggi\",\"description\":\"Interesting News for Interesting people\",\"publisher\":{\"@id\":\"https:\\\/\\\/www.romaoggi.eu\\\/#organization\"},\"potentialAction\":[{\"@type\":\"SearchAction\",\"target\":{\"@type\":\"EntryPoint\",\"urlTemplate\":\"https:\\\/\\\/www.romaoggi.eu\\\/?s={search_term_string}\"},\"query-input\":{\"@type\":\"PropertyValueSpecification\",\"valueRequired\":true,\"valueName\":\"search_term_string\"}}],\"inLanguage\":\"it-IT\"},{\"@type\":\"Organization\",\"@id\":\"https:\\\/\\\/www.romaoggi.eu\\\/#organization\",\"name\":\"RomaOggi\",\"url\":\"https:\\\/\\\/www.romaoggi.eu\\\/\",\"logo\":{\"@type\":\"ImageObject\",\"inLanguage\":\"it-IT\",\"@id\":\"https:\\\/\\\/www.romaoggi.eu\\\/#\\\/schema\\\/logo\\\/image\\\/\",\"url\":\"https:\\\/\\\/www.romaoggi.eu\\\/wp-content\\\/uploads\\\/2017\\\/04\\\/logowp.jpg\",\"contentUrl\":\"https:\\\/\\\/www.romaoggi.eu\\\/wp-content\\\/uploads\\\/2017\\\/04\\\/logowp.jpg\",\"width\":300,\"height\":133,\"caption\":\"RomaOggi\"},\"image\":{\"@id\":\"https:\\\/\\\/www.romaoggi.eu\\\/#\\\/schema\\\/logo\\\/image\\\/\"},\"sameAs\":[\"https:\\\/\\\/www.facebook.com\\\/RomaOggi-841544845954114\",\"https:\\\/\\\/x.com\\\/romaoggi_eu\"]},{\"@type\":\"Person\",\"@id\":\"https:\\\/\\\/www.romaoggi.eu\\\/#\\\/schema\\\/person\\\/30ada62b3bd510c45a781b7e3bf65e69\",\"name\":\"Alessandro Lisci\",\"image\":{\"@type\":\"ImageObject\",\"inLanguage\":\"it-IT\",\"@id\":\"https:\\\/\\\/secure.gravatar.com\\\/avatar\\\/9b9712162b2ac404aa0d7d978185f203808e7bd02856a449b19868b2eb80cf12?s=96&d=mm&r=g\",\"url\":\"https:\\\/\\\/secure.gravatar.com\\\/avatar\\\/9b9712162b2ac404aa0d7d978185f203808e7bd02856a449b19868b2eb80cf12?s=96&d=mm&r=g\",\"contentUrl\":\"https:\\\/\\\/secure.gravatar.com\\\/avatar\\\/9b9712162b2ac404aa0d7d978185f203808e7bd02856a449b19868b2eb80cf12?s=96&d=mm&r=g\",\"caption\":\"Alessandro Lisci\"},\"sameAs\":[\"http:\\\/\\\/www.alessandrolisci.com\",\"https:\\\/\\\/www.facebook.com\\\/alessandro.lisci.5\",\"https:\\\/\\\/x.com\\\/https:\\\/\\\/twitter.com\\\/alessandrolisci\",\"https:\\\/\\\/www.youtube.com\\\/user\\\/alessandrolisci\"],\"url\":\"https:\\\/\\\/www.romaoggi.eu\\\/index.php\\\/author\\\/alessandro\\\/\"}]}<\/script>\n<!-- \/ Yoast SEO plugin. -->","yoast_head_json":{"title":"Roma: luci e ombre tra antico e moderno","description":"Italo Calvino diceva \u201cLa\u00a0citt\u00e0\u00a0non dice il suo\u00a0passato, lo contiene come le linee d\u2019una\u00a0mano,","robots":{"index":"index","follow":"follow","max-snippet":"max-snippet:-1","max-image-preview":"max-image-preview:large","max-video-preview":"max-video-preview:-1"},"canonical":"https:\/\/www.romaoggi.eu\/index.php\/2018\/09\/02\/roma-luci-e-ombre-tra-antico-e-moderno\/","og_locale":"it_IT","og_type":"article","og_title":"Roma: luci e ombre tra antico e moderno","og_description":"Italo Calvino diceva \u201cLa\u00a0citt\u00e0\u00a0non dice il suo\u00a0passato, lo contiene come le linee d\u2019una\u00a0mano,","og_url":"https:\/\/www.romaoggi.eu\/index.php\/2018\/09\/02\/roma-luci-e-ombre-tra-antico-e-moderno\/","og_site_name":"roma oggi","article_publisher":"https:\/\/www.facebook.com\/RomaOggi-841544845954114","article_author":"https:\/\/www.facebook.com\/alessandro.lisci.5","article_published_time":"2018-09-02T09:04:08+00:00","og_image":[{"width":850,"height":647,"url":"https:\/\/www.romaoggi.eu\/wp-content\/uploads\/2018\/09\/Photo038\u00a92018-IMG_5216-Fabiana-Cambiaso-domenica-2-settembre-2018-low-marchio.jpg","type":"image\/jpeg"}],"author":"Alessandro Lisci","twitter_card":"summary_large_image","twitter_creator":"@https:\/\/twitter.com\/alessandrolisci","twitter_site":"@romaoggi_eu","twitter_misc":{"Scritto da":"Alessandro Lisci","Tempo di lettura stimato":"1 minuto"},"schema":{"@context":"https:\/\/schema.org","@graph":[{"@type":"Article","@id":"https:\/\/www.romaoggi.eu\/index.php\/2018\/09\/02\/roma-luci-e-ombre-tra-antico-e-moderno\/#article","isPartOf":{"@id":"https:\/\/www.romaoggi.eu\/index.php\/2018\/09\/02\/roma-luci-e-ombre-tra-antico-e-moderno\/"},"author":{"name":"Alessandro Lisci","@id":"https:\/\/www.romaoggi.eu\/#\/schema\/person\/30ada62b3bd510c45a781b7e3bf65e69"},"headline":"Roma: luci e ombre tra antico e moderno","datePublished":"2018-09-02T09:04:08+00:00","mainEntityOfPage":{"@id":"https:\/\/www.romaoggi.eu\/index.php\/2018\/09\/02\/roma-luci-e-ombre-tra-antico-e-moderno\/"},"wordCount":273,"publisher":{"@id":"https:\/\/www.romaoggi.eu\/#organization"},"image":{"@id":"https:\/\/www.romaoggi.eu\/index.php\/2018\/09\/02\/roma-luci-e-ombre-tra-antico-e-moderno\/#primaryimage"},"thumbnailUrl":"https:\/\/www.romaoggi.eu\/wp-content\/uploads\/2018\/09\/Photo038\u00a92018-IMG_5216-Fabiana-Cambiaso-domenica-2-settembre-2018-low-marchio.jpg","keywords":["alessandro lisci","Archeologia","area archeologica","bianco e nero","Circo Massimo","fabiana cambiaso","fotografia","roma","RomaOggi.eu","rovine"],"articleSection":["La foto del giorno"],"inLanguage":"it-IT"},{"@type":"WebPage","@id":"https:\/\/www.romaoggi.eu\/index.php\/2018\/09\/02\/roma-luci-e-ombre-tra-antico-e-moderno\/","url":"https:\/\/www.romaoggi.eu\/index.php\/2018\/09\/02\/roma-luci-e-ombre-tra-antico-e-moderno\/","name":"Roma: luci e ombre tra antico e moderno","isPartOf":{"@id":"https:\/\/www.romaoggi.eu\/#website"},"primaryImageOfPage":{"@id":"https:\/\/www.romaoggi.eu\/index.php\/2018\/09\/02\/roma-luci-e-ombre-tra-antico-e-moderno\/#primaryimage"},"image":{"@id":"https:\/\/www.romaoggi.eu\/index.php\/2018\/09\/02\/roma-luci-e-ombre-tra-antico-e-moderno\/#primaryimage"},"thumbnailUrl":"https:\/\/www.romaoggi.eu\/wp-content\/uploads\/2018\/09\/Photo038\u00a92018-IMG_5216-Fabiana-Cambiaso-domenica-2-settembre-2018-low-marchio.jpg","datePublished":"2018-09-02T09:04:08+00:00","description":"Italo Calvino diceva \u201cLa\u00a0citt\u00e0\u00a0non dice il suo\u00a0passato, lo contiene come le linee d\u2019una\u00a0mano,","breadcrumb":{"@id":"https:\/\/www.romaoggi.eu\/index.php\/2018\/09\/02\/roma-luci-e-ombre-tra-antico-e-moderno\/#breadcrumb"},"inLanguage":"it-IT","potentialAction":[{"@type":"ReadAction","target":["https:\/\/www.romaoggi.eu\/index.php\/2018\/09\/02\/roma-luci-e-ombre-tra-antico-e-moderno\/"]}]},{"@type":"ImageObject","inLanguage":"it-IT","@id":"https:\/\/www.romaoggi.eu\/index.php\/2018\/09\/02\/roma-luci-e-ombre-tra-antico-e-moderno\/#primaryimage","url":"https:\/\/www.romaoggi.eu\/wp-content\/uploads\/2018\/09\/Photo038\u00a92018-IMG_5216-Fabiana-Cambiaso-domenica-2-settembre-2018-low-marchio.jpg","contentUrl":"https:\/\/www.romaoggi.eu\/wp-content\/uploads\/2018\/09\/Photo038\u00a92018-IMG_5216-Fabiana-Cambiaso-domenica-2-settembre-2018-low-marchio.jpg","width":850,"height":647,"caption":"Circo Massimo \u00a92018 Fabiana Cambiaso"},{"@type":"BreadcrumbList","@id":"https:\/\/www.romaoggi.eu\/index.php\/2018\/09\/02\/roma-luci-e-ombre-tra-antico-e-moderno\/#breadcrumb","itemListElement":[{"@type":"ListItem","position":1,"name":"Home","item":"https:\/\/www.romaoggi.eu\/"},{"@type":"ListItem","position":2,"name":"Roma: luci e ombre tra antico e moderno"}]},{"@type":"WebSite","@id":"https:\/\/www.romaoggi.eu\/#website","url":"https:\/\/www.romaoggi.eu\/","name":"roma oggi","description":"Interesting News for Interesting people","publisher":{"@id":"https:\/\/www.romaoggi.eu\/#organization"},"potentialAction":[{"@type":"SearchAction","target":{"@type":"EntryPoint","urlTemplate":"https:\/\/www.romaoggi.eu\/?s={search_term_string}"},"query-input":{"@type":"PropertyValueSpecification","valueRequired":true,"valueName":"search_term_string"}}],"inLanguage":"it-IT"},{"@type":"Organization","@id":"https:\/\/www.romaoggi.eu\/#organization","name":"RomaOggi","url":"https:\/\/www.romaoggi.eu\/","logo":{"@type":"ImageObject","inLanguage":"it-IT","@id":"https:\/\/www.romaoggi.eu\/#\/schema\/logo\/image\/","url":"https:\/\/www.romaoggi.eu\/wp-content\/uploads\/2017\/04\/logowp.jpg","contentUrl":"https:\/\/www.romaoggi.eu\/wp-content\/uploads\/2017\/04\/logowp.jpg","width":300,"height":133,"caption":"RomaOggi"},"image":{"@id":"https:\/\/www.romaoggi.eu\/#\/schema\/logo\/image\/"},"sameAs":["https:\/\/www.facebook.com\/RomaOggi-841544845954114","https:\/\/x.com\/romaoggi_eu"]},{"@type":"Person","@id":"https:\/\/www.romaoggi.eu\/#\/schema\/person\/30ada62b3bd510c45a781b7e3bf65e69","name":"Alessandro Lisci","image":{"@type":"ImageObject","inLanguage":"it-IT","@id":"https:\/\/secure.gravatar.com\/avatar\/9b9712162b2ac404aa0d7d978185f203808e7bd02856a449b19868b2eb80cf12?s=96&d=mm&r=g","url":"https:\/\/secure.gravatar.com\/avatar\/9b9712162b2ac404aa0d7d978185f203808e7bd02856a449b19868b2eb80cf12?s=96&d=mm&r=g","contentUrl":"https:\/\/secure.gravatar.com\/avatar\/9b9712162b2ac404aa0d7d978185f203808e7bd02856a449b19868b2eb80cf12?s=96&d=mm&r=g","caption":"Alessandro Lisci"},"sameAs":["http:\/\/www.alessandrolisci.com","https:\/\/www.facebook.com\/alessandro.lisci.5","https:\/\/x.com\/https:\/\/twitter.com\/alessandrolisci","https:\/\/www.youtube.com\/user\/alessandrolisci"],"url":"https:\/\/www.romaoggi.eu\/index.php\/author\/alessandro\/"}]}},"_links":{"self":[{"href":"https:\/\/www.romaoggi.eu\/index.php\/wp-json\/wp\/v2\/posts\/18585","targetHints":{"allow":["GET"]}}],"collection":[{"href":"https:\/\/www.romaoggi.eu\/index.php\/wp-json\/wp\/v2\/posts"}],"about":[{"href":"https:\/\/www.romaoggi.eu\/index.php\/wp-json\/wp\/v2\/types\/post"}],"author":[{"embeddable":true,"href":"https:\/\/www.romaoggi.eu\/index.php\/wp-json\/wp\/v2\/users\/10"}],"replies":[{"embeddable":true,"href":"https:\/\/www.romaoggi.eu\/index.php\/wp-json\/wp\/v2\/comments?post=18585"}],"version-history":[{"count":2,"href":"https:\/\/www.romaoggi.eu\/index.php\/wp-json\/wp\/v2\/posts\/18585\/revisions"}],"predecessor-version":[{"id":18588,"href":"https:\/\/www.romaoggi.eu\/index.php\/wp-json\/wp\/v2\/posts\/18585\/revisions\/18588"}],"wp:featuredmedia":[{"embeddable":true,"href":"https:\/\/www.romaoggi.eu\/index.php\/wp-json\/wp\/v2\/media\/18586"}],"wp:attachment":[{"href":"https:\/\/www.romaoggi.eu\/index.php\/wp-json\/wp\/v2\/media?parent=18585"}],"wp:term":[{"taxonomy":"category","embeddable":true,"href":"https:\/\/www.romaoggi.eu\/index.php\/wp-json\/wp\/v2\/categories?post=18585"},{"taxonomy":"post_tag","embeddable":true,"href":"https:\/\/www.romaoggi.eu\/index.php\/wp-json\/wp\/v2\/tags?post=18585"}],"curies":[{"name":"wp","href":"https:\/\/api.w.org\/{rel}","templated":true}]}}