{"id":18923,"date":"2018-10-01T12:44:18","date_gmt":"2018-10-01T10:44:18","guid":{"rendered":"http:\/\/www.romaoggi.eu\/?p=18923"},"modified":"2018-10-01T12:44:18","modified_gmt":"2018-10-01T10:44:18","slug":"stagione-teatro-lo-spazio","status":"publish","type":"post","link":"https:\/\/www.romaoggi.eu\/index.php\/2018\/10\/01\/stagione-teatro-lo-spazio\/","title":{"rendered":"Riparte la stagione del Teatro Lo Spazio interessante cartellone 2018\/19"},"content":{"rendered":"<p style=\"text-align: justify;\"><b>Si inaugura oggi primo ottobre il Cartellone\u00a0 2018\/19 del <a href=\"http:\/\/www.teatrolospazio.it\/\">Teatro LO SPAZIO,<\/a> con la direzione artistica di Francesco Verdinelli.\u00a0<\/b><\/p>\n<p style=\"text-align: justify;\"><i>Un nuovo inizio con la stagione 2018\/2019 per trasmettere emozioni, in un luogo magico carico di energia in grado di trascinare gli artisti amplificando la magia dell\u2019attimoAl via domani l&#8217;undicesima stagione del Teatro Lo Spazio.\u00a0Oltre 30 gli spettacoli in scena tra drammaturgia italiana, musica, teatro civile e nuovi autori. Tanti gli artisti che si alterneranno sul palco, dalla Palma d&#8217;oro al Festival di Cannes Marcello Fonte a Gianni De Feo, da Ulderico Pesce a Pino Ammendola e Blas Roca Rey.<\/i><\/p>\n<p style=\"text-align: justify;\"><span style=\"font-weight: 400;\">Il <a href=\"https:\/\/www.romaoggi.eu\/index.php\/2018\/07\/07\/coreografica-mente-teatro-lo-spazio\/\">Teatro Lo Spazio<\/a> si conferma un palcoscenico per la drammaturgia, il teatro civile, la danza, il musical, la letteratura, la musica. Diretto da <\/span><b>Francesco Verdinelli (<\/b><b>compositore, musicista, regista)<\/b><span style=\"font-weight: 400;\"> Lo Spazio \u00e8 un luogo aperto alle nuove drammaturgie, alla sperimentazione, con una capacit\u00e0 unica di cambiare e trasformarsi a seconda delle esigenze degli artisti in scena. Ma Lo Spazio \u00e8 anche un luogo di grande fermento culturale, nel quale le attivit\u00e0 non si limitano allo spettacolo, un laboratorio di idee e progetti teatrali e musicali, che spesso nascono in occasione di un aperitivo, un drink \u00a0o un concerto. Tante le novit\u00e0 della stagione 2018-19, come ad esempio SPACE 4 MUSIC, un\u2019area interamente dedicata alla musica, ai concerti e ai progetti musicali.<\/span><\/p>\n<figure id=\"attachment_18927\" aria-describedby=\"caption-attachment-18927\" style=\"width: 300px\" class=\"wp-caption alignleft\"><img loading=\"lazy\" decoding=\"async\" class=\"size-medium wp-image-18927\" src=\"https:\/\/www.romaoggi.eu\/wp-content\/uploads\/2018\/10\/Francesco-Verdinelli3-300x281.jpg\" alt=\"alt tag lo spazio\" width=\"300\" height=\"281\" srcset=\"https:\/\/www.romaoggi.eu\/wp-content\/uploads\/2018\/10\/Francesco-Verdinelli3-300x281.jpg 300w, https:\/\/www.romaoggi.eu\/wp-content\/uploads\/2018\/10\/Francesco-Verdinelli3-1024x959.jpg 1024w, https:\/\/www.romaoggi.eu\/wp-content\/uploads\/2018\/10\/Francesco-Verdinelli3.jpg 1170w\" sizes=\"auto, (max-width: 300px) 100vw, 300px\" \/><figcaption id=\"caption-attachment-18927\" class=\"wp-caption-text\">Francesco Verdinelli<\/figcaption><\/figure>\n<p style=\"text-align: justify;\"><span style=\"font-weight: 400;\">\u201c<\/span><i><span style=\"font-weight: 400;\">Il Teatro Lo Spazio \u00a0&#8211; afferma <\/span><\/i><b>Francesco Verdinelli<\/b><span style=\"font-weight: 400;\"> &#8211; <\/span><i><span style=\"font-weight: 400;\">\u00e8 un teatro con una forte identit\u00e0, un teatro che mette in scena in primis, da sempre, gli autori contemporanei, che siano storie dell\u2019oggi o storie del passato. Riflettere, divertirsi, emozionarsi, talvolta riconoscersi nelle rappresentazioni sulla scena. Un filo invisibile che lega le infinite identit\u00e0 di chi vive l\u2019oggi, attento alle sfumature della vita.<\/span><\/i> <b>Il Teatro Lo Spazio\u00a0<\/b><span style=\"font-weight: 400;\">\u00e8 un percorso nell\u2019oggi, pronto a \u2018sentire il mondo\u2019 sensibile alle nuove idee che hanno creato \u2018tendenza\u2019. Divenire altro ancora, per cambiare, restando fedeli alla nostra identit\u00e0, in un movimento mai uguale a s\u00e9 stesso, come in un grande racconto il cui sviluppo racchiude l\u2019imprevedibile\u2026<\/span><\/p>\n<p style=\"text-align: justify;\"><span style=\"font-weight: 400;\">Si comincia il <\/span><b>\u00a01 \u00a0ottobre con Armando De Ceccon, autore, interprete e regista di RIFIUTI UMANI, musiche originali eseguite dal vivo del maestro Francesco Petrucci, in scena fino al 6. \u00a0<\/b><span style=\"font-weight: 400;\">Un\u2019indagine clinica e tragicomica sulla crisi dell\u2019uomo contemporaneo. In un fuoco d\u2019artificio di risate che mirano a irretire l\u2019intelligenza dello spettatore, la parola diventa farmaco, cura.<\/span><\/p>\n<p style=\"text-align: justify;\"><b>Dal \u00a023 al 28 ottobre \u00e8 di scena Gianni De Feo con lo spettacolo musicale da lui diretto e interpretato CHAPEAU! OVVERO, I MISFATTI DELL\u2019ISTINTO DAL KABARETT BERLINESE A FABRIZIO DE ANDR\u00c9, di \u00a0Roberto Russo. Musiche originali di Francesco Verdinelli, voce off di Edoardo Siravo.<\/b><span style=\"font-weight: 400;\"> Un\u2019immaginifica societ\u00e0\/alveare dove controllo e repressione sulle vite, sulle coscienze e sulle emozioni degli individui vengono esercitati in maniera sempre pi\u00f9 autoritaria.<\/span><\/p>\n<p style=\"text-align: justify;\"><b>Novembre si apre al\u2019insegna del Musical con MAD WORLD di Tommaso Capolicchio, in scena dal 6 al 17, con Simone Farinon, Alessandro Giuggioli, Maria Vittoria Cozzella, Francesco Polizzi, Luca Attadia, Emma Gordon, regia di Christian Angeli e Tommaso Capolicchio, direzione musicale di Barbara Eramo.<\/b><span style=\"font-weight: 400;\">\u00a0<\/span><\/p>\n<p style=\"text-align: justify;\"><b>A dicembre, dal 4 all\u20198, <\/b>\u00e8 la volta di<b> PRANZO A CASA DEI MIEI, di Laura Girolami. Con Fabio Galadini, Manuela Morabito, Jacopo Fazzini, Roberta Aiolfi, regia di Fabio Galadini. <\/b><span style=\"font-weight: 400;\">Quella che doveva essere una piacevole domenica in famiglia diventa una guerra, combattuta a colpi di parole, in cui nessuno pare essere come sembra e dove nessuno \u00e8 davvero innocente.<\/span><\/p>\n<p><img loading=\"lazy\" decoding=\"async\" class=\"aligncenter wp-image-18928 size-full\" src=\"https:\/\/www.romaoggi.eu\/wp-content\/uploads\/2018\/10\/Spazioteca.jpg\" alt=\"alt tag lo spazio\" width=\"472\" height=\"318\" srcset=\"https:\/\/www.romaoggi.eu\/wp-content\/uploads\/2018\/10\/Spazioteca.jpg 472w, https:\/\/www.romaoggi.eu\/wp-content\/uploads\/2018\/10\/Spazioteca-300x202.jpg 300w\" sizes=\"auto, (max-width: 472px) 100vw, 472px\" \/><\/p>\n<p style=\"text-align: justify;\"><b>Il 18 e 19 dicembre <\/b>\u00e8 in programma<b> ROMA CRIMINALE. Fatti &amp; misfatti di una Banda, di Antonio Turco e Salvatore Buccafusca, con Salvatore Buccafusca, Fulvia Lorenzetti, Gaetano Carbone, <\/b>adattamento e regia di <b>Francesco Sala. <\/b><span style=\"font-weight: 400;\">Idroscalo di Ostia 1975. I ragazzi di vita di Pasolini. Corruzioni, infiltrazioni, perizie psichiatriche faranno parlare ufficialmente della banda della Magliana. <\/span><\/p>\n<p style=\"text-align: justify;\"><b>IL CORAGGIO DELLA LEGALIT\u00c0: PAOLO BORSELLINO \u00e8 di scena il 20 dicembre, con Alfonso Canfora, Arcangelo Iannace, Clara Morlino, Angelo Calabria, Cosimo Rega, adattamento scenico e regia di Antonio Turco e Cosimo Rega, Musicisti: Paolo Petrilli (fisarmonica), Gianfranco Santucci (voce e tammorra), Antonio Turco (chitarra), Roberto Turco (basso e chitarra), Lucio Turco (batteria). <\/b><span style=\"font-weight: 400;\">Un omaggio a Giovanni Falcone e Paolo Borsellino che hanno interpretato sino alla fine il ruolo di \u201cservitori dello Stato\u201d con una dignit\u00e0 e un\u2019\u201donest\u00e0 di principi\u201d fuori dal comune.\u00a0<\/span><\/p>\n<p style=\"text-align: justify;\"><b>Il 2019 <\/b>si apre all\u2019insegna dei testi vincitori del <b>Concorso Corti Teatrali \u201cAutori nel cassetto, attori sul com\u00f2\u201d del Teatro Lo Spazio con \u00a0LA MAGGIORE ETA\u2019 (in scena il 10 e 11 gennaio), testo II\u00b0 classificato, con Giovanni Cord\u00ec, Lidia Miceli, Rocco Piciulo, testo e regia di Andrea Ruggieri.<\/b><span style=\"font-weight: 400;\"> Un artista si ritrova a confrontarsi con le proprie aspirazioni e con il proprio desiderio di affermazione. Il confronto con il mondo circostante \u00e8 schiacciante e al tempo stesso inascoltato.\u00a0<\/span><\/p>\n<p style=\"text-align: justify;\"><b>Vincitrice del Premio <\/b>come miglior attrice al concorso <b>Corti Teatrali \u201cAutori nel cassetto, attori sul com\u00f2\u201d del Teatro Lo Spazio 2018, Anna Piscopo sar\u00e0 in scena dal 21 al 23 febbraio con il suo MANGIA!<\/b><span style=\"font-weight: 400;\"> \u00a0Il confuso e tragicomico stream of consciousness di una giovane meridionale allo sbando, che sogna di affrancarsi dalla provincia in cui \u00e8 nata per diventare la donna che ha sempre sognato. <\/span><b>Il 2 marzo <\/b>invece sar\u00e0 la volta del III classificato al concorso <b>Corti Coreografici del Teatro Lo Spazio 2018 MEMENTO, coreografia di Giacomo Perfetti, con Francesca Leone, Francesca Di Giovannantonio, Dania Evengelista, Giovanna Antonelli, Giacomo Perfetti. <\/b><span style=\"font-weight: 400;\">\u00c8 possibile vivere in un mondo dove la libert\u00e0 \u00e8 protagonista, dove le strade sono dirette da un\u2019idea senza infrastrutture, dove tempo e spazio sono uniti dalla forza di un canto popolare?<\/span><\/p>\n<p style=\"text-align: justify;\">Anche in questa stagione<b> Ulderico Pesce <\/b>sar\u00e0 in scena a<b> Lo Spazio, dal <\/b><b>12 al 16 marzo, <\/b><b>con un \u00a0suo lavoro, per il quale ha scelto rigorosamente di non fare nessuna anticipazione.<\/b><\/p>\n<p style=\"text-align: justify;\"><b>Pino Ammendola e Carla Cucchiarelli firmano dal 2 al 6 aprile MONNA LISA UNPLUGGED, con Maria Letizia Gorga, la regia di Pino Ammendola, al piano Cinzia Pennesi.<\/b><span style=\"font-weight: 400;\"> La Gioconda e un pianoforte&#8230; ascoltando le note, Monna Lisa prende coscienza di s\u00e9, si libera della tela che la imprigiona e si racconta al pubblico.<\/span><\/p>\n<p style=\"text-align: justify;\"><b>Il III classificato al concorso Corti Teatrali \u201cAutori nel cassetto, attori sul com\u00f2\u201d \u00a0SOPRA, NOI, di e con Marco Zicari e Deborah Ponzo e la regia di Marco Zicari sar\u00e0 in scena il 3 e 4 maggio. <\/b><span style=\"font-weight: 400;\">Tra i sedili di una macchina qualsiasi si consuma l\u2019amore di Vincenzo e Stella che, per paura di dirsi tutto, arrivano ad una incomunicabilit\u00e0 buffa e poco sensata.<\/span><\/p>\n<figure id=\"attachment_18930\" aria-describedby=\"caption-attachment-18930\" style=\"width: 260px\" class=\"wp-caption alignright\"><img loading=\"lazy\" decoding=\"async\" class=\" wp-image-18930\" src=\"https:\/\/www.romaoggi.eu\/wp-content\/uploads\/2018\/10\/Marcello-Fonte-1-212x300.jpg\" alt=\"alt tag lo spazio\" width=\"260\" height=\"368\" srcset=\"https:\/\/www.romaoggi.eu\/wp-content\/uploads\/2018\/10\/Marcello-Fonte-1-212x300.jpg 212w, https:\/\/www.romaoggi.eu\/wp-content\/uploads\/2018\/10\/Marcello-Fonte-1-725x1024.jpg 725w, https:\/\/www.romaoggi.eu\/wp-content\/uploads\/2018\/10\/Marcello-Fonte-1.jpg 1165w\" sizes=\"auto, (max-width: 260px) 100vw, 260px\" \/><figcaption id=\"caption-attachment-18930\" class=\"wp-caption-text\">Marcello Fonte<\/figcaption><\/figure>\n<p style=\"text-align: justify;\">Grande attesa dal 6 all\u20198 maggio per <b>\u00a0Marcello Fonte, Palma d\u2019oro al Festival di Cannes p<\/b>er la sua interpretazione in<b> Dogman di Matteo Garrone,<\/b> in scena nello spettacolo di <b>Valentina Esposito FAMIGLIA con Alessandro Bernardini<\/b><b>,<\/b><b>\u00a0<\/b><b>Christian Cavorso<\/b><b>,\u00a0<\/b><b>Chiara Cavalieri<\/b><b>,<\/b><b>\u00a0<\/b><b>Matteo Cateni<\/b><b>,<\/b><b>\u00a0<\/b><b>Viola Centi<\/b><b>,\u00a0<\/b><b>Alessandro Forcinelli<\/b><b>,<\/b><b>\u00a0<\/b><b>Gabriella Indolfi<\/b><b>,<\/b><b>\u00a0<\/b><b>Piero Piccinin<\/b><b>,<\/b><b>\u00a0<\/b><b>Giancarlo Porcacchia<\/b><b>,\u00a0<\/b><b>Fabio Rizzuto<\/b><b>,<\/b><b>\u00a0<\/b><b>Edoardo Timmi<\/b><b>,<\/b><b>\u00a0<\/b><b>Cristina Vagnoli<\/b><b>\u00a0\u00a0<\/b> con una compagnia composta in parte da ex detenuti attori della <b>Compagnia Fort Apache Cinema Teatro.<\/b> <span style=\"font-weight: 400;\">\u00a0In occasione del matrimonio dell\u2019ultima e unica figlia femmina di una numerosa famiglia tutta al maschile, si riuniscono nuovamente tre generazioni di persone legate da antichi dolori e irrisolte incomprensioni. La cerimonia diventa pretesto per rimettere sullo stesso tavolo i padri dei padri e i figli dei figli, e consumare una vicenda d\u2019amore e d\u2019odio, sospesa tra passato e presente, sogno e realt\u00e0\u2026 \u00a0\u00a0<\/span><\/p>\n<p style=\"text-align: justify;\"><b>E dal 9 all\u201911 maggio \u00a0sar\u00e0 la volta del I classificato CIOCCOLATO ALL\u2019ARANCIA, di Martina Gatto e Dafne Rubini, con Martina Gatto e la regia di Dafne Rubini.<\/b><span style=\"font-weight: 400;\"> Una ragazza ansiosa di prendere la scelta giusta. Per il gelato e per la vita. Perch\u00e9, per riconoscere quel che ci piace davvero dobbiamo avere il coraggio di assaggiare quel che non ci piace.<\/span><\/p>\n<p style=\"text-align: justify;\"><b>A chiudere la ricca stagione de Lo Spazio sar\u00e0, dal 23 al 25 maggio, PRIMMA E MO\u2019 &#8211; Epica Popolare di un Viaggio (I classificato al concorso Corti Coreografici del Teatro Lo Spazio 2018), coreografie di Viola Centi e Donatella Centi.<\/b><span style=\"font-weight: 400;\"> Il racconto di un viaggio, di uomini della riva, uomini del porto con le loro storie. Un moderno adattamento dell\u2019epico Nostos di Ulisse, mentre le danze popolari scandiscono il tempo rituale.<\/span><\/p>\n<p style=\"text-align: justify;\">Per la stagione 2018-2019 la possibilit\u00e0 di abbonarsi a<strong> 5 spettacoli al costo di 39 euro.<\/strong> \u00a0Gli spettacoli serali avranno inizio alle 20.30.<\/p>\n<p>Redazione<\/p>\n","protected":false},"excerpt":{"rendered":"<div class=\"mh-excerpt\"><p>Si inaugura oggi primo ottobre il Cartellone\u00a0 2018\/19 del Teatro LO SPAZIO, con la direzione artistica di Francesco Verdinelli.\u00a0 Un nuovo inizio con la stagione 2018\/2019 per trasmettere emozioni, in un luogo magico carico di <a class=\"mh-excerpt-more\" href=\"https:\/\/www.romaoggi.eu\/index.php\/2018\/10\/01\/stagione-teatro-lo-spazio\/\" title=\"Riparte la stagione del Teatro Lo Spazio interessante cartellone 2018\/19\">[&#8230;]<\/a><\/p>\n<\/div>","protected":false},"author":3,"featured_media":18926,"comment_status":"closed","ping_status":"open","sticky":false,"template":"","format":"standard","meta":{"_sitemap_exclude":false,"_sitemap_priority":"","_sitemap_frequency":"","footnotes":""},"categories":[4281],"tags":[11653,11655,6599,11654,11656,10577,85,84],"class_list":["post-18923","post","type-post","status-publish","format-standard","has-post-thumbnail","hentry","category-teatro","tag-cartellone-2019","tag-dogman","tag-francesco-verdinelli","tag-marcello-fonte","tag-matteo-garrone","tag-pino-ammendola","tag-teatro","tag-teatro-lo-spazio"],"yoast_head":"<!-- This site is optimized with the Yoast SEO plugin v27.5 - https:\/\/yoast.com\/product\/yoast-seo-wordpress\/ -->\n<title>Riparte la stagione del Teatro Lo Spazio interessante cartellone 2018\/19<\/title>\n<meta name=\"description\" content=\"Si inaugura oggi primo ottobre il Cartellone\u00a0 2018\/19 del Teatro LO SPAZIO, con la direzione artistica di Francesco Verdinelli.\u00a0\" \/>\n<meta name=\"robots\" content=\"index, follow, max-snippet:-1, max-image-preview:large, max-video-preview:-1\" \/>\n<link rel=\"canonical\" href=\"https:\/\/www.romaoggi.eu\/index.php\/2018\/10\/01\/stagione-teatro-lo-spazio\/\" \/>\n<meta property=\"og:locale\" content=\"it_IT\" \/>\n<meta property=\"og:type\" content=\"article\" \/>\n<meta property=\"og:title\" content=\"Riparte la stagione del Teatro Lo Spazio interessante cartellone 2018\/19\" \/>\n<meta property=\"og:description\" content=\"Si inaugura oggi primo ottobre il Cartellone\u00a0 2018\/19 del Teatro LO SPAZIO, con la direzione artistica di Francesco Verdinelli.\u00a0\" \/>\n<meta property=\"og:url\" content=\"https:\/\/www.romaoggi.eu\/index.php\/2018\/10\/01\/stagione-teatro-lo-spazio\/\" \/>\n<meta property=\"og:site_name\" content=\"roma oggi\" \/>\n<meta property=\"article:publisher\" content=\"https:\/\/www.facebook.com\/RomaOggi-841544845954114\" \/>\n<meta property=\"article:published_time\" content=\"2018-10-01T10:44:18+00:00\" \/>\n<meta property=\"og:image\" content=\"https:\/\/www.romaoggi.eu\/wp-content\/uploads\/2018\/10\/Francesco-Verdinelli-al-Teatro-Lo-Spazio.jpg\" \/>\n\t<meta property=\"og:image:width\" content=\"1916\" \/>\n\t<meta property=\"og:image:height\" content=\"1193\" \/>\n\t<meta property=\"og:image:type\" content=\"image\/jpeg\" \/>\n<meta name=\"author\" content=\"Antonietta Di Vizia\" \/>\n<meta name=\"twitter:card\" content=\"summary_large_image\" \/>\n<meta name=\"twitter:creator\" content=\"@romaoggi_eu\" \/>\n<meta name=\"twitter:site\" content=\"@romaoggi_eu\" \/>\n<meta name=\"twitter:label1\" content=\"Scritto da\" \/>\n\t<meta name=\"twitter:data1\" content=\"Antonietta Di Vizia\" \/>\n\t<meta name=\"twitter:label2\" content=\"Tempo di lettura stimato\" \/>\n\t<meta name=\"twitter:data2\" content=\"7 minuti\" \/>\n<script type=\"application\/ld+json\" class=\"yoast-schema-graph\">{\"@context\":\"https:\\\/\\\/schema.org\",\"@graph\":[{\"@type\":\"Article\",\"@id\":\"https:\\\/\\\/www.romaoggi.eu\\\/index.php\\\/2018\\\/10\\\/01\\\/stagione-teatro-lo-spazio\\\/#article\",\"isPartOf\":{\"@id\":\"https:\\\/\\\/www.romaoggi.eu\\\/index.php\\\/2018\\\/10\\\/01\\\/stagione-teatro-lo-spazio\\\/\"},\"author\":{\"name\":\"Antonietta Di Vizia\",\"@id\":\"https:\\\/\\\/www.romaoggi.eu\\\/#\\\/schema\\\/person\\\/c8ca1fb64b5506391fff5f822a866c23\"},\"headline\":\"Riparte la stagione del Teatro Lo Spazio interessante cartellone 2018\\\/19\",\"datePublished\":\"2018-10-01T10:44:18+00:00\",\"mainEntityOfPage\":{\"@id\":\"https:\\\/\\\/www.romaoggi.eu\\\/index.php\\\/2018\\\/10\\\/01\\\/stagione-teatro-lo-spazio\\\/\"},\"wordCount\":1359,\"publisher\":{\"@id\":\"https:\\\/\\\/www.romaoggi.eu\\\/#organization\"},\"image\":{\"@id\":\"https:\\\/\\\/www.romaoggi.eu\\\/index.php\\\/2018\\\/10\\\/01\\\/stagione-teatro-lo-spazio\\\/#primaryimage\"},\"thumbnailUrl\":\"https:\\\/\\\/www.romaoggi.eu\\\/wp-content\\\/uploads\\\/2018\\\/10\\\/Francesco-Verdinelli-al-Teatro-Lo-Spazio.jpg\",\"keywords\":[\"cartellone 2019\",\"dogman\",\"francesco verdinelli\",\"marcello fonte\",\"Matteo garrone\",\"pino ammendola\",\"teatro\",\"teatro lo spazio\"],\"articleSection\":[\"teatro\"],\"inLanguage\":\"it-IT\"},{\"@type\":\"WebPage\",\"@id\":\"https:\\\/\\\/www.romaoggi.eu\\\/index.php\\\/2018\\\/10\\\/01\\\/stagione-teatro-lo-spazio\\\/\",\"url\":\"https:\\\/\\\/www.romaoggi.eu\\\/index.php\\\/2018\\\/10\\\/01\\\/stagione-teatro-lo-spazio\\\/\",\"name\":\"Riparte la stagione del Teatro Lo Spazio interessante cartellone 2018\\\/19\",\"isPartOf\":{\"@id\":\"https:\\\/\\\/www.romaoggi.eu\\\/#website\"},\"primaryImageOfPage\":{\"@id\":\"https:\\\/\\\/www.romaoggi.eu\\\/index.php\\\/2018\\\/10\\\/01\\\/stagione-teatro-lo-spazio\\\/#primaryimage\"},\"image\":{\"@id\":\"https:\\\/\\\/www.romaoggi.eu\\\/index.php\\\/2018\\\/10\\\/01\\\/stagione-teatro-lo-spazio\\\/#primaryimage\"},\"thumbnailUrl\":\"https:\\\/\\\/www.romaoggi.eu\\\/wp-content\\\/uploads\\\/2018\\\/10\\\/Francesco-Verdinelli-al-Teatro-Lo-Spazio.jpg\",\"datePublished\":\"2018-10-01T10:44:18+00:00\",\"description\":\"Si inaugura oggi primo ottobre il Cartellone\u00a0 2018\\\/19 del Teatro LO SPAZIO, con la direzione artistica di Francesco Verdinelli.\u00a0\",\"breadcrumb\":{\"@id\":\"https:\\\/\\\/www.romaoggi.eu\\\/index.php\\\/2018\\\/10\\\/01\\\/stagione-teatro-lo-spazio\\\/#breadcrumb\"},\"inLanguage\":\"it-IT\",\"potentialAction\":[{\"@type\":\"ReadAction\",\"target\":[\"https:\\\/\\\/www.romaoggi.eu\\\/index.php\\\/2018\\\/10\\\/01\\\/stagione-teatro-lo-spazio\\\/\"]}]},{\"@type\":\"ImageObject\",\"inLanguage\":\"it-IT\",\"@id\":\"https:\\\/\\\/www.romaoggi.eu\\\/index.php\\\/2018\\\/10\\\/01\\\/stagione-teatro-lo-spazio\\\/#primaryimage\",\"url\":\"https:\\\/\\\/www.romaoggi.eu\\\/wp-content\\\/uploads\\\/2018\\\/10\\\/Francesco-Verdinelli-al-Teatro-Lo-Spazio.jpg\",\"contentUrl\":\"https:\\\/\\\/www.romaoggi.eu\\\/wp-content\\\/uploads\\\/2018\\\/10\\\/Francesco-Verdinelli-al-Teatro-Lo-Spazio.jpg\",\"width\":1916,\"height\":1193,\"caption\":\"Francesco Verdinelli al Teatro Lo Spazio\"},{\"@type\":\"BreadcrumbList\",\"@id\":\"https:\\\/\\\/www.romaoggi.eu\\\/index.php\\\/2018\\\/10\\\/01\\\/stagione-teatro-lo-spazio\\\/#breadcrumb\",\"itemListElement\":[{\"@type\":\"ListItem\",\"position\":1,\"name\":\"Home\",\"item\":\"https:\\\/\\\/www.romaoggi.eu\\\/\"},{\"@type\":\"ListItem\",\"position\":2,\"name\":\"Riparte la stagione del Teatro Lo Spazio interessante cartellone 2018\\\/19\"}]},{\"@type\":\"WebSite\",\"@id\":\"https:\\\/\\\/www.romaoggi.eu\\\/#website\",\"url\":\"https:\\\/\\\/www.romaoggi.eu\\\/\",\"name\":\"roma oggi\",\"description\":\"Interesting News for Interesting people\",\"publisher\":{\"@id\":\"https:\\\/\\\/www.romaoggi.eu\\\/#organization\"},\"potentialAction\":[{\"@type\":\"SearchAction\",\"target\":{\"@type\":\"EntryPoint\",\"urlTemplate\":\"https:\\\/\\\/www.romaoggi.eu\\\/?s={search_term_string}\"},\"query-input\":{\"@type\":\"PropertyValueSpecification\",\"valueRequired\":true,\"valueName\":\"search_term_string\"}}],\"inLanguage\":\"it-IT\"},{\"@type\":\"Organization\",\"@id\":\"https:\\\/\\\/www.romaoggi.eu\\\/#organization\",\"name\":\"RomaOggi\",\"url\":\"https:\\\/\\\/www.romaoggi.eu\\\/\",\"logo\":{\"@type\":\"ImageObject\",\"inLanguage\":\"it-IT\",\"@id\":\"https:\\\/\\\/www.romaoggi.eu\\\/#\\\/schema\\\/logo\\\/image\\\/\",\"url\":\"https:\\\/\\\/www.romaoggi.eu\\\/wp-content\\\/uploads\\\/2017\\\/04\\\/logowp.jpg\",\"contentUrl\":\"https:\\\/\\\/www.romaoggi.eu\\\/wp-content\\\/uploads\\\/2017\\\/04\\\/logowp.jpg\",\"width\":300,\"height\":133,\"caption\":\"RomaOggi\"},\"image\":{\"@id\":\"https:\\\/\\\/www.romaoggi.eu\\\/#\\\/schema\\\/logo\\\/image\\\/\"},\"sameAs\":[\"https:\\\/\\\/www.facebook.com\\\/RomaOggi-841544845954114\",\"https:\\\/\\\/x.com\\\/romaoggi_eu\"]},{\"@type\":\"Person\",\"@id\":\"https:\\\/\\\/www.romaoggi.eu\\\/#\\\/schema\\\/person\\\/c8ca1fb64b5506391fff5f822a866c23\",\"name\":\"Antonietta Di Vizia\",\"image\":{\"@type\":\"ImageObject\",\"inLanguage\":\"it-IT\",\"@id\":\"https:\\\/\\\/secure.gravatar.com\\\/avatar\\\/2ad571aa3fbfe3089b06ed5617adf58717b9359c0c97cf9b52804fb2dac293f2?s=96&d=mm&r=g\",\"url\":\"https:\\\/\\\/secure.gravatar.com\\\/avatar\\\/2ad571aa3fbfe3089b06ed5617adf58717b9359c0c97cf9b52804fb2dac293f2?s=96&d=mm&r=g\",\"contentUrl\":\"https:\\\/\\\/secure.gravatar.com\\\/avatar\\\/2ad571aa3fbfe3089b06ed5617adf58717b9359c0c97cf9b52804fb2dac293f2?s=96&d=mm&r=g\",\"caption\":\"Antonietta Di Vizia\"},\"url\":\"https:\\\/\\\/www.romaoggi.eu\\\/index.php\\\/author\\\/antonietta\\\/\"}]}<\/script>\n<!-- \/ Yoast SEO plugin. -->","yoast_head_json":{"title":"Riparte la stagione del Teatro Lo Spazio interessante cartellone 2018\/19","description":"Si inaugura oggi primo ottobre il Cartellone\u00a0 2018\/19 del Teatro LO SPAZIO, con la direzione artistica di Francesco Verdinelli.\u00a0","robots":{"index":"index","follow":"follow","max-snippet":"max-snippet:-1","max-image-preview":"max-image-preview:large","max-video-preview":"max-video-preview:-1"},"canonical":"https:\/\/www.romaoggi.eu\/index.php\/2018\/10\/01\/stagione-teatro-lo-spazio\/","og_locale":"it_IT","og_type":"article","og_title":"Riparte la stagione del Teatro Lo Spazio interessante cartellone 2018\/19","og_description":"Si inaugura oggi primo ottobre il Cartellone\u00a0 2018\/19 del Teatro LO SPAZIO, con la direzione artistica di Francesco Verdinelli.\u00a0","og_url":"https:\/\/www.romaoggi.eu\/index.php\/2018\/10\/01\/stagione-teatro-lo-spazio\/","og_site_name":"roma oggi","article_publisher":"https:\/\/www.facebook.com\/RomaOggi-841544845954114","article_published_time":"2018-10-01T10:44:18+00:00","og_image":[{"width":1916,"height":1193,"url":"https:\/\/www.romaoggi.eu\/wp-content\/uploads\/2018\/10\/Francesco-Verdinelli-al-Teatro-Lo-Spazio.jpg","type":"image\/jpeg"}],"author":"Antonietta Di Vizia","twitter_card":"summary_large_image","twitter_creator":"@romaoggi_eu","twitter_site":"@romaoggi_eu","twitter_misc":{"Scritto da":"Antonietta Di Vizia","Tempo di lettura stimato":"7 minuti"},"schema":{"@context":"https:\/\/schema.org","@graph":[{"@type":"Article","@id":"https:\/\/www.romaoggi.eu\/index.php\/2018\/10\/01\/stagione-teatro-lo-spazio\/#article","isPartOf":{"@id":"https:\/\/www.romaoggi.eu\/index.php\/2018\/10\/01\/stagione-teatro-lo-spazio\/"},"author":{"name":"Antonietta Di Vizia","@id":"https:\/\/www.romaoggi.eu\/#\/schema\/person\/c8ca1fb64b5506391fff5f822a866c23"},"headline":"Riparte la stagione del Teatro Lo Spazio interessante cartellone 2018\/19","datePublished":"2018-10-01T10:44:18+00:00","mainEntityOfPage":{"@id":"https:\/\/www.romaoggi.eu\/index.php\/2018\/10\/01\/stagione-teatro-lo-spazio\/"},"wordCount":1359,"publisher":{"@id":"https:\/\/www.romaoggi.eu\/#organization"},"image":{"@id":"https:\/\/www.romaoggi.eu\/index.php\/2018\/10\/01\/stagione-teatro-lo-spazio\/#primaryimage"},"thumbnailUrl":"https:\/\/www.romaoggi.eu\/wp-content\/uploads\/2018\/10\/Francesco-Verdinelli-al-Teatro-Lo-Spazio.jpg","keywords":["cartellone 2019","dogman","francesco verdinelli","marcello fonte","Matteo garrone","pino ammendola","teatro","teatro lo spazio"],"articleSection":["teatro"],"inLanguage":"it-IT"},{"@type":"WebPage","@id":"https:\/\/www.romaoggi.eu\/index.php\/2018\/10\/01\/stagione-teatro-lo-spazio\/","url":"https:\/\/www.romaoggi.eu\/index.php\/2018\/10\/01\/stagione-teatro-lo-spazio\/","name":"Riparte la stagione del Teatro Lo Spazio interessante cartellone 2018\/19","isPartOf":{"@id":"https:\/\/www.romaoggi.eu\/#website"},"primaryImageOfPage":{"@id":"https:\/\/www.romaoggi.eu\/index.php\/2018\/10\/01\/stagione-teatro-lo-spazio\/#primaryimage"},"image":{"@id":"https:\/\/www.romaoggi.eu\/index.php\/2018\/10\/01\/stagione-teatro-lo-spazio\/#primaryimage"},"thumbnailUrl":"https:\/\/www.romaoggi.eu\/wp-content\/uploads\/2018\/10\/Francesco-Verdinelli-al-Teatro-Lo-Spazio.jpg","datePublished":"2018-10-01T10:44:18+00:00","description":"Si inaugura oggi primo ottobre il Cartellone\u00a0 2018\/19 del Teatro LO SPAZIO, con la direzione artistica di Francesco Verdinelli.\u00a0","breadcrumb":{"@id":"https:\/\/www.romaoggi.eu\/index.php\/2018\/10\/01\/stagione-teatro-lo-spazio\/#breadcrumb"},"inLanguage":"it-IT","potentialAction":[{"@type":"ReadAction","target":["https:\/\/www.romaoggi.eu\/index.php\/2018\/10\/01\/stagione-teatro-lo-spazio\/"]}]},{"@type":"ImageObject","inLanguage":"it-IT","@id":"https:\/\/www.romaoggi.eu\/index.php\/2018\/10\/01\/stagione-teatro-lo-spazio\/#primaryimage","url":"https:\/\/www.romaoggi.eu\/wp-content\/uploads\/2018\/10\/Francesco-Verdinelli-al-Teatro-Lo-Spazio.jpg","contentUrl":"https:\/\/www.romaoggi.eu\/wp-content\/uploads\/2018\/10\/Francesco-Verdinelli-al-Teatro-Lo-Spazio.jpg","width":1916,"height":1193,"caption":"Francesco Verdinelli al Teatro Lo Spazio"},{"@type":"BreadcrumbList","@id":"https:\/\/www.romaoggi.eu\/index.php\/2018\/10\/01\/stagione-teatro-lo-spazio\/#breadcrumb","itemListElement":[{"@type":"ListItem","position":1,"name":"Home","item":"https:\/\/www.romaoggi.eu\/"},{"@type":"ListItem","position":2,"name":"Riparte la stagione del Teatro Lo Spazio interessante cartellone 2018\/19"}]},{"@type":"WebSite","@id":"https:\/\/www.romaoggi.eu\/#website","url":"https:\/\/www.romaoggi.eu\/","name":"roma oggi","description":"Interesting News for Interesting people","publisher":{"@id":"https:\/\/www.romaoggi.eu\/#organization"},"potentialAction":[{"@type":"SearchAction","target":{"@type":"EntryPoint","urlTemplate":"https:\/\/www.romaoggi.eu\/?s={search_term_string}"},"query-input":{"@type":"PropertyValueSpecification","valueRequired":true,"valueName":"search_term_string"}}],"inLanguage":"it-IT"},{"@type":"Organization","@id":"https:\/\/www.romaoggi.eu\/#organization","name":"RomaOggi","url":"https:\/\/www.romaoggi.eu\/","logo":{"@type":"ImageObject","inLanguage":"it-IT","@id":"https:\/\/www.romaoggi.eu\/#\/schema\/logo\/image\/","url":"https:\/\/www.romaoggi.eu\/wp-content\/uploads\/2017\/04\/logowp.jpg","contentUrl":"https:\/\/www.romaoggi.eu\/wp-content\/uploads\/2017\/04\/logowp.jpg","width":300,"height":133,"caption":"RomaOggi"},"image":{"@id":"https:\/\/www.romaoggi.eu\/#\/schema\/logo\/image\/"},"sameAs":["https:\/\/www.facebook.com\/RomaOggi-841544845954114","https:\/\/x.com\/romaoggi_eu"]},{"@type":"Person","@id":"https:\/\/www.romaoggi.eu\/#\/schema\/person\/c8ca1fb64b5506391fff5f822a866c23","name":"Antonietta Di Vizia","image":{"@type":"ImageObject","inLanguage":"it-IT","@id":"https:\/\/secure.gravatar.com\/avatar\/2ad571aa3fbfe3089b06ed5617adf58717b9359c0c97cf9b52804fb2dac293f2?s=96&d=mm&r=g","url":"https:\/\/secure.gravatar.com\/avatar\/2ad571aa3fbfe3089b06ed5617adf58717b9359c0c97cf9b52804fb2dac293f2?s=96&d=mm&r=g","contentUrl":"https:\/\/secure.gravatar.com\/avatar\/2ad571aa3fbfe3089b06ed5617adf58717b9359c0c97cf9b52804fb2dac293f2?s=96&d=mm&r=g","caption":"Antonietta Di Vizia"},"url":"https:\/\/www.romaoggi.eu\/index.php\/author\/antonietta\/"}]}},"_links":{"self":[{"href":"https:\/\/www.romaoggi.eu\/index.php\/wp-json\/wp\/v2\/posts\/18923","targetHints":{"allow":["GET"]}}],"collection":[{"href":"https:\/\/www.romaoggi.eu\/index.php\/wp-json\/wp\/v2\/posts"}],"about":[{"href":"https:\/\/www.romaoggi.eu\/index.php\/wp-json\/wp\/v2\/types\/post"}],"author":[{"embeddable":true,"href":"https:\/\/www.romaoggi.eu\/index.php\/wp-json\/wp\/v2\/users\/3"}],"replies":[{"embeddable":true,"href":"https:\/\/www.romaoggi.eu\/index.php\/wp-json\/wp\/v2\/comments?post=18923"}],"version-history":[{"count":5,"href":"https:\/\/www.romaoggi.eu\/index.php\/wp-json\/wp\/v2\/posts\/18923\/revisions"}],"predecessor-version":[{"id":18932,"href":"https:\/\/www.romaoggi.eu\/index.php\/wp-json\/wp\/v2\/posts\/18923\/revisions\/18932"}],"wp:featuredmedia":[{"embeddable":true,"href":"https:\/\/www.romaoggi.eu\/index.php\/wp-json\/wp\/v2\/media\/18926"}],"wp:attachment":[{"href":"https:\/\/www.romaoggi.eu\/index.php\/wp-json\/wp\/v2\/media?parent=18923"}],"wp:term":[{"taxonomy":"category","embeddable":true,"href":"https:\/\/www.romaoggi.eu\/index.php\/wp-json\/wp\/v2\/categories?post=18923"},{"taxonomy":"post_tag","embeddable":true,"href":"https:\/\/www.romaoggi.eu\/index.php\/wp-json\/wp\/v2\/tags?post=18923"}],"curies":[{"name":"wp","href":"https:\/\/api.w.org\/{rel}","templated":true}]}}