{"id":18934,"date":"2018-10-01T14:56:58","date_gmt":"2018-10-01T12:56:58","guid":{"rendered":"http:\/\/www.romaoggi.eu\/?p=18934"},"modified":"2018-10-01T14:56:58","modified_gmt":"2018-10-01T12:56:58","slug":"veronica-ed-io-libro-tamara-brazzi","status":"publish","type":"post","link":"https:\/\/www.romaoggi.eu\/index.php\/2018\/10\/01\/veronica-ed-io-libro-tamara-brazzi\/","title":{"rendered":"Veronica ed Io-Tamara Brazzi libro su Veronica Franco, cortigiana del&#8217;500"},"content":{"rendered":"<p class=\"m_-8820984879648306005ox-7e8538e25b-MsoNormal\" style=\"text-align: justify;\">Presentato a Roma all\u2019<strong><a href=\"http:\/\/www.savoy.it\/\">Hotel Savoy<\/a>\u00a0(via Ludovisi, 15,\u00a0Roma) sabato 29 settembre\u00a0<\/strong>il nuovo libro di\u00a0<strong><a href=\"https:\/\/it-it.facebook.com\/tamarabrazziofficial\/\">Tamara Brazzi<\/a> &#8211; Veronica ed Io\u00a0<\/strong><em>(La Valigia Rossa edizioni)<\/em>, romanzo su <strong>Veronica Franco<\/strong>, cortigiana del \u2018500 veneziano.<\/p>\n<p class=\"m_-8820984879648306005ox-7e8538e25b-MsoNormal\" style=\"text-align: justify;\">Il tour\u00a0<strong><em>#VeronicaedIo<\/em><\/strong>\u00a0\u00e8 partito a luglio da Venezia e dopo le presentazioni di Torino, Genova, Napoli ha fatto tappa nella Capitale. Il notevole seguito che si \u00e8 generato sui social media ha dato vita anche a un\u00a0<strong><em>flash mob<\/em>\u00a0<\/strong>nella citt\u00e0 della scrittrice, Torino, dove un centinaio di persone si \u00e8 riunito in piazza Vittorio per ballare all\u2019unisono con la scrittrice.<\/p>\n<figure id=\"attachment_18937\" aria-describedby=\"caption-attachment-18937\" style=\"width: 206px\" class=\"wp-caption alignleft\"><img loading=\"lazy\" decoding=\"async\" class=\"size-medium wp-image-18937\" src=\"https:\/\/www.romaoggi.eu\/wp-content\/uploads\/2018\/10\/OK-Foto-autriceTamara-Brazzi-206x300.jpg\" alt=\"alt tag veronica ed io\" width=\"206\" height=\"300\" srcset=\"https:\/\/www.romaoggi.eu\/wp-content\/uploads\/2018\/10\/OK-Foto-autriceTamara-Brazzi-206x300.jpg 206w, https:\/\/www.romaoggi.eu\/wp-content\/uploads\/2018\/10\/OK-Foto-autriceTamara-Brazzi.jpg 658w\" sizes=\"auto, (max-width: 206px) 100vw, 206px\" \/><figcaption id=\"caption-attachment-18937\" class=\"wp-caption-text\">Tamara Brazzi<\/figcaption><\/figure>\n<p class=\"m_-8820984879648306005ox-7e8538e25b-MsoNormal\" style=\"text-align: justify;\"><strong>Tamara Brazzi<\/strong> pubblica il suo quarto romanzo\u00a0<strong><em>Veronica ed Io<\/em><\/strong>, edito da\u00a0<strong><em>La Valigia Rossa edizioni<\/em><\/strong>. Data la sua valenza storica, il volume \u00e8 gi\u00e0 stato inserito\u00a0nell\u2019<strong>Archivio di Stato di Venezia\u00a0<\/strong>e nella collezione della Fondazione Querini Stampalia. <strong>Veronica ed Io\u00a0<\/strong>&#8211; riporta alla luce la vita della pi\u00f9 ricercata donna della Venezia Rinascimentale, Veronica Franco, nella storia contemporanea di Cristina: due personaggi lontani nel tempo, ma allo stesso modo vicini per gli avvenimenti che attraversano.<\/p>\n<p class=\"m_-8820984879648306005ox-7e8538e25b-MsoNormal\" style=\"text-align: justify;\">L\u2019obiettivo della scrittrice \u00e8 quello di riscattare moralmente la Franco e di\u00a0<strong>risvegliare l\u2019attenzione nei confronti di personaggi femminili che scontano una condanna all\u2019oblio dalla storia ufficiale<\/strong>\u00a0per il solo fatto di essere donne o per la loro condotta di vita, come nel caso della Franco.<\/p>\n<p class=\"m_-8820984879648306005ox-7e8538e25b-MsoNormal\" style=\"text-align: justify;\">\u201c<em>Delle donne del passato si conosce poco o nulla, sono considerate marginali e non degne di essere menzionate nei libri di storia<\/em>\u201d, racconta\u00a0<strong>Tamara Brazzi<\/strong>. \u201c<em>Molti fatti storici per\u00f2 furono condizionati, se non addirittura dipesi, dalle donne: influenzarono uomini potenti intercedendo con loro prima che fossero prese importanti decisioni, anche belliche. La stessa Veronica<\/em>\u00a0\u2013 spiega l\u2019autrice del libro &#8211;\u00a0<em>ha salvato Venezia dai turchi, riuscendo a essere l\u2019intermediaria del re di Francia, Enrico III di Valois, per poter schierare le flotte navali francesi contro l\u2019impero Ottomano<\/em>\u201d.<\/p>\n<p class=\"m_-8820984879648306005ox-7e8538e25b-MsoNormal\" style=\"text-align: justify;\"><em>&#8220;Oggi le donne sono libere, hanno possibilit\u00e0 di scelta e di azione e determinano autonomamente chi vogliono essere\u201d<\/em>, sottolinea la scrittrice.\u00a0<em>\u201cUn tempo, invece,<\/em>\u00a0<em>le donne erano relegate a ruoli definiti\u00a0<\/em>\u2013 spiega\u00a0<em>&#8211; e avevano un destino predeterminato dall\u2019estrazione sociale. Ma per quanto private della facolt\u00e0 di scelta, riuscivano a essere mentalmente pi\u00f9 libere\u201d.\u00a0<\/em>Pur accettando i limiti imposti dalla propria origine,\u00a0le pi\u00f9 ardite riuscivano a ricavarsi ampi spazi di autonomia<strong>,<\/strong>\u00a0di scelta e di pensiero, arrivando anche all\u2019indipendenza economica, grazie all\u2019intelletto e al coraggio di sfidare le convenzioni sociali.\u00a0<em>\u201cOggi<\/em>\u00a0\u2013 aggiunge <strong>Tamara<\/strong> &#8211;\u00a0<em>le donne tendono a confinare loro stesse nel vittimismo, perch\u00e9 affrontano ambienti spigolosi, dominati dagli uomini. Veronica Franco ci insegna invece a essere forti\u201d.<\/em><\/p>\n<p><img loading=\"lazy\" decoding=\"async\" class=\"aligncenter wp-image-18938 size-mh-magazine-content\" src=\"https:\/\/www.romaoggi.eu\/wp-content\/uploads\/2018\/10\/42799957_2054208904611023_2281948718871609344_n-678x381.jpg\" alt=\"alt tag veronica ed io\" width=\"678\" height=\"381\" \/><\/p>\n<p class=\"m_-8820984879648306005ox-7e8538e25b-MsoNormal\" style=\"text-align: justify;\">La<strong> Franco<\/strong> era una meretrice,\u00a0una prostituta\u00a0 che grazie per\u00f2 alla sua istruzione, al sapere e all\u2019astuzia, riusc\u00ec ad affrancarsi dall\u2019essere solo un oggetto di bellezza fisica, guadagnandosi l\u2019ammirazione tanto degli uomini quanto delle donne. Non pot\u00e9 mai determinare il suo destino fino in fondo, ma non lo sub\u00ec neanche mai del tutto: lo riscatt\u00f2 con la scrittura. Fu Benedetto Croce a riconoscere i suoi meriti artistici, consegnandola alla critica letteraria.<\/p>\n<p class=\"m_-8820984879648306005ox-7e8538e25b-MsoNormal\" style=\"text-align: justify;\"><strong>Chi era Veronica Franco?\u00a0<\/strong>Una cortigiana definita con l\u2019appellativo di \u2018<em>honesta\u2019<\/em>, perch\u00e9\u00a0<strong>eccezionalmente colta<\/strong>, un\u2019intrattenitrice di alta classe che si distingueva dalla maggior parte delle donne di corte per essere istruita a livello elevato. La Franco riusc\u00ec per le sue capacit\u00e0 a ritagliarsi un ruolo di rilievo all\u2019interno dei salotti aristocratici. Seppur ancorata alla figura di meretrice\u00a0<strong>era un\u2019intellettuale<\/strong>: scrittrice, musicista, poetessa di rime, curatrice di raccolte e saggista, merito degli studi condotti accanto ai suoi fratelli e al suo spiccato interesse per la letteratura. Considerata un\u2019abile conversatrice e consigliera, divenne un punto di riferimento per artisti, pensatori e politici del suo tempo. Durante l\u2019ultimo periodo della sua esistenza si dedic\u00f2 a pratiche di carit\u00e0, mostrandosi magnanima soprattutto verso le giovani indigenti e prostitute. Tra i suoi progetti quello, mai realizzato, di creare una\u00a0<strong>casa di mutuo soccorso per le donne<\/strong>.<\/p>\n<p class=\"m_-8820984879648306005ox-7e8538e25b-MsoNormal\" style=\"text-align: justify;\"><strong>Veronica ed Io &#8211; sinossi &#8211;<\/strong>Due donne a confronto attraverso lo specchio della storia e dell&#8217;anima, immerse nella magica atmosfera, surreale e godereccia, di Venezia, in un passaggio continuo tra ci\u00f2 che \u00e8 stato e ci\u00f2 che sar\u00e0.<\/p>\n<p><img loading=\"lazy\" decoding=\"async\" class=\"aligncenter wp-image-18939 size-full\" src=\"https:\/\/www.romaoggi.eu\/wp-content\/uploads\/2018\/10\/OK-Copertina-media-ridotta.jpg\" alt=\"alt tag veronica ed io\" width=\"453\" height=\"640\" srcset=\"https:\/\/www.romaoggi.eu\/wp-content\/uploads\/2018\/10\/OK-Copertina-media-ridotta.jpg 453w, https:\/\/www.romaoggi.eu\/wp-content\/uploads\/2018\/10\/OK-Copertina-media-ridotta-212x300.jpg 212w\" sizes=\"auto, (max-width: 453px) 100vw, 453px\" \/><\/p>\n<p><a href=\"https:\/\/www.romaoggi.eu\/index.php\/2018\/09\/18\/giornate-europee-del-patrimonio\/\">Redazione<\/a><\/p>\n","protected":false},"excerpt":{"rendered":"<div class=\"mh-excerpt\"><p>Presentato a Roma all\u2019Hotel Savoy\u00a0(via Ludovisi, 15,\u00a0Roma) sabato 29 settembre\u00a0il nuovo libro di\u00a0Tamara Brazzi &#8211; Veronica ed Io\u00a0(La Valigia Rossa edizioni), romanzo su Veronica Franco, cortigiana del \u2018500 veneziano. Il tour\u00a0#VeronicaedIo\u00a0\u00e8 partito a luglio da <a class=\"mh-excerpt-more\" href=\"https:\/\/www.romaoggi.eu\/index.php\/2018\/10\/01\/veronica-ed-io-libro-tamara-brazzi\/\" title=\"Veronica ed Io-Tamara Brazzi libro su Veronica Franco, cortigiana del&#8217;500\">[&#8230;]<\/a><\/p>\n<\/div>","protected":false},"author":3,"featured_media":18940,"comment_status":"closed","ping_status":"open","sticky":false,"template":"","format":"standard","meta":{"_sitemap_exclude":false,"_sitemap_priority":"","_sitemap_frequency":"","footnotes":""},"categories":[10],"tags":[11663,54,11665,11659,11666,476,11661,11664,109,1131,11662,11657,5295,11658,11660],"class_list":["post-18934","post","type-post","status-publish","format-standard","has-post-thumbnail","hentry","category-libri","tag-archivio-di-stato","tag-donne","tag-enrico-iii","tag-hotel-savoy","tag-la-valigia-rossa-edizioni","tag-libro","tag-meretrice","tag-re-di-francia","tag-roma","tag-romanzo","tag-sinossi","tag-tamara-brazzi","tag-venezia","tag-veronica-ed-io","tag-veronica-franco"],"yoast_head":"<!-- This site is optimized with the Yoast SEO plugin v27.5 - https:\/\/yoast.com\/product\/yoast-seo-wordpress\/ -->\n<title>Veronica ed Io-Tamara Brazzi libro su Veronica Franco, cortigiana del&#039;500<\/title>\n<meta name=\"description\" content=\"Presentato a Roma all\u2019Hotel Savoy il 29 settembre\u00a0il nuovo libro di\u00a0Tamara Brazzi - Veronica ed Io\u00a0(La Valigia Rossa edizioni).\" \/>\n<meta name=\"robots\" content=\"index, follow, max-snippet:-1, max-image-preview:large, max-video-preview:-1\" \/>\n<link rel=\"canonical\" href=\"https:\/\/www.romaoggi.eu\/index.php\/2018\/10\/01\/veronica-ed-io-libro-tamara-brazzi\/\" \/>\n<meta property=\"og:locale\" content=\"it_IT\" \/>\n<meta property=\"og:type\" content=\"article\" \/>\n<meta property=\"og:title\" content=\"Veronica ed Io-Tamara Brazzi libro su Veronica Franco, cortigiana del&#039;500\" \/>\n<meta property=\"og:description\" content=\"Presentato a Roma all\u2019Hotel Savoy il 29 settembre\u00a0il nuovo libro di\u00a0Tamara Brazzi - Veronica ed Io\u00a0(La Valigia Rossa edizioni).\" \/>\n<meta property=\"og:url\" content=\"https:\/\/www.romaoggi.eu\/index.php\/2018\/10\/01\/veronica-ed-io-libro-tamara-brazzi\/\" \/>\n<meta property=\"og:site_name\" content=\"roma oggi\" \/>\n<meta property=\"article:publisher\" content=\"https:\/\/www.facebook.com\/RomaOggi-841544845954114\" \/>\n<meta property=\"article:published_time\" content=\"2018-10-01T12:56:58+00:00\" \/>\n<meta property=\"og:image\" content=\"https:\/\/www.romaoggi.eu\/wp-content\/uploads\/2018\/10\/copertina.jpg\" \/>\n\t<meta property=\"og:image:width\" content=\"448\" \/>\n\t<meta property=\"og:image:height\" content=\"431\" \/>\n\t<meta property=\"og:image:type\" content=\"image\/jpeg\" \/>\n<meta name=\"author\" content=\"Antonietta Di Vizia\" \/>\n<meta name=\"twitter:card\" content=\"summary_large_image\" \/>\n<meta name=\"twitter:creator\" content=\"@romaoggi_eu\" \/>\n<meta name=\"twitter:site\" content=\"@romaoggi_eu\" \/>\n<meta name=\"twitter:label1\" content=\"Scritto da\" \/>\n\t<meta name=\"twitter:data1\" content=\"Antonietta Di Vizia\" \/>\n\t<meta name=\"twitter:label2\" content=\"Tempo di lettura stimato\" \/>\n\t<meta name=\"twitter:data2\" content=\"3 minuti\" \/>\n<script type=\"application\/ld+json\" class=\"yoast-schema-graph\">{\"@context\":\"https:\\\/\\\/schema.org\",\"@graph\":[{\"@type\":\"Article\",\"@id\":\"https:\\\/\\\/www.romaoggi.eu\\\/index.php\\\/2018\\\/10\\\/01\\\/veronica-ed-io-libro-tamara-brazzi\\\/#article\",\"isPartOf\":{\"@id\":\"https:\\\/\\\/www.romaoggi.eu\\\/index.php\\\/2018\\\/10\\\/01\\\/veronica-ed-io-libro-tamara-brazzi\\\/\"},\"author\":{\"name\":\"Antonietta Di Vizia\",\"@id\":\"https:\\\/\\\/www.romaoggi.eu\\\/#\\\/schema\\\/person\\\/c8ca1fb64b5506391fff5f822a866c23\"},\"headline\":\"Veronica ed Io-Tamara Brazzi libro su Veronica Franco, cortigiana del&#8217;500\",\"datePublished\":\"2018-10-01T12:56:58+00:00\",\"mainEntityOfPage\":{\"@id\":\"https:\\\/\\\/www.romaoggi.eu\\\/index.php\\\/2018\\\/10\\\/01\\\/veronica-ed-io-libro-tamara-brazzi\\\/\"},\"wordCount\":707,\"publisher\":{\"@id\":\"https:\\\/\\\/www.romaoggi.eu\\\/#organization\"},\"image\":{\"@id\":\"https:\\\/\\\/www.romaoggi.eu\\\/index.php\\\/2018\\\/10\\\/01\\\/veronica-ed-io-libro-tamara-brazzi\\\/#primaryimage\"},\"thumbnailUrl\":\"https:\\\/\\\/www.romaoggi.eu\\\/wp-content\\\/uploads\\\/2018\\\/10\\\/copertina.jpg\",\"keywords\":[\"archivio di stato\",\"donne\",\"enrico III\",\"hotel savoy\",\"la valigia rossa edizioni\",\"libro\",\"meretrice\",\"re di Francia\",\"roma\",\"romanzo\",\"sinossi\",\"tamara brazzi\",\"Venezia\",\"veronica ed io\",\"veronica franco\"],\"articleSection\":[\"Libri\"],\"inLanguage\":\"it-IT\"},{\"@type\":\"WebPage\",\"@id\":\"https:\\\/\\\/www.romaoggi.eu\\\/index.php\\\/2018\\\/10\\\/01\\\/veronica-ed-io-libro-tamara-brazzi\\\/\",\"url\":\"https:\\\/\\\/www.romaoggi.eu\\\/index.php\\\/2018\\\/10\\\/01\\\/veronica-ed-io-libro-tamara-brazzi\\\/\",\"name\":\"Veronica ed Io-Tamara Brazzi libro su Veronica Franco, cortigiana del'500\",\"isPartOf\":{\"@id\":\"https:\\\/\\\/www.romaoggi.eu\\\/#website\"},\"primaryImageOfPage\":{\"@id\":\"https:\\\/\\\/www.romaoggi.eu\\\/index.php\\\/2018\\\/10\\\/01\\\/veronica-ed-io-libro-tamara-brazzi\\\/#primaryimage\"},\"image\":{\"@id\":\"https:\\\/\\\/www.romaoggi.eu\\\/index.php\\\/2018\\\/10\\\/01\\\/veronica-ed-io-libro-tamara-brazzi\\\/#primaryimage\"},\"thumbnailUrl\":\"https:\\\/\\\/www.romaoggi.eu\\\/wp-content\\\/uploads\\\/2018\\\/10\\\/copertina.jpg\",\"datePublished\":\"2018-10-01T12:56:58+00:00\",\"description\":\"Presentato a Roma all\u2019Hotel Savoy il 29 settembre\u00a0il nuovo libro di\u00a0Tamara Brazzi - Veronica ed Io\u00a0(La Valigia Rossa edizioni).\",\"breadcrumb\":{\"@id\":\"https:\\\/\\\/www.romaoggi.eu\\\/index.php\\\/2018\\\/10\\\/01\\\/veronica-ed-io-libro-tamara-brazzi\\\/#breadcrumb\"},\"inLanguage\":\"it-IT\",\"potentialAction\":[{\"@type\":\"ReadAction\",\"target\":[\"https:\\\/\\\/www.romaoggi.eu\\\/index.php\\\/2018\\\/10\\\/01\\\/veronica-ed-io-libro-tamara-brazzi\\\/\"]}]},{\"@type\":\"ImageObject\",\"inLanguage\":\"it-IT\",\"@id\":\"https:\\\/\\\/www.romaoggi.eu\\\/index.php\\\/2018\\\/10\\\/01\\\/veronica-ed-io-libro-tamara-brazzi\\\/#primaryimage\",\"url\":\"https:\\\/\\\/www.romaoggi.eu\\\/wp-content\\\/uploads\\\/2018\\\/10\\\/copertina.jpg\",\"contentUrl\":\"https:\\\/\\\/www.romaoggi.eu\\\/wp-content\\\/uploads\\\/2018\\\/10\\\/copertina.jpg\",\"width\":448,\"height\":431,\"caption\":\"alt tag veronica ed io\"},{\"@type\":\"BreadcrumbList\",\"@id\":\"https:\\\/\\\/www.romaoggi.eu\\\/index.php\\\/2018\\\/10\\\/01\\\/veronica-ed-io-libro-tamara-brazzi\\\/#breadcrumb\",\"itemListElement\":[{\"@type\":\"ListItem\",\"position\":1,\"name\":\"Home\",\"item\":\"https:\\\/\\\/www.romaoggi.eu\\\/\"},{\"@type\":\"ListItem\",\"position\":2,\"name\":\"Veronica ed Io-Tamara Brazzi libro su Veronica Franco, cortigiana del&#8217;500\"}]},{\"@type\":\"WebSite\",\"@id\":\"https:\\\/\\\/www.romaoggi.eu\\\/#website\",\"url\":\"https:\\\/\\\/www.romaoggi.eu\\\/\",\"name\":\"roma oggi\",\"description\":\"Interesting News for Interesting people\",\"publisher\":{\"@id\":\"https:\\\/\\\/www.romaoggi.eu\\\/#organization\"},\"potentialAction\":[{\"@type\":\"SearchAction\",\"target\":{\"@type\":\"EntryPoint\",\"urlTemplate\":\"https:\\\/\\\/www.romaoggi.eu\\\/?s={search_term_string}\"},\"query-input\":{\"@type\":\"PropertyValueSpecification\",\"valueRequired\":true,\"valueName\":\"search_term_string\"}}],\"inLanguage\":\"it-IT\"},{\"@type\":\"Organization\",\"@id\":\"https:\\\/\\\/www.romaoggi.eu\\\/#organization\",\"name\":\"RomaOggi\",\"url\":\"https:\\\/\\\/www.romaoggi.eu\\\/\",\"logo\":{\"@type\":\"ImageObject\",\"inLanguage\":\"it-IT\",\"@id\":\"https:\\\/\\\/www.romaoggi.eu\\\/#\\\/schema\\\/logo\\\/image\\\/\",\"url\":\"https:\\\/\\\/www.romaoggi.eu\\\/wp-content\\\/uploads\\\/2017\\\/04\\\/logowp.jpg\",\"contentUrl\":\"https:\\\/\\\/www.romaoggi.eu\\\/wp-content\\\/uploads\\\/2017\\\/04\\\/logowp.jpg\",\"width\":300,\"height\":133,\"caption\":\"RomaOggi\"},\"image\":{\"@id\":\"https:\\\/\\\/www.romaoggi.eu\\\/#\\\/schema\\\/logo\\\/image\\\/\"},\"sameAs\":[\"https:\\\/\\\/www.facebook.com\\\/RomaOggi-841544845954114\",\"https:\\\/\\\/x.com\\\/romaoggi_eu\"]},{\"@type\":\"Person\",\"@id\":\"https:\\\/\\\/www.romaoggi.eu\\\/#\\\/schema\\\/person\\\/c8ca1fb64b5506391fff5f822a866c23\",\"name\":\"Antonietta Di Vizia\",\"image\":{\"@type\":\"ImageObject\",\"inLanguage\":\"it-IT\",\"@id\":\"https:\\\/\\\/secure.gravatar.com\\\/avatar\\\/2ad571aa3fbfe3089b06ed5617adf58717b9359c0c97cf9b52804fb2dac293f2?s=96&d=mm&r=g\",\"url\":\"https:\\\/\\\/secure.gravatar.com\\\/avatar\\\/2ad571aa3fbfe3089b06ed5617adf58717b9359c0c97cf9b52804fb2dac293f2?s=96&d=mm&r=g\",\"contentUrl\":\"https:\\\/\\\/secure.gravatar.com\\\/avatar\\\/2ad571aa3fbfe3089b06ed5617adf58717b9359c0c97cf9b52804fb2dac293f2?s=96&d=mm&r=g\",\"caption\":\"Antonietta Di Vizia\"},\"url\":\"https:\\\/\\\/www.romaoggi.eu\\\/index.php\\\/author\\\/antonietta\\\/\"}]}<\/script>\n<!-- \/ Yoast SEO plugin. -->","yoast_head_json":{"title":"Veronica ed Io-Tamara Brazzi libro su Veronica Franco, cortigiana del'500","description":"Presentato a Roma all\u2019Hotel Savoy il 29 settembre\u00a0il nuovo libro di\u00a0Tamara Brazzi - Veronica ed Io\u00a0(La Valigia Rossa edizioni).","robots":{"index":"index","follow":"follow","max-snippet":"max-snippet:-1","max-image-preview":"max-image-preview:large","max-video-preview":"max-video-preview:-1"},"canonical":"https:\/\/www.romaoggi.eu\/index.php\/2018\/10\/01\/veronica-ed-io-libro-tamara-brazzi\/","og_locale":"it_IT","og_type":"article","og_title":"Veronica ed Io-Tamara Brazzi libro su Veronica Franco, cortigiana del'500","og_description":"Presentato a Roma all\u2019Hotel Savoy il 29 settembre\u00a0il nuovo libro di\u00a0Tamara Brazzi - Veronica ed Io\u00a0(La Valigia Rossa edizioni).","og_url":"https:\/\/www.romaoggi.eu\/index.php\/2018\/10\/01\/veronica-ed-io-libro-tamara-brazzi\/","og_site_name":"roma oggi","article_publisher":"https:\/\/www.facebook.com\/RomaOggi-841544845954114","article_published_time":"2018-10-01T12:56:58+00:00","og_image":[{"width":448,"height":431,"url":"https:\/\/www.romaoggi.eu\/wp-content\/uploads\/2018\/10\/copertina.jpg","type":"image\/jpeg"}],"author":"Antonietta Di Vizia","twitter_card":"summary_large_image","twitter_creator":"@romaoggi_eu","twitter_site":"@romaoggi_eu","twitter_misc":{"Scritto da":"Antonietta Di Vizia","Tempo di lettura stimato":"3 minuti"},"schema":{"@context":"https:\/\/schema.org","@graph":[{"@type":"Article","@id":"https:\/\/www.romaoggi.eu\/index.php\/2018\/10\/01\/veronica-ed-io-libro-tamara-brazzi\/#article","isPartOf":{"@id":"https:\/\/www.romaoggi.eu\/index.php\/2018\/10\/01\/veronica-ed-io-libro-tamara-brazzi\/"},"author":{"name":"Antonietta Di Vizia","@id":"https:\/\/www.romaoggi.eu\/#\/schema\/person\/c8ca1fb64b5506391fff5f822a866c23"},"headline":"Veronica ed Io-Tamara Brazzi libro su Veronica Franco, cortigiana del&#8217;500","datePublished":"2018-10-01T12:56:58+00:00","mainEntityOfPage":{"@id":"https:\/\/www.romaoggi.eu\/index.php\/2018\/10\/01\/veronica-ed-io-libro-tamara-brazzi\/"},"wordCount":707,"publisher":{"@id":"https:\/\/www.romaoggi.eu\/#organization"},"image":{"@id":"https:\/\/www.romaoggi.eu\/index.php\/2018\/10\/01\/veronica-ed-io-libro-tamara-brazzi\/#primaryimage"},"thumbnailUrl":"https:\/\/www.romaoggi.eu\/wp-content\/uploads\/2018\/10\/copertina.jpg","keywords":["archivio di stato","donne","enrico III","hotel savoy","la valigia rossa edizioni","libro","meretrice","re di Francia","roma","romanzo","sinossi","tamara brazzi","Venezia","veronica ed io","veronica franco"],"articleSection":["Libri"],"inLanguage":"it-IT"},{"@type":"WebPage","@id":"https:\/\/www.romaoggi.eu\/index.php\/2018\/10\/01\/veronica-ed-io-libro-tamara-brazzi\/","url":"https:\/\/www.romaoggi.eu\/index.php\/2018\/10\/01\/veronica-ed-io-libro-tamara-brazzi\/","name":"Veronica ed Io-Tamara Brazzi libro su Veronica Franco, cortigiana del'500","isPartOf":{"@id":"https:\/\/www.romaoggi.eu\/#website"},"primaryImageOfPage":{"@id":"https:\/\/www.romaoggi.eu\/index.php\/2018\/10\/01\/veronica-ed-io-libro-tamara-brazzi\/#primaryimage"},"image":{"@id":"https:\/\/www.romaoggi.eu\/index.php\/2018\/10\/01\/veronica-ed-io-libro-tamara-brazzi\/#primaryimage"},"thumbnailUrl":"https:\/\/www.romaoggi.eu\/wp-content\/uploads\/2018\/10\/copertina.jpg","datePublished":"2018-10-01T12:56:58+00:00","description":"Presentato a Roma all\u2019Hotel Savoy il 29 settembre\u00a0il nuovo libro di\u00a0Tamara Brazzi - Veronica ed Io\u00a0(La Valigia Rossa edizioni).","breadcrumb":{"@id":"https:\/\/www.romaoggi.eu\/index.php\/2018\/10\/01\/veronica-ed-io-libro-tamara-brazzi\/#breadcrumb"},"inLanguage":"it-IT","potentialAction":[{"@type":"ReadAction","target":["https:\/\/www.romaoggi.eu\/index.php\/2018\/10\/01\/veronica-ed-io-libro-tamara-brazzi\/"]}]},{"@type":"ImageObject","inLanguage":"it-IT","@id":"https:\/\/www.romaoggi.eu\/index.php\/2018\/10\/01\/veronica-ed-io-libro-tamara-brazzi\/#primaryimage","url":"https:\/\/www.romaoggi.eu\/wp-content\/uploads\/2018\/10\/copertina.jpg","contentUrl":"https:\/\/www.romaoggi.eu\/wp-content\/uploads\/2018\/10\/copertina.jpg","width":448,"height":431,"caption":"alt tag veronica ed io"},{"@type":"BreadcrumbList","@id":"https:\/\/www.romaoggi.eu\/index.php\/2018\/10\/01\/veronica-ed-io-libro-tamara-brazzi\/#breadcrumb","itemListElement":[{"@type":"ListItem","position":1,"name":"Home","item":"https:\/\/www.romaoggi.eu\/"},{"@type":"ListItem","position":2,"name":"Veronica ed Io-Tamara Brazzi libro su Veronica Franco, cortigiana del&#8217;500"}]},{"@type":"WebSite","@id":"https:\/\/www.romaoggi.eu\/#website","url":"https:\/\/www.romaoggi.eu\/","name":"roma oggi","description":"Interesting News for Interesting people","publisher":{"@id":"https:\/\/www.romaoggi.eu\/#organization"},"potentialAction":[{"@type":"SearchAction","target":{"@type":"EntryPoint","urlTemplate":"https:\/\/www.romaoggi.eu\/?s={search_term_string}"},"query-input":{"@type":"PropertyValueSpecification","valueRequired":true,"valueName":"search_term_string"}}],"inLanguage":"it-IT"},{"@type":"Organization","@id":"https:\/\/www.romaoggi.eu\/#organization","name":"RomaOggi","url":"https:\/\/www.romaoggi.eu\/","logo":{"@type":"ImageObject","inLanguage":"it-IT","@id":"https:\/\/www.romaoggi.eu\/#\/schema\/logo\/image\/","url":"https:\/\/www.romaoggi.eu\/wp-content\/uploads\/2017\/04\/logowp.jpg","contentUrl":"https:\/\/www.romaoggi.eu\/wp-content\/uploads\/2017\/04\/logowp.jpg","width":300,"height":133,"caption":"RomaOggi"},"image":{"@id":"https:\/\/www.romaoggi.eu\/#\/schema\/logo\/image\/"},"sameAs":["https:\/\/www.facebook.com\/RomaOggi-841544845954114","https:\/\/x.com\/romaoggi_eu"]},{"@type":"Person","@id":"https:\/\/www.romaoggi.eu\/#\/schema\/person\/c8ca1fb64b5506391fff5f822a866c23","name":"Antonietta Di Vizia","image":{"@type":"ImageObject","inLanguage":"it-IT","@id":"https:\/\/secure.gravatar.com\/avatar\/2ad571aa3fbfe3089b06ed5617adf58717b9359c0c97cf9b52804fb2dac293f2?s=96&d=mm&r=g","url":"https:\/\/secure.gravatar.com\/avatar\/2ad571aa3fbfe3089b06ed5617adf58717b9359c0c97cf9b52804fb2dac293f2?s=96&d=mm&r=g","contentUrl":"https:\/\/secure.gravatar.com\/avatar\/2ad571aa3fbfe3089b06ed5617adf58717b9359c0c97cf9b52804fb2dac293f2?s=96&d=mm&r=g","caption":"Antonietta Di Vizia"},"url":"https:\/\/www.romaoggi.eu\/index.php\/author\/antonietta\/"}]}},"_links":{"self":[{"href":"https:\/\/www.romaoggi.eu\/index.php\/wp-json\/wp\/v2\/posts\/18934","targetHints":{"allow":["GET"]}}],"collection":[{"href":"https:\/\/www.romaoggi.eu\/index.php\/wp-json\/wp\/v2\/posts"}],"about":[{"href":"https:\/\/www.romaoggi.eu\/index.php\/wp-json\/wp\/v2\/types\/post"}],"author":[{"embeddable":true,"href":"https:\/\/www.romaoggi.eu\/index.php\/wp-json\/wp\/v2\/users\/3"}],"replies":[{"embeddable":true,"href":"https:\/\/www.romaoggi.eu\/index.php\/wp-json\/wp\/v2\/comments?post=18934"}],"version-history":[{"count":5,"href":"https:\/\/www.romaoggi.eu\/index.php\/wp-json\/wp\/v2\/posts\/18934\/revisions"}],"predecessor-version":[{"id":18943,"href":"https:\/\/www.romaoggi.eu\/index.php\/wp-json\/wp\/v2\/posts\/18934\/revisions\/18943"}],"wp:featuredmedia":[{"embeddable":true,"href":"https:\/\/www.romaoggi.eu\/index.php\/wp-json\/wp\/v2\/media\/18940"}],"wp:attachment":[{"href":"https:\/\/www.romaoggi.eu\/index.php\/wp-json\/wp\/v2\/media?parent=18934"}],"wp:term":[{"taxonomy":"category","embeddable":true,"href":"https:\/\/www.romaoggi.eu\/index.php\/wp-json\/wp\/v2\/categories?post=18934"},{"taxonomy":"post_tag","embeddable":true,"href":"https:\/\/www.romaoggi.eu\/index.php\/wp-json\/wp\/v2\/tags?post=18934"}],"curies":[{"name":"wp","href":"https:\/\/api.w.org\/{rel}","templated":true}]}}