{"id":18977,"date":"2018-10-03T13:23:00","date_gmt":"2018-10-03T11:23:00","guid":{"rendered":"http:\/\/www.romaoggi.eu\/?p=18977"},"modified":"2018-10-03T13:23:00","modified_gmt":"2018-10-03T11:23:00","slug":"roberto-zeno-ricerca-bellezza","status":"publish","type":"post","link":"https:\/\/www.romaoggi.eu\/index.php\/2018\/10\/03\/roberto-zeno-ricerca-bellezza\/","title":{"rendered":"\u201cLa bellezza salver\u00e0 il mondo\u201d Roberto Zeno un ventennio di ricerca"},"content":{"rendered":"<p style=\"text-align: justify;\"><span style=\"font-weight: 400;\">\u201c<em>La bellezza salver\u00e0 il mondo<\/em>\u201d,\u00a0<a href=\"http:\/\/www.robertozeno.com\">Roberto Zeno<\/a> ha dedicato un ventennio della sua vita in questa direzione lasciando un segno\u00a0 tra gli accessori di moda e tra gli oggetti preziosi.<\/span><\/p>\n<p><img loading=\"lazy\" decoding=\"async\" class=\"aligncenter wp-image-18980 size-full\" src=\"https:\/\/www.romaoggi.eu\/wp-content\/uploads\/2018\/10\/c93b80c3-41c2-4eb2-a5c6-db925a740436.jpg\" alt=\"alt tag roberto zeno\" width=\"747\" height=\"755\" srcset=\"https:\/\/www.romaoggi.eu\/wp-content\/uploads\/2018\/10\/c93b80c3-41c2-4eb2-a5c6-db925a740436.jpg 747w, https:\/\/www.romaoggi.eu\/wp-content\/uploads\/2018\/10\/c93b80c3-41c2-4eb2-a5c6-db925a740436-297x300.jpg 297w\" sizes=\"auto, (max-width: 747px) 100vw, 747px\" \/><\/p>\n<p style=\"text-align: justify;\"><span style=\"font-weight: 400;\">La celebre frase, pronunciata dal principe <strong>Myskin<\/strong>, personaggio di <strong>Dostoevskij,<\/strong> ci viene in mente ogni volta che ricordiamo quanto negli ultimi decenni si sia smarrita la retta via, tanto per non lesinare in citazioni letterarie. Difficile rifuggire dal materialismo che, in modo pi\u00f9 o meno opprimente, caratterizza il nostro agire se perdiamo l\u2019unico riferimento capace di sollecitare le nostre emozioni da esteti, capaci di farci commuovere al cospetto del <em>\u201cbello\u201d<\/em> nell\u2019accezione pi\u00f9 oggettiva possibile, quella che non lascia spazio alla volgare interpretazione soggettiva contaminata dall\u2019affanno quotidiano. Bella \u00e8 certa letteratura e l\u2019arte in genere; bello \u00e8 ci\u00f2 che ci spinge a compiere un gesto che potremmo definire <em>\u201cnobile\u201d<\/em> e bella, certo, pu\u00f2 essere una creazione allorquando il demiurgo abbia concepito sotto l\u2019infusione divina della bellezza, appunto.<\/span><\/p>\n<p style=\"text-align: justify;\"><span style=\"font-weight: 400;\">Oggi ci siamo imbattuti in colui che ha dedicato oltre un ventennio della sua vita alla ricerca della bellezza e, fortunatamente, i frutti del suo ricercare sono ben noti a coloro che amano trovare il bello tra gli accessori di moda e tra gli oggetti preziosi. Personalit\u00e0 schiva, <strong>Roberto Zeno<\/strong> ha voluto concederci un po\u2019 del suo tempo, sia per il piacere della condivisione, sempre vivido nei periodi di conduzione di nuovi progetti; sia per l\u2019entusiasmo che sempre accompagna il discorrere circa la sua famiglia, specialmente se l\u2019inclinazione per \u201c<em>l\u2019artistico sentire<\/em>\u201d si rivela fattore chiaramente ereditario.<\/span><\/p>\n<p>&nbsp;<\/p>\n<p style=\"text-align: justify;\"><span style=\"font-weight: 400;\">Pochi minuti per riferirci quasi distrattamente dei successi commerciali eclatanti delle nuove collezioni \u201c<strong>Roberto Zeno<\/strong>\u201d, dalle borse agli splendidi monili in pietre preziose, e poi, repentinamente, la conversazione plana su Antonio, primo dei due figli maschi (Nunzia \u00e8 la figlia maggiore e Luigi il pi\u00f9 piccolo) e reduce dal conseguimento di un attestato di competenze in \u201cgemmologia\u201d riservato ogni anno a poche persone al mondo. Roberto non \u00a0fa nulla per nascondere un cuore gonfio di orgoglio quando inizia a parlarne: \u201cAntonio ha assecondato un suo talento innato: quello di saper riconoscere nelle pietre il loro valore nel significato pi\u00f9 ampio del termine.<\/span><\/p>\n<p><img loading=\"lazy\" decoding=\"async\" class=\"aligncenter wp-image-18978 size-full\" src=\"https:\/\/www.romaoggi.eu\/wp-content\/uploads\/2018\/10\/b04f7b9e-c6e5-40db-aff9-6777948dcf79.jpg\" alt=\"alt tag roberto zeno\" width=\"750\" height=\"748\" srcset=\"https:\/\/www.romaoggi.eu\/wp-content\/uploads\/2018\/10\/b04f7b9e-c6e5-40db-aff9-6777948dcf79.jpg 750w, https:\/\/www.romaoggi.eu\/wp-content\/uploads\/2018\/10\/b04f7b9e-c6e5-40db-aff9-6777948dcf79-150x150.jpg 150w, https:\/\/www.romaoggi.eu\/wp-content\/uploads\/2018\/10\/b04f7b9e-c6e5-40db-aff9-6777948dcf79-300x300.jpg 300w\" sizes=\"auto, (max-width: 750px) 100vw, 750px\" \/><\/p>\n<p style=\"text-align: justify;\"><span style=\"font-weight: 400;\">E\u2019 un talento che nasce dall\u2019amore per quelle pietre quali frutti pi\u00f9 rari della Terra e, certamente, i pi\u00f9 difficili da cogliere. Io come padre, ma anche come figlio dal momento che io stesso ho ereditato la passione da mio padre, non posso che dirmi orgoglioso dei risultati conseguiti da Antonio, personali ancor prima che imprenditoriali e commerciali. Sono in una fase della mia vita nella quale voglio dedicare molto del mio tempo ad amare i miei figli e a vederli crescere sotto tutti i punti di vista. Cos\u00ec mi sar\u00e0 pi\u00f9 facile continuare a trarre ispirazione e condividerla con loro. Ho iniziato tanti anni fa con un semplice seme e oggi coltivando la mia passione ho raggiunto quella serenit\u00e0 e quella lucidit\u00e0 che, spero ed immagino, siano visibili in tutte le creazioni del mio brand. Il mio brand porta il mio nome perch\u00e9 rispecchia ci\u00f2 che sono e ci\u00f2 che amo, un nome che ha fatto dello stile un volano per la diffusione della bellezza, un nome che \u00e8 il nome, non a caso, il nome proprio dello stile\u201d.<\/span><\/p>\n<p style=\"text-align: justify;\"><span style=\"font-weight: 400;\">Occhi lucidi, visibilmente commosso Roberto si congeda e ci lascia in compagnia di Antonio. Sar\u00e0 con lui che vorremo nei prossimi giorni continuare a parlare di Roberto Zeno brand e sapere in che modo sapr\u00e0 infondere nuova linfa alla creativit\u00e0 della maison e con quali nuove creazioni sapr\u00e0 continuare ad incantare i suoi amici e clienti.<\/span><\/p>\n<p><a href=\"https:\/\/www.romaoggi.eu\/index.php\/2018\/04\/10\/roberto-zeno-designer\/\">\u00a0Barbara Castellani<\/a><\/p>\n<p>&nbsp;<\/p>\n","protected":false},"excerpt":{"rendered":"<div class=\"mh-excerpt\"><p>\u201cLa bellezza salver\u00e0 il mondo\u201d,\u00a0Roberto Zeno ha dedicato un ventennio della sua vita in questa direzione lasciando un segno\u00a0 tra gli accessori di moda e tra gli oggetti preziosi. La celebre frase, pronunciata dal principe <a class=\"mh-excerpt-more\" href=\"https:\/\/www.romaoggi.eu\/index.php\/2018\/10\/03\/roberto-zeno-ricerca-bellezza\/\" title=\"\u201cLa bellezza salver\u00e0 il mondo\u201d Roberto Zeno un ventennio di ricerca\">[&#8230;]<\/a><\/p>\n<\/div>","protected":false},"author":3,"featured_media":18985,"comment_status":"closed","ping_status":"open","sticky":false,"template":"","format":"standard","meta":{"_sitemap_exclude":false,"_sitemap_priority":"","_sitemap_frequency":"","footnotes":""},"categories":[3416],"tags":[248,11618,3990,2987,247,11047,201,11682,11681,10016],"class_list":["post-18977","post","type-post","status-publish","format-standard","has-post-thumbnail","hentry","category-moda","tag-accessori","tag-antonio-zeno","tag-barbara-castellani","tag-bellezza","tag-borse","tag-brand","tag-moda","tag-oggetti-preziosi","tag-ricerca","tag-roberto-zeno"],"yoast_head":"<!-- This site is optimized with the Yoast SEO plugin v27.5 - https:\/\/yoast.com\/product\/yoast-seo-wordpress\/ -->\n<title>\u201cLa bellezza salver\u00e0 il mondo\u201d Roberto Zeno un ventennio di ricerca<\/title>\n<meta name=\"description\" content=\"Roberto Zeno ha dedicato un ventennio della sua vita nella ricerca della bellezza, lasciando un segno\u00a0 tra gli accessori di moda e tra gli oggetti preziosi.\" \/>\n<meta name=\"robots\" content=\"index, follow, max-snippet:-1, max-image-preview:large, max-video-preview:-1\" \/>\n<link rel=\"canonical\" href=\"https:\/\/www.romaoggi.eu\/index.php\/2018\/10\/03\/roberto-zeno-ricerca-bellezza\/\" \/>\n<meta property=\"og:locale\" content=\"it_IT\" \/>\n<meta property=\"og:type\" content=\"article\" \/>\n<meta property=\"og:title\" content=\"\u201cLa bellezza salver\u00e0 il mondo\u201d Roberto Zeno un ventennio di ricerca\" \/>\n<meta property=\"og:description\" content=\"Roberto Zeno ha dedicato un ventennio della sua vita nella ricerca della bellezza, lasciando un segno\u00a0 tra gli accessori di moda e tra gli oggetti preziosi.\" \/>\n<meta property=\"og:url\" content=\"https:\/\/www.romaoggi.eu\/index.php\/2018\/10\/03\/roberto-zeno-ricerca-bellezza\/\" \/>\n<meta property=\"og:site_name\" content=\"roma oggi\" \/>\n<meta property=\"article:publisher\" content=\"https:\/\/www.facebook.com\/RomaOggi-841544845954114\" \/>\n<meta property=\"article:published_time\" content=\"2018-10-03T11:23:00+00:00\" \/>\n<meta property=\"og:image\" content=\"https:\/\/www.romaoggi.eu\/wp-content\/uploads\/2018\/10\/ciprovo.jpg\" \/>\n\t<meta property=\"og:image:width\" content=\"400\" \/>\n\t<meta property=\"og:image:height\" content=\"437\" \/>\n\t<meta property=\"og:image:type\" content=\"image\/jpeg\" \/>\n<meta name=\"author\" content=\"Antonietta Di Vizia\" \/>\n<meta name=\"twitter:card\" content=\"summary_large_image\" \/>\n<meta name=\"twitter:creator\" content=\"@romaoggi_eu\" \/>\n<meta name=\"twitter:site\" content=\"@romaoggi_eu\" \/>\n<meta name=\"twitter:label1\" content=\"Scritto da\" \/>\n\t<meta name=\"twitter:data1\" content=\"Antonietta Di Vizia\" \/>\n\t<meta name=\"twitter:label2\" content=\"Tempo di lettura stimato\" \/>\n\t<meta name=\"twitter:data2\" content=\"3 minuti\" \/>\n<script type=\"application\/ld+json\" class=\"yoast-schema-graph\">{\"@context\":\"https:\\\/\\\/schema.org\",\"@graph\":[{\"@type\":\"Article\",\"@id\":\"https:\\\/\\\/www.romaoggi.eu\\\/index.php\\\/2018\\\/10\\\/03\\\/roberto-zeno-ricerca-bellezza\\\/#article\",\"isPartOf\":{\"@id\":\"https:\\\/\\\/www.romaoggi.eu\\\/index.php\\\/2018\\\/10\\\/03\\\/roberto-zeno-ricerca-bellezza\\\/\"},\"author\":{\"name\":\"Antonietta Di Vizia\",\"@id\":\"https:\\\/\\\/www.romaoggi.eu\\\/#\\\/schema\\\/person\\\/c8ca1fb64b5506391fff5f822a866c23\"},\"headline\":\"\u201cLa bellezza salver\u00e0 il mondo\u201d Roberto Zeno un ventennio di ricerca\",\"datePublished\":\"2018-10-03T11:23:00+00:00\",\"mainEntityOfPage\":{\"@id\":\"https:\\\/\\\/www.romaoggi.eu\\\/index.php\\\/2018\\\/10\\\/03\\\/roberto-zeno-ricerca-bellezza\\\/\"},\"wordCount\":610,\"publisher\":{\"@id\":\"https:\\\/\\\/www.romaoggi.eu\\\/#organization\"},\"image\":{\"@id\":\"https:\\\/\\\/www.romaoggi.eu\\\/index.php\\\/2018\\\/10\\\/03\\\/roberto-zeno-ricerca-bellezza\\\/#primaryimage\"},\"thumbnailUrl\":\"https:\\\/\\\/www.romaoggi.eu\\\/wp-content\\\/uploads\\\/2018\\\/10\\\/ciprovo.jpg\",\"keywords\":[\"accessori\",\"antonio zeno\",\"Barbara Castellani\",\"bellezza\",\"borse\",\"brand\",\"moda\",\"oggetti preziosi\",\"ricerca\",\"roberto zeno\"],\"articleSection\":[\"Moda\"],\"inLanguage\":\"it-IT\"},{\"@type\":\"WebPage\",\"@id\":\"https:\\\/\\\/www.romaoggi.eu\\\/index.php\\\/2018\\\/10\\\/03\\\/roberto-zeno-ricerca-bellezza\\\/\",\"url\":\"https:\\\/\\\/www.romaoggi.eu\\\/index.php\\\/2018\\\/10\\\/03\\\/roberto-zeno-ricerca-bellezza\\\/\",\"name\":\"\u201cLa bellezza salver\u00e0 il mondo\u201d Roberto Zeno un ventennio di ricerca\",\"isPartOf\":{\"@id\":\"https:\\\/\\\/www.romaoggi.eu\\\/#website\"},\"primaryImageOfPage\":{\"@id\":\"https:\\\/\\\/www.romaoggi.eu\\\/index.php\\\/2018\\\/10\\\/03\\\/roberto-zeno-ricerca-bellezza\\\/#primaryimage\"},\"image\":{\"@id\":\"https:\\\/\\\/www.romaoggi.eu\\\/index.php\\\/2018\\\/10\\\/03\\\/roberto-zeno-ricerca-bellezza\\\/#primaryimage\"},\"thumbnailUrl\":\"https:\\\/\\\/www.romaoggi.eu\\\/wp-content\\\/uploads\\\/2018\\\/10\\\/ciprovo.jpg\",\"datePublished\":\"2018-10-03T11:23:00+00:00\",\"description\":\"Roberto Zeno ha dedicato un ventennio della sua vita nella ricerca della bellezza, lasciando un segno\u00a0 tra gli accessori di moda e tra gli oggetti preziosi.\",\"breadcrumb\":{\"@id\":\"https:\\\/\\\/www.romaoggi.eu\\\/index.php\\\/2018\\\/10\\\/03\\\/roberto-zeno-ricerca-bellezza\\\/#breadcrumb\"},\"inLanguage\":\"it-IT\",\"potentialAction\":[{\"@type\":\"ReadAction\",\"target\":[\"https:\\\/\\\/www.romaoggi.eu\\\/index.php\\\/2018\\\/10\\\/03\\\/roberto-zeno-ricerca-bellezza\\\/\"]}]},{\"@type\":\"ImageObject\",\"inLanguage\":\"it-IT\",\"@id\":\"https:\\\/\\\/www.romaoggi.eu\\\/index.php\\\/2018\\\/10\\\/03\\\/roberto-zeno-ricerca-bellezza\\\/#primaryimage\",\"url\":\"https:\\\/\\\/www.romaoggi.eu\\\/wp-content\\\/uploads\\\/2018\\\/10\\\/ciprovo.jpg\",\"contentUrl\":\"https:\\\/\\\/www.romaoggi.eu\\\/wp-content\\\/uploads\\\/2018\\\/10\\\/ciprovo.jpg\",\"width\":400,\"height\":437,\"caption\":\"alt tag roberto zeno\"},{\"@type\":\"BreadcrumbList\",\"@id\":\"https:\\\/\\\/www.romaoggi.eu\\\/index.php\\\/2018\\\/10\\\/03\\\/roberto-zeno-ricerca-bellezza\\\/#breadcrumb\",\"itemListElement\":[{\"@type\":\"ListItem\",\"position\":1,\"name\":\"Home\",\"item\":\"https:\\\/\\\/www.romaoggi.eu\\\/\"},{\"@type\":\"ListItem\",\"position\":2,\"name\":\"\u201cLa bellezza salver\u00e0 il mondo\u201d Roberto Zeno un ventennio di ricerca\"}]},{\"@type\":\"WebSite\",\"@id\":\"https:\\\/\\\/www.romaoggi.eu\\\/#website\",\"url\":\"https:\\\/\\\/www.romaoggi.eu\\\/\",\"name\":\"roma oggi\",\"description\":\"Interesting News for Interesting people\",\"publisher\":{\"@id\":\"https:\\\/\\\/www.romaoggi.eu\\\/#organization\"},\"potentialAction\":[{\"@type\":\"SearchAction\",\"target\":{\"@type\":\"EntryPoint\",\"urlTemplate\":\"https:\\\/\\\/www.romaoggi.eu\\\/?s={search_term_string}\"},\"query-input\":{\"@type\":\"PropertyValueSpecification\",\"valueRequired\":true,\"valueName\":\"search_term_string\"}}],\"inLanguage\":\"it-IT\"},{\"@type\":\"Organization\",\"@id\":\"https:\\\/\\\/www.romaoggi.eu\\\/#organization\",\"name\":\"RomaOggi\",\"url\":\"https:\\\/\\\/www.romaoggi.eu\\\/\",\"logo\":{\"@type\":\"ImageObject\",\"inLanguage\":\"it-IT\",\"@id\":\"https:\\\/\\\/www.romaoggi.eu\\\/#\\\/schema\\\/logo\\\/image\\\/\",\"url\":\"https:\\\/\\\/www.romaoggi.eu\\\/wp-content\\\/uploads\\\/2017\\\/04\\\/logowp.jpg\",\"contentUrl\":\"https:\\\/\\\/www.romaoggi.eu\\\/wp-content\\\/uploads\\\/2017\\\/04\\\/logowp.jpg\",\"width\":300,\"height\":133,\"caption\":\"RomaOggi\"},\"image\":{\"@id\":\"https:\\\/\\\/www.romaoggi.eu\\\/#\\\/schema\\\/logo\\\/image\\\/\"},\"sameAs\":[\"https:\\\/\\\/www.facebook.com\\\/RomaOggi-841544845954114\",\"https:\\\/\\\/x.com\\\/romaoggi_eu\"]},{\"@type\":\"Person\",\"@id\":\"https:\\\/\\\/www.romaoggi.eu\\\/#\\\/schema\\\/person\\\/c8ca1fb64b5506391fff5f822a866c23\",\"name\":\"Antonietta Di Vizia\",\"image\":{\"@type\":\"ImageObject\",\"inLanguage\":\"it-IT\",\"@id\":\"https:\\\/\\\/secure.gravatar.com\\\/avatar\\\/2ad571aa3fbfe3089b06ed5617adf58717b9359c0c97cf9b52804fb2dac293f2?s=96&d=mm&r=g\",\"url\":\"https:\\\/\\\/secure.gravatar.com\\\/avatar\\\/2ad571aa3fbfe3089b06ed5617adf58717b9359c0c97cf9b52804fb2dac293f2?s=96&d=mm&r=g\",\"contentUrl\":\"https:\\\/\\\/secure.gravatar.com\\\/avatar\\\/2ad571aa3fbfe3089b06ed5617adf58717b9359c0c97cf9b52804fb2dac293f2?s=96&d=mm&r=g\",\"caption\":\"Antonietta Di Vizia\"},\"url\":\"https:\\\/\\\/www.romaoggi.eu\\\/index.php\\\/author\\\/antonietta\\\/\"}]}<\/script>\n<!-- \/ Yoast SEO plugin. -->","yoast_head_json":{"title":"\u201cLa bellezza salver\u00e0 il mondo\u201d Roberto Zeno un ventennio di ricerca","description":"Roberto Zeno ha dedicato un ventennio della sua vita nella ricerca della bellezza, lasciando un segno\u00a0 tra gli accessori di moda e tra gli oggetti preziosi.","robots":{"index":"index","follow":"follow","max-snippet":"max-snippet:-1","max-image-preview":"max-image-preview:large","max-video-preview":"max-video-preview:-1"},"canonical":"https:\/\/www.romaoggi.eu\/index.php\/2018\/10\/03\/roberto-zeno-ricerca-bellezza\/","og_locale":"it_IT","og_type":"article","og_title":"\u201cLa bellezza salver\u00e0 il mondo\u201d Roberto Zeno un ventennio di ricerca","og_description":"Roberto Zeno ha dedicato un ventennio della sua vita nella ricerca della bellezza, lasciando un segno\u00a0 tra gli accessori di moda e tra gli oggetti preziosi.","og_url":"https:\/\/www.romaoggi.eu\/index.php\/2018\/10\/03\/roberto-zeno-ricerca-bellezza\/","og_site_name":"roma oggi","article_publisher":"https:\/\/www.facebook.com\/RomaOggi-841544845954114","article_published_time":"2018-10-03T11:23:00+00:00","og_image":[{"width":400,"height":437,"url":"https:\/\/www.romaoggi.eu\/wp-content\/uploads\/2018\/10\/ciprovo.jpg","type":"image\/jpeg"}],"author":"Antonietta Di Vizia","twitter_card":"summary_large_image","twitter_creator":"@romaoggi_eu","twitter_site":"@romaoggi_eu","twitter_misc":{"Scritto da":"Antonietta Di Vizia","Tempo di lettura stimato":"3 minuti"},"schema":{"@context":"https:\/\/schema.org","@graph":[{"@type":"Article","@id":"https:\/\/www.romaoggi.eu\/index.php\/2018\/10\/03\/roberto-zeno-ricerca-bellezza\/#article","isPartOf":{"@id":"https:\/\/www.romaoggi.eu\/index.php\/2018\/10\/03\/roberto-zeno-ricerca-bellezza\/"},"author":{"name":"Antonietta Di Vizia","@id":"https:\/\/www.romaoggi.eu\/#\/schema\/person\/c8ca1fb64b5506391fff5f822a866c23"},"headline":"\u201cLa bellezza salver\u00e0 il mondo\u201d Roberto Zeno un ventennio di ricerca","datePublished":"2018-10-03T11:23:00+00:00","mainEntityOfPage":{"@id":"https:\/\/www.romaoggi.eu\/index.php\/2018\/10\/03\/roberto-zeno-ricerca-bellezza\/"},"wordCount":610,"publisher":{"@id":"https:\/\/www.romaoggi.eu\/#organization"},"image":{"@id":"https:\/\/www.romaoggi.eu\/index.php\/2018\/10\/03\/roberto-zeno-ricerca-bellezza\/#primaryimage"},"thumbnailUrl":"https:\/\/www.romaoggi.eu\/wp-content\/uploads\/2018\/10\/ciprovo.jpg","keywords":["accessori","antonio zeno","Barbara Castellani","bellezza","borse","brand","moda","oggetti preziosi","ricerca","roberto zeno"],"articleSection":["Moda"],"inLanguage":"it-IT"},{"@type":"WebPage","@id":"https:\/\/www.romaoggi.eu\/index.php\/2018\/10\/03\/roberto-zeno-ricerca-bellezza\/","url":"https:\/\/www.romaoggi.eu\/index.php\/2018\/10\/03\/roberto-zeno-ricerca-bellezza\/","name":"\u201cLa bellezza salver\u00e0 il mondo\u201d Roberto Zeno un ventennio di ricerca","isPartOf":{"@id":"https:\/\/www.romaoggi.eu\/#website"},"primaryImageOfPage":{"@id":"https:\/\/www.romaoggi.eu\/index.php\/2018\/10\/03\/roberto-zeno-ricerca-bellezza\/#primaryimage"},"image":{"@id":"https:\/\/www.romaoggi.eu\/index.php\/2018\/10\/03\/roberto-zeno-ricerca-bellezza\/#primaryimage"},"thumbnailUrl":"https:\/\/www.romaoggi.eu\/wp-content\/uploads\/2018\/10\/ciprovo.jpg","datePublished":"2018-10-03T11:23:00+00:00","description":"Roberto Zeno ha dedicato un ventennio della sua vita nella ricerca della bellezza, lasciando un segno\u00a0 tra gli accessori di moda e tra gli oggetti preziosi.","breadcrumb":{"@id":"https:\/\/www.romaoggi.eu\/index.php\/2018\/10\/03\/roberto-zeno-ricerca-bellezza\/#breadcrumb"},"inLanguage":"it-IT","potentialAction":[{"@type":"ReadAction","target":["https:\/\/www.romaoggi.eu\/index.php\/2018\/10\/03\/roberto-zeno-ricerca-bellezza\/"]}]},{"@type":"ImageObject","inLanguage":"it-IT","@id":"https:\/\/www.romaoggi.eu\/index.php\/2018\/10\/03\/roberto-zeno-ricerca-bellezza\/#primaryimage","url":"https:\/\/www.romaoggi.eu\/wp-content\/uploads\/2018\/10\/ciprovo.jpg","contentUrl":"https:\/\/www.romaoggi.eu\/wp-content\/uploads\/2018\/10\/ciprovo.jpg","width":400,"height":437,"caption":"alt tag roberto zeno"},{"@type":"BreadcrumbList","@id":"https:\/\/www.romaoggi.eu\/index.php\/2018\/10\/03\/roberto-zeno-ricerca-bellezza\/#breadcrumb","itemListElement":[{"@type":"ListItem","position":1,"name":"Home","item":"https:\/\/www.romaoggi.eu\/"},{"@type":"ListItem","position":2,"name":"\u201cLa bellezza salver\u00e0 il mondo\u201d Roberto Zeno un ventennio di ricerca"}]},{"@type":"WebSite","@id":"https:\/\/www.romaoggi.eu\/#website","url":"https:\/\/www.romaoggi.eu\/","name":"roma oggi","description":"Interesting News for Interesting people","publisher":{"@id":"https:\/\/www.romaoggi.eu\/#organization"},"potentialAction":[{"@type":"SearchAction","target":{"@type":"EntryPoint","urlTemplate":"https:\/\/www.romaoggi.eu\/?s={search_term_string}"},"query-input":{"@type":"PropertyValueSpecification","valueRequired":true,"valueName":"search_term_string"}}],"inLanguage":"it-IT"},{"@type":"Organization","@id":"https:\/\/www.romaoggi.eu\/#organization","name":"RomaOggi","url":"https:\/\/www.romaoggi.eu\/","logo":{"@type":"ImageObject","inLanguage":"it-IT","@id":"https:\/\/www.romaoggi.eu\/#\/schema\/logo\/image\/","url":"https:\/\/www.romaoggi.eu\/wp-content\/uploads\/2017\/04\/logowp.jpg","contentUrl":"https:\/\/www.romaoggi.eu\/wp-content\/uploads\/2017\/04\/logowp.jpg","width":300,"height":133,"caption":"RomaOggi"},"image":{"@id":"https:\/\/www.romaoggi.eu\/#\/schema\/logo\/image\/"},"sameAs":["https:\/\/www.facebook.com\/RomaOggi-841544845954114","https:\/\/x.com\/romaoggi_eu"]},{"@type":"Person","@id":"https:\/\/www.romaoggi.eu\/#\/schema\/person\/c8ca1fb64b5506391fff5f822a866c23","name":"Antonietta Di Vizia","image":{"@type":"ImageObject","inLanguage":"it-IT","@id":"https:\/\/secure.gravatar.com\/avatar\/2ad571aa3fbfe3089b06ed5617adf58717b9359c0c97cf9b52804fb2dac293f2?s=96&d=mm&r=g","url":"https:\/\/secure.gravatar.com\/avatar\/2ad571aa3fbfe3089b06ed5617adf58717b9359c0c97cf9b52804fb2dac293f2?s=96&d=mm&r=g","contentUrl":"https:\/\/secure.gravatar.com\/avatar\/2ad571aa3fbfe3089b06ed5617adf58717b9359c0c97cf9b52804fb2dac293f2?s=96&d=mm&r=g","caption":"Antonietta Di Vizia"},"url":"https:\/\/www.romaoggi.eu\/index.php\/author\/antonietta\/"}]}},"_links":{"self":[{"href":"https:\/\/www.romaoggi.eu\/index.php\/wp-json\/wp\/v2\/posts\/18977","targetHints":{"allow":["GET"]}}],"collection":[{"href":"https:\/\/www.romaoggi.eu\/index.php\/wp-json\/wp\/v2\/posts"}],"about":[{"href":"https:\/\/www.romaoggi.eu\/index.php\/wp-json\/wp\/v2\/types\/post"}],"author":[{"embeddable":true,"href":"https:\/\/www.romaoggi.eu\/index.php\/wp-json\/wp\/v2\/users\/3"}],"replies":[{"embeddable":true,"href":"https:\/\/www.romaoggi.eu\/index.php\/wp-json\/wp\/v2\/comments?post=18977"}],"version-history":[{"count":3,"href":"https:\/\/www.romaoggi.eu\/index.php\/wp-json\/wp\/v2\/posts\/18977\/revisions"}],"predecessor-version":[{"id":18983,"href":"https:\/\/www.romaoggi.eu\/index.php\/wp-json\/wp\/v2\/posts\/18977\/revisions\/18983"}],"wp:featuredmedia":[{"embeddable":true,"href":"https:\/\/www.romaoggi.eu\/index.php\/wp-json\/wp\/v2\/media\/18985"}],"wp:attachment":[{"href":"https:\/\/www.romaoggi.eu\/index.php\/wp-json\/wp\/v2\/media?parent=18977"}],"wp:term":[{"taxonomy":"category","embeddable":true,"href":"https:\/\/www.romaoggi.eu\/index.php\/wp-json\/wp\/v2\/categories?post=18977"},{"taxonomy":"post_tag","embeddable":true,"href":"https:\/\/www.romaoggi.eu\/index.php\/wp-json\/wp\/v2\/tags?post=18977"}],"curies":[{"name":"wp","href":"https:\/\/api.w.org\/{rel}","templated":true}]}}