{"id":19027,"date":"2018-10-06T16:49:42","date_gmt":"2018-10-06T14:49:42","guid":{"rendered":"http:\/\/www.romaoggi.eu\/?p=19027"},"modified":"2018-10-06T16:50:42","modified_gmt":"2018-10-06T14:50:42","slug":"voci-di-donne-note-di-verdi","status":"publish","type":"post","link":"https:\/\/www.romaoggi.eu\/index.php\/2018\/10\/06\/voci-di-donne-note-di-verdi\/","title":{"rendered":"Voci di donne. Note di Verdi- al Teatro Porta Portese fino al 7 ottobre"},"content":{"rendered":"<div dir=\"ltr\">\n<div class=\"gmail_default\">\n<p class=\"m_5428127732316785407gmail-m_8914439677810840340gmail-western\" style=\"text-align: justify;\"><span style=\"font-size: medium;\"><i><b><span style=\"color: #990000;\">\u201cV<\/span><span style=\"color: #a50021;\">oci di donne. Note di Verdi\u201d-<\/span><\/b><\/i><b>La vita sentimentale e artistica di Giuseppe Verdi raccontata dalle \u201csue\u201d donne:\u00a0<\/b><\/span><span style=\"font-size: medium;\"><b>Giuseppina Strepponi e Teresa Stolz. <\/b>Fra opere magistrali e intrecci amorosi.\u00a0<\/span><span style=\"font-size: medium;\">Duplice protagonista e autrice dei testi,<b> Pacifica Artuso.\u00a0<\/b><\/span><span style=\"font-size: medium;\">La regia \u00e8 di<b> Daniele Scattina.\u00a0<\/b><\/span><\/p>\n<\/div>\n<\/div>\n<p style=\"text-align: justify;\">Gli intrecci amorosi del\u00a0<b>Maestro<\/b><span style=\"color: #a50021;\"><b>,\u00a0<\/b><\/span>che rivivono grazie allo spettacolo che l\u2019attrice, regista e autrice teatrale\u00a0<span style=\"color: #a50021;\"><b>Pacifica Artuso<\/b><\/span>mette in scena al\u00a0<span style=\"color: #a50021;\"><b><a href=\"https:\/\/teatro-porta-portese.webnode.it\/\">Teatro Porta Portese<\/a> di Roma<\/b><\/span><b>:\u00a0<\/b><span style=\"color: #990000;\"><i><b>\u201cV<\/b><\/i><\/span><span style=\"color: #a50021;\"><i><b>oci di donne. Note di Verdi\u201d,\u00a0<\/b><\/i><\/span>da lei scritto e interpretato.<\/p>\n<div dir=\"ltr\" style=\"text-align: justify;\">\n<div class=\"gmail_default\">\n<p class=\"m_5428127732316785407gmail-m_8914439677810840340gmail-western\" style=\"text-align: justify;\" align=\"left\">Sul palcoscenico, un misterioso personaggio femminile racconta il mondo del teatro.\u00a0<b>Una cantante lirica che perde la voce, strumento invisibile perch\u00e9 \u201cperso\u201d nel corpo e nell\u2019anima umani. Siamo alla met\u00e0 dell\u2019Ottocento e la donna \u00e8<\/b>\u00a0<span style=\"color: #a50021;\"><b>Giuseppina Strepponi<\/b><\/span>,\u00a0<b>seconda moglie di<\/b>\u00a0<span style=\"color: #a50021;\"><b>Giuseppe Verdi<\/b><\/span>,\u00a0<b>che riavvolge i fili di una lunga storia, dal loro primo incontro fino agli ultimi anni, svelando aspetti privati del mito del Maestro e la genesi di alcuni dei suoi capolavori.\u00a0<\/b>A partire dal\u00a0<i>Nabucco<\/i>, rappresentato al Teatro alla Scala nel 1842 e in cui lei canta nella parte di Abigaille.<\/p>\n<p align=\"left\"><img loading=\"lazy\" decoding=\"async\" class=\"size-medium wp-image-19029 alignright\" src=\"https:\/\/www.romaoggi.eu\/wp-content\/uploads\/2018\/10\/image-240x300.jpeg\" alt=\"alt tag voci di donne\" width=\"240\" height=\"300\" srcset=\"https:\/\/www.romaoggi.eu\/wp-content\/uploads\/2018\/10\/image-240x300.jpeg 240w, https:\/\/www.romaoggi.eu\/wp-content\/uploads\/2018\/10\/image.jpeg 709w\" sizes=\"auto, (max-width: 240px) 100vw, 240px\" \/><\/p>\n<p class=\"m_5428127732316785407gmail-m_8914439677810840340gmail-western\"><b>A proseguire il racconto della vita di Verdi \u00e8 poi\u00a0<\/b><span style=\"color: #a50021;\"><b>Teresa Stolz<\/b><\/span><b>, altra notevole interprete di alcune delle sue opere,\u00a0<\/b>come\u00a0<i>Don Carlos<\/i>,\u00a0<i>La forza del destino, Un ballo in maschera<\/i>\u00a0e\u00a0<i>Aida<\/i>,\u00a0<b>che rivela la sua verit\u00e0 di musa ispiratrice, amica, confidente. Ma anche l\u2019amore per il Maestro e la solitudine, dopo la morte di Verdi, avvenuta nel 1901<\/b>. Per esprimere il senso pi\u00f9 profondo del lutto, nel finale il testo si dispiega in un inatteso omaggio al\u00a0<b>Pirandello <\/b>della novella\u00a0<i><b>Colloquio con la madre<\/b><\/i><b>.<\/b><\/p>\n<p class=\"m_5428127732316785407gmail-m_8914439677810840340gmail-western\"><b>Quella con la soprano\u00a0<\/b><span style=\"color: #a50021;\"><b>Teresa Stolz\u00a0<\/b><\/span><span style=\"color: #000000;\">fu solo una grande amicizia o qualcosa di pi\u00f9? Sulla presunta relazione amorosa fra il Maestro Giuseppe Verdi e la soprano Stolz sono stati scritti fiumi di inchiostro ma a tutt\u2019oggi gli storici non forniscono una conferma. <b>E quindi fu la sua amante o solo un\u2019amica particolare?\u00a0<\/b>Ognuno \u00e8 lasciato libero di credere ci\u00f2 che preferisce. Quello che \u00e8 certo \u00e8 che la\u00a0<b>Stolz <\/b>frequentava la casa dove il Maestro abitava con Giuseppina Strepponi, della quale fu anche amica<b>.\u00a0<\/b>Su questa romantica vicenda di fine Ottocento \u00e8 stato pubblicato, nel 2011, un volume a cura di Franco Donatini, dal titolo\u00a0<i>Giuseppe Verdi e Teresa Stolz \u2013 Un legame oltre la musica<\/i>. Nel 2013 \u00e8 stato il regista Michele Placido a realizzarne uno spettacolo teatrale.<\/span><\/p>\n<p class=\"m_5428127732316785407gmail-m_8914439677810840340gmail-western\"><span style=\"color: #000000;\">In\u00a0<i><b>\u201cVoci di donne. Note di Verdi\u201d,<\/b><\/i><i>\u00a0<\/i><b>queste due donne protagoniste della vita del musicista sono interpretate da\u00a0<\/b><b>Pacifica Artuso<\/b>, e lo spettatore pu\u00f2 distinguerle grazie a un gioco di luci realizzato da A<b>liberto Sagretti<\/b>. Ad affiancarla, sul palco, la coreografa e danzatrice\u00a0<b>Giusy Pizzimenti<\/b>.\u00a0<\/span><b>\u201c<\/b><i>Questo spettacolo \u00e8 un omaggio all&#8217;opera, ai cantanti, al mondo dello spettacolo, di ieri e di oggi\u201d<\/i>, commenta l\u2019autrice e interprete dell\u2019opera, Pacifica Artuso.\u00a0<i>\u201cUn omaggio alla voce cantata e parlata. Niente per me \u00e8 pi\u00f9 seducente, nel senso che la voce se-duce, conduce a s\u00e9. Il canto \u00e8 incanto, stessa radice di incantesimo\u201d<b>.<\/b><\/i><\/p>\n<\/div>\n<\/div>\n<div dir=\"ltr\">\n<div class=\"gmail_default\">\n<p class=\"m_5428127732316785407gmail-m_8914439677810840340gmail-western\" style=\"text-align: justify;\"><span style=\"color: #000000;\">All\u2019interno del testo ci sono parti delle lettere di<b> Giuseppina Strepponi e Giuseppe Verdi,<\/b>\u00a0con l\u2019aggiunta di una citazione di\u00a0<b>Antonio Ghislanzoni, <\/b>librettista di Aida<b>,\u00a0<\/b>scrittore, giornalista<strong>\u00a0<\/strong>ed ex cantante<b>,<\/b>\u00a0che offre una testimonianza diretta degli \u201cartisti da teatro\u201d.<\/span><\/p>\n<p><img loading=\"lazy\" decoding=\"async\" class=\"wp-image-19037 alignleft\" src=\"https:\/\/www.romaoggi.eu\/wp-content\/uploads\/2018\/10\/image-2.jpeg\" alt=\"alt tag voci di donne\" width=\"288\" height=\"288\" srcset=\"https:\/\/www.romaoggi.eu\/wp-content\/uploads\/2018\/10\/image-2.jpeg 160w, https:\/\/www.romaoggi.eu\/wp-content\/uploads\/2018\/10\/image-2-150x150.jpeg 150w\" sizes=\"auto, (max-width: 288px) 100vw, 288px\" \/><\/p>\n<p class=\"m_5428127732316785407gmail-m_8914439677810840340gmail-western\" style=\"text-align: justify;\">I protagonisti di\u00a0<span style=\"color: #000000;\"><i><b>\u201cVoci di donne. Note di Verdi\u201d:<\/b><\/i><\/span><\/p>\n<p class=\"m_5428127732316785407gmail-m_8914439677810840340gmail-western\" style=\"text-align: justify;\"><span style=\"color: #000000;\"><b>Pacifica Artuso<\/b>\u00a0ha un profilo eclettico: attrice, regista e autrice teatrale. Dopo la laurea in Lettere con indirizzo musicale, ottenuta con il massimo dei voti, ha proseguito gli studi diplomandosi in canto e in didattica della musica.\u00a0Attualmente \u00e8 docente di Arte scenica presso il Conservatorio di Musica \u201cN. Sala\u201c di Benevento.\u00a0Nel ruolo di attrice si sente sempre uno strumento, non il fine. Ci\u00f2 che conta per lei \u00e8 il messaggio, che deve essere sempre significativo e importante perch\u00e9 valga la pena occupare un posto sulla scena. Da sempre attratta dall\u2019opera lirica, nel 2013 ha pubblicato per le Edizioni Varenna il volume\u00a0<i>Antonio Ghislanzoni. Non di solo Verdi&#8230;<\/i><\/span><\/p>\n<p class=\"m_5428127732316785407gmail-m_8914439677810840340gmail-western\" style=\"text-align: justify;\"><span style=\"color: #000000;\"><b>Daniele Scattina<\/b>\u00a0\u00e8 attore, regista e scrittore. Ha frequentato la scuola di teatro \u201cIl Mulino di Flora\u201d diretta da Perla Peragallo e Leo de Berardinis. Come regista ha partecipato a numerosi festival internazionali di teatro a New York, Cuba, Giordania, Egitto, Algeria, Georgia, Bielorussia e ha vinto prestigiosi premi, in Italia e all\u2019estero, tra cui, nel 2011, il premio della critica al miglior spettacolo al Festival di Teatro di Amman per\u00a0<i>Clan Macbeth.<\/i><\/span><\/p>\n<p class=\"m_5428127732316785407gmail-m_8914439677810840340gmail-western\" style=\"text-align: justify;\"><span style=\"color: #000000;\"><b>Giusy Pizzimenti\u00a0<\/b>\u00e8 una<b>\u00a0<\/b>danzatrice di origini calabresi. Dopo essersi classificata al primo posto al concorso \u201cGiovani Talenti\u201d, categoria \u201cClassico seniores, ha perfezionato la sua formazione presso il Nuovo Balletto di Roma, con il Maestro Andr\u00e9 de La Roche. Ha conseguito inoltre la laurea in Scienze delle attivit\u00e0 motorie e sportive. Attualmente \u00e8 danzatrice nella compagnia di danza \u201cEchoes\u201d di Giuliana Maglia per lo spettacolo\u00a0<i>Fase Rem<\/i>.<\/span><\/p>\n<p><a href=\"https:\/\/www.romaoggi.eu\/index.php\/2018\/10\/01\/stagione-teatro-lo-spazio\/\">redazione<\/a><\/p>\n<p class=\"m_5428127732316785407gmail-m_8914439677810840340gmail-western\" align=\"left\">\n<\/div>\n<\/div>\n","protected":false},"excerpt":{"rendered":"<div class=\"mh-excerpt\"><p>\u201cVoci di donne. Note di Verdi\u201d-La vita sentimentale e artistica di Giuseppe Verdi raccontata dalle \u201csue\u201d donne:\u00a0Giuseppina Strepponi e Teresa Stolz. Fra opere magistrali e intrecci amorosi.\u00a0Duplice protagonista e autrice dei testi, Pacifica Artuso.\u00a0La regia <a class=\"mh-excerpt-more\" href=\"https:\/\/www.romaoggi.eu\/index.php\/2018\/10\/06\/voci-di-donne-note-di-verdi\/\" title=\"Voci di donne. Note di Verdi- al Teatro Porta Portese fino al 7 ottobre\">[&#8230;]<\/a><\/p>\n<\/div>","protected":false},"author":3,"featured_media":19036,"comment_status":"closed","ping_status":"open","sticky":false,"template":"","format":"standard","meta":{"_sitemap_exclude":false,"_sitemap_priority":"","_sitemap_frequency":"","footnotes":""},"categories":[4],"tags":[11700,2215,11697,1280,11699,4977,85,6098,11698,11696],"class_list":["post-19027","post","type-post","status-publish","format-standard","has-post-thumbnail","hentry","category-spettacolo","tag-aliberto-sagretti","tag-giuseppe-verdi","tag-giuseppina-strepponi","tag-musica","tag-note","tag-pacifica-artuso","tag-teatro","tag-teatro-porta-portese","tag-teresa-stolz","tag-voci-di-donne"],"yoast_head":"<!-- This site is optimized with the Yoast SEO plugin v27.5 - https:\/\/yoast.com\/product\/yoast-seo-wordpress\/ -->\n<title>Voci di donne. Note di Verdi- al Teatro Porta Portese fino al 7 ottobre<\/title>\n<meta name=\"description\" content=\"\u201cVoci di donne. Note di Verdi\u201d-La vita sentimentale e artistica di Giuseppe Verdi raccontata dalle \u201csue\u201d donne:\u00a0Giuseppina Strepponi e Teresa Stolz.\" \/>\n<meta name=\"robots\" content=\"index, follow, max-snippet:-1, max-image-preview:large, max-video-preview:-1\" \/>\n<link rel=\"canonical\" href=\"https:\/\/www.romaoggi.eu\/index.php\/2018\/10\/06\/voci-di-donne-note-di-verdi\/\" \/>\n<meta property=\"og:locale\" content=\"it_IT\" \/>\n<meta property=\"og:type\" content=\"article\" \/>\n<meta property=\"og:title\" content=\"Voci di donne. Note di Verdi- al Teatro Porta Portese fino al 7 ottobre\" \/>\n<meta property=\"og:description\" content=\"\u201cVoci di donne. Note di Verdi\u201d-La vita sentimentale e artistica di Giuseppe Verdi raccontata dalle \u201csue\u201d donne:\u00a0Giuseppina Strepponi e Teresa Stolz.\" \/>\n<meta property=\"og:url\" content=\"https:\/\/www.romaoggi.eu\/index.php\/2018\/10\/06\/voci-di-donne-note-di-verdi\/\" \/>\n<meta property=\"og:site_name\" content=\"roma oggi\" \/>\n<meta property=\"article:publisher\" content=\"https:\/\/www.facebook.com\/RomaOggi-841544845954114\" \/>\n<meta property=\"article:published_time\" content=\"2018-10-06T14:49:42+00:00\" \/>\n<meta property=\"article:modified_time\" content=\"2018-10-06T14:50:42+00:00\" \/>\n<meta property=\"og:image\" content=\"https:\/\/www.romaoggi.eu\/wp-content\/uploads\/2018\/10\/aaaaaaaaaaaaaaaa.jpg\" \/>\n\t<meta property=\"og:image:width\" content=\"352\" \/>\n\t<meta property=\"og:image:height\" content=\"357\" \/>\n\t<meta property=\"og:image:type\" content=\"image\/jpeg\" \/>\n<meta name=\"author\" content=\"Antonietta Di Vizia\" \/>\n<meta name=\"twitter:card\" content=\"summary_large_image\" \/>\n<meta name=\"twitter:creator\" content=\"@romaoggi_eu\" \/>\n<meta name=\"twitter:site\" content=\"@romaoggi_eu\" \/>\n<meta name=\"twitter:label1\" content=\"Scritto da\" \/>\n\t<meta name=\"twitter:data1\" content=\"Antonietta Di Vizia\" \/>\n\t<meta name=\"twitter:label2\" content=\"Tempo di lettura stimato\" \/>\n\t<meta name=\"twitter:data2\" content=\"4 minuti\" \/>\n<script type=\"application\/ld+json\" class=\"yoast-schema-graph\">{\"@context\":\"https:\\\/\\\/schema.org\",\"@graph\":[{\"@type\":\"Article\",\"@id\":\"https:\\\/\\\/www.romaoggi.eu\\\/index.php\\\/2018\\\/10\\\/06\\\/voci-di-donne-note-di-verdi\\\/#article\",\"isPartOf\":{\"@id\":\"https:\\\/\\\/www.romaoggi.eu\\\/index.php\\\/2018\\\/10\\\/06\\\/voci-di-donne-note-di-verdi\\\/\"},\"author\":{\"name\":\"Antonietta Di Vizia\",\"@id\":\"https:\\\/\\\/www.romaoggi.eu\\\/#\\\/schema\\\/person\\\/c8ca1fb64b5506391fff5f822a866c23\"},\"headline\":\"Voci di donne. Note di Verdi- al Teatro Porta Portese fino al 7 ottobre\",\"datePublished\":\"2018-10-06T14:49:42+00:00\",\"dateModified\":\"2018-10-06T14:50:42+00:00\",\"mainEntityOfPage\":{\"@id\":\"https:\\\/\\\/www.romaoggi.eu\\\/index.php\\\/2018\\\/10\\\/06\\\/voci-di-donne-note-di-verdi\\\/\"},\"wordCount\":793,\"publisher\":{\"@id\":\"https:\\\/\\\/www.romaoggi.eu\\\/#organization\"},\"image\":{\"@id\":\"https:\\\/\\\/www.romaoggi.eu\\\/index.php\\\/2018\\\/10\\\/06\\\/voci-di-donne-note-di-verdi\\\/#primaryimage\"},\"thumbnailUrl\":\"https:\\\/\\\/www.romaoggi.eu\\\/wp-content\\\/uploads\\\/2018\\\/10\\\/aaaaaaaaaaaaaaaa.jpg\",\"keywords\":[\"aliberto sagretti\",\"Giuseppe Verdi\",\"giuseppina strepponi\",\"musica\",\"note\",\"Pacifica artuso\",\"teatro\",\"teatro porta portese\",\"teresa stolz\",\"Voci di donne\"],\"articleSection\":[\"Spettacolo\"],\"inLanguage\":\"it-IT\"},{\"@type\":\"WebPage\",\"@id\":\"https:\\\/\\\/www.romaoggi.eu\\\/index.php\\\/2018\\\/10\\\/06\\\/voci-di-donne-note-di-verdi\\\/\",\"url\":\"https:\\\/\\\/www.romaoggi.eu\\\/index.php\\\/2018\\\/10\\\/06\\\/voci-di-donne-note-di-verdi\\\/\",\"name\":\"Voci di donne. Note di Verdi- al Teatro Porta Portese fino al 7 ottobre\",\"isPartOf\":{\"@id\":\"https:\\\/\\\/www.romaoggi.eu\\\/#website\"},\"primaryImageOfPage\":{\"@id\":\"https:\\\/\\\/www.romaoggi.eu\\\/index.php\\\/2018\\\/10\\\/06\\\/voci-di-donne-note-di-verdi\\\/#primaryimage\"},\"image\":{\"@id\":\"https:\\\/\\\/www.romaoggi.eu\\\/index.php\\\/2018\\\/10\\\/06\\\/voci-di-donne-note-di-verdi\\\/#primaryimage\"},\"thumbnailUrl\":\"https:\\\/\\\/www.romaoggi.eu\\\/wp-content\\\/uploads\\\/2018\\\/10\\\/aaaaaaaaaaaaaaaa.jpg\",\"datePublished\":\"2018-10-06T14:49:42+00:00\",\"dateModified\":\"2018-10-06T14:50:42+00:00\",\"description\":\"\u201cVoci di donne. Note di Verdi\u201d-La vita sentimentale e artistica di Giuseppe Verdi raccontata dalle \u201csue\u201d donne:\u00a0Giuseppina Strepponi e Teresa Stolz.\",\"breadcrumb\":{\"@id\":\"https:\\\/\\\/www.romaoggi.eu\\\/index.php\\\/2018\\\/10\\\/06\\\/voci-di-donne-note-di-verdi\\\/#breadcrumb\"},\"inLanguage\":\"it-IT\",\"potentialAction\":[{\"@type\":\"ReadAction\",\"target\":[\"https:\\\/\\\/www.romaoggi.eu\\\/index.php\\\/2018\\\/10\\\/06\\\/voci-di-donne-note-di-verdi\\\/\"]}]},{\"@type\":\"ImageObject\",\"inLanguage\":\"it-IT\",\"@id\":\"https:\\\/\\\/www.romaoggi.eu\\\/index.php\\\/2018\\\/10\\\/06\\\/voci-di-donne-note-di-verdi\\\/#primaryimage\",\"url\":\"https:\\\/\\\/www.romaoggi.eu\\\/wp-content\\\/uploads\\\/2018\\\/10\\\/aaaaaaaaaaaaaaaa.jpg\",\"contentUrl\":\"https:\\\/\\\/www.romaoggi.eu\\\/wp-content\\\/uploads\\\/2018\\\/10\\\/aaaaaaaaaaaaaaaa.jpg\",\"width\":352,\"height\":357,\"caption\":\"alt tag voci di donne\"},{\"@type\":\"BreadcrumbList\",\"@id\":\"https:\\\/\\\/www.romaoggi.eu\\\/index.php\\\/2018\\\/10\\\/06\\\/voci-di-donne-note-di-verdi\\\/#breadcrumb\",\"itemListElement\":[{\"@type\":\"ListItem\",\"position\":1,\"name\":\"Home\",\"item\":\"https:\\\/\\\/www.romaoggi.eu\\\/\"},{\"@type\":\"ListItem\",\"position\":2,\"name\":\"Voci di donne. Note di Verdi- al Teatro Porta Portese fino al 7 ottobre\"}]},{\"@type\":\"WebSite\",\"@id\":\"https:\\\/\\\/www.romaoggi.eu\\\/#website\",\"url\":\"https:\\\/\\\/www.romaoggi.eu\\\/\",\"name\":\"roma oggi\",\"description\":\"Interesting News for Interesting people\",\"publisher\":{\"@id\":\"https:\\\/\\\/www.romaoggi.eu\\\/#organization\"},\"potentialAction\":[{\"@type\":\"SearchAction\",\"target\":{\"@type\":\"EntryPoint\",\"urlTemplate\":\"https:\\\/\\\/www.romaoggi.eu\\\/?s={search_term_string}\"},\"query-input\":{\"@type\":\"PropertyValueSpecification\",\"valueRequired\":true,\"valueName\":\"search_term_string\"}}],\"inLanguage\":\"it-IT\"},{\"@type\":\"Organization\",\"@id\":\"https:\\\/\\\/www.romaoggi.eu\\\/#organization\",\"name\":\"RomaOggi\",\"url\":\"https:\\\/\\\/www.romaoggi.eu\\\/\",\"logo\":{\"@type\":\"ImageObject\",\"inLanguage\":\"it-IT\",\"@id\":\"https:\\\/\\\/www.romaoggi.eu\\\/#\\\/schema\\\/logo\\\/image\\\/\",\"url\":\"https:\\\/\\\/www.romaoggi.eu\\\/wp-content\\\/uploads\\\/2017\\\/04\\\/logowp.jpg\",\"contentUrl\":\"https:\\\/\\\/www.romaoggi.eu\\\/wp-content\\\/uploads\\\/2017\\\/04\\\/logowp.jpg\",\"width\":300,\"height\":133,\"caption\":\"RomaOggi\"},\"image\":{\"@id\":\"https:\\\/\\\/www.romaoggi.eu\\\/#\\\/schema\\\/logo\\\/image\\\/\"},\"sameAs\":[\"https:\\\/\\\/www.facebook.com\\\/RomaOggi-841544845954114\",\"https:\\\/\\\/x.com\\\/romaoggi_eu\"]},{\"@type\":\"Person\",\"@id\":\"https:\\\/\\\/www.romaoggi.eu\\\/#\\\/schema\\\/person\\\/c8ca1fb64b5506391fff5f822a866c23\",\"name\":\"Antonietta Di Vizia\",\"image\":{\"@type\":\"ImageObject\",\"inLanguage\":\"it-IT\",\"@id\":\"https:\\\/\\\/secure.gravatar.com\\\/avatar\\\/2ad571aa3fbfe3089b06ed5617adf58717b9359c0c97cf9b52804fb2dac293f2?s=96&d=mm&r=g\",\"url\":\"https:\\\/\\\/secure.gravatar.com\\\/avatar\\\/2ad571aa3fbfe3089b06ed5617adf58717b9359c0c97cf9b52804fb2dac293f2?s=96&d=mm&r=g\",\"contentUrl\":\"https:\\\/\\\/secure.gravatar.com\\\/avatar\\\/2ad571aa3fbfe3089b06ed5617adf58717b9359c0c97cf9b52804fb2dac293f2?s=96&d=mm&r=g\",\"caption\":\"Antonietta Di Vizia\"},\"url\":\"https:\\\/\\\/www.romaoggi.eu\\\/index.php\\\/author\\\/antonietta\\\/\"}]}<\/script>\n<!-- \/ Yoast SEO plugin. -->","yoast_head_json":{"title":"Voci di donne. Note di Verdi- al Teatro Porta Portese fino al 7 ottobre","description":"\u201cVoci di donne. Note di Verdi\u201d-La vita sentimentale e artistica di Giuseppe Verdi raccontata dalle \u201csue\u201d donne:\u00a0Giuseppina Strepponi e Teresa Stolz.","robots":{"index":"index","follow":"follow","max-snippet":"max-snippet:-1","max-image-preview":"max-image-preview:large","max-video-preview":"max-video-preview:-1"},"canonical":"https:\/\/www.romaoggi.eu\/index.php\/2018\/10\/06\/voci-di-donne-note-di-verdi\/","og_locale":"it_IT","og_type":"article","og_title":"Voci di donne. Note di Verdi- al Teatro Porta Portese fino al 7 ottobre","og_description":"\u201cVoci di donne. Note di Verdi\u201d-La vita sentimentale e artistica di Giuseppe Verdi raccontata dalle \u201csue\u201d donne:\u00a0Giuseppina Strepponi e Teresa Stolz.","og_url":"https:\/\/www.romaoggi.eu\/index.php\/2018\/10\/06\/voci-di-donne-note-di-verdi\/","og_site_name":"roma oggi","article_publisher":"https:\/\/www.facebook.com\/RomaOggi-841544845954114","article_published_time":"2018-10-06T14:49:42+00:00","article_modified_time":"2018-10-06T14:50:42+00:00","og_image":[{"width":352,"height":357,"url":"https:\/\/www.romaoggi.eu\/wp-content\/uploads\/2018\/10\/aaaaaaaaaaaaaaaa.jpg","type":"image\/jpeg"}],"author":"Antonietta Di Vizia","twitter_card":"summary_large_image","twitter_creator":"@romaoggi_eu","twitter_site":"@romaoggi_eu","twitter_misc":{"Scritto da":"Antonietta Di Vizia","Tempo di lettura stimato":"4 minuti"},"schema":{"@context":"https:\/\/schema.org","@graph":[{"@type":"Article","@id":"https:\/\/www.romaoggi.eu\/index.php\/2018\/10\/06\/voci-di-donne-note-di-verdi\/#article","isPartOf":{"@id":"https:\/\/www.romaoggi.eu\/index.php\/2018\/10\/06\/voci-di-donne-note-di-verdi\/"},"author":{"name":"Antonietta Di Vizia","@id":"https:\/\/www.romaoggi.eu\/#\/schema\/person\/c8ca1fb64b5506391fff5f822a866c23"},"headline":"Voci di donne. Note di Verdi- al Teatro Porta Portese fino al 7 ottobre","datePublished":"2018-10-06T14:49:42+00:00","dateModified":"2018-10-06T14:50:42+00:00","mainEntityOfPage":{"@id":"https:\/\/www.romaoggi.eu\/index.php\/2018\/10\/06\/voci-di-donne-note-di-verdi\/"},"wordCount":793,"publisher":{"@id":"https:\/\/www.romaoggi.eu\/#organization"},"image":{"@id":"https:\/\/www.romaoggi.eu\/index.php\/2018\/10\/06\/voci-di-donne-note-di-verdi\/#primaryimage"},"thumbnailUrl":"https:\/\/www.romaoggi.eu\/wp-content\/uploads\/2018\/10\/aaaaaaaaaaaaaaaa.jpg","keywords":["aliberto sagretti","Giuseppe Verdi","giuseppina strepponi","musica","note","Pacifica artuso","teatro","teatro porta portese","teresa stolz","Voci di donne"],"articleSection":["Spettacolo"],"inLanguage":"it-IT"},{"@type":"WebPage","@id":"https:\/\/www.romaoggi.eu\/index.php\/2018\/10\/06\/voci-di-donne-note-di-verdi\/","url":"https:\/\/www.romaoggi.eu\/index.php\/2018\/10\/06\/voci-di-donne-note-di-verdi\/","name":"Voci di donne. Note di Verdi- al Teatro Porta Portese fino al 7 ottobre","isPartOf":{"@id":"https:\/\/www.romaoggi.eu\/#website"},"primaryImageOfPage":{"@id":"https:\/\/www.romaoggi.eu\/index.php\/2018\/10\/06\/voci-di-donne-note-di-verdi\/#primaryimage"},"image":{"@id":"https:\/\/www.romaoggi.eu\/index.php\/2018\/10\/06\/voci-di-donne-note-di-verdi\/#primaryimage"},"thumbnailUrl":"https:\/\/www.romaoggi.eu\/wp-content\/uploads\/2018\/10\/aaaaaaaaaaaaaaaa.jpg","datePublished":"2018-10-06T14:49:42+00:00","dateModified":"2018-10-06T14:50:42+00:00","description":"\u201cVoci di donne. Note di Verdi\u201d-La vita sentimentale e artistica di Giuseppe Verdi raccontata dalle \u201csue\u201d donne:\u00a0Giuseppina Strepponi e Teresa Stolz.","breadcrumb":{"@id":"https:\/\/www.romaoggi.eu\/index.php\/2018\/10\/06\/voci-di-donne-note-di-verdi\/#breadcrumb"},"inLanguage":"it-IT","potentialAction":[{"@type":"ReadAction","target":["https:\/\/www.romaoggi.eu\/index.php\/2018\/10\/06\/voci-di-donne-note-di-verdi\/"]}]},{"@type":"ImageObject","inLanguage":"it-IT","@id":"https:\/\/www.romaoggi.eu\/index.php\/2018\/10\/06\/voci-di-donne-note-di-verdi\/#primaryimage","url":"https:\/\/www.romaoggi.eu\/wp-content\/uploads\/2018\/10\/aaaaaaaaaaaaaaaa.jpg","contentUrl":"https:\/\/www.romaoggi.eu\/wp-content\/uploads\/2018\/10\/aaaaaaaaaaaaaaaa.jpg","width":352,"height":357,"caption":"alt tag voci di donne"},{"@type":"BreadcrumbList","@id":"https:\/\/www.romaoggi.eu\/index.php\/2018\/10\/06\/voci-di-donne-note-di-verdi\/#breadcrumb","itemListElement":[{"@type":"ListItem","position":1,"name":"Home","item":"https:\/\/www.romaoggi.eu\/"},{"@type":"ListItem","position":2,"name":"Voci di donne. Note di Verdi- al Teatro Porta Portese fino al 7 ottobre"}]},{"@type":"WebSite","@id":"https:\/\/www.romaoggi.eu\/#website","url":"https:\/\/www.romaoggi.eu\/","name":"roma oggi","description":"Interesting News for Interesting people","publisher":{"@id":"https:\/\/www.romaoggi.eu\/#organization"},"potentialAction":[{"@type":"SearchAction","target":{"@type":"EntryPoint","urlTemplate":"https:\/\/www.romaoggi.eu\/?s={search_term_string}"},"query-input":{"@type":"PropertyValueSpecification","valueRequired":true,"valueName":"search_term_string"}}],"inLanguage":"it-IT"},{"@type":"Organization","@id":"https:\/\/www.romaoggi.eu\/#organization","name":"RomaOggi","url":"https:\/\/www.romaoggi.eu\/","logo":{"@type":"ImageObject","inLanguage":"it-IT","@id":"https:\/\/www.romaoggi.eu\/#\/schema\/logo\/image\/","url":"https:\/\/www.romaoggi.eu\/wp-content\/uploads\/2017\/04\/logowp.jpg","contentUrl":"https:\/\/www.romaoggi.eu\/wp-content\/uploads\/2017\/04\/logowp.jpg","width":300,"height":133,"caption":"RomaOggi"},"image":{"@id":"https:\/\/www.romaoggi.eu\/#\/schema\/logo\/image\/"},"sameAs":["https:\/\/www.facebook.com\/RomaOggi-841544845954114","https:\/\/x.com\/romaoggi_eu"]},{"@type":"Person","@id":"https:\/\/www.romaoggi.eu\/#\/schema\/person\/c8ca1fb64b5506391fff5f822a866c23","name":"Antonietta Di Vizia","image":{"@type":"ImageObject","inLanguage":"it-IT","@id":"https:\/\/secure.gravatar.com\/avatar\/2ad571aa3fbfe3089b06ed5617adf58717b9359c0c97cf9b52804fb2dac293f2?s=96&d=mm&r=g","url":"https:\/\/secure.gravatar.com\/avatar\/2ad571aa3fbfe3089b06ed5617adf58717b9359c0c97cf9b52804fb2dac293f2?s=96&d=mm&r=g","contentUrl":"https:\/\/secure.gravatar.com\/avatar\/2ad571aa3fbfe3089b06ed5617adf58717b9359c0c97cf9b52804fb2dac293f2?s=96&d=mm&r=g","caption":"Antonietta Di Vizia"},"url":"https:\/\/www.romaoggi.eu\/index.php\/author\/antonietta\/"}]}},"_links":{"self":[{"href":"https:\/\/www.romaoggi.eu\/index.php\/wp-json\/wp\/v2\/posts\/19027","targetHints":{"allow":["GET"]}}],"collection":[{"href":"https:\/\/www.romaoggi.eu\/index.php\/wp-json\/wp\/v2\/posts"}],"about":[{"href":"https:\/\/www.romaoggi.eu\/index.php\/wp-json\/wp\/v2\/types\/post"}],"author":[{"embeddable":true,"href":"https:\/\/www.romaoggi.eu\/index.php\/wp-json\/wp\/v2\/users\/3"}],"replies":[{"embeddable":true,"href":"https:\/\/www.romaoggi.eu\/index.php\/wp-json\/wp\/v2\/comments?post=19027"}],"version-history":[{"count":6,"href":"https:\/\/www.romaoggi.eu\/index.php\/wp-json\/wp\/v2\/posts\/19027\/revisions"}],"predecessor-version":[{"id":19038,"href":"https:\/\/www.romaoggi.eu\/index.php\/wp-json\/wp\/v2\/posts\/19027\/revisions\/19038"}],"wp:featuredmedia":[{"embeddable":true,"href":"https:\/\/www.romaoggi.eu\/index.php\/wp-json\/wp\/v2\/media\/19036"}],"wp:attachment":[{"href":"https:\/\/www.romaoggi.eu\/index.php\/wp-json\/wp\/v2\/media?parent=19027"}],"wp:term":[{"taxonomy":"category","embeddable":true,"href":"https:\/\/www.romaoggi.eu\/index.php\/wp-json\/wp\/v2\/categories?post=19027"},{"taxonomy":"post_tag","embeddable":true,"href":"https:\/\/www.romaoggi.eu\/index.php\/wp-json\/wp\/v2\/tags?post=19027"}],"curies":[{"name":"wp","href":"https:\/\/api.w.org\/{rel}","templated":true}]}}