{"id":19040,"date":"2018-10-07T09:43:26","date_gmt":"2018-10-07T07:43:26","guid":{"rendered":"http:\/\/www.romaoggi.eu\/?p=19040"},"modified":"2018-10-07T09:43:26","modified_gmt":"2018-10-07T07:43:26","slug":"cenpis-orion-psicosomatica","status":"publish","type":"post","link":"https:\/\/www.romaoggi.eu\/index.php\/2018\/10\/07\/cenpis-orion-psicosomatica\/","title":{"rendered":"&#8220;Cenpis Orion Psicosomatica&#8221; in Regione Lazio contro stress ed ansia"},"content":{"rendered":"<p>Convegno &#8220;<strong>Cenpis Orion Psicosomatica<\/strong>&#8221; in <a href=\"https:\/\/www.romaoggi.eu\/index.php\/2017\/10\/21\/sanit-al-guido-reni-district\/\">Regione Lazio<\/a> contro lo stress ed ansia<\/p>\n<p style=\"text-align: justify;\">\u201c<em>Conoscere, affrontare e vincere Ansia e Stress per migliorare la qualit\u00e0 della vita<\/em>&#8220;, \u00e8 stato l&#8217;argomento di cui s&#8217;\u00e8 dibattuto lo scorso <strong>4 ottobre<\/strong> nella Sala Mechelli della <a href=\"http:\/\/www.regione.lazio.it\/\">Regione Lazio<\/a>. Il &#8220;<strong>Cenpis Orion Psicosomatica<\/strong>&#8221; (struttura altamente tecnica) e la Regione hanno dato la parola agli addetti ai lavori, riscuotendo elevata partecipazione, ed a causa dei problemi da ansia e stress che ormai attanagliano la societ\u00e0, il mondo del lavoro, la famiglia.<\/p>\n<figure id=\"attachment_19044\" aria-describedby=\"caption-attachment-19044\" style=\"width: 240px\" class=\"wp-caption alignleft\"><img loading=\"lazy\" decoding=\"async\" class=\"wp-image-19044 size-medium\" src=\"https:\/\/www.romaoggi.eu\/wp-content\/uploads\/2018\/10\/ProfessorPopolizio-240x300.jpg\" alt=\"alt tag cenpis orion\" width=\"240\" height=\"300\" srcset=\"https:\/\/www.romaoggi.eu\/wp-content\/uploads\/2018\/10\/ProfessorPopolizio-240x300.jpg 240w, https:\/\/www.romaoggi.eu\/wp-content\/uploads\/2018\/10\/ProfessorPopolizio.jpg 320w\" sizes=\"auto, (max-width: 240px) 100vw, 240px\" \/><figcaption id=\"caption-attachment-19044\" class=\"wp-caption-text\">Prof. Antonio Propolizio<\/figcaption><\/figure>\n<p style=\"text-align: justify;\">Sono intervenute circa 70 scuole a livello nazionale, associazioni, enti, istituzioni, strutture sanitarie. E&#8217; stata la presentazione del metodo innovativo e integrato di prevenzione e cura di ansia e stress. \u201c<em>Metodo corpo e mente<\/em>\u201d frutto di anni di studio e ricerca del Prof. <strong>Antonio Popolizio<\/strong>, psicologo e psicoterapeuta, Presidente Cenpis Orion, oltre che Leone d\u2019oro alla carriera al <strong>festival di Venezia<\/strong>: non dimentichiamo quanto il grande cinema s\u2019ispiri alla ricerca psicologica, ed il professor Popolizio \u00e8 un riferimento nel settore. Il convegno \u00e8 stato l\u2019occasione per coinvolgere scuole, associazioni, enti e strutture sanitarie nella campagna gratuita di prevenzione ed informazione. All&#8217;evento relatori d&#8217;eccellenza in vari ambiti. Saluti iniziali dell\u2019onorevole <strong>Laura Cartaginese<\/strong> (consigliere regionale di Forza Italia) ed anche del vice ministro agli Affari esteri (onorevole e docente universitario) <strong>Emanuele C. Del Re<\/strong>. Nello spazio scuola \u00e8 intervenuto il Direttore Cenpis Orion, il dott. <strong>Pietro Castiello<\/strong> e vari dirigenti scolastici di scuole medie e superiori come i professori <strong>Simona Di Matteo<\/strong> (dell\u2019Istituto Comprensivo Via Cornelia di Roma), <strong>Paola Fattoretto<\/strong> (Liceo Tito Lucrezio Caro di Roma), <strong>Giuseppe Fusacchia<\/strong> (I.C. Antonio Romini di Roma), <strong>Brunella Maiolini<\/strong> (I.C. Claudio Abbadio di Roma), <strong>Elisamarzia Vitaliano<\/strong> (I.C. Via Nitti di Roma), <strong>Lucia Vollaro<\/strong> (I.C. Virgilio IV di Napoli). Per lo spazio societ\u00e0 sono intervenuti la dott.ssa <strong>Maria Stella Giorlandino<\/strong> (Presidente Artemisia Onlus Am. Artemisia Lab), la dott.ssa <strong>Maria Giuseppina Cimino<\/strong> (resp. relazioni esterne \u201cAss. Donne al Centro\u201d), la presidente Ass. Donne al centro <strong>Cristiana Merli<\/strong> ,<strong> Simone Ripa<\/strong> insegnante di danza \u201cBallando con le Stelle\u201d Rai ed il dott. <strong>Mauro Massimiliano Calandra<\/strong> (Autore sigle RAI ed Editor). Per lo spazio persona \u00e8 intervenuta la dott.ssa <strong>Patrizia Del Sole<\/strong> (responsabile Cenpis Orion Psicosomatica), il prof. <strong>Giovanni Carnovale<\/strong> (Medico Rai, Odontoiatra NOIPA), il dott. <strong>Mauro Mazzocco<\/strong> (Medico Odontostomatologo NOIPA) e la dr.ssa <strong>Caterina Ermio<\/strong> (Presidente A.I.D.M. \u2013 Medico Neurologo) e la dott.ssa <strong>Stefania Cacciani<\/strong> (psicologa resp. Relazioni esterne del Cenpis Orion Psicosomatica).<\/p>\n<p><img loading=\"lazy\" decoding=\"async\" class=\"aligncenter wp-image-19045 size-full\" src=\"https:\/\/www.romaoggi.eu\/wp-content\/uploads\/2018\/10\/ConvegnoStress.jpg\" alt=\"alt tag censip orion\" width=\"720\" height=\"900\" srcset=\"https:\/\/www.romaoggi.eu\/wp-content\/uploads\/2018\/10\/ConvegnoStress.jpg 720w, https:\/\/www.romaoggi.eu\/wp-content\/uploads\/2018\/10\/ConvegnoStress-240x300.jpg 240w\" sizes=\"auto, (max-width: 720px) 100vw, 720px\" \/><\/p>\n<p style=\"text-align: justify;\">Per lo spazio famiglia, che tratta lo stress e l\u2019ansia tra genitori e figli, relatore il prof. <strong>Mirko Di Bernardo<\/strong> dell&#8217;Universit\u00e0 Tor Vergata e la dott.ssa <strong>Paola Zanoni<\/strong> (giornalista e conduttrice). La campagna contro ansia e stress \u00e8 gratuita, i cittadini possono contattare per appuntamento il Cenpis Orion Psicosomatica <strong>(06. 84141421)<\/strong> o inviare e-mail a <strong>info@cenpisorion.it<\/strong>. La cura dello stress nella societ\u00e0 odierna diventa oggi possibile, soprattutto prioritaria per garantire la qualit\u00e0 della vita dei singoli individui e la buona interazione e convivenza sociale.<\/p>\n<p><a href=\"https:\/\/www.romaoggi.eu\/index.php\/2018\/10\/06\/voci-di-donne-note-di-verdi\/\">Redazione<\/a><\/p>\n","protected":false},"excerpt":{"rendered":"<div class=\"mh-excerpt\"><p>Convegno &#8220;Cenpis Orion Psicosomatica&#8221; in Regione Lazio contro lo stress ed ansia \u201cConoscere, affrontare e vincere Ansia e Stress per migliorare la qualit\u00e0 della vita&#8220;, \u00e8 stato l&#8217;argomento di cui s&#8217;\u00e8 dibattuto lo scorso 4 <a class=\"mh-excerpt-more\" href=\"https:\/\/www.romaoggi.eu\/index.php\/2018\/10\/07\/cenpis-orion-psicosomatica\/\" title=\"&#8220;Cenpis Orion Psicosomatica&#8221; in Regione Lazio contro stress ed ansia\">[&#8230;]<\/a><\/p>\n<\/div>","protected":false},"author":3,"featured_media":19043,"comment_status":"closed","ping_status":"open","sticky":false,"template":"","format":"standard","meta":{"_sitemap_exclude":false,"_sitemap_priority":"","_sitemap_frequency":"","footnotes":""},"categories":[522],"tags":[11703,11705,11701,9623,2683,11702,5062,1644,11704],"class_list":["post-19040","post","type-post","status-publish","format-standard","has-post-thumbnail","hentry","category-attualita","tag-ansia","tag-antonio-popolizio","tag-cenpis-orion-psicosomatica","tag-cittadini","tag-convegno","tag-mirko-di-bernardo","tag-paola-zanoni","tag-regione-lazio","tag-stress"],"yoast_head":"<!-- This site is optimized with the Yoast SEO plugin v27.5 - https:\/\/yoast.com\/product\/yoast-seo-wordpress\/ -->\n<title>&quot;Cenpis Orion Psicosomatica&quot; in Regione Lazio contro stress ed ansia<\/title>\n<meta name=\"description\" content=\"Convegno &quot;Cenpis Orion Psicosomatica&quot; contro lo stress ed ansia, il 4 ottobre 2018 nella Sala Mechelli della Regione Lazio.\" \/>\n<meta name=\"robots\" content=\"index, follow, max-snippet:-1, max-image-preview:large, max-video-preview:-1\" \/>\n<link rel=\"canonical\" href=\"https:\/\/www.romaoggi.eu\/index.php\/2018\/10\/07\/cenpis-orion-psicosomatica\/\" \/>\n<meta property=\"og:locale\" content=\"it_IT\" \/>\n<meta property=\"og:type\" content=\"article\" \/>\n<meta property=\"og:title\" content=\"&quot;Cenpis Orion Psicosomatica&quot; in Regione Lazio contro stress ed ansia\" \/>\n<meta property=\"og:description\" content=\"Convegno &quot;Cenpis Orion Psicosomatica&quot; contro lo stress ed ansia, il 4 ottobre 2018 nella Sala Mechelli della Regione Lazio.\" \/>\n<meta property=\"og:url\" content=\"https:\/\/www.romaoggi.eu\/index.php\/2018\/10\/07\/cenpis-orion-psicosomatica\/\" \/>\n<meta property=\"og:site_name\" content=\"roma oggi\" \/>\n<meta property=\"article:publisher\" content=\"https:\/\/www.facebook.com\/RomaOggi-841544845954114\" \/>\n<meta property=\"article:published_time\" content=\"2018-10-07T07:43:26+00:00\" \/>\n<meta property=\"og:image\" content=\"https:\/\/www.romaoggi.eu\/wp-content\/uploads\/2018\/10\/StressConvegno.jpg\" \/>\n\t<meta property=\"og:image:width\" content=\"1280\" \/>\n\t<meta property=\"og:image:height\" content=\"720\" \/>\n\t<meta property=\"og:image:type\" content=\"image\/jpeg\" \/>\n<meta name=\"author\" content=\"Antonietta Di Vizia\" \/>\n<meta name=\"twitter:card\" content=\"summary_large_image\" \/>\n<meta name=\"twitter:creator\" content=\"@romaoggi_eu\" \/>\n<meta name=\"twitter:site\" content=\"@romaoggi_eu\" \/>\n<meta name=\"twitter:label1\" content=\"Scritto da\" \/>\n\t<meta name=\"twitter:data1\" content=\"Antonietta Di Vizia\" \/>\n\t<meta name=\"twitter:label2\" content=\"Tempo di lettura stimato\" \/>\n\t<meta name=\"twitter:data2\" content=\"3 minuti\" \/>\n<script type=\"application\/ld+json\" class=\"yoast-schema-graph\">{\"@context\":\"https:\\\/\\\/schema.org\",\"@graph\":[{\"@type\":\"Article\",\"@id\":\"https:\\\/\\\/www.romaoggi.eu\\\/index.php\\\/2018\\\/10\\\/07\\\/cenpis-orion-psicosomatica\\\/#article\",\"isPartOf\":{\"@id\":\"https:\\\/\\\/www.romaoggi.eu\\\/index.php\\\/2018\\\/10\\\/07\\\/cenpis-orion-psicosomatica\\\/\"},\"author\":{\"name\":\"Antonietta Di Vizia\",\"@id\":\"https:\\\/\\\/www.romaoggi.eu\\\/#\\\/schema\\\/person\\\/c8ca1fb64b5506391fff5f822a866c23\"},\"headline\":\"&#8220;Cenpis Orion Psicosomatica&#8221; in Regione Lazio contro stress ed ansia\",\"datePublished\":\"2018-10-07T07:43:26+00:00\",\"mainEntityOfPage\":{\"@id\":\"https:\\\/\\\/www.romaoggi.eu\\\/index.php\\\/2018\\\/10\\\/07\\\/cenpis-orion-psicosomatica\\\/\"},\"wordCount\":515,\"publisher\":{\"@id\":\"https:\\\/\\\/www.romaoggi.eu\\\/#organization\"},\"image\":{\"@id\":\"https:\\\/\\\/www.romaoggi.eu\\\/index.php\\\/2018\\\/10\\\/07\\\/cenpis-orion-psicosomatica\\\/#primaryimage\"},\"thumbnailUrl\":\"https:\\\/\\\/www.romaoggi.eu\\\/wp-content\\\/uploads\\\/2018\\\/10\\\/StressConvegno.jpg\",\"keywords\":[\"ansia\",\"Antonio Popolizio\",\"Cenpis Orion Psicosomatica\",\"cittadini\",\"convegno\",\"mirko di bernardo\",\"Paola Zanoni\",\"Regione Lazio\",\"stress\"],\"articleSection\":[\"attualit\u00e0\"],\"inLanguage\":\"it-IT\"},{\"@type\":\"WebPage\",\"@id\":\"https:\\\/\\\/www.romaoggi.eu\\\/index.php\\\/2018\\\/10\\\/07\\\/cenpis-orion-psicosomatica\\\/\",\"url\":\"https:\\\/\\\/www.romaoggi.eu\\\/index.php\\\/2018\\\/10\\\/07\\\/cenpis-orion-psicosomatica\\\/\",\"name\":\"\\\"Cenpis Orion Psicosomatica\\\" in Regione Lazio contro stress ed ansia\",\"isPartOf\":{\"@id\":\"https:\\\/\\\/www.romaoggi.eu\\\/#website\"},\"primaryImageOfPage\":{\"@id\":\"https:\\\/\\\/www.romaoggi.eu\\\/index.php\\\/2018\\\/10\\\/07\\\/cenpis-orion-psicosomatica\\\/#primaryimage\"},\"image\":{\"@id\":\"https:\\\/\\\/www.romaoggi.eu\\\/index.php\\\/2018\\\/10\\\/07\\\/cenpis-orion-psicosomatica\\\/#primaryimage\"},\"thumbnailUrl\":\"https:\\\/\\\/www.romaoggi.eu\\\/wp-content\\\/uploads\\\/2018\\\/10\\\/StressConvegno.jpg\",\"datePublished\":\"2018-10-07T07:43:26+00:00\",\"description\":\"Convegno \\\"Cenpis Orion Psicosomatica\\\" contro lo stress ed ansia, il 4 ottobre 2018 nella Sala Mechelli della Regione Lazio.\",\"breadcrumb\":{\"@id\":\"https:\\\/\\\/www.romaoggi.eu\\\/index.php\\\/2018\\\/10\\\/07\\\/cenpis-orion-psicosomatica\\\/#breadcrumb\"},\"inLanguage\":\"it-IT\",\"potentialAction\":[{\"@type\":\"ReadAction\",\"target\":[\"https:\\\/\\\/www.romaoggi.eu\\\/index.php\\\/2018\\\/10\\\/07\\\/cenpis-orion-psicosomatica\\\/\"]}]},{\"@type\":\"ImageObject\",\"inLanguage\":\"it-IT\",\"@id\":\"https:\\\/\\\/www.romaoggi.eu\\\/index.php\\\/2018\\\/10\\\/07\\\/cenpis-orion-psicosomatica\\\/#primaryimage\",\"url\":\"https:\\\/\\\/www.romaoggi.eu\\\/wp-content\\\/uploads\\\/2018\\\/10\\\/StressConvegno.jpg\",\"contentUrl\":\"https:\\\/\\\/www.romaoggi.eu\\\/wp-content\\\/uploads\\\/2018\\\/10\\\/StressConvegno.jpg\",\"width\":1280,\"height\":720,\"caption\":\"alt tag cenpis orion\"},{\"@type\":\"BreadcrumbList\",\"@id\":\"https:\\\/\\\/www.romaoggi.eu\\\/index.php\\\/2018\\\/10\\\/07\\\/cenpis-orion-psicosomatica\\\/#breadcrumb\",\"itemListElement\":[{\"@type\":\"ListItem\",\"position\":1,\"name\":\"Home\",\"item\":\"https:\\\/\\\/www.romaoggi.eu\\\/\"},{\"@type\":\"ListItem\",\"position\":2,\"name\":\"&#8220;Cenpis Orion Psicosomatica&#8221; in Regione Lazio contro stress ed ansia\"}]},{\"@type\":\"WebSite\",\"@id\":\"https:\\\/\\\/www.romaoggi.eu\\\/#website\",\"url\":\"https:\\\/\\\/www.romaoggi.eu\\\/\",\"name\":\"roma oggi\",\"description\":\"Interesting News for Interesting people\",\"publisher\":{\"@id\":\"https:\\\/\\\/www.romaoggi.eu\\\/#organization\"},\"potentialAction\":[{\"@type\":\"SearchAction\",\"target\":{\"@type\":\"EntryPoint\",\"urlTemplate\":\"https:\\\/\\\/www.romaoggi.eu\\\/?s={search_term_string}\"},\"query-input\":{\"@type\":\"PropertyValueSpecification\",\"valueRequired\":true,\"valueName\":\"search_term_string\"}}],\"inLanguage\":\"it-IT\"},{\"@type\":\"Organization\",\"@id\":\"https:\\\/\\\/www.romaoggi.eu\\\/#organization\",\"name\":\"RomaOggi\",\"url\":\"https:\\\/\\\/www.romaoggi.eu\\\/\",\"logo\":{\"@type\":\"ImageObject\",\"inLanguage\":\"it-IT\",\"@id\":\"https:\\\/\\\/www.romaoggi.eu\\\/#\\\/schema\\\/logo\\\/image\\\/\",\"url\":\"https:\\\/\\\/www.romaoggi.eu\\\/wp-content\\\/uploads\\\/2017\\\/04\\\/logowp.jpg\",\"contentUrl\":\"https:\\\/\\\/www.romaoggi.eu\\\/wp-content\\\/uploads\\\/2017\\\/04\\\/logowp.jpg\",\"width\":300,\"height\":133,\"caption\":\"RomaOggi\"},\"image\":{\"@id\":\"https:\\\/\\\/www.romaoggi.eu\\\/#\\\/schema\\\/logo\\\/image\\\/\"},\"sameAs\":[\"https:\\\/\\\/www.facebook.com\\\/RomaOggi-841544845954114\",\"https:\\\/\\\/x.com\\\/romaoggi_eu\"]},{\"@type\":\"Person\",\"@id\":\"https:\\\/\\\/www.romaoggi.eu\\\/#\\\/schema\\\/person\\\/c8ca1fb64b5506391fff5f822a866c23\",\"name\":\"Antonietta Di Vizia\",\"image\":{\"@type\":\"ImageObject\",\"inLanguage\":\"it-IT\",\"@id\":\"https:\\\/\\\/secure.gravatar.com\\\/avatar\\\/2ad571aa3fbfe3089b06ed5617adf58717b9359c0c97cf9b52804fb2dac293f2?s=96&d=mm&r=g\",\"url\":\"https:\\\/\\\/secure.gravatar.com\\\/avatar\\\/2ad571aa3fbfe3089b06ed5617adf58717b9359c0c97cf9b52804fb2dac293f2?s=96&d=mm&r=g\",\"contentUrl\":\"https:\\\/\\\/secure.gravatar.com\\\/avatar\\\/2ad571aa3fbfe3089b06ed5617adf58717b9359c0c97cf9b52804fb2dac293f2?s=96&d=mm&r=g\",\"caption\":\"Antonietta Di Vizia\"},\"url\":\"https:\\\/\\\/www.romaoggi.eu\\\/index.php\\\/author\\\/antonietta\\\/\"}]}<\/script>\n<!-- \/ Yoast SEO plugin. -->","yoast_head_json":{"title":"\"Cenpis Orion Psicosomatica\" in Regione Lazio contro stress ed ansia","description":"Convegno \"Cenpis Orion Psicosomatica\" contro lo stress ed ansia, il 4 ottobre 2018 nella Sala Mechelli della Regione Lazio.","robots":{"index":"index","follow":"follow","max-snippet":"max-snippet:-1","max-image-preview":"max-image-preview:large","max-video-preview":"max-video-preview:-1"},"canonical":"https:\/\/www.romaoggi.eu\/index.php\/2018\/10\/07\/cenpis-orion-psicosomatica\/","og_locale":"it_IT","og_type":"article","og_title":"\"Cenpis Orion Psicosomatica\" in Regione Lazio contro stress ed ansia","og_description":"Convegno \"Cenpis Orion Psicosomatica\" contro lo stress ed ansia, il 4 ottobre 2018 nella Sala Mechelli della Regione Lazio.","og_url":"https:\/\/www.romaoggi.eu\/index.php\/2018\/10\/07\/cenpis-orion-psicosomatica\/","og_site_name":"roma oggi","article_publisher":"https:\/\/www.facebook.com\/RomaOggi-841544845954114","article_published_time":"2018-10-07T07:43:26+00:00","og_image":[{"width":1280,"height":720,"url":"https:\/\/www.romaoggi.eu\/wp-content\/uploads\/2018\/10\/StressConvegno.jpg","type":"image\/jpeg"}],"author":"Antonietta Di Vizia","twitter_card":"summary_large_image","twitter_creator":"@romaoggi_eu","twitter_site":"@romaoggi_eu","twitter_misc":{"Scritto da":"Antonietta Di Vizia","Tempo di lettura stimato":"3 minuti"},"schema":{"@context":"https:\/\/schema.org","@graph":[{"@type":"Article","@id":"https:\/\/www.romaoggi.eu\/index.php\/2018\/10\/07\/cenpis-orion-psicosomatica\/#article","isPartOf":{"@id":"https:\/\/www.romaoggi.eu\/index.php\/2018\/10\/07\/cenpis-orion-psicosomatica\/"},"author":{"name":"Antonietta Di Vizia","@id":"https:\/\/www.romaoggi.eu\/#\/schema\/person\/c8ca1fb64b5506391fff5f822a866c23"},"headline":"&#8220;Cenpis Orion Psicosomatica&#8221; in Regione Lazio contro stress ed ansia","datePublished":"2018-10-07T07:43:26+00:00","mainEntityOfPage":{"@id":"https:\/\/www.romaoggi.eu\/index.php\/2018\/10\/07\/cenpis-orion-psicosomatica\/"},"wordCount":515,"publisher":{"@id":"https:\/\/www.romaoggi.eu\/#organization"},"image":{"@id":"https:\/\/www.romaoggi.eu\/index.php\/2018\/10\/07\/cenpis-orion-psicosomatica\/#primaryimage"},"thumbnailUrl":"https:\/\/www.romaoggi.eu\/wp-content\/uploads\/2018\/10\/StressConvegno.jpg","keywords":["ansia","Antonio Popolizio","Cenpis Orion Psicosomatica","cittadini","convegno","mirko di bernardo","Paola Zanoni","Regione Lazio","stress"],"articleSection":["attualit\u00e0"],"inLanguage":"it-IT"},{"@type":"WebPage","@id":"https:\/\/www.romaoggi.eu\/index.php\/2018\/10\/07\/cenpis-orion-psicosomatica\/","url":"https:\/\/www.romaoggi.eu\/index.php\/2018\/10\/07\/cenpis-orion-psicosomatica\/","name":"\"Cenpis Orion Psicosomatica\" in Regione Lazio contro stress ed ansia","isPartOf":{"@id":"https:\/\/www.romaoggi.eu\/#website"},"primaryImageOfPage":{"@id":"https:\/\/www.romaoggi.eu\/index.php\/2018\/10\/07\/cenpis-orion-psicosomatica\/#primaryimage"},"image":{"@id":"https:\/\/www.romaoggi.eu\/index.php\/2018\/10\/07\/cenpis-orion-psicosomatica\/#primaryimage"},"thumbnailUrl":"https:\/\/www.romaoggi.eu\/wp-content\/uploads\/2018\/10\/StressConvegno.jpg","datePublished":"2018-10-07T07:43:26+00:00","description":"Convegno \"Cenpis Orion Psicosomatica\" contro lo stress ed ansia, il 4 ottobre 2018 nella Sala Mechelli della Regione Lazio.","breadcrumb":{"@id":"https:\/\/www.romaoggi.eu\/index.php\/2018\/10\/07\/cenpis-orion-psicosomatica\/#breadcrumb"},"inLanguage":"it-IT","potentialAction":[{"@type":"ReadAction","target":["https:\/\/www.romaoggi.eu\/index.php\/2018\/10\/07\/cenpis-orion-psicosomatica\/"]}]},{"@type":"ImageObject","inLanguage":"it-IT","@id":"https:\/\/www.romaoggi.eu\/index.php\/2018\/10\/07\/cenpis-orion-psicosomatica\/#primaryimage","url":"https:\/\/www.romaoggi.eu\/wp-content\/uploads\/2018\/10\/StressConvegno.jpg","contentUrl":"https:\/\/www.romaoggi.eu\/wp-content\/uploads\/2018\/10\/StressConvegno.jpg","width":1280,"height":720,"caption":"alt tag cenpis orion"},{"@type":"BreadcrumbList","@id":"https:\/\/www.romaoggi.eu\/index.php\/2018\/10\/07\/cenpis-orion-psicosomatica\/#breadcrumb","itemListElement":[{"@type":"ListItem","position":1,"name":"Home","item":"https:\/\/www.romaoggi.eu\/"},{"@type":"ListItem","position":2,"name":"&#8220;Cenpis Orion Psicosomatica&#8221; in Regione Lazio contro stress ed ansia"}]},{"@type":"WebSite","@id":"https:\/\/www.romaoggi.eu\/#website","url":"https:\/\/www.romaoggi.eu\/","name":"roma oggi","description":"Interesting News for Interesting people","publisher":{"@id":"https:\/\/www.romaoggi.eu\/#organization"},"potentialAction":[{"@type":"SearchAction","target":{"@type":"EntryPoint","urlTemplate":"https:\/\/www.romaoggi.eu\/?s={search_term_string}"},"query-input":{"@type":"PropertyValueSpecification","valueRequired":true,"valueName":"search_term_string"}}],"inLanguage":"it-IT"},{"@type":"Organization","@id":"https:\/\/www.romaoggi.eu\/#organization","name":"RomaOggi","url":"https:\/\/www.romaoggi.eu\/","logo":{"@type":"ImageObject","inLanguage":"it-IT","@id":"https:\/\/www.romaoggi.eu\/#\/schema\/logo\/image\/","url":"https:\/\/www.romaoggi.eu\/wp-content\/uploads\/2017\/04\/logowp.jpg","contentUrl":"https:\/\/www.romaoggi.eu\/wp-content\/uploads\/2017\/04\/logowp.jpg","width":300,"height":133,"caption":"RomaOggi"},"image":{"@id":"https:\/\/www.romaoggi.eu\/#\/schema\/logo\/image\/"},"sameAs":["https:\/\/www.facebook.com\/RomaOggi-841544845954114","https:\/\/x.com\/romaoggi_eu"]},{"@type":"Person","@id":"https:\/\/www.romaoggi.eu\/#\/schema\/person\/c8ca1fb64b5506391fff5f822a866c23","name":"Antonietta Di Vizia","image":{"@type":"ImageObject","inLanguage":"it-IT","@id":"https:\/\/secure.gravatar.com\/avatar\/2ad571aa3fbfe3089b06ed5617adf58717b9359c0c97cf9b52804fb2dac293f2?s=96&d=mm&r=g","url":"https:\/\/secure.gravatar.com\/avatar\/2ad571aa3fbfe3089b06ed5617adf58717b9359c0c97cf9b52804fb2dac293f2?s=96&d=mm&r=g","contentUrl":"https:\/\/secure.gravatar.com\/avatar\/2ad571aa3fbfe3089b06ed5617adf58717b9359c0c97cf9b52804fb2dac293f2?s=96&d=mm&r=g","caption":"Antonietta Di Vizia"},"url":"https:\/\/www.romaoggi.eu\/index.php\/author\/antonietta\/"}]}},"_links":{"self":[{"href":"https:\/\/www.romaoggi.eu\/index.php\/wp-json\/wp\/v2\/posts\/19040","targetHints":{"allow":["GET"]}}],"collection":[{"href":"https:\/\/www.romaoggi.eu\/index.php\/wp-json\/wp\/v2\/posts"}],"about":[{"href":"https:\/\/www.romaoggi.eu\/index.php\/wp-json\/wp\/v2\/types\/post"}],"author":[{"embeddable":true,"href":"https:\/\/www.romaoggi.eu\/index.php\/wp-json\/wp\/v2\/users\/3"}],"replies":[{"embeddable":true,"href":"https:\/\/www.romaoggi.eu\/index.php\/wp-json\/wp\/v2\/comments?post=19040"}],"version-history":[{"count":5,"href":"https:\/\/www.romaoggi.eu\/index.php\/wp-json\/wp\/v2\/posts\/19040\/revisions"}],"predecessor-version":[{"id":19048,"href":"https:\/\/www.romaoggi.eu\/index.php\/wp-json\/wp\/v2\/posts\/19040\/revisions\/19048"}],"wp:featuredmedia":[{"embeddable":true,"href":"https:\/\/www.romaoggi.eu\/index.php\/wp-json\/wp\/v2\/media\/19043"}],"wp:attachment":[{"href":"https:\/\/www.romaoggi.eu\/index.php\/wp-json\/wp\/v2\/media?parent=19040"}],"wp:term":[{"taxonomy":"category","embeddable":true,"href":"https:\/\/www.romaoggi.eu\/index.php\/wp-json\/wp\/v2\/categories?post=19040"},{"taxonomy":"post_tag","embeddable":true,"href":"https:\/\/www.romaoggi.eu\/index.php\/wp-json\/wp\/v2\/tags?post=19040"}],"curies":[{"name":"wp","href":"https:\/\/api.w.org\/{rel}","templated":true}]}}