{"id":1918,"date":"2016-04-13T18:17:12","date_gmt":"2016-04-13T16:17:12","guid":{"rendered":"http:\/\/www.romaoggi.eu\/?p=1918"},"modified":"2016-04-13T18:26:15","modified_gmt":"2016-04-13T16:26:15","slug":"premio-la-pellicola-doro","status":"publish","type":"post","link":"https:\/\/www.romaoggi.eu\/index.php\/2016\/04\/13\/premio-la-pellicola-doro\/","title":{"rendered":"La Pellicola d&#8217;Oro- Premi al lavoro dietro le quinte"},"content":{"rendered":"<h2>Il 25 aprile al Teatro Ghione saranno assegnati i premi de \u201cLa Pellicola d\u2019Oro\u201d<\/h2>\n<p style=\"text-align: justify;\"><span style=\"font-weight: 400;\">E\u2019 in arrivo <strong>La Pellicola d\u2019Oro,<\/strong><\/span><span style=\"font-weight: 400;\">\u00a0l\u2019importante premio cinematografico<\/span><span style=\"font-weight: 400;\"> assegnato alle maestranze e agli artigiani del cinema, promosso e organizzato dall\u2019 associazione\u00a0culturale <strong>ART.9 <\/strong>Cultura &amp; Spettacolo e dalla<strong> SAS Cinema<\/strong> e dalla <strong>FITeL (Federazione Italiana del Tempo Libero),<\/strong> la cui consegna avr\u00e0 luogo presso il <strong>Teatro Ghione<\/strong> a Roma il \u00a0prossimo <strong>25 \u00a0aprile, alle ore 21,00. \u00a0<\/strong><\/span><\/p>\n<p style=\"text-align: justify;\"><span style=\"font-weight: 400;\">L\u2019atteso riconoscimento, giunto quest\u2019anno alla sua VI edizione, viene assegnato alle figure professionali: Sarta di scena; Sartorie cineteatrali; Capo macchinista; Operatore di macchina; Direttore di produzione; addetti agli Effeti speciali; Attrezzisti di scena; Capo costruttore e da quest\u2019anno sono stati compresi pure Story Booard e il Migliore Attore e Attrice votati dalla troupe. Ancora, premi speciali, vengono poi assegnati ad esponenti del cinema , dello spettacolo e della cultura, che si sono distinti nella loro carriera. <\/span><span style=\"font-weight: 400;\">Nel tempo, tanti personaggi e le istituzioni a cui \u00e8 stata assegnata <strong>\u201cLa Pellicola d\u2019Oro\u201d<\/strong> per i loro meriti, ne ricordiamo alcuni come, il \u00a0maestro <strong>Ettore Scola<\/strong>, <strong>Ugo Gregoretti<\/strong>, <strong>Giancarlo Giannini<\/strong>, il <strong>Centro Sperimentale di Cinematografia<\/strong>; la RAI.\u00a0<\/span><span style=\"font-weight: 400;\">L\u2019obiettivo del premio, sin dalla sua ideazione \u00e8 quello di dare riconoscimento ed esaltare quei<strong> \u201cmestieri\u201d<\/strong> e professionalit\u00e0 nascoste al pubblico ma \u00a0tanto determinanti nella riuscita dell\u2019opera cinematografica.<\/span><\/p>\n<figure id=\"attachment_1924\" aria-describedby=\"caption-attachment-1924\" style=\"width: 720px\" class=\"wp-caption aligncenter\"><img loading=\"lazy\" decoding=\"async\" class=\"wp-image-1924 size-full\" src=\"https:\/\/www.romaoggi.eu\/wp-content\/uploads\/2016\/04\/12919875_1753673401520862_6830404464766018560_n.jpg\" alt=\"il presidente della FITeL Giovanni Ciarlone, alla conferenza stampa del \" width=\"720\" height=\"477\" srcset=\"https:\/\/www.romaoggi.eu\/wp-content\/uploads\/2016\/04\/12919875_1753673401520862_6830404464766018560_n.jpg 720w, https:\/\/www.romaoggi.eu\/wp-content\/uploads\/2016\/04\/12919875_1753673401520862_6830404464766018560_n-300x199.jpg 300w\" sizes=\"auto, (max-width: 720px) 100vw, 720px\" \/><figcaption id=\"caption-attachment-1924\" class=\"wp-caption-text\">Conferenza stampa del premio &#8220;La Pellicola d&#8217;oro&#8221; 2016 che si \u00e8 svolta \u00a0a Palazzo Valentini il 4 aprile .<\/figcaption><\/figure>\n<p style=\"text-align: justify;\"><span style=\"font-weight: 400;\">Al Presidente della <strong>FITeL,\u00a0<\/strong> <a href=\"http:\/\/www.fitel.it\/\">http:\/\/www.fitel.it\/<\/a>, <strong>Giovanni Ciarlone<\/strong>, \u00a0abbiamo chiesto: <\/span><strong>Perch\u00e9 la FITeL sostiene un premio cinematografico alle maestranze?\u00a0<\/strong><span style=\"font-weight: 400;\">\u201c<em>Essendo la nostra Federazione d\u2019emanazione sindacale, non abbiamo esitato ad apprezzare e condividere il Premio fin dal momento dell\u2019ideazione da parte del regista <strong>Enzo De Camillis.<\/strong> Le maestranze, gli artigiani e gli attori, ai quali vengono assegnati i premi, rendono grande il cinema italiano. In questo momento di grande difficolt\u00e0 del Paese \u00e8 strategico investire in questo settore cos\u00ec importante, esso pu\u00f2 incoraggiare anche un turismo in entrata che non sia solo mare, ma anche cultura. E\u2019 buona notizia, che il Premio, come annunciato in conferenza stampa di presentazione del 4 aprile a palazzo Valentini a Roma, a partire dall\u2019 estate 2016, assuma anche un carattere internazionale, preveda una rassegna di cinema a \u00a0Lisbona con la I Edizione del \u00a0premio <strong>La Pellicola d\u2019Oro<\/strong>\u00a0<\/em><\/span><em><span style=\"font-weight: 400;\">animata dagli stessi principi della versione italiana.<\/span><\/em><span style=\"font-weight: 400;\"><em> \u201cWork in progress\u201d per l\u2019organizzazione di rassegne a Praga e a Barcellona. Occasioni, queste, tutte propedeutiche per diventare un punto di riferimento culturale internazionale in grado di esaltare la manualit\u00e0 e l\u2019ingegno delle nostre maestranze che hanno rappresentato il made in Italy nel mondo<\/em>\u201d.<\/span><\/p>\n<p style=\"text-align: justify;\"><span style=\"font-weight: 400;\">&#8220;<em>Il Premio <strong>La Pellicola d\u2019Oro<\/strong> giunto <\/em><\/span><em>quest\u2019anno alla VI edizione<\/em><span style=\"font-weight: 400;\"><em> \u00e8 un atteso e ambito premio ai lavoratori e lavori del settore del cinema che &#8211; <\/em>come afferma\u00a0<strong>Rossella Ronconi<\/strong>, della presidenza nazionale della FITeL e <strong>direttore della Rivista Tempo Libero<\/strong> <em>&#8211; acquista particolare significato in un \u00a0periodo di crisi economica e di valori, in cui dilagano infinite forme di precariet\u00e0, di diritti del lavoro calpestati, \u00a0mancanza di tutele e sfruttamento in tutti i settori, dare riconoscimento al lavoro di tanti lavoratori del <strong>dietro le quinte<\/strong> del cinema <strong>(tecnici, elettricisti, sarte, macchinisti<\/strong> e quanto altro) che, con \u00a0professionalit\u00e0 e genialit\u00e0, meno visibili agli occhi del pubblico, concorrono con grande impegno e dedizione a creare quel migliore prodotto cinematografico e culturale che ha reso e rende famoso il Belpaese nel mondo<\/em>\u201d.<\/span><\/p>\n<p style=\"text-align: justify;\">Articolo di Antonietta Di Vizia<\/p>\n","protected":false},"excerpt":{"rendered":"<div class=\"mh-excerpt\"><p>Il 25 aprile al Teatro Ghione saranno assegnati i premi de \u201cLa Pellicola d\u2019Oro\u201d E\u2019 in arrivo La Pellicola d\u2019Oro,\u00a0l\u2019importante premio cinematografico assegnato alle maestranze e agli artigiani del cinema, promosso e organizzato dall\u2019 associazione\u00a0culturale <a class=\"mh-excerpt-more\" href=\"https:\/\/www.romaoggi.eu\/index.php\/2016\/04\/13\/premio-la-pellicola-doro\/\" title=\"La Pellicola d&#8217;Oro- Premi al lavoro dietro le quinte\">[&#8230;]<\/a><\/p>\n<\/div>","protected":false},"author":3,"featured_media":1923,"comment_status":"open","ping_status":"open","sticky":false,"template":"","format":"standard","meta":{"_sitemap_exclude":false,"_sitemap_priority":"","_sitemap_frequency":"","footnotes":""},"categories":[522],"tags":[520,1766,1769,1763,151,1765,1768,1764,1762,67,1771,1772,1773,1770,1767],"class_list":["post-1918","post","type-post","status-publish","format-standard","has-post-thumbnail","hentry","category-attualita","tag-antonietta-di-vizia","tag-art-9","tag-centro-sperimentale-di-cinematografia","tag-enzo-de-camillis","tag-ettore-scola","tag-fitel","tag-giancarlo-giannini","tag-giovanni-ciarlone","tag-la-pellicola-doro","tag-rai","tag-rossella-ronconi","tag-sas-cinema","tag-teatro-ghione","tag-tempo-libero","tag-ugo-gregoretti"],"yoast_head":"<!-- This site is optimized with the Yoast SEO plugin v27.5 - https:\/\/yoast.com\/product\/yoast-seo-wordpress\/ -->\n<title>La Pellicola d&#039;Oro- Premi al lavoro dietro le quinte<\/title>\n<meta name=\"description\" content=\"La Pellicola d&#039;Oro il premio cinematografico alle maestranze del cinema, promosso e organizzato dall\u2019Associazione culturale ART.9, SAS Cinema e FITeL.\" \/>\n<meta name=\"robots\" content=\"index, follow, max-snippet:-1, max-image-preview:large, max-video-preview:-1\" \/>\n<link rel=\"canonical\" href=\"https:\/\/www.romaoggi.eu\/index.php\/2016\/04\/13\/premio-la-pellicola-doro\/\" \/>\n<meta property=\"og:locale\" content=\"it_IT\" \/>\n<meta property=\"og:type\" content=\"article\" \/>\n<meta property=\"og:title\" content=\"La Pellicola d&#039;Oro- Premi al lavoro dietro le quinte\" \/>\n<meta property=\"og:description\" content=\"La Pellicola d&#039;Oro il premio cinematografico alle maestranze del cinema, promosso e organizzato dall\u2019Associazione culturale ART.9, SAS Cinema e FITeL.\" \/>\n<meta property=\"og:url\" content=\"https:\/\/www.romaoggi.eu\/index.php\/2016\/04\/13\/premio-la-pellicola-doro\/\" \/>\n<meta property=\"og:site_name\" content=\"roma oggi\" \/>\n<meta property=\"article:publisher\" content=\"https:\/\/www.facebook.com\/RomaOggi-841544845954114\" \/>\n<meta property=\"article:published_time\" content=\"2016-04-13T16:17:12+00:00\" \/>\n<meta property=\"article:modified_time\" content=\"2016-04-13T16:26:15+00:00\" \/>\n<meta property=\"og:image\" content=\"https:\/\/www.romaoggi.eu\/wp-content\/uploads\/2016\/04\/11140098_1753671881521014_226968145699391827_n.jpg\" \/>\n\t<meta property=\"og:image:width\" content=\"941\" \/>\n\t<meta property=\"og:image:height\" content=\"781\" \/>\n\t<meta property=\"og:image:type\" content=\"image\/jpeg\" \/>\n<meta name=\"author\" content=\"Antonietta Di Vizia\" \/>\n<meta name=\"twitter:card\" content=\"summary_large_image\" \/>\n<meta name=\"twitter:creator\" content=\"@romaoggi_eu\" \/>\n<meta name=\"twitter:site\" content=\"@romaoggi_eu\" \/>\n<meta name=\"twitter:label1\" content=\"Scritto da\" \/>\n\t<meta name=\"twitter:data1\" content=\"Antonietta Di Vizia\" \/>\n\t<meta name=\"twitter:label2\" content=\"Tempo di lettura stimato\" \/>\n\t<meta name=\"twitter:data2\" content=\"3 minuti\" \/>\n<script type=\"application\/ld+json\" class=\"yoast-schema-graph\">{\"@context\":\"https:\\\/\\\/schema.org\",\"@graph\":[{\"@type\":\"Article\",\"@id\":\"https:\\\/\\\/www.romaoggi.eu\\\/index.php\\\/2016\\\/04\\\/13\\\/premio-la-pellicola-doro\\\/#article\",\"isPartOf\":{\"@id\":\"https:\\\/\\\/www.romaoggi.eu\\\/index.php\\\/2016\\\/04\\\/13\\\/premio-la-pellicola-doro\\\/\"},\"author\":{\"name\":\"Antonietta Di Vizia\",\"@id\":\"https:\\\/\\\/www.romaoggi.eu\\\/#\\\/schema\\\/person\\\/c8ca1fb64b5506391fff5f822a866c23\"},\"headline\":\"La Pellicola d&#8217;Oro- Premi al lavoro dietro le quinte\",\"datePublished\":\"2016-04-13T16:17:12+00:00\",\"dateModified\":\"2016-04-13T16:26:15+00:00\",\"mainEntityOfPage\":{\"@id\":\"https:\\\/\\\/www.romaoggi.eu\\\/index.php\\\/2016\\\/04\\\/13\\\/premio-la-pellicola-doro\\\/\"},\"wordCount\":582,\"commentCount\":0,\"publisher\":{\"@id\":\"https:\\\/\\\/www.romaoggi.eu\\\/#organization\"},\"image\":{\"@id\":\"https:\\\/\\\/www.romaoggi.eu\\\/index.php\\\/2016\\\/04\\\/13\\\/premio-la-pellicola-doro\\\/#primaryimage\"},\"thumbnailUrl\":\"https:\\\/\\\/www.romaoggi.eu\\\/wp-content\\\/uploads\\\/2016\\\/04\\\/11140098_1753671881521014_226968145699391827_n.jpg\",\"keywords\":[\"Antonietta Di Vizia\",\"Art 9\",\"Centro Sperimentale di Cinematografia\",\"Enzo De Camillis\",\"ettore scola\",\"FITeL\",\"Giancarlo Giannini\",\"Giovanni Ciarlone\",\"La pellicola d'oro\",\"rai\",\"Rossella Ronconi\",\"SAS Cinema\",\"Teatro Ghione\",\"Tempo Libero\",\"Ugo Gregoretti\"],\"articleSection\":[\"attualit\u00e0\"],\"inLanguage\":\"it-IT\",\"potentialAction\":[{\"@type\":\"CommentAction\",\"name\":\"Comment\",\"target\":[\"https:\\\/\\\/www.romaoggi.eu\\\/index.php\\\/2016\\\/04\\\/13\\\/premio-la-pellicola-doro\\\/#respond\"]}]},{\"@type\":\"WebPage\",\"@id\":\"https:\\\/\\\/www.romaoggi.eu\\\/index.php\\\/2016\\\/04\\\/13\\\/premio-la-pellicola-doro\\\/\",\"url\":\"https:\\\/\\\/www.romaoggi.eu\\\/index.php\\\/2016\\\/04\\\/13\\\/premio-la-pellicola-doro\\\/\",\"name\":\"La Pellicola d'Oro- Premi al lavoro dietro le quinte\",\"isPartOf\":{\"@id\":\"https:\\\/\\\/www.romaoggi.eu\\\/#website\"},\"primaryImageOfPage\":{\"@id\":\"https:\\\/\\\/www.romaoggi.eu\\\/index.php\\\/2016\\\/04\\\/13\\\/premio-la-pellicola-doro\\\/#primaryimage\"},\"image\":{\"@id\":\"https:\\\/\\\/www.romaoggi.eu\\\/index.php\\\/2016\\\/04\\\/13\\\/premio-la-pellicola-doro\\\/#primaryimage\"},\"thumbnailUrl\":\"https:\\\/\\\/www.romaoggi.eu\\\/wp-content\\\/uploads\\\/2016\\\/04\\\/11140098_1753671881521014_226968145699391827_n.jpg\",\"datePublished\":\"2016-04-13T16:17:12+00:00\",\"dateModified\":\"2016-04-13T16:26:15+00:00\",\"description\":\"La Pellicola d'Oro il premio cinematografico alle maestranze del cinema, promosso e organizzato dall\u2019Associazione culturale ART.9, SAS Cinema e FITeL.\",\"breadcrumb\":{\"@id\":\"https:\\\/\\\/www.romaoggi.eu\\\/index.php\\\/2016\\\/04\\\/13\\\/premio-la-pellicola-doro\\\/#breadcrumb\"},\"inLanguage\":\"it-IT\",\"potentialAction\":[{\"@type\":\"ReadAction\",\"target\":[\"https:\\\/\\\/www.romaoggi.eu\\\/index.php\\\/2016\\\/04\\\/13\\\/premio-la-pellicola-doro\\\/\"]}]},{\"@type\":\"ImageObject\",\"inLanguage\":\"it-IT\",\"@id\":\"https:\\\/\\\/www.romaoggi.eu\\\/index.php\\\/2016\\\/04\\\/13\\\/premio-la-pellicola-doro\\\/#primaryimage\",\"url\":\"https:\\\/\\\/www.romaoggi.eu\\\/wp-content\\\/uploads\\\/2016\\\/04\\\/11140098_1753671881521014_226968145699391827_n.jpg\",\"contentUrl\":\"https:\\\/\\\/www.romaoggi.eu\\\/wp-content\\\/uploads\\\/2016\\\/04\\\/11140098_1753671881521014_226968145699391827_n.jpg\",\"width\":941,\"height\":781},{\"@type\":\"BreadcrumbList\",\"@id\":\"https:\\\/\\\/www.romaoggi.eu\\\/index.php\\\/2016\\\/04\\\/13\\\/premio-la-pellicola-doro\\\/#breadcrumb\",\"itemListElement\":[{\"@type\":\"ListItem\",\"position\":1,\"name\":\"Home\",\"item\":\"https:\\\/\\\/www.romaoggi.eu\\\/\"},{\"@type\":\"ListItem\",\"position\":2,\"name\":\"La Pellicola d&#8217;Oro- Premi al lavoro dietro le quinte\"}]},{\"@type\":\"WebSite\",\"@id\":\"https:\\\/\\\/www.romaoggi.eu\\\/#website\",\"url\":\"https:\\\/\\\/www.romaoggi.eu\\\/\",\"name\":\"roma oggi\",\"description\":\"Interesting News for Interesting people\",\"publisher\":{\"@id\":\"https:\\\/\\\/www.romaoggi.eu\\\/#organization\"},\"potentialAction\":[{\"@type\":\"SearchAction\",\"target\":{\"@type\":\"EntryPoint\",\"urlTemplate\":\"https:\\\/\\\/www.romaoggi.eu\\\/?s={search_term_string}\"},\"query-input\":{\"@type\":\"PropertyValueSpecification\",\"valueRequired\":true,\"valueName\":\"search_term_string\"}}],\"inLanguage\":\"it-IT\"},{\"@type\":\"Organization\",\"@id\":\"https:\\\/\\\/www.romaoggi.eu\\\/#organization\",\"name\":\"RomaOggi\",\"url\":\"https:\\\/\\\/www.romaoggi.eu\\\/\",\"logo\":{\"@type\":\"ImageObject\",\"inLanguage\":\"it-IT\",\"@id\":\"https:\\\/\\\/www.romaoggi.eu\\\/#\\\/schema\\\/logo\\\/image\\\/\",\"url\":\"https:\\\/\\\/www.romaoggi.eu\\\/wp-content\\\/uploads\\\/2017\\\/04\\\/logowp.jpg\",\"contentUrl\":\"https:\\\/\\\/www.romaoggi.eu\\\/wp-content\\\/uploads\\\/2017\\\/04\\\/logowp.jpg\",\"width\":300,\"height\":133,\"caption\":\"RomaOggi\"},\"image\":{\"@id\":\"https:\\\/\\\/www.romaoggi.eu\\\/#\\\/schema\\\/logo\\\/image\\\/\"},\"sameAs\":[\"https:\\\/\\\/www.facebook.com\\\/RomaOggi-841544845954114\",\"https:\\\/\\\/x.com\\\/romaoggi_eu\"]},{\"@type\":\"Person\",\"@id\":\"https:\\\/\\\/www.romaoggi.eu\\\/#\\\/schema\\\/person\\\/c8ca1fb64b5506391fff5f822a866c23\",\"name\":\"Antonietta Di Vizia\",\"image\":{\"@type\":\"ImageObject\",\"inLanguage\":\"it-IT\",\"@id\":\"https:\\\/\\\/secure.gravatar.com\\\/avatar\\\/2ad571aa3fbfe3089b06ed5617adf58717b9359c0c97cf9b52804fb2dac293f2?s=96&d=mm&r=g\",\"url\":\"https:\\\/\\\/secure.gravatar.com\\\/avatar\\\/2ad571aa3fbfe3089b06ed5617adf58717b9359c0c97cf9b52804fb2dac293f2?s=96&d=mm&r=g\",\"contentUrl\":\"https:\\\/\\\/secure.gravatar.com\\\/avatar\\\/2ad571aa3fbfe3089b06ed5617adf58717b9359c0c97cf9b52804fb2dac293f2?s=96&d=mm&r=g\",\"caption\":\"Antonietta Di Vizia\"},\"url\":\"https:\\\/\\\/www.romaoggi.eu\\\/index.php\\\/author\\\/antonietta\\\/\"}]}<\/script>\n<!-- \/ Yoast SEO plugin. -->","yoast_head_json":{"title":"La Pellicola d'Oro- Premi al lavoro dietro le quinte","description":"La Pellicola d'Oro il premio cinematografico alle maestranze del cinema, promosso e organizzato dall\u2019Associazione culturale ART.9, SAS Cinema e FITeL.","robots":{"index":"index","follow":"follow","max-snippet":"max-snippet:-1","max-image-preview":"max-image-preview:large","max-video-preview":"max-video-preview:-1"},"canonical":"https:\/\/www.romaoggi.eu\/index.php\/2016\/04\/13\/premio-la-pellicola-doro\/","og_locale":"it_IT","og_type":"article","og_title":"La Pellicola d'Oro- Premi al lavoro dietro le quinte","og_description":"La Pellicola d'Oro il premio cinematografico alle maestranze del cinema, promosso e organizzato dall\u2019Associazione culturale ART.9, SAS Cinema e FITeL.","og_url":"https:\/\/www.romaoggi.eu\/index.php\/2016\/04\/13\/premio-la-pellicola-doro\/","og_site_name":"roma oggi","article_publisher":"https:\/\/www.facebook.com\/RomaOggi-841544845954114","article_published_time":"2016-04-13T16:17:12+00:00","article_modified_time":"2016-04-13T16:26:15+00:00","og_image":[{"width":941,"height":781,"url":"https:\/\/www.romaoggi.eu\/wp-content\/uploads\/2016\/04\/11140098_1753671881521014_226968145699391827_n.jpg","type":"image\/jpeg"}],"author":"Antonietta Di Vizia","twitter_card":"summary_large_image","twitter_creator":"@romaoggi_eu","twitter_site":"@romaoggi_eu","twitter_misc":{"Scritto da":"Antonietta Di Vizia","Tempo di lettura stimato":"3 minuti"},"schema":{"@context":"https:\/\/schema.org","@graph":[{"@type":"Article","@id":"https:\/\/www.romaoggi.eu\/index.php\/2016\/04\/13\/premio-la-pellicola-doro\/#article","isPartOf":{"@id":"https:\/\/www.romaoggi.eu\/index.php\/2016\/04\/13\/premio-la-pellicola-doro\/"},"author":{"name":"Antonietta Di Vizia","@id":"https:\/\/www.romaoggi.eu\/#\/schema\/person\/c8ca1fb64b5506391fff5f822a866c23"},"headline":"La Pellicola d&#8217;Oro- Premi al lavoro dietro le quinte","datePublished":"2016-04-13T16:17:12+00:00","dateModified":"2016-04-13T16:26:15+00:00","mainEntityOfPage":{"@id":"https:\/\/www.romaoggi.eu\/index.php\/2016\/04\/13\/premio-la-pellicola-doro\/"},"wordCount":582,"commentCount":0,"publisher":{"@id":"https:\/\/www.romaoggi.eu\/#organization"},"image":{"@id":"https:\/\/www.romaoggi.eu\/index.php\/2016\/04\/13\/premio-la-pellicola-doro\/#primaryimage"},"thumbnailUrl":"https:\/\/www.romaoggi.eu\/wp-content\/uploads\/2016\/04\/11140098_1753671881521014_226968145699391827_n.jpg","keywords":["Antonietta Di Vizia","Art 9","Centro Sperimentale di Cinematografia","Enzo De Camillis","ettore scola","FITeL","Giancarlo Giannini","Giovanni Ciarlone","La pellicola d'oro","rai","Rossella Ronconi","SAS Cinema","Teatro Ghione","Tempo Libero","Ugo Gregoretti"],"articleSection":["attualit\u00e0"],"inLanguage":"it-IT","potentialAction":[{"@type":"CommentAction","name":"Comment","target":["https:\/\/www.romaoggi.eu\/index.php\/2016\/04\/13\/premio-la-pellicola-doro\/#respond"]}]},{"@type":"WebPage","@id":"https:\/\/www.romaoggi.eu\/index.php\/2016\/04\/13\/premio-la-pellicola-doro\/","url":"https:\/\/www.romaoggi.eu\/index.php\/2016\/04\/13\/premio-la-pellicola-doro\/","name":"La Pellicola d'Oro- Premi al lavoro dietro le quinte","isPartOf":{"@id":"https:\/\/www.romaoggi.eu\/#website"},"primaryImageOfPage":{"@id":"https:\/\/www.romaoggi.eu\/index.php\/2016\/04\/13\/premio-la-pellicola-doro\/#primaryimage"},"image":{"@id":"https:\/\/www.romaoggi.eu\/index.php\/2016\/04\/13\/premio-la-pellicola-doro\/#primaryimage"},"thumbnailUrl":"https:\/\/www.romaoggi.eu\/wp-content\/uploads\/2016\/04\/11140098_1753671881521014_226968145699391827_n.jpg","datePublished":"2016-04-13T16:17:12+00:00","dateModified":"2016-04-13T16:26:15+00:00","description":"La Pellicola d'Oro il premio cinematografico alle maestranze del cinema, promosso e organizzato dall\u2019Associazione culturale ART.9, SAS Cinema e FITeL.","breadcrumb":{"@id":"https:\/\/www.romaoggi.eu\/index.php\/2016\/04\/13\/premio-la-pellicola-doro\/#breadcrumb"},"inLanguage":"it-IT","potentialAction":[{"@type":"ReadAction","target":["https:\/\/www.romaoggi.eu\/index.php\/2016\/04\/13\/premio-la-pellicola-doro\/"]}]},{"@type":"ImageObject","inLanguage":"it-IT","@id":"https:\/\/www.romaoggi.eu\/index.php\/2016\/04\/13\/premio-la-pellicola-doro\/#primaryimage","url":"https:\/\/www.romaoggi.eu\/wp-content\/uploads\/2016\/04\/11140098_1753671881521014_226968145699391827_n.jpg","contentUrl":"https:\/\/www.romaoggi.eu\/wp-content\/uploads\/2016\/04\/11140098_1753671881521014_226968145699391827_n.jpg","width":941,"height":781},{"@type":"BreadcrumbList","@id":"https:\/\/www.romaoggi.eu\/index.php\/2016\/04\/13\/premio-la-pellicola-doro\/#breadcrumb","itemListElement":[{"@type":"ListItem","position":1,"name":"Home","item":"https:\/\/www.romaoggi.eu\/"},{"@type":"ListItem","position":2,"name":"La Pellicola d&#8217;Oro- Premi al lavoro dietro le quinte"}]},{"@type":"WebSite","@id":"https:\/\/www.romaoggi.eu\/#website","url":"https:\/\/www.romaoggi.eu\/","name":"roma oggi","description":"Interesting News for Interesting people","publisher":{"@id":"https:\/\/www.romaoggi.eu\/#organization"},"potentialAction":[{"@type":"SearchAction","target":{"@type":"EntryPoint","urlTemplate":"https:\/\/www.romaoggi.eu\/?s={search_term_string}"},"query-input":{"@type":"PropertyValueSpecification","valueRequired":true,"valueName":"search_term_string"}}],"inLanguage":"it-IT"},{"@type":"Organization","@id":"https:\/\/www.romaoggi.eu\/#organization","name":"RomaOggi","url":"https:\/\/www.romaoggi.eu\/","logo":{"@type":"ImageObject","inLanguage":"it-IT","@id":"https:\/\/www.romaoggi.eu\/#\/schema\/logo\/image\/","url":"https:\/\/www.romaoggi.eu\/wp-content\/uploads\/2017\/04\/logowp.jpg","contentUrl":"https:\/\/www.romaoggi.eu\/wp-content\/uploads\/2017\/04\/logowp.jpg","width":300,"height":133,"caption":"RomaOggi"},"image":{"@id":"https:\/\/www.romaoggi.eu\/#\/schema\/logo\/image\/"},"sameAs":["https:\/\/www.facebook.com\/RomaOggi-841544845954114","https:\/\/x.com\/romaoggi_eu"]},{"@type":"Person","@id":"https:\/\/www.romaoggi.eu\/#\/schema\/person\/c8ca1fb64b5506391fff5f822a866c23","name":"Antonietta Di Vizia","image":{"@type":"ImageObject","inLanguage":"it-IT","@id":"https:\/\/secure.gravatar.com\/avatar\/2ad571aa3fbfe3089b06ed5617adf58717b9359c0c97cf9b52804fb2dac293f2?s=96&d=mm&r=g","url":"https:\/\/secure.gravatar.com\/avatar\/2ad571aa3fbfe3089b06ed5617adf58717b9359c0c97cf9b52804fb2dac293f2?s=96&d=mm&r=g","contentUrl":"https:\/\/secure.gravatar.com\/avatar\/2ad571aa3fbfe3089b06ed5617adf58717b9359c0c97cf9b52804fb2dac293f2?s=96&d=mm&r=g","caption":"Antonietta Di Vizia"},"url":"https:\/\/www.romaoggi.eu\/index.php\/author\/antonietta\/"}]}},"_links":{"self":[{"href":"https:\/\/www.romaoggi.eu\/index.php\/wp-json\/wp\/v2\/posts\/1918","targetHints":{"allow":["GET"]}}],"collection":[{"href":"https:\/\/www.romaoggi.eu\/index.php\/wp-json\/wp\/v2\/posts"}],"about":[{"href":"https:\/\/www.romaoggi.eu\/index.php\/wp-json\/wp\/v2\/types\/post"}],"author":[{"embeddable":true,"href":"https:\/\/www.romaoggi.eu\/index.php\/wp-json\/wp\/v2\/users\/3"}],"replies":[{"embeddable":true,"href":"https:\/\/www.romaoggi.eu\/index.php\/wp-json\/wp\/v2\/comments?post=1918"}],"version-history":[{"count":7,"href":"https:\/\/www.romaoggi.eu\/index.php\/wp-json\/wp\/v2\/posts\/1918\/revisions"}],"predecessor-version":[{"id":1929,"href":"https:\/\/www.romaoggi.eu\/index.php\/wp-json\/wp\/v2\/posts\/1918\/revisions\/1929"}],"wp:featuredmedia":[{"embeddable":true,"href":"https:\/\/www.romaoggi.eu\/index.php\/wp-json\/wp\/v2\/media\/1923"}],"wp:attachment":[{"href":"https:\/\/www.romaoggi.eu\/index.php\/wp-json\/wp\/v2\/media?parent=1918"}],"wp:term":[{"taxonomy":"category","embeddable":true,"href":"https:\/\/www.romaoggi.eu\/index.php\/wp-json\/wp\/v2\/categories?post=1918"},{"taxonomy":"post_tag","embeddable":true,"href":"https:\/\/www.romaoggi.eu\/index.php\/wp-json\/wp\/v2\/tags?post=1918"}],"curies":[{"name":"wp","href":"https:\/\/api.w.org\/{rel}","templated":true}]}}