{"id":19247,"date":"2018-10-20T15:29:10","date_gmt":"2018-10-20T13:29:10","guid":{"rendered":"http:\/\/www.romaoggi.eu\/?p=19247"},"modified":"2018-10-20T15:29:10","modified_gmt":"2018-10-20T13:29:10","slug":"architects-party-il-25-ottobre","status":"publish","type":"post","link":"https:\/\/www.romaoggi.eu\/index.php\/2018\/10\/20\/architects-party-il-25-ottobre\/","title":{"rendered":"Architects Party -aperitivo sushi e Street Art-  il 25 ottobre"},"content":{"rendered":"<p style=\"text-align: justify;\"><span style=\"font-weight: 400;\">In occasione della decima edizione di \u2018<strong>Architects Party \u2019 TOWANT<\/strong>, \u2018<\/span><span style=\"font-weight: 400;\"><strong><a href=\"http:\/\/www.mp2a.it\/\">mp2a architetti associati<\/a>\u2019<\/strong> aprir\u00e0 le porte del suo studio<\/span><span style=\"font-weight: 400;\"> alla scoperta <\/span><span style=\"font-weight: 400;\">di una delle professioni pi\u00f9 creative in assoluto. L\u2019occasione sar\u00e0 un aperi-evento con un graditissimo <\/span><span style=\"font-weight: 400;\">o<\/span><span style=\"font-weight: 400;\">spite d\u2019onore: lo Street Artist <\/span><a href=\"https:\/\/www.romaoggi.eu\/index.php\/2017\/10\/07\/junk-food-mostra-risto-margutta\/\"><strong>MAURO SGARBI<\/strong><\/a><span style=\"font-weight: 400;\"> che doner\u00e0 al Rione Esquilino un\u2019opera realizzata in live painting durante la serata.<\/span><\/p>\n<p><img loading=\"lazy\" decoding=\"async\" class=\"aligncenter wp-image-19257 size-mh-magazine-content\" src=\"https:\/\/www.romaoggi.eu\/wp-content\/uploads\/2018\/10\/ArchParty-8-678x381.jpg\" alt=\"alt tag Architects Party\" width=\"678\" height=\"381\" \/><\/p>\n<p style=\"text-align: justify;\"><span style=\"font-weight: 400;\">Cresce l&#8217;attesa per la decima edizione del format itinerante \u2018ArchitectsParty\u2019 organizzato dall\u2019agenzia internazionale di eventi TOWANT, per questa edizione\u00a0<\/span><b>mp2a architetti associati <\/b>aprir\u00e0 le porte del suo studio, <b>Gioved\u00ec 25 Ottobre 2018 in Via Buonarroti 30<\/b><b> (Piazza Vittorio) dalle ore 18.30<\/b><span style=\"font-weight: 400;\">, per accompagnare visitatori e appassionati alla scoperta di uno dei lavori pi\u00f9 creativi in assoluto.<\/span><\/p>\n<p style=\"text-align: justify;\"><b>Un\u2019occasione informale per curiosare all\u2019interno di un mondo<\/b><span style=\"font-weight: 400;\"> fatto di visioni, immaginazione e creativit\u00e0, osservando da vicino come nascono, si sviluppano e si concretizzano i progetti che vestono di personalit\u00e0 spazi, edifici, paesaggi e territori. Ma anche <\/span><b>un modo semplice e diretto per conoscere meglio la figura professionale dell\u2019architetto,<\/b><span style=\"font-weight: 400;\"> il suo ruolo e le sue funzioni spesso associate \u201csolo\u201d a costosi preventivi, iter burocratici infiniti, onerose ristrutturazioni in case di lusso. \u00a0<\/span><\/p>\n<figure id=\"attachment_19259\" aria-describedby=\"caption-attachment-19259\" style=\"width: 226px\" class=\"wp-caption alignright\"><img loading=\"lazy\" decoding=\"async\" class=\"size-medium wp-image-19259\" src=\"https:\/\/www.romaoggi.eu\/wp-content\/uploads\/2018\/10\/Maurizio-Pappalardo-e-Romina-Fava-dello-studio-mp2a-226x300.jpg\" alt=\"\" width=\"226\" height=\"300\" srcset=\"https:\/\/www.romaoggi.eu\/wp-content\/uploads\/2018\/10\/Maurizio-Pappalardo-e-Romina-Fava-dello-studio-mp2a-226x300.jpg 226w, https:\/\/www.romaoggi.eu\/wp-content\/uploads\/2018\/10\/Maurizio-Pappalardo-e-Romina-Fava-dello-studio-mp2a-772x1024.jpg 772w, https:\/\/www.romaoggi.eu\/wp-content\/uploads\/2018\/10\/Maurizio-Pappalardo-e-Romina-Fava-dello-studio-mp2a.jpg 1999w\" sizes=\"auto, (max-width: 226px) 100vw, 226px\" \/><figcaption id=\"caption-attachment-19259\" class=\"wp-caption-text\">Maurizio Pappalardo e Romina Fava dello studio mp2a<\/figcaption><\/figure>\n<p style=\"text-align: justify;\"><span style=\"font-weight: 400;\">A rendere speciale, e anche un po\u2019 glamour, questo appuntamento inusuale, sar\u00e0 il mood della serata: un vero e proprio <\/span><b>aperitivo dalle 18.30<\/b> <b>alle 22.00<\/b><span style=\"font-weight: 400;\"> con sfiziosi finger food&amp;sushi <\/span><b>sul mix musicale del DJ Set Alex Ghost<\/b><span style=\"font-weight: 400;\"> e <\/span><b>alle <\/b><b>20.30 una performance di live painting dello Street Artist Mauro Sgarbi che realizzer\u00e0 un\u2019opera<\/b><span style=\"font-weight: 400;\"> sul tema dell\u2019accoglienza e dell\u2019integrazione <\/span><b>da donare al Rione Esquilino<\/b><b>.<\/b> <b>Un quartiere storico e multietnico che fa da comune denominatore tra Mauro Sgarbi che <\/b><span style=\"font-weight: 400;\">a via Giolitti e al Nuovo Mercato Esquilino<\/span><b> ha realizzato cinque<\/b> <b>splendidi murales<\/b><span style=\"font-weight: 400;\"> sul dialogo tra culture diverse e <\/span><b>lo Studio <\/b><span style=\"font-weight: 400;\">mp2a<\/span><b> che qui lavora da dieci anni.<\/b><\/p>\n<p style=\"text-align: justify;\"><b>Perfettamente inserito in questo contesto urbano, artistico e sociale, lo studio mp2a parte, dunque, dal suo lavoro di architetture integrate<\/b><span style=\"font-weight: 400;\"> con il paesaggio e opere ad alta qualit\u00e0 ambientale e da una ricerca progettuale all\u2019avanguardia nelle nuove tecnologie, nel restauro e nella bioarchitettura, <\/span><b>per cogliere e realizzare anche esperienze contaminate di prossimit\u00e0 all\u2019interno di un territorio<\/b><span style=\"font-weight: 400;\"> che attraverso l\u2019arte dialoga, comunica e si integra.<\/span><\/p>\n<p style=\"text-align: justify;\"><span style=\"font-weight: 400;\">Architetti, attori <\/span><span style=\"font-weight: 400;\">del settore, appassionati e semplici curiosi, siete tutti invitati ad un<\/span> <span style=\"font-weight: 400;\">appuntamento conviviale per incontrarsi, conoscersi e parlare in modo informale, creativo<\/span> <span style=\"font-weight: 400;\">e soprattutto partecipativo. <\/span><b>Questo evento \u00e8 inserito all\u2019interno del contest di party itineranti negli studi di architettura <\/b><b>\u2018Architects Party\u2019 organizzato dall\u2019agenzia internazionale di eventi TOWANT<\/b><span style=\"font-weight: 400;\"> che dopo Firenze, Londra e Milano, far\u00e0 tappa conclusiva a Roma<strong> dal 24 al 26 Ottobre 2018. <\/strong><\/span><\/p>\n<p style=\"text-align: justify;\"><span style=\"font-weight: 400;\">Un format giunto quest\u2019anno alla sua decima edizione dove <\/span><span style=\"font-weight: 400;\">il pubblico che parteciper\u00e0 potr\u00e0 votare live il miglior party con apposite schede fornite durante le serate, al terzo studio che riuscir\u00e0 a visitare ricever\u00e0 in omaggio la bag ufficiale firmata <\/span><span style=\"font-weight: 400;\">TOWANT<\/span><span style=\"font-weight: 400;\">. Inoltre sar\u00e0 invitato a raccontare gli Architects Party tramite un videominuto pubblicato sui canali social e sul sito di <\/span><span style=\"font-weight: 400;\">TOWANT<\/span><span style=\"font-weight: 400;\"> in una sezione speciale.<\/span><\/p>\n<p>Redazione<\/p>\n<p>&nbsp;<\/p>\n","protected":false},"excerpt":{"rendered":"<div class=\"mh-excerpt\"><p>In occasione della decima edizione di \u2018Architects Party \u2019 TOWANT, \u2018mp2a architetti associati\u2019 aprir\u00e0 le porte del suo studio alla scoperta di una delle professioni pi\u00f9 creative in assoluto. L\u2019occasione sar\u00e0 un aperi-evento con un <a class=\"mh-excerpt-more\" href=\"https:\/\/www.romaoggi.eu\/index.php\/2018\/10\/20\/architects-party-il-25-ottobre\/\" title=\"Architects Party -aperitivo sushi e Street Art-  il 25 ottobre\">[&#8230;]<\/a><\/p>\n<\/div>","protected":false},"author":3,"featured_media":19256,"comment_status":"closed","ping_status":"open","sticky":false,"template":"","format":"standard","meta":{"_sitemap_exclude":false,"_sitemap_priority":"","_sitemap_frequency":"","footnotes":""},"categories":[3],"tags":[11779,11777,11776,6673,288,3058,6062,7532,6378,10503,11778],"class_list":["post-19247","post","type-post","status-publish","format-standard","has-post-thumbnail","hentry","category-eventi","tag-25-ottobre","tag-architect","tag-architects-party","tag-architetto","tag-evento","tag-mauro-sgarbi","tag-party","tag-redazione","tag-studio","tag-sushi","tag-towant"],"yoast_head":"<!-- This site is optimized with the Yoast SEO plugin v27.5 - https:\/\/yoast.com\/product\/yoast-seo-wordpress\/ -->\n<title>Architects Party -aperitivo sushi e Street Art- il 25 ottobre<\/title>\n<meta name=\"description\" content=\"In occasione della decima edizione di \u2018Architects Party \u2019 TOWANT, \u2018mp2a architetti associati\u2019 aprir\u00e0 le porteil 25 ottobre del suo studio.\" \/>\n<meta name=\"robots\" content=\"index, follow, max-snippet:-1, max-image-preview:large, max-video-preview:-1\" \/>\n<link rel=\"canonical\" href=\"https:\/\/www.romaoggi.eu\/index.php\/2018\/10\/20\/architects-party-il-25-ottobre\/\" \/>\n<meta property=\"og:locale\" content=\"it_IT\" \/>\n<meta property=\"og:type\" content=\"article\" \/>\n<meta property=\"og:title\" content=\"Architects Party -aperitivo sushi e Street Art- il 25 ottobre\" \/>\n<meta property=\"og:description\" content=\"In occasione della decima edizione di \u2018Architects Party \u2019 TOWANT, \u2018mp2a architetti associati\u2019 aprir\u00e0 le porteil 25 ottobre del suo studio.\" \/>\n<meta property=\"og:url\" content=\"https:\/\/www.romaoggi.eu\/index.php\/2018\/10\/20\/architects-party-il-25-ottobre\/\" \/>\n<meta property=\"og:site_name\" content=\"roma oggi\" \/>\n<meta property=\"article:publisher\" content=\"https:\/\/www.facebook.com\/RomaOggi-841544845954114\" \/>\n<meta property=\"article:published_time\" content=\"2018-10-20T13:29:10+00:00\" \/>\n<meta property=\"og:image\" content=\"https:\/\/www.romaoggi.eu\/wp-content\/uploads\/2018\/10\/La-location-mp2a-architetti-associati.jpg\" \/>\n\t<meta property=\"og:image:width\" content=\"659\" \/>\n\t<meta property=\"og:image:height\" content=\"494\" \/>\n\t<meta property=\"og:image:type\" content=\"image\/jpeg\" \/>\n<meta name=\"author\" content=\"Antonietta Di Vizia\" \/>\n<meta name=\"twitter:card\" content=\"summary_large_image\" \/>\n<meta name=\"twitter:creator\" content=\"@romaoggi_eu\" \/>\n<meta name=\"twitter:site\" content=\"@romaoggi_eu\" \/>\n<meta name=\"twitter:label1\" content=\"Scritto da\" \/>\n\t<meta name=\"twitter:data1\" content=\"Antonietta Di Vizia\" \/>\n\t<meta name=\"twitter:label2\" content=\"Tempo di lettura stimato\" \/>\n\t<meta name=\"twitter:data2\" content=\"3 minuti\" \/>\n<script type=\"application\/ld+json\" class=\"yoast-schema-graph\">{\"@context\":\"https:\\\/\\\/schema.org\",\"@graph\":[{\"@type\":\"Article\",\"@id\":\"https:\\\/\\\/www.romaoggi.eu\\\/index.php\\\/2018\\\/10\\\/20\\\/architects-party-il-25-ottobre\\\/#article\",\"isPartOf\":{\"@id\":\"https:\\\/\\\/www.romaoggi.eu\\\/index.php\\\/2018\\\/10\\\/20\\\/architects-party-il-25-ottobre\\\/\"},\"author\":{\"name\":\"Antonietta Di Vizia\",\"@id\":\"https:\\\/\\\/www.romaoggi.eu\\\/#\\\/schema\\\/person\\\/c8ca1fb64b5506391fff5f822a866c23\"},\"headline\":\"Architects Party -aperitivo sushi e Street Art- il 25 ottobre\",\"datePublished\":\"2018-10-20T13:29:10+00:00\",\"mainEntityOfPage\":{\"@id\":\"https:\\\/\\\/www.romaoggi.eu\\\/index.php\\\/2018\\\/10\\\/20\\\/architects-party-il-25-ottobre\\\/\"},\"wordCount\":522,\"publisher\":{\"@id\":\"https:\\\/\\\/www.romaoggi.eu\\\/#organization\"},\"image\":{\"@id\":\"https:\\\/\\\/www.romaoggi.eu\\\/index.php\\\/2018\\\/10\\\/20\\\/architects-party-il-25-ottobre\\\/#primaryimage\"},\"thumbnailUrl\":\"https:\\\/\\\/www.romaoggi.eu\\\/wp-content\\\/uploads\\\/2018\\\/10\\\/La-location-mp2a-architetti-associati.jpg\",\"keywords\":[\"25 ottobre\",\"architect\",\"Architects Party\",\"architetto\",\"evento\",\"Mauro Sgarbi\",\"party\",\"redazione\",\"Studio\",\"Sushi\",\"TOWANT\"],\"articleSection\":[\"Eventi\"],\"inLanguage\":\"it-IT\"},{\"@type\":\"WebPage\",\"@id\":\"https:\\\/\\\/www.romaoggi.eu\\\/index.php\\\/2018\\\/10\\\/20\\\/architects-party-il-25-ottobre\\\/\",\"url\":\"https:\\\/\\\/www.romaoggi.eu\\\/index.php\\\/2018\\\/10\\\/20\\\/architects-party-il-25-ottobre\\\/\",\"name\":\"Architects Party -aperitivo sushi e Street Art- il 25 ottobre\",\"isPartOf\":{\"@id\":\"https:\\\/\\\/www.romaoggi.eu\\\/#website\"},\"primaryImageOfPage\":{\"@id\":\"https:\\\/\\\/www.romaoggi.eu\\\/index.php\\\/2018\\\/10\\\/20\\\/architects-party-il-25-ottobre\\\/#primaryimage\"},\"image\":{\"@id\":\"https:\\\/\\\/www.romaoggi.eu\\\/index.php\\\/2018\\\/10\\\/20\\\/architects-party-il-25-ottobre\\\/#primaryimage\"},\"thumbnailUrl\":\"https:\\\/\\\/www.romaoggi.eu\\\/wp-content\\\/uploads\\\/2018\\\/10\\\/La-location-mp2a-architetti-associati.jpg\",\"datePublished\":\"2018-10-20T13:29:10+00:00\",\"description\":\"In occasione della decima edizione di \u2018Architects Party \u2019 TOWANT, \u2018mp2a architetti associati\u2019 aprir\u00e0 le porteil 25 ottobre del suo studio.\",\"breadcrumb\":{\"@id\":\"https:\\\/\\\/www.romaoggi.eu\\\/index.php\\\/2018\\\/10\\\/20\\\/architects-party-il-25-ottobre\\\/#breadcrumb\"},\"inLanguage\":\"it-IT\",\"potentialAction\":[{\"@type\":\"ReadAction\",\"target\":[\"https:\\\/\\\/www.romaoggi.eu\\\/index.php\\\/2018\\\/10\\\/20\\\/architects-party-il-25-ottobre\\\/\"]}]},{\"@type\":\"ImageObject\",\"inLanguage\":\"it-IT\",\"@id\":\"https:\\\/\\\/www.romaoggi.eu\\\/index.php\\\/2018\\\/10\\\/20\\\/architects-party-il-25-ottobre\\\/#primaryimage\",\"url\":\"https:\\\/\\\/www.romaoggi.eu\\\/wp-content\\\/uploads\\\/2018\\\/10\\\/La-location-mp2a-architetti-associati.jpg\",\"contentUrl\":\"https:\\\/\\\/www.romaoggi.eu\\\/wp-content\\\/uploads\\\/2018\\\/10\\\/La-location-mp2a-architetti-associati.jpg\",\"width\":659,\"height\":494,\"caption\":\"alt tag Architects Party\"},{\"@type\":\"BreadcrumbList\",\"@id\":\"https:\\\/\\\/www.romaoggi.eu\\\/index.php\\\/2018\\\/10\\\/20\\\/architects-party-il-25-ottobre\\\/#breadcrumb\",\"itemListElement\":[{\"@type\":\"ListItem\",\"position\":1,\"name\":\"Home\",\"item\":\"https:\\\/\\\/www.romaoggi.eu\\\/\"},{\"@type\":\"ListItem\",\"position\":2,\"name\":\"Architects Party -aperitivo sushi e Street Art- il 25 ottobre\"}]},{\"@type\":\"WebSite\",\"@id\":\"https:\\\/\\\/www.romaoggi.eu\\\/#website\",\"url\":\"https:\\\/\\\/www.romaoggi.eu\\\/\",\"name\":\"roma oggi\",\"description\":\"Interesting News for Interesting people\",\"publisher\":{\"@id\":\"https:\\\/\\\/www.romaoggi.eu\\\/#organization\"},\"potentialAction\":[{\"@type\":\"SearchAction\",\"target\":{\"@type\":\"EntryPoint\",\"urlTemplate\":\"https:\\\/\\\/www.romaoggi.eu\\\/?s={search_term_string}\"},\"query-input\":{\"@type\":\"PropertyValueSpecification\",\"valueRequired\":true,\"valueName\":\"search_term_string\"}}],\"inLanguage\":\"it-IT\"},{\"@type\":\"Organization\",\"@id\":\"https:\\\/\\\/www.romaoggi.eu\\\/#organization\",\"name\":\"RomaOggi\",\"url\":\"https:\\\/\\\/www.romaoggi.eu\\\/\",\"logo\":{\"@type\":\"ImageObject\",\"inLanguage\":\"it-IT\",\"@id\":\"https:\\\/\\\/www.romaoggi.eu\\\/#\\\/schema\\\/logo\\\/image\\\/\",\"url\":\"https:\\\/\\\/www.romaoggi.eu\\\/wp-content\\\/uploads\\\/2017\\\/04\\\/logowp.jpg\",\"contentUrl\":\"https:\\\/\\\/www.romaoggi.eu\\\/wp-content\\\/uploads\\\/2017\\\/04\\\/logowp.jpg\",\"width\":300,\"height\":133,\"caption\":\"RomaOggi\"},\"image\":{\"@id\":\"https:\\\/\\\/www.romaoggi.eu\\\/#\\\/schema\\\/logo\\\/image\\\/\"},\"sameAs\":[\"https:\\\/\\\/www.facebook.com\\\/RomaOggi-841544845954114\",\"https:\\\/\\\/x.com\\\/romaoggi_eu\"]},{\"@type\":\"Person\",\"@id\":\"https:\\\/\\\/www.romaoggi.eu\\\/#\\\/schema\\\/person\\\/c8ca1fb64b5506391fff5f822a866c23\",\"name\":\"Antonietta Di Vizia\",\"image\":{\"@type\":\"ImageObject\",\"inLanguage\":\"it-IT\",\"@id\":\"https:\\\/\\\/secure.gravatar.com\\\/avatar\\\/2ad571aa3fbfe3089b06ed5617adf58717b9359c0c97cf9b52804fb2dac293f2?s=96&d=mm&r=g\",\"url\":\"https:\\\/\\\/secure.gravatar.com\\\/avatar\\\/2ad571aa3fbfe3089b06ed5617adf58717b9359c0c97cf9b52804fb2dac293f2?s=96&d=mm&r=g\",\"contentUrl\":\"https:\\\/\\\/secure.gravatar.com\\\/avatar\\\/2ad571aa3fbfe3089b06ed5617adf58717b9359c0c97cf9b52804fb2dac293f2?s=96&d=mm&r=g\",\"caption\":\"Antonietta Di Vizia\"},\"url\":\"https:\\\/\\\/www.romaoggi.eu\\\/index.php\\\/author\\\/antonietta\\\/\"}]}<\/script>\n<!-- \/ Yoast SEO plugin. -->","yoast_head_json":{"title":"Architects Party -aperitivo sushi e Street Art- il 25 ottobre","description":"In occasione della decima edizione di \u2018Architects Party \u2019 TOWANT, \u2018mp2a architetti associati\u2019 aprir\u00e0 le porteil 25 ottobre del suo studio.","robots":{"index":"index","follow":"follow","max-snippet":"max-snippet:-1","max-image-preview":"max-image-preview:large","max-video-preview":"max-video-preview:-1"},"canonical":"https:\/\/www.romaoggi.eu\/index.php\/2018\/10\/20\/architects-party-il-25-ottobre\/","og_locale":"it_IT","og_type":"article","og_title":"Architects Party -aperitivo sushi e Street Art- il 25 ottobre","og_description":"In occasione della decima edizione di \u2018Architects Party \u2019 TOWANT, \u2018mp2a architetti associati\u2019 aprir\u00e0 le porteil 25 ottobre del suo studio.","og_url":"https:\/\/www.romaoggi.eu\/index.php\/2018\/10\/20\/architects-party-il-25-ottobre\/","og_site_name":"roma oggi","article_publisher":"https:\/\/www.facebook.com\/RomaOggi-841544845954114","article_published_time":"2018-10-20T13:29:10+00:00","og_image":[{"width":659,"height":494,"url":"https:\/\/www.romaoggi.eu\/wp-content\/uploads\/2018\/10\/La-location-mp2a-architetti-associati.jpg","type":"image\/jpeg"}],"author":"Antonietta Di Vizia","twitter_card":"summary_large_image","twitter_creator":"@romaoggi_eu","twitter_site":"@romaoggi_eu","twitter_misc":{"Scritto da":"Antonietta Di Vizia","Tempo di lettura stimato":"3 minuti"},"schema":{"@context":"https:\/\/schema.org","@graph":[{"@type":"Article","@id":"https:\/\/www.romaoggi.eu\/index.php\/2018\/10\/20\/architects-party-il-25-ottobre\/#article","isPartOf":{"@id":"https:\/\/www.romaoggi.eu\/index.php\/2018\/10\/20\/architects-party-il-25-ottobre\/"},"author":{"name":"Antonietta Di Vizia","@id":"https:\/\/www.romaoggi.eu\/#\/schema\/person\/c8ca1fb64b5506391fff5f822a866c23"},"headline":"Architects Party -aperitivo sushi e Street Art- il 25 ottobre","datePublished":"2018-10-20T13:29:10+00:00","mainEntityOfPage":{"@id":"https:\/\/www.romaoggi.eu\/index.php\/2018\/10\/20\/architects-party-il-25-ottobre\/"},"wordCount":522,"publisher":{"@id":"https:\/\/www.romaoggi.eu\/#organization"},"image":{"@id":"https:\/\/www.romaoggi.eu\/index.php\/2018\/10\/20\/architects-party-il-25-ottobre\/#primaryimage"},"thumbnailUrl":"https:\/\/www.romaoggi.eu\/wp-content\/uploads\/2018\/10\/La-location-mp2a-architetti-associati.jpg","keywords":["25 ottobre","architect","Architects Party","architetto","evento","Mauro Sgarbi","party","redazione","Studio","Sushi","TOWANT"],"articleSection":["Eventi"],"inLanguage":"it-IT"},{"@type":"WebPage","@id":"https:\/\/www.romaoggi.eu\/index.php\/2018\/10\/20\/architects-party-il-25-ottobre\/","url":"https:\/\/www.romaoggi.eu\/index.php\/2018\/10\/20\/architects-party-il-25-ottobre\/","name":"Architects Party -aperitivo sushi e Street Art- il 25 ottobre","isPartOf":{"@id":"https:\/\/www.romaoggi.eu\/#website"},"primaryImageOfPage":{"@id":"https:\/\/www.romaoggi.eu\/index.php\/2018\/10\/20\/architects-party-il-25-ottobre\/#primaryimage"},"image":{"@id":"https:\/\/www.romaoggi.eu\/index.php\/2018\/10\/20\/architects-party-il-25-ottobre\/#primaryimage"},"thumbnailUrl":"https:\/\/www.romaoggi.eu\/wp-content\/uploads\/2018\/10\/La-location-mp2a-architetti-associati.jpg","datePublished":"2018-10-20T13:29:10+00:00","description":"In occasione della decima edizione di \u2018Architects Party \u2019 TOWANT, \u2018mp2a architetti associati\u2019 aprir\u00e0 le porteil 25 ottobre del suo studio.","breadcrumb":{"@id":"https:\/\/www.romaoggi.eu\/index.php\/2018\/10\/20\/architects-party-il-25-ottobre\/#breadcrumb"},"inLanguage":"it-IT","potentialAction":[{"@type":"ReadAction","target":["https:\/\/www.romaoggi.eu\/index.php\/2018\/10\/20\/architects-party-il-25-ottobre\/"]}]},{"@type":"ImageObject","inLanguage":"it-IT","@id":"https:\/\/www.romaoggi.eu\/index.php\/2018\/10\/20\/architects-party-il-25-ottobre\/#primaryimage","url":"https:\/\/www.romaoggi.eu\/wp-content\/uploads\/2018\/10\/La-location-mp2a-architetti-associati.jpg","contentUrl":"https:\/\/www.romaoggi.eu\/wp-content\/uploads\/2018\/10\/La-location-mp2a-architetti-associati.jpg","width":659,"height":494,"caption":"alt tag Architects Party"},{"@type":"BreadcrumbList","@id":"https:\/\/www.romaoggi.eu\/index.php\/2018\/10\/20\/architects-party-il-25-ottobre\/#breadcrumb","itemListElement":[{"@type":"ListItem","position":1,"name":"Home","item":"https:\/\/www.romaoggi.eu\/"},{"@type":"ListItem","position":2,"name":"Architects Party -aperitivo sushi e Street Art- il 25 ottobre"}]},{"@type":"WebSite","@id":"https:\/\/www.romaoggi.eu\/#website","url":"https:\/\/www.romaoggi.eu\/","name":"roma oggi","description":"Interesting News for Interesting people","publisher":{"@id":"https:\/\/www.romaoggi.eu\/#organization"},"potentialAction":[{"@type":"SearchAction","target":{"@type":"EntryPoint","urlTemplate":"https:\/\/www.romaoggi.eu\/?s={search_term_string}"},"query-input":{"@type":"PropertyValueSpecification","valueRequired":true,"valueName":"search_term_string"}}],"inLanguage":"it-IT"},{"@type":"Organization","@id":"https:\/\/www.romaoggi.eu\/#organization","name":"RomaOggi","url":"https:\/\/www.romaoggi.eu\/","logo":{"@type":"ImageObject","inLanguage":"it-IT","@id":"https:\/\/www.romaoggi.eu\/#\/schema\/logo\/image\/","url":"https:\/\/www.romaoggi.eu\/wp-content\/uploads\/2017\/04\/logowp.jpg","contentUrl":"https:\/\/www.romaoggi.eu\/wp-content\/uploads\/2017\/04\/logowp.jpg","width":300,"height":133,"caption":"RomaOggi"},"image":{"@id":"https:\/\/www.romaoggi.eu\/#\/schema\/logo\/image\/"},"sameAs":["https:\/\/www.facebook.com\/RomaOggi-841544845954114","https:\/\/x.com\/romaoggi_eu"]},{"@type":"Person","@id":"https:\/\/www.romaoggi.eu\/#\/schema\/person\/c8ca1fb64b5506391fff5f822a866c23","name":"Antonietta Di Vizia","image":{"@type":"ImageObject","inLanguage":"it-IT","@id":"https:\/\/secure.gravatar.com\/avatar\/2ad571aa3fbfe3089b06ed5617adf58717b9359c0c97cf9b52804fb2dac293f2?s=96&d=mm&r=g","url":"https:\/\/secure.gravatar.com\/avatar\/2ad571aa3fbfe3089b06ed5617adf58717b9359c0c97cf9b52804fb2dac293f2?s=96&d=mm&r=g","contentUrl":"https:\/\/secure.gravatar.com\/avatar\/2ad571aa3fbfe3089b06ed5617adf58717b9359c0c97cf9b52804fb2dac293f2?s=96&d=mm&r=g","caption":"Antonietta Di Vizia"},"url":"https:\/\/www.romaoggi.eu\/index.php\/author\/antonietta\/"}]}},"_links":{"self":[{"href":"https:\/\/www.romaoggi.eu\/index.php\/wp-json\/wp\/v2\/posts\/19247","targetHints":{"allow":["GET"]}}],"collection":[{"href":"https:\/\/www.romaoggi.eu\/index.php\/wp-json\/wp\/v2\/posts"}],"about":[{"href":"https:\/\/www.romaoggi.eu\/index.php\/wp-json\/wp\/v2\/types\/post"}],"author":[{"embeddable":true,"href":"https:\/\/www.romaoggi.eu\/index.php\/wp-json\/wp\/v2\/users\/3"}],"replies":[{"embeddable":true,"href":"https:\/\/www.romaoggi.eu\/index.php\/wp-json\/wp\/v2\/comments?post=19247"}],"version-history":[{"count":8,"href":"https:\/\/www.romaoggi.eu\/index.php\/wp-json\/wp\/v2\/posts\/19247\/revisions"}],"predecessor-version":[{"id":19263,"href":"https:\/\/www.romaoggi.eu\/index.php\/wp-json\/wp\/v2\/posts\/19247\/revisions\/19263"}],"wp:featuredmedia":[{"embeddable":true,"href":"https:\/\/www.romaoggi.eu\/index.php\/wp-json\/wp\/v2\/media\/19256"}],"wp:attachment":[{"href":"https:\/\/www.romaoggi.eu\/index.php\/wp-json\/wp\/v2\/media?parent=19247"}],"wp:term":[{"taxonomy":"category","embeddable":true,"href":"https:\/\/www.romaoggi.eu\/index.php\/wp-json\/wp\/v2\/categories?post=19247"},{"taxonomy":"post_tag","embeddable":true,"href":"https:\/\/www.romaoggi.eu\/index.php\/wp-json\/wp\/v2\/tags?post=19247"}],"curies":[{"name":"wp","href":"https:\/\/api.w.org\/{rel}","templated":true}]}}