{"id":19600,"date":"2018-11-09T14:49:50","date_gmt":"2018-11-09T13:49:50","guid":{"rendered":"http:\/\/www.romaoggi.eu\/?p=19600"},"modified":"2018-11-09T14:49:50","modified_gmt":"2018-11-09T13:49:50","slug":"carla-cocco-africa-sarda-band","status":"publish","type":"post","link":"https:\/\/www.romaoggi.eu\/index.php\/2018\/11\/09\/carla-cocco-africa-sarda-band\/","title":{"rendered":"Plauso per Carla Cocco e Africa Sarda Band all&#8217;Auditorium di Roma"},"content":{"rendered":"<p class=\"m_746605708925197049gmail-western\" style=\"text-align: justify;\">Un concerto per<b> l\u2019Africa<\/b> da far venire i brividi e per bravura e per intenti umanitari, con la straordinaria\u00a0<b>Carla Cocco e\u00a0Africa Sarda Band, <\/b>l&#8217;8 novembre a Roma all\u2019<a href=\"https:\/\/www.auditorium.com\/\">Auditorium Parco della\u00a0Musica.<\/a><\/p>\n<p><img loading=\"lazy\" decoding=\"async\" class=\"aligncenter wp-image-19608 size-mh-magazine-content\" src=\"https:\/\/www.romaoggi.eu\/wp-content\/uploads\/2018\/11\/unnamed-678x381.jpg\" alt=\"alt tag carla cocco\" width=\"678\" height=\"381\" srcset=\"https:\/\/www.romaoggi.eu\/wp-content\/uploads\/2018\/11\/unnamed-678x381.jpg 678w, https:\/\/www.romaoggi.eu\/wp-content\/uploads\/2018\/11\/unnamed-300x169.jpg 300w, https:\/\/www.romaoggi.eu\/wp-content\/uploads\/2018\/11\/unnamed.jpg 945w\" sizes=\"auto, (max-width: 678px) 100vw, 678px\" \/><\/p>\n<p class=\"m_746605708925197049gmail-western\" style=\"text-align: justify;\"><span style=\"font-family: verdana, sans-serif;\"><i><b>Carla Cocco,<\/b> talentuosa e sensuale cantante sarda, un corpo magro ma sinuoso avvolto in un vestito\u00a0 variopinto, della stilista\u00a0<span style=\"font-family: tahoma, sans-serif;\"><span style=\"color: #1c1c1c;\"><b>Marcela Moldovanu<\/b><\/span><\/span>, ha presentato all&#8217;Auditorium di Roma il suo ultimo disco, registrato in Africa, nel quale alla sua voce si affiancano quelle dei ragazzi del ghetto di Bauleni a Lusaka, in Zambia. <\/i><\/span><\/p>\n<p class=\"m_746605708925197049gmail-western\" style=\"text-align: justify;\"><span style=\"font-family: verdana, sans-serif;\"><i>Una voce potente ed avvolgente la sua, da brividi che fin dai primi virtuosismi fa viaggiare lo spettatore in mondi colorati e fantasiosi come quello africano e quello sardo, che hanno diverse analogie nella natura selvaggia e nei colori decisi ma anche nei suoni gutturali e musicali.<\/i><\/span><\/p>\n<p class=\"m_746605708925197049gmail-western\" style=\"text-align: justify;\"><span style=\"font-family: verdana, sans-serif;\"><i>Generosa sul palco ma anche nell&#8217;intento, <strong>Carla Cocco<\/strong> visto che il ricavato della serata \u00e8 stato destinato all\u2019acquisto\u00a0<\/i><\/span><span style=\"font-family: verdana, sans-serif;\"><i>di una <strong>cisterna per la depurazione dell\u2019acqua<\/strong> contro l\u2019alto rischio di <strong>colera<\/strong>,\u00a0<\/i><\/span><span style=\"font-family: verdana, sans-serif;\"><i>mentre quello delle vendite dell\u2019album servir\u00e0\u00a0a completare i lavori di realizzazione di \u201c<strong>Africa Sarda Studio<\/strong>\u201d, la prima e unica scuola di musica\/studio di registrazione creata a Bauleni,\u00a0<\/i><\/span><i><span style=\"font-family: verdana, sans-serif;\">grazie alla campagna di raccolta fondi lanciata dalla cantautrice.<\/span><\/i><\/p>\n<p><img loading=\"lazy\" decoding=\"async\" class=\"aligncenter wp-image-19609 size-mh-magazine-content\" src=\"https:\/\/www.romaoggi.eu\/wp-content\/uploads\/2018\/11\/45791918_2112600858771827_8203404775358726144_n-678x381.jpg\" alt=\"alt tag carla cocco\" width=\"678\" height=\"381\" \/><\/p>\n<p class=\"m_746605708925197049gmail-western\" style=\"text-align: justify;\"><span style=\"font-family: tahoma, sans-serif;\"><span style=\"color: #1c1c1c;\">\u201c<i>Ci sono tre cose per le quali sono venuta al mondo e ci sono tre cose che avr\u00f2 nel cuore fino al giorno della mia morte: la speranza, la determinazione e il canto<b>\u201d<\/b><\/i><\/span><span style=\"color: #1c1c1c;\"><b>.\u00a0<\/b><\/span><span style=\"color: #1c1c1c;\">Niente pi\u00f9 di questo pensiero della indimenticabile cantante<\/span><b>\u00a0<\/b><span style=\"color: #ff0000;\"><b>Miriam Makeba<\/b><\/span>,\u00a0<span style=\"color: #1c1c1c;\">simbolo della lotta contro l\u2019apartheid e paladina dei diritti civili in Africa,\u00a0<\/span><span style=\"color: #1c1c1c;\">rende l\u2019idea delle motivazioni che hanno spinto<\/span><span style=\"color: #1c1c1c;\"><b>\u00a0<\/b><\/span><span style=\"color: #ff0000;\"><b>Carla Cocco\u00a0<\/b><\/span><span style=\"color: #1c1c1c;\">a rivolgere la propria attenzione all\u2019Africa, dedicandosi all\u2019educazione musicale dei bambini di Bauleni, ghetto di Lusaka in Zambia. Perch\u00e9 il riscatto sociale di chi \u00e8 nato nelle periferie pi\u00f9 povere e disagiate del mondo passa anche per la musica<b>.<\/b><\/span><\/span><\/p>\n<p class=\"m_746605708925197049gmail-western\" style=\"text-align: justify;\"><span style=\"font-family: tahoma, sans-serif;\">L\u2019esperienza di<b> Carla Cocco in Zambia,<\/b>\u00a0iniziata nel 2015 con un viaggio nel paese africano, ha portato alla<b>\u00a0nascita di un <\/b>album dal titolo \u201c<span style=\"color: #ff0000;\"><b>Africa Sarda &amp; Is Amigus\u201d<\/b><\/span><span style=\"color: #ff0000;\">,<\/span>\u00a0in cui la\u00a0<b>lingua sarda si unisce al dialetto\u00a0\u00a0<\/b><i><b>cinyanja\u00a0<\/b><\/i><b>nel quale cantano i ragazzi della\u00a0<\/b><span style=\"color: #ff0000;\"><b>African Voice Band<\/b><\/span>.<\/span><\/p>\n<p><img loading=\"lazy\" decoding=\"async\" class=\"size-medium wp-image-19610 alignleft\" src=\"https:\/\/www.romaoggi.eu\/wp-content\/uploads\/2018\/11\/45880219_2112600748771838_3813021572537516032_n-225x300.jpg\" alt=\"alt tag carla cocco\" width=\"225\" height=\"300\" srcset=\"https:\/\/www.romaoggi.eu\/wp-content\/uploads\/2018\/11\/45880219_2112600748771838_3813021572537516032_n-225x300.jpg 225w, https:\/\/www.romaoggi.eu\/wp-content\/uploads\/2018\/11\/45880219_2112600748771838_3813021572537516032_n.jpg 720w\" sizes=\"auto, (max-width: 225px) 100vw, 225px\" \/><\/p>\n<p class=\"m_746605708925197049gmail-western\" style=\"text-align: justify;\"><span style=\"font-family: tahoma, sans-serif;\">Per dare speranza ai ragazzi africani, e con determinazione, per usare le parole di\u00a0Makeba,\u00a0<b>Carla Cocco <\/b>ha dato vita <b>all\u2019<\/b><a href=\"http:\/\/(www.africasarda.com)\"><span style=\"color: #ff0000;\"><b>Associazione Africa Sarda<\/b><\/span><\/a><span style=\"color: #a50021;\"><b>\u00a0<\/b><\/span><b>, <\/b>motore della quale sono, appunto, la musica, il canto e la solidariet\u00e0<b>.\u00a0<\/b>Le canzoni che compongono l\u2019album\u00a0<span style=\"color: #ff0000;\">\u201c<\/span><span style=\"color: #ff0000;\"><b>Africa Sarda &amp; Is Amigus\u201d<\/b><\/span>\u00a0rappresentano un\u00a0amalgama perfetto della musica <b>etnica di due popoli, quello sardo e quello zambiano, <\/b>apparentemente cos\u00ec lontani eppure vicini<b>, <\/b>il tutto condito in<b> salsa pop.\u00a0<\/b>Ne scaturisce un perfetto \u201c<em>cross over sonoro<\/em>\u201d con brani toccanti, in cui le voci comunicano sentimenti forti e stati d\u2019animo intensi, trasportando l\u2019ascoltatore in luoghi remoti dove la vita assume un significato diverso da quello che siamo abituati a conoscere.<\/span><\/p>\n<p class=\"m_746605708925197049gmail-western\" style=\"text-align: justify;\"><span style=\"font-family: tahoma, sans-serif;\">A esibirsi sul palco dell\u2019Auditorium Parco della Musica, oltre\u00a0<b>Carla Cocco<\/b>, musicisti di grande calibro come:\u00a0<span style=\"color: #ff0000;\"><b>Andrea De Luca<\/b><\/span>\u00a0(voce, chitarra e lap steel),<span style=\"color: #ff0000;\">\u00a0<\/span><span style=\"color: #ff0000;\"><b>Andrea Sabatino<\/b><\/span>\u00a0(basso),\u00a0<span style=\"color: #ff0000;\"><b>Maurizio Inciocchi<\/b><\/span>\u00a0(pianoforte e tastiere),\u00a0<span style=\"color: #ff0000;\"><b>Andrea Merli<\/b><\/span><span style=\"color: #a50021;\"><b>\u00a0<\/b><\/span>(batteria),\u00a0<span style=\"color: #ff0000;\"><b>Pablo Oliver<\/b><\/span><span style=\"color: #ff0000;\">\u00a0<\/span>(percussioni).\u00a0<b>Special guest:\u00a0<\/b><span style=\"color: #ff0000;\"><b>Alberto Mariani<\/b><\/span>\u00a0che ha suonato un antico strumento sardo a fiato\u00a0\u00a0(launeddas) che ha aperto il concerto e\u00a0<span style=\"color: #ff0000;\"><b>Stefano Indino<\/b><\/span>\u00a0che con la sua fisarmonica ha incantato l&#8217;auditorium.\u00a0<\/span><\/p>\n<p style=\"text-align: justify;\">Davvero un concerto bellissimo, una vera fortuna esserci stata!<\/p>\n<figure id=\"attachment_19606\" aria-describedby=\"caption-attachment-19606\" style=\"width: 720px\" class=\"wp-caption aligncenter\"><img loading=\"lazy\" decoding=\"async\" class=\"wp-image-19606 size-full\" src=\"https:\/\/www.romaoggi.eu\/wp-content\/uploads\/2018\/11\/45746821_2112600675438512_6149115866073006080_n.jpg\" alt=\"alt tag carla cocco\" width=\"720\" height=\"960\" srcset=\"https:\/\/www.romaoggi.eu\/wp-content\/uploads\/2018\/11\/45746821_2112600675438512_6149115866073006080_n.jpg 720w, https:\/\/www.romaoggi.eu\/wp-content\/uploads\/2018\/11\/45746821_2112600675438512_6149115866073006080_n-225x300.jpg 225w\" sizes=\"auto, (max-width: 720px) 100vw, 720px\" \/><figcaption id=\"caption-attachment-19606\" class=\"wp-caption-text\">Carla Cocco<\/figcaption><\/figure>\n<p><a href=\"https:\/\/www.romaoggi.eu\/index.php\/2018\/10\/30\/geppi-di-stasio-eredita-di-zio-domenico\/\">Antonietta Di Vizia<\/a>.<\/p>\n<p class=\"m_746605708925197049gmail-western\">\n","protected":false},"excerpt":{"rendered":"<div class=\"mh-excerpt\"><p>Un concerto per l\u2019Africa da far venire i brividi e per bravura e per intenti umanitari, con la straordinaria\u00a0Carla Cocco e\u00a0Africa Sarda Band, l&#8217;8 novembre a Roma all\u2019Auditorium Parco della\u00a0Musica. Carla Cocco, talentuosa e sensuale <a class=\"mh-excerpt-more\" href=\"https:\/\/www.romaoggi.eu\/index.php\/2018\/11\/09\/carla-cocco-africa-sarda-band\/\" title=\"Plauso per Carla Cocco e Africa Sarda Band all&#8217;Auditorium di Roma\">[&#8230;]<\/a><\/p>\n<\/div>","protected":false},"author":3,"featured_media":19613,"comment_status":"closed","ping_status":"open","sticky":false,"template":"","format":"standard","meta":{"_sitemap_exclude":false,"_sitemap_priority":"","_sitemap_frequency":"","footnotes":""},"categories":[2715],"tags":[2882,11916,11917,11926,11927,11921,11919,5070,5504,11914,1281,11149,11923,11920,11915,11925,11922,11918,11924],"class_list":["post-19600","post","type-post","status-publish","format-standard","has-post-thumbnail","hentry","category-musica","tag-africa","tag-africasarda-band","tag-alberto-mariani","tag-amigus","tag-andrea-de-luca","tag-andrea-merli","tag-andrea-sabatino","tag-auditorium","tag-canto","tag-carla-cocco","tag-concerto","tag-guest","tag-marcela-moldovanu","tag-maurizio-inciocchi","tag-miriam-makeba","tag-musica-pop","tag-pablo-oliver","tag-stefano-indino","tag-zambia"],"yoast_head":"<!-- This site is optimized with the Yoast SEO plugin v27.5 - https:\/\/yoast.com\/product\/yoast-seo-wordpress\/ -->\n<title>Plauso per Carla Cocco e Africa Sarda Band all&#039;Auditorium di Roma<\/title>\n<meta name=\"description\" content=\"Un concerto per l\u2019Africa da far venire i brividi e per bravura e per intenti umanitari, con la straordinaria\u00a0Carla Cocco e\u00a0Africa Sarda Band.\" \/>\n<meta name=\"robots\" content=\"index, follow, max-snippet:-1, max-image-preview:large, max-video-preview:-1\" \/>\n<link rel=\"canonical\" href=\"https:\/\/www.romaoggi.eu\/index.php\/2018\/11\/09\/carla-cocco-africa-sarda-band\/\" \/>\n<meta property=\"og:locale\" content=\"it_IT\" \/>\n<meta property=\"og:type\" content=\"article\" \/>\n<meta property=\"og:title\" content=\"Plauso per Carla Cocco e Africa Sarda Band all&#039;Auditorium di Roma\" \/>\n<meta property=\"og:description\" content=\"Un concerto per l\u2019Africa da far venire i brividi e per bravura e per intenti umanitari, con la straordinaria\u00a0Carla Cocco e\u00a0Africa Sarda Band.\" \/>\n<meta property=\"og:url\" content=\"https:\/\/www.romaoggi.eu\/index.php\/2018\/11\/09\/carla-cocco-africa-sarda-band\/\" \/>\n<meta property=\"og:site_name\" content=\"roma oggi\" \/>\n<meta property=\"article:publisher\" content=\"https:\/\/www.facebook.com\/RomaOggi-841544845954114\" \/>\n<meta property=\"article:published_time\" content=\"2018-11-09T13:49:50+00:00\" \/>\n<meta property=\"og:image\" content=\"https:\/\/www.romaoggi.eu\/wp-content\/uploads\/2018\/11\/copertina-cocco.jpg\" \/>\n\t<meta property=\"og:image:width\" content=\"685\" \/>\n\t<meta property=\"og:image:height\" content=\"501\" \/>\n\t<meta property=\"og:image:type\" content=\"image\/jpeg\" \/>\n<meta name=\"author\" content=\"Antonietta Di Vizia\" \/>\n<meta name=\"twitter:card\" content=\"summary_large_image\" \/>\n<meta name=\"twitter:creator\" content=\"@romaoggi_eu\" \/>\n<meta name=\"twitter:site\" content=\"@romaoggi_eu\" \/>\n<meta name=\"twitter:label1\" content=\"Scritto da\" \/>\n\t<meta name=\"twitter:data1\" content=\"Antonietta Di Vizia\" \/>\n\t<meta name=\"twitter:label2\" content=\"Tempo di lettura stimato\" \/>\n\t<meta name=\"twitter:data2\" content=\"3 minuti\" \/>\n<script type=\"application\/ld+json\" class=\"yoast-schema-graph\">{\"@context\":\"https:\\\/\\\/schema.org\",\"@graph\":[{\"@type\":\"Article\",\"@id\":\"https:\\\/\\\/www.romaoggi.eu\\\/index.php\\\/2018\\\/11\\\/09\\\/carla-cocco-africa-sarda-band\\\/#article\",\"isPartOf\":{\"@id\":\"https:\\\/\\\/www.romaoggi.eu\\\/index.php\\\/2018\\\/11\\\/09\\\/carla-cocco-africa-sarda-band\\\/\"},\"author\":{\"name\":\"Antonietta Di Vizia\",\"@id\":\"https:\\\/\\\/www.romaoggi.eu\\\/#\\\/schema\\\/person\\\/c8ca1fb64b5506391fff5f822a866c23\"},\"headline\":\"Plauso per Carla Cocco e Africa Sarda Band all&#8217;Auditorium di Roma\",\"datePublished\":\"2018-11-09T13:49:50+00:00\",\"mainEntityOfPage\":{\"@id\":\"https:\\\/\\\/www.romaoggi.eu\\\/index.php\\\/2018\\\/11\\\/09\\\/carla-cocco-africa-sarda-band\\\/\"},\"wordCount\":578,\"publisher\":{\"@id\":\"https:\\\/\\\/www.romaoggi.eu\\\/#organization\"},\"image\":{\"@id\":\"https:\\\/\\\/www.romaoggi.eu\\\/index.php\\\/2018\\\/11\\\/09\\\/carla-cocco-africa-sarda-band\\\/#primaryimage\"},\"thumbnailUrl\":\"https:\\\/\\\/www.romaoggi.eu\\\/wp-content\\\/uploads\\\/2018\\\/11\\\/copertina-cocco.jpg\",\"keywords\":[\"Africa\",\"africasarda band\",\"alberto mariani\",\"amigus\",\"Andrea De Luca\",\"andrea merli\",\"andrea sabatino\",\"auditorium\",\"canto\",\"Carla Cocco\",\"concerto\",\"guest\",\"marcela moldovanu\",\"maurizio inciocchi\",\"Miriam Makeba\",\"musica pop\",\"pablo oliver\",\"stefano indino\",\"zambia\"],\"articleSection\":[\"musica\"],\"inLanguage\":\"it-IT\"},{\"@type\":\"WebPage\",\"@id\":\"https:\\\/\\\/www.romaoggi.eu\\\/index.php\\\/2018\\\/11\\\/09\\\/carla-cocco-africa-sarda-band\\\/\",\"url\":\"https:\\\/\\\/www.romaoggi.eu\\\/index.php\\\/2018\\\/11\\\/09\\\/carla-cocco-africa-sarda-band\\\/\",\"name\":\"Plauso per Carla Cocco e Africa Sarda Band all'Auditorium di Roma\",\"isPartOf\":{\"@id\":\"https:\\\/\\\/www.romaoggi.eu\\\/#website\"},\"primaryImageOfPage\":{\"@id\":\"https:\\\/\\\/www.romaoggi.eu\\\/index.php\\\/2018\\\/11\\\/09\\\/carla-cocco-africa-sarda-band\\\/#primaryimage\"},\"image\":{\"@id\":\"https:\\\/\\\/www.romaoggi.eu\\\/index.php\\\/2018\\\/11\\\/09\\\/carla-cocco-africa-sarda-band\\\/#primaryimage\"},\"thumbnailUrl\":\"https:\\\/\\\/www.romaoggi.eu\\\/wp-content\\\/uploads\\\/2018\\\/11\\\/copertina-cocco.jpg\",\"datePublished\":\"2018-11-09T13:49:50+00:00\",\"description\":\"Un concerto per l\u2019Africa da far venire i brividi e per bravura e per intenti umanitari, con la straordinaria\u00a0Carla Cocco e\u00a0Africa Sarda Band.\",\"breadcrumb\":{\"@id\":\"https:\\\/\\\/www.romaoggi.eu\\\/index.php\\\/2018\\\/11\\\/09\\\/carla-cocco-africa-sarda-band\\\/#breadcrumb\"},\"inLanguage\":\"it-IT\",\"potentialAction\":[{\"@type\":\"ReadAction\",\"target\":[\"https:\\\/\\\/www.romaoggi.eu\\\/index.php\\\/2018\\\/11\\\/09\\\/carla-cocco-africa-sarda-band\\\/\"]}]},{\"@type\":\"ImageObject\",\"inLanguage\":\"it-IT\",\"@id\":\"https:\\\/\\\/www.romaoggi.eu\\\/index.php\\\/2018\\\/11\\\/09\\\/carla-cocco-africa-sarda-band\\\/#primaryimage\",\"url\":\"https:\\\/\\\/www.romaoggi.eu\\\/wp-content\\\/uploads\\\/2018\\\/11\\\/copertina-cocco.jpg\",\"contentUrl\":\"https:\\\/\\\/www.romaoggi.eu\\\/wp-content\\\/uploads\\\/2018\\\/11\\\/copertina-cocco.jpg\",\"width\":685,\"height\":501,\"caption\":\"Carla Cocco\"},{\"@type\":\"BreadcrumbList\",\"@id\":\"https:\\\/\\\/www.romaoggi.eu\\\/index.php\\\/2018\\\/11\\\/09\\\/carla-cocco-africa-sarda-band\\\/#breadcrumb\",\"itemListElement\":[{\"@type\":\"ListItem\",\"position\":1,\"name\":\"Home\",\"item\":\"https:\\\/\\\/www.romaoggi.eu\\\/\"},{\"@type\":\"ListItem\",\"position\":2,\"name\":\"Plauso per Carla Cocco e Africa Sarda Band all&#8217;Auditorium di Roma\"}]},{\"@type\":\"WebSite\",\"@id\":\"https:\\\/\\\/www.romaoggi.eu\\\/#website\",\"url\":\"https:\\\/\\\/www.romaoggi.eu\\\/\",\"name\":\"roma oggi\",\"description\":\"Interesting News for Interesting people\",\"publisher\":{\"@id\":\"https:\\\/\\\/www.romaoggi.eu\\\/#organization\"},\"potentialAction\":[{\"@type\":\"SearchAction\",\"target\":{\"@type\":\"EntryPoint\",\"urlTemplate\":\"https:\\\/\\\/www.romaoggi.eu\\\/?s={search_term_string}\"},\"query-input\":{\"@type\":\"PropertyValueSpecification\",\"valueRequired\":true,\"valueName\":\"search_term_string\"}}],\"inLanguage\":\"it-IT\"},{\"@type\":\"Organization\",\"@id\":\"https:\\\/\\\/www.romaoggi.eu\\\/#organization\",\"name\":\"RomaOggi\",\"url\":\"https:\\\/\\\/www.romaoggi.eu\\\/\",\"logo\":{\"@type\":\"ImageObject\",\"inLanguage\":\"it-IT\",\"@id\":\"https:\\\/\\\/www.romaoggi.eu\\\/#\\\/schema\\\/logo\\\/image\\\/\",\"url\":\"https:\\\/\\\/www.romaoggi.eu\\\/wp-content\\\/uploads\\\/2017\\\/04\\\/logowp.jpg\",\"contentUrl\":\"https:\\\/\\\/www.romaoggi.eu\\\/wp-content\\\/uploads\\\/2017\\\/04\\\/logowp.jpg\",\"width\":300,\"height\":133,\"caption\":\"RomaOggi\"},\"image\":{\"@id\":\"https:\\\/\\\/www.romaoggi.eu\\\/#\\\/schema\\\/logo\\\/image\\\/\"},\"sameAs\":[\"https:\\\/\\\/www.facebook.com\\\/RomaOggi-841544845954114\",\"https:\\\/\\\/x.com\\\/romaoggi_eu\"]},{\"@type\":\"Person\",\"@id\":\"https:\\\/\\\/www.romaoggi.eu\\\/#\\\/schema\\\/person\\\/c8ca1fb64b5506391fff5f822a866c23\",\"name\":\"Antonietta Di Vizia\",\"image\":{\"@type\":\"ImageObject\",\"inLanguage\":\"it-IT\",\"@id\":\"https:\\\/\\\/secure.gravatar.com\\\/avatar\\\/2ad571aa3fbfe3089b06ed5617adf58717b9359c0c97cf9b52804fb2dac293f2?s=96&d=mm&r=g\",\"url\":\"https:\\\/\\\/secure.gravatar.com\\\/avatar\\\/2ad571aa3fbfe3089b06ed5617adf58717b9359c0c97cf9b52804fb2dac293f2?s=96&d=mm&r=g\",\"contentUrl\":\"https:\\\/\\\/secure.gravatar.com\\\/avatar\\\/2ad571aa3fbfe3089b06ed5617adf58717b9359c0c97cf9b52804fb2dac293f2?s=96&d=mm&r=g\",\"caption\":\"Antonietta Di Vizia\"},\"url\":\"https:\\\/\\\/www.romaoggi.eu\\\/index.php\\\/author\\\/antonietta\\\/\"}]}<\/script>\n<!-- \/ Yoast SEO plugin. -->","yoast_head_json":{"title":"Plauso per Carla Cocco e Africa Sarda Band all'Auditorium di Roma","description":"Un concerto per l\u2019Africa da far venire i brividi e per bravura e per intenti umanitari, con la straordinaria\u00a0Carla Cocco e\u00a0Africa Sarda Band.","robots":{"index":"index","follow":"follow","max-snippet":"max-snippet:-1","max-image-preview":"max-image-preview:large","max-video-preview":"max-video-preview:-1"},"canonical":"https:\/\/www.romaoggi.eu\/index.php\/2018\/11\/09\/carla-cocco-africa-sarda-band\/","og_locale":"it_IT","og_type":"article","og_title":"Plauso per Carla Cocco e Africa Sarda Band all'Auditorium di Roma","og_description":"Un concerto per l\u2019Africa da far venire i brividi e per bravura e per intenti umanitari, con la straordinaria\u00a0Carla Cocco e\u00a0Africa Sarda Band.","og_url":"https:\/\/www.romaoggi.eu\/index.php\/2018\/11\/09\/carla-cocco-africa-sarda-band\/","og_site_name":"roma oggi","article_publisher":"https:\/\/www.facebook.com\/RomaOggi-841544845954114","article_published_time":"2018-11-09T13:49:50+00:00","og_image":[{"width":685,"height":501,"url":"https:\/\/www.romaoggi.eu\/wp-content\/uploads\/2018\/11\/copertina-cocco.jpg","type":"image\/jpeg"}],"author":"Antonietta Di Vizia","twitter_card":"summary_large_image","twitter_creator":"@romaoggi_eu","twitter_site":"@romaoggi_eu","twitter_misc":{"Scritto da":"Antonietta Di Vizia","Tempo di lettura stimato":"3 minuti"},"schema":{"@context":"https:\/\/schema.org","@graph":[{"@type":"Article","@id":"https:\/\/www.romaoggi.eu\/index.php\/2018\/11\/09\/carla-cocco-africa-sarda-band\/#article","isPartOf":{"@id":"https:\/\/www.romaoggi.eu\/index.php\/2018\/11\/09\/carla-cocco-africa-sarda-band\/"},"author":{"name":"Antonietta Di Vizia","@id":"https:\/\/www.romaoggi.eu\/#\/schema\/person\/c8ca1fb64b5506391fff5f822a866c23"},"headline":"Plauso per Carla Cocco e Africa Sarda Band all&#8217;Auditorium di Roma","datePublished":"2018-11-09T13:49:50+00:00","mainEntityOfPage":{"@id":"https:\/\/www.romaoggi.eu\/index.php\/2018\/11\/09\/carla-cocco-africa-sarda-band\/"},"wordCount":578,"publisher":{"@id":"https:\/\/www.romaoggi.eu\/#organization"},"image":{"@id":"https:\/\/www.romaoggi.eu\/index.php\/2018\/11\/09\/carla-cocco-africa-sarda-band\/#primaryimage"},"thumbnailUrl":"https:\/\/www.romaoggi.eu\/wp-content\/uploads\/2018\/11\/copertina-cocco.jpg","keywords":["Africa","africasarda band","alberto mariani","amigus","Andrea De Luca","andrea merli","andrea sabatino","auditorium","canto","Carla Cocco","concerto","guest","marcela moldovanu","maurizio inciocchi","Miriam Makeba","musica pop","pablo oliver","stefano indino","zambia"],"articleSection":["musica"],"inLanguage":"it-IT"},{"@type":"WebPage","@id":"https:\/\/www.romaoggi.eu\/index.php\/2018\/11\/09\/carla-cocco-africa-sarda-band\/","url":"https:\/\/www.romaoggi.eu\/index.php\/2018\/11\/09\/carla-cocco-africa-sarda-band\/","name":"Plauso per Carla Cocco e Africa Sarda Band all'Auditorium di Roma","isPartOf":{"@id":"https:\/\/www.romaoggi.eu\/#website"},"primaryImageOfPage":{"@id":"https:\/\/www.romaoggi.eu\/index.php\/2018\/11\/09\/carla-cocco-africa-sarda-band\/#primaryimage"},"image":{"@id":"https:\/\/www.romaoggi.eu\/index.php\/2018\/11\/09\/carla-cocco-africa-sarda-band\/#primaryimage"},"thumbnailUrl":"https:\/\/www.romaoggi.eu\/wp-content\/uploads\/2018\/11\/copertina-cocco.jpg","datePublished":"2018-11-09T13:49:50+00:00","description":"Un concerto per l\u2019Africa da far venire i brividi e per bravura e per intenti umanitari, con la straordinaria\u00a0Carla Cocco e\u00a0Africa Sarda Band.","breadcrumb":{"@id":"https:\/\/www.romaoggi.eu\/index.php\/2018\/11\/09\/carla-cocco-africa-sarda-band\/#breadcrumb"},"inLanguage":"it-IT","potentialAction":[{"@type":"ReadAction","target":["https:\/\/www.romaoggi.eu\/index.php\/2018\/11\/09\/carla-cocco-africa-sarda-band\/"]}]},{"@type":"ImageObject","inLanguage":"it-IT","@id":"https:\/\/www.romaoggi.eu\/index.php\/2018\/11\/09\/carla-cocco-africa-sarda-band\/#primaryimage","url":"https:\/\/www.romaoggi.eu\/wp-content\/uploads\/2018\/11\/copertina-cocco.jpg","contentUrl":"https:\/\/www.romaoggi.eu\/wp-content\/uploads\/2018\/11\/copertina-cocco.jpg","width":685,"height":501,"caption":"Carla Cocco"},{"@type":"BreadcrumbList","@id":"https:\/\/www.romaoggi.eu\/index.php\/2018\/11\/09\/carla-cocco-africa-sarda-band\/#breadcrumb","itemListElement":[{"@type":"ListItem","position":1,"name":"Home","item":"https:\/\/www.romaoggi.eu\/"},{"@type":"ListItem","position":2,"name":"Plauso per Carla Cocco e Africa Sarda Band all&#8217;Auditorium di Roma"}]},{"@type":"WebSite","@id":"https:\/\/www.romaoggi.eu\/#website","url":"https:\/\/www.romaoggi.eu\/","name":"roma oggi","description":"Interesting News for Interesting people","publisher":{"@id":"https:\/\/www.romaoggi.eu\/#organization"},"potentialAction":[{"@type":"SearchAction","target":{"@type":"EntryPoint","urlTemplate":"https:\/\/www.romaoggi.eu\/?s={search_term_string}"},"query-input":{"@type":"PropertyValueSpecification","valueRequired":true,"valueName":"search_term_string"}}],"inLanguage":"it-IT"},{"@type":"Organization","@id":"https:\/\/www.romaoggi.eu\/#organization","name":"RomaOggi","url":"https:\/\/www.romaoggi.eu\/","logo":{"@type":"ImageObject","inLanguage":"it-IT","@id":"https:\/\/www.romaoggi.eu\/#\/schema\/logo\/image\/","url":"https:\/\/www.romaoggi.eu\/wp-content\/uploads\/2017\/04\/logowp.jpg","contentUrl":"https:\/\/www.romaoggi.eu\/wp-content\/uploads\/2017\/04\/logowp.jpg","width":300,"height":133,"caption":"RomaOggi"},"image":{"@id":"https:\/\/www.romaoggi.eu\/#\/schema\/logo\/image\/"},"sameAs":["https:\/\/www.facebook.com\/RomaOggi-841544845954114","https:\/\/x.com\/romaoggi_eu"]},{"@type":"Person","@id":"https:\/\/www.romaoggi.eu\/#\/schema\/person\/c8ca1fb64b5506391fff5f822a866c23","name":"Antonietta Di Vizia","image":{"@type":"ImageObject","inLanguage":"it-IT","@id":"https:\/\/secure.gravatar.com\/avatar\/2ad571aa3fbfe3089b06ed5617adf58717b9359c0c97cf9b52804fb2dac293f2?s=96&d=mm&r=g","url":"https:\/\/secure.gravatar.com\/avatar\/2ad571aa3fbfe3089b06ed5617adf58717b9359c0c97cf9b52804fb2dac293f2?s=96&d=mm&r=g","contentUrl":"https:\/\/secure.gravatar.com\/avatar\/2ad571aa3fbfe3089b06ed5617adf58717b9359c0c97cf9b52804fb2dac293f2?s=96&d=mm&r=g","caption":"Antonietta Di Vizia"},"url":"https:\/\/www.romaoggi.eu\/index.php\/author\/antonietta\/"}]}},"_links":{"self":[{"href":"https:\/\/www.romaoggi.eu\/index.php\/wp-json\/wp\/v2\/posts\/19600","targetHints":{"allow":["GET"]}}],"collection":[{"href":"https:\/\/www.romaoggi.eu\/index.php\/wp-json\/wp\/v2\/posts"}],"about":[{"href":"https:\/\/www.romaoggi.eu\/index.php\/wp-json\/wp\/v2\/types\/post"}],"author":[{"embeddable":true,"href":"https:\/\/www.romaoggi.eu\/index.php\/wp-json\/wp\/v2\/users\/3"}],"replies":[{"embeddable":true,"href":"https:\/\/www.romaoggi.eu\/index.php\/wp-json\/wp\/v2\/comments?post=19600"}],"version-history":[{"count":8,"href":"https:\/\/www.romaoggi.eu\/index.php\/wp-json\/wp\/v2\/posts\/19600\/revisions"}],"predecessor-version":[{"id":19614,"href":"https:\/\/www.romaoggi.eu\/index.php\/wp-json\/wp\/v2\/posts\/19600\/revisions\/19614"}],"wp:featuredmedia":[{"embeddable":true,"href":"https:\/\/www.romaoggi.eu\/index.php\/wp-json\/wp\/v2\/media\/19613"}],"wp:attachment":[{"href":"https:\/\/www.romaoggi.eu\/index.php\/wp-json\/wp\/v2\/media?parent=19600"}],"wp:term":[{"taxonomy":"category","embeddable":true,"href":"https:\/\/www.romaoggi.eu\/index.php\/wp-json\/wp\/v2\/categories?post=19600"},{"taxonomy":"post_tag","embeddable":true,"href":"https:\/\/www.romaoggi.eu\/index.php\/wp-json\/wp\/v2\/tags?post=19600"}],"curies":[{"name":"wp","href":"https:\/\/api.w.org\/{rel}","templated":true}]}}