{"id":20955,"date":"2019-04-05T10:37:28","date_gmt":"2019-04-05T08:37:28","guid":{"rendered":"http:\/\/www.romaoggi.eu\/?p=20955"},"modified":"2019-04-05T10:37:28","modified_gmt":"2019-04-05T08:37:28","slug":"pro-biennale-di-vittorio-sgarbi-a-venezia-dal-5-maggio","status":"publish","type":"post","link":"https:\/\/www.romaoggi.eu\/index.php\/2019\/04\/05\/pro-biennale-di-vittorio-sgarbi-a-venezia-dal-5-maggio\/","title":{"rendered":"Pro Biennale di Vittorio Sgarbi a Venezia dal 5 maggio"},"content":{"rendered":"<p><strong>Pro Biennale<\/strong> di <strong>Vittorio Sgarbi<\/strong> a Venezia dal <strong>5 al 27 maggio<\/strong>.<\/p>\n<p style=\"text-align: justify;\">Saranno giorni di fermento, quelli che vedranno Venezia impegnata artisticamente ai primi di maggio. Oltre all\u2019attesa Biennale d\u2019Arte, infatti, la citt\u00e0 lagunare ospiter\u00e0 la <strong>Pro Biennale<\/strong>, organizzata da <a href=\"http:\/\/org@spoletoarte.it.\"><strong>Spoleto Arte<\/strong><\/a>, presentata da <a href=\"https:\/\/www.romaoggi.eu\/index.php\/2018\/05\/16\/pro-biennale-con-vittorio-sgarbi\/\"><strong>Vittorio Sgarbi<\/strong><\/a>.<\/p>\n<p style=\"text-align: justify;\">Prevista per domenica 5 maggio l\u2019alzata del sipario in due sedi distinte. Ecco un assaggio di quello che si andr\u00e0 a vivere in questa giornata: i riflettori si accenderanno alle <strong>13<\/strong> allo <strong>Spoleto Pavilion in Calle dei Cerchieri 1270.<\/strong> La sede, ubicata in Campo San Barnaba, nel sestiere di Dorsoduro, si trova a pochi passi dal Museo Leonardo da Vinci.<\/p>\n<figure id=\"attachment_20958\" aria-describedby=\"caption-attachment-20958\" style=\"width: 2161px\" class=\"wp-caption aligncenter\"><img loading=\"lazy\" decoding=\"async\" class=\"wp-image-20958 size-full\" src=\"https:\/\/www.romaoggi.eu\/wp-content\/uploads\/2019\/04\/dal\u00ec-nugnes-giacobini.jpg\" alt=\"alt tag pro biennale\" width=\"2161\" height=\"1443\" srcset=\"https:\/\/www.romaoggi.eu\/wp-content\/uploads\/2019\/04\/dal\u00ec-nugnes-giacobini.jpg 2161w, https:\/\/www.romaoggi.eu\/wp-content\/uploads\/2019\/04\/dal\u00ec-nugnes-giacobini-300x200.jpg 300w, https:\/\/www.romaoggi.eu\/wp-content\/uploads\/2019\/04\/dal\u00ec-nugnes-giacobini-1024x684.jpg 1024w\" sizes=\"auto, (max-width: 2161px) 100vw, 2161px\" \/><figcaption id=\"caption-attachment-20958\" class=\"wp-caption-text\">Dal\u00ec-Nugnes-Giacobini<\/figcaption><\/figure>\n<p style=\"text-align: justify;\">Tuttavia il vernissage proseguir\u00e0 ufficialmente dalle <strong>15<\/strong> alla <strong>Scuola Grande di San Teodoro (San Marco 4810<\/strong>), vicino al Ponte di Rialto. Il culmine dell\u2019evento si avr\u00e0 con l\u2019arrivo del noto critico d\u2019arte, Vittorio Sgarbi, qui per presentare la kermesse assieme all\u2019ideatore e organizzatore dell\u2019evento Salvo Nugnes, presidente di Spoleto Arte, e a molti altri ospiti illustri, come <strong>Silvana Giacobini<\/strong>, gi\u00e0 direttrice di \u00abChi\u00bb e di \u00abDiva e Donna\u00bb, e <strong>Beppe Convertini<\/strong>, conduttore e attore. La giornata si concluder\u00e0 poi con un momento conviviale al ristorante \u201c<strong>Le Maschere\u201d Starhotels<\/strong>, a pochi metri dalla Scuola.<\/p>\n<p style=\"text-align: justify;\">Numerose altre personalit\u00e0 del mondo della cultura e dello spettacolo aderiranno alla Pro Biennale offrendo il loro prezioso contributo. Tra queste si citano il soprano <strong>Katia Ricciarelli<\/strong> e l\u2019artista <strong>Jos\u00e9 Dal\u00ed<\/strong>, figlio di Salvador Dal\u00ed, gi\u00e0 presenti nelle scorse edizioni. Contribuiranno alla splendida realizzazione della mostra anche la giornalista <strong>Antonietta Di Vizia<\/strong> della RAI, il direttore d\u2019orchestra del Teatro La Fenice <strong>Silvia Casarin Rizzolo<\/strong>, la communication manager <strong>Daniela Testori<\/strong> e il fotografo di fama internazionale <strong>Roberto Villa<\/strong>. Ma la scaletta di ospiti \u00e8 ancora lunga e interessante. Continua infatti con diversi nomi, tra cui spiccano la scrittrice e psicoterapeuta Maria Rita Parsi e Carlo Motta di Editoriale Giorgio Mondadori che il 18 maggio, proprio alla Scuola Grande, terranno la conferenza Genio e follia nell\u2019arte. Mons. Mapelli, arcivescovo della Chiesa Ortodossa, e Valerio Favero, vicepresidente del Museo Canova, chiudono il ricco parterre di vip. Senza dimenticare l\u2019intervista agli artisti in esposizione da parte di Patrick di Striscia La Notizia.<\/p>\n<p><img loading=\"lazy\" decoding=\"async\" class=\"aligncenter wp-image-20959 size-full\" src=\"https:\/\/www.romaoggi.eu\/wp-content\/uploads\/2019\/04\/Pro_Biennale.057.jpg\" alt=\"\" width=\"2223\" height=\"1484\" srcset=\"https:\/\/www.romaoggi.eu\/wp-content\/uploads\/2019\/04\/Pro_Biennale.057.jpg 2223w, https:\/\/www.romaoggi.eu\/wp-content\/uploads\/2019\/04\/Pro_Biennale.057-300x200.jpg 300w, https:\/\/www.romaoggi.eu\/wp-content\/uploads\/2019\/04\/Pro_Biennale.057-1024x684.jpg 1024w\" sizes=\"auto, (max-width: 2223px) 100vw, 2223px\" \/><\/p>\n<p style=\"text-align: justify;\">In un contesto cos\u00ec ampio come quello della Biennale, Pro Biennale si presenta come una finestra sull\u2019arte contemporanea che, a detta del professore, \u00ab\u00e8 espressione di individualit\u00e0, di libert\u00e0 individuale, quindi ognuno \u00e8 re di se stesso. C\u2019\u00e8 una regalit\u00e0 individuale di cui l\u2019arte \u00e8 l\u2019espressione pi\u00f9 diretta e perci\u00f2 \u00e8 il modo pi\u00f9 alto in cui uno pu\u00f2 affermare quello che ha dentro o di esprimersi, quindi \u00e8 un diritto importante ed \u00e8 l\u2019unica identit\u00e0 dell\u2019arte in questo momento, dovunque si esprima nel mondo e dunque anche in Italia\u00bb e, scendendo nel dettaglio, a maggior ragione a Venezia.<\/p>\n<p style=\"text-align: justify;\">Fino al 27 maggio la Scuola Grande di San Teodoro rester\u00e0 aperta tutti i giorni dalle 10 alle 18, mentre lo Spoleto Pavilion dalle 10 alle 19.<\/p>\n<p>Redazione<\/p>\n","protected":false},"excerpt":{"rendered":"<div class=\"mh-excerpt\"><p>Pro Biennale di Vittorio Sgarbi a Venezia dal 5 al 27 maggio. Saranno giorni di fermento, quelli che vedranno Venezia impegnata artisticamente ai primi di maggio. Oltre all\u2019attesa Biennale d\u2019Arte, infatti, la citt\u00e0 lagunare ospiter\u00e0 <a class=\"mh-excerpt-more\" href=\"https:\/\/www.romaoggi.eu\/index.php\/2019\/04\/05\/pro-biennale-di-vittorio-sgarbi-a-venezia-dal-5-maggio\/\" title=\"Pro Biennale di Vittorio Sgarbi a Venezia dal 5 maggio\">[&#8230;]<\/a><\/p>\n<\/div>","protected":false},"author":3,"featured_media":20957,"comment_status":"closed","ping_status":"open","sticky":false,"template":"","format":"standard","meta":{"_sitemap_exclude":false,"_sitemap_priority":"","_sitemap_frequency":"","footnotes":""},"categories":[74],"tags":[1610,17,5834,76,10442,10444,11573,5295,9366],"class_list":["post-20955","post","type-post","status-publish","format-standard","has-post-thumbnail","hentry","category-mostre","tag-arte","tag-beppe-convertini","tag-katia-ricciarelli","tag-mostra","tag-pro-biennale","tag-silvana-giacobini","tag-silvia-casarin-rizzolo","tag-venezia","tag-vittorio-sgarbi"],"yoast_head":"<!-- This site is optimized with the Yoast SEO plugin v27.5 - https:\/\/yoast.com\/product\/yoast-seo-wordpress\/ -->\n<title>Pro Biennale di Vittorio Sgarbi a Venezia dal 5 maggio<\/title>\n<meta name=\"description\" content=\"Pro Biennale di Vittorio Sgarbi a Venezia dal 5 al 27 maggio. Saranno giorni di fermento, quelli che vedranno Venezia impegnata artisticamente ai primi di\" \/>\n<meta name=\"robots\" content=\"index, follow, max-snippet:-1, max-image-preview:large, max-video-preview:-1\" \/>\n<link rel=\"canonical\" href=\"https:\/\/www.romaoggi.eu\/index.php\/2019\/04\/05\/pro-biennale-di-vittorio-sgarbi-a-venezia-dal-5-maggio\/\" \/>\n<meta property=\"og:locale\" content=\"it_IT\" \/>\n<meta property=\"og:type\" content=\"article\" \/>\n<meta property=\"og:title\" content=\"Pro Biennale di Vittorio Sgarbi a Venezia dal 5 maggio\" \/>\n<meta property=\"og:description\" content=\"Pro Biennale di Vittorio Sgarbi a Venezia dal 5 al 27 maggio. Saranno giorni di fermento, quelli che vedranno Venezia impegnata artisticamente ai primi di\" \/>\n<meta property=\"og:url\" content=\"https:\/\/www.romaoggi.eu\/index.php\/2019\/04\/05\/pro-biennale-di-vittorio-sgarbi-a-venezia-dal-5-maggio\/\" \/>\n<meta property=\"og:site_name\" content=\"roma oggi\" \/>\n<meta property=\"article:publisher\" content=\"https:\/\/www.facebook.com\/RomaOggi-841544845954114\" \/>\n<meta property=\"article:published_time\" content=\"2019-04-05T08:37:28+00:00\" \/>\n<meta property=\"og:image\" content=\"https:\/\/www.romaoggi.eu\/wp-content\/uploads\/2019\/04\/ricciarelli-sgarbi-nugnes.jpg\" \/>\n\t<meta property=\"og:image:width\" content=\"1599\" \/>\n\t<meta property=\"og:image:height\" content=\"1068\" \/>\n\t<meta property=\"og:image:type\" content=\"image\/jpeg\" \/>\n<meta name=\"author\" content=\"Antonietta Di Vizia\" \/>\n<meta name=\"twitter:card\" content=\"summary_large_image\" \/>\n<meta name=\"twitter:creator\" content=\"@romaoggi_eu\" \/>\n<meta name=\"twitter:site\" content=\"@romaoggi_eu\" \/>\n<meta name=\"twitter:label1\" content=\"Scritto da\" \/>\n\t<meta name=\"twitter:data1\" content=\"Antonietta Di Vizia\" \/>\n\t<meta name=\"twitter:label2\" content=\"Tempo di lettura stimato\" \/>\n\t<meta name=\"twitter:data2\" content=\"2 minuti\" \/>\n<script type=\"application\/ld+json\" class=\"yoast-schema-graph\">{\"@context\":\"https:\\\/\\\/schema.org\",\"@graph\":[{\"@type\":\"Article\",\"@id\":\"https:\\\/\\\/www.romaoggi.eu\\\/index.php\\\/2019\\\/04\\\/05\\\/pro-biennale-di-vittorio-sgarbi-a-venezia-dal-5-maggio\\\/#article\",\"isPartOf\":{\"@id\":\"https:\\\/\\\/www.romaoggi.eu\\\/index.php\\\/2019\\\/04\\\/05\\\/pro-biennale-di-vittorio-sgarbi-a-venezia-dal-5-maggio\\\/\"},\"author\":{\"name\":\"Antonietta Di Vizia\",\"@id\":\"https:\\\/\\\/www.romaoggi.eu\\\/#\\\/schema\\\/person\\\/c8ca1fb64b5506391fff5f822a866c23\"},\"headline\":\"Pro Biennale di Vittorio Sgarbi a Venezia dal 5 maggio\",\"datePublished\":\"2019-04-05T08:37:28+00:00\",\"mainEntityOfPage\":{\"@id\":\"https:\\\/\\\/www.romaoggi.eu\\\/index.php\\\/2019\\\/04\\\/05\\\/pro-biennale-di-vittorio-sgarbi-a-venezia-dal-5-maggio\\\/\"},\"wordCount\":499,\"publisher\":{\"@id\":\"https:\\\/\\\/www.romaoggi.eu\\\/#organization\"},\"image\":{\"@id\":\"https:\\\/\\\/www.romaoggi.eu\\\/index.php\\\/2019\\\/04\\\/05\\\/pro-biennale-di-vittorio-sgarbi-a-venezia-dal-5-maggio\\\/#primaryimage\"},\"thumbnailUrl\":\"https:\\\/\\\/www.romaoggi.eu\\\/wp-content\\\/uploads\\\/2019\\\/04\\\/ricciarelli-sgarbi-nugnes.jpg\",\"keywords\":[\"arte\",\"beppe convertini\",\"Katia Ricciarelli\",\"mostra\",\"Pro\u00a0Biennale\",\"silvana giacobini\",\"Silvia Casarin Rizzolo\",\"Venezia\",\"vittorio sgarbi\"],\"articleSection\":[\"Mostre\"],\"inLanguage\":\"it-IT\"},{\"@type\":\"WebPage\",\"@id\":\"https:\\\/\\\/www.romaoggi.eu\\\/index.php\\\/2019\\\/04\\\/05\\\/pro-biennale-di-vittorio-sgarbi-a-venezia-dal-5-maggio\\\/\",\"url\":\"https:\\\/\\\/www.romaoggi.eu\\\/index.php\\\/2019\\\/04\\\/05\\\/pro-biennale-di-vittorio-sgarbi-a-venezia-dal-5-maggio\\\/\",\"name\":\"Pro Biennale di Vittorio Sgarbi a Venezia dal 5 maggio\",\"isPartOf\":{\"@id\":\"https:\\\/\\\/www.romaoggi.eu\\\/#website\"},\"primaryImageOfPage\":{\"@id\":\"https:\\\/\\\/www.romaoggi.eu\\\/index.php\\\/2019\\\/04\\\/05\\\/pro-biennale-di-vittorio-sgarbi-a-venezia-dal-5-maggio\\\/#primaryimage\"},\"image\":{\"@id\":\"https:\\\/\\\/www.romaoggi.eu\\\/index.php\\\/2019\\\/04\\\/05\\\/pro-biennale-di-vittorio-sgarbi-a-venezia-dal-5-maggio\\\/#primaryimage\"},\"thumbnailUrl\":\"https:\\\/\\\/www.romaoggi.eu\\\/wp-content\\\/uploads\\\/2019\\\/04\\\/ricciarelli-sgarbi-nugnes.jpg\",\"datePublished\":\"2019-04-05T08:37:28+00:00\",\"description\":\"Pro Biennale di Vittorio Sgarbi a Venezia dal 5 al 27 maggio. Saranno giorni di fermento, quelli che vedranno Venezia impegnata artisticamente ai primi di\",\"breadcrumb\":{\"@id\":\"https:\\\/\\\/www.romaoggi.eu\\\/index.php\\\/2019\\\/04\\\/05\\\/pro-biennale-di-vittorio-sgarbi-a-venezia-dal-5-maggio\\\/#breadcrumb\"},\"inLanguage\":\"it-IT\",\"potentialAction\":[{\"@type\":\"ReadAction\",\"target\":[\"https:\\\/\\\/www.romaoggi.eu\\\/index.php\\\/2019\\\/04\\\/05\\\/pro-biennale-di-vittorio-sgarbi-a-venezia-dal-5-maggio\\\/\"]}]},{\"@type\":\"ImageObject\",\"inLanguage\":\"it-IT\",\"@id\":\"https:\\\/\\\/www.romaoggi.eu\\\/index.php\\\/2019\\\/04\\\/05\\\/pro-biennale-di-vittorio-sgarbi-a-venezia-dal-5-maggio\\\/#primaryimage\",\"url\":\"https:\\\/\\\/www.romaoggi.eu\\\/wp-content\\\/uploads\\\/2019\\\/04\\\/ricciarelli-sgarbi-nugnes.jpg\",\"contentUrl\":\"https:\\\/\\\/www.romaoggi.eu\\\/wp-content\\\/uploads\\\/2019\\\/04\\\/ricciarelli-sgarbi-nugnes.jpg\",\"width\":1599,\"height\":1068,\"caption\":\"Ricciarelli-Sgarbi-Nugnes\"},{\"@type\":\"BreadcrumbList\",\"@id\":\"https:\\\/\\\/www.romaoggi.eu\\\/index.php\\\/2019\\\/04\\\/05\\\/pro-biennale-di-vittorio-sgarbi-a-venezia-dal-5-maggio\\\/#breadcrumb\",\"itemListElement\":[{\"@type\":\"ListItem\",\"position\":1,\"name\":\"Home\",\"item\":\"https:\\\/\\\/www.romaoggi.eu\\\/\"},{\"@type\":\"ListItem\",\"position\":2,\"name\":\"Pro Biennale di Vittorio Sgarbi a Venezia dal 5 maggio\"}]},{\"@type\":\"WebSite\",\"@id\":\"https:\\\/\\\/www.romaoggi.eu\\\/#website\",\"url\":\"https:\\\/\\\/www.romaoggi.eu\\\/\",\"name\":\"roma oggi\",\"description\":\"Interesting News for Interesting people\",\"publisher\":{\"@id\":\"https:\\\/\\\/www.romaoggi.eu\\\/#organization\"},\"potentialAction\":[{\"@type\":\"SearchAction\",\"target\":{\"@type\":\"EntryPoint\",\"urlTemplate\":\"https:\\\/\\\/www.romaoggi.eu\\\/?s={search_term_string}\"},\"query-input\":{\"@type\":\"PropertyValueSpecification\",\"valueRequired\":true,\"valueName\":\"search_term_string\"}}],\"inLanguage\":\"it-IT\"},{\"@type\":\"Organization\",\"@id\":\"https:\\\/\\\/www.romaoggi.eu\\\/#organization\",\"name\":\"RomaOggi\",\"url\":\"https:\\\/\\\/www.romaoggi.eu\\\/\",\"logo\":{\"@type\":\"ImageObject\",\"inLanguage\":\"it-IT\",\"@id\":\"https:\\\/\\\/www.romaoggi.eu\\\/#\\\/schema\\\/logo\\\/image\\\/\",\"url\":\"https:\\\/\\\/www.romaoggi.eu\\\/wp-content\\\/uploads\\\/2017\\\/04\\\/logowp.jpg\",\"contentUrl\":\"https:\\\/\\\/www.romaoggi.eu\\\/wp-content\\\/uploads\\\/2017\\\/04\\\/logowp.jpg\",\"width\":300,\"height\":133,\"caption\":\"RomaOggi\"},\"image\":{\"@id\":\"https:\\\/\\\/www.romaoggi.eu\\\/#\\\/schema\\\/logo\\\/image\\\/\"},\"sameAs\":[\"https:\\\/\\\/www.facebook.com\\\/RomaOggi-841544845954114\",\"https:\\\/\\\/x.com\\\/romaoggi_eu\"]},{\"@type\":\"Person\",\"@id\":\"https:\\\/\\\/www.romaoggi.eu\\\/#\\\/schema\\\/person\\\/c8ca1fb64b5506391fff5f822a866c23\",\"name\":\"Antonietta Di Vizia\",\"image\":{\"@type\":\"ImageObject\",\"inLanguage\":\"it-IT\",\"@id\":\"https:\\\/\\\/secure.gravatar.com\\\/avatar\\\/2ad571aa3fbfe3089b06ed5617adf58717b9359c0c97cf9b52804fb2dac293f2?s=96&d=mm&r=g\",\"url\":\"https:\\\/\\\/secure.gravatar.com\\\/avatar\\\/2ad571aa3fbfe3089b06ed5617adf58717b9359c0c97cf9b52804fb2dac293f2?s=96&d=mm&r=g\",\"contentUrl\":\"https:\\\/\\\/secure.gravatar.com\\\/avatar\\\/2ad571aa3fbfe3089b06ed5617adf58717b9359c0c97cf9b52804fb2dac293f2?s=96&d=mm&r=g\",\"caption\":\"Antonietta Di Vizia\"},\"url\":\"https:\\\/\\\/www.romaoggi.eu\\\/index.php\\\/author\\\/antonietta\\\/\"}]}<\/script>\n<!-- \/ Yoast SEO plugin. -->","yoast_head_json":{"title":"Pro Biennale di Vittorio Sgarbi a Venezia dal 5 maggio","description":"Pro Biennale di Vittorio Sgarbi a Venezia dal 5 al 27 maggio. Saranno giorni di fermento, quelli che vedranno Venezia impegnata artisticamente ai primi di","robots":{"index":"index","follow":"follow","max-snippet":"max-snippet:-1","max-image-preview":"max-image-preview:large","max-video-preview":"max-video-preview:-1"},"canonical":"https:\/\/www.romaoggi.eu\/index.php\/2019\/04\/05\/pro-biennale-di-vittorio-sgarbi-a-venezia-dal-5-maggio\/","og_locale":"it_IT","og_type":"article","og_title":"Pro Biennale di Vittorio Sgarbi a Venezia dal 5 maggio","og_description":"Pro Biennale di Vittorio Sgarbi a Venezia dal 5 al 27 maggio. Saranno giorni di fermento, quelli che vedranno Venezia impegnata artisticamente ai primi di","og_url":"https:\/\/www.romaoggi.eu\/index.php\/2019\/04\/05\/pro-biennale-di-vittorio-sgarbi-a-venezia-dal-5-maggio\/","og_site_name":"roma oggi","article_publisher":"https:\/\/www.facebook.com\/RomaOggi-841544845954114","article_published_time":"2019-04-05T08:37:28+00:00","og_image":[{"width":1599,"height":1068,"url":"https:\/\/www.romaoggi.eu\/wp-content\/uploads\/2019\/04\/ricciarelli-sgarbi-nugnes.jpg","type":"image\/jpeg"}],"author":"Antonietta Di Vizia","twitter_card":"summary_large_image","twitter_creator":"@romaoggi_eu","twitter_site":"@romaoggi_eu","twitter_misc":{"Scritto da":"Antonietta Di Vizia","Tempo di lettura stimato":"2 minuti"},"schema":{"@context":"https:\/\/schema.org","@graph":[{"@type":"Article","@id":"https:\/\/www.romaoggi.eu\/index.php\/2019\/04\/05\/pro-biennale-di-vittorio-sgarbi-a-venezia-dal-5-maggio\/#article","isPartOf":{"@id":"https:\/\/www.romaoggi.eu\/index.php\/2019\/04\/05\/pro-biennale-di-vittorio-sgarbi-a-venezia-dal-5-maggio\/"},"author":{"name":"Antonietta Di Vizia","@id":"https:\/\/www.romaoggi.eu\/#\/schema\/person\/c8ca1fb64b5506391fff5f822a866c23"},"headline":"Pro Biennale di Vittorio Sgarbi a Venezia dal 5 maggio","datePublished":"2019-04-05T08:37:28+00:00","mainEntityOfPage":{"@id":"https:\/\/www.romaoggi.eu\/index.php\/2019\/04\/05\/pro-biennale-di-vittorio-sgarbi-a-venezia-dal-5-maggio\/"},"wordCount":499,"publisher":{"@id":"https:\/\/www.romaoggi.eu\/#organization"},"image":{"@id":"https:\/\/www.romaoggi.eu\/index.php\/2019\/04\/05\/pro-biennale-di-vittorio-sgarbi-a-venezia-dal-5-maggio\/#primaryimage"},"thumbnailUrl":"https:\/\/www.romaoggi.eu\/wp-content\/uploads\/2019\/04\/ricciarelli-sgarbi-nugnes.jpg","keywords":["arte","beppe convertini","Katia Ricciarelli","mostra","Pro\u00a0Biennale","silvana giacobini","Silvia Casarin Rizzolo","Venezia","vittorio sgarbi"],"articleSection":["Mostre"],"inLanguage":"it-IT"},{"@type":"WebPage","@id":"https:\/\/www.romaoggi.eu\/index.php\/2019\/04\/05\/pro-biennale-di-vittorio-sgarbi-a-venezia-dal-5-maggio\/","url":"https:\/\/www.romaoggi.eu\/index.php\/2019\/04\/05\/pro-biennale-di-vittorio-sgarbi-a-venezia-dal-5-maggio\/","name":"Pro Biennale di Vittorio Sgarbi a Venezia dal 5 maggio","isPartOf":{"@id":"https:\/\/www.romaoggi.eu\/#website"},"primaryImageOfPage":{"@id":"https:\/\/www.romaoggi.eu\/index.php\/2019\/04\/05\/pro-biennale-di-vittorio-sgarbi-a-venezia-dal-5-maggio\/#primaryimage"},"image":{"@id":"https:\/\/www.romaoggi.eu\/index.php\/2019\/04\/05\/pro-biennale-di-vittorio-sgarbi-a-venezia-dal-5-maggio\/#primaryimage"},"thumbnailUrl":"https:\/\/www.romaoggi.eu\/wp-content\/uploads\/2019\/04\/ricciarelli-sgarbi-nugnes.jpg","datePublished":"2019-04-05T08:37:28+00:00","description":"Pro Biennale di Vittorio Sgarbi a Venezia dal 5 al 27 maggio. Saranno giorni di fermento, quelli che vedranno Venezia impegnata artisticamente ai primi di","breadcrumb":{"@id":"https:\/\/www.romaoggi.eu\/index.php\/2019\/04\/05\/pro-biennale-di-vittorio-sgarbi-a-venezia-dal-5-maggio\/#breadcrumb"},"inLanguage":"it-IT","potentialAction":[{"@type":"ReadAction","target":["https:\/\/www.romaoggi.eu\/index.php\/2019\/04\/05\/pro-biennale-di-vittorio-sgarbi-a-venezia-dal-5-maggio\/"]}]},{"@type":"ImageObject","inLanguage":"it-IT","@id":"https:\/\/www.romaoggi.eu\/index.php\/2019\/04\/05\/pro-biennale-di-vittorio-sgarbi-a-venezia-dal-5-maggio\/#primaryimage","url":"https:\/\/www.romaoggi.eu\/wp-content\/uploads\/2019\/04\/ricciarelli-sgarbi-nugnes.jpg","contentUrl":"https:\/\/www.romaoggi.eu\/wp-content\/uploads\/2019\/04\/ricciarelli-sgarbi-nugnes.jpg","width":1599,"height":1068,"caption":"Ricciarelli-Sgarbi-Nugnes"},{"@type":"BreadcrumbList","@id":"https:\/\/www.romaoggi.eu\/index.php\/2019\/04\/05\/pro-biennale-di-vittorio-sgarbi-a-venezia-dal-5-maggio\/#breadcrumb","itemListElement":[{"@type":"ListItem","position":1,"name":"Home","item":"https:\/\/www.romaoggi.eu\/"},{"@type":"ListItem","position":2,"name":"Pro Biennale di Vittorio Sgarbi a Venezia dal 5 maggio"}]},{"@type":"WebSite","@id":"https:\/\/www.romaoggi.eu\/#website","url":"https:\/\/www.romaoggi.eu\/","name":"roma oggi","description":"Interesting News for Interesting people","publisher":{"@id":"https:\/\/www.romaoggi.eu\/#organization"},"potentialAction":[{"@type":"SearchAction","target":{"@type":"EntryPoint","urlTemplate":"https:\/\/www.romaoggi.eu\/?s={search_term_string}"},"query-input":{"@type":"PropertyValueSpecification","valueRequired":true,"valueName":"search_term_string"}}],"inLanguage":"it-IT"},{"@type":"Organization","@id":"https:\/\/www.romaoggi.eu\/#organization","name":"RomaOggi","url":"https:\/\/www.romaoggi.eu\/","logo":{"@type":"ImageObject","inLanguage":"it-IT","@id":"https:\/\/www.romaoggi.eu\/#\/schema\/logo\/image\/","url":"https:\/\/www.romaoggi.eu\/wp-content\/uploads\/2017\/04\/logowp.jpg","contentUrl":"https:\/\/www.romaoggi.eu\/wp-content\/uploads\/2017\/04\/logowp.jpg","width":300,"height":133,"caption":"RomaOggi"},"image":{"@id":"https:\/\/www.romaoggi.eu\/#\/schema\/logo\/image\/"},"sameAs":["https:\/\/www.facebook.com\/RomaOggi-841544845954114","https:\/\/x.com\/romaoggi_eu"]},{"@type":"Person","@id":"https:\/\/www.romaoggi.eu\/#\/schema\/person\/c8ca1fb64b5506391fff5f822a866c23","name":"Antonietta Di Vizia","image":{"@type":"ImageObject","inLanguage":"it-IT","@id":"https:\/\/secure.gravatar.com\/avatar\/2ad571aa3fbfe3089b06ed5617adf58717b9359c0c97cf9b52804fb2dac293f2?s=96&d=mm&r=g","url":"https:\/\/secure.gravatar.com\/avatar\/2ad571aa3fbfe3089b06ed5617adf58717b9359c0c97cf9b52804fb2dac293f2?s=96&d=mm&r=g","contentUrl":"https:\/\/secure.gravatar.com\/avatar\/2ad571aa3fbfe3089b06ed5617adf58717b9359c0c97cf9b52804fb2dac293f2?s=96&d=mm&r=g","caption":"Antonietta Di Vizia"},"url":"https:\/\/www.romaoggi.eu\/index.php\/author\/antonietta\/"}]}},"_links":{"self":[{"href":"https:\/\/www.romaoggi.eu\/index.php\/wp-json\/wp\/v2\/posts\/20955","targetHints":{"allow":["GET"]}}],"collection":[{"href":"https:\/\/www.romaoggi.eu\/index.php\/wp-json\/wp\/v2\/posts"}],"about":[{"href":"https:\/\/www.romaoggi.eu\/index.php\/wp-json\/wp\/v2\/types\/post"}],"author":[{"embeddable":true,"href":"https:\/\/www.romaoggi.eu\/index.php\/wp-json\/wp\/v2\/users\/3"}],"replies":[{"embeddable":true,"href":"https:\/\/www.romaoggi.eu\/index.php\/wp-json\/wp\/v2\/comments?post=20955"}],"version-history":[{"count":1,"href":"https:\/\/www.romaoggi.eu\/index.php\/wp-json\/wp\/v2\/posts\/20955\/revisions"}],"predecessor-version":[{"id":20960,"href":"https:\/\/www.romaoggi.eu\/index.php\/wp-json\/wp\/v2\/posts\/20955\/revisions\/20960"}],"wp:featuredmedia":[{"embeddable":true,"href":"https:\/\/www.romaoggi.eu\/index.php\/wp-json\/wp\/v2\/media\/20957"}],"wp:attachment":[{"href":"https:\/\/www.romaoggi.eu\/index.php\/wp-json\/wp\/v2\/media?parent=20955"}],"wp:term":[{"taxonomy":"category","embeddable":true,"href":"https:\/\/www.romaoggi.eu\/index.php\/wp-json\/wp\/v2\/categories?post=20955"},{"taxonomy":"post_tag","embeddable":true,"href":"https:\/\/www.romaoggi.eu\/index.php\/wp-json\/wp\/v2\/tags?post=20955"}],"curies":[{"name":"wp","href":"https:\/\/api.w.org\/{rel}","templated":true}]}}