{"id":21158,"date":"2019-04-14T09:40:48","date_gmt":"2019-04-14T07:40:48","guid":{"rendered":"http:\/\/www.romaoggi.eu\/?p=21158"},"modified":"2019-04-14T09:40:48","modified_gmt":"2019-04-14T07:40:48","slug":"la-commedia-the-prudes-arriva-alloff-off-theatre","status":"publish","type":"post","link":"https:\/\/www.romaoggi.eu\/index.php\/2019\/04\/14\/la-commedia-the-prudes-arriva-alloff-off-theatre\/","title":{"rendered":"La commedia &#8220;The Prudes&#8221; arriva all\u2019Off Off Theatre"},"content":{"rendered":"<p align=\"CENTER\"><span style=\"color: #ff0000;\"><span style=\"font-family: Century Gothic, sans-serif;\"><span style=\"font-size: xx-large;\"><u><b>Dal 16 al 28 aprile 2019<\/b><\/u><\/span><\/span><\/span><\/p>\n<p align=\"CENTER\"><span style=\"font-family: Century Gothic, sans-serif;\"><span style=\"font-size: small;\">VIA GIULIA, 19, 20, 21 &#8211; ROMA<\/span><\/span><\/p>\n<p align=\"CENTER\"><span style=\"font-family: Century Gothic, sans-serif;\"><span style=\"font-size: xx-small;\">DIREZIONE ARTISTICA <\/span><\/span><span style=\"font-family: Century Gothic, sans-serif;\"><span style=\"font-size: xx-small;\"><b>SILVANO SPADA<\/b><\/span><\/span><\/p>\n<p lang=\"en-US\" align=\"CENTER\"><span style=\"font-family: Century Gothic, sans-serif;\"><span style=\"font-size: large;\">Politeama srl<\/span><\/span><\/p>\n<p lang=\"en-US\" align=\"CENTER\"><span style=\"font-family: Century Gothic, sans-serif;\"><span style=\"font-size: small;\">presenta<\/span><\/span><\/p>\n<p lang=\"en-US\" align=\"CENTER\"><span style=\"color: #ff0000;\"><span style=\"font-family: Century Gothic, sans-serif;\"><span style=\"font-size: xx-large;\"><b>THE PRUDES<\/b><\/span><\/span><\/span><\/p>\n<p align=\"CENTER\"><span style=\"font-family: Century Gothic, sans-serif;\"><span lang=\"en-US\">di Anthony Neilson &#8211; <\/span><\/span><span style=\"font-family: Century Gothic, sans-serif;\">traduzione Natalia di Giammarco<\/span><\/p>\n<p align=\"CENTER\"><span style=\"font-family: Century Gothic, sans-serif;\"><span style=\"font-size: x-large;\"><b>con Carlotta Proietti e Gianluigi Fogacci<\/b><\/span><\/span><\/p>\n<p align=\"CENTER\"><span style=\"font-family: Century Gothic, sans-serif;\"><span style=\"font-size: small;\">scene e costumi Susanna Proietti &#8211; aiuto regia Maria Stella Taccone<\/span><\/span><\/p>\n<p align=\"CENTER\"><span style=\"font-family: Century Gothic, sans-serif;\"><span style=\"font-size: small;\">musiche originali Giovanni Mancini<\/span><\/span><\/p>\n<p align=\"CENTER\"><span style=\"font-family: Century Gothic, sans-serif;\"><span style=\"font-size: large;\"><b>regia Gianluigi Fogacci<\/b><\/span><\/span><\/p>\n<p align=\"JUSTIFY\"><span style=\"font-family: Century Gothic, sans-serif;\"><span style=\"font-size: small;\"><b>The Prudes<\/b><\/span><\/span><span style=\"font-family: Century Gothic, sans-serif;\"><span style=\"font-size: small;\">, commedia scritta dall\u2019inglese <\/span><\/span><span style=\"font-family: Century Gothic, sans-serif;\"><span style=\"font-size: small;\"><i>Antony Neilson<\/i><\/span><\/span><span style=\"font-family: Century Gothic, sans-serif;\"><span style=\"font-size: small;\">, presentata con successo nel 2018 nella rassegna <\/span><\/span><span style=\"color: #444444;\"><span style=\"font-family: Century Gothic, sans-serif;\"><span style=\"font-size: small;\"><i>Trend &#8211; Nuove Frontiere della Scena Britannica,<\/i><\/span><\/span><\/span> <span style=\"font-family: Century Gothic, sans-serif;\"><span style=\"font-size: small;\">arriva <\/span><\/span><span style=\"font-family: Century Gothic, sans-serif;\"><span style=\"font-size: small;\"><b>all\u2019Off Off Theatre <\/b><\/span><\/span><span style=\"font-family: Century Gothic, sans-serif;\"><span style=\"font-size: small;\">dal<\/span><\/span><span style=\"font-family: Century Gothic, sans-serif;\"><span style=\"font-size: small;\"><b> 16 <\/b><\/span><\/span><span style=\"font-family: Century Gothic, sans-serif;\"><span style=\"font-size: small;\">al<\/span><\/span><span style=\"font-family: Century Gothic, sans-serif;\"><span style=\"font-size: small;\"><b> 28 aprile 2019<\/b><\/span><\/span><span style=\"font-family: Century Gothic, sans-serif;\"><span style=\"font-size: small;\">, interpretata da <\/span><\/span><span style=\"font-family: Century Gothic, sans-serif;\"><span style=\"font-size: small;\"><b>Carlotta Proietti<\/b><\/span><\/span><span style=\"font-family: Century Gothic, sans-serif;\"><span style=\"font-size: small;\"> e <\/span><\/span><span style=\"font-family: Century Gothic, sans-serif;\"><span style=\"font-size: small;\"><b>Gianluigi Fogacci,<\/b><\/span><\/span><span style=\"font-family: Century Gothic, sans-serif;\"><span style=\"font-size: small;\"> che ne cura anche la regia.<\/span><\/span><\/p>\n<p align=\"JUSTIFY\"><span style=\"font-family: Century Gothic, sans-serif;\"><span style=\"font-size: small;\">Chi sono i Prudes? James si presenta al pubblico come James Prudes, ma subito viene corretto da Jessica che tiene a rettificare che loro non sono sposati, e che quindi loro sono ben lontani da i Prudes come recita il titolo, parola che in inglese significa puritani, moralisti, di morigerati costumi, che hanno in odio scandalizzare \u2026 <\/span><\/span><\/p>\n<p align=\"JUSTIFY\"><span style=\"font-family: Century Gothic, sans-serif;\"><span style=\"font-size: small;\">Questa strana coppia si presenta sul palcoscenico di un teatro pieno di spettatori per inscenare o vivere, il suo dramma di coppia, come una seduta terapeutica collettiva. <\/span><\/span><span style=\"font-family: Century Gothic, sans-serif;\"><span style=\"font-size: small;\"><b>Al centro di questo dramma il calo di desiderio di James che non riesce pi\u00f9 ad avere rapporti con la sua amata Jessica da molto tempo e che se fallir\u00e0 anche questa ultima chance, cio\u00e8 consumare un rapporto davanti ad una platea, nel pi\u00f9 puro spirito esibizionistico, sar\u00e0 abbandonato da Jessica che non intende passare il resto della sua vita senza sesso<\/b><\/span><\/span><span style=\"font-family: Century Gothic, sans-serif;\"><span style=\"font-size: small;\">. Ecco che l\u2019ironia del titolo si affaccia prepotentemente non appena al pubblico verr\u00e0 spiegata la situazione, ma come si pu\u00f2 facilmente prevedere l\u2019espediente scelto non dar\u00e0 i frutti sperati. Ecco che inizia allora un gioco al massacro, dove emergono vecchie ruggini, cose non dette che feriscono, giochi di travestimenti e colpi di scena che fanno via via dubitare di chi siano veramente queste persone o personaggi.<\/span><\/span><\/p>\n<p align=\"JUSTIFY\"><img loading=\"lazy\" decoding=\"async\" class=\"aligncenter wp-image-21160 size-full\" src=\"https:\/\/www.romaoggi.eu\/wp-content\/uploads\/2019\/04\/Proietti-Fogacci-bacio.jpg\" alt=\"Alt text The Prudes\" width=\"1600\" height=\"1066\" srcset=\"https:\/\/www.romaoggi.eu\/wp-content\/uploads\/2019\/04\/Proietti-Fogacci-bacio.jpg 1600w, https:\/\/www.romaoggi.eu\/wp-content\/uploads\/2019\/04\/Proietti-Fogacci-bacio-300x200.jpg 300w, https:\/\/www.romaoggi.eu\/wp-content\/uploads\/2019\/04\/Proietti-Fogacci-bacio-1024x682.jpg 1024w\" sizes=\"auto, (max-width: 1600px) 100vw, 1600px\" \/><\/p>\n<p align=\"JUSTIFY\"><span style=\"font-family: Century Gothic, sans-serif;\"><span style=\"font-size: small;\">E se fossero due attori che cercano nuove ispirazioni attraverso un anomalo materiale drammaturgico, guidati da un\u2019invisibile regia? E che ruolo ha il pubblico che viene continuamente coinvolto, come se i personaggi sul palco cercassero di tirare a s\u00e9 le sue simpatie e un giudizio favorevole, come in una moderna e borghese agor\u00e0? IL gioco teatrale o meta teatrale che dir si voglia si fa sempre pi\u00f9 sofisticato, esplora anche i meandri linguistici che caratterizzano le due differenti personalit\u00e0, fino a farci pensare che sia proprio questo il motivo del calo del desiderio.<\/span><\/span><\/p>\n<p align=\"CENTER\"><span style=\"color: #ff0000;\"><span style=\"font-family: Century Gothic, sans-serif;\"><span style=\"font-size: small;\"><b>OFF\/OFF THEATRE<\/b><\/span><\/span><\/span><\/p>\n<p align=\"CENTER\"><span style=\"font-size: small;\"><span style=\"font-family: Century Gothic, sans-serif;\">Via Giulia 19 \u2013 20 \u2013 21, Roma \/ DIREZIONE ARTISTICA <\/span><span style=\"font-family: Century Gothic, sans-serif;\"><b>SILVANO SPADA<\/b><\/span><\/span><\/p>\n<p align=\"CENTER\"><span style=\"font-size: small;\"><span style=\"font-family: Century Gothic, sans-serif;\">Costo Biglietti: Intero <\/span><span style=\"font-family: Century Gothic, sans-serif;\"><b>25\u20ac<\/b><\/span><span style=\"font-family: Century Gothic, sans-serif;\">; Ridotto <\/span><span style=\"font-family: Century Gothic, sans-serif;\"><i>Over65<\/i><\/span> <span style=\"font-family: Century Gothic, sans-serif;\"><b>18\u20ac<\/b><\/span><span style=\"font-family: Century Gothic, sans-serif;\">; Ridotto <\/span><span style=\"font-family: Century Gothic, sans-serif;\"><i>Under35<\/i><\/span> <span style=\"font-family: Century Gothic, sans-serif;\"><b>15\u20ac<\/b><\/span><span style=\"font-family: Century Gothic, sans-serif;\">; Gruppi <\/span><span style=\"font-family: Century Gothic, sans-serif;\"><b>10\u20ac<\/b><\/span><span style=\"font-family: Century Gothic, sans-serif;\"> \u2013 info@altacademy,it<\/span><\/span><\/p>\n<p align=\"CENTER\"><span style=\"font-family: Century Gothic, sans-serif;\"><span style=\"font-size: small;\">Dal Marted\u00ec al Sabato h.21,00 \u2013 Domenica h.17,00<\/span><\/span><\/p>\n<p align=\"CENTER\"><span style=\"font-family: Century Gothic, sans-serif;\"><span style=\"font-size: small;\">Info e Prenotazioni<\/span><\/span><span style=\"font-family: Century Gothic, sans-serif;\"><span style=\"font-size: small;\"><i>: <\/i><\/span><\/span><span style=\"font-family: Century Gothic, sans-serif;\"><span style=\"font-size: small;\"><b>+39 06.89239515 <\/b><\/span><\/span><span style=\"font-family: Century Gothic, sans-serif;\"><span style=\"font-size: small;\">&#8211; <\/span><\/span><a href=\"mailto:offofftheatre.biglietteria@gmail.com\"><span style=\"color: #0000ff;\"><span style=\"font-family: Century Gothic, sans-serif;\"><span style=\"font-size: small;\"><u>offofftheatre.biglietteria@gmail.com<\/u><\/span><\/span><\/span><\/a><\/p>\n<p align=\"CENTER\"><span style=\"font-size: small;\"><span style=\"font-family: Century Gothic, sans-serif;\"><span lang=\"de-DE\"><b>SITO:<\/b><\/span><\/span><span style=\"font-family: Century Gothic, sans-serif;\"><span lang=\"de-DE\"> http:\/\/off-offtheatre.com\/ &#8211; <\/span><\/span><span style=\"font-family: Century Gothic, sans-serif;\"><span lang=\"de-DE\"><b>FB:<\/b><\/span><\/span><span style=\"font-family: Century Gothic, sans-serif;\"><span lang=\"de-DE\"> https:\/\/www.facebook.com\/OffOffTheatreRoma\/ &#8211; <\/span><\/span><span style=\"font-family: Century Gothic, sans-serif;\"><span lang=\"de-DE\"><b>IG:<\/b><\/span><\/span><span style=\"font-family: Century Gothic, sans-serif;\"><span lang=\"de-DE\"> https:\/\/www.instagram.com\/offofftheatre\/?hl=it<\/span><\/span><\/span><\/p>\n<p align=\"CENTER\"><span style=\"color: #ff0000;\"><span style=\"font-family: Century Gothic, sans-serif;\"><span style=\"font-size: small;\"><b>Ufficio Stampa Carla Fabi Roberta Savona<\/b><\/span><\/span><\/span><a href=\"mailto:carla@fabighinfanti.it\"><span style=\"color: #0563c1;\"><span style=\"font-family: Century Gothic, sans-serif;\"><span style=\"font-size: small;\"><u><br \/>\n<\/u><\/span><\/span><\/span><span style=\"font-family: Century Gothic, sans-serif;\"><span style=\"font-size: small;\"><b>Carla:<\/b><\/span><\/span> <span style=\"color: #333333;\"><span style=\"font-family: Century Gothic, sans-serif;\"><span style=\"font-size: small;\">carla@fabighinfanti.it<\/span><\/span><\/span><\/a><span style=\"font-family: Century Gothic, sans-serif;\"><span style=\"font-size: small;\"> , 338 4935947 \u2013 <\/span><\/span><span style=\"font-family: Century Gothic, sans-serif;\"><span style=\"font-size: small;\"><b>Roberta: <\/b><\/span><\/span><a href=\"mailto:savonaroberta@gmail.com\"><span style=\"color: #333333;\"><span style=\"font-family: Century Gothic, sans-serif;\"><span style=\"font-size: small;\">savonaroberta@gmail.com , <\/span><\/span><\/span><span style=\"font-family: Century Gothic, sans-serif;\"><span style=\"font-size: small;\">340 2640789<\/span><\/span><span style=\"color: #0563c1;\"><span style=\"font-family: Century Gothic, sans-serif;\"><span style=\"font-size: small;\"><u><br \/>\n<\/u><\/span><\/span><\/span><\/a><span style=\"font-family: Century Gothic, sans-serif;\"><span style=\"font-size: small;\"><b>FB:<\/b><\/span><\/span><span style=\"font-family: Century Gothic, sans-serif;\"><span style=\"font-size: small;\"> https:\/\/www.facebook.com\/UfficioStampaFabiSavona\/<\/span><\/span><span style=\"font-family: Century Gothic, sans-serif;\"><span style=\"font-size: small;\"> &#8211; <\/span><\/span><span style=\"font-family: Century Gothic, sans-serif;\"><span style=\"font-size: small;\"><b>IG:<\/b><\/span><\/span><span style=\"font-family: Century Gothic, sans-serif;\"><span style=\"font-size: small;\"> https:\/\/www.instagram.com\/ufficiostampafabisavona<\/span><\/span><\/p>\n<p align=\"CENTER\"><b>RomaOggi.eu<\/b><\/p>\n<p align=\"CENTER\">\u201c<i><b>Interesting news for interesting people\u201d<\/b><\/i><\/p>\n","protected":false},"excerpt":{"rendered":"<div class=\"mh-excerpt\"><p>Dal 16 al 28 aprile 2019 VIA GIULIA, 19, 20, 21 &#8211; ROMA DIREZIONE ARTISTICA SILVANO SPADA Politeama srl presenta THE PRUDES di Anthony Neilson &#8211; traduzione Natalia di Giammarco con Carlotta Proietti e Gianluigi <a class=\"mh-excerpt-more\" href=\"https:\/\/www.romaoggi.eu\/index.php\/2019\/04\/14\/la-commedia-the-prudes-arriva-alloff-off-theatre\/\" title=\"La commedia &#8220;The Prudes&#8221; arriva all\u2019Off Off Theatre\">[&#8230;]<\/a><\/p>\n<\/div>","protected":false},"author":5,"featured_media":21159,"comment_status":"closed","ping_status":"open","sticky":false,"template":"","format":"standard","meta":{"_sitemap_exclude":false,"_sitemap_priority":"","_sitemap_frequency":"","footnotes":""},"categories":[4281],"tags":[12245,5076,4780,12522,109,817,1738,634,85,12521],"class_list":["post-21158","post","type-post","status-publish","format-standard","has-post-thumbnail","hentry","category-teatro","tag-12245","tag-carlotta-proietti","tag-gianluigi-fogacci","tag-off-off-theatre","tag-roma","tag-romaoggi","tag-romaoggi-eu","tag-rome","tag-teatro","tag-the-prudes"],"yoast_head":"<!-- This site is optimized with the Yoast SEO plugin v27.5 - https:\/\/yoast.com\/product\/yoast-seo-wordpress\/ -->\n<title>La commedia &quot;The Prudes&quot; arriva all\u2019Off Off Theatre<\/title>\n<meta name=\"description\" content=\"Dal 16 al 28 aprile 2019 VIA GIULIA, 19, 20, 21 - ROMA DIREZIONE ARTISTICA SILVANO SPADA Politeama srl presenta THE PRUDES di Anthony Neilson - traduzione\" \/>\n<meta name=\"robots\" content=\"index, follow, max-snippet:-1, max-image-preview:large, max-video-preview:-1\" \/>\n<link rel=\"canonical\" href=\"https:\/\/www.romaoggi.eu\/index.php\/2019\/04\/14\/la-commedia-the-prudes-arriva-alloff-off-theatre\/\" \/>\n<meta property=\"og:locale\" content=\"it_IT\" \/>\n<meta property=\"og:type\" content=\"article\" \/>\n<meta property=\"og:title\" content=\"La commedia &quot;The Prudes&quot; arriva all\u2019Off Off Theatre\" \/>\n<meta property=\"og:description\" content=\"Dal 16 al 28 aprile 2019 VIA GIULIA, 19, 20, 21 - ROMA DIREZIONE ARTISTICA SILVANO SPADA Politeama srl presenta THE PRUDES di Anthony Neilson - traduzione\" \/>\n<meta property=\"og:url\" content=\"https:\/\/www.romaoggi.eu\/index.php\/2019\/04\/14\/la-commedia-the-prudes-arriva-alloff-off-theatre\/\" \/>\n<meta property=\"og:site_name\" content=\"roma oggi\" \/>\n<meta property=\"article:publisher\" content=\"https:\/\/www.facebook.com\/RomaOggi-841544845954114\" \/>\n<meta property=\"article:published_time\" content=\"2019-04-14T07:40:48+00:00\" \/>\n<meta property=\"og:image\" content=\"https:\/\/www.romaoggi.eu\/wp-content\/uploads\/2019\/04\/C.-Proietti-e-G.-Fogacci_ThePrudes-2.jpg\" \/>\n\t<meta property=\"og:image:width\" content=\"1600\" \/>\n\t<meta property=\"og:image:height\" content=\"1066\" \/>\n\t<meta property=\"og:image:type\" content=\"image\/jpeg\" \/>\n<meta name=\"author\" content=\"Flavio\" \/>\n<meta name=\"twitter:card\" content=\"summary_large_image\" \/>\n<meta name=\"twitter:creator\" content=\"@romaoggi_eu\" \/>\n<meta name=\"twitter:site\" content=\"@romaoggi_eu\" \/>\n<meta name=\"twitter:label1\" content=\"Scritto da\" \/>\n\t<meta name=\"twitter:data1\" content=\"Flavio\" \/>\n\t<meta name=\"twitter:label2\" content=\"Tempo di lettura stimato\" \/>\n\t<meta name=\"twitter:data2\" content=\"2 minuti\" \/>\n<script type=\"application\/ld+json\" class=\"yoast-schema-graph\">{\"@context\":\"https:\\\/\\\/schema.org\",\"@graph\":[{\"@type\":\"Article\",\"@id\":\"https:\\\/\\\/www.romaoggi.eu\\\/index.php\\\/2019\\\/04\\\/14\\\/la-commedia-the-prudes-arriva-alloff-off-theatre\\\/#article\",\"isPartOf\":{\"@id\":\"https:\\\/\\\/www.romaoggi.eu\\\/index.php\\\/2019\\\/04\\\/14\\\/la-commedia-the-prudes-arriva-alloff-off-theatre\\\/\"},\"author\":{\"name\":\"Flavio\",\"@id\":\"https:\\\/\\\/www.romaoggi.eu\\\/#\\\/schema\\\/person\\\/cc12bfd93370392d7e41d243e47e6681\"},\"headline\":\"La commedia &#8220;The Prudes&#8221; arriva all\u2019Off Off Theatre\",\"datePublished\":\"2019-04-14T07:40:48+00:00\",\"mainEntityOfPage\":{\"@id\":\"https:\\\/\\\/www.romaoggi.eu\\\/index.php\\\/2019\\\/04\\\/14\\\/la-commedia-the-prudes-arriva-alloff-off-theatre\\\/\"},\"wordCount\":496,\"publisher\":{\"@id\":\"https:\\\/\\\/www.romaoggi.eu\\\/#organization\"},\"image\":{\"@id\":\"https:\\\/\\\/www.romaoggi.eu\\\/index.php\\\/2019\\\/04\\\/14\\\/la-commedia-the-prudes-arriva-alloff-off-theatre\\\/#primaryimage\"},\"thumbnailUrl\":\"https:\\\/\\\/www.romaoggi.eu\\\/wp-content\\\/uploads\\\/2019\\\/04\\\/C.-Proietti-e-G.-Fogacci_ThePrudes-2.jpg\",\"keywords\":[\"2019\",\"Carlotta proietti\",\"Gianluigi Fogacci\",\"Off Off Theatre\",\"roma\",\"romaoggi\",\"RomaOggi.eu\",\"rome\",\"teatro\",\"The Prudes\"],\"articleSection\":[\"teatro\"],\"inLanguage\":\"it-IT\"},{\"@type\":\"WebPage\",\"@id\":\"https:\\\/\\\/www.romaoggi.eu\\\/index.php\\\/2019\\\/04\\\/14\\\/la-commedia-the-prudes-arriva-alloff-off-theatre\\\/\",\"url\":\"https:\\\/\\\/www.romaoggi.eu\\\/index.php\\\/2019\\\/04\\\/14\\\/la-commedia-the-prudes-arriva-alloff-off-theatre\\\/\",\"name\":\"La commedia \\\"The Prudes\\\" arriva all\u2019Off Off Theatre\",\"isPartOf\":{\"@id\":\"https:\\\/\\\/www.romaoggi.eu\\\/#website\"},\"primaryImageOfPage\":{\"@id\":\"https:\\\/\\\/www.romaoggi.eu\\\/index.php\\\/2019\\\/04\\\/14\\\/la-commedia-the-prudes-arriva-alloff-off-theatre\\\/#primaryimage\"},\"image\":{\"@id\":\"https:\\\/\\\/www.romaoggi.eu\\\/index.php\\\/2019\\\/04\\\/14\\\/la-commedia-the-prudes-arriva-alloff-off-theatre\\\/#primaryimage\"},\"thumbnailUrl\":\"https:\\\/\\\/www.romaoggi.eu\\\/wp-content\\\/uploads\\\/2019\\\/04\\\/C.-Proietti-e-G.-Fogacci_ThePrudes-2.jpg\",\"datePublished\":\"2019-04-14T07:40:48+00:00\",\"description\":\"Dal 16 al 28 aprile 2019 VIA GIULIA, 19, 20, 21 - ROMA DIREZIONE ARTISTICA SILVANO SPADA Politeama srl presenta THE PRUDES di Anthony Neilson - traduzione\",\"breadcrumb\":{\"@id\":\"https:\\\/\\\/www.romaoggi.eu\\\/index.php\\\/2019\\\/04\\\/14\\\/la-commedia-the-prudes-arriva-alloff-off-theatre\\\/#breadcrumb\"},\"inLanguage\":\"it-IT\",\"potentialAction\":[{\"@type\":\"ReadAction\",\"target\":[\"https:\\\/\\\/www.romaoggi.eu\\\/index.php\\\/2019\\\/04\\\/14\\\/la-commedia-the-prudes-arriva-alloff-off-theatre\\\/\"]}]},{\"@type\":\"ImageObject\",\"inLanguage\":\"it-IT\",\"@id\":\"https:\\\/\\\/www.romaoggi.eu\\\/index.php\\\/2019\\\/04\\\/14\\\/la-commedia-the-prudes-arriva-alloff-off-theatre\\\/#primaryimage\",\"url\":\"https:\\\/\\\/www.romaoggi.eu\\\/wp-content\\\/uploads\\\/2019\\\/04\\\/C.-Proietti-e-G.-Fogacci_ThePrudes-2.jpg\",\"contentUrl\":\"https:\\\/\\\/www.romaoggi.eu\\\/wp-content\\\/uploads\\\/2019\\\/04\\\/C.-Proietti-e-G.-Fogacci_ThePrudes-2.jpg\",\"width\":1600,\"height\":1066,\"caption\":\"C. Proietti e G. Fogacci\"},{\"@type\":\"BreadcrumbList\",\"@id\":\"https:\\\/\\\/www.romaoggi.eu\\\/index.php\\\/2019\\\/04\\\/14\\\/la-commedia-the-prudes-arriva-alloff-off-theatre\\\/#breadcrumb\",\"itemListElement\":[{\"@type\":\"ListItem\",\"position\":1,\"name\":\"Home\",\"item\":\"https:\\\/\\\/www.romaoggi.eu\\\/\"},{\"@type\":\"ListItem\",\"position\":2,\"name\":\"La commedia &#8220;The Prudes&#8221; arriva all\u2019Off Off Theatre\"}]},{\"@type\":\"WebSite\",\"@id\":\"https:\\\/\\\/www.romaoggi.eu\\\/#website\",\"url\":\"https:\\\/\\\/www.romaoggi.eu\\\/\",\"name\":\"roma oggi\",\"description\":\"Interesting News for Interesting people\",\"publisher\":{\"@id\":\"https:\\\/\\\/www.romaoggi.eu\\\/#organization\"},\"potentialAction\":[{\"@type\":\"SearchAction\",\"target\":{\"@type\":\"EntryPoint\",\"urlTemplate\":\"https:\\\/\\\/www.romaoggi.eu\\\/?s={search_term_string}\"},\"query-input\":{\"@type\":\"PropertyValueSpecification\",\"valueRequired\":true,\"valueName\":\"search_term_string\"}}],\"inLanguage\":\"it-IT\"},{\"@type\":\"Organization\",\"@id\":\"https:\\\/\\\/www.romaoggi.eu\\\/#organization\",\"name\":\"RomaOggi\",\"url\":\"https:\\\/\\\/www.romaoggi.eu\\\/\",\"logo\":{\"@type\":\"ImageObject\",\"inLanguage\":\"it-IT\",\"@id\":\"https:\\\/\\\/www.romaoggi.eu\\\/#\\\/schema\\\/logo\\\/image\\\/\",\"url\":\"https:\\\/\\\/www.romaoggi.eu\\\/wp-content\\\/uploads\\\/2017\\\/04\\\/logowp.jpg\",\"contentUrl\":\"https:\\\/\\\/www.romaoggi.eu\\\/wp-content\\\/uploads\\\/2017\\\/04\\\/logowp.jpg\",\"width\":300,\"height\":133,\"caption\":\"RomaOggi\"},\"image\":{\"@id\":\"https:\\\/\\\/www.romaoggi.eu\\\/#\\\/schema\\\/logo\\\/image\\\/\"},\"sameAs\":[\"https:\\\/\\\/www.facebook.com\\\/RomaOggi-841544845954114\",\"https:\\\/\\\/x.com\\\/romaoggi_eu\"]},{\"@type\":\"Person\",\"@id\":\"https:\\\/\\\/www.romaoggi.eu\\\/#\\\/schema\\\/person\\\/cc12bfd93370392d7e41d243e47e6681\",\"name\":\"Flavio\",\"image\":{\"@type\":\"ImageObject\",\"inLanguage\":\"it-IT\",\"@id\":\"https:\\\/\\\/secure.gravatar.com\\\/avatar\\\/7e044ce830ea97853e01500437b37dff4a622b20a194e4d0efe9b67e918f19e5?s=96&d=mm&r=g\",\"url\":\"https:\\\/\\\/secure.gravatar.com\\\/avatar\\\/7e044ce830ea97853e01500437b37dff4a622b20a194e4d0efe9b67e918f19e5?s=96&d=mm&r=g\",\"contentUrl\":\"https:\\\/\\\/secure.gravatar.com\\\/avatar\\\/7e044ce830ea97853e01500437b37dff4a622b20a194e4d0efe9b67e918f19e5?s=96&d=mm&r=g\",\"caption\":\"Flavio\"},\"url\":\"https:\\\/\\\/www.romaoggi.eu\\\/index.php\\\/author\\\/cristiano\\\/\"}]}<\/script>\n<!-- \/ Yoast SEO plugin. -->","yoast_head_json":{"title":"La commedia \"The Prudes\" arriva all\u2019Off Off Theatre","description":"Dal 16 al 28 aprile 2019 VIA GIULIA, 19, 20, 21 - ROMA DIREZIONE ARTISTICA SILVANO SPADA Politeama srl presenta THE PRUDES di Anthony Neilson - traduzione","robots":{"index":"index","follow":"follow","max-snippet":"max-snippet:-1","max-image-preview":"max-image-preview:large","max-video-preview":"max-video-preview:-1"},"canonical":"https:\/\/www.romaoggi.eu\/index.php\/2019\/04\/14\/la-commedia-the-prudes-arriva-alloff-off-theatre\/","og_locale":"it_IT","og_type":"article","og_title":"La commedia \"The Prudes\" arriva all\u2019Off Off Theatre","og_description":"Dal 16 al 28 aprile 2019 VIA GIULIA, 19, 20, 21 - ROMA DIREZIONE ARTISTICA SILVANO SPADA Politeama srl presenta THE PRUDES di Anthony Neilson - traduzione","og_url":"https:\/\/www.romaoggi.eu\/index.php\/2019\/04\/14\/la-commedia-the-prudes-arriva-alloff-off-theatre\/","og_site_name":"roma oggi","article_publisher":"https:\/\/www.facebook.com\/RomaOggi-841544845954114","article_published_time":"2019-04-14T07:40:48+00:00","og_image":[{"width":1600,"height":1066,"url":"https:\/\/www.romaoggi.eu\/wp-content\/uploads\/2019\/04\/C.-Proietti-e-G.-Fogacci_ThePrudes-2.jpg","type":"image\/jpeg"}],"author":"Flavio","twitter_card":"summary_large_image","twitter_creator":"@romaoggi_eu","twitter_site":"@romaoggi_eu","twitter_misc":{"Scritto da":"Flavio","Tempo di lettura stimato":"2 minuti"},"schema":{"@context":"https:\/\/schema.org","@graph":[{"@type":"Article","@id":"https:\/\/www.romaoggi.eu\/index.php\/2019\/04\/14\/la-commedia-the-prudes-arriva-alloff-off-theatre\/#article","isPartOf":{"@id":"https:\/\/www.romaoggi.eu\/index.php\/2019\/04\/14\/la-commedia-the-prudes-arriva-alloff-off-theatre\/"},"author":{"name":"Flavio","@id":"https:\/\/www.romaoggi.eu\/#\/schema\/person\/cc12bfd93370392d7e41d243e47e6681"},"headline":"La commedia &#8220;The Prudes&#8221; arriva all\u2019Off Off Theatre","datePublished":"2019-04-14T07:40:48+00:00","mainEntityOfPage":{"@id":"https:\/\/www.romaoggi.eu\/index.php\/2019\/04\/14\/la-commedia-the-prudes-arriva-alloff-off-theatre\/"},"wordCount":496,"publisher":{"@id":"https:\/\/www.romaoggi.eu\/#organization"},"image":{"@id":"https:\/\/www.romaoggi.eu\/index.php\/2019\/04\/14\/la-commedia-the-prudes-arriva-alloff-off-theatre\/#primaryimage"},"thumbnailUrl":"https:\/\/www.romaoggi.eu\/wp-content\/uploads\/2019\/04\/C.-Proietti-e-G.-Fogacci_ThePrudes-2.jpg","keywords":["2019","Carlotta proietti","Gianluigi Fogacci","Off Off Theatre","roma","romaoggi","RomaOggi.eu","rome","teatro","The Prudes"],"articleSection":["teatro"],"inLanguage":"it-IT"},{"@type":"WebPage","@id":"https:\/\/www.romaoggi.eu\/index.php\/2019\/04\/14\/la-commedia-the-prudes-arriva-alloff-off-theatre\/","url":"https:\/\/www.romaoggi.eu\/index.php\/2019\/04\/14\/la-commedia-the-prudes-arriva-alloff-off-theatre\/","name":"La commedia \"The Prudes\" arriva all\u2019Off Off Theatre","isPartOf":{"@id":"https:\/\/www.romaoggi.eu\/#website"},"primaryImageOfPage":{"@id":"https:\/\/www.romaoggi.eu\/index.php\/2019\/04\/14\/la-commedia-the-prudes-arriva-alloff-off-theatre\/#primaryimage"},"image":{"@id":"https:\/\/www.romaoggi.eu\/index.php\/2019\/04\/14\/la-commedia-the-prudes-arriva-alloff-off-theatre\/#primaryimage"},"thumbnailUrl":"https:\/\/www.romaoggi.eu\/wp-content\/uploads\/2019\/04\/C.-Proietti-e-G.-Fogacci_ThePrudes-2.jpg","datePublished":"2019-04-14T07:40:48+00:00","description":"Dal 16 al 28 aprile 2019 VIA GIULIA, 19, 20, 21 - ROMA DIREZIONE ARTISTICA SILVANO SPADA Politeama srl presenta THE PRUDES di Anthony Neilson - traduzione","breadcrumb":{"@id":"https:\/\/www.romaoggi.eu\/index.php\/2019\/04\/14\/la-commedia-the-prudes-arriva-alloff-off-theatre\/#breadcrumb"},"inLanguage":"it-IT","potentialAction":[{"@type":"ReadAction","target":["https:\/\/www.romaoggi.eu\/index.php\/2019\/04\/14\/la-commedia-the-prudes-arriva-alloff-off-theatre\/"]}]},{"@type":"ImageObject","inLanguage":"it-IT","@id":"https:\/\/www.romaoggi.eu\/index.php\/2019\/04\/14\/la-commedia-the-prudes-arriva-alloff-off-theatre\/#primaryimage","url":"https:\/\/www.romaoggi.eu\/wp-content\/uploads\/2019\/04\/C.-Proietti-e-G.-Fogacci_ThePrudes-2.jpg","contentUrl":"https:\/\/www.romaoggi.eu\/wp-content\/uploads\/2019\/04\/C.-Proietti-e-G.-Fogacci_ThePrudes-2.jpg","width":1600,"height":1066,"caption":"C. Proietti e G. Fogacci"},{"@type":"BreadcrumbList","@id":"https:\/\/www.romaoggi.eu\/index.php\/2019\/04\/14\/la-commedia-the-prudes-arriva-alloff-off-theatre\/#breadcrumb","itemListElement":[{"@type":"ListItem","position":1,"name":"Home","item":"https:\/\/www.romaoggi.eu\/"},{"@type":"ListItem","position":2,"name":"La commedia &#8220;The Prudes&#8221; arriva all\u2019Off Off Theatre"}]},{"@type":"WebSite","@id":"https:\/\/www.romaoggi.eu\/#website","url":"https:\/\/www.romaoggi.eu\/","name":"roma oggi","description":"Interesting News for Interesting people","publisher":{"@id":"https:\/\/www.romaoggi.eu\/#organization"},"potentialAction":[{"@type":"SearchAction","target":{"@type":"EntryPoint","urlTemplate":"https:\/\/www.romaoggi.eu\/?s={search_term_string}"},"query-input":{"@type":"PropertyValueSpecification","valueRequired":true,"valueName":"search_term_string"}}],"inLanguage":"it-IT"},{"@type":"Organization","@id":"https:\/\/www.romaoggi.eu\/#organization","name":"RomaOggi","url":"https:\/\/www.romaoggi.eu\/","logo":{"@type":"ImageObject","inLanguage":"it-IT","@id":"https:\/\/www.romaoggi.eu\/#\/schema\/logo\/image\/","url":"https:\/\/www.romaoggi.eu\/wp-content\/uploads\/2017\/04\/logowp.jpg","contentUrl":"https:\/\/www.romaoggi.eu\/wp-content\/uploads\/2017\/04\/logowp.jpg","width":300,"height":133,"caption":"RomaOggi"},"image":{"@id":"https:\/\/www.romaoggi.eu\/#\/schema\/logo\/image\/"},"sameAs":["https:\/\/www.facebook.com\/RomaOggi-841544845954114","https:\/\/x.com\/romaoggi_eu"]},{"@type":"Person","@id":"https:\/\/www.romaoggi.eu\/#\/schema\/person\/cc12bfd93370392d7e41d243e47e6681","name":"Flavio","image":{"@type":"ImageObject","inLanguage":"it-IT","@id":"https:\/\/secure.gravatar.com\/avatar\/7e044ce830ea97853e01500437b37dff4a622b20a194e4d0efe9b67e918f19e5?s=96&d=mm&r=g","url":"https:\/\/secure.gravatar.com\/avatar\/7e044ce830ea97853e01500437b37dff4a622b20a194e4d0efe9b67e918f19e5?s=96&d=mm&r=g","contentUrl":"https:\/\/secure.gravatar.com\/avatar\/7e044ce830ea97853e01500437b37dff4a622b20a194e4d0efe9b67e918f19e5?s=96&d=mm&r=g","caption":"Flavio"},"url":"https:\/\/www.romaoggi.eu\/index.php\/author\/cristiano\/"}]}},"_links":{"self":[{"href":"https:\/\/www.romaoggi.eu\/index.php\/wp-json\/wp\/v2\/posts\/21158","targetHints":{"allow":["GET"]}}],"collection":[{"href":"https:\/\/www.romaoggi.eu\/index.php\/wp-json\/wp\/v2\/posts"}],"about":[{"href":"https:\/\/www.romaoggi.eu\/index.php\/wp-json\/wp\/v2\/types\/post"}],"author":[{"embeddable":true,"href":"https:\/\/www.romaoggi.eu\/index.php\/wp-json\/wp\/v2\/users\/5"}],"replies":[{"embeddable":true,"href":"https:\/\/www.romaoggi.eu\/index.php\/wp-json\/wp\/v2\/comments?post=21158"}],"version-history":[{"count":2,"href":"https:\/\/www.romaoggi.eu\/index.php\/wp-json\/wp\/v2\/posts\/21158\/revisions"}],"predecessor-version":[{"id":21162,"href":"https:\/\/www.romaoggi.eu\/index.php\/wp-json\/wp\/v2\/posts\/21158\/revisions\/21162"}],"wp:featuredmedia":[{"embeddable":true,"href":"https:\/\/www.romaoggi.eu\/index.php\/wp-json\/wp\/v2\/media\/21159"}],"wp:attachment":[{"href":"https:\/\/www.romaoggi.eu\/index.php\/wp-json\/wp\/v2\/media?parent=21158"}],"wp:term":[{"taxonomy":"category","embeddable":true,"href":"https:\/\/www.romaoggi.eu\/index.php\/wp-json\/wp\/v2\/categories?post=21158"},{"taxonomy":"post_tag","embeddable":true,"href":"https:\/\/www.romaoggi.eu\/index.php\/wp-json\/wp\/v2\/tags?post=21158"}],"curies":[{"name":"wp","href":"https:\/\/api.w.org\/{rel}","templated":true}]}}