{"id":21191,"date":"2019-04-15T06:59:04","date_gmt":"2019-04-15T04:59:04","guid":{"rendered":"http:\/\/www.romaoggi.eu\/?p=21191"},"modified":"2019-04-15T06:59:04","modified_gmt":"2019-04-15T04:59:04","slug":"il-trastevere-cade-3-1-in-casa-dello-sff-atletico","status":"publish","type":"post","link":"https:\/\/www.romaoggi.eu\/index.php\/2019\/04\/15\/il-trastevere-cade-3-1-in-casa-dello-sff-atletico\/","title":{"rendered":"Il Trastevere cade 3-1 in casa dello Sff Atletico"},"content":{"rendered":"<p><iframe loading=\"lazy\"  style=\"display: block; margin: 0px auto;\"  id=\"_ytid_99951\"  width=\"480\" height=\"270\"  data-origwidth=\"480\" data-origheight=\"270\" src=\"https:\/\/www.youtube.com\/embed\/cvJg0IuqsjI?enablejsapi=1&#038;autoplay=0&#038;cc_load_policy=0&#038;cc_lang_pref=&#038;iv_load_policy=1&#038;loop=0&#038;rel=1&#038;fs=1&#038;playsinline=0&#038;autohide=2&#038;theme=dark&#038;color=red&#038;controls=1&#038;disablekb=0&#038;\" class=\"__youtube_prefs__  epyt-is-override  no-lazyload\" title=\"YouTube player\"  allow=\"fullscreen; accelerometer; autoplay; clipboard-write; encrypted-media; gyroscope; picture-in-picture; web-share\" referrerpolicy=\"strict-origin-when-cross-origin\" allowfullscreen data-no-lazy=\"1\" data-skipgform_ajax_framebjll=\"\"><\/iframe><\/p>\n<p align=\"JUSTIFY\">SFF ATLETICO &#8211; TRASTEVERE 3-1<\/p>\n<p align=\"JUSTIFY\"><b>SFF ATLETICO<\/b> Galantini, Rizzi (17\u2019st Papaserio), Campanella, Gagliardini, Pompei, Sevieri, Rizzitelli, Santarelli (17\u2019st Cotani), Nanni (42\u2019st Formilli), D\u2019Andrea (32\u2019st Tornatore), Tortolano.<\/p>\n<p align=\"JUSTIFY\">PANCHINA Macci, Donnarumma, Demofonti, Castelluccio, Clementucci<\/p>\n<p align=\"JUSTIFY\">ALLENATORE Ercolani<\/p>\n<p align=\"JUSTIFY\"><b>TRASTEVERE<\/b> Caruso, Barbarossa (45\u2019st Pecci), Calisto, Lucchese, Sfan\u00f2, Locci, Panico (19\u2019st Renzi), Capodaglio (13\u2019st Riccucci), Tajarol (13\u2019st Cardillo), Chinappi (36\u2019pt Donati), Lorusso.<\/p>\n<p align=\"JUSTIFY\">PANCHINA Galletto, Cococcia, Bergamini, Larosa<\/p>\n<p align=\"JUSTIFY\">ALLENATORE Perrotti<\/p>\n<p align=\"JUSTIFY\">MARCATORI 27\u2019pt Tortolano (S, rig.), 45\u2019pt Santarelli (S), 22\u2019st Cardillo (T), 47\u2019st Papaserio (S)<\/p>\n<p align=\"JUSTIFY\">ARBITRO Croce di Novara<\/p>\n<p align=\"JUSTIFY\">ASSISTENTI De Cristofaro di Rovereto, Calvarese di Termoli<\/p>\n<p align=\"JUSTIFY\">NOTE &#8211; Espulso 33\u2019pt Locci (T) per proteste Ammoniti Santarelli, Capodaglio, Tortolano, Nanni, Barbarossa Rec 1\u2019pt, 4\u2019st<\/p>\n<p align=\"JUSTIFY\"><img loading=\"lazy\" decoding=\"async\" class=\"wp-image-9232 size-medium alignleft\" src=\"https:\/\/www.romaoggi.eu\/wp-content\/uploads\/2017\/07\/Trastevere-calcio-300x300.png\" alt=\"Alt text trastevere calcio\" width=\"300\" height=\"300\" srcset=\"https:\/\/www.romaoggi.eu\/wp-content\/uploads\/2017\/07\/Trastevere-calcio-300x300.png 300w, https:\/\/www.romaoggi.eu\/wp-content\/uploads\/2017\/07\/Trastevere-calcio-150x150.png 150w, https:\/\/www.romaoggi.eu\/wp-content\/uploads\/2017\/07\/Trastevere-calcio.png 960w\" sizes=\"auto, (max-width: 300px) 100vw, 300px\" \/>Sconfitta tra le polemiche per il Trastevere che cade 3-1 in casa dello Sff Atletico ma si lamenta per l\u2019incerta direzione di gara del sig. Croce di Novara. Dopo 30 secondi Lorusso pericolosissimo, la sua conclusione viene deviata in calcio d\u2019angolo. I primi 20 minuti scorrono via equilibrati con il Trastevere che si rende pericoloso al 15\u2019 con Sfan\u00f2 senza riuscire per\u00f2 a finalizzare. Al 20\u2019 primo episodio molto dubbio con il gol annullato a Luca Locci per una presunta posizione irregolare del difensore ospite tra le proteste amaranto. Al 26\u2019 grande ingenuit\u00e0 di Calisto che interviene in modo falloso su Nanni: Tortolano va sul dischetto e trasforma realizzando l\u20191-0. Al 33\u2019 fallo di Locci su D\u2019Andrea con l\u2019arbitro che estrae prima il giallo e poi il rosso diretto con troppa fiscalit\u00e0 al difensore amaranto per proteste. Nanni \u00e8 una furia e al 36\u2019 si libera ancora di Calisto, crossa per D\u2019Andrea che di testa mette di poco alto sopra la traversa. Al 45\u2019 grande azione sulla sinistra di Tortolano, si libera e crossa dietro per Santarelli che firma il 2-0.<\/p>\n<p align=\"JUSTIFY\">Ad inizio ripresa annullato il secondo gol del match al Trastevere, questa volta a Tajarol. Al 15\u2019 cross dalla sinistra di Tortolano, tacco al volo di D\u2019Andrea che non impensierisce Caruso. Al 22\u2019 il Trastevere torna in partita: Renzi tocca bene per Cardillo, gran gol dell\u2019attaccante amaranto che firma il gol che riapre il match. Al 29\u2019 palla in profondit\u00e0 per Lucchese che, con un gran destro, colpisce il palo esterno. Al 36\u2019 Tortolano si accentra e va vicino all\u2019eurogol sfiorando il 3-1. La partita \u00e8 accesa e al 38\u2019 Lorusso ritarda il tiro senza riuscire a calciare da ottima posizione. Al 42\u2019 cross di Riccucci, Lucchese cade in area ma l\u2019arbitro lascia nuovamente correre. Al 47\u2019 Tornatore parte in posizione di evidente fuorigioco portandosi avanti il pallone con un braccio ma l\u2019assistente non segnala nulla con l\u2019attaccante di casa che serve Papaserio che firma il 3-1. Termina cos\u00ec dopo 4 minuti di recupero con lo Sff Atletico che si impone 3-1 sul Trastevere in un match dove le decisioni arbitrali hanno sicuramente pesato sul risultato finale.<\/p>\n<p align=\"JUSTIFY\">Questo il commento a fine gara del tecnico del Trastevere Fabrizio Perrotti: \u201cCi siamo complicati la vita con l\u2019espulsione di Locci, siamo partiti bene avendo un paio di occasioni ma poi siamo andati in svantaggio. Nel secondo tempo ci abbiamo provato ma in 10 contro 11 diventa tutto pi\u00f9 difficile. E\u2019 inutile rammaricarsi per l\u2019arbitro ma dovevamo essere noi pi\u00f9 attenti. L\u2019obiettivo \u00e8 quello di cercare di fare pi\u00f9 punti possibile per raggiungere almeno il terzo posto ma non sar\u00e0 facile\u201d.<\/p>\n<p align=\"CENTER\"><a href=\"https:\/\/www.romaoggi.eu\/\"><b>RomaOggi.eu<\/b><\/a><\/p>\n<p align=\"CENTER\"><a href=\"https:\/\/www.romaoggi.eu\/index.php\/2019\/04\/13\/al-palazzo-dello-sport-la-virtus-attende-scafati-per-lultima-sfida-casalinga-di-regular-season\/\"><strong>Leggi il prossimo articolo -&gt;<\/strong><\/a><\/p>\n<p align=\"CENTER\">\u201c<i><b>Interesting news for interesting people\u201d<\/b><\/i><\/p>\n<figure id=\"attachment_20761\" aria-describedby=\"caption-attachment-20761\" style=\"width: 284px\" class=\"wp-caption aligncenter\"><img loading=\"lazy\" decoding=\"async\" class=\"wp-image-20761 size-full\" src=\"https:\/\/www.romaoggi.eu\/wp-content\/uploads\/2019\/03\/image001.jpg\" alt=\"Alt text Cinecitt\u00e0 World\" width=\"284\" height=\"165\" \/><figcaption id=\"caption-attachment-20761\" class=\"wp-caption-text\"><em><strong><a href=\"https:\/\/www.cinecittaworld.it\/Vendita\/Biglietti-e-prezzi?Coupon=ROMAOGGI&amp;Adulti=1&amp;Ridotti=0\">Clicca qui per ricevere il tuo sconto!<\/a><\/strong><\/em><\/figcaption><\/figure>\n","protected":false},"excerpt":{"rendered":"<div class=\"mh-excerpt\"><p>SFF ATLETICO &#8211; TRASTEVERE 3-1 SFF ATLETICO Galantini, Rizzi (17\u2019st Papaserio), Campanella, Gagliardini, Pompei, Sevieri, Rizzitelli, Santarelli (17\u2019st Cotani), Nanni (42\u2019st Formilli), D\u2019Andrea (32\u2019st Tornatore), Tortolano. PANCHINA Macci, Donnarumma, Demofonti, Castelluccio, Clementucci ALLENATORE Ercolani TRASTEVERE <a class=\"mh-excerpt-more\" href=\"https:\/\/www.romaoggi.eu\/index.php\/2019\/04\/15\/il-trastevere-cade-3-1-in-casa-dello-sff-atletico\/\" title=\"Il Trastevere cade 3-1 in casa dello Sff Atletico\">[&#8230;]<\/a><\/p>\n<\/div>","protected":false},"author":5,"featured_media":21192,"comment_status":"closed","ping_status":"open","sticky":false,"template":"","format":"standard","meta":{"_sitemap_exclude":false,"_sitemap_priority":"","_sitemap_frequency":"","footnotes":""},"categories":[5],"tags":[12245,356,462,12532,109,817,1738,634,6666,12531,355,4199],"class_list":["post-21191","post","type-post","status-publish","format-standard","has-post-thumbnail","hentry","category-sport","tag-12245","tag-calcio","tag-campionato-di-calcio","tag-fabrizio-perrotti","tag-roma","tag-romaoggi","tag-romaoggi-eu","tag-rome","tag-serie-d","tag-sff-atletico","tag-sport","tag-trastevere"],"yoast_head":"<!-- This site is optimized with the Yoast SEO plugin v27.4 - https:\/\/yoast.com\/product\/yoast-seo-wordpress\/ -->\n<title>Il Trastevere cade 3-1 in casa dello Sff Atletico<\/title>\n<meta name=\"description\" content=\"https:\/\/www.youtube.com\/watch?v=cvJg0IuqsjI&amp;feature=youtu.be&amp;fbclid=IwAR2F_-FhE5hRCqXO-g7YWzyEVTkwU7HIVtVamkDGJpgTlsqF2xL_c7PYLmA SFF ATLETICO -\" \/>\n<meta name=\"robots\" content=\"index, follow, max-snippet:-1, max-image-preview:large, max-video-preview:-1\" \/>\n<link rel=\"canonical\" href=\"https:\/\/www.romaoggi.eu\/index.php\/2019\/04\/15\/il-trastevere-cade-3-1-in-casa-dello-sff-atletico\/\" \/>\n<meta property=\"og:locale\" content=\"it_IT\" \/>\n<meta property=\"og:type\" content=\"article\" \/>\n<meta property=\"og:title\" content=\"Il Trastevere cade 3-1 in casa dello Sff Atletico\" \/>\n<meta property=\"og:description\" content=\"https:\/\/www.youtube.com\/watch?v=cvJg0IuqsjI&amp;feature=youtu.be&amp;fbclid=IwAR2F_-FhE5hRCqXO-g7YWzyEVTkwU7HIVtVamkDGJpgTlsqF2xL_c7PYLmA SFF ATLETICO -\" \/>\n<meta property=\"og:url\" content=\"https:\/\/www.romaoggi.eu\/index.php\/2019\/04\/15\/il-trastevere-cade-3-1-in-casa-dello-sff-atletico\/\" \/>\n<meta property=\"og:site_name\" content=\"roma oggi\" \/>\n<meta property=\"article:publisher\" content=\"https:\/\/www.facebook.com\/RomaOggi-841544845954114\" \/>\n<meta property=\"article:published_time\" content=\"2019-04-15T04:59:04+00:00\" \/>\n<meta property=\"og:image\" content=\"https:\/\/www.romaoggi.eu\/wp-content\/uploads\/2019\/04\/71CA7B24-4148-4C15-9E4C-326B05A0BF99-1024x768.jpeg\" \/>\n\t<meta property=\"og:image:width\" content=\"1024\" \/>\n\t<meta property=\"og:image:height\" content=\"768\" \/>\n\t<meta property=\"og:image:type\" content=\"image\/jpeg\" \/>\n<meta name=\"author\" content=\"Flavio\" \/>\n<meta name=\"twitter:card\" content=\"summary_large_image\" \/>\n<meta name=\"twitter:creator\" content=\"@romaoggi_eu\" \/>\n<meta name=\"twitter:site\" content=\"@romaoggi_eu\" \/>\n<meta name=\"twitter:label1\" content=\"Scritto da\" \/>\n\t<meta name=\"twitter:data1\" content=\"Flavio\" \/>\n\t<meta name=\"twitter:label2\" content=\"Tempo di lettura stimato\" \/>\n\t<meta name=\"twitter:data2\" content=\"3 minuti\" \/>\n<script type=\"application\/ld+json\" class=\"yoast-schema-graph\">{\"@context\":\"https:\\\/\\\/schema.org\",\"@graph\":[{\"@type\":\"Article\",\"@id\":\"https:\\\/\\\/www.romaoggi.eu\\\/index.php\\\/2019\\\/04\\\/15\\\/il-trastevere-cade-3-1-in-casa-dello-sff-atletico\\\/#article\",\"isPartOf\":{\"@id\":\"https:\\\/\\\/www.romaoggi.eu\\\/index.php\\\/2019\\\/04\\\/15\\\/il-trastevere-cade-3-1-in-casa-dello-sff-atletico\\\/\"},\"author\":{\"name\":\"Flavio\",\"@id\":\"https:\\\/\\\/www.romaoggi.eu\\\/#\\\/schema\\\/person\\\/cc12bfd93370392d7e41d243e47e6681\"},\"headline\":\"Il Trastevere cade 3-1 in casa dello Sff Atletico\",\"datePublished\":\"2019-04-15T04:59:04+00:00\",\"mainEntityOfPage\":{\"@id\":\"https:\\\/\\\/www.romaoggi.eu\\\/index.php\\\/2019\\\/04\\\/15\\\/il-trastevere-cade-3-1-in-casa-dello-sff-atletico\\\/\"},\"wordCount\":599,\"publisher\":{\"@id\":\"https:\\\/\\\/www.romaoggi.eu\\\/#organization\"},\"image\":{\"@id\":\"https:\\\/\\\/www.romaoggi.eu\\\/index.php\\\/2019\\\/04\\\/15\\\/il-trastevere-cade-3-1-in-casa-dello-sff-atletico\\\/#primaryimage\"},\"thumbnailUrl\":\"https:\\\/\\\/www.romaoggi.eu\\\/wp-content\\\/uploads\\\/2019\\\/04\\\/71CA7B24-4148-4C15-9E4C-326B05A0BF99.jpeg\",\"keywords\":[\"2019\",\"calcio\",\"campionato di calcio\",\"Fabrizio Perrotti\",\"roma\",\"romaoggi\",\"RomaOggi.eu\",\"rome\",\"Serie D\",\"Sff Atletico\",\"sport\",\"Trastevere\"],\"articleSection\":[\"Sport\"],\"inLanguage\":\"it-IT\"},{\"@type\":\"WebPage\",\"@id\":\"https:\\\/\\\/www.romaoggi.eu\\\/index.php\\\/2019\\\/04\\\/15\\\/il-trastevere-cade-3-1-in-casa-dello-sff-atletico\\\/\",\"url\":\"https:\\\/\\\/www.romaoggi.eu\\\/index.php\\\/2019\\\/04\\\/15\\\/il-trastevere-cade-3-1-in-casa-dello-sff-atletico\\\/\",\"name\":\"Il Trastevere cade 3-1 in casa dello Sff Atletico\",\"isPartOf\":{\"@id\":\"https:\\\/\\\/www.romaoggi.eu\\\/#website\"},\"primaryImageOfPage\":{\"@id\":\"https:\\\/\\\/www.romaoggi.eu\\\/index.php\\\/2019\\\/04\\\/15\\\/il-trastevere-cade-3-1-in-casa-dello-sff-atletico\\\/#primaryimage\"},\"image\":{\"@id\":\"https:\\\/\\\/www.romaoggi.eu\\\/index.php\\\/2019\\\/04\\\/15\\\/il-trastevere-cade-3-1-in-casa-dello-sff-atletico\\\/#primaryimage\"},\"thumbnailUrl\":\"https:\\\/\\\/www.romaoggi.eu\\\/wp-content\\\/uploads\\\/2019\\\/04\\\/71CA7B24-4148-4C15-9E4C-326B05A0BF99.jpeg\",\"datePublished\":\"2019-04-15T04:59:04+00:00\",\"description\":\"https:\\\/\\\/www.youtube.com\\\/watch?v=cvJg0IuqsjI&amp;feature=youtu.be&amp;fbclid=IwAR2F_-FhE5hRCqXO-g7YWzyEVTkwU7HIVtVamkDGJpgTlsqF2xL_c7PYLmA SFF ATLETICO -\",\"breadcrumb\":{\"@id\":\"https:\\\/\\\/www.romaoggi.eu\\\/index.php\\\/2019\\\/04\\\/15\\\/il-trastevere-cade-3-1-in-casa-dello-sff-atletico\\\/#breadcrumb\"},\"inLanguage\":\"it-IT\",\"potentialAction\":[{\"@type\":\"ReadAction\",\"target\":[\"https:\\\/\\\/www.romaoggi.eu\\\/index.php\\\/2019\\\/04\\\/15\\\/il-trastevere-cade-3-1-in-casa-dello-sff-atletico\\\/\"]}]},{\"@type\":\"ImageObject\",\"inLanguage\":\"it-IT\",\"@id\":\"https:\\\/\\\/www.romaoggi.eu\\\/index.php\\\/2019\\\/04\\\/15\\\/il-trastevere-cade-3-1-in-casa-dello-sff-atletico\\\/#primaryimage\",\"url\":\"https:\\\/\\\/www.romaoggi.eu\\\/wp-content\\\/uploads\\\/2019\\\/04\\\/71CA7B24-4148-4C15-9E4C-326B05A0BF99.jpeg\",\"contentUrl\":\"https:\\\/\\\/www.romaoggi.eu\\\/wp-content\\\/uploads\\\/2019\\\/04\\\/71CA7B24-4148-4C15-9E4C-326B05A0BF99.jpeg\",\"width\":4032,\"height\":3024,\"caption\":\"Alt text Trastevere\"},{\"@type\":\"BreadcrumbList\",\"@id\":\"https:\\\/\\\/www.romaoggi.eu\\\/index.php\\\/2019\\\/04\\\/15\\\/il-trastevere-cade-3-1-in-casa-dello-sff-atletico\\\/#breadcrumb\",\"itemListElement\":[{\"@type\":\"ListItem\",\"position\":1,\"name\":\"Home\",\"item\":\"https:\\\/\\\/www.romaoggi.eu\\\/\"},{\"@type\":\"ListItem\",\"position\":2,\"name\":\"Il Trastevere cade 3-1 in casa dello Sff Atletico\"}]},{\"@type\":\"WebSite\",\"@id\":\"https:\\\/\\\/www.romaoggi.eu\\\/#website\",\"url\":\"https:\\\/\\\/www.romaoggi.eu\\\/\",\"name\":\"roma oggi\",\"description\":\"Interesting News for Interesting people\",\"publisher\":{\"@id\":\"https:\\\/\\\/www.romaoggi.eu\\\/#organization\"},\"potentialAction\":[{\"@type\":\"SearchAction\",\"target\":{\"@type\":\"EntryPoint\",\"urlTemplate\":\"https:\\\/\\\/www.romaoggi.eu\\\/?s={search_term_string}\"},\"query-input\":{\"@type\":\"PropertyValueSpecification\",\"valueRequired\":true,\"valueName\":\"search_term_string\"}}],\"inLanguage\":\"it-IT\"},{\"@type\":\"Organization\",\"@id\":\"https:\\\/\\\/www.romaoggi.eu\\\/#organization\",\"name\":\"RomaOggi\",\"url\":\"https:\\\/\\\/www.romaoggi.eu\\\/\",\"logo\":{\"@type\":\"ImageObject\",\"inLanguage\":\"it-IT\",\"@id\":\"https:\\\/\\\/www.romaoggi.eu\\\/#\\\/schema\\\/logo\\\/image\\\/\",\"url\":\"https:\\\/\\\/www.romaoggi.eu\\\/wp-content\\\/uploads\\\/2017\\\/04\\\/logowp.jpg\",\"contentUrl\":\"https:\\\/\\\/www.romaoggi.eu\\\/wp-content\\\/uploads\\\/2017\\\/04\\\/logowp.jpg\",\"width\":300,\"height\":133,\"caption\":\"RomaOggi\"},\"image\":{\"@id\":\"https:\\\/\\\/www.romaoggi.eu\\\/#\\\/schema\\\/logo\\\/image\\\/\"},\"sameAs\":[\"https:\\\/\\\/www.facebook.com\\\/RomaOggi-841544845954114\",\"https:\\\/\\\/x.com\\\/romaoggi_eu\"]},{\"@type\":\"Person\",\"@id\":\"https:\\\/\\\/www.romaoggi.eu\\\/#\\\/schema\\\/person\\\/cc12bfd93370392d7e41d243e47e6681\",\"name\":\"Flavio\",\"image\":{\"@type\":\"ImageObject\",\"inLanguage\":\"it-IT\",\"@id\":\"https:\\\/\\\/secure.gravatar.com\\\/avatar\\\/7e044ce830ea97853e01500437b37dff4a622b20a194e4d0efe9b67e918f19e5?s=96&d=mm&r=g\",\"url\":\"https:\\\/\\\/secure.gravatar.com\\\/avatar\\\/7e044ce830ea97853e01500437b37dff4a622b20a194e4d0efe9b67e918f19e5?s=96&d=mm&r=g\",\"contentUrl\":\"https:\\\/\\\/secure.gravatar.com\\\/avatar\\\/7e044ce830ea97853e01500437b37dff4a622b20a194e4d0efe9b67e918f19e5?s=96&d=mm&r=g\",\"caption\":\"Flavio\"},\"url\":\"https:\\\/\\\/www.romaoggi.eu\\\/index.php\\\/author\\\/cristiano\\\/\"}]}<\/script>\n<!-- \/ Yoast SEO plugin. -->","yoast_head_json":{"title":"Il Trastevere cade 3-1 in casa dello Sff Atletico","description":"https:\/\/www.youtube.com\/watch?v=cvJg0IuqsjI&amp;feature=youtu.be&amp;fbclid=IwAR2F_-FhE5hRCqXO-g7YWzyEVTkwU7HIVtVamkDGJpgTlsqF2xL_c7PYLmA SFF ATLETICO -","robots":{"index":"index","follow":"follow","max-snippet":"max-snippet:-1","max-image-preview":"max-image-preview:large","max-video-preview":"max-video-preview:-1"},"canonical":"https:\/\/www.romaoggi.eu\/index.php\/2019\/04\/15\/il-trastevere-cade-3-1-in-casa-dello-sff-atletico\/","og_locale":"it_IT","og_type":"article","og_title":"Il Trastevere cade 3-1 in casa dello Sff Atletico","og_description":"https:\/\/www.youtube.com\/watch?v=cvJg0IuqsjI&amp;feature=youtu.be&amp;fbclid=IwAR2F_-FhE5hRCqXO-g7YWzyEVTkwU7HIVtVamkDGJpgTlsqF2xL_c7PYLmA SFF ATLETICO -","og_url":"https:\/\/www.romaoggi.eu\/index.php\/2019\/04\/15\/il-trastevere-cade-3-1-in-casa-dello-sff-atletico\/","og_site_name":"roma oggi","article_publisher":"https:\/\/www.facebook.com\/RomaOggi-841544845954114","article_published_time":"2019-04-15T04:59:04+00:00","og_image":[{"width":1024,"height":768,"url":"https:\/\/www.romaoggi.eu\/wp-content\/uploads\/2019\/04\/71CA7B24-4148-4C15-9E4C-326B05A0BF99-1024x768.jpeg","type":"image\/jpeg"}],"author":"Flavio","twitter_card":"summary_large_image","twitter_creator":"@romaoggi_eu","twitter_site":"@romaoggi_eu","twitter_misc":{"Scritto da":"Flavio","Tempo di lettura stimato":"3 minuti"},"schema":{"@context":"https:\/\/schema.org","@graph":[{"@type":"Article","@id":"https:\/\/www.romaoggi.eu\/index.php\/2019\/04\/15\/il-trastevere-cade-3-1-in-casa-dello-sff-atletico\/#article","isPartOf":{"@id":"https:\/\/www.romaoggi.eu\/index.php\/2019\/04\/15\/il-trastevere-cade-3-1-in-casa-dello-sff-atletico\/"},"author":{"name":"Flavio","@id":"https:\/\/www.romaoggi.eu\/#\/schema\/person\/cc12bfd93370392d7e41d243e47e6681"},"headline":"Il Trastevere cade 3-1 in casa dello Sff Atletico","datePublished":"2019-04-15T04:59:04+00:00","mainEntityOfPage":{"@id":"https:\/\/www.romaoggi.eu\/index.php\/2019\/04\/15\/il-trastevere-cade-3-1-in-casa-dello-sff-atletico\/"},"wordCount":599,"publisher":{"@id":"https:\/\/www.romaoggi.eu\/#organization"},"image":{"@id":"https:\/\/www.romaoggi.eu\/index.php\/2019\/04\/15\/il-trastevere-cade-3-1-in-casa-dello-sff-atletico\/#primaryimage"},"thumbnailUrl":"https:\/\/www.romaoggi.eu\/wp-content\/uploads\/2019\/04\/71CA7B24-4148-4C15-9E4C-326B05A0BF99.jpeg","keywords":["2019","calcio","campionato di calcio","Fabrizio Perrotti","roma","romaoggi","RomaOggi.eu","rome","Serie D","Sff Atletico","sport","Trastevere"],"articleSection":["Sport"],"inLanguage":"it-IT"},{"@type":"WebPage","@id":"https:\/\/www.romaoggi.eu\/index.php\/2019\/04\/15\/il-trastevere-cade-3-1-in-casa-dello-sff-atletico\/","url":"https:\/\/www.romaoggi.eu\/index.php\/2019\/04\/15\/il-trastevere-cade-3-1-in-casa-dello-sff-atletico\/","name":"Il Trastevere cade 3-1 in casa dello Sff Atletico","isPartOf":{"@id":"https:\/\/www.romaoggi.eu\/#website"},"primaryImageOfPage":{"@id":"https:\/\/www.romaoggi.eu\/index.php\/2019\/04\/15\/il-trastevere-cade-3-1-in-casa-dello-sff-atletico\/#primaryimage"},"image":{"@id":"https:\/\/www.romaoggi.eu\/index.php\/2019\/04\/15\/il-trastevere-cade-3-1-in-casa-dello-sff-atletico\/#primaryimage"},"thumbnailUrl":"https:\/\/www.romaoggi.eu\/wp-content\/uploads\/2019\/04\/71CA7B24-4148-4C15-9E4C-326B05A0BF99.jpeg","datePublished":"2019-04-15T04:59:04+00:00","description":"https:\/\/www.youtube.com\/watch?v=cvJg0IuqsjI&amp;feature=youtu.be&amp;fbclid=IwAR2F_-FhE5hRCqXO-g7YWzyEVTkwU7HIVtVamkDGJpgTlsqF2xL_c7PYLmA SFF ATLETICO -","breadcrumb":{"@id":"https:\/\/www.romaoggi.eu\/index.php\/2019\/04\/15\/il-trastevere-cade-3-1-in-casa-dello-sff-atletico\/#breadcrumb"},"inLanguage":"it-IT","potentialAction":[{"@type":"ReadAction","target":["https:\/\/www.romaoggi.eu\/index.php\/2019\/04\/15\/il-trastevere-cade-3-1-in-casa-dello-sff-atletico\/"]}]},{"@type":"ImageObject","inLanguage":"it-IT","@id":"https:\/\/www.romaoggi.eu\/index.php\/2019\/04\/15\/il-trastevere-cade-3-1-in-casa-dello-sff-atletico\/#primaryimage","url":"https:\/\/www.romaoggi.eu\/wp-content\/uploads\/2019\/04\/71CA7B24-4148-4C15-9E4C-326B05A0BF99.jpeg","contentUrl":"https:\/\/www.romaoggi.eu\/wp-content\/uploads\/2019\/04\/71CA7B24-4148-4C15-9E4C-326B05A0BF99.jpeg","width":4032,"height":3024,"caption":"Alt text Trastevere"},{"@type":"BreadcrumbList","@id":"https:\/\/www.romaoggi.eu\/index.php\/2019\/04\/15\/il-trastevere-cade-3-1-in-casa-dello-sff-atletico\/#breadcrumb","itemListElement":[{"@type":"ListItem","position":1,"name":"Home","item":"https:\/\/www.romaoggi.eu\/"},{"@type":"ListItem","position":2,"name":"Il Trastevere cade 3-1 in casa dello Sff Atletico"}]},{"@type":"WebSite","@id":"https:\/\/www.romaoggi.eu\/#website","url":"https:\/\/www.romaoggi.eu\/","name":"roma oggi","description":"Interesting News for Interesting people","publisher":{"@id":"https:\/\/www.romaoggi.eu\/#organization"},"potentialAction":[{"@type":"SearchAction","target":{"@type":"EntryPoint","urlTemplate":"https:\/\/www.romaoggi.eu\/?s={search_term_string}"},"query-input":{"@type":"PropertyValueSpecification","valueRequired":true,"valueName":"search_term_string"}}],"inLanguage":"it-IT"},{"@type":"Organization","@id":"https:\/\/www.romaoggi.eu\/#organization","name":"RomaOggi","url":"https:\/\/www.romaoggi.eu\/","logo":{"@type":"ImageObject","inLanguage":"it-IT","@id":"https:\/\/www.romaoggi.eu\/#\/schema\/logo\/image\/","url":"https:\/\/www.romaoggi.eu\/wp-content\/uploads\/2017\/04\/logowp.jpg","contentUrl":"https:\/\/www.romaoggi.eu\/wp-content\/uploads\/2017\/04\/logowp.jpg","width":300,"height":133,"caption":"RomaOggi"},"image":{"@id":"https:\/\/www.romaoggi.eu\/#\/schema\/logo\/image\/"},"sameAs":["https:\/\/www.facebook.com\/RomaOggi-841544845954114","https:\/\/x.com\/romaoggi_eu"]},{"@type":"Person","@id":"https:\/\/www.romaoggi.eu\/#\/schema\/person\/cc12bfd93370392d7e41d243e47e6681","name":"Flavio","image":{"@type":"ImageObject","inLanguage":"it-IT","@id":"https:\/\/secure.gravatar.com\/avatar\/7e044ce830ea97853e01500437b37dff4a622b20a194e4d0efe9b67e918f19e5?s=96&d=mm&r=g","url":"https:\/\/secure.gravatar.com\/avatar\/7e044ce830ea97853e01500437b37dff4a622b20a194e4d0efe9b67e918f19e5?s=96&d=mm&r=g","contentUrl":"https:\/\/secure.gravatar.com\/avatar\/7e044ce830ea97853e01500437b37dff4a622b20a194e4d0efe9b67e918f19e5?s=96&d=mm&r=g","caption":"Flavio"},"url":"https:\/\/www.romaoggi.eu\/index.php\/author\/cristiano\/"}]}},"_links":{"self":[{"href":"https:\/\/www.romaoggi.eu\/index.php\/wp-json\/wp\/v2\/posts\/21191","targetHints":{"allow":["GET"]}}],"collection":[{"href":"https:\/\/www.romaoggi.eu\/index.php\/wp-json\/wp\/v2\/posts"}],"about":[{"href":"https:\/\/www.romaoggi.eu\/index.php\/wp-json\/wp\/v2\/types\/post"}],"author":[{"embeddable":true,"href":"https:\/\/www.romaoggi.eu\/index.php\/wp-json\/wp\/v2\/users\/5"}],"replies":[{"embeddable":true,"href":"https:\/\/www.romaoggi.eu\/index.php\/wp-json\/wp\/v2\/comments?post=21191"}],"version-history":[{"count":4,"href":"https:\/\/www.romaoggi.eu\/index.php\/wp-json\/wp\/v2\/posts\/21191\/revisions"}],"predecessor-version":[{"id":21197,"href":"https:\/\/www.romaoggi.eu\/index.php\/wp-json\/wp\/v2\/posts\/21191\/revisions\/21197"}],"wp:featuredmedia":[{"embeddable":true,"href":"https:\/\/www.romaoggi.eu\/index.php\/wp-json\/wp\/v2\/media\/21192"}],"wp:attachment":[{"href":"https:\/\/www.romaoggi.eu\/index.php\/wp-json\/wp\/v2\/media?parent=21191"}],"wp:term":[{"taxonomy":"category","embeddable":true,"href":"https:\/\/www.romaoggi.eu\/index.php\/wp-json\/wp\/v2\/categories?post=21191"},{"taxonomy":"post_tag","embeddable":true,"href":"https:\/\/www.romaoggi.eu\/index.php\/wp-json\/wp\/v2\/tags?post=21191"}],"curies":[{"name":"wp","href":"https:\/\/api.w.org\/{rel}","templated":true}]}}