{"id":21204,"date":"2019-04-15T07:42:42","date_gmt":"2019-04-15T05:42:42","guid":{"rendered":"http:\/\/www.romaoggi.eu\/?p=21204"},"modified":"2019-04-15T07:42:42","modified_gmt":"2019-04-15T05:42:42","slug":"alla-galleria-triphe-arriva-la-mostra-di-david-lascaris","status":"publish","type":"post","link":"https:\/\/www.romaoggi.eu\/index.php\/2019\/04\/15\/alla-galleria-triphe-arriva-la-mostra-di-david-lascaris\/","title":{"rendered":"Alla galleria Triph\u00e8 arriva la mostra di David Lascaris"},"content":{"rendered":"<p align=\"CENTER\"><span style=\"font-family: Times New Roman, serif;\"><span style=\"font-size: xx-large;\">La Galleria Triph\u00e8<\/span><\/span><\/p>\n<p align=\"CENTER\"><span style=\"font-family: Times New Roman, serif;\"><span style=\"font-size: medium;\">presenta<\/span><\/span><\/p>\n<p align=\"CENTER\"><span style=\"font-family: Times New Roman, serif;\"><span style=\"font-size: medium;\">la mostra personale <\/span><\/span><\/p>\n<p align=\"CENTER\">\u201c<span style=\"font-family: Times New Roman, serif;\"><span style=\"font-size: xx-large;\"><b>INVISIBILIA<\/b><\/span><\/span><span style=\"font-family: Times New Roman, serif;\"><span style=\"font-size: xx-large;\">\u201d<\/span><\/span><\/p>\n<p align=\"CENTER\"><span style=\"font-family: Times New Roman, serif;\">di <\/span><\/p>\n<p style=\"text-align: center;\"><span style=\"font-family: Times New Roman, serif;\"><span style=\"font-size: large;\"><b> DAVID LASCARIS <\/b><\/span><\/span><\/p>\n<p align=\"CENTER\"><span style=\"font-family: Times New Roman, serif;\"><span style=\"font-size: medium;\">a cura di Maria Laura Perilli<\/span><\/span><\/p>\n<p align=\"CENTER\"><span style=\"font-family: Times New Roman, serif;\"><span style=\"font-size: large;\"><b>Gioved\u00ec 18 Aprile 2019<\/b><\/span><\/span><\/p>\n<p align=\"CENTER\"><span style=\"font-family: Times New Roman, serif;\"><span style=\"font-size: large;\">Ore 19.00<\/span><\/span><\/p>\n<p align=\"CENTER\"><span style=\"font-family: Times New Roman, serif;\"><span style=\"font-size: medium;\">Via delle Fosse di Castello,2 &#8211; Roma<\/span><\/span><\/p>\n<p align=\"JUSTIFY\"><span style=\"font-family: Times New Roman, serif;\"><span style=\"font-size: medium;\">Il sinergico intreccio tra molteplici apporti non ultimo quello mediale, \u00e8 sicuramente il risultato del percorso di questo giovane e poliedrico artista che, spaziando dall&#8217;architettura alla fotografia, realizza opere di indubbia originalit\u00e0 e ad alta identificabilit\u00e0. Si tratta, infatti, di opere che riescono, in una alchimia quasi indecifrabile e, grazie proprio al complesso utilizzo di strumenti tecnici e non, a veicolare messaggi transmediali destinati a fruitori sempre pi\u00f9 attivi.<\/span><\/span><\/p>\n<p align=\"JUSTIFY\"><img loading=\"lazy\" decoding=\"async\" class=\"aligncenter wp-image-21207 size-large\" src=\"https:\/\/www.romaoggi.eu\/wp-content\/uploads\/2019\/04\/IMG-20190325-WA0016-1024x1024.jpg\" alt=\"Alt text David Lascaris\" width=\"1024\" height=\"1024\" srcset=\"https:\/\/www.romaoggi.eu\/wp-content\/uploads\/2019\/04\/IMG-20190325-WA0016-1024x1024.jpg 1024w, https:\/\/www.romaoggi.eu\/wp-content\/uploads\/2019\/04\/IMG-20190325-WA0016-150x150.jpg 150w, https:\/\/www.romaoggi.eu\/wp-content\/uploads\/2019\/04\/IMG-20190325-WA0016-300x300.jpg 300w, https:\/\/www.romaoggi.eu\/wp-content\/uploads\/2019\/04\/IMG-20190325-WA0016.jpg 1536w\" sizes=\"auto, (max-width: 1024px) 100vw, 1024px\" \/><\/p>\n<p align=\"JUSTIFY\"><span style=\"font-family: Times New Roman, serif;\"><span style=\"font-size: medium;\">Siamo in presenza, infatti, di un operato artistico che, lontano dagli schemi tradizionali, tenta di coinvolgere l&#8217;osservatore in una sorta di &#8220;narrazione transmediale&#8221; rendendolo, sovente e inconsapevolmente, protagonista della narrazione stessa. L\u2019immateriale, l\u2019effimero e l&#8217;indefinito sono alcune delle sensazioni che le opere di David Lascaris trasmettono nell\u2019immediato. \u00c8, per\u00f2, proprio nella immaterialit\u00e0 e nella liquidit\u00e0 che l&#8217;artista ricerca nuove forme per fornire concretezze ad un mondo sempre pi\u00f9 in dissolvenza.<\/span><\/span><\/p>\n<p align=\"JUSTIFY\"><img loading=\"lazy\" decoding=\"async\" class=\"aligncenter wp-image-21206 size-large\" src=\"https:\/\/www.romaoggi.eu\/wp-content\/uploads\/2019\/04\/IMG-20190324-WA0000-1024x538.jpg\" alt=\"Alt text David Lascaris\" width=\"1024\" height=\"538\" srcset=\"https:\/\/www.romaoggi.eu\/wp-content\/uploads\/2019\/04\/IMG-20190324-WA0000-1024x538.jpg 1024w, https:\/\/www.romaoggi.eu\/wp-content\/uploads\/2019\/04\/IMG-20190324-WA0000-300x158.jpg 300w, https:\/\/www.romaoggi.eu\/wp-content\/uploads\/2019\/04\/IMG-20190324-WA0000.jpg 1200w\" sizes=\"auto, (max-width: 1024px) 100vw, 1024px\" \/><\/p>\n<p align=\"JUSTIFY\"><span style=\"font-family: Times New Roman, serif;\"><span style=\"font-size: medium;\">La mostra sar\u00e0 preceduta, mercoled\u00ec 17, dal talk \u201cLa Nuova Frontiera tra Arte e Tecnica\u201d e da un Art Work Shop, inseriti all\u2019interno del Seminario permanente di didattica sperimentale \u201cHalf a Classroom\u201d del Dipartimento di Scienze Umane dell&#8217;Universit\u00e0 Guglielmo Marconi. Il Talk sar\u00e0 introdotto dalle professoresse Sara Fortuna e Viviana Rubichi e presentato dalla gallerista e curatrice d&#8217;arte Maria Laura Perilli. A seguire un art workshop di David Lascaris (architetto e artista) che presenter\u00e0 la sua opera \u201cInvisibilia\u201d.<\/span><\/span><\/p>\n<p align=\"JUSTIFY\"><span style=\"color: #222222;\"><span style=\"font-family: Times New Roman, serif;\"><span style=\"font-size: medium;\"><i>Vademecum:<\/i><\/span><\/span><\/span><\/p>\n<p align=\"JUSTIFY\"><span style=\"color: #222222;\"><span style=\"font-family: Times New Roman, serif;\"><span style=\"font-size: medium;\"><i>Titolo Mostra: \u201cInvisibilia\u201d di David Lascaris<\/i><\/span><\/span><\/span><\/p>\n<p align=\"JUSTIFY\"><span style=\"color: #222222;\"><span style=\"font-family: Times New Roman, serif;\"><span style=\"font-size: medium;\"><i>Curatore: Maria Laura Perilli<\/i><\/span><\/span><\/span><\/p>\n<p align=\"JUSTIFY\"><span style=\"color: #222222;\"><span style=\"font-family: Times New Roman, serif;\"><span style=\"font-size: medium;\"><i>Sede: Via delle Fosse di Castello 2, 00193 Roma (Castel Sant\u2019Angelo\/ San Pietro)<\/i><\/span><\/span><\/span><\/p>\n<p align=\"JUSTIFY\"><span style=\"color: #222222;\"><span style=\"font-family: Times New Roman, serif;\"><span style=\"font-size: medium;\"><i>Opening mostra<\/i><\/span><\/span><\/span><span style=\"color: #222222;\"><span style=\"font-family: Times New Roman, serif;\"><span style=\"font-size: medium;\"><i><b>: Gioved\u00ec 18 Aprile 2019 ore 19.00<\/b><\/i><\/span><\/span><\/span><\/p>\n<p align=\"JUSTIFY\"><span style=\"color: #222222;\"><span style=\"font-family: Times New Roman, serif;\"><span style=\"font-size: medium;\"><i>Seminario \u201cHalf a Classroom\u201d Universit\u00e0 G. Marconi &#8211; CPTV MARCONI STUDIOS &#8211; Via Gregorio VII, 414 &#8211; <\/i><\/span><\/span><\/span><span style=\"color: #222222;\"><span style=\"font-family: Times New Roman, serif;\"><span style=\"font-size: medium;\"><i><b>Mercoled\u00ec 17 Aprile ore 14.00<\/b><\/i><\/span><\/span><\/span><span style=\"color: #222222;\"><span style=\"font-family: Times New Roman, serif;\"><span style=\"font-size: medium;\"><i> (info e prenotazioni: <\/i><\/span><\/span><\/span><a href=\"mailto:v.rubichi@unimarconi.it\"><span style=\"font-family: Times New Roman, serif;\"><span style=\"font-size: medium;\"><i>v.rubichi@unimarconi.it<\/i><\/span><\/span><\/a><span style=\"color: #222222;\"><span style=\"font-family: Times New Roman, serif;\"><span style=\"font-size: medium;\"><i> \u2013 <\/i><\/span><\/span><\/span><a href=\"mailto:s.fortuna@unimarconi.it\"><span style=\"font-family: Times New Roman, serif;\"><span style=\"font-size: medium;\"><i>s.fortuna@unimarconi.it<\/i><\/span><\/span><\/a><span style=\"color: #222222;\"><span style=\"font-family: Times New Roman, serif;\"><span style=\"font-size: medium;\"><i> \u2013 info@triphe.it)<\/i><\/span><\/span><\/span><\/p>\n<p align=\"JUSTIFY\"><span style=\"color: #222222;\"><span style=\"font-family: Times New Roman, serif;\"><span style=\"font-size: medium;\"><i>Durata mostra: dal 19 Aprile al 18 Giugno <\/i><\/span><\/span><\/span><\/p>\n<p align=\"JUSTIFY\"><span style=\"color: #222222;\"><span style=\"font-family: Times New Roman, serif;\"><span style=\"font-size: medium;\"><i>Orari: dal Marted\u00ec al Sabato 10.00 \u2013 13.00 16.00 \u2013 19.00 <\/i><\/span><\/span><\/span><\/p>\n<p align=\"JUSTIFY\"><b><span style=\"color: #222222;\"><span style=\"font-family: Times New Roman, serif;\"><span style=\"font-size: medium;\"><i>CONTATTI E INFO<\/i><\/span><\/span><\/span><\/b><\/p>\n<p align=\"JUSTIFY\"><span style=\"color: #222222;\"><span style=\"font-family: Times New Roman, serif;\"><span style=\"font-size: medium;\"><i>Facebook: Galleria Triph\u00e8 Roma-Cortona; Maria Laura Perilli<\/i><\/span><\/span><\/span><\/p>\n<p align=\"JUSTIFY\"><span style=\"color: #222222;\"><span style=\"font-family: Times New Roman, serif;\"><span style=\"font-size: medium;\"><i>Instagram: Maria Laura Perilli<\/i><\/span><\/span><\/span><\/p>\n<p align=\"JUSTIFY\"><span style=\"color: #222222;\"><span style=\"font-family: Times New Roman, serif;\"><span style=\"font-size: medium;\"><i>Cell: 366-1128107<\/i><\/span><\/span><\/span><\/p>\n<p align=\"JUSTIFY\"><span style=\"color: #222222;\"><span style=\"font-family: Times New Roman, serif;\"><span style=\"font-size: medium;\"><i>Mail: <\/i><\/span><\/span><\/span><a href=\"mailto:info@triphe.it\"><span style=\"font-family: Times New Roman, serif;\"><span style=\"font-size: medium;\"><i>info@triphe.it<\/i><\/span><\/span><\/a><\/p>\n<p align=\"JUSTIFY\"><span style=\"color: #222222;\"><span style=\"font-family: Times New Roman, serif;\"><span style=\"font-size: medium;\"><i>Ufficio Stampa: <\/i><\/span><\/span><\/span><a href=\"mailto:info@thiphe.it\"><span style=\"font-family: Times New Roman, serif;\"><span style=\"font-size: medium;\"><i>info@thiphe.it<\/i><\/span><\/span><\/a><\/p>\n<p align=\"CENTER\"><a href=\"https:\/\/www.romaoggi.eu\/\"><b>RomaOggi.eu<\/b><\/a><\/p>\n<p align=\"CENTER\"><a href=\"https:\/\/www.romaoggi.eu\/index.php\/2019\/04\/01\/mortali-immortali-tesori-del-sichuan-cina\/\"><b>Leggi il prossimo articolo \u2192<\/b><\/a><\/p>\n<p align=\"CENTER\">\u201c<i><b>Interesting news for interesting people\u201d<\/b><\/i><\/p>\n<figure id=\"attachment_20761\" aria-describedby=\"caption-attachment-20761\" style=\"width: 284px\" class=\"wp-caption aligncenter\"><img loading=\"lazy\" decoding=\"async\" class=\"wp-image-20761 size-full\" src=\"https:\/\/www.romaoggi.eu\/wp-content\/uploads\/2019\/03\/image001.jpg\" alt=\"Alt text Cinecitt\u00e0 World\" width=\"284\" height=\"165\" \/><figcaption id=\"caption-attachment-20761\" class=\"wp-caption-text\"><a href=\"https:\/\/www.cinecittaworld.it\/Vendita\/Biglietti-e-prezzi?Coupon=ROMAOGGI&amp;Adulti=1&amp;Ridotti=0\"><em><strong>Clicca qui per ricevere il tuo sconto!<\/strong><\/em><\/a><\/figcaption><\/figure>\n","protected":false},"excerpt":{"rendered":"<div class=\"mh-excerpt\"><p>La Galleria Triph\u00e8 presenta la mostra personale \u201cINVISIBILIA\u201d di DAVID LASCARIS a cura di Maria Laura Perilli Gioved\u00ec 18 Aprile 2019 Ore 19.00 Via delle Fosse di Castello,2 &#8211; Roma Il sinergico intreccio tra molteplici <a class=\"mh-excerpt-more\" href=\"https:\/\/www.romaoggi.eu\/index.php\/2019\/04\/15\/alla-galleria-triphe-arriva-la-mostra-di-david-lascaris\/\" title=\"Alla galleria Triph\u00e8 arriva la mostra di David Lascaris\">[&#8230;]<\/a><\/p>\n<\/div>","protected":false},"author":5,"featured_media":21208,"comment_status":"closed","ping_status":"open","sticky":false,"template":"","format":"standard","meta":{"_sitemap_exclude":false,"_sitemap_priority":"","_sitemap_frequency":"","footnotes":""},"categories":[2],"tags":[12245,1610,12535,12533,12534,12536,1644,109,817,1738,634],"class_list":["post-21204","post","type-post","status-publish","format-standard","has-post-thumbnail","hentry","category-arte","tag-12245","tag-arte","tag-david-lascaris","tag-galleria-triphe","tag-invisibilia","tag-maria-laura-perilli","tag-regione-lazio","tag-roma","tag-romaoggi","tag-romaoggi-eu","tag-rome"],"yoast_head":"<!-- This site is optimized with the Yoast SEO plugin v27.5 - https:\/\/yoast.com\/product\/yoast-seo-wordpress\/ -->\n<title>Alla galleria Triph\u00e8 arriva la mostra di David Lascaris<\/title>\n<meta name=\"description\" content=\"La Galleria Triph\u00e8 presenta la mostra personale \u201cINVISIBILIA\u201d di DAVID LASCARIS a cura di Maria Laura Perilli Gioved\u00ec 18 Aprile 2019 Ore 19.00 Via delle\" \/>\n<meta name=\"robots\" content=\"index, follow, max-snippet:-1, max-image-preview:large, max-video-preview:-1\" \/>\n<link rel=\"canonical\" href=\"https:\/\/www.romaoggi.eu\/index.php\/2019\/04\/15\/alla-galleria-triphe-arriva-la-mostra-di-david-lascaris\/\" \/>\n<meta property=\"og:locale\" content=\"it_IT\" \/>\n<meta property=\"og:type\" content=\"article\" \/>\n<meta property=\"og:title\" content=\"Alla galleria Triph\u00e8 arriva la mostra di David Lascaris\" \/>\n<meta property=\"og:description\" content=\"La Galleria Triph\u00e8 presenta la mostra personale \u201cINVISIBILIA\u201d di DAVID LASCARIS a cura di Maria Laura Perilli Gioved\u00ec 18 Aprile 2019 Ore 19.00 Via delle\" \/>\n<meta property=\"og:url\" content=\"https:\/\/www.romaoggi.eu\/index.php\/2019\/04\/15\/alla-galleria-triphe-arriva-la-mostra-di-david-lascaris\/\" \/>\n<meta property=\"og:site_name\" content=\"roma oggi\" \/>\n<meta property=\"article:publisher\" content=\"https:\/\/www.facebook.com\/RomaOggi-841544845954114\" \/>\n<meta property=\"article:published_time\" content=\"2019-04-15T05:42:42+00:00\" \/>\n<meta property=\"og:image\" content=\"https:\/\/www.romaoggi.eu\/wp-content\/uploads\/2019\/04\/IMG-20190324-WA0003.jpg\" \/>\n\t<meta property=\"og:image:width\" content=\"1600\" \/>\n\t<meta property=\"og:image:height\" content=\"841\" \/>\n\t<meta property=\"og:image:type\" content=\"image\/jpeg\" \/>\n<meta name=\"author\" content=\"Flavio\" \/>\n<meta name=\"twitter:card\" content=\"summary_large_image\" \/>\n<meta name=\"twitter:creator\" content=\"@romaoggi_eu\" \/>\n<meta name=\"twitter:site\" content=\"@romaoggi_eu\" \/>\n<meta name=\"twitter:label1\" content=\"Scritto da\" \/>\n\t<meta name=\"twitter:data1\" content=\"Flavio\" \/>\n\t<meta name=\"twitter:label2\" content=\"Tempo di lettura stimato\" \/>\n\t<meta name=\"twitter:data2\" content=\"2 minuti\" \/>\n<script type=\"application\/ld+json\" class=\"yoast-schema-graph\">{\"@context\":\"https:\\\/\\\/schema.org\",\"@graph\":[{\"@type\":\"Article\",\"@id\":\"https:\\\/\\\/www.romaoggi.eu\\\/index.php\\\/2019\\\/04\\\/15\\\/alla-galleria-triphe-arriva-la-mostra-di-david-lascaris\\\/#article\",\"isPartOf\":{\"@id\":\"https:\\\/\\\/www.romaoggi.eu\\\/index.php\\\/2019\\\/04\\\/15\\\/alla-galleria-triphe-arriva-la-mostra-di-david-lascaris\\\/\"},\"author\":{\"name\":\"Flavio\",\"@id\":\"https:\\\/\\\/www.romaoggi.eu\\\/#\\\/schema\\\/person\\\/cc12bfd93370392d7e41d243e47e6681\"},\"headline\":\"Alla galleria Triph\u00e8 arriva la mostra di David Lascaris\",\"datePublished\":\"2019-04-15T05:42:42+00:00\",\"mainEntityOfPage\":{\"@id\":\"https:\\\/\\\/www.romaoggi.eu\\\/index.php\\\/2019\\\/04\\\/15\\\/alla-galleria-triphe-arriva-la-mostra-di-david-lascaris\\\/\"},\"wordCount\":382,\"publisher\":{\"@id\":\"https:\\\/\\\/www.romaoggi.eu\\\/#organization\"},\"image\":{\"@id\":\"https:\\\/\\\/www.romaoggi.eu\\\/index.php\\\/2019\\\/04\\\/15\\\/alla-galleria-triphe-arriva-la-mostra-di-david-lascaris\\\/#primaryimage\"},\"thumbnailUrl\":\"https:\\\/\\\/www.romaoggi.eu\\\/wp-content\\\/uploads\\\/2019\\\/04\\\/IMG-20190324-WA0003.jpg\",\"keywords\":[\"2019\",\"arte\",\"DAVID LASCARIS\",\"Galleria Triph\u00e8\",\"INVISIBILIA\",\"Maria Laura Perilli\",\"Regione Lazio\",\"roma\",\"romaoggi\",\"RomaOggi.eu\",\"rome\"],\"articleSection\":[\"Arte\"],\"inLanguage\":\"it-IT\"},{\"@type\":\"WebPage\",\"@id\":\"https:\\\/\\\/www.romaoggi.eu\\\/index.php\\\/2019\\\/04\\\/15\\\/alla-galleria-triphe-arriva-la-mostra-di-david-lascaris\\\/\",\"url\":\"https:\\\/\\\/www.romaoggi.eu\\\/index.php\\\/2019\\\/04\\\/15\\\/alla-galleria-triphe-arriva-la-mostra-di-david-lascaris\\\/\",\"name\":\"Alla galleria Triph\u00e8 arriva la mostra di David Lascaris\",\"isPartOf\":{\"@id\":\"https:\\\/\\\/www.romaoggi.eu\\\/#website\"},\"primaryImageOfPage\":{\"@id\":\"https:\\\/\\\/www.romaoggi.eu\\\/index.php\\\/2019\\\/04\\\/15\\\/alla-galleria-triphe-arriva-la-mostra-di-david-lascaris\\\/#primaryimage\"},\"image\":{\"@id\":\"https:\\\/\\\/www.romaoggi.eu\\\/index.php\\\/2019\\\/04\\\/15\\\/alla-galleria-triphe-arriva-la-mostra-di-david-lascaris\\\/#primaryimage\"},\"thumbnailUrl\":\"https:\\\/\\\/www.romaoggi.eu\\\/wp-content\\\/uploads\\\/2019\\\/04\\\/IMG-20190324-WA0003.jpg\",\"datePublished\":\"2019-04-15T05:42:42+00:00\",\"description\":\"La Galleria Triph\u00e8 presenta la mostra personale \u201cINVISIBILIA\u201d di DAVID LASCARIS a cura di Maria Laura Perilli Gioved\u00ec 18 Aprile 2019 Ore 19.00 Via delle\",\"breadcrumb\":{\"@id\":\"https:\\\/\\\/www.romaoggi.eu\\\/index.php\\\/2019\\\/04\\\/15\\\/alla-galleria-triphe-arriva-la-mostra-di-david-lascaris\\\/#breadcrumb\"},\"inLanguage\":\"it-IT\",\"potentialAction\":[{\"@type\":\"ReadAction\",\"target\":[\"https:\\\/\\\/www.romaoggi.eu\\\/index.php\\\/2019\\\/04\\\/15\\\/alla-galleria-triphe-arriva-la-mostra-di-david-lascaris\\\/\"]}]},{\"@type\":\"ImageObject\",\"inLanguage\":\"it-IT\",\"@id\":\"https:\\\/\\\/www.romaoggi.eu\\\/index.php\\\/2019\\\/04\\\/15\\\/alla-galleria-triphe-arriva-la-mostra-di-david-lascaris\\\/#primaryimage\",\"url\":\"https:\\\/\\\/www.romaoggi.eu\\\/wp-content\\\/uploads\\\/2019\\\/04\\\/IMG-20190324-WA0003.jpg\",\"contentUrl\":\"https:\\\/\\\/www.romaoggi.eu\\\/wp-content\\\/uploads\\\/2019\\\/04\\\/IMG-20190324-WA0003.jpg\",\"width\":1600,\"height\":841,\"caption\":\"Alt text David Lascaris\"},{\"@type\":\"BreadcrumbList\",\"@id\":\"https:\\\/\\\/www.romaoggi.eu\\\/index.php\\\/2019\\\/04\\\/15\\\/alla-galleria-triphe-arriva-la-mostra-di-david-lascaris\\\/#breadcrumb\",\"itemListElement\":[{\"@type\":\"ListItem\",\"position\":1,\"name\":\"Home\",\"item\":\"https:\\\/\\\/www.romaoggi.eu\\\/\"},{\"@type\":\"ListItem\",\"position\":2,\"name\":\"Alla galleria Triph\u00e8 arriva la mostra di David Lascaris\"}]},{\"@type\":\"WebSite\",\"@id\":\"https:\\\/\\\/www.romaoggi.eu\\\/#website\",\"url\":\"https:\\\/\\\/www.romaoggi.eu\\\/\",\"name\":\"roma oggi\",\"description\":\"Interesting News for Interesting people\",\"publisher\":{\"@id\":\"https:\\\/\\\/www.romaoggi.eu\\\/#organization\"},\"potentialAction\":[{\"@type\":\"SearchAction\",\"target\":{\"@type\":\"EntryPoint\",\"urlTemplate\":\"https:\\\/\\\/www.romaoggi.eu\\\/?s={search_term_string}\"},\"query-input\":{\"@type\":\"PropertyValueSpecification\",\"valueRequired\":true,\"valueName\":\"search_term_string\"}}],\"inLanguage\":\"it-IT\"},{\"@type\":\"Organization\",\"@id\":\"https:\\\/\\\/www.romaoggi.eu\\\/#organization\",\"name\":\"RomaOggi\",\"url\":\"https:\\\/\\\/www.romaoggi.eu\\\/\",\"logo\":{\"@type\":\"ImageObject\",\"inLanguage\":\"it-IT\",\"@id\":\"https:\\\/\\\/www.romaoggi.eu\\\/#\\\/schema\\\/logo\\\/image\\\/\",\"url\":\"https:\\\/\\\/www.romaoggi.eu\\\/wp-content\\\/uploads\\\/2017\\\/04\\\/logowp.jpg\",\"contentUrl\":\"https:\\\/\\\/www.romaoggi.eu\\\/wp-content\\\/uploads\\\/2017\\\/04\\\/logowp.jpg\",\"width\":300,\"height\":133,\"caption\":\"RomaOggi\"},\"image\":{\"@id\":\"https:\\\/\\\/www.romaoggi.eu\\\/#\\\/schema\\\/logo\\\/image\\\/\"},\"sameAs\":[\"https:\\\/\\\/www.facebook.com\\\/RomaOggi-841544845954114\",\"https:\\\/\\\/x.com\\\/romaoggi_eu\"]},{\"@type\":\"Person\",\"@id\":\"https:\\\/\\\/www.romaoggi.eu\\\/#\\\/schema\\\/person\\\/cc12bfd93370392d7e41d243e47e6681\",\"name\":\"Flavio\",\"image\":{\"@type\":\"ImageObject\",\"inLanguage\":\"it-IT\",\"@id\":\"https:\\\/\\\/secure.gravatar.com\\\/avatar\\\/7e044ce830ea97853e01500437b37dff4a622b20a194e4d0efe9b67e918f19e5?s=96&d=mm&r=g\",\"url\":\"https:\\\/\\\/secure.gravatar.com\\\/avatar\\\/7e044ce830ea97853e01500437b37dff4a622b20a194e4d0efe9b67e918f19e5?s=96&d=mm&r=g\",\"contentUrl\":\"https:\\\/\\\/secure.gravatar.com\\\/avatar\\\/7e044ce830ea97853e01500437b37dff4a622b20a194e4d0efe9b67e918f19e5?s=96&d=mm&r=g\",\"caption\":\"Flavio\"},\"url\":\"https:\\\/\\\/www.romaoggi.eu\\\/index.php\\\/author\\\/cristiano\\\/\"}]}<\/script>\n<!-- \/ Yoast SEO plugin. -->","yoast_head_json":{"title":"Alla galleria Triph\u00e8 arriva la mostra di David Lascaris","description":"La Galleria Triph\u00e8 presenta la mostra personale \u201cINVISIBILIA\u201d di DAVID LASCARIS a cura di Maria Laura Perilli Gioved\u00ec 18 Aprile 2019 Ore 19.00 Via delle","robots":{"index":"index","follow":"follow","max-snippet":"max-snippet:-1","max-image-preview":"max-image-preview:large","max-video-preview":"max-video-preview:-1"},"canonical":"https:\/\/www.romaoggi.eu\/index.php\/2019\/04\/15\/alla-galleria-triphe-arriva-la-mostra-di-david-lascaris\/","og_locale":"it_IT","og_type":"article","og_title":"Alla galleria Triph\u00e8 arriva la mostra di David Lascaris","og_description":"La Galleria Triph\u00e8 presenta la mostra personale \u201cINVISIBILIA\u201d di DAVID LASCARIS a cura di Maria Laura Perilli Gioved\u00ec 18 Aprile 2019 Ore 19.00 Via delle","og_url":"https:\/\/www.romaoggi.eu\/index.php\/2019\/04\/15\/alla-galleria-triphe-arriva-la-mostra-di-david-lascaris\/","og_site_name":"roma oggi","article_publisher":"https:\/\/www.facebook.com\/RomaOggi-841544845954114","article_published_time":"2019-04-15T05:42:42+00:00","og_image":[{"width":1600,"height":841,"url":"https:\/\/www.romaoggi.eu\/wp-content\/uploads\/2019\/04\/IMG-20190324-WA0003.jpg","type":"image\/jpeg"}],"author":"Flavio","twitter_card":"summary_large_image","twitter_creator":"@romaoggi_eu","twitter_site":"@romaoggi_eu","twitter_misc":{"Scritto da":"Flavio","Tempo di lettura stimato":"2 minuti"},"schema":{"@context":"https:\/\/schema.org","@graph":[{"@type":"Article","@id":"https:\/\/www.romaoggi.eu\/index.php\/2019\/04\/15\/alla-galleria-triphe-arriva-la-mostra-di-david-lascaris\/#article","isPartOf":{"@id":"https:\/\/www.romaoggi.eu\/index.php\/2019\/04\/15\/alla-galleria-triphe-arriva-la-mostra-di-david-lascaris\/"},"author":{"name":"Flavio","@id":"https:\/\/www.romaoggi.eu\/#\/schema\/person\/cc12bfd93370392d7e41d243e47e6681"},"headline":"Alla galleria Triph\u00e8 arriva la mostra di David Lascaris","datePublished":"2019-04-15T05:42:42+00:00","mainEntityOfPage":{"@id":"https:\/\/www.romaoggi.eu\/index.php\/2019\/04\/15\/alla-galleria-triphe-arriva-la-mostra-di-david-lascaris\/"},"wordCount":382,"publisher":{"@id":"https:\/\/www.romaoggi.eu\/#organization"},"image":{"@id":"https:\/\/www.romaoggi.eu\/index.php\/2019\/04\/15\/alla-galleria-triphe-arriva-la-mostra-di-david-lascaris\/#primaryimage"},"thumbnailUrl":"https:\/\/www.romaoggi.eu\/wp-content\/uploads\/2019\/04\/IMG-20190324-WA0003.jpg","keywords":["2019","arte","DAVID LASCARIS","Galleria Triph\u00e8","INVISIBILIA","Maria Laura Perilli","Regione Lazio","roma","romaoggi","RomaOggi.eu","rome"],"articleSection":["Arte"],"inLanguage":"it-IT"},{"@type":"WebPage","@id":"https:\/\/www.romaoggi.eu\/index.php\/2019\/04\/15\/alla-galleria-triphe-arriva-la-mostra-di-david-lascaris\/","url":"https:\/\/www.romaoggi.eu\/index.php\/2019\/04\/15\/alla-galleria-triphe-arriva-la-mostra-di-david-lascaris\/","name":"Alla galleria Triph\u00e8 arriva la mostra di David Lascaris","isPartOf":{"@id":"https:\/\/www.romaoggi.eu\/#website"},"primaryImageOfPage":{"@id":"https:\/\/www.romaoggi.eu\/index.php\/2019\/04\/15\/alla-galleria-triphe-arriva-la-mostra-di-david-lascaris\/#primaryimage"},"image":{"@id":"https:\/\/www.romaoggi.eu\/index.php\/2019\/04\/15\/alla-galleria-triphe-arriva-la-mostra-di-david-lascaris\/#primaryimage"},"thumbnailUrl":"https:\/\/www.romaoggi.eu\/wp-content\/uploads\/2019\/04\/IMG-20190324-WA0003.jpg","datePublished":"2019-04-15T05:42:42+00:00","description":"La Galleria Triph\u00e8 presenta la mostra personale \u201cINVISIBILIA\u201d di DAVID LASCARIS a cura di Maria Laura Perilli Gioved\u00ec 18 Aprile 2019 Ore 19.00 Via delle","breadcrumb":{"@id":"https:\/\/www.romaoggi.eu\/index.php\/2019\/04\/15\/alla-galleria-triphe-arriva-la-mostra-di-david-lascaris\/#breadcrumb"},"inLanguage":"it-IT","potentialAction":[{"@type":"ReadAction","target":["https:\/\/www.romaoggi.eu\/index.php\/2019\/04\/15\/alla-galleria-triphe-arriva-la-mostra-di-david-lascaris\/"]}]},{"@type":"ImageObject","inLanguage":"it-IT","@id":"https:\/\/www.romaoggi.eu\/index.php\/2019\/04\/15\/alla-galleria-triphe-arriva-la-mostra-di-david-lascaris\/#primaryimage","url":"https:\/\/www.romaoggi.eu\/wp-content\/uploads\/2019\/04\/IMG-20190324-WA0003.jpg","contentUrl":"https:\/\/www.romaoggi.eu\/wp-content\/uploads\/2019\/04\/IMG-20190324-WA0003.jpg","width":1600,"height":841,"caption":"Alt text David Lascaris"},{"@type":"BreadcrumbList","@id":"https:\/\/www.romaoggi.eu\/index.php\/2019\/04\/15\/alla-galleria-triphe-arriva-la-mostra-di-david-lascaris\/#breadcrumb","itemListElement":[{"@type":"ListItem","position":1,"name":"Home","item":"https:\/\/www.romaoggi.eu\/"},{"@type":"ListItem","position":2,"name":"Alla galleria Triph\u00e8 arriva la mostra di David Lascaris"}]},{"@type":"WebSite","@id":"https:\/\/www.romaoggi.eu\/#website","url":"https:\/\/www.romaoggi.eu\/","name":"roma oggi","description":"Interesting News for Interesting people","publisher":{"@id":"https:\/\/www.romaoggi.eu\/#organization"},"potentialAction":[{"@type":"SearchAction","target":{"@type":"EntryPoint","urlTemplate":"https:\/\/www.romaoggi.eu\/?s={search_term_string}"},"query-input":{"@type":"PropertyValueSpecification","valueRequired":true,"valueName":"search_term_string"}}],"inLanguage":"it-IT"},{"@type":"Organization","@id":"https:\/\/www.romaoggi.eu\/#organization","name":"RomaOggi","url":"https:\/\/www.romaoggi.eu\/","logo":{"@type":"ImageObject","inLanguage":"it-IT","@id":"https:\/\/www.romaoggi.eu\/#\/schema\/logo\/image\/","url":"https:\/\/www.romaoggi.eu\/wp-content\/uploads\/2017\/04\/logowp.jpg","contentUrl":"https:\/\/www.romaoggi.eu\/wp-content\/uploads\/2017\/04\/logowp.jpg","width":300,"height":133,"caption":"RomaOggi"},"image":{"@id":"https:\/\/www.romaoggi.eu\/#\/schema\/logo\/image\/"},"sameAs":["https:\/\/www.facebook.com\/RomaOggi-841544845954114","https:\/\/x.com\/romaoggi_eu"]},{"@type":"Person","@id":"https:\/\/www.romaoggi.eu\/#\/schema\/person\/cc12bfd93370392d7e41d243e47e6681","name":"Flavio","image":{"@type":"ImageObject","inLanguage":"it-IT","@id":"https:\/\/secure.gravatar.com\/avatar\/7e044ce830ea97853e01500437b37dff4a622b20a194e4d0efe9b67e918f19e5?s=96&d=mm&r=g","url":"https:\/\/secure.gravatar.com\/avatar\/7e044ce830ea97853e01500437b37dff4a622b20a194e4d0efe9b67e918f19e5?s=96&d=mm&r=g","contentUrl":"https:\/\/secure.gravatar.com\/avatar\/7e044ce830ea97853e01500437b37dff4a622b20a194e4d0efe9b67e918f19e5?s=96&d=mm&r=g","caption":"Flavio"},"url":"https:\/\/www.romaoggi.eu\/index.php\/author\/cristiano\/"}]}},"_links":{"self":[{"href":"https:\/\/www.romaoggi.eu\/index.php\/wp-json\/wp\/v2\/posts\/21204","targetHints":{"allow":["GET"]}}],"collection":[{"href":"https:\/\/www.romaoggi.eu\/index.php\/wp-json\/wp\/v2\/posts"}],"about":[{"href":"https:\/\/www.romaoggi.eu\/index.php\/wp-json\/wp\/v2\/types\/post"}],"author":[{"embeddable":true,"href":"https:\/\/www.romaoggi.eu\/index.php\/wp-json\/wp\/v2\/users\/5"}],"replies":[{"embeddable":true,"href":"https:\/\/www.romaoggi.eu\/index.php\/wp-json\/wp\/v2\/comments?post=21204"}],"version-history":[{"count":4,"href":"https:\/\/www.romaoggi.eu\/index.php\/wp-json\/wp\/v2\/posts\/21204\/revisions"}],"predecessor-version":[{"id":21211,"href":"https:\/\/www.romaoggi.eu\/index.php\/wp-json\/wp\/v2\/posts\/21204\/revisions\/21211"}],"wp:featuredmedia":[{"embeddable":true,"href":"https:\/\/www.romaoggi.eu\/index.php\/wp-json\/wp\/v2\/media\/21208"}],"wp:attachment":[{"href":"https:\/\/www.romaoggi.eu\/index.php\/wp-json\/wp\/v2\/media?parent=21204"}],"wp:term":[{"taxonomy":"category","embeddable":true,"href":"https:\/\/www.romaoggi.eu\/index.php\/wp-json\/wp\/v2\/categories?post=21204"},{"taxonomy":"post_tag","embeddable":true,"href":"https:\/\/www.romaoggi.eu\/index.php\/wp-json\/wp\/v2\/tags?post=21204"}],"curies":[{"name":"wp","href":"https:\/\/api.w.org\/{rel}","templated":true}]}}