{"id":21369,"date":"2019-04-27T19:08:37","date_gmt":"2019-04-27T17:08:37","guid":{"rendered":"http:\/\/www.romaoggi.eu\/?p=21369"},"modified":"2019-04-27T19:08:37","modified_gmt":"2019-04-27T17:08:37","slug":"oggi-sposo-il-monologo-di-matteo-cirillo-sullamore-in-scena-al-teatro-garbatella","status":"publish","type":"post","link":"https:\/\/www.romaoggi.eu\/index.php\/2019\/04\/27\/oggi-sposo-il-monologo-di-matteo-cirillo-sullamore-in-scena-al-teatro-garbatella\/","title":{"rendered":"&#8220;Oggi sposo&#8221; il monologo di Matteo Cirillo sull&#8217;amore in scena al Teatro Garbatella"},"content":{"rendered":"<p><iframe loading=\"lazy\"  style=\"display: block; margin: 0px auto;\"  id=\"_ytid_51794\"  width=\"480\" height=\"270\"  data-origwidth=\"480\" data-origheight=\"270\" src=\"https:\/\/www.youtube.com\/embed\/KrdjszQ6ipg?enablejsapi=1&#038;autoplay=0&#038;cc_load_policy=0&#038;cc_lang_pref=&#038;iv_load_policy=1&#038;loop=0&#038;rel=1&#038;fs=1&#038;playsinline=0&#038;autohide=2&#038;theme=dark&#038;color=red&#038;controls=1&#038;disablekb=0&#038;\" class=\"__youtube_prefs__  epyt-is-override  no-lazyload\" title=\"YouTube player\"  allow=\"fullscreen; accelerometer; autoplay; clipboard-write; encrypted-media; gyroscope; picture-in-picture; web-share\" referrerpolicy=\"strict-origin-when-cross-origin\" allowfullscreen data-no-lazy=\"1\" data-skipgform_ajax_framebjll=\"\"><\/iframe><\/p>\n<p align=\"CENTER\"><span style=\"color: #ff0000;\"><span style=\"font-family: Arial, sans-serif;\"><span style=\"font-size: xx-large;\"><b>OGGI SPOSO<\/b><\/span><\/span><\/span><\/p>\n<p align=\"CENTER\"><span style=\"color: #000000;\"><span style=\"font-family: Calibri, serif;\"><span style=\"font-size: small;\"><span style=\"font-family: Arial, sans-serif;\"><span style=\"font-size: medium;\">di e con<\/span><\/span><span style=\"color: #ff3333;\">\u00a0<\/span><span style=\"font-family: Arial, sans-serif;\"><span style=\"font-size: medium;\"><b>Matteo Cirillo<\/b><\/span><\/span><\/span><\/span><\/span><\/p>\n<p align=\"CENTER\"><span style=\"color: #000000;\"><span style=\"font-family: Calibri, serif;\"><span style=\"font-size: small;\"><span style=\"font-family: Arial, sans-serif;\"><span style=\"font-size: medium;\">regia\u00a0<\/span><\/span><span style=\"font-family: Arial, sans-serif;\"><span style=\"font-size: medium;\"><b>Duilio Paciello<\/b><\/span><\/span><\/span><\/span><\/span><\/p>\n<p align=\"CENTER\"><span style=\"color: #000000;\"><span style=\"font-family: Calibri, serif;\"><span style=\"font-size: small;\"><span style=\"font-family: Arial, sans-serif;\"><span style=\"font-size: medium;\">produzione\u00a0<\/span><\/span><span style=\"font-family: Arial, sans-serif;\"><span style=\"font-size: medium;\"><b>Progetto Goldstein<\/b><\/span><\/span><\/span><\/span><\/span><\/p>\n<p align=\"CENTER\"><span style=\"color: #000000;\">\u201c<span style=\"font-family: Arial, sans-serif;\"><span style=\"font-size: medium;\"><b>Miglior Spettacolo\u201d e \u201cMiglior attore\u201d alla V\u00b0 edizione del Premio Traiano<\/b><\/span><\/span><\/span><\/p>\n<p align=\"CENTER\"><span style=\"color: #000000;\"><span style=\"font-family: Arial, sans-serif;\"><span style=\"font-size: medium;\"><b>Sabato 4 maggio 2019<\/b><\/span><\/span><\/span><\/p>\n<p align=\"CENTER\"><span style=\"color: #000000;\"><span style=\"font-family: Times New Roman, serif;\"><span style=\"font-size: medium;\"><span style=\"color: #ff0000;\"><span style=\"font-family: Arial, sans-serif;\"><b>Teatro Garbatella<\/b><\/span><\/span><span style=\"color: #222222;\">\u00a0<\/span><span style=\"color: #222222;\"><span style=\"font-family: Arial, sans-serif;\"><b>Piazza Giovanni da Triora, 15<\/b><\/span><\/span>\u00a0\u2013 <span style=\"font-family: Arial, sans-serif;\"><b>Roma<\/b><\/span><\/span><\/span><\/span><\/p>\n<p align=\"JUSTIFY\"><span style=\"color: #000000;\"><span style=\"font-family: Helvetica Neue, Helvetica, Arial, sans-serif;\"><span style=\"font-size: small;\"><span style=\"font-family: Arial, sans-serif;\">In scena al\u00a0<\/span><span style=\"font-family: Arial, sans-serif;\"><b>Teatro Garbatella<\/b><\/span>\u00a0<span style=\"font-family: Arial, sans-serif;\"><b>sabato 4 maggio 2019 \u201cOggi sposo\u201d<\/b><\/span><span style=\"font-family: Arial, sans-serif;\">,\u00a0monologo brillante ed ironico sull\u2019amore perfetto che esiste solo nella sua forma imperfetta, scritto ed interpretato da\u00a0<\/span><span style=\"font-family: Arial, sans-serif;\"><b>Matteo Cirillo<\/b><\/span>\u00a0<span style=\"font-family: Arial, sans-serif;\">con la regia di\u00a0<\/span><span style=\"font-family: Arial, sans-serif;\"><b>Duilio Paciello<\/b><\/span><span style=\"font-family: Arial, sans-serif;\">, spettacolo vincitore della V\u00b0edizione del\u00a0<\/span><span style=\"font-family: Arial, sans-serif;\"><b>Premio Traiano<\/b><\/span>\u00a0<span style=\"font-family: Arial, sans-serif;\">come \u201c<\/span><span style=\"font-family: Arial, sans-serif;\"><b>Miglior attore<\/b><\/span>\u201d <span style=\"font-family: Arial, sans-serif;\">e \u201c<\/span><span style=\"font-family: Arial, sans-serif;\"><b>Miglior Spettacolo<\/b><\/span>\u201d<span style=\"font-family: Arial, sans-serif;\">.<\/span><\/span><\/span><\/span><\/p>\n<p align=\"JUSTIFY\"><span style=\"color: #000000;\"><span style=\"font-family: Helvetica Neue, Helvetica, Arial, sans-serif;\"><span style=\"font-size: small;\"><span style=\"font-family: Arial, sans-serif;\"><b>Un ragazzo si sta per sposare, ma la sposa non arriva<\/b><\/span><span style=\"font-family: Arial, sans-serif;\">. Lo sposo ricorda il loro\u00a0<\/span><span style=\"font-family: Arial, sans-serif;\"><b>primo incontro<\/b><\/span><span style=\"font-family: Arial, sans-serif;\">, il loro\u00a0<\/span><span style=\"font-family: Arial, sans-serif;\"><b>primo bacio<\/b><\/span>\u00a0<span style=\"font-family: Arial, sans-serif;\">e ricorda quel giorno in cui si \u00e8 innamorato per tutta la vita. Ci vogliono solo 8.2 secondi per innamorarsi di una persona, ma\u00a0<\/span><span style=\"font-family: Arial, sans-serif;\"><b>potrebbe non bastare una vita intera per dimenticarla.<\/b><\/span><\/span><\/span><\/span><\/p>\n<p align=\"JUSTIFY\"><span style=\"color: #000000;\"><span style=\"font-family: Helvetica Neue, Helvetica, Arial, sans-serif;\"><span style=\"font-size: small;\"><span style=\"font-family: Arial, sans-serif;\">Attraverso\u00a0<\/span><span style=\"font-family: Arial, sans-serif;\"><b>situazioni comiche<\/b><\/span><span style=\"font-family: Arial, sans-serif;\">,\u00a0<\/span><span style=\"font-family: Arial, sans-serif;\"><b>drammatiche<\/b><\/span>\u00a0<span style=\"font-family: Arial, sans-serif;\">e\u00a0<\/span><span style=\"font-family: Arial, sans-serif;\"><b>surreali<\/b><\/span><span style=\"font-family: Arial, sans-serif;\">, lo sposo racconta le diverse fasi del loro rapporto: la conoscenza, l&#8217;idillio, la convivenza e la \u201cseparazione\u201c. Il letto matrimoniale adesso \u00e8 troppo grande per lui da solo, quindi dorme su una sedia, dorme scomodo ma la scomodit\u00e0 lo fa sentire meno solo.<\/span><\/span><\/span><\/span><\/p>\n<p align=\"JUSTIFY\"><span style=\"color: #000000;\"><span style=\"font-family: Helvetica Neue, Helvetica, Arial, sans-serif;\"><span style=\"font-size: small;\"><span style=\"font-family: Arial, sans-serif;\">Si dice che l\u2019amore \u00e8 eterno finch\u00e9 dura, ma finch\u00e9 dura che cosa? La vita o l\u2019amore? Lo sposo dichiara amore eterno alla sua donna non solo in questa vita, ma anche per tutte le altre vite che verranno.\u00a0<\/span>\u201c\u2026<span style=\"font-family: Arial, sans-serif;\"><i>ho passato momenti molto difficili, ma per fortuna accanto a me avevo i miei migliori amici che mi hanno sempre aiutato&#8230;Tavernello, Xanax e il dottor Petrella&#8230;\u201d<\/i><\/span><\/span><\/span><\/span><\/p>\n<p align=\"JUSTIFY\"><img loading=\"lazy\" decoding=\"async\" class=\"aligncenter wp-image-21370 size-full\" src=\"https:\/\/www.romaoggi.eu\/wp-content\/uploads\/2019\/04\/Oggi-Sposo_sabato-4-maggio_Teatro-Garbatella_Foto.jpg\" alt=\"Alt text Oggi sposo\" width=\"720\" height=\"960\" srcset=\"https:\/\/www.romaoggi.eu\/wp-content\/uploads\/2019\/04\/Oggi-Sposo_sabato-4-maggio_Teatro-Garbatella_Foto.jpg 720w, https:\/\/www.romaoggi.eu\/wp-content\/uploads\/2019\/04\/Oggi-Sposo_sabato-4-maggio_Teatro-Garbatella_Foto-225x300.jpg 225w\" sizes=\"auto, (max-width: 720px) 100vw, 720px\" \/><\/p>\n<p align=\"JUSTIFY\"><span style=\"color: #000000;\"><span style=\"font-family: Arial, sans-serif;\"><span style=\"font-size: small;\"><b>VIDEO TRAILER:<\/b><\/span><\/span><\/span><span style=\"color: #000000;\"><span style=\"font-family: Helvetica Neue, Helvetica, Arial, sans-serif;\"><span style=\"font-size: small;\">\u00a0<\/span><\/span><\/span><a href=\"https:\/\/www.youtube.com\/watch?v=KrdjszQ6ipg&amp;t=59s\" target=\"_blank\" rel=\"noopener noreferrer\"><span style=\"color: #0000ff;\"><span style=\"font-family: Arial, sans-serif;\"><span style=\"font-size: small;\"><u>https:\/\/www.youtube.com\/watch?v=KrdjszQ6ipg&amp;t=59s<\/u><\/span><\/span><\/span><\/a><\/p>\n<p align=\"JUSTIFY\"><span style=\"color: #000000;\"><span style=\"font-family: Arial, sans-serif;\"><span style=\"font-size: small;\"><b>Estratti recensioni:<\/b><\/span><\/span><\/span><\/p>\n<p align=\"JUSTIFY\"><span style=\"color: #000000;\">\u201c<\/span><span style=\"color: #000000;\"><span style=\"font-family: Arial, sans-serif;\"><span style=\"font-size: small;\">Matteo Cirillo riesce a raccontare il dramma di una generazione con profondit\u00e0, leggerezza e semplicit\u00e0\u201d\u00a0<\/span><\/span><\/span><strong><span style=\"color: #000000;\"><span style=\"font-family: Arial, sans-serif;\"><span style=\"font-size: small;\"><b>Corriere.it<\/b><\/span><\/span><\/span><\/strong><\/p>\n<p align=\"JUSTIFY\"><strong><span style=\"color: #000000;\">\u201c<\/span><\/strong><strong><span style=\"color: #000000;\"><span style=\"font-family: Arial, sans-serif;\"><span style=\"font-size: small;\">Matteo Cirillo<\/span><\/span><\/span><\/strong><span style=\"color: #000000;\"><span style=\"font-family: Helvetica Neue, Helvetica, Arial, sans-serif;\"><span style=\"font-size: small;\">\u00a0<\/span><\/span><\/span><span style=\"color: #000000;\"><span style=\"font-family: Arial, sans-serif;\"><span style=\"font-size: small;\">rivela, sia come autore che come attore, la capacit\u00e0 di saper tradurre in parole i propri pensieri che, affastellati, seguono percorsi a ostacoli, andando, tornando, cambiando direzione, riuscendo a renderli sempre disponibili e intellegibili allo spettatore grazie alle proprie doti artistiche, alla propria versatilit\u00e0 e alla forte carica espressiva\u201d.\u00a0<\/span><\/span><\/span><span style=\"color: #000000;\"><span style=\"font-family: Arial, sans-serif;\"><span style=\"font-size: small;\"><b>Flaminio Boni<\/b><\/span><\/span><\/span><\/p>\n<p align=\"JUSTIFY\"><strong><span style=\"color: #000000;\">\u201c<\/span><\/strong><strong><span style=\"color: #000000;\"><span style=\"font-family: Arial, sans-serif;\"><span style=\"font-size: small;\">Oggi sposo\u00a0<\/span><\/span><\/span><\/strong><span style=\"color: #000000;\"><span style=\"font-family: Arial, sans-serif;\"><span style=\"font-size: small;\">\u00e8 un testo\u00a0<\/span><\/span><\/span><strong><span style=\"color: #000000;\"><span style=\"font-family: Arial, sans-serif;\"><span style=\"font-size: small;\">immediato<\/span><\/span><\/span><\/strong><span style=\"color: #000000;\"><span style=\"font-family: Arial, sans-serif;\"><span style=\"font-size: small;\">, spontaneo,\u00a0<\/span><\/span><\/span><strong><span style=\"color: #000000;\"><span style=\"font-family: Arial, sans-serif;\"><span style=\"font-size: small;\">senza artifici<\/span><\/span><\/span><\/strong><span style=\"color: #000000;\"><span style=\"font-family: Helvetica Neue, Helvetica, Arial, sans-serif;\"><span style=\"font-size: small;\">\u00a0<\/span><\/span><\/span><span style=\"color: #000000;\"><span style=\"font-family: Arial, sans-serif;\"><span style=\"font-size: small;\">e la\u00a0<\/span><\/span><\/span><strong><span style=\"color: #000000;\"><span style=\"font-family: Arial, sans-serif;\"><span style=\"font-size: small;\">capacit\u00e0 dell\u2019attore\u00a0<\/span><\/span><\/span><\/strong><span style=\"color: #000000;\"><span style=\"font-family: Arial, sans-serif;\"><span style=\"font-size: small;\">\u00e8 data dalla sua\u00a0<\/span><\/span><\/span><strong><span style=\"color: #000000;\"><span style=\"font-family: Arial, sans-serif;\"><span style=\"font-size: small;\">espressivit\u00e0\u00a0<\/span><\/span><\/span><\/strong><span style=\"color: #000000;\"><span style=\"font-family: Arial, sans-serif;\"><span style=\"font-size: small;\">e l\u2019eclettica\u00a0<\/span><\/span><\/span><strong><span style=\"color: #000000;\"><span style=\"font-family: Arial, sans-serif;\"><span style=\"font-size: small;\">abilit\u00e0<\/span><\/span><\/span><\/strong><span style=\"color: #000000;\"><span style=\"font-family: Helvetica Neue, Helvetica, Arial, sans-serif;\"><span style=\"font-size: small;\">\u00a0<\/span><\/span><\/span><span style=\"color: #000000;\"><span style=\"font-family: Arial, sans-serif;\"><span style=\"font-size: small;\">di passare da uno\u00a0<\/span><\/span><\/span><strong><span style=\"color: #000000;\"><span style=\"font-family: Arial, sans-serif;\"><span style=\"font-size: small;\">stato d\u2019animo ad un altro\u00a0<\/span><\/span><\/span><\/strong><span style=\"color: #000000;\"><span style=\"font-family: Arial, sans-serif;\"><span style=\"font-size: small;\">in poco tempo,\u00a0risultando\u00a0<\/span><\/span><\/span><strong><span style=\"color: #000000;\"><span style=\"font-family: Arial, sans-serif;\"><span style=\"font-size: small;\">credibile e convincente<\/span><\/span><\/span><\/strong><span style=\"color: #000000;\"><span style=\"font-family: Arial, sans-serif;\"><span style=\"font-size: small;\">. Di conseguenza si dona al\u00a0<\/span><\/span><\/span><strong><span style=\"color: #000000;\"><span style=\"font-family: Arial, sans-serif;\"><span style=\"font-size: small;\">soggetto \u201camore\u201d<\/span><\/span><\/span><\/strong><span style=\"color: #000000;\"><span style=\"font-family: Helvetica Neue, Helvetica, Arial, sans-serif;\"><span style=\"font-size: small;\">\u00a0<\/span><\/span><\/span><span style=\"color: #000000;\"><span style=\"font-family: Arial, sans-serif;\"><span style=\"font-size: small;\">un ruolo\u00a0<\/span><\/span><\/span><strong><span style=\"color: #000000;\"><span style=\"font-family: Arial, sans-serif;\"><span style=\"font-size: small;\">originale e\u00a0travolgente<\/span><\/span><\/span><\/strong><span style=\"color: #000000;\"><span style=\"font-family: Arial, sans-serif;\"><span style=\"font-size: small;\">. Sarah Mataloni \u2013\u00a0<\/span><\/span><\/span><span style=\"color: #000000;\"><span style=\"font-family: Arial, sans-serif;\"><span style=\"font-size: small;\"><b>Brainstormingculturale<\/b><\/span><\/span><\/span><\/p>\n<p align=\"JUSTIFY\"><span style=\"color: #000000;\">\u201c<\/span><span style=\"color: #1b171c;\"><span style=\"font-family: Arial, sans-serif;\"><span style=\"font-size: small;\">Il ragazzo, \u00e8 di talento. Il suo stile risulta\u00a0<\/span><\/span><\/span><strong><span style=\"color: #1b171c;\"><span style=\"font-family: Arial, sans-serif;\"><span style=\"font-size: small;\">dinamico, energico,<\/span><\/span><\/span><\/strong><span style=\"color: #1b171c;\"><span style=\"font-family: Arial, sans-serif;\"><span style=\"font-size: small;\">ricco di trovate fantasiose e divertenti, dotato di un\u00a0<\/span><\/span><\/span><strong><span style=\"color: #1b171c;\"><span style=\"font-family: Arial, sans-serif;\"><span style=\"font-size: small;\">ritmo<\/span><\/span><\/span><\/strong><span style=\"color: #1b171c;\"><span style=\"font-family: Arial, sans-serif;\"><span style=\"font-size: small;\">che trascina fino alla fine.\u00a0<\/span><\/span><\/span><span style=\"color: #000000;\"><span style=\"font-family: Arial, sans-serif;\"><span style=\"font-size: small;\"><b>Periodicoitaliano magazine<\/b><\/span><\/span><\/span><\/p>\n<p align=\"CENTER\"><span style=\"color: #000000;\"><span style=\"font-family: Arial, sans-serif;\"><span style=\"font-size: small;\"><b>Sabato 4 maggio ore 21.00<\/b><\/span><\/span><\/span><\/p>\n<p align=\"CENTER\"><span style=\"color: #000000;\"><span style=\"font-family: Helvetica Neue, Helvetica, Arial, sans-serif;\"><span style=\"font-size: small;\"><span style=\"font-family: Arial, sans-serif;\"><b>Teatro Garbatella,\u00a0<\/b><\/span><span style=\"color: #222222;\"><span style=\"font-family: Arial, sans-serif;\"><b>Piazza Giovanni da Triora, 15<\/b><\/span><\/span>\u00a0<span style=\"font-family: Arial, sans-serif;\"><b>&#8211; Roma<\/b><\/span><\/span><\/span><\/span><\/p>\n<p align=\"CENTER\"><span style=\"color: #000000;\"><span style=\"font-family: Arial, sans-serif;\"><span style=\"font-size: small;\"><b>Biglietti: intero 16,00\u20ac + 2,00\u20ac prevendita<\/b><\/span><\/span><\/span><\/p>\n<p align=\"CENTER\"><span style=\"color: #000000;\"><span style=\"font-family: Arial, sans-serif;\"><span style=\"font-size: small;\"><b>ridotto over 60, bambini fino a 11 anni e disabili 10,00\u20ac + 2 prevendita<\/b><\/span><\/span><\/span><\/p>\n<p align=\"CENTER\"><a href=\"mailto:teatrogarbatella@gmail.com\" target=\"_blank\" rel=\"noopener noreferrer\"><span style=\"color: #000000;\"><span style=\"font-family: Arial, sans-serif;\"><span style=\"font-size: small;\"><u><b>teatrogarbatella@gmail.com<\/b><\/u><\/span><\/span><\/span><\/a><\/p>\n<p align=\"CENTER\"><span style=\"color: #000000;\"><span style=\"font-family: Arial, sans-serif;\"><span style=\"font-size: small;\"><b>Prenotazioni\u00a0<\/b><\/span><\/span><\/span><a href=\"https:\/\/oooh.events\/evento\/oggi-sposo-4-maggio-2019\/\" target=\"_blank\" rel=\"noopener noreferrer\"><span style=\"color: #000000;\"><span style=\"font-family: Arial, sans-serif;\"><span style=\"font-size: small;\"><u><b>https:\/\/oooh.events\/evento\/oggi-sposo-4-maggio-2019\/<\/b><\/u><\/span><\/span><\/span><\/a><span style=\"color: #000000;\"><span style=\"font-family: Helvetica Neue, Helvetica, Arial, sans-serif;\"><span style=\"font-size: small;\">\u00a0<\/span><\/span><\/span><span style=\"color: #000000;\"><span style=\"font-family: Arial, sans-serif;\"><span style=\"font-size: small;\"><b>tel. 366 2003502<\/b><\/span><\/span><\/span><\/p>\n<p align=\"CENTER\"><a href=\"https:\/\/www.romaoggi.eu\/\"><b>RomaOggi.eu<\/b><\/a><\/p>\n<p align=\"CENTER\"><a href=\"https:\/\/www.romaoggi.eu\/index.php\/2019\/04\/25\/sulle-orme-di-brecht-la-rassegna-i-giorni-della-comune\/\"><b>Leggi il prossimo articolo \u2192<\/b><\/a><\/p>\n<p align=\"CENTER\">\u201c<i><b>Interesting news for interesting people\u201d<\/b><\/i><\/p>\n","protected":false},"excerpt":{"rendered":"<div class=\"mh-excerpt\"><p>OGGI SPOSO di e con\u00a0Matteo Cirillo regia\u00a0Duilio Paciello produzione\u00a0Progetto Goldstein \u201cMiglior Spettacolo\u201d e \u201cMiglior attore\u201d alla V\u00b0 edizione del Premio Traiano Sabato 4 maggio 2019 Teatro Garbatella\u00a0Piazza Giovanni da Triora, 15\u00a0\u2013 Roma In scena al\u00a0Teatro <a class=\"mh-excerpt-more\" href=\"https:\/\/www.romaoggi.eu\/index.php\/2019\/04\/27\/oggi-sposo-il-monologo-di-matteo-cirillo-sullamore-in-scena-al-teatro-garbatella\/\" title=\"&#8220;Oggi sposo&#8221; il monologo di Matteo Cirillo sull&#8217;amore in scena al Teatro Garbatella\">[&#8230;]<\/a><\/p>\n<\/div>","protected":false},"author":5,"featured_media":21371,"comment_status":"closed","ping_status":"open","sticky":false,"template":"","format":"standard","meta":{"_sitemap_exclude":false,"_sitemap_priority":"","_sitemap_frequency":"","footnotes":""},"categories":[4281],"tags":[12245,10060,12624,109,817,1738,634,12625,85,12623],"class_list":["post-21369","post","type-post","status-publish","format-standard","has-post-thumbnail","hentry","category-teatro","tag-12245","tag-matteo-cirillo","tag-oggi-sposo","tag-roma","tag-romaoggi","tag-romaoggi-eu","tag-rome","tag-sabato-4-maggio-ore-21-00","tag-teatro","tag-teatro-garbatella"],"yoast_head":"<!-- This site is optimized with the Yoast SEO plugin v27.5 - https:\/\/yoast.com\/product\/yoast-seo-wordpress\/ -->\n<title>&quot;Oggi sposo&quot; il monologo di Matteo Cirillo sull&#039;amore in scena al Teatro Garbatella<\/title>\n<meta name=\"description\" content=\"https:\/\/www.youtube.com\/watch?v=KrdjszQ6ipg&amp;t=59s OGGI SPOSO di e con\u00a0Matteo Cirillo regia\u00a0Duilio Paciello produzione\u00a0Progetto Goldstein \u201cMiglior\" \/>\n<meta name=\"robots\" content=\"index, follow, max-snippet:-1, max-image-preview:large, max-video-preview:-1\" \/>\n<link rel=\"canonical\" href=\"https:\/\/www.romaoggi.eu\/index.php\/2019\/04\/27\/oggi-sposo-il-monologo-di-matteo-cirillo-sullamore-in-scena-al-teatro-garbatella\/\" \/>\n<meta property=\"og:locale\" content=\"it_IT\" \/>\n<meta property=\"og:type\" content=\"article\" \/>\n<meta property=\"og:title\" content=\"&quot;Oggi sposo&quot; il monologo di Matteo Cirillo sull&#039;amore in scena al Teatro Garbatella\" \/>\n<meta property=\"og:description\" content=\"https:\/\/www.youtube.com\/watch?v=KrdjszQ6ipg&amp;t=59s OGGI SPOSO di e con\u00a0Matteo Cirillo regia\u00a0Duilio Paciello produzione\u00a0Progetto Goldstein \u201cMiglior\" \/>\n<meta property=\"og:url\" content=\"https:\/\/www.romaoggi.eu\/index.php\/2019\/04\/27\/oggi-sposo-il-monologo-di-matteo-cirillo-sullamore-in-scena-al-teatro-garbatella\/\" \/>\n<meta property=\"og:site_name\" content=\"roma oggi\" \/>\n<meta property=\"article:publisher\" content=\"https:\/\/www.facebook.com\/RomaOggi-841544845954114\" \/>\n<meta property=\"article:published_time\" content=\"2019-04-27T17:08:37+00:00\" \/>\n<meta property=\"og:image\" content=\"https:\/\/www.romaoggi.eu\/wp-content\/uploads\/2019\/04\/Oggi-Sposo_sabato-4-maggio_Teatro-Garbatella_loc.jpg\" \/>\n\t<meta property=\"og:image:width\" content=\"1748\" \/>\n\t<meta property=\"og:image:height\" content=\"2185\" \/>\n\t<meta property=\"og:image:type\" content=\"image\/jpeg\" \/>\n<meta name=\"author\" content=\"Flavio\" \/>\n<meta name=\"twitter:card\" content=\"summary_large_image\" \/>\n<meta name=\"twitter:creator\" content=\"@romaoggi_eu\" \/>\n<meta name=\"twitter:site\" content=\"@romaoggi_eu\" \/>\n<meta name=\"twitter:label1\" content=\"Scritto da\" \/>\n\t<meta name=\"twitter:data1\" content=\"Flavio\" \/>\n\t<meta name=\"twitter:label2\" content=\"Tempo di lettura stimato\" \/>\n\t<meta name=\"twitter:data2\" content=\"2 minuti\" \/>\n<script type=\"application\/ld+json\" class=\"yoast-schema-graph\">{\"@context\":\"https:\\\/\\\/schema.org\",\"@graph\":[{\"@type\":\"Article\",\"@id\":\"https:\\\/\\\/www.romaoggi.eu\\\/index.php\\\/2019\\\/04\\\/27\\\/oggi-sposo-il-monologo-di-matteo-cirillo-sullamore-in-scena-al-teatro-garbatella\\\/#article\",\"isPartOf\":{\"@id\":\"https:\\\/\\\/www.romaoggi.eu\\\/index.php\\\/2019\\\/04\\\/27\\\/oggi-sposo-il-monologo-di-matteo-cirillo-sullamore-in-scena-al-teatro-garbatella\\\/\"},\"author\":{\"name\":\"Flavio\",\"@id\":\"https:\\\/\\\/www.romaoggi.eu\\\/#\\\/schema\\\/person\\\/cc12bfd93370392d7e41d243e47e6681\"},\"headline\":\"&#8220;Oggi sposo&#8221; il monologo di Matteo Cirillo sull&#8217;amore in scena al Teatro Garbatella\",\"datePublished\":\"2019-04-27T17:08:37+00:00\",\"mainEntityOfPage\":{\"@id\":\"https:\\\/\\\/www.romaoggi.eu\\\/index.php\\\/2019\\\/04\\\/27\\\/oggi-sposo-il-monologo-di-matteo-cirillo-sullamore-in-scena-al-teatro-garbatella\\\/\"},\"wordCount\":485,\"publisher\":{\"@id\":\"https:\\\/\\\/www.romaoggi.eu\\\/#organization\"},\"image\":{\"@id\":\"https:\\\/\\\/www.romaoggi.eu\\\/index.php\\\/2019\\\/04\\\/27\\\/oggi-sposo-il-monologo-di-matteo-cirillo-sullamore-in-scena-al-teatro-garbatella\\\/#primaryimage\"},\"thumbnailUrl\":\"https:\\\/\\\/www.romaoggi.eu\\\/wp-content\\\/uploads\\\/2019\\\/04\\\/Oggi-Sposo_sabato-4-maggio_Teatro-Garbatella_loc.jpg\",\"keywords\":[\"2019\",\"Matteo Cirillo\",\"OGGI SPOSO\",\"roma\",\"romaoggi\",\"RomaOggi.eu\",\"rome\",\"Sabato 4 maggio ore 21.00\",\"teatro\",\"Teatro Garbatella\"],\"articleSection\":[\"teatro\"],\"inLanguage\":\"it-IT\"},{\"@type\":\"WebPage\",\"@id\":\"https:\\\/\\\/www.romaoggi.eu\\\/index.php\\\/2019\\\/04\\\/27\\\/oggi-sposo-il-monologo-di-matteo-cirillo-sullamore-in-scena-al-teatro-garbatella\\\/\",\"url\":\"https:\\\/\\\/www.romaoggi.eu\\\/index.php\\\/2019\\\/04\\\/27\\\/oggi-sposo-il-monologo-di-matteo-cirillo-sullamore-in-scena-al-teatro-garbatella\\\/\",\"name\":\"\\\"Oggi sposo\\\" il monologo di Matteo Cirillo sull'amore in scena al Teatro Garbatella\",\"isPartOf\":{\"@id\":\"https:\\\/\\\/www.romaoggi.eu\\\/#website\"},\"primaryImageOfPage\":{\"@id\":\"https:\\\/\\\/www.romaoggi.eu\\\/index.php\\\/2019\\\/04\\\/27\\\/oggi-sposo-il-monologo-di-matteo-cirillo-sullamore-in-scena-al-teatro-garbatella\\\/#primaryimage\"},\"image\":{\"@id\":\"https:\\\/\\\/www.romaoggi.eu\\\/index.php\\\/2019\\\/04\\\/27\\\/oggi-sposo-il-monologo-di-matteo-cirillo-sullamore-in-scena-al-teatro-garbatella\\\/#primaryimage\"},\"thumbnailUrl\":\"https:\\\/\\\/www.romaoggi.eu\\\/wp-content\\\/uploads\\\/2019\\\/04\\\/Oggi-Sposo_sabato-4-maggio_Teatro-Garbatella_loc.jpg\",\"datePublished\":\"2019-04-27T17:08:37+00:00\",\"description\":\"https:\\\/\\\/www.youtube.com\\\/watch?v=KrdjszQ6ipg&amp;t=59s OGGI SPOSO di e con\u00a0Matteo Cirillo regia\u00a0Duilio Paciello produzione\u00a0Progetto Goldstein \u201cMiglior\",\"breadcrumb\":{\"@id\":\"https:\\\/\\\/www.romaoggi.eu\\\/index.php\\\/2019\\\/04\\\/27\\\/oggi-sposo-il-monologo-di-matteo-cirillo-sullamore-in-scena-al-teatro-garbatella\\\/#breadcrumb\"},\"inLanguage\":\"it-IT\",\"potentialAction\":[{\"@type\":\"ReadAction\",\"target\":[\"https:\\\/\\\/www.romaoggi.eu\\\/index.php\\\/2019\\\/04\\\/27\\\/oggi-sposo-il-monologo-di-matteo-cirillo-sullamore-in-scena-al-teatro-garbatella\\\/\"]}]},{\"@type\":\"ImageObject\",\"inLanguage\":\"it-IT\",\"@id\":\"https:\\\/\\\/www.romaoggi.eu\\\/index.php\\\/2019\\\/04\\\/27\\\/oggi-sposo-il-monologo-di-matteo-cirillo-sullamore-in-scena-al-teatro-garbatella\\\/#primaryimage\",\"url\":\"https:\\\/\\\/www.romaoggi.eu\\\/wp-content\\\/uploads\\\/2019\\\/04\\\/Oggi-Sposo_sabato-4-maggio_Teatro-Garbatella_loc.jpg\",\"contentUrl\":\"https:\\\/\\\/www.romaoggi.eu\\\/wp-content\\\/uploads\\\/2019\\\/04\\\/Oggi-Sposo_sabato-4-maggio_Teatro-Garbatella_loc.jpg\",\"width\":1748,\"height\":2185,\"caption\":\"Alt text Oggi sposo\"},{\"@type\":\"BreadcrumbList\",\"@id\":\"https:\\\/\\\/www.romaoggi.eu\\\/index.php\\\/2019\\\/04\\\/27\\\/oggi-sposo-il-monologo-di-matteo-cirillo-sullamore-in-scena-al-teatro-garbatella\\\/#breadcrumb\",\"itemListElement\":[{\"@type\":\"ListItem\",\"position\":1,\"name\":\"Home\",\"item\":\"https:\\\/\\\/www.romaoggi.eu\\\/\"},{\"@type\":\"ListItem\",\"position\":2,\"name\":\"&#8220;Oggi sposo&#8221; il monologo di Matteo Cirillo sull&#8217;amore in scena al Teatro Garbatella\"}]},{\"@type\":\"WebSite\",\"@id\":\"https:\\\/\\\/www.romaoggi.eu\\\/#website\",\"url\":\"https:\\\/\\\/www.romaoggi.eu\\\/\",\"name\":\"roma oggi\",\"description\":\"Interesting News for Interesting people\",\"publisher\":{\"@id\":\"https:\\\/\\\/www.romaoggi.eu\\\/#organization\"},\"potentialAction\":[{\"@type\":\"SearchAction\",\"target\":{\"@type\":\"EntryPoint\",\"urlTemplate\":\"https:\\\/\\\/www.romaoggi.eu\\\/?s={search_term_string}\"},\"query-input\":{\"@type\":\"PropertyValueSpecification\",\"valueRequired\":true,\"valueName\":\"search_term_string\"}}],\"inLanguage\":\"it-IT\"},{\"@type\":\"Organization\",\"@id\":\"https:\\\/\\\/www.romaoggi.eu\\\/#organization\",\"name\":\"RomaOggi\",\"url\":\"https:\\\/\\\/www.romaoggi.eu\\\/\",\"logo\":{\"@type\":\"ImageObject\",\"inLanguage\":\"it-IT\",\"@id\":\"https:\\\/\\\/www.romaoggi.eu\\\/#\\\/schema\\\/logo\\\/image\\\/\",\"url\":\"https:\\\/\\\/www.romaoggi.eu\\\/wp-content\\\/uploads\\\/2017\\\/04\\\/logowp.jpg\",\"contentUrl\":\"https:\\\/\\\/www.romaoggi.eu\\\/wp-content\\\/uploads\\\/2017\\\/04\\\/logowp.jpg\",\"width\":300,\"height\":133,\"caption\":\"RomaOggi\"},\"image\":{\"@id\":\"https:\\\/\\\/www.romaoggi.eu\\\/#\\\/schema\\\/logo\\\/image\\\/\"},\"sameAs\":[\"https:\\\/\\\/www.facebook.com\\\/RomaOggi-841544845954114\",\"https:\\\/\\\/x.com\\\/romaoggi_eu\"]},{\"@type\":\"Person\",\"@id\":\"https:\\\/\\\/www.romaoggi.eu\\\/#\\\/schema\\\/person\\\/cc12bfd93370392d7e41d243e47e6681\",\"name\":\"Flavio\",\"image\":{\"@type\":\"ImageObject\",\"inLanguage\":\"it-IT\",\"@id\":\"https:\\\/\\\/secure.gravatar.com\\\/avatar\\\/7e044ce830ea97853e01500437b37dff4a622b20a194e4d0efe9b67e918f19e5?s=96&d=mm&r=g\",\"url\":\"https:\\\/\\\/secure.gravatar.com\\\/avatar\\\/7e044ce830ea97853e01500437b37dff4a622b20a194e4d0efe9b67e918f19e5?s=96&d=mm&r=g\",\"contentUrl\":\"https:\\\/\\\/secure.gravatar.com\\\/avatar\\\/7e044ce830ea97853e01500437b37dff4a622b20a194e4d0efe9b67e918f19e5?s=96&d=mm&r=g\",\"caption\":\"Flavio\"},\"url\":\"https:\\\/\\\/www.romaoggi.eu\\\/index.php\\\/author\\\/cristiano\\\/\"}]}<\/script>\n<!-- \/ Yoast SEO plugin. -->","yoast_head_json":{"title":"\"Oggi sposo\" il monologo di Matteo Cirillo sull'amore in scena al Teatro Garbatella","description":"https:\/\/www.youtube.com\/watch?v=KrdjszQ6ipg&amp;t=59s OGGI SPOSO di e con\u00a0Matteo Cirillo regia\u00a0Duilio Paciello produzione\u00a0Progetto Goldstein \u201cMiglior","robots":{"index":"index","follow":"follow","max-snippet":"max-snippet:-1","max-image-preview":"max-image-preview:large","max-video-preview":"max-video-preview:-1"},"canonical":"https:\/\/www.romaoggi.eu\/index.php\/2019\/04\/27\/oggi-sposo-il-monologo-di-matteo-cirillo-sullamore-in-scena-al-teatro-garbatella\/","og_locale":"it_IT","og_type":"article","og_title":"\"Oggi sposo\" il monologo di Matteo Cirillo sull'amore in scena al Teatro Garbatella","og_description":"https:\/\/www.youtube.com\/watch?v=KrdjszQ6ipg&amp;t=59s OGGI SPOSO di e con\u00a0Matteo Cirillo regia\u00a0Duilio Paciello produzione\u00a0Progetto Goldstein \u201cMiglior","og_url":"https:\/\/www.romaoggi.eu\/index.php\/2019\/04\/27\/oggi-sposo-il-monologo-di-matteo-cirillo-sullamore-in-scena-al-teatro-garbatella\/","og_site_name":"roma oggi","article_publisher":"https:\/\/www.facebook.com\/RomaOggi-841544845954114","article_published_time":"2019-04-27T17:08:37+00:00","og_image":[{"width":1748,"height":2185,"url":"https:\/\/www.romaoggi.eu\/wp-content\/uploads\/2019\/04\/Oggi-Sposo_sabato-4-maggio_Teatro-Garbatella_loc.jpg","type":"image\/jpeg"}],"author":"Flavio","twitter_card":"summary_large_image","twitter_creator":"@romaoggi_eu","twitter_site":"@romaoggi_eu","twitter_misc":{"Scritto da":"Flavio","Tempo di lettura stimato":"2 minuti"},"schema":{"@context":"https:\/\/schema.org","@graph":[{"@type":"Article","@id":"https:\/\/www.romaoggi.eu\/index.php\/2019\/04\/27\/oggi-sposo-il-monologo-di-matteo-cirillo-sullamore-in-scena-al-teatro-garbatella\/#article","isPartOf":{"@id":"https:\/\/www.romaoggi.eu\/index.php\/2019\/04\/27\/oggi-sposo-il-monologo-di-matteo-cirillo-sullamore-in-scena-al-teatro-garbatella\/"},"author":{"name":"Flavio","@id":"https:\/\/www.romaoggi.eu\/#\/schema\/person\/cc12bfd93370392d7e41d243e47e6681"},"headline":"&#8220;Oggi sposo&#8221; il monologo di Matteo Cirillo sull&#8217;amore in scena al Teatro Garbatella","datePublished":"2019-04-27T17:08:37+00:00","mainEntityOfPage":{"@id":"https:\/\/www.romaoggi.eu\/index.php\/2019\/04\/27\/oggi-sposo-il-monologo-di-matteo-cirillo-sullamore-in-scena-al-teatro-garbatella\/"},"wordCount":485,"publisher":{"@id":"https:\/\/www.romaoggi.eu\/#organization"},"image":{"@id":"https:\/\/www.romaoggi.eu\/index.php\/2019\/04\/27\/oggi-sposo-il-monologo-di-matteo-cirillo-sullamore-in-scena-al-teatro-garbatella\/#primaryimage"},"thumbnailUrl":"https:\/\/www.romaoggi.eu\/wp-content\/uploads\/2019\/04\/Oggi-Sposo_sabato-4-maggio_Teatro-Garbatella_loc.jpg","keywords":["2019","Matteo Cirillo","OGGI SPOSO","roma","romaoggi","RomaOggi.eu","rome","Sabato 4 maggio ore 21.00","teatro","Teatro Garbatella"],"articleSection":["teatro"],"inLanguage":"it-IT"},{"@type":"WebPage","@id":"https:\/\/www.romaoggi.eu\/index.php\/2019\/04\/27\/oggi-sposo-il-monologo-di-matteo-cirillo-sullamore-in-scena-al-teatro-garbatella\/","url":"https:\/\/www.romaoggi.eu\/index.php\/2019\/04\/27\/oggi-sposo-il-monologo-di-matteo-cirillo-sullamore-in-scena-al-teatro-garbatella\/","name":"\"Oggi sposo\" il monologo di Matteo Cirillo sull'amore in scena al Teatro Garbatella","isPartOf":{"@id":"https:\/\/www.romaoggi.eu\/#website"},"primaryImageOfPage":{"@id":"https:\/\/www.romaoggi.eu\/index.php\/2019\/04\/27\/oggi-sposo-il-monologo-di-matteo-cirillo-sullamore-in-scena-al-teatro-garbatella\/#primaryimage"},"image":{"@id":"https:\/\/www.romaoggi.eu\/index.php\/2019\/04\/27\/oggi-sposo-il-monologo-di-matteo-cirillo-sullamore-in-scena-al-teatro-garbatella\/#primaryimage"},"thumbnailUrl":"https:\/\/www.romaoggi.eu\/wp-content\/uploads\/2019\/04\/Oggi-Sposo_sabato-4-maggio_Teatro-Garbatella_loc.jpg","datePublished":"2019-04-27T17:08:37+00:00","description":"https:\/\/www.youtube.com\/watch?v=KrdjszQ6ipg&amp;t=59s OGGI SPOSO di e con\u00a0Matteo Cirillo regia\u00a0Duilio Paciello produzione\u00a0Progetto Goldstein \u201cMiglior","breadcrumb":{"@id":"https:\/\/www.romaoggi.eu\/index.php\/2019\/04\/27\/oggi-sposo-il-monologo-di-matteo-cirillo-sullamore-in-scena-al-teatro-garbatella\/#breadcrumb"},"inLanguage":"it-IT","potentialAction":[{"@type":"ReadAction","target":["https:\/\/www.romaoggi.eu\/index.php\/2019\/04\/27\/oggi-sposo-il-monologo-di-matteo-cirillo-sullamore-in-scena-al-teatro-garbatella\/"]}]},{"@type":"ImageObject","inLanguage":"it-IT","@id":"https:\/\/www.romaoggi.eu\/index.php\/2019\/04\/27\/oggi-sposo-il-monologo-di-matteo-cirillo-sullamore-in-scena-al-teatro-garbatella\/#primaryimage","url":"https:\/\/www.romaoggi.eu\/wp-content\/uploads\/2019\/04\/Oggi-Sposo_sabato-4-maggio_Teatro-Garbatella_loc.jpg","contentUrl":"https:\/\/www.romaoggi.eu\/wp-content\/uploads\/2019\/04\/Oggi-Sposo_sabato-4-maggio_Teatro-Garbatella_loc.jpg","width":1748,"height":2185,"caption":"Alt text Oggi sposo"},{"@type":"BreadcrumbList","@id":"https:\/\/www.romaoggi.eu\/index.php\/2019\/04\/27\/oggi-sposo-il-monologo-di-matteo-cirillo-sullamore-in-scena-al-teatro-garbatella\/#breadcrumb","itemListElement":[{"@type":"ListItem","position":1,"name":"Home","item":"https:\/\/www.romaoggi.eu\/"},{"@type":"ListItem","position":2,"name":"&#8220;Oggi sposo&#8221; il monologo di Matteo Cirillo sull&#8217;amore in scena al Teatro Garbatella"}]},{"@type":"WebSite","@id":"https:\/\/www.romaoggi.eu\/#website","url":"https:\/\/www.romaoggi.eu\/","name":"roma oggi","description":"Interesting News for Interesting people","publisher":{"@id":"https:\/\/www.romaoggi.eu\/#organization"},"potentialAction":[{"@type":"SearchAction","target":{"@type":"EntryPoint","urlTemplate":"https:\/\/www.romaoggi.eu\/?s={search_term_string}"},"query-input":{"@type":"PropertyValueSpecification","valueRequired":true,"valueName":"search_term_string"}}],"inLanguage":"it-IT"},{"@type":"Organization","@id":"https:\/\/www.romaoggi.eu\/#organization","name":"RomaOggi","url":"https:\/\/www.romaoggi.eu\/","logo":{"@type":"ImageObject","inLanguage":"it-IT","@id":"https:\/\/www.romaoggi.eu\/#\/schema\/logo\/image\/","url":"https:\/\/www.romaoggi.eu\/wp-content\/uploads\/2017\/04\/logowp.jpg","contentUrl":"https:\/\/www.romaoggi.eu\/wp-content\/uploads\/2017\/04\/logowp.jpg","width":300,"height":133,"caption":"RomaOggi"},"image":{"@id":"https:\/\/www.romaoggi.eu\/#\/schema\/logo\/image\/"},"sameAs":["https:\/\/www.facebook.com\/RomaOggi-841544845954114","https:\/\/x.com\/romaoggi_eu"]},{"@type":"Person","@id":"https:\/\/www.romaoggi.eu\/#\/schema\/person\/cc12bfd93370392d7e41d243e47e6681","name":"Flavio","image":{"@type":"ImageObject","inLanguage":"it-IT","@id":"https:\/\/secure.gravatar.com\/avatar\/7e044ce830ea97853e01500437b37dff4a622b20a194e4d0efe9b67e918f19e5?s=96&d=mm&r=g","url":"https:\/\/secure.gravatar.com\/avatar\/7e044ce830ea97853e01500437b37dff4a622b20a194e4d0efe9b67e918f19e5?s=96&d=mm&r=g","contentUrl":"https:\/\/secure.gravatar.com\/avatar\/7e044ce830ea97853e01500437b37dff4a622b20a194e4d0efe9b67e918f19e5?s=96&d=mm&r=g","caption":"Flavio"},"url":"https:\/\/www.romaoggi.eu\/index.php\/author\/cristiano\/"}]}},"_links":{"self":[{"href":"https:\/\/www.romaoggi.eu\/index.php\/wp-json\/wp\/v2\/posts\/21369","targetHints":{"allow":["GET"]}}],"collection":[{"href":"https:\/\/www.romaoggi.eu\/index.php\/wp-json\/wp\/v2\/posts"}],"about":[{"href":"https:\/\/www.romaoggi.eu\/index.php\/wp-json\/wp\/v2\/types\/post"}],"author":[{"embeddable":true,"href":"https:\/\/www.romaoggi.eu\/index.php\/wp-json\/wp\/v2\/users\/5"}],"replies":[{"embeddable":true,"href":"https:\/\/www.romaoggi.eu\/index.php\/wp-json\/wp\/v2\/comments?post=21369"}],"version-history":[{"count":1,"href":"https:\/\/www.romaoggi.eu\/index.php\/wp-json\/wp\/v2\/posts\/21369\/revisions"}],"predecessor-version":[{"id":21372,"href":"https:\/\/www.romaoggi.eu\/index.php\/wp-json\/wp\/v2\/posts\/21369\/revisions\/21372"}],"wp:featuredmedia":[{"embeddable":true,"href":"https:\/\/www.romaoggi.eu\/index.php\/wp-json\/wp\/v2\/media\/21371"}],"wp:attachment":[{"href":"https:\/\/www.romaoggi.eu\/index.php\/wp-json\/wp\/v2\/media?parent=21369"}],"wp:term":[{"taxonomy":"category","embeddable":true,"href":"https:\/\/www.romaoggi.eu\/index.php\/wp-json\/wp\/v2\/categories?post=21369"},{"taxonomy":"post_tag","embeddable":true,"href":"https:\/\/www.romaoggi.eu\/index.php\/wp-json\/wp\/v2\/tags?post=21369"}],"curies":[{"name":"wp","href":"https:\/\/api.w.org\/{rel}","templated":true}]}}