{"id":21628,"date":"2019-05-16T07:22:56","date_gmt":"2019-05-16T05:22:56","guid":{"rendered":"http:\/\/www.romaoggi.eu\/?p=21628"},"modified":"2019-05-16T07:22:56","modified_gmt":"2019-05-16T05:22:56","slug":"i-giorni-della-comune-dedicata-a-bertolt-brecht-e-alla-drammaturgia-contemporanea-al-teatro-studio-uno","status":"publish","type":"post","link":"https:\/\/www.romaoggi.eu\/index.php\/2019\/05\/16\/i-giorni-della-comune-dedicata-a-bertolt-brecht-e-alla-drammaturgia-contemporanea-al-teatro-studio-uno\/","title":{"rendered":"\u201cI Giorni della Comune\u201d dedicata a Bertolt Brecht e alla drammaturgia contemporanea al Teatro Studio Uno"},"content":{"rendered":"<p align=\"CENTER\"><span style=\"color: #ff0000;\"><span style=\"font-family: Arial, sans-serif;\"><span style=\"font-size: xx-large;\"><b>I GIORNI DELLA COMUNE<\/b><\/span><\/span><\/span><\/p>\n<p align=\"CENTER\"><span style=\"color: #ff0000;\"><span style=\"font-family: Arial, sans-serif;\"><span style=\"font-size: x-large;\"><b>Rassegna teatrale<\/b><\/span><\/span><\/span><\/p>\n<p align=\"CENTER\"><span style=\"color: #000000;\"><span style=\"font-family: Arial, sans-serif;\"><span style=\"font-size: small;\"><span style=\"font-size: large;\">Vincitore Bando Pillole Direzione Artistica 2018\/19<\/span><span style=\"font-size: medium;\"><br \/>\n<\/span><\/span><\/span><\/span><\/p>\n<p align=\"CENTER\"><span style=\"color: #000000;\"><span style=\"font-family: Arial, sans-serif;\"><span style=\"font-size: medium;\"><b>Ultime settimane dal 16 al 26 maggio 2019<\/b><\/span><\/span><\/span><\/p>\n<p align=\"CENTER\"><span style=\"color: #000000;\"><span style=\"font-family: Arial, sans-serif;\"><span style=\"font-size: medium;\"><span style=\"color: #ff0000;\"><b>Teatro Studio Uno<\/b><\/span><span style=\"color: #222222;\">\u00a0<\/span><b>via Carlo della Rocca, 6 Roma<\/b><\/span><\/span><\/span><\/p>\n<p align=\"JUSTIFY\"><span style=\"color: #000000;\"><span style=\"font-family: Arial, sans-serif;\"><span style=\"font-size: small;\">Prosegue al\u00a0<b>Teatro Studio Uno<\/b>\u00a0la rassegna\u00a0\u201c<b>I Giorni della Comune\u201d<\/b>, progetto vincitore del bando\u00a0<b>Pillole 2018\/19<\/b>\u00a0come\u00a0<b>miglior proposta<\/b>\u00a0<b>multidisciplinare per la gestione di attivit\u00e0 teatrali<\/b>, che\u00a0dal 2 maggio illumina\u00a0il finale di stagione del teatro off romano\u00a0con\u00a0<b>spettacoli<\/b>,\u00a0<b>incontri<\/b>,\u00a0<b>reading<\/b>,\u00a0<b>brunch domenicali\u00a0<\/b>e\u00a0<b>appuntamenti<\/b>\u00a0con professionisti fino al 26 maggio, sotto il segno del\u00a0<b>teatro epico\u00a0<\/b>di\u00a0<b>ispirazione brechtiana\u00a0<\/b>e\u00a0<b>della drammaturgia contemporanea<\/b>.<\/span><\/span><\/span><\/p>\n<p align=\"JUSTIFY\"><span style=\"color: #000000;\"><span style=\"font-family: Arial, sans-serif;\"><span style=\"font-size: small;\">Un\u00a0<b>evento<\/b>\u00a0per\u00a0<b>spettatori<\/b>\u00a0e\u00a0<b>compagnie<\/b>\u00a0che sta stimolando\u00a0<b>nuove sinergie\u00a0<\/b>e\u00a0<b>riflessioni\u00a0<\/b>anche grazie alla partecipazione di maestri come\u00a0<b>Sergio Basile<\/b>,\u00a0<b>Giancarlo Sammartano\u00a0<\/b>e\u00a0<b>Ugo Maria Morosi\u00a0<\/b>con lezioni seminario\u00a0sul drammaturgo e regista tedesco.<\/span><\/span><\/span><\/p>\n<p align=\"JUSTIFY\"><img loading=\"lazy\" decoding=\"async\" class=\"aligncenter wp-image-21630 size-full\" src=\"https:\/\/www.romaoggi.eu\/wp-content\/uploads\/2019\/05\/Mutter_foto2_I-Giorni-della-Comune_2-26-maggio_2019_Teatro-Studio-Uno_Roma_2.jpg\" alt=\"Alt text Teatro Studio Uno\" width=\"960\" height=\"720\" srcset=\"https:\/\/www.romaoggi.eu\/wp-content\/uploads\/2019\/05\/Mutter_foto2_I-Giorni-della-Comune_2-26-maggio_2019_Teatro-Studio-Uno_Roma_2.jpg 960w, https:\/\/www.romaoggi.eu\/wp-content\/uploads\/2019\/05\/Mutter_foto2_I-Giorni-della-Comune_2-26-maggio_2019_Teatro-Studio-Uno_Roma_2-300x225.jpg 300w, https:\/\/www.romaoggi.eu\/wp-content\/uploads\/2019\/05\/Mutter_foto2_I-Giorni-della-Comune_2-26-maggio_2019_Teatro-Studio-Uno_Roma_2-326x245.jpg 326w, https:\/\/www.romaoggi.eu\/wp-content\/uploads\/2019\/05\/Mutter_foto2_I-Giorni-della-Comune_2-26-maggio_2019_Teatro-Studio-Uno_Roma_2-80x60.jpg 80w\" sizes=\"auto, (max-width: 960px) 100vw, 960px\" \/><\/p>\n<p align=\"JUSTIFY\"><span style=\"color: #000000;\"><span style=\"font-family: Arial, sans-serif;\"><span style=\"font-size: small;\">Dopo il\u00a0<b>successo\u00a0<\/b>delle\u00a0<b>prime due settimane<\/b>,\u00a0<b>la programmazione\u00a0<\/b>continua\u00a0<b>dal 16 al 19 maggio<\/b>\u00a0con due spettacoli al loro debutto: in Sala Specchi \u201c<b>1947 ALLARME ROSSO A HOLLYWOOD MCCaRTHY vs BRECHT\u201d<\/b>\u00a0di\u00a0<b>Sergio Basile<\/b>,\u00a0in scena insieme a\u00a0<b>Luigi Mezzanotte, Elena Fanucci, Giuseppe Argir\u00f2, Giulia Pera<\/b>\u00a0e la partecipazione straordinaria di\u00a0<b>Giancarlo Sammartano<\/b>, racconta il periodo della celebre \u201ccaccia alle streghe\u201d, perpetrata dal presidente della commissione parlamentare d\u2019inchiesta, Joseph McCarty, in cui\u00a0Bertolt Brecht venne accusato di attivit\u00e0 anti americane,\u00a0tra citazioni di Brecht, poesie, stralci delle sue opere teatrali e incursioni di\u00a0<b>ospiti diversi in ogni serata<\/b>; in Sala Teatro in scena \u201c<b>L\u2019INCANTO\u201d\u00a0<\/b>di\u00a0<b>Enrico Sacc\u00e0\u00a0<\/b>con\u00a0<b>Michele Pagliai, Irma Ridolfini<\/b>,\u00a0<b>Paolo Zaccaria<\/b>,\u00a0quest&#8217;ultimo anche regista di un lavoro\u00a0che con crudezza affronta tematiche e situazioni fortemente contemporanee come il tema del \u201cfallimento\u201d. La storia di Giorgio Nummo, titolare del ristorante in via di smantellamento in cui \u00e8 ambientata la commedia, pu\u00f2 essere quella di molti commercianti costretti a chiudere bottega nella nostra penisola. Tre personaggi animano questo luogo destinato, da l\u00ec a poco, a diventare disabitato. In questa storia, tanto quotidiana quanto epica , l&#8217;autore riesce a muoversi a tratti con leggerezza. Con ironia. Quella stessa ironia che l&#8217;essere umano riesce a scovare dentro di s\u00e9 nei momenti pi\u00f9 bui.<\/span><\/span><\/span><\/p>\n<p align=\"JUSTIFY\"><img loading=\"lazy\" decoding=\"async\" class=\"aligncenter wp-image-21631 size-full\" src=\"https:\/\/www.romaoggi.eu\/wp-content\/uploads\/2019\/05\/Lincanto_I-Giorni-della-Comune_2-26-maggio_2019_Teatro-Studio-Uno_Roma_2.jpg\" alt=\"Alt text Teatro Studio Uno\" width=\"960\" height=\"640\" srcset=\"https:\/\/www.romaoggi.eu\/wp-content\/uploads\/2019\/05\/Lincanto_I-Giorni-della-Comune_2-26-maggio_2019_Teatro-Studio-Uno_Roma_2.jpg 960w, https:\/\/www.romaoggi.eu\/wp-content\/uploads\/2019\/05\/Lincanto_I-Giorni-della-Comune_2-26-maggio_2019_Teatro-Studio-Uno_Roma_2-300x200.jpg 300w\" sizes=\"auto, (max-width: 960px) 100vw, 960px\" \/><\/p>\n<p align=\"JUSTIFY\"><span style=\"color: #000000;\"><span style=\"font-family: Arial, sans-serif;\"><span style=\"font-size: small;\">L&#8217;ultima settimana della rassegna da\u00a0<b>gioved\u00ec 23 fino a domenica 26 maggio<\/b>\u00a0vedr\u00e0 il\u00a0<b>debutto<\/b>\u00a0in\u00a0<b>prima assoluta\u00a0<\/b>dello spettacolo di\u00a0<b>Lorenzo De Liberato \u201cMUTTER\u201d<\/b>, protagonisti in scena\u00a0<b>Giordana Morandini,<\/b>\u00a0<b>Fabrizio Milano, Irene Vannelli, Lorenzo Garufo, Francesca Bellucci, Bruno Ricci<\/b>.\u00a0\u201cMutter\u201d\u00a0\u00e8 la storia di una donna che cerca di sopravvivere ad ogni costo, una donna prima che una madre perch\u00e9 spogliata da quell\u2019istinto materno che dovrebbe anteporre il futuro dei figli al proprio, una donna che non. conosce pi\u00f9 umanit\u00e0 sia per scelta che per necessit\u00e0, che non conosce l\u2019amore, se non per quell\u2019ultimo residuo calore che pu\u00f2 provare una madre di fronte al dolore e alla privazione. Anne Fierling ha dovuto imparare ad adattarsi per impedire al mondo di inghiottirla, ha dovuto imparare a rinunciare ai propri figli e in un certo senso di rinunciare anche a s\u00e9 stessa, diventando solo una figura vuota, un ingranaggio in un sistema fagocitatore di umanit\u00e0. Nato dagli echi del capolavoro brechtiano \u201c<i>Madre Coraggio e i suoi figli<\/i>\u201d, \u201cMutter\u201d\u00a0\u00e8 uno spettacolo violento, nervoso quasi isterico, dove i suoi personaggi sono primitivi e come bestie si gettano sull\u2019osso per rosicchiarne quel poco di carne che \u00e8 rimasta.<\/span><\/span><\/span><\/p>\n<p align=\"JUSTIFY\"><img loading=\"lazy\" decoding=\"async\" class=\"aligncenter wp-image-21633 size-full\" src=\"https:\/\/www.romaoggi.eu\/wp-content\/uploads\/2019\/05\/Mutter_foto4_I-Giorni-della-Comune_2-26-maggio_2019_Teatro-Studio-Uno_Roma_2.jpg\" alt=\"Alt text Teatro Studio Uno\" width=\"504\" height=\"378\" srcset=\"https:\/\/www.romaoggi.eu\/wp-content\/uploads\/2019\/05\/Mutter_foto4_I-Giorni-della-Comune_2-26-maggio_2019_Teatro-Studio-Uno_Roma_2.jpg 504w, https:\/\/www.romaoggi.eu\/wp-content\/uploads\/2019\/05\/Mutter_foto4_I-Giorni-della-Comune_2-26-maggio_2019_Teatro-Studio-Uno_Roma_2-300x225.jpg 300w, https:\/\/www.romaoggi.eu\/wp-content\/uploads\/2019\/05\/Mutter_foto4_I-Giorni-della-Comune_2-26-maggio_2019_Teatro-Studio-Uno_Roma_2-326x245.jpg 326w, https:\/\/www.romaoggi.eu\/wp-content\/uploads\/2019\/05\/Mutter_foto4_I-Giorni-della-Comune_2-26-maggio_2019_Teatro-Studio-Uno_Roma_2-80x60.jpg 80w\" sizes=\"auto, (max-width: 504px) 100vw, 504px\" \/><\/p>\n<p align=\"JUSTIFY\"><span style=\"color: #000000;\"><span style=\"font-family: Arial, sans-serif;\"><span style=\"font-size: medium;\"><span style=\"font-size: small;\">Continuano le \u201cIniziative de La Comune\u201d con gli eventi collaterali della rassegna: gli ultimi incontri del sabato con professionisti e docenti del teatro italiano e le<\/span>\u00a0<span style=\"font-size: small;\">lezioni\/seminario su Bertolt Brecht, il<\/span>\u00a0<span style=\"font-size: small;\"><b>18 maggio<\/b><\/span>\u00a0<span style=\"font-size: small;\">insieme<\/span>\u00a0<span style=\"font-size: small;\"><b>Sergio Basile<\/b><\/span>\u00a0<span style=\"font-size: small;\">e\u00a0<\/span><span style=\"font-size: small;\"><b>Giancarlo Sammartano<\/b><\/span><span style=\"font-size: small;\">,<\/span>\u00a0<span style=\"font-size: small;\">il\u00a0<\/span><span style=\"font-size: small;\"><b>25 maggio<\/b><\/span>\u00a0<span style=\"font-size: small;\">con\u00a0<\/span><span style=\"font-size: small;\"><b>Ugo Maria Morosi<\/b><\/span><span style=\"font-size: small;\">;<\/span>\u00a0<span style=\"font-size: small;\">i\u00a0<\/span><span style=\"font-size: small;\"><b>BRUNCH letterari della domenica<\/b><\/span><span style=\"font-size: small;\">,\u00a0<\/span><span style=\"font-size: small;\"><b>19\u00a0<\/b><\/span><span style=\"font-size: small;\">e\u00a0<\/span><span style=\"font-size: small;\"><b>26 maggio,\u00a0<\/b><\/span><span style=\"font-size: small;\">dove la<\/span>\u00a0<span style=\"font-size: small;\"><b>narrazione\u00a0<\/b><\/span><span style=\"font-size: small;\">e la<\/span>\u00a0<span style=\"font-size: small;\"><b>convivialit\u00e0 sono protagoniste\u00a0<\/b><\/span><span style=\"font-size: small;\">grazie alle storie<\/span>\u00a0<span style=\"font-size: small;\">da ascoltare come quando i racconti nascevano intorno al fuoco, un modo diverso, piacevole, ma allo stesso tempo antico di trascorrere il pranzo della domenica.<\/span><\/span><\/span><\/span><\/p>\n<p align=\"CENTER\"><span style=\"color: #000000;\"><span style=\"font-family: Arial, sans-serif;\"><span style=\"font-size: small;\"><b>Teatro Studio Uno, Via Carlo della Rocca, 6 (Torpignattara).<\/b><\/span><\/span><\/span><\/p>\n<p align=\"CENTER\"><span style=\"color: #000000;\"><span style=\"font-family: Arial, sans-serif;\"><span style=\"font-size: small;\"><b>Ingresso Spettacoli 12 euro. Tessera associativa gratuita<br \/>\n&#8220;Allarme rosso&#8221; e &#8220;L&#8217;incanto&#8221;: Giov \u2013 Sab ore 21.00, Dom. ore 18.00<\/b><\/span><\/span><\/span><\/p>\n<p align=\"CENTER\"><span style=\"color: #000000;\">\u201c<span style=\"font-family: Arial, sans-serif;\"><span style=\"font-size: small;\"><b>Mutter\u201d:Giov- Dom ore 21:00<\/b><\/span><\/span><\/span><\/p>\n<p align=\"CENTER\"><span style=\"color: #000000;\"><span style=\"font-family: Arial, sans-serif;\"><span style=\"font-size: small;\"><b>Incontri con i Maestri \u2013 Sabato dalle 18:00 &#8211; 19:30 Ingresso Gratuito<\/b><\/span><\/span><\/span><\/p>\n<p align=\"CENTER\"><span style=\"color: #000000;\"><span style=\"font-family: Arial, sans-serif;\"><span style=\"font-size: small;\"><span style=\"color: #222222;\"><b>Brunch lettera<\/b><\/span><b>ri<\/b>\u00a0<span style=\"color: #222222;\">\u2013\u00a0<\/span><span style=\"color: #222222;\"><b>Domenica dalle 12:00 alle 14:00\u00a0<\/b><\/span><b>Ingresso 10 euro con consumazione<\/b><\/span><\/span><\/span><\/p>\n<p align=\"CENTER\"><span style=\"color: #000000;\"><span style=\"font-family: Arial, sans-serif;\"><span style=\"font-size: small;\"><br \/>\n<\/span><\/span><\/span><span style=\"color: #000000;\"><span style=\"font-family: Arial, sans-serif;\"><span style=\"font-size: small;\"><b>PRENOTAZIONI<\/b><\/span><\/span><\/span><span style=\"color: #000000;\"><span style=\"font-family: Helvetica Neue, Helvetica, Arial, sans-serif;\"><span style=\"font-size: small;\">\u00a0<\/span><\/span><\/span><a href=\"http:\/\/j.mp\/prenotaTS1\" target=\"_blank\" rel=\"noopener noreferrer\"><span style=\"color: #1155cc;\"><span style=\"font-family: Arial, sans-serif;\"><span style=\"font-size: small;\"><u><b>http:\/\/j.mp\/prenotaTS1<\/b><\/u><\/span><\/span><\/span><\/a><\/p>\n<p align=\"CENTER\"><span style=\"color: #000000;\"><span style=\"font-family: Arial, sans-serif;\"><span style=\"font-size: small;\"><b>Per info: 3494356219- 3298027943<\/b><\/span><\/span><\/span><\/p>\n<p align=\"CENTER\"><a href=\"http:\/\/www.teatrostudiouno.com\/\" target=\"_blank\" rel=\"noopener noreferrer\"><span style=\"color: #0000ff;\"><span style=\"font-family: Arial, sans-serif;\"><span style=\"font-size: small;\"><u><b>www.teatrostudiouno.com<\/b><\/u><\/span><\/span><\/span><\/a><span style=\"color: #1155cc;\"><span style=\"font-family: Arial, sans-serif;\"><span style=\"font-size: small;\"><u><b>\u00a0<\/b><\/u><\/span><\/span><\/span><span style=\"color: #0070c0;\"><span style=\"font-family: Helvetica Neue, Helvetica, Arial, sans-serif;\"><span style=\"font-size: small;\">\u2013\u00a0<\/span><\/span><\/span><a href=\"mailto:info.teatrostudiouno@gmail.com\" target=\"_blank\" rel=\"noopener noreferrer\"><span style=\"color: #1155cc;\"><span style=\"font-family: Arial, sans-serif;\"><span style=\"font-size: small;\"><u><b>info.teatrostudiouno@gmail.com<\/b><\/u><\/span><\/span><\/span><\/a><\/p>\n<p align=\"CENTER\"><a href=\"https:\/\/www.romaoggi.eu\/\"><b>RomaOggi.eu<\/b><\/a><\/p>\n<p align=\"CENTER\"><a href=\"https:\/\/www.romaoggi.eu\/\"><b>Leggi il prossimo articolo \u2192<\/b><\/a><\/p>\n<p align=\"CENTER\">\u201c<i><b>Interesting news for interesting people\u201d<\/b><\/i><\/p>\n","protected":false},"excerpt":{"rendered":"<div class=\"mh-excerpt\"><p>I GIORNI DELLA COMUNE Rassegna teatrale Vincitore Bando Pillole Direzione Artistica 2018\/19 Ultime settimane dal 16 al 26 maggio 2019 Teatro Studio Uno\u00a0via Carlo della Rocca, 6 Roma Prosegue al\u00a0Teatro Studio Uno\u00a0la rassegna\u00a0\u201cI Giorni della <a class=\"mh-excerpt-more\" href=\"https:\/\/www.romaoggi.eu\/index.php\/2019\/05\/16\/i-giorni-della-comune-dedicata-a-bertolt-brecht-e-alla-drammaturgia-contemporanea-al-teatro-studio-uno\/\" title=\"\u201cI Giorni della Comune\u201d dedicata a Bertolt Brecht e alla drammaturgia contemporanea al Teatro Studio Uno\">[&#8230;]<\/a><\/p>\n<\/div>","protected":false},"author":5,"featured_media":21629,"comment_status":"closed","ping_status":"open","sticky":false,"template":"","format":"standard","meta":{"_sitemap_exclude":false,"_sitemap_priority":"","_sitemap_frequency":"","footnotes":""},"categories":[4281],"tags":[12245,12602,12601,109,817,634,85,12567],"class_list":["post-21628","post","type-post","status-publish","format-standard","has-post-thumbnail","hentry","category-teatro","tag-12245","tag-bertolt-brecht","tag-i-giorni-della-comune","tag-roma","tag-romaoggi","tag-rome","tag-teatro","tag-teatro-studio-uno"],"yoast_head":"<!-- This site is optimized with the Yoast SEO plugin v27.5 - https:\/\/yoast.com\/product\/yoast-seo-wordpress\/ -->\n<title>\u201cI Giorni della Comune\u201d dedicata a Bertolt Brecht e alla drammaturgia contemporanea al Teatro Studio Uno<\/title>\n<meta name=\"description\" content=\"I GIORNI DELLA COMUNE Rassegna teatrale Vincitore Bando Pillole Direzione Artistica 2018\/19 Ultime settimane dal 16 al 26 maggio 2019 Teatro Studio\" \/>\n<meta name=\"robots\" content=\"index, follow, max-snippet:-1, max-image-preview:large, max-video-preview:-1\" \/>\n<link rel=\"canonical\" href=\"https:\/\/www.romaoggi.eu\/index.php\/2019\/05\/16\/i-giorni-della-comune-dedicata-a-bertolt-brecht-e-alla-drammaturgia-contemporanea-al-teatro-studio-uno\/\" \/>\n<meta property=\"og:locale\" content=\"it_IT\" \/>\n<meta property=\"og:type\" content=\"article\" \/>\n<meta property=\"og:title\" content=\"\u201cI Giorni della Comune\u201d dedicata a Bertolt Brecht e alla drammaturgia contemporanea al Teatro Studio Uno\" \/>\n<meta property=\"og:description\" content=\"I GIORNI DELLA COMUNE Rassegna teatrale Vincitore Bando Pillole Direzione Artistica 2018\/19 Ultime settimane dal 16 al 26 maggio 2019 Teatro Studio\" \/>\n<meta property=\"og:url\" content=\"https:\/\/www.romaoggi.eu\/index.php\/2019\/05\/16\/i-giorni-della-comune-dedicata-a-bertolt-brecht-e-alla-drammaturgia-contemporanea-al-teatro-studio-uno\/\" \/>\n<meta property=\"og:site_name\" content=\"roma oggi\" \/>\n<meta property=\"article:publisher\" content=\"https:\/\/www.facebook.com\/RomaOggi-841544845954114\" \/>\n<meta property=\"article:published_time\" content=\"2019-05-16T05:22:56+00:00\" \/>\n<meta property=\"og:image\" content=\"https:\/\/www.romaoggi.eu\/wp-content\/uploads\/2019\/05\/Mutter_foto3_I-Giorni-della-Comune_2-26-maggio_2019_Teatro-Studio-Uno_Roma_2.jpg\" \/>\n\t<meta property=\"og:image:width\" content=\"756\" \/>\n\t<meta property=\"og:image:height\" content=\"1008\" \/>\n\t<meta property=\"og:image:type\" content=\"image\/jpeg\" \/>\n<meta name=\"author\" content=\"Flavio\" \/>\n<meta name=\"twitter:card\" content=\"summary_large_image\" \/>\n<meta name=\"twitter:creator\" content=\"@romaoggi_eu\" \/>\n<meta name=\"twitter:site\" content=\"@romaoggi_eu\" \/>\n<meta name=\"twitter:label1\" content=\"Scritto da\" \/>\n\t<meta name=\"twitter:data1\" content=\"Flavio\" \/>\n\t<meta name=\"twitter:label2\" content=\"Tempo di lettura stimato\" \/>\n\t<meta name=\"twitter:data2\" content=\"3 minuti\" \/>\n<script type=\"application\/ld+json\" class=\"yoast-schema-graph\">{\"@context\":\"https:\\\/\\\/schema.org\",\"@graph\":[{\"@type\":\"Article\",\"@id\":\"https:\\\/\\\/www.romaoggi.eu\\\/index.php\\\/2019\\\/05\\\/16\\\/i-giorni-della-comune-dedicata-a-bertolt-brecht-e-alla-drammaturgia-contemporanea-al-teatro-studio-uno\\\/#article\",\"isPartOf\":{\"@id\":\"https:\\\/\\\/www.romaoggi.eu\\\/index.php\\\/2019\\\/05\\\/16\\\/i-giorni-della-comune-dedicata-a-bertolt-brecht-e-alla-drammaturgia-contemporanea-al-teatro-studio-uno\\\/\"},\"author\":{\"name\":\"Flavio\",\"@id\":\"https:\\\/\\\/www.romaoggi.eu\\\/#\\\/schema\\\/person\\\/cc12bfd93370392d7e41d243e47e6681\"},\"headline\":\"\u201cI Giorni della Comune\u201d dedicata a Bertolt Brecht e alla drammaturgia contemporanea al Teatro Studio Uno\",\"datePublished\":\"2019-05-16T05:22:56+00:00\",\"mainEntityOfPage\":{\"@id\":\"https:\\\/\\\/www.romaoggi.eu\\\/index.php\\\/2019\\\/05\\\/16\\\/i-giorni-della-comune-dedicata-a-bertolt-brecht-e-alla-drammaturgia-contemporanea-al-teatro-studio-uno\\\/\"},\"wordCount\":709,\"publisher\":{\"@id\":\"https:\\\/\\\/www.romaoggi.eu\\\/#organization\"},\"image\":{\"@id\":\"https:\\\/\\\/www.romaoggi.eu\\\/index.php\\\/2019\\\/05\\\/16\\\/i-giorni-della-comune-dedicata-a-bertolt-brecht-e-alla-drammaturgia-contemporanea-al-teatro-studio-uno\\\/#primaryimage\"},\"thumbnailUrl\":\"https:\\\/\\\/www.romaoggi.eu\\\/wp-content\\\/uploads\\\/2019\\\/05\\\/Mutter_foto3_I-Giorni-della-Comune_2-26-maggio_2019_Teatro-Studio-Uno_Roma_2.jpg\",\"keywords\":[\"2019\",\"Bertolt Brecht\",\"I Giorni della Comune\",\"roma\",\"romaoggi\",\"rome\",\"teatro\",\"Teatro Studio Uno\"],\"articleSection\":[\"teatro\"],\"inLanguage\":\"it-IT\"},{\"@type\":\"WebPage\",\"@id\":\"https:\\\/\\\/www.romaoggi.eu\\\/index.php\\\/2019\\\/05\\\/16\\\/i-giorni-della-comune-dedicata-a-bertolt-brecht-e-alla-drammaturgia-contemporanea-al-teatro-studio-uno\\\/\",\"url\":\"https:\\\/\\\/www.romaoggi.eu\\\/index.php\\\/2019\\\/05\\\/16\\\/i-giorni-della-comune-dedicata-a-bertolt-brecht-e-alla-drammaturgia-contemporanea-al-teatro-studio-uno\\\/\",\"name\":\"\u201cI Giorni della Comune\u201d dedicata a Bertolt Brecht e alla drammaturgia contemporanea al Teatro Studio Uno\",\"isPartOf\":{\"@id\":\"https:\\\/\\\/www.romaoggi.eu\\\/#website\"},\"primaryImageOfPage\":{\"@id\":\"https:\\\/\\\/www.romaoggi.eu\\\/index.php\\\/2019\\\/05\\\/16\\\/i-giorni-della-comune-dedicata-a-bertolt-brecht-e-alla-drammaturgia-contemporanea-al-teatro-studio-uno\\\/#primaryimage\"},\"image\":{\"@id\":\"https:\\\/\\\/www.romaoggi.eu\\\/index.php\\\/2019\\\/05\\\/16\\\/i-giorni-della-comune-dedicata-a-bertolt-brecht-e-alla-drammaturgia-contemporanea-al-teatro-studio-uno\\\/#primaryimage\"},\"thumbnailUrl\":\"https:\\\/\\\/www.romaoggi.eu\\\/wp-content\\\/uploads\\\/2019\\\/05\\\/Mutter_foto3_I-Giorni-della-Comune_2-26-maggio_2019_Teatro-Studio-Uno_Roma_2.jpg\",\"datePublished\":\"2019-05-16T05:22:56+00:00\",\"description\":\"I GIORNI DELLA COMUNE Rassegna teatrale Vincitore Bando Pillole Direzione Artistica 2018\\\/19 Ultime settimane dal 16 al 26 maggio 2019 Teatro Studio\",\"breadcrumb\":{\"@id\":\"https:\\\/\\\/www.romaoggi.eu\\\/index.php\\\/2019\\\/05\\\/16\\\/i-giorni-della-comune-dedicata-a-bertolt-brecht-e-alla-drammaturgia-contemporanea-al-teatro-studio-uno\\\/#breadcrumb\"},\"inLanguage\":\"it-IT\",\"potentialAction\":[{\"@type\":\"ReadAction\",\"target\":[\"https:\\\/\\\/www.romaoggi.eu\\\/index.php\\\/2019\\\/05\\\/16\\\/i-giorni-della-comune-dedicata-a-bertolt-brecht-e-alla-drammaturgia-contemporanea-al-teatro-studio-uno\\\/\"]}]},{\"@type\":\"ImageObject\",\"inLanguage\":\"it-IT\",\"@id\":\"https:\\\/\\\/www.romaoggi.eu\\\/index.php\\\/2019\\\/05\\\/16\\\/i-giorni-della-comune-dedicata-a-bertolt-brecht-e-alla-drammaturgia-contemporanea-al-teatro-studio-uno\\\/#primaryimage\",\"url\":\"https:\\\/\\\/www.romaoggi.eu\\\/wp-content\\\/uploads\\\/2019\\\/05\\\/Mutter_foto3_I-Giorni-della-Comune_2-26-maggio_2019_Teatro-Studio-Uno_Roma_2.jpg\",\"contentUrl\":\"https:\\\/\\\/www.romaoggi.eu\\\/wp-content\\\/uploads\\\/2019\\\/05\\\/Mutter_foto3_I-Giorni-della-Comune_2-26-maggio_2019_Teatro-Studio-Uno_Roma_2.jpg\",\"width\":756,\"height\":1008,\"caption\":\"Alt text Teatro Studio Uno\"},{\"@type\":\"BreadcrumbList\",\"@id\":\"https:\\\/\\\/www.romaoggi.eu\\\/index.php\\\/2019\\\/05\\\/16\\\/i-giorni-della-comune-dedicata-a-bertolt-brecht-e-alla-drammaturgia-contemporanea-al-teatro-studio-uno\\\/#breadcrumb\",\"itemListElement\":[{\"@type\":\"ListItem\",\"position\":1,\"name\":\"Home\",\"item\":\"https:\\\/\\\/www.romaoggi.eu\\\/\"},{\"@type\":\"ListItem\",\"position\":2,\"name\":\"\u201cI Giorni della Comune\u201d dedicata a Bertolt Brecht e alla drammaturgia contemporanea al Teatro Studio Uno\"}]},{\"@type\":\"WebSite\",\"@id\":\"https:\\\/\\\/www.romaoggi.eu\\\/#website\",\"url\":\"https:\\\/\\\/www.romaoggi.eu\\\/\",\"name\":\"roma oggi\",\"description\":\"Interesting News for Interesting people\",\"publisher\":{\"@id\":\"https:\\\/\\\/www.romaoggi.eu\\\/#organization\"},\"potentialAction\":[{\"@type\":\"SearchAction\",\"target\":{\"@type\":\"EntryPoint\",\"urlTemplate\":\"https:\\\/\\\/www.romaoggi.eu\\\/?s={search_term_string}\"},\"query-input\":{\"@type\":\"PropertyValueSpecification\",\"valueRequired\":true,\"valueName\":\"search_term_string\"}}],\"inLanguage\":\"it-IT\"},{\"@type\":\"Organization\",\"@id\":\"https:\\\/\\\/www.romaoggi.eu\\\/#organization\",\"name\":\"RomaOggi\",\"url\":\"https:\\\/\\\/www.romaoggi.eu\\\/\",\"logo\":{\"@type\":\"ImageObject\",\"inLanguage\":\"it-IT\",\"@id\":\"https:\\\/\\\/www.romaoggi.eu\\\/#\\\/schema\\\/logo\\\/image\\\/\",\"url\":\"https:\\\/\\\/www.romaoggi.eu\\\/wp-content\\\/uploads\\\/2017\\\/04\\\/logowp.jpg\",\"contentUrl\":\"https:\\\/\\\/www.romaoggi.eu\\\/wp-content\\\/uploads\\\/2017\\\/04\\\/logowp.jpg\",\"width\":300,\"height\":133,\"caption\":\"RomaOggi\"},\"image\":{\"@id\":\"https:\\\/\\\/www.romaoggi.eu\\\/#\\\/schema\\\/logo\\\/image\\\/\"},\"sameAs\":[\"https:\\\/\\\/www.facebook.com\\\/RomaOggi-841544845954114\",\"https:\\\/\\\/x.com\\\/romaoggi_eu\"]},{\"@type\":\"Person\",\"@id\":\"https:\\\/\\\/www.romaoggi.eu\\\/#\\\/schema\\\/person\\\/cc12bfd93370392d7e41d243e47e6681\",\"name\":\"Flavio\",\"image\":{\"@type\":\"ImageObject\",\"inLanguage\":\"it-IT\",\"@id\":\"https:\\\/\\\/secure.gravatar.com\\\/avatar\\\/7e044ce830ea97853e01500437b37dff4a622b20a194e4d0efe9b67e918f19e5?s=96&d=mm&r=g\",\"url\":\"https:\\\/\\\/secure.gravatar.com\\\/avatar\\\/7e044ce830ea97853e01500437b37dff4a622b20a194e4d0efe9b67e918f19e5?s=96&d=mm&r=g\",\"contentUrl\":\"https:\\\/\\\/secure.gravatar.com\\\/avatar\\\/7e044ce830ea97853e01500437b37dff4a622b20a194e4d0efe9b67e918f19e5?s=96&d=mm&r=g\",\"caption\":\"Flavio\"},\"url\":\"https:\\\/\\\/www.romaoggi.eu\\\/index.php\\\/author\\\/cristiano\\\/\"}]}<\/script>\n<!-- \/ Yoast SEO plugin. -->","yoast_head_json":{"title":"\u201cI Giorni della Comune\u201d dedicata a Bertolt Brecht e alla drammaturgia contemporanea al Teatro Studio Uno","description":"I GIORNI DELLA COMUNE Rassegna teatrale Vincitore Bando Pillole Direzione Artistica 2018\/19 Ultime settimane dal 16 al 26 maggio 2019 Teatro Studio","robots":{"index":"index","follow":"follow","max-snippet":"max-snippet:-1","max-image-preview":"max-image-preview:large","max-video-preview":"max-video-preview:-1"},"canonical":"https:\/\/www.romaoggi.eu\/index.php\/2019\/05\/16\/i-giorni-della-comune-dedicata-a-bertolt-brecht-e-alla-drammaturgia-contemporanea-al-teatro-studio-uno\/","og_locale":"it_IT","og_type":"article","og_title":"\u201cI Giorni della Comune\u201d dedicata a Bertolt Brecht e alla drammaturgia contemporanea al Teatro Studio Uno","og_description":"I GIORNI DELLA COMUNE Rassegna teatrale Vincitore Bando Pillole Direzione Artistica 2018\/19 Ultime settimane dal 16 al 26 maggio 2019 Teatro Studio","og_url":"https:\/\/www.romaoggi.eu\/index.php\/2019\/05\/16\/i-giorni-della-comune-dedicata-a-bertolt-brecht-e-alla-drammaturgia-contemporanea-al-teatro-studio-uno\/","og_site_name":"roma oggi","article_publisher":"https:\/\/www.facebook.com\/RomaOggi-841544845954114","article_published_time":"2019-05-16T05:22:56+00:00","og_image":[{"width":756,"height":1008,"url":"https:\/\/www.romaoggi.eu\/wp-content\/uploads\/2019\/05\/Mutter_foto3_I-Giorni-della-Comune_2-26-maggio_2019_Teatro-Studio-Uno_Roma_2.jpg","type":"image\/jpeg"}],"author":"Flavio","twitter_card":"summary_large_image","twitter_creator":"@romaoggi_eu","twitter_site":"@romaoggi_eu","twitter_misc":{"Scritto da":"Flavio","Tempo di lettura stimato":"3 minuti"},"schema":{"@context":"https:\/\/schema.org","@graph":[{"@type":"Article","@id":"https:\/\/www.romaoggi.eu\/index.php\/2019\/05\/16\/i-giorni-della-comune-dedicata-a-bertolt-brecht-e-alla-drammaturgia-contemporanea-al-teatro-studio-uno\/#article","isPartOf":{"@id":"https:\/\/www.romaoggi.eu\/index.php\/2019\/05\/16\/i-giorni-della-comune-dedicata-a-bertolt-brecht-e-alla-drammaturgia-contemporanea-al-teatro-studio-uno\/"},"author":{"name":"Flavio","@id":"https:\/\/www.romaoggi.eu\/#\/schema\/person\/cc12bfd93370392d7e41d243e47e6681"},"headline":"\u201cI Giorni della Comune\u201d dedicata a Bertolt Brecht e alla drammaturgia contemporanea al Teatro Studio Uno","datePublished":"2019-05-16T05:22:56+00:00","mainEntityOfPage":{"@id":"https:\/\/www.romaoggi.eu\/index.php\/2019\/05\/16\/i-giorni-della-comune-dedicata-a-bertolt-brecht-e-alla-drammaturgia-contemporanea-al-teatro-studio-uno\/"},"wordCount":709,"publisher":{"@id":"https:\/\/www.romaoggi.eu\/#organization"},"image":{"@id":"https:\/\/www.romaoggi.eu\/index.php\/2019\/05\/16\/i-giorni-della-comune-dedicata-a-bertolt-brecht-e-alla-drammaturgia-contemporanea-al-teatro-studio-uno\/#primaryimage"},"thumbnailUrl":"https:\/\/www.romaoggi.eu\/wp-content\/uploads\/2019\/05\/Mutter_foto3_I-Giorni-della-Comune_2-26-maggio_2019_Teatro-Studio-Uno_Roma_2.jpg","keywords":["2019","Bertolt Brecht","I Giorni della Comune","roma","romaoggi","rome","teatro","Teatro Studio Uno"],"articleSection":["teatro"],"inLanguage":"it-IT"},{"@type":"WebPage","@id":"https:\/\/www.romaoggi.eu\/index.php\/2019\/05\/16\/i-giorni-della-comune-dedicata-a-bertolt-brecht-e-alla-drammaturgia-contemporanea-al-teatro-studio-uno\/","url":"https:\/\/www.romaoggi.eu\/index.php\/2019\/05\/16\/i-giorni-della-comune-dedicata-a-bertolt-brecht-e-alla-drammaturgia-contemporanea-al-teatro-studio-uno\/","name":"\u201cI Giorni della Comune\u201d dedicata a Bertolt Brecht e alla drammaturgia contemporanea al Teatro Studio Uno","isPartOf":{"@id":"https:\/\/www.romaoggi.eu\/#website"},"primaryImageOfPage":{"@id":"https:\/\/www.romaoggi.eu\/index.php\/2019\/05\/16\/i-giorni-della-comune-dedicata-a-bertolt-brecht-e-alla-drammaturgia-contemporanea-al-teatro-studio-uno\/#primaryimage"},"image":{"@id":"https:\/\/www.romaoggi.eu\/index.php\/2019\/05\/16\/i-giorni-della-comune-dedicata-a-bertolt-brecht-e-alla-drammaturgia-contemporanea-al-teatro-studio-uno\/#primaryimage"},"thumbnailUrl":"https:\/\/www.romaoggi.eu\/wp-content\/uploads\/2019\/05\/Mutter_foto3_I-Giorni-della-Comune_2-26-maggio_2019_Teatro-Studio-Uno_Roma_2.jpg","datePublished":"2019-05-16T05:22:56+00:00","description":"I GIORNI DELLA COMUNE Rassegna teatrale Vincitore Bando Pillole Direzione Artistica 2018\/19 Ultime settimane dal 16 al 26 maggio 2019 Teatro Studio","breadcrumb":{"@id":"https:\/\/www.romaoggi.eu\/index.php\/2019\/05\/16\/i-giorni-della-comune-dedicata-a-bertolt-brecht-e-alla-drammaturgia-contemporanea-al-teatro-studio-uno\/#breadcrumb"},"inLanguage":"it-IT","potentialAction":[{"@type":"ReadAction","target":["https:\/\/www.romaoggi.eu\/index.php\/2019\/05\/16\/i-giorni-della-comune-dedicata-a-bertolt-brecht-e-alla-drammaturgia-contemporanea-al-teatro-studio-uno\/"]}]},{"@type":"ImageObject","inLanguage":"it-IT","@id":"https:\/\/www.romaoggi.eu\/index.php\/2019\/05\/16\/i-giorni-della-comune-dedicata-a-bertolt-brecht-e-alla-drammaturgia-contemporanea-al-teatro-studio-uno\/#primaryimage","url":"https:\/\/www.romaoggi.eu\/wp-content\/uploads\/2019\/05\/Mutter_foto3_I-Giorni-della-Comune_2-26-maggio_2019_Teatro-Studio-Uno_Roma_2.jpg","contentUrl":"https:\/\/www.romaoggi.eu\/wp-content\/uploads\/2019\/05\/Mutter_foto3_I-Giorni-della-Comune_2-26-maggio_2019_Teatro-Studio-Uno_Roma_2.jpg","width":756,"height":1008,"caption":"Alt text Teatro Studio Uno"},{"@type":"BreadcrumbList","@id":"https:\/\/www.romaoggi.eu\/index.php\/2019\/05\/16\/i-giorni-della-comune-dedicata-a-bertolt-brecht-e-alla-drammaturgia-contemporanea-al-teatro-studio-uno\/#breadcrumb","itemListElement":[{"@type":"ListItem","position":1,"name":"Home","item":"https:\/\/www.romaoggi.eu\/"},{"@type":"ListItem","position":2,"name":"\u201cI Giorni della Comune\u201d dedicata a Bertolt Brecht e alla drammaturgia contemporanea al Teatro Studio Uno"}]},{"@type":"WebSite","@id":"https:\/\/www.romaoggi.eu\/#website","url":"https:\/\/www.romaoggi.eu\/","name":"roma oggi","description":"Interesting News for Interesting people","publisher":{"@id":"https:\/\/www.romaoggi.eu\/#organization"},"potentialAction":[{"@type":"SearchAction","target":{"@type":"EntryPoint","urlTemplate":"https:\/\/www.romaoggi.eu\/?s={search_term_string}"},"query-input":{"@type":"PropertyValueSpecification","valueRequired":true,"valueName":"search_term_string"}}],"inLanguage":"it-IT"},{"@type":"Organization","@id":"https:\/\/www.romaoggi.eu\/#organization","name":"RomaOggi","url":"https:\/\/www.romaoggi.eu\/","logo":{"@type":"ImageObject","inLanguage":"it-IT","@id":"https:\/\/www.romaoggi.eu\/#\/schema\/logo\/image\/","url":"https:\/\/www.romaoggi.eu\/wp-content\/uploads\/2017\/04\/logowp.jpg","contentUrl":"https:\/\/www.romaoggi.eu\/wp-content\/uploads\/2017\/04\/logowp.jpg","width":300,"height":133,"caption":"RomaOggi"},"image":{"@id":"https:\/\/www.romaoggi.eu\/#\/schema\/logo\/image\/"},"sameAs":["https:\/\/www.facebook.com\/RomaOggi-841544845954114","https:\/\/x.com\/romaoggi_eu"]},{"@type":"Person","@id":"https:\/\/www.romaoggi.eu\/#\/schema\/person\/cc12bfd93370392d7e41d243e47e6681","name":"Flavio","image":{"@type":"ImageObject","inLanguage":"it-IT","@id":"https:\/\/secure.gravatar.com\/avatar\/7e044ce830ea97853e01500437b37dff4a622b20a194e4d0efe9b67e918f19e5?s=96&d=mm&r=g","url":"https:\/\/secure.gravatar.com\/avatar\/7e044ce830ea97853e01500437b37dff4a622b20a194e4d0efe9b67e918f19e5?s=96&d=mm&r=g","contentUrl":"https:\/\/secure.gravatar.com\/avatar\/7e044ce830ea97853e01500437b37dff4a622b20a194e4d0efe9b67e918f19e5?s=96&d=mm&r=g","caption":"Flavio"},"url":"https:\/\/www.romaoggi.eu\/index.php\/author\/cristiano\/"}]}},"_links":{"self":[{"href":"https:\/\/www.romaoggi.eu\/index.php\/wp-json\/wp\/v2\/posts\/21628","targetHints":{"allow":["GET"]}}],"collection":[{"href":"https:\/\/www.romaoggi.eu\/index.php\/wp-json\/wp\/v2\/posts"}],"about":[{"href":"https:\/\/www.romaoggi.eu\/index.php\/wp-json\/wp\/v2\/types\/post"}],"author":[{"embeddable":true,"href":"https:\/\/www.romaoggi.eu\/index.php\/wp-json\/wp\/v2\/users\/5"}],"replies":[{"embeddable":true,"href":"https:\/\/www.romaoggi.eu\/index.php\/wp-json\/wp\/v2\/comments?post=21628"}],"version-history":[{"count":2,"href":"https:\/\/www.romaoggi.eu\/index.php\/wp-json\/wp\/v2\/posts\/21628\/revisions"}],"predecessor-version":[{"id":21635,"href":"https:\/\/www.romaoggi.eu\/index.php\/wp-json\/wp\/v2\/posts\/21628\/revisions\/21635"}],"wp:featuredmedia":[{"embeddable":true,"href":"https:\/\/www.romaoggi.eu\/index.php\/wp-json\/wp\/v2\/media\/21629"}],"wp:attachment":[{"href":"https:\/\/www.romaoggi.eu\/index.php\/wp-json\/wp\/v2\/media?parent=21628"}],"wp:term":[{"taxonomy":"category","embeddable":true,"href":"https:\/\/www.romaoggi.eu\/index.php\/wp-json\/wp\/v2\/categories?post=21628"},{"taxonomy":"post_tag","embeddable":true,"href":"https:\/\/www.romaoggi.eu\/index.php\/wp-json\/wp\/v2\/tags?post=21628"}],"curies":[{"name":"wp","href":"https:\/\/api.w.org\/{rel}","templated":true}]}}