{"id":21717,"date":"2019-05-26T12:34:21","date_gmt":"2019-05-26T10:34:21","guid":{"rendered":"http:\/\/www.romaoggi.eu\/?p=21717"},"modified":"2019-05-26T12:34:21","modified_gmt":"2019-05-26T10:34:21","slug":"opening-mostra-fotografica-di-pietro-baroni-presso-il-leica-store-di-roma","status":"publish","type":"post","link":"https:\/\/www.romaoggi.eu\/index.php\/2019\/05\/26\/opening-mostra-fotografica-di-pietro-baroni-presso-il-leica-store-di-roma\/","title":{"rendered":"Opening Mostra Fotografica di Pietro Baroni presso il Leica Store di Roma"},"content":{"rendered":"<p style=\"text-align: center;\" align=\"JUSTIFY\"><span style=\"font-family: Helvetica, serif;\"><span style=\"font-size: x-large;\"><b>J \u2019AI PLUS DE SOUVENIRS QUE SI J&#8217;AVAIS MILLE ANS<\/b><\/span><\/span><\/p>\n<p align=\"CENTER\"><span style=\"font-family: Helvetica, serif;\"><span style=\"font-size: large;\"><i>Opening Mostra Fotografica di Pietro Baroni presso il Leica Store di Roma<\/i><\/span><\/span><span style=\"font-family: Helvetica, serif;\"><span style=\"font-size: large;\">.<\/span><\/span><\/p>\n<p><span style=\"font-family: Helvetica, serif;\"><span style=\"font-size: medium;\">Dopo essere stato a New York, Firenze e Bologna, <\/span><\/span><span style=\"font-family: Helvetica, serif;\"><span style=\"font-size: medium;\"><b>Leica Camera Italia <\/b><\/span><\/span><span style=\"font-family: Helvetica, serif;\"><span style=\"font-size: medium;\">\u00e8 lieta di presentare questo lavoro di Pietro Baroni per la prima volta anche a <\/span><\/span><span style=\"font-family: Helvetica, serif;\"><span style=\"font-size: medium;\"><b>Roma<\/b><\/span><\/span><span style=\"font-family: Helvetica, serif;\"><span style=\"font-size: medium;\">.<\/span><\/span><\/p>\n<p><span style=\"font-family: Helvetica, serif;\"><span style=\"font-size: medium;\">Emozioni, pensieri e desideri nascosti di persone comuni messe a nudo davanti all\u2019obiettivo. <\/span><\/span><\/p>\n<p align=\"CENTER\"><span style=\"font-family: Helvetica, serif;\"><span style=\"font-size: medium;\"><b>Mercoled\u00ec 5 giugno &#8211; ore 19,00 c\/o Leica Store Roma &#8211; via dei Due Macelli, 57 &#8211; Roma<\/b><\/span><\/span><\/p>\n<p style=\"text-align: center;\"><span style=\"font-family: Helvetica, serif;\"><span style=\"font-size: medium;\"><b>Entrata gratuita <\/b><\/span><\/span><\/p>\n<p align=\"JUSTIFY\">\u201c<span style=\"font-family: Helvetica, serif;\"><span style=\"font-size: medium;\"><i>Ho dentro pi\u00f9 ricordi che se avessi mille anni<\/i><\/span><\/span><span style=\"font-family: Helvetica, serif;\"><span style=\"font-size: medium;\">\u201d scrisse Baudelaire n\u00e9 \u201cI Fiori del Male\u201d.\u2028Il titolo della mostra vuole quindi indicare che nella vita si provano emozioni cos\u00ec intense, che ci sembra di aver vissuto pi\u00f9 della nostra vera et\u00e0. Grazie a questa ispirazione, <\/span><\/span><span style=\"font-family: Helvetica, serif;\"><span style=\"font-size: medium;\"><b>Baroni <\/b><\/span><\/span><span style=\"font-family: Helvetica, serif;\"><span style=\"font-size: medium;\">\u00e8 riuscito a far emergere i <\/span><\/span><span style=\"font-family: Helvetica, serif;\"><span style=\"font-size: medium;\"><b>pensieri inconfessabili<\/b><\/span><\/span><span style=\"font-family: Helvetica, serif;\"><span style=\"font-size: medium;\">, le paure e le insicurezze pi\u00f9 profonde che ci portiamo dentro tutti i giorni, senza rendercene conto. Tutti abbiamo paure e insicurezze che non abbiamo voglia che gli altri vedano. O che ci piacerebbe possano vedere per poter essere aiutati. Sono cos\u00ec profondamente intime che non sono visibili al mondo esterno. Ma ce le portiamo dietro tutti i giorni, addosso, sulla pelle. Con questo lavoro <\/span><\/span><span style=\"font-family: Helvetica, serif;\"><span style=\"font-size: medium;\"><b>Pietro Baroni <\/b><\/span><\/span><span style=\"font-family: Helvetica, serif;\"><span style=\"font-size: medium;\">ha reso leggibile ci\u00f2 che ci \u00e8 tatuato addosso ma che solitamente non viene visto. Ha chiesto alle persone che ha ritratto di entrare in empatia con queste paure, insicurezze e pensieri per catturarli in un instante.<\/span><\/span><\/p>\n<p align=\"JUSTIFY\"><img loading=\"lazy\" decoding=\"async\" class=\"aligncenter wp-image-21719 size-full\" src=\"https:\/\/www.romaoggi.eu\/wp-content\/uploads\/2019\/05\/Baroni.Pietro.Souvenirs.02.jpeg\" alt=\"Alt text Pietro Baroni\" width=\"480\" height=\"480\" srcset=\"https:\/\/www.romaoggi.eu\/wp-content\/uploads\/2019\/05\/Baroni.Pietro.Souvenirs.02.jpeg 480w, https:\/\/www.romaoggi.eu\/wp-content\/uploads\/2019\/05\/Baroni.Pietro.Souvenirs.02-150x150.jpeg 150w, https:\/\/www.romaoggi.eu\/wp-content\/uploads\/2019\/05\/Baroni.Pietro.Souvenirs.02-300x300.jpeg 300w\" sizes=\"auto, (max-width: 480px) 100vw, 480px\" \/><\/p>\n<p align=\"JUSTIFY\">\u201c<span style=\"font-family: Helvetica, serif;\"><span style=\"font-size: medium;\"><i>Queste opere mostrano un grande potere psichico, quello di toccare profondamente le corde emotive dello spettatore. Impossibile rimanere indifferenti o piuttosto pronunciare il solito vago commento, bello, non bello, mi piace o non mi piace<\/i><\/span><\/span><span style=\"font-family: Helvetica, serif;\"><span style=\"font-size: medium;\">\u201d scrive la celebre psicanalista <\/span><\/span><span style=\"font-family: Helvetica, serif;\"><span style=\"font-size: medium;\"><b>Enrichetta Buchli<\/b><\/span><\/span><span style=\"font-family: Helvetica, serif;\"><span style=\"font-size: medium;\">. \u201c<\/span><\/span><span style=\"font-family: Helvetica, serif;\"><span style=\"font-size: medium;\"><i>Per Jung il vestito rappresenta simbolicamente il nostro rapporto con il mondo esterno, il ruolo sociale. Difesa necessaria ma insieme apparenza e mascheramento. Un tempo si distingueva tra anima e vestito. Nel mondo postmoderno quest\u2019ultimo \u00e8 diventato la nostra pelle e l\u2019anima, il mondo interno si \u00e8 vanificata. Volti sofferenti, sorpresi, melanconici, in pena, attoniti, arresi. Si comprende che hanno il coraggio di pensare riflettere, dubitare. In alcuni ritratti sembra che cerchino di comunicare con un invisibile altro ma senza successo, primi di ascolto, di comprensione. Della presenza empatica dall\u2019altro. \u00c8 decisamente originale l\u2019abilit\u00e0 di Pietro nel far percepire questa invisibile presenza dell\u2019altro, un amico, un partner, un collega, un genitore&#8230;.magari fonte del dolore.\u201d<\/i><\/span><\/span><\/p>\n<p align=\"JUSTIFY\"><img loading=\"lazy\" decoding=\"async\" class=\"aligncenter wp-image-21720 size-full\" src=\"https:\/\/www.romaoggi.eu\/wp-content\/uploads\/2019\/05\/Baroni.Pietro.Souvenirs.03.jpeg\" alt=\"Alt text Pietro Baroni\" width=\"480\" height=\"480\" srcset=\"https:\/\/www.romaoggi.eu\/wp-content\/uploads\/2019\/05\/Baroni.Pietro.Souvenirs.03.jpeg 480w, https:\/\/www.romaoggi.eu\/wp-content\/uploads\/2019\/05\/Baroni.Pietro.Souvenirs.03-150x150.jpeg 150w, https:\/\/www.romaoggi.eu\/wp-content\/uploads\/2019\/05\/Baroni.Pietro.Souvenirs.03-300x300.jpeg 300w\" sizes=\"auto, (max-width: 480px) 100vw, 480px\" \/><\/p>\n<p align=\"JUSTIFY\"><span style=\"font-family: Helvetica, serif;\"><span style=\"font-size: medium;\">Con questo lavoro Baroni ha vinto numerosi premi e menzioni internazionali tra cui si segnalano IPOTY &#8211; International Photographer of the Year, PX3 Prix de la Photographie Paris, Black&amp;White International Award Rome, MonoVision Photography Awards. Lens Culture lo ha eletto nel 2017 come Emerging Photographer of the Year premiando questo progetto. <\/span><\/span><\/p>\n<p align=\"JUSTIFY\"><span style=\"font-family: Helvetica, serif;\"><span style=\"font-size: medium;\"><b>OPENING <\/b><\/span><\/span><\/p>\n<p align=\"JUSTIFY\"><span style=\"font-family: Helvetica, serif;\"><span style=\"font-size: medium;\">mercoled\u00ec 5 giugno<\/span><\/span><\/p>\n<p align=\"JUSTIFY\"><span style=\"font-family: Helvetica, serif;\"><span style=\"font-size: medium;\">ore 19,00 c\/o Leica Store Roma<\/span><\/span><\/p>\n<p align=\"JUSTIFY\"><span style=\"font-family: Helvetica, serif;\"><span style=\"font-size: medium;\">via dei Due Macelli, 57 &#8211; Roma entrata gratuita <\/span><\/span><\/p>\n<p align=\"JUSTIFY\"><span style=\"font-family: Helvetica, serif;\"><span style=\"font-size: medium;\">La mostra rester\u00e0 aperta per il pubblico fino al 7 luglio <\/span><\/span><\/p>\n<p align=\"JUSTIFY\"><span style=\"font-family: Helvetica, serif;\"><span style=\"font-size: medium;\">lun 14,30 &#8211; 19,30<\/span><\/span><\/p>\n<p align=\"JUSTIFY\"><span style=\"font-family: Helvetica, serif;\"><span style=\"font-size: medium;\">mar &#8211; sab 10,30-19,30 <\/span><\/span><\/p>\n<p align=\"JUSTIFY\"><span style=\"font-family: Helvetica, serif;\"><span style=\"font-size: medium;\"><b>Pietro Baroni <\/b><\/span><\/span><span style=\"font-family: Helvetica, serif;\"><span style=\"font-size: medium;\">\u00e8 nato in Italia (1977) e vive a Milano. Esplora questioni sociali e legate ai problemi di genere nella nostra societ\u00e0. La sua ricerca \u00e8 orientata all&#8217;investigazione del S\u00e9: sulla costruzione di s\u00e9 stesso nel mondo, nello spazio sociale e naturale che circonda l&#8217;essere umano. Corpo, identit\u00e0 ed emozioni sono le sue parole chiave che usa per la sua ricerca e anche per la fotografia aziendale \/ ADV. Ha viaggiato in oltre 40 Paesi in tutto il mondo per raccogliere e respirare storie umane. Ora sta lavorando usando fotografia, video, installazioni e mixed media. Collabora con Leica Camera Italia dal 2015. <\/span><\/span><\/p>\n<p align=\"JUSTIFY\"><a name=\"_GoBack\"><\/a><\/p>\n<p align=\"CENTER\"><a href=\"https:\/\/www.romaoggi.eu\/\"><b>RomaOggi.eu<\/b><\/a><\/p>\n<p align=\"CENTER\">\u201c<i><b>Interesting news for interesting people\u201d<\/b><\/i><\/p>\n","protected":false},"excerpt":{"rendered":"<div class=\"mh-excerpt\"><p>J \u2019AI PLUS DE SOUVENIRS QUE SI J&#8217;AVAIS MILLE ANS Opening Mostra Fotografica di Pietro Baroni presso il Leica Store di Roma. Dopo essere stato a New York, Firenze e Bologna, Leica Camera Italia \u00e8 <a class=\"mh-excerpt-more\" href=\"https:\/\/www.romaoggi.eu\/index.php\/2019\/05\/26\/opening-mostra-fotografica-di-pietro-baroni-presso-il-leica-store-di-roma\/\" title=\"Opening Mostra Fotografica di Pietro Baroni presso il Leica Store di Roma\">[&#8230;]<\/a><\/p>\n<\/div>","protected":false},"author":5,"featured_media":21718,"comment_status":"closed","ping_status":"open","sticky":false,"template":"","format":"standard","meta":{"_sitemap_exclude":false,"_sitemap_priority":"","_sitemap_frequency":"","footnotes":""},"categories":[74],"tags":[12245,12756,12757,12758,109,817,634],"class_list":["post-21717","post","type-post","status-publish","format-standard","has-post-thumbnail","hentry","category-mostre","tag-12245","tag-j-ai-plus-de-souvenirs-que-si-javais-mille-ans","tag-leica-store","tag-pietro-baroni","tag-roma","tag-romaoggi","tag-rome"],"yoast_head":"<!-- This site is optimized with the Yoast SEO plugin v27.5 - https:\/\/yoast.com\/product\/yoast-seo-wordpress\/ -->\n<title>Opening Mostra Fotografica di Pietro Baroni presso il Leica Store di Roma<\/title>\n<meta name=\"description\" content=\"J \u2019AI PLUS DE SOUVENIRS QUE SI J&#039;AVAIS MILLE ANS Opening Mostra Fotografica di Pietro Baroni presso il Leica Store di Roma. Dopo essere stato a New York,\" \/>\n<meta name=\"robots\" content=\"index, follow, max-snippet:-1, max-image-preview:large, max-video-preview:-1\" \/>\n<link rel=\"canonical\" href=\"https:\/\/www.romaoggi.eu\/index.php\/2019\/05\/26\/opening-mostra-fotografica-di-pietro-baroni-presso-il-leica-store-di-roma\/\" \/>\n<meta property=\"og:locale\" content=\"it_IT\" \/>\n<meta property=\"og:type\" content=\"article\" \/>\n<meta property=\"og:title\" content=\"Opening Mostra Fotografica di Pietro Baroni presso il Leica Store di Roma\" \/>\n<meta property=\"og:description\" content=\"J \u2019AI PLUS DE SOUVENIRS QUE SI J&#039;AVAIS MILLE ANS Opening Mostra Fotografica di Pietro Baroni presso il Leica Store di Roma. Dopo essere stato a New York,\" \/>\n<meta property=\"og:url\" content=\"https:\/\/www.romaoggi.eu\/index.php\/2019\/05\/26\/opening-mostra-fotografica-di-pietro-baroni-presso-il-leica-store-di-roma\/\" \/>\n<meta property=\"og:site_name\" content=\"roma oggi\" \/>\n<meta property=\"article:publisher\" content=\"https:\/\/www.facebook.com\/RomaOggi-841544845954114\" \/>\n<meta property=\"article:published_time\" content=\"2019-05-26T10:34:21+00:00\" \/>\n<meta property=\"og:image\" content=\"https:\/\/www.romaoggi.eu\/wp-content\/uploads\/2019\/05\/Baroni.Pietro.Souvenirs.01.jpeg\" \/>\n\t<meta property=\"og:image:width\" content=\"480\" \/>\n\t<meta property=\"og:image:height\" content=\"480\" \/>\n\t<meta property=\"og:image:type\" content=\"image\/jpeg\" \/>\n<meta name=\"author\" content=\"Flavio\" \/>\n<meta name=\"twitter:card\" content=\"summary_large_image\" \/>\n<meta name=\"twitter:creator\" content=\"@romaoggi_eu\" \/>\n<meta name=\"twitter:site\" content=\"@romaoggi_eu\" \/>\n<meta name=\"twitter:label1\" content=\"Scritto da\" \/>\n\t<meta name=\"twitter:data1\" content=\"Flavio\" \/>\n\t<meta name=\"twitter:label2\" content=\"Tempo di lettura stimato\" \/>\n\t<meta name=\"twitter:data2\" content=\"3 minuti\" \/>\n<script type=\"application\/ld+json\" class=\"yoast-schema-graph\">{\"@context\":\"https:\\\/\\\/schema.org\",\"@graph\":[{\"@type\":\"Article\",\"@id\":\"https:\\\/\\\/www.romaoggi.eu\\\/index.php\\\/2019\\\/05\\\/26\\\/opening-mostra-fotografica-di-pietro-baroni-presso-il-leica-store-di-roma\\\/#article\",\"isPartOf\":{\"@id\":\"https:\\\/\\\/www.romaoggi.eu\\\/index.php\\\/2019\\\/05\\\/26\\\/opening-mostra-fotografica-di-pietro-baroni-presso-il-leica-store-di-roma\\\/\"},\"author\":{\"name\":\"Flavio\",\"@id\":\"https:\\\/\\\/www.romaoggi.eu\\\/#\\\/schema\\\/person\\\/cc12bfd93370392d7e41d243e47e6681\"},\"headline\":\"Opening Mostra Fotografica di Pietro Baroni presso il Leica Store di Roma\",\"datePublished\":\"2019-05-26T10:34:21+00:00\",\"mainEntityOfPage\":{\"@id\":\"https:\\\/\\\/www.romaoggi.eu\\\/index.php\\\/2019\\\/05\\\/26\\\/opening-mostra-fotografica-di-pietro-baroni-presso-il-leica-store-di-roma\\\/\"},\"wordCount\":600,\"publisher\":{\"@id\":\"https:\\\/\\\/www.romaoggi.eu\\\/#organization\"},\"image\":{\"@id\":\"https:\\\/\\\/www.romaoggi.eu\\\/index.php\\\/2019\\\/05\\\/26\\\/opening-mostra-fotografica-di-pietro-baroni-presso-il-leica-store-di-roma\\\/#primaryimage\"},\"thumbnailUrl\":\"https:\\\/\\\/www.romaoggi.eu\\\/wp-content\\\/uploads\\\/2019\\\/05\\\/Baroni.Pietro.Souvenirs.01.jpeg\",\"keywords\":[\"2019\",\"J \u2019AI PLUS DE SOUVENIRS QUE SI J'AVAIS MILLE ANS\",\"Leica Store\",\"Pietro Baroni\",\"roma\",\"romaoggi\",\"rome\"],\"articleSection\":[\"Mostre\"],\"inLanguage\":\"it-IT\"},{\"@type\":\"WebPage\",\"@id\":\"https:\\\/\\\/www.romaoggi.eu\\\/index.php\\\/2019\\\/05\\\/26\\\/opening-mostra-fotografica-di-pietro-baroni-presso-il-leica-store-di-roma\\\/\",\"url\":\"https:\\\/\\\/www.romaoggi.eu\\\/index.php\\\/2019\\\/05\\\/26\\\/opening-mostra-fotografica-di-pietro-baroni-presso-il-leica-store-di-roma\\\/\",\"name\":\"Opening Mostra Fotografica di Pietro Baroni presso il Leica Store di Roma\",\"isPartOf\":{\"@id\":\"https:\\\/\\\/www.romaoggi.eu\\\/#website\"},\"primaryImageOfPage\":{\"@id\":\"https:\\\/\\\/www.romaoggi.eu\\\/index.php\\\/2019\\\/05\\\/26\\\/opening-mostra-fotografica-di-pietro-baroni-presso-il-leica-store-di-roma\\\/#primaryimage\"},\"image\":{\"@id\":\"https:\\\/\\\/www.romaoggi.eu\\\/index.php\\\/2019\\\/05\\\/26\\\/opening-mostra-fotografica-di-pietro-baroni-presso-il-leica-store-di-roma\\\/#primaryimage\"},\"thumbnailUrl\":\"https:\\\/\\\/www.romaoggi.eu\\\/wp-content\\\/uploads\\\/2019\\\/05\\\/Baroni.Pietro.Souvenirs.01.jpeg\",\"datePublished\":\"2019-05-26T10:34:21+00:00\",\"description\":\"J \u2019AI PLUS DE SOUVENIRS QUE SI J'AVAIS MILLE ANS Opening Mostra Fotografica di Pietro Baroni presso il Leica Store di Roma. Dopo essere stato a New York,\",\"breadcrumb\":{\"@id\":\"https:\\\/\\\/www.romaoggi.eu\\\/index.php\\\/2019\\\/05\\\/26\\\/opening-mostra-fotografica-di-pietro-baroni-presso-il-leica-store-di-roma\\\/#breadcrumb\"},\"inLanguage\":\"it-IT\",\"potentialAction\":[{\"@type\":\"ReadAction\",\"target\":[\"https:\\\/\\\/www.romaoggi.eu\\\/index.php\\\/2019\\\/05\\\/26\\\/opening-mostra-fotografica-di-pietro-baroni-presso-il-leica-store-di-roma\\\/\"]}]},{\"@type\":\"ImageObject\",\"inLanguage\":\"it-IT\",\"@id\":\"https:\\\/\\\/www.romaoggi.eu\\\/index.php\\\/2019\\\/05\\\/26\\\/opening-mostra-fotografica-di-pietro-baroni-presso-il-leica-store-di-roma\\\/#primaryimage\",\"url\":\"https:\\\/\\\/www.romaoggi.eu\\\/wp-content\\\/uploads\\\/2019\\\/05\\\/Baroni.Pietro.Souvenirs.01.jpeg\",\"contentUrl\":\"https:\\\/\\\/www.romaoggi.eu\\\/wp-content\\\/uploads\\\/2019\\\/05\\\/Baroni.Pietro.Souvenirs.01.jpeg\",\"width\":480,\"height\":480,\"caption\":\"Alt text Pietro Baroni\"},{\"@type\":\"BreadcrumbList\",\"@id\":\"https:\\\/\\\/www.romaoggi.eu\\\/index.php\\\/2019\\\/05\\\/26\\\/opening-mostra-fotografica-di-pietro-baroni-presso-il-leica-store-di-roma\\\/#breadcrumb\",\"itemListElement\":[{\"@type\":\"ListItem\",\"position\":1,\"name\":\"Home\",\"item\":\"https:\\\/\\\/www.romaoggi.eu\\\/\"},{\"@type\":\"ListItem\",\"position\":2,\"name\":\"Opening Mostra Fotografica di Pietro Baroni presso il Leica Store di Roma\"}]},{\"@type\":\"WebSite\",\"@id\":\"https:\\\/\\\/www.romaoggi.eu\\\/#website\",\"url\":\"https:\\\/\\\/www.romaoggi.eu\\\/\",\"name\":\"roma oggi\",\"description\":\"Interesting News for Interesting people\",\"publisher\":{\"@id\":\"https:\\\/\\\/www.romaoggi.eu\\\/#organization\"},\"potentialAction\":[{\"@type\":\"SearchAction\",\"target\":{\"@type\":\"EntryPoint\",\"urlTemplate\":\"https:\\\/\\\/www.romaoggi.eu\\\/?s={search_term_string}\"},\"query-input\":{\"@type\":\"PropertyValueSpecification\",\"valueRequired\":true,\"valueName\":\"search_term_string\"}}],\"inLanguage\":\"it-IT\"},{\"@type\":\"Organization\",\"@id\":\"https:\\\/\\\/www.romaoggi.eu\\\/#organization\",\"name\":\"RomaOggi\",\"url\":\"https:\\\/\\\/www.romaoggi.eu\\\/\",\"logo\":{\"@type\":\"ImageObject\",\"inLanguage\":\"it-IT\",\"@id\":\"https:\\\/\\\/www.romaoggi.eu\\\/#\\\/schema\\\/logo\\\/image\\\/\",\"url\":\"https:\\\/\\\/www.romaoggi.eu\\\/wp-content\\\/uploads\\\/2017\\\/04\\\/logowp.jpg\",\"contentUrl\":\"https:\\\/\\\/www.romaoggi.eu\\\/wp-content\\\/uploads\\\/2017\\\/04\\\/logowp.jpg\",\"width\":300,\"height\":133,\"caption\":\"RomaOggi\"},\"image\":{\"@id\":\"https:\\\/\\\/www.romaoggi.eu\\\/#\\\/schema\\\/logo\\\/image\\\/\"},\"sameAs\":[\"https:\\\/\\\/www.facebook.com\\\/RomaOggi-841544845954114\",\"https:\\\/\\\/x.com\\\/romaoggi_eu\"]},{\"@type\":\"Person\",\"@id\":\"https:\\\/\\\/www.romaoggi.eu\\\/#\\\/schema\\\/person\\\/cc12bfd93370392d7e41d243e47e6681\",\"name\":\"Flavio\",\"image\":{\"@type\":\"ImageObject\",\"inLanguage\":\"it-IT\",\"@id\":\"https:\\\/\\\/secure.gravatar.com\\\/avatar\\\/7e044ce830ea97853e01500437b37dff4a622b20a194e4d0efe9b67e918f19e5?s=96&d=mm&r=g\",\"url\":\"https:\\\/\\\/secure.gravatar.com\\\/avatar\\\/7e044ce830ea97853e01500437b37dff4a622b20a194e4d0efe9b67e918f19e5?s=96&d=mm&r=g\",\"contentUrl\":\"https:\\\/\\\/secure.gravatar.com\\\/avatar\\\/7e044ce830ea97853e01500437b37dff4a622b20a194e4d0efe9b67e918f19e5?s=96&d=mm&r=g\",\"caption\":\"Flavio\"},\"url\":\"https:\\\/\\\/www.romaoggi.eu\\\/index.php\\\/author\\\/cristiano\\\/\"}]}<\/script>\n<!-- \/ Yoast SEO plugin. -->","yoast_head_json":{"title":"Opening Mostra Fotografica di Pietro Baroni presso il Leica Store di Roma","description":"J \u2019AI PLUS DE SOUVENIRS QUE SI J'AVAIS MILLE ANS Opening Mostra Fotografica di Pietro Baroni presso il Leica Store di Roma. Dopo essere stato a New York,","robots":{"index":"index","follow":"follow","max-snippet":"max-snippet:-1","max-image-preview":"max-image-preview:large","max-video-preview":"max-video-preview:-1"},"canonical":"https:\/\/www.romaoggi.eu\/index.php\/2019\/05\/26\/opening-mostra-fotografica-di-pietro-baroni-presso-il-leica-store-di-roma\/","og_locale":"it_IT","og_type":"article","og_title":"Opening Mostra Fotografica di Pietro Baroni presso il Leica Store di Roma","og_description":"J \u2019AI PLUS DE SOUVENIRS QUE SI J'AVAIS MILLE ANS Opening Mostra Fotografica di Pietro Baroni presso il Leica Store di Roma. Dopo essere stato a New York,","og_url":"https:\/\/www.romaoggi.eu\/index.php\/2019\/05\/26\/opening-mostra-fotografica-di-pietro-baroni-presso-il-leica-store-di-roma\/","og_site_name":"roma oggi","article_publisher":"https:\/\/www.facebook.com\/RomaOggi-841544845954114","article_published_time":"2019-05-26T10:34:21+00:00","og_image":[{"width":480,"height":480,"url":"https:\/\/www.romaoggi.eu\/wp-content\/uploads\/2019\/05\/Baroni.Pietro.Souvenirs.01.jpeg","type":"image\/jpeg"}],"author":"Flavio","twitter_card":"summary_large_image","twitter_creator":"@romaoggi_eu","twitter_site":"@romaoggi_eu","twitter_misc":{"Scritto da":"Flavio","Tempo di lettura stimato":"3 minuti"},"schema":{"@context":"https:\/\/schema.org","@graph":[{"@type":"Article","@id":"https:\/\/www.romaoggi.eu\/index.php\/2019\/05\/26\/opening-mostra-fotografica-di-pietro-baroni-presso-il-leica-store-di-roma\/#article","isPartOf":{"@id":"https:\/\/www.romaoggi.eu\/index.php\/2019\/05\/26\/opening-mostra-fotografica-di-pietro-baroni-presso-il-leica-store-di-roma\/"},"author":{"name":"Flavio","@id":"https:\/\/www.romaoggi.eu\/#\/schema\/person\/cc12bfd93370392d7e41d243e47e6681"},"headline":"Opening Mostra Fotografica di Pietro Baroni presso il Leica Store di Roma","datePublished":"2019-05-26T10:34:21+00:00","mainEntityOfPage":{"@id":"https:\/\/www.romaoggi.eu\/index.php\/2019\/05\/26\/opening-mostra-fotografica-di-pietro-baroni-presso-il-leica-store-di-roma\/"},"wordCount":600,"publisher":{"@id":"https:\/\/www.romaoggi.eu\/#organization"},"image":{"@id":"https:\/\/www.romaoggi.eu\/index.php\/2019\/05\/26\/opening-mostra-fotografica-di-pietro-baroni-presso-il-leica-store-di-roma\/#primaryimage"},"thumbnailUrl":"https:\/\/www.romaoggi.eu\/wp-content\/uploads\/2019\/05\/Baroni.Pietro.Souvenirs.01.jpeg","keywords":["2019","J \u2019AI PLUS DE SOUVENIRS QUE SI J'AVAIS MILLE ANS","Leica Store","Pietro Baroni","roma","romaoggi","rome"],"articleSection":["Mostre"],"inLanguage":"it-IT"},{"@type":"WebPage","@id":"https:\/\/www.romaoggi.eu\/index.php\/2019\/05\/26\/opening-mostra-fotografica-di-pietro-baroni-presso-il-leica-store-di-roma\/","url":"https:\/\/www.romaoggi.eu\/index.php\/2019\/05\/26\/opening-mostra-fotografica-di-pietro-baroni-presso-il-leica-store-di-roma\/","name":"Opening Mostra Fotografica di Pietro Baroni presso il Leica Store di Roma","isPartOf":{"@id":"https:\/\/www.romaoggi.eu\/#website"},"primaryImageOfPage":{"@id":"https:\/\/www.romaoggi.eu\/index.php\/2019\/05\/26\/opening-mostra-fotografica-di-pietro-baroni-presso-il-leica-store-di-roma\/#primaryimage"},"image":{"@id":"https:\/\/www.romaoggi.eu\/index.php\/2019\/05\/26\/opening-mostra-fotografica-di-pietro-baroni-presso-il-leica-store-di-roma\/#primaryimage"},"thumbnailUrl":"https:\/\/www.romaoggi.eu\/wp-content\/uploads\/2019\/05\/Baroni.Pietro.Souvenirs.01.jpeg","datePublished":"2019-05-26T10:34:21+00:00","description":"J \u2019AI PLUS DE SOUVENIRS QUE SI J'AVAIS MILLE ANS Opening Mostra Fotografica di Pietro Baroni presso il Leica Store di Roma. Dopo essere stato a New York,","breadcrumb":{"@id":"https:\/\/www.romaoggi.eu\/index.php\/2019\/05\/26\/opening-mostra-fotografica-di-pietro-baroni-presso-il-leica-store-di-roma\/#breadcrumb"},"inLanguage":"it-IT","potentialAction":[{"@type":"ReadAction","target":["https:\/\/www.romaoggi.eu\/index.php\/2019\/05\/26\/opening-mostra-fotografica-di-pietro-baroni-presso-il-leica-store-di-roma\/"]}]},{"@type":"ImageObject","inLanguage":"it-IT","@id":"https:\/\/www.romaoggi.eu\/index.php\/2019\/05\/26\/opening-mostra-fotografica-di-pietro-baroni-presso-il-leica-store-di-roma\/#primaryimage","url":"https:\/\/www.romaoggi.eu\/wp-content\/uploads\/2019\/05\/Baroni.Pietro.Souvenirs.01.jpeg","contentUrl":"https:\/\/www.romaoggi.eu\/wp-content\/uploads\/2019\/05\/Baroni.Pietro.Souvenirs.01.jpeg","width":480,"height":480,"caption":"Alt text Pietro Baroni"},{"@type":"BreadcrumbList","@id":"https:\/\/www.romaoggi.eu\/index.php\/2019\/05\/26\/opening-mostra-fotografica-di-pietro-baroni-presso-il-leica-store-di-roma\/#breadcrumb","itemListElement":[{"@type":"ListItem","position":1,"name":"Home","item":"https:\/\/www.romaoggi.eu\/"},{"@type":"ListItem","position":2,"name":"Opening Mostra Fotografica di Pietro Baroni presso il Leica Store di Roma"}]},{"@type":"WebSite","@id":"https:\/\/www.romaoggi.eu\/#website","url":"https:\/\/www.romaoggi.eu\/","name":"roma oggi","description":"Interesting News for Interesting people","publisher":{"@id":"https:\/\/www.romaoggi.eu\/#organization"},"potentialAction":[{"@type":"SearchAction","target":{"@type":"EntryPoint","urlTemplate":"https:\/\/www.romaoggi.eu\/?s={search_term_string}"},"query-input":{"@type":"PropertyValueSpecification","valueRequired":true,"valueName":"search_term_string"}}],"inLanguage":"it-IT"},{"@type":"Organization","@id":"https:\/\/www.romaoggi.eu\/#organization","name":"RomaOggi","url":"https:\/\/www.romaoggi.eu\/","logo":{"@type":"ImageObject","inLanguage":"it-IT","@id":"https:\/\/www.romaoggi.eu\/#\/schema\/logo\/image\/","url":"https:\/\/www.romaoggi.eu\/wp-content\/uploads\/2017\/04\/logowp.jpg","contentUrl":"https:\/\/www.romaoggi.eu\/wp-content\/uploads\/2017\/04\/logowp.jpg","width":300,"height":133,"caption":"RomaOggi"},"image":{"@id":"https:\/\/www.romaoggi.eu\/#\/schema\/logo\/image\/"},"sameAs":["https:\/\/www.facebook.com\/RomaOggi-841544845954114","https:\/\/x.com\/romaoggi_eu"]},{"@type":"Person","@id":"https:\/\/www.romaoggi.eu\/#\/schema\/person\/cc12bfd93370392d7e41d243e47e6681","name":"Flavio","image":{"@type":"ImageObject","inLanguage":"it-IT","@id":"https:\/\/secure.gravatar.com\/avatar\/7e044ce830ea97853e01500437b37dff4a622b20a194e4d0efe9b67e918f19e5?s=96&d=mm&r=g","url":"https:\/\/secure.gravatar.com\/avatar\/7e044ce830ea97853e01500437b37dff4a622b20a194e4d0efe9b67e918f19e5?s=96&d=mm&r=g","contentUrl":"https:\/\/secure.gravatar.com\/avatar\/7e044ce830ea97853e01500437b37dff4a622b20a194e4d0efe9b67e918f19e5?s=96&d=mm&r=g","caption":"Flavio"},"url":"https:\/\/www.romaoggi.eu\/index.php\/author\/cristiano\/"}]}},"_links":{"self":[{"href":"https:\/\/www.romaoggi.eu\/index.php\/wp-json\/wp\/v2\/posts\/21717","targetHints":{"allow":["GET"]}}],"collection":[{"href":"https:\/\/www.romaoggi.eu\/index.php\/wp-json\/wp\/v2\/posts"}],"about":[{"href":"https:\/\/www.romaoggi.eu\/index.php\/wp-json\/wp\/v2\/types\/post"}],"author":[{"embeddable":true,"href":"https:\/\/www.romaoggi.eu\/index.php\/wp-json\/wp\/v2\/users\/5"}],"replies":[{"embeddable":true,"href":"https:\/\/www.romaoggi.eu\/index.php\/wp-json\/wp\/v2\/comments?post=21717"}],"version-history":[{"count":2,"href":"https:\/\/www.romaoggi.eu\/index.php\/wp-json\/wp\/v2\/posts\/21717\/revisions"}],"predecessor-version":[{"id":21722,"href":"https:\/\/www.romaoggi.eu\/index.php\/wp-json\/wp\/v2\/posts\/21717\/revisions\/21722"}],"wp:featuredmedia":[{"embeddable":true,"href":"https:\/\/www.romaoggi.eu\/index.php\/wp-json\/wp\/v2\/media\/21718"}],"wp:attachment":[{"href":"https:\/\/www.romaoggi.eu\/index.php\/wp-json\/wp\/v2\/media?parent=21717"}],"wp:term":[{"taxonomy":"category","embeddable":true,"href":"https:\/\/www.romaoggi.eu\/index.php\/wp-json\/wp\/v2\/categories?post=21717"},{"taxonomy":"post_tag","embeddable":true,"href":"https:\/\/www.romaoggi.eu\/index.php\/wp-json\/wp\/v2\/tags?post=21717"}],"curies":[{"name":"wp","href":"https:\/\/api.w.org\/{rel}","templated":true}]}}