{"id":21891,"date":"2019-06-08T11:28:59","date_gmt":"2019-06-08T09:28:59","guid":{"rendered":"http:\/\/www.romaoggi.eu\/?p=21891"},"modified":"2019-06-08T11:28:59","modified_gmt":"2019-06-08T09:28:59","slug":"al-parco-cinecitta-world-apre-il-regno-del-ghiaccio","status":"publish","type":"post","link":"https:\/\/www.romaoggi.eu\/index.php\/2019\/06\/08\/al-parco-cinecitta-world-apre-il-regno-del-ghiaccio\/","title":{"rendered":"AL PARCO CINECITTA\u2019 WORLD APRE \u201cIL REGNO DEL GHIACCIO\u201d"},"content":{"rendered":"<p>https:\/\/www.facebook.com\/cinecittaworld\/videos\/451050665630190\/<\/p>\n<p align=\"JUSTIFY\"><span style=\"font-family: Segoe UI, serif;\"><span style=\"font-size: medium;\">Allerta neve e ghiaccio a Roma! Non \u00e8 un altro capriccio del meteo impazzito, n\u00e9 un evento straordinario come la famosa nevicata estiva del 358 d.C. a Santa Maria Maggiore, ma un nuovo padiglione, ricco di divertimento, che apre a <\/span><\/span><span style=\"font-family: Segoe UI, serif;\"><span style=\"font-size: medium;\"><b>Cinecitt\u00e0 World<\/b><\/span><\/span><span style=\"font-family: Segoe UI, serif;\"><span style=\"font-size: medium;\">, Il parco a tema del Cinema e della Tv: <\/span><\/span><span style=\"font-family: Segoe UI, serif;\"><span style=\"font-size: medium;\"><b>Il regno del ghiaccio<\/b><\/span><\/span><span style=\"font-family: Segoe UI, serif;\"><span style=\"font-size: medium;\">, ovvero il <\/span><\/span><span style=\"font-family: Segoe UI, serif;\"><span style=\"font-size: medium;\"><b>il primo <\/b><\/span><\/span><span style=\"font-family: Segoe UI, serif;\"><span style=\"font-size: medium;\"><i><b>snow park<\/b><\/i><\/span><\/span><span style=\"font-family: Segoe UI, serif;\"><span style=\"font-size: medium;\"><b> al coperto d\u2019Italia.<\/b><\/span><\/span><\/p>\n<p align=\"JUSTIFY\"><img loading=\"lazy\" decoding=\"async\" class=\"aligncenter wp-image-21893 size-large\" src=\"https:\/\/www.romaoggi.eu\/wp-content\/uploads\/2019\/06\/2-IL-REGNO-DEL-GHIACCIO-Cinecitt\u00e0-World-3-1024x683.jpg\" alt=\"Alt text Cinecitt\u00e0 World\" width=\"1024\" height=\"683\" srcset=\"https:\/\/www.romaoggi.eu\/wp-content\/uploads\/2019\/06\/2-IL-REGNO-DEL-GHIACCIO-Cinecitt\u00e0-World-3-1024x683.jpg 1024w, https:\/\/www.romaoggi.eu\/wp-content\/uploads\/2019\/06\/2-IL-REGNO-DEL-GHIACCIO-Cinecitt\u00e0-World-3-300x200.jpg 300w\" sizes=\"auto, (max-width: 1024px) 100vw, 1024px\" \/><\/p>\n<p align=\"JUSTIFY\"><span style=\"font-family: Segoe UI, serif;\"><span style=\"font-size: medium;\">Cinque le attrazioni con cui divertirsi in compagnia: <\/span><\/span><span style=\"font-family: Segoe UI, serif;\"><span style=\"font-size: medium;\"><b>Pattiniamo<\/b><\/span><\/span><span style=\"font-family: Segoe UI, serif;\"><span style=\"font-size: medium;\">, la tradizionale pista di pattinaggio, <\/span><\/span><span style=\"font-family: Segoe UI, serif;\"><span style=\"font-size: medium;\"><b>Ghiaccio Scontri<\/b><\/span><\/span><span style=\"font-family: Segoe UI, serif;\"><span style=\"font-size: medium;\">, autoscontri sul ghiaccio, per guidare senza regole a bordo di sfreccianti gommoni, <\/span><\/span><span style=\"font-family: Segoe UI, serif;\"><span style=\"font-size: medium;\"><b>Scivolone<\/b><\/span><\/span><span style=\"font-family: Segoe UI, serif;\"><span style=\"font-size: medium;\"> la multipista per sfidare gli amici in divertenti discese, <\/span><\/span><span style=\"font-family: Segoe UI, serif;\"><span style=\"font-size: medium;\"><b>Palle di neve<\/b><\/span><\/span><span style=\"font-family: Segoe UI, serif;\"><span style=\"font-size: medium;\">, dove arrampicarsi su morbide montagne bianche in cui nevica tutto l\u2019anno, ed infine <\/span><\/span><span style=\"font-family: Segoe UI, serif;\"><span style=\"font-size: medium;\"><b>Kamikice<\/b><\/span><\/span><span style=\"font-family: Segoe UI, serif;\"><span style=\"font-size: medium;\">, per precipitare senza freni tra le curve di un vorticoso scivolo.<\/span><\/span><\/p>\n<p align=\"JUSTIFY\"><img loading=\"lazy\" decoding=\"async\" class=\"aligncenter wp-image-21894 size-large\" src=\"https:\/\/www.romaoggi.eu\/wp-content\/uploads\/2019\/06\/2-IL-REGNO-DEL-GHIACCIO-Cinecitt\u00e0-World-2-1024x683.jpg\" alt=\"Alt text Cinecitt\u00e0 World\" width=\"1024\" height=\"683\" srcset=\"https:\/\/www.romaoggi.eu\/wp-content\/uploads\/2019\/06\/2-IL-REGNO-DEL-GHIACCIO-Cinecitt\u00e0-World-2-1024x683.jpg 1024w, https:\/\/www.romaoggi.eu\/wp-content\/uploads\/2019\/06\/2-IL-REGNO-DEL-GHIACCIO-Cinecitt\u00e0-World-2-300x200.jpg 300w\" sizes=\"auto, (max-width: 1024px) 100vw, 1024px\" \/><\/p>\n<p align=\"JUSTIFY\"><span style=\"font-family: Segoe UI, serif;\"><span style=\"font-size: medium;\">Montagna si, ma senza esagerare&#8230; al Regno del Ghiaccio il termometro segna sempre circa <\/span><\/span><span style=\"font-family: Segoe UI, serif;\"><span style=\"font-size: medium;\"><b>20\u00b0 gradi<\/b><\/span><\/span><span style=\"font-family: Segoe UI, serif;\"><span style=\"font-size: medium;\">: magie della tecnologia che consente di <\/span><\/span><span style=\"font-family: Segoe UI, serif;\"><span style=\"font-size: medium;\"><b>divertirsi sulla neve<\/b><\/span><\/span><span style=\"font-family: Segoe UI, serif;\"><span style=\"font-size: medium;\">, quella vera, anche in pantaloncini corti o in costume da bagno, senza ingombranti giacche o tute da sci. <\/span><\/span><\/p>\n<p align=\"JUSTIFY\"><img loading=\"lazy\" decoding=\"async\" class=\"aligncenter wp-image-21896 size-large\" src=\"https:\/\/www.romaoggi.eu\/wp-content\/uploads\/2019\/06\/2-IL-REGNO-DEL-GHIACCIO-Cinecitt\u00e0-World-7-1024x768.jpg\" alt=\"Alt text Cinecitt\u00e0 World\" width=\"1024\" height=\"768\" srcset=\"https:\/\/www.romaoggi.eu\/wp-content\/uploads\/2019\/06\/2-IL-REGNO-DEL-GHIACCIO-Cinecitt\u00e0-World-7-1024x768.jpg 1024w, https:\/\/www.romaoggi.eu\/wp-content\/uploads\/2019\/06\/2-IL-REGNO-DEL-GHIACCIO-Cinecitt\u00e0-World-7-300x225.jpg 300w, https:\/\/www.romaoggi.eu\/wp-content\/uploads\/2019\/06\/2-IL-REGNO-DEL-GHIACCIO-Cinecitt\u00e0-World-7-326x245.jpg 326w, https:\/\/www.romaoggi.eu\/wp-content\/uploads\/2019\/06\/2-IL-REGNO-DEL-GHIACCIO-Cinecitt\u00e0-World-7-80x60.jpg 80w, https:\/\/www.romaoggi.eu\/wp-content\/uploads\/2019\/06\/2-IL-REGNO-DEL-GHIACCIO-Cinecitt\u00e0-World-7.jpg 1280w\" sizes=\"auto, (max-width: 1024px) 100vw, 1024px\" \/><\/p>\n<p align=\"JUSTIFY\">\u201c<span style=\"font-family: Segoe UI, serif;\"><span style=\"font-size: medium;\">Dopo il grande successo di <\/span><\/span><span style=\"font-family: Segoe UI, serif;\"><span style=\"font-size: medium;\"><b>Volarium &#8211; il Cinema Volante<\/b><\/span><\/span><span style=\"font-family: Segoe UI, serif;\"><span style=\"font-size: medium;\">, Cinecitt\u00e0 World arricchisce il ventaglio delle esperienze per i propri ospiti, con la <\/span><\/span><span style=\"font-family: Segoe UI, serif;\"><span style=\"font-size: medium;\"><i><b>Cinevacanza<\/b><\/i><\/span><\/span> <span style=\"font-family: Segoe UI, serif;\"><span style=\"font-size: medium;\"><i><b>sulla neve<\/b><\/i><\/span><\/span><span style=\"font-family: Segoe UI, serif;\"><span style=\"font-size: medium;\"> senza allontanarsi da Roma \u201d &#8211; afferma <\/span><\/span><span style=\"font-family: Segoe UI, serif;\"><span style=\"font-size: medium;\"><b>Stefano Cigarini, Amministratore Delegato di Cinecitt\u00e0 World<\/b><\/span><\/span><span style=\"font-family: Segoe UI, serif;\"><span style=\"font-size: medium;\"> \u2013 \u201cTutte le nostre nuove attrazioni sono realmente <\/span><\/span><span style=\"font-family: Segoe UI, serif;\"><span style=\"font-size: medium;\"><i>social:<\/i><\/span><\/span><span style=\"font-family: Segoe UI, serif;\"><span style=\"font-size: medium;\"> permettono ai visitatori del Parco di interagire tra loro, sfidarsi con gli amici, condividere le emozioni con la famiglia, i figli, i nipoti\u2026costruendo percorsi di divertimento unici, ogni volta diversi ed originali\u201d.<\/span><\/span><\/p>\n<p align=\"JUSTIFY\"><img loading=\"lazy\" decoding=\"async\" class=\"aligncenter wp-image-21895 size-large\" src=\"https:\/\/www.romaoggi.eu\/wp-content\/uploads\/2019\/06\/2-IL-REGNO-DEL-GHIACCIO-Cinecitt\u00e0-World-6-1024x683.jpg\" alt=\"Alt text Cinecitt\u00e0 World\" width=\"1024\" height=\"683\" srcset=\"https:\/\/www.romaoggi.eu\/wp-content\/uploads\/2019\/06\/2-IL-REGNO-DEL-GHIACCIO-Cinecitt\u00e0-World-6-1024x683.jpg 1024w, https:\/\/www.romaoggi.eu\/wp-content\/uploads\/2019\/06\/2-IL-REGNO-DEL-GHIACCIO-Cinecitt\u00e0-World-6-300x200.jpg 300w\" sizes=\"auto, (max-width: 1024px) 100vw, 1024px\" \/><\/p>\n<p align=\"JUSTIFY\"><span style=\"font-family: Segoe UI, serif;\"><span style=\"font-size: medium;\">Il Made in Italy \u00e8 protagonista anche in questa nuova attrazione, realizzata insieme alla Bresciana <\/span><\/span><span style=\"font-family: Segoe UI, serif;\"><span style=\"font-size: medium;\"><b>Industrial Frigo<\/b><\/span><\/span><span style=\"font-family: Segoe UI, serif;\"><span style=\"font-size: medium;\">, azienda leader nella termoregolazione e gestione del freddo.<\/span><\/span><\/p>\n<p align=\"JUSTIFY\"><span style=\"font-family: Segoe UI, serif;\"><span style=\"font-size: medium;\">Con l\u2019apertura de <\/span><\/span><span style=\"font-family: Segoe UI, serif;\"><span style=\"font-size: medium;\"><b>Il regno del ghiaccio<\/b><\/span><\/span><span style=\"font-family: Segoe UI, serif;\"><span style=\"font-size: medium;\"> il Parco continua nella sua grande crescita di pubblico ed offerta che oggi conta <\/span><\/span><span style=\"font-family: Segoe UI, serif;\"><span style=\"font-size: medium;\"><b>40 Attrazioni, 6 Spettacoli al giorno e 7 Aree a Tema. <\/b><\/span><\/span><\/p>\n<p align=\"JUSTIFY\"><span style=\"font-family: Segoe UI, serif;\"><span style=\"font-size: medium;\">Si prospetta un\u2019estate torrida? Quale miglior rimedio! Mentre fuori fa caldo e il sole brucia, nel Regno del Ghiaccio <\/span><\/span><span style=\"font-family: Segoe UI, serif;\"><span style=\"font-size: medium;\"><b>nevica 365 giorni l&#8217;anno<\/b><\/span><\/span><span style=\"font-family: Segoe UI, serif;\"><span style=\"font-size: medium;\">!<\/span><\/span><\/p>\n<p align=\"CENTER\"><a href=\"https:\/\/www.romaoggi.eu\/\"><b>RomaOggi.eu<\/b><\/a><\/p>\n<p align=\"CENTER\">\u201c<i><b>Interesting news for interesting people\u201d<\/b><\/i><\/p>\n","protected":false},"excerpt":{"rendered":"<div class=\"mh-excerpt\"><p>https:\/\/www.facebook.com\/cinecittaworld\/videos\/451050665630190\/ Allerta neve e ghiaccio a Roma! Non \u00e8 un altro capriccio del meteo impazzito, n\u00e9 un evento straordinario come la famosa nevicata estiva del 358 d.C. a Santa Maria Maggiore, ma un nuovo padiglione, <a class=\"mh-excerpt-more\" href=\"https:\/\/www.romaoggi.eu\/index.php\/2019\/06\/08\/al-parco-cinecitta-world-apre-il-regno-del-ghiaccio\/\" title=\"AL PARCO CINECITTA\u2019 WORLD APRE \u201cIL REGNO DEL GHIACCIO\u201d\">[&#8230;]<\/a><\/p>\n<\/div>","protected":false},"author":5,"featured_media":21892,"comment_status":"closed","ping_status":"open","sticky":false,"template":"","format":"standard","meta":{"_sitemap_exclude":false,"_sitemap_priority":"","_sitemap_frequency":"","footnotes":""},"categories":[522],"tags":[12245,8088,12839,109,817,1738,634,12838],"class_list":["post-21891","post","type-post","status-publish","format-standard","has-post-thumbnail","hentry","category-attualita","tag-12245","tag-cinecitta-world","tag-il-regno-del-ghiaccio","tag-roma","tag-romaoggi","tag-romaoggi-eu","tag-rome","tag-snow-park"],"yoast_head":"<!-- This site is optimized with the Yoast SEO plugin v27.5 - https:\/\/yoast.com\/product\/yoast-seo-wordpress\/ -->\n<title>AL PARCO CINECITTA\u2019 WORLD APRE \u201cIL REGNO DEL GHIACCIO\u201d<\/title>\n<meta name=\"description\" content=\"https:\/\/www.facebook.com\/cinecittaworld\/videos\/451050665630190\/ Allerta neve e ghiaccio a Roma! Non \u00e8 un altro capriccio del meteo impazzito, n\u00e9 un evento\" \/>\n<meta name=\"robots\" content=\"index, follow, max-snippet:-1, max-image-preview:large, max-video-preview:-1\" \/>\n<link rel=\"canonical\" href=\"https:\/\/www.romaoggi.eu\/index.php\/2019\/06\/08\/al-parco-cinecitta-world-apre-il-regno-del-ghiaccio\/\" \/>\n<meta property=\"og:locale\" content=\"it_IT\" \/>\n<meta property=\"og:type\" content=\"article\" \/>\n<meta property=\"og:title\" content=\"AL PARCO CINECITTA\u2019 WORLD APRE \u201cIL REGNO DEL GHIACCIO\u201d\" \/>\n<meta property=\"og:description\" content=\"https:\/\/www.facebook.com\/cinecittaworld\/videos\/451050665630190\/ Allerta neve e ghiaccio a Roma! Non \u00e8 un altro capriccio del meteo impazzito, n\u00e9 un evento\" \/>\n<meta property=\"og:url\" content=\"https:\/\/www.romaoggi.eu\/index.php\/2019\/06\/08\/al-parco-cinecitta-world-apre-il-regno-del-ghiaccio\/\" \/>\n<meta property=\"og:site_name\" content=\"roma oggi\" \/>\n<meta property=\"article:publisher\" content=\"https:\/\/www.facebook.com\/RomaOggi-841544845954114\" \/>\n<meta property=\"article:published_time\" content=\"2019-06-08T09:28:59+00:00\" \/>\n<meta property=\"og:image\" content=\"https:\/\/www.romaoggi.eu\/wp-content\/uploads\/2019\/06\/2-IL-REGNO-DEL-GHIACCIO-Cinecitt\u00e0-World-5.jpg\" \/>\n\t<meta property=\"og:image:width\" content=\"4000\" \/>\n\t<meta property=\"og:image:height\" content=\"2667\" \/>\n\t<meta property=\"og:image:type\" content=\"image\/jpeg\" \/>\n<meta name=\"author\" content=\"Flavio\" \/>\n<meta name=\"twitter:card\" content=\"summary_large_image\" \/>\n<meta name=\"twitter:creator\" content=\"@romaoggi_eu\" \/>\n<meta name=\"twitter:site\" content=\"@romaoggi_eu\" \/>\n<meta name=\"twitter:label1\" content=\"Scritto da\" \/>\n\t<meta name=\"twitter:data1\" content=\"Flavio\" \/>\n\t<meta name=\"twitter:label2\" content=\"Tempo di lettura stimato\" \/>\n\t<meta name=\"twitter:data2\" content=\"2 minuti\" \/>\n<script type=\"application\/ld+json\" class=\"yoast-schema-graph\">{\"@context\":\"https:\\\/\\\/schema.org\",\"@graph\":[{\"@type\":\"Article\",\"@id\":\"https:\\\/\\\/www.romaoggi.eu\\\/index.php\\\/2019\\\/06\\\/08\\\/al-parco-cinecitta-world-apre-il-regno-del-ghiaccio\\\/#article\",\"isPartOf\":{\"@id\":\"https:\\\/\\\/www.romaoggi.eu\\\/index.php\\\/2019\\\/06\\\/08\\\/al-parco-cinecitta-world-apre-il-regno-del-ghiaccio\\\/\"},\"author\":{\"name\":\"Flavio\",\"@id\":\"https:\\\/\\\/www.romaoggi.eu\\\/#\\\/schema\\\/person\\\/cc12bfd93370392d7e41d243e47e6681\"},\"headline\":\"AL PARCO CINECITTA\u2019 WORLD APRE \u201cIL REGNO DEL GHIACCIO\u201d\",\"datePublished\":\"2019-06-08T09:28:59+00:00\",\"mainEntityOfPage\":{\"@id\":\"https:\\\/\\\/www.romaoggi.eu\\\/index.php\\\/2019\\\/06\\\/08\\\/al-parco-cinecitta-world-apre-il-regno-del-ghiaccio\\\/\"},\"wordCount\":353,\"publisher\":{\"@id\":\"https:\\\/\\\/www.romaoggi.eu\\\/#organization\"},\"image\":{\"@id\":\"https:\\\/\\\/www.romaoggi.eu\\\/index.php\\\/2019\\\/06\\\/08\\\/al-parco-cinecitta-world-apre-il-regno-del-ghiaccio\\\/#primaryimage\"},\"thumbnailUrl\":\"https:\\\/\\\/www.romaoggi.eu\\\/wp-content\\\/uploads\\\/2019\\\/06\\\/2-IL-REGNO-DEL-GHIACCIO-Cinecitt\u00e0-World-5.jpg\",\"keywords\":[\"2019\",\"Cinecitt\u00e0 World\",\"Il regno del ghiaccio\",\"roma\",\"romaoggi\",\"RomaOggi.eu\",\"rome\",\"snow park\"],\"articleSection\":[\"attualit\u00e0\"],\"inLanguage\":\"it-IT\"},{\"@type\":\"WebPage\",\"@id\":\"https:\\\/\\\/www.romaoggi.eu\\\/index.php\\\/2019\\\/06\\\/08\\\/al-parco-cinecitta-world-apre-il-regno-del-ghiaccio\\\/\",\"url\":\"https:\\\/\\\/www.romaoggi.eu\\\/index.php\\\/2019\\\/06\\\/08\\\/al-parco-cinecitta-world-apre-il-regno-del-ghiaccio\\\/\",\"name\":\"AL PARCO CINECITTA\u2019 WORLD APRE \u201cIL REGNO DEL GHIACCIO\u201d\",\"isPartOf\":{\"@id\":\"https:\\\/\\\/www.romaoggi.eu\\\/#website\"},\"primaryImageOfPage\":{\"@id\":\"https:\\\/\\\/www.romaoggi.eu\\\/index.php\\\/2019\\\/06\\\/08\\\/al-parco-cinecitta-world-apre-il-regno-del-ghiaccio\\\/#primaryimage\"},\"image\":{\"@id\":\"https:\\\/\\\/www.romaoggi.eu\\\/index.php\\\/2019\\\/06\\\/08\\\/al-parco-cinecitta-world-apre-il-regno-del-ghiaccio\\\/#primaryimage\"},\"thumbnailUrl\":\"https:\\\/\\\/www.romaoggi.eu\\\/wp-content\\\/uploads\\\/2019\\\/06\\\/2-IL-REGNO-DEL-GHIACCIO-Cinecitt\u00e0-World-5.jpg\",\"datePublished\":\"2019-06-08T09:28:59+00:00\",\"description\":\"https:\\\/\\\/www.facebook.com\\\/cinecittaworld\\\/videos\\\/451050665630190\\\/ Allerta neve e ghiaccio a Roma! Non \u00e8 un altro capriccio del meteo impazzito, n\u00e9 un evento\",\"breadcrumb\":{\"@id\":\"https:\\\/\\\/www.romaoggi.eu\\\/index.php\\\/2019\\\/06\\\/08\\\/al-parco-cinecitta-world-apre-il-regno-del-ghiaccio\\\/#breadcrumb\"},\"inLanguage\":\"it-IT\",\"potentialAction\":[{\"@type\":\"ReadAction\",\"target\":[\"https:\\\/\\\/www.romaoggi.eu\\\/index.php\\\/2019\\\/06\\\/08\\\/al-parco-cinecitta-world-apre-il-regno-del-ghiaccio\\\/\"]}]},{\"@type\":\"ImageObject\",\"inLanguage\":\"it-IT\",\"@id\":\"https:\\\/\\\/www.romaoggi.eu\\\/index.php\\\/2019\\\/06\\\/08\\\/al-parco-cinecitta-world-apre-il-regno-del-ghiaccio\\\/#primaryimage\",\"url\":\"https:\\\/\\\/www.romaoggi.eu\\\/wp-content\\\/uploads\\\/2019\\\/06\\\/2-IL-REGNO-DEL-GHIACCIO-Cinecitt\u00e0-World-5.jpg\",\"contentUrl\":\"https:\\\/\\\/www.romaoggi.eu\\\/wp-content\\\/uploads\\\/2019\\\/06\\\/2-IL-REGNO-DEL-GHIACCIO-Cinecitt\u00e0-World-5.jpg\",\"width\":4000,\"height\":2667,\"caption\":\"Alt text Cinecitt\u00e0 World\"},{\"@type\":\"BreadcrumbList\",\"@id\":\"https:\\\/\\\/www.romaoggi.eu\\\/index.php\\\/2019\\\/06\\\/08\\\/al-parco-cinecitta-world-apre-il-regno-del-ghiaccio\\\/#breadcrumb\",\"itemListElement\":[{\"@type\":\"ListItem\",\"position\":1,\"name\":\"Home\",\"item\":\"https:\\\/\\\/www.romaoggi.eu\\\/\"},{\"@type\":\"ListItem\",\"position\":2,\"name\":\"AL PARCO CINECITTA\u2019 WORLD APRE \u201cIL REGNO DEL GHIACCIO\u201d\"}]},{\"@type\":\"WebSite\",\"@id\":\"https:\\\/\\\/www.romaoggi.eu\\\/#website\",\"url\":\"https:\\\/\\\/www.romaoggi.eu\\\/\",\"name\":\"roma oggi\",\"description\":\"Interesting News for Interesting people\",\"publisher\":{\"@id\":\"https:\\\/\\\/www.romaoggi.eu\\\/#organization\"},\"potentialAction\":[{\"@type\":\"SearchAction\",\"target\":{\"@type\":\"EntryPoint\",\"urlTemplate\":\"https:\\\/\\\/www.romaoggi.eu\\\/?s={search_term_string}\"},\"query-input\":{\"@type\":\"PropertyValueSpecification\",\"valueRequired\":true,\"valueName\":\"search_term_string\"}}],\"inLanguage\":\"it-IT\"},{\"@type\":\"Organization\",\"@id\":\"https:\\\/\\\/www.romaoggi.eu\\\/#organization\",\"name\":\"RomaOggi\",\"url\":\"https:\\\/\\\/www.romaoggi.eu\\\/\",\"logo\":{\"@type\":\"ImageObject\",\"inLanguage\":\"it-IT\",\"@id\":\"https:\\\/\\\/www.romaoggi.eu\\\/#\\\/schema\\\/logo\\\/image\\\/\",\"url\":\"https:\\\/\\\/www.romaoggi.eu\\\/wp-content\\\/uploads\\\/2017\\\/04\\\/logowp.jpg\",\"contentUrl\":\"https:\\\/\\\/www.romaoggi.eu\\\/wp-content\\\/uploads\\\/2017\\\/04\\\/logowp.jpg\",\"width\":300,\"height\":133,\"caption\":\"RomaOggi\"},\"image\":{\"@id\":\"https:\\\/\\\/www.romaoggi.eu\\\/#\\\/schema\\\/logo\\\/image\\\/\"},\"sameAs\":[\"https:\\\/\\\/www.facebook.com\\\/RomaOggi-841544845954114\",\"https:\\\/\\\/x.com\\\/romaoggi_eu\"]},{\"@type\":\"Person\",\"@id\":\"https:\\\/\\\/www.romaoggi.eu\\\/#\\\/schema\\\/person\\\/cc12bfd93370392d7e41d243e47e6681\",\"name\":\"Flavio\",\"image\":{\"@type\":\"ImageObject\",\"inLanguage\":\"it-IT\",\"@id\":\"https:\\\/\\\/secure.gravatar.com\\\/avatar\\\/7e044ce830ea97853e01500437b37dff4a622b20a194e4d0efe9b67e918f19e5?s=96&d=mm&r=g\",\"url\":\"https:\\\/\\\/secure.gravatar.com\\\/avatar\\\/7e044ce830ea97853e01500437b37dff4a622b20a194e4d0efe9b67e918f19e5?s=96&d=mm&r=g\",\"contentUrl\":\"https:\\\/\\\/secure.gravatar.com\\\/avatar\\\/7e044ce830ea97853e01500437b37dff4a622b20a194e4d0efe9b67e918f19e5?s=96&d=mm&r=g\",\"caption\":\"Flavio\"},\"url\":\"https:\\\/\\\/www.romaoggi.eu\\\/index.php\\\/author\\\/cristiano\\\/\"}]}<\/script>\n<!-- \/ Yoast SEO plugin. -->","yoast_head_json":{"title":"AL PARCO CINECITTA\u2019 WORLD APRE \u201cIL REGNO DEL GHIACCIO\u201d","description":"https:\/\/www.facebook.com\/cinecittaworld\/videos\/451050665630190\/ Allerta neve e ghiaccio a Roma! Non \u00e8 un altro capriccio del meteo impazzito, n\u00e9 un evento","robots":{"index":"index","follow":"follow","max-snippet":"max-snippet:-1","max-image-preview":"max-image-preview:large","max-video-preview":"max-video-preview:-1"},"canonical":"https:\/\/www.romaoggi.eu\/index.php\/2019\/06\/08\/al-parco-cinecitta-world-apre-il-regno-del-ghiaccio\/","og_locale":"it_IT","og_type":"article","og_title":"AL PARCO CINECITTA\u2019 WORLD APRE \u201cIL REGNO DEL GHIACCIO\u201d","og_description":"https:\/\/www.facebook.com\/cinecittaworld\/videos\/451050665630190\/ Allerta neve e ghiaccio a Roma! Non \u00e8 un altro capriccio del meteo impazzito, n\u00e9 un evento","og_url":"https:\/\/www.romaoggi.eu\/index.php\/2019\/06\/08\/al-parco-cinecitta-world-apre-il-regno-del-ghiaccio\/","og_site_name":"roma oggi","article_publisher":"https:\/\/www.facebook.com\/RomaOggi-841544845954114","article_published_time":"2019-06-08T09:28:59+00:00","og_image":[{"width":4000,"height":2667,"url":"https:\/\/www.romaoggi.eu\/wp-content\/uploads\/2019\/06\/2-IL-REGNO-DEL-GHIACCIO-Cinecitt\u00e0-World-5.jpg","type":"image\/jpeg"}],"author":"Flavio","twitter_card":"summary_large_image","twitter_creator":"@romaoggi_eu","twitter_site":"@romaoggi_eu","twitter_misc":{"Scritto da":"Flavio","Tempo di lettura stimato":"2 minuti"},"schema":{"@context":"https:\/\/schema.org","@graph":[{"@type":"Article","@id":"https:\/\/www.romaoggi.eu\/index.php\/2019\/06\/08\/al-parco-cinecitta-world-apre-il-regno-del-ghiaccio\/#article","isPartOf":{"@id":"https:\/\/www.romaoggi.eu\/index.php\/2019\/06\/08\/al-parco-cinecitta-world-apre-il-regno-del-ghiaccio\/"},"author":{"name":"Flavio","@id":"https:\/\/www.romaoggi.eu\/#\/schema\/person\/cc12bfd93370392d7e41d243e47e6681"},"headline":"AL PARCO CINECITTA\u2019 WORLD APRE \u201cIL REGNO DEL GHIACCIO\u201d","datePublished":"2019-06-08T09:28:59+00:00","mainEntityOfPage":{"@id":"https:\/\/www.romaoggi.eu\/index.php\/2019\/06\/08\/al-parco-cinecitta-world-apre-il-regno-del-ghiaccio\/"},"wordCount":353,"publisher":{"@id":"https:\/\/www.romaoggi.eu\/#organization"},"image":{"@id":"https:\/\/www.romaoggi.eu\/index.php\/2019\/06\/08\/al-parco-cinecitta-world-apre-il-regno-del-ghiaccio\/#primaryimage"},"thumbnailUrl":"https:\/\/www.romaoggi.eu\/wp-content\/uploads\/2019\/06\/2-IL-REGNO-DEL-GHIACCIO-Cinecitt\u00e0-World-5.jpg","keywords":["2019","Cinecitt\u00e0 World","Il regno del ghiaccio","roma","romaoggi","RomaOggi.eu","rome","snow park"],"articleSection":["attualit\u00e0"],"inLanguage":"it-IT"},{"@type":"WebPage","@id":"https:\/\/www.romaoggi.eu\/index.php\/2019\/06\/08\/al-parco-cinecitta-world-apre-il-regno-del-ghiaccio\/","url":"https:\/\/www.romaoggi.eu\/index.php\/2019\/06\/08\/al-parco-cinecitta-world-apre-il-regno-del-ghiaccio\/","name":"AL PARCO CINECITTA\u2019 WORLD APRE \u201cIL REGNO DEL GHIACCIO\u201d","isPartOf":{"@id":"https:\/\/www.romaoggi.eu\/#website"},"primaryImageOfPage":{"@id":"https:\/\/www.romaoggi.eu\/index.php\/2019\/06\/08\/al-parco-cinecitta-world-apre-il-regno-del-ghiaccio\/#primaryimage"},"image":{"@id":"https:\/\/www.romaoggi.eu\/index.php\/2019\/06\/08\/al-parco-cinecitta-world-apre-il-regno-del-ghiaccio\/#primaryimage"},"thumbnailUrl":"https:\/\/www.romaoggi.eu\/wp-content\/uploads\/2019\/06\/2-IL-REGNO-DEL-GHIACCIO-Cinecitt\u00e0-World-5.jpg","datePublished":"2019-06-08T09:28:59+00:00","description":"https:\/\/www.facebook.com\/cinecittaworld\/videos\/451050665630190\/ Allerta neve e ghiaccio a Roma! Non \u00e8 un altro capriccio del meteo impazzito, n\u00e9 un evento","breadcrumb":{"@id":"https:\/\/www.romaoggi.eu\/index.php\/2019\/06\/08\/al-parco-cinecitta-world-apre-il-regno-del-ghiaccio\/#breadcrumb"},"inLanguage":"it-IT","potentialAction":[{"@type":"ReadAction","target":["https:\/\/www.romaoggi.eu\/index.php\/2019\/06\/08\/al-parco-cinecitta-world-apre-il-regno-del-ghiaccio\/"]}]},{"@type":"ImageObject","inLanguage":"it-IT","@id":"https:\/\/www.romaoggi.eu\/index.php\/2019\/06\/08\/al-parco-cinecitta-world-apre-il-regno-del-ghiaccio\/#primaryimage","url":"https:\/\/www.romaoggi.eu\/wp-content\/uploads\/2019\/06\/2-IL-REGNO-DEL-GHIACCIO-Cinecitt\u00e0-World-5.jpg","contentUrl":"https:\/\/www.romaoggi.eu\/wp-content\/uploads\/2019\/06\/2-IL-REGNO-DEL-GHIACCIO-Cinecitt\u00e0-World-5.jpg","width":4000,"height":2667,"caption":"Alt text Cinecitt\u00e0 World"},{"@type":"BreadcrumbList","@id":"https:\/\/www.romaoggi.eu\/index.php\/2019\/06\/08\/al-parco-cinecitta-world-apre-il-regno-del-ghiaccio\/#breadcrumb","itemListElement":[{"@type":"ListItem","position":1,"name":"Home","item":"https:\/\/www.romaoggi.eu\/"},{"@type":"ListItem","position":2,"name":"AL PARCO CINECITTA\u2019 WORLD APRE \u201cIL REGNO DEL GHIACCIO\u201d"}]},{"@type":"WebSite","@id":"https:\/\/www.romaoggi.eu\/#website","url":"https:\/\/www.romaoggi.eu\/","name":"roma oggi","description":"Interesting News for Interesting people","publisher":{"@id":"https:\/\/www.romaoggi.eu\/#organization"},"potentialAction":[{"@type":"SearchAction","target":{"@type":"EntryPoint","urlTemplate":"https:\/\/www.romaoggi.eu\/?s={search_term_string}"},"query-input":{"@type":"PropertyValueSpecification","valueRequired":true,"valueName":"search_term_string"}}],"inLanguage":"it-IT"},{"@type":"Organization","@id":"https:\/\/www.romaoggi.eu\/#organization","name":"RomaOggi","url":"https:\/\/www.romaoggi.eu\/","logo":{"@type":"ImageObject","inLanguage":"it-IT","@id":"https:\/\/www.romaoggi.eu\/#\/schema\/logo\/image\/","url":"https:\/\/www.romaoggi.eu\/wp-content\/uploads\/2017\/04\/logowp.jpg","contentUrl":"https:\/\/www.romaoggi.eu\/wp-content\/uploads\/2017\/04\/logowp.jpg","width":300,"height":133,"caption":"RomaOggi"},"image":{"@id":"https:\/\/www.romaoggi.eu\/#\/schema\/logo\/image\/"},"sameAs":["https:\/\/www.facebook.com\/RomaOggi-841544845954114","https:\/\/x.com\/romaoggi_eu"]},{"@type":"Person","@id":"https:\/\/www.romaoggi.eu\/#\/schema\/person\/cc12bfd93370392d7e41d243e47e6681","name":"Flavio","image":{"@type":"ImageObject","inLanguage":"it-IT","@id":"https:\/\/secure.gravatar.com\/avatar\/7e044ce830ea97853e01500437b37dff4a622b20a194e4d0efe9b67e918f19e5?s=96&d=mm&r=g","url":"https:\/\/secure.gravatar.com\/avatar\/7e044ce830ea97853e01500437b37dff4a622b20a194e4d0efe9b67e918f19e5?s=96&d=mm&r=g","contentUrl":"https:\/\/secure.gravatar.com\/avatar\/7e044ce830ea97853e01500437b37dff4a622b20a194e4d0efe9b67e918f19e5?s=96&d=mm&r=g","caption":"Flavio"},"url":"https:\/\/www.romaoggi.eu\/index.php\/author\/cristiano\/"}]}},"_links":{"self":[{"href":"https:\/\/www.romaoggi.eu\/index.php\/wp-json\/wp\/v2\/posts\/21891","targetHints":{"allow":["GET"]}}],"collection":[{"href":"https:\/\/www.romaoggi.eu\/index.php\/wp-json\/wp\/v2\/posts"}],"about":[{"href":"https:\/\/www.romaoggi.eu\/index.php\/wp-json\/wp\/v2\/types\/post"}],"author":[{"embeddable":true,"href":"https:\/\/www.romaoggi.eu\/index.php\/wp-json\/wp\/v2\/users\/5"}],"replies":[{"embeddable":true,"href":"https:\/\/www.romaoggi.eu\/index.php\/wp-json\/wp\/v2\/comments?post=21891"}],"version-history":[{"count":1,"href":"https:\/\/www.romaoggi.eu\/index.php\/wp-json\/wp\/v2\/posts\/21891\/revisions"}],"predecessor-version":[{"id":21898,"href":"https:\/\/www.romaoggi.eu\/index.php\/wp-json\/wp\/v2\/posts\/21891\/revisions\/21898"}],"wp:featuredmedia":[{"embeddable":true,"href":"https:\/\/www.romaoggi.eu\/index.php\/wp-json\/wp\/v2\/media\/21892"}],"wp:attachment":[{"href":"https:\/\/www.romaoggi.eu\/index.php\/wp-json\/wp\/v2\/media?parent=21891"}],"wp:term":[{"taxonomy":"category","embeddable":true,"href":"https:\/\/www.romaoggi.eu\/index.php\/wp-json\/wp\/v2\/categories?post=21891"},{"taxonomy":"post_tag","embeddable":true,"href":"https:\/\/www.romaoggi.eu\/index.php\/wp-json\/wp\/v2\/tags?post=21891"}],"curies":[{"name":"wp","href":"https:\/\/api.w.org\/{rel}","templated":true}]}}