{"id":21927,"date":"2019-06-11T12:47:06","date_gmt":"2019-06-11T10:47:06","guid":{"rendered":"http:\/\/www.romaoggi.eu\/?p=21927"},"modified":"2022-09-19T13:30:07","modified_gmt":"2022-09-19T11:30:07","slug":"dimagrire-e-una-questione-di-testa-pronti-per-la-prova-costume","status":"publish","type":"post","link":"https:\/\/www.romaoggi.eu\/index.php\/2019\/06\/11\/dimagrire-e-una-questione-di-testa-pronti-per-la-prova-costume\/","title":{"rendered":"DIMAGRIRE \u00c8 UNA QUESTIONE DI TESTA! Pronti per la prova costume?"},"content":{"rendered":"<p style=\"text-align: justify;\"><i><span style=\"font-weight: 400;\">Inauguro la mia rubrica <strong>Mind&amp;Food<\/strong> \u00a0ospitata da Romaoggi.eu proprio a ridosso dell\u2019estate e ci\u00f2 mi porta a fare una considerazione: <\/span><\/i><i><span style=\"font-weight: 400;\">per molti si avvicina la fatidica \u201c<strong>prova costume<\/strong>\u201d.<\/span><\/i><\/p>\n<p style=\"text-align: justify;\"><i><span style=\"font-weight: 400;\">Puntuali ogni anno le svariate proposte alimentari che promettono il miracolo: dimagrire velocemente mangiando! Che sia un sogno per molti \u00e8 vero, ma \u00e8 sulla sua realizzazione che nutro parecchi dubbi!<\/span><\/i><\/p>\n<p style=\"text-align: justify;\"><i><span style=\"font-weight: 400;\">Vorrei mettervi in guardia da facili promesse ed inutili spese con relative illusioni. Le offerte <\/span><\/i><i><span style=\"font-weight: 400;\">\u00a0risultano essere inadeguate, diseducative e spesso pericolose per la salute fisica e psicologica. Se con l\u2019inverno avete messo su <strong>2-4 kg<\/strong> baster\u00e0 praticare un po&#8217; di esercizio fisico e mangiare evitando gli eccessi ed il corpo riacquister\u00e0 in breve il suo equilibrio. Per chi ha fatto della sua vita una \u201cdieta perenne\u201d chiedo di riflettere sulle righe che seguiranno.<\/span><\/i><\/p>\n<p><img loading=\"lazy\" decoding=\"async\" class=\"aligncenter wp-image-21953 size-large\" src=\"https:\/\/www.romaoggi.eu\/wp-content\/uploads\/2019\/06\/IMG_3295-12-06-19-20-34-768x1024.jpeg\" alt=\"\" width=\"768\" height=\"1024\" srcset=\"https:\/\/www.romaoggi.eu\/wp-content\/uploads\/2019\/06\/IMG_3295-12-06-19-20-34-768x1024.jpeg 768w, https:\/\/www.romaoggi.eu\/wp-content\/uploads\/2019\/06\/IMG_3295-12-06-19-20-34-225x300.jpeg 225w, https:\/\/www.romaoggi.eu\/wp-content\/uploads\/2019\/06\/IMG_3295-12-06-19-20-34.jpeg 1440w\" sizes=\"auto, (max-width: 768px) 100vw, 768px\" \/><\/p>\n<p style=\"text-align: justify;\"><span style=\"font-weight: 400;\">Mai come in questo periodo storico ci siamo trovati di fronte a tanta confusione: basta pensare alla politica, agli stili di vita, alle disparit\u00e0 sociali. Nel mio ambito d\u2019intervento, che riguarda il comportamento alimentare, veniamo subissati da continui input discordanti. Da una parte il fiorire di siti, blog, programmi televisivi \u00a0che parlano di cibo (raramente sano), dall\u2019altra le immagini di donne filiformi ben diverse dalla realt\u00e0, la pubblicizzazione di diete o pillole miracolose piuttosto che dell\u2019aceto che scioglie i grassi ed ora anche la proposta dell\u2019ipnosi per dimagrire fino ad arrivare agli eccessi con profili social che inneggiano all\u2019anoressia.<\/span><\/p>\n<p style=\"text-align: justify;\"><span style=\"font-weight: 400;\">In questo caos \u00e8 davvero difficile compiere le scelte giuste ed io nel \u00a0mio lavoro quotidiano posso confermare che la presunta informazione non c\u2019\u00e8<\/span> <span style=\"font-weight: 400;\">, si tratta nella maggior parte dei casi di nozioni confuse e distorte. Vengono perpetuati comportamenti alimentari errati da parte di genitori, insegnanti , da parte di professionisti di alto livello e comuni lavoratori, di bambini ed anziani : insomma non si salva nessuno o \u2026 quasi.<\/span><\/p>\n<p style=\"text-align: justify;\"><span style=\"font-weight: 400;\">Spesso mi trovo di fronte a persone normopeso che in realt\u00e0 soffrono di gravi disturbi del comportamento alimentare, che hanno un vissuto altalenante verso il corpo, a volte amato a volte odiato, accompagnato dalle inevitabili alterazioni del peso. La gran parte delle persone ha effettivamente qualche kg di troppo dovuto proprio agli squilibri alimentari e alla mancanza di movimento e come l\u2019<strong>INRAN (Istituto Nazionale per gli Alimenti e la Nutrizione)<\/strong> ha evidenziato, tocchiamo cifre preoccupanti riguardanti l\u2019obesit\u00e0 che non risparmia neanche le fasce infantili. <\/span><\/p>\n<p style=\"text-align: justify;\"><span style=\"font-weight: 400;\">Poich\u00e9 svolgo lavoro di formazione ed informazione, vorrei fare alcune raccomandazioni a chi sta cercando di dimagrire, onde evitare che si perda nel marasma e riesca a fare scelte consapevoli nell\u2019offerta proposta: se il tuo obiettivo \u00e8 la perdita di peso e fino ad oggi puoi aver trovato difficolt\u00e0 \u00a0nel raggiungere la tua meta, \u00e8 perch\u00e9 ti sei focalizzato esclusivamente sulle informazioni riguardanti l\u2019alimentazione, senza prendere in considerazione la variabile pi\u00f9 importante: la tua mente. <\/span><\/p>\n<p style=\"text-align: justify;\"><span style=\"font-weight: 400;\">Mi indirizzer\u00f2 pi\u00f9 direttamente ad un pubblico femminile, perch\u00e9 \u00e8 quello che risulta pi\u00f9 rappresentativo nella mia pratica clinica, ma i signori maschi non si sentano esclusi\u2026 leggete fino in fondo: i consigli e le riflessioni che propongo sono utili anche a voi!<\/span><\/p>\n<p style=\"text-align: justify;\"><span style=\"font-weight: 400;\">Ti sei mai chiesta \u00a0perch\u00e9 non sei riuscita a portare a termine una dieta? O perch\u00e9 hai recuperato cos\u00ec velocemente i kg appena persi? La tua risposta \u00e8 sincera? Ho paura di no. La stragrande maggioranza delle persone (il 91% per essere precisi) che si mette a dieta, perde peso per un po\u2019; \u00a0arrivata ad un certo punto, mette da parte la dieta o inizia a seguirla in modo difforme, con la conseguente ripresa di tutto o quasi il peso perso.<\/span><\/p>\n<p style=\"text-align: justify;\"><span style=\"font-weight: 400;\">Queste le giustificazioni \u00a0pi\u00f9 comuni: &#8211; \u00e8 colpa dello stress &#8211; \u00e8 faticoso cucinare cose diverse &#8211; non ce la faccio, non ho abbastanza forza &#8211; il mio metabolismo \u00e8 lento- ecc. Il vero motivo invece \u00e8 solo uno: <\/span><i><span style=\"font-weight: 400;\">dimagrire e\u2019 una questione di testa<\/span><\/i><span style=\"font-weight: 400;\"> e se prima non cambi il rapporto con il cibo non<\/span> <span style=\"font-weight: 400;\">dimagrirai mai a lungo termine e non manterrai mai il tuo peso ideale. *<\/span><\/p>\n<p style=\"text-align: justify;\"><span style=\"font-weight: 400;\"><strong>Il cambiamento \u00e8 possibile?<\/strong> Per saperlo seguimi fra 15 giorni su questa rubrica !<\/span><\/p>\n<p style=\"text-align: justify;\"><span style=\"font-weight: 400;\">*Tratto da: <strong>DIMAGRIRE UNA SCELTA CONSAPEVOLE\/ Il Metodo Integrato della Dott.ssa Scanu<\/strong> ,<\/span><\/p>\n<p style=\"text-align: justify;\"><span style=\"font-weight: 400;\"><a href=\"https:\/\/www.campidicarta.org\/\">Campi di carta edizioni<\/a><\/span><\/p>\n<p><img loading=\"lazy\" decoding=\"async\" class=\"wp-image-21929 size-full\" src=\"https:\/\/www.romaoggi.eu\/wp-content\/uploads\/2019\/06\/dott.ssa-Emanuela-Scanu.jpg\" alt=\"alt tag dimagrire\" width=\"751\" height=\"751\" srcset=\"https:\/\/www.romaoggi.eu\/wp-content\/uploads\/2019\/06\/dott.ssa-Emanuela-Scanu.jpg 751w, https:\/\/www.romaoggi.eu\/wp-content\/uploads\/2019\/06\/dott.ssa-Emanuela-Scanu-150x150.jpg 150w, https:\/\/www.romaoggi.eu\/wp-content\/uploads\/2019\/06\/dott.ssa-Emanuela-Scanu-300x300.jpg 300w\" sizes=\"auto, (max-width: 751px) 100vw, 751px\" \/><\/p>\n<p><a href=\"https:\/\/www.romaoggi.eu\/index.php\/2019\/06\/03\/da-giugno-emanuela-scanu-esperta-di-cibo-e-mente-su-romaoggi-eu\/\"><span style=\"font-weight: 400;\">Dott.ssa Emanuela Scanu<\/span><\/a><\/p>\n<p>&nbsp;<\/p>\n<p>&nbsp;<\/p>\n<p>&nbsp;<\/p>\n","protected":false},"excerpt":{"rendered":"<div class=\"mh-excerpt\"><p>Inauguro la mia rubrica Mind&amp;Food \u00a0ospitata da Romaoggi.eu proprio a ridosso dell\u2019estate e ci\u00f2 mi porta a fare una considerazione: per molti si avvicina la fatidica \u201cprova costume\u201d. Puntuali ogni anno le svariate proposte alimentari <a class=\"mh-excerpt-more\" href=\"https:\/\/www.romaoggi.eu\/index.php\/2019\/06\/11\/dimagrire-e-una-questione-di-testa-pronti-per-la-prova-costume\/\" title=\"DIMAGRIRE \u00c8 UNA QUESTIONE DI TESTA! Pronti per la prova costume?\">[&#8230;]<\/a><\/p>\n<\/div>","protected":false},"author":15,"featured_media":21953,"comment_status":"closed","ping_status":"open","sticky":false,"template":"","format":"standard","meta":{"_sitemap_exclude":false,"_sitemap_priority":"","_sitemap_frequency":"","footnotes":""},"categories":[12817],"tags":[5555,12857,4713,12854,12424,12858,12856,12855,355],"class_list":["post-21927","post","type-post","status-publish","format-standard","has-post-thumbnail","hentry","category-mindfood-di-emanuela-scanu","tag-alimentazione","tag-comportamenti-alimentari","tag-dieta","tag-dimagrire","tag-emanuela-scanu","tag-equilibrio","tag-inran","tag-prova-costume","tag-sport"],"yoast_head":"<!-- This site is optimized with the Yoast SEO plugin v27.5 - https:\/\/yoast.com\/product\/yoast-seo-wordpress\/ -->\n<title>DIMAGRIRE \u00c8 UNA QUESTIONE DI TESTA! Pronti per la prova costume?<\/title>\n<meta name=\"description\" content=\"Inauguro la mia rubrica Mind&amp;Food \u00a0ospitata da Romaoggi.eu proprio a ridosso dell\u2019estate e ci\u00f2 mi porta a fare una considerazione: per molti si\" \/>\n<meta name=\"robots\" content=\"index, follow, max-snippet:-1, max-image-preview:large, max-video-preview:-1\" \/>\n<link rel=\"canonical\" href=\"https:\/\/www.romaoggi.eu\/index.php\/2019\/06\/11\/dimagrire-e-una-questione-di-testa-pronti-per-la-prova-costume\/\" \/>\n<meta property=\"og:locale\" content=\"it_IT\" \/>\n<meta property=\"og:type\" content=\"article\" \/>\n<meta property=\"og:title\" content=\"DIMAGRIRE \u00c8 UNA QUESTIONE DI TESTA! Pronti per la prova costume?\" \/>\n<meta property=\"og:description\" content=\"Inauguro la mia rubrica Mind&amp;Food \u00a0ospitata da Romaoggi.eu proprio a ridosso dell\u2019estate e ci\u00f2 mi porta a fare una considerazione: per molti si\" \/>\n<meta property=\"og:url\" content=\"https:\/\/www.romaoggi.eu\/index.php\/2019\/06\/11\/dimagrire-e-una-questione-di-testa-pronti-per-la-prova-costume\/\" \/>\n<meta property=\"og:site_name\" content=\"roma oggi\" \/>\n<meta property=\"article:publisher\" content=\"https:\/\/www.facebook.com\/RomaOggi-841544845954114\" \/>\n<meta property=\"article:published_time\" content=\"2019-06-11T10:47:06+00:00\" \/>\n<meta property=\"article:modified_time\" content=\"2022-09-19T11:30:07+00:00\" \/>\n<meta property=\"og:image\" content=\"https:\/\/www.romaoggi.eu\/wp-content\/uploads\/2019\/06\/IMG_3295-12-06-19-20-34.jpeg\" \/>\n\t<meta property=\"og:image:width\" content=\"1440\" \/>\n\t<meta property=\"og:image:height\" content=\"1920\" \/>\n\t<meta property=\"og:image:type\" content=\"image\/jpeg\" \/>\n<meta name=\"author\" content=\"Emanuela Scanu\" \/>\n<meta name=\"twitter:card\" content=\"summary_large_image\" \/>\n<meta name=\"twitter:creator\" content=\"@romaoggi_eu\" \/>\n<meta name=\"twitter:site\" content=\"@romaoggi_eu\" \/>\n<meta name=\"twitter:label1\" content=\"Scritto da\" \/>\n\t<meta name=\"twitter:data1\" content=\"Emanuela Scanu\" \/>\n\t<meta name=\"twitter:label2\" content=\"Tempo di lettura stimato\" \/>\n\t<meta name=\"twitter:data2\" content=\"5 minuti\" \/>\n<script type=\"application\/ld+json\" class=\"yoast-schema-graph\">{\"@context\":\"https:\\\/\\\/schema.org\",\"@graph\":[{\"@type\":\"Article\",\"@id\":\"https:\\\/\\\/www.romaoggi.eu\\\/index.php\\\/2019\\\/06\\\/11\\\/dimagrire-e-una-questione-di-testa-pronti-per-la-prova-costume\\\/#article\",\"isPartOf\":{\"@id\":\"https:\\\/\\\/www.romaoggi.eu\\\/index.php\\\/2019\\\/06\\\/11\\\/dimagrire-e-una-questione-di-testa-pronti-per-la-prova-costume\\\/\"},\"author\":{\"name\":\"Emanuela Scanu\",\"@id\":\"https:\\\/\\\/www.romaoggi.eu\\\/#\\\/schema\\\/person\\\/1ec8ab015e67a2efdfc9c021043dc1bb\"},\"headline\":\"DIMAGRIRE \u00c8 UNA QUESTIONE DI TESTA! Pronti per la prova costume?\",\"datePublished\":\"2019-06-11T10:47:06+00:00\",\"dateModified\":\"2022-09-19T11:30:07+00:00\",\"mainEntityOfPage\":{\"@id\":\"https:\\\/\\\/www.romaoggi.eu\\\/index.php\\\/2019\\\/06\\\/11\\\/dimagrire-e-una-questione-di-testa-pronti-per-la-prova-costume\\\/\"},\"wordCount\":698,\"publisher\":{\"@id\":\"https:\\\/\\\/www.romaoggi.eu\\\/#organization\"},\"image\":{\"@id\":\"https:\\\/\\\/www.romaoggi.eu\\\/index.php\\\/2019\\\/06\\\/11\\\/dimagrire-e-una-questione-di-testa-pronti-per-la-prova-costume\\\/#primaryimage\"},\"thumbnailUrl\":\"https:\\\/\\\/www.romaoggi.eu\\\/wp-content\\\/uploads\\\/2019\\\/06\\\/IMG_3295-12-06-19-20-34.jpeg\",\"keywords\":[\"alimentazione\",\"comportamenti alimentari\",\"dieta\",\"dimagrire\",\"emanuela scanu\",\"equilibrio\",\"INRAN\",\"prova costume\",\"sport\"],\"articleSection\":[\"Mind&amp;Food di Emanuela Scanu\"],\"inLanguage\":\"it-IT\"},{\"@type\":\"WebPage\",\"@id\":\"https:\\\/\\\/www.romaoggi.eu\\\/index.php\\\/2019\\\/06\\\/11\\\/dimagrire-e-una-questione-di-testa-pronti-per-la-prova-costume\\\/\",\"url\":\"https:\\\/\\\/www.romaoggi.eu\\\/index.php\\\/2019\\\/06\\\/11\\\/dimagrire-e-una-questione-di-testa-pronti-per-la-prova-costume\\\/\",\"name\":\"DIMAGRIRE \u00c8 UNA QUESTIONE DI TESTA! Pronti per la prova costume?\",\"isPartOf\":{\"@id\":\"https:\\\/\\\/www.romaoggi.eu\\\/#website\"},\"primaryImageOfPage\":{\"@id\":\"https:\\\/\\\/www.romaoggi.eu\\\/index.php\\\/2019\\\/06\\\/11\\\/dimagrire-e-una-questione-di-testa-pronti-per-la-prova-costume\\\/#primaryimage\"},\"image\":{\"@id\":\"https:\\\/\\\/www.romaoggi.eu\\\/index.php\\\/2019\\\/06\\\/11\\\/dimagrire-e-una-questione-di-testa-pronti-per-la-prova-costume\\\/#primaryimage\"},\"thumbnailUrl\":\"https:\\\/\\\/www.romaoggi.eu\\\/wp-content\\\/uploads\\\/2019\\\/06\\\/IMG_3295-12-06-19-20-34.jpeg\",\"datePublished\":\"2019-06-11T10:47:06+00:00\",\"dateModified\":\"2022-09-19T11:30:07+00:00\",\"description\":\"Inauguro la mia rubrica Mind&amp;Food \u00a0ospitata da Romaoggi.eu proprio a ridosso dell\u2019estate e ci\u00f2 mi porta a fare una considerazione: per molti si\",\"breadcrumb\":{\"@id\":\"https:\\\/\\\/www.romaoggi.eu\\\/index.php\\\/2019\\\/06\\\/11\\\/dimagrire-e-una-questione-di-testa-pronti-per-la-prova-costume\\\/#breadcrumb\"},\"inLanguage\":\"it-IT\",\"potentialAction\":[{\"@type\":\"ReadAction\",\"target\":[\"https:\\\/\\\/www.romaoggi.eu\\\/index.php\\\/2019\\\/06\\\/11\\\/dimagrire-e-una-questione-di-testa-pronti-per-la-prova-costume\\\/\"]}]},{\"@type\":\"ImageObject\",\"inLanguage\":\"it-IT\",\"@id\":\"https:\\\/\\\/www.romaoggi.eu\\\/index.php\\\/2019\\\/06\\\/11\\\/dimagrire-e-una-questione-di-testa-pronti-per-la-prova-costume\\\/#primaryimage\",\"url\":\"https:\\\/\\\/www.romaoggi.eu\\\/wp-content\\\/uploads\\\/2019\\\/06\\\/IMG_3295-12-06-19-20-34.jpeg\",\"contentUrl\":\"https:\\\/\\\/www.romaoggi.eu\\\/wp-content\\\/uploads\\\/2019\\\/06\\\/IMG_3295-12-06-19-20-34.jpeg\",\"width\":1440,\"height\":1920},{\"@type\":\"BreadcrumbList\",\"@id\":\"https:\\\/\\\/www.romaoggi.eu\\\/index.php\\\/2019\\\/06\\\/11\\\/dimagrire-e-una-questione-di-testa-pronti-per-la-prova-costume\\\/#breadcrumb\",\"itemListElement\":[{\"@type\":\"ListItem\",\"position\":1,\"name\":\"Home\",\"item\":\"https:\\\/\\\/www.romaoggi.eu\\\/\"},{\"@type\":\"ListItem\",\"position\":2,\"name\":\"DIMAGRIRE \u00c8 UNA QUESTIONE DI TESTA! Pronti per la prova costume?\"}]},{\"@type\":\"WebSite\",\"@id\":\"https:\\\/\\\/www.romaoggi.eu\\\/#website\",\"url\":\"https:\\\/\\\/www.romaoggi.eu\\\/\",\"name\":\"roma oggi\",\"description\":\"Interesting News for Interesting people\",\"publisher\":{\"@id\":\"https:\\\/\\\/www.romaoggi.eu\\\/#organization\"},\"potentialAction\":[{\"@type\":\"SearchAction\",\"target\":{\"@type\":\"EntryPoint\",\"urlTemplate\":\"https:\\\/\\\/www.romaoggi.eu\\\/?s={search_term_string}\"},\"query-input\":{\"@type\":\"PropertyValueSpecification\",\"valueRequired\":true,\"valueName\":\"search_term_string\"}}],\"inLanguage\":\"it-IT\"},{\"@type\":\"Organization\",\"@id\":\"https:\\\/\\\/www.romaoggi.eu\\\/#organization\",\"name\":\"RomaOggi\",\"url\":\"https:\\\/\\\/www.romaoggi.eu\\\/\",\"logo\":{\"@type\":\"ImageObject\",\"inLanguage\":\"it-IT\",\"@id\":\"https:\\\/\\\/www.romaoggi.eu\\\/#\\\/schema\\\/logo\\\/image\\\/\",\"url\":\"https:\\\/\\\/www.romaoggi.eu\\\/wp-content\\\/uploads\\\/2017\\\/04\\\/logowp.jpg\",\"contentUrl\":\"https:\\\/\\\/www.romaoggi.eu\\\/wp-content\\\/uploads\\\/2017\\\/04\\\/logowp.jpg\",\"width\":300,\"height\":133,\"caption\":\"RomaOggi\"},\"image\":{\"@id\":\"https:\\\/\\\/www.romaoggi.eu\\\/#\\\/schema\\\/logo\\\/image\\\/\"},\"sameAs\":[\"https:\\\/\\\/www.facebook.com\\\/RomaOggi-841544845954114\",\"https:\\\/\\\/x.com\\\/romaoggi_eu\"]},{\"@type\":\"Person\",\"@id\":\"https:\\\/\\\/www.romaoggi.eu\\\/#\\\/schema\\\/person\\\/1ec8ab015e67a2efdfc9c021043dc1bb\",\"name\":\"Emanuela Scanu\",\"image\":{\"@type\":\"ImageObject\",\"inLanguage\":\"it-IT\",\"@id\":\"https:\\\/\\\/secure.gravatar.com\\\/avatar\\\/39bacfd625ef91a3711b21879f0e8cb1a68afc8d5bdcf92d10a6da6ee9245f23?s=96&d=mm&r=g\",\"url\":\"https:\\\/\\\/secure.gravatar.com\\\/avatar\\\/39bacfd625ef91a3711b21879f0e8cb1a68afc8d5bdcf92d10a6da6ee9245f23?s=96&d=mm&r=g\",\"contentUrl\":\"https:\\\/\\\/secure.gravatar.com\\\/avatar\\\/39bacfd625ef91a3711b21879f0e8cb1a68afc8d5bdcf92d10a6da6ee9245f23?s=96&d=mm&r=g\",\"caption\":\"Emanuela Scanu\"},\"url\":\"https:\\\/\\\/www.romaoggi.eu\\\/index.php\\\/author\\\/emanuela\\\/\"}]}<\/script>\n<!-- \/ Yoast SEO plugin. -->","yoast_head_json":{"title":"DIMAGRIRE \u00c8 UNA QUESTIONE DI TESTA! Pronti per la prova costume?","description":"Inauguro la mia rubrica Mind&amp;Food \u00a0ospitata da Romaoggi.eu proprio a ridosso dell\u2019estate e ci\u00f2 mi porta a fare una considerazione: per molti si","robots":{"index":"index","follow":"follow","max-snippet":"max-snippet:-1","max-image-preview":"max-image-preview:large","max-video-preview":"max-video-preview:-1"},"canonical":"https:\/\/www.romaoggi.eu\/index.php\/2019\/06\/11\/dimagrire-e-una-questione-di-testa-pronti-per-la-prova-costume\/","og_locale":"it_IT","og_type":"article","og_title":"DIMAGRIRE \u00c8 UNA QUESTIONE DI TESTA! Pronti per la prova costume?","og_description":"Inauguro la mia rubrica Mind&amp;Food \u00a0ospitata da Romaoggi.eu proprio a ridosso dell\u2019estate e ci\u00f2 mi porta a fare una considerazione: per molti si","og_url":"https:\/\/www.romaoggi.eu\/index.php\/2019\/06\/11\/dimagrire-e-una-questione-di-testa-pronti-per-la-prova-costume\/","og_site_name":"roma oggi","article_publisher":"https:\/\/www.facebook.com\/RomaOggi-841544845954114","article_published_time":"2019-06-11T10:47:06+00:00","article_modified_time":"2022-09-19T11:30:07+00:00","og_image":[{"width":1440,"height":1920,"url":"https:\/\/www.romaoggi.eu\/wp-content\/uploads\/2019\/06\/IMG_3295-12-06-19-20-34.jpeg","type":"image\/jpeg"}],"author":"Emanuela Scanu","twitter_card":"summary_large_image","twitter_creator":"@romaoggi_eu","twitter_site":"@romaoggi_eu","twitter_misc":{"Scritto da":"Emanuela Scanu","Tempo di lettura stimato":"5 minuti"},"schema":{"@context":"https:\/\/schema.org","@graph":[{"@type":"Article","@id":"https:\/\/www.romaoggi.eu\/index.php\/2019\/06\/11\/dimagrire-e-una-questione-di-testa-pronti-per-la-prova-costume\/#article","isPartOf":{"@id":"https:\/\/www.romaoggi.eu\/index.php\/2019\/06\/11\/dimagrire-e-una-questione-di-testa-pronti-per-la-prova-costume\/"},"author":{"name":"Emanuela Scanu","@id":"https:\/\/www.romaoggi.eu\/#\/schema\/person\/1ec8ab015e67a2efdfc9c021043dc1bb"},"headline":"DIMAGRIRE \u00c8 UNA QUESTIONE DI TESTA! Pronti per la prova costume?","datePublished":"2019-06-11T10:47:06+00:00","dateModified":"2022-09-19T11:30:07+00:00","mainEntityOfPage":{"@id":"https:\/\/www.romaoggi.eu\/index.php\/2019\/06\/11\/dimagrire-e-una-questione-di-testa-pronti-per-la-prova-costume\/"},"wordCount":698,"publisher":{"@id":"https:\/\/www.romaoggi.eu\/#organization"},"image":{"@id":"https:\/\/www.romaoggi.eu\/index.php\/2019\/06\/11\/dimagrire-e-una-questione-di-testa-pronti-per-la-prova-costume\/#primaryimage"},"thumbnailUrl":"https:\/\/www.romaoggi.eu\/wp-content\/uploads\/2019\/06\/IMG_3295-12-06-19-20-34.jpeg","keywords":["alimentazione","comportamenti alimentari","dieta","dimagrire","emanuela scanu","equilibrio","INRAN","prova costume","sport"],"articleSection":["Mind&amp;Food di Emanuela Scanu"],"inLanguage":"it-IT"},{"@type":"WebPage","@id":"https:\/\/www.romaoggi.eu\/index.php\/2019\/06\/11\/dimagrire-e-una-questione-di-testa-pronti-per-la-prova-costume\/","url":"https:\/\/www.romaoggi.eu\/index.php\/2019\/06\/11\/dimagrire-e-una-questione-di-testa-pronti-per-la-prova-costume\/","name":"DIMAGRIRE \u00c8 UNA QUESTIONE DI TESTA! Pronti per la prova costume?","isPartOf":{"@id":"https:\/\/www.romaoggi.eu\/#website"},"primaryImageOfPage":{"@id":"https:\/\/www.romaoggi.eu\/index.php\/2019\/06\/11\/dimagrire-e-una-questione-di-testa-pronti-per-la-prova-costume\/#primaryimage"},"image":{"@id":"https:\/\/www.romaoggi.eu\/index.php\/2019\/06\/11\/dimagrire-e-una-questione-di-testa-pronti-per-la-prova-costume\/#primaryimage"},"thumbnailUrl":"https:\/\/www.romaoggi.eu\/wp-content\/uploads\/2019\/06\/IMG_3295-12-06-19-20-34.jpeg","datePublished":"2019-06-11T10:47:06+00:00","dateModified":"2022-09-19T11:30:07+00:00","description":"Inauguro la mia rubrica Mind&amp;Food \u00a0ospitata da Romaoggi.eu proprio a ridosso dell\u2019estate e ci\u00f2 mi porta a fare una considerazione: per molti si","breadcrumb":{"@id":"https:\/\/www.romaoggi.eu\/index.php\/2019\/06\/11\/dimagrire-e-una-questione-di-testa-pronti-per-la-prova-costume\/#breadcrumb"},"inLanguage":"it-IT","potentialAction":[{"@type":"ReadAction","target":["https:\/\/www.romaoggi.eu\/index.php\/2019\/06\/11\/dimagrire-e-una-questione-di-testa-pronti-per-la-prova-costume\/"]}]},{"@type":"ImageObject","inLanguage":"it-IT","@id":"https:\/\/www.romaoggi.eu\/index.php\/2019\/06\/11\/dimagrire-e-una-questione-di-testa-pronti-per-la-prova-costume\/#primaryimage","url":"https:\/\/www.romaoggi.eu\/wp-content\/uploads\/2019\/06\/IMG_3295-12-06-19-20-34.jpeg","contentUrl":"https:\/\/www.romaoggi.eu\/wp-content\/uploads\/2019\/06\/IMG_3295-12-06-19-20-34.jpeg","width":1440,"height":1920},{"@type":"BreadcrumbList","@id":"https:\/\/www.romaoggi.eu\/index.php\/2019\/06\/11\/dimagrire-e-una-questione-di-testa-pronti-per-la-prova-costume\/#breadcrumb","itemListElement":[{"@type":"ListItem","position":1,"name":"Home","item":"https:\/\/www.romaoggi.eu\/"},{"@type":"ListItem","position":2,"name":"DIMAGRIRE \u00c8 UNA QUESTIONE DI TESTA! Pronti per la prova costume?"}]},{"@type":"WebSite","@id":"https:\/\/www.romaoggi.eu\/#website","url":"https:\/\/www.romaoggi.eu\/","name":"roma oggi","description":"Interesting News for Interesting people","publisher":{"@id":"https:\/\/www.romaoggi.eu\/#organization"},"potentialAction":[{"@type":"SearchAction","target":{"@type":"EntryPoint","urlTemplate":"https:\/\/www.romaoggi.eu\/?s={search_term_string}"},"query-input":{"@type":"PropertyValueSpecification","valueRequired":true,"valueName":"search_term_string"}}],"inLanguage":"it-IT"},{"@type":"Organization","@id":"https:\/\/www.romaoggi.eu\/#organization","name":"RomaOggi","url":"https:\/\/www.romaoggi.eu\/","logo":{"@type":"ImageObject","inLanguage":"it-IT","@id":"https:\/\/www.romaoggi.eu\/#\/schema\/logo\/image\/","url":"https:\/\/www.romaoggi.eu\/wp-content\/uploads\/2017\/04\/logowp.jpg","contentUrl":"https:\/\/www.romaoggi.eu\/wp-content\/uploads\/2017\/04\/logowp.jpg","width":300,"height":133,"caption":"RomaOggi"},"image":{"@id":"https:\/\/www.romaoggi.eu\/#\/schema\/logo\/image\/"},"sameAs":["https:\/\/www.facebook.com\/RomaOggi-841544845954114","https:\/\/x.com\/romaoggi_eu"]},{"@type":"Person","@id":"https:\/\/www.romaoggi.eu\/#\/schema\/person\/1ec8ab015e67a2efdfc9c021043dc1bb","name":"Emanuela Scanu","image":{"@type":"ImageObject","inLanguage":"it-IT","@id":"https:\/\/secure.gravatar.com\/avatar\/39bacfd625ef91a3711b21879f0e8cb1a68afc8d5bdcf92d10a6da6ee9245f23?s=96&d=mm&r=g","url":"https:\/\/secure.gravatar.com\/avatar\/39bacfd625ef91a3711b21879f0e8cb1a68afc8d5bdcf92d10a6da6ee9245f23?s=96&d=mm&r=g","contentUrl":"https:\/\/secure.gravatar.com\/avatar\/39bacfd625ef91a3711b21879f0e8cb1a68afc8d5bdcf92d10a6da6ee9245f23?s=96&d=mm&r=g","caption":"Emanuela Scanu"},"url":"https:\/\/www.romaoggi.eu\/index.php\/author\/emanuela\/"}]}},"_links":{"self":[{"href":"https:\/\/www.romaoggi.eu\/index.php\/wp-json\/wp\/v2\/posts\/21927","targetHints":{"allow":["GET"]}}],"collection":[{"href":"https:\/\/www.romaoggi.eu\/index.php\/wp-json\/wp\/v2\/posts"}],"about":[{"href":"https:\/\/www.romaoggi.eu\/index.php\/wp-json\/wp\/v2\/types\/post"}],"author":[{"embeddable":true,"href":"https:\/\/www.romaoggi.eu\/index.php\/wp-json\/wp\/v2\/users\/15"}],"replies":[{"embeddable":true,"href":"https:\/\/www.romaoggi.eu\/index.php\/wp-json\/wp\/v2\/comments?post=21927"}],"version-history":[{"count":8,"href":"https:\/\/www.romaoggi.eu\/index.php\/wp-json\/wp\/v2\/posts\/21927\/revisions"}],"predecessor-version":[{"id":21958,"href":"https:\/\/www.romaoggi.eu\/index.php\/wp-json\/wp\/v2\/posts\/21927\/revisions\/21958"}],"wp:featuredmedia":[{"embeddable":true,"href":"https:\/\/www.romaoggi.eu\/index.php\/wp-json\/wp\/v2\/media\/21953"}],"wp:attachment":[{"href":"https:\/\/www.romaoggi.eu\/index.php\/wp-json\/wp\/v2\/media?parent=21927"}],"wp:term":[{"taxonomy":"category","embeddable":true,"href":"https:\/\/www.romaoggi.eu\/index.php\/wp-json\/wp\/v2\/categories?post=21927"},{"taxonomy":"post_tag","embeddable":true,"href":"https:\/\/www.romaoggi.eu\/index.php\/wp-json\/wp\/v2\/tags?post=21927"}],"curies":[{"name":"wp","href":"https:\/\/api.w.org\/{rel}","templated":true}]}}