{"id":21971,"date":"2019-06-13T18:29:18","date_gmt":"2019-06-13T16:29:18","guid":{"rendered":"http:\/\/www.romaoggi.eu\/?p=21971"},"modified":"2019-06-13T18:29:18","modified_gmt":"2019-06-13T16:29:18","slug":"la-nuova-vita-dellex-cartiera-salaria","status":"publish","type":"post","link":"https:\/\/www.romaoggi.eu\/index.php\/2019\/06\/13\/la-nuova-vita-dellex-cartiera-salaria\/","title":{"rendered":"La nuova vita dell\u2019ex Cartiera Salaria"},"content":{"rendered":"<p align=\"JUSTIFY\"><span style=\"color: #222222;\"><span style=\"font-size: small;\">Dopo le sfide di PratiBus District e Ragusa Off, gli ex depositi ATAC, riattivati con successo nei mesi scorsi, proseguono gli investimenti e l\u2019impegno nella capitale, di <\/span><\/span><span style=\"color: #222222;\"><span style=\"font-size: small;\"><b>URBAN VALUE by Ninetynine<\/b><\/span><\/span><span style=\"color: #222222;\"><span style=\"font-size: small;\">, la societ\u00e0 che dal 2009 si \u00e8 specializzata nella realizzazione di progetti di rigenerazione e valorizzazione nel breve periodo di immobili in disuso o abbandonati, che \u00e8 pronta ora a cimentarsi in una nuova sfida: <\/span><\/span><span style=\"color: #222222;\"><span style=\"font-size: small;\"><b>restituire alla citt\u00e0 di Roma l\u2019ex Cartiera Salaria abbandonata da oltre dieci anni, con l\u2019obiettivo di contribuire alla creazione di nuove opportunit\u00e0 e valore per il territorio<\/b><\/span><\/span><span style=\"color: #222222;\"><span style=\"font-size: small;\">.<\/span><\/span><\/p>\n<p align=\"JUSTIFY\"><img loading=\"lazy\" decoding=\"async\" class=\"aligncenter wp-image-21972 size-large\" src=\"https:\/\/www.romaoggi.eu\/wp-content\/uploads\/2019\/06\/CityLab-971-1024x684.jpg\" alt=\"Alt text CITYLAB 971\" width=\"1024\" height=\"684\" srcset=\"https:\/\/www.romaoggi.eu\/wp-content\/uploads\/2019\/06\/CityLab-971-1024x684.jpg 1024w, https:\/\/www.romaoggi.eu\/wp-content\/uploads\/2019\/06\/CityLab-971-300x200.jpg 300w, https:\/\/www.romaoggi.eu\/wp-content\/uploads\/2019\/06\/CityLab-971.jpg 1600w\" sizes=\"auto, (max-width: 1024px) 100vw, 1024px\" \/><\/p>\n<p align=\"JUSTIFY\"><span style=\"color: #222222;\"><span style=\"font-size: small;\">L\u2019ex Cartiera, situata in un contesto fortemente depresso e nota alle cronache per essere teatro di numerosi atti di vandalismo e occupazioni abusive, era inutilizzata e lasciata in stato di abbandono da molti anni. Ora, a seguito di una manifestazione di interesse, seguita da una fase di valutazione del progetto di rigenerazione e rifunzionalizzazione proposto e sulla base delle riconosciute competenze per lo sviluppo di progetti analoghi, il gruppo Cassa Depositi e Prestiti ha deciso di proseguire la collaborazione avviata con gli usi temporanei dell\u2019ex caserma Guido Reni e del Palazzo degli Esami affidando a URBAN VALUE by Ninetynine l\u2019ex cartiera <\/span><\/span><span style=\"color: #222222;\"><span style=\"font-size: small;\"><b>con un contratto della durata di 40 mesi ovvero fino a cessione dell\u2019immobile stesso<\/b><\/span><\/span><span style=\"color: #222222;\"><span style=\"font-size: small;\">.<\/span><\/span><\/p>\n<p align=\"JUSTIFY\"><img loading=\"lazy\" decoding=\"async\" class=\"aligncenter wp-image-21973 size-large\" src=\"https:\/\/www.romaoggi.eu\/wp-content\/uploads\/2019\/06\/Mappa-CityLab-971-1024x768.jpg\" alt=\"Alt text CITYLAB 971\" width=\"1024\" height=\"768\" srcset=\"https:\/\/www.romaoggi.eu\/wp-content\/uploads\/2019\/06\/Mappa-CityLab-971-1024x768.jpg 1024w, https:\/\/www.romaoggi.eu\/wp-content\/uploads\/2019\/06\/Mappa-CityLab-971-300x225.jpg 300w, https:\/\/www.romaoggi.eu\/wp-content\/uploads\/2019\/06\/Mappa-CityLab-971-326x245.jpg 326w, https:\/\/www.romaoggi.eu\/wp-content\/uploads\/2019\/06\/Mappa-CityLab-971-80x60.jpg 80w, https:\/\/www.romaoggi.eu\/wp-content\/uploads\/2019\/06\/Mappa-CityLab-971.jpg 1430w\" sizes=\"auto, (max-width: 1024px) 100vw, 1024px\" \/><\/p>\n<p align=\"JUSTIFY\"><span style=\"color: #222222;\"><span style=\"font-size: small;\"><b>Per i prossimi 3 anni l\u2019immobile di via Salaria 971 rinascer\u00e0 come \u201cCITYLAB 971\u201d<\/b><\/span><\/span><span style=\"color: #222222;\"><span style=\"font-size: small;\">, attraverso un percorso che da oggi per i prossimi 12 mesi riattiver\u00e0 gradualmente le varie aree dell\u2019immobile trasformandole in un versatile contenitore innovativo, culturale e sociale. Uno spazio urbano contemporaneo, dinamico e cosmopolita pronto a contaminare stili, attivit\u00e0 e linguaggi e a permettere al pi\u00f9 ampio pubblico di riappropriarsene a beneficio della comunit\u00e0 e del territorio. <\/span><\/span><\/p>\n<p align=\"JUSTIFY\"><span style=\"color: #000000;\">\u201c<\/span><span style=\"color: #000000;\"><span style=\"font-size: small;\"><i>Con CITYLAB 971 diamo avvio a un importante progetto di rigenerazione urbana che dar\u00e0 nuova vita all\u2019ex Cartiera di via Salaria e a una pi\u00f9 complessiva azione di riqualificazione di un\u2019area della periferia romana. Recuperiamo e valorizziamo un immobile da anni abbandonato e lasciato al degrado. Con l\u2019iniziativa promossa da URBAN VALUE by Ninetynine trasformiamo una struttura ormai simbolo di incuria e riconsegniamo ai romani e alle famiglie di questa parte della citt\u00e0 un luogo che diventer\u00e0 centro pulsante di eventi e attivit\u00e0 culturali, musicali, sportive e sociali. Fondamentale in questo percorso virtuoso la sinergia tra istituzioni pubbliche e operatori privati. Un ringraziamento particolare a URBAN VALUE by Ninetynine con il quale abbiamo gi\u00e0 condiviso la positiva esperienza di rilancio di alcuni ex depositi Atac<\/i><\/span><\/span><span style=\"color: #000000;\"><span style=\"font-size: small;\">\u201d, afferma la <\/span><\/span><span style=\"color: #000000;\"><span style=\"font-size: small;\"><b>sindaca di Roma Virginia Raggi<\/b><\/span><\/span><span style=\"color: #000000;\"><span style=\"font-size: small;\">.<\/span><\/span><\/p>\n<p align=\"JUSTIFY\"><img loading=\"lazy\" decoding=\"async\" class=\"aligncenter wp-image-21974 size-large\" src=\"https:\/\/www.romaoggi.eu\/wp-content\/uploads\/2019\/06\/CityLab-971-2-1024x685.jpg\" alt=\"Alt text CITYLAB 971\" width=\"1024\" height=\"685\" srcset=\"https:\/\/www.romaoggi.eu\/wp-content\/uploads\/2019\/06\/CityLab-971-2-1024x685.jpg 1024w, https:\/\/www.romaoggi.eu\/wp-content\/uploads\/2019\/06\/CityLab-971-2-300x201.jpg 300w, https:\/\/www.romaoggi.eu\/wp-content\/uploads\/2019\/06\/CityLab-971-2.jpg 1256w\" sizes=\"auto, (max-width: 1024px) 100vw, 1024px\" \/><\/p>\n<p align=\"JUSTIFY\"><span style=\"color: #222222;\"><span style=\"font-size: small;\">Sviluppo culturale, musica, sperimentazione ed energie positive saranno i pilastri attorno ai quali, in un crescendo nell\u2019arco dei prossimi 3 anni, si andr\u00e0 a costruire l\u2019articolato calendario di attivit\u00e0 che prenderanno vita nei nelle quattro aree principali dell\u2019ex Cartiera: <\/span><\/span><span style=\"color: #222222;\"><span style=\"font-size: small;\"><b>le corti (estate 2019), i padiglioni (autunno 2019), il corpo centrale (inverno 2019) e l\u2019esterno (estate 2020). <\/b><\/span><\/span><\/p>\n<p align=\"JUSTIFY\"><span style=\"color: #222222;\"><span style=\"font-size: small;\">In ciascuno di questi spazi, secondo l\u2019ormai collaudato <\/span><\/span><span style=\"color: #222222;\"><span style=\"font-size: small;\"><b>modello Urban Value<\/b><\/span><\/span><span style=\"color: #222222;\"><span style=\"font-size: small;\">,<\/span><\/span><i> <\/i><span style=\"color: #222222;\"><span style=\"font-size: small;\">si alterneranno in modo sistematico attivit\u00e0 temporanee sul successo delle quali verr\u00e0 frammentato l\u2019investimento per recuperare tutto l\u2019immobile.<\/span><\/span><\/p>\n<p align=\"JUSTIFY\"><span style=\"color: #222222;\">\u201c<\/span><span style=\"font-size: small;\"><i>L\u2019ex Cartiera sar\u00e0 un luogo poroso con la citt\u00e0 e con il Municipio che ha aderito al progetto e che promuover\u00e0 iniziative e user\u00e0 spazi soprattutto destinati ai giovani. CITYLAB 971 ci aiuter\u00e0 a fare luce su una nuova narrazione della Salaria e per questo siamo a fianco dei proponenti nella realizzazione di un progetto di riuso ambizioso ma possibile<\/i><\/span><span style=\"font-size: small;\">\u201d <\/span><span style=\"color: #222222;\"><span style=\"font-size: small;\">commenta<\/span><\/span><span style=\"color: #222222;\"><span style=\"font-size: small;\"><b> Giovanni Caudo Presidente del Municipio Roma III.<\/b><\/span><\/span><\/p>\n<p align=\"JUSTIFY\"><span style=\"color: #222222;\"><span style=\"font-size: small;\"><b>CITYLAB 971<\/b><\/span><\/span><span style=\"color: #222222;\"><span style=\"font-size: small;\"> si articola su <\/span><\/span><span style=\"color: #222222;\"><span style=\"font-size: small;\"><b>20.000 mq<\/b><\/span><\/span><span style=\"color: #222222;\"><span style=\"font-size: small;\"> tra spazi interni ed esterni che accoglieranno i vari progetti per <\/span><\/span><span style=\"color: #222222;\"><span style=\"font-size: small;\"><b>i tre anni di attivit\u00e0. La gestione dei contenuti sar\u00e0 affidata a Visionart, <\/b><\/span><\/span><span style=\"color: #222222;\"><span style=\"font-size: small;\">societ\u00e0 specializzata in eventi culturali e attivit\u00e0 aperte al pubblico che daranno spazio al maggior numero di attori rendendo il progetto estremamente inclusivo. <\/span><\/span><\/p>\n<p align=\"JUSTIFY\"><span style=\"color: #222222;\"><span style=\"font-size: small;\">Molti s<\/span><\/span><span style=\"color: #000000;\"><span style=\"font-size: small;\">ono i progetti gi\u00e0 <\/span><\/span><span style=\"color: #222222;\"><span style=\"font-size: small;\">confermati, una parte dei quali come gli appuntamenti musicali presso le corti, l\u2019avvio dell\u2019<\/span><\/span><span style=\"color: #222222;\"><span style=\"font-size: small;\"><b>Orto 2.0, Agor\u00e0, <\/b><\/span><\/span><span style=\"color: #222222;\"><span style=\"font-size: small;\">e l\u2019<\/span><\/span><span style=\"color: #222222;\"><span style=\"font-size: small;\"><b>Art District, <\/b><\/span><\/span><span style=\"color: #222222;\"><span style=\"font-size: small;\">prenderanno il via gi\u00e0 dalle prossime settimane, seguiti poi nei mesi successivi dall\u2019apertura di Itaca e dell\u2019Arena Estiva la prossima estate.<\/span><\/span><\/p>\n<p align=\"JUSTIFY\"><span style=\"color: #222222;\"><span style=\"font-size: small;\"><u><b>ORTO 2.0<\/b><\/u><\/span><\/span><\/p>\n<p align=\"JUSTIFY\"><span style=\"color: #222222;\"><span style=\"font-size: small;\">Il progetto, a cura della cooperativa agricola Orto 2.0, vedr\u00e0 la realizzazione di un innovativo orto urbano <\/span><\/span><span style=\"color: #000000;\"><span style=\"font-size: small;\">dove i prodotti potranno essere raccolti dai consumatori direttamente con le proprie mani dalle piante. <\/span><\/span><\/p>\n<p align=\"JUSTIFY\"><span style=\"color: #222222;\"><span style=\"font-size: small;\"><u><b>AGOR\u00c0<\/b><\/u><\/span><\/span><\/p>\n<p align=\"JUSTIFY\"><span style=\"color: #222222;\"><span style=\"font-size: small;\">A partire dai primi giorni di luglio la corte nord sar\u00e0 protagonista del monumentale intervento di arte urbana denominato \u201cAGOR\u00c0\u201d, frutto della collaborazione fra l\u2019associazione \u201cKill The Pig\u201d e l\u2019artista Emmeu. I circa 1.400 mq delle 4 pareti che si affacciano sul cortile e l\u2019imponente superficie verticale diventeranno lo spazio di lavoro di uno dei pi\u00f9 interessanti esponenti dell\u2019arte astratta internazionale.<\/span><\/span><\/p>\n<p align=\"JUSTIFY\"><span style=\"color: #222222;\"><span style=\"font-size: small;\"><u><b>ART DISTRICT <\/b><\/u><\/span><\/span><\/p>\n<p align=\"JUSTIFY\"><span style=\"color: #222222;\"><span style=\"font-size: small;\">Il distretto dedicato all\u2019arte sar\u00e0 composto da tre macro spazi: <\/span><\/span><\/p>\n<ul>\n<li>\n<p align=\"JUSTIFY\"><span style=\"color: #222222;\"><span style=\"font-size: small;\">Il TAM (Temporary Tech Art Museum) &#8211; il primo museo esperienziale in Italia dove l&#8217;arte si fonde con l&#8217;innovazione e le nuove tecnologie;<\/span><\/span><\/p>\n<\/li>\n<\/ul>\n<ul>\n<li>\n<p align=\"JUSTIFY\"><span style=\"color: #222222;\"><span style=\"font-size: small;\">I LABS &#8211; laboratori e residenze per artisti italiani e internazionali;<\/span><\/span><\/p>\n<\/li>\n<\/ul>\n<ul>\n<li>\n<p align=\"JUSTIFY\"><span style=\"color: #222222;\"><span style=\"font-size: small;\">LO SHARING SPACE &#8211; spazi plurivalenti ad uso di accademie, universit\u00e0\u0300, istituti, fondazioni, artisti e gallerie, dedicati a workshop, corsi, convegni, eventi ed esposizioni.<\/span><\/span><\/p>\n<\/li>\n<\/ul>\n<p align=\"JUSTIFY\"><span style=\"color: #222222;\"><span style=\"font-size: small;\"><u><b>ITACA<\/b><\/u><\/span><\/span><\/p>\n<p align=\"JUSTIFY\"><span style=\"color: #222222;\"><span style=\"font-size: small;\">Sar\u00e0 la biblioteca dell\u2019ex Cartiera, un vero caff\u00e8 letterario, il luogo riservato agli incontri culturali. <\/span><\/span><\/p>\n<p align=\"JUSTIFY\"><span style=\"color: #222222;\"><span style=\"font-size: small;\"><u><b>CORTE 971<\/b><\/u><\/span><\/span><\/p>\n<p align=\"JUSTIFY\"><span style=\"color: #222222;\"><span style=\"font-size: small;\">I primi spazi a essere riattivati saranno le corti che a partire da sabato 15 giugno con il concerto de \u201cLo Stato Sociale\u201d si trasformer\u00e0 in una arena estiva e in uno spazio per incontri ma anche installazioni di visual art, eventi aziendali, aree ludiche, mercatini, festival, sport, fitness, fotografia. <\/span><\/span><\/p>\n<p align=\"JUSTIFY\"><span style=\"color: #222222;\"><span style=\"font-size: small;\">L\u2019obiettivo di <\/span><\/span><span style=\"color: #222222;\"><span style=\"font-size: small;\"><b>URBAN VALUE by Ninetynine, <\/b><\/span><\/span><span style=\"color: #222222;\"><span style=\"font-size: small;\">anche in questo progetto,<\/span><\/span><b> <\/b><span style=\"color: #222222;\"><span style=\"font-size: small;\">\u00e8 quello di bilanciare la tipologia delle attivit\u00e0 da accogliere al fine di permettere a pubblici diversi di reimpossessarsi degli spazi lasciati per tanto tempo inutilizzati dando forma, cos\u00ec, a una nuova narrazione non solo dell\u2019ex Cartiera ma anche, soprattutto, dell\u2019intero quartiere che la ospita facilitando la convergenza di investimenti e progettualit\u00e0.<\/span><\/span><\/p>\n<p align=\"JUSTIFY\"><span style=\"color: #222222;\">\u201c<\/span><span style=\"color: #222222;\"><span style=\"font-size: small;\"><i>Questo \u00e8 il nostro sesto grande progetto di rigenerazione urbana temporanea di un importante immobile a Roma. Siamo consapevoli che il contesto sul quale insiste l\u2019ex Cartiera render\u00e0 l\u2019impresa ancora pi\u00f9 ambiziosa delle precedenti. Siamo per\u00f2 altrettanto fiduciosi che grazie ai numerosi partner, istituzioni e pubblico che ci sta supportando gi\u00e0 in queste prime settimane di lavoro, riusciremo a dimostrare che quello che per molti era solo un luogo da evitare, diventer\u00e0 una grande opportunit\u00e0. Sar\u00e0 un percorso in crescendo che parte da oggi e si svilupper\u00e0 nei prossimi 3 anni riattivando gradualmente tutte le aree di questi 20.000 mq &#8211; <\/i><\/span><\/span><span style=\"color: #222222;\"><span style=\"font-size: small;\"><b>commenta Simone Mazzarelli, Founder e CEO di URBAN VALUE by Ninetynine <\/b><\/span><\/span><span style=\"color: #222222;\"><span style=\"font-size: small;\">&#8211; <\/span><\/span><span style=\"color: #222222;\"><span style=\"font-size: small;\"><i>Il nostro modello Urban Value, si basa sulla convinzione che il valore degli immobili non sia solamente il percepito proveniente dalla loro vendita, bens\u00ec espressione dell\u2019indotto generato per le comunit\u00e0 locali attraverso le molteplici attivit\u00e0 che possono prendere vita al suo interno<\/i><\/span><\/span><span style=\"color: #222222;\"><span style=\"font-size: small;\">.\u201d<\/span><\/span><\/p>\n<p align=\"CENTER\"><a href=\"https:\/\/www.romaoggi.eu\/\"><b>RomaOggi.eu<\/b><\/a><\/p>\n<p align=\"CENTER\">\u201c<i><b>Interesting news for interesting people\u201d<\/b><\/i><\/p>\n","protected":false},"excerpt":{"rendered":"<div class=\"mh-excerpt\"><p>Dopo le sfide di PratiBus District e Ragusa Off, gli ex depositi ATAC, riattivati con successo nei mesi scorsi, proseguono gli investimenti e l\u2019impegno nella capitale, di URBAN VALUE by Ninetynine, la societ\u00e0 che dal <a class=\"mh-excerpt-more\" href=\"https:\/\/www.romaoggi.eu\/index.php\/2019\/06\/13\/la-nuova-vita-dellex-cartiera-salaria\/\" title=\"La nuova vita dell\u2019ex Cartiera Salaria\">[&#8230;]<\/a><\/p>\n<\/div>","protected":false},"author":5,"featured_media":21972,"comment_status":"closed","ping_status":"open","sticky":false,"template":"","format":"standard","meta":{"_sitemap_exclude":false,"_sitemap_priority":"","_sitemap_frequency":"","footnotes":""},"categories":[522],"tags":[12245,12872,12871,109,817,1738,634,2254],"class_list":["post-21971","post","type-post","status-publish","format-standard","has-post-thumbnail","hentry","category-attualita","tag-12245","tag-cartiera-salaria","tag-citylab-971","tag-roma","tag-romaoggi","tag-romaoggi-eu","tag-rome","tag-virginia-raggi"],"yoast_head":"<!-- This site is optimized with the Yoast SEO plugin v27.4 - https:\/\/yoast.com\/product\/yoast-seo-wordpress\/ -->\n<title>La nuova vita dell\u2019ex Cartiera Salaria<\/title>\n<meta name=\"description\" content=\"Dopo le sfide di PratiBus District e Ragusa Off, gli ex depositi ATAC, riattivati con successo nei mesi scorsi, proseguono gli investimenti e l\u2019impegno\" \/>\n<meta name=\"robots\" content=\"index, follow, max-snippet:-1, max-image-preview:large, max-video-preview:-1\" \/>\n<link rel=\"canonical\" href=\"https:\/\/www.romaoggi.eu\/index.php\/2019\/06\/13\/la-nuova-vita-dellex-cartiera-salaria\/\" \/>\n<meta property=\"og:locale\" content=\"it_IT\" \/>\n<meta property=\"og:type\" content=\"article\" \/>\n<meta property=\"og:title\" content=\"La nuova vita dell\u2019ex Cartiera Salaria\" \/>\n<meta property=\"og:description\" content=\"Dopo le sfide di PratiBus District e Ragusa Off, gli ex depositi ATAC, riattivati con successo nei mesi scorsi, proseguono gli investimenti e l\u2019impegno\" \/>\n<meta property=\"og:url\" content=\"https:\/\/www.romaoggi.eu\/index.php\/2019\/06\/13\/la-nuova-vita-dellex-cartiera-salaria\/\" \/>\n<meta property=\"og:site_name\" content=\"roma oggi\" \/>\n<meta property=\"article:publisher\" content=\"https:\/\/www.facebook.com\/RomaOggi-841544845954114\" \/>\n<meta property=\"article:published_time\" content=\"2019-06-13T16:29:18+00:00\" \/>\n<meta property=\"og:image\" content=\"https:\/\/www.romaoggi.eu\/wp-content\/uploads\/2019\/06\/CityLab-971.jpg\" \/>\n\t<meta property=\"og:image:width\" content=\"1600\" \/>\n\t<meta property=\"og:image:height\" content=\"1068\" \/>\n\t<meta property=\"og:image:type\" content=\"image\/jpeg\" \/>\n<meta name=\"author\" content=\"Flavio\" \/>\n<meta name=\"twitter:card\" content=\"summary_large_image\" \/>\n<meta name=\"twitter:creator\" content=\"@romaoggi_eu\" \/>\n<meta name=\"twitter:site\" content=\"@romaoggi_eu\" \/>\n<meta name=\"twitter:label1\" content=\"Scritto da\" \/>\n\t<meta name=\"twitter:data1\" content=\"Flavio\" \/>\n\t<meta name=\"twitter:label2\" content=\"Tempo di lettura stimato\" \/>\n\t<meta name=\"twitter:data2\" content=\"6 minuti\" \/>\n<script type=\"application\/ld+json\" class=\"yoast-schema-graph\">{\"@context\":\"https:\\\/\\\/schema.org\",\"@graph\":[{\"@type\":\"Article\",\"@id\":\"https:\\\/\\\/www.romaoggi.eu\\\/index.php\\\/2019\\\/06\\\/13\\\/la-nuova-vita-dellex-cartiera-salaria\\\/#article\",\"isPartOf\":{\"@id\":\"https:\\\/\\\/www.romaoggi.eu\\\/index.php\\\/2019\\\/06\\\/13\\\/la-nuova-vita-dellex-cartiera-salaria\\\/\"},\"author\":{\"name\":\"Flavio\",\"@id\":\"https:\\\/\\\/www.romaoggi.eu\\\/#\\\/schema\\\/person\\\/cc12bfd93370392d7e41d243e47e6681\"},\"headline\":\"La nuova vita dell\u2019ex Cartiera Salaria\",\"datePublished\":\"2019-06-13T16:29:18+00:00\",\"mainEntityOfPage\":{\"@id\":\"https:\\\/\\\/www.romaoggi.eu\\\/index.php\\\/2019\\\/06\\\/13\\\/la-nuova-vita-dellex-cartiera-salaria\\\/\"},\"wordCount\":1139,\"publisher\":{\"@id\":\"https:\\\/\\\/www.romaoggi.eu\\\/#organization\"},\"image\":{\"@id\":\"https:\\\/\\\/www.romaoggi.eu\\\/index.php\\\/2019\\\/06\\\/13\\\/la-nuova-vita-dellex-cartiera-salaria\\\/#primaryimage\"},\"thumbnailUrl\":\"https:\\\/\\\/www.romaoggi.eu\\\/wp-content\\\/uploads\\\/2019\\\/06\\\/CityLab-971.jpg\",\"keywords\":[\"2019\",\"Cartiera Salaria\",\"CITYLAB 971\",\"roma\",\"romaoggi\",\"RomaOggi.eu\",\"rome\",\"Virginia Raggi\"],\"articleSection\":[\"attualit\u00e0\"],\"inLanguage\":\"it-IT\"},{\"@type\":\"WebPage\",\"@id\":\"https:\\\/\\\/www.romaoggi.eu\\\/index.php\\\/2019\\\/06\\\/13\\\/la-nuova-vita-dellex-cartiera-salaria\\\/\",\"url\":\"https:\\\/\\\/www.romaoggi.eu\\\/index.php\\\/2019\\\/06\\\/13\\\/la-nuova-vita-dellex-cartiera-salaria\\\/\",\"name\":\"La nuova vita dell\u2019ex Cartiera Salaria\",\"isPartOf\":{\"@id\":\"https:\\\/\\\/www.romaoggi.eu\\\/#website\"},\"primaryImageOfPage\":{\"@id\":\"https:\\\/\\\/www.romaoggi.eu\\\/index.php\\\/2019\\\/06\\\/13\\\/la-nuova-vita-dellex-cartiera-salaria\\\/#primaryimage\"},\"image\":{\"@id\":\"https:\\\/\\\/www.romaoggi.eu\\\/index.php\\\/2019\\\/06\\\/13\\\/la-nuova-vita-dellex-cartiera-salaria\\\/#primaryimage\"},\"thumbnailUrl\":\"https:\\\/\\\/www.romaoggi.eu\\\/wp-content\\\/uploads\\\/2019\\\/06\\\/CityLab-971.jpg\",\"datePublished\":\"2019-06-13T16:29:18+00:00\",\"description\":\"Dopo le sfide di PratiBus District e Ragusa Off, gli ex depositi ATAC, riattivati con successo nei mesi scorsi, proseguono gli investimenti e l\u2019impegno\",\"breadcrumb\":{\"@id\":\"https:\\\/\\\/www.romaoggi.eu\\\/index.php\\\/2019\\\/06\\\/13\\\/la-nuova-vita-dellex-cartiera-salaria\\\/#breadcrumb\"},\"inLanguage\":\"it-IT\",\"potentialAction\":[{\"@type\":\"ReadAction\",\"target\":[\"https:\\\/\\\/www.romaoggi.eu\\\/index.php\\\/2019\\\/06\\\/13\\\/la-nuova-vita-dellex-cartiera-salaria\\\/\"]}]},{\"@type\":\"ImageObject\",\"inLanguage\":\"it-IT\",\"@id\":\"https:\\\/\\\/www.romaoggi.eu\\\/index.php\\\/2019\\\/06\\\/13\\\/la-nuova-vita-dellex-cartiera-salaria\\\/#primaryimage\",\"url\":\"https:\\\/\\\/www.romaoggi.eu\\\/wp-content\\\/uploads\\\/2019\\\/06\\\/CityLab-971.jpg\",\"contentUrl\":\"https:\\\/\\\/www.romaoggi.eu\\\/wp-content\\\/uploads\\\/2019\\\/06\\\/CityLab-971.jpg\",\"width\":1600,\"height\":1068,\"caption\":\"Alt text CITYLAB 971\"},{\"@type\":\"BreadcrumbList\",\"@id\":\"https:\\\/\\\/www.romaoggi.eu\\\/index.php\\\/2019\\\/06\\\/13\\\/la-nuova-vita-dellex-cartiera-salaria\\\/#breadcrumb\",\"itemListElement\":[{\"@type\":\"ListItem\",\"position\":1,\"name\":\"Home\",\"item\":\"https:\\\/\\\/www.romaoggi.eu\\\/\"},{\"@type\":\"ListItem\",\"position\":2,\"name\":\"La nuova vita dell\u2019ex Cartiera Salaria\"}]},{\"@type\":\"WebSite\",\"@id\":\"https:\\\/\\\/www.romaoggi.eu\\\/#website\",\"url\":\"https:\\\/\\\/www.romaoggi.eu\\\/\",\"name\":\"roma oggi\",\"description\":\"Interesting News for Interesting people\",\"publisher\":{\"@id\":\"https:\\\/\\\/www.romaoggi.eu\\\/#organization\"},\"potentialAction\":[{\"@type\":\"SearchAction\",\"target\":{\"@type\":\"EntryPoint\",\"urlTemplate\":\"https:\\\/\\\/www.romaoggi.eu\\\/?s={search_term_string}\"},\"query-input\":{\"@type\":\"PropertyValueSpecification\",\"valueRequired\":true,\"valueName\":\"search_term_string\"}}],\"inLanguage\":\"it-IT\"},{\"@type\":\"Organization\",\"@id\":\"https:\\\/\\\/www.romaoggi.eu\\\/#organization\",\"name\":\"RomaOggi\",\"url\":\"https:\\\/\\\/www.romaoggi.eu\\\/\",\"logo\":{\"@type\":\"ImageObject\",\"inLanguage\":\"it-IT\",\"@id\":\"https:\\\/\\\/www.romaoggi.eu\\\/#\\\/schema\\\/logo\\\/image\\\/\",\"url\":\"https:\\\/\\\/www.romaoggi.eu\\\/wp-content\\\/uploads\\\/2017\\\/04\\\/logowp.jpg\",\"contentUrl\":\"https:\\\/\\\/www.romaoggi.eu\\\/wp-content\\\/uploads\\\/2017\\\/04\\\/logowp.jpg\",\"width\":300,\"height\":133,\"caption\":\"RomaOggi\"},\"image\":{\"@id\":\"https:\\\/\\\/www.romaoggi.eu\\\/#\\\/schema\\\/logo\\\/image\\\/\"},\"sameAs\":[\"https:\\\/\\\/www.facebook.com\\\/RomaOggi-841544845954114\",\"https:\\\/\\\/x.com\\\/romaoggi_eu\"]},{\"@type\":\"Person\",\"@id\":\"https:\\\/\\\/www.romaoggi.eu\\\/#\\\/schema\\\/person\\\/cc12bfd93370392d7e41d243e47e6681\",\"name\":\"Flavio\",\"image\":{\"@type\":\"ImageObject\",\"inLanguage\":\"it-IT\",\"@id\":\"https:\\\/\\\/secure.gravatar.com\\\/avatar\\\/7e044ce830ea97853e01500437b37dff4a622b20a194e4d0efe9b67e918f19e5?s=96&d=mm&r=g\",\"url\":\"https:\\\/\\\/secure.gravatar.com\\\/avatar\\\/7e044ce830ea97853e01500437b37dff4a622b20a194e4d0efe9b67e918f19e5?s=96&d=mm&r=g\",\"contentUrl\":\"https:\\\/\\\/secure.gravatar.com\\\/avatar\\\/7e044ce830ea97853e01500437b37dff4a622b20a194e4d0efe9b67e918f19e5?s=96&d=mm&r=g\",\"caption\":\"Flavio\"},\"url\":\"https:\\\/\\\/www.romaoggi.eu\\\/index.php\\\/author\\\/cristiano\\\/\"}]}<\/script>\n<!-- \/ Yoast SEO plugin. -->","yoast_head_json":{"title":"La nuova vita dell\u2019ex Cartiera Salaria","description":"Dopo le sfide di PratiBus District e Ragusa Off, gli ex depositi ATAC, riattivati con successo nei mesi scorsi, proseguono gli investimenti e l\u2019impegno","robots":{"index":"index","follow":"follow","max-snippet":"max-snippet:-1","max-image-preview":"max-image-preview:large","max-video-preview":"max-video-preview:-1"},"canonical":"https:\/\/www.romaoggi.eu\/index.php\/2019\/06\/13\/la-nuova-vita-dellex-cartiera-salaria\/","og_locale":"it_IT","og_type":"article","og_title":"La nuova vita dell\u2019ex Cartiera Salaria","og_description":"Dopo le sfide di PratiBus District e Ragusa Off, gli ex depositi ATAC, riattivati con successo nei mesi scorsi, proseguono gli investimenti e l\u2019impegno","og_url":"https:\/\/www.romaoggi.eu\/index.php\/2019\/06\/13\/la-nuova-vita-dellex-cartiera-salaria\/","og_site_name":"roma oggi","article_publisher":"https:\/\/www.facebook.com\/RomaOggi-841544845954114","article_published_time":"2019-06-13T16:29:18+00:00","og_image":[{"width":1600,"height":1068,"url":"https:\/\/www.romaoggi.eu\/wp-content\/uploads\/2019\/06\/CityLab-971.jpg","type":"image\/jpeg"}],"author":"Flavio","twitter_card":"summary_large_image","twitter_creator":"@romaoggi_eu","twitter_site":"@romaoggi_eu","twitter_misc":{"Scritto da":"Flavio","Tempo di lettura stimato":"6 minuti"},"schema":{"@context":"https:\/\/schema.org","@graph":[{"@type":"Article","@id":"https:\/\/www.romaoggi.eu\/index.php\/2019\/06\/13\/la-nuova-vita-dellex-cartiera-salaria\/#article","isPartOf":{"@id":"https:\/\/www.romaoggi.eu\/index.php\/2019\/06\/13\/la-nuova-vita-dellex-cartiera-salaria\/"},"author":{"name":"Flavio","@id":"https:\/\/www.romaoggi.eu\/#\/schema\/person\/cc12bfd93370392d7e41d243e47e6681"},"headline":"La nuova vita dell\u2019ex Cartiera Salaria","datePublished":"2019-06-13T16:29:18+00:00","mainEntityOfPage":{"@id":"https:\/\/www.romaoggi.eu\/index.php\/2019\/06\/13\/la-nuova-vita-dellex-cartiera-salaria\/"},"wordCount":1139,"publisher":{"@id":"https:\/\/www.romaoggi.eu\/#organization"},"image":{"@id":"https:\/\/www.romaoggi.eu\/index.php\/2019\/06\/13\/la-nuova-vita-dellex-cartiera-salaria\/#primaryimage"},"thumbnailUrl":"https:\/\/www.romaoggi.eu\/wp-content\/uploads\/2019\/06\/CityLab-971.jpg","keywords":["2019","Cartiera Salaria","CITYLAB 971","roma","romaoggi","RomaOggi.eu","rome","Virginia Raggi"],"articleSection":["attualit\u00e0"],"inLanguage":"it-IT"},{"@type":"WebPage","@id":"https:\/\/www.romaoggi.eu\/index.php\/2019\/06\/13\/la-nuova-vita-dellex-cartiera-salaria\/","url":"https:\/\/www.romaoggi.eu\/index.php\/2019\/06\/13\/la-nuova-vita-dellex-cartiera-salaria\/","name":"La nuova vita dell\u2019ex Cartiera Salaria","isPartOf":{"@id":"https:\/\/www.romaoggi.eu\/#website"},"primaryImageOfPage":{"@id":"https:\/\/www.romaoggi.eu\/index.php\/2019\/06\/13\/la-nuova-vita-dellex-cartiera-salaria\/#primaryimage"},"image":{"@id":"https:\/\/www.romaoggi.eu\/index.php\/2019\/06\/13\/la-nuova-vita-dellex-cartiera-salaria\/#primaryimage"},"thumbnailUrl":"https:\/\/www.romaoggi.eu\/wp-content\/uploads\/2019\/06\/CityLab-971.jpg","datePublished":"2019-06-13T16:29:18+00:00","description":"Dopo le sfide di PratiBus District e Ragusa Off, gli ex depositi ATAC, riattivati con successo nei mesi scorsi, proseguono gli investimenti e l\u2019impegno","breadcrumb":{"@id":"https:\/\/www.romaoggi.eu\/index.php\/2019\/06\/13\/la-nuova-vita-dellex-cartiera-salaria\/#breadcrumb"},"inLanguage":"it-IT","potentialAction":[{"@type":"ReadAction","target":["https:\/\/www.romaoggi.eu\/index.php\/2019\/06\/13\/la-nuova-vita-dellex-cartiera-salaria\/"]}]},{"@type":"ImageObject","inLanguage":"it-IT","@id":"https:\/\/www.romaoggi.eu\/index.php\/2019\/06\/13\/la-nuova-vita-dellex-cartiera-salaria\/#primaryimage","url":"https:\/\/www.romaoggi.eu\/wp-content\/uploads\/2019\/06\/CityLab-971.jpg","contentUrl":"https:\/\/www.romaoggi.eu\/wp-content\/uploads\/2019\/06\/CityLab-971.jpg","width":1600,"height":1068,"caption":"Alt text CITYLAB 971"},{"@type":"BreadcrumbList","@id":"https:\/\/www.romaoggi.eu\/index.php\/2019\/06\/13\/la-nuova-vita-dellex-cartiera-salaria\/#breadcrumb","itemListElement":[{"@type":"ListItem","position":1,"name":"Home","item":"https:\/\/www.romaoggi.eu\/"},{"@type":"ListItem","position":2,"name":"La nuova vita dell\u2019ex Cartiera Salaria"}]},{"@type":"WebSite","@id":"https:\/\/www.romaoggi.eu\/#website","url":"https:\/\/www.romaoggi.eu\/","name":"roma oggi","description":"Interesting News for Interesting people","publisher":{"@id":"https:\/\/www.romaoggi.eu\/#organization"},"potentialAction":[{"@type":"SearchAction","target":{"@type":"EntryPoint","urlTemplate":"https:\/\/www.romaoggi.eu\/?s={search_term_string}"},"query-input":{"@type":"PropertyValueSpecification","valueRequired":true,"valueName":"search_term_string"}}],"inLanguage":"it-IT"},{"@type":"Organization","@id":"https:\/\/www.romaoggi.eu\/#organization","name":"RomaOggi","url":"https:\/\/www.romaoggi.eu\/","logo":{"@type":"ImageObject","inLanguage":"it-IT","@id":"https:\/\/www.romaoggi.eu\/#\/schema\/logo\/image\/","url":"https:\/\/www.romaoggi.eu\/wp-content\/uploads\/2017\/04\/logowp.jpg","contentUrl":"https:\/\/www.romaoggi.eu\/wp-content\/uploads\/2017\/04\/logowp.jpg","width":300,"height":133,"caption":"RomaOggi"},"image":{"@id":"https:\/\/www.romaoggi.eu\/#\/schema\/logo\/image\/"},"sameAs":["https:\/\/www.facebook.com\/RomaOggi-841544845954114","https:\/\/x.com\/romaoggi_eu"]},{"@type":"Person","@id":"https:\/\/www.romaoggi.eu\/#\/schema\/person\/cc12bfd93370392d7e41d243e47e6681","name":"Flavio","image":{"@type":"ImageObject","inLanguage":"it-IT","@id":"https:\/\/secure.gravatar.com\/avatar\/7e044ce830ea97853e01500437b37dff4a622b20a194e4d0efe9b67e918f19e5?s=96&d=mm&r=g","url":"https:\/\/secure.gravatar.com\/avatar\/7e044ce830ea97853e01500437b37dff4a622b20a194e4d0efe9b67e918f19e5?s=96&d=mm&r=g","contentUrl":"https:\/\/secure.gravatar.com\/avatar\/7e044ce830ea97853e01500437b37dff4a622b20a194e4d0efe9b67e918f19e5?s=96&d=mm&r=g","caption":"Flavio"},"url":"https:\/\/www.romaoggi.eu\/index.php\/author\/cristiano\/"}]}},"_links":{"self":[{"href":"https:\/\/www.romaoggi.eu\/index.php\/wp-json\/wp\/v2\/posts\/21971","targetHints":{"allow":["GET"]}}],"collection":[{"href":"https:\/\/www.romaoggi.eu\/index.php\/wp-json\/wp\/v2\/posts"}],"about":[{"href":"https:\/\/www.romaoggi.eu\/index.php\/wp-json\/wp\/v2\/types\/post"}],"author":[{"embeddable":true,"href":"https:\/\/www.romaoggi.eu\/index.php\/wp-json\/wp\/v2\/users\/5"}],"replies":[{"embeddable":true,"href":"https:\/\/www.romaoggi.eu\/index.php\/wp-json\/wp\/v2\/comments?post=21971"}],"version-history":[{"count":1,"href":"https:\/\/www.romaoggi.eu\/index.php\/wp-json\/wp\/v2\/posts\/21971\/revisions"}],"predecessor-version":[{"id":21975,"href":"https:\/\/www.romaoggi.eu\/index.php\/wp-json\/wp\/v2\/posts\/21971\/revisions\/21975"}],"wp:featuredmedia":[{"embeddable":true,"href":"https:\/\/www.romaoggi.eu\/index.php\/wp-json\/wp\/v2\/media\/21972"}],"wp:attachment":[{"href":"https:\/\/www.romaoggi.eu\/index.php\/wp-json\/wp\/v2\/media?parent=21971"}],"wp:term":[{"taxonomy":"category","embeddable":true,"href":"https:\/\/www.romaoggi.eu\/index.php\/wp-json\/wp\/v2\/categories?post=21971"},{"taxonomy":"post_tag","embeddable":true,"href":"https:\/\/www.romaoggi.eu\/index.php\/wp-json\/wp\/v2\/tags?post=21971"}],"curies":[{"name":"wp","href":"https:\/\/api.w.org\/{rel}","templated":true}]}}