{"id":22094,"date":"2019-06-24T18:17:00","date_gmt":"2019-06-24T16:17:00","guid":{"rendered":"http:\/\/www.romaoggi.eu\/?p=22094"},"modified":"2019-06-24T18:17:00","modified_gmt":"2019-06-24T16:17:00","slug":"doppia-festa-milano-roma-per-i-40-anni-della-topmanager-monica-mattei","status":"publish","type":"post","link":"https:\/\/www.romaoggi.eu\/index.php\/2019\/06\/24\/doppia-festa-milano-roma-per-i-40-anni-della-topmanager-monica-mattei\/","title":{"rendered":"Doppia festa Milano\/Roma per i 40 anni della topmanager Monica Mattei"},"content":{"rendered":"<p style=\"text-align: justify;\">Doppio festeggiamento per i primi 40 anni della bellissima <strong>Monica Mattei<\/strong>, due grandi feste una a Milano il<strong> 18 giugno <\/strong>al <strong><a href=\"https:\/\/www.dolcegabbana.it\/martini\/\">Martini Dolce e Gabbana Bistrot <\/a><\/strong>e l&#8217;altra a Roma\u00a0 <strong>domenica 23 giugno<\/strong>, per accontentare i tanti amici, vip e giornalisti della top manager nel settore marketing e comunicazione molto apprezzata da Nord a Sud.<\/p>\n<p style=\"text-align: justify;\"><span style=\"font-size: 16px;\">Monica, 1.80 cm di fascino ed eleganza, titolare della <\/span><a href=\"http:\/\/www.monicamattei.it\/\"><strong style=\"font-size: 16px;\">Monica Mattei Events<\/strong><\/a><span style=\"font-size: 16px;\"> agenzia internazionale leader nel settore Luxury, Fashion e Automotive, specializzata in eventi Luxury dedicati ai Top client,\u00a0 continua la sua ascesa\u00a0 ampliando di anno in anno il numero di clienti del lusso che si affidano alla sua professionalit\u00e0 e capacit\u00e0 organizzativa.<\/span><\/p>\n<figure id=\"attachment_22105\" aria-describedby=\"caption-attachment-22105\" style=\"width: 1024px\" class=\"wp-caption alignnone\"><img loading=\"lazy\" decoding=\"async\" class=\"wp-image-22105 size-large\" src=\"https:\/\/www.romaoggi.eu\/wp-content\/uploads\/2019\/06\/20190623_210106-1024x768.jpg\" alt=\"\" width=\"1024\" height=\"768\" srcset=\"https:\/\/www.romaoggi.eu\/wp-content\/uploads\/2019\/06\/20190623_210106-1024x768.jpg 1024w, https:\/\/www.romaoggi.eu\/wp-content\/uploads\/2019\/06\/20190623_210106-300x225.jpg 300w, https:\/\/www.romaoggi.eu\/wp-content\/uploads\/2019\/06\/20190623_210106-326x245.jpg 326w, https:\/\/www.romaoggi.eu\/wp-content\/uploads\/2019\/06\/20190623_210106-80x60.jpg 80w\" sizes=\"auto, (max-width: 1024px) 100vw, 1024px\" \/><figcaption id=\"caption-attachment-22105\" class=\"wp-caption-text\">Monica Mattei con i conduttori di RDS Filippo Firli e Giuditta Arecco.<\/figcaption><\/figure>\n<p style=\"text-align: justify;\">Molti gli amici presenti ieri al suo Vip party sulla <a href=\"https:\/\/acquaroof.it\/\">Terrazza Molinari- Acquaroof<\/a>, dalla incantevole vista panoramica sulla citt\u00e0 eterna, come i conduttori radiofonici <strong>Filippo Firli<\/strong> e <strong>Giuditta Arecco<\/strong> di <strong>Rds<\/strong>, <strong>Massimiliano Amicucci<\/strong>, <strong>Antonella Pietrangeli<\/strong><strong>,\u00a0<\/strong> i genitori, la sorella e \u00a0la sua inseparabile amica e braccio destro in affari <strong>Elena Siboni. <\/strong>Incantevole oltre alla vista del sesto piano anche \u00a0la torta composta da due grandi emme, le sue iniziali, piene di fragoline di bosco tra panna e crema su un biscotto croccante.<\/p>\n<figure id=\"attachment_22102\" aria-describedby=\"caption-attachment-22102\" style=\"width: 960px\" class=\"wp-caption aligncenter\"><img loading=\"lazy\" decoding=\"async\" class=\"wp-image-22102 size-full\" src=\"https:\/\/www.romaoggi.eu\/wp-content\/uploads\/2019\/06\/64971298_10216276104809368_696603034955808768_n.jpg\" alt=\"\" width=\"960\" height=\"720\" srcset=\"https:\/\/www.romaoggi.eu\/wp-content\/uploads\/2019\/06\/64971298_10216276104809368_696603034955808768_n.jpg 960w, https:\/\/www.romaoggi.eu\/wp-content\/uploads\/2019\/06\/64971298_10216276104809368_696603034955808768_n-300x225.jpg 300w, https:\/\/www.romaoggi.eu\/wp-content\/uploads\/2019\/06\/64971298_10216276104809368_696603034955808768_n-326x245.jpg 326w, https:\/\/www.romaoggi.eu\/wp-content\/uploads\/2019\/06\/64971298_10216276104809368_696603034955808768_n-80x60.jpg 80w\" sizes=\"auto, (max-width: 960px) 100vw, 960px\" \/><figcaption id=\"caption-attachment-22102\" class=\"wp-caption-text\">Antonietta Di Vizia, Monica Mattei, Marco Bardeggia ed Elena Siboni.<\/figcaption><\/figure>\n<p>&nbsp;<\/p>\n<p style=\"text-align: justify;\">Insomma una serata spensierata e divertente per festeggiare una donna di grande talento che miete successi sia nella capitale che a Milano, dove si \u00e8 trasferita da anni, senza per\u00f2 perdere la simpatia e la capacit\u00e0 pratica ed organizzativa che fanno di lei una vera manager del lusso e degli eventi top.<\/p>\n<figure id=\"attachment_22104\" aria-describedby=\"caption-attachment-22104\" style=\"width: 1024px\" class=\"wp-caption aligncenter\"><img loading=\"lazy\" decoding=\"async\" class=\"wp-image-22104 size-large\" src=\"https:\/\/www.romaoggi.eu\/wp-content\/uploads\/2019\/06\/20190623_231323-1024x768.jpg\" alt=\"\" width=\"1024\" height=\"768\" srcset=\"https:\/\/www.romaoggi.eu\/wp-content\/uploads\/2019\/06\/20190623_231323-1024x768.jpg 1024w, https:\/\/www.romaoggi.eu\/wp-content\/uploads\/2019\/06\/20190623_231323-300x225.jpg 300w, https:\/\/www.romaoggi.eu\/wp-content\/uploads\/2019\/06\/20190623_231323-326x245.jpg 326w, https:\/\/www.romaoggi.eu\/wp-content\/uploads\/2019\/06\/20190623_231323-80x60.jpg 80w\" sizes=\"auto, (max-width: 1024px) 100vw, 1024px\" \/><figcaption id=\"caption-attachment-22104\" class=\"wp-caption-text\">Monica Mattei con i genitori.<\/figcaption><\/figure>\n<p>&nbsp;<\/p>\n<p><strong>Antonietta Di Vizia<\/strong><\/p>\n<p>&nbsp;<\/p>\n<div class=\"fusion-title title fusion-title-center fusion-title-size-one fusion-border-below-title\">\n<p class=\"title-heading-center\">\n<\/div>\n<div>\n<h1><\/h1>\n<\/div>\n","protected":false},"excerpt":{"rendered":"<div class=\"mh-excerpt\"><p>Doppio festeggiamento per i primi 40 anni della bellissima Monica Mattei, due grandi feste una a Milano il 18 giugno al Martini Dolce e Gabbana Bistrot e l&#8217;altra a Roma\u00a0 domenica 23 giugno, per accontentare <a class=\"mh-excerpt-more\" href=\"https:\/\/www.romaoggi.eu\/index.php\/2019\/06\/24\/doppia-festa-milano-roma-per-i-40-anni-della-topmanager-monica-mattei\/\" title=\"Doppia festa Milano\/Roma per i 40 anni della topmanager Monica Mattei\">[&#8230;]<\/a><\/p>\n<\/div>","protected":false},"author":3,"featured_media":22098,"comment_status":"closed","ping_status":"open","sticky":false,"template":"","format":"standard","meta":{"_sitemap_exclude":false,"_sitemap_priority":"","_sitemap_frequency":"","footnotes":""},"categories":[3],"tags":[1856,12924,4120,12925,5392,11052,12315,12926,12714,5045,12923],"class_list":["post-22094","post","type-post","status-publish","format-standard","has-post-thumbnail","hentry","category-eventi","tag-compleanno","tag-elena-sidoti","tag-festa","tag-filippo-firli","tag-giuditta-arecco","tag-monica-mattei","tag-monica-mattei-events","tag-rds","tag-terrazza-molinari","tag-vip","tag-vip-party"],"yoast_head":"<!-- This site is optimized with the Yoast SEO plugin v27.5 - https:\/\/yoast.com\/product\/yoast-seo-wordpress\/ -->\n<title>Doppia festa Milano\/Roma per i 40 anni della topmanager Monica Mattei<\/title>\n<meta name=\"description\" content=\"Doppio festeggiamento per i primi 40 anni della bellissima Monica Mattei, due grandi feste una a Milano il 18 giugno al Martini Dolce e Gabbana Bistrot e\" \/>\n<meta name=\"robots\" content=\"index, follow, max-snippet:-1, max-image-preview:large, max-video-preview:-1\" \/>\n<link rel=\"canonical\" href=\"https:\/\/www.romaoggi.eu\/index.php\/2019\/06\/24\/doppia-festa-milano-roma-per-i-40-anni-della-topmanager-monica-mattei\/\" \/>\n<meta property=\"og:locale\" content=\"it_IT\" \/>\n<meta property=\"og:type\" content=\"article\" \/>\n<meta property=\"og:title\" content=\"Doppia festa Milano\/Roma per i 40 anni della topmanager Monica Mattei\" \/>\n<meta property=\"og:description\" content=\"Doppio festeggiamento per i primi 40 anni della bellissima Monica Mattei, due grandi feste una a Milano il 18 giugno al Martini Dolce e Gabbana Bistrot e\" \/>\n<meta property=\"og:url\" content=\"https:\/\/www.romaoggi.eu\/index.php\/2019\/06\/24\/doppia-festa-milano-roma-per-i-40-anni-della-topmanager-monica-mattei\/\" \/>\n<meta property=\"og:site_name\" content=\"roma oggi\" \/>\n<meta property=\"article:publisher\" content=\"https:\/\/www.facebook.com\/RomaOggi-841544845954114\" \/>\n<meta property=\"article:published_time\" content=\"2019-06-24T16:17:00+00:00\" \/>\n<meta property=\"og:image\" content=\"https:\/\/www.romaoggi.eu\/wp-content\/uploads\/2019\/06\/65114048_2462247430473833_3981442367088492544_n.jpg\" \/>\n\t<meta property=\"og:image:width\" content=\"960\" \/>\n\t<meta property=\"og:image:height\" content=\"720\" \/>\n\t<meta property=\"og:image:type\" content=\"image\/jpeg\" \/>\n<meta name=\"author\" content=\"Antonietta Di Vizia\" \/>\n<meta name=\"twitter:card\" content=\"summary_large_image\" \/>\n<meta name=\"twitter:creator\" content=\"@romaoggi_eu\" \/>\n<meta name=\"twitter:site\" content=\"@romaoggi_eu\" \/>\n<meta name=\"twitter:label1\" content=\"Scritto da\" \/>\n\t<meta name=\"twitter:data1\" content=\"Antonietta Di Vizia\" \/>\n\t<meta name=\"twitter:label2\" content=\"Tempo di lettura stimato\" \/>\n\t<meta name=\"twitter:data2\" content=\"1 minuto\" \/>\n<script type=\"application\/ld+json\" class=\"yoast-schema-graph\">{\"@context\":\"https:\\\/\\\/schema.org\",\"@graph\":[{\"@type\":\"Article\",\"@id\":\"https:\\\/\\\/www.romaoggi.eu\\\/index.php\\\/2019\\\/06\\\/24\\\/doppia-festa-milano-roma-per-i-40-anni-della-topmanager-monica-mattei\\\/#article\",\"isPartOf\":{\"@id\":\"https:\\\/\\\/www.romaoggi.eu\\\/index.php\\\/2019\\\/06\\\/24\\\/doppia-festa-milano-roma-per-i-40-anni-della-topmanager-monica-mattei\\\/\"},\"author\":{\"name\":\"Antonietta Di Vizia\",\"@id\":\"https:\\\/\\\/www.romaoggi.eu\\\/#\\\/schema\\\/person\\\/c8ca1fb64b5506391fff5f822a866c23\"},\"headline\":\"Doppia festa Milano\\\/Roma per i 40 anni della topmanager Monica Mattei\",\"datePublished\":\"2019-06-24T16:17:00+00:00\",\"mainEntityOfPage\":{\"@id\":\"https:\\\/\\\/www.romaoggi.eu\\\/index.php\\\/2019\\\/06\\\/24\\\/doppia-festa-milano-roma-per-i-40-anni-della-topmanager-monica-mattei\\\/\"},\"wordCount\":303,\"publisher\":{\"@id\":\"https:\\\/\\\/www.romaoggi.eu\\\/#organization\"},\"image\":{\"@id\":\"https:\\\/\\\/www.romaoggi.eu\\\/index.php\\\/2019\\\/06\\\/24\\\/doppia-festa-milano-roma-per-i-40-anni-della-topmanager-monica-mattei\\\/#primaryimage\"},\"thumbnailUrl\":\"https:\\\/\\\/www.romaoggi.eu\\\/wp-content\\\/uploads\\\/2019\\\/06\\\/65114048_2462247430473833_3981442367088492544_n.jpg\",\"keywords\":[\"compleanno\",\"elena sidoti\",\"festa\",\"filippo firli\",\"giuditta arecco\",\"monica mattei\",\"monica mattei events\",\"RDS\",\"Terrazza Molinari\",\"vip\",\"vip party\"],\"articleSection\":[\"Eventi\"],\"inLanguage\":\"it-IT\"},{\"@type\":\"WebPage\",\"@id\":\"https:\\\/\\\/www.romaoggi.eu\\\/index.php\\\/2019\\\/06\\\/24\\\/doppia-festa-milano-roma-per-i-40-anni-della-topmanager-monica-mattei\\\/\",\"url\":\"https:\\\/\\\/www.romaoggi.eu\\\/index.php\\\/2019\\\/06\\\/24\\\/doppia-festa-milano-roma-per-i-40-anni-della-topmanager-monica-mattei\\\/\",\"name\":\"Doppia festa Milano\\\/Roma per i 40 anni della topmanager Monica Mattei\",\"isPartOf\":{\"@id\":\"https:\\\/\\\/www.romaoggi.eu\\\/#website\"},\"primaryImageOfPage\":{\"@id\":\"https:\\\/\\\/www.romaoggi.eu\\\/index.php\\\/2019\\\/06\\\/24\\\/doppia-festa-milano-roma-per-i-40-anni-della-topmanager-monica-mattei\\\/#primaryimage\"},\"image\":{\"@id\":\"https:\\\/\\\/www.romaoggi.eu\\\/index.php\\\/2019\\\/06\\\/24\\\/doppia-festa-milano-roma-per-i-40-anni-della-topmanager-monica-mattei\\\/#primaryimage\"},\"thumbnailUrl\":\"https:\\\/\\\/www.romaoggi.eu\\\/wp-content\\\/uploads\\\/2019\\\/06\\\/65114048_2462247430473833_3981442367088492544_n.jpg\",\"datePublished\":\"2019-06-24T16:17:00+00:00\",\"description\":\"Doppio festeggiamento per i primi 40 anni della bellissima Monica Mattei, due grandi feste una a Milano il 18 giugno al Martini Dolce e Gabbana Bistrot e\",\"breadcrumb\":{\"@id\":\"https:\\\/\\\/www.romaoggi.eu\\\/index.php\\\/2019\\\/06\\\/24\\\/doppia-festa-milano-roma-per-i-40-anni-della-topmanager-monica-mattei\\\/#breadcrumb\"},\"inLanguage\":\"it-IT\",\"potentialAction\":[{\"@type\":\"ReadAction\",\"target\":[\"https:\\\/\\\/www.romaoggi.eu\\\/index.php\\\/2019\\\/06\\\/24\\\/doppia-festa-milano-roma-per-i-40-anni-della-topmanager-monica-mattei\\\/\"]}]},{\"@type\":\"ImageObject\",\"inLanguage\":\"it-IT\",\"@id\":\"https:\\\/\\\/www.romaoggi.eu\\\/index.php\\\/2019\\\/06\\\/24\\\/doppia-festa-milano-roma-per-i-40-anni-della-topmanager-monica-mattei\\\/#primaryimage\",\"url\":\"https:\\\/\\\/www.romaoggi.eu\\\/wp-content\\\/uploads\\\/2019\\\/06\\\/65114048_2462247430473833_3981442367088492544_n.jpg\",\"contentUrl\":\"https:\\\/\\\/www.romaoggi.eu\\\/wp-content\\\/uploads\\\/2019\\\/06\\\/65114048_2462247430473833_3981442367088492544_n.jpg\",\"width\":960,\"height\":720,\"caption\":\"Monica Mattei\"},{\"@type\":\"BreadcrumbList\",\"@id\":\"https:\\\/\\\/www.romaoggi.eu\\\/index.php\\\/2019\\\/06\\\/24\\\/doppia-festa-milano-roma-per-i-40-anni-della-topmanager-monica-mattei\\\/#breadcrumb\",\"itemListElement\":[{\"@type\":\"ListItem\",\"position\":1,\"name\":\"Home\",\"item\":\"https:\\\/\\\/www.romaoggi.eu\\\/\"},{\"@type\":\"ListItem\",\"position\":2,\"name\":\"Doppia festa Milano\\\/Roma per i 40 anni della topmanager Monica Mattei\"}]},{\"@type\":\"WebSite\",\"@id\":\"https:\\\/\\\/www.romaoggi.eu\\\/#website\",\"url\":\"https:\\\/\\\/www.romaoggi.eu\\\/\",\"name\":\"roma oggi\",\"description\":\"Interesting News for Interesting people\",\"publisher\":{\"@id\":\"https:\\\/\\\/www.romaoggi.eu\\\/#organization\"},\"potentialAction\":[{\"@type\":\"SearchAction\",\"target\":{\"@type\":\"EntryPoint\",\"urlTemplate\":\"https:\\\/\\\/www.romaoggi.eu\\\/?s={search_term_string}\"},\"query-input\":{\"@type\":\"PropertyValueSpecification\",\"valueRequired\":true,\"valueName\":\"search_term_string\"}}],\"inLanguage\":\"it-IT\"},{\"@type\":\"Organization\",\"@id\":\"https:\\\/\\\/www.romaoggi.eu\\\/#organization\",\"name\":\"RomaOggi\",\"url\":\"https:\\\/\\\/www.romaoggi.eu\\\/\",\"logo\":{\"@type\":\"ImageObject\",\"inLanguage\":\"it-IT\",\"@id\":\"https:\\\/\\\/www.romaoggi.eu\\\/#\\\/schema\\\/logo\\\/image\\\/\",\"url\":\"https:\\\/\\\/www.romaoggi.eu\\\/wp-content\\\/uploads\\\/2017\\\/04\\\/logowp.jpg\",\"contentUrl\":\"https:\\\/\\\/www.romaoggi.eu\\\/wp-content\\\/uploads\\\/2017\\\/04\\\/logowp.jpg\",\"width\":300,\"height\":133,\"caption\":\"RomaOggi\"},\"image\":{\"@id\":\"https:\\\/\\\/www.romaoggi.eu\\\/#\\\/schema\\\/logo\\\/image\\\/\"},\"sameAs\":[\"https:\\\/\\\/www.facebook.com\\\/RomaOggi-841544845954114\",\"https:\\\/\\\/x.com\\\/romaoggi_eu\"]},{\"@type\":\"Person\",\"@id\":\"https:\\\/\\\/www.romaoggi.eu\\\/#\\\/schema\\\/person\\\/c8ca1fb64b5506391fff5f822a866c23\",\"name\":\"Antonietta Di Vizia\",\"image\":{\"@type\":\"ImageObject\",\"inLanguage\":\"it-IT\",\"@id\":\"https:\\\/\\\/secure.gravatar.com\\\/avatar\\\/2ad571aa3fbfe3089b06ed5617adf58717b9359c0c97cf9b52804fb2dac293f2?s=96&d=mm&r=g\",\"url\":\"https:\\\/\\\/secure.gravatar.com\\\/avatar\\\/2ad571aa3fbfe3089b06ed5617adf58717b9359c0c97cf9b52804fb2dac293f2?s=96&d=mm&r=g\",\"contentUrl\":\"https:\\\/\\\/secure.gravatar.com\\\/avatar\\\/2ad571aa3fbfe3089b06ed5617adf58717b9359c0c97cf9b52804fb2dac293f2?s=96&d=mm&r=g\",\"caption\":\"Antonietta Di Vizia\"},\"url\":\"https:\\\/\\\/www.romaoggi.eu\\\/index.php\\\/author\\\/antonietta\\\/\"}]}<\/script>\n<!-- \/ Yoast SEO plugin. -->","yoast_head_json":{"title":"Doppia festa Milano\/Roma per i 40 anni della topmanager Monica Mattei","description":"Doppio festeggiamento per i primi 40 anni della bellissima Monica Mattei, due grandi feste una a Milano il 18 giugno al Martini Dolce e Gabbana Bistrot e","robots":{"index":"index","follow":"follow","max-snippet":"max-snippet:-1","max-image-preview":"max-image-preview:large","max-video-preview":"max-video-preview:-1"},"canonical":"https:\/\/www.romaoggi.eu\/index.php\/2019\/06\/24\/doppia-festa-milano-roma-per-i-40-anni-della-topmanager-monica-mattei\/","og_locale":"it_IT","og_type":"article","og_title":"Doppia festa Milano\/Roma per i 40 anni della topmanager Monica Mattei","og_description":"Doppio festeggiamento per i primi 40 anni della bellissima Monica Mattei, due grandi feste una a Milano il 18 giugno al Martini Dolce e Gabbana Bistrot e","og_url":"https:\/\/www.romaoggi.eu\/index.php\/2019\/06\/24\/doppia-festa-milano-roma-per-i-40-anni-della-topmanager-monica-mattei\/","og_site_name":"roma oggi","article_publisher":"https:\/\/www.facebook.com\/RomaOggi-841544845954114","article_published_time":"2019-06-24T16:17:00+00:00","og_image":[{"width":960,"height":720,"url":"https:\/\/www.romaoggi.eu\/wp-content\/uploads\/2019\/06\/65114048_2462247430473833_3981442367088492544_n.jpg","type":"image\/jpeg"}],"author":"Antonietta Di Vizia","twitter_card":"summary_large_image","twitter_creator":"@romaoggi_eu","twitter_site":"@romaoggi_eu","twitter_misc":{"Scritto da":"Antonietta Di Vizia","Tempo di lettura stimato":"1 minuto"},"schema":{"@context":"https:\/\/schema.org","@graph":[{"@type":"Article","@id":"https:\/\/www.romaoggi.eu\/index.php\/2019\/06\/24\/doppia-festa-milano-roma-per-i-40-anni-della-topmanager-monica-mattei\/#article","isPartOf":{"@id":"https:\/\/www.romaoggi.eu\/index.php\/2019\/06\/24\/doppia-festa-milano-roma-per-i-40-anni-della-topmanager-monica-mattei\/"},"author":{"name":"Antonietta Di Vizia","@id":"https:\/\/www.romaoggi.eu\/#\/schema\/person\/c8ca1fb64b5506391fff5f822a866c23"},"headline":"Doppia festa Milano\/Roma per i 40 anni della topmanager Monica Mattei","datePublished":"2019-06-24T16:17:00+00:00","mainEntityOfPage":{"@id":"https:\/\/www.romaoggi.eu\/index.php\/2019\/06\/24\/doppia-festa-milano-roma-per-i-40-anni-della-topmanager-monica-mattei\/"},"wordCount":303,"publisher":{"@id":"https:\/\/www.romaoggi.eu\/#organization"},"image":{"@id":"https:\/\/www.romaoggi.eu\/index.php\/2019\/06\/24\/doppia-festa-milano-roma-per-i-40-anni-della-topmanager-monica-mattei\/#primaryimage"},"thumbnailUrl":"https:\/\/www.romaoggi.eu\/wp-content\/uploads\/2019\/06\/65114048_2462247430473833_3981442367088492544_n.jpg","keywords":["compleanno","elena sidoti","festa","filippo firli","giuditta arecco","monica mattei","monica mattei events","RDS","Terrazza Molinari","vip","vip party"],"articleSection":["Eventi"],"inLanguage":"it-IT"},{"@type":"WebPage","@id":"https:\/\/www.romaoggi.eu\/index.php\/2019\/06\/24\/doppia-festa-milano-roma-per-i-40-anni-della-topmanager-monica-mattei\/","url":"https:\/\/www.romaoggi.eu\/index.php\/2019\/06\/24\/doppia-festa-milano-roma-per-i-40-anni-della-topmanager-monica-mattei\/","name":"Doppia festa Milano\/Roma per i 40 anni della topmanager Monica Mattei","isPartOf":{"@id":"https:\/\/www.romaoggi.eu\/#website"},"primaryImageOfPage":{"@id":"https:\/\/www.romaoggi.eu\/index.php\/2019\/06\/24\/doppia-festa-milano-roma-per-i-40-anni-della-topmanager-monica-mattei\/#primaryimage"},"image":{"@id":"https:\/\/www.romaoggi.eu\/index.php\/2019\/06\/24\/doppia-festa-milano-roma-per-i-40-anni-della-topmanager-monica-mattei\/#primaryimage"},"thumbnailUrl":"https:\/\/www.romaoggi.eu\/wp-content\/uploads\/2019\/06\/65114048_2462247430473833_3981442367088492544_n.jpg","datePublished":"2019-06-24T16:17:00+00:00","description":"Doppio festeggiamento per i primi 40 anni della bellissima Monica Mattei, due grandi feste una a Milano il 18 giugno al Martini Dolce e Gabbana Bistrot e","breadcrumb":{"@id":"https:\/\/www.romaoggi.eu\/index.php\/2019\/06\/24\/doppia-festa-milano-roma-per-i-40-anni-della-topmanager-monica-mattei\/#breadcrumb"},"inLanguage":"it-IT","potentialAction":[{"@type":"ReadAction","target":["https:\/\/www.romaoggi.eu\/index.php\/2019\/06\/24\/doppia-festa-milano-roma-per-i-40-anni-della-topmanager-monica-mattei\/"]}]},{"@type":"ImageObject","inLanguage":"it-IT","@id":"https:\/\/www.romaoggi.eu\/index.php\/2019\/06\/24\/doppia-festa-milano-roma-per-i-40-anni-della-topmanager-monica-mattei\/#primaryimage","url":"https:\/\/www.romaoggi.eu\/wp-content\/uploads\/2019\/06\/65114048_2462247430473833_3981442367088492544_n.jpg","contentUrl":"https:\/\/www.romaoggi.eu\/wp-content\/uploads\/2019\/06\/65114048_2462247430473833_3981442367088492544_n.jpg","width":960,"height":720,"caption":"Monica Mattei"},{"@type":"BreadcrumbList","@id":"https:\/\/www.romaoggi.eu\/index.php\/2019\/06\/24\/doppia-festa-milano-roma-per-i-40-anni-della-topmanager-monica-mattei\/#breadcrumb","itemListElement":[{"@type":"ListItem","position":1,"name":"Home","item":"https:\/\/www.romaoggi.eu\/"},{"@type":"ListItem","position":2,"name":"Doppia festa Milano\/Roma per i 40 anni della topmanager Monica Mattei"}]},{"@type":"WebSite","@id":"https:\/\/www.romaoggi.eu\/#website","url":"https:\/\/www.romaoggi.eu\/","name":"roma oggi","description":"Interesting News for Interesting people","publisher":{"@id":"https:\/\/www.romaoggi.eu\/#organization"},"potentialAction":[{"@type":"SearchAction","target":{"@type":"EntryPoint","urlTemplate":"https:\/\/www.romaoggi.eu\/?s={search_term_string}"},"query-input":{"@type":"PropertyValueSpecification","valueRequired":true,"valueName":"search_term_string"}}],"inLanguage":"it-IT"},{"@type":"Organization","@id":"https:\/\/www.romaoggi.eu\/#organization","name":"RomaOggi","url":"https:\/\/www.romaoggi.eu\/","logo":{"@type":"ImageObject","inLanguage":"it-IT","@id":"https:\/\/www.romaoggi.eu\/#\/schema\/logo\/image\/","url":"https:\/\/www.romaoggi.eu\/wp-content\/uploads\/2017\/04\/logowp.jpg","contentUrl":"https:\/\/www.romaoggi.eu\/wp-content\/uploads\/2017\/04\/logowp.jpg","width":300,"height":133,"caption":"RomaOggi"},"image":{"@id":"https:\/\/www.romaoggi.eu\/#\/schema\/logo\/image\/"},"sameAs":["https:\/\/www.facebook.com\/RomaOggi-841544845954114","https:\/\/x.com\/romaoggi_eu"]},{"@type":"Person","@id":"https:\/\/www.romaoggi.eu\/#\/schema\/person\/c8ca1fb64b5506391fff5f822a866c23","name":"Antonietta Di Vizia","image":{"@type":"ImageObject","inLanguage":"it-IT","@id":"https:\/\/secure.gravatar.com\/avatar\/2ad571aa3fbfe3089b06ed5617adf58717b9359c0c97cf9b52804fb2dac293f2?s=96&d=mm&r=g","url":"https:\/\/secure.gravatar.com\/avatar\/2ad571aa3fbfe3089b06ed5617adf58717b9359c0c97cf9b52804fb2dac293f2?s=96&d=mm&r=g","contentUrl":"https:\/\/secure.gravatar.com\/avatar\/2ad571aa3fbfe3089b06ed5617adf58717b9359c0c97cf9b52804fb2dac293f2?s=96&d=mm&r=g","caption":"Antonietta Di Vizia"},"url":"https:\/\/www.romaoggi.eu\/index.php\/author\/antonietta\/"}]}},"_links":{"self":[{"href":"https:\/\/www.romaoggi.eu\/index.php\/wp-json\/wp\/v2\/posts\/22094","targetHints":{"allow":["GET"]}}],"collection":[{"href":"https:\/\/www.romaoggi.eu\/index.php\/wp-json\/wp\/v2\/posts"}],"about":[{"href":"https:\/\/www.romaoggi.eu\/index.php\/wp-json\/wp\/v2\/types\/post"}],"author":[{"embeddable":true,"href":"https:\/\/www.romaoggi.eu\/index.php\/wp-json\/wp\/v2\/users\/3"}],"replies":[{"embeddable":true,"href":"https:\/\/www.romaoggi.eu\/index.php\/wp-json\/wp\/v2\/comments?post=22094"}],"version-history":[{"count":15,"href":"https:\/\/www.romaoggi.eu\/index.php\/wp-json\/wp\/v2\/posts\/22094\/revisions"}],"predecessor-version":[{"id":22115,"href":"https:\/\/www.romaoggi.eu\/index.php\/wp-json\/wp\/v2\/posts\/22094\/revisions\/22115"}],"wp:featuredmedia":[{"embeddable":true,"href":"https:\/\/www.romaoggi.eu\/index.php\/wp-json\/wp\/v2\/media\/22098"}],"wp:attachment":[{"href":"https:\/\/www.romaoggi.eu\/index.php\/wp-json\/wp\/v2\/media?parent=22094"}],"wp:term":[{"taxonomy":"category","embeddable":true,"href":"https:\/\/www.romaoggi.eu\/index.php\/wp-json\/wp\/v2\/categories?post=22094"},{"taxonomy":"post_tag","embeddable":true,"href":"https:\/\/www.romaoggi.eu\/index.php\/wp-json\/wp\/v2\/tags?post=22094"}],"curies":[{"name":"wp","href":"https:\/\/api.w.org\/{rel}","templated":true}]}}