{"id":22233,"date":"2019-07-08T14:45:41","date_gmt":"2019-07-08T12:45:41","guid":{"rendered":"http:\/\/www.romaoggi.eu\/?p=22233"},"modified":"2019-10-15T15:59:47","modified_gmt":"2019-10-15T13:59:47","slug":"sabrina-persechino-lascia-il-segno-ad-altaroma-con-be_sign","status":"publish","type":"post","link":"https:\/\/www.romaoggi.eu\/index.php\/2019\/07\/08\/sabrina-persechino-lascia-il-segno-ad-altaroma-con-be_sign\/","title":{"rendered":"Sabrina Persechino lascia il segno ad AltaRoma con Be_sign"},"content":{"rendered":"<p style=\"text-align: justify;\"><span style=\"font-weight: 400;\">Be_sign: lasciare il segno, incidere, quello che ha fatto <strong>Sabrina Persechino, <\/strong>architetto e designer con la collezione autunno-inverno 2019-2020, \u00a0in passerella venerdi 5 luglio al <strong><a href=\"http:\/\/www.pratibusdistrict.com\/\">Prati Bus District<\/a>.<\/strong><\/span><\/p>\n<p style=\"text-align: justify;\">La collezione<b> Be_sign<\/b><span style=\"font-weight: 400;\">\u00a0 \u00e8 stata pensata come un tributo al <strong>Bauhaus<\/strong>, scuola di architettura, arte e design, \u00e8 ha tratto ispirazione dall&#8217; osservazione delle architetture razionaliste e degli oggetti di design, delle opere di Walter Gropius, oltre che delle pitture del secondo ventennio del 900 e il Sigillo del Bauhaus statale di <strong>Oskar Schlemmer,<\/strong> trasferendo\u00a0 sui tessuti e sui modelli\u00a0 veri e propri segni, spesso perpendicolari a mo\u2019 di cardo e decumano, talvolta curvi, archi di cerchio che solcano i tessuti. Incisioni e tagli sapientemente misurati e in perfetto equilibrio architettonico hanno segnano la silhouette delle mannequin dando vita a una collezione sobria e rigorosa, di forte impronta architettonica.<\/span><\/p>\n<p><img loading=\"lazy\" decoding=\"async\" class=\"aligncenter wp-image-22237 size-large\" src=\"https:\/\/www.romaoggi.eu\/wp-content\/uploads\/2019\/07\/SabrinaPersechino_124-682x1024.jpg\" alt=\"alt tag sabrina persechino\" width=\"682\" height=\"1024\" srcset=\"https:\/\/www.romaoggi.eu\/wp-content\/uploads\/2019\/07\/SabrinaPersechino_124.jpg 682w, https:\/\/www.romaoggi.eu\/wp-content\/uploads\/2019\/07\/SabrinaPersechino_124-200x300.jpg 200w\" sizes=\"auto, (max-width: 682px) 100vw, 682px\" \/><\/p>\n<p style=\"text-align: justify;\"><span style=\"font-weight: 400;\"><strong>Sabrina Persechino<\/strong> apparentemente razionalista nelle forme che segnano i capispalla e gli abiti da sera, be_sign addolcisce le linee nella sinuosit\u00e0 dei tubini e nella morbidezza dei jersey in cachemire.\u00a0 Ad esaltare il funzionalismo, elemento cardine del movimento moderno, l\u2019indossabilit\u00e0 dei capi. Per questo le fibre naturali, abbinate a elementi tecnologici come l&#8217;acciaio e il plexiglass, purch\u00e9 rispondenti a requisiti di leggerezza, trasparenza, bellezza del design e totale razionalit\u00e0, riservano un ruolo importante alla vestibilit\u00e0 degli abiti, da cui i capi in jersey.\u00a0<\/span><\/p>\n<p style=\"text-align: justify;\"><span style=\"font-weight: 400;\">Incisiva anche nei contrasti di colore: giallo e magenta, nude, verde e oro, rosso e immancabile il nero.\u00a0<\/span><\/p>\n<p style=\"text-align: justify;\"><span style=\"font-weight: 400;\">Avanguardista, come fu la scuola del Bauhaus,\u00a0 be_sign abbina sete, cachemire e pelli la cui caratterizzazione, attraverso la sperimentazione della laseratura dei tessuti e l\u2019incisione delle pelli d\u00e0 vita ad outfit rigorosamente lineari e geometrici, ma di estrema eleganza e sensualit\u00e0, tra cui immancabili i capispalla e le tute, oltre che abiti da cocktail e da grande soir\u00e9e.<\/span><\/p>\n<p><img loading=\"lazy\" decoding=\"async\" class=\"aligncenter wp-image-22238 size-large\" src=\"https:\/\/www.romaoggi.eu\/wp-content\/uploads\/2019\/07\/SabrinaPersechino_121-682x1024.jpg\" alt=\"alt tag sabrina persechino\" width=\"682\" height=\"1024\" srcset=\"https:\/\/www.romaoggi.eu\/wp-content\/uploads\/2019\/07\/SabrinaPersechino_121.jpg 682w, https:\/\/www.romaoggi.eu\/wp-content\/uploads\/2019\/07\/SabrinaPersechino_121-200x300.jpg 200w\" sizes=\"auto, (max-width: 682px) 100vw, 682px\" \/><\/p>\n<p><img loading=\"lazy\" decoding=\"async\" class=\"aligncenter wp-image-22239 size-large\" src=\"https:\/\/www.romaoggi.eu\/wp-content\/uploads\/2019\/07\/SabrinaPersechino_112-682x1024.jpg\" alt=\"alt tag sabrina persechino\" width=\"682\" height=\"1024\" srcset=\"https:\/\/www.romaoggi.eu\/wp-content\/uploads\/2019\/07\/SabrinaPersechino_112.jpg 682w, https:\/\/www.romaoggi.eu\/wp-content\/uploads\/2019\/07\/SabrinaPersechino_112-200x300.jpg 200w\" sizes=\"auto, (max-width: 682px) 100vw, 682px\" \/><\/p>\n<p><a href=\"https:\/\/www.romaoggi.eu\/index.php\/2019\/07\/02\/spoleto-arte-vernissage-nel-nome-dellarte-e-dellamore-con-alberoni-e-fendi\/\"><strong>Redazione<\/strong><\/a><\/p>\n","protected":false},"excerpt":{"rendered":"<div class=\"mh-excerpt\"><p>Be_sign: lasciare il segno, incidere, quello che ha fatto Sabrina Persechino, architetto e designer con la collezione autunno-inverno 2019-2020, \u00a0in passerella venerdi 5 luglio al Prati Bus District. La collezione Be_sign\u00a0 \u00e8 stata pensata come <a class=\"mh-excerpt-more\" href=\"https:\/\/www.romaoggi.eu\/index.php\/2019\/07\/08\/sabrina-persechino-lascia-il-segno-ad-altaroma-con-be_sign\/\" title=\"Sabrina Persechino lascia il segno ad AltaRoma con Be_sign\">[&#8230;]<\/a><\/p>\n<\/div>","protected":false},"author":1,"featured_media":22234,"comment_status":"closed","ping_status":"open","sticky":false,"template":"","format":"standard","meta":{"_sitemap_exclude":false,"_sitemap_priority":"","_sitemap_frequency":"","footnotes":""},"categories":[3416],"tags":[2378,200,13003,13001,4947,13002,12091,2879,1325],"class_list":["post-22233","post","type-post","status-publish","format-standard","has-post-thumbnail","hentry","category-moda","tag-alta-moda","tag-altaroma","tag-bauhaus","tag-mannequin","tag-moda-italiana","tag-oskar-schlemmer","tag-prati-bus-district","tag-sabrina-persechino","tag-sfilata"],"yoast_head":"<!-- This site is optimized with the Yoast SEO plugin v27.4 - https:\/\/yoast.com\/product\/yoast-seo-wordpress\/ -->\n<title>Sabrina Persechino lascia il segno ad AltaRoma con Be_sign<\/title>\n<meta name=\"description\" content=\"Be_sign: lasciare il segno, incidere, quello che ha fatto Sabrina Persechino, architetto e designer con la collezione autunno-inverno 2019-2020, \u00a0in\" \/>\n<meta name=\"robots\" content=\"index, follow, max-snippet:-1, max-image-preview:large, max-video-preview:-1\" \/>\n<link rel=\"canonical\" href=\"https:\/\/www.romaoggi.eu\/index.php\/2019\/07\/08\/sabrina-persechino-lascia-il-segno-ad-altaroma-con-be_sign\/\" \/>\n<meta property=\"og:locale\" content=\"it_IT\" \/>\n<meta property=\"og:type\" content=\"article\" \/>\n<meta property=\"og:title\" content=\"Sabrina Persechino lascia il segno ad AltaRoma con Be_sign\" \/>\n<meta property=\"og:description\" content=\"Be_sign: lasciare il segno, incidere, quello che ha fatto Sabrina Persechino, architetto e designer con la collezione autunno-inverno 2019-2020, \u00a0in\" \/>\n<meta property=\"og:url\" content=\"https:\/\/www.romaoggi.eu\/index.php\/2019\/07\/08\/sabrina-persechino-lascia-il-segno-ad-altaroma-con-be_sign\/\" \/>\n<meta property=\"og:site_name\" content=\"roma oggi\" \/>\n<meta property=\"article:publisher\" content=\"https:\/\/www.facebook.com\/RomaOggi-841544845954114\" \/>\n<meta property=\"article:published_time\" content=\"2019-07-08T12:45:41+00:00\" \/>\n<meta property=\"article:modified_time\" content=\"2019-10-15T13:59:47+00:00\" \/>\n<meta property=\"og:image\" content=\"https:\/\/www.romaoggi.eu\/wp-content\/uploads\/2019\/07\/SabrinaPersechino_142.jpg\" \/>\n\t<meta property=\"og:image:width\" content=\"1024\" \/>\n\t<meta property=\"og:image:height\" content=\"683\" \/>\n\t<meta property=\"og:image:type\" content=\"image\/jpeg\" \/>\n<meta name=\"author\" content=\"admin\" \/>\n<meta name=\"twitter:card\" content=\"summary_large_image\" \/>\n<meta name=\"twitter:creator\" content=\"@romaoggi_eu\" \/>\n<meta name=\"twitter:site\" content=\"@romaoggi_eu\" \/>\n<meta name=\"twitter:label1\" content=\"Scritto da\" \/>\n\t<meta name=\"twitter:data1\" content=\"admin\" \/>\n\t<meta name=\"twitter:label2\" content=\"Tempo di lettura stimato\" \/>\n\t<meta name=\"twitter:data2\" content=\"2 minuti\" \/>\n<script type=\"application\/ld+json\" class=\"yoast-schema-graph\">{\"@context\":\"https:\\\/\\\/schema.org\",\"@graph\":[{\"@type\":\"Article\",\"@id\":\"https:\\\/\\\/www.romaoggi.eu\\\/index.php\\\/2019\\\/07\\\/08\\\/sabrina-persechino-lascia-il-segno-ad-altaroma-con-be_sign\\\/#article\",\"isPartOf\":{\"@id\":\"https:\\\/\\\/www.romaoggi.eu\\\/index.php\\\/2019\\\/07\\\/08\\\/sabrina-persechino-lascia-il-segno-ad-altaroma-con-be_sign\\\/\"},\"author\":{\"name\":\"admin\",\"@id\":\"https:\\\/\\\/www.romaoggi.eu\\\/#\\\/schema\\\/person\\\/9b23ceb6a2992a25e98c76a5f1fbb887\"},\"headline\":\"Sabrina Persechino lascia il segno ad AltaRoma con Be_sign\",\"datePublished\":\"2019-07-08T12:45:41+00:00\",\"dateModified\":\"2019-10-15T13:59:47+00:00\",\"mainEntityOfPage\":{\"@id\":\"https:\\\/\\\/www.romaoggi.eu\\\/index.php\\\/2019\\\/07\\\/08\\\/sabrina-persechino-lascia-il-segno-ad-altaroma-con-be_sign\\\/\"},\"wordCount\":311,\"publisher\":{\"@id\":\"https:\\\/\\\/www.romaoggi.eu\\\/#organization\"},\"image\":{\"@id\":\"https:\\\/\\\/www.romaoggi.eu\\\/index.php\\\/2019\\\/07\\\/08\\\/sabrina-persechino-lascia-il-segno-ad-altaroma-con-be_sign\\\/#primaryimage\"},\"thumbnailUrl\":\"https:\\\/\\\/www.romaoggi.eu\\\/wp-content\\\/uploads\\\/2019\\\/07\\\/SabrinaPersechino_142.jpg\",\"keywords\":[\"Alta Moda\",\"altaroma\",\"Bauhaus\",\"mannequin\",\"moda italiana\",\"Oskar Schlemmer\",\"prati bus district\",\"Sabrina Persechino\",\"sfilata\"],\"articleSection\":[\"Moda\"],\"inLanguage\":\"it-IT\"},{\"@type\":\"WebPage\",\"@id\":\"https:\\\/\\\/www.romaoggi.eu\\\/index.php\\\/2019\\\/07\\\/08\\\/sabrina-persechino-lascia-il-segno-ad-altaroma-con-be_sign\\\/\",\"url\":\"https:\\\/\\\/www.romaoggi.eu\\\/index.php\\\/2019\\\/07\\\/08\\\/sabrina-persechino-lascia-il-segno-ad-altaroma-con-be_sign\\\/\",\"name\":\"Sabrina Persechino lascia il segno ad AltaRoma con Be_sign\",\"isPartOf\":{\"@id\":\"https:\\\/\\\/www.romaoggi.eu\\\/#website\"},\"primaryImageOfPage\":{\"@id\":\"https:\\\/\\\/www.romaoggi.eu\\\/index.php\\\/2019\\\/07\\\/08\\\/sabrina-persechino-lascia-il-segno-ad-altaroma-con-be_sign\\\/#primaryimage\"},\"image\":{\"@id\":\"https:\\\/\\\/www.romaoggi.eu\\\/index.php\\\/2019\\\/07\\\/08\\\/sabrina-persechino-lascia-il-segno-ad-altaroma-con-be_sign\\\/#primaryimage\"},\"thumbnailUrl\":\"https:\\\/\\\/www.romaoggi.eu\\\/wp-content\\\/uploads\\\/2019\\\/07\\\/SabrinaPersechino_142.jpg\",\"datePublished\":\"2019-07-08T12:45:41+00:00\",\"dateModified\":\"2019-10-15T13:59:47+00:00\",\"description\":\"Be_sign: lasciare il segno, incidere, quello che ha fatto Sabrina Persechino, architetto e designer con la collezione autunno-inverno 2019-2020, \u00a0in\",\"breadcrumb\":{\"@id\":\"https:\\\/\\\/www.romaoggi.eu\\\/index.php\\\/2019\\\/07\\\/08\\\/sabrina-persechino-lascia-il-segno-ad-altaroma-con-be_sign\\\/#breadcrumb\"},\"inLanguage\":\"it-IT\",\"potentialAction\":[{\"@type\":\"ReadAction\",\"target\":[\"https:\\\/\\\/www.romaoggi.eu\\\/index.php\\\/2019\\\/07\\\/08\\\/sabrina-persechino-lascia-il-segno-ad-altaroma-con-be_sign\\\/\"]}]},{\"@type\":\"ImageObject\",\"inLanguage\":\"it-IT\",\"@id\":\"https:\\\/\\\/www.romaoggi.eu\\\/index.php\\\/2019\\\/07\\\/08\\\/sabrina-persechino-lascia-il-segno-ad-altaroma-con-be_sign\\\/#primaryimage\",\"url\":\"https:\\\/\\\/www.romaoggi.eu\\\/wp-content\\\/uploads\\\/2019\\\/07\\\/SabrinaPersechino_142.jpg\",\"contentUrl\":\"https:\\\/\\\/www.romaoggi.eu\\\/wp-content\\\/uploads\\\/2019\\\/07\\\/SabrinaPersechino_142.jpg\",\"width\":1024,\"height\":683,\"caption\":\"alt tag sabrina persechino\"},{\"@type\":\"BreadcrumbList\",\"@id\":\"https:\\\/\\\/www.romaoggi.eu\\\/index.php\\\/2019\\\/07\\\/08\\\/sabrina-persechino-lascia-il-segno-ad-altaroma-con-be_sign\\\/#breadcrumb\",\"itemListElement\":[{\"@type\":\"ListItem\",\"position\":1,\"name\":\"Home\",\"item\":\"https:\\\/\\\/www.romaoggi.eu\\\/\"},{\"@type\":\"ListItem\",\"position\":2,\"name\":\"Sabrina Persechino lascia il segno ad AltaRoma con Be_sign\"}]},{\"@type\":\"WebSite\",\"@id\":\"https:\\\/\\\/www.romaoggi.eu\\\/#website\",\"url\":\"https:\\\/\\\/www.romaoggi.eu\\\/\",\"name\":\"roma oggi\",\"description\":\"Interesting News for Interesting people\",\"publisher\":{\"@id\":\"https:\\\/\\\/www.romaoggi.eu\\\/#organization\"},\"potentialAction\":[{\"@type\":\"SearchAction\",\"target\":{\"@type\":\"EntryPoint\",\"urlTemplate\":\"https:\\\/\\\/www.romaoggi.eu\\\/?s={search_term_string}\"},\"query-input\":{\"@type\":\"PropertyValueSpecification\",\"valueRequired\":true,\"valueName\":\"search_term_string\"}}],\"inLanguage\":\"it-IT\"},{\"@type\":\"Organization\",\"@id\":\"https:\\\/\\\/www.romaoggi.eu\\\/#organization\",\"name\":\"RomaOggi\",\"url\":\"https:\\\/\\\/www.romaoggi.eu\\\/\",\"logo\":{\"@type\":\"ImageObject\",\"inLanguage\":\"it-IT\",\"@id\":\"https:\\\/\\\/www.romaoggi.eu\\\/#\\\/schema\\\/logo\\\/image\\\/\",\"url\":\"https:\\\/\\\/www.romaoggi.eu\\\/wp-content\\\/uploads\\\/2017\\\/04\\\/logowp.jpg\",\"contentUrl\":\"https:\\\/\\\/www.romaoggi.eu\\\/wp-content\\\/uploads\\\/2017\\\/04\\\/logowp.jpg\",\"width\":300,\"height\":133,\"caption\":\"RomaOggi\"},\"image\":{\"@id\":\"https:\\\/\\\/www.romaoggi.eu\\\/#\\\/schema\\\/logo\\\/image\\\/\"},\"sameAs\":[\"https:\\\/\\\/www.facebook.com\\\/RomaOggi-841544845954114\",\"https:\\\/\\\/x.com\\\/romaoggi_eu\"]},{\"@type\":\"Person\",\"@id\":\"https:\\\/\\\/www.romaoggi.eu\\\/#\\\/schema\\\/person\\\/9b23ceb6a2992a25e98c76a5f1fbb887\",\"name\":\"admin\",\"image\":{\"@type\":\"ImageObject\",\"inLanguage\":\"it-IT\",\"@id\":\"https:\\\/\\\/secure.gravatar.com\\\/avatar\\\/51b1e0a1f4159e3b5d89435fce5e1a348d6c59e2ff8c2d428dae75560aace504?s=96&d=mm&r=g\",\"url\":\"https:\\\/\\\/secure.gravatar.com\\\/avatar\\\/51b1e0a1f4159e3b5d89435fce5e1a348d6c59e2ff8c2d428dae75560aace504?s=96&d=mm&r=g\",\"contentUrl\":\"https:\\\/\\\/secure.gravatar.com\\\/avatar\\\/51b1e0a1f4159e3b5d89435fce5e1a348d6c59e2ff8c2d428dae75560aace504?s=96&d=mm&r=g\",\"caption\":\"admin\"},\"url\":\"https:\\\/\\\/www.romaoggi.eu\\\/index.php\\\/author\\\/admin\\\/\"}]}<\/script>\n<!-- \/ Yoast SEO plugin. -->","yoast_head_json":{"title":"Sabrina Persechino lascia il segno ad AltaRoma con Be_sign","description":"Be_sign: lasciare il segno, incidere, quello che ha fatto Sabrina Persechino, architetto e designer con la collezione autunno-inverno 2019-2020, \u00a0in","robots":{"index":"index","follow":"follow","max-snippet":"max-snippet:-1","max-image-preview":"max-image-preview:large","max-video-preview":"max-video-preview:-1"},"canonical":"https:\/\/www.romaoggi.eu\/index.php\/2019\/07\/08\/sabrina-persechino-lascia-il-segno-ad-altaroma-con-be_sign\/","og_locale":"it_IT","og_type":"article","og_title":"Sabrina Persechino lascia il segno ad AltaRoma con Be_sign","og_description":"Be_sign: lasciare il segno, incidere, quello che ha fatto Sabrina Persechino, architetto e designer con la collezione autunno-inverno 2019-2020, \u00a0in","og_url":"https:\/\/www.romaoggi.eu\/index.php\/2019\/07\/08\/sabrina-persechino-lascia-il-segno-ad-altaroma-con-be_sign\/","og_site_name":"roma oggi","article_publisher":"https:\/\/www.facebook.com\/RomaOggi-841544845954114","article_published_time":"2019-07-08T12:45:41+00:00","article_modified_time":"2019-10-15T13:59:47+00:00","og_image":[{"width":1024,"height":683,"url":"https:\/\/www.romaoggi.eu\/wp-content\/uploads\/2019\/07\/SabrinaPersechino_142.jpg","type":"image\/jpeg"}],"author":"admin","twitter_card":"summary_large_image","twitter_creator":"@romaoggi_eu","twitter_site":"@romaoggi_eu","twitter_misc":{"Scritto da":"admin","Tempo di lettura stimato":"2 minuti"},"schema":{"@context":"https:\/\/schema.org","@graph":[{"@type":"Article","@id":"https:\/\/www.romaoggi.eu\/index.php\/2019\/07\/08\/sabrina-persechino-lascia-il-segno-ad-altaroma-con-be_sign\/#article","isPartOf":{"@id":"https:\/\/www.romaoggi.eu\/index.php\/2019\/07\/08\/sabrina-persechino-lascia-il-segno-ad-altaroma-con-be_sign\/"},"author":{"name":"admin","@id":"https:\/\/www.romaoggi.eu\/#\/schema\/person\/9b23ceb6a2992a25e98c76a5f1fbb887"},"headline":"Sabrina Persechino lascia il segno ad AltaRoma con Be_sign","datePublished":"2019-07-08T12:45:41+00:00","dateModified":"2019-10-15T13:59:47+00:00","mainEntityOfPage":{"@id":"https:\/\/www.romaoggi.eu\/index.php\/2019\/07\/08\/sabrina-persechino-lascia-il-segno-ad-altaroma-con-be_sign\/"},"wordCount":311,"publisher":{"@id":"https:\/\/www.romaoggi.eu\/#organization"},"image":{"@id":"https:\/\/www.romaoggi.eu\/index.php\/2019\/07\/08\/sabrina-persechino-lascia-il-segno-ad-altaroma-con-be_sign\/#primaryimage"},"thumbnailUrl":"https:\/\/www.romaoggi.eu\/wp-content\/uploads\/2019\/07\/SabrinaPersechino_142.jpg","keywords":["Alta Moda","altaroma","Bauhaus","mannequin","moda italiana","Oskar Schlemmer","prati bus district","Sabrina Persechino","sfilata"],"articleSection":["Moda"],"inLanguage":"it-IT"},{"@type":"WebPage","@id":"https:\/\/www.romaoggi.eu\/index.php\/2019\/07\/08\/sabrina-persechino-lascia-il-segno-ad-altaroma-con-be_sign\/","url":"https:\/\/www.romaoggi.eu\/index.php\/2019\/07\/08\/sabrina-persechino-lascia-il-segno-ad-altaroma-con-be_sign\/","name":"Sabrina Persechino lascia il segno ad AltaRoma con Be_sign","isPartOf":{"@id":"https:\/\/www.romaoggi.eu\/#website"},"primaryImageOfPage":{"@id":"https:\/\/www.romaoggi.eu\/index.php\/2019\/07\/08\/sabrina-persechino-lascia-il-segno-ad-altaroma-con-be_sign\/#primaryimage"},"image":{"@id":"https:\/\/www.romaoggi.eu\/index.php\/2019\/07\/08\/sabrina-persechino-lascia-il-segno-ad-altaroma-con-be_sign\/#primaryimage"},"thumbnailUrl":"https:\/\/www.romaoggi.eu\/wp-content\/uploads\/2019\/07\/SabrinaPersechino_142.jpg","datePublished":"2019-07-08T12:45:41+00:00","dateModified":"2019-10-15T13:59:47+00:00","description":"Be_sign: lasciare il segno, incidere, quello che ha fatto Sabrina Persechino, architetto e designer con la collezione autunno-inverno 2019-2020, \u00a0in","breadcrumb":{"@id":"https:\/\/www.romaoggi.eu\/index.php\/2019\/07\/08\/sabrina-persechino-lascia-il-segno-ad-altaroma-con-be_sign\/#breadcrumb"},"inLanguage":"it-IT","potentialAction":[{"@type":"ReadAction","target":["https:\/\/www.romaoggi.eu\/index.php\/2019\/07\/08\/sabrina-persechino-lascia-il-segno-ad-altaroma-con-be_sign\/"]}]},{"@type":"ImageObject","inLanguage":"it-IT","@id":"https:\/\/www.romaoggi.eu\/index.php\/2019\/07\/08\/sabrina-persechino-lascia-il-segno-ad-altaroma-con-be_sign\/#primaryimage","url":"https:\/\/www.romaoggi.eu\/wp-content\/uploads\/2019\/07\/SabrinaPersechino_142.jpg","contentUrl":"https:\/\/www.romaoggi.eu\/wp-content\/uploads\/2019\/07\/SabrinaPersechino_142.jpg","width":1024,"height":683,"caption":"alt tag sabrina persechino"},{"@type":"BreadcrumbList","@id":"https:\/\/www.romaoggi.eu\/index.php\/2019\/07\/08\/sabrina-persechino-lascia-il-segno-ad-altaroma-con-be_sign\/#breadcrumb","itemListElement":[{"@type":"ListItem","position":1,"name":"Home","item":"https:\/\/www.romaoggi.eu\/"},{"@type":"ListItem","position":2,"name":"Sabrina Persechino lascia il segno ad AltaRoma con Be_sign"}]},{"@type":"WebSite","@id":"https:\/\/www.romaoggi.eu\/#website","url":"https:\/\/www.romaoggi.eu\/","name":"roma oggi","description":"Interesting News for Interesting people","publisher":{"@id":"https:\/\/www.romaoggi.eu\/#organization"},"potentialAction":[{"@type":"SearchAction","target":{"@type":"EntryPoint","urlTemplate":"https:\/\/www.romaoggi.eu\/?s={search_term_string}"},"query-input":{"@type":"PropertyValueSpecification","valueRequired":true,"valueName":"search_term_string"}}],"inLanguage":"it-IT"},{"@type":"Organization","@id":"https:\/\/www.romaoggi.eu\/#organization","name":"RomaOggi","url":"https:\/\/www.romaoggi.eu\/","logo":{"@type":"ImageObject","inLanguage":"it-IT","@id":"https:\/\/www.romaoggi.eu\/#\/schema\/logo\/image\/","url":"https:\/\/www.romaoggi.eu\/wp-content\/uploads\/2017\/04\/logowp.jpg","contentUrl":"https:\/\/www.romaoggi.eu\/wp-content\/uploads\/2017\/04\/logowp.jpg","width":300,"height":133,"caption":"RomaOggi"},"image":{"@id":"https:\/\/www.romaoggi.eu\/#\/schema\/logo\/image\/"},"sameAs":["https:\/\/www.facebook.com\/RomaOggi-841544845954114","https:\/\/x.com\/romaoggi_eu"]},{"@type":"Person","@id":"https:\/\/www.romaoggi.eu\/#\/schema\/person\/9b23ceb6a2992a25e98c76a5f1fbb887","name":"admin","image":{"@type":"ImageObject","inLanguage":"it-IT","@id":"https:\/\/secure.gravatar.com\/avatar\/51b1e0a1f4159e3b5d89435fce5e1a348d6c59e2ff8c2d428dae75560aace504?s=96&d=mm&r=g","url":"https:\/\/secure.gravatar.com\/avatar\/51b1e0a1f4159e3b5d89435fce5e1a348d6c59e2ff8c2d428dae75560aace504?s=96&d=mm&r=g","contentUrl":"https:\/\/secure.gravatar.com\/avatar\/51b1e0a1f4159e3b5d89435fce5e1a348d6c59e2ff8c2d428dae75560aace504?s=96&d=mm&r=g","caption":"admin"},"url":"https:\/\/www.romaoggi.eu\/index.php\/author\/admin\/"}]}},"_links":{"self":[{"href":"https:\/\/www.romaoggi.eu\/index.php\/wp-json\/wp\/v2\/posts\/22233","targetHints":{"allow":["GET"]}}],"collection":[{"href":"https:\/\/www.romaoggi.eu\/index.php\/wp-json\/wp\/v2\/posts"}],"about":[{"href":"https:\/\/www.romaoggi.eu\/index.php\/wp-json\/wp\/v2\/types\/post"}],"author":[{"embeddable":true,"href":"https:\/\/www.romaoggi.eu\/index.php\/wp-json\/wp\/v2\/users\/1"}],"replies":[{"embeddable":true,"href":"https:\/\/www.romaoggi.eu\/index.php\/wp-json\/wp\/v2\/comments?post=22233"}],"version-history":[{"count":4,"href":"https:\/\/www.romaoggi.eu\/index.php\/wp-json\/wp\/v2\/posts\/22233\/revisions"}],"predecessor-version":[{"id":22241,"href":"https:\/\/www.romaoggi.eu\/index.php\/wp-json\/wp\/v2\/posts\/22233\/revisions\/22241"}],"wp:featuredmedia":[{"embeddable":true,"href":"https:\/\/www.romaoggi.eu\/index.php\/wp-json\/wp\/v2\/media\/22234"}],"wp:attachment":[{"href":"https:\/\/www.romaoggi.eu\/index.php\/wp-json\/wp\/v2\/media?parent=22233"}],"wp:term":[{"taxonomy":"category","embeddable":true,"href":"https:\/\/www.romaoggi.eu\/index.php\/wp-json\/wp\/v2\/categories?post=22233"},{"taxonomy":"post_tag","embeddable":true,"href":"https:\/\/www.romaoggi.eu\/index.php\/wp-json\/wp\/v2\/tags?post=22233"}],"curies":[{"name":"wp","href":"https:\/\/api.w.org\/{rel}","templated":true}]}}