{"id":22307,"date":"2019-07-17T13:48:01","date_gmt":"2019-07-17T11:48:01","guid":{"rendered":"http:\/\/www.romaoggi.eu\/?p=22307"},"modified":"2022-09-19T13:28:05","modified_gmt":"2022-09-19T11:28:05","slug":"varieta-equilibrio-moderazione-tre-parole-per-il-successo-di-una-dieta","status":"publish","type":"post","link":"https:\/\/www.romaoggi.eu\/index.php\/2019\/07\/17\/varieta-equilibrio-moderazione-tre-parole-per-il-successo-di-una-dieta\/","title":{"rendered":"Variet\u00e0, equilibrio, moderazione: tre parole per il\u00a0successo di una dieta\u00a0"},"content":{"rendered":"<p style=\"text-align: justify;\"><span style=\"font-weight: 400;\">Variet\u00e0, equilibrio e moderazione: le tre parole chiave per il\u00a0 successo di una dieta.\u00a0<\/span><\/p>\n<p style=\"text-align: justify;\"><span style=\"font-weight: 400;\">Quando si parla di dieta il senso comune associa il termine ad una restrizione dietetica: in altre parole ad una dieta dimagrante.\u00a0 In realt\u00e0 il termine, che deriva dal greco<strong>&#8220;diaita\u201d<\/strong> , indica la ripartizione dei pasti durante la giornata.<\/span><\/p>\n<p style=\"text-align: justify;\"><span style=\"font-weight: 400;\">La dieta \u00e8\u00a0 un regime alimentare che permette di soddisfare i bisogni energetici dell\u2019organismo e a questo scopo deve essere necessariamente variata ed equilibrata. Il cibo deve essere anche di nostro gradimento ovvero deve essere introdotto con piacere. Anche la vicinanza di persone care durante i pasti aumenta la percezione di benessere durante l\u2019atto di nutrirsi. Per noi umani il momento dei pasti ,della condivisione del cibo, rappresenta anche il momento di condivisione di racconti, esperienze ed affetti.<\/span><\/p>\n<p>&nbsp;<\/p>\n<p style=\"text-align: justify;\"><span style=\"font-weight: 400;\">Il cibo rappresenta quindi molto pi\u00f9 che il carburante per il nostro organismo e la correlazione cibo ed emozioni \u00e8 molto forte. Per questo impostare e seguire una dieta di tipo ipocalorico, anche se indicato, pu\u00f2 rappresentare un grande disagio.<\/span><\/p>\n<p style=\"text-align: justify;\"><span style=\"font-weight: 400;\">Sia che si debba perdere peso, sia lo si debba mantenere, \u00e8 molto importante tenere presenti\u00a0 tre aspetti: la moderazione, la variet\u00e0 e l\u2019equilibrio.<\/span><\/p>\n<p style=\"text-align: justify;\"><span style=\"font-weight: 400;\">Per non prendere peso e non affaticare l\u2019organismo l\u2019introduzione moderata di alimenti risulta essere importante. Si consigliano piccoli pasti durante la giornata in quantit\u00e0 decrescenti partendo da una colazione abbondante ed arrivando ad una\u00a0 frugale cena. Questo permette all\u2019organismo di compiere tutti i processi metabolici della digestione ed assimilazione in modo corretto dandoci energia durante la giornata e mettendo a riposo gli organi emuntori la notte. Quando questo non avviene si possono avere cali glicemici o spossatezza durante la giornata e si rischia di andare a dormire con ancora la digestione in corso con riflessi negativi sul sonno e fastidi nella giornata seguente.<\/span><\/p>\n<p style=\"text-align: justify;\"><span style=\"font-weight: 400;\">Per non rischiare di introdurre solo alcuni principi nutritivi a discapito di altri, fondamentale\u00a0 \u00e8 la variet\u00e0. Non sempre \u00e8 possibile introdurre tutti i nutrienti in una stessa giornata, l\u2019importante \u00e8 introdurli almeno durante la settimana. Un modo facile per essere sicuri di aver assunto tutto le vitamine ad esempio \u00e8 quello di introdurre alimenti di colore diverso ad ogni pasto. La presenza del colore indica la presenza di una vitamina o famiglia specifica di vitamine. Sebbene le vitamine non abbiano calorie sono fondamentali per il funzionamento del nostro organismo per cui dobbiamo essere certi di introdurle tutte. Ruotando i colori di frutta e verdura la variet\u00e0 \u00e8 assicurata.<\/span><\/p>\n<p style=\"text-align: justify;\"><span style=\"font-weight: 400;\">L&#8217;equilibrio \u00e8 importante in ogni aspetto della nostra vita e non indica una situazione statica, ma dinamica. Ovvero \u00e8 una situazione che deve essere continuamente modificata perch\u00e9 possa stare in piedi. Nello specifico alimentarsi in modo corretto significa introdurre la giusta quantit\u00e0 di calorie, ma anche di macro e micro elementi. Quindi non basta farlo una volta, bisogna compiere certe scelte ogni giorno.<\/span><\/p>\n<p style=\"text-align: justify;\"><span style=\"font-weight: 400;\">Mantenere la corretta proporzione tra le fonti alimentari \u00e8 indispensabile per evitare squilibri non solo del peso corporeo, ma anche nella funzionalit\u00e0 dell\u2019organismo. Compilare un piano alimentare settimanale pu\u00f2 essere utile a questo scopo.<\/span><\/p>\n<p><span style=\"font-weight: 400;\">Un piano alimentare settimanale pu\u00f2 essere attaccato al frigorifero e ha molti vantaggi:\u00a0<\/span><\/p>\n<ul>\n<li style=\"font-weight: 400;\"><span style=\"font-weight: 400;\">si evitano gli sprechi comprando solo ci\u00f2 che \u00e8 indicato e che per certo verr\u00e0 utilizzato<\/span><\/li>\n<li style=\"font-weight: 400;\"><span style=\"font-weight: 400;\">si possono scegliere cibi a noi graditi<\/span><\/li>\n<li style=\"font-weight: 400;\"><span style=\"font-weight: 400;\">sar\u00e0 pi\u00f9 semplice evitare di mangiare sempre le stesse cose assicurandosi che tutti i principi alimentari siano rappresentati.<\/span><\/li>\n<\/ul>\n<p><span style=\"font-weight: 400;\">Concludendo perch\u00e9 una dieta possa avere successo la conta delle calorie ha importanza solo parzialmente. L\u2019obiettivo \u00e8 la corretta funzionalit\u00e0 dell\u2019organismo solo in questo modo sar\u00e0 possibile raggiungere uno stato di benessere e di giusto peso.<\/span><\/p>\n<p><img loading=\"lazy\" decoding=\"async\" class=\"wp-image-22312 size-full\" src=\"https:\/\/www.romaoggi.eu\/wp-content\/uploads\/2019\/07\/per-copertina.jpg\" alt=\"alt tag dieta\" width=\"724\" height=\"562\" srcset=\"https:\/\/www.romaoggi.eu\/wp-content\/uploads\/2019\/07\/per-copertina.jpg 724w, https:\/\/www.romaoggi.eu\/wp-content\/uploads\/2019\/07\/per-copertina-300x233.jpg 300w\" sizes=\"auto, (max-width: 724px) 100vw, 724px\" \/><\/p>\n<p><span style=\"font-weight: 400;\">Dott.ssa <a href=\"https:\/\/www.romaoggi.eu\/index.php\/2019\/06\/03\/da-giugno-emanuela-scanu-esperta-di-cibo-e-mente-su-romaoggi-eu\/\">Emanuela Scanu<\/a><\/span><\/p>\n<p><a href=\"https:\/\/esimmagine.com\/\"><strong>esimmagine.com<\/strong><\/a><\/p>\n<p><span style=\"font-weight: 400;\">Psicologa e Coach alimentare<\/span><\/p>\n<p>&nbsp;<\/p>\n","protected":false},"excerpt":{"rendered":"<div class=\"mh-excerpt\"><p>Variet\u00e0, equilibrio e moderazione: le tre parole chiave per il\u00a0 successo di una dieta.\u00a0 Quando si parla di dieta il senso comune associa il termine ad una restrizione dietetica: in altre parole ad una dieta <a class=\"mh-excerpt-more\" href=\"https:\/\/www.romaoggi.eu\/index.php\/2019\/07\/17\/varieta-equilibrio-moderazione-tre-parole-per-il-successo-di-una-dieta\/\" title=\"Variet\u00e0, equilibrio, moderazione: tre parole per il\u00a0successo di una dieta\u00a0\">[&#8230;]<\/a><\/p>\n<\/div>","protected":false},"author":15,"featured_media":22311,"comment_status":"closed","ping_status":"open","sticky":false,"template":"","format":"standard","meta":{"_sitemap_exclude":false,"_sitemap_priority":"","_sitemap_frequency":"","footnotes":""},"categories":[12817],"tags":[5555,3854,13027,5381,12816,4713,12424,12858,12814,13028,13026],"class_list":["post-22307","post","type-post","status-publish","format-standard","has-post-thumbnail","hentry","category-mindfood-di-emanuela-scanu","tag-alimentazione","tag-calorie","tag-chiave","tag-cibo","tag-coach-alimentare","tag-dieta","tag-emanuela-scanu","tag-equilibrio","tag-esimmagine","tag-frigorifero","tag-moderazione"],"yoast_head":"<!-- This site is optimized with the Yoast SEO plugin v27.5 - https:\/\/yoast.com\/product\/yoast-seo-wordpress\/ -->\n<title>Variet\u00e0, equilibrio, moderazione: tre parole per il\u00a0successo di una dieta\u00a0<\/title>\n<meta name=\"description\" content=\"Variet\u00e0, equilibrio e moderazione: le tre parole chiave per il\u00a0 successo di una dieta.\u00a0 Quando si parla di dieta il senso comune associa il termine ad una\" \/>\n<meta name=\"robots\" content=\"index, follow, max-snippet:-1, max-image-preview:large, max-video-preview:-1\" \/>\n<link rel=\"canonical\" href=\"https:\/\/www.romaoggi.eu\/index.php\/2019\/07\/17\/varieta-equilibrio-moderazione-tre-parole-per-il-successo-di-una-dieta\/\" \/>\n<meta property=\"og:locale\" content=\"it_IT\" \/>\n<meta property=\"og:type\" content=\"article\" \/>\n<meta property=\"og:title\" content=\"Variet\u00e0, equilibrio, moderazione: tre parole per il\u00a0successo di una dieta\u00a0\" \/>\n<meta property=\"og:description\" content=\"Variet\u00e0, equilibrio e moderazione: le tre parole chiave per il\u00a0 successo di una dieta.\u00a0 Quando si parla di dieta il senso comune associa il termine ad una\" \/>\n<meta property=\"og:url\" content=\"https:\/\/www.romaoggi.eu\/index.php\/2019\/07\/17\/varieta-equilibrio-moderazione-tre-parole-per-il-successo-di-una-dieta\/\" \/>\n<meta property=\"og:site_name\" content=\"roma oggi\" \/>\n<meta property=\"article:publisher\" content=\"https:\/\/www.facebook.com\/RomaOggi-841544845954114\" \/>\n<meta property=\"article:published_time\" content=\"2019-07-17T11:48:01+00:00\" \/>\n<meta property=\"article:modified_time\" content=\"2022-09-19T11:28:05+00:00\" \/>\n<meta property=\"og:image\" content=\"https:\/\/www.romaoggi.eu\/wp-content\/uploads\/2019\/07\/per-copertna-articolo.jpg\" \/>\n\t<meta property=\"og:image:width\" content=\"747\" \/>\n\t<meta property=\"og:image:height\" content=\"556\" \/>\n\t<meta property=\"og:image:type\" content=\"image\/jpeg\" \/>\n<meta name=\"author\" content=\"Emanuela Scanu\" \/>\n<meta name=\"twitter:card\" content=\"summary_large_image\" \/>\n<meta name=\"twitter:creator\" content=\"@romaoggi_eu\" \/>\n<meta name=\"twitter:site\" content=\"@romaoggi_eu\" \/>\n<meta name=\"twitter:label1\" content=\"Scritto da\" \/>\n\t<meta name=\"twitter:data1\" content=\"Emanuela Scanu\" \/>\n\t<meta name=\"twitter:label2\" content=\"Tempo di lettura stimato\" \/>\n\t<meta name=\"twitter:data2\" content=\"4 minuti\" \/>\n<script type=\"application\/ld+json\" class=\"yoast-schema-graph\">{\"@context\":\"https:\\\/\\\/schema.org\",\"@graph\":[{\"@type\":\"Article\",\"@id\":\"https:\\\/\\\/www.romaoggi.eu\\\/index.php\\\/2019\\\/07\\\/17\\\/varieta-equilibrio-moderazione-tre-parole-per-il-successo-di-una-dieta\\\/#article\",\"isPartOf\":{\"@id\":\"https:\\\/\\\/www.romaoggi.eu\\\/index.php\\\/2019\\\/07\\\/17\\\/varieta-equilibrio-moderazione-tre-parole-per-il-successo-di-una-dieta\\\/\"},\"author\":{\"name\":\"Emanuela Scanu\",\"@id\":\"https:\\\/\\\/www.romaoggi.eu\\\/#\\\/schema\\\/person\\\/1ec8ab015e67a2efdfc9c021043dc1bb\"},\"headline\":\"Variet\u00e0, equilibrio, moderazione: tre parole per il\u00a0successo di una dieta\u00a0\",\"datePublished\":\"2019-07-17T11:48:01+00:00\",\"dateModified\":\"2022-09-19T11:28:05+00:00\",\"mainEntityOfPage\":{\"@id\":\"https:\\\/\\\/www.romaoggi.eu\\\/index.php\\\/2019\\\/07\\\/17\\\/varieta-equilibrio-moderazione-tre-parole-per-il-successo-di-una-dieta\\\/\"},\"wordCount\":615,\"publisher\":{\"@id\":\"https:\\\/\\\/www.romaoggi.eu\\\/#organization\"},\"image\":{\"@id\":\"https:\\\/\\\/www.romaoggi.eu\\\/index.php\\\/2019\\\/07\\\/17\\\/varieta-equilibrio-moderazione-tre-parole-per-il-successo-di-una-dieta\\\/#primaryimage\"},\"thumbnailUrl\":\"https:\\\/\\\/www.romaoggi.eu\\\/wp-content\\\/uploads\\\/2019\\\/07\\\/per-copertna-articolo.jpg\",\"keywords\":[\"alimentazione\",\"calorie\",\"chiave\",\"Cibo\",\"coach alimentare\",\"dieta\",\"emanuela scanu\",\"equilibrio\",\"esimmagine\",\"frigorifero\",\"moderazione\"],\"articleSection\":[\"Mind&amp;Food di Emanuela Scanu\"],\"inLanguage\":\"it-IT\"},{\"@type\":\"WebPage\",\"@id\":\"https:\\\/\\\/www.romaoggi.eu\\\/index.php\\\/2019\\\/07\\\/17\\\/varieta-equilibrio-moderazione-tre-parole-per-il-successo-di-una-dieta\\\/\",\"url\":\"https:\\\/\\\/www.romaoggi.eu\\\/index.php\\\/2019\\\/07\\\/17\\\/varieta-equilibrio-moderazione-tre-parole-per-il-successo-di-una-dieta\\\/\",\"name\":\"Variet\u00e0, equilibrio, moderazione: tre parole per il\u00a0successo di una dieta\u00a0\",\"isPartOf\":{\"@id\":\"https:\\\/\\\/www.romaoggi.eu\\\/#website\"},\"primaryImageOfPage\":{\"@id\":\"https:\\\/\\\/www.romaoggi.eu\\\/index.php\\\/2019\\\/07\\\/17\\\/varieta-equilibrio-moderazione-tre-parole-per-il-successo-di-una-dieta\\\/#primaryimage\"},\"image\":{\"@id\":\"https:\\\/\\\/www.romaoggi.eu\\\/index.php\\\/2019\\\/07\\\/17\\\/varieta-equilibrio-moderazione-tre-parole-per-il-successo-di-una-dieta\\\/#primaryimage\"},\"thumbnailUrl\":\"https:\\\/\\\/www.romaoggi.eu\\\/wp-content\\\/uploads\\\/2019\\\/07\\\/per-copertna-articolo.jpg\",\"datePublished\":\"2019-07-17T11:48:01+00:00\",\"dateModified\":\"2022-09-19T11:28:05+00:00\",\"description\":\"Variet\u00e0, equilibrio e moderazione: le tre parole chiave per il\u00a0 successo di una dieta.\u00a0 Quando si parla di dieta il senso comune associa il termine ad una\",\"breadcrumb\":{\"@id\":\"https:\\\/\\\/www.romaoggi.eu\\\/index.php\\\/2019\\\/07\\\/17\\\/varieta-equilibrio-moderazione-tre-parole-per-il-successo-di-una-dieta\\\/#breadcrumb\"},\"inLanguage\":\"it-IT\",\"potentialAction\":[{\"@type\":\"ReadAction\",\"target\":[\"https:\\\/\\\/www.romaoggi.eu\\\/index.php\\\/2019\\\/07\\\/17\\\/varieta-equilibrio-moderazione-tre-parole-per-il-successo-di-una-dieta\\\/\"]}]},{\"@type\":\"ImageObject\",\"inLanguage\":\"it-IT\",\"@id\":\"https:\\\/\\\/www.romaoggi.eu\\\/index.php\\\/2019\\\/07\\\/17\\\/varieta-equilibrio-moderazione-tre-parole-per-il-successo-di-una-dieta\\\/#primaryimage\",\"url\":\"https:\\\/\\\/www.romaoggi.eu\\\/wp-content\\\/uploads\\\/2019\\\/07\\\/per-copertna-articolo.jpg\",\"contentUrl\":\"https:\\\/\\\/www.romaoggi.eu\\\/wp-content\\\/uploads\\\/2019\\\/07\\\/per-copertna-articolo.jpg\",\"width\":747,\"height\":556,\"caption\":\"Dott.ssa Emanuela Scanu\"},{\"@type\":\"BreadcrumbList\",\"@id\":\"https:\\\/\\\/www.romaoggi.eu\\\/index.php\\\/2019\\\/07\\\/17\\\/varieta-equilibrio-moderazione-tre-parole-per-il-successo-di-una-dieta\\\/#breadcrumb\",\"itemListElement\":[{\"@type\":\"ListItem\",\"position\":1,\"name\":\"Home\",\"item\":\"https:\\\/\\\/www.romaoggi.eu\\\/\"},{\"@type\":\"ListItem\",\"position\":2,\"name\":\"Variet\u00e0, equilibrio, moderazione: tre parole per il\u00a0successo di una dieta\u00a0\"}]},{\"@type\":\"WebSite\",\"@id\":\"https:\\\/\\\/www.romaoggi.eu\\\/#website\",\"url\":\"https:\\\/\\\/www.romaoggi.eu\\\/\",\"name\":\"roma oggi\",\"description\":\"Interesting News for Interesting people\",\"publisher\":{\"@id\":\"https:\\\/\\\/www.romaoggi.eu\\\/#organization\"},\"potentialAction\":[{\"@type\":\"SearchAction\",\"target\":{\"@type\":\"EntryPoint\",\"urlTemplate\":\"https:\\\/\\\/www.romaoggi.eu\\\/?s={search_term_string}\"},\"query-input\":{\"@type\":\"PropertyValueSpecification\",\"valueRequired\":true,\"valueName\":\"search_term_string\"}}],\"inLanguage\":\"it-IT\"},{\"@type\":\"Organization\",\"@id\":\"https:\\\/\\\/www.romaoggi.eu\\\/#organization\",\"name\":\"RomaOggi\",\"url\":\"https:\\\/\\\/www.romaoggi.eu\\\/\",\"logo\":{\"@type\":\"ImageObject\",\"inLanguage\":\"it-IT\",\"@id\":\"https:\\\/\\\/www.romaoggi.eu\\\/#\\\/schema\\\/logo\\\/image\\\/\",\"url\":\"https:\\\/\\\/www.romaoggi.eu\\\/wp-content\\\/uploads\\\/2017\\\/04\\\/logowp.jpg\",\"contentUrl\":\"https:\\\/\\\/www.romaoggi.eu\\\/wp-content\\\/uploads\\\/2017\\\/04\\\/logowp.jpg\",\"width\":300,\"height\":133,\"caption\":\"RomaOggi\"},\"image\":{\"@id\":\"https:\\\/\\\/www.romaoggi.eu\\\/#\\\/schema\\\/logo\\\/image\\\/\"},\"sameAs\":[\"https:\\\/\\\/www.facebook.com\\\/RomaOggi-841544845954114\",\"https:\\\/\\\/x.com\\\/romaoggi_eu\"]},{\"@type\":\"Person\",\"@id\":\"https:\\\/\\\/www.romaoggi.eu\\\/#\\\/schema\\\/person\\\/1ec8ab015e67a2efdfc9c021043dc1bb\",\"name\":\"Emanuela Scanu\",\"image\":{\"@type\":\"ImageObject\",\"inLanguage\":\"it-IT\",\"@id\":\"https:\\\/\\\/secure.gravatar.com\\\/avatar\\\/39bacfd625ef91a3711b21879f0e8cb1a68afc8d5bdcf92d10a6da6ee9245f23?s=96&d=mm&r=g\",\"url\":\"https:\\\/\\\/secure.gravatar.com\\\/avatar\\\/39bacfd625ef91a3711b21879f0e8cb1a68afc8d5bdcf92d10a6da6ee9245f23?s=96&d=mm&r=g\",\"contentUrl\":\"https:\\\/\\\/secure.gravatar.com\\\/avatar\\\/39bacfd625ef91a3711b21879f0e8cb1a68afc8d5bdcf92d10a6da6ee9245f23?s=96&d=mm&r=g\",\"caption\":\"Emanuela Scanu\"},\"url\":\"https:\\\/\\\/www.romaoggi.eu\\\/index.php\\\/author\\\/emanuela\\\/\"}]}<\/script>\n<!-- \/ Yoast SEO plugin. -->","yoast_head_json":{"title":"Variet\u00e0, equilibrio, moderazione: tre parole per il\u00a0successo di una dieta\u00a0","description":"Variet\u00e0, equilibrio e moderazione: le tre parole chiave per il\u00a0 successo di una dieta.\u00a0 Quando si parla di dieta il senso comune associa il termine ad una","robots":{"index":"index","follow":"follow","max-snippet":"max-snippet:-1","max-image-preview":"max-image-preview:large","max-video-preview":"max-video-preview:-1"},"canonical":"https:\/\/www.romaoggi.eu\/index.php\/2019\/07\/17\/varieta-equilibrio-moderazione-tre-parole-per-il-successo-di-una-dieta\/","og_locale":"it_IT","og_type":"article","og_title":"Variet\u00e0, equilibrio, moderazione: tre parole per il\u00a0successo di una dieta\u00a0","og_description":"Variet\u00e0, equilibrio e moderazione: le tre parole chiave per il\u00a0 successo di una dieta.\u00a0 Quando si parla di dieta il senso comune associa il termine ad una","og_url":"https:\/\/www.romaoggi.eu\/index.php\/2019\/07\/17\/varieta-equilibrio-moderazione-tre-parole-per-il-successo-di-una-dieta\/","og_site_name":"roma oggi","article_publisher":"https:\/\/www.facebook.com\/RomaOggi-841544845954114","article_published_time":"2019-07-17T11:48:01+00:00","article_modified_time":"2022-09-19T11:28:05+00:00","og_image":[{"width":747,"height":556,"url":"https:\/\/www.romaoggi.eu\/wp-content\/uploads\/2019\/07\/per-copertna-articolo.jpg","type":"image\/jpeg"}],"author":"Emanuela Scanu","twitter_card":"summary_large_image","twitter_creator":"@romaoggi_eu","twitter_site":"@romaoggi_eu","twitter_misc":{"Scritto da":"Emanuela Scanu","Tempo di lettura stimato":"4 minuti"},"schema":{"@context":"https:\/\/schema.org","@graph":[{"@type":"Article","@id":"https:\/\/www.romaoggi.eu\/index.php\/2019\/07\/17\/varieta-equilibrio-moderazione-tre-parole-per-il-successo-di-una-dieta\/#article","isPartOf":{"@id":"https:\/\/www.romaoggi.eu\/index.php\/2019\/07\/17\/varieta-equilibrio-moderazione-tre-parole-per-il-successo-di-una-dieta\/"},"author":{"name":"Emanuela Scanu","@id":"https:\/\/www.romaoggi.eu\/#\/schema\/person\/1ec8ab015e67a2efdfc9c021043dc1bb"},"headline":"Variet\u00e0, equilibrio, moderazione: tre parole per il\u00a0successo di una dieta\u00a0","datePublished":"2019-07-17T11:48:01+00:00","dateModified":"2022-09-19T11:28:05+00:00","mainEntityOfPage":{"@id":"https:\/\/www.romaoggi.eu\/index.php\/2019\/07\/17\/varieta-equilibrio-moderazione-tre-parole-per-il-successo-di-una-dieta\/"},"wordCount":615,"publisher":{"@id":"https:\/\/www.romaoggi.eu\/#organization"},"image":{"@id":"https:\/\/www.romaoggi.eu\/index.php\/2019\/07\/17\/varieta-equilibrio-moderazione-tre-parole-per-il-successo-di-una-dieta\/#primaryimage"},"thumbnailUrl":"https:\/\/www.romaoggi.eu\/wp-content\/uploads\/2019\/07\/per-copertna-articolo.jpg","keywords":["alimentazione","calorie","chiave","Cibo","coach alimentare","dieta","emanuela scanu","equilibrio","esimmagine","frigorifero","moderazione"],"articleSection":["Mind&amp;Food di Emanuela Scanu"],"inLanguage":"it-IT"},{"@type":"WebPage","@id":"https:\/\/www.romaoggi.eu\/index.php\/2019\/07\/17\/varieta-equilibrio-moderazione-tre-parole-per-il-successo-di-una-dieta\/","url":"https:\/\/www.romaoggi.eu\/index.php\/2019\/07\/17\/varieta-equilibrio-moderazione-tre-parole-per-il-successo-di-una-dieta\/","name":"Variet\u00e0, equilibrio, moderazione: tre parole per il\u00a0successo di una dieta\u00a0","isPartOf":{"@id":"https:\/\/www.romaoggi.eu\/#website"},"primaryImageOfPage":{"@id":"https:\/\/www.romaoggi.eu\/index.php\/2019\/07\/17\/varieta-equilibrio-moderazione-tre-parole-per-il-successo-di-una-dieta\/#primaryimage"},"image":{"@id":"https:\/\/www.romaoggi.eu\/index.php\/2019\/07\/17\/varieta-equilibrio-moderazione-tre-parole-per-il-successo-di-una-dieta\/#primaryimage"},"thumbnailUrl":"https:\/\/www.romaoggi.eu\/wp-content\/uploads\/2019\/07\/per-copertna-articolo.jpg","datePublished":"2019-07-17T11:48:01+00:00","dateModified":"2022-09-19T11:28:05+00:00","description":"Variet\u00e0, equilibrio e moderazione: le tre parole chiave per il\u00a0 successo di una dieta.\u00a0 Quando si parla di dieta il senso comune associa il termine ad una","breadcrumb":{"@id":"https:\/\/www.romaoggi.eu\/index.php\/2019\/07\/17\/varieta-equilibrio-moderazione-tre-parole-per-il-successo-di-una-dieta\/#breadcrumb"},"inLanguage":"it-IT","potentialAction":[{"@type":"ReadAction","target":["https:\/\/www.romaoggi.eu\/index.php\/2019\/07\/17\/varieta-equilibrio-moderazione-tre-parole-per-il-successo-di-una-dieta\/"]}]},{"@type":"ImageObject","inLanguage":"it-IT","@id":"https:\/\/www.romaoggi.eu\/index.php\/2019\/07\/17\/varieta-equilibrio-moderazione-tre-parole-per-il-successo-di-una-dieta\/#primaryimage","url":"https:\/\/www.romaoggi.eu\/wp-content\/uploads\/2019\/07\/per-copertna-articolo.jpg","contentUrl":"https:\/\/www.romaoggi.eu\/wp-content\/uploads\/2019\/07\/per-copertna-articolo.jpg","width":747,"height":556,"caption":"Dott.ssa Emanuela Scanu"},{"@type":"BreadcrumbList","@id":"https:\/\/www.romaoggi.eu\/index.php\/2019\/07\/17\/varieta-equilibrio-moderazione-tre-parole-per-il-successo-di-una-dieta\/#breadcrumb","itemListElement":[{"@type":"ListItem","position":1,"name":"Home","item":"https:\/\/www.romaoggi.eu\/"},{"@type":"ListItem","position":2,"name":"Variet\u00e0, equilibrio, moderazione: tre parole per il\u00a0successo di una dieta\u00a0"}]},{"@type":"WebSite","@id":"https:\/\/www.romaoggi.eu\/#website","url":"https:\/\/www.romaoggi.eu\/","name":"roma oggi","description":"Interesting News for Interesting people","publisher":{"@id":"https:\/\/www.romaoggi.eu\/#organization"},"potentialAction":[{"@type":"SearchAction","target":{"@type":"EntryPoint","urlTemplate":"https:\/\/www.romaoggi.eu\/?s={search_term_string}"},"query-input":{"@type":"PropertyValueSpecification","valueRequired":true,"valueName":"search_term_string"}}],"inLanguage":"it-IT"},{"@type":"Organization","@id":"https:\/\/www.romaoggi.eu\/#organization","name":"RomaOggi","url":"https:\/\/www.romaoggi.eu\/","logo":{"@type":"ImageObject","inLanguage":"it-IT","@id":"https:\/\/www.romaoggi.eu\/#\/schema\/logo\/image\/","url":"https:\/\/www.romaoggi.eu\/wp-content\/uploads\/2017\/04\/logowp.jpg","contentUrl":"https:\/\/www.romaoggi.eu\/wp-content\/uploads\/2017\/04\/logowp.jpg","width":300,"height":133,"caption":"RomaOggi"},"image":{"@id":"https:\/\/www.romaoggi.eu\/#\/schema\/logo\/image\/"},"sameAs":["https:\/\/www.facebook.com\/RomaOggi-841544845954114","https:\/\/x.com\/romaoggi_eu"]},{"@type":"Person","@id":"https:\/\/www.romaoggi.eu\/#\/schema\/person\/1ec8ab015e67a2efdfc9c021043dc1bb","name":"Emanuela Scanu","image":{"@type":"ImageObject","inLanguage":"it-IT","@id":"https:\/\/secure.gravatar.com\/avatar\/39bacfd625ef91a3711b21879f0e8cb1a68afc8d5bdcf92d10a6da6ee9245f23?s=96&d=mm&r=g","url":"https:\/\/secure.gravatar.com\/avatar\/39bacfd625ef91a3711b21879f0e8cb1a68afc8d5bdcf92d10a6da6ee9245f23?s=96&d=mm&r=g","contentUrl":"https:\/\/secure.gravatar.com\/avatar\/39bacfd625ef91a3711b21879f0e8cb1a68afc8d5bdcf92d10a6da6ee9245f23?s=96&d=mm&r=g","caption":"Emanuela Scanu"},"url":"https:\/\/www.romaoggi.eu\/index.php\/author\/emanuela\/"}]}},"_links":{"self":[{"href":"https:\/\/www.romaoggi.eu\/index.php\/wp-json\/wp\/v2\/posts\/22307","targetHints":{"allow":["GET"]}}],"collection":[{"href":"https:\/\/www.romaoggi.eu\/index.php\/wp-json\/wp\/v2\/posts"}],"about":[{"href":"https:\/\/www.romaoggi.eu\/index.php\/wp-json\/wp\/v2\/types\/post"}],"author":[{"embeddable":true,"href":"https:\/\/www.romaoggi.eu\/index.php\/wp-json\/wp\/v2\/users\/15"}],"replies":[{"embeddable":true,"href":"https:\/\/www.romaoggi.eu\/index.php\/wp-json\/wp\/v2\/comments?post=22307"}],"version-history":[{"count":5,"href":"https:\/\/www.romaoggi.eu\/index.php\/wp-json\/wp\/v2\/posts\/22307\/revisions"}],"predecessor-version":[{"id":33758,"href":"https:\/\/www.romaoggi.eu\/index.php\/wp-json\/wp\/v2\/posts\/22307\/revisions\/33758"}],"wp:featuredmedia":[{"embeddable":true,"href":"https:\/\/www.romaoggi.eu\/index.php\/wp-json\/wp\/v2\/media\/22311"}],"wp:attachment":[{"href":"https:\/\/www.romaoggi.eu\/index.php\/wp-json\/wp\/v2\/media?parent=22307"}],"wp:term":[{"taxonomy":"category","embeddable":true,"href":"https:\/\/www.romaoggi.eu\/index.php\/wp-json\/wp\/v2\/categories?post=22307"},{"taxonomy":"post_tag","embeddable":true,"href":"https:\/\/www.romaoggi.eu\/index.php\/wp-json\/wp\/v2\/tags?post=22307"}],"curies":[{"name":"wp","href":"https:\/\/api.w.org\/{rel}","templated":true}]}}