{"id":22407,"date":"2019-08-09T12:49:48","date_gmt":"2019-08-09T10:49:48","guid":{"rendered":"http:\/\/www.romaoggi.eu\/?p=22407"},"modified":"2019-10-15T15:58:19","modified_gmt":"2019-10-15T13:58:19","slug":"luigi-gattinara-direttore-triennale-di-fotografia-da-matera-a-biennale-milano","status":"publish","type":"post","link":"https:\/\/www.romaoggi.eu\/index.php\/2019\/08\/09\/luigi-gattinara-direttore-triennale-di-fotografia-da-matera-a-biennale-milano\/","title":{"rendered":"Luigi Gattinara, direttore Triennale di Fotografia, da Matera a Biennale Milano\u00a0"},"content":{"rendered":"<p style=\"text-align: justify;\">I sassi di Matera incontrano la mostra Luci e ombre di <strong>Luigi Gattinara<\/strong> da <strong>sabato 3 <\/strong>a<strong> venerd\u00ec 16 agosto.<\/strong><\/p>\n<p style=\"text-align: justify;\">\u00c8 cos\u00ec che il direttore della Triennale della Fotografia, che a ottobre prender\u00e0 parte, in qualit\u00e0 di ospite illustre, all\u2019esposizione internazionale <a href=\"http:\/\/www.biennalemilano.it\/\">Biennale Milano<\/a>, presentata da <strong>Vittorio Sgarbi<\/strong> al Brera Site (via delle Erbe, 2) a Milano, illuminer\u00e0 con le sue fotografie d\u2019arte la capitale europea della cultura.<\/p>\n<p><img loading=\"lazy\" decoding=\"async\" class=\"aligncenter wp-image-22409 size-large\" src=\"https:\/\/www.romaoggi.eu\/wp-content\/uploads\/2019\/08\/20190726_172400-1024x576.jpg\" alt=\"alt tag Luigi Gattinara\" width=\"1024\" height=\"576\" srcset=\"https:\/\/www.romaoggi.eu\/wp-content\/uploads\/2019\/08\/20190726_172400-1024x576.jpg 1024w, https:\/\/www.romaoggi.eu\/wp-content\/uploads\/2019\/08\/20190726_172400-300x169.jpg 300w, https:\/\/www.romaoggi.eu\/wp-content\/uploads\/2019\/08\/20190726_172400-678x381.jpg 678w\" sizes=\"auto, (max-width: 1024px) 100vw, 1024px\" \/><\/p>\n<p style=\"text-align: justify;\"><strong>Luigi Gattinara<\/strong> \u00e8 conosciuto per le sue rivisitazioni della natura morta, che, riprendendo la maniera dei pittori olandesi del XVII secolo e il contrasto chiaroscurale di Caravaggio, trasformano, attraverso l\u2019obiettivo, la realt\u00e0 in forma d\u2019arte. Il fascino inconfondibile dei suoi scatti risiede nella morbidezza con cui la luce si posa sui soggetti, tale da rendere l\u2019immagine simile a un dipinto. La rievocazione di una storia culturale, di una storia artistica che non deve essere dimenticata, diviene un messaggio sotteso alle sue opere, che parlano di una bellezza trasformatrice. Gli oggetti divengono immagine. Parigi, Berlino, New York, Singapore, Tokyo sono solo alcune delle citt\u00e0 in cui Luigi Gattinara espone da oltre 40 anni. Fondatore e presidente della Triennale della Fotografia Italiana, il Maestro Gattinara parte cos\u00ec alla volta di Matera per questa pausa estiva, pronto per calarsi poi nella realt\u00e0 di Milano, dove lo attende la Biennale. Organizzata dal curatore di mostre e grandi eventi <a href=\"https:\/\/www.romaoggi.eu\/index.php\/2019\/08\/08\/vittorio-sgarbi-cerca-artisti-per-la-biennale-milano-10-14-ottobre\/\"><strong>Salvo Nugnes<\/strong><\/a>, la rassegna godr\u00e0 di cinque giorni di incontri ed eventi in nome dell\u2019arte e della cultura e, fin da ora, di un\u2019enorme visibilit\u00e0. Tra gli ospiti attesi, il sociologo di fama mondiale <strong>Francesco Alberoni<\/strong>, il cantautore <strong>Morgan<\/strong>, il direttore del TgCom <strong>Paolo Liguori<\/strong>, il cantautore <strong>Edoardo Bennato<\/strong>, il soprano <strong>Katia Ricciarelli<\/strong> e molti altri.<\/p>\n<p><a href=\"https:\/\/www.romaoggi.eu\/index.php\/2019\/08\/08\/vittorio-sgarbi-cerca-artisti-per-la-biennale-milano-10-14-ottobre\/\"><strong>Redazione<\/strong><\/a><\/p>\n","protected":false},"excerpt":{"rendered":"<div class=\"mh-excerpt\"><p>I sassi di Matera incontrano la mostra Luci e ombre di Luigi Gattinara da sabato 3 a venerd\u00ec 16 agosto. \u00c8 cos\u00ec che il direttore della Triennale della Fotografia, che a ottobre prender\u00e0 parte, in <a class=\"mh-excerpt-more\" href=\"https:\/\/www.romaoggi.eu\/index.php\/2019\/08\/09\/luigi-gattinara-direttore-triennale-di-fotografia-da-matera-a-biennale-milano\/\" title=\"Luigi Gattinara, direttore Triennale di Fotografia, da Matera a Biennale Milano\u00a0\">[&#8230;]<\/a><\/p>\n<\/div>","protected":false},"author":1,"featured_media":22408,"comment_status":"closed","ping_status":"open","sticky":false,"template":"","format":"standard","meta":{"_sitemap_exclude":false,"_sitemap_priority":"","_sitemap_frequency":"","footnotes":""},"categories":[74],"tags":[1610,13063,6130,12929,5834,13066,7183,13065,13067,10441,9366],"class_list":["post-22407","post","type-post","status-publish","format-standard","has-post-thumbnail","hentry","category-mostre","tag-arte","tag-biennale-milano","tag-edoardo-bennato","tag-francesco-alberoni","tag-katia-ricciarelli","tag-luigi-gattinara","tag-matera","tag-morgan","tag-paolo-liguori","tag-salvo-nugnes","tag-vittorio-sgarbi"],"yoast_head":"<!-- This site is optimized with the Yoast SEO plugin v27.5 - https:\/\/yoast.com\/product\/yoast-seo-wordpress\/ -->\n<title>Luigi Gattinara, direttore Triennale di Fotografia, da Matera a Biennale Milano\u00a0<\/title>\n<meta name=\"description\" content=\"I sassi di Matera incontrano la mostra Luci e ombre di Luigi Gattinara da sabato 3 a venerd\u00ec 16 agosto. \u00c8 cos\u00ec che il direttore della Triennale della\" \/>\n<meta name=\"robots\" content=\"index, follow, max-snippet:-1, max-image-preview:large, max-video-preview:-1\" \/>\n<link rel=\"canonical\" href=\"https:\/\/www.romaoggi.eu\/index.php\/2019\/08\/09\/luigi-gattinara-direttore-triennale-di-fotografia-da-matera-a-biennale-milano\/\" \/>\n<meta property=\"og:locale\" content=\"it_IT\" \/>\n<meta property=\"og:type\" content=\"article\" \/>\n<meta property=\"og:title\" content=\"Luigi Gattinara, direttore Triennale di Fotografia, da Matera a Biennale Milano\u00a0\" \/>\n<meta property=\"og:description\" content=\"I sassi di Matera incontrano la mostra Luci e ombre di Luigi Gattinara da sabato 3 a venerd\u00ec 16 agosto. \u00c8 cos\u00ec che il direttore della Triennale della\" \/>\n<meta property=\"og:url\" content=\"https:\/\/www.romaoggi.eu\/index.php\/2019\/08\/09\/luigi-gattinara-direttore-triennale-di-fotografia-da-matera-a-biennale-milano\/\" \/>\n<meta property=\"og:site_name\" content=\"roma oggi\" \/>\n<meta property=\"article:publisher\" content=\"https:\/\/www.facebook.com\/RomaOggi-841544845954114\" \/>\n<meta property=\"article:published_time\" content=\"2019-08-09T10:49:48+00:00\" \/>\n<meta property=\"article:modified_time\" content=\"2019-10-15T13:58:19+00:00\" \/>\n<meta property=\"og:image\" content=\"https:\/\/www.romaoggi.eu\/wp-content\/uploads\/2019\/08\/20190726_184704.jpg\" \/>\n\t<meta property=\"og:image:width\" content=\"4032\" \/>\n\t<meta property=\"og:image:height\" content=\"2268\" \/>\n\t<meta property=\"og:image:type\" content=\"image\/jpeg\" \/>\n<meta name=\"author\" content=\"admin\" \/>\n<meta name=\"twitter:card\" content=\"summary_large_image\" \/>\n<meta name=\"twitter:creator\" content=\"@romaoggi_eu\" \/>\n<meta name=\"twitter:site\" content=\"@romaoggi_eu\" \/>\n<meta name=\"twitter:label1\" content=\"Scritto da\" \/>\n\t<meta name=\"twitter:data1\" content=\"admin\" \/>\n\t<meta name=\"twitter:label2\" content=\"Tempo di lettura stimato\" \/>\n\t<meta name=\"twitter:data2\" content=\"1 minuto\" \/>\n<script type=\"application\/ld+json\" class=\"yoast-schema-graph\">{\"@context\":\"https:\\\/\\\/schema.org\",\"@graph\":[{\"@type\":\"Article\",\"@id\":\"https:\\\/\\\/www.romaoggi.eu\\\/index.php\\\/2019\\\/08\\\/09\\\/luigi-gattinara-direttore-triennale-di-fotografia-da-matera-a-biennale-milano\\\/#article\",\"isPartOf\":{\"@id\":\"https:\\\/\\\/www.romaoggi.eu\\\/index.php\\\/2019\\\/08\\\/09\\\/luigi-gattinara-direttore-triennale-di-fotografia-da-matera-a-biennale-milano\\\/\"},\"author\":{\"name\":\"admin\",\"@id\":\"https:\\\/\\\/www.romaoggi.eu\\\/#\\\/schema\\\/person\\\/9b23ceb6a2992a25e98c76a5f1fbb887\"},\"headline\":\"Luigi Gattinara, direttore Triennale di Fotografia, da Matera a Biennale Milano\u00a0\",\"datePublished\":\"2019-08-09T10:49:48+00:00\",\"dateModified\":\"2019-10-15T13:58:19+00:00\",\"mainEntityOfPage\":{\"@id\":\"https:\\\/\\\/www.romaoggi.eu\\\/index.php\\\/2019\\\/08\\\/09\\\/luigi-gattinara-direttore-triennale-di-fotografia-da-matera-a-biennale-milano\\\/\"},\"wordCount\":290,\"publisher\":{\"@id\":\"https:\\\/\\\/www.romaoggi.eu\\\/#organization\"},\"image\":{\"@id\":\"https:\\\/\\\/www.romaoggi.eu\\\/index.php\\\/2019\\\/08\\\/09\\\/luigi-gattinara-direttore-triennale-di-fotografia-da-matera-a-biennale-milano\\\/#primaryimage\"},\"thumbnailUrl\":\"https:\\\/\\\/www.romaoggi.eu\\\/wp-content\\\/uploads\\\/2019\\\/08\\\/20190726_184704.jpg\",\"keywords\":[\"arte\",\"Biennale Milano\",\"Edoardo Bennato\",\"francesco alberoni\",\"Katia Ricciarelli\",\"Luigi Gattinara\",\"Matera\",\"MORGAN\",\"paolo liguori\",\"salvo nugnes\",\"vittorio sgarbi\"],\"articleSection\":[\"Mostre\"],\"inLanguage\":\"it-IT\"},{\"@type\":\"WebPage\",\"@id\":\"https:\\\/\\\/www.romaoggi.eu\\\/index.php\\\/2019\\\/08\\\/09\\\/luigi-gattinara-direttore-triennale-di-fotografia-da-matera-a-biennale-milano\\\/\",\"url\":\"https:\\\/\\\/www.romaoggi.eu\\\/index.php\\\/2019\\\/08\\\/09\\\/luigi-gattinara-direttore-triennale-di-fotografia-da-matera-a-biennale-milano\\\/\",\"name\":\"Luigi Gattinara, direttore Triennale di Fotografia, da Matera a Biennale Milano\u00a0\",\"isPartOf\":{\"@id\":\"https:\\\/\\\/www.romaoggi.eu\\\/#website\"},\"primaryImageOfPage\":{\"@id\":\"https:\\\/\\\/www.romaoggi.eu\\\/index.php\\\/2019\\\/08\\\/09\\\/luigi-gattinara-direttore-triennale-di-fotografia-da-matera-a-biennale-milano\\\/#primaryimage\"},\"image\":{\"@id\":\"https:\\\/\\\/www.romaoggi.eu\\\/index.php\\\/2019\\\/08\\\/09\\\/luigi-gattinara-direttore-triennale-di-fotografia-da-matera-a-biennale-milano\\\/#primaryimage\"},\"thumbnailUrl\":\"https:\\\/\\\/www.romaoggi.eu\\\/wp-content\\\/uploads\\\/2019\\\/08\\\/20190726_184704.jpg\",\"datePublished\":\"2019-08-09T10:49:48+00:00\",\"dateModified\":\"2019-10-15T13:58:19+00:00\",\"description\":\"I sassi di Matera incontrano la mostra Luci e ombre di Luigi Gattinara da sabato 3 a venerd\u00ec 16 agosto. \u00c8 cos\u00ec che il direttore della Triennale della\",\"breadcrumb\":{\"@id\":\"https:\\\/\\\/www.romaoggi.eu\\\/index.php\\\/2019\\\/08\\\/09\\\/luigi-gattinara-direttore-triennale-di-fotografia-da-matera-a-biennale-milano\\\/#breadcrumb\"},\"inLanguage\":\"it-IT\",\"potentialAction\":[{\"@type\":\"ReadAction\",\"target\":[\"https:\\\/\\\/www.romaoggi.eu\\\/index.php\\\/2019\\\/08\\\/09\\\/luigi-gattinara-direttore-triennale-di-fotografia-da-matera-a-biennale-milano\\\/\"]}]},{\"@type\":\"ImageObject\",\"inLanguage\":\"it-IT\",\"@id\":\"https:\\\/\\\/www.romaoggi.eu\\\/index.php\\\/2019\\\/08\\\/09\\\/luigi-gattinara-direttore-triennale-di-fotografia-da-matera-a-biennale-milano\\\/#primaryimage\",\"url\":\"https:\\\/\\\/www.romaoggi.eu\\\/wp-content\\\/uploads\\\/2019\\\/08\\\/20190726_184704.jpg\",\"contentUrl\":\"https:\\\/\\\/www.romaoggi.eu\\\/wp-content\\\/uploads\\\/2019\\\/08\\\/20190726_184704.jpg\",\"width\":4032,\"height\":2268,\"caption\":\"alt tag Luigi Gattinara\"},{\"@type\":\"BreadcrumbList\",\"@id\":\"https:\\\/\\\/www.romaoggi.eu\\\/index.php\\\/2019\\\/08\\\/09\\\/luigi-gattinara-direttore-triennale-di-fotografia-da-matera-a-biennale-milano\\\/#breadcrumb\",\"itemListElement\":[{\"@type\":\"ListItem\",\"position\":1,\"name\":\"Home\",\"item\":\"https:\\\/\\\/www.romaoggi.eu\\\/\"},{\"@type\":\"ListItem\",\"position\":2,\"name\":\"Luigi Gattinara, direttore Triennale di Fotografia, da Matera a Biennale Milano\u00a0\"}]},{\"@type\":\"WebSite\",\"@id\":\"https:\\\/\\\/www.romaoggi.eu\\\/#website\",\"url\":\"https:\\\/\\\/www.romaoggi.eu\\\/\",\"name\":\"roma oggi\",\"description\":\"Interesting News for Interesting people\",\"publisher\":{\"@id\":\"https:\\\/\\\/www.romaoggi.eu\\\/#organization\"},\"potentialAction\":[{\"@type\":\"SearchAction\",\"target\":{\"@type\":\"EntryPoint\",\"urlTemplate\":\"https:\\\/\\\/www.romaoggi.eu\\\/?s={search_term_string}\"},\"query-input\":{\"@type\":\"PropertyValueSpecification\",\"valueRequired\":true,\"valueName\":\"search_term_string\"}}],\"inLanguage\":\"it-IT\"},{\"@type\":\"Organization\",\"@id\":\"https:\\\/\\\/www.romaoggi.eu\\\/#organization\",\"name\":\"RomaOggi\",\"url\":\"https:\\\/\\\/www.romaoggi.eu\\\/\",\"logo\":{\"@type\":\"ImageObject\",\"inLanguage\":\"it-IT\",\"@id\":\"https:\\\/\\\/www.romaoggi.eu\\\/#\\\/schema\\\/logo\\\/image\\\/\",\"url\":\"https:\\\/\\\/www.romaoggi.eu\\\/wp-content\\\/uploads\\\/2017\\\/04\\\/logowp.jpg\",\"contentUrl\":\"https:\\\/\\\/www.romaoggi.eu\\\/wp-content\\\/uploads\\\/2017\\\/04\\\/logowp.jpg\",\"width\":300,\"height\":133,\"caption\":\"RomaOggi\"},\"image\":{\"@id\":\"https:\\\/\\\/www.romaoggi.eu\\\/#\\\/schema\\\/logo\\\/image\\\/\"},\"sameAs\":[\"https:\\\/\\\/www.facebook.com\\\/RomaOggi-841544845954114\",\"https:\\\/\\\/x.com\\\/romaoggi_eu\"]},{\"@type\":\"Person\",\"@id\":\"https:\\\/\\\/www.romaoggi.eu\\\/#\\\/schema\\\/person\\\/9b23ceb6a2992a25e98c76a5f1fbb887\",\"name\":\"admin\",\"image\":{\"@type\":\"ImageObject\",\"inLanguage\":\"it-IT\",\"@id\":\"https:\\\/\\\/secure.gravatar.com\\\/avatar\\\/51b1e0a1f4159e3b5d89435fce5e1a348d6c59e2ff8c2d428dae75560aace504?s=96&d=mm&r=g\",\"url\":\"https:\\\/\\\/secure.gravatar.com\\\/avatar\\\/51b1e0a1f4159e3b5d89435fce5e1a348d6c59e2ff8c2d428dae75560aace504?s=96&d=mm&r=g\",\"contentUrl\":\"https:\\\/\\\/secure.gravatar.com\\\/avatar\\\/51b1e0a1f4159e3b5d89435fce5e1a348d6c59e2ff8c2d428dae75560aace504?s=96&d=mm&r=g\",\"caption\":\"admin\"},\"url\":\"https:\\\/\\\/www.romaoggi.eu\\\/index.php\\\/author\\\/admin\\\/\"}]}<\/script>\n<!-- \/ Yoast SEO plugin. -->","yoast_head_json":{"title":"Luigi Gattinara, direttore Triennale di Fotografia, da Matera a Biennale Milano\u00a0","description":"I sassi di Matera incontrano la mostra Luci e ombre di Luigi Gattinara da sabato 3 a venerd\u00ec 16 agosto. \u00c8 cos\u00ec che il direttore della Triennale della","robots":{"index":"index","follow":"follow","max-snippet":"max-snippet:-1","max-image-preview":"max-image-preview:large","max-video-preview":"max-video-preview:-1"},"canonical":"https:\/\/www.romaoggi.eu\/index.php\/2019\/08\/09\/luigi-gattinara-direttore-triennale-di-fotografia-da-matera-a-biennale-milano\/","og_locale":"it_IT","og_type":"article","og_title":"Luigi Gattinara, direttore Triennale di Fotografia, da Matera a Biennale Milano\u00a0","og_description":"I sassi di Matera incontrano la mostra Luci e ombre di Luigi Gattinara da sabato 3 a venerd\u00ec 16 agosto. \u00c8 cos\u00ec che il direttore della Triennale della","og_url":"https:\/\/www.romaoggi.eu\/index.php\/2019\/08\/09\/luigi-gattinara-direttore-triennale-di-fotografia-da-matera-a-biennale-milano\/","og_site_name":"roma oggi","article_publisher":"https:\/\/www.facebook.com\/RomaOggi-841544845954114","article_published_time":"2019-08-09T10:49:48+00:00","article_modified_time":"2019-10-15T13:58:19+00:00","og_image":[{"width":4032,"height":2268,"url":"https:\/\/www.romaoggi.eu\/wp-content\/uploads\/2019\/08\/20190726_184704.jpg","type":"image\/jpeg"}],"author":"admin","twitter_card":"summary_large_image","twitter_creator":"@romaoggi_eu","twitter_site":"@romaoggi_eu","twitter_misc":{"Scritto da":"admin","Tempo di lettura stimato":"1 minuto"},"schema":{"@context":"https:\/\/schema.org","@graph":[{"@type":"Article","@id":"https:\/\/www.romaoggi.eu\/index.php\/2019\/08\/09\/luigi-gattinara-direttore-triennale-di-fotografia-da-matera-a-biennale-milano\/#article","isPartOf":{"@id":"https:\/\/www.romaoggi.eu\/index.php\/2019\/08\/09\/luigi-gattinara-direttore-triennale-di-fotografia-da-matera-a-biennale-milano\/"},"author":{"name":"admin","@id":"https:\/\/www.romaoggi.eu\/#\/schema\/person\/9b23ceb6a2992a25e98c76a5f1fbb887"},"headline":"Luigi Gattinara, direttore Triennale di Fotografia, da Matera a Biennale Milano\u00a0","datePublished":"2019-08-09T10:49:48+00:00","dateModified":"2019-10-15T13:58:19+00:00","mainEntityOfPage":{"@id":"https:\/\/www.romaoggi.eu\/index.php\/2019\/08\/09\/luigi-gattinara-direttore-triennale-di-fotografia-da-matera-a-biennale-milano\/"},"wordCount":290,"publisher":{"@id":"https:\/\/www.romaoggi.eu\/#organization"},"image":{"@id":"https:\/\/www.romaoggi.eu\/index.php\/2019\/08\/09\/luigi-gattinara-direttore-triennale-di-fotografia-da-matera-a-biennale-milano\/#primaryimage"},"thumbnailUrl":"https:\/\/www.romaoggi.eu\/wp-content\/uploads\/2019\/08\/20190726_184704.jpg","keywords":["arte","Biennale Milano","Edoardo Bennato","francesco alberoni","Katia Ricciarelli","Luigi Gattinara","Matera","MORGAN","paolo liguori","salvo nugnes","vittorio sgarbi"],"articleSection":["Mostre"],"inLanguage":"it-IT"},{"@type":"WebPage","@id":"https:\/\/www.romaoggi.eu\/index.php\/2019\/08\/09\/luigi-gattinara-direttore-triennale-di-fotografia-da-matera-a-biennale-milano\/","url":"https:\/\/www.romaoggi.eu\/index.php\/2019\/08\/09\/luigi-gattinara-direttore-triennale-di-fotografia-da-matera-a-biennale-milano\/","name":"Luigi Gattinara, direttore Triennale di Fotografia, da Matera a Biennale Milano\u00a0","isPartOf":{"@id":"https:\/\/www.romaoggi.eu\/#website"},"primaryImageOfPage":{"@id":"https:\/\/www.romaoggi.eu\/index.php\/2019\/08\/09\/luigi-gattinara-direttore-triennale-di-fotografia-da-matera-a-biennale-milano\/#primaryimage"},"image":{"@id":"https:\/\/www.romaoggi.eu\/index.php\/2019\/08\/09\/luigi-gattinara-direttore-triennale-di-fotografia-da-matera-a-biennale-milano\/#primaryimage"},"thumbnailUrl":"https:\/\/www.romaoggi.eu\/wp-content\/uploads\/2019\/08\/20190726_184704.jpg","datePublished":"2019-08-09T10:49:48+00:00","dateModified":"2019-10-15T13:58:19+00:00","description":"I sassi di Matera incontrano la mostra Luci e ombre di Luigi Gattinara da sabato 3 a venerd\u00ec 16 agosto. \u00c8 cos\u00ec che il direttore della Triennale della","breadcrumb":{"@id":"https:\/\/www.romaoggi.eu\/index.php\/2019\/08\/09\/luigi-gattinara-direttore-triennale-di-fotografia-da-matera-a-biennale-milano\/#breadcrumb"},"inLanguage":"it-IT","potentialAction":[{"@type":"ReadAction","target":["https:\/\/www.romaoggi.eu\/index.php\/2019\/08\/09\/luigi-gattinara-direttore-triennale-di-fotografia-da-matera-a-biennale-milano\/"]}]},{"@type":"ImageObject","inLanguage":"it-IT","@id":"https:\/\/www.romaoggi.eu\/index.php\/2019\/08\/09\/luigi-gattinara-direttore-triennale-di-fotografia-da-matera-a-biennale-milano\/#primaryimage","url":"https:\/\/www.romaoggi.eu\/wp-content\/uploads\/2019\/08\/20190726_184704.jpg","contentUrl":"https:\/\/www.romaoggi.eu\/wp-content\/uploads\/2019\/08\/20190726_184704.jpg","width":4032,"height":2268,"caption":"alt tag Luigi Gattinara"},{"@type":"BreadcrumbList","@id":"https:\/\/www.romaoggi.eu\/index.php\/2019\/08\/09\/luigi-gattinara-direttore-triennale-di-fotografia-da-matera-a-biennale-milano\/#breadcrumb","itemListElement":[{"@type":"ListItem","position":1,"name":"Home","item":"https:\/\/www.romaoggi.eu\/"},{"@type":"ListItem","position":2,"name":"Luigi Gattinara, direttore Triennale di Fotografia, da Matera a Biennale Milano\u00a0"}]},{"@type":"WebSite","@id":"https:\/\/www.romaoggi.eu\/#website","url":"https:\/\/www.romaoggi.eu\/","name":"roma oggi","description":"Interesting News for Interesting people","publisher":{"@id":"https:\/\/www.romaoggi.eu\/#organization"},"potentialAction":[{"@type":"SearchAction","target":{"@type":"EntryPoint","urlTemplate":"https:\/\/www.romaoggi.eu\/?s={search_term_string}"},"query-input":{"@type":"PropertyValueSpecification","valueRequired":true,"valueName":"search_term_string"}}],"inLanguage":"it-IT"},{"@type":"Organization","@id":"https:\/\/www.romaoggi.eu\/#organization","name":"RomaOggi","url":"https:\/\/www.romaoggi.eu\/","logo":{"@type":"ImageObject","inLanguage":"it-IT","@id":"https:\/\/www.romaoggi.eu\/#\/schema\/logo\/image\/","url":"https:\/\/www.romaoggi.eu\/wp-content\/uploads\/2017\/04\/logowp.jpg","contentUrl":"https:\/\/www.romaoggi.eu\/wp-content\/uploads\/2017\/04\/logowp.jpg","width":300,"height":133,"caption":"RomaOggi"},"image":{"@id":"https:\/\/www.romaoggi.eu\/#\/schema\/logo\/image\/"},"sameAs":["https:\/\/www.facebook.com\/RomaOggi-841544845954114","https:\/\/x.com\/romaoggi_eu"]},{"@type":"Person","@id":"https:\/\/www.romaoggi.eu\/#\/schema\/person\/9b23ceb6a2992a25e98c76a5f1fbb887","name":"admin","image":{"@type":"ImageObject","inLanguage":"it-IT","@id":"https:\/\/secure.gravatar.com\/avatar\/51b1e0a1f4159e3b5d89435fce5e1a348d6c59e2ff8c2d428dae75560aace504?s=96&d=mm&r=g","url":"https:\/\/secure.gravatar.com\/avatar\/51b1e0a1f4159e3b5d89435fce5e1a348d6c59e2ff8c2d428dae75560aace504?s=96&d=mm&r=g","contentUrl":"https:\/\/secure.gravatar.com\/avatar\/51b1e0a1f4159e3b5d89435fce5e1a348d6c59e2ff8c2d428dae75560aace504?s=96&d=mm&r=g","caption":"admin"},"url":"https:\/\/www.romaoggi.eu\/index.php\/author\/admin\/"}]}},"_links":{"self":[{"href":"https:\/\/www.romaoggi.eu\/index.php\/wp-json\/wp\/v2\/posts\/22407","targetHints":{"allow":["GET"]}}],"collection":[{"href":"https:\/\/www.romaoggi.eu\/index.php\/wp-json\/wp\/v2\/posts"}],"about":[{"href":"https:\/\/www.romaoggi.eu\/index.php\/wp-json\/wp\/v2\/types\/post"}],"author":[{"embeddable":true,"href":"https:\/\/www.romaoggi.eu\/index.php\/wp-json\/wp\/v2\/users\/1"}],"replies":[{"embeddable":true,"href":"https:\/\/www.romaoggi.eu\/index.php\/wp-json\/wp\/v2\/comments?post=22407"}],"version-history":[{"count":3,"href":"https:\/\/www.romaoggi.eu\/index.php\/wp-json\/wp\/v2\/posts\/22407\/revisions"}],"predecessor-version":[{"id":22412,"href":"https:\/\/www.romaoggi.eu\/index.php\/wp-json\/wp\/v2\/posts\/22407\/revisions\/22412"}],"wp:featuredmedia":[{"embeddable":true,"href":"https:\/\/www.romaoggi.eu\/index.php\/wp-json\/wp\/v2\/media\/22408"}],"wp:attachment":[{"href":"https:\/\/www.romaoggi.eu\/index.php\/wp-json\/wp\/v2\/media?parent=22407"}],"wp:term":[{"taxonomy":"category","embeddable":true,"href":"https:\/\/www.romaoggi.eu\/index.php\/wp-json\/wp\/v2\/categories?post=22407"},{"taxonomy":"post_tag","embeddable":true,"href":"https:\/\/www.romaoggi.eu\/index.php\/wp-json\/wp\/v2\/tags?post=22407"}],"curies":[{"name":"wp","href":"https:\/\/api.w.org\/{rel}","templated":true}]}}