{"id":22423,"date":"2019-08-12T11:21:27","date_gmt":"2019-08-12T09:21:27","guid":{"rendered":"http:\/\/www.romaoggi.eu\/?p=22423"},"modified":"2019-08-12T11:27:14","modified_gmt":"2019-08-12T09:27:14","slug":"lestrattore-di-succo-per-stare-bene-e-perdere-peso-di-emanuela-scanu","status":"publish","type":"post","link":"https:\/\/www.romaoggi.eu\/index.php\/2019\/08\/12\/lestrattore-di-succo-per-stare-bene-e-perdere-peso-di-emanuela-scanu\/","title":{"rendered":"L\u2019Estrattore di succo per stare bene e perdere peso- di Emanuela Scanu"},"content":{"rendered":"<p style=\"text-align: justify;\"><span style=\"font-weight: 400;\">L\u2019Estrattore di succo per stare bene e perdere peso, consigli e utilizzo a cura della nostra esperta\u00a0 la dott.ssa <strong>Emanuela Scanu<\/strong>.<\/span><\/p>\n<p style=\"text-align: justify;\"><span style=\"font-weight: 400;\">Quando me lo hanno regalato\u00a0 ero un po&#8217; perplessa, ma devo dire che l\u2019ho rivalutato! A parte i quindici pezzi da smontare, lavare e riposizionare e non sempre ci riesco la prima volta, assaporare il succo appena estratto da frutta e verdura \u00e8 davvero fantastico e la parte laboriosa passa in secondo piano!<\/span><\/p>\n<p><img loading=\"lazy\" decoding=\"async\" class=\"aligncenter wp-image-22425 size-large\" src=\"https:\/\/www.romaoggi.eu\/wp-content\/uploads\/2019\/08\/foto-2-768x1024.jpg\" alt=\"alt tag estrattore di succo\" width=\"768\" height=\"1024\" srcset=\"https:\/\/www.romaoggi.eu\/wp-content\/uploads\/2019\/08\/foto-2-768x1024.jpg 768w, https:\/\/www.romaoggi.eu\/wp-content\/uploads\/2019\/08\/foto-2-225x300.jpg 225w\" sizes=\"auto, (max-width: 768px) 100vw, 768px\" \/><\/p>\n<p style=\"text-align: justify;\"><span style=\"font-weight: 400;\">Per qualcuno mangiare quelle quattro o cinque porzioni di frutta e verdura al giorno \u00e8 un po&#8217; difficile, ma specie d\u2019estate, complice una ricca variet\u00e0 di frutta ed ortaggi, utilizzare l\u2019estrattore pu\u00f2 portare molti benefici compresa la perdita di peso.<\/span><span style=\"font-weight: 400;\"> I succhi fatti con l\u2019estrattore sono veloci da preparare e forniscono un valido sostegno per garantire il giusto apporto nutrizionale e per controllare l\u2019appetito quando si \u00e8 a dieta. Il vantaggio principale \u00e8 che lavorano gli ingredienti senza denaturare le vitamine e i minerali di cui frutta e verdure sono ricchi. Prima di tutto \u00e8 necessaria una precisazione poich\u00e9 s<\/span><span style=\"font-weight: 400;\">ono molte le persone che utilizzano le parole\u00a0<\/span><b>estrattore di succo<\/b><span style=\"font-weight: 400;\">\u00a0e\u00a0<\/span><b>centrifuga<\/b><span style=\"font-weight: 400;\">\u00a0come fossero sinonimi. In realt\u00e0 si tratta di due oggetti diversi che assolvono a compiti differenti, anche se entrambi in genere si utilizzano per trattare la frutta e la verdura e ricavarne bevande o liquidi da utilizzare in cucina.<\/span><\/p>\n<p style=\"text-align: justify;\"><span style=\"font-weight: 400;\">In breve : l\u2019\u2019estrattore di succo\u00a0\u00e8 composto da una\u00a0coclea\u00a0che spreme la frutta e la verdura ricavandone il liquido, che viene in genere poi versato in un recipiente collegato al macchinario con una velocit\u00e0 che non va oltre i 100 giri al minuto. Viene considerato un macchinario a freddo poich\u00e9 non altera le sostanze e gli scarti sono notevolmente ridotti.<\/span><\/p>\n<p style=\"text-align: justify;\"><span style=\"font-weight: 400;\">La centrifuga invece ha una\u00a0lama, che pu\u00f2 essere regolata a velocit\u00e0 che raggiungono anche i 18.000 giri al minuto. Il calore prodotto dal movimento altera per\u00f2 le sostanze nutritive e vengono prodotti pi\u00f9 scarti rispetto a quelli rimasti nell\u2019estrattore.\u00a0<\/span><\/p>\n<p style=\"text-align: justify;\"><span style=\"font-weight: 400;\">In ogni caso il succo va bevuto immediatamente e non deve essere lasciato in frigorifero in quanto velocemente si alterano le preziose sostanze nutritive.<\/span><\/p>\n<p style=\"text-align: justify;\"><span style=\"font-weight: 400;\">Se avete la fortuna di possedere un estrattore potr\u00e0 rivelarsi anche un ottimo alleato per la linea preparando ottimi succhi detox utilizzando tanta frutta e verdura che in questa stagione troviamo in abbondanza e ben matura. Personalmente metto dentro anche qualche pezzetto di zenzero che dona un gusto \u201cfrizzante\u201d e fa bene. In estate l\u2019anguria \u00e8 fantastica con aggiunta di carote, kiwi e zenzero ed \u00e8 davvero dissetante quando torno dai miei allenamenti mattutini!<\/span><\/p>\n<p><img loading=\"lazy\" decoding=\"async\" class=\"aligncenter wp-image-22427 size-large\" src=\"https:\/\/www.romaoggi.eu\/wp-content\/uploads\/2019\/08\/foto-1-768x1024.jpg\" alt=\"\" width=\"768\" height=\"1024\" srcset=\"https:\/\/www.romaoggi.eu\/wp-content\/uploads\/2019\/08\/foto-1-768x1024.jpg 768w, https:\/\/www.romaoggi.eu\/wp-content\/uploads\/2019\/08\/foto-1-225x300.jpg 225w\" sizes=\"auto, (max-width: 768px) 100vw, 768px\" \/><\/p>\n<p style=\"text-align: justify;\"><span style=\"font-weight: 400;\">Ma all\u2019atto pratico come si usa? Ogni azienda produttrice fornisce un manuale per il montaggio con qualche consiglio sulla scelta degli ingredienti. La frutta in genere va sbucciata e vanno tolti i semi grandi come quelli delle albicocche, il kiwi va solo sbucciato e vi assicuro che nel bicchiere non troverete neanche un semino. Le carote le lavo con la spugnetta della cucina (senza sapone!) e le taglio a pezzettoni. La radice di zenzero, mele, pere e melone li privo solo della buccia.<\/span><\/p>\n<p style=\"text-align: justify;\"><span style=\"font-weight: 400;\">E\u2019 divertente sperimentare sempre nuovi abbinamenti. Attenzione agli agrumi perch\u00e9 la parte bianca del limone ed i loro semi danno un aroma amarognolo al succo.<\/span><\/p>\n<p style=\"text-align: justify;\"><span style=\"font-weight: 400;\">Se dovete perdere peso dovete preferire estratti di verdura piuttosto che frutta come pomodori, cetrioli e sedano che sono gustosi, ma contengono pochissime calorie. Gli estratti a base di frutta sono pi\u00f9 zuccherini quindi consigliati al mattino o prima dell\u2019attivit\u00e0 fisica poich\u00e9 verranno trasformati subito in energia.<\/span><\/p>\n<p style=\"text-align: justify;\"><span style=\"font-weight: 400;\">Perch\u00e9 sono indicati per perdere peso?\u00a0<\/span><\/p>\n<p style=\"text-align: justify;\"><span style=\"font-weight: 400;\">Riducono il senso di fame, idratano l\u2019organismo e migliorano il trofismo dei tessuti, eliminano le tossine in eccesso (fegato e reno) e poi sono davvero buoni!<\/span><\/p>\n<p><img loading=\"lazy\" decoding=\"async\" class=\"aligncenter wp-image-22426 size-large\" src=\"https:\/\/www.romaoggi.eu\/wp-content\/uploads\/2019\/08\/foto3-885x1024.jpg\" alt=\"\" width=\"885\" height=\"1024\" srcset=\"https:\/\/www.romaoggi.eu\/wp-content\/uploads\/2019\/08\/foto3-885x1024.jpg 885w, https:\/\/www.romaoggi.eu\/wp-content\/uploads\/2019\/08\/foto3-259x300.jpg 259w\" sizes=\"auto, (max-width: 885px) 100vw, 885px\" \/><\/p>\n<p>&nbsp;<\/p>\n<p><strong><em>Dott.ssa <a href=\"https:\/\/www.romaoggi.eu\/index.php\/2019\/07\/30\/aperitivo-segreti-light-per-stupire-gli-amici-a-cura-di-emanuela-scanu\/\">Emanuela Scanu<\/a><\/em><\/strong><\/p>\n<p>Psicologa e Coach alimentare<\/p>\n<p><a href=\"http:\/\/www.emanuelascanupsicologa.com\/\" data-aalisten=\"1\">www.emanuelascanupsicologa.com<\/a><\/p>\n<p>&nbsp;<\/p>\n<p style=\"text-align: justify;\">\n","protected":false},"excerpt":{"rendered":"<div class=\"mh-excerpt\"><p>L\u2019Estrattore di succo per stare bene e perdere peso, consigli e utilizzo a cura della nostra esperta\u00a0 la dott.ssa Emanuela Scanu. Quando me lo hanno regalato\u00a0 ero un po&#8217; perplessa, ma devo dire che l\u2019ho <a class=\"mh-excerpt-more\" href=\"https:\/\/www.romaoggi.eu\/index.php\/2019\/08\/12\/lestrattore-di-succo-per-stare-bene-e-perdere-peso-di-emanuela-scanu\/\" title=\"L\u2019Estrattore di succo per stare bene e perdere peso- di Emanuela Scanu\">[&#8230;]<\/a><\/p>\n<\/div>","protected":false},"author":3,"featured_media":22424,"comment_status":"closed","ping_status":"open","sticky":false,"template":"","format":"standard","meta":{"_sitemap_exclude":false,"_sitemap_priority":"","_sitemap_frequency":"","footnotes":""},"categories":[12817],"tags":[3854,13072,13076,4713,12424,13068,13070,13071,5028,13075,13073,13069,13074,13077],"class_list":["post-22423","post","type-post","status-publish","format-standard","has-post-thumbnail","hentry","category-mindfood-di-emanuela-scanu","tag-calorie","tag-carote","tag-detox","tag-dieta","tag-emanuela-scanu","tag-estrattore-di-succo","tag-fegato","tag-frutta","tag-frutta-e-verdura","tag-limone","tag-perdere-peso","tag-tossine","tag-verdura","tag-zenzero"],"yoast_head":"<!-- This site is optimized with the Yoast SEO plugin v27.4 - https:\/\/yoast.com\/product\/yoast-seo-wordpress\/ -->\n<title>L\u2019Estrattore di succo per stare bene e perdere peso- di Emanuela Scanu<\/title>\n<meta name=\"description\" content=\"L\u2019Estrattore di succo per stare bene e perdere peso, consigli e utilizzo a cura della nostra esperta\u00a0 la dott.ssa Emanuela Scanu. Quando me lo hanno\" \/>\n<meta name=\"robots\" content=\"index, follow, max-snippet:-1, max-image-preview:large, max-video-preview:-1\" \/>\n<link rel=\"canonical\" href=\"https:\/\/www.romaoggi.eu\/index.php\/2019\/08\/12\/lestrattore-di-succo-per-stare-bene-e-perdere-peso-di-emanuela-scanu\/\" \/>\n<meta property=\"og:locale\" content=\"it_IT\" \/>\n<meta property=\"og:type\" content=\"article\" \/>\n<meta property=\"og:title\" content=\"L\u2019Estrattore di succo per stare bene e perdere peso- di Emanuela Scanu\" \/>\n<meta property=\"og:description\" content=\"L\u2019Estrattore di succo per stare bene e perdere peso, consigli e utilizzo a cura della nostra esperta\u00a0 la dott.ssa Emanuela Scanu. Quando me lo hanno\" \/>\n<meta property=\"og:url\" content=\"https:\/\/www.romaoggi.eu\/index.php\/2019\/08\/12\/lestrattore-di-succo-per-stare-bene-e-perdere-peso-di-emanuela-scanu\/\" \/>\n<meta property=\"og:site_name\" content=\"roma oggi\" \/>\n<meta property=\"article:publisher\" content=\"https:\/\/www.facebook.com\/RomaOggi-841544845954114\" \/>\n<meta property=\"article:published_time\" content=\"2019-08-12T09:21:27+00:00\" \/>\n<meta property=\"article:modified_time\" content=\"2019-08-12T09:27:14+00:00\" \/>\n<meta property=\"og:image\" content=\"https:\/\/www.romaoggi.eu\/wp-content\/uploads\/2019\/08\/copertina.jpg\" \/>\n\t<meta property=\"og:image:width\" content=\"1299\" \/>\n\t<meta property=\"og:image:height\" content=\"974\" \/>\n\t<meta property=\"og:image:type\" content=\"image\/jpeg\" \/>\n<meta name=\"author\" content=\"Antonietta Di Vizia\" \/>\n<meta name=\"twitter:card\" content=\"summary_large_image\" \/>\n<meta name=\"twitter:creator\" content=\"@romaoggi_eu\" \/>\n<meta name=\"twitter:site\" content=\"@romaoggi_eu\" \/>\n<meta name=\"twitter:label1\" content=\"Scritto da\" \/>\n\t<meta name=\"twitter:data1\" content=\"Antonietta Di Vizia\" \/>\n\t<meta name=\"twitter:label2\" content=\"Tempo di lettura stimato\" \/>\n\t<meta name=\"twitter:data2\" content=\"3 minuti\" \/>\n<script type=\"application\/ld+json\" class=\"yoast-schema-graph\">{\"@context\":\"https:\\\/\\\/schema.org\",\"@graph\":[{\"@type\":\"Article\",\"@id\":\"https:\\\/\\\/www.romaoggi.eu\\\/index.php\\\/2019\\\/08\\\/12\\\/lestrattore-di-succo-per-stare-bene-e-perdere-peso-di-emanuela-scanu\\\/#article\",\"isPartOf\":{\"@id\":\"https:\\\/\\\/www.romaoggi.eu\\\/index.php\\\/2019\\\/08\\\/12\\\/lestrattore-di-succo-per-stare-bene-e-perdere-peso-di-emanuela-scanu\\\/\"},\"author\":{\"name\":\"Antonietta Di Vizia\",\"@id\":\"https:\\\/\\\/www.romaoggi.eu\\\/#\\\/schema\\\/person\\\/c8ca1fb64b5506391fff5f822a866c23\"},\"headline\":\"L\u2019Estrattore di succo per stare bene e perdere peso- di Emanuela Scanu\",\"datePublished\":\"2019-08-12T09:21:27+00:00\",\"dateModified\":\"2019-08-12T09:27:14+00:00\",\"mainEntityOfPage\":{\"@id\":\"https:\\\/\\\/www.romaoggi.eu\\\/index.php\\\/2019\\\/08\\\/12\\\/lestrattore-di-succo-per-stare-bene-e-perdere-peso-di-emanuela-scanu\\\/\"},\"wordCount\":641,\"publisher\":{\"@id\":\"https:\\\/\\\/www.romaoggi.eu\\\/#organization\"},\"image\":{\"@id\":\"https:\\\/\\\/www.romaoggi.eu\\\/index.php\\\/2019\\\/08\\\/12\\\/lestrattore-di-succo-per-stare-bene-e-perdere-peso-di-emanuela-scanu\\\/#primaryimage\"},\"thumbnailUrl\":\"https:\\\/\\\/www.romaoggi.eu\\\/wp-content\\\/uploads\\\/2019\\\/08\\\/copertina.jpg\",\"keywords\":[\"calorie\",\"carote\",\"detox\",\"dieta\",\"emanuela scanu\",\"estrattore di succo\",\"fegato\",\"frutta\",\"frutta e verdura\",\"limone\",\"perdere peso\",\"tossine\",\"verdura\",\"zenzero\"],\"articleSection\":[\"Mind&amp;Food di Emanuela Scanu\"],\"inLanguage\":\"it-IT\"},{\"@type\":\"WebPage\",\"@id\":\"https:\\\/\\\/www.romaoggi.eu\\\/index.php\\\/2019\\\/08\\\/12\\\/lestrattore-di-succo-per-stare-bene-e-perdere-peso-di-emanuela-scanu\\\/\",\"url\":\"https:\\\/\\\/www.romaoggi.eu\\\/index.php\\\/2019\\\/08\\\/12\\\/lestrattore-di-succo-per-stare-bene-e-perdere-peso-di-emanuela-scanu\\\/\",\"name\":\"L\u2019Estrattore di succo per stare bene e perdere peso- di Emanuela Scanu\",\"isPartOf\":{\"@id\":\"https:\\\/\\\/www.romaoggi.eu\\\/#website\"},\"primaryImageOfPage\":{\"@id\":\"https:\\\/\\\/www.romaoggi.eu\\\/index.php\\\/2019\\\/08\\\/12\\\/lestrattore-di-succo-per-stare-bene-e-perdere-peso-di-emanuela-scanu\\\/#primaryimage\"},\"image\":{\"@id\":\"https:\\\/\\\/www.romaoggi.eu\\\/index.php\\\/2019\\\/08\\\/12\\\/lestrattore-di-succo-per-stare-bene-e-perdere-peso-di-emanuela-scanu\\\/#primaryimage\"},\"thumbnailUrl\":\"https:\\\/\\\/www.romaoggi.eu\\\/wp-content\\\/uploads\\\/2019\\\/08\\\/copertina.jpg\",\"datePublished\":\"2019-08-12T09:21:27+00:00\",\"dateModified\":\"2019-08-12T09:27:14+00:00\",\"description\":\"L\u2019Estrattore di succo per stare bene e perdere peso, consigli e utilizzo a cura della nostra esperta\u00a0 la dott.ssa Emanuela Scanu. Quando me lo hanno\",\"breadcrumb\":{\"@id\":\"https:\\\/\\\/www.romaoggi.eu\\\/index.php\\\/2019\\\/08\\\/12\\\/lestrattore-di-succo-per-stare-bene-e-perdere-peso-di-emanuela-scanu\\\/#breadcrumb\"},\"inLanguage\":\"it-IT\",\"potentialAction\":[{\"@type\":\"ReadAction\",\"target\":[\"https:\\\/\\\/www.romaoggi.eu\\\/index.php\\\/2019\\\/08\\\/12\\\/lestrattore-di-succo-per-stare-bene-e-perdere-peso-di-emanuela-scanu\\\/\"]}]},{\"@type\":\"ImageObject\",\"inLanguage\":\"it-IT\",\"@id\":\"https:\\\/\\\/www.romaoggi.eu\\\/index.php\\\/2019\\\/08\\\/12\\\/lestrattore-di-succo-per-stare-bene-e-perdere-peso-di-emanuela-scanu\\\/#primaryimage\",\"url\":\"https:\\\/\\\/www.romaoggi.eu\\\/wp-content\\\/uploads\\\/2019\\\/08\\\/copertina.jpg\",\"contentUrl\":\"https:\\\/\\\/www.romaoggi.eu\\\/wp-content\\\/uploads\\\/2019\\\/08\\\/copertina.jpg\",\"width\":1299,\"height\":974,\"caption\":\"alt tag estrattore di succo\"},{\"@type\":\"BreadcrumbList\",\"@id\":\"https:\\\/\\\/www.romaoggi.eu\\\/index.php\\\/2019\\\/08\\\/12\\\/lestrattore-di-succo-per-stare-bene-e-perdere-peso-di-emanuela-scanu\\\/#breadcrumb\",\"itemListElement\":[{\"@type\":\"ListItem\",\"position\":1,\"name\":\"Home\",\"item\":\"https:\\\/\\\/www.romaoggi.eu\\\/\"},{\"@type\":\"ListItem\",\"position\":2,\"name\":\"L\u2019Estrattore di succo per stare bene e perdere peso- di Emanuela Scanu\"}]},{\"@type\":\"WebSite\",\"@id\":\"https:\\\/\\\/www.romaoggi.eu\\\/#website\",\"url\":\"https:\\\/\\\/www.romaoggi.eu\\\/\",\"name\":\"roma oggi\",\"description\":\"Interesting News for Interesting people\",\"publisher\":{\"@id\":\"https:\\\/\\\/www.romaoggi.eu\\\/#organization\"},\"potentialAction\":[{\"@type\":\"SearchAction\",\"target\":{\"@type\":\"EntryPoint\",\"urlTemplate\":\"https:\\\/\\\/www.romaoggi.eu\\\/?s={search_term_string}\"},\"query-input\":{\"@type\":\"PropertyValueSpecification\",\"valueRequired\":true,\"valueName\":\"search_term_string\"}}],\"inLanguage\":\"it-IT\"},{\"@type\":\"Organization\",\"@id\":\"https:\\\/\\\/www.romaoggi.eu\\\/#organization\",\"name\":\"RomaOggi\",\"url\":\"https:\\\/\\\/www.romaoggi.eu\\\/\",\"logo\":{\"@type\":\"ImageObject\",\"inLanguage\":\"it-IT\",\"@id\":\"https:\\\/\\\/www.romaoggi.eu\\\/#\\\/schema\\\/logo\\\/image\\\/\",\"url\":\"https:\\\/\\\/www.romaoggi.eu\\\/wp-content\\\/uploads\\\/2017\\\/04\\\/logowp.jpg\",\"contentUrl\":\"https:\\\/\\\/www.romaoggi.eu\\\/wp-content\\\/uploads\\\/2017\\\/04\\\/logowp.jpg\",\"width\":300,\"height\":133,\"caption\":\"RomaOggi\"},\"image\":{\"@id\":\"https:\\\/\\\/www.romaoggi.eu\\\/#\\\/schema\\\/logo\\\/image\\\/\"},\"sameAs\":[\"https:\\\/\\\/www.facebook.com\\\/RomaOggi-841544845954114\",\"https:\\\/\\\/x.com\\\/romaoggi_eu\"]},{\"@type\":\"Person\",\"@id\":\"https:\\\/\\\/www.romaoggi.eu\\\/#\\\/schema\\\/person\\\/c8ca1fb64b5506391fff5f822a866c23\",\"name\":\"Antonietta Di Vizia\",\"image\":{\"@type\":\"ImageObject\",\"inLanguage\":\"it-IT\",\"@id\":\"https:\\\/\\\/secure.gravatar.com\\\/avatar\\\/2ad571aa3fbfe3089b06ed5617adf58717b9359c0c97cf9b52804fb2dac293f2?s=96&d=mm&r=g\",\"url\":\"https:\\\/\\\/secure.gravatar.com\\\/avatar\\\/2ad571aa3fbfe3089b06ed5617adf58717b9359c0c97cf9b52804fb2dac293f2?s=96&d=mm&r=g\",\"contentUrl\":\"https:\\\/\\\/secure.gravatar.com\\\/avatar\\\/2ad571aa3fbfe3089b06ed5617adf58717b9359c0c97cf9b52804fb2dac293f2?s=96&d=mm&r=g\",\"caption\":\"Antonietta Di Vizia\"},\"url\":\"https:\\\/\\\/www.romaoggi.eu\\\/index.php\\\/author\\\/antonietta\\\/\"}]}<\/script>\n<!-- \/ Yoast SEO plugin. -->","yoast_head_json":{"title":"L\u2019Estrattore di succo per stare bene e perdere peso- di Emanuela Scanu","description":"L\u2019Estrattore di succo per stare bene e perdere peso, consigli e utilizzo a cura della nostra esperta\u00a0 la dott.ssa Emanuela Scanu. Quando me lo hanno","robots":{"index":"index","follow":"follow","max-snippet":"max-snippet:-1","max-image-preview":"max-image-preview:large","max-video-preview":"max-video-preview:-1"},"canonical":"https:\/\/www.romaoggi.eu\/index.php\/2019\/08\/12\/lestrattore-di-succo-per-stare-bene-e-perdere-peso-di-emanuela-scanu\/","og_locale":"it_IT","og_type":"article","og_title":"L\u2019Estrattore di succo per stare bene e perdere peso- di Emanuela Scanu","og_description":"L\u2019Estrattore di succo per stare bene e perdere peso, consigli e utilizzo a cura della nostra esperta\u00a0 la dott.ssa Emanuela Scanu. Quando me lo hanno","og_url":"https:\/\/www.romaoggi.eu\/index.php\/2019\/08\/12\/lestrattore-di-succo-per-stare-bene-e-perdere-peso-di-emanuela-scanu\/","og_site_name":"roma oggi","article_publisher":"https:\/\/www.facebook.com\/RomaOggi-841544845954114","article_published_time":"2019-08-12T09:21:27+00:00","article_modified_time":"2019-08-12T09:27:14+00:00","og_image":[{"width":1299,"height":974,"url":"https:\/\/www.romaoggi.eu\/wp-content\/uploads\/2019\/08\/copertina.jpg","type":"image\/jpeg"}],"author":"Antonietta Di Vizia","twitter_card":"summary_large_image","twitter_creator":"@romaoggi_eu","twitter_site":"@romaoggi_eu","twitter_misc":{"Scritto da":"Antonietta Di Vizia","Tempo di lettura stimato":"3 minuti"},"schema":{"@context":"https:\/\/schema.org","@graph":[{"@type":"Article","@id":"https:\/\/www.romaoggi.eu\/index.php\/2019\/08\/12\/lestrattore-di-succo-per-stare-bene-e-perdere-peso-di-emanuela-scanu\/#article","isPartOf":{"@id":"https:\/\/www.romaoggi.eu\/index.php\/2019\/08\/12\/lestrattore-di-succo-per-stare-bene-e-perdere-peso-di-emanuela-scanu\/"},"author":{"name":"Antonietta Di Vizia","@id":"https:\/\/www.romaoggi.eu\/#\/schema\/person\/c8ca1fb64b5506391fff5f822a866c23"},"headline":"L\u2019Estrattore di succo per stare bene e perdere peso- di Emanuela Scanu","datePublished":"2019-08-12T09:21:27+00:00","dateModified":"2019-08-12T09:27:14+00:00","mainEntityOfPage":{"@id":"https:\/\/www.romaoggi.eu\/index.php\/2019\/08\/12\/lestrattore-di-succo-per-stare-bene-e-perdere-peso-di-emanuela-scanu\/"},"wordCount":641,"publisher":{"@id":"https:\/\/www.romaoggi.eu\/#organization"},"image":{"@id":"https:\/\/www.romaoggi.eu\/index.php\/2019\/08\/12\/lestrattore-di-succo-per-stare-bene-e-perdere-peso-di-emanuela-scanu\/#primaryimage"},"thumbnailUrl":"https:\/\/www.romaoggi.eu\/wp-content\/uploads\/2019\/08\/copertina.jpg","keywords":["calorie","carote","detox","dieta","emanuela scanu","estrattore di succo","fegato","frutta","frutta e verdura","limone","perdere peso","tossine","verdura","zenzero"],"articleSection":["Mind&amp;Food di Emanuela Scanu"],"inLanguage":"it-IT"},{"@type":"WebPage","@id":"https:\/\/www.romaoggi.eu\/index.php\/2019\/08\/12\/lestrattore-di-succo-per-stare-bene-e-perdere-peso-di-emanuela-scanu\/","url":"https:\/\/www.romaoggi.eu\/index.php\/2019\/08\/12\/lestrattore-di-succo-per-stare-bene-e-perdere-peso-di-emanuela-scanu\/","name":"L\u2019Estrattore di succo per stare bene e perdere peso- di Emanuela Scanu","isPartOf":{"@id":"https:\/\/www.romaoggi.eu\/#website"},"primaryImageOfPage":{"@id":"https:\/\/www.romaoggi.eu\/index.php\/2019\/08\/12\/lestrattore-di-succo-per-stare-bene-e-perdere-peso-di-emanuela-scanu\/#primaryimage"},"image":{"@id":"https:\/\/www.romaoggi.eu\/index.php\/2019\/08\/12\/lestrattore-di-succo-per-stare-bene-e-perdere-peso-di-emanuela-scanu\/#primaryimage"},"thumbnailUrl":"https:\/\/www.romaoggi.eu\/wp-content\/uploads\/2019\/08\/copertina.jpg","datePublished":"2019-08-12T09:21:27+00:00","dateModified":"2019-08-12T09:27:14+00:00","description":"L\u2019Estrattore di succo per stare bene e perdere peso, consigli e utilizzo a cura della nostra esperta\u00a0 la dott.ssa Emanuela Scanu. Quando me lo hanno","breadcrumb":{"@id":"https:\/\/www.romaoggi.eu\/index.php\/2019\/08\/12\/lestrattore-di-succo-per-stare-bene-e-perdere-peso-di-emanuela-scanu\/#breadcrumb"},"inLanguage":"it-IT","potentialAction":[{"@type":"ReadAction","target":["https:\/\/www.romaoggi.eu\/index.php\/2019\/08\/12\/lestrattore-di-succo-per-stare-bene-e-perdere-peso-di-emanuela-scanu\/"]}]},{"@type":"ImageObject","inLanguage":"it-IT","@id":"https:\/\/www.romaoggi.eu\/index.php\/2019\/08\/12\/lestrattore-di-succo-per-stare-bene-e-perdere-peso-di-emanuela-scanu\/#primaryimage","url":"https:\/\/www.romaoggi.eu\/wp-content\/uploads\/2019\/08\/copertina.jpg","contentUrl":"https:\/\/www.romaoggi.eu\/wp-content\/uploads\/2019\/08\/copertina.jpg","width":1299,"height":974,"caption":"alt tag estrattore di succo"},{"@type":"BreadcrumbList","@id":"https:\/\/www.romaoggi.eu\/index.php\/2019\/08\/12\/lestrattore-di-succo-per-stare-bene-e-perdere-peso-di-emanuela-scanu\/#breadcrumb","itemListElement":[{"@type":"ListItem","position":1,"name":"Home","item":"https:\/\/www.romaoggi.eu\/"},{"@type":"ListItem","position":2,"name":"L\u2019Estrattore di succo per stare bene e perdere peso- di Emanuela Scanu"}]},{"@type":"WebSite","@id":"https:\/\/www.romaoggi.eu\/#website","url":"https:\/\/www.romaoggi.eu\/","name":"roma oggi","description":"Interesting News for Interesting people","publisher":{"@id":"https:\/\/www.romaoggi.eu\/#organization"},"potentialAction":[{"@type":"SearchAction","target":{"@type":"EntryPoint","urlTemplate":"https:\/\/www.romaoggi.eu\/?s={search_term_string}"},"query-input":{"@type":"PropertyValueSpecification","valueRequired":true,"valueName":"search_term_string"}}],"inLanguage":"it-IT"},{"@type":"Organization","@id":"https:\/\/www.romaoggi.eu\/#organization","name":"RomaOggi","url":"https:\/\/www.romaoggi.eu\/","logo":{"@type":"ImageObject","inLanguage":"it-IT","@id":"https:\/\/www.romaoggi.eu\/#\/schema\/logo\/image\/","url":"https:\/\/www.romaoggi.eu\/wp-content\/uploads\/2017\/04\/logowp.jpg","contentUrl":"https:\/\/www.romaoggi.eu\/wp-content\/uploads\/2017\/04\/logowp.jpg","width":300,"height":133,"caption":"RomaOggi"},"image":{"@id":"https:\/\/www.romaoggi.eu\/#\/schema\/logo\/image\/"},"sameAs":["https:\/\/www.facebook.com\/RomaOggi-841544845954114","https:\/\/x.com\/romaoggi_eu"]},{"@type":"Person","@id":"https:\/\/www.romaoggi.eu\/#\/schema\/person\/c8ca1fb64b5506391fff5f822a866c23","name":"Antonietta Di Vizia","image":{"@type":"ImageObject","inLanguage":"it-IT","@id":"https:\/\/secure.gravatar.com\/avatar\/2ad571aa3fbfe3089b06ed5617adf58717b9359c0c97cf9b52804fb2dac293f2?s=96&d=mm&r=g","url":"https:\/\/secure.gravatar.com\/avatar\/2ad571aa3fbfe3089b06ed5617adf58717b9359c0c97cf9b52804fb2dac293f2?s=96&d=mm&r=g","contentUrl":"https:\/\/secure.gravatar.com\/avatar\/2ad571aa3fbfe3089b06ed5617adf58717b9359c0c97cf9b52804fb2dac293f2?s=96&d=mm&r=g","caption":"Antonietta Di Vizia"},"url":"https:\/\/www.romaoggi.eu\/index.php\/author\/antonietta\/"}]}},"_links":{"self":[{"href":"https:\/\/www.romaoggi.eu\/index.php\/wp-json\/wp\/v2\/posts\/22423","targetHints":{"allow":["GET"]}}],"collection":[{"href":"https:\/\/www.romaoggi.eu\/index.php\/wp-json\/wp\/v2\/posts"}],"about":[{"href":"https:\/\/www.romaoggi.eu\/index.php\/wp-json\/wp\/v2\/types\/post"}],"author":[{"embeddable":true,"href":"https:\/\/www.romaoggi.eu\/index.php\/wp-json\/wp\/v2\/users\/3"}],"replies":[{"embeddable":true,"href":"https:\/\/www.romaoggi.eu\/index.php\/wp-json\/wp\/v2\/comments?post=22423"}],"version-history":[{"count":4,"href":"https:\/\/www.romaoggi.eu\/index.php\/wp-json\/wp\/v2\/posts\/22423\/revisions"}],"predecessor-version":[{"id":22431,"href":"https:\/\/www.romaoggi.eu\/index.php\/wp-json\/wp\/v2\/posts\/22423\/revisions\/22431"}],"wp:featuredmedia":[{"embeddable":true,"href":"https:\/\/www.romaoggi.eu\/index.php\/wp-json\/wp\/v2\/media\/22424"}],"wp:attachment":[{"href":"https:\/\/www.romaoggi.eu\/index.php\/wp-json\/wp\/v2\/media?parent=22423"}],"wp:term":[{"taxonomy":"category","embeddable":true,"href":"https:\/\/www.romaoggi.eu\/index.php\/wp-json\/wp\/v2\/categories?post=22423"},{"taxonomy":"post_tag","embeddable":true,"href":"https:\/\/www.romaoggi.eu\/index.php\/wp-json\/wp\/v2\/tags?post=22423"}],"curies":[{"name":"wp","href":"https:\/\/api.w.org\/{rel}","templated":true}]}}