{"id":22526,"date":"2019-08-21T13:15:46","date_gmt":"2019-08-21T11:15:46","guid":{"rendered":"http:\/\/www.romaoggi.eu\/?p=22526"},"modified":"2019-08-22T12:58:49","modified_gmt":"2019-08-22T10:58:49","slug":"agosto-cliente-mio-non-ti-conosco","status":"publish","type":"post","link":"https:\/\/www.romaoggi.eu\/index.php\/2019\/08\/21\/agosto-cliente-mio-non-ti-conosco\/","title":{"rendered":"Agosto, cliente mio non ti conosco"},"content":{"rendered":"<p align=\"LEFT\"><strong>\u201cLa foto del giorno\u201d di Mercoled\u00ec 21 agosto 2019\u00a0\u00e8 stata inviata dal nostro lettore Claudio Giuli<\/strong><\/p>\n<p align=\"LEFT\"><strong><span style=\"color: #26282a;\"><span style=\"font-family: Times New Roman, serif;\"><span style=\"font-size: medium;\">Agosto,<\/span><\/span><\/span> <span style=\"color: #26282a;\"><span style=\"font-family: Times New Roman, serif;\"><span style=\"font-size: medium;\">cliente mio non ti conosco aspettando.<\/span><\/span><\/span><\/strong><\/p>\n<p align=\"LEFT\"><span style=\"color: #26282a;\"><span style=\"font-family: Times New Roman, serif;\"><span style=\"font-size: medium;\">Rimanendo in tema di pausa estiva, a Roma la settimana di Ferragosto rimane sacra coi negozi chiusi le strade deserte e immancabilmente le spiagge affollate.<\/span><\/span><\/span><\/p>\n<p align=\"LEFT\"><span style=\"color: #26282a;\"><span style=\"font-family: Times New Roman, serif;\"><span style=\"font-size: medium;\">Ill caldo eccezionale non da tregua facendo soffrire il nostro lettore, disposto a tagliarsi la barba per ricevere un p\u00f2 di sollievo.<\/span><\/span><\/span><\/p>\n<p align=\"LEFT\"><span style=\"color: #26282a;\"><span style=\"font-family: Times New Roman, serif;\"><span style=\"font-size: medium;\">Ma essendo a Centocelle il barbiere chiuso, consigliamo di rivolgersi al barbiere che lavora lungo il binario 1 della Stazione Termini, come gi\u00e0 segnalato nel precedente articolo.<\/span><\/span><\/span><\/p>\n<p align=\"LEFT\"><strong><a href=\"https:\/\/www.romaoggi.eu\/index.php\/2018\/10\/17\/larte-di-arrangiarsi-alla-stazione-termini\/\"><span style=\"color: #26282a;\"><span style=\"font-family: Times New Roman, serif;\"><span style=\"font-size: medium;\">https:\/\/www.romaoggi.eu\/index.php\/2018\/10\/17\/larte-di-arrangiarsi-alla-stazione-termini\/<\/span><\/span><\/span><\/a><\/strong><\/p>\n<h2 class=\"western\"><strong>Il commento di Pasquino<\/strong><\/h2>\n<p>L&#8217; Associazione Barbieri fa sap\u00e9 che puro loro cianno d&#8217;ann\u00e0 in ferie e che si uno se vede propio ramicio, a Termini ce s\u00f3 sempre .<\/p>\n<p>Alora:<\/p>\n<p><strong>AGOSTO<\/strong><\/p>\n<p>Der pelo la voja<br \/>\nd&#8217;antica memoria<br \/>\nmo&#8217; te vi\u00e8 a noja !?<br \/>\nSi cambia la storia,<br \/>\ntu ciai l&#8217;occasione<br \/>\nd&#8217;ann\u00e0 in stazzione<\/p>\n<p><strong>20\/8\/19, Romolaccio<\/strong><\/p>\n<figure id=\"attachment_22527\" aria-describedby=\"caption-attachment-22527\" style=\"width: 448px\" class=\"wp-caption alignnone\"><img loading=\"lazy\" decoding=\"async\" class=\" wp-image-22527\" src=\"https:\/\/www.romaoggi.eu\/wp-content\/uploads\/2019\/08\/Photo083..Marchio\u00a92019-Claudio-Giuli-21-Agosto-2019-Barbiere-Centocelle-200x300.jpg\" alt=\"Alt Tag Chiuso per ferie\" width=\"448\" height=\"672\" srcset=\"https:\/\/www.romaoggi.eu\/wp-content\/uploads\/2019\/08\/Photo083..Marchio\u00a92019-Claudio-Giuli-21-Agosto-2019-Barbiere-Centocelle-200x300.jpg 200w, https:\/\/www.romaoggi.eu\/wp-content\/uploads\/2019\/08\/Photo083..Marchio\u00a92019-Claudio-Giuli-21-Agosto-2019-Barbiere-Centocelle-683x1024.jpg 683w, https:\/\/www.romaoggi.eu\/wp-content\/uploads\/2019\/08\/Photo083..Marchio\u00a92019-Claudio-Giuli-21-Agosto-2019-Barbiere-Centocelle.jpg 1730w\" sizes=\"auto, (max-width: 448px) 100vw, 448px\" \/><figcaption id=\"caption-attachment-22527\" class=\"wp-caption-text\">Chiuso per ferie a Centocelle \u00a92019 Claudio Giuli<\/figcaption><\/figure>\n<p><strong><span style=\"color: #000000;\"><span style=\"font-family: Times New Roman, serif;\"><span style=\"font-size: medium;\"><b><br \/>\n<\/b><\/span><\/span><\/span><\/strong><strong><span style=\"color: #000000;\"><span style=\"font-family: Times New Roman, serif;\"><span style=\"font-size: medium;\"><span style=\"color: #ff0000;\">La foto del giorno \u00e8 la rubrica dei lettori<\/span> di\u00a0<\/span><\/span><\/span><\/strong><strong><a href=\"https:\/\/www.romaoggi.eu\/\">www.Romaoggi.eu<\/a><\/strong><strong><span style=\"color: #000000;\"><span style=\"font-family: Times New Roman, serif;\"><span style=\"font-size: medium;\"><b>\u00a0<\/b><\/span><\/span><\/span><\/strong><strong><span style=\"color: #000000;\"><span style=\"font-family: Times New Roman, serif;\"><span style=\"font-size: medium;\">a cura del fotoreporter\u00a0 Alessandro Lisci.\u00a0Invia la tua foto del giorno con whatsapp al <span style=\"color: #ff0000;\">3316379346<\/span> oppure alla seguente mail:<span style=\"color: #ff0000;\">alessandrolisci<\/span><span style=\"color: #ff0000;\">@yahoo.it<\/span> con un titolo ed un breve testo. <\/span><\/span><\/span><\/strong><\/p>\n<p><span style=\"color: #ff0000;\"><strong><span style=\"font-family: Times New Roman, serif;\"><span style=\"font-size: medium;\">Visita il sito :www.alessandrolisci.com<\/span><\/span><\/strong><\/span><\/p>\n","protected":false},"excerpt":{"rendered":"<div class=\"mh-excerpt\"><p>\u201cLa foto del giorno\u201d di Mercoled\u00ec 21 agosto 2019\u00a0\u00e8 stata inviata dal nostro lettore Claudio Giuli Agosto, cliente mio non ti conosco aspettando. Rimanendo in tema di pausa estiva, a Roma la settimana di Ferragosto <a class=\"mh-excerpt-more\" href=\"https:\/\/www.romaoggi.eu\/index.php\/2019\/08\/21\/agosto-cliente-mio-non-ti-conosco\/\" title=\"Agosto, cliente mio non ti conosco\">[&#8230;]<\/a><\/p>\n<\/div>","protected":false},"author":10,"featured_media":22530,"comment_status":"closed","ping_status":"open","sticky":false,"template":"","format":"standard","meta":{"_sitemap_exclude":false,"_sitemap_priority":"","_sitemap_frequency":"","footnotes":""},"categories":[8934],"tags":[7166,4137,11771,9472,13113,10420,13087,11620,11619,109,13088,1738,10496,11770],"class_list":["post-22526","post","type-post","status-publish","format-standard","has-post-thumbnail","hentry","category-lafotodelgiorno","tag-10-agosto-2017","tag-alessandro-lisci","tag-barbiere","tag-centocelle","tag-claudio-giuli","tag-la-foto-del-giorno","tag-la-satira-di-pasquino","tag-pasquinate","tag-pasquino","tag-roma","tag-romanesco","tag-romaoggi-eu","tag-sindaca-virginia-raggi","tag-stazione-termini"],"yoast_head":"<!-- This site is optimized with the Yoast SEO plugin v27.4 - https:\/\/yoast.com\/product\/yoast-seo-wordpress\/ -->\n<title>Agosto, cliente mio non ti conosco<\/title>\n<meta name=\"description\" content=\"\u201cLa foto del giorno\u201d di Mercoled\u00ec 21 agosto 2019\u00a0\u00e8 stata inviata dal nostro lettore Claudio Giuli Agosto, cliente mio non ti conosco aspettando. Rimanendo\" \/>\n<meta name=\"robots\" content=\"index, follow, max-snippet:-1, max-image-preview:large, max-video-preview:-1\" \/>\n<link rel=\"canonical\" href=\"https:\/\/www.romaoggi.eu\/index.php\/2019\/08\/21\/agosto-cliente-mio-non-ti-conosco\/\" \/>\n<meta property=\"og:locale\" content=\"it_IT\" \/>\n<meta property=\"og:type\" content=\"article\" \/>\n<meta property=\"og:title\" content=\"Agosto, cliente mio non ti conosco\" \/>\n<meta property=\"og:description\" content=\"\u201cLa foto del giorno\u201d di Mercoled\u00ec 21 agosto 2019\u00a0\u00e8 stata inviata dal nostro lettore Claudio Giuli Agosto, cliente mio non ti conosco aspettando. Rimanendo\" \/>\n<meta property=\"og:url\" content=\"https:\/\/www.romaoggi.eu\/index.php\/2019\/08\/21\/agosto-cliente-mio-non-ti-conosco\/\" \/>\n<meta property=\"og:site_name\" content=\"roma oggi\" \/>\n<meta property=\"article:publisher\" content=\"https:\/\/www.facebook.com\/RomaOggi-841544845954114\" \/>\n<meta property=\"article:author\" content=\"https:\/\/www.facebook.com\/alessandro.lisci.5\" \/>\n<meta property=\"article:published_time\" content=\"2019-08-21T11:15:46+00:00\" \/>\n<meta property=\"article:modified_time\" content=\"2019-08-22T10:58:49+00:00\" \/>\n<meta property=\"og:image\" content=\"https:\/\/www.romaoggi.eu\/wp-content\/uploads\/2019\/08\/Photo083..copertina\u00a92019-Claudio-Giuli-21-Agosto-2019-Barbiere-Centocelle.jpg\" \/>\n\t<meta property=\"og:image:width\" content=\"1730\" \/>\n\t<meta property=\"og:image:height\" content=\"1075\" \/>\n\t<meta property=\"og:image:type\" content=\"image\/jpeg\" \/>\n<meta name=\"author\" content=\"Alessandro Lisci\" \/>\n<meta name=\"twitter:card\" content=\"summary_large_image\" \/>\n<meta name=\"twitter:creator\" content=\"@https:\/\/twitter.com\/alessandrolisci\" \/>\n<meta name=\"twitter:site\" content=\"@romaoggi_eu\" \/>\n<meta name=\"twitter:label1\" content=\"Scritto da\" \/>\n\t<meta name=\"twitter:data1\" content=\"Alessandro Lisci\" \/>\n\t<meta name=\"twitter:label2\" content=\"Tempo di lettura stimato\" \/>\n\t<meta name=\"twitter:data2\" content=\"1 minuto\" \/>\n<script type=\"application\/ld+json\" class=\"yoast-schema-graph\">{\"@context\":\"https:\\\/\\\/schema.org\",\"@graph\":[{\"@type\":\"Article\",\"@id\":\"https:\\\/\\\/www.romaoggi.eu\\\/index.php\\\/2019\\\/08\\\/21\\\/agosto-cliente-mio-non-ti-conosco\\\/#article\",\"isPartOf\":{\"@id\":\"https:\\\/\\\/www.romaoggi.eu\\\/index.php\\\/2019\\\/08\\\/21\\\/agosto-cliente-mio-non-ti-conosco\\\/\"},\"author\":{\"name\":\"Alessandro Lisci\",\"@id\":\"https:\\\/\\\/www.romaoggi.eu\\\/#\\\/schema\\\/person\\\/30ada62b3bd510c45a781b7e3bf65e69\"},\"headline\":\"Agosto, cliente mio non ti conosco\",\"datePublished\":\"2019-08-21T11:15:46+00:00\",\"dateModified\":\"2019-08-22T10:58:49+00:00\",\"mainEntityOfPage\":{\"@id\":\"https:\\\/\\\/www.romaoggi.eu\\\/index.php\\\/2019\\\/08\\\/21\\\/agosto-cliente-mio-non-ti-conosco\\\/\"},\"wordCount\":225,\"publisher\":{\"@id\":\"https:\\\/\\\/www.romaoggi.eu\\\/#organization\"},\"image\":{\"@id\":\"https:\\\/\\\/www.romaoggi.eu\\\/index.php\\\/2019\\\/08\\\/21\\\/agosto-cliente-mio-non-ti-conosco\\\/#primaryimage\"},\"thumbnailUrl\":\"https:\\\/\\\/www.romaoggi.eu\\\/wp-content\\\/uploads\\\/2019\\\/08\\\/Photo083..copertina\u00a92019-Claudio-Giuli-21-Agosto-2019-Barbiere-Centocelle.jpg\",\"keywords\":[\"10 agosto 2017\",\"alessandro lisci\",\"barbiere\",\"Centocelle\",\"Claudio Giuli\",\"La foto del giorno\",\"La satira di pasquino\",\"pasquinate\",\"pasquino\",\"roma\",\"Romanesco\",\"RomaOggi.eu\",\"Sindaca Virginia raggi\",\"stazione termini\"],\"articleSection\":[\"La foto del giorno\"],\"inLanguage\":\"it-IT\"},{\"@type\":\"WebPage\",\"@id\":\"https:\\\/\\\/www.romaoggi.eu\\\/index.php\\\/2019\\\/08\\\/21\\\/agosto-cliente-mio-non-ti-conosco\\\/\",\"url\":\"https:\\\/\\\/www.romaoggi.eu\\\/index.php\\\/2019\\\/08\\\/21\\\/agosto-cliente-mio-non-ti-conosco\\\/\",\"name\":\"Agosto, cliente mio non ti conosco\",\"isPartOf\":{\"@id\":\"https:\\\/\\\/www.romaoggi.eu\\\/#website\"},\"primaryImageOfPage\":{\"@id\":\"https:\\\/\\\/www.romaoggi.eu\\\/index.php\\\/2019\\\/08\\\/21\\\/agosto-cliente-mio-non-ti-conosco\\\/#primaryimage\"},\"image\":{\"@id\":\"https:\\\/\\\/www.romaoggi.eu\\\/index.php\\\/2019\\\/08\\\/21\\\/agosto-cliente-mio-non-ti-conosco\\\/#primaryimage\"},\"thumbnailUrl\":\"https:\\\/\\\/www.romaoggi.eu\\\/wp-content\\\/uploads\\\/2019\\\/08\\\/Photo083..copertina\u00a92019-Claudio-Giuli-21-Agosto-2019-Barbiere-Centocelle.jpg\",\"datePublished\":\"2019-08-21T11:15:46+00:00\",\"dateModified\":\"2019-08-22T10:58:49+00:00\",\"description\":\"\u201cLa foto del giorno\u201d di Mercoled\u00ec 21 agosto 2019\u00a0\u00e8 stata inviata dal nostro lettore Claudio Giuli Agosto, cliente mio non ti conosco aspettando. Rimanendo\",\"breadcrumb\":{\"@id\":\"https:\\\/\\\/www.romaoggi.eu\\\/index.php\\\/2019\\\/08\\\/21\\\/agosto-cliente-mio-non-ti-conosco\\\/#breadcrumb\"},\"inLanguage\":\"it-IT\",\"potentialAction\":[{\"@type\":\"ReadAction\",\"target\":[\"https:\\\/\\\/www.romaoggi.eu\\\/index.php\\\/2019\\\/08\\\/21\\\/agosto-cliente-mio-non-ti-conosco\\\/\"]}]},{\"@type\":\"ImageObject\",\"inLanguage\":\"it-IT\",\"@id\":\"https:\\\/\\\/www.romaoggi.eu\\\/index.php\\\/2019\\\/08\\\/21\\\/agosto-cliente-mio-non-ti-conosco\\\/#primaryimage\",\"url\":\"https:\\\/\\\/www.romaoggi.eu\\\/wp-content\\\/uploads\\\/2019\\\/08\\\/Photo083..copertina\u00a92019-Claudio-Giuli-21-Agosto-2019-Barbiere-Centocelle.jpg\",\"contentUrl\":\"https:\\\/\\\/www.romaoggi.eu\\\/wp-content\\\/uploads\\\/2019\\\/08\\\/Photo083..copertina\u00a92019-Claudio-Giuli-21-Agosto-2019-Barbiere-Centocelle.jpg\",\"width\":1730,\"height\":1075,\"caption\":\"Chiuso per ferie a Centocelle \u00a92019 Claudio Giuli\"},{\"@type\":\"BreadcrumbList\",\"@id\":\"https:\\\/\\\/www.romaoggi.eu\\\/index.php\\\/2019\\\/08\\\/21\\\/agosto-cliente-mio-non-ti-conosco\\\/#breadcrumb\",\"itemListElement\":[{\"@type\":\"ListItem\",\"position\":1,\"name\":\"Home\",\"item\":\"https:\\\/\\\/www.romaoggi.eu\\\/\"},{\"@type\":\"ListItem\",\"position\":2,\"name\":\"Agosto, cliente mio non ti conosco\"}]},{\"@type\":\"WebSite\",\"@id\":\"https:\\\/\\\/www.romaoggi.eu\\\/#website\",\"url\":\"https:\\\/\\\/www.romaoggi.eu\\\/\",\"name\":\"roma oggi\",\"description\":\"Interesting News for Interesting people\",\"publisher\":{\"@id\":\"https:\\\/\\\/www.romaoggi.eu\\\/#organization\"},\"potentialAction\":[{\"@type\":\"SearchAction\",\"target\":{\"@type\":\"EntryPoint\",\"urlTemplate\":\"https:\\\/\\\/www.romaoggi.eu\\\/?s={search_term_string}\"},\"query-input\":{\"@type\":\"PropertyValueSpecification\",\"valueRequired\":true,\"valueName\":\"search_term_string\"}}],\"inLanguage\":\"it-IT\"},{\"@type\":\"Organization\",\"@id\":\"https:\\\/\\\/www.romaoggi.eu\\\/#organization\",\"name\":\"RomaOggi\",\"url\":\"https:\\\/\\\/www.romaoggi.eu\\\/\",\"logo\":{\"@type\":\"ImageObject\",\"inLanguage\":\"it-IT\",\"@id\":\"https:\\\/\\\/www.romaoggi.eu\\\/#\\\/schema\\\/logo\\\/image\\\/\",\"url\":\"https:\\\/\\\/www.romaoggi.eu\\\/wp-content\\\/uploads\\\/2017\\\/04\\\/logowp.jpg\",\"contentUrl\":\"https:\\\/\\\/www.romaoggi.eu\\\/wp-content\\\/uploads\\\/2017\\\/04\\\/logowp.jpg\",\"width\":300,\"height\":133,\"caption\":\"RomaOggi\"},\"image\":{\"@id\":\"https:\\\/\\\/www.romaoggi.eu\\\/#\\\/schema\\\/logo\\\/image\\\/\"},\"sameAs\":[\"https:\\\/\\\/www.facebook.com\\\/RomaOggi-841544845954114\",\"https:\\\/\\\/x.com\\\/romaoggi_eu\"]},{\"@type\":\"Person\",\"@id\":\"https:\\\/\\\/www.romaoggi.eu\\\/#\\\/schema\\\/person\\\/30ada62b3bd510c45a781b7e3bf65e69\",\"name\":\"Alessandro Lisci\",\"image\":{\"@type\":\"ImageObject\",\"inLanguage\":\"it-IT\",\"@id\":\"https:\\\/\\\/secure.gravatar.com\\\/avatar\\\/9b9712162b2ac404aa0d7d978185f203808e7bd02856a449b19868b2eb80cf12?s=96&d=mm&r=g\",\"url\":\"https:\\\/\\\/secure.gravatar.com\\\/avatar\\\/9b9712162b2ac404aa0d7d978185f203808e7bd02856a449b19868b2eb80cf12?s=96&d=mm&r=g\",\"contentUrl\":\"https:\\\/\\\/secure.gravatar.com\\\/avatar\\\/9b9712162b2ac404aa0d7d978185f203808e7bd02856a449b19868b2eb80cf12?s=96&d=mm&r=g\",\"caption\":\"Alessandro Lisci\"},\"sameAs\":[\"http:\\\/\\\/www.alessandrolisci.com\",\"https:\\\/\\\/www.facebook.com\\\/alessandro.lisci.5\",\"https:\\\/\\\/x.com\\\/https:\\\/\\\/twitter.com\\\/alessandrolisci\",\"https:\\\/\\\/www.youtube.com\\\/user\\\/alessandrolisci\"],\"url\":\"https:\\\/\\\/www.romaoggi.eu\\\/index.php\\\/author\\\/alessandro\\\/\"}]}<\/script>\n<!-- \/ Yoast SEO plugin. -->","yoast_head_json":{"title":"Agosto, cliente mio non ti conosco","description":"\u201cLa foto del giorno\u201d di Mercoled\u00ec 21 agosto 2019\u00a0\u00e8 stata inviata dal nostro lettore Claudio Giuli Agosto, cliente mio non ti conosco aspettando. Rimanendo","robots":{"index":"index","follow":"follow","max-snippet":"max-snippet:-1","max-image-preview":"max-image-preview:large","max-video-preview":"max-video-preview:-1"},"canonical":"https:\/\/www.romaoggi.eu\/index.php\/2019\/08\/21\/agosto-cliente-mio-non-ti-conosco\/","og_locale":"it_IT","og_type":"article","og_title":"Agosto, cliente mio non ti conosco","og_description":"\u201cLa foto del giorno\u201d di Mercoled\u00ec 21 agosto 2019\u00a0\u00e8 stata inviata dal nostro lettore Claudio Giuli Agosto, cliente mio non ti conosco aspettando. Rimanendo","og_url":"https:\/\/www.romaoggi.eu\/index.php\/2019\/08\/21\/agosto-cliente-mio-non-ti-conosco\/","og_site_name":"roma oggi","article_publisher":"https:\/\/www.facebook.com\/RomaOggi-841544845954114","article_author":"https:\/\/www.facebook.com\/alessandro.lisci.5","article_published_time":"2019-08-21T11:15:46+00:00","article_modified_time":"2019-08-22T10:58:49+00:00","og_image":[{"width":1730,"height":1075,"url":"https:\/\/www.romaoggi.eu\/wp-content\/uploads\/2019\/08\/Photo083..copertina\u00a92019-Claudio-Giuli-21-Agosto-2019-Barbiere-Centocelle.jpg","type":"image\/jpeg"}],"author":"Alessandro Lisci","twitter_card":"summary_large_image","twitter_creator":"@https:\/\/twitter.com\/alessandrolisci","twitter_site":"@romaoggi_eu","twitter_misc":{"Scritto da":"Alessandro Lisci","Tempo di lettura stimato":"1 minuto"},"schema":{"@context":"https:\/\/schema.org","@graph":[{"@type":"Article","@id":"https:\/\/www.romaoggi.eu\/index.php\/2019\/08\/21\/agosto-cliente-mio-non-ti-conosco\/#article","isPartOf":{"@id":"https:\/\/www.romaoggi.eu\/index.php\/2019\/08\/21\/agosto-cliente-mio-non-ti-conosco\/"},"author":{"name":"Alessandro Lisci","@id":"https:\/\/www.romaoggi.eu\/#\/schema\/person\/30ada62b3bd510c45a781b7e3bf65e69"},"headline":"Agosto, cliente mio non ti conosco","datePublished":"2019-08-21T11:15:46+00:00","dateModified":"2019-08-22T10:58:49+00:00","mainEntityOfPage":{"@id":"https:\/\/www.romaoggi.eu\/index.php\/2019\/08\/21\/agosto-cliente-mio-non-ti-conosco\/"},"wordCount":225,"publisher":{"@id":"https:\/\/www.romaoggi.eu\/#organization"},"image":{"@id":"https:\/\/www.romaoggi.eu\/index.php\/2019\/08\/21\/agosto-cliente-mio-non-ti-conosco\/#primaryimage"},"thumbnailUrl":"https:\/\/www.romaoggi.eu\/wp-content\/uploads\/2019\/08\/Photo083..copertina\u00a92019-Claudio-Giuli-21-Agosto-2019-Barbiere-Centocelle.jpg","keywords":["10 agosto 2017","alessandro lisci","barbiere","Centocelle","Claudio Giuli","La foto del giorno","La satira di pasquino","pasquinate","pasquino","roma","Romanesco","RomaOggi.eu","Sindaca Virginia raggi","stazione termini"],"articleSection":["La foto del giorno"],"inLanguage":"it-IT"},{"@type":"WebPage","@id":"https:\/\/www.romaoggi.eu\/index.php\/2019\/08\/21\/agosto-cliente-mio-non-ti-conosco\/","url":"https:\/\/www.romaoggi.eu\/index.php\/2019\/08\/21\/agosto-cliente-mio-non-ti-conosco\/","name":"Agosto, cliente mio non ti conosco","isPartOf":{"@id":"https:\/\/www.romaoggi.eu\/#website"},"primaryImageOfPage":{"@id":"https:\/\/www.romaoggi.eu\/index.php\/2019\/08\/21\/agosto-cliente-mio-non-ti-conosco\/#primaryimage"},"image":{"@id":"https:\/\/www.romaoggi.eu\/index.php\/2019\/08\/21\/agosto-cliente-mio-non-ti-conosco\/#primaryimage"},"thumbnailUrl":"https:\/\/www.romaoggi.eu\/wp-content\/uploads\/2019\/08\/Photo083..copertina\u00a92019-Claudio-Giuli-21-Agosto-2019-Barbiere-Centocelle.jpg","datePublished":"2019-08-21T11:15:46+00:00","dateModified":"2019-08-22T10:58:49+00:00","description":"\u201cLa foto del giorno\u201d di Mercoled\u00ec 21 agosto 2019\u00a0\u00e8 stata inviata dal nostro lettore Claudio Giuli Agosto, cliente mio non ti conosco aspettando. Rimanendo","breadcrumb":{"@id":"https:\/\/www.romaoggi.eu\/index.php\/2019\/08\/21\/agosto-cliente-mio-non-ti-conosco\/#breadcrumb"},"inLanguage":"it-IT","potentialAction":[{"@type":"ReadAction","target":["https:\/\/www.romaoggi.eu\/index.php\/2019\/08\/21\/agosto-cliente-mio-non-ti-conosco\/"]}]},{"@type":"ImageObject","inLanguage":"it-IT","@id":"https:\/\/www.romaoggi.eu\/index.php\/2019\/08\/21\/agosto-cliente-mio-non-ti-conosco\/#primaryimage","url":"https:\/\/www.romaoggi.eu\/wp-content\/uploads\/2019\/08\/Photo083..copertina\u00a92019-Claudio-Giuli-21-Agosto-2019-Barbiere-Centocelle.jpg","contentUrl":"https:\/\/www.romaoggi.eu\/wp-content\/uploads\/2019\/08\/Photo083..copertina\u00a92019-Claudio-Giuli-21-Agosto-2019-Barbiere-Centocelle.jpg","width":1730,"height":1075,"caption":"Chiuso per ferie a Centocelle \u00a92019 Claudio Giuli"},{"@type":"BreadcrumbList","@id":"https:\/\/www.romaoggi.eu\/index.php\/2019\/08\/21\/agosto-cliente-mio-non-ti-conosco\/#breadcrumb","itemListElement":[{"@type":"ListItem","position":1,"name":"Home","item":"https:\/\/www.romaoggi.eu\/"},{"@type":"ListItem","position":2,"name":"Agosto, cliente mio non ti conosco"}]},{"@type":"WebSite","@id":"https:\/\/www.romaoggi.eu\/#website","url":"https:\/\/www.romaoggi.eu\/","name":"roma oggi","description":"Interesting News for Interesting people","publisher":{"@id":"https:\/\/www.romaoggi.eu\/#organization"},"potentialAction":[{"@type":"SearchAction","target":{"@type":"EntryPoint","urlTemplate":"https:\/\/www.romaoggi.eu\/?s={search_term_string}"},"query-input":{"@type":"PropertyValueSpecification","valueRequired":true,"valueName":"search_term_string"}}],"inLanguage":"it-IT"},{"@type":"Organization","@id":"https:\/\/www.romaoggi.eu\/#organization","name":"RomaOggi","url":"https:\/\/www.romaoggi.eu\/","logo":{"@type":"ImageObject","inLanguage":"it-IT","@id":"https:\/\/www.romaoggi.eu\/#\/schema\/logo\/image\/","url":"https:\/\/www.romaoggi.eu\/wp-content\/uploads\/2017\/04\/logowp.jpg","contentUrl":"https:\/\/www.romaoggi.eu\/wp-content\/uploads\/2017\/04\/logowp.jpg","width":300,"height":133,"caption":"RomaOggi"},"image":{"@id":"https:\/\/www.romaoggi.eu\/#\/schema\/logo\/image\/"},"sameAs":["https:\/\/www.facebook.com\/RomaOggi-841544845954114","https:\/\/x.com\/romaoggi_eu"]},{"@type":"Person","@id":"https:\/\/www.romaoggi.eu\/#\/schema\/person\/30ada62b3bd510c45a781b7e3bf65e69","name":"Alessandro Lisci","image":{"@type":"ImageObject","inLanguage":"it-IT","@id":"https:\/\/secure.gravatar.com\/avatar\/9b9712162b2ac404aa0d7d978185f203808e7bd02856a449b19868b2eb80cf12?s=96&d=mm&r=g","url":"https:\/\/secure.gravatar.com\/avatar\/9b9712162b2ac404aa0d7d978185f203808e7bd02856a449b19868b2eb80cf12?s=96&d=mm&r=g","contentUrl":"https:\/\/secure.gravatar.com\/avatar\/9b9712162b2ac404aa0d7d978185f203808e7bd02856a449b19868b2eb80cf12?s=96&d=mm&r=g","caption":"Alessandro Lisci"},"sameAs":["http:\/\/www.alessandrolisci.com","https:\/\/www.facebook.com\/alessandro.lisci.5","https:\/\/x.com\/https:\/\/twitter.com\/alessandrolisci","https:\/\/www.youtube.com\/user\/alessandrolisci"],"url":"https:\/\/www.romaoggi.eu\/index.php\/author\/alessandro\/"}]}},"_links":{"self":[{"href":"https:\/\/www.romaoggi.eu\/index.php\/wp-json\/wp\/v2\/posts\/22526","targetHints":{"allow":["GET"]}}],"collection":[{"href":"https:\/\/www.romaoggi.eu\/index.php\/wp-json\/wp\/v2\/posts"}],"about":[{"href":"https:\/\/www.romaoggi.eu\/index.php\/wp-json\/wp\/v2\/types\/post"}],"author":[{"embeddable":true,"href":"https:\/\/www.romaoggi.eu\/index.php\/wp-json\/wp\/v2\/users\/10"}],"replies":[{"embeddable":true,"href":"https:\/\/www.romaoggi.eu\/index.php\/wp-json\/wp\/v2\/comments?post=22526"}],"version-history":[{"count":4,"href":"https:\/\/www.romaoggi.eu\/index.php\/wp-json\/wp\/v2\/posts\/22526\/revisions"}],"predecessor-version":[{"id":22539,"href":"https:\/\/www.romaoggi.eu\/index.php\/wp-json\/wp\/v2\/posts\/22526\/revisions\/22539"}],"wp:featuredmedia":[{"embeddable":true,"href":"https:\/\/www.romaoggi.eu\/index.php\/wp-json\/wp\/v2\/media\/22530"}],"wp:attachment":[{"href":"https:\/\/www.romaoggi.eu\/index.php\/wp-json\/wp\/v2\/media?parent=22526"}],"wp:term":[{"taxonomy":"category","embeddable":true,"href":"https:\/\/www.romaoggi.eu\/index.php\/wp-json\/wp\/v2\/categories?post=22526"},{"taxonomy":"post_tag","embeddable":true,"href":"https:\/\/www.romaoggi.eu\/index.php\/wp-json\/wp\/v2\/tags?post=22526"}],"curies":[{"name":"wp","href":"https:\/\/api.w.org\/{rel}","templated":true}]}}