{"id":22766,"date":"2019-09-17T21:34:20","date_gmt":"2019-09-17T19:34:20","guid":{"rendered":"http:\/\/www.romaoggi.eu\/?p=22766"},"modified":"2019-09-17T21:34:20","modified_gmt":"2019-09-17T19:34:20","slug":"videocitta-il-festival-della-visione","status":"publish","type":"post","link":"https:\/\/www.romaoggi.eu\/index.php\/2019\/09\/17\/videocitta-il-festival-della-visione\/","title":{"rendered":"Videocitt\u00e0, il Festival della Visione"},"content":{"rendered":"<p>Inizia il <strong>20 settembre<\/strong> e proseguir\u00e0 fino a dicembre la seconda edizione di <strong><a href=\"https:\/\/www.videocitta.com\/\">Videocitt\u00e0,<\/a> il Festival della Visione,<\/strong> la rassegna culturale di eventi in programma a Roma legati dal filo conduttore dell\u2019audiovisivo e delle diverse discipline e forme espressive delle Immagini in movimento.<\/p>\n<p>Il programma, in continua evoluzione, viene annunciato oggi da <strong>Francesco Rutelli<\/strong>, ideatore di Videocitt\u00e0 e Presidente ANICA e da <strong>Francesco Dobrovich<\/strong>, direttore artistico, con alcune delle pi\u00f9 importati novit\u00e0 di Videocitt\u00e0 2019 &#8211; il Festival della Visione. La seconda edizione di Videocitt\u00e0 avr\u00e0 come centro nevralgico, l\u2019Ex Caserma di Via Guido Reni, di propriet\u00e0 del Gruppo Cassa Depositi e Prestiti. Spazi che, sino a dicembre, diventeranno la Videocitt\u00e0 della cultura e dell\u2019intrattenimento dove attraversare le nuove frontiere dell\u2019audiovisivo.<\/p>\n<p>Diverse sono le iniziative del programma di Videocitt\u00e0: proiezioni nella sala Intesa Sanpaolo organizzata per una capienza di 300 posti, contest internazionali, installazioni audiovisive, realt\u00e0 virtuale, intrattenimento, eventi dal vivo e talk con uno spazio di riflessione sul linguaggio audiovisivo e audiovisuale con il coinvolgimento di 100Autori. Previsti anche momenti innovativi di approfondimento sull\u2019universo multiforme delle immagini in movimento, oltre ad una sezione dedicata agli EXTRA (una programmazione di eventi eterogenei e indipendenti che saranno accolti negli spazi di Videocitt\u00e0)<\/p>\n<p>Anche le iniziative legate alla Moda, a cura di A.I. Artisanal Intelligence scelgono di rappresentarsi nell&#8217;aspetto pi\u00f9 comunicativo e contemporaneo legato all&#8217;immagine sviluppata dai comunicatori e non dai creativi, dove l&#8217;attenzione \u00e8 su chi elabora l&#8217;immagine stessa. Con questo filo conduttore, sono previsti pi\u00f9 appuntamenti: il focus sui mestieri sul tema del trucco e del trasformismo, proiezioni, mostre fotografiche, installazioni VR.<\/p>\n<p>Il Festival della Visione sconfiner\u00e0 e sar\u00e0 di nuovo nelle piazze di Roma con gli appuntamenti del videomapping, le videoinstallazioni monumentali, coinvolgendo il patrimonio storico e architettonico di Roma con i nuovi progetti di Solid Light nel centro storico della capitale e sul panoramico Palazzo dell\u2019ENI, a piazzale Mattei, di fronte il laghetto dell\u2019Eur. Durante il weekend del 18-20 ottobre la Capitale sar\u00e0 invasa da centinaia di giovani film-maker: saranno i partecipanti alla XIII edizione del concorso internazionale The 48 Hour Film Project, impegnati a realizzare un cortometraggio in sole 48 ore.<\/p>\n<p>Si conferma la collaborazione con il <strong>MAXXI<\/strong> che, in particolare, sar\u00e0 lo spazio dove andr\u00e0 di scena l\u2019arte visuale della Videoart Week, la sezione di Videocitt\u00e0 dedicata all\u2019arte contemporanea, curata da Damiana Leoni e Lorena Stamo e che avr\u00e0 come ospiti curatori e artisti di rilievo internazionale. Il programma della Videoart Week si propagher\u00e0 tra le Accademie Internazionali e le gallerie d\u2019arte contemporanea della Capitale.<\/p>\n<p><strong>Programma<\/strong><\/p>\n<p>Si parte a Guido Reni con le<strong> tre giornate del 20-21-22 settembre<\/strong> dell\u2019anteprima del <strong>Roma Creative Contest, Festival Internazionale di Cortometraggi<\/strong>, all\u2019interno del quale sono previsti incontri formativi, con uno spazio di confronto tra giovani talenti e protagonisti della produzione cinematografica italiana e internazionale, proiezioni e live performance internazionali serali.<\/p>\n<p><strong>Digital Yuppies<\/strong>, il network di professionisti e talenti dell\u2019industria digitale e creativa che ha una community online con pi\u00f9 di 3.500 iscritti di tutta Europa, in programma il 24 settembre, \u00e8 il secondo appuntamento di Videocitt\u00e0. Un format che prevede incontri con ospiti e figure di rilievo dell\u2019industria digitale e creativa che raccontano il loro percorso professionale con la possibilit\u00e0 di sviluppare una rete di connessione e contatti che crei opportunit\u00e0 lavorative e di business.<\/p>\n<p>Ottobre si apre con le opere e le rappresentazioni di animazione grafica di Errore Digitale che presenta un\u2019inedita rassegna di opere ed esibizioni portando per la prima volta a Roma alcuni tra gli esponenti pi\u00f9 influenti della scena internazionale dell\u2019avanguardia digitale e di estetica visuale con live audiovisivi, performance, installazioni audio-video.<br \/>\nPrevista il 10 ottobre l\u2019anteprima dello <strong>Spring Attitude, Festival di Musica elettronica e arte digitale<\/strong> che proseguir\u00e0 l\u201911 e il 12 ottobre presso il museo MAXXI.<\/p>\n<p>L\u2019esperienza di realt\u00e0 virtuale \u00e8 in programma dal 5 al 9 novembre all\u2019interno di Videocitt\u00e0 con Virtual Reality Experience, il festival che esplora il vasto mondo delle tecnologie immersive e il loro impatto sul nostro prossimo futuro.<\/p>\n<p>In continuit\u00e0 artistica con questa linea programmatica la mostra esperienziale prodotta da Next Exhibition in programma dal 9 ottobre fino al 6 gennaio: <strong>Claude Monet \u2013 Van Gogh The Immersive Experience<\/strong> dove l\u2019arte si fonde con la tecnologia, offrendo una straordinaria ed immersiva esperienza.<\/p>\n<p>Dopo il grande successo del videomapping della scorsa edizione, sar\u00e0 nuovamente il momento di Solid Light, il progetto dedicato alle videoinstallazioni monumentali.<br \/>\nL\u2019iniziativa prevede il 18-19-20 ottobre in anteprima mondiale un\u2019apertura notturna straordinaria al <strong>Palazzo dell\u2019ENI<\/strong> nel quartiere Eur. Il 25-26-27 ottobre il centro storico della Capitale diventer\u00e0 un museo d\u2019arte digitale a cielo aperto, con un percorso che esplora le nuove frontiere del mapping architettonico e delle arti digitali, con il videomapping in Piazza della Minerva, sulla Basilica di Sant\u2019Agostino e al Pantheon, con un\u2019installazione luminosa site specific. Il programma si completer\u00e0 con due installazioni immersive, dedicate entrambe al tema dell\u2019acqua. Le due installazioni trasformeranno per il weekend gli spazi dell\u2019Ex Caserma di Via Guido Reni in un innovativo contenitore di arte digitale, capace di trasportare gli spettatori in un viaggio sensoriale. Il collettivo catalano Onionlab presenter\u00e0 per la prima volta in Europa dopo la prima mondiale a New York l\u2019opera Phasing Rain e gli artisti romani Quiet Ensemble daranno vita alla loro ultima creazione: Ephemeral dusking sparks.<\/p>\n<p>Dal 18 ottobre al 2 novembre avr\u00e0 luogo <strong>The 48 Hour Film Project<\/strong>, il concorso cinematografico internazionale pi\u00f9 noto e longevo del mondo oltre ad essere quello con il maggior numero di partecipanti, gi\u00e0 presente nella prima edizione di Videocitt\u00e0, organizzato da LeBESTEVEM. Un contest rivolto ai giovani creativi, con l\u2019obiettivo di creare un cortometraggio in sole 48 ore. Il film vincitore garegger\u00e0 contro i cortometraggi provenienti da tutto il mondo al Filmpalooza 2020 dove, oltre al gran premio finale, potr\u00e0 aggiudicarsi la possibilit\u00e0 di concorrere nella sezione Short Film Corner al Festival di Cannes 2020. Per il quinto anno, inoltre, RUFA \u2013 Rome University of Fine Arts, assegner\u00e0 il \u201cPremio Speciale RUFA\u201d, un riconoscimento in denaro al miglior talento. (Iscrizioni aperte fino al 16 ottobre sul sito www.48hourfilm.com\/roma)<\/p>\n<p>Tra le novit\u00e0 di quest\u2019anno, lo \u201c<strong>Youth Mundus<\/strong>\u201d: Il primo <strong>Global Music &amp; Short Content Festival<\/strong> creato per le nuove generazioni. E ancora, FuoriMaker, un mini festival dedicato all\u2019incontro tra Intelligenza Artificiale e audiovisivo in programma il 18 e 19 ottobre.<\/p>\n<p>Dal 19 al 27 novembre protagonista di Videocitt\u00e0 sar\u00e0 la <strong>Videoart Week<\/strong> a cura di Damiana Leoni e Lorena Stamo. In questa edizione, si affronteranno in modo trasversale le interconnessioni tra arte contemporanea, performance, cibo, natura e tecnologia, attraverso incontri con gli artisti e numerose proiezioni audiovisive. Il programma di Videoarte per la seconda edizione di Videocitt\u00e0 prevede una serie di eventi presso il MAXXI e svilupper\u00e0 una forte collaborazione con le Accademie straniere in citt\u00e0, oltre al coinvolgimento nel programma collaterale delle principali gallerie romane, assieme a musei, fondazioni e spazi no profit. Nel corso della conferenza stampa, Francesco Rutelli ha annunciato i \u201clavori in corso\u201d di Videocitt\u00e0: eventi e incontri, in preparazione, sulle grandi sfide che riguardano l\u2019innovazione audiovisuale<\/p>\n","protected":false},"excerpt":{"rendered":"<div class=\"mh-excerpt\"><p>Inizia il 20 settembre e proseguir\u00e0 fino a dicembre la seconda edizione di Videocitt\u00e0, il Festival della Visione, la rassegna culturale di eventi in programma a Roma legati dal filo conduttore dell\u2019audiovisivo e delle diverse <a class=\"mh-excerpt-more\" href=\"https:\/\/www.romaoggi.eu\/index.php\/2019\/09\/17\/videocitta-il-festival-della-visione\/\" title=\"Videocitt\u00e0, il Festival della Visione\">[&#8230;]<\/a><\/p>\n<\/div>","protected":false},"author":13,"featured_media":22767,"comment_status":"closed","ping_status":"open","sticky":false,"template":"","format":"standard","meta":{"_sitemap_exclude":false,"_sitemap_priority":"","_sitemap_frequency":"","footnotes":""},"categories":[4480],"tags":[13218,13219,3274,6222,13221,13220,13222,13224,13217,13223],"class_list":["post-22766","post","type-post","status-publish","format-standard","has-post-thumbnail","hentry","category-cultura","tag-anica","tag-francesco-dobrovich","tag-francesco-rutelli","tag-maxxi","tag-palazzo-delleni","tag-spring-attitude","tag-the-48-hour-film-project","tag-videoart-week","tag-videocitta","tag-youth-mundus"],"yoast_head":"<!-- This site is optimized with the Yoast SEO plugin v27.5 - https:\/\/yoast.com\/product\/yoast-seo-wordpress\/ -->\n<title>Videocitt\u00e0, il Festival della Visione<\/title>\n<meta name=\"description\" content=\"Inizia il 20 settembre e proseguir\u00e0 fino a dicembre la seconda edizione di Videocitt\u00e0, il Festival della Visione, la rassegna culturale di eventi in\" \/>\n<meta name=\"robots\" content=\"index, follow, max-snippet:-1, max-image-preview:large, max-video-preview:-1\" \/>\n<link rel=\"canonical\" href=\"https:\/\/www.romaoggi.eu\/index.php\/2019\/09\/17\/videocitta-il-festival-della-visione\/\" \/>\n<meta property=\"og:locale\" content=\"it_IT\" \/>\n<meta property=\"og:type\" content=\"article\" \/>\n<meta property=\"og:title\" content=\"Videocitt\u00e0, il Festival della Visione\" \/>\n<meta property=\"og:description\" content=\"Inizia il 20 settembre e proseguir\u00e0 fino a dicembre la seconda edizione di Videocitt\u00e0, il Festival della Visione, la rassegna culturale di eventi in\" \/>\n<meta property=\"og:url\" content=\"https:\/\/www.romaoggi.eu\/index.php\/2019\/09\/17\/videocitta-il-festival-della-visione\/\" \/>\n<meta property=\"og:site_name\" content=\"roma oggi\" \/>\n<meta property=\"article:publisher\" content=\"https:\/\/www.facebook.com\/RomaOggi-841544845954114\" \/>\n<meta property=\"article:published_time\" content=\"2019-09-17T19:34:20+00:00\" \/>\n<meta property=\"og:image\" content=\"https:\/\/www.romaoggi.eu\/wp-content\/uploads\/2019\/09\/Francesco-Rutelli-Presidente-Anica-e-ideatore-Videocitt\u00e0-246770.jpg\" \/>\n\t<meta property=\"og:image:width\" content=\"4119\" \/>\n\t<meta property=\"og:image:height\" content=\"2746\" \/>\n\t<meta property=\"og:image:type\" content=\"image\/jpeg\" \/>\n<meta name=\"author\" content=\"Federica Pansadoro\" \/>\n<meta name=\"twitter:card\" content=\"summary_large_image\" \/>\n<meta name=\"twitter:creator\" content=\"@romaoggi_eu\" \/>\n<meta name=\"twitter:site\" content=\"@romaoggi_eu\" \/>\n<meta name=\"twitter:label1\" content=\"Scritto da\" \/>\n\t<meta name=\"twitter:data1\" content=\"Federica Pansadoro\" \/>\n\t<meta name=\"twitter:label2\" content=\"Tempo di lettura stimato\" \/>\n\t<meta name=\"twitter:data2\" content=\"6 minuti\" \/>\n<script type=\"application\/ld+json\" class=\"yoast-schema-graph\">{\"@context\":\"https:\\\/\\\/schema.org\",\"@graph\":[{\"@type\":\"Article\",\"@id\":\"https:\\\/\\\/www.romaoggi.eu\\\/index.php\\\/2019\\\/09\\\/17\\\/videocitta-il-festival-della-visione\\\/#article\",\"isPartOf\":{\"@id\":\"https:\\\/\\\/www.romaoggi.eu\\\/index.php\\\/2019\\\/09\\\/17\\\/videocitta-il-festival-della-visione\\\/\"},\"author\":{\"name\":\"Federica Pansadoro\",\"@id\":\"https:\\\/\\\/www.romaoggi.eu\\\/#\\\/schema\\\/person\\\/569485df663c86fd2d0179a6643546f9\"},\"headline\":\"Videocitt\u00e0, il Festival della Visione\",\"datePublished\":\"2019-09-17T19:34:20+00:00\",\"mainEntityOfPage\":{\"@id\":\"https:\\\/\\\/www.romaoggi.eu\\\/index.php\\\/2019\\\/09\\\/17\\\/videocitta-il-festival-della-visione\\\/\"},\"wordCount\":1183,\"publisher\":{\"@id\":\"https:\\\/\\\/www.romaoggi.eu\\\/#organization\"},\"image\":{\"@id\":\"https:\\\/\\\/www.romaoggi.eu\\\/index.php\\\/2019\\\/09\\\/17\\\/videocitta-il-festival-della-visione\\\/#primaryimage\"},\"thumbnailUrl\":\"https:\\\/\\\/www.romaoggi.eu\\\/wp-content\\\/uploads\\\/2019\\\/09\\\/Francesco-Rutelli-Presidente-Anica-e-ideatore-Videocitt\u00e0-246770.jpg\",\"keywords\":[\"Anica\",\"Francesco Dobrovich\",\"Francesco Rutelli\",\"Maxxi\",\"Palazzo dell\u2019ENI\",\"Spring Attitude\",\"The 48 Hour Film Project\",\"Videoart Week\",\"Videocitt\u00e0\",\"Youth Mundus\"],\"articleSection\":[\"cultura\"],\"inLanguage\":\"it-IT\"},{\"@type\":\"WebPage\",\"@id\":\"https:\\\/\\\/www.romaoggi.eu\\\/index.php\\\/2019\\\/09\\\/17\\\/videocitta-il-festival-della-visione\\\/\",\"url\":\"https:\\\/\\\/www.romaoggi.eu\\\/index.php\\\/2019\\\/09\\\/17\\\/videocitta-il-festival-della-visione\\\/\",\"name\":\"Videocitt\u00e0, il Festival della Visione\",\"isPartOf\":{\"@id\":\"https:\\\/\\\/www.romaoggi.eu\\\/#website\"},\"primaryImageOfPage\":{\"@id\":\"https:\\\/\\\/www.romaoggi.eu\\\/index.php\\\/2019\\\/09\\\/17\\\/videocitta-il-festival-della-visione\\\/#primaryimage\"},\"image\":{\"@id\":\"https:\\\/\\\/www.romaoggi.eu\\\/index.php\\\/2019\\\/09\\\/17\\\/videocitta-il-festival-della-visione\\\/#primaryimage\"},\"thumbnailUrl\":\"https:\\\/\\\/www.romaoggi.eu\\\/wp-content\\\/uploads\\\/2019\\\/09\\\/Francesco-Rutelli-Presidente-Anica-e-ideatore-Videocitt\u00e0-246770.jpg\",\"datePublished\":\"2019-09-17T19:34:20+00:00\",\"description\":\"Inizia il 20 settembre e proseguir\u00e0 fino a dicembre la seconda edizione di Videocitt\u00e0, il Festival della Visione, la rassegna culturale di eventi in\",\"breadcrumb\":{\"@id\":\"https:\\\/\\\/www.romaoggi.eu\\\/index.php\\\/2019\\\/09\\\/17\\\/videocitta-il-festival-della-visione\\\/#breadcrumb\"},\"inLanguage\":\"it-IT\",\"potentialAction\":[{\"@type\":\"ReadAction\",\"target\":[\"https:\\\/\\\/www.romaoggi.eu\\\/index.php\\\/2019\\\/09\\\/17\\\/videocitta-il-festival-della-visione\\\/\"]}]},{\"@type\":\"ImageObject\",\"inLanguage\":\"it-IT\",\"@id\":\"https:\\\/\\\/www.romaoggi.eu\\\/index.php\\\/2019\\\/09\\\/17\\\/videocitta-il-festival-della-visione\\\/#primaryimage\",\"url\":\"https:\\\/\\\/www.romaoggi.eu\\\/wp-content\\\/uploads\\\/2019\\\/09\\\/Francesco-Rutelli-Presidente-Anica-e-ideatore-Videocitt\u00e0-246770.jpg\",\"contentUrl\":\"https:\\\/\\\/www.romaoggi.eu\\\/wp-content\\\/uploads\\\/2019\\\/09\\\/Francesco-Rutelli-Presidente-Anica-e-ideatore-Videocitt\u00e0-246770.jpg\",\"width\":4119,\"height\":2746},{\"@type\":\"BreadcrumbList\",\"@id\":\"https:\\\/\\\/www.romaoggi.eu\\\/index.php\\\/2019\\\/09\\\/17\\\/videocitta-il-festival-della-visione\\\/#breadcrumb\",\"itemListElement\":[{\"@type\":\"ListItem\",\"position\":1,\"name\":\"Home\",\"item\":\"https:\\\/\\\/www.romaoggi.eu\\\/\"},{\"@type\":\"ListItem\",\"position\":2,\"name\":\"Videocitt\u00e0, il Festival della Visione\"}]},{\"@type\":\"WebSite\",\"@id\":\"https:\\\/\\\/www.romaoggi.eu\\\/#website\",\"url\":\"https:\\\/\\\/www.romaoggi.eu\\\/\",\"name\":\"roma oggi\",\"description\":\"Interesting News for Interesting people\",\"publisher\":{\"@id\":\"https:\\\/\\\/www.romaoggi.eu\\\/#organization\"},\"potentialAction\":[{\"@type\":\"SearchAction\",\"target\":{\"@type\":\"EntryPoint\",\"urlTemplate\":\"https:\\\/\\\/www.romaoggi.eu\\\/?s={search_term_string}\"},\"query-input\":{\"@type\":\"PropertyValueSpecification\",\"valueRequired\":true,\"valueName\":\"search_term_string\"}}],\"inLanguage\":\"it-IT\"},{\"@type\":\"Organization\",\"@id\":\"https:\\\/\\\/www.romaoggi.eu\\\/#organization\",\"name\":\"RomaOggi\",\"url\":\"https:\\\/\\\/www.romaoggi.eu\\\/\",\"logo\":{\"@type\":\"ImageObject\",\"inLanguage\":\"it-IT\",\"@id\":\"https:\\\/\\\/www.romaoggi.eu\\\/#\\\/schema\\\/logo\\\/image\\\/\",\"url\":\"https:\\\/\\\/www.romaoggi.eu\\\/wp-content\\\/uploads\\\/2017\\\/04\\\/logowp.jpg\",\"contentUrl\":\"https:\\\/\\\/www.romaoggi.eu\\\/wp-content\\\/uploads\\\/2017\\\/04\\\/logowp.jpg\",\"width\":300,\"height\":133,\"caption\":\"RomaOggi\"},\"image\":{\"@id\":\"https:\\\/\\\/www.romaoggi.eu\\\/#\\\/schema\\\/logo\\\/image\\\/\"},\"sameAs\":[\"https:\\\/\\\/www.facebook.com\\\/RomaOggi-841544845954114\",\"https:\\\/\\\/x.com\\\/romaoggi_eu\"]},{\"@type\":\"Person\",\"@id\":\"https:\\\/\\\/www.romaoggi.eu\\\/#\\\/schema\\\/person\\\/569485df663c86fd2d0179a6643546f9\",\"name\":\"Federica Pansadoro\",\"image\":{\"@type\":\"ImageObject\",\"inLanguage\":\"it-IT\",\"@id\":\"https:\\\/\\\/secure.gravatar.com\\\/avatar\\\/646783eb26ef4eab9fe24f298081663814c4d6acd6ea1c44b2633e8176ba1dc5?s=96&d=mm&r=g\",\"url\":\"https:\\\/\\\/secure.gravatar.com\\\/avatar\\\/646783eb26ef4eab9fe24f298081663814c4d6acd6ea1c44b2633e8176ba1dc5?s=96&d=mm&r=g\",\"contentUrl\":\"https:\\\/\\\/secure.gravatar.com\\\/avatar\\\/646783eb26ef4eab9fe24f298081663814c4d6acd6ea1c44b2633e8176ba1dc5?s=96&d=mm&r=g\",\"caption\":\"Federica Pansadoro\"},\"sameAs\":[\"https:\\\/\\\/www.youtube.com\\\/channel\\\/UCN8Y45Fmdd0XBagxT7qUVEA\"],\"url\":\"https:\\\/\\\/www.romaoggi.eu\\\/index.php\\\/author\\\/federica\\\/\"}]}<\/script>\n<!-- \/ Yoast SEO plugin. -->","yoast_head_json":{"title":"Videocitt\u00e0, il Festival della Visione","description":"Inizia il 20 settembre e proseguir\u00e0 fino a dicembre la seconda edizione di Videocitt\u00e0, il Festival della Visione, la rassegna culturale di eventi in","robots":{"index":"index","follow":"follow","max-snippet":"max-snippet:-1","max-image-preview":"max-image-preview:large","max-video-preview":"max-video-preview:-1"},"canonical":"https:\/\/www.romaoggi.eu\/index.php\/2019\/09\/17\/videocitta-il-festival-della-visione\/","og_locale":"it_IT","og_type":"article","og_title":"Videocitt\u00e0, il Festival della Visione","og_description":"Inizia il 20 settembre e proseguir\u00e0 fino a dicembre la seconda edizione di Videocitt\u00e0, il Festival della Visione, la rassegna culturale di eventi in","og_url":"https:\/\/www.romaoggi.eu\/index.php\/2019\/09\/17\/videocitta-il-festival-della-visione\/","og_site_name":"roma oggi","article_publisher":"https:\/\/www.facebook.com\/RomaOggi-841544845954114","article_published_time":"2019-09-17T19:34:20+00:00","og_image":[{"width":4119,"height":2746,"url":"https:\/\/www.romaoggi.eu\/wp-content\/uploads\/2019\/09\/Francesco-Rutelli-Presidente-Anica-e-ideatore-Videocitt\u00e0-246770.jpg","type":"image\/jpeg"}],"author":"Federica Pansadoro","twitter_card":"summary_large_image","twitter_creator":"@romaoggi_eu","twitter_site":"@romaoggi_eu","twitter_misc":{"Scritto da":"Federica Pansadoro","Tempo di lettura stimato":"6 minuti"},"schema":{"@context":"https:\/\/schema.org","@graph":[{"@type":"Article","@id":"https:\/\/www.romaoggi.eu\/index.php\/2019\/09\/17\/videocitta-il-festival-della-visione\/#article","isPartOf":{"@id":"https:\/\/www.romaoggi.eu\/index.php\/2019\/09\/17\/videocitta-il-festival-della-visione\/"},"author":{"name":"Federica Pansadoro","@id":"https:\/\/www.romaoggi.eu\/#\/schema\/person\/569485df663c86fd2d0179a6643546f9"},"headline":"Videocitt\u00e0, il Festival della Visione","datePublished":"2019-09-17T19:34:20+00:00","mainEntityOfPage":{"@id":"https:\/\/www.romaoggi.eu\/index.php\/2019\/09\/17\/videocitta-il-festival-della-visione\/"},"wordCount":1183,"publisher":{"@id":"https:\/\/www.romaoggi.eu\/#organization"},"image":{"@id":"https:\/\/www.romaoggi.eu\/index.php\/2019\/09\/17\/videocitta-il-festival-della-visione\/#primaryimage"},"thumbnailUrl":"https:\/\/www.romaoggi.eu\/wp-content\/uploads\/2019\/09\/Francesco-Rutelli-Presidente-Anica-e-ideatore-Videocitt\u00e0-246770.jpg","keywords":["Anica","Francesco Dobrovich","Francesco Rutelli","Maxxi","Palazzo dell\u2019ENI","Spring Attitude","The 48 Hour Film Project","Videoart Week","Videocitt\u00e0","Youth Mundus"],"articleSection":["cultura"],"inLanguage":"it-IT"},{"@type":"WebPage","@id":"https:\/\/www.romaoggi.eu\/index.php\/2019\/09\/17\/videocitta-il-festival-della-visione\/","url":"https:\/\/www.romaoggi.eu\/index.php\/2019\/09\/17\/videocitta-il-festival-della-visione\/","name":"Videocitt\u00e0, il Festival della Visione","isPartOf":{"@id":"https:\/\/www.romaoggi.eu\/#website"},"primaryImageOfPage":{"@id":"https:\/\/www.romaoggi.eu\/index.php\/2019\/09\/17\/videocitta-il-festival-della-visione\/#primaryimage"},"image":{"@id":"https:\/\/www.romaoggi.eu\/index.php\/2019\/09\/17\/videocitta-il-festival-della-visione\/#primaryimage"},"thumbnailUrl":"https:\/\/www.romaoggi.eu\/wp-content\/uploads\/2019\/09\/Francesco-Rutelli-Presidente-Anica-e-ideatore-Videocitt\u00e0-246770.jpg","datePublished":"2019-09-17T19:34:20+00:00","description":"Inizia il 20 settembre e proseguir\u00e0 fino a dicembre la seconda edizione di Videocitt\u00e0, il Festival della Visione, la rassegna culturale di eventi in","breadcrumb":{"@id":"https:\/\/www.romaoggi.eu\/index.php\/2019\/09\/17\/videocitta-il-festival-della-visione\/#breadcrumb"},"inLanguage":"it-IT","potentialAction":[{"@type":"ReadAction","target":["https:\/\/www.romaoggi.eu\/index.php\/2019\/09\/17\/videocitta-il-festival-della-visione\/"]}]},{"@type":"ImageObject","inLanguage":"it-IT","@id":"https:\/\/www.romaoggi.eu\/index.php\/2019\/09\/17\/videocitta-il-festival-della-visione\/#primaryimage","url":"https:\/\/www.romaoggi.eu\/wp-content\/uploads\/2019\/09\/Francesco-Rutelli-Presidente-Anica-e-ideatore-Videocitt\u00e0-246770.jpg","contentUrl":"https:\/\/www.romaoggi.eu\/wp-content\/uploads\/2019\/09\/Francesco-Rutelli-Presidente-Anica-e-ideatore-Videocitt\u00e0-246770.jpg","width":4119,"height":2746},{"@type":"BreadcrumbList","@id":"https:\/\/www.romaoggi.eu\/index.php\/2019\/09\/17\/videocitta-il-festival-della-visione\/#breadcrumb","itemListElement":[{"@type":"ListItem","position":1,"name":"Home","item":"https:\/\/www.romaoggi.eu\/"},{"@type":"ListItem","position":2,"name":"Videocitt\u00e0, il Festival della Visione"}]},{"@type":"WebSite","@id":"https:\/\/www.romaoggi.eu\/#website","url":"https:\/\/www.romaoggi.eu\/","name":"roma oggi","description":"Interesting News for Interesting people","publisher":{"@id":"https:\/\/www.romaoggi.eu\/#organization"},"potentialAction":[{"@type":"SearchAction","target":{"@type":"EntryPoint","urlTemplate":"https:\/\/www.romaoggi.eu\/?s={search_term_string}"},"query-input":{"@type":"PropertyValueSpecification","valueRequired":true,"valueName":"search_term_string"}}],"inLanguage":"it-IT"},{"@type":"Organization","@id":"https:\/\/www.romaoggi.eu\/#organization","name":"RomaOggi","url":"https:\/\/www.romaoggi.eu\/","logo":{"@type":"ImageObject","inLanguage":"it-IT","@id":"https:\/\/www.romaoggi.eu\/#\/schema\/logo\/image\/","url":"https:\/\/www.romaoggi.eu\/wp-content\/uploads\/2017\/04\/logowp.jpg","contentUrl":"https:\/\/www.romaoggi.eu\/wp-content\/uploads\/2017\/04\/logowp.jpg","width":300,"height":133,"caption":"RomaOggi"},"image":{"@id":"https:\/\/www.romaoggi.eu\/#\/schema\/logo\/image\/"},"sameAs":["https:\/\/www.facebook.com\/RomaOggi-841544845954114","https:\/\/x.com\/romaoggi_eu"]},{"@type":"Person","@id":"https:\/\/www.romaoggi.eu\/#\/schema\/person\/569485df663c86fd2d0179a6643546f9","name":"Federica Pansadoro","image":{"@type":"ImageObject","inLanguage":"it-IT","@id":"https:\/\/secure.gravatar.com\/avatar\/646783eb26ef4eab9fe24f298081663814c4d6acd6ea1c44b2633e8176ba1dc5?s=96&d=mm&r=g","url":"https:\/\/secure.gravatar.com\/avatar\/646783eb26ef4eab9fe24f298081663814c4d6acd6ea1c44b2633e8176ba1dc5?s=96&d=mm&r=g","contentUrl":"https:\/\/secure.gravatar.com\/avatar\/646783eb26ef4eab9fe24f298081663814c4d6acd6ea1c44b2633e8176ba1dc5?s=96&d=mm&r=g","caption":"Federica Pansadoro"},"sameAs":["https:\/\/www.youtube.com\/channel\/UCN8Y45Fmdd0XBagxT7qUVEA"],"url":"https:\/\/www.romaoggi.eu\/index.php\/author\/federica\/"}]}},"_links":{"self":[{"href":"https:\/\/www.romaoggi.eu\/index.php\/wp-json\/wp\/v2\/posts\/22766","targetHints":{"allow":["GET"]}}],"collection":[{"href":"https:\/\/www.romaoggi.eu\/index.php\/wp-json\/wp\/v2\/posts"}],"about":[{"href":"https:\/\/www.romaoggi.eu\/index.php\/wp-json\/wp\/v2\/types\/post"}],"author":[{"embeddable":true,"href":"https:\/\/www.romaoggi.eu\/index.php\/wp-json\/wp\/v2\/users\/13"}],"replies":[{"embeddable":true,"href":"https:\/\/www.romaoggi.eu\/index.php\/wp-json\/wp\/v2\/comments?post=22766"}],"version-history":[{"count":3,"href":"https:\/\/www.romaoggi.eu\/index.php\/wp-json\/wp\/v2\/posts\/22766\/revisions"}],"predecessor-version":[{"id":22770,"href":"https:\/\/www.romaoggi.eu\/index.php\/wp-json\/wp\/v2\/posts\/22766\/revisions\/22770"}],"wp:featuredmedia":[{"embeddable":true,"href":"https:\/\/www.romaoggi.eu\/index.php\/wp-json\/wp\/v2\/media\/22767"}],"wp:attachment":[{"href":"https:\/\/www.romaoggi.eu\/index.php\/wp-json\/wp\/v2\/media?parent=22766"}],"wp:term":[{"taxonomy":"category","embeddable":true,"href":"https:\/\/www.romaoggi.eu\/index.php\/wp-json\/wp\/v2\/categories?post=22766"},{"taxonomy":"post_tag","embeddable":true,"href":"https:\/\/www.romaoggi.eu\/index.php\/wp-json\/wp\/v2\/tags?post=22766"}],"curies":[{"name":"wp","href":"https:\/\/api.w.org\/{rel}","templated":true}]}}