{"id":22840,"date":"2019-09-25T11:26:09","date_gmt":"2019-09-25T09:26:09","guid":{"rendered":"http:\/\/www.romaoggi.eu\/?p=22840"},"modified":"2019-09-25T11:36:04","modified_gmt":"2019-09-25T09:36:04","slug":"energia-ed-emozioni-al-concerto-di-seby-mangiameli-il-viaggio","status":"publish","type":"post","link":"https:\/\/www.romaoggi.eu\/index.php\/2019\/09\/25\/energia-ed-emozioni-al-concerto-di-seby-mangiameli-il-viaggio\/","title":{"rendered":"Energia ed emozioni al concerto di Seby Mangiameli &#8220;Il Viaggio&#8221;"},"content":{"rendered":"<div>\n<p>Roma: Grandi energia, grandi emozioni al concerto di <strong>Seby Mangiameli<\/strong> &#8220;<strong>Il Viaggio&#8221;.<\/strong><\/p>\n<\/div>\n<div><\/div>\n<div style=\"text-align: justify;\">\u00c8 stato uno dei concerti pi\u00f9 emozionanti, quello del cantautore <strong>Seby Mangiameli,<\/strong> lo scorso <strong>21 settembre al <a href=\"https:\/\/www.arciliuto.it\/\">Teatro Arciliuto<\/a><\/strong> per la tappa romana del suo tour &#8220;<strong>Il Viaggio&#8221;<\/strong>.\u00a0 Emozioni reiterare sin dall\u2019opening la cui presentazione \u00e8 stata fatta dalla prestigiosa presenza di Radio Italia anni 60 rappresentata per l\u2019occasione dallo spumeggiante Dj Lele San e fino alla toccante dedica che il cantautore ha voluto fare a Massimo Benenato figlio dell\u2019indimenticabile Franco Franchi, presente tra il pubblico in sala, accompagnato dalla moglie. Vibrazioni emozionanti all\u2019incipit di \u201cE Vulannu Vulannu Vulannu\u201d brano del 1974 che fu la sigla finale del film &#8220;Farfallon&#8221; con appunto Franco Franchi e Ciccio Ingrassia.<\/div>\n<div><\/div>\n<div><\/div>\n<div style=\"text-align: justify;\">Altro momento toccantissimo l\u2019introduzione del brano \u201c<strong>il volo della farfalla<\/strong>\u201d titolo tratto dal libro dell\u2019amica <strong>Adriana Faranda,<\/strong> il cui testo \u00e8 stato co-scritto con<strong> Alexandra Rosati<\/strong>, figlia di Alessandra.<\/div>\n<div>\n<figure id=\"attachment_22843\" aria-describedby=\"caption-attachment-22843\" style=\"width: 1024px\" class=\"wp-caption aligncenter\"><img loading=\"lazy\" decoding=\"async\" class=\"wp-image-22843 size-large\" src=\"https:\/\/www.romaoggi.eu\/wp-content\/uploads\/2019\/09\/Seby-Mangiameli-Massimo-Benenato-e-Moglie-1024x683.jpg\" alt=\"alt tag Seby Mangiameli\" width=\"1024\" height=\"683\" srcset=\"https:\/\/www.romaoggi.eu\/wp-content\/uploads\/2019\/09\/Seby-Mangiameli-Massimo-Benenato-e-Moglie-1024x683.jpg 1024w, https:\/\/www.romaoggi.eu\/wp-content\/uploads\/2019\/09\/Seby-Mangiameli-Massimo-Benenato-e-Moglie-300x200.jpg 300w\" sizes=\"auto, (max-width: 1024px) 100vw, 1024px\" \/><figcaption id=\"caption-attachment-22843\" class=\"wp-caption-text\">Seby Mangiameli, Massimo Benenato e Moglie -Foto-Leonardo Parisi \u2013 Lp Studio<\/figcaption><\/figure>\n<\/div>\n<div style=\"text-align: justify;\"><\/div>\n<div style=\"text-align: justify;\">Molti i nomi illustri del mondo della musica e spettacolo presenti in sala, venuti ad omaggiare ed ascoltare il concerto di Seby Mangiameli ed i Tedranura, tra cui Vito Vignola, musicista e compositore, la cantautrice Maria Federica Selvi, la principessa e musicista Stella Camelia Enescu, ma anche il pubblico e i fans del cantautore che da diverse localit\u00e0 italiane si sono radunati a Roma per questa occasione per incontrare il loro beniamino.<\/div>\n<div style=\"text-align: justify;\"><\/div>\n<div style=\"text-align: justify;\">Simpatico vedere il pubblico ticchettare con i piedi a ritmo di musica, ora dolce e melodica, ora allegra, ma sempre pienamente coinvolti in un flusso emozionale davvero intenso, quasi travolgente.<\/div>\n<div style=\"text-align: justify;\"><\/div>\n<div style=\"text-align: justify;\">La band, fortissima, per questa tappa oltre al front man Seby Mangiameli, voce e chitarre, \u00e8 stata composta da Rachele Amore, voce, chitarra e percussioni ed il Maestro Salvo Amore alle chitarre.<\/div>\n<div style=\"text-align: justify;\"><\/div>\n<div style=\"text-align: justify;\">La tourn\u00e8e <strong>&#8220;Il Viaggio&#8221;<\/strong> \u00e8 stato il cult di questa estate riscuotendo in tutta Italia notevoli consensi sia di pubblico che apprezzamenti ripetuti da parte dalla stampa.<\/div>\n<div style=\"text-align: justify;\"><\/div>\n<div style=\"text-align: justify;\">Le sorprese e le riprove continuano anche in questa stagione autunnale confermando Seby Mangiameli un riferimento pi\u00f9 che valido nel panorama del cantautorato colto italiano attuale ed un possibile erede di De Andr\u00e8. La musica che propone l&#8217;artista \u00e8 infatti di altissimo livello, sia nei testi che nelle splendide musiche raccolte nel CD \u201cIl Viaggio\u201d co-prodotto con l\u2019amico Giuseppe Matarazzo, opera in cui convergono numerose influenze che vanno dai suoni mediterranei fino all&#8217;etno-folk-jazz.\u00a0 Si sente infatti forte l\u2019influenza della canzone d\u2019autore in tutte le 12 tracce del CD &#8220;Il Viaggio&#8221;.<\/div>\n<div style=\"text-align: justify;\"><\/div>\n<div style=\"text-align: justify;\">Non \u00e8 mancata in chiusura l\u2019omaggio alla sua amata Sicilia, con il brano \u201c<strong>Sicilia Omnia est<\/strong>\u201d, gradevole romanza musicata e \u201cSignora di Nivi\u201d in dialetto ed omaggio all\u2019Etna. Inevitabile il bis richiesto anzi preteso a pi\u00f9 voci concesso con il brano \u201cAmami\u201d.<\/div>\n<div>\n<figure id=\"attachment_22847\" aria-describedby=\"caption-attachment-22847\" style=\"width: 1024px\" class=\"wp-caption aligncenter\"><img loading=\"lazy\" decoding=\"async\" class=\"wp-image-22847 size-large\" src=\"https:\/\/www.romaoggi.eu\/wp-content\/uploads\/2019\/09\/Seby-Mangiameli-i-Tedranura-e-Radio-Italia-Anni-60-1024x683.jpg\" alt=\"alt tag Seby Mangiameli \" width=\"1024\" height=\"683\" srcset=\"https:\/\/www.romaoggi.eu\/wp-content\/uploads\/2019\/09\/Seby-Mangiameli-i-Tedranura-e-Radio-Italia-Anni-60-1024x683.jpg 1024w, https:\/\/www.romaoggi.eu\/wp-content\/uploads\/2019\/09\/Seby-Mangiameli-i-Tedranura-e-Radio-Italia-Anni-60-300x200.jpg 300w\" sizes=\"auto, (max-width: 1024px) 100vw, 1024px\" \/><figcaption id=\"caption-attachment-22847\" class=\"wp-caption-text\">Seby Mangiameli i Tedranura e Radio Italia Anni 60 &#8211; foto:Leonardo Parisi \u2013 Lp Studio<\/figcaption><\/figure>\n<\/div>\n<div style=\"text-align: justify;\"><\/div>\n<div><a href=\"https:\/\/www.romaoggi.eu\/index.php\/2019\/06\/14\/t-e-m-i-t-rassegna-festival-in-italia-per-il-teatro-audiovisivo\/\"><strong>Ester Campese<\/strong><\/a><\/div>\n<p class=\"m_-6774152054540645361default-style\">\n","protected":false},"excerpt":{"rendered":"<div class=\"mh-excerpt\"><p>Roma: Grandi energia, grandi emozioni al concerto di Seby Mangiameli &#8220;Il Viaggio&#8221;. \u00c8 stato uno dei concerti pi\u00f9 emozionanti, quello del cantautore Seby Mangiameli, lo scorso 21 settembre al Teatro Arciliuto per la tappa romana <a class=\"mh-excerpt-more\" href=\"https:\/\/www.romaoggi.eu\/index.php\/2019\/09\/25\/energia-ed-emozioni-al-concerto-di-seby-mangiameli-il-viaggio\/\" title=\"Energia ed emozioni al concerto di Seby Mangiameli &#8220;Il Viaggio&#8221;\">[&#8230;]<\/a><\/p>\n<\/div>","protected":false},"author":1,"featured_media":22849,"comment_status":"closed","ping_status":"open","sticky":false,"template":"","format":"standard","meta":{"_sitemap_exclude":false,"_sitemap_priority":"","_sitemap_frequency":"","footnotes":""},"categories":[4],"tags":[5461,1281,3055,13253,13252,6493,13254],"class_list":["post-22840","post","type-post","status-publish","format-standard","has-post-thumbnail","hentry","category-spettacolo","tag-arciliuto","tag-concerto","tag-ester-campese","tag-leonardo-parisi","tag-seby-mangiameli","tag-teatro-arciliuto","tag-tedranura"],"yoast_head":"<!-- This site is optimized with the Yoast SEO plugin v27.4 - https:\/\/yoast.com\/product\/yoast-seo-wordpress\/ -->\n<title>Energia ed emozioni al concerto di Seby Mangiameli &quot;Il Viaggio&quot;<\/title>\n<meta name=\"description\" content=\"Roma: Grandi energia, grandi emozioni al concerto di Seby Mangiameli &quot;Il Viaggio&quot;. \u00c8 stato uno dei concerti pi\u00f9 emozionanti, quello del cantautore Seby\" \/>\n<meta name=\"robots\" content=\"index, follow, max-snippet:-1, max-image-preview:large, max-video-preview:-1\" \/>\n<link rel=\"canonical\" href=\"https:\/\/www.romaoggi.eu\/index.php\/2019\/09\/25\/energia-ed-emozioni-al-concerto-di-seby-mangiameli-il-viaggio\/\" \/>\n<meta property=\"og:locale\" content=\"it_IT\" \/>\n<meta property=\"og:type\" content=\"article\" \/>\n<meta property=\"og:title\" content=\"Energia ed emozioni al concerto di Seby Mangiameli &quot;Il Viaggio&quot;\" \/>\n<meta property=\"og:description\" content=\"Roma: Grandi energia, grandi emozioni al concerto di Seby Mangiameli &quot;Il Viaggio&quot;. \u00c8 stato uno dei concerti pi\u00f9 emozionanti, quello del cantautore Seby\" \/>\n<meta property=\"og:url\" content=\"https:\/\/www.romaoggi.eu\/index.php\/2019\/09\/25\/energia-ed-emozioni-al-concerto-di-seby-mangiameli-il-viaggio\/\" \/>\n<meta property=\"og:site_name\" content=\"roma oggi\" \/>\n<meta property=\"article:publisher\" content=\"https:\/\/www.facebook.com\/RomaOggi-841544845954114\" \/>\n<meta property=\"article:published_time\" content=\"2019-09-25T09:26:09+00:00\" \/>\n<meta property=\"article:modified_time\" content=\"2019-09-25T09:36:04+00:00\" \/>\n<meta property=\"og:image\" content=\"https:\/\/www.romaoggi.eu\/wp-content\/uploads\/2019\/09\/1.jpg\" \/>\n\t<meta property=\"og:image:width\" content=\"1801\" \/>\n\t<meta property=\"og:image:height\" content=\"1769\" \/>\n\t<meta property=\"og:image:type\" content=\"image\/jpeg\" \/>\n<meta name=\"author\" content=\"admin\" \/>\n<meta name=\"twitter:card\" content=\"summary_large_image\" \/>\n<meta name=\"twitter:creator\" content=\"@romaoggi_eu\" \/>\n<meta name=\"twitter:site\" content=\"@romaoggi_eu\" \/>\n<meta name=\"twitter:label1\" content=\"Scritto da\" \/>\n\t<meta name=\"twitter:data1\" content=\"admin\" \/>\n\t<meta name=\"twitter:label2\" content=\"Tempo di lettura stimato\" \/>\n\t<meta name=\"twitter:data2\" content=\"2 minuti\" \/>\n<script type=\"application\/ld+json\" class=\"yoast-schema-graph\">{\"@context\":\"https:\\\/\\\/schema.org\",\"@graph\":[{\"@type\":\"Article\",\"@id\":\"https:\\\/\\\/www.romaoggi.eu\\\/index.php\\\/2019\\\/09\\\/25\\\/energia-ed-emozioni-al-concerto-di-seby-mangiameli-il-viaggio\\\/#article\",\"isPartOf\":{\"@id\":\"https:\\\/\\\/www.romaoggi.eu\\\/index.php\\\/2019\\\/09\\\/25\\\/energia-ed-emozioni-al-concerto-di-seby-mangiameli-il-viaggio\\\/\"},\"author\":{\"name\":\"admin\",\"@id\":\"https:\\\/\\\/www.romaoggi.eu\\\/#\\\/schema\\\/person\\\/9b23ceb6a2992a25e98c76a5f1fbb887\"},\"headline\":\"Energia ed emozioni al concerto di Seby Mangiameli &#8220;Il Viaggio&#8221;\",\"datePublished\":\"2019-09-25T09:26:09+00:00\",\"dateModified\":\"2019-09-25T09:36:04+00:00\",\"mainEntityOfPage\":{\"@id\":\"https:\\\/\\\/www.romaoggi.eu\\\/index.php\\\/2019\\\/09\\\/25\\\/energia-ed-emozioni-al-concerto-di-seby-mangiameli-il-viaggio\\\/\"},\"wordCount\":494,\"publisher\":{\"@id\":\"https:\\\/\\\/www.romaoggi.eu\\\/#organization\"},\"image\":{\"@id\":\"https:\\\/\\\/www.romaoggi.eu\\\/index.php\\\/2019\\\/09\\\/25\\\/energia-ed-emozioni-al-concerto-di-seby-mangiameli-il-viaggio\\\/#primaryimage\"},\"thumbnailUrl\":\"https:\\\/\\\/www.romaoggi.eu\\\/wp-content\\\/uploads\\\/2019\\\/09\\\/1.jpg\",\"keywords\":[\"arciliuto\",\"concerto\",\"Ester Campese\",\"leonardo parisi\",\"Seby Mangiameli\",\"teatro arciliuto\",\"Tedranura\"],\"articleSection\":[\"Spettacolo\"],\"inLanguage\":\"it-IT\"},{\"@type\":\"WebPage\",\"@id\":\"https:\\\/\\\/www.romaoggi.eu\\\/index.php\\\/2019\\\/09\\\/25\\\/energia-ed-emozioni-al-concerto-di-seby-mangiameli-il-viaggio\\\/\",\"url\":\"https:\\\/\\\/www.romaoggi.eu\\\/index.php\\\/2019\\\/09\\\/25\\\/energia-ed-emozioni-al-concerto-di-seby-mangiameli-il-viaggio\\\/\",\"name\":\"Energia ed emozioni al concerto di Seby Mangiameli \\\"Il Viaggio\\\"\",\"isPartOf\":{\"@id\":\"https:\\\/\\\/www.romaoggi.eu\\\/#website\"},\"primaryImageOfPage\":{\"@id\":\"https:\\\/\\\/www.romaoggi.eu\\\/index.php\\\/2019\\\/09\\\/25\\\/energia-ed-emozioni-al-concerto-di-seby-mangiameli-il-viaggio\\\/#primaryimage\"},\"image\":{\"@id\":\"https:\\\/\\\/www.romaoggi.eu\\\/index.php\\\/2019\\\/09\\\/25\\\/energia-ed-emozioni-al-concerto-di-seby-mangiameli-il-viaggio\\\/#primaryimage\"},\"thumbnailUrl\":\"https:\\\/\\\/www.romaoggi.eu\\\/wp-content\\\/uploads\\\/2019\\\/09\\\/1.jpg\",\"datePublished\":\"2019-09-25T09:26:09+00:00\",\"dateModified\":\"2019-09-25T09:36:04+00:00\",\"description\":\"Roma: Grandi energia, grandi emozioni al concerto di Seby Mangiameli \\\"Il Viaggio\\\". \u00c8 stato uno dei concerti pi\u00f9 emozionanti, quello del cantautore Seby\",\"breadcrumb\":{\"@id\":\"https:\\\/\\\/www.romaoggi.eu\\\/index.php\\\/2019\\\/09\\\/25\\\/energia-ed-emozioni-al-concerto-di-seby-mangiameli-il-viaggio\\\/#breadcrumb\"},\"inLanguage\":\"it-IT\",\"potentialAction\":[{\"@type\":\"ReadAction\",\"target\":[\"https:\\\/\\\/www.romaoggi.eu\\\/index.php\\\/2019\\\/09\\\/25\\\/energia-ed-emozioni-al-concerto-di-seby-mangiameli-il-viaggio\\\/\"]}]},{\"@type\":\"ImageObject\",\"inLanguage\":\"it-IT\",\"@id\":\"https:\\\/\\\/www.romaoggi.eu\\\/index.php\\\/2019\\\/09\\\/25\\\/energia-ed-emozioni-al-concerto-di-seby-mangiameli-il-viaggio\\\/#primaryimage\",\"url\":\"https:\\\/\\\/www.romaoggi.eu\\\/wp-content\\\/uploads\\\/2019\\\/09\\\/1.jpg\",\"contentUrl\":\"https:\\\/\\\/www.romaoggi.eu\\\/wp-content\\\/uploads\\\/2019\\\/09\\\/1.jpg\",\"width\":1801,\"height\":1769,\"caption\":\"Seby Mangiameli foto: Leonardo Parisi \u2013 Lp Studio\"},{\"@type\":\"BreadcrumbList\",\"@id\":\"https:\\\/\\\/www.romaoggi.eu\\\/index.php\\\/2019\\\/09\\\/25\\\/energia-ed-emozioni-al-concerto-di-seby-mangiameli-il-viaggio\\\/#breadcrumb\",\"itemListElement\":[{\"@type\":\"ListItem\",\"position\":1,\"name\":\"Home\",\"item\":\"https:\\\/\\\/www.romaoggi.eu\\\/\"},{\"@type\":\"ListItem\",\"position\":2,\"name\":\"Energia ed emozioni al concerto di Seby Mangiameli &#8220;Il Viaggio&#8221;\"}]},{\"@type\":\"WebSite\",\"@id\":\"https:\\\/\\\/www.romaoggi.eu\\\/#website\",\"url\":\"https:\\\/\\\/www.romaoggi.eu\\\/\",\"name\":\"roma oggi\",\"description\":\"Interesting News for Interesting people\",\"publisher\":{\"@id\":\"https:\\\/\\\/www.romaoggi.eu\\\/#organization\"},\"potentialAction\":[{\"@type\":\"SearchAction\",\"target\":{\"@type\":\"EntryPoint\",\"urlTemplate\":\"https:\\\/\\\/www.romaoggi.eu\\\/?s={search_term_string}\"},\"query-input\":{\"@type\":\"PropertyValueSpecification\",\"valueRequired\":true,\"valueName\":\"search_term_string\"}}],\"inLanguage\":\"it-IT\"},{\"@type\":\"Organization\",\"@id\":\"https:\\\/\\\/www.romaoggi.eu\\\/#organization\",\"name\":\"RomaOggi\",\"url\":\"https:\\\/\\\/www.romaoggi.eu\\\/\",\"logo\":{\"@type\":\"ImageObject\",\"inLanguage\":\"it-IT\",\"@id\":\"https:\\\/\\\/www.romaoggi.eu\\\/#\\\/schema\\\/logo\\\/image\\\/\",\"url\":\"https:\\\/\\\/www.romaoggi.eu\\\/wp-content\\\/uploads\\\/2017\\\/04\\\/logowp.jpg\",\"contentUrl\":\"https:\\\/\\\/www.romaoggi.eu\\\/wp-content\\\/uploads\\\/2017\\\/04\\\/logowp.jpg\",\"width\":300,\"height\":133,\"caption\":\"RomaOggi\"},\"image\":{\"@id\":\"https:\\\/\\\/www.romaoggi.eu\\\/#\\\/schema\\\/logo\\\/image\\\/\"},\"sameAs\":[\"https:\\\/\\\/www.facebook.com\\\/RomaOggi-841544845954114\",\"https:\\\/\\\/x.com\\\/romaoggi_eu\"]},{\"@type\":\"Person\",\"@id\":\"https:\\\/\\\/www.romaoggi.eu\\\/#\\\/schema\\\/person\\\/9b23ceb6a2992a25e98c76a5f1fbb887\",\"name\":\"admin\",\"image\":{\"@type\":\"ImageObject\",\"inLanguage\":\"it-IT\",\"@id\":\"https:\\\/\\\/secure.gravatar.com\\\/avatar\\\/51b1e0a1f4159e3b5d89435fce5e1a348d6c59e2ff8c2d428dae75560aace504?s=96&d=mm&r=g\",\"url\":\"https:\\\/\\\/secure.gravatar.com\\\/avatar\\\/51b1e0a1f4159e3b5d89435fce5e1a348d6c59e2ff8c2d428dae75560aace504?s=96&d=mm&r=g\",\"contentUrl\":\"https:\\\/\\\/secure.gravatar.com\\\/avatar\\\/51b1e0a1f4159e3b5d89435fce5e1a348d6c59e2ff8c2d428dae75560aace504?s=96&d=mm&r=g\",\"caption\":\"admin\"},\"url\":\"https:\\\/\\\/www.romaoggi.eu\\\/index.php\\\/author\\\/admin\\\/\"}]}<\/script>\n<!-- \/ Yoast SEO plugin. -->","yoast_head_json":{"title":"Energia ed emozioni al concerto di Seby Mangiameli \"Il Viaggio\"","description":"Roma: Grandi energia, grandi emozioni al concerto di Seby Mangiameli \"Il Viaggio\". \u00c8 stato uno dei concerti pi\u00f9 emozionanti, quello del cantautore Seby","robots":{"index":"index","follow":"follow","max-snippet":"max-snippet:-1","max-image-preview":"max-image-preview:large","max-video-preview":"max-video-preview:-1"},"canonical":"https:\/\/www.romaoggi.eu\/index.php\/2019\/09\/25\/energia-ed-emozioni-al-concerto-di-seby-mangiameli-il-viaggio\/","og_locale":"it_IT","og_type":"article","og_title":"Energia ed emozioni al concerto di Seby Mangiameli \"Il Viaggio\"","og_description":"Roma: Grandi energia, grandi emozioni al concerto di Seby Mangiameli \"Il Viaggio\". \u00c8 stato uno dei concerti pi\u00f9 emozionanti, quello del cantautore Seby","og_url":"https:\/\/www.romaoggi.eu\/index.php\/2019\/09\/25\/energia-ed-emozioni-al-concerto-di-seby-mangiameli-il-viaggio\/","og_site_name":"roma oggi","article_publisher":"https:\/\/www.facebook.com\/RomaOggi-841544845954114","article_published_time":"2019-09-25T09:26:09+00:00","article_modified_time":"2019-09-25T09:36:04+00:00","og_image":[{"width":1801,"height":1769,"url":"https:\/\/www.romaoggi.eu\/wp-content\/uploads\/2019\/09\/1.jpg","type":"image\/jpeg"}],"author":"admin","twitter_card":"summary_large_image","twitter_creator":"@romaoggi_eu","twitter_site":"@romaoggi_eu","twitter_misc":{"Scritto da":"admin","Tempo di lettura stimato":"2 minuti"},"schema":{"@context":"https:\/\/schema.org","@graph":[{"@type":"Article","@id":"https:\/\/www.romaoggi.eu\/index.php\/2019\/09\/25\/energia-ed-emozioni-al-concerto-di-seby-mangiameli-il-viaggio\/#article","isPartOf":{"@id":"https:\/\/www.romaoggi.eu\/index.php\/2019\/09\/25\/energia-ed-emozioni-al-concerto-di-seby-mangiameli-il-viaggio\/"},"author":{"name":"admin","@id":"https:\/\/www.romaoggi.eu\/#\/schema\/person\/9b23ceb6a2992a25e98c76a5f1fbb887"},"headline":"Energia ed emozioni al concerto di Seby Mangiameli &#8220;Il Viaggio&#8221;","datePublished":"2019-09-25T09:26:09+00:00","dateModified":"2019-09-25T09:36:04+00:00","mainEntityOfPage":{"@id":"https:\/\/www.romaoggi.eu\/index.php\/2019\/09\/25\/energia-ed-emozioni-al-concerto-di-seby-mangiameli-il-viaggio\/"},"wordCount":494,"publisher":{"@id":"https:\/\/www.romaoggi.eu\/#organization"},"image":{"@id":"https:\/\/www.romaoggi.eu\/index.php\/2019\/09\/25\/energia-ed-emozioni-al-concerto-di-seby-mangiameli-il-viaggio\/#primaryimage"},"thumbnailUrl":"https:\/\/www.romaoggi.eu\/wp-content\/uploads\/2019\/09\/1.jpg","keywords":["arciliuto","concerto","Ester Campese","leonardo parisi","Seby Mangiameli","teatro arciliuto","Tedranura"],"articleSection":["Spettacolo"],"inLanguage":"it-IT"},{"@type":"WebPage","@id":"https:\/\/www.romaoggi.eu\/index.php\/2019\/09\/25\/energia-ed-emozioni-al-concerto-di-seby-mangiameli-il-viaggio\/","url":"https:\/\/www.romaoggi.eu\/index.php\/2019\/09\/25\/energia-ed-emozioni-al-concerto-di-seby-mangiameli-il-viaggio\/","name":"Energia ed emozioni al concerto di Seby Mangiameli \"Il Viaggio\"","isPartOf":{"@id":"https:\/\/www.romaoggi.eu\/#website"},"primaryImageOfPage":{"@id":"https:\/\/www.romaoggi.eu\/index.php\/2019\/09\/25\/energia-ed-emozioni-al-concerto-di-seby-mangiameli-il-viaggio\/#primaryimage"},"image":{"@id":"https:\/\/www.romaoggi.eu\/index.php\/2019\/09\/25\/energia-ed-emozioni-al-concerto-di-seby-mangiameli-il-viaggio\/#primaryimage"},"thumbnailUrl":"https:\/\/www.romaoggi.eu\/wp-content\/uploads\/2019\/09\/1.jpg","datePublished":"2019-09-25T09:26:09+00:00","dateModified":"2019-09-25T09:36:04+00:00","description":"Roma: Grandi energia, grandi emozioni al concerto di Seby Mangiameli \"Il Viaggio\". \u00c8 stato uno dei concerti pi\u00f9 emozionanti, quello del cantautore Seby","breadcrumb":{"@id":"https:\/\/www.romaoggi.eu\/index.php\/2019\/09\/25\/energia-ed-emozioni-al-concerto-di-seby-mangiameli-il-viaggio\/#breadcrumb"},"inLanguage":"it-IT","potentialAction":[{"@type":"ReadAction","target":["https:\/\/www.romaoggi.eu\/index.php\/2019\/09\/25\/energia-ed-emozioni-al-concerto-di-seby-mangiameli-il-viaggio\/"]}]},{"@type":"ImageObject","inLanguage":"it-IT","@id":"https:\/\/www.romaoggi.eu\/index.php\/2019\/09\/25\/energia-ed-emozioni-al-concerto-di-seby-mangiameli-il-viaggio\/#primaryimage","url":"https:\/\/www.romaoggi.eu\/wp-content\/uploads\/2019\/09\/1.jpg","contentUrl":"https:\/\/www.romaoggi.eu\/wp-content\/uploads\/2019\/09\/1.jpg","width":1801,"height":1769,"caption":"Seby Mangiameli foto: Leonardo Parisi \u2013 Lp Studio"},{"@type":"BreadcrumbList","@id":"https:\/\/www.romaoggi.eu\/index.php\/2019\/09\/25\/energia-ed-emozioni-al-concerto-di-seby-mangiameli-il-viaggio\/#breadcrumb","itemListElement":[{"@type":"ListItem","position":1,"name":"Home","item":"https:\/\/www.romaoggi.eu\/"},{"@type":"ListItem","position":2,"name":"Energia ed emozioni al concerto di Seby Mangiameli &#8220;Il Viaggio&#8221;"}]},{"@type":"WebSite","@id":"https:\/\/www.romaoggi.eu\/#website","url":"https:\/\/www.romaoggi.eu\/","name":"roma oggi","description":"Interesting News for Interesting people","publisher":{"@id":"https:\/\/www.romaoggi.eu\/#organization"},"potentialAction":[{"@type":"SearchAction","target":{"@type":"EntryPoint","urlTemplate":"https:\/\/www.romaoggi.eu\/?s={search_term_string}"},"query-input":{"@type":"PropertyValueSpecification","valueRequired":true,"valueName":"search_term_string"}}],"inLanguage":"it-IT"},{"@type":"Organization","@id":"https:\/\/www.romaoggi.eu\/#organization","name":"RomaOggi","url":"https:\/\/www.romaoggi.eu\/","logo":{"@type":"ImageObject","inLanguage":"it-IT","@id":"https:\/\/www.romaoggi.eu\/#\/schema\/logo\/image\/","url":"https:\/\/www.romaoggi.eu\/wp-content\/uploads\/2017\/04\/logowp.jpg","contentUrl":"https:\/\/www.romaoggi.eu\/wp-content\/uploads\/2017\/04\/logowp.jpg","width":300,"height":133,"caption":"RomaOggi"},"image":{"@id":"https:\/\/www.romaoggi.eu\/#\/schema\/logo\/image\/"},"sameAs":["https:\/\/www.facebook.com\/RomaOggi-841544845954114","https:\/\/x.com\/romaoggi_eu"]},{"@type":"Person","@id":"https:\/\/www.romaoggi.eu\/#\/schema\/person\/9b23ceb6a2992a25e98c76a5f1fbb887","name":"admin","image":{"@type":"ImageObject","inLanguage":"it-IT","@id":"https:\/\/secure.gravatar.com\/avatar\/51b1e0a1f4159e3b5d89435fce5e1a348d6c59e2ff8c2d428dae75560aace504?s=96&d=mm&r=g","url":"https:\/\/secure.gravatar.com\/avatar\/51b1e0a1f4159e3b5d89435fce5e1a348d6c59e2ff8c2d428dae75560aace504?s=96&d=mm&r=g","contentUrl":"https:\/\/secure.gravatar.com\/avatar\/51b1e0a1f4159e3b5d89435fce5e1a348d6c59e2ff8c2d428dae75560aace504?s=96&d=mm&r=g","caption":"admin"},"url":"https:\/\/www.romaoggi.eu\/index.php\/author\/admin\/"}]}},"_links":{"self":[{"href":"https:\/\/www.romaoggi.eu\/index.php\/wp-json\/wp\/v2\/posts\/22840","targetHints":{"allow":["GET"]}}],"collection":[{"href":"https:\/\/www.romaoggi.eu\/index.php\/wp-json\/wp\/v2\/posts"}],"about":[{"href":"https:\/\/www.romaoggi.eu\/index.php\/wp-json\/wp\/v2\/types\/post"}],"author":[{"embeddable":true,"href":"https:\/\/www.romaoggi.eu\/index.php\/wp-json\/wp\/v2\/users\/1"}],"replies":[{"embeddable":true,"href":"https:\/\/www.romaoggi.eu\/index.php\/wp-json\/wp\/v2\/comments?post=22840"}],"version-history":[{"count":8,"href":"https:\/\/www.romaoggi.eu\/index.php\/wp-json\/wp\/v2\/posts\/22840\/revisions"}],"predecessor-version":[{"id":22854,"href":"https:\/\/www.romaoggi.eu\/index.php\/wp-json\/wp\/v2\/posts\/22840\/revisions\/22854"}],"wp:featuredmedia":[{"embeddable":true,"href":"https:\/\/www.romaoggi.eu\/index.php\/wp-json\/wp\/v2\/media\/22849"}],"wp:attachment":[{"href":"https:\/\/www.romaoggi.eu\/index.php\/wp-json\/wp\/v2\/media?parent=22840"}],"wp:term":[{"taxonomy":"category","embeddable":true,"href":"https:\/\/www.romaoggi.eu\/index.php\/wp-json\/wp\/v2\/categories?post=22840"},{"taxonomy":"post_tag","embeddable":true,"href":"https:\/\/www.romaoggi.eu\/index.php\/wp-json\/wp\/v2\/tags?post=22840"}],"curies":[{"name":"wp","href":"https:\/\/api.w.org\/{rel}","templated":true}]}}