{"id":22947,"date":"2019-10-04T16:18:14","date_gmt":"2019-10-04T14:18:14","guid":{"rendered":"http:\/\/www.romaoggi.eu\/?p=22947"},"modified":"2019-10-04T16:18:14","modified_gmt":"2019-10-04T14:18:14","slug":"as-roma-un-nuovo-inizio-per-la-squadra-capitolina","status":"publish","type":"post","link":"https:\/\/www.romaoggi.eu\/index.php\/2019\/10\/04\/as-roma-un-nuovo-inizio-per-la-squadra-capitolina\/","title":{"rendered":"AS Roma: un nuovo inizio per la squadra capitolina"},"content":{"rendered":"<p align=\"JUSTIFY\">Quest\u2019anno, la Roma ha un volto inedito in panchina: il portoghese Paulo Fonseca. La scelta, ponderata e approvata da ogni compagine della societ\u00e0, da Pallotta a Totti, rappresenta l\u2019inizio di una nuova, importante era per i giallorossi, pronti a riconquistare i vertici della Serie A e del calcio europeo. Il CT portoghese ha dimostrato con i fatti di esser pronto ad allenare la <em>Magica<\/em>, macinando risultati con il Braga e lo Shakhtar Donetsk. <span style=\"color: #0000ff;\"><u><a href=\"https:\/\/www.tuttomercatoweb.com\/serie-a\/roma-l-era-fonseca-conta-la-destinazione-ma-il-viaggio-e-importante-1256254\">L\u2019allenatore<\/a><\/u><\/span> ha abbracciato con convinzione il progetto, studiando nei minimi particolari il campionato italiano e, soprattutto, lo stile di gioco della Roma.<\/p>\n<p align=\"JUSTIFY\">I primi risultati non si sono fatti attendere: nonostante i due pareggi in campionato, il primo in casa contro il Genoa (conclusosi sul 3-3) e il secondo nell&#8217;importante derby contro la Lazio (finito 1-1), i ragazzi di Fonseca hanno subito messo in campo un calcio attento e ragionato, fatto di passaggi corti e centrocampo veloce, con una costante ricerca dei giusti spazi per gli inserimenti e delle traiettorie ideali per mandare a segno le palle filtranti. La difesa ha saputo mantenere una linea alta ma, si sa, nella Serie A ci\u00f2 pu\u00f2 rivelarsi un\u2019arma a doppio taglio: efficace per le ripartenze veloci, letale quando non fruttata a dovere, poich\u00e9 lascia ampio spazio agli attaccanti avversari. Vi \u00e8 da aggiungere, inoltre, che Fonseca non ha molta confidenza con il calcio italiano, perci\u00f2 la stagione \u00e8 tutta in divenire. Di questo ritmo, i risultati non tarderanno certo ad arrivare.<\/p>\n<p align=\"JUSTIFY\"><img loading=\"lazy\" decoding=\"async\" class=\"aligncenter wp-image-22948 size-large\" src=\"https:\/\/www.romaoggi.eu\/wp-content\/uploads\/2019\/10\/Fonseca-1440x1235-1024x878.jpg\" alt=\"Alt text as roma\" width=\"1024\" height=\"878\" \/><\/p>\n<p align=\"JUSTIFY\">L\u2019allenatore portoghese ha inoltre introdotto un metodo di allenamento innovativo, chiamato <span style=\"color: #0000ff;\"><u><a href=\"https:\/\/sport.sky.it\/calcio\/champions-league\/2018\/02\/21\/come-gioca-lo-shakthar.html\">periodizzazione tattica<\/a><\/u><\/span>. Grazie a esso, viene eliminata ogni singola distinzione tra esercizi fisici e tattici: il lavoro sul campo \u00e8 svolto in piena simbiosi con la palla. I giocatori italiani non sono certo abituati a questo tipo di allenamento, ma i risultati saranno ben tangibili nelle prossime partite: in tal modo, la visione di gioco dovrebbe infatti aumentare, cos\u00ec come la ricerca degli spazi disponibili e delle linee di passaggio. A Fonseca l\u2019arduo compito di sdoganare la periodizzazione tattica in Italia e portare la Roma in cima alla classifica di Serie A.<\/p>\n<p align=\"JUSTIFY\">I nuovi acquisti sono stati senza dubbio decisivi per la nuova stagione: l\u2019arrivo del fuoriclasse Mkhitaryan, centrocampista in prestito dall&#8217;Arsenal, ha letteralmente mandato in visibilio i tifosi giallorossi, che lo hanno accolto con grande fervore. Da non sottovalutare inoltre l\u2019esordio di Chris Smalling con la maglia della Roma: il difensore, ex Manchester United, \u00e8 da sempre un estimatore del gioco di Fonseca e sar\u00e0 senza dubbio in grado di modificare positivamente gli equilibri della squadra. Inoltre, i giallorossi possono sempre contare sul potente destro di Edin D\u017eeko, in lizza tra i probabili capocannonieri di Europa League su <span style=\"color: #0000ff;\"><u><a href=\"https:\/\/www.unibet.it\/\">Unibet<\/a><\/u><\/span>. A dare manforte in attacco Kalini\u0107, ex punta dell\u2019Atl\u00e9tico Madrid, atterrato da pochi giorni nella capitale italiana.<\/p>\n<p align=\"JUSTIFY\"><img loading=\"lazy\" decoding=\"async\" class=\"aligncenter wp-image-22949 size-large\" src=\"https:\/\/www.romaoggi.eu\/wp-content\/uploads\/2019\/10\/nuovi-acquisti-1024x682.jpg\" alt=\"Alt text as roma\" width=\"1024\" height=\"682\" \/><\/p>\n<p align=\"JUSTIFY\">La prossima partita di <span style=\"color: #0000ff;\"><u><a href=\"https:\/\/it.uefa.com\/uefaeuropaleague\/season=2020\/matches\/round=2001150\/match=2027795\/\">Europa League<\/a><\/u><\/span>, in programma contro l\u2019\u0130stanbul Ba\u015fak\u015fehir, rappresenta una grande prova per i ragazzi di Fonseca: i giallorossi potranno infatti contare sul tifo dell\u2019Olimpico e dovranno dare il massimo per conquistare la prima vittoria in Serie A e, di conseguenza, la piena approvazione del pubblico.<\/p>\n<p align=\"CENTER\"><a href=\"https:\/\/www.romaoggi.eu\"><b>RomaOggi.eu<\/b><\/a><\/p>\n<p align=\"CENTER\">\u201c<i><b>Interesting news for interesting people\u201d<\/b><\/i><\/p>\n","protected":false},"excerpt":{"rendered":"<div class=\"mh-excerpt\"><p>Quest\u2019anno, la Roma ha un volto inedito in panchina: il portoghese Paulo Fonseca. La scelta, ponderata e approvata da ogni compagine della societ\u00e0, da Pallotta a Totti, rappresenta l\u2019inizio di una nuova, importante era per <a class=\"mh-excerpt-more\" href=\"https:\/\/www.romaoggi.eu\/index.php\/2019\/10\/04\/as-roma-un-nuovo-inizio-per-la-squadra-capitolina\/\" title=\"AS Roma: un nuovo inizio per la squadra capitolina\">[&#8230;]<\/a><\/p>\n<\/div>","protected":false},"author":5,"featured_media":0,"comment_status":"closed","ping_status":"open","sticky":false,"template":"","format":"standard","meta":{"_sitemap_exclude":false,"_sitemap_priority":"","_sitemap_frequency":"","footnotes":""},"categories":[5],"tags":[12245,828,356,462,877,109,817,1738,355],"class_list":["post-22947","post","type-post","status-publish","format-standard","hentry","category-sport","tag-12245","tag-as-roma","tag-calcio","tag-campionato-di-calcio","tag-italia","tag-roma","tag-romaoggi","tag-romaoggi-eu","tag-sport"],"yoast_head":"<!-- This site is optimized with the Yoast SEO plugin v27.4 - https:\/\/yoast.com\/product\/yoast-seo-wordpress\/ -->\n<title>AS Roma: un nuovo inizio per la squadra capitolina<\/title>\n<meta name=\"description\" content=\"Quest\u2019anno, la Roma ha un volto inedito in panchina: il portoghese Paulo Fonseca. La scelta, ponderata e approvata da ogni compagine della societ\u00e0, da\" \/>\n<meta name=\"robots\" content=\"index, follow, max-snippet:-1, max-image-preview:large, max-video-preview:-1\" \/>\n<link rel=\"canonical\" href=\"https:\/\/www.romaoggi.eu\/index.php\/2019\/10\/04\/as-roma-un-nuovo-inizio-per-la-squadra-capitolina\/\" \/>\n<meta property=\"og:locale\" content=\"it_IT\" \/>\n<meta property=\"og:type\" content=\"article\" \/>\n<meta property=\"og:title\" content=\"AS Roma: un nuovo inizio per la squadra capitolina\" \/>\n<meta property=\"og:description\" content=\"Quest\u2019anno, la Roma ha un volto inedito in panchina: il portoghese Paulo Fonseca. La scelta, ponderata e approvata da ogni compagine della societ\u00e0, da\" \/>\n<meta property=\"og:url\" content=\"https:\/\/www.romaoggi.eu\/index.php\/2019\/10\/04\/as-roma-un-nuovo-inizio-per-la-squadra-capitolina\/\" \/>\n<meta property=\"og:site_name\" content=\"roma oggi\" \/>\n<meta property=\"article:publisher\" content=\"https:\/\/www.facebook.com\/RomaOggi-841544845954114\" \/>\n<meta property=\"article:published_time\" content=\"2019-10-04T14:18:14+00:00\" \/>\n<meta property=\"og:image\" content=\"http:\/\/www.romaoggi.eu\/wp-content\/uploads\/2019\/10\/Fonseca-1440x1235-1024x878.jpg\" \/>\n<meta name=\"author\" content=\"Flavio\" \/>\n<meta name=\"twitter:card\" content=\"summary_large_image\" \/>\n<meta name=\"twitter:creator\" content=\"@romaoggi_eu\" \/>\n<meta name=\"twitter:site\" content=\"@romaoggi_eu\" \/>\n<meta name=\"twitter:label1\" content=\"Scritto da\" \/>\n\t<meta name=\"twitter:data1\" content=\"Flavio\" \/>\n\t<meta name=\"twitter:label2\" content=\"Tempo di lettura stimato\" \/>\n\t<meta name=\"twitter:data2\" content=\"3 minuti\" \/>\n<script type=\"application\/ld+json\" class=\"yoast-schema-graph\">{\"@context\":\"https:\\\/\\\/schema.org\",\"@graph\":[{\"@type\":\"Article\",\"@id\":\"https:\\\/\\\/www.romaoggi.eu\\\/index.php\\\/2019\\\/10\\\/04\\\/as-roma-un-nuovo-inizio-per-la-squadra-capitolina\\\/#article\",\"isPartOf\":{\"@id\":\"https:\\\/\\\/www.romaoggi.eu\\\/index.php\\\/2019\\\/10\\\/04\\\/as-roma-un-nuovo-inizio-per-la-squadra-capitolina\\\/\"},\"author\":{\"name\":\"Flavio\",\"@id\":\"https:\\\/\\\/www.romaoggi.eu\\\/#\\\/schema\\\/person\\\/cc12bfd93370392d7e41d243e47e6681\"},\"headline\":\"AS Roma: un nuovo inizio per la squadra capitolina\",\"datePublished\":\"2019-10-04T14:18:14+00:00\",\"mainEntityOfPage\":{\"@id\":\"https:\\\/\\\/www.romaoggi.eu\\\/index.php\\\/2019\\\/10\\\/04\\\/as-roma-un-nuovo-inizio-per-la-squadra-capitolina\\\/\"},\"wordCount\":538,\"publisher\":{\"@id\":\"https:\\\/\\\/www.romaoggi.eu\\\/#organization\"},\"image\":{\"@id\":\"https:\\\/\\\/www.romaoggi.eu\\\/index.php\\\/2019\\\/10\\\/04\\\/as-roma-un-nuovo-inizio-per-la-squadra-capitolina\\\/#primaryimage\"},\"thumbnailUrl\":\"http:\\\/\\\/www.romaoggi.eu\\\/wp-content\\\/uploads\\\/2019\\\/10\\\/Fonseca-1440x1235-1024x878.jpg\",\"keywords\":[\"2019\",\"as roma\",\"calcio\",\"campionato di calcio\",\"italia\",\"roma\",\"romaoggi\",\"RomaOggi.eu\",\"sport\"],\"articleSection\":[\"Sport\"],\"inLanguage\":\"it-IT\"},{\"@type\":\"WebPage\",\"@id\":\"https:\\\/\\\/www.romaoggi.eu\\\/index.php\\\/2019\\\/10\\\/04\\\/as-roma-un-nuovo-inizio-per-la-squadra-capitolina\\\/\",\"url\":\"https:\\\/\\\/www.romaoggi.eu\\\/index.php\\\/2019\\\/10\\\/04\\\/as-roma-un-nuovo-inizio-per-la-squadra-capitolina\\\/\",\"name\":\"AS Roma: un nuovo inizio per la squadra capitolina\",\"isPartOf\":{\"@id\":\"https:\\\/\\\/www.romaoggi.eu\\\/#website\"},\"primaryImageOfPage\":{\"@id\":\"https:\\\/\\\/www.romaoggi.eu\\\/index.php\\\/2019\\\/10\\\/04\\\/as-roma-un-nuovo-inizio-per-la-squadra-capitolina\\\/#primaryimage\"},\"image\":{\"@id\":\"https:\\\/\\\/www.romaoggi.eu\\\/index.php\\\/2019\\\/10\\\/04\\\/as-roma-un-nuovo-inizio-per-la-squadra-capitolina\\\/#primaryimage\"},\"thumbnailUrl\":\"http:\\\/\\\/www.romaoggi.eu\\\/wp-content\\\/uploads\\\/2019\\\/10\\\/Fonseca-1440x1235-1024x878.jpg\",\"datePublished\":\"2019-10-04T14:18:14+00:00\",\"description\":\"Quest\u2019anno, la Roma ha un volto inedito in panchina: il portoghese Paulo Fonseca. La scelta, ponderata e approvata da ogni compagine della societ\u00e0, da\",\"breadcrumb\":{\"@id\":\"https:\\\/\\\/www.romaoggi.eu\\\/index.php\\\/2019\\\/10\\\/04\\\/as-roma-un-nuovo-inizio-per-la-squadra-capitolina\\\/#breadcrumb\"},\"inLanguage\":\"it-IT\",\"potentialAction\":[{\"@type\":\"ReadAction\",\"target\":[\"https:\\\/\\\/www.romaoggi.eu\\\/index.php\\\/2019\\\/10\\\/04\\\/as-roma-un-nuovo-inizio-per-la-squadra-capitolina\\\/\"]}]},{\"@type\":\"ImageObject\",\"inLanguage\":\"it-IT\",\"@id\":\"https:\\\/\\\/www.romaoggi.eu\\\/index.php\\\/2019\\\/10\\\/04\\\/as-roma-un-nuovo-inizio-per-la-squadra-capitolina\\\/#primaryimage\",\"url\":\"http:\\\/\\\/www.romaoggi.eu\\\/wp-content\\\/uploads\\\/2019\\\/10\\\/Fonseca-1440x1235-1024x878.jpg\",\"contentUrl\":\"http:\\\/\\\/www.romaoggi.eu\\\/wp-content\\\/uploads\\\/2019\\\/10\\\/Fonseca-1440x1235-1024x878.jpg\"},{\"@type\":\"BreadcrumbList\",\"@id\":\"https:\\\/\\\/www.romaoggi.eu\\\/index.php\\\/2019\\\/10\\\/04\\\/as-roma-un-nuovo-inizio-per-la-squadra-capitolina\\\/#breadcrumb\",\"itemListElement\":[{\"@type\":\"ListItem\",\"position\":1,\"name\":\"Home\",\"item\":\"https:\\\/\\\/www.romaoggi.eu\\\/\"},{\"@type\":\"ListItem\",\"position\":2,\"name\":\"AS Roma: un nuovo inizio per la squadra capitolina\"}]},{\"@type\":\"WebSite\",\"@id\":\"https:\\\/\\\/www.romaoggi.eu\\\/#website\",\"url\":\"https:\\\/\\\/www.romaoggi.eu\\\/\",\"name\":\"roma oggi\",\"description\":\"Interesting News for Interesting people\",\"publisher\":{\"@id\":\"https:\\\/\\\/www.romaoggi.eu\\\/#organization\"},\"potentialAction\":[{\"@type\":\"SearchAction\",\"target\":{\"@type\":\"EntryPoint\",\"urlTemplate\":\"https:\\\/\\\/www.romaoggi.eu\\\/?s={search_term_string}\"},\"query-input\":{\"@type\":\"PropertyValueSpecification\",\"valueRequired\":true,\"valueName\":\"search_term_string\"}}],\"inLanguage\":\"it-IT\"},{\"@type\":\"Organization\",\"@id\":\"https:\\\/\\\/www.romaoggi.eu\\\/#organization\",\"name\":\"RomaOggi\",\"url\":\"https:\\\/\\\/www.romaoggi.eu\\\/\",\"logo\":{\"@type\":\"ImageObject\",\"inLanguage\":\"it-IT\",\"@id\":\"https:\\\/\\\/www.romaoggi.eu\\\/#\\\/schema\\\/logo\\\/image\\\/\",\"url\":\"https:\\\/\\\/www.romaoggi.eu\\\/wp-content\\\/uploads\\\/2017\\\/04\\\/logowp.jpg\",\"contentUrl\":\"https:\\\/\\\/www.romaoggi.eu\\\/wp-content\\\/uploads\\\/2017\\\/04\\\/logowp.jpg\",\"width\":300,\"height\":133,\"caption\":\"RomaOggi\"},\"image\":{\"@id\":\"https:\\\/\\\/www.romaoggi.eu\\\/#\\\/schema\\\/logo\\\/image\\\/\"},\"sameAs\":[\"https:\\\/\\\/www.facebook.com\\\/RomaOggi-841544845954114\",\"https:\\\/\\\/x.com\\\/romaoggi_eu\"]},{\"@type\":\"Person\",\"@id\":\"https:\\\/\\\/www.romaoggi.eu\\\/#\\\/schema\\\/person\\\/cc12bfd93370392d7e41d243e47e6681\",\"name\":\"Flavio\",\"image\":{\"@type\":\"ImageObject\",\"inLanguage\":\"it-IT\",\"@id\":\"https:\\\/\\\/secure.gravatar.com\\\/avatar\\\/7e044ce830ea97853e01500437b37dff4a622b20a194e4d0efe9b67e918f19e5?s=96&d=mm&r=g\",\"url\":\"https:\\\/\\\/secure.gravatar.com\\\/avatar\\\/7e044ce830ea97853e01500437b37dff4a622b20a194e4d0efe9b67e918f19e5?s=96&d=mm&r=g\",\"contentUrl\":\"https:\\\/\\\/secure.gravatar.com\\\/avatar\\\/7e044ce830ea97853e01500437b37dff4a622b20a194e4d0efe9b67e918f19e5?s=96&d=mm&r=g\",\"caption\":\"Flavio\"},\"url\":\"https:\\\/\\\/www.romaoggi.eu\\\/index.php\\\/author\\\/cristiano\\\/\"}]}<\/script>\n<!-- \/ Yoast SEO plugin. -->","yoast_head_json":{"title":"AS Roma: un nuovo inizio per la squadra capitolina","description":"Quest\u2019anno, la Roma ha un volto inedito in panchina: il portoghese Paulo Fonseca. La scelta, ponderata e approvata da ogni compagine della societ\u00e0, da","robots":{"index":"index","follow":"follow","max-snippet":"max-snippet:-1","max-image-preview":"max-image-preview:large","max-video-preview":"max-video-preview:-1"},"canonical":"https:\/\/www.romaoggi.eu\/index.php\/2019\/10\/04\/as-roma-un-nuovo-inizio-per-la-squadra-capitolina\/","og_locale":"it_IT","og_type":"article","og_title":"AS Roma: un nuovo inizio per la squadra capitolina","og_description":"Quest\u2019anno, la Roma ha un volto inedito in panchina: il portoghese Paulo Fonseca. La scelta, ponderata e approvata da ogni compagine della societ\u00e0, da","og_url":"https:\/\/www.romaoggi.eu\/index.php\/2019\/10\/04\/as-roma-un-nuovo-inizio-per-la-squadra-capitolina\/","og_site_name":"roma oggi","article_publisher":"https:\/\/www.facebook.com\/RomaOggi-841544845954114","article_published_time":"2019-10-04T14:18:14+00:00","og_image":[{"url":"http:\/\/www.romaoggi.eu\/wp-content\/uploads\/2019\/10\/Fonseca-1440x1235-1024x878.jpg","type":"","width":"","height":""}],"author":"Flavio","twitter_card":"summary_large_image","twitter_creator":"@romaoggi_eu","twitter_site":"@romaoggi_eu","twitter_misc":{"Scritto da":"Flavio","Tempo di lettura stimato":"3 minuti"},"schema":{"@context":"https:\/\/schema.org","@graph":[{"@type":"Article","@id":"https:\/\/www.romaoggi.eu\/index.php\/2019\/10\/04\/as-roma-un-nuovo-inizio-per-la-squadra-capitolina\/#article","isPartOf":{"@id":"https:\/\/www.romaoggi.eu\/index.php\/2019\/10\/04\/as-roma-un-nuovo-inizio-per-la-squadra-capitolina\/"},"author":{"name":"Flavio","@id":"https:\/\/www.romaoggi.eu\/#\/schema\/person\/cc12bfd93370392d7e41d243e47e6681"},"headline":"AS Roma: un nuovo inizio per la squadra capitolina","datePublished":"2019-10-04T14:18:14+00:00","mainEntityOfPage":{"@id":"https:\/\/www.romaoggi.eu\/index.php\/2019\/10\/04\/as-roma-un-nuovo-inizio-per-la-squadra-capitolina\/"},"wordCount":538,"publisher":{"@id":"https:\/\/www.romaoggi.eu\/#organization"},"image":{"@id":"https:\/\/www.romaoggi.eu\/index.php\/2019\/10\/04\/as-roma-un-nuovo-inizio-per-la-squadra-capitolina\/#primaryimage"},"thumbnailUrl":"http:\/\/www.romaoggi.eu\/wp-content\/uploads\/2019\/10\/Fonseca-1440x1235-1024x878.jpg","keywords":["2019","as roma","calcio","campionato di calcio","italia","roma","romaoggi","RomaOggi.eu","sport"],"articleSection":["Sport"],"inLanguage":"it-IT"},{"@type":"WebPage","@id":"https:\/\/www.romaoggi.eu\/index.php\/2019\/10\/04\/as-roma-un-nuovo-inizio-per-la-squadra-capitolina\/","url":"https:\/\/www.romaoggi.eu\/index.php\/2019\/10\/04\/as-roma-un-nuovo-inizio-per-la-squadra-capitolina\/","name":"AS Roma: un nuovo inizio per la squadra capitolina","isPartOf":{"@id":"https:\/\/www.romaoggi.eu\/#website"},"primaryImageOfPage":{"@id":"https:\/\/www.romaoggi.eu\/index.php\/2019\/10\/04\/as-roma-un-nuovo-inizio-per-la-squadra-capitolina\/#primaryimage"},"image":{"@id":"https:\/\/www.romaoggi.eu\/index.php\/2019\/10\/04\/as-roma-un-nuovo-inizio-per-la-squadra-capitolina\/#primaryimage"},"thumbnailUrl":"http:\/\/www.romaoggi.eu\/wp-content\/uploads\/2019\/10\/Fonseca-1440x1235-1024x878.jpg","datePublished":"2019-10-04T14:18:14+00:00","description":"Quest\u2019anno, la Roma ha un volto inedito in panchina: il portoghese Paulo Fonseca. La scelta, ponderata e approvata da ogni compagine della societ\u00e0, da","breadcrumb":{"@id":"https:\/\/www.romaoggi.eu\/index.php\/2019\/10\/04\/as-roma-un-nuovo-inizio-per-la-squadra-capitolina\/#breadcrumb"},"inLanguage":"it-IT","potentialAction":[{"@type":"ReadAction","target":["https:\/\/www.romaoggi.eu\/index.php\/2019\/10\/04\/as-roma-un-nuovo-inizio-per-la-squadra-capitolina\/"]}]},{"@type":"ImageObject","inLanguage":"it-IT","@id":"https:\/\/www.romaoggi.eu\/index.php\/2019\/10\/04\/as-roma-un-nuovo-inizio-per-la-squadra-capitolina\/#primaryimage","url":"http:\/\/www.romaoggi.eu\/wp-content\/uploads\/2019\/10\/Fonseca-1440x1235-1024x878.jpg","contentUrl":"http:\/\/www.romaoggi.eu\/wp-content\/uploads\/2019\/10\/Fonseca-1440x1235-1024x878.jpg"},{"@type":"BreadcrumbList","@id":"https:\/\/www.romaoggi.eu\/index.php\/2019\/10\/04\/as-roma-un-nuovo-inizio-per-la-squadra-capitolina\/#breadcrumb","itemListElement":[{"@type":"ListItem","position":1,"name":"Home","item":"https:\/\/www.romaoggi.eu\/"},{"@type":"ListItem","position":2,"name":"AS Roma: un nuovo inizio per la squadra capitolina"}]},{"@type":"WebSite","@id":"https:\/\/www.romaoggi.eu\/#website","url":"https:\/\/www.romaoggi.eu\/","name":"roma oggi","description":"Interesting News for Interesting people","publisher":{"@id":"https:\/\/www.romaoggi.eu\/#organization"},"potentialAction":[{"@type":"SearchAction","target":{"@type":"EntryPoint","urlTemplate":"https:\/\/www.romaoggi.eu\/?s={search_term_string}"},"query-input":{"@type":"PropertyValueSpecification","valueRequired":true,"valueName":"search_term_string"}}],"inLanguage":"it-IT"},{"@type":"Organization","@id":"https:\/\/www.romaoggi.eu\/#organization","name":"RomaOggi","url":"https:\/\/www.romaoggi.eu\/","logo":{"@type":"ImageObject","inLanguage":"it-IT","@id":"https:\/\/www.romaoggi.eu\/#\/schema\/logo\/image\/","url":"https:\/\/www.romaoggi.eu\/wp-content\/uploads\/2017\/04\/logowp.jpg","contentUrl":"https:\/\/www.romaoggi.eu\/wp-content\/uploads\/2017\/04\/logowp.jpg","width":300,"height":133,"caption":"RomaOggi"},"image":{"@id":"https:\/\/www.romaoggi.eu\/#\/schema\/logo\/image\/"},"sameAs":["https:\/\/www.facebook.com\/RomaOggi-841544845954114","https:\/\/x.com\/romaoggi_eu"]},{"@type":"Person","@id":"https:\/\/www.romaoggi.eu\/#\/schema\/person\/cc12bfd93370392d7e41d243e47e6681","name":"Flavio","image":{"@type":"ImageObject","inLanguage":"it-IT","@id":"https:\/\/secure.gravatar.com\/avatar\/7e044ce830ea97853e01500437b37dff4a622b20a194e4d0efe9b67e918f19e5?s=96&d=mm&r=g","url":"https:\/\/secure.gravatar.com\/avatar\/7e044ce830ea97853e01500437b37dff4a622b20a194e4d0efe9b67e918f19e5?s=96&d=mm&r=g","contentUrl":"https:\/\/secure.gravatar.com\/avatar\/7e044ce830ea97853e01500437b37dff4a622b20a194e4d0efe9b67e918f19e5?s=96&d=mm&r=g","caption":"Flavio"},"url":"https:\/\/www.romaoggi.eu\/index.php\/author\/cristiano\/"}]}},"_links":{"self":[{"href":"https:\/\/www.romaoggi.eu\/index.php\/wp-json\/wp\/v2\/posts\/22947","targetHints":{"allow":["GET"]}}],"collection":[{"href":"https:\/\/www.romaoggi.eu\/index.php\/wp-json\/wp\/v2\/posts"}],"about":[{"href":"https:\/\/www.romaoggi.eu\/index.php\/wp-json\/wp\/v2\/types\/post"}],"author":[{"embeddable":true,"href":"https:\/\/www.romaoggi.eu\/index.php\/wp-json\/wp\/v2\/users\/5"}],"replies":[{"embeddable":true,"href":"https:\/\/www.romaoggi.eu\/index.php\/wp-json\/wp\/v2\/comments?post=22947"}],"version-history":[{"count":2,"href":"https:\/\/www.romaoggi.eu\/index.php\/wp-json\/wp\/v2\/posts\/22947\/revisions"}],"predecessor-version":[{"id":22952,"href":"https:\/\/www.romaoggi.eu\/index.php\/wp-json\/wp\/v2\/posts\/22947\/revisions\/22952"}],"wp:attachment":[{"href":"https:\/\/www.romaoggi.eu\/index.php\/wp-json\/wp\/v2\/media?parent=22947"}],"wp:term":[{"taxonomy":"category","embeddable":true,"href":"https:\/\/www.romaoggi.eu\/index.php\/wp-json\/wp\/v2\/categories?post=22947"},{"taxonomy":"post_tag","embeddable":true,"href":"https:\/\/www.romaoggi.eu\/index.php\/wp-json\/wp\/v2\/tags?post=22947"}],"curies":[{"name":"wp","href":"https:\/\/api.w.org\/{rel}","templated":true}]}}