{"id":22983,"date":"2019-10-08T00:01:30","date_gmt":"2019-10-07T22:01:30","guid":{"rendered":"http:\/\/www.romaoggi.eu\/?p=22983"},"modified":"2019-10-08T00:01:30","modified_gmt":"2019-10-07T22:01:30","slug":"presentazione-del-nuovo-consiglio-direttivo-dellassociazione-internazionale-di-via-margutta","status":"publish","type":"post","link":"https:\/\/www.romaoggi.eu\/index.php\/2019\/10\/08\/presentazione-del-nuovo-consiglio-direttivo-dellassociazione-internazionale-di-via-margutta\/","title":{"rendered":"Presentazione del nuovo Consiglio Direttivo dell\u2019Associazione Internazionale di Via Margutta"},"content":{"rendered":"<p>Mercoled\u00ec 2 ottobre, alle ore 18.00 presso l\u2019Hotel Art by the Spanish Steps in Via Margutta, 56 l\u2019<strong>Associazione Internazionale di Via Margutta<\/strong> ha presentato il suo rinnovato Consiglio Direttivo, una nuova e motivata squadra, composta da persone che amano, lavorano e vivono in Via Margutta.<br \/>\n<strong>Alberto Moncada<\/strong> \u00e8 il nuovo Presidente, Vice Presidenti <strong>Grazia Marino<\/strong> e l\u2019Avv. <strong>Pierluigi Mancuso<\/strong>, quattro i Consiglieri: <strong>Laura Pepe, Tina Vannini, Hayley Nielsen e Fabrizio Russo<\/strong>.<br \/>\nPunto principale della loro \u201cmission\u201d, riportare la mitica strada agli allori delle iniziative intraprese dall\u2019Associazione Artistica Internazionale di Via Margutta, che ebbe sede dal 1887 fino al 1960, all\u2019interno degli Studi Patrizi al civico 54, rappresentando dall\u2019Unit\u00e0 d\u2019Italia alla Seconda Guerra Mondiale, una delle pagine culturali pi\u00f9 significative di Roma Capitale.<br \/>\nDi particolare prestigio la presenza della Presidente del Municipio Roma I Sabrina Alfonsi, intervenuta per sostenere con azioni mirate il nuovo Direttivo e il suo programma di lavoro, intento a consolidare la valorizzazione ed una mirata promozione di Via Margutta; lo studio di un progetto urbanistico intento a riqualificare la strada; lo sviluppo e la valorizzazione delle attivit\u00e0 artigianali e commerciali ed infine la calendarizzazione annuale di iniziative culturali e di eventi promozionali, di rilevante impatto mediatico sia nazionale che internazionale.<br \/>\nEd in riferimento proprio a questo ultimo punto, di rilevante prestigio si colloca, come primo appuntamento culturale, la presentazione del libro del Prof. <strong>Ernesto Solari<\/strong> \u201cLeonardo Neoplatonico. Gli arcani occultati\u201d edito da Colibr\u00ec.<br \/>\nIl prof. Ernesto Solari \u00e8 artista e ricercatore; \u00e8 studioso di simboli ed esperto di alchimia e Kabbala. Da tempo \u00e8 considerato fra i maggiori esperti dell\u2019opera di <strong>Leonardo<\/strong> e di altri artisti del Rinascimento. Ha ottenuto numerosi riconoscimenti da parte di illustri professionisti del mondo dell\u2019arte e della cultura, ha effettuato studi ed expertise di opere rinascimentali appartenenti a collezioni italiane e straniere.<\/p>\n<p>Il volume \u00e8 dedicato a un da Vinci inedito e stupefacente, che non mancher\u00e0 di stimolare ulteriormente il dibattito mai esaurito intorno a questa grande figura: non pi\u00f9 solo genio della scienza e della tecnica ma, soprattutto nell\u2019et\u00e0 matura, artista e pensatore intriso di spiritualit\u00e0, esoterismo e simbolismo. Secondo la tesi del volume, Leonardo utilizzava le sue conoscenze in questi campi per lasciare nei propri dipinti una traccia apparentemente invisibile e quasi subliminale del suo testamento spirituale.<br \/>\nGrazie a trent\u2019anni di indagini appassionate, ricostruzioni, prove scientifiche e nuove scoperte inedite, Solari svela la formazione neoplatonica del Vinciano e i sorprendenti significati nascosti delle sue opere, rilette sotto la lente di strumenti mai presi in considerazione prima: dalla Kabbala ebraica al Vangelo di Giovanni, dall\u2019interpretazione dei Tarocchi delle corti cinquecentesche alla numerologia del pensiero pitagorico. In questa lunga e complessa esplorazione del lato filosofico e spirituale del fiorentino, Solari \u00e8 stato incoraggiato da due grandi esperti di Leonardo, Carlo Pedretti e Federico Zeri, ai quali il volume \u00e8 dedicato.<\/p>\n<p><iframe loading=\"lazy\"  style=\"display: block; margin: 0px auto;\"  id=\"_ytid_44968\"  width=\"480\" height=\"270\"  data-origwidth=\"480\" data-origheight=\"270\" src=\"https:\/\/www.youtube.com\/embed\/RzypKhzwOxU?enablejsapi=1&#038;autoplay=0&#038;cc_load_policy=0&#038;cc_lang_pref=&#038;iv_load_policy=1&#038;loop=0&#038;rel=1&#038;fs=1&#038;playsinline=0&#038;autohide=2&#038;theme=dark&#038;color=red&#038;controls=1&#038;disablekb=0&#038;\" class=\"__youtube_prefs__  epyt-is-override  no-lazyload\" title=\"YouTube player\"  allow=\"fullscreen; accelerometer; autoplay; clipboard-write; encrypted-media; gyroscope; picture-in-picture; web-share\" referrerpolicy=\"strict-origin-when-cross-origin\" allowfullscreen data-no-lazy=\"1\" data-skipgform_ajax_framebjll=\"\"><\/iframe><\/p>\n<p>&nbsp;<\/p>\n<p>&nbsp;<\/p>\n","protected":false},"excerpt":{"rendered":"<div class=\"mh-excerpt\"><p>Mercoled\u00ec 2 ottobre, alle ore 18.00 presso l\u2019Hotel Art by the Spanish Steps in Via Margutta, 56 l\u2019Associazione Internazionale di Via Margutta ha presentato il suo rinnovato Consiglio Direttivo, una nuova e motivata squadra, composta <a class=\"mh-excerpt-more\" href=\"https:\/\/www.romaoggi.eu\/index.php\/2019\/10\/08\/presentazione-del-nuovo-consiglio-direttivo-dellassociazione-internazionale-di-via-margutta\/\" title=\"Presentazione del nuovo Consiglio Direttivo dell\u2019Associazione Internazionale di Via Margutta\">[&#8230;]<\/a><\/p>\n<\/div>","protected":false},"author":13,"featured_media":22986,"comment_status":"closed","ping_status":"open","sticky":false,"template":"","format":"standard","meta":{"_sitemap_exclude":false,"_sitemap_priority":"","_sitemap_frequency":"","footnotes":""},"categories":[522],"tags":[13314,13316,2487,13315,2483],"class_list":["post-22983","post","type-post","status-publish","format-standard","has-post-thumbnail","hentry","category-attualita","tag-alberto-moncada","tag-ernesto-solari","tag-grazia-marino","tag-pierluigi-mancuso","tag-via-margutta"],"yoast_head":"<!-- This site is optimized with the Yoast SEO plugin v27.5 - https:\/\/yoast.com\/product\/yoast-seo-wordpress\/ -->\n<title>Presentazione del nuovo Consiglio Direttivo dell\u2019Associazione Internazionale di Via Margutta<\/title>\n<meta name=\"description\" content=\"Mercoled\u00ec 2 ottobre, alle ore 18.00 presso l\u2019Hotel Art by the Spanish Steps in Via Margutta, 56 l\u2019Associazione Internazionale di Via Margutta ha\" \/>\n<meta name=\"robots\" content=\"index, follow, max-snippet:-1, max-image-preview:large, max-video-preview:-1\" \/>\n<link rel=\"canonical\" href=\"https:\/\/www.romaoggi.eu\/index.php\/2019\/10\/08\/presentazione-del-nuovo-consiglio-direttivo-dellassociazione-internazionale-di-via-margutta\/\" \/>\n<meta property=\"og:locale\" content=\"it_IT\" \/>\n<meta property=\"og:type\" content=\"article\" \/>\n<meta property=\"og:title\" content=\"Presentazione del nuovo Consiglio Direttivo dell\u2019Associazione Internazionale di Via Margutta\" \/>\n<meta property=\"og:description\" content=\"Mercoled\u00ec 2 ottobre, alle ore 18.00 presso l\u2019Hotel Art by the Spanish Steps in Via Margutta, 56 l\u2019Associazione Internazionale di Via Margutta ha\" \/>\n<meta property=\"og:url\" content=\"https:\/\/www.romaoggi.eu\/index.php\/2019\/10\/08\/presentazione-del-nuovo-consiglio-direttivo-dellassociazione-internazionale-di-via-margutta\/\" \/>\n<meta property=\"og:site_name\" content=\"roma oggi\" \/>\n<meta property=\"article:publisher\" content=\"https:\/\/www.facebook.com\/RomaOggi-841544845954114\" \/>\n<meta property=\"article:published_time\" content=\"2019-10-07T22:01:30+00:00\" \/>\n<meta property=\"og:image\" content=\"https:\/\/www.romaoggi.eu\/wp-content\/uploads\/2019\/10\/1-C.D.-Ass.-Int.-Via-Margutta-H.-Nielsen-G.-Marino-A.-Falanga-Pres.-S.-Alfonsi-T.-Vannini-P49296.jpg\" \/>\n\t<meta property=\"og:image:width\" content=\"3285\" \/>\n\t<meta property=\"og:image:height\" content=\"1952\" \/>\n\t<meta property=\"og:image:type\" content=\"image\/jpeg\" \/>\n<meta name=\"author\" content=\"Federica Pansadoro\" \/>\n<meta name=\"twitter:card\" content=\"summary_large_image\" \/>\n<meta name=\"twitter:creator\" content=\"@romaoggi_eu\" \/>\n<meta name=\"twitter:site\" content=\"@romaoggi_eu\" \/>\n<meta name=\"twitter:label1\" content=\"Scritto da\" \/>\n\t<meta name=\"twitter:data1\" content=\"Federica Pansadoro\" \/>\n\t<meta name=\"twitter:label2\" content=\"Tempo di lettura stimato\" \/>\n\t<meta name=\"twitter:data2\" content=\"2 minuti\" \/>\n<script type=\"application\/ld+json\" class=\"yoast-schema-graph\">{\"@context\":\"https:\\\/\\\/schema.org\",\"@graph\":[{\"@type\":\"Article\",\"@id\":\"https:\\\/\\\/www.romaoggi.eu\\\/index.php\\\/2019\\\/10\\\/08\\\/presentazione-del-nuovo-consiglio-direttivo-dellassociazione-internazionale-di-via-margutta\\\/#article\",\"isPartOf\":{\"@id\":\"https:\\\/\\\/www.romaoggi.eu\\\/index.php\\\/2019\\\/10\\\/08\\\/presentazione-del-nuovo-consiglio-direttivo-dellassociazione-internazionale-di-via-margutta\\\/\"},\"author\":{\"name\":\"Federica Pansadoro\",\"@id\":\"https:\\\/\\\/www.romaoggi.eu\\\/#\\\/schema\\\/person\\\/569485df663c86fd2d0179a6643546f9\"},\"headline\":\"Presentazione del nuovo Consiglio Direttivo dell\u2019Associazione Internazionale di Via Margutta\",\"datePublished\":\"2019-10-07T22:01:30+00:00\",\"mainEntityOfPage\":{\"@id\":\"https:\\\/\\\/www.romaoggi.eu\\\/index.php\\\/2019\\\/10\\\/08\\\/presentazione-del-nuovo-consiglio-direttivo-dellassociazione-internazionale-di-via-margutta\\\/\"},\"wordCount\":484,\"publisher\":{\"@id\":\"https:\\\/\\\/www.romaoggi.eu\\\/#organization\"},\"image\":{\"@id\":\"https:\\\/\\\/www.romaoggi.eu\\\/index.php\\\/2019\\\/10\\\/08\\\/presentazione-del-nuovo-consiglio-direttivo-dellassociazione-internazionale-di-via-margutta\\\/#primaryimage\"},\"thumbnailUrl\":\"https:\\\/\\\/www.romaoggi.eu\\\/wp-content\\\/uploads\\\/2019\\\/10\\\/1-C.D.-Ass.-Int.-Via-Margutta-H.-Nielsen-G.-Marino-A.-Falanga-Pres.-S.-Alfonsi-T.-Vannini-P49296.jpg\",\"keywords\":[\"Alberto Moncada\",\"Ernesto Solari\",\"Grazia Marino\",\"Pierluigi Mancuso\",\"via margutta\"],\"articleSection\":[\"attualit\u00e0\"],\"inLanguage\":\"it-IT\"},{\"@type\":\"WebPage\",\"@id\":\"https:\\\/\\\/www.romaoggi.eu\\\/index.php\\\/2019\\\/10\\\/08\\\/presentazione-del-nuovo-consiglio-direttivo-dellassociazione-internazionale-di-via-margutta\\\/\",\"url\":\"https:\\\/\\\/www.romaoggi.eu\\\/index.php\\\/2019\\\/10\\\/08\\\/presentazione-del-nuovo-consiglio-direttivo-dellassociazione-internazionale-di-via-margutta\\\/\",\"name\":\"Presentazione del nuovo Consiglio Direttivo dell\u2019Associazione Internazionale di Via Margutta\",\"isPartOf\":{\"@id\":\"https:\\\/\\\/www.romaoggi.eu\\\/#website\"},\"primaryImageOfPage\":{\"@id\":\"https:\\\/\\\/www.romaoggi.eu\\\/index.php\\\/2019\\\/10\\\/08\\\/presentazione-del-nuovo-consiglio-direttivo-dellassociazione-internazionale-di-via-margutta\\\/#primaryimage\"},\"image\":{\"@id\":\"https:\\\/\\\/www.romaoggi.eu\\\/index.php\\\/2019\\\/10\\\/08\\\/presentazione-del-nuovo-consiglio-direttivo-dellassociazione-internazionale-di-via-margutta\\\/#primaryimage\"},\"thumbnailUrl\":\"https:\\\/\\\/www.romaoggi.eu\\\/wp-content\\\/uploads\\\/2019\\\/10\\\/1-C.D.-Ass.-Int.-Via-Margutta-H.-Nielsen-G.-Marino-A.-Falanga-Pres.-S.-Alfonsi-T.-Vannini-P49296.jpg\",\"datePublished\":\"2019-10-07T22:01:30+00:00\",\"description\":\"Mercoled\u00ec 2 ottobre, alle ore 18.00 presso l\u2019Hotel Art by the Spanish Steps in Via Margutta, 56 l\u2019Associazione Internazionale di Via Margutta ha\",\"breadcrumb\":{\"@id\":\"https:\\\/\\\/www.romaoggi.eu\\\/index.php\\\/2019\\\/10\\\/08\\\/presentazione-del-nuovo-consiglio-direttivo-dellassociazione-internazionale-di-via-margutta\\\/#breadcrumb\"},\"inLanguage\":\"it-IT\",\"potentialAction\":[{\"@type\":\"ReadAction\",\"target\":[\"https:\\\/\\\/www.romaoggi.eu\\\/index.php\\\/2019\\\/10\\\/08\\\/presentazione-del-nuovo-consiglio-direttivo-dellassociazione-internazionale-di-via-margutta\\\/\"]}]},{\"@type\":\"ImageObject\",\"inLanguage\":\"it-IT\",\"@id\":\"https:\\\/\\\/www.romaoggi.eu\\\/index.php\\\/2019\\\/10\\\/08\\\/presentazione-del-nuovo-consiglio-direttivo-dellassociazione-internazionale-di-via-margutta\\\/#primaryimage\",\"url\":\"https:\\\/\\\/www.romaoggi.eu\\\/wp-content\\\/uploads\\\/2019\\\/10\\\/1-C.D.-Ass.-Int.-Via-Margutta-H.-Nielsen-G.-Marino-A.-Falanga-Pres.-S.-Alfonsi-T.-Vannini-P49296.jpg\",\"contentUrl\":\"https:\\\/\\\/www.romaoggi.eu\\\/wp-content\\\/uploads\\\/2019\\\/10\\\/1-C.D.-Ass.-Int.-Via-Margutta-H.-Nielsen-G.-Marino-A.-Falanga-Pres.-S.-Alfonsi-T.-Vannini-P49296.jpg\",\"width\":3285,\"height\":1952},{\"@type\":\"BreadcrumbList\",\"@id\":\"https:\\\/\\\/www.romaoggi.eu\\\/index.php\\\/2019\\\/10\\\/08\\\/presentazione-del-nuovo-consiglio-direttivo-dellassociazione-internazionale-di-via-margutta\\\/#breadcrumb\",\"itemListElement\":[{\"@type\":\"ListItem\",\"position\":1,\"name\":\"Home\",\"item\":\"https:\\\/\\\/www.romaoggi.eu\\\/\"},{\"@type\":\"ListItem\",\"position\":2,\"name\":\"Presentazione del nuovo Consiglio Direttivo dell\u2019Associazione Internazionale di Via Margutta\"}]},{\"@type\":\"WebSite\",\"@id\":\"https:\\\/\\\/www.romaoggi.eu\\\/#website\",\"url\":\"https:\\\/\\\/www.romaoggi.eu\\\/\",\"name\":\"roma oggi\",\"description\":\"Interesting News for Interesting people\",\"publisher\":{\"@id\":\"https:\\\/\\\/www.romaoggi.eu\\\/#organization\"},\"potentialAction\":[{\"@type\":\"SearchAction\",\"target\":{\"@type\":\"EntryPoint\",\"urlTemplate\":\"https:\\\/\\\/www.romaoggi.eu\\\/?s={search_term_string}\"},\"query-input\":{\"@type\":\"PropertyValueSpecification\",\"valueRequired\":true,\"valueName\":\"search_term_string\"}}],\"inLanguage\":\"it-IT\"},{\"@type\":\"Organization\",\"@id\":\"https:\\\/\\\/www.romaoggi.eu\\\/#organization\",\"name\":\"RomaOggi\",\"url\":\"https:\\\/\\\/www.romaoggi.eu\\\/\",\"logo\":{\"@type\":\"ImageObject\",\"inLanguage\":\"it-IT\",\"@id\":\"https:\\\/\\\/www.romaoggi.eu\\\/#\\\/schema\\\/logo\\\/image\\\/\",\"url\":\"https:\\\/\\\/www.romaoggi.eu\\\/wp-content\\\/uploads\\\/2017\\\/04\\\/logowp.jpg\",\"contentUrl\":\"https:\\\/\\\/www.romaoggi.eu\\\/wp-content\\\/uploads\\\/2017\\\/04\\\/logowp.jpg\",\"width\":300,\"height\":133,\"caption\":\"RomaOggi\"},\"image\":{\"@id\":\"https:\\\/\\\/www.romaoggi.eu\\\/#\\\/schema\\\/logo\\\/image\\\/\"},\"sameAs\":[\"https:\\\/\\\/www.facebook.com\\\/RomaOggi-841544845954114\",\"https:\\\/\\\/x.com\\\/romaoggi_eu\"]},{\"@type\":\"Person\",\"@id\":\"https:\\\/\\\/www.romaoggi.eu\\\/#\\\/schema\\\/person\\\/569485df663c86fd2d0179a6643546f9\",\"name\":\"Federica Pansadoro\",\"image\":{\"@type\":\"ImageObject\",\"inLanguage\":\"it-IT\",\"@id\":\"https:\\\/\\\/secure.gravatar.com\\\/avatar\\\/646783eb26ef4eab9fe24f298081663814c4d6acd6ea1c44b2633e8176ba1dc5?s=96&d=mm&r=g\",\"url\":\"https:\\\/\\\/secure.gravatar.com\\\/avatar\\\/646783eb26ef4eab9fe24f298081663814c4d6acd6ea1c44b2633e8176ba1dc5?s=96&d=mm&r=g\",\"contentUrl\":\"https:\\\/\\\/secure.gravatar.com\\\/avatar\\\/646783eb26ef4eab9fe24f298081663814c4d6acd6ea1c44b2633e8176ba1dc5?s=96&d=mm&r=g\",\"caption\":\"Federica Pansadoro\"},\"sameAs\":[\"https:\\\/\\\/www.youtube.com\\\/channel\\\/UCN8Y45Fmdd0XBagxT7qUVEA\"],\"url\":\"https:\\\/\\\/www.romaoggi.eu\\\/index.php\\\/author\\\/federica\\\/\"}]}<\/script>\n<!-- \/ Yoast SEO plugin. -->","yoast_head_json":{"title":"Presentazione del nuovo Consiglio Direttivo dell\u2019Associazione Internazionale di Via Margutta","description":"Mercoled\u00ec 2 ottobre, alle ore 18.00 presso l\u2019Hotel Art by the Spanish Steps in Via Margutta, 56 l\u2019Associazione Internazionale di Via Margutta ha","robots":{"index":"index","follow":"follow","max-snippet":"max-snippet:-1","max-image-preview":"max-image-preview:large","max-video-preview":"max-video-preview:-1"},"canonical":"https:\/\/www.romaoggi.eu\/index.php\/2019\/10\/08\/presentazione-del-nuovo-consiglio-direttivo-dellassociazione-internazionale-di-via-margutta\/","og_locale":"it_IT","og_type":"article","og_title":"Presentazione del nuovo Consiglio Direttivo dell\u2019Associazione Internazionale di Via Margutta","og_description":"Mercoled\u00ec 2 ottobre, alle ore 18.00 presso l\u2019Hotel Art by the Spanish Steps in Via Margutta, 56 l\u2019Associazione Internazionale di Via Margutta ha","og_url":"https:\/\/www.romaoggi.eu\/index.php\/2019\/10\/08\/presentazione-del-nuovo-consiglio-direttivo-dellassociazione-internazionale-di-via-margutta\/","og_site_name":"roma oggi","article_publisher":"https:\/\/www.facebook.com\/RomaOggi-841544845954114","article_published_time":"2019-10-07T22:01:30+00:00","og_image":[{"width":3285,"height":1952,"url":"https:\/\/www.romaoggi.eu\/wp-content\/uploads\/2019\/10\/1-C.D.-Ass.-Int.-Via-Margutta-H.-Nielsen-G.-Marino-A.-Falanga-Pres.-S.-Alfonsi-T.-Vannini-P49296.jpg","type":"image\/jpeg"}],"author":"Federica Pansadoro","twitter_card":"summary_large_image","twitter_creator":"@romaoggi_eu","twitter_site":"@romaoggi_eu","twitter_misc":{"Scritto da":"Federica Pansadoro","Tempo di lettura stimato":"2 minuti"},"schema":{"@context":"https:\/\/schema.org","@graph":[{"@type":"Article","@id":"https:\/\/www.romaoggi.eu\/index.php\/2019\/10\/08\/presentazione-del-nuovo-consiglio-direttivo-dellassociazione-internazionale-di-via-margutta\/#article","isPartOf":{"@id":"https:\/\/www.romaoggi.eu\/index.php\/2019\/10\/08\/presentazione-del-nuovo-consiglio-direttivo-dellassociazione-internazionale-di-via-margutta\/"},"author":{"name":"Federica Pansadoro","@id":"https:\/\/www.romaoggi.eu\/#\/schema\/person\/569485df663c86fd2d0179a6643546f9"},"headline":"Presentazione del nuovo Consiglio Direttivo dell\u2019Associazione Internazionale di Via Margutta","datePublished":"2019-10-07T22:01:30+00:00","mainEntityOfPage":{"@id":"https:\/\/www.romaoggi.eu\/index.php\/2019\/10\/08\/presentazione-del-nuovo-consiglio-direttivo-dellassociazione-internazionale-di-via-margutta\/"},"wordCount":484,"publisher":{"@id":"https:\/\/www.romaoggi.eu\/#organization"},"image":{"@id":"https:\/\/www.romaoggi.eu\/index.php\/2019\/10\/08\/presentazione-del-nuovo-consiglio-direttivo-dellassociazione-internazionale-di-via-margutta\/#primaryimage"},"thumbnailUrl":"https:\/\/www.romaoggi.eu\/wp-content\/uploads\/2019\/10\/1-C.D.-Ass.-Int.-Via-Margutta-H.-Nielsen-G.-Marino-A.-Falanga-Pres.-S.-Alfonsi-T.-Vannini-P49296.jpg","keywords":["Alberto Moncada","Ernesto Solari","Grazia Marino","Pierluigi Mancuso","via margutta"],"articleSection":["attualit\u00e0"],"inLanguage":"it-IT"},{"@type":"WebPage","@id":"https:\/\/www.romaoggi.eu\/index.php\/2019\/10\/08\/presentazione-del-nuovo-consiglio-direttivo-dellassociazione-internazionale-di-via-margutta\/","url":"https:\/\/www.romaoggi.eu\/index.php\/2019\/10\/08\/presentazione-del-nuovo-consiglio-direttivo-dellassociazione-internazionale-di-via-margutta\/","name":"Presentazione del nuovo Consiglio Direttivo dell\u2019Associazione Internazionale di Via Margutta","isPartOf":{"@id":"https:\/\/www.romaoggi.eu\/#website"},"primaryImageOfPage":{"@id":"https:\/\/www.romaoggi.eu\/index.php\/2019\/10\/08\/presentazione-del-nuovo-consiglio-direttivo-dellassociazione-internazionale-di-via-margutta\/#primaryimage"},"image":{"@id":"https:\/\/www.romaoggi.eu\/index.php\/2019\/10\/08\/presentazione-del-nuovo-consiglio-direttivo-dellassociazione-internazionale-di-via-margutta\/#primaryimage"},"thumbnailUrl":"https:\/\/www.romaoggi.eu\/wp-content\/uploads\/2019\/10\/1-C.D.-Ass.-Int.-Via-Margutta-H.-Nielsen-G.-Marino-A.-Falanga-Pres.-S.-Alfonsi-T.-Vannini-P49296.jpg","datePublished":"2019-10-07T22:01:30+00:00","description":"Mercoled\u00ec 2 ottobre, alle ore 18.00 presso l\u2019Hotel Art by the Spanish Steps in Via Margutta, 56 l\u2019Associazione Internazionale di Via Margutta ha","breadcrumb":{"@id":"https:\/\/www.romaoggi.eu\/index.php\/2019\/10\/08\/presentazione-del-nuovo-consiglio-direttivo-dellassociazione-internazionale-di-via-margutta\/#breadcrumb"},"inLanguage":"it-IT","potentialAction":[{"@type":"ReadAction","target":["https:\/\/www.romaoggi.eu\/index.php\/2019\/10\/08\/presentazione-del-nuovo-consiglio-direttivo-dellassociazione-internazionale-di-via-margutta\/"]}]},{"@type":"ImageObject","inLanguage":"it-IT","@id":"https:\/\/www.romaoggi.eu\/index.php\/2019\/10\/08\/presentazione-del-nuovo-consiglio-direttivo-dellassociazione-internazionale-di-via-margutta\/#primaryimage","url":"https:\/\/www.romaoggi.eu\/wp-content\/uploads\/2019\/10\/1-C.D.-Ass.-Int.-Via-Margutta-H.-Nielsen-G.-Marino-A.-Falanga-Pres.-S.-Alfonsi-T.-Vannini-P49296.jpg","contentUrl":"https:\/\/www.romaoggi.eu\/wp-content\/uploads\/2019\/10\/1-C.D.-Ass.-Int.-Via-Margutta-H.-Nielsen-G.-Marino-A.-Falanga-Pres.-S.-Alfonsi-T.-Vannini-P49296.jpg","width":3285,"height":1952},{"@type":"BreadcrumbList","@id":"https:\/\/www.romaoggi.eu\/index.php\/2019\/10\/08\/presentazione-del-nuovo-consiglio-direttivo-dellassociazione-internazionale-di-via-margutta\/#breadcrumb","itemListElement":[{"@type":"ListItem","position":1,"name":"Home","item":"https:\/\/www.romaoggi.eu\/"},{"@type":"ListItem","position":2,"name":"Presentazione del nuovo Consiglio Direttivo dell\u2019Associazione Internazionale di Via Margutta"}]},{"@type":"WebSite","@id":"https:\/\/www.romaoggi.eu\/#website","url":"https:\/\/www.romaoggi.eu\/","name":"roma oggi","description":"Interesting News for Interesting people","publisher":{"@id":"https:\/\/www.romaoggi.eu\/#organization"},"potentialAction":[{"@type":"SearchAction","target":{"@type":"EntryPoint","urlTemplate":"https:\/\/www.romaoggi.eu\/?s={search_term_string}"},"query-input":{"@type":"PropertyValueSpecification","valueRequired":true,"valueName":"search_term_string"}}],"inLanguage":"it-IT"},{"@type":"Organization","@id":"https:\/\/www.romaoggi.eu\/#organization","name":"RomaOggi","url":"https:\/\/www.romaoggi.eu\/","logo":{"@type":"ImageObject","inLanguage":"it-IT","@id":"https:\/\/www.romaoggi.eu\/#\/schema\/logo\/image\/","url":"https:\/\/www.romaoggi.eu\/wp-content\/uploads\/2017\/04\/logowp.jpg","contentUrl":"https:\/\/www.romaoggi.eu\/wp-content\/uploads\/2017\/04\/logowp.jpg","width":300,"height":133,"caption":"RomaOggi"},"image":{"@id":"https:\/\/www.romaoggi.eu\/#\/schema\/logo\/image\/"},"sameAs":["https:\/\/www.facebook.com\/RomaOggi-841544845954114","https:\/\/x.com\/romaoggi_eu"]},{"@type":"Person","@id":"https:\/\/www.romaoggi.eu\/#\/schema\/person\/569485df663c86fd2d0179a6643546f9","name":"Federica Pansadoro","image":{"@type":"ImageObject","inLanguage":"it-IT","@id":"https:\/\/secure.gravatar.com\/avatar\/646783eb26ef4eab9fe24f298081663814c4d6acd6ea1c44b2633e8176ba1dc5?s=96&d=mm&r=g","url":"https:\/\/secure.gravatar.com\/avatar\/646783eb26ef4eab9fe24f298081663814c4d6acd6ea1c44b2633e8176ba1dc5?s=96&d=mm&r=g","contentUrl":"https:\/\/secure.gravatar.com\/avatar\/646783eb26ef4eab9fe24f298081663814c4d6acd6ea1c44b2633e8176ba1dc5?s=96&d=mm&r=g","caption":"Federica Pansadoro"},"sameAs":["https:\/\/www.youtube.com\/channel\/UCN8Y45Fmdd0XBagxT7qUVEA"],"url":"https:\/\/www.romaoggi.eu\/index.php\/author\/federica\/"}]}},"_links":{"self":[{"href":"https:\/\/www.romaoggi.eu\/index.php\/wp-json\/wp\/v2\/posts\/22983","targetHints":{"allow":["GET"]}}],"collection":[{"href":"https:\/\/www.romaoggi.eu\/index.php\/wp-json\/wp\/v2\/posts"}],"about":[{"href":"https:\/\/www.romaoggi.eu\/index.php\/wp-json\/wp\/v2\/types\/post"}],"author":[{"embeddable":true,"href":"https:\/\/www.romaoggi.eu\/index.php\/wp-json\/wp\/v2\/users\/13"}],"replies":[{"embeddable":true,"href":"https:\/\/www.romaoggi.eu\/index.php\/wp-json\/wp\/v2\/comments?post=22983"}],"version-history":[{"count":1,"href":"https:\/\/www.romaoggi.eu\/index.php\/wp-json\/wp\/v2\/posts\/22983\/revisions"}],"predecessor-version":[{"id":22987,"href":"https:\/\/www.romaoggi.eu\/index.php\/wp-json\/wp\/v2\/posts\/22983\/revisions\/22987"}],"wp:featuredmedia":[{"embeddable":true,"href":"https:\/\/www.romaoggi.eu\/index.php\/wp-json\/wp\/v2\/media\/22986"}],"wp:attachment":[{"href":"https:\/\/www.romaoggi.eu\/index.php\/wp-json\/wp\/v2\/media?parent=22983"}],"wp:term":[{"taxonomy":"category","embeddable":true,"href":"https:\/\/www.romaoggi.eu\/index.php\/wp-json\/wp\/v2\/categories?post=22983"},{"taxonomy":"post_tag","embeddable":true,"href":"https:\/\/www.romaoggi.eu\/index.php\/wp-json\/wp\/v2\/tags?post=22983"}],"curies":[{"name":"wp","href":"https:\/\/api.w.org\/{rel}","templated":true}]}}