{"id":23035,"date":"2019-10-14T12:02:17","date_gmt":"2019-10-14T10:02:17","guid":{"rendered":"http:\/\/www.romaoggi.eu\/?p=23035"},"modified":"2019-10-14T12:02:17","modified_gmt":"2019-10-14T10:02:17","slug":"margutta-creative-district-2019-moda-design-libri-e-fotografia","status":"publish","type":"post","link":"https:\/\/www.romaoggi.eu\/index.php\/2019\/10\/14\/margutta-creative-district-2019-moda-design-libri-e-fotografia\/","title":{"rendered":"\u201cMargutta Creative District\u201d 2019: Moda, Design, Libri e Fotografia"},"content":{"rendered":"<p><b>\u201cMargutta Creative District\u201d 2019: Moda, Design, Libri e Fotografia<\/b><\/p>\n<p style=\"text-align: justify;\"><span style=\"font-weight: 400;\">Via Margutta si conferma come polo della moda, dell\u2019arte e della fotografia della capitale, grazie al <\/span><b>\u201cMargutta Creative District\u201d. <\/b><span style=\"font-weight: 400;\">Il progetto, giunto alla <strong>IV Edizion<\/strong>e, ideato da <\/span><b>Antonio Falanga<\/b><span style=\"font-weight: 400;\"> e <\/span><b>Grazia Marino<\/b><span style=\"font-weight: 400;\">, prodotto da \u201c<\/span><b>Spazio Margutta<\/b><span style=\"font-weight: 400;\">\u201d si propone<\/span> <span style=\"font-weight: 400;\">di valorizzare quelle realt\u00e0 creative che ancora oggi credono nel prodotto <strong>\u201cfatto a mano\u201d.<\/strong> Incontri, dialoghi e contaminazioni fra il mondo della moda, del design, della fotografia e dei libri, protagonisti nelle gallerie d\u2019arte, nelle botteghe artigiane e negli hotel di via Margutta.\u00a0<\/span><\/p>\n<p><img loading=\"lazy\" decoding=\"async\" class=\"aligncenter wp-image-23041 size-large\" src=\"https:\/\/www.romaoggi.eu\/wp-content\/uploads\/2019\/10\/1-Spazio-Margutta-1024x682.jpg\" alt=\"alt tag Margutta Creative District\" width=\"1024\" height=\"682\" srcset=\"https:\/\/www.romaoggi.eu\/wp-content\/uploads\/2019\/10\/1-Spazio-Margutta-1024x682.jpg 1024w, https:\/\/www.romaoggi.eu\/wp-content\/uploads\/2019\/10\/1-Spazio-Margutta-300x200.jpg 300w, https:\/\/www.romaoggi.eu\/wp-content\/uploads\/2019\/10\/1-Spazio-Margutta.jpg 1732w\" sizes=\"auto, (max-width: 1024px) 100vw, 1024px\" \/><\/p>\n<p style=\"text-align: justify;\"><span style=\"font-weight: 400;\">L\u2019iniziativa, patrocinata dal <\/span><b>Municipio Roma I Centro<\/b><span style=\"font-weight: 400;\"> e <\/span><b>dall\u2019Associazione Internazionale di Via Margutta<\/b><span style=\"font-weight: 400;\">, ha ospitato nel \u201cPolo dei Creativi\u201d il <\/span><b>\u201cMuseo dell\u2019Arte della Lana\u201d <\/b><span style=\"font-weight: 400;\">di <strong>Stia<\/strong>, oggi unico centro di diffusione della cultura tessile del Casentino. A promuovere questa storica realt\u00e0 <\/span><b>Angela Giordano<\/b><span style=\"font-weight: 400;\">, <\/span><span style=\"font-weight: 400;\">maestra tessitrice, da 45 anni che nel \u201cMuseo\u201d\u00a0insegna tessitura ma anche ricamo. Telai antichi, arazzi, workshop dedicati ai bambini e ai grandi e una ricca documentazioni sul \u201c<\/span><span style=\"font-weight: 400;\">Panno Casentino\u201d<\/span> <span style=\"font-weight: 400;\">diventato celebre grazie al cappotto arancione di lana casentinese, indossato da Audrey Hepburn nel film \u201cColazione da Tiffany\u201d, sono stati l\u2019attrazione della tre giorni marguttiana.\u00a0<\/span><\/p>\n<p><img loading=\"lazy\" decoding=\"async\" class=\"aligncenter wp-image-23042 size-large\" src=\"https:\/\/www.romaoggi.eu\/wp-content\/uploads\/2019\/10\/4-Moneta-Clothing-1024x682.jpg\" alt=\"alt tag Margutta Creative District\" width=\"1024\" height=\"682\" srcset=\"https:\/\/www.romaoggi.eu\/wp-content\/uploads\/2019\/10\/4-Moneta-Clothing-1024x682.jpg 1024w, https:\/\/www.romaoggi.eu\/wp-content\/uploads\/2019\/10\/4-Moneta-Clothing-300x200.jpg 300w, https:\/\/www.romaoggi.eu\/wp-content\/uploads\/2019\/10\/4-Moneta-Clothing.jpg 1732w\" sizes=\"auto, (max-width: 1024px) 100vw, 1024px\" \/><\/p>\n<p>&nbsp;<\/p>\n<p style=\"text-align: justify;\"><span style=\"font-weight: 400;\">Presente al \u201cPolo dei Creativi\u201d anche chi attualmente in Italia produce collezioni moda e promuove il panno casentino. <\/span><b>Moneta Clothing <\/b><span style=\"font-weight: 400;\">\u00e8 un brand Made in Italy ideato da Antonio Moneta, che sar\u00e0 presente con una sua \u201ccapsule\u201d di giacconi uomo e donna, in 9 affascinanti colori, dal taglio moderno e dai toni contemporanei, realizzati con materiali di pregio (100% lana casentino del lanificio di Stia). Outfits urban chic che dalla campagna conquista le citt\u00e0 metropolitane attente alle mode e alle tradizioni del saper fare.<\/span><\/p>\n<figure id=\"attachment_23043\" aria-describedby=\"caption-attachment-23043\" style=\"width: 682px\" class=\"wp-caption aligncenter\"><img loading=\"lazy\" decoding=\"async\" class=\"wp-image-23043 size-large\" src=\"https:\/\/www.romaoggi.eu\/wp-content\/uploads\/2019\/10\/2.1-Cappotto-di-Audrey-Hepburn-nel-film-\u201cColazione-da-Tiffany\u201d-682x1024.jpg\" alt=\"alt tag Margutta Creative District\" width=\"682\" height=\"1024\" srcset=\"https:\/\/www.romaoggi.eu\/wp-content\/uploads\/2019\/10\/2.1-Cappotto-di-Audrey-Hepburn-nel-film-\u201cColazione-da-Tiffany\u201d-682x1024.jpg 682w, https:\/\/www.romaoggi.eu\/wp-content\/uploads\/2019\/10\/2.1-Cappotto-di-Audrey-Hepburn-nel-film-\u201cColazione-da-Tiffany\u201d-200x300.jpg 200w, https:\/\/www.romaoggi.eu\/wp-content\/uploads\/2019\/10\/2.1-Cappotto-di-Audrey-Hepburn-nel-film-\u201cColazione-da-Tiffany\u201d.jpg 1154w\" sizes=\"auto, (max-width: 682px) 100vw, 682px\" \/><figcaption id=\"caption-attachment-23043\" class=\"wp-caption-text\">Cappotto di Audrey Hepburn nel film \u201cColazione da Tiffany\u201d<\/figcaption><\/figure>\n<p style=\"text-align: justify;\"><span style=\"font-weight: 400;\">Tendenze e stili diversi fra i creativi presenti<\/span><span style=\"font-weight: 400;\"> a \u201c<strong>Spazio Margutta\u201d<\/strong>:<\/span><\/p>\n<p style=\"text-align: justify;\"><b>Gian Paolo Zuccarello<\/b><span style=\"font-weight: 400;\"> e i suoi abiti ideati e progettati nell\u2019Atelier situato nel centro storico di Roma in Via Calabria n\u00b0 25, realizzati interamente a mano, da un\u2019equipe di mastri artigiani, rispettando il rigore della classica tradizione sartoriale italiana.\u00a0<\/span><\/p>\n<p style=\"text-align: justify;\"><span style=\"font-weight: 400;\">Alta Sartoria per <\/span><b>Nelly Marika<\/b><span style=\"font-weight: 400;\">, dedicata agli amanti delle lavorazioni a mano e dei processi artigianali. Tutte le fasi di confezionamento del capo vengono effettuate rigorosamente a mano all\u2019interno del suo Atelier di Venafro, utilizzando i tessuti pi\u00f9 pregiati e ricercati. Idee, passione, competenza elementi indispensabili per la realizzazione di un abito Bespoke.<\/span><\/p>\n<p style=\"text-align: justify;\"><span style=\"font-weight: 400;\">Presente anche<\/span><b> Roberta Audibert<\/b><span style=\"font-weight: 400;\">, giovane promessa della moda italiana, con la sua nuova collezione P\/E 2020 \u201cNuance Minimal\u201d. Linee, semplici e basilari prendono spunto dal design e dall\u2019architettura minimal, tessuti, con nuance di colori sobri e neutri, come il mikado, rigido e geometrico, immaginati per la sua \u201cdonna ideale\u201d, \u2026 forte, sensuale e contemporanea.\u00a0<\/span><\/p>\n<p style=\"text-align: justify;\"><b>Angelo Pidal\u00e0<\/b><span style=\"font-weight: 400;\">, siciliano doc, artista poliedrico che spazia da ideare e decorare con il cacao in polvere ceramiche e quadri unici nel loro genere, propone per la prima volta a Roma mantelle sartoriali e t-shirt uniche mediante la tecnica del \u201cpuntinismo\u201d una pratica di pittura utilizzata dagli aborigeni dell\u2019Australia, scoperta durante un suo viaggio, outfits esclusivi, interamente confezionati a mano nella sua Longi, realizzati con tessuti pregiati e dipinti a mano.<\/span><\/p>\n<figure id=\"attachment_23044\" aria-describedby=\"caption-attachment-23044\" style=\"width: 1024px\" class=\"wp-caption aligncenter\"><img loading=\"lazy\" decoding=\"async\" class=\"wp-image-23044 size-large\" src=\"https:\/\/www.romaoggi.eu\/wp-content\/uploads\/2019\/10\/6-GAIA-Italian-Handmade-Jewellery-1024x682.jpg\" alt=\"alt tag Margutta Creative District\" width=\"1024\" height=\"682\" srcset=\"https:\/\/www.romaoggi.eu\/wp-content\/uploads\/2019\/10\/6-GAIA-Italian-Handmade-Jewellery-1024x682.jpg 1024w, https:\/\/www.romaoggi.eu\/wp-content\/uploads\/2019\/10\/6-GAIA-Italian-Handmade-Jewellery-300x200.jpg 300w, https:\/\/www.romaoggi.eu\/wp-content\/uploads\/2019\/10\/6-GAIA-Italian-Handmade-Jewellery.jpg 1732w\" sizes=\"auto, (max-width: 1024px) 100vw, 1024px\" \/><figcaption id=\"caption-attachment-23044\" class=\"wp-caption-text\">GAIA Italian Handmade Jewellery<\/figcaption><\/figure>\n<p style=\"text-align: justify;\"><b>Gaia Caramazza<\/b><span style=\"font-weight: 400;\">, ideatrice del brand \u201c<\/span><b>GAIA Italian Handmade Jewellery<\/b><span style=\"font-weight: 400;\">\u201d, \u00e8 invece una delle pi\u00f9 affermate jewelry designer del momento. La Collezione \u201cImpero\u201d presentata a luglio durante il Calendario di Altaroma, diventata un must grazie al suo design originale, si arricchisce di nuove creazioni che prendono anch\u2019esse ispirazione dalle donne dell\u2019Impero Romano, anelli e gli orecchini reversibili, bracciali da polso e da braccio, sono la sintesi di una ricerca accurata e di uno stile originale, eleganza che resta intatta nel tempo.<\/span><\/p>\n<p style=\"text-align: justify;\"><span style=\"font-weight: 400;\">Ammiratissime<\/span> <span style=\"font-weight: 400;\">le creazioni di<\/span><b> Marina Santaniello<\/b><span style=\"font-weight: 400;\">, diplomata in pittura all\u2019Accademia di Belle Arti di Roma, da anni dipinge sulle migliori amiche delle donne, le borse, cercando di illustrare simbolicamente la nostra storia, i nostri sogni e le nostre fragilit\u00e0. F<\/span><span style=\"font-weight: 400;\">igure iconiche prendono vita su borse di nuova concezione, arricchite con fodere stravaganti, che insieme a cinture e accessori vari, esaltano il lavoro degli ultimi artigiani romani.<\/span><\/p>\n<p style=\"text-align: justify;\"><span style=\"font-weight: 400;\">Ed infine<\/span><b> Alessandra Mancini<\/b><span style=\"font-weight: 400;\"> mente ideatrice di \u201cEventi Atelier\u201d.\u00a0 Attraverso le sue mani e la lavorazione della carta, prende vita una nuova forma comunicativa, fatta di sogni ed emozioni. Di particolare originalit\u00e0 il progetto dedicato alle spose e al mondo del wedding, idee creative, alternative ai soliti materiali, che coniugano originalit\u00e0 e sfida alle convenzioni, per risultati incredibilmente sorprendenti.<\/span><\/p>\n<p style=\"text-align: justify;\"><span style=\"font-weight: 400;\">Novit\u00e0 della IV^ Edizione del \u201cMargutta Creative District\u201d \u00e8 la <\/span><b>\u201cSezione Libri\u201d<\/b><span style=\"font-weight: 400;\">, un appuntamento che va ad arricchire le sezioni di una manifestazione, che fa della promozione di donne e di uomini di cultura la sua peculiarit\u00e0.<\/span><\/p>\n<p>&nbsp;<\/p>\n<p style=\"text-align: justify;\"><b>ANCHE L\u2019OLIO CANTA<\/b><span style=\"font-weight: 400;\"> scritto da <\/span><b>Lorena Fiorini<\/b><span style=\"font-weight: 400;\"> e <\/span><b>Laura De Luca<\/b><span style=\"font-weight: 400;\">, edito da <\/span><b>Chi Pi\u00f9 Ne Art<\/b> <b>Edizioni<\/b><span style=\"font-weight: 400;\"> \u00e8 stato il primo libro presentato <\/span><span style=\"font-weight: 400;\">al <\/span><b>Margutta vegetarian food &amp; art<\/b><span style=\"font-weight: 400;\">,<\/span><span style=\"font-weight: 400;\"> un omaggio composito all\u2019ingrediente base della dieta mediterranea, attraverso approcci diversi: storico, agronomico, cosmetico, gastronomico, letterario. Una rassegna antologica che celebra il ruolo fondamentale e trasversale dell\u2019olivo e dell\u2019olio nel corso dei secoli: non a caso simbolo di pace, ma anche sostanza benefica per la salute dell\u2019uomo. Corredata di foto e disegni, l\u2019opera vuole offrire una panoramica inedita sui molteplici approcci al grande tema dell\u2019olio EVO, non solo dal punto di vista alimentare, ma anche storico, scientifico, ovviamente gastronomico, nonch\u00e9 filosofico e letterario, attraverso il contributo di specialisti qualificati.<\/span><\/p>\n<p style=\"text-align: justify;\"><span style=\"font-weight: 400;\">Seconda opera presentata, che ha riscontrato moltissimo interesse<\/span> <span style=\"font-weight: 400;\">\u00e8 stata<\/span><b> \u201cGOODBYE IRPINIA\u201d.<\/b><span style=\"font-weight: 400;\"> R<\/span><span style=\"font-weight: 400;\">omanzo thriller di <\/span><b>Mike J. Pilla<\/b><span style=\"font-weight: 400;\"> edito da <\/span><b>Bibliotheka Edizioni<\/b><span style=\"font-weight: 400;\">. L\u2019opera, primo \u201cPaper novel\u201d al mondo, \u00e8 in vendita in tutte le librerie d\u2019Italia e online, e rappresenta una novit\u00e0 assoluta in ambito editoriale: si tratta di una inchiesta-fiction con inserti giornalistici, ambientata tra Montaguto \u2013 piccolo paese del Sud Italia dove insiste la frana pi\u00f9 vasta d\u2019Europa. Elemento fondamentale dell\u2019opera \u00e8 l\u2019estero, rappresentato dalla vasta comunit\u00e0 irpina nel mondo. Il romanzo, presentato nello scorso mese di maggio alla fiera del libro italiano a Toronto, \u00e8 ambientato tra Irpinia, New York, Youngstown e appunto Toronto.<\/span><\/p>\n<p style=\"text-align: justify;\"><span style=\"font-weight: 400;\">Come ogni anno di particolare prestigio la \u201cSezione Fotografia\u201d in mostra: <\/span><b>PHOTO EXBHITION \u2013 CARLO TOSTI TRIBUTE <\/b><span style=\"font-weight: 400;\">un tributo all\u2019amico <\/span><b>Carlo Tosti<\/b><span style=\"font-weight: 400;\">, fotografo della prima edizione del \u201cMargutta Creative District\u201d<\/span> <span style=\"font-weight: 400;\">nella quale si \u00e8 instaur\u00f2 una piacevolissima collaborazione, nonch\u00e9 una bellissima amicizia con Grazia Marino e Antonio Falanga. Un rapporto durato fino a Gennaio 2019, interrotto da una terribile malattia che l\u2019ha portato via all\u2019affetto dei suoi cari. Fotografo non per professione ma per passione, persona di grande umanit\u00e0 e molto stimata per la sua professionalit\u00e0, seriet\u00e0, correttezza ed anche per il suo enorme senso dell\u2019ironia che l\u2019ha sempre contraddistinto.\u00a0<\/span><\/p>\n<p style=\"text-align: justify;\"><span style=\"font-weight: 400;\">Per la \u201cSezione Design\u201d ampio spazio agli studenti del corso di laurea in Design dell\u2019<\/span><b>&#8216;Accademia Italiana di Arte, Moda, Design<\/b><span style=\"font-weight: 400;\">, che nell\u2019ambito di un progetto mirato, ideato dal Presidente Vincenzo Giubba, ha presentato all\u2019<\/span><b>Hotel Art by The Spanish Steps <\/b><span style=\"font-weight: 400;\">in Via Margutta, 56<\/span> <b>\u201cSTONE DESIGN. La pietra che ispira\u201d<\/b><b>. <\/b><span style=\"font-weight: 400;\">U<\/span><span style=\"font-weight: 400;\">na collezione di complementi realizzati in marmi pregiati che, attraverso segni essenziali, danno una nuova interpretazione di oggetti di utilizzo quotidiano. L\u2019iniziativa, curata dai docenti del corso di laurea in Design Filippo Pernisco e Christian Ludovici, \u00e8 stata possibile realizzarla grazie alla collaborazione con It\u2019s Stone, brand dell\u2019azienda Fratelli Marmo di Montefiascone (VT) utilizzando marmi di varie tipologie e provenienze.<\/span><\/p>\n<p><a href=\"https:\/\/www.romaoggi.eu\/index.php\/2019\/10\/11\/a-roma-sposa-trionfo-di-eleganza-con-la-collezione-la-vie-en-blanc-atelier\/\"><span style=\"font-weight: 400;\">\u00a0Redazione<\/span><\/a><\/p>\n<p>&nbsp;<\/p>\n","protected":false},"excerpt":{"rendered":"<div class=\"mh-excerpt\"><p>\u201cMargutta Creative District\u201d 2019: Moda, Design, Libri e Fotografia Via Margutta si conferma come polo della moda, dell\u2019arte e della fotografia della capitale, grazie al \u201cMargutta Creative District\u201d. Il progetto, giunto alla IV Edizione, ideato <a class=\"mh-excerpt-more\" href=\"https:\/\/www.romaoggi.eu\/index.php\/2019\/10\/14\/margutta-creative-district-2019-moda-design-libri-e-fotografia\/\" title=\"\u201cMargutta Creative District\u201d 2019: Moda, Design, Libri e Fotografia\">[&#8230;]<\/a><\/p>\n<\/div>","protected":false},"author":1,"featured_media":23040,"comment_status":"closed","ping_status":"open","sticky":false,"template":"","format":"standard","meta":{"_sitemap_exclude":false,"_sitemap_priority":"","_sitemap_frequency":"","footnotes":""},"categories":[3416],"tags":[13354,2394,13351,3707,2487,7909,201,13355,13352,3418,13353,8830],"class_list":["post-23035","post","type-post","status-publish","format-standard","has-post-thumbnail","hentry","category-moda","tag-angelo-pidala","tag-antonio-falanga","tag-fatto-a-mano","tag-gian-paolo-zuccarello","tag-grazia-marino","tag-margutta-creative-district","tag-moda","tag-moneta-clothing","tag-nelly-marika","tag-outfit","tag-roberta-audibert","tag-spazio-margutta"],"yoast_head":"<!-- This site is optimized with the Yoast SEO plugin v27.5 - https:\/\/yoast.com\/product\/yoast-seo-wordpress\/ -->\n<title>\u201cMargutta Creative District\u201d 2019: Moda, Design, Libri e Fotografia<\/title>\n<meta name=\"description\" content=\"\u201cMargutta Creative District\u201d 2019: Moda, Design, Libri e Fotografia Via Margutta si conferma come polo della moda, dell\u2019arte e della fotografia della\" \/>\n<meta name=\"robots\" content=\"index, follow, max-snippet:-1, max-image-preview:large, max-video-preview:-1\" \/>\n<link rel=\"canonical\" href=\"https:\/\/www.romaoggi.eu\/index.php\/2019\/10\/14\/margutta-creative-district-2019-moda-design-libri-e-fotografia\/\" \/>\n<meta property=\"og:locale\" content=\"it_IT\" \/>\n<meta property=\"og:type\" content=\"article\" \/>\n<meta property=\"og:title\" content=\"\u201cMargutta Creative District\u201d 2019: Moda, Design, Libri e Fotografia\" \/>\n<meta property=\"og:description\" content=\"\u201cMargutta Creative District\u201d 2019: Moda, Design, Libri e Fotografia Via Margutta si conferma come polo della moda, dell\u2019arte e della fotografia della\" \/>\n<meta property=\"og:url\" content=\"https:\/\/www.romaoggi.eu\/index.php\/2019\/10\/14\/margutta-creative-district-2019-moda-design-libri-e-fotografia\/\" \/>\n<meta property=\"og:site_name\" content=\"roma oggi\" \/>\n<meta property=\"article:publisher\" content=\"https:\/\/www.facebook.com\/RomaOggi-841544845954114\" \/>\n<meta property=\"article:published_time\" content=\"2019-10-14T10:02:17+00:00\" \/>\n<meta property=\"og:image\" content=\"https:\/\/www.romaoggi.eu\/wp-content\/uploads\/2019\/10\/2-Museo-dellArte-della-Lana-di-Stia-AR.jpg\" \/>\n\t<meta property=\"og:image:width\" content=\"1732\" \/>\n\t<meta property=\"og:image:height\" content=\"1154\" \/>\n\t<meta property=\"og:image:type\" content=\"image\/jpeg\" \/>\n<meta name=\"author\" content=\"admin\" \/>\n<meta name=\"twitter:card\" content=\"summary_large_image\" \/>\n<meta name=\"twitter:creator\" content=\"@romaoggi_eu\" \/>\n<meta name=\"twitter:site\" content=\"@romaoggi_eu\" \/>\n<meta name=\"twitter:label1\" content=\"Scritto da\" \/>\n\t<meta name=\"twitter:data1\" content=\"admin\" \/>\n\t<meta name=\"twitter:label2\" content=\"Tempo di lettura stimato\" \/>\n\t<meta name=\"twitter:data2\" content=\"6 minuti\" \/>\n<script type=\"application\/ld+json\" class=\"yoast-schema-graph\">{\"@context\":\"https:\\\/\\\/schema.org\",\"@graph\":[{\"@type\":\"Article\",\"@id\":\"https:\\\/\\\/www.romaoggi.eu\\\/index.php\\\/2019\\\/10\\\/14\\\/margutta-creative-district-2019-moda-design-libri-e-fotografia\\\/#article\",\"isPartOf\":{\"@id\":\"https:\\\/\\\/www.romaoggi.eu\\\/index.php\\\/2019\\\/10\\\/14\\\/margutta-creative-district-2019-moda-design-libri-e-fotografia\\\/\"},\"author\":{\"name\":\"admin\",\"@id\":\"https:\\\/\\\/www.romaoggi.eu\\\/#\\\/schema\\\/person\\\/9b23ceb6a2992a25e98c76a5f1fbb887\"},\"headline\":\"\u201cMargutta Creative District\u201d 2019: Moda, Design, Libri e Fotografia\",\"datePublished\":\"2019-10-14T10:02:17+00:00\",\"mainEntityOfPage\":{\"@id\":\"https:\\\/\\\/www.romaoggi.eu\\\/index.php\\\/2019\\\/10\\\/14\\\/margutta-creative-district-2019-moda-design-libri-e-fotografia\\\/\"},\"wordCount\":1236,\"publisher\":{\"@id\":\"https:\\\/\\\/www.romaoggi.eu\\\/#organization\"},\"image\":{\"@id\":\"https:\\\/\\\/www.romaoggi.eu\\\/index.php\\\/2019\\\/10\\\/14\\\/margutta-creative-district-2019-moda-design-libri-e-fotografia\\\/#primaryimage\"},\"thumbnailUrl\":\"https:\\\/\\\/www.romaoggi.eu\\\/wp-content\\\/uploads\\\/2019\\\/10\\\/2-Museo-dellArte-della-Lana-di-Stia-AR.jpg\",\"keywords\":[\"angelo pidal\u00e0\",\"Antonio Falanga\",\"fatto a mano\",\"Gian Paolo Zuccarello\",\"Grazia Marino\",\"Margutta Creative District\",\"moda\",\"Moneta Clothing\",\"nelly marika\",\"outfit\",\"roberta audibert\",\"spazio margutta\"],\"articleSection\":[\"Moda\"],\"inLanguage\":\"it-IT\"},{\"@type\":\"WebPage\",\"@id\":\"https:\\\/\\\/www.romaoggi.eu\\\/index.php\\\/2019\\\/10\\\/14\\\/margutta-creative-district-2019-moda-design-libri-e-fotografia\\\/\",\"url\":\"https:\\\/\\\/www.romaoggi.eu\\\/index.php\\\/2019\\\/10\\\/14\\\/margutta-creative-district-2019-moda-design-libri-e-fotografia\\\/\",\"name\":\"\u201cMargutta Creative District\u201d 2019: Moda, Design, Libri e Fotografia\",\"isPartOf\":{\"@id\":\"https:\\\/\\\/www.romaoggi.eu\\\/#website\"},\"primaryImageOfPage\":{\"@id\":\"https:\\\/\\\/www.romaoggi.eu\\\/index.php\\\/2019\\\/10\\\/14\\\/margutta-creative-district-2019-moda-design-libri-e-fotografia\\\/#primaryimage\"},\"image\":{\"@id\":\"https:\\\/\\\/www.romaoggi.eu\\\/index.php\\\/2019\\\/10\\\/14\\\/margutta-creative-district-2019-moda-design-libri-e-fotografia\\\/#primaryimage\"},\"thumbnailUrl\":\"https:\\\/\\\/www.romaoggi.eu\\\/wp-content\\\/uploads\\\/2019\\\/10\\\/2-Museo-dellArte-della-Lana-di-Stia-AR.jpg\",\"datePublished\":\"2019-10-14T10:02:17+00:00\",\"description\":\"\u201cMargutta Creative District\u201d 2019: Moda, Design, Libri e Fotografia Via Margutta si conferma come polo della moda, dell\u2019arte e della fotografia della\",\"breadcrumb\":{\"@id\":\"https:\\\/\\\/www.romaoggi.eu\\\/index.php\\\/2019\\\/10\\\/14\\\/margutta-creative-district-2019-moda-design-libri-e-fotografia\\\/#breadcrumb\"},\"inLanguage\":\"it-IT\",\"potentialAction\":[{\"@type\":\"ReadAction\",\"target\":[\"https:\\\/\\\/www.romaoggi.eu\\\/index.php\\\/2019\\\/10\\\/14\\\/margutta-creative-district-2019-moda-design-libri-e-fotografia\\\/\"]}]},{\"@type\":\"ImageObject\",\"inLanguage\":\"it-IT\",\"@id\":\"https:\\\/\\\/www.romaoggi.eu\\\/index.php\\\/2019\\\/10\\\/14\\\/margutta-creative-district-2019-moda-design-libri-e-fotografia\\\/#primaryimage\",\"url\":\"https:\\\/\\\/www.romaoggi.eu\\\/wp-content\\\/uploads\\\/2019\\\/10\\\/2-Museo-dellArte-della-Lana-di-Stia-AR.jpg\",\"contentUrl\":\"https:\\\/\\\/www.romaoggi.eu\\\/wp-content\\\/uploads\\\/2019\\\/10\\\/2-Museo-dellArte-della-Lana-di-Stia-AR.jpg\",\"width\":1732,\"height\":1154,\"caption\":\"Museo dell'Arte della Lana di Stia (AR)\"},{\"@type\":\"BreadcrumbList\",\"@id\":\"https:\\\/\\\/www.romaoggi.eu\\\/index.php\\\/2019\\\/10\\\/14\\\/margutta-creative-district-2019-moda-design-libri-e-fotografia\\\/#breadcrumb\",\"itemListElement\":[{\"@type\":\"ListItem\",\"position\":1,\"name\":\"Home\",\"item\":\"https:\\\/\\\/www.romaoggi.eu\\\/\"},{\"@type\":\"ListItem\",\"position\":2,\"name\":\"\u201cMargutta Creative District\u201d 2019: Moda, Design, Libri e Fotografia\"}]},{\"@type\":\"WebSite\",\"@id\":\"https:\\\/\\\/www.romaoggi.eu\\\/#website\",\"url\":\"https:\\\/\\\/www.romaoggi.eu\\\/\",\"name\":\"roma oggi\",\"description\":\"Interesting News for Interesting people\",\"publisher\":{\"@id\":\"https:\\\/\\\/www.romaoggi.eu\\\/#organization\"},\"potentialAction\":[{\"@type\":\"SearchAction\",\"target\":{\"@type\":\"EntryPoint\",\"urlTemplate\":\"https:\\\/\\\/www.romaoggi.eu\\\/?s={search_term_string}\"},\"query-input\":{\"@type\":\"PropertyValueSpecification\",\"valueRequired\":true,\"valueName\":\"search_term_string\"}}],\"inLanguage\":\"it-IT\"},{\"@type\":\"Organization\",\"@id\":\"https:\\\/\\\/www.romaoggi.eu\\\/#organization\",\"name\":\"RomaOggi\",\"url\":\"https:\\\/\\\/www.romaoggi.eu\\\/\",\"logo\":{\"@type\":\"ImageObject\",\"inLanguage\":\"it-IT\",\"@id\":\"https:\\\/\\\/www.romaoggi.eu\\\/#\\\/schema\\\/logo\\\/image\\\/\",\"url\":\"https:\\\/\\\/www.romaoggi.eu\\\/wp-content\\\/uploads\\\/2017\\\/04\\\/logowp.jpg\",\"contentUrl\":\"https:\\\/\\\/www.romaoggi.eu\\\/wp-content\\\/uploads\\\/2017\\\/04\\\/logowp.jpg\",\"width\":300,\"height\":133,\"caption\":\"RomaOggi\"},\"image\":{\"@id\":\"https:\\\/\\\/www.romaoggi.eu\\\/#\\\/schema\\\/logo\\\/image\\\/\"},\"sameAs\":[\"https:\\\/\\\/www.facebook.com\\\/RomaOggi-841544845954114\",\"https:\\\/\\\/x.com\\\/romaoggi_eu\"]},{\"@type\":\"Person\",\"@id\":\"https:\\\/\\\/www.romaoggi.eu\\\/#\\\/schema\\\/person\\\/9b23ceb6a2992a25e98c76a5f1fbb887\",\"name\":\"admin\",\"image\":{\"@type\":\"ImageObject\",\"inLanguage\":\"it-IT\",\"@id\":\"https:\\\/\\\/secure.gravatar.com\\\/avatar\\\/51b1e0a1f4159e3b5d89435fce5e1a348d6c59e2ff8c2d428dae75560aace504?s=96&d=mm&r=g\",\"url\":\"https:\\\/\\\/secure.gravatar.com\\\/avatar\\\/51b1e0a1f4159e3b5d89435fce5e1a348d6c59e2ff8c2d428dae75560aace504?s=96&d=mm&r=g\",\"contentUrl\":\"https:\\\/\\\/secure.gravatar.com\\\/avatar\\\/51b1e0a1f4159e3b5d89435fce5e1a348d6c59e2ff8c2d428dae75560aace504?s=96&d=mm&r=g\",\"caption\":\"admin\"},\"url\":\"https:\\\/\\\/www.romaoggi.eu\\\/index.php\\\/author\\\/admin\\\/\"}]}<\/script>\n<!-- \/ Yoast SEO plugin. -->","yoast_head_json":{"title":"\u201cMargutta Creative District\u201d 2019: Moda, Design, Libri e Fotografia","description":"\u201cMargutta Creative District\u201d 2019: Moda, Design, Libri e Fotografia Via Margutta si conferma come polo della moda, dell\u2019arte e della fotografia della","robots":{"index":"index","follow":"follow","max-snippet":"max-snippet:-1","max-image-preview":"max-image-preview:large","max-video-preview":"max-video-preview:-1"},"canonical":"https:\/\/www.romaoggi.eu\/index.php\/2019\/10\/14\/margutta-creative-district-2019-moda-design-libri-e-fotografia\/","og_locale":"it_IT","og_type":"article","og_title":"\u201cMargutta Creative District\u201d 2019: Moda, Design, Libri e Fotografia","og_description":"\u201cMargutta Creative District\u201d 2019: Moda, Design, Libri e Fotografia Via Margutta si conferma come polo della moda, dell\u2019arte e della fotografia della","og_url":"https:\/\/www.romaoggi.eu\/index.php\/2019\/10\/14\/margutta-creative-district-2019-moda-design-libri-e-fotografia\/","og_site_name":"roma oggi","article_publisher":"https:\/\/www.facebook.com\/RomaOggi-841544845954114","article_published_time":"2019-10-14T10:02:17+00:00","og_image":[{"width":1732,"height":1154,"url":"https:\/\/www.romaoggi.eu\/wp-content\/uploads\/2019\/10\/2-Museo-dellArte-della-Lana-di-Stia-AR.jpg","type":"image\/jpeg"}],"author":"admin","twitter_card":"summary_large_image","twitter_creator":"@romaoggi_eu","twitter_site":"@romaoggi_eu","twitter_misc":{"Scritto da":"admin","Tempo di lettura stimato":"6 minuti"},"schema":{"@context":"https:\/\/schema.org","@graph":[{"@type":"Article","@id":"https:\/\/www.romaoggi.eu\/index.php\/2019\/10\/14\/margutta-creative-district-2019-moda-design-libri-e-fotografia\/#article","isPartOf":{"@id":"https:\/\/www.romaoggi.eu\/index.php\/2019\/10\/14\/margutta-creative-district-2019-moda-design-libri-e-fotografia\/"},"author":{"name":"admin","@id":"https:\/\/www.romaoggi.eu\/#\/schema\/person\/9b23ceb6a2992a25e98c76a5f1fbb887"},"headline":"\u201cMargutta Creative District\u201d 2019: Moda, Design, Libri e Fotografia","datePublished":"2019-10-14T10:02:17+00:00","mainEntityOfPage":{"@id":"https:\/\/www.romaoggi.eu\/index.php\/2019\/10\/14\/margutta-creative-district-2019-moda-design-libri-e-fotografia\/"},"wordCount":1236,"publisher":{"@id":"https:\/\/www.romaoggi.eu\/#organization"},"image":{"@id":"https:\/\/www.romaoggi.eu\/index.php\/2019\/10\/14\/margutta-creative-district-2019-moda-design-libri-e-fotografia\/#primaryimage"},"thumbnailUrl":"https:\/\/www.romaoggi.eu\/wp-content\/uploads\/2019\/10\/2-Museo-dellArte-della-Lana-di-Stia-AR.jpg","keywords":["angelo pidal\u00e0","Antonio Falanga","fatto a mano","Gian Paolo Zuccarello","Grazia Marino","Margutta Creative District","moda","Moneta Clothing","nelly marika","outfit","roberta audibert","spazio margutta"],"articleSection":["Moda"],"inLanguage":"it-IT"},{"@type":"WebPage","@id":"https:\/\/www.romaoggi.eu\/index.php\/2019\/10\/14\/margutta-creative-district-2019-moda-design-libri-e-fotografia\/","url":"https:\/\/www.romaoggi.eu\/index.php\/2019\/10\/14\/margutta-creative-district-2019-moda-design-libri-e-fotografia\/","name":"\u201cMargutta Creative District\u201d 2019: Moda, Design, Libri e Fotografia","isPartOf":{"@id":"https:\/\/www.romaoggi.eu\/#website"},"primaryImageOfPage":{"@id":"https:\/\/www.romaoggi.eu\/index.php\/2019\/10\/14\/margutta-creative-district-2019-moda-design-libri-e-fotografia\/#primaryimage"},"image":{"@id":"https:\/\/www.romaoggi.eu\/index.php\/2019\/10\/14\/margutta-creative-district-2019-moda-design-libri-e-fotografia\/#primaryimage"},"thumbnailUrl":"https:\/\/www.romaoggi.eu\/wp-content\/uploads\/2019\/10\/2-Museo-dellArte-della-Lana-di-Stia-AR.jpg","datePublished":"2019-10-14T10:02:17+00:00","description":"\u201cMargutta Creative District\u201d 2019: Moda, Design, Libri e Fotografia Via Margutta si conferma come polo della moda, dell\u2019arte e della fotografia della","breadcrumb":{"@id":"https:\/\/www.romaoggi.eu\/index.php\/2019\/10\/14\/margutta-creative-district-2019-moda-design-libri-e-fotografia\/#breadcrumb"},"inLanguage":"it-IT","potentialAction":[{"@type":"ReadAction","target":["https:\/\/www.romaoggi.eu\/index.php\/2019\/10\/14\/margutta-creative-district-2019-moda-design-libri-e-fotografia\/"]}]},{"@type":"ImageObject","inLanguage":"it-IT","@id":"https:\/\/www.romaoggi.eu\/index.php\/2019\/10\/14\/margutta-creative-district-2019-moda-design-libri-e-fotografia\/#primaryimage","url":"https:\/\/www.romaoggi.eu\/wp-content\/uploads\/2019\/10\/2-Museo-dellArte-della-Lana-di-Stia-AR.jpg","contentUrl":"https:\/\/www.romaoggi.eu\/wp-content\/uploads\/2019\/10\/2-Museo-dellArte-della-Lana-di-Stia-AR.jpg","width":1732,"height":1154,"caption":"Museo dell'Arte della Lana di Stia (AR)"},{"@type":"BreadcrumbList","@id":"https:\/\/www.romaoggi.eu\/index.php\/2019\/10\/14\/margutta-creative-district-2019-moda-design-libri-e-fotografia\/#breadcrumb","itemListElement":[{"@type":"ListItem","position":1,"name":"Home","item":"https:\/\/www.romaoggi.eu\/"},{"@type":"ListItem","position":2,"name":"\u201cMargutta Creative District\u201d 2019: Moda, Design, Libri e Fotografia"}]},{"@type":"WebSite","@id":"https:\/\/www.romaoggi.eu\/#website","url":"https:\/\/www.romaoggi.eu\/","name":"roma oggi","description":"Interesting News for Interesting people","publisher":{"@id":"https:\/\/www.romaoggi.eu\/#organization"},"potentialAction":[{"@type":"SearchAction","target":{"@type":"EntryPoint","urlTemplate":"https:\/\/www.romaoggi.eu\/?s={search_term_string}"},"query-input":{"@type":"PropertyValueSpecification","valueRequired":true,"valueName":"search_term_string"}}],"inLanguage":"it-IT"},{"@type":"Organization","@id":"https:\/\/www.romaoggi.eu\/#organization","name":"RomaOggi","url":"https:\/\/www.romaoggi.eu\/","logo":{"@type":"ImageObject","inLanguage":"it-IT","@id":"https:\/\/www.romaoggi.eu\/#\/schema\/logo\/image\/","url":"https:\/\/www.romaoggi.eu\/wp-content\/uploads\/2017\/04\/logowp.jpg","contentUrl":"https:\/\/www.romaoggi.eu\/wp-content\/uploads\/2017\/04\/logowp.jpg","width":300,"height":133,"caption":"RomaOggi"},"image":{"@id":"https:\/\/www.romaoggi.eu\/#\/schema\/logo\/image\/"},"sameAs":["https:\/\/www.facebook.com\/RomaOggi-841544845954114","https:\/\/x.com\/romaoggi_eu"]},{"@type":"Person","@id":"https:\/\/www.romaoggi.eu\/#\/schema\/person\/9b23ceb6a2992a25e98c76a5f1fbb887","name":"admin","image":{"@type":"ImageObject","inLanguage":"it-IT","@id":"https:\/\/secure.gravatar.com\/avatar\/51b1e0a1f4159e3b5d89435fce5e1a348d6c59e2ff8c2d428dae75560aace504?s=96&d=mm&r=g","url":"https:\/\/secure.gravatar.com\/avatar\/51b1e0a1f4159e3b5d89435fce5e1a348d6c59e2ff8c2d428dae75560aace504?s=96&d=mm&r=g","contentUrl":"https:\/\/secure.gravatar.com\/avatar\/51b1e0a1f4159e3b5d89435fce5e1a348d6c59e2ff8c2d428dae75560aace504?s=96&d=mm&r=g","caption":"admin"},"url":"https:\/\/www.romaoggi.eu\/index.php\/author\/admin\/"}]}},"_links":{"self":[{"href":"https:\/\/www.romaoggi.eu\/index.php\/wp-json\/wp\/v2\/posts\/23035","targetHints":{"allow":["GET"]}}],"collection":[{"href":"https:\/\/www.romaoggi.eu\/index.php\/wp-json\/wp\/v2\/posts"}],"about":[{"href":"https:\/\/www.romaoggi.eu\/index.php\/wp-json\/wp\/v2\/types\/post"}],"author":[{"embeddable":true,"href":"https:\/\/www.romaoggi.eu\/index.php\/wp-json\/wp\/v2\/users\/1"}],"replies":[{"embeddable":true,"href":"https:\/\/www.romaoggi.eu\/index.php\/wp-json\/wp\/v2\/comments?post=23035"}],"version-history":[{"count":5,"href":"https:\/\/www.romaoggi.eu\/index.php\/wp-json\/wp\/v2\/posts\/23035\/revisions"}],"predecessor-version":[{"id":23037,"href":"https:\/\/www.romaoggi.eu\/index.php\/wp-json\/wp\/v2\/posts\/23035\/revisions\/23037"}],"wp:featuredmedia":[{"embeddable":true,"href":"https:\/\/www.romaoggi.eu\/index.php\/wp-json\/wp\/v2\/media\/23040"}],"wp:attachment":[{"href":"https:\/\/www.romaoggi.eu\/index.php\/wp-json\/wp\/v2\/media?parent=23035"}],"wp:term":[{"taxonomy":"category","embeddable":true,"href":"https:\/\/www.romaoggi.eu\/index.php\/wp-json\/wp\/v2\/categories?post=23035"},{"taxonomy":"post_tag","embeddable":true,"href":"https:\/\/www.romaoggi.eu\/index.php\/wp-json\/wp\/v2\/tags?post=23035"}],"curies":[{"name":"wp","href":"https:\/\/api.w.org\/{rel}","templated":true}]}}