{"id":23156,"date":"2019-10-22T21:24:49","date_gmt":"2019-10-22T19:24:49","guid":{"rendered":"http:\/\/www.romaoggi.eu\/?p=23156"},"modified":"2019-10-23T11:24:45","modified_gmt":"2019-10-23T09:24:45","slug":"tanti-vip-per-women-for-women-against-violence-premio-camomilla-2019","status":"publish","type":"post","link":"https:\/\/www.romaoggi.eu\/index.php\/2019\/10\/22\/tanti-vip-per-women-for-women-against-violence-premio-camomilla-2019\/","title":{"rendered":"Tanti VIP per Women for Women against violence \u2013 PREMIO Camomilla 2019"},"content":{"rendered":"<p style=\"text-align: left\">Emozioni e sorrisi hanno trascinato i 350 ospiti della V edizione di \u201c<a href=\"https:\/\/www.womenforwomen.it\/\"><strong>Women for Women against violence \u2013 PREMIO Camomilla<\/strong><\/a>\u201d, evento unico che unisce due grandi temi del mondo femminile, la violenza di genere e quella del tumore al seno, partendo dalle cicatrici e dai segni indelebili che lasciano nel corpo e nell\u2019anima di una donna. La serata-charity, andata in scena al \u201cA.Roma Lifestyle, Hotel\u201d, \u00e8 stata ideata e organizzata da Donatella Gimigliano, Presidente dell\u2019Associazione Consorzio Umanitas, per sostenere il progetto \u201cValigia di Salvataggio\u201d dell\u2019associazione Salvamamme di Maria Grazia Passeri, pensato per rispondere alle richieste delle tante donne in fuga vittime di violenza. La kermesse, patrocinata da Rai, Regione Lazio, Comune di Roma Capitale, Unicef, Croce Rossa Italiana, LILT (Lega Italiana Lotta contro i Tumori), FERPi, \u00e8 stata condotta dai bravissimi Arianna Ciampoli e \u00a0 \u00a0 Livio Beshir.<br \/>\n\u201cDa paziente oncologica ho pensato che violenza sul corpo di una donna non fosse solo quella di un uomo, ma anche quella di un tumore, che genera gli stessi effetti devastanti e che, comunque, finisce col segnarti in maniera indelebile, dentro e fuori \u201c, spiega<strong> Donatella Gimigliano<\/strong>, che ha voluto intitolare il suo Premio col nome Camomilla, ispirandosi al fiore che in fitoterapia viene utilizzato per rinvigorire piante malate e che rappresenta quindi la solidariet\u00e0, la forza e il coraggio nei momenti difficili. Donne unite per le donne, quindi, anche per ricordare che il tumore al seno, nel nostro Paese, \u00e8 il big killer pi\u00f9 letale e pi\u00f9 frequente del genere femminile e principale causa di mortalit\u00e0 oncologica. E per ricordare che ogni anno, in Italia, oltre 100 donne vengono uccise da uomini, quasi sempre quelli che sostengono di amarle. Violenza che, per una donna, non \u00e8 soltanto una minaccia di morte, ma anche una ferita all\u2019immagine di s\u00e9, alla sua femminilit\u00e0, sessualit\u00e0 e maternit\u00e0. Dopo un welcome drink dedicato alle eccellenze di Calabria, l\u2019evento, diretto da Antonio Centomani e aperto dal violino elettronico del magico Andrea Casta, ha raccontato storie di donne in rinascita che hanno saputo esorcizzare la terribile esperienza con la violenza mettendosi a disposizione delle altre donne, premiate insieme a personalit\u00e0 che si sono distinte per il loro impegno sui due temi. I premiati dell\u2019edizione 2019 ai quali \u00e8 andata una creazione appositamente realizzata dal maestro orafo Michele Affidato, sono stati Francesco Samengo (Presidente Unicef); l\u2019attivista mondiale Leyla Hussein, Amministratore delegato di Hawa\u2019s Haven e Ambasciatrice globale di The Girl Generation, impegnata in 10 paesi africani contro le mutilazioni genitali femminili; Benedetta Rinaldi (membro della consulta nazionale femminile LILT); il regista Valter D\u2019Errico per il corto \u201cIl Giorno pi\u00f9 Bello\u201d, sul palco affiancato dai due interpreti Caterina Milicchio e Gianclaudio Carretta. Premiati anche la bellissima Valeria Marini, testimonial di campagne contro la Violenza sulle Donne, e Manuel Finotti, autore della canzone \u201cTi ho creduto\u201d di Giordana Angi, finalista ad Amici, interpretata con un passo di danza di Romina Carancini, Francesco Spizzirri e la piccola Chiara Pietrangeli. Con il contributo di interpreti straordinari sono state raccontate le storie <strong>Barbara Bartolotti<\/strong> (introdotta da una favolosa <strong>Maria Rosaria Omaggio<\/strong> e premiata da <strong>Valeria Marini<\/strong> che si \u00e8 commossa sul palco nel consegnarle la targa), vittima di una brutale aggressione durante la quale ha perso il figlio che portava in grembo; di Elena Sorrentino (premiata da Paola Ferrari), autrice del libro \u201cIo, il Cancro e la Maggica\u201d introdotto da Anna Vinci; di Valeria Grasso, la cui storia \u00e8 stata interpretata da Euridice Axen. Testimone di giustizia, ma \u201cdonna dello Stato\u201d come ama definirsi, la Grasso con la sua coraggiosa denuncia contro il pizzo ha fatto arrestare 25 persone del clan Madonia e ora si occupa di Beni Confiscati alla Mafia: a premiarla ill Gen. B. Marco Minicucci, Comandante Legione Carabinieri Lazio. Grandi emozioni ha regalato il giovane Carmine Ammirati (premiato da Enrica Bonaccorti), orfano del Femminicidio, che ha dedicato alla mamma scomparsa, per voce di Vincenzo Bocciarelli, una toccante poesia e, affiancato da Antonio Balsamo e Alina Camisano, un passo di danza con le coreografie di Andr\u00e8 de la Roche. Assieme a Carmine il riconoscimento, consegnato da Barbara Bouchet, \u00e8 andato alla Presidente dell\u2019Associazione Edela, Roberta Beolchi, impegnata ad assistere gli orfani del femminicidio. Non sono mancati momenti di intrattenimento con uno straordinario Antonio Mezzancella (vincitore di Tale e Quale Show 2018), e un esilarante Antonio Giuliani. Al termine dell\u2019evento per tutti gli ospiti un dinner buffet con eccellenze a kilometro zero, un men\u00f9 a base di antipasti con salumi e formaggi e composte, lasagna con rag\u00f9 di chianina, bocconcini di chianina con Funghi di bosco, curato da Coldiretti e Federcuochi Lazio, capitanati da Alessandro Circiello e coordinati da Bruno Brunori e uno staff di 4 straordinari chef, Orietta Di Lieto, Emanuela Nanni, Daniele Priori, Carlo Finucci, coordinati dagli chef dell\u2019A.Roma Giuseppe Redaelli, Emanuele Novelli e dal manager F&amp;B Christian Barbarossa. Immancabili le torte di mele del personal chef dei Vip Stefano Crialesi. Nel ricco parterre, il produttore Nicola Vizzini, Patrizia Mirigliani, Beatrice Luzi, Fabrizio Apolloni, Giovanna Rei, Marco Brandizzi (Paradiso delle Signore), le sorelle Cristina e Maria Teresa Buccino, Claudia Conte, Francesco Leone, Maria Grazia Nazzari, Alma Manera, Francesca Ceci, Barbara Bonanni, Giada Somenzari. Ed ancora i manager Carmen, Mara e Michele Pisano, owner di Acaia Medical Center, Angela Margherita Bellomo, Deals Partner PwC Advisory Spa, Barbara Casillo, Direttore Generale, Associazione Confindustria Alberghi, Ezio Bonanni, Presidente Osservatorio Nazionale Amianto, Ruggero Alcanterini, Presidente Comitato Nazionale Italiano Fair Play del CONI, Alfredo Magrini e Andrea Petrangeli di Banca Generali, Sandro Luzi, Presidente PSIPOL (Associazione Psicologi Polizia di Stato), Fausto Lamparelli, Direttore del Servizio Centrale Operativo Direzione Centrale Anticrimine Polizia di Stato, Marco Grasselli, vicepresidente Softlab.<br \/>\nCharity Partners: Bulgari, A. Roma Lifestyle Hotel, LDC Luxury Dream Culture, Collistar, Bionike, Carpisa, John Paull Mitchell System, Enosis, Simone Belli, Land Rover, Acqua di Sperlonga Profumo, L.G.R., Industrie Grafiche Imprinting, Volocom Technology, Carlsberg, Casale del Giglio, Cioccolateria Origine, Ferrarelle, Vecchio Amaro del Capo, Borgo dei Vinci, L\u2019Artefiori Fiori a Roma, Nduja San Donato, Caff\u00e8 Gioia, Aran-c.<br \/>\nPartners Tecnici: Eco Comunicazione e Marketing, ATWC, Move, Roma Virtuale, Cooperativa Pronto Taxi 6645, Top Secret, Top Marketing Agency, Cavallucci Creative Design, Stefano Crialesi Celebrity Chef, Bruno Brunori. DONORS: Talarico Cravatte Sartoriali, Sala da Feltre, Open Art, Contacta, MARC, Metropolitan Architecture, Iembo Leccese. MEDIA PARTNERS: OK Salute, First Lady, LatteMiele, Lei settimanale.<\/p>\n","protected":false},"excerpt":{"rendered":"<div class=\"mh-excerpt\"><p>Emozioni e sorrisi hanno trascinato i 350 ospiti della V edizione di \u201cWomen for Women against violence \u2013 PREMIO Camomilla\u201d, evento unico che unisce due grandi temi del mondo femminile, la violenza di genere e <a class=\"mh-excerpt-more\" href=\"https:\/\/www.romaoggi.eu\/index.php\/2019\/10\/22\/tanti-vip-per-women-for-women-against-violence-premio-camomilla-2019\/\" title=\"Tanti VIP per Women for Women against violence \u2013 PREMIO Camomilla 2019\">[&#8230;]<\/a><\/p>\n<\/div>","protected":false},"author":13,"featured_media":23157,"comment_status":"closed","ping_status":"open","sticky":false,"template":"","format":"standard","meta":{"_sitemap_exclude":false,"_sitemap_priority":"","_sitemap_frequency":"","footnotes":""},"categories":[3],"tags":[13411,2744,13410],"class_list":["post-23156","post","type-post","status-publish","format-standard","has-post-thumbnail","hentry","category-eventi","tag-donatella-gimigliano","tag-valeria-marini","tag-women-for-women-against-violence-premio-camomilla"],"yoast_head":"<!-- This site is optimized with the Yoast SEO plugin v27.5 - https:\/\/yoast.com\/product\/yoast-seo-wordpress\/ -->\n<title>Tanti VIP per Women for Women against violence \u2013 PREMIO Camomilla 2019<\/title>\n<meta name=\"description\" content=\"Emozioni e sorrisi hanno trascinato i 350 ospiti della V edizione di \u201cWomen for Women against violence \u2013 PREMIO Camomilla\u201d, evento unico che unisce due\" \/>\n<meta name=\"robots\" content=\"index, follow, max-snippet:-1, max-image-preview:large, max-video-preview:-1\" \/>\n<link rel=\"canonical\" href=\"https:\/\/www.romaoggi.eu\/index.php\/2019\/10\/22\/tanti-vip-per-women-for-women-against-violence-premio-camomilla-2019\/\" \/>\n<meta property=\"og:locale\" content=\"it_IT\" \/>\n<meta property=\"og:type\" content=\"article\" \/>\n<meta property=\"og:title\" content=\"Tanti VIP per Women for Women against violence \u2013 PREMIO Camomilla 2019\" \/>\n<meta property=\"og:description\" content=\"Emozioni e sorrisi hanno trascinato i 350 ospiti della V edizione di \u201cWomen for Women against violence \u2013 PREMIO Camomilla\u201d, evento unico che unisce due\" \/>\n<meta property=\"og:url\" content=\"https:\/\/www.romaoggi.eu\/index.php\/2019\/10\/22\/tanti-vip-per-women-for-women-against-violence-premio-camomilla-2019\/\" \/>\n<meta property=\"og:site_name\" content=\"roma oggi\" \/>\n<meta property=\"article:publisher\" content=\"https:\/\/www.facebook.com\/RomaOggi-841544845954114\" \/>\n<meta property=\"article:published_time\" content=\"2019-10-22T19:24:49+00:00\" \/>\n<meta property=\"article:modified_time\" content=\"2019-10-23T09:24:45+00:00\" \/>\n<meta property=\"og:image\" content=\"https:\/\/www.romaoggi.eu\/wp-content\/uploads\/2019\/10\/maria-rosaria-omaggio-barbara-bartolotti-e-valeria-marini-1.jpg\" \/>\n\t<meta property=\"og:image:width\" content=\"1000\" \/>\n\t<meta property=\"og:image:height\" content=\"550\" \/>\n\t<meta property=\"og:image:type\" content=\"image\/jpeg\" \/>\n<meta name=\"author\" content=\"Federica Pansadoro\" \/>\n<meta name=\"twitter:card\" content=\"summary_large_image\" \/>\n<meta name=\"twitter:creator\" content=\"@romaoggi_eu\" \/>\n<meta name=\"twitter:site\" content=\"@romaoggi_eu\" \/>\n<meta name=\"twitter:label1\" content=\"Scritto da\" \/>\n\t<meta name=\"twitter:data1\" content=\"Federica Pansadoro\" \/>\n\t<meta name=\"twitter:label2\" content=\"Tempo di lettura stimato\" \/>\n\t<meta name=\"twitter:data2\" content=\"5 minuti\" \/>\n<script type=\"application\/ld+json\" class=\"yoast-schema-graph\">{\"@context\":\"https:\\\/\\\/schema.org\",\"@graph\":[{\"@type\":\"Article\",\"@id\":\"https:\\\/\\\/www.romaoggi.eu\\\/index.php\\\/2019\\\/10\\\/22\\\/tanti-vip-per-women-for-women-against-violence-premio-camomilla-2019\\\/#article\",\"isPartOf\":{\"@id\":\"https:\\\/\\\/www.romaoggi.eu\\\/index.php\\\/2019\\\/10\\\/22\\\/tanti-vip-per-women-for-women-against-violence-premio-camomilla-2019\\\/\"},\"author\":{\"name\":\"Federica Pansadoro\",\"@id\":\"https:\\\/\\\/www.romaoggi.eu\\\/#\\\/schema\\\/person\\\/569485df663c86fd2d0179a6643546f9\"},\"headline\":\"Tanti VIP per Women for Women against violence \u2013 PREMIO Camomilla 2019\",\"datePublished\":\"2019-10-22T19:24:49+00:00\",\"dateModified\":\"2019-10-23T09:24:45+00:00\",\"mainEntityOfPage\":{\"@id\":\"https:\\\/\\\/www.romaoggi.eu\\\/index.php\\\/2019\\\/10\\\/22\\\/tanti-vip-per-women-for-women-against-violence-premio-camomilla-2019\\\/\"},\"wordCount\":1050,\"publisher\":{\"@id\":\"https:\\\/\\\/www.romaoggi.eu\\\/#organization\"},\"image\":{\"@id\":\"https:\\\/\\\/www.romaoggi.eu\\\/index.php\\\/2019\\\/10\\\/22\\\/tanti-vip-per-women-for-women-against-violence-premio-camomilla-2019\\\/#primaryimage\"},\"thumbnailUrl\":\"https:\\\/\\\/www.romaoggi.eu\\\/wp-content\\\/uploads\\\/2019\\\/10\\\/maria-rosaria-omaggio-barbara-bartolotti-e-valeria-marini-1.jpg\",\"keywords\":[\"Donatella Gimigliano\",\"Valeria Marini\",\"Women for Women against violence \u2013 PREMIO Camomilla\"],\"articleSection\":[\"Eventi\"],\"inLanguage\":\"it-IT\"},{\"@type\":\"WebPage\",\"@id\":\"https:\\\/\\\/www.romaoggi.eu\\\/index.php\\\/2019\\\/10\\\/22\\\/tanti-vip-per-women-for-women-against-violence-premio-camomilla-2019\\\/\",\"url\":\"https:\\\/\\\/www.romaoggi.eu\\\/index.php\\\/2019\\\/10\\\/22\\\/tanti-vip-per-women-for-women-against-violence-premio-camomilla-2019\\\/\",\"name\":\"Tanti VIP per Women for Women against violence \u2013 PREMIO Camomilla 2019\",\"isPartOf\":{\"@id\":\"https:\\\/\\\/www.romaoggi.eu\\\/#website\"},\"primaryImageOfPage\":{\"@id\":\"https:\\\/\\\/www.romaoggi.eu\\\/index.php\\\/2019\\\/10\\\/22\\\/tanti-vip-per-women-for-women-against-violence-premio-camomilla-2019\\\/#primaryimage\"},\"image\":{\"@id\":\"https:\\\/\\\/www.romaoggi.eu\\\/index.php\\\/2019\\\/10\\\/22\\\/tanti-vip-per-women-for-women-against-violence-premio-camomilla-2019\\\/#primaryimage\"},\"thumbnailUrl\":\"https:\\\/\\\/www.romaoggi.eu\\\/wp-content\\\/uploads\\\/2019\\\/10\\\/maria-rosaria-omaggio-barbara-bartolotti-e-valeria-marini-1.jpg\",\"datePublished\":\"2019-10-22T19:24:49+00:00\",\"dateModified\":\"2019-10-23T09:24:45+00:00\",\"description\":\"Emozioni e sorrisi hanno trascinato i 350 ospiti della V edizione di \u201cWomen for Women against violence \u2013 PREMIO Camomilla\u201d, evento unico che unisce due\",\"breadcrumb\":{\"@id\":\"https:\\\/\\\/www.romaoggi.eu\\\/index.php\\\/2019\\\/10\\\/22\\\/tanti-vip-per-women-for-women-against-violence-premio-camomilla-2019\\\/#breadcrumb\"},\"inLanguage\":\"it-IT\",\"potentialAction\":[{\"@type\":\"ReadAction\",\"target\":[\"https:\\\/\\\/www.romaoggi.eu\\\/index.php\\\/2019\\\/10\\\/22\\\/tanti-vip-per-women-for-women-against-violence-premio-camomilla-2019\\\/\"]}]},{\"@type\":\"ImageObject\",\"inLanguage\":\"it-IT\",\"@id\":\"https:\\\/\\\/www.romaoggi.eu\\\/index.php\\\/2019\\\/10\\\/22\\\/tanti-vip-per-women-for-women-against-violence-premio-camomilla-2019\\\/#primaryimage\",\"url\":\"https:\\\/\\\/www.romaoggi.eu\\\/wp-content\\\/uploads\\\/2019\\\/10\\\/maria-rosaria-omaggio-barbara-bartolotti-e-valeria-marini-1.jpg\",\"contentUrl\":\"https:\\\/\\\/www.romaoggi.eu\\\/wp-content\\\/uploads\\\/2019\\\/10\\\/maria-rosaria-omaggio-barbara-bartolotti-e-valeria-marini-1.jpg\",\"width\":1000,\"height\":550},{\"@type\":\"BreadcrumbList\",\"@id\":\"https:\\\/\\\/www.romaoggi.eu\\\/index.php\\\/2019\\\/10\\\/22\\\/tanti-vip-per-women-for-women-against-violence-premio-camomilla-2019\\\/#breadcrumb\",\"itemListElement\":[{\"@type\":\"ListItem\",\"position\":1,\"name\":\"Home\",\"item\":\"https:\\\/\\\/www.romaoggi.eu\\\/\"},{\"@type\":\"ListItem\",\"position\":2,\"name\":\"Tanti VIP per Women for Women against violence \u2013 PREMIO Camomilla 2019\"}]},{\"@type\":\"WebSite\",\"@id\":\"https:\\\/\\\/www.romaoggi.eu\\\/#website\",\"url\":\"https:\\\/\\\/www.romaoggi.eu\\\/\",\"name\":\"roma oggi\",\"description\":\"Interesting News for Interesting people\",\"publisher\":{\"@id\":\"https:\\\/\\\/www.romaoggi.eu\\\/#organization\"},\"potentialAction\":[{\"@type\":\"SearchAction\",\"target\":{\"@type\":\"EntryPoint\",\"urlTemplate\":\"https:\\\/\\\/www.romaoggi.eu\\\/?s={search_term_string}\"},\"query-input\":{\"@type\":\"PropertyValueSpecification\",\"valueRequired\":true,\"valueName\":\"search_term_string\"}}],\"inLanguage\":\"it-IT\"},{\"@type\":\"Organization\",\"@id\":\"https:\\\/\\\/www.romaoggi.eu\\\/#organization\",\"name\":\"RomaOggi\",\"url\":\"https:\\\/\\\/www.romaoggi.eu\\\/\",\"logo\":{\"@type\":\"ImageObject\",\"inLanguage\":\"it-IT\",\"@id\":\"https:\\\/\\\/www.romaoggi.eu\\\/#\\\/schema\\\/logo\\\/image\\\/\",\"url\":\"https:\\\/\\\/www.romaoggi.eu\\\/wp-content\\\/uploads\\\/2017\\\/04\\\/logowp.jpg\",\"contentUrl\":\"https:\\\/\\\/www.romaoggi.eu\\\/wp-content\\\/uploads\\\/2017\\\/04\\\/logowp.jpg\",\"width\":300,\"height\":133,\"caption\":\"RomaOggi\"},\"image\":{\"@id\":\"https:\\\/\\\/www.romaoggi.eu\\\/#\\\/schema\\\/logo\\\/image\\\/\"},\"sameAs\":[\"https:\\\/\\\/www.facebook.com\\\/RomaOggi-841544845954114\",\"https:\\\/\\\/x.com\\\/romaoggi_eu\"]},{\"@type\":\"Person\",\"@id\":\"https:\\\/\\\/www.romaoggi.eu\\\/#\\\/schema\\\/person\\\/569485df663c86fd2d0179a6643546f9\",\"name\":\"Federica Pansadoro\",\"image\":{\"@type\":\"ImageObject\",\"inLanguage\":\"it-IT\",\"@id\":\"https:\\\/\\\/secure.gravatar.com\\\/avatar\\\/646783eb26ef4eab9fe24f298081663814c4d6acd6ea1c44b2633e8176ba1dc5?s=96&d=mm&r=g\",\"url\":\"https:\\\/\\\/secure.gravatar.com\\\/avatar\\\/646783eb26ef4eab9fe24f298081663814c4d6acd6ea1c44b2633e8176ba1dc5?s=96&d=mm&r=g\",\"contentUrl\":\"https:\\\/\\\/secure.gravatar.com\\\/avatar\\\/646783eb26ef4eab9fe24f298081663814c4d6acd6ea1c44b2633e8176ba1dc5?s=96&d=mm&r=g\",\"caption\":\"Federica Pansadoro\"},\"sameAs\":[\"https:\\\/\\\/www.youtube.com\\\/channel\\\/UCN8Y45Fmdd0XBagxT7qUVEA\"],\"url\":\"https:\\\/\\\/www.romaoggi.eu\\\/index.php\\\/author\\\/federica\\\/\"}]}<\/script>\n<!-- \/ Yoast SEO plugin. -->","yoast_head_json":{"title":"Tanti VIP per Women for Women against violence \u2013 PREMIO Camomilla 2019","description":"Emozioni e sorrisi hanno trascinato i 350 ospiti della V edizione di \u201cWomen for Women against violence \u2013 PREMIO Camomilla\u201d, evento unico che unisce due","robots":{"index":"index","follow":"follow","max-snippet":"max-snippet:-1","max-image-preview":"max-image-preview:large","max-video-preview":"max-video-preview:-1"},"canonical":"https:\/\/www.romaoggi.eu\/index.php\/2019\/10\/22\/tanti-vip-per-women-for-women-against-violence-premio-camomilla-2019\/","og_locale":"it_IT","og_type":"article","og_title":"Tanti VIP per Women for Women against violence \u2013 PREMIO Camomilla 2019","og_description":"Emozioni e sorrisi hanno trascinato i 350 ospiti della V edizione di \u201cWomen for Women against violence \u2013 PREMIO Camomilla\u201d, evento unico che unisce due","og_url":"https:\/\/www.romaoggi.eu\/index.php\/2019\/10\/22\/tanti-vip-per-women-for-women-against-violence-premio-camomilla-2019\/","og_site_name":"roma oggi","article_publisher":"https:\/\/www.facebook.com\/RomaOggi-841544845954114","article_published_time":"2019-10-22T19:24:49+00:00","article_modified_time":"2019-10-23T09:24:45+00:00","og_image":[{"width":1000,"height":550,"url":"https:\/\/www.romaoggi.eu\/wp-content\/uploads\/2019\/10\/maria-rosaria-omaggio-barbara-bartolotti-e-valeria-marini-1.jpg","type":"image\/jpeg"}],"author":"Federica Pansadoro","twitter_card":"summary_large_image","twitter_creator":"@romaoggi_eu","twitter_site":"@romaoggi_eu","twitter_misc":{"Scritto da":"Federica Pansadoro","Tempo di lettura stimato":"5 minuti"},"schema":{"@context":"https:\/\/schema.org","@graph":[{"@type":"Article","@id":"https:\/\/www.romaoggi.eu\/index.php\/2019\/10\/22\/tanti-vip-per-women-for-women-against-violence-premio-camomilla-2019\/#article","isPartOf":{"@id":"https:\/\/www.romaoggi.eu\/index.php\/2019\/10\/22\/tanti-vip-per-women-for-women-against-violence-premio-camomilla-2019\/"},"author":{"name":"Federica Pansadoro","@id":"https:\/\/www.romaoggi.eu\/#\/schema\/person\/569485df663c86fd2d0179a6643546f9"},"headline":"Tanti VIP per Women for Women against violence \u2013 PREMIO Camomilla 2019","datePublished":"2019-10-22T19:24:49+00:00","dateModified":"2019-10-23T09:24:45+00:00","mainEntityOfPage":{"@id":"https:\/\/www.romaoggi.eu\/index.php\/2019\/10\/22\/tanti-vip-per-women-for-women-against-violence-premio-camomilla-2019\/"},"wordCount":1050,"publisher":{"@id":"https:\/\/www.romaoggi.eu\/#organization"},"image":{"@id":"https:\/\/www.romaoggi.eu\/index.php\/2019\/10\/22\/tanti-vip-per-women-for-women-against-violence-premio-camomilla-2019\/#primaryimage"},"thumbnailUrl":"https:\/\/www.romaoggi.eu\/wp-content\/uploads\/2019\/10\/maria-rosaria-omaggio-barbara-bartolotti-e-valeria-marini-1.jpg","keywords":["Donatella Gimigliano","Valeria Marini","Women for Women against violence \u2013 PREMIO Camomilla"],"articleSection":["Eventi"],"inLanguage":"it-IT"},{"@type":"WebPage","@id":"https:\/\/www.romaoggi.eu\/index.php\/2019\/10\/22\/tanti-vip-per-women-for-women-against-violence-premio-camomilla-2019\/","url":"https:\/\/www.romaoggi.eu\/index.php\/2019\/10\/22\/tanti-vip-per-women-for-women-against-violence-premio-camomilla-2019\/","name":"Tanti VIP per Women for Women against violence \u2013 PREMIO Camomilla 2019","isPartOf":{"@id":"https:\/\/www.romaoggi.eu\/#website"},"primaryImageOfPage":{"@id":"https:\/\/www.romaoggi.eu\/index.php\/2019\/10\/22\/tanti-vip-per-women-for-women-against-violence-premio-camomilla-2019\/#primaryimage"},"image":{"@id":"https:\/\/www.romaoggi.eu\/index.php\/2019\/10\/22\/tanti-vip-per-women-for-women-against-violence-premio-camomilla-2019\/#primaryimage"},"thumbnailUrl":"https:\/\/www.romaoggi.eu\/wp-content\/uploads\/2019\/10\/maria-rosaria-omaggio-barbara-bartolotti-e-valeria-marini-1.jpg","datePublished":"2019-10-22T19:24:49+00:00","dateModified":"2019-10-23T09:24:45+00:00","description":"Emozioni e sorrisi hanno trascinato i 350 ospiti della V edizione di \u201cWomen for Women against violence \u2013 PREMIO Camomilla\u201d, evento unico che unisce due","breadcrumb":{"@id":"https:\/\/www.romaoggi.eu\/index.php\/2019\/10\/22\/tanti-vip-per-women-for-women-against-violence-premio-camomilla-2019\/#breadcrumb"},"inLanguage":"it-IT","potentialAction":[{"@type":"ReadAction","target":["https:\/\/www.romaoggi.eu\/index.php\/2019\/10\/22\/tanti-vip-per-women-for-women-against-violence-premio-camomilla-2019\/"]}]},{"@type":"ImageObject","inLanguage":"it-IT","@id":"https:\/\/www.romaoggi.eu\/index.php\/2019\/10\/22\/tanti-vip-per-women-for-women-against-violence-premio-camomilla-2019\/#primaryimage","url":"https:\/\/www.romaoggi.eu\/wp-content\/uploads\/2019\/10\/maria-rosaria-omaggio-barbara-bartolotti-e-valeria-marini-1.jpg","contentUrl":"https:\/\/www.romaoggi.eu\/wp-content\/uploads\/2019\/10\/maria-rosaria-omaggio-barbara-bartolotti-e-valeria-marini-1.jpg","width":1000,"height":550},{"@type":"BreadcrumbList","@id":"https:\/\/www.romaoggi.eu\/index.php\/2019\/10\/22\/tanti-vip-per-women-for-women-against-violence-premio-camomilla-2019\/#breadcrumb","itemListElement":[{"@type":"ListItem","position":1,"name":"Home","item":"https:\/\/www.romaoggi.eu\/"},{"@type":"ListItem","position":2,"name":"Tanti VIP per Women for Women against violence \u2013 PREMIO Camomilla 2019"}]},{"@type":"WebSite","@id":"https:\/\/www.romaoggi.eu\/#website","url":"https:\/\/www.romaoggi.eu\/","name":"roma oggi","description":"Interesting News for Interesting people","publisher":{"@id":"https:\/\/www.romaoggi.eu\/#organization"},"potentialAction":[{"@type":"SearchAction","target":{"@type":"EntryPoint","urlTemplate":"https:\/\/www.romaoggi.eu\/?s={search_term_string}"},"query-input":{"@type":"PropertyValueSpecification","valueRequired":true,"valueName":"search_term_string"}}],"inLanguage":"it-IT"},{"@type":"Organization","@id":"https:\/\/www.romaoggi.eu\/#organization","name":"RomaOggi","url":"https:\/\/www.romaoggi.eu\/","logo":{"@type":"ImageObject","inLanguage":"it-IT","@id":"https:\/\/www.romaoggi.eu\/#\/schema\/logo\/image\/","url":"https:\/\/www.romaoggi.eu\/wp-content\/uploads\/2017\/04\/logowp.jpg","contentUrl":"https:\/\/www.romaoggi.eu\/wp-content\/uploads\/2017\/04\/logowp.jpg","width":300,"height":133,"caption":"RomaOggi"},"image":{"@id":"https:\/\/www.romaoggi.eu\/#\/schema\/logo\/image\/"},"sameAs":["https:\/\/www.facebook.com\/RomaOggi-841544845954114","https:\/\/x.com\/romaoggi_eu"]},{"@type":"Person","@id":"https:\/\/www.romaoggi.eu\/#\/schema\/person\/569485df663c86fd2d0179a6643546f9","name":"Federica Pansadoro","image":{"@type":"ImageObject","inLanguage":"it-IT","@id":"https:\/\/secure.gravatar.com\/avatar\/646783eb26ef4eab9fe24f298081663814c4d6acd6ea1c44b2633e8176ba1dc5?s=96&d=mm&r=g","url":"https:\/\/secure.gravatar.com\/avatar\/646783eb26ef4eab9fe24f298081663814c4d6acd6ea1c44b2633e8176ba1dc5?s=96&d=mm&r=g","contentUrl":"https:\/\/secure.gravatar.com\/avatar\/646783eb26ef4eab9fe24f298081663814c4d6acd6ea1c44b2633e8176ba1dc5?s=96&d=mm&r=g","caption":"Federica Pansadoro"},"sameAs":["https:\/\/www.youtube.com\/channel\/UCN8Y45Fmdd0XBagxT7qUVEA"],"url":"https:\/\/www.romaoggi.eu\/index.php\/author\/federica\/"}]}},"_links":{"self":[{"href":"https:\/\/www.romaoggi.eu\/index.php\/wp-json\/wp\/v2\/posts\/23156","targetHints":{"allow":["GET"]}}],"collection":[{"href":"https:\/\/www.romaoggi.eu\/index.php\/wp-json\/wp\/v2\/posts"}],"about":[{"href":"https:\/\/www.romaoggi.eu\/index.php\/wp-json\/wp\/v2\/types\/post"}],"author":[{"embeddable":true,"href":"https:\/\/www.romaoggi.eu\/index.php\/wp-json\/wp\/v2\/users\/13"}],"replies":[{"embeddable":true,"href":"https:\/\/www.romaoggi.eu\/index.php\/wp-json\/wp\/v2\/comments?post=23156"}],"version-history":[{"count":4,"href":"https:\/\/www.romaoggi.eu\/index.php\/wp-json\/wp\/v2\/posts\/23156\/revisions"}],"predecessor-version":[{"id":23161,"href":"https:\/\/www.romaoggi.eu\/index.php\/wp-json\/wp\/v2\/posts\/23156\/revisions\/23161"}],"wp:featuredmedia":[{"embeddable":true,"href":"https:\/\/www.romaoggi.eu\/index.php\/wp-json\/wp\/v2\/media\/23157"}],"wp:attachment":[{"href":"https:\/\/www.romaoggi.eu\/index.php\/wp-json\/wp\/v2\/media?parent=23156"}],"wp:term":[{"taxonomy":"category","embeddable":true,"href":"https:\/\/www.romaoggi.eu\/index.php\/wp-json\/wp\/v2\/categories?post=23156"},{"taxonomy":"post_tag","embeddable":true,"href":"https:\/\/www.romaoggi.eu\/index.php\/wp-json\/wp\/v2\/tags?post=23156"}],"curies":[{"name":"wp","href":"https:\/\/api.w.org\/{rel}","templated":true}]}}