{"id":23294,"date":"2019-11-11T10:32:28","date_gmt":"2019-11-11T09:32:28","guid":{"rendered":"http:\/\/www.romaoggi.eu\/?p=23294"},"modified":"2019-11-11T10:58:52","modified_gmt":"2019-11-11T09:58:52","slug":"in-guerra-con-il-cibo-by-dott-ssa-emanuela-scanu-coach-alimentare","status":"publish","type":"post","link":"https:\/\/www.romaoggi.eu\/index.php\/2019\/11\/11\/in-guerra-con-il-cibo-by-dott-ssa-emanuela-scanu-coach-alimentare\/","title":{"rendered":"In guerra con il cibo &#8211; by Dott.ssa Emanuela Scanu &#8211; coach alimentare"},"content":{"rendered":"<p><strong>In guerra con il cibo<\/strong><\/p>\n<p style=\"text-align: left;\"><em><span style=\"font-weight: 400;\">Mangio perch\u00e9 mi rende felice\u2026 ma dura poco\u2026poi mi vengono i sensi di colpa e ho bisogno di mangiare di nuovo. <\/span><\/em><\/p>\n<p style=\"text-align: left;\"><em><span style=\"font-weight: 400;\">Quando sono a dieta il cibo \u00e8 il mio pensiero fisso\u2026conto i momenti per il prossimo pasto, ma cedo prima.<\/span><\/em><\/p>\n<p style=\"text-align: left;\"><em><span style=\"font-weight: 400;\">Spesso sono triste, i cibi dolci mi fanno sentire pi\u00f9 leggera, ma dopo poco ancora pi\u00f9 pesante. <\/span><\/em><\/p>\n<p style=\"text-align: left;\"><em><span style=\"font-weight: 400;\">Credo che non ne verr\u00f2 mai fuori, il cibo \u00e8 il mio tormento. <\/span><span style=\"font-weight: 400;\">E\u2019 che mi piace mangiare non riesco a dire di no.<\/span><\/em><\/p>\n<figure id=\"attachment_23297\" aria-describedby=\"caption-attachment-23297\" style=\"width: 742px\" class=\"wp-caption aligncenter\"><img loading=\"lazy\" decoding=\"async\" class=\"wp-image-23297 size-full\" src=\"https:\/\/www.romaoggi.eu\/wp-content\/uploads\/2019\/11\/foto-1.png\" alt=\"alt tag in guerra\" width=\"742\" height=\"748\" srcset=\"https:\/\/www.romaoggi.eu\/wp-content\/uploads\/2019\/11\/foto-1.png 742w, https:\/\/www.romaoggi.eu\/wp-content\/uploads\/2019\/11\/foto-1-150x150.png 150w, https:\/\/www.romaoggi.eu\/wp-content\/uploads\/2019\/11\/foto-1-298x300.png 298w\" sizes=\"auto, (max-width: 742px) 100vw, 742px\" \/><figcaption id=\"caption-attachment-23297\" class=\"wp-caption-text\">Dott.ssa Emanuela Scanu<\/figcaption><\/figure>\n<p style=\"text-align: justify;\"><span style=\"font-weight: 400;\">Queste sono solo alcune, e\u00a0 tutte frasi vere, pronunciate dalle mie pazienti quando si sono recate da me la prima volta. Non sempre per\u00f2 riescono ad esprimere in modo cos\u00ec chiaro la loro guerra con il cibo. Fare il passo di chiedere aiuto vuol dire aver raggiunto la consapevolezza che da soli non si riesce a raggiungere l\u2019obiettivo e che in fondo il cibo centra poco e niente. Il cibo che ci mangia (non che mangiamo!) non ha niente a che vedere con la funzione di nutrimento. Serve a colmare un vuoto, a coccolarci per una sconfitta. Il cibo non appaga quel bisogno per cui il momento della soddisfazione \u00e8 molto breve e bisogna subito cercare qualcosa altro da mangiare.<\/span><\/p>\n<p style=\"text-align: justify;\"><span style=\"font-weight: 400;\">Ecco che si innesca il meccanismo perverso animato dal senso di colpa che fa crescere l\u2019ansia e fa cascare di nuovo nella tentazione. Se non ci sentiamo amati purtroppo non baster\u00e0 una scatola di biscotti o un barattolo di Nutella a farci sentire accolti. Se siamo in ansia per un esame, per risposte che attendiamo dal datore di lavoro non sar\u00e0 ingurgitare nocciole e caramelle a fare passare prima il tempo, ma sicuramente avrete introdotto una quantit\u00e0 incredibile di calorie.<\/span><\/p>\n<p style=\"text-align: justify;\"><span style=\"font-weight: 400;\">Come se ne esce? Sarebbe facile dire con la volont\u00e0, ma purtroppo questo non basta. Per contrastare un disturbo dell\u2019alimentazione (e questo lo \u00e8!!) bisogna innanzitutto esserne consapevoli. Mettersi a dieta e non aver risolto le problematiche che sottostanno al vostro modo di mangiare, alle quantit\u00e0 e alle motivazioni vi far\u00e0 sentire sempre pi\u00f9 frustate e non riuscirete a perdere peso, anzi spesso accade di prenderne se ci si sente sotto pressione.<\/span><\/p>\n<p style=\"text-align: justify;\"><span style=\"font-weight: 400;\">Se il cibo \u00e8 una compensazione \u00e8 chiaro che se ve ne private la frustrazione non appagata salir\u00e0 a galla. Per cui l\u2019unico vero impegno non sar\u00e0 di eliminare il cibo, magari diminuirlo un po&#8217;, ma sicuramente mettere in discussione alcun vostri comportamenti e capacit\u00e0 di comunicare e relazionarvi.<\/span><\/p>\n<p style=\"text-align: justify;\"><span style=\"font-weight: 400;\">Molte donne che vengono da me sono insoddisfatte della loro vita lavorativa o affettiva, ma invece di trovare soluzioni diverse o tentare il dialogo si sottraggono ad un confronto che genera ansia e che colmano con un eccesso di cibo. Naturalmente questo atteggiamento portato avanti nel tempo procura l\u2019aumento di peso. A volte si tratta di soluzioni davvero semplici, ma la paura di sbagliare, quella di essere giudicate o sentirsi inadeguate vince su tutto e fa ripartire dal via. E\u2019 chiaro quindi che un lavoro importante va fatta su l\u2019autostima attraverso la conoscenza di se stessi. Imparare a mangiare in modo corretto \u00e8 solo un fatto tecnico, volerlo fare parte solo dal cervello.<\/span><\/p>\n<p style=\"text-align: justify;\"><span style=\"font-weight: 400;\">On line sono disponibili dei questionari per verificare la possibilit\u00e0 di essere affetti da disturbi dell\u2019alimentazione, al di l\u00e0 del risultato, se lo avete compilato vuol dire che avete un dubbio. Il mio consiglio \u00e8 prendere seriamente in considerazione un consulto con uno specialista.<\/span><\/p>\n<p><img loading=\"lazy\" decoding=\"async\" class=\"wp-image-23298 size-large\" src=\"https:\/\/www.romaoggi.eu\/wp-content\/uploads\/2019\/11\/IMG_2071-769x1024.jpg\" alt=\"alt tag in guerra\" width=\"769\" height=\"1024\" srcset=\"https:\/\/www.romaoggi.eu\/wp-content\/uploads\/2019\/11\/IMG_2071-769x1024.jpg 769w, https:\/\/www.romaoggi.eu\/wp-content\/uploads\/2019\/11\/IMG_2071-225x300.jpg 225w\" sizes=\"auto, (max-width: 769px) 100vw, 769px\" \/><\/p>\n<p><strong><em>Dott.ssa\u00a0<a href=\"https:\/\/www.romaoggi.eu\/index.php\/2019\/08\/12\/lestrattore-di-succo-per-stare-bene-e-perdere-peso-di-emanuela-scanu\/\" data-aalisten=\"1\">Emanuela Scanu<\/a><\/em><\/strong><\/p>\n<p><span style=\"font-weight: 400;\">Psicologa esperta in disturbi dell\u2019alimentazione e coach alimentare<\/span><\/p>\n<p><span style=\"font-weight: 400;\">Autrice del libro <strong>Dimagrire una scelta consapevole<\/strong> ed. campi di carta 2013<\/span><\/p>\n<p><a href=\"http:\/\/www.emanuelascanupsicologa.com\/\" data-aalisten=\"1\">www.emanuelascanupsicologa.com<\/a><\/p>\n<p>&nbsp;<\/p>\n<p>&nbsp;<\/p>\n","protected":false},"excerpt":{"rendered":"<div class=\"mh-excerpt\"><p>In guerra con il cibo Mangio perch\u00e9 mi rende felice\u2026 ma dura poco\u2026poi mi vengono i sensi di colpa e ho bisogno di mangiare di nuovo. Quando sono a dieta il cibo \u00e8 il mio <a class=\"mh-excerpt-more\" href=\"https:\/\/www.romaoggi.eu\/index.php\/2019\/11\/11\/in-guerra-con-il-cibo-by-dott-ssa-emanuela-scanu-coach-alimentare\/\" title=\"In guerra con il cibo &#8211; by Dott.ssa Emanuela Scanu &#8211; coach alimentare\">[&#8230;]<\/a><\/p>\n<\/div>","protected":false},"author":1,"featured_media":23296,"comment_status":"closed","ping_status":"open","sticky":false,"template":"","format":"standard","meta":{"_sitemap_exclude":false,"_sitemap_priority":"","_sitemap_frequency":"","footnotes":""},"categories":[12817],"tags":[5555,5381,12816,12854,12424,12811],"class_list":["post-23294","post","type-post","status-publish","format-standard","has-post-thumbnail","hentry","category-mindfood-di-emanuela-scanu","tag-alimentazione","tag-cibo","tag-coach-alimentare","tag-dimagrire","tag-emanuela-scanu","tag-psicologia"],"yoast_head":"<!-- This site is optimized with the Yoast SEO plugin v27.5 - https:\/\/yoast.com\/product\/yoast-seo-wordpress\/ -->\n<title>In guerra con il cibo - by Dott.ssa Emanuela Scanu - coach alimentare<\/title>\n<meta name=\"description\" content=\"In guerra con il cibo Mangio perch\u00e9 mi rende felice\u2026 ma dura poco\u2026poi mi vengono i sensi di colpa e ho bisogno di mangiare di nuovo. Quando sono a dieta\" \/>\n<meta name=\"robots\" content=\"index, follow, max-snippet:-1, max-image-preview:large, max-video-preview:-1\" \/>\n<link rel=\"canonical\" href=\"https:\/\/www.romaoggi.eu\/index.php\/2019\/11\/11\/in-guerra-con-il-cibo-by-dott-ssa-emanuela-scanu-coach-alimentare\/\" \/>\n<meta property=\"og:locale\" content=\"it_IT\" \/>\n<meta property=\"og:type\" content=\"article\" \/>\n<meta property=\"og:title\" content=\"In guerra con il cibo - by Dott.ssa Emanuela Scanu - coach alimentare\" \/>\n<meta property=\"og:description\" content=\"In guerra con il cibo Mangio perch\u00e9 mi rende felice\u2026 ma dura poco\u2026poi mi vengono i sensi di colpa e ho bisogno di mangiare di nuovo. Quando sono a dieta\" \/>\n<meta property=\"og:url\" content=\"https:\/\/www.romaoggi.eu\/index.php\/2019\/11\/11\/in-guerra-con-il-cibo-by-dott-ssa-emanuela-scanu-coach-alimentare\/\" \/>\n<meta property=\"og:site_name\" content=\"roma oggi\" \/>\n<meta property=\"article:publisher\" content=\"https:\/\/www.facebook.com\/RomaOggi-841544845954114\" \/>\n<meta property=\"article:published_time\" content=\"2019-11-11T09:32:28+00:00\" \/>\n<meta property=\"article:modified_time\" content=\"2019-11-11T09:58:52+00:00\" \/>\n<meta property=\"og:image\" content=\"https:\/\/www.romaoggi.eu\/wp-content\/uploads\/2019\/11\/foto-2-o-copertina.jpg\" \/>\n\t<meta property=\"og:image:width\" content=\"1198\" \/>\n\t<meta property=\"og:image:height\" content=\"868\" \/>\n\t<meta property=\"og:image:type\" content=\"image\/jpeg\" \/>\n<meta name=\"author\" content=\"admin\" \/>\n<meta name=\"twitter:card\" content=\"summary_large_image\" \/>\n<meta name=\"twitter:creator\" content=\"@romaoggi_eu\" \/>\n<meta name=\"twitter:site\" content=\"@romaoggi_eu\" \/>\n<meta name=\"twitter:label1\" content=\"Scritto da\" \/>\n\t<meta name=\"twitter:data1\" content=\"admin\" \/>\n\t<meta name=\"twitter:label2\" content=\"Tempo di lettura stimato\" \/>\n\t<meta name=\"twitter:data2\" content=\"3 minuti\" \/>\n<script type=\"application\/ld+json\" class=\"yoast-schema-graph\">{\"@context\":\"https:\\\/\\\/schema.org\",\"@graph\":[{\"@type\":\"Article\",\"@id\":\"https:\\\/\\\/www.romaoggi.eu\\\/index.php\\\/2019\\\/11\\\/11\\\/in-guerra-con-il-cibo-by-dott-ssa-emanuela-scanu-coach-alimentare\\\/#article\",\"isPartOf\":{\"@id\":\"https:\\\/\\\/www.romaoggi.eu\\\/index.php\\\/2019\\\/11\\\/11\\\/in-guerra-con-il-cibo-by-dott-ssa-emanuela-scanu-coach-alimentare\\\/\"},\"author\":{\"name\":\"admin\",\"@id\":\"https:\\\/\\\/www.romaoggi.eu\\\/#\\\/schema\\\/person\\\/9b23ceb6a2992a25e98c76a5f1fbb887\"},\"headline\":\"In guerra con il cibo &#8211; by Dott.ssa Emanuela Scanu &#8211; coach alimentare\",\"datePublished\":\"2019-11-11T09:32:28+00:00\",\"dateModified\":\"2019-11-11T09:58:52+00:00\",\"mainEntityOfPage\":{\"@id\":\"https:\\\/\\\/www.romaoggi.eu\\\/index.php\\\/2019\\\/11\\\/11\\\/in-guerra-con-il-cibo-by-dott-ssa-emanuela-scanu-coach-alimentare\\\/\"},\"wordCount\":620,\"publisher\":{\"@id\":\"https:\\\/\\\/www.romaoggi.eu\\\/#organization\"},\"image\":{\"@id\":\"https:\\\/\\\/www.romaoggi.eu\\\/index.php\\\/2019\\\/11\\\/11\\\/in-guerra-con-il-cibo-by-dott-ssa-emanuela-scanu-coach-alimentare\\\/#primaryimage\"},\"thumbnailUrl\":\"https:\\\/\\\/www.romaoggi.eu\\\/wp-content\\\/uploads\\\/2019\\\/11\\\/foto-2-o-copertina.jpg\",\"keywords\":[\"alimentazione\",\"Cibo\",\"coach alimentare\",\"dimagrire\",\"emanuela scanu\",\"psicologia\"],\"articleSection\":[\"Mind&amp;Food di Emanuela Scanu\"],\"inLanguage\":\"it-IT\"},{\"@type\":\"WebPage\",\"@id\":\"https:\\\/\\\/www.romaoggi.eu\\\/index.php\\\/2019\\\/11\\\/11\\\/in-guerra-con-il-cibo-by-dott-ssa-emanuela-scanu-coach-alimentare\\\/\",\"url\":\"https:\\\/\\\/www.romaoggi.eu\\\/index.php\\\/2019\\\/11\\\/11\\\/in-guerra-con-il-cibo-by-dott-ssa-emanuela-scanu-coach-alimentare\\\/\",\"name\":\"In guerra con il cibo - by Dott.ssa Emanuela Scanu - coach alimentare\",\"isPartOf\":{\"@id\":\"https:\\\/\\\/www.romaoggi.eu\\\/#website\"},\"primaryImageOfPage\":{\"@id\":\"https:\\\/\\\/www.romaoggi.eu\\\/index.php\\\/2019\\\/11\\\/11\\\/in-guerra-con-il-cibo-by-dott-ssa-emanuela-scanu-coach-alimentare\\\/#primaryimage\"},\"image\":{\"@id\":\"https:\\\/\\\/www.romaoggi.eu\\\/index.php\\\/2019\\\/11\\\/11\\\/in-guerra-con-il-cibo-by-dott-ssa-emanuela-scanu-coach-alimentare\\\/#primaryimage\"},\"thumbnailUrl\":\"https:\\\/\\\/www.romaoggi.eu\\\/wp-content\\\/uploads\\\/2019\\\/11\\\/foto-2-o-copertina.jpg\",\"datePublished\":\"2019-11-11T09:32:28+00:00\",\"dateModified\":\"2019-11-11T09:58:52+00:00\",\"description\":\"In guerra con il cibo Mangio perch\u00e9 mi rende felice\u2026 ma dura poco\u2026poi mi vengono i sensi di colpa e ho bisogno di mangiare di nuovo. Quando sono a dieta\",\"breadcrumb\":{\"@id\":\"https:\\\/\\\/www.romaoggi.eu\\\/index.php\\\/2019\\\/11\\\/11\\\/in-guerra-con-il-cibo-by-dott-ssa-emanuela-scanu-coach-alimentare\\\/#breadcrumb\"},\"inLanguage\":\"it-IT\",\"potentialAction\":[{\"@type\":\"ReadAction\",\"target\":[\"https:\\\/\\\/www.romaoggi.eu\\\/index.php\\\/2019\\\/11\\\/11\\\/in-guerra-con-il-cibo-by-dott-ssa-emanuela-scanu-coach-alimentare\\\/\"]}]},{\"@type\":\"ImageObject\",\"inLanguage\":\"it-IT\",\"@id\":\"https:\\\/\\\/www.romaoggi.eu\\\/index.php\\\/2019\\\/11\\\/11\\\/in-guerra-con-il-cibo-by-dott-ssa-emanuela-scanu-coach-alimentare\\\/#primaryimage\",\"url\":\"https:\\\/\\\/www.romaoggi.eu\\\/wp-content\\\/uploads\\\/2019\\\/11\\\/foto-2-o-copertina.jpg\",\"contentUrl\":\"https:\\\/\\\/www.romaoggi.eu\\\/wp-content\\\/uploads\\\/2019\\\/11\\\/foto-2-o-copertina.jpg\",\"width\":1198,\"height\":868,\"caption\":\"alt tag in guerra\"},{\"@type\":\"BreadcrumbList\",\"@id\":\"https:\\\/\\\/www.romaoggi.eu\\\/index.php\\\/2019\\\/11\\\/11\\\/in-guerra-con-il-cibo-by-dott-ssa-emanuela-scanu-coach-alimentare\\\/#breadcrumb\",\"itemListElement\":[{\"@type\":\"ListItem\",\"position\":1,\"name\":\"Home\",\"item\":\"https:\\\/\\\/www.romaoggi.eu\\\/\"},{\"@type\":\"ListItem\",\"position\":2,\"name\":\"In guerra con il cibo &#8211; by Dott.ssa Emanuela Scanu &#8211; coach alimentare\"}]},{\"@type\":\"WebSite\",\"@id\":\"https:\\\/\\\/www.romaoggi.eu\\\/#website\",\"url\":\"https:\\\/\\\/www.romaoggi.eu\\\/\",\"name\":\"roma oggi\",\"description\":\"Interesting News for Interesting people\",\"publisher\":{\"@id\":\"https:\\\/\\\/www.romaoggi.eu\\\/#organization\"},\"potentialAction\":[{\"@type\":\"SearchAction\",\"target\":{\"@type\":\"EntryPoint\",\"urlTemplate\":\"https:\\\/\\\/www.romaoggi.eu\\\/?s={search_term_string}\"},\"query-input\":{\"@type\":\"PropertyValueSpecification\",\"valueRequired\":true,\"valueName\":\"search_term_string\"}}],\"inLanguage\":\"it-IT\"},{\"@type\":\"Organization\",\"@id\":\"https:\\\/\\\/www.romaoggi.eu\\\/#organization\",\"name\":\"RomaOggi\",\"url\":\"https:\\\/\\\/www.romaoggi.eu\\\/\",\"logo\":{\"@type\":\"ImageObject\",\"inLanguage\":\"it-IT\",\"@id\":\"https:\\\/\\\/www.romaoggi.eu\\\/#\\\/schema\\\/logo\\\/image\\\/\",\"url\":\"https:\\\/\\\/www.romaoggi.eu\\\/wp-content\\\/uploads\\\/2017\\\/04\\\/logowp.jpg\",\"contentUrl\":\"https:\\\/\\\/www.romaoggi.eu\\\/wp-content\\\/uploads\\\/2017\\\/04\\\/logowp.jpg\",\"width\":300,\"height\":133,\"caption\":\"RomaOggi\"},\"image\":{\"@id\":\"https:\\\/\\\/www.romaoggi.eu\\\/#\\\/schema\\\/logo\\\/image\\\/\"},\"sameAs\":[\"https:\\\/\\\/www.facebook.com\\\/RomaOggi-841544845954114\",\"https:\\\/\\\/x.com\\\/romaoggi_eu\"]},{\"@type\":\"Person\",\"@id\":\"https:\\\/\\\/www.romaoggi.eu\\\/#\\\/schema\\\/person\\\/9b23ceb6a2992a25e98c76a5f1fbb887\",\"name\":\"admin\",\"image\":{\"@type\":\"ImageObject\",\"inLanguage\":\"it-IT\",\"@id\":\"https:\\\/\\\/secure.gravatar.com\\\/avatar\\\/51b1e0a1f4159e3b5d89435fce5e1a348d6c59e2ff8c2d428dae75560aace504?s=96&d=mm&r=g\",\"url\":\"https:\\\/\\\/secure.gravatar.com\\\/avatar\\\/51b1e0a1f4159e3b5d89435fce5e1a348d6c59e2ff8c2d428dae75560aace504?s=96&d=mm&r=g\",\"contentUrl\":\"https:\\\/\\\/secure.gravatar.com\\\/avatar\\\/51b1e0a1f4159e3b5d89435fce5e1a348d6c59e2ff8c2d428dae75560aace504?s=96&d=mm&r=g\",\"caption\":\"admin\"},\"url\":\"https:\\\/\\\/www.romaoggi.eu\\\/index.php\\\/author\\\/admin\\\/\"}]}<\/script>\n<!-- \/ Yoast SEO plugin. -->","yoast_head_json":{"title":"In guerra con il cibo - by Dott.ssa Emanuela Scanu - coach alimentare","description":"In guerra con il cibo Mangio perch\u00e9 mi rende felice\u2026 ma dura poco\u2026poi mi vengono i sensi di colpa e ho bisogno di mangiare di nuovo. Quando sono a dieta","robots":{"index":"index","follow":"follow","max-snippet":"max-snippet:-1","max-image-preview":"max-image-preview:large","max-video-preview":"max-video-preview:-1"},"canonical":"https:\/\/www.romaoggi.eu\/index.php\/2019\/11\/11\/in-guerra-con-il-cibo-by-dott-ssa-emanuela-scanu-coach-alimentare\/","og_locale":"it_IT","og_type":"article","og_title":"In guerra con il cibo - by Dott.ssa Emanuela Scanu - coach alimentare","og_description":"In guerra con il cibo Mangio perch\u00e9 mi rende felice\u2026 ma dura poco\u2026poi mi vengono i sensi di colpa e ho bisogno di mangiare di nuovo. Quando sono a dieta","og_url":"https:\/\/www.romaoggi.eu\/index.php\/2019\/11\/11\/in-guerra-con-il-cibo-by-dott-ssa-emanuela-scanu-coach-alimentare\/","og_site_name":"roma oggi","article_publisher":"https:\/\/www.facebook.com\/RomaOggi-841544845954114","article_published_time":"2019-11-11T09:32:28+00:00","article_modified_time":"2019-11-11T09:58:52+00:00","og_image":[{"width":1198,"height":868,"url":"https:\/\/www.romaoggi.eu\/wp-content\/uploads\/2019\/11\/foto-2-o-copertina.jpg","type":"image\/jpeg"}],"author":"admin","twitter_card":"summary_large_image","twitter_creator":"@romaoggi_eu","twitter_site":"@romaoggi_eu","twitter_misc":{"Scritto da":"admin","Tempo di lettura stimato":"3 minuti"},"schema":{"@context":"https:\/\/schema.org","@graph":[{"@type":"Article","@id":"https:\/\/www.romaoggi.eu\/index.php\/2019\/11\/11\/in-guerra-con-il-cibo-by-dott-ssa-emanuela-scanu-coach-alimentare\/#article","isPartOf":{"@id":"https:\/\/www.romaoggi.eu\/index.php\/2019\/11\/11\/in-guerra-con-il-cibo-by-dott-ssa-emanuela-scanu-coach-alimentare\/"},"author":{"name":"admin","@id":"https:\/\/www.romaoggi.eu\/#\/schema\/person\/9b23ceb6a2992a25e98c76a5f1fbb887"},"headline":"In guerra con il cibo &#8211; by Dott.ssa Emanuela Scanu &#8211; coach alimentare","datePublished":"2019-11-11T09:32:28+00:00","dateModified":"2019-11-11T09:58:52+00:00","mainEntityOfPage":{"@id":"https:\/\/www.romaoggi.eu\/index.php\/2019\/11\/11\/in-guerra-con-il-cibo-by-dott-ssa-emanuela-scanu-coach-alimentare\/"},"wordCount":620,"publisher":{"@id":"https:\/\/www.romaoggi.eu\/#organization"},"image":{"@id":"https:\/\/www.romaoggi.eu\/index.php\/2019\/11\/11\/in-guerra-con-il-cibo-by-dott-ssa-emanuela-scanu-coach-alimentare\/#primaryimage"},"thumbnailUrl":"https:\/\/www.romaoggi.eu\/wp-content\/uploads\/2019\/11\/foto-2-o-copertina.jpg","keywords":["alimentazione","Cibo","coach alimentare","dimagrire","emanuela scanu","psicologia"],"articleSection":["Mind&amp;Food di Emanuela Scanu"],"inLanguage":"it-IT"},{"@type":"WebPage","@id":"https:\/\/www.romaoggi.eu\/index.php\/2019\/11\/11\/in-guerra-con-il-cibo-by-dott-ssa-emanuela-scanu-coach-alimentare\/","url":"https:\/\/www.romaoggi.eu\/index.php\/2019\/11\/11\/in-guerra-con-il-cibo-by-dott-ssa-emanuela-scanu-coach-alimentare\/","name":"In guerra con il cibo - by Dott.ssa Emanuela Scanu - coach alimentare","isPartOf":{"@id":"https:\/\/www.romaoggi.eu\/#website"},"primaryImageOfPage":{"@id":"https:\/\/www.romaoggi.eu\/index.php\/2019\/11\/11\/in-guerra-con-il-cibo-by-dott-ssa-emanuela-scanu-coach-alimentare\/#primaryimage"},"image":{"@id":"https:\/\/www.romaoggi.eu\/index.php\/2019\/11\/11\/in-guerra-con-il-cibo-by-dott-ssa-emanuela-scanu-coach-alimentare\/#primaryimage"},"thumbnailUrl":"https:\/\/www.romaoggi.eu\/wp-content\/uploads\/2019\/11\/foto-2-o-copertina.jpg","datePublished":"2019-11-11T09:32:28+00:00","dateModified":"2019-11-11T09:58:52+00:00","description":"In guerra con il cibo Mangio perch\u00e9 mi rende felice\u2026 ma dura poco\u2026poi mi vengono i sensi di colpa e ho bisogno di mangiare di nuovo. Quando sono a dieta","breadcrumb":{"@id":"https:\/\/www.romaoggi.eu\/index.php\/2019\/11\/11\/in-guerra-con-il-cibo-by-dott-ssa-emanuela-scanu-coach-alimentare\/#breadcrumb"},"inLanguage":"it-IT","potentialAction":[{"@type":"ReadAction","target":["https:\/\/www.romaoggi.eu\/index.php\/2019\/11\/11\/in-guerra-con-il-cibo-by-dott-ssa-emanuela-scanu-coach-alimentare\/"]}]},{"@type":"ImageObject","inLanguage":"it-IT","@id":"https:\/\/www.romaoggi.eu\/index.php\/2019\/11\/11\/in-guerra-con-il-cibo-by-dott-ssa-emanuela-scanu-coach-alimentare\/#primaryimage","url":"https:\/\/www.romaoggi.eu\/wp-content\/uploads\/2019\/11\/foto-2-o-copertina.jpg","contentUrl":"https:\/\/www.romaoggi.eu\/wp-content\/uploads\/2019\/11\/foto-2-o-copertina.jpg","width":1198,"height":868,"caption":"alt tag in guerra"},{"@type":"BreadcrumbList","@id":"https:\/\/www.romaoggi.eu\/index.php\/2019\/11\/11\/in-guerra-con-il-cibo-by-dott-ssa-emanuela-scanu-coach-alimentare\/#breadcrumb","itemListElement":[{"@type":"ListItem","position":1,"name":"Home","item":"https:\/\/www.romaoggi.eu\/"},{"@type":"ListItem","position":2,"name":"In guerra con il cibo &#8211; by Dott.ssa Emanuela Scanu &#8211; coach alimentare"}]},{"@type":"WebSite","@id":"https:\/\/www.romaoggi.eu\/#website","url":"https:\/\/www.romaoggi.eu\/","name":"roma oggi","description":"Interesting News for Interesting people","publisher":{"@id":"https:\/\/www.romaoggi.eu\/#organization"},"potentialAction":[{"@type":"SearchAction","target":{"@type":"EntryPoint","urlTemplate":"https:\/\/www.romaoggi.eu\/?s={search_term_string}"},"query-input":{"@type":"PropertyValueSpecification","valueRequired":true,"valueName":"search_term_string"}}],"inLanguage":"it-IT"},{"@type":"Organization","@id":"https:\/\/www.romaoggi.eu\/#organization","name":"RomaOggi","url":"https:\/\/www.romaoggi.eu\/","logo":{"@type":"ImageObject","inLanguage":"it-IT","@id":"https:\/\/www.romaoggi.eu\/#\/schema\/logo\/image\/","url":"https:\/\/www.romaoggi.eu\/wp-content\/uploads\/2017\/04\/logowp.jpg","contentUrl":"https:\/\/www.romaoggi.eu\/wp-content\/uploads\/2017\/04\/logowp.jpg","width":300,"height":133,"caption":"RomaOggi"},"image":{"@id":"https:\/\/www.romaoggi.eu\/#\/schema\/logo\/image\/"},"sameAs":["https:\/\/www.facebook.com\/RomaOggi-841544845954114","https:\/\/x.com\/romaoggi_eu"]},{"@type":"Person","@id":"https:\/\/www.romaoggi.eu\/#\/schema\/person\/9b23ceb6a2992a25e98c76a5f1fbb887","name":"admin","image":{"@type":"ImageObject","inLanguage":"it-IT","@id":"https:\/\/secure.gravatar.com\/avatar\/51b1e0a1f4159e3b5d89435fce5e1a348d6c59e2ff8c2d428dae75560aace504?s=96&d=mm&r=g","url":"https:\/\/secure.gravatar.com\/avatar\/51b1e0a1f4159e3b5d89435fce5e1a348d6c59e2ff8c2d428dae75560aace504?s=96&d=mm&r=g","contentUrl":"https:\/\/secure.gravatar.com\/avatar\/51b1e0a1f4159e3b5d89435fce5e1a348d6c59e2ff8c2d428dae75560aace504?s=96&d=mm&r=g","caption":"admin"},"url":"https:\/\/www.romaoggi.eu\/index.php\/author\/admin\/"}]}},"_links":{"self":[{"href":"https:\/\/www.romaoggi.eu\/index.php\/wp-json\/wp\/v2\/posts\/23294","targetHints":{"allow":["GET"]}}],"collection":[{"href":"https:\/\/www.romaoggi.eu\/index.php\/wp-json\/wp\/v2\/posts"}],"about":[{"href":"https:\/\/www.romaoggi.eu\/index.php\/wp-json\/wp\/v2\/types\/post"}],"author":[{"embeddable":true,"href":"https:\/\/www.romaoggi.eu\/index.php\/wp-json\/wp\/v2\/users\/1"}],"replies":[{"embeddable":true,"href":"https:\/\/www.romaoggi.eu\/index.php\/wp-json\/wp\/v2\/comments?post=23294"}],"version-history":[{"count":4,"href":"https:\/\/www.romaoggi.eu\/index.php\/wp-json\/wp\/v2\/posts\/23294\/revisions"}],"predecessor-version":[{"id":23301,"href":"https:\/\/www.romaoggi.eu\/index.php\/wp-json\/wp\/v2\/posts\/23294\/revisions\/23301"}],"wp:featuredmedia":[{"embeddable":true,"href":"https:\/\/www.romaoggi.eu\/index.php\/wp-json\/wp\/v2\/media\/23296"}],"wp:attachment":[{"href":"https:\/\/www.romaoggi.eu\/index.php\/wp-json\/wp\/v2\/media?parent=23294"}],"wp:term":[{"taxonomy":"category","embeddable":true,"href":"https:\/\/www.romaoggi.eu\/index.php\/wp-json\/wp\/v2\/categories?post=23294"},{"taxonomy":"post_tag","embeddable":true,"href":"https:\/\/www.romaoggi.eu\/index.php\/wp-json\/wp\/v2\/tags?post=23294"}],"curies":[{"name":"wp","href":"https:\/\/api.w.org\/{rel}","templated":true}]}}