{"id":234,"date":"2016-01-30T19:51:48","date_gmt":"2016-01-30T18:51:48","guid":{"rendered":"http:\/\/www.romaoggi.eu\/?p=234"},"modified":"2016-02-09T17:46:40","modified_gmt":"2016-02-09T16:46:40","slug":"234","status":"publish","type":"post","link":"https:\/\/www.romaoggi.eu\/index.php\/2016\/01\/30\/234\/","title":{"rendered":"&#8220;ContrariaMente&#8221; la moda estiva di Vittorio Camaiani"},"content":{"rendered":"<h2>Marina Ripa di Meana madrina d&#8217;eccezione di &#8220;ContrariaMente&#8221; la moda estiva di Vittorio Camaiani<\/h2>\n<p style=\"text-align: justify;\">E&#8217; una donna onirica quella che propone Vittorio Camaiani nella collezione <strong>\u201cContrariaMente\u201d<\/strong> P\/E 2016, andata in scena il 30 gennaio a Roma a Palazzo Cerere, nel quartiere San Lorenzo, sede \u00a0della Kermesse AltaRoma 2016. Lo stilista marchigiano con &#8220;ContrariaMente&#8221;\u00a0traendo ispirazione dall\u2019universo surrealista di Salvatore Dali, \u00a0propone una donna raffinata, fuori dagli schemi, che gioca con forme e volumi. In questa sua nuova visione della moda estiva, i pezzi classici del capo, come colletti e polsi vengono inseriti dove non siamo abituati a vederli, \u00a0per una donna anticonformista ma molto raffinata. Tessuti che non toccano la silhouette, volumi sospesi che donano al corpo una leggerezza singolare, con la collezione \u201cContrariaMente&#8221; Vittorio Camaiani ha rivolto la sua attenzione ad una dimensione interiore del femminile. Madrina d&#8217;eccezione di &#8220;ContrariaMente&#8221; Marina Ripa Di Meana, da sempre icona &#8220;del contrario&#8221; con la sua ironica lettura del femminile. Esempi della destrutturazione operata da Camaiani in &#8220;ContrariaMente&#8221;: \u00a0la classica camicia bianca \u201cperde\u201d il collo, che viene spostato sulle maniche; il pantalone di uno smoking viene costruito come se fosse la manica di una camicia; un abito che potrebbe indossare una sposa viene ricamato nel d\u00e9collet\u00e9 con colli e polsi rubati alle camicie, come fosse un macram\u00e8 impreziosito da cristalli e swarovski. Ricercatissimi \u00a0i tessuti usati: come chiffon, doppi di raso, organze, duchesse, lini, juta, seta, e i colori spaziano per la mattina dal blu ming, al giallo limone, al rosso fragola, al verde foglia legandosi al bianco, grigio e nero. Arrivando al cocktail troviamo righe su righe in un\u2019alternanza di chiffon, gazar e lino che si incontrano in un bianco e nero di grande suggestione; per la sera infine il bianco si sposa con la tonalit\u00e0 cognac. Complimenti a Vittorio Camaiani che con il suo sogno surrealista ci ha regalato una collezione fresca e \u00a0fuori dagli schemi.<\/p>\n<p style=\"text-align: justify;\">Articolo di Antonietta Di Vizia<\/p>\n<div id='gallery-1' class='gallery galleryid-234 gallery-columns-3 gallery-size-thumbnail'><figure class='gallery-item'>\n\t\t\t<div class='gallery-icon landscape'>\n\t\t\t\t<a href='https:\/\/www.romaoggi.eu\/index.php\/2016\/01\/30\/234\/20160130_152229\/'><img loading=\"lazy\" decoding=\"async\" width=\"150\" height=\"150\" src=\"https:\/\/www.romaoggi.eu\/wp-content\/uploads\/2016\/01\/20160130_152229-150x150.jpg\" class=\"attachment-thumbnail size-thumbnail\" alt=\"\" aria-describedby=\"gallery-1-241\" \/><\/a>\n\t\t\t<\/div>\n\t\t\t\t<figcaption class='wp-caption-text gallery-caption' id='gallery-1-241'>\n\t\t\t\tContrariaMente\n\t\t\t\t<\/figcaption><\/figure><figure class='gallery-item'>\n\t\t\t<div class='gallery-icon landscape'>\n\t\t\t\t<a href='https:\/\/www.romaoggi.eu\/index.php\/2016\/01\/30\/234\/20160130_152714-1\/'><img loading=\"lazy\" decoding=\"async\" width=\"150\" height=\"150\" src=\"https:\/\/www.romaoggi.eu\/wp-content\/uploads\/2016\/01\/20160130_152714-1-150x150.jpg\" class=\"attachment-thumbnail size-thumbnail\" alt=\"\" aria-describedby=\"gallery-1-239\" \/><\/a>\n\t\t\t<\/div>\n\t\t\t\t<figcaption class='wp-caption-text gallery-caption' id='gallery-1-239'>\n\t\t\t\tContrariaMente\n\t\t\t\t<\/figcaption><\/figure><figure class='gallery-item'>\n\t\t\t<div class='gallery-icon landscape'>\n\t\t\t\t<a href='https:\/\/www.romaoggi.eu\/index.php\/2016\/01\/30\/234\/20160130_152647\/'><img loading=\"lazy\" decoding=\"async\" width=\"150\" height=\"150\" src=\"https:\/\/www.romaoggi.eu\/wp-content\/uploads\/2016\/01\/20160130_152647-150x150.jpg\" class=\"attachment-thumbnail size-thumbnail\" alt=\"\" aria-describedby=\"gallery-1-240\" \/><\/a>\n\t\t\t<\/div>\n\t\t\t\t<figcaption class='wp-caption-text gallery-caption' id='gallery-1-240'>\n\t\t\t\tContrariaMente\n\t\t\t\t<\/figcaption><\/figure>\n\t\t<\/div>\n\n","protected":false},"excerpt":{"rendered":"<div class=\"mh-excerpt\"><p>Marina Ripa di Meana madrina d&#8217;eccezione di &#8220;ContrariaMente&#8221; la moda estiva di Vittorio Camaiani E&#8217; una donna onirica quella che propone Vittorio Camaiani nella collezione \u201cContrariaMente\u201d P\/E 2016, andata in scena il 30 gennaio a <a class=\"mh-excerpt-more\" href=\"https:\/\/www.romaoggi.eu\/index.php\/2016\/01\/30\/234\/\" title=\"&#8220;ContrariaMente&#8221; la moda estiva di Vittorio Camaiani\">[&#8230;]<\/a><\/p>\n<\/div>","protected":false},"author":3,"featured_media":235,"comment_status":"open","ping_status":"open","sticky":false,"template":"","format":"standard","meta":{"_sitemap_exclude":false,"_sitemap_priority":"","_sitemap_frequency":"","footnotes":""},"categories":[3],"tags":[200,210,213,211,212,209],"class_list":["post-234","post","type-post","status-publish","format-standard","has-post-thumbnail","hentry","category-eventi","tag-altaroma","tag-contrariamente","tag-marina-ripa-di-meana","tag-palazzo-cerere","tag-salvatore-dali","tag-vittorio-camaiani"],"yoast_head":"<!-- This site is optimized with the Yoast SEO plugin v27.5 - https:\/\/yoast.com\/product\/yoast-seo-wordpress\/ -->\n<title>&quot;ContrariaMente&quot; la moda estiva di Vittorio Camaiani<\/title>\n<meta name=\"description\" content=\"Marina Ripa di Meana madrina d&#039;eccezione di &quot;ContrariaMente&quot; la moda estiva di Vittorio Camaiani E&#039; una donna onirica quella che propone Vittorio Camaiani\" \/>\n<meta name=\"robots\" content=\"index, follow, max-snippet:-1, max-image-preview:large, max-video-preview:-1\" \/>\n<link rel=\"canonical\" href=\"https:\/\/www.romaoggi.eu\/index.php\/2016\/01\/30\/234\/\" \/>\n<meta property=\"og:locale\" content=\"it_IT\" \/>\n<meta property=\"og:type\" content=\"article\" \/>\n<meta property=\"og:title\" content=\"&quot;ContrariaMente&quot; la moda estiva di Vittorio Camaiani\" \/>\n<meta property=\"og:description\" content=\"Marina Ripa di Meana madrina d&#039;eccezione di &quot;ContrariaMente&quot; la moda estiva di Vittorio Camaiani E&#039; una donna onirica quella che propone Vittorio Camaiani\" \/>\n<meta property=\"og:url\" content=\"https:\/\/www.romaoggi.eu\/index.php\/2016\/01\/30\/234\/\" \/>\n<meta property=\"og:site_name\" content=\"roma oggi\" \/>\n<meta property=\"article:publisher\" content=\"https:\/\/www.facebook.com\/RomaOggi-841544845954114\" \/>\n<meta property=\"article:published_time\" content=\"2016-01-30T18:51:48+00:00\" \/>\n<meta property=\"article:modified_time\" content=\"2016-02-09T16:46:40+00:00\" \/>\n<meta property=\"og:image\" content=\"https:\/\/www.romaoggi.eu\/wp-content\/uploads\/2016\/01\/camaiani-3.jpg\" \/>\n\t<meta property=\"og:image:width\" content=\"695\" \/>\n\t<meta property=\"og:image:height\" content=\"482\" \/>\n\t<meta property=\"og:image:type\" content=\"image\/jpeg\" \/>\n<meta name=\"author\" content=\"Antonietta Di Vizia\" \/>\n<meta name=\"twitter:card\" content=\"summary_large_image\" \/>\n<meta name=\"twitter:creator\" content=\"@romaoggi_eu\" \/>\n<meta name=\"twitter:site\" content=\"@romaoggi_eu\" \/>\n<meta name=\"twitter:label1\" content=\"Scritto da\" \/>\n\t<meta name=\"twitter:data1\" content=\"Antonietta Di Vizia\" \/>\n\t<meta name=\"twitter:label2\" content=\"Tempo di lettura stimato\" \/>\n\t<meta name=\"twitter:data2\" content=\"2 minuti\" \/>\n<script type=\"application\/ld+json\" class=\"yoast-schema-graph\">{\"@context\":\"https:\\\/\\\/schema.org\",\"@graph\":[{\"@type\":\"Article\",\"@id\":\"https:\\\/\\\/www.romaoggi.eu\\\/index.php\\\/2016\\\/01\\\/30\\\/234\\\/#article\",\"isPartOf\":{\"@id\":\"https:\\\/\\\/www.romaoggi.eu\\\/index.php\\\/2016\\\/01\\\/30\\\/234\\\/\"},\"author\":{\"name\":\"Antonietta Di Vizia\",\"@id\":\"https:\\\/\\\/www.romaoggi.eu\\\/#\\\/schema\\\/person\\\/c8ca1fb64b5506391fff5f822a866c23\"},\"headline\":\"&#8220;ContrariaMente&#8221; la moda estiva di Vittorio Camaiani\",\"datePublished\":\"2016-01-30T18:51:48+00:00\",\"dateModified\":\"2016-02-09T16:46:40+00:00\",\"mainEntityOfPage\":{\"@id\":\"https:\\\/\\\/www.romaoggi.eu\\\/index.php\\\/2016\\\/01\\\/30\\\/234\\\/\"},\"wordCount\":332,\"commentCount\":0,\"publisher\":{\"@id\":\"https:\\\/\\\/www.romaoggi.eu\\\/#organization\"},\"image\":{\"@id\":\"https:\\\/\\\/www.romaoggi.eu\\\/index.php\\\/2016\\\/01\\\/30\\\/234\\\/#primaryimage\"},\"thumbnailUrl\":\"https:\\\/\\\/www.romaoggi.eu\\\/wp-content\\\/uploads\\\/2016\\\/01\\\/camaiani-3.jpg\",\"keywords\":[\"altaroma\",\"contrariamente\",\"marina ripa di meana\",\"palazzo cerere\",\"salvatore dal\u00ec\",\"vittorio camaiani\"],\"articleSection\":[\"Eventi\"],\"inLanguage\":\"it-IT\",\"potentialAction\":[{\"@type\":\"CommentAction\",\"name\":\"Comment\",\"target\":[\"https:\\\/\\\/www.romaoggi.eu\\\/index.php\\\/2016\\\/01\\\/30\\\/234\\\/#respond\"]}]},{\"@type\":\"WebPage\",\"@id\":\"https:\\\/\\\/www.romaoggi.eu\\\/index.php\\\/2016\\\/01\\\/30\\\/234\\\/\",\"url\":\"https:\\\/\\\/www.romaoggi.eu\\\/index.php\\\/2016\\\/01\\\/30\\\/234\\\/\",\"name\":\"\\\"ContrariaMente\\\" la moda estiva di Vittorio Camaiani\",\"isPartOf\":{\"@id\":\"https:\\\/\\\/www.romaoggi.eu\\\/#website\"},\"primaryImageOfPage\":{\"@id\":\"https:\\\/\\\/www.romaoggi.eu\\\/index.php\\\/2016\\\/01\\\/30\\\/234\\\/#primaryimage\"},\"image\":{\"@id\":\"https:\\\/\\\/www.romaoggi.eu\\\/index.php\\\/2016\\\/01\\\/30\\\/234\\\/#primaryimage\"},\"thumbnailUrl\":\"https:\\\/\\\/www.romaoggi.eu\\\/wp-content\\\/uploads\\\/2016\\\/01\\\/camaiani-3.jpg\",\"datePublished\":\"2016-01-30T18:51:48+00:00\",\"dateModified\":\"2016-02-09T16:46:40+00:00\",\"description\":\"Marina Ripa di Meana madrina d'eccezione di \\\"ContrariaMente\\\" la moda estiva di Vittorio Camaiani E' una donna onirica quella che propone Vittorio Camaiani\",\"breadcrumb\":{\"@id\":\"https:\\\/\\\/www.romaoggi.eu\\\/index.php\\\/2016\\\/01\\\/30\\\/234\\\/#breadcrumb\"},\"inLanguage\":\"it-IT\",\"potentialAction\":[{\"@type\":\"ReadAction\",\"target\":[\"https:\\\/\\\/www.romaoggi.eu\\\/index.php\\\/2016\\\/01\\\/30\\\/234\\\/\"]}]},{\"@type\":\"ImageObject\",\"inLanguage\":\"it-IT\",\"@id\":\"https:\\\/\\\/www.romaoggi.eu\\\/index.php\\\/2016\\\/01\\\/30\\\/234\\\/#primaryimage\",\"url\":\"https:\\\/\\\/www.romaoggi.eu\\\/wp-content\\\/uploads\\\/2016\\\/01\\\/camaiani-3.jpg\",\"contentUrl\":\"https:\\\/\\\/www.romaoggi.eu\\\/wp-content\\\/uploads\\\/2016\\\/01\\\/camaiani-3.jpg\",\"width\":695,\"height\":482},{\"@type\":\"BreadcrumbList\",\"@id\":\"https:\\\/\\\/www.romaoggi.eu\\\/index.php\\\/2016\\\/01\\\/30\\\/234\\\/#breadcrumb\",\"itemListElement\":[{\"@type\":\"ListItem\",\"position\":1,\"name\":\"Home\",\"item\":\"https:\\\/\\\/www.romaoggi.eu\\\/\"},{\"@type\":\"ListItem\",\"position\":2,\"name\":\"&#8220;ContrariaMente&#8221; la moda estiva di Vittorio Camaiani\"}]},{\"@type\":\"WebSite\",\"@id\":\"https:\\\/\\\/www.romaoggi.eu\\\/#website\",\"url\":\"https:\\\/\\\/www.romaoggi.eu\\\/\",\"name\":\"roma oggi\",\"description\":\"Interesting News for Interesting people\",\"publisher\":{\"@id\":\"https:\\\/\\\/www.romaoggi.eu\\\/#organization\"},\"potentialAction\":[{\"@type\":\"SearchAction\",\"target\":{\"@type\":\"EntryPoint\",\"urlTemplate\":\"https:\\\/\\\/www.romaoggi.eu\\\/?s={search_term_string}\"},\"query-input\":{\"@type\":\"PropertyValueSpecification\",\"valueRequired\":true,\"valueName\":\"search_term_string\"}}],\"inLanguage\":\"it-IT\"},{\"@type\":\"Organization\",\"@id\":\"https:\\\/\\\/www.romaoggi.eu\\\/#organization\",\"name\":\"RomaOggi\",\"url\":\"https:\\\/\\\/www.romaoggi.eu\\\/\",\"logo\":{\"@type\":\"ImageObject\",\"inLanguage\":\"it-IT\",\"@id\":\"https:\\\/\\\/www.romaoggi.eu\\\/#\\\/schema\\\/logo\\\/image\\\/\",\"url\":\"https:\\\/\\\/www.romaoggi.eu\\\/wp-content\\\/uploads\\\/2017\\\/04\\\/logowp.jpg\",\"contentUrl\":\"https:\\\/\\\/www.romaoggi.eu\\\/wp-content\\\/uploads\\\/2017\\\/04\\\/logowp.jpg\",\"width\":300,\"height\":133,\"caption\":\"RomaOggi\"},\"image\":{\"@id\":\"https:\\\/\\\/www.romaoggi.eu\\\/#\\\/schema\\\/logo\\\/image\\\/\"},\"sameAs\":[\"https:\\\/\\\/www.facebook.com\\\/RomaOggi-841544845954114\",\"https:\\\/\\\/x.com\\\/romaoggi_eu\"]},{\"@type\":\"Person\",\"@id\":\"https:\\\/\\\/www.romaoggi.eu\\\/#\\\/schema\\\/person\\\/c8ca1fb64b5506391fff5f822a866c23\",\"name\":\"Antonietta Di Vizia\",\"image\":{\"@type\":\"ImageObject\",\"inLanguage\":\"it-IT\",\"@id\":\"https:\\\/\\\/secure.gravatar.com\\\/avatar\\\/2ad571aa3fbfe3089b06ed5617adf58717b9359c0c97cf9b52804fb2dac293f2?s=96&d=mm&r=g\",\"url\":\"https:\\\/\\\/secure.gravatar.com\\\/avatar\\\/2ad571aa3fbfe3089b06ed5617adf58717b9359c0c97cf9b52804fb2dac293f2?s=96&d=mm&r=g\",\"contentUrl\":\"https:\\\/\\\/secure.gravatar.com\\\/avatar\\\/2ad571aa3fbfe3089b06ed5617adf58717b9359c0c97cf9b52804fb2dac293f2?s=96&d=mm&r=g\",\"caption\":\"Antonietta Di Vizia\"},\"url\":\"https:\\\/\\\/www.romaoggi.eu\\\/index.php\\\/author\\\/antonietta\\\/\"}]}<\/script>\n<!-- \/ Yoast SEO plugin. -->","yoast_head_json":{"title":"\"ContrariaMente\" la moda estiva di Vittorio Camaiani","description":"Marina Ripa di Meana madrina d'eccezione di \"ContrariaMente\" la moda estiva di Vittorio Camaiani E' una donna onirica quella che propone Vittorio Camaiani","robots":{"index":"index","follow":"follow","max-snippet":"max-snippet:-1","max-image-preview":"max-image-preview:large","max-video-preview":"max-video-preview:-1"},"canonical":"https:\/\/www.romaoggi.eu\/index.php\/2016\/01\/30\/234\/","og_locale":"it_IT","og_type":"article","og_title":"\"ContrariaMente\" la moda estiva di Vittorio Camaiani","og_description":"Marina Ripa di Meana madrina d'eccezione di \"ContrariaMente\" la moda estiva di Vittorio Camaiani E' una donna onirica quella che propone Vittorio Camaiani","og_url":"https:\/\/www.romaoggi.eu\/index.php\/2016\/01\/30\/234\/","og_site_name":"roma oggi","article_publisher":"https:\/\/www.facebook.com\/RomaOggi-841544845954114","article_published_time":"2016-01-30T18:51:48+00:00","article_modified_time":"2016-02-09T16:46:40+00:00","og_image":[{"width":695,"height":482,"url":"https:\/\/www.romaoggi.eu\/wp-content\/uploads\/2016\/01\/camaiani-3.jpg","type":"image\/jpeg"}],"author":"Antonietta Di Vizia","twitter_card":"summary_large_image","twitter_creator":"@romaoggi_eu","twitter_site":"@romaoggi_eu","twitter_misc":{"Scritto da":"Antonietta Di Vizia","Tempo di lettura stimato":"2 minuti"},"schema":{"@context":"https:\/\/schema.org","@graph":[{"@type":"Article","@id":"https:\/\/www.romaoggi.eu\/index.php\/2016\/01\/30\/234\/#article","isPartOf":{"@id":"https:\/\/www.romaoggi.eu\/index.php\/2016\/01\/30\/234\/"},"author":{"name":"Antonietta Di Vizia","@id":"https:\/\/www.romaoggi.eu\/#\/schema\/person\/c8ca1fb64b5506391fff5f822a866c23"},"headline":"&#8220;ContrariaMente&#8221; la moda estiva di Vittorio Camaiani","datePublished":"2016-01-30T18:51:48+00:00","dateModified":"2016-02-09T16:46:40+00:00","mainEntityOfPage":{"@id":"https:\/\/www.romaoggi.eu\/index.php\/2016\/01\/30\/234\/"},"wordCount":332,"commentCount":0,"publisher":{"@id":"https:\/\/www.romaoggi.eu\/#organization"},"image":{"@id":"https:\/\/www.romaoggi.eu\/index.php\/2016\/01\/30\/234\/#primaryimage"},"thumbnailUrl":"https:\/\/www.romaoggi.eu\/wp-content\/uploads\/2016\/01\/camaiani-3.jpg","keywords":["altaroma","contrariamente","marina ripa di meana","palazzo cerere","salvatore dal\u00ec","vittorio camaiani"],"articleSection":["Eventi"],"inLanguage":"it-IT","potentialAction":[{"@type":"CommentAction","name":"Comment","target":["https:\/\/www.romaoggi.eu\/index.php\/2016\/01\/30\/234\/#respond"]}]},{"@type":"WebPage","@id":"https:\/\/www.romaoggi.eu\/index.php\/2016\/01\/30\/234\/","url":"https:\/\/www.romaoggi.eu\/index.php\/2016\/01\/30\/234\/","name":"\"ContrariaMente\" la moda estiva di Vittorio Camaiani","isPartOf":{"@id":"https:\/\/www.romaoggi.eu\/#website"},"primaryImageOfPage":{"@id":"https:\/\/www.romaoggi.eu\/index.php\/2016\/01\/30\/234\/#primaryimage"},"image":{"@id":"https:\/\/www.romaoggi.eu\/index.php\/2016\/01\/30\/234\/#primaryimage"},"thumbnailUrl":"https:\/\/www.romaoggi.eu\/wp-content\/uploads\/2016\/01\/camaiani-3.jpg","datePublished":"2016-01-30T18:51:48+00:00","dateModified":"2016-02-09T16:46:40+00:00","description":"Marina Ripa di Meana madrina d'eccezione di \"ContrariaMente\" la moda estiva di Vittorio Camaiani E' una donna onirica quella che propone Vittorio Camaiani","breadcrumb":{"@id":"https:\/\/www.romaoggi.eu\/index.php\/2016\/01\/30\/234\/#breadcrumb"},"inLanguage":"it-IT","potentialAction":[{"@type":"ReadAction","target":["https:\/\/www.romaoggi.eu\/index.php\/2016\/01\/30\/234\/"]}]},{"@type":"ImageObject","inLanguage":"it-IT","@id":"https:\/\/www.romaoggi.eu\/index.php\/2016\/01\/30\/234\/#primaryimage","url":"https:\/\/www.romaoggi.eu\/wp-content\/uploads\/2016\/01\/camaiani-3.jpg","contentUrl":"https:\/\/www.romaoggi.eu\/wp-content\/uploads\/2016\/01\/camaiani-3.jpg","width":695,"height":482},{"@type":"BreadcrumbList","@id":"https:\/\/www.romaoggi.eu\/index.php\/2016\/01\/30\/234\/#breadcrumb","itemListElement":[{"@type":"ListItem","position":1,"name":"Home","item":"https:\/\/www.romaoggi.eu\/"},{"@type":"ListItem","position":2,"name":"&#8220;ContrariaMente&#8221; la moda estiva di Vittorio Camaiani"}]},{"@type":"WebSite","@id":"https:\/\/www.romaoggi.eu\/#website","url":"https:\/\/www.romaoggi.eu\/","name":"roma oggi","description":"Interesting News for Interesting people","publisher":{"@id":"https:\/\/www.romaoggi.eu\/#organization"},"potentialAction":[{"@type":"SearchAction","target":{"@type":"EntryPoint","urlTemplate":"https:\/\/www.romaoggi.eu\/?s={search_term_string}"},"query-input":{"@type":"PropertyValueSpecification","valueRequired":true,"valueName":"search_term_string"}}],"inLanguage":"it-IT"},{"@type":"Organization","@id":"https:\/\/www.romaoggi.eu\/#organization","name":"RomaOggi","url":"https:\/\/www.romaoggi.eu\/","logo":{"@type":"ImageObject","inLanguage":"it-IT","@id":"https:\/\/www.romaoggi.eu\/#\/schema\/logo\/image\/","url":"https:\/\/www.romaoggi.eu\/wp-content\/uploads\/2017\/04\/logowp.jpg","contentUrl":"https:\/\/www.romaoggi.eu\/wp-content\/uploads\/2017\/04\/logowp.jpg","width":300,"height":133,"caption":"RomaOggi"},"image":{"@id":"https:\/\/www.romaoggi.eu\/#\/schema\/logo\/image\/"},"sameAs":["https:\/\/www.facebook.com\/RomaOggi-841544845954114","https:\/\/x.com\/romaoggi_eu"]},{"@type":"Person","@id":"https:\/\/www.romaoggi.eu\/#\/schema\/person\/c8ca1fb64b5506391fff5f822a866c23","name":"Antonietta Di Vizia","image":{"@type":"ImageObject","inLanguage":"it-IT","@id":"https:\/\/secure.gravatar.com\/avatar\/2ad571aa3fbfe3089b06ed5617adf58717b9359c0c97cf9b52804fb2dac293f2?s=96&d=mm&r=g","url":"https:\/\/secure.gravatar.com\/avatar\/2ad571aa3fbfe3089b06ed5617adf58717b9359c0c97cf9b52804fb2dac293f2?s=96&d=mm&r=g","contentUrl":"https:\/\/secure.gravatar.com\/avatar\/2ad571aa3fbfe3089b06ed5617adf58717b9359c0c97cf9b52804fb2dac293f2?s=96&d=mm&r=g","caption":"Antonietta Di Vizia"},"url":"https:\/\/www.romaoggi.eu\/index.php\/author\/antonietta\/"}]}},"_links":{"self":[{"href":"https:\/\/www.romaoggi.eu\/index.php\/wp-json\/wp\/v2\/posts\/234","targetHints":{"allow":["GET"]}}],"collection":[{"href":"https:\/\/www.romaoggi.eu\/index.php\/wp-json\/wp\/v2\/posts"}],"about":[{"href":"https:\/\/www.romaoggi.eu\/index.php\/wp-json\/wp\/v2\/types\/post"}],"author":[{"embeddable":true,"href":"https:\/\/www.romaoggi.eu\/index.php\/wp-json\/wp\/v2\/users\/3"}],"replies":[{"embeddable":true,"href":"https:\/\/www.romaoggi.eu\/index.php\/wp-json\/wp\/v2\/comments?post=234"}],"version-history":[{"count":3,"href":"https:\/\/www.romaoggi.eu\/index.php\/wp-json\/wp\/v2\/posts\/234\/revisions"}],"predecessor-version":[{"id":408,"href":"https:\/\/www.romaoggi.eu\/index.php\/wp-json\/wp\/v2\/posts\/234\/revisions\/408"}],"wp:featuredmedia":[{"embeddable":true,"href":"https:\/\/www.romaoggi.eu\/index.php\/wp-json\/wp\/v2\/media\/235"}],"wp:attachment":[{"href":"https:\/\/www.romaoggi.eu\/index.php\/wp-json\/wp\/v2\/media?parent=234"}],"wp:term":[{"taxonomy":"category","embeddable":true,"href":"https:\/\/www.romaoggi.eu\/index.php\/wp-json\/wp\/v2\/categories?post=234"},{"taxonomy":"post_tag","embeddable":true,"href":"https:\/\/www.romaoggi.eu\/index.php\/wp-json\/wp\/v2\/tags?post=234"}],"curies":[{"name":"wp","href":"https:\/\/api.w.org\/{rel}","templated":true}]}}